{"id":162100,"date":"2025-09-30T17:30:27","date_gmt":"2025-09-30T14:30:27","guid":{"rendered":"https:\/\/bas-tv.md\/?p=162100"},"modified":"2025-09-30T15:23:40","modified_gmt":"2025-09-30T12:23:40","slug":"diagrama-rezultatele-alegerilor-parlamentare-in-raionul-basarabeasca-cum-s-a-votat-in-fiecare-localitate-2","status":"publish","type":"post","link":"https:\/\/bas-tv.md\/ro\/diagrama-rezultatele-alegerilor-parlamentare-in-raionul-basarabeasca-cum-s-a-votat-in-fiecare-localitate-2\/","title":{"rendered":"(DIAGRAM\u0102) Rezultatele alegerilor parlamentare \u00een raionul Basarabeasca: cum s-a votat \u00een fiecare localitate"},"content":{"rendered":"<p data-start=\"0\" data-end=\"250\"><strong>Pe data de 28 septembrie, locuitorii raionului Basarabeasca, al\u0103turi de \u00eentreaga \u021bar\u0103, au mers la urne pentru a alege noua componen\u021b\u0103 a Parlamentului. Rezultatele din cele \u0219apte localit\u0103\u021bi ale raionului arat\u0103 diferen\u021be semnificative \u00eentre preferin\u021bele aleg\u0103torilor din ora\u0219 \u0219i a celora din sate.<\/strong><\/p>\n<h5 data-start=\"252\" data-end=\"276\">Rezultatele generale ale alegerilor parlamentare \u00een raionul Basarabeasca:<\/h5>\n<ul data-start=\"278\" data-end=\"406\">\n<li data-start=\"278\" data-end=\"289\">\n<p data-start=\"280\" data-end=\"289\"><strong>PAS<\/strong> &#8211; 36%;<\/p>\n<\/li>\n<li data-start=\"290\" data-end=\"314\">\n<p data-start=\"292\" data-end=\"314\"><strong>Blocul Patriotic<\/strong> &#8211; 42%;<\/p>\n<\/li>\n<li data-start=\"315\" data-end=\"341\">\n<p data-start=\"317\" data-end=\"341\"><strong>Democra\u021bia Acas\u0103<\/strong> &#8211; 7%;<\/p>\n<\/li>\n<li data-start=\"342\" data-end=\"360\">\n<p data-start=\"344\" data-end=\"360\"><strong>Alternativa<\/strong> &#8211; 7%;<\/p>\n<\/li>\n<li data-start=\"361\" data-end=\"383\">\n<p data-start=\"363\" data-end=\"383\"><strong>Partidul Nostru<\/strong> &#8211; 4%;<\/p>\n<\/li>\n<li data-start=\"384\" data-end=\"406\">\n<p data-start=\"386\" data-end=\"406\"><strong>Alte forma\u021biuni<\/strong> &#8211; 4%.<\/p>\n<\/li>\n<\/ul>\n<p data-start=\"408\" data-end=\"631\">Per ansamblu, la nivel de raion, cea mai mare sus\u021binere i-a revenit Blocului Patriotic, care a devansat partidul de guvern\u0103m\u00e2nt, PAS. Totu\u0219i, la nivelul fiec\u0103rei localit\u0103\u021bi \u00een parte, op\u021biunile de vot sunt mult mai variate.<\/p>\n<p data-start=\"648\" data-end=\"819\"><img fetchpriority=\"high\" decoding=\"async\" class=\"aligncenter size-full wp-image-162007\" src=\"https:\/\/bas-tv.md\/wp-content\/uploads\/2025\/09\/obshhij-rezultat-po-rajonu-kopiya.png\" alt=\"\" width=\"940\" height=\"788\" srcset=\"https:\/\/bas-tv.md\/wp-content\/uploads\/2025\/09\/obshhij-rezultat-po-rajonu-kopiya.png 940w, https:\/\/bas-tv.md\/wp-content\/uploads\/2025\/09\/obshhij-rezultat-po-rajonu-kopiya-300x251.png 300w, https:\/\/bas-tv.md\/wp-content\/uploads\/2025\/09\/obshhij-rezultat-po-rajonu-kopiya-768x644.png 768w\" sizes=\"(max-width: 940px) 100vw, 940px\" \/><\/p>\n<h5 data-start=\"0\" data-end=\"23\"><strong data-start=\"0\" data-end=\"23\">Ora\u0219ul Basarabeasca<\/strong><\/h5>\n<ul>\n<li data-start=\"25\" data-end=\"124\"><strong>Blocul Patriotic<\/strong> &#8211; 70%;<\/li>\n<li data-start=\"25\" data-end=\"124\"><strong>PAS<\/strong> &#8211; 11%;<\/li>\n<li data-start=\"25\" data-end=\"124\"><strong>Alternativa<\/strong> &#8211; 9%;<\/li>\n<li data-start=\"25\" data-end=\"124\"><strong>Partidul Nostru<\/strong> &#8211; 5%;<\/li>\n<li data-start=\"25\" data-end=\"124\"><strong>Al\u021bi concuren\u021bi electorali<\/strong> &#8211; 5%.<\/li>\n<\/ul>\n<p data-start=\"126\" data-end=\"357\">Ora\u0219ul Basarabeasca a devenit principalul sus\u021bin\u0103tor al Blocului Patriotic: aici, scorul forma\u021biunii este de aproape trei ori mai mare dec\u00e2t media pe raion. Pentru PAS, dimpotriv\u0103, rezultatele au fost cele mai sc\u0103zute.<\/p>\n<p data-start=\"979\" data-end=\"1168\"><img decoding=\"async\" class=\"aligncenter size-full wp-image-162009 lazyload\" data-src=\"https:\/\/bas-tv.md\/wp-content\/uploads\/2025\/09\/obshhij-rezultat-po-rajonu-kopiya-1.png\" alt=\"\" width=\"940\" height=\"788\" data-srcset=\"https:\/\/bas-tv.md\/wp-content\/uploads\/2025\/09\/obshhij-rezultat-po-rajonu-kopiya-1.png 940w, https:\/\/bas-tv.md\/wp-content\/uploads\/2025\/09\/obshhij-rezultat-po-rajonu-kopiya-1-300x251.png 300w, https:\/\/bas-tv.md\/wp-content\/uploads\/2025\/09\/obshhij-rezultat-po-rajonu-kopiya-1-768x644.png 768w\" data-sizes=\"(max-width: 940px) 100vw, 940px\" src=\"data:image\/svg+xml;base64,PHN2ZyB3aWR0aD0iMSIgaGVpZ2h0PSIxIiB4bWxucz0iaHR0cDovL3d3dy53My5vcmcvMjAwMC9zdmciPjwvc3ZnPg==\" style=\"--smush-placeholder-width: 940px; --smush-placeholder-aspect-ratio: 940\/788;\" \/><\/p>\n<h5 data-start=\"0\" data-end=\"17\"><strong data-start=\"0\" data-end=\"17\">Satul Abaclia<\/strong><\/h5>\n<ul>\n<li data-start=\"19\" data-end=\"143\"><strong>PAS<\/strong> &#8211; 58%;<\/li>\n<li data-start=\"19\" data-end=\"143\"><strong>Blocul Patriotic<\/strong> &#8211; 15%;<\/li>\n<li data-start=\"19\" data-end=\"143\"><strong>Democra\u021bia Acas\u0103<\/strong> &#8211; 10%;<\/li>\n<li data-start=\"19\" data-end=\"143\"><strong>Alternativa<\/strong> &#8211; 5%;<\/li>\n<li data-start=\"19\" data-end=\"143\"><strong>Partidul Nostru<\/strong> &#8211; 4%;<\/li>\n<li data-start=\"19\" data-end=\"143\"><strong>Al\u021bi concuren\u021bi electorali<\/strong> &#8211; 8%.<\/li>\n<\/ul>\n<p data-start=\"145\" data-end=\"291\">PAS a c\u00e2\u0219tigat deta\u0219at \u00een satul Abaclia, localitatea oferind cel mai consistent sprijin electoral pentru partidul de guvern\u0103m\u00e2nt.<\/p>\n<p data-start=\"145\" data-end=\"291\"><img decoding=\"async\" class=\"aligncenter size-full wp-image-162011 lazyload\" data-src=\"https:\/\/bas-tv.md\/wp-content\/uploads\/2025\/09\/obshhij-rezultat-po-rajonu-kopiya-2.png\" alt=\"\" width=\"940\" height=\"788\" data-srcset=\"https:\/\/bas-tv.md\/wp-content\/uploads\/2025\/09\/obshhij-rezultat-po-rajonu-kopiya-2.png 940w, https:\/\/bas-tv.md\/wp-content\/uploads\/2025\/09\/obshhij-rezultat-po-rajonu-kopiya-2-300x251.png 300w, https:\/\/bas-tv.md\/wp-content\/uploads\/2025\/09\/obshhij-rezultat-po-rajonu-kopiya-2-768x644.png 768w\" data-sizes=\"(max-width: 940px) 100vw, 940px\" src=\"data:image\/svg+xml;base64,PHN2ZyB3aWR0aD0iMSIgaGVpZ2h0PSIxIiB4bWxucz0iaHR0cDovL3d3dy53My5vcmcvMjAwMC9zdmciPjwvc3ZnPg==\" style=\"--smush-placeholder-width: 940px; --smush-placeholder-aspect-ratio: 940\/788;\" \/><\/p>\n<h5 data-start=\"1485\" data-end=\"1506\">Satul Carabetovca<\/h5>\n<ul>\n<li data-start=\"19\" data-end=\"143\"><strong>PAS<\/strong> &#8211; 72%;<\/li>\n<li data-start=\"19\" data-end=\"143\"><strong>Democra\u021bia Acas\u0103<\/strong> &#8211; 12%;<\/li>\n<li><strong>Blocul Patriotic<\/strong> &#8211; 9%;<\/li>\n<li data-start=\"19\" data-end=\"143\"><strong>Al\u021bi concuren\u021bi electorali<\/strong> &#8211; 7%.<\/li>\n<\/ul>\n<article class=\"text-token-text-primary w-full focus:outline-none scroll-mt-[calc(var(--header-height)+min(200px,max(70px,20svh)))]\" dir=\"auto\" tabindex=\"-1\" data-turn-id=\"71500c79-c301-440f-ba14-740ae67de867\" data-testid=\"conversation-turn-438\" data-scroll-anchor=\"true\" data-turn=\"assistant\">\n<div class=\"text-base my-auto mx-auto pb-10 [--thread-content-margin:--spacing(4)] thread-sm:[--thread-content-margin:--spacing(6)] thread-lg:[--thread-content-margin:--spacing(16)] px-(--thread-content-margin)\">\n<div class=\"[--thread-content-max-width:40rem] thread-lg:[--thread-content-max-width:48rem] mx-auto max-w-(--thread-content-max-width) flex-1 group\/turn-messages focus-visible:outline-hidden relative flex w-full min-w-0 flex-col agent-turn\" tabindex=\"-1\">\n<div class=\"flex max-w-full flex-col grow\">\n<div class=\"min-h-8 text-message relative flex w-full flex-col items-end gap-2 text-start break-words whitespace-normal [.text-message+&amp;]:mt-5\" dir=\"auto\" data-message-author-role=\"assistant\" data-message-id=\"f160d6c8-beda-4271-8370-29e7a193b0a9\" data-message-model-slug=\"gpt-5-thinking\">\n<div class=\"flex w-full flex-col gap-1 empty:hidden first:pt-[3px]\">\n<div class=\"markdown prose dark:prose-invert w-full break-words dark markdown-new-styling\">\n<p data-start=\"0\" data-end=\"154\">\u00cen satul Carabetovca, PAS a ob\u021binut peste 70% din voturile aleg\u0103torilor. Aici, partidul de guvern\u0103m\u00e2nt a \u00eenregistrat cel mai mare scor la nivel raional.<\/p>\n<p data-start=\"0\" data-end=\"154\"><img decoding=\"async\" class=\"aligncenter size-full wp-image-162013 lazyload\" data-src=\"https:\/\/bas-tv.md\/wp-content\/uploads\/2025\/09\/obshhij-rezultat-po-rajonu-kopiya-3.png\" alt=\"\" width=\"940\" height=\"788\" data-srcset=\"https:\/\/bas-tv.md\/wp-content\/uploads\/2025\/09\/obshhij-rezultat-po-rajonu-kopiya-3.png 940w, https:\/\/bas-tv.md\/wp-content\/uploads\/2025\/09\/obshhij-rezultat-po-rajonu-kopiya-3-300x251.png 300w, https:\/\/bas-tv.md\/wp-content\/uploads\/2025\/09\/obshhij-rezultat-po-rajonu-kopiya-3-768x644.png 768w\" data-sizes=\"(max-width: 940px) 100vw, 940px\" src=\"data:image\/svg+xml;base64,PHN2ZyB3aWR0aD0iMSIgaGVpZ2h0PSIxIiB4bWxucz0iaHR0cDovL3d3dy53My5vcmcvMjAwMC9zdmciPjwvc3ZnPg==\" style=\"--smush-placeholder-width: 940px; --smush-placeholder-aspect-ratio: 940\/788;\" \/><\/p>\n<\/div>\n<\/div>\n<\/div>\n<\/div>\n<\/div>\n<\/div>\n<\/article>\n<h5 data-start=\"1742\" data-end=\"1760\">Satul Sadaclia<\/h5>\n<ul>\n<li data-start=\"19\" data-end=\"143\"><strong>PAS<\/strong> &#8211; 54%;<\/li>\n<li><strong>Democra\u021bia Acas\u0103<\/strong> &#8211; 20%;<\/li>\n<li data-start=\"19\" data-end=\"143\"><strong>Blocul Patriotic<\/strong> &#8211; 12%;<\/li>\n<li data-start=\"19\" data-end=\"143\"><strong>Alternativa<\/strong> &#8211; 3%;<\/li>\n<li data-start=\"19\" data-end=\"143\"><strong>Partidul Nostru<\/strong> &#8211; 5%;<\/li>\n<li data-start=\"19\" data-end=\"143\"><strong>Al\u021bi concuren\u021bi electorali<\/strong> &#8211; 6%.<\/li>\n<\/ul>\n<p data-start=\"1831\" data-end=\"1967\">La Sadaclia, PAS \u00ee\u0219i men\u021bine clar pozi\u021bia de lider, \u00eens\u0103 Partidul \u201eDemocra\u021bia Acas\u0103\u201d a reu\u0219it s\u0103 ob\u021bin\u0103 un scor impresionant. Aproximativ unul din cinci locuitori ai satului au votat pentru partidul lui Vasile Costiuc.<\/p>\n<p data-start=\"1831\" data-end=\"1967\"><img decoding=\"async\" class=\"aligncenter size-full wp-image-162084 lazyload\" data-src=\"https:\/\/bas-tv.md\/wp-content\/uploads\/2025\/09\/obshhij-rezultat-po-rajonu-kopiya-8.png\" alt=\"\" width=\"940\" height=\"788\" data-srcset=\"https:\/\/bas-tv.md\/wp-content\/uploads\/2025\/09\/obshhij-rezultat-po-rajonu-kopiya-8.png 940w, https:\/\/bas-tv.md\/wp-content\/uploads\/2025\/09\/obshhij-rezultat-po-rajonu-kopiya-8-300x251.png 300w, https:\/\/bas-tv.md\/wp-content\/uploads\/2025\/09\/obshhij-rezultat-po-rajonu-kopiya-8-768x644.png 768w\" data-sizes=\"(max-width: 940px) 100vw, 940px\" src=\"data:image\/svg+xml;base64,PHN2ZyB3aWR0aD0iMSIgaGVpZ2h0PSIxIiB4bWxucz0iaHR0cDovL3d3dy53My5vcmcvMjAwMC9zdmciPjwvc3ZnPg==\" style=\"--smush-placeholder-width: 940px; --smush-placeholder-aspect-ratio: 940\/788;\" \/><\/p>\n<h5 data-start=\"1831\" data-end=\"1967\">Satul Iordanovca<\/h5>\n<ul data-start=\"1507\" data-end=\"1607\">\n<li data-start=\"1507\" data-end=\"1524\">\n<p data-start=\"1509\" data-end=\"1524\"><strong data-start=\"1509\" data-end=\"1516\">PAS<\/strong> &#8211; 54%;<\/p>\n<\/li>\n<li data-start=\"1525\" data-end=\"1554\">\n<p data-start=\"1527\" data-end=\"1554\"><strong data-start=\"1527\" data-end=\"1546\">Democra\u021bia Acas\u0103<\/strong> &#8211; 15%;<\/p>\n<\/li>\n<li data-start=\"1555\" data-end=\"1587\">\n<p data-start=\"1557\" data-end=\"1587\"><strong data-start=\"1557\" data-end=\"1580\">Blocul Patriotic<\/strong>\u00a0&#8211; 9%;<\/p>\n<\/li>\n<li data-start=\"1275\" data-end=\"1300\">\n<p data-start=\"1277\" data-end=\"1300\"><strong>Alternativa<\/strong> &#8211; 5%;<\/p>\n<\/li>\n<li data-start=\"1301\" data-end=\"1325\">\n<p data-start=\"1303\" data-end=\"1325\"><strong data-start=\"1303\" data-end=\"1318\">Partidul Nostru<\/strong> &#8211; 5%;<\/p>\n<\/li>\n<li data-start=\"1555\" data-end=\"1587\"><strong data-start=\"1590\" data-end=\"1600\">Al\u021bi concuren\u021bi electorali<\/strong> &#8211; 12%.<\/li>\n<\/ul>\n<p>\u00cen satul Iordanovca, peste jum\u0103tate dintre aleg\u0103tori au votat pentru PAS, iar alte 15% &#8211; pentru \u201eDemocra\u021bia Acas\u0103\u201d. Celelalte forma\u021biuni politice nu s-au bucurat de popularitate \u00een r\u00e2ndul aleg\u0103torilor.<\/p>\n<p><img decoding=\"async\" class=\"aligncenter size-full wp-image-162078 lazyload\" data-src=\"https:\/\/bas-tv.md\/wp-content\/uploads\/2025\/09\/obshhij-rezultat-po-rajonu-kopiya-4.png\" alt=\"\" width=\"940\" height=\"788\" data-srcset=\"https:\/\/bas-tv.md\/wp-content\/uploads\/2025\/09\/obshhij-rezultat-po-rajonu-kopiya-4.png 940w, https:\/\/bas-tv.md\/wp-content\/uploads\/2025\/09\/obshhij-rezultat-po-rajonu-kopiya-4-300x251.png 300w, https:\/\/bas-tv.md\/wp-content\/uploads\/2025\/09\/obshhij-rezultat-po-rajonu-kopiya-4-768x644.png 768w\" data-sizes=\"(max-width: 940px) 100vw, 940px\" src=\"data:image\/svg+xml;base64,PHN2ZyB3aWR0aD0iMSIgaGVpZ2h0PSIxIiB4bWxucz0iaHR0cDovL3d3dy53My5vcmcvMjAwMC9zdmciPjwvc3ZnPg==\" style=\"--smush-placeholder-width: 940px; --smush-placeholder-aspect-ratio: 940\/788;\" \/><\/p>\n<h5 data-start=\"1974\" data-end=\"1992\">Satul Ba\u0219calia<\/h5>\n<ul data-start=\"1993\" data-end=\"2115\">\n<li data-start=\"1993\" data-end=\"2010\">\n<p data-start=\"1995\" data-end=\"2010\"><strong data-start=\"1995\" data-end=\"2002\">PAS<\/strong> &#8211; 51%;<\/p>\n<\/li>\n<li data-start=\"2011\" data-end=\"2044\">\n<p data-start=\"2013\" data-end=\"2044\"><strong data-start=\"2013\" data-end=\"2036\">Blocul Patriotic<\/strong> &#8211; 29%;<\/p>\n<\/li>\n<li data-start=\"2045\" data-end=\"2070\">\n<p data-start=\"2047\" data-end=\"2070\"><strong data-start=\"2047\" data-end=\"2063\">Alternativa<\/strong> &#8211; 7%;<\/p>\n<\/li>\n<li data-start=\"2071\" data-end=\"2095\">\n<p data-start=\"2073\" data-end=\"2095\"><strong data-start=\"1527\" data-end=\"1546\">Democra\u021bia Acas\u0103 &#8211; <\/strong>5%;<\/p>\n<\/li>\n<li data-start=\"2096\" data-end=\"2115\">\n<p data-start=\"2098\" data-end=\"2115\"><b><strong>Al\u021bi concuren\u021bi electorali<\/strong> <\/b>&#8211; 8%.<\/p>\n<\/li>\n<\/ul>\n<p data-start=\"2117\" data-end=\"2245\">\u00cen Ba\u0219calia, majoritatea au votat pentru PAS, \u00eens\u0103 aproape o treime dintre voturi au revenit Blocului Patriotic, ceea ce indic\u0103 o divizare a aleg\u0103torilor.<\/p>\n<p data-start=\"2117\" data-end=\"2245\"><img decoding=\"async\" class=\"aligncenter size-full wp-image-162082 lazyload\" data-src=\"https:\/\/bas-tv.md\/wp-content\/uploads\/2025\/09\/obshhij-rezultat-po-rajonu-kopiya-7.png\" alt=\"\" width=\"940\" height=\"788\" data-srcset=\"https:\/\/bas-tv.md\/wp-content\/uploads\/2025\/09\/obshhij-rezultat-po-rajonu-kopiya-7.png 940w, https:\/\/bas-tv.md\/wp-content\/uploads\/2025\/09\/obshhij-rezultat-po-rajonu-kopiya-7-300x251.png 300w, https:\/\/bas-tv.md\/wp-content\/uploads\/2025\/09\/obshhij-rezultat-po-rajonu-kopiya-7-768x644.png 768w\" data-sizes=\"(max-width: 940px) 100vw, 940px\" src=\"data:image\/svg+xml;base64,PHN2ZyB3aWR0aD0iMSIgaGVpZ2h0PSIxIiB4bWxucz0iaHR0cDovL3d3dy53My5vcmcvMjAwMC9zdmciPjwvc3ZnPg==\" style=\"--smush-placeholder-width: 940px; --smush-placeholder-aspect-ratio: 940\/788;\" \/><\/p>\n<h5 data-start=\"2252\" data-end=\"2280\">Comuna Iserlia<\/h5>\n<ul data-start=\"2281\" data-end=\"2403\">\n<li data-start=\"2281\" data-end=\"2314\">\n<p data-start=\"2283\" data-end=\"2314\"><strong data-start=\"2283\" data-end=\"2306\">Blocul Patriotic<\/strong> &#8211; 69%;<\/p>\n<\/li>\n<li data-start=\"2315\" data-end=\"2331\">\n<p data-start=\"2317\" data-end=\"2331\"><strong data-start=\"2317\" data-end=\"2324\">PAS<\/strong> &#8211; 4%;<\/p>\n<\/li>\n<li data-start=\"2332\" data-end=\"2357\">\n<p data-start=\"2334\" data-end=\"2357\"><strong data-start=\"2334\" data-end=\"2350\">Alternativa<\/strong> &#8211; 6%;<\/p>\n<\/li>\n<li data-start=\"2358\" data-end=\"2382\">\n<p data-start=\"2360\" data-end=\"2382\"><strong data-start=\"2360\" data-end=\"2375\">Partidul Nostru<\/strong> &#8211; 5%;<\/p>\n<\/li>\n<li data-start=\"2383\" data-end=\"2403\">\n<p data-start=\"2385\" data-end=\"2403\"><strong data-start=\"2385\" data-end=\"2395\">Alte forma\u021biuni politice<\/strong> &#8211; 16%.<\/p>\n<\/li>\n<\/ul>\n<p data-start=\"2405\" data-end=\"2574\">\u00cen Iserlia, s-a reliefat o tendin\u021b\u0103 diametral opus\u0103: majoritatea cet\u0103\u021benilor au votat pentru Blocul Patriotic. \u00cen comuna Iserlia, PAS a ob\u021binut cel mai mic rezultat din raionul Basarabeasca.<\/p>\n<p data-start=\"2405\" data-end=\"2574\"><img decoding=\"async\" class=\"aligncenter size-full wp-image-162080 lazyload\" data-src=\"https:\/\/bas-tv.md\/wp-content\/uploads\/2025\/09\/obshhij-rezultat-po-rajonu-kopiya-6.png\" alt=\"\" width=\"940\" height=\"788\" data-srcset=\"https:\/\/bas-tv.md\/wp-content\/uploads\/2025\/09\/obshhij-rezultat-po-rajonu-kopiya-6.png 940w, https:\/\/bas-tv.md\/wp-content\/uploads\/2025\/09\/obshhij-rezultat-po-rajonu-kopiya-6-300x251.png 300w, https:\/\/bas-tv.md\/wp-content\/uploads\/2025\/09\/obshhij-rezultat-po-rajonu-kopiya-6-768x644.png 768w\" data-sizes=\"(max-width: 940px) 100vw, 940px\" src=\"data:image\/svg+xml;base64,PHN2ZyB3aWR0aD0iMSIgaGVpZ2h0PSIxIiB4bWxucz0iaHR0cDovL3d3dy53My5vcmcvMjAwMC9zdmciPjwvc3ZnPg==\" style=\"--smush-placeholder-width: 940px; --smush-placeholder-aspect-ratio: 940\/788;\" \/><\/p>\n<h5 data-start=\"2581\" data-end=\"2596\">Concluzii<\/h5>\n<ul data-start=\"2597\" data-end=\"3096\">\n<li data-start=\"2597\" data-end=\"2776\">\n<p data-start=\"0\" data-end=\"178\">Aleg\u0103torii din raionul Basarabeasca s-au divizat \u00een dou\u0103 grupuri distincte: localit\u0103\u021bile rurale au sus\u021binut, \u00een principal PAS, \u00een timp ce ora\u0219ul \u0219i unele sate din comuna Iserlia au optat pentru Blocul Patriotic.<\/p>\n<\/li>\n<li data-start=\"2597\" data-end=\"2776\">\n<p data-start=\"0\" data-end=\"178\">Pozi\u021bia consolidat\u0103 a Partidului \u201eDemocra\u021bia Acas\u0103\u201d \u00een satele\u00a0 Sadaclia \u0219i Ba\u0219calia indic\u0103 faptul c\u0103 aleg\u0103torii caut\u0103 alternative noi \u00eentre cele dou\u0103 op\u021biuni principale.<\/p>\n<\/li>\n<li data-start=\"2597\" data-end=\"2776\">\n<p data-start=\"0\" data-end=\"178\">Pentru PAS, raionul Basarabeasca r\u0103m\u00e2ne unul problematic: \u00een pofida unor rezultate bune \u00een anumite sate, ora\u0219ul, unde locuie\u0219te circa o treime din popula\u021bia raionului, a votat preponderent \u00een favoarea opozi\u021biei.<\/p>\n<\/li>\n<\/ul>\n<p><img decoding=\"async\" class=\"aligncenter size-large wp-image-161915 lazyload\" data-src=\"https:\/\/bas-tv.md\/wp-content\/uploads\/2025\/09\/elections_basarabeasca_city_vs_villages-1024x614.png\" alt=\"\" width=\"580\" height=\"348\" data-srcset=\"https:\/\/bas-tv.md\/wp-content\/uploads\/2025\/09\/elections_basarabeasca_city_vs_villages-1024x614.png 1024w, https:\/\/bas-tv.md\/wp-content\/uploads\/2025\/09\/elections_basarabeasca_city_vs_villages-300x180.png 300w, https:\/\/bas-tv.md\/wp-content\/uploads\/2025\/09\/elections_basarabeasca_city_vs_villages-768x461.png 768w, https:\/\/bas-tv.md\/wp-content\/uploads\/2025\/09\/elections_basarabeasca_city_vs_villages-1536x922.png 1536w, https:\/\/bas-tv.md\/wp-content\/uploads\/2025\/09\/elections_basarabeasca_city_vs_villages-1200x720.png 1200w, https:\/\/bas-tv.md\/wp-content\/uploads\/2025\/09\/elections_basarabeasca_city_vs_villages-1980x1188.png 1980w, https:\/\/bas-tv.md\/wp-content\/uploads\/2025\/09\/elections_basarabeasca_city_vs_villages.png 2000w\" data-sizes=\"(max-width: 580px) 100vw, 580px\" src=\"data:image\/svg+xml;base64,PHN2ZyB3aWR0aD0iMSIgaGVpZ2h0PSIxIiB4bWxucz0iaHR0cDovL3d3dy53My5vcmcvMjAwMC9zdmciPjwvc3ZnPg==\" style=\"--smush-placeholder-width: 580px; --smush-placeholder-aspect-ratio: 580\/348;\" \/><\/p>\n<p data-start=\"1788\" data-end=\"1904\">Autor: Ludmila Topal<\/p>\n<p><strong>Sus\u021bine\u021bi redac\u021bia BAStv, abona\u021bi-v\u0103 la noi pe platforma\u00a0<a href=\"https:\/\/www.patreon.com\/BAStv?fan_landing=true&amp;fbclid=IwAR3MeSDKfH4ixBydCXX9D1lhrCszhps3ID5uxuGA-Ktd4MTkZCRdlcEZkQI\">Patreon\u00a0<\/a>sau prin efectuarea contribu\u021biilor prin\u00a0<a href=\"https:\/\/www.paypal.com\/paypalme\/supportbastv\">PayPal<\/a>! Aceasta ne va ajuta s\u0103 cre\u0103m con\u021binut interesant \u0219i util pentru dvs., r\u0103m\u00e2n\u00e2nd \u00een continuare o platform\u0103 media independent\u0103.<\/strong><\/p>\n<p><b>Abona\u021bi-v\u0103 la noi pe re\u021bele sociale:\u00a0<\/b><a href=\"https:\/\/t.me\/bastvmd\"><b><i>Telegram<\/i><\/b><\/a><b>,\u00a0<\/b><a href=\"https:\/\/www.youtube.com\/channel\/UC-9005PnLnhpNM8PVSjP2dQ\/featured\"><b><i>YouTube<\/i><\/b><\/a><b>,\u00a0<\/b><a href=\"https:\/\/www.facebook.com\/bastv.md\"><b><i>Facebook<\/i><\/b><\/a>\u00a0<strong>\u0219i\u00a0<\/strong><a href=\"https:\/\/www.instagram.com\/bastv.md\/\"><b><i>Instagram<\/i><\/b><\/a><b>. Aici public\u0103m \u0219tiri pe scurt.<\/b><\/p>\n","protected":false},"excerpt":{"rendered":"<p>Pe data de 28 septembrie, locuitorii raionului Basarabeasca, al\u0103turi de \u00eentreaga \u021bar\u0103, au mers la urne pentru a alege noua componen\u021b\u0103 a Parlamentului. Rezultatele din cele \u0219apte localit\u0103\u021bi ale raionului arat\u0103 diferen\u021be semnificative \u00eentre preferin\u021bele aleg\u0103torilor din ora\u0219 \u0219i a celora din sate. Rezultatele generale ale alegerilor parlamentare \u00een raionul Basarabeasca: PAS &#8211; 36%; Blocul [&hellip;]<\/p>\n","protected":false},"author":3,"featured_media":162005,"comment_status":"closed","ping_status":"closed","sticky":false,"template":"","format":"standard","meta":{"footnotes":""},"categories":[602,13003,569],"tags":[],"class_list":["post-162100","post","type-post","status-publish","format-standard","has-post-thumbnail","hentry","category-actualitate","category-electorala-2025","category-in-basarabeasca"],"yoast_head":"<!-- This site is optimized with the Yoast SEO plugin v27.5 - https:\/\/yoast.com\/product\/yoast-seo-wordpress\/ -->\n<title>(DIAGRAM\u0102) Rezultatele alegerilor parlamentare \u00een raionul Basarabeasca: cum s-a votat \u00een fiecare localitate - BasTV<\/title>\n<meta name=\"description\" content=\"Pe data de 28 septembrie, locuitorii raionului Basarabeasca, al\u0103turi de \u00eentreaga \u021bar\u0103, au mers la urne pentru a alege noua componen\u021b\u0103 a Parlamentului. Rezultatele din cele \u0219apte localit\u0103\u021bi ale raionului arat\u0103 diferen\u021be semnificative \u00eentre preferin\u021bele aleg\u0103torilor din ora\u0219 \u0219i a celora din sate.\" \/>\n<meta name=\"robots\" content=\"index, follow, max-snippet:-1, max-image-preview:large, max-video-preview:-1\" \/>\n<link rel=\"canonical\" href=\"https:\/\/bas-tv.md\/ro\/diagrama-rezultatele-alegerilor-parlamentare-in-raionul-basarabeasca-cum-s-a-votat-in-fiecare-localitate-2\/\" \/>\n<meta property=\"og:locale\" content=\"ro_RO\" \/>\n<meta property=\"og:type\" content=\"article\" \/>\n<meta property=\"og:title\" content=\"(DIAGRAM\u0102) Rezultatele alegerilor parlamentare \u00een raionul Basarabeasca: cum s-a votat \u00een fiecare localitate - BasTV\" \/>\n<meta property=\"og:description\" content=\"Pe data de 28 septembrie, locuitorii raionului Basarabeasca, al\u0103turi de \u00eentreaga \u021bar\u0103, au mers la urne pentru a alege noua componen\u021b\u0103 a Parlamentului. Rezultatele din cele \u0219apte localit\u0103\u021bi ale raionului arat\u0103 diferen\u021be semnificative \u00eentre preferin\u021bele aleg\u0103torilor din ora\u0219 \u0219i a celora din sate.\" \/>\n<meta property=\"og:url\" content=\"https:\/\/bas-tv.md\/ro\/diagrama-rezultatele-alegerilor-parlamentare-in-raionul-basarabeasca-cum-s-a-votat-in-fiecare-localitate-2\/\" \/>\n<meta property=\"og:site_name\" content=\"BasTV\" \/>\n<meta property=\"article:published_time\" content=\"2025-09-30T14:30:27+00:00\" \/>\n<meta property=\"og:image\" content=\"https:\/\/bas-tv.md\/wp-content\/uploads\/2025\/09\/5390942375146290240-300x233-1.jpg\" \/>\n\t<meta property=\"og:image:width\" content=\"300\" \/>\n\t<meta property=\"og:image:height\" content=\"233\" \/>\n\t<meta property=\"og:image:type\" content=\"image\/jpeg\" \/>\n<meta name=\"author\" content=\"Redactor\" \/>\n<meta name=\"twitter:card\" content=\"summary_large_image\" \/>\n<meta name=\"twitter:label1\" content=\"Scris de\" \/>\n\t<meta name=\"twitter:data1\" content=\"Redactor\" \/>\n\t<meta name=\"twitter:label2\" content=\"Timp estimat pentru citire\" \/>\n\t<meta name=\"twitter:data2\" content=\"5 minute\" \/>\n<script type=\"application\/ld+json\" class=\"yoast-schema-graph\">{\"@context\":\"https:\\\/\\\/schema.org\",\"@graph\":[{\"@type\":\"Article\",\"@id\":\"https:\\\/\\\/bas-tv.md\\\/ro\\\/diagrama-rezultatele-alegerilor-parlamentare-in-raionul-basarabeasca-cum-s-a-votat-in-fiecare-localitate-2\\\/#article\",\"isPartOf\":{\"@id\":\"https:\\\/\\\/bas-tv.md\\\/ro\\\/diagrama-rezultatele-alegerilor-parlamentare-in-raionul-basarabeasca-cum-s-a-votat-in-fiecare-localitate-2\\\/\"},\"author\":{\"name\":\"Redactor\",\"@id\":\"https:\\\/\\\/bas-tv.md\\\/ro\\\/#\\\/schema\\\/person\\\/8740f45ea2eca1f1695284fc03529af0\"},\"headline\":\"(DIAGRAM\u0102) Rezultatele alegerilor parlamentare \u00een raionul Basarabeasca: cum s-a votat \u00een fiecare localitate\",\"datePublished\":\"2025-09-30T14:30:27+00:00\",\"mainEntityOfPage\":{\"@id\":\"https:\\\/\\\/bas-tv.md\\\/ro\\\/diagrama-rezultatele-alegerilor-parlamentare-in-raionul-basarabeasca-cum-s-a-votat-in-fiecare-localitate-2\\\/\"},\"wordCount\":650,\"publisher\":{\"@id\":\"https:\\\/\\\/bas-tv.md\\\/ro\\\/#organization\"},\"image\":{\"@id\":\"https:\\\/\\\/bas-tv.md\\\/ro\\\/diagrama-rezultatele-alegerilor-parlamentare-in-raionul-basarabeasca-cum-s-a-votat-in-fiecare-localitate-2\\\/#primaryimage\"},\"thumbnailUrl\":\"https:\\\/\\\/bas-tv.md\\\/wp-content\\\/uploads\\\/2025\\\/09\\\/5390942375146290240-300x233-1.jpg\",\"articleSection\":[\"Actualitate\",\"Electorala 2025\",\"\u00cen Basarabeasca\"],\"inLanguage\":\"ro-RO\"},{\"@type\":\"WebPage\",\"@id\":\"https:\\\/\\\/bas-tv.md\\\/ro\\\/diagrama-rezultatele-alegerilor-parlamentare-in-raionul-basarabeasca-cum-s-a-votat-in-fiecare-localitate-2\\\/\",\"url\":\"https:\\\/\\\/bas-tv.md\\\/ro\\\/diagrama-rezultatele-alegerilor-parlamentare-in-raionul-basarabeasca-cum-s-a-votat-in-fiecare-localitate-2\\\/\",\"name\":\"(DIAGRAM\u0102) Rezultatele alegerilor parlamentare \u00een raionul Basarabeasca: cum s-a votat \u00een fiecare localitate - BasTV\",\"isPartOf\":{\"@id\":\"https:\\\/\\\/bas-tv.md\\\/ro\\\/#website\"},\"primaryImageOfPage\":{\"@id\":\"https:\\\/\\\/bas-tv.md\\\/ro\\\/diagrama-rezultatele-alegerilor-parlamentare-in-raionul-basarabeasca-cum-s-a-votat-in-fiecare-localitate-2\\\/#primaryimage\"},\"image\":{\"@id\":\"https:\\\/\\\/bas-tv.md\\\/ro\\\/diagrama-rezultatele-alegerilor-parlamentare-in-raionul-basarabeasca-cum-s-a-votat-in-fiecare-localitate-2\\\/#primaryimage\"},\"thumbnailUrl\":\"https:\\\/\\\/bas-tv.md\\\/wp-content\\\/uploads\\\/2025\\\/09\\\/5390942375146290240-300x233-1.jpg\",\"datePublished\":\"2025-09-30T14:30:27+00:00\",\"description\":\"Pe data de 28 septembrie, locuitorii raionului Basarabeasca, al\u0103turi de \u00eentreaga \u021bar\u0103, au mers la urne pentru a alege noua componen\u021b\u0103 a Parlamentului. Rezultatele din cele \u0219apte localit\u0103\u021bi ale raionului arat\u0103 diferen\u021be semnificative \u00eentre preferin\u021bele aleg\u0103torilor din ora\u0219 \u0219i a celora din sate.\",\"inLanguage\":\"ro-RO\",\"potentialAction\":[{\"@type\":\"ReadAction\",\"target\":[\"https:\\\/\\\/bas-tv.md\\\/ro\\\/diagrama-rezultatele-alegerilor-parlamentare-in-raionul-basarabeasca-cum-s-a-votat-in-fiecare-localitate-2\\\/\"]}]},{\"@type\":\"ImageObject\",\"inLanguage\":\"ro-RO\",\"@id\":\"https:\\\/\\\/bas-tv.md\\\/ro\\\/diagrama-rezultatele-alegerilor-parlamentare-in-raionul-basarabeasca-cum-s-a-votat-in-fiecare-localitate-2\\\/#primaryimage\",\"url\":\"https:\\\/\\\/bas-tv.md\\\/wp-content\\\/uploads\\\/2025\\\/09\\\/5390942375146290240-300x233-1.jpg\",\"contentUrl\":\"https:\\\/\\\/bas-tv.md\\\/wp-content\\\/uploads\\\/2025\\\/09\\\/5390942375146290240-300x233-1.jpg\",\"width\":300,\"height\":233},{\"@type\":\"WebSite\",\"@id\":\"https:\\\/\\\/bas-tv.md\\\/ro\\\/#website\",\"url\":\"https:\\\/\\\/bas-tv.md\\\/ro\\\/\",\"name\":\"BasTV\",\"description\":\"Moldova\",\"publisher\":{\"@id\":\"https:\\\/\\\/bas-tv.md\\\/ro\\\/#organization\"},\"potentialAction\":[{\"@type\":\"SearchAction\",\"target\":{\"@type\":\"EntryPoint\",\"urlTemplate\":\"https:\\\/\\\/bas-tv.md\\\/ro\\\/?s={search_term_string}\"},\"query-input\":{\"@type\":\"PropertyValueSpecification\",\"valueRequired\":true,\"valueName\":\"search_term_string\"}}],\"inLanguage\":\"ro-RO\"},{\"@type\":\"Organization\",\"@id\":\"https:\\\/\\\/bas-tv.md\\\/ro\\\/#organization\",\"name\":\"BasTV\",\"url\":\"https:\\\/\\\/bas-tv.md\\\/ro\\\/\",\"logo\":{\"@type\":\"ImageObject\",\"inLanguage\":\"ro-RO\",\"@id\":\"https:\\\/\\\/bas-tv.md\\\/ro\\\/#\\\/schema\\\/logo\\\/image\\\/\",\"url\":\"https:\\\/\\\/bas-tv.md\\\/wp-content\\\/uploads\\\/2023\\\/05\\\/bas-tv-culoarea-rosie.png\",\"contentUrl\":\"https:\\\/\\\/bas-tv.md\\\/wp-content\\\/uploads\\\/2023\\\/05\\\/bas-tv-culoarea-rosie.png\",\"width\":202,\"height\":50,\"caption\":\"BasTV\"},\"image\":{\"@id\":\"https:\\\/\\\/bas-tv.md\\\/ro\\\/#\\\/schema\\\/logo\\\/image\\\/\"}},{\"@type\":\"Person\",\"@id\":\"https:\\\/\\\/bas-tv.md\\\/ro\\\/#\\\/schema\\\/person\\\/8740f45ea2eca1f1695284fc03529af0\",\"name\":\"Redactor\",\"image\":{\"@type\":\"ImageObject\",\"inLanguage\":\"ro-RO\",\"@id\":\"https:\\\/\\\/secure.gravatar.com\\\/avatar\\\/45b6af9fc91c10b15a8b40e67c1f57bab2e9614fc9f0af95cf453d61934e9aad?s=96&d=mm&r=g\",\"url\":\"https:\\\/\\\/secure.gravatar.com\\\/avatar\\\/45b6af9fc91c10b15a8b40e67c1f57bab2e9614fc9f0af95cf453d61934e9aad?s=96&d=mm&r=g\",\"contentUrl\":\"https:\\\/\\\/secure.gravatar.com\\\/avatar\\\/45b6af9fc91c10b15a8b40e67c1f57bab2e9614fc9f0af95cf453d61934e9aad?s=96&d=mm&r=g\",\"caption\":\"Redactor\"},\"url\":\"https:\\\/\\\/bas-tv.md\\\/ro\\\/author\\\/redactor\\\/\"}]}<\/script>\n<!-- \/ Yoast SEO plugin. -->","yoast_head_json":{"title":"(DIAGRAM\u0102) Rezultatele alegerilor parlamentare \u00een raionul Basarabeasca: cum s-a votat \u00een fiecare localitate - BasTV","description":"Pe data de 28 septembrie, locuitorii raionului Basarabeasca, al\u0103turi de \u00eentreaga \u021bar\u0103, au mers la urne pentru a alege noua componen\u021b\u0103 a Parlamentului. Rezultatele din cele \u0219apte localit\u0103\u021bi ale raionului arat\u0103 diferen\u021be semnificative \u00eentre preferin\u021bele aleg\u0103torilor din ora\u0219 \u0219i a celora din sate.","robots":{"index":"index","follow":"follow","max-snippet":"max-snippet:-1","max-image-preview":"max-image-preview:large","max-video-preview":"max-video-preview:-1"},"canonical":"https:\/\/bas-tv.md\/ro\/diagrama-rezultatele-alegerilor-parlamentare-in-raionul-basarabeasca-cum-s-a-votat-in-fiecare-localitate-2\/","og_locale":"ro_RO","og_type":"article","og_title":"(DIAGRAM\u0102) Rezultatele alegerilor parlamentare \u00een raionul Basarabeasca: cum s-a votat \u00een fiecare localitate - BasTV","og_description":"Pe data de 28 septembrie, locuitorii raionului Basarabeasca, al\u0103turi de \u00eentreaga \u021bar\u0103, au mers la urne pentru a alege noua componen\u021b\u0103 a Parlamentului. Rezultatele din cele \u0219apte localit\u0103\u021bi ale raionului arat\u0103 diferen\u021be semnificative \u00eentre preferin\u021bele aleg\u0103torilor din ora\u0219 \u0219i a celora din sate.","og_url":"https:\/\/bas-tv.md\/ro\/diagrama-rezultatele-alegerilor-parlamentare-in-raionul-basarabeasca-cum-s-a-votat-in-fiecare-localitate-2\/","og_site_name":"BasTV","article_published_time":"2025-09-30T14:30:27+00:00","og_image":[{"width":300,"height":233,"url":"https:\/\/bas-tv.md\/wp-content\/uploads\/2025\/09\/5390942375146290240-300x233-1.jpg","type":"image\/jpeg"}],"author":"Redactor","twitter_card":"summary_large_image","twitter_misc":{"Scris de":"Redactor","Timp estimat pentru citire":"5 minute"},"schema":{"@context":"https:\/\/schema.org","@graph":[{"@type":"Article","@id":"https:\/\/bas-tv.md\/ro\/diagrama-rezultatele-alegerilor-parlamentare-in-raionul-basarabeasca-cum-s-a-votat-in-fiecare-localitate-2\/#article","isPartOf":{"@id":"https:\/\/bas-tv.md\/ro\/diagrama-rezultatele-alegerilor-parlamentare-in-raionul-basarabeasca-cum-s-a-votat-in-fiecare-localitate-2\/"},"author":{"name":"Redactor","@id":"https:\/\/bas-tv.md\/ro\/#\/schema\/person\/8740f45ea2eca1f1695284fc03529af0"},"headline":"(DIAGRAM\u0102) Rezultatele alegerilor parlamentare \u00een raionul Basarabeasca: cum s-a votat \u00een fiecare localitate","datePublished":"2025-09-30T14:30:27+00:00","mainEntityOfPage":{"@id":"https:\/\/bas-tv.md\/ro\/diagrama-rezultatele-alegerilor-parlamentare-in-raionul-basarabeasca-cum-s-a-votat-in-fiecare-localitate-2\/"},"wordCount":650,"publisher":{"@id":"https:\/\/bas-tv.md\/ro\/#organization"},"image":{"@id":"https:\/\/bas-tv.md\/ro\/diagrama-rezultatele-alegerilor-parlamentare-in-raionul-basarabeasca-cum-s-a-votat-in-fiecare-localitate-2\/#primaryimage"},"thumbnailUrl":"https:\/\/bas-tv.md\/wp-content\/uploads\/2025\/09\/5390942375146290240-300x233-1.jpg","articleSection":["Actualitate","Electorala 2025","\u00cen Basarabeasca"],"inLanguage":"ro-RO"},{"@type":"WebPage","@id":"https:\/\/bas-tv.md\/ro\/diagrama-rezultatele-alegerilor-parlamentare-in-raionul-basarabeasca-cum-s-a-votat-in-fiecare-localitate-2\/","url":"https:\/\/bas-tv.md\/ro\/diagrama-rezultatele-alegerilor-parlamentare-in-raionul-basarabeasca-cum-s-a-votat-in-fiecare-localitate-2\/","name":"(DIAGRAM\u0102) Rezultatele alegerilor parlamentare \u00een raionul Basarabeasca: cum s-a votat \u00een fiecare localitate - BasTV","isPartOf":{"@id":"https:\/\/bas-tv.md\/ro\/#website"},"primaryImageOfPage":{"@id":"https:\/\/bas-tv.md\/ro\/diagrama-rezultatele-alegerilor-parlamentare-in-raionul-basarabeasca-cum-s-a-votat-in-fiecare-localitate-2\/#primaryimage"},"image":{"@id":"https:\/\/bas-tv.md\/ro\/diagrama-rezultatele-alegerilor-parlamentare-in-raionul-basarabeasca-cum-s-a-votat-in-fiecare-localitate-2\/#primaryimage"},"thumbnailUrl":"https:\/\/bas-tv.md\/wp-content\/uploads\/2025\/09\/5390942375146290240-300x233-1.jpg","datePublished":"2025-09-30T14:30:27+00:00","description":"Pe data de 28 septembrie, locuitorii raionului Basarabeasca, al\u0103turi de \u00eentreaga \u021bar\u0103, au mers la urne pentru a alege noua componen\u021b\u0103 a Parlamentului. Rezultatele din cele \u0219apte localit\u0103\u021bi ale raionului arat\u0103 diferen\u021be semnificative \u00eentre preferin\u021bele aleg\u0103torilor din ora\u0219 \u0219i a celora din sate.","inLanguage":"ro-RO","potentialAction":[{"@type":"ReadAction","target":["https:\/\/bas-tv.md\/ro\/diagrama-rezultatele-alegerilor-parlamentare-in-raionul-basarabeasca-cum-s-a-votat-in-fiecare-localitate-2\/"]}]},{"@type":"ImageObject","inLanguage":"ro-RO","@id":"https:\/\/bas-tv.md\/ro\/diagrama-rezultatele-alegerilor-parlamentare-in-raionul-basarabeasca-cum-s-a-votat-in-fiecare-localitate-2\/#primaryimage","url":"https:\/\/bas-tv.md\/wp-content\/uploads\/2025\/09\/5390942375146290240-300x233-1.jpg","contentUrl":"https:\/\/bas-tv.md\/wp-content\/uploads\/2025\/09\/5390942375146290240-300x233-1.jpg","width":300,"height":233},{"@type":"WebSite","@id":"https:\/\/bas-tv.md\/ro\/#website","url":"https:\/\/bas-tv.md\/ro\/","name":"BasTV","description":"Moldova","publisher":{"@id":"https:\/\/bas-tv.md\/ro\/#organization"},"potentialAction":[{"@type":"SearchAction","target":{"@type":"EntryPoint","urlTemplate":"https:\/\/bas-tv.md\/ro\/?s={search_term_string}"},"query-input":{"@type":"PropertyValueSpecification","valueRequired":true,"valueName":"search_term_string"}}],"inLanguage":"ro-RO"},{"@type":"Organization","@id":"https:\/\/bas-tv.md\/ro\/#organization","name":"BasTV","url":"https:\/\/bas-tv.md\/ro\/","logo":{"@type":"ImageObject","inLanguage":"ro-RO","@id":"https:\/\/bas-tv.md\/ro\/#\/schema\/logo\/image\/","url":"https:\/\/bas-tv.md\/wp-content\/uploads\/2023\/05\/bas-tv-culoarea-rosie.png","contentUrl":"https:\/\/bas-tv.md\/wp-content\/uploads\/2023\/05\/bas-tv-culoarea-rosie.png","width":202,"height":50,"caption":"BasTV"},"image":{"@id":"https:\/\/bas-tv.md\/ro\/#\/schema\/logo\/image\/"}},{"@type":"Person","@id":"https:\/\/bas-tv.md\/ro\/#\/schema\/person\/8740f45ea2eca1f1695284fc03529af0","name":"Redactor","image":{"@type":"ImageObject","inLanguage":"ro-RO","@id":"https:\/\/secure.gravatar.com\/avatar\/45b6af9fc91c10b15a8b40e67c1f57bab2e9614fc9f0af95cf453d61934e9aad?s=96&d=mm&r=g","url":"https:\/\/secure.gravatar.com\/avatar\/45b6af9fc91c10b15a8b40e67c1f57bab2e9614fc9f0af95cf453d61934e9aad?s=96&d=mm&r=g","contentUrl":"https:\/\/secure.gravatar.com\/avatar\/45b6af9fc91c10b15a8b40e67c1f57bab2e9614fc9f0af95cf453d61934e9aad?s=96&d=mm&r=g","caption":"Redactor"},"url":"https:\/\/bas-tv.md\/ro\/author\/redactor\/"}]}},"views":335,"_links":{"self":[{"href":"https:\/\/bas-tv.md\/ro\/wp-json\/wp\/v2\/posts\/162100","targetHints":{"allow":["GET"]}}],"collection":[{"href":"https:\/\/bas-tv.md\/ro\/wp-json\/wp\/v2\/posts"}],"about":[{"href":"https:\/\/bas-tv.md\/ro\/wp-json\/wp\/v2\/types\/post"}],"author":[{"embeddable":true,"href":"https:\/\/bas-tv.md\/ro\/wp-json\/wp\/v2\/users\/3"}],"replies":[{"embeddable":true,"href":"https:\/\/bas-tv.md\/ro\/wp-json\/wp\/v2\/comments?post=162100"}],"version-history":[{"count":1,"href":"https:\/\/bas-tv.md\/ro\/wp-json\/wp\/v2\/posts\/162100\/revisions"}],"predecessor-version":[{"id":162101,"href":"https:\/\/bas-tv.md\/ro\/wp-json\/wp\/v2\/posts\/162100\/revisions\/162101"}],"wp:featuredmedia":[{"embeddable":true,"href":"https:\/\/bas-tv.md\/ro\/wp-json\/wp\/v2\/media\/162005"}],"wp:attachment":[{"href":"https:\/\/bas-tv.md\/ro\/wp-json\/wp\/v2\/media?parent=162100"}],"wp:term":[{"taxonomy":"category","embeddable":true,"href":"https:\/\/bas-tv.md\/ro\/wp-json\/wp\/v2\/categories?post=162100"},{"taxonomy":"post_tag","embeddable":true,"href":"https:\/\/bas-tv.md\/ro\/wp-json\/wp\/v2\/tags?post=162100"}],"curies":[{"name":"wp","href":"https:\/\/api.w.org\/{rel}","templated":true}]}}