{"id":162668,"date":"2025-10-09T11:30:05","date_gmt":"2025-10-09T08:30:05","guid":{"rendered":"https:\/\/bas-tv.md\/?p=162668"},"modified":"2025-10-07T13:24:16","modified_gmt":"2025-10-07T10:24:16","slug":"promo-stiri-alternative-de-media-tv-cimislia","status":"publish","type":"post","link":"https:\/\/bas-tv.md\/ro\/promo-stiri-alternative-de-media-tv-cimislia\/","title":{"rendered":"Promo Stiri Alternative de Media TV Cimi\u0219lia"},"content":{"rendered":"<p><strong>\u00cen fiecare zi de s\u00e2mb\u0103t\u0103 \u0219i duminic\u0103 la posturile TV locale \u0219i pe re\u021bele sociale viziona\u021bi o sintez\u0103 s\u0103pt\u0103m\u00e2nal\u0103 a \u0219tirilor locale cu traducere mimico-gestual\u00e2 cu partajarea ecranului de 1\/3 pentru translator, precum prevede Regulamentului Consiliului Audiovizual. <\/strong><\/p>\n<p>Este un program de \u0219tiri realizat de Media TV Cimi\u0219lia in cadrul proiectului finan\u021bat din Fondul de sus\u021binere al mass media al Ministerului Culturii.<\/p>\n<p>Urm\u0103ri\u021bi \u0219tiri cu traducere mimico-gestual\u0103 la Cahul, Taraclia, Comrat, Basarabeasca, Cimi\u0219lia, C\u0103u\u0219eni, \u0218tefan Vod\u0103, Nisporeni, Soroca, Drochia, Chi\u0219in\u0103u s.a. localit\u0103\u021bi.<\/p>\n<p><iframe title=\"Promo Stiri Alternative de Media TV Cimi\u0219lia\" width=\"580\" height=\"326\" data-src=\"https:\/\/www.youtube.com\/embed\/ewRu5y8-jOU?feature=oembed\" frameborder=\"0\" allow=\"accelerometer; autoplay; clipboard-write; encrypted-media; gyroscope; picture-in-picture; web-share\" referrerpolicy=\"strict-origin-when-cross-origin\" allowfullscreen src=\"data:image\/svg+xml;base64,PHN2ZyB3aWR0aD0iMSIgaGVpZ2h0PSIxIiB4bWxucz0iaHR0cDovL3d3dy53My5vcmcvMjAwMC9zdmciPjwvc3ZnPg==\" class=\"lazyload\" data-load-mode=\"1\"><\/iframe><\/p>\n<p><b>Abona\u021bi-v\u0103 la noi pe re\u021bele sociale:\u00a0<\/b><a href=\"https:\/\/t.me\/bastvmd\"><b><i>Telegram<\/i><\/b><\/a><b>,\u00a0<\/b><a href=\"https:\/\/www.youtube.com\/channel\/UC-9005PnLnhpNM8PVSjP2dQ\/featured\"><b><i>YouTube<\/i><\/b><\/a><b>,\u00a0<\/b><a href=\"https:\/\/www.facebook.com\/bastv.md\"><b><i>Facebook<\/i><\/b><\/a>\u00a0<strong>\u0219i\u00a0<\/strong><a href=\"https:\/\/www.instagram.com\/bastv.md\/\"><b><i>Instagram<\/i><\/b><\/a><b>. Aici public\u0103m \u0219tiri pe scurt.<\/b><\/p>\n","protected":false},"excerpt":{"rendered":"<p>\u00cen fiecare zi de s\u00e2mb\u0103t\u0103 \u0219i duminic\u0103 la posturile TV locale \u0219i pe re\u021bele sociale viziona\u021bi o sintez\u0103 s\u0103pt\u0103m\u00e2nal\u0103 a \u0219tirilor locale cu traducere mimico-gestual\u00e2 cu partajarea ecranului de 1\/3 pentru translator, precum prevede Regulamentului Consiliului Audiovizual. Este un program de \u0219tiri realizat de Media TV Cimi\u0219lia in cadrul proiectului finan\u021bat din Fondul de sus\u021binere [&hellip;]<\/p>\n","protected":false},"author":3,"featured_media":162671,"comment_status":"closed","ping_status":"closed","sticky":false,"template":"","format":"standard","meta":{"footnotes":""},"categories":[603,586],"tags":[14405,693,4315,4062,897,733,2572,4061,14403,12749,14295,14408,14404,4059,4117,2916,14406,14407,12751,14402],"class_list":["post-162668","post","type-post","status-publish","format-standard","has-post-thumbnail","hentry","category-diverse","category-divertisment","tag-accesibilitate-media","tag-basarabeasca-ro","tag-cahul","tag-causeni","tag-chisinau","tag-cimislia","tag-comrat","tag-drochia","tag-fondul-de-sustinere-al-mass-media","tag-media-tv-cimislia","tag-ministerul-culturii","tag-nisporeni","tag-sinteza-saptamanala","tag-soroca","tag-stefan-voda","tag-stiri-locale","tag-stiri-pentru-persoane-cu-deficiente-de-auz","tag-stiri-regionale","tag-taraclia","tag-traducere-mimico-gestuala"],"yoast_head":"<!-- This site is optimized with the Yoast SEO plugin v27.5 - https:\/\/yoast.com\/product\/yoast-seo-wordpress\/ -->\n<title>Promo Stiri Alternative de Media TV Cimi\u0219lia<\/title>\n<meta name=\"description\" content=\"\u00cen fiecare weekend, urm\u0103ri\u021bi sinteza s\u0103pt\u0103m\u00e2nal\u0103 a \u0219tirilor locale cu traducere mimico-gestual\u0103, difuzat\u0103 la posturile TV regionale \u0219i pe re\u021belele sociale. Programul este realizat de Media TV Cimi\u0219lia \u00een cadrul proiectului finan\u021bat de Fondul de sus\u021binere al mass media al Ministerului Culturii.\" \/>\n<meta name=\"robots\" content=\"index, follow, max-snippet:-1, max-image-preview:large, max-video-preview:-1\" \/>\n<link rel=\"canonical\" href=\"https:\/\/bas-tv.md\/ro\/promo-stiri-alternative-de-media-tv-cimislia\/\" \/>\n<meta property=\"og:locale\" content=\"ro_RO\" \/>\n<meta property=\"og:type\" content=\"article\" \/>\n<meta property=\"og:title\" content=\"Promo Stiri Alternative de Media TV Cimi\u0219lia\" \/>\n<meta property=\"og:description\" content=\"\u00cen fiecare weekend, urm\u0103ri\u021bi sinteza s\u0103pt\u0103m\u00e2nal\u0103 a \u0219tirilor locale cu traducere mimico-gestual\u0103, difuzat\u0103 la posturile TV regionale \u0219i pe re\u021belele sociale. Programul este realizat de Media TV Cimi\u0219lia \u00een cadrul proiectului finan\u021bat de Fondul de sus\u021binere al mass media al Ministerului Culturii.\" \/>\n<meta property=\"og:url\" content=\"https:\/\/bas-tv.md\/ro\/promo-stiri-alternative-de-media-tv-cimislia\/\" \/>\n<meta property=\"og:site_name\" content=\"BasTV\" \/>\n<meta property=\"article:published_time\" content=\"2025-10-09T08:30:05+00:00\" \/>\n<meta property=\"og:image\" content=\"https:\/\/bas-tv.md\/wp-content\/uploads\/2025\/10\/img_4366-e1754380522849-1536x798-1-1-1-1.png\" \/>\n\t<meta property=\"og:image:width\" content=\"1536\" \/>\n\t<meta property=\"og:image:height\" content=\"798\" \/>\n\t<meta property=\"og:image:type\" content=\"image\/png\" \/>\n<meta name=\"author\" content=\"Redactor\" \/>\n<meta name=\"twitter:card\" content=\"summary_large_image\" \/>\n<meta name=\"twitter:label1\" content=\"Scris de\" \/>\n\t<meta name=\"twitter:data1\" content=\"Redactor\" \/>\n\t<meta name=\"twitter:label2\" content=\"Timp estimat pentru citire\" \/>\n\t<meta name=\"twitter:data2\" content=\"1 minut\" \/>\n<script type=\"application\/ld+json\" class=\"yoast-schema-graph\">{\"@context\":\"https:\\\/\\\/schema.org\",\"@graph\":[{\"@type\":\"Article\",\"@id\":\"https:\\\/\\\/bas-tv.md\\\/ro\\\/promo-stiri-alternative-de-media-tv-cimislia\\\/#article\",\"isPartOf\":{\"@id\":\"https:\\\/\\\/bas-tv.md\\\/ro\\\/promo-stiri-alternative-de-media-tv-cimislia\\\/\"},\"author\":{\"name\":\"Redactor\",\"@id\":\"https:\\\/\\\/bas-tv.md\\\/ro\\\/#\\\/schema\\\/person\\\/8740f45ea2eca1f1695284fc03529af0\"},\"headline\":\"Promo Stiri Alternative de Media TV Cimi\u0219lia\",\"datePublished\":\"2025-10-09T08:30:05+00:00\",\"mainEntityOfPage\":{\"@id\":\"https:\\\/\\\/bas-tv.md\\\/ro\\\/promo-stiri-alternative-de-media-tv-cimislia\\\/\"},\"wordCount\":132,\"publisher\":{\"@id\":\"https:\\\/\\\/bas-tv.md\\\/ro\\\/#organization\"},\"image\":{\"@id\":\"https:\\\/\\\/bas-tv.md\\\/ro\\\/promo-stiri-alternative-de-media-tv-cimislia\\\/#primaryimage\"},\"thumbnailUrl\":\"https:\\\/\\\/bas-tv.md\\\/wp-content\\\/uploads\\\/2025\\\/10\\\/img_4366-e1754380522849-1536x798-1-1-1-1.png\",\"keywords\":[\"accesibilitate media\",\"Basarabeasca\",\"Cahul\",\"c\u0103u\u0219eni\",\"CHI\u0218IN\u0102U\",\"Cimi\u0219lia\",\"Comrat\",\"drochia\",\"Fondul de sus\u021binere al mass media\",\"MEDIA TV Cimi\u0219lia\",\"Ministerul Culturii\",\"Nisporeni\",\"sintez\u0103 s\u0103pt\u0103m\u00e2nal\u0103\",\"soroca\",\"\u0218tefan-Vod\u0103\",\"\u0219tiri locale\",\"\u0219tiri pentru persoane cu deficien\u021be de auz\",\"\u0219tiri regionale\",\"Taraclia\",\"traducere mimico-gestual\u0103\"],\"articleSection\":[\"Diverse\",\"Divertisment\"],\"inLanguage\":\"ro-RO\"},{\"@type\":\"WebPage\",\"@id\":\"https:\\\/\\\/bas-tv.md\\\/ro\\\/promo-stiri-alternative-de-media-tv-cimislia\\\/\",\"url\":\"https:\\\/\\\/bas-tv.md\\\/ro\\\/promo-stiri-alternative-de-media-tv-cimislia\\\/\",\"name\":\"Promo Stiri Alternative de Media TV Cimi\u0219lia\",\"isPartOf\":{\"@id\":\"https:\\\/\\\/bas-tv.md\\\/ro\\\/#website\"},\"primaryImageOfPage\":{\"@id\":\"https:\\\/\\\/bas-tv.md\\\/ro\\\/promo-stiri-alternative-de-media-tv-cimislia\\\/#primaryimage\"},\"image\":{\"@id\":\"https:\\\/\\\/bas-tv.md\\\/ro\\\/promo-stiri-alternative-de-media-tv-cimislia\\\/#primaryimage\"},\"thumbnailUrl\":\"https:\\\/\\\/bas-tv.md\\\/wp-content\\\/uploads\\\/2025\\\/10\\\/img_4366-e1754380522849-1536x798-1-1-1-1.png\",\"datePublished\":\"2025-10-09T08:30:05+00:00\",\"description\":\"\u00cen fiecare weekend, urm\u0103ri\u021bi sinteza s\u0103pt\u0103m\u00e2nal\u0103 a \u0219tirilor locale cu traducere mimico-gestual\u0103, difuzat\u0103 la posturile TV regionale \u0219i pe re\u021belele sociale. Programul este realizat de Media TV Cimi\u0219lia \u00een cadrul proiectului finan\u021bat de Fondul de sus\u021binere al mass media al Ministerului Culturii.\",\"inLanguage\":\"ro-RO\",\"potentialAction\":[{\"@type\":\"ReadAction\",\"target\":[\"https:\\\/\\\/bas-tv.md\\\/ro\\\/promo-stiri-alternative-de-media-tv-cimislia\\\/\"]}]},{\"@type\":\"ImageObject\",\"inLanguage\":\"ro-RO\",\"@id\":\"https:\\\/\\\/bas-tv.md\\\/ro\\\/promo-stiri-alternative-de-media-tv-cimislia\\\/#primaryimage\",\"url\":\"https:\\\/\\\/bas-tv.md\\\/wp-content\\\/uploads\\\/2025\\\/10\\\/img_4366-e1754380522849-1536x798-1-1-1-1.png\",\"contentUrl\":\"https:\\\/\\\/bas-tv.md\\\/wp-content\\\/uploads\\\/2025\\\/10\\\/img_4366-e1754380522849-1536x798-1-1-1-1.png\",\"width\":1536,\"height\":798,\"caption\":\"Stirile Alternative \u00een limbajul mimico- gestual din 11 octombrie\"},{\"@type\":\"WebSite\",\"@id\":\"https:\\\/\\\/bas-tv.md\\\/ro\\\/#website\",\"url\":\"https:\\\/\\\/bas-tv.md\\\/ro\\\/\",\"name\":\"BasTV\",\"description\":\"Moldova\",\"publisher\":{\"@id\":\"https:\\\/\\\/bas-tv.md\\\/ro\\\/#organization\"},\"potentialAction\":[{\"@type\":\"SearchAction\",\"target\":{\"@type\":\"EntryPoint\",\"urlTemplate\":\"https:\\\/\\\/bas-tv.md\\\/ro\\\/?s={search_term_string}\"},\"query-input\":{\"@type\":\"PropertyValueSpecification\",\"valueRequired\":true,\"valueName\":\"search_term_string\"}}],\"inLanguage\":\"ro-RO\"},{\"@type\":\"Organization\",\"@id\":\"https:\\\/\\\/bas-tv.md\\\/ro\\\/#organization\",\"name\":\"BasTV\",\"url\":\"https:\\\/\\\/bas-tv.md\\\/ro\\\/\",\"logo\":{\"@type\":\"ImageObject\",\"inLanguage\":\"ro-RO\",\"@id\":\"https:\\\/\\\/bas-tv.md\\\/ro\\\/#\\\/schema\\\/logo\\\/image\\\/\",\"url\":\"https:\\\/\\\/bas-tv.md\\\/wp-content\\\/uploads\\\/2023\\\/05\\\/bas-tv-culoarea-rosie.png\",\"contentUrl\":\"https:\\\/\\\/bas-tv.md\\\/wp-content\\\/uploads\\\/2023\\\/05\\\/bas-tv-culoarea-rosie.png\",\"width\":202,\"height\":50,\"caption\":\"BasTV\"},\"image\":{\"@id\":\"https:\\\/\\\/bas-tv.md\\\/ro\\\/#\\\/schema\\\/logo\\\/image\\\/\"}},{\"@type\":\"Person\",\"@id\":\"https:\\\/\\\/bas-tv.md\\\/ro\\\/#\\\/schema\\\/person\\\/8740f45ea2eca1f1695284fc03529af0\",\"name\":\"Redactor\",\"image\":{\"@type\":\"ImageObject\",\"inLanguage\":\"ro-RO\",\"@id\":\"https:\\\/\\\/secure.gravatar.com\\\/avatar\\\/45b6af9fc91c10b15a8b40e67c1f57bab2e9614fc9f0af95cf453d61934e9aad?s=96&d=mm&r=g\",\"url\":\"https:\\\/\\\/secure.gravatar.com\\\/avatar\\\/45b6af9fc91c10b15a8b40e67c1f57bab2e9614fc9f0af95cf453d61934e9aad?s=96&d=mm&r=g\",\"contentUrl\":\"https:\\\/\\\/secure.gravatar.com\\\/avatar\\\/45b6af9fc91c10b15a8b40e67c1f57bab2e9614fc9f0af95cf453d61934e9aad?s=96&d=mm&r=g\",\"caption\":\"Redactor\"},\"url\":\"https:\\\/\\\/bas-tv.md\\\/ro\\\/author\\\/redactor\\\/\"}]}<\/script>\n<!-- \/ Yoast SEO plugin. -->","yoast_head_json":{"title":"Promo Stiri Alternative de Media TV Cimi\u0219lia","description":"\u00cen fiecare weekend, urm\u0103ri\u021bi sinteza s\u0103pt\u0103m\u00e2nal\u0103 a \u0219tirilor locale cu traducere mimico-gestual\u0103, difuzat\u0103 la posturile TV regionale \u0219i pe re\u021belele sociale. Programul este realizat de Media TV Cimi\u0219lia \u00een cadrul proiectului finan\u021bat de Fondul de sus\u021binere al mass media al Ministerului Culturii.","robots":{"index":"index","follow":"follow","max-snippet":"max-snippet:-1","max-image-preview":"max-image-preview:large","max-video-preview":"max-video-preview:-1"},"canonical":"https:\/\/bas-tv.md\/ro\/promo-stiri-alternative-de-media-tv-cimislia\/","og_locale":"ro_RO","og_type":"article","og_title":"Promo Stiri Alternative de Media TV Cimi\u0219lia","og_description":"\u00cen fiecare weekend, urm\u0103ri\u021bi sinteza s\u0103pt\u0103m\u00e2nal\u0103 a \u0219tirilor locale cu traducere mimico-gestual\u0103, difuzat\u0103 la posturile TV regionale \u0219i pe re\u021belele sociale. Programul este realizat de Media TV Cimi\u0219lia \u00een cadrul proiectului finan\u021bat de Fondul de sus\u021binere al mass media al Ministerului Culturii.","og_url":"https:\/\/bas-tv.md\/ro\/promo-stiri-alternative-de-media-tv-cimislia\/","og_site_name":"BasTV","article_published_time":"2025-10-09T08:30:05+00:00","og_image":[{"width":1536,"height":798,"url":"https:\/\/bas-tv.md\/wp-content\/uploads\/2025\/10\/img_4366-e1754380522849-1536x798-1-1-1-1.png","type":"image\/png"}],"author":"Redactor","twitter_card":"summary_large_image","twitter_misc":{"Scris de":"Redactor","Timp estimat pentru citire":"1 minut"},"schema":{"@context":"https:\/\/schema.org","@graph":[{"@type":"Article","@id":"https:\/\/bas-tv.md\/ro\/promo-stiri-alternative-de-media-tv-cimislia\/#article","isPartOf":{"@id":"https:\/\/bas-tv.md\/ro\/promo-stiri-alternative-de-media-tv-cimislia\/"},"author":{"name":"Redactor","@id":"https:\/\/bas-tv.md\/ro\/#\/schema\/person\/8740f45ea2eca1f1695284fc03529af0"},"headline":"Promo Stiri Alternative de Media TV Cimi\u0219lia","datePublished":"2025-10-09T08:30:05+00:00","mainEntityOfPage":{"@id":"https:\/\/bas-tv.md\/ro\/promo-stiri-alternative-de-media-tv-cimislia\/"},"wordCount":132,"publisher":{"@id":"https:\/\/bas-tv.md\/ro\/#organization"},"image":{"@id":"https:\/\/bas-tv.md\/ro\/promo-stiri-alternative-de-media-tv-cimislia\/#primaryimage"},"thumbnailUrl":"https:\/\/bas-tv.md\/wp-content\/uploads\/2025\/10\/img_4366-e1754380522849-1536x798-1-1-1-1.png","keywords":["accesibilitate media","Basarabeasca","Cahul","c\u0103u\u0219eni","CHI\u0218IN\u0102U","Cimi\u0219lia","Comrat","drochia","Fondul de sus\u021binere al mass media","MEDIA TV Cimi\u0219lia","Ministerul Culturii","Nisporeni","sintez\u0103 s\u0103pt\u0103m\u00e2nal\u0103","soroca","\u0218tefan-Vod\u0103","\u0219tiri locale","\u0219tiri pentru persoane cu deficien\u021be de auz","\u0219tiri regionale","Taraclia","traducere mimico-gestual\u0103"],"articleSection":["Diverse","Divertisment"],"inLanguage":"ro-RO"},{"@type":"WebPage","@id":"https:\/\/bas-tv.md\/ro\/promo-stiri-alternative-de-media-tv-cimislia\/","url":"https:\/\/bas-tv.md\/ro\/promo-stiri-alternative-de-media-tv-cimislia\/","name":"Promo Stiri Alternative de Media TV Cimi\u0219lia","isPartOf":{"@id":"https:\/\/bas-tv.md\/ro\/#website"},"primaryImageOfPage":{"@id":"https:\/\/bas-tv.md\/ro\/promo-stiri-alternative-de-media-tv-cimislia\/#primaryimage"},"image":{"@id":"https:\/\/bas-tv.md\/ro\/promo-stiri-alternative-de-media-tv-cimislia\/#primaryimage"},"thumbnailUrl":"https:\/\/bas-tv.md\/wp-content\/uploads\/2025\/10\/img_4366-e1754380522849-1536x798-1-1-1-1.png","datePublished":"2025-10-09T08:30:05+00:00","description":"\u00cen fiecare weekend, urm\u0103ri\u021bi sinteza s\u0103pt\u0103m\u00e2nal\u0103 a \u0219tirilor locale cu traducere mimico-gestual\u0103, difuzat\u0103 la posturile TV regionale \u0219i pe re\u021belele sociale. Programul este realizat de Media TV Cimi\u0219lia \u00een cadrul proiectului finan\u021bat de Fondul de sus\u021binere al mass media al Ministerului Culturii.","inLanguage":"ro-RO","potentialAction":[{"@type":"ReadAction","target":["https:\/\/bas-tv.md\/ro\/promo-stiri-alternative-de-media-tv-cimislia\/"]}]},{"@type":"ImageObject","inLanguage":"ro-RO","@id":"https:\/\/bas-tv.md\/ro\/promo-stiri-alternative-de-media-tv-cimislia\/#primaryimage","url":"https:\/\/bas-tv.md\/wp-content\/uploads\/2025\/10\/img_4366-e1754380522849-1536x798-1-1-1-1.png","contentUrl":"https:\/\/bas-tv.md\/wp-content\/uploads\/2025\/10\/img_4366-e1754380522849-1536x798-1-1-1-1.png","width":1536,"height":798,"caption":"Stirile Alternative \u00een limbajul mimico- gestual din 11 octombrie"},{"@type":"WebSite","@id":"https:\/\/bas-tv.md\/ro\/#website","url":"https:\/\/bas-tv.md\/ro\/","name":"BasTV","description":"Moldova","publisher":{"@id":"https:\/\/bas-tv.md\/ro\/#organization"},"potentialAction":[{"@type":"SearchAction","target":{"@type":"EntryPoint","urlTemplate":"https:\/\/bas-tv.md\/ro\/?s={search_term_string}"},"query-input":{"@type":"PropertyValueSpecification","valueRequired":true,"valueName":"search_term_string"}}],"inLanguage":"ro-RO"},{"@type":"Organization","@id":"https:\/\/bas-tv.md\/ro\/#organization","name":"BasTV","url":"https:\/\/bas-tv.md\/ro\/","logo":{"@type":"ImageObject","inLanguage":"ro-RO","@id":"https:\/\/bas-tv.md\/ro\/#\/schema\/logo\/image\/","url":"https:\/\/bas-tv.md\/wp-content\/uploads\/2023\/05\/bas-tv-culoarea-rosie.png","contentUrl":"https:\/\/bas-tv.md\/wp-content\/uploads\/2023\/05\/bas-tv-culoarea-rosie.png","width":202,"height":50,"caption":"BasTV"},"image":{"@id":"https:\/\/bas-tv.md\/ro\/#\/schema\/logo\/image\/"}},{"@type":"Person","@id":"https:\/\/bas-tv.md\/ro\/#\/schema\/person\/8740f45ea2eca1f1695284fc03529af0","name":"Redactor","image":{"@type":"ImageObject","inLanguage":"ro-RO","@id":"https:\/\/secure.gravatar.com\/avatar\/45b6af9fc91c10b15a8b40e67c1f57bab2e9614fc9f0af95cf453d61934e9aad?s=96&d=mm&r=g","url":"https:\/\/secure.gravatar.com\/avatar\/45b6af9fc91c10b15a8b40e67c1f57bab2e9614fc9f0af95cf453d61934e9aad?s=96&d=mm&r=g","contentUrl":"https:\/\/secure.gravatar.com\/avatar\/45b6af9fc91c10b15a8b40e67c1f57bab2e9614fc9f0af95cf453d61934e9aad?s=96&d=mm&r=g","caption":"Redactor"},"url":"https:\/\/bas-tv.md\/ro\/author\/redactor\/"}]}},"views":202,"_links":{"self":[{"href":"https:\/\/bas-tv.md\/ro\/wp-json\/wp\/v2\/posts\/162668","targetHints":{"allow":["GET"]}}],"collection":[{"href":"https:\/\/bas-tv.md\/ro\/wp-json\/wp\/v2\/posts"}],"about":[{"href":"https:\/\/bas-tv.md\/ro\/wp-json\/wp\/v2\/types\/post"}],"author":[{"embeddable":true,"href":"https:\/\/bas-tv.md\/ro\/wp-json\/wp\/v2\/users\/3"}],"replies":[{"embeddable":true,"href":"https:\/\/bas-tv.md\/ro\/wp-json\/wp\/v2\/comments?post=162668"}],"version-history":[{"count":4,"href":"https:\/\/bas-tv.md\/ro\/wp-json\/wp\/v2\/posts\/162668\/revisions"}],"predecessor-version":[{"id":162674,"href":"https:\/\/bas-tv.md\/ro\/wp-json\/wp\/v2\/posts\/162668\/revisions\/162674"}],"wp:featuredmedia":[{"embeddable":true,"href":"https:\/\/bas-tv.md\/ro\/wp-json\/wp\/v2\/media\/162671"}],"wp:attachment":[{"href":"https:\/\/bas-tv.md\/ro\/wp-json\/wp\/v2\/media?parent=162668"}],"wp:term":[{"taxonomy":"category","embeddable":true,"href":"https:\/\/bas-tv.md\/ro\/wp-json\/wp\/v2\/categories?post=162668"},{"taxonomy":"post_tag","embeddable":true,"href":"https:\/\/bas-tv.md\/ro\/wp-json\/wp\/v2\/tags?post=162668"}],"curies":[{"name":"wp","href":"https:\/\/api.w.org\/{rel}","templated":true}]}}