{"id":162681,"date":"2025-10-07T20:00:25","date_gmt":"2025-10-07T17:00:25","guid":{"rendered":"https:\/\/bas-tv.md\/?p=162681"},"modified":"2025-10-07T15:22:48","modified_gmt":"2025-10-07T12:22:48","slug":"un-rau-mai-curat-un-mediu-mai-sigur-32-km-de-albie-curatata-si-o-zona-verde-de-27-ha-pentru-locuitorii-din-costangalia","status":"publish","type":"post","link":"https:\/\/bas-tv.md\/ro\/un-rau-mai-curat-un-mediu-mai-sigur-32-km-de-albie-curatata-si-o-zona-verde-de-27-ha-pentru-locuitorii-din-costangalia\/","title":{"rendered":"Un r\u00e2u mai curat, un mediu mai sigur: 3,2 km de albie cur\u0103\u021bat\u0103 \u0219i o zon\u0103 verde de 2,7 ha pentru locuitorii din Co\u0219tangalia"},"content":{"rendered":"<p data-start=\"102\" data-end=\"430\"><strong data-start=\"65\" data-end=\"199\">\u00cen satul Co\u0219tangalia, raionul Cimi\u0219lia, se afl\u0103 \u00een derulare un amplu proiect de mediu ce vizeaz\u0103 cur\u0103\u021barea \u0219i reabilitarea r\u00e2ului local.<\/strong> <strong>Ini\u021biativa face parte din domeniul managementului integrat al resurselor de ap\u0103 \u0219i are drept scop \u00eembun\u0103t\u0103\u021birea calit\u0103\u021bii mediului \u0219i a vie\u021bii locuitorilor din comuna Ecaterinovca.<\/strong><\/p>\n<p data-start=\"432\" data-end=\"950\">Proiectul urm\u0103re\u0219te reducerea presiunii asupra ecosistemelor locale \u0219i asigurarea unui cadru s\u0103n\u0103tos \u0219i sigur pentru comunitate. Printre obiectivele specifice se num\u0103r\u0103 protejarea gospod\u0103riilor \u0219i infrastructurii de riscul inunda\u021biilor, restaurarea albiei r\u00e2ului \u0219i amenajarea zonelor verzi de protec\u021bie, precum \u0219i reducerea nivelului de poluare a apei din bazinul hidrografic. Totodat\u0103, ini\u021biativa \u00ee\u0219i propune s\u0103 creeze un spa\u021biu de recreere \u00eentr-un cadru natural \u0219i \u00eembun\u0103t\u0103\u021birea aspectului estetic al localit\u0103\u021bii.<\/p>\n<p data-start=\"952\" data-end=\"1452\">Potrivit Oficiului Na\u021bional de Implementare a Proiectelor \u00een domeniul Mediului (ONIPM), \u00een cadrul proiectului, p\u00e2n\u0103 la etapa actual\u0103, au fost cur\u0103\u021ba\u021bi \u0219i amenaja\u021bi 3,2 kilometri de albie a r\u00e2ului. Suplimentar, unul dintre podurile existente se afl\u0103 \u00een proces de reabilitare, pentru a asigura o infrastructur\u0103 sigur\u0103 \u0219i durabil\u0103.<\/p>\n<p data-start=\"952\" data-end=\"1452\">La etapa urm\u0103toare, urmeaz\u0103 a fi amenajat\u0103 o zon\u0103 verde, cu suprafa\u021ba de 2,7 hectare, pe care vor\u00a0fi planta\u021bi 230 de copaci. Spa\u021biul de recreere va fi dotat \u0219i cu un foi\u0219or, de care se vor putea bucura locuitorii satului.<\/p>\n<p data-start=\"1454\" data-end=\"1901\">\u00cen urma implement\u0103rii acestui proiect, comunitatea local\u0103 va beneficia nu doar de un mediu mai curat, ci \u0219i de o infrastructur\u0103 modernizat\u0103. Efectele pozitive se vor resim\u021bi at\u00e2t la nivelul gospod\u0103riilor, c\u00e2t \u0219i al institu\u021biilor publice \u0219i agen\u021bilor economici locali. \u00cen acela\u0219i timp, potrivit ONiPM, proiectul va contribui la reducerea riscurilor ecologice \u0219i la \u00eembun\u0103t\u0103\u021birea calit\u0103\u021bii vie\u021bii celor peste 1700 de locuitori ai satului.<\/p>\n<p data-start=\"1903\" data-end=\"2376\">Oficiului Na\u021bional de Implementare a Proiectelor \u00een domeniul Mediului, responsabil de implementarea proiectului \u00een satul Co\u0219tangalia, este o institu\u021bie public\u0103 fondat\u0103 de Ministerul Mediului, care are misiunea de a promova protec\u021bia mediului printr-un management eficient al proiectelor de asisten\u021b\u0103 financiar\u0103 \u0219i tehnic\u0103, at\u00e2t interne, c\u00e2t \u0219i externe. Activitatea sa se concentreaz\u0103 pe domenii-cheie precum protec\u021bia mediului, combaterea schimb\u0103rilor climatice \u0219i gestionarea durabil\u0103 a resurselor naturale, \u00een beneficiul s\u0103n\u0103t\u0103\u021bii publice \u0219i al comunit\u0103\u021bilor locale.<\/p>\n<div id='gallery-1' class='gallery galleryid-162681 gallery-columns-3 gallery-size-large'><figure class='gallery-item'>\n\t\t\t<div class='gallery-icon portrait'>\n\t\t\t\t<a href='https:\/\/bas-tv.md\/ro\/un-rau-mai-curat-un-mediu-mai-sigur-32-km-de-albie-curatata-si-o-zona-verde-de-27-ha-pentru-locuitorii-din-costangalia\/558920911_1166193978962629_334665256359750802_n\/'><img fetchpriority=\"high\" decoding=\"async\" width=\"580\" height=\"773\" src=\"https:\/\/bas-tv.md\/wp-content\/uploads\/2025\/10\/558920911_1166193978962629_334665256359750802_n-768x1024.jpg\" class=\"attachment-large size-large\" alt=\"\" srcset=\"https:\/\/bas-tv.md\/wp-content\/uploads\/2025\/10\/558920911_1166193978962629_334665256359750802_n-768x1024.jpg 768w, https:\/\/bas-tv.md\/wp-content\/uploads\/2025\/10\/558920911_1166193978962629_334665256359750802_n-225x300.jpg 225w, https:\/\/bas-tv.md\/wp-content\/uploads\/2025\/10\/558920911_1166193978962629_334665256359750802_n-1152x1536.jpg 1152w, https:\/\/bas-tv.md\/wp-content\/uploads\/2025\/10\/558920911_1166193978962629_334665256359750802_n-1200x1600.jpg 1200w, https:\/\/bas-tv.md\/wp-content\/uploads\/2025\/10\/558920911_1166193978962629_334665256359750802_n.jpg 1536w\" sizes=\"(max-width: 580px) 100vw, 580px\" \/><\/a>\n\t\t\t<\/div><\/figure><figure class='gallery-item'>\n\t\t\t<div class='gallery-icon portrait'>\n\t\t\t\t<a href='https:\/\/bas-tv.md\/ro\/un-rau-mai-curat-un-mediu-mai-sigur-32-km-de-albie-curatata-si-o-zona-verde-de-27-ha-pentru-locuitorii-din-costangalia\/560748218_1166193938962633_5293323927385687864_n\/'><img decoding=\"async\" width=\"580\" height=\"773\" src=\"https:\/\/bas-tv.md\/wp-content\/uploads\/2025\/10\/560748218_1166193938962633_5293323927385687864_n-768x1024.jpg\" class=\"attachment-large size-large\" alt=\"\" srcset=\"https:\/\/bas-tv.md\/wp-content\/uploads\/2025\/10\/560748218_1166193938962633_5293323927385687864_n-768x1024.jpg 768w, https:\/\/bas-tv.md\/wp-content\/uploads\/2025\/10\/560748218_1166193938962633_5293323927385687864_n-225x300.jpg 225w, https:\/\/bas-tv.md\/wp-content\/uploads\/2025\/10\/560748218_1166193938962633_5293323927385687864_n-1152x1536.jpg 1152w, https:\/\/bas-tv.md\/wp-content\/uploads\/2025\/10\/560748218_1166193938962633_5293323927385687864_n-1200x1600.jpg 1200w, https:\/\/bas-tv.md\/wp-content\/uploads\/2025\/10\/560748218_1166193938962633_5293323927385687864_n.jpg 1536w\" sizes=\"(max-width: 580px) 100vw, 580px\" \/><\/a>\n\t\t\t<\/div><\/figure><figure class='gallery-item'>\n\t\t\t<div class='gallery-icon portrait'>\n\t\t\t\t<a href='https:\/\/bas-tv.md\/ro\/un-rau-mai-curat-un-mediu-mai-sigur-32-km-de-albie-curatata-si-o-zona-verde-de-27-ha-pentru-locuitorii-din-costangalia\/560136131_1166193602296000_14590174780218087_n\/'><img decoding=\"async\" width=\"580\" height=\"773\" src=\"https:\/\/bas-tv.md\/wp-content\/uploads\/2025\/10\/560136131_1166193602296000_14590174780218087_n-768x1024.jpg\" class=\"attachment-large size-large\" alt=\"\" srcset=\"https:\/\/bas-tv.md\/wp-content\/uploads\/2025\/10\/560136131_1166193602296000_14590174780218087_n-768x1024.jpg 768w, https:\/\/bas-tv.md\/wp-content\/uploads\/2025\/10\/560136131_1166193602296000_14590174780218087_n-225x300.jpg 225w, https:\/\/bas-tv.md\/wp-content\/uploads\/2025\/10\/560136131_1166193602296000_14590174780218087_n-1152x1536.jpg 1152w, https:\/\/bas-tv.md\/wp-content\/uploads\/2025\/10\/560136131_1166193602296000_14590174780218087_n-1200x1600.jpg 1200w, https:\/\/bas-tv.md\/wp-content\/uploads\/2025\/10\/560136131_1166193602296000_14590174780218087_n.jpg 1536w\" sizes=\"(max-width: 580px) 100vw, 580px\" \/><\/a>\n\t\t\t<\/div><\/figure><figure class='gallery-item'>\n\t\t\t<div class='gallery-icon landscape'>\n\t\t\t\t<a href='https:\/\/bas-tv.md\/ro\/un-rau-mai-curat-un-mediu-mai-sigur-32-km-de-albie-curatata-si-o-zona-verde-de-27-ha-pentru-locuitorii-din-costangalia\/558989818_1166193858962641_7964394040611590353_n-2\/'><img loading=\"lazy\" decoding=\"async\" width=\"580\" height=\"435\" src=\"https:\/\/bas-tv.md\/wp-content\/uploads\/2025\/10\/558989818_1166193858962641_7964394040611590353_n-1-1024x768.jpg\" class=\"attachment-large size-large\" alt=\"\" srcset=\"https:\/\/bas-tv.md\/wp-content\/uploads\/2025\/10\/558989818_1166193858962641_7964394040611590353_n-1-1024x768.jpg 1024w, https:\/\/bas-tv.md\/wp-content\/uploads\/2025\/10\/558989818_1166193858962641_7964394040611590353_n-1-300x225.jpg 300w, https:\/\/bas-tv.md\/wp-content\/uploads\/2025\/10\/558989818_1166193858962641_7964394040611590353_n-1-768x576.jpg 768w, https:\/\/bas-tv.md\/wp-content\/uploads\/2025\/10\/558989818_1166193858962641_7964394040611590353_n-1-1536x1152.jpg 1536w, https:\/\/bas-tv.md\/wp-content\/uploads\/2025\/10\/558989818_1166193858962641_7964394040611590353_n-1-1200x900.jpg 1200w, https:\/\/bas-tv.md\/wp-content\/uploads\/2025\/10\/558989818_1166193858962641_7964394040611590353_n-1-1980x1485.jpg 1980w, https:\/\/bas-tv.md\/wp-content\/uploads\/2025\/10\/558989818_1166193858962641_7964394040611590353_n-1.jpg 2048w\" sizes=\"(max-width: 580px) 100vw, 580px\" \/><\/a>\n\t\t\t<\/div><\/figure><figure class='gallery-item'>\n\t\t\t<div class='gallery-icon landscape'>\n\t\t\t\t<a href='https:\/\/bas-tv.md\/ro\/un-rau-mai-curat-un-mediu-mai-sigur-32-km-de-albie-curatata-si-o-zona-verde-de-27-ha-pentru-locuitorii-din-costangalia\/561323625_1166193835629310_8472278066182135631_n\/'><img loading=\"lazy\" decoding=\"async\" width=\"580\" height=\"435\" src=\"https:\/\/bas-tv.md\/wp-content\/uploads\/2025\/10\/561323625_1166193835629310_8472278066182135631_n-1024x768.jpg\" class=\"attachment-large size-large\" alt=\"\" srcset=\"https:\/\/bas-tv.md\/wp-content\/uploads\/2025\/10\/561323625_1166193835629310_8472278066182135631_n-1024x768.jpg 1024w, https:\/\/bas-tv.md\/wp-content\/uploads\/2025\/10\/561323625_1166193835629310_8472278066182135631_n-300x225.jpg 300w, https:\/\/bas-tv.md\/wp-content\/uploads\/2025\/10\/561323625_1166193835629310_8472278066182135631_n-768x576.jpg 768w, https:\/\/bas-tv.md\/wp-content\/uploads\/2025\/10\/561323625_1166193835629310_8472278066182135631_n-1536x1152.jpg 1536w, https:\/\/bas-tv.md\/wp-content\/uploads\/2025\/10\/561323625_1166193835629310_8472278066182135631_n-1200x900.jpg 1200w, https:\/\/bas-tv.md\/wp-content\/uploads\/2025\/10\/561323625_1166193835629310_8472278066182135631_n-1980x1485.jpg 1980w, https:\/\/bas-tv.md\/wp-content\/uploads\/2025\/10\/561323625_1166193835629310_8472278066182135631_n.jpg 2048w\" sizes=\"(max-width: 580px) 100vw, 580px\" \/><\/a>\n\t\t\t<\/div><\/figure><figure class='gallery-item'>\n\t\t\t<div class='gallery-icon landscape'>\n\t\t\t\t<a href='https:\/\/bas-tv.md\/ro\/un-rau-mai-curat-un-mediu-mai-sigur-32-km-de-albie-curatata-si-o-zona-verde-de-27-ha-pentru-locuitorii-din-costangalia\/560657068_1166193775629316_6559375246036634933_n\/'><img loading=\"lazy\" decoding=\"async\" width=\"580\" height=\"435\" src=\"https:\/\/bas-tv.md\/wp-content\/uploads\/2025\/10\/560657068_1166193775629316_6559375246036634933_n-1024x768.jpg\" class=\"attachment-large size-large\" alt=\"\" srcset=\"https:\/\/bas-tv.md\/wp-content\/uploads\/2025\/10\/560657068_1166193775629316_6559375246036634933_n-1024x768.jpg 1024w, https:\/\/bas-tv.md\/wp-content\/uploads\/2025\/10\/560657068_1166193775629316_6559375246036634933_n-300x225.jpg 300w, https:\/\/bas-tv.md\/wp-content\/uploads\/2025\/10\/560657068_1166193775629316_6559375246036634933_n-768x576.jpg 768w, https:\/\/bas-tv.md\/wp-content\/uploads\/2025\/10\/560657068_1166193775629316_6559375246036634933_n-1536x1152.jpg 1536w, https:\/\/bas-tv.md\/wp-content\/uploads\/2025\/10\/560657068_1166193775629316_6559375246036634933_n-1200x900.jpg 1200w, https:\/\/bas-tv.md\/wp-content\/uploads\/2025\/10\/560657068_1166193775629316_6559375246036634933_n-1980x1485.jpg 1980w, https:\/\/bas-tv.md\/wp-content\/uploads\/2025\/10\/560657068_1166193775629316_6559375246036634933_n.jpg 2048w\" sizes=\"(max-width: 580px) 100vw, 580px\" \/><\/a>\n\t\t\t<\/div><\/figure><figure class='gallery-item'>\n\t\t\t<div class='gallery-icon landscape'>\n\t\t\t\t<a href='https:\/\/bas-tv.md\/ro\/un-rau-mai-curat-un-mediu-mai-sigur-32-km-de-albie-curatata-si-o-zona-verde-de-27-ha-pentru-locuitorii-din-costangalia\/558977165_1166193492296011_916337935618098971_n\/'><img loading=\"lazy\" decoding=\"async\" width=\"580\" height=\"435\" src=\"https:\/\/bas-tv.md\/wp-content\/uploads\/2025\/10\/558977165_1166193492296011_916337935618098971_n-1024x768.jpg\" class=\"attachment-large size-large\" alt=\"\" srcset=\"https:\/\/bas-tv.md\/wp-content\/uploads\/2025\/10\/558977165_1166193492296011_916337935618098971_n-1024x768.jpg 1024w, https:\/\/bas-tv.md\/wp-content\/uploads\/2025\/10\/558977165_1166193492296011_916337935618098971_n-300x225.jpg 300w, https:\/\/bas-tv.md\/wp-content\/uploads\/2025\/10\/558977165_1166193492296011_916337935618098971_n-768x576.jpg 768w, https:\/\/bas-tv.md\/wp-content\/uploads\/2025\/10\/558977165_1166193492296011_916337935618098971_n-1536x1152.jpg 1536w, https:\/\/bas-tv.md\/wp-content\/uploads\/2025\/10\/558977165_1166193492296011_916337935618098971_n-1200x900.jpg 1200w, https:\/\/bas-tv.md\/wp-content\/uploads\/2025\/10\/558977165_1166193492296011_916337935618098971_n-1980x1485.jpg 1980w, https:\/\/bas-tv.md\/wp-content\/uploads\/2025\/10\/558977165_1166193492296011_916337935618098971_n.jpg 2048w\" sizes=\"(max-width: 580px) 100vw, 580px\" \/><\/a>\n\t\t\t<\/div><\/figure><figure class='gallery-item'>\n\t\t\t<div class='gallery-icon portrait'>\n\t\t\t\t<a href='https:\/\/bas-tv.md\/ro\/un-rau-mai-curat-un-mediu-mai-sigur-32-km-de-albie-curatata-si-o-zona-verde-de-27-ha-pentru-locuitorii-din-costangalia\/559914612_1166193578962669_1090083682894666424_n\/'><img loading=\"lazy\" decoding=\"async\" width=\"580\" height=\"773\" src=\"https:\/\/bas-tv.md\/wp-content\/uploads\/2025\/10\/559914612_1166193578962669_1090083682894666424_n-768x1024.jpg\" class=\"attachment-large size-large\" alt=\"\" aria-describedby=\"gallery-1-162698\" srcset=\"https:\/\/bas-tv.md\/wp-content\/uploads\/2025\/10\/559914612_1166193578962669_1090083682894666424_n-768x1024.jpg 768w, https:\/\/bas-tv.md\/wp-content\/uploads\/2025\/10\/559914612_1166193578962669_1090083682894666424_n-225x300.jpg 225w, https:\/\/bas-tv.md\/wp-content\/uploads\/2025\/10\/559914612_1166193578962669_1090083682894666424_n-1152x1536.jpg 1152w, https:\/\/bas-tv.md\/wp-content\/uploads\/2025\/10\/559914612_1166193578962669_1090083682894666424_n-1200x1600.jpg 1200w, https:\/\/bas-tv.md\/wp-content\/uploads\/2025\/10\/559914612_1166193578962669_1090083682894666424_n.jpg 1536w\" sizes=\"(max-width: 580px) 100vw, 580px\" \/><\/a>\n\t\t\t<\/div>\n\t\t\t\t<figcaption class='wp-caption-text gallery-caption' id='gallery-1-162698'>\n\t\t\t\tSursa foto: Oficiul Na\u021bional de Implementare a Proiectelor \u00een domeniul Mediului\n\t\t\t\t<\/figcaption><\/figure><figure class='gallery-item'>\n\t\t\t<div class='gallery-icon landscape'>\n\t\t\t\t<a href='https:\/\/bas-tv.md\/ro\/un-rau-mai-curat-un-mediu-mai-sigur-32-km-de-albie-curatata-si-o-zona-verde-de-27-ha-pentru-locuitorii-din-costangalia\/560051308_1166193478962679_8468841706620939361_n\/'><img loading=\"lazy\" decoding=\"async\" width=\"580\" height=\"435\" src=\"https:\/\/bas-tv.md\/wp-content\/uploads\/2025\/10\/560051308_1166193478962679_8468841706620939361_n-1024x768.jpg\" class=\"attachment-large size-large\" alt=\"\" srcset=\"https:\/\/bas-tv.md\/wp-content\/uploads\/2025\/10\/560051308_1166193478962679_8468841706620939361_n-1024x768.jpg 1024w, https:\/\/bas-tv.md\/wp-content\/uploads\/2025\/10\/560051308_1166193478962679_8468841706620939361_n-300x225.jpg 300w, https:\/\/bas-tv.md\/wp-content\/uploads\/2025\/10\/560051308_1166193478962679_8468841706620939361_n-768x576.jpg 768w, https:\/\/bas-tv.md\/wp-content\/uploads\/2025\/10\/560051308_1166193478962679_8468841706620939361_n-1536x1152.jpg 1536w, https:\/\/bas-tv.md\/wp-content\/uploads\/2025\/10\/560051308_1166193478962679_8468841706620939361_n-1200x900.jpg 1200w, https:\/\/bas-tv.md\/wp-content\/uploads\/2025\/10\/560051308_1166193478962679_8468841706620939361_n-1980x1485.jpg 1980w, https:\/\/bas-tv.md\/wp-content\/uploads\/2025\/10\/560051308_1166193478962679_8468841706620939361_n.jpg 2048w\" sizes=\"(max-width: 580px) 100vw, 580px\" \/><\/a>\n\t\t\t<\/div><\/figure>\n\t\t<\/div>\n\n<p><strong>Sus\u021bine\u021bi redac\u021bia BAStv, abona\u021bi-v\u0103 la noi pe platforma\u00a0<a href=\"https:\/\/www.patreon.com\/BAStv?fan_landing=true&amp;fbclid=IwAR3MeSDKfH4ixBydCXX9D1lhrCszhps3ID5uxuGA-Ktd4MTkZCRdlcEZkQI\">Patreon\u00a0<\/a>sau prin efectuarea contribu\u021biilor prin\u00a0<a href=\"https:\/\/www.paypal.com\/paypalme\/supportbastv\">PayPal<\/a>! Aceasta ne va ajuta s\u0103 cre\u0103m con\u021binut interesant \u0219i util pentru dvs., r\u0103m\u00e2n\u00e2nd \u00een continuare o platform\u0103 media independent\u0103.<\/strong><\/p>\n<p><b>Abona\u021bi-v\u0103 la noi pe re\u021bele sociale:\u00a0<\/b><a href=\"https:\/\/t.me\/bastvmd\"><b><i>Telegram<\/i><\/b><\/a><b>,\u00a0<\/b><a href=\"https:\/\/www.youtube.com\/channel\/UC-9005PnLnhpNM8PVSjP2dQ\/featured\"><b><i>YouTube<\/i><\/b><\/a><b>,\u00a0<\/b><a href=\"https:\/\/www.facebook.com\/bastv.md\"><b><i>Facebook<\/i><\/b><\/a>\u00a0<strong>\u0219i\u00a0<\/strong><a href=\"https:\/\/www.instagram.com\/bastv.md\/\"><b><i>Instagram<\/i><\/b><\/a><b>. Aici public\u0103m \u0219tiri pe scurt.<\/b><\/p>\n","protected":false},"excerpt":{"rendered":"<p>\u00cen satul Co\u0219tangalia, raionul Cimi\u0219lia, se afl\u0103 \u00een derulare un amplu proiect de mediu ce vizeaz\u0103 cur\u0103\u021barea \u0219i reabilitarea r\u00e2ului local. Ini\u021biativa face parte din domeniul managementului integrat al resurselor de ap\u0103 \u0219i are drept scop \u00eembun\u0103t\u0103\u021birea calit\u0103\u021bii mediului \u0219i a vie\u021bii locuitorilor din comuna Ecaterinovca. Proiectul urm\u0103re\u0219te reducerea presiunii asupra ecosistemelor locale \u0219i asigurarea [&hellip;]<\/p>\n","protected":false},"author":3,"featured_media":162682,"comment_status":"closed","ping_status":"closed","sticky":false,"template":"","format":"standard","meta":{"footnotes":""},"categories":[602,570],"tags":[],"class_list":["post-162681","post","type-post","status-publish","format-standard","has-post-thumbnail","hentry","category-actualitate","category-in-moldova"],"yoast_head":"<!-- This site is optimized with the Yoast SEO plugin v27.5 - https:\/\/yoast.com\/product\/yoast-seo-wordpress\/ -->\n<title>Un r\u00e2u mai curat, un mediu mai sigur: 3,2 km de albie cur\u0103\u021bat\u0103 \u0219i o zon\u0103 verde de 2,7 ha pentru locuitorii din Co\u0219tangalia - BasTV<\/title>\n<meta name=\"description\" content=\"\u00cen satul Co\u0219tangalia, raionul Cimi\u0219lia, se afl\u0103 \u00een derulare un amplu proiect de mediu ce vizeaz\u0103 cur\u0103\u021barea \u0219i reabilitarea r\u00e2ului local. Ini\u021biativa face parte din domeniul managementului integrat al resurselor de ap\u0103 \u0219i are drept scop \u00eembun\u0103t\u0103\u021birea calit\u0103\u021bii mediului \u0219i a vie\u021bii locuitorilor din comuna Ecaterinovca.\" \/>\n<meta name=\"robots\" content=\"index, follow, max-snippet:-1, max-image-preview:large, max-video-preview:-1\" \/>\n<link rel=\"canonical\" href=\"https:\/\/bas-tv.md\/ro\/un-rau-mai-curat-un-mediu-mai-sigur-32-km-de-albie-curatata-si-o-zona-verde-de-27-ha-pentru-locuitorii-din-costangalia\/\" \/>\n<meta property=\"og:locale\" content=\"ro_RO\" \/>\n<meta property=\"og:type\" content=\"article\" \/>\n<meta property=\"og:title\" content=\"Un r\u00e2u mai curat, un mediu mai sigur: 3,2 km de albie cur\u0103\u021bat\u0103 \u0219i o zon\u0103 verde de 2,7 ha pentru locuitorii din Co\u0219tangalia - BasTV\" \/>\n<meta property=\"og:description\" content=\"\u00cen satul Co\u0219tangalia, raionul Cimi\u0219lia, se afl\u0103 \u00een derulare un amplu proiect de mediu ce vizeaz\u0103 cur\u0103\u021barea \u0219i reabilitarea r\u00e2ului local. Ini\u021biativa face parte din domeniul managementului integrat al resurselor de ap\u0103 \u0219i are drept scop \u00eembun\u0103t\u0103\u021birea calit\u0103\u021bii mediului \u0219i a vie\u021bii locuitorilor din comuna Ecaterinovca.\" \/>\n<meta property=\"og:url\" content=\"https:\/\/bas-tv.md\/ro\/un-rau-mai-curat-un-mediu-mai-sigur-32-km-de-albie-curatata-si-o-zona-verde-de-27-ha-pentru-locuitorii-din-costangalia\/\" \/>\n<meta property=\"og:site_name\" content=\"BasTV\" \/>\n<meta property=\"article:published_time\" content=\"2025-10-07T17:00:25+00:00\" \/>\n<meta property=\"og:image\" content=\"https:\/\/bas-tv.md\/wp-content\/uploads\/2025\/10\/558989818_1166193858962641_7964394040611590353_n.jpg\" \/>\n\t<meta property=\"og:image:width\" content=\"2048\" \/>\n\t<meta property=\"og:image:height\" content=\"1536\" \/>\n\t<meta property=\"og:image:type\" content=\"image\/jpeg\" \/>\n<meta name=\"author\" content=\"Redactor\" \/>\n<meta name=\"twitter:card\" content=\"summary_large_image\" \/>\n<meta name=\"twitter:label1\" content=\"Scris de\" \/>\n\t<meta name=\"twitter:data1\" content=\"Redactor\" \/>\n\t<meta name=\"twitter:label2\" content=\"Timp estimat pentru citire\" \/>\n\t<meta name=\"twitter:data2\" content=\"3 minute\" \/>\n<script type=\"application\/ld+json\" class=\"yoast-schema-graph\">{\"@context\":\"https:\\\/\\\/schema.org\",\"@graph\":[{\"@type\":\"Article\",\"@id\":\"https:\\\/\\\/bas-tv.md\\\/ro\\\/un-rau-mai-curat-un-mediu-mai-sigur-32-km-de-albie-curatata-si-o-zona-verde-de-27-ha-pentru-locuitorii-din-costangalia\\\/#article\",\"isPartOf\":{\"@id\":\"https:\\\/\\\/bas-tv.md\\\/ro\\\/un-rau-mai-curat-un-mediu-mai-sigur-32-km-de-albie-curatata-si-o-zona-verde-de-27-ha-pentru-locuitorii-din-costangalia\\\/\"},\"author\":{\"name\":\"Redactor\",\"@id\":\"https:\\\/\\\/bas-tv.md\\\/ro\\\/#\\\/schema\\\/person\\\/8740f45ea2eca1f1695284fc03529af0\"},\"headline\":\"Un r\u00e2u mai curat, un mediu mai sigur: 3,2 km de albie cur\u0103\u021bat\u0103 \u0219i o zon\u0103 verde de 2,7 ha pentru locuitorii din Co\u0219tangalia\",\"datePublished\":\"2025-10-07T17:00:25+00:00\",\"mainEntityOfPage\":{\"@id\":\"https:\\\/\\\/bas-tv.md\\\/ro\\\/un-rau-mai-curat-un-mediu-mai-sigur-32-km-de-albie-curatata-si-o-zona-verde-de-27-ha-pentru-locuitorii-din-costangalia\\\/\"},\"wordCount\":485,\"publisher\":{\"@id\":\"https:\\\/\\\/bas-tv.md\\\/ro\\\/#organization\"},\"image\":{\"@id\":\"https:\\\/\\\/bas-tv.md\\\/ro\\\/un-rau-mai-curat-un-mediu-mai-sigur-32-km-de-albie-curatata-si-o-zona-verde-de-27-ha-pentru-locuitorii-din-costangalia\\\/#primaryimage\"},\"thumbnailUrl\":\"https:\\\/\\\/bas-tv.md\\\/wp-content\\\/uploads\\\/2025\\\/10\\\/558989818_1166193858962641_7964394040611590353_n.jpg\",\"articleSection\":[\"Actualitate\",\"\u00cen Moldova\"],\"inLanguage\":\"ro-RO\"},{\"@type\":\"WebPage\",\"@id\":\"https:\\\/\\\/bas-tv.md\\\/ro\\\/un-rau-mai-curat-un-mediu-mai-sigur-32-km-de-albie-curatata-si-o-zona-verde-de-27-ha-pentru-locuitorii-din-costangalia\\\/\",\"url\":\"https:\\\/\\\/bas-tv.md\\\/ro\\\/un-rau-mai-curat-un-mediu-mai-sigur-32-km-de-albie-curatata-si-o-zona-verde-de-27-ha-pentru-locuitorii-din-costangalia\\\/\",\"name\":\"Un r\u00e2u mai curat, un mediu mai sigur: 3,2 km de albie cur\u0103\u021bat\u0103 \u0219i o zon\u0103 verde de 2,7 ha pentru locuitorii din Co\u0219tangalia - BasTV\",\"isPartOf\":{\"@id\":\"https:\\\/\\\/bas-tv.md\\\/ro\\\/#website\"},\"primaryImageOfPage\":{\"@id\":\"https:\\\/\\\/bas-tv.md\\\/ro\\\/un-rau-mai-curat-un-mediu-mai-sigur-32-km-de-albie-curatata-si-o-zona-verde-de-27-ha-pentru-locuitorii-din-costangalia\\\/#primaryimage\"},\"image\":{\"@id\":\"https:\\\/\\\/bas-tv.md\\\/ro\\\/un-rau-mai-curat-un-mediu-mai-sigur-32-km-de-albie-curatata-si-o-zona-verde-de-27-ha-pentru-locuitorii-din-costangalia\\\/#primaryimage\"},\"thumbnailUrl\":\"https:\\\/\\\/bas-tv.md\\\/wp-content\\\/uploads\\\/2025\\\/10\\\/558989818_1166193858962641_7964394040611590353_n.jpg\",\"datePublished\":\"2025-10-07T17:00:25+00:00\",\"description\":\"\u00cen satul Co\u0219tangalia, raionul Cimi\u0219lia, se afl\u0103 \u00een derulare un amplu proiect de mediu ce vizeaz\u0103 cur\u0103\u021barea \u0219i reabilitarea r\u00e2ului local. Ini\u021biativa face parte din domeniul managementului integrat al resurselor de ap\u0103 \u0219i are drept scop \u00eembun\u0103t\u0103\u021birea calit\u0103\u021bii mediului \u0219i a vie\u021bii locuitorilor din comuna Ecaterinovca.\",\"inLanguage\":\"ro-RO\",\"potentialAction\":[{\"@type\":\"ReadAction\",\"target\":[\"https:\\\/\\\/bas-tv.md\\\/ro\\\/un-rau-mai-curat-un-mediu-mai-sigur-32-km-de-albie-curatata-si-o-zona-verde-de-27-ha-pentru-locuitorii-din-costangalia\\\/\"]}]},{\"@type\":\"ImageObject\",\"inLanguage\":\"ro-RO\",\"@id\":\"https:\\\/\\\/bas-tv.md\\\/ro\\\/un-rau-mai-curat-un-mediu-mai-sigur-32-km-de-albie-curatata-si-o-zona-verde-de-27-ha-pentru-locuitorii-din-costangalia\\\/#primaryimage\",\"url\":\"https:\\\/\\\/bas-tv.md\\\/wp-content\\\/uploads\\\/2025\\\/10\\\/558989818_1166193858962641_7964394040611590353_n.jpg\",\"contentUrl\":\"https:\\\/\\\/bas-tv.md\\\/wp-content\\\/uploads\\\/2025\\\/10\\\/558989818_1166193858962641_7964394040611590353_n.jpg\",\"width\":2048,\"height\":1536,\"caption\":\"Sursa foto: Oficiul Na\u021bional de Implementare a Proiectelor \u00een domeniul Mediului\"},{\"@type\":\"WebSite\",\"@id\":\"https:\\\/\\\/bas-tv.md\\\/ro\\\/#website\",\"url\":\"https:\\\/\\\/bas-tv.md\\\/ro\\\/\",\"name\":\"BasTV\",\"description\":\"Moldova\",\"publisher\":{\"@id\":\"https:\\\/\\\/bas-tv.md\\\/ro\\\/#organization\"},\"potentialAction\":[{\"@type\":\"SearchAction\",\"target\":{\"@type\":\"EntryPoint\",\"urlTemplate\":\"https:\\\/\\\/bas-tv.md\\\/ro\\\/?s={search_term_string}\"},\"query-input\":{\"@type\":\"PropertyValueSpecification\",\"valueRequired\":true,\"valueName\":\"search_term_string\"}}],\"inLanguage\":\"ro-RO\"},{\"@type\":\"Organization\",\"@id\":\"https:\\\/\\\/bas-tv.md\\\/ro\\\/#organization\",\"name\":\"BasTV\",\"url\":\"https:\\\/\\\/bas-tv.md\\\/ro\\\/\",\"logo\":{\"@type\":\"ImageObject\",\"inLanguage\":\"ro-RO\",\"@id\":\"https:\\\/\\\/bas-tv.md\\\/ro\\\/#\\\/schema\\\/logo\\\/image\\\/\",\"url\":\"https:\\\/\\\/bas-tv.md\\\/wp-content\\\/uploads\\\/2023\\\/05\\\/bas-tv-culoarea-rosie.png\",\"contentUrl\":\"https:\\\/\\\/bas-tv.md\\\/wp-content\\\/uploads\\\/2023\\\/05\\\/bas-tv-culoarea-rosie.png\",\"width\":202,\"height\":50,\"caption\":\"BasTV\"},\"image\":{\"@id\":\"https:\\\/\\\/bas-tv.md\\\/ro\\\/#\\\/schema\\\/logo\\\/image\\\/\"}},{\"@type\":\"Person\",\"@id\":\"https:\\\/\\\/bas-tv.md\\\/ro\\\/#\\\/schema\\\/person\\\/8740f45ea2eca1f1695284fc03529af0\",\"name\":\"Redactor\",\"image\":{\"@type\":\"ImageObject\",\"inLanguage\":\"ro-RO\",\"@id\":\"https:\\\/\\\/bas-tv.md\\\/wp-content\\\/litespeed\\\/avatar\\\/91c0586f3f6f4396a4ec1287c965eeeb.jpg?ver=1777555749\",\"url\":\"https:\\\/\\\/bas-tv.md\\\/wp-content\\\/litespeed\\\/avatar\\\/91c0586f3f6f4396a4ec1287c965eeeb.jpg?ver=1777555749\",\"contentUrl\":\"https:\\\/\\\/bas-tv.md\\\/wp-content\\\/litespeed\\\/avatar\\\/91c0586f3f6f4396a4ec1287c965eeeb.jpg?ver=1777555749\",\"caption\":\"Redactor\"},\"url\":\"https:\\\/\\\/bas-tv.md\\\/ro\\\/author\\\/redactor\\\/\"}]}<\/script>\n<!-- \/ Yoast SEO plugin. -->","yoast_head_json":{"title":"Un r\u00e2u mai curat, un mediu mai sigur: 3,2 km de albie cur\u0103\u021bat\u0103 \u0219i o zon\u0103 verde de 2,7 ha pentru locuitorii din Co\u0219tangalia - BasTV","description":"\u00cen satul Co\u0219tangalia, raionul Cimi\u0219lia, se afl\u0103 \u00een derulare un amplu proiect de mediu ce vizeaz\u0103 cur\u0103\u021barea \u0219i reabilitarea r\u00e2ului local. Ini\u021biativa face parte din domeniul managementului integrat al resurselor de ap\u0103 \u0219i are drept scop \u00eembun\u0103t\u0103\u021birea calit\u0103\u021bii mediului \u0219i a vie\u021bii locuitorilor din comuna Ecaterinovca.","robots":{"index":"index","follow":"follow","max-snippet":"max-snippet:-1","max-image-preview":"max-image-preview:large","max-video-preview":"max-video-preview:-1"},"canonical":"https:\/\/bas-tv.md\/ro\/un-rau-mai-curat-un-mediu-mai-sigur-32-km-de-albie-curatata-si-o-zona-verde-de-27-ha-pentru-locuitorii-din-costangalia\/","og_locale":"ro_RO","og_type":"article","og_title":"Un r\u00e2u mai curat, un mediu mai sigur: 3,2 km de albie cur\u0103\u021bat\u0103 \u0219i o zon\u0103 verde de 2,7 ha pentru locuitorii din Co\u0219tangalia - BasTV","og_description":"\u00cen satul Co\u0219tangalia, raionul Cimi\u0219lia, se afl\u0103 \u00een derulare un amplu proiect de mediu ce vizeaz\u0103 cur\u0103\u021barea \u0219i reabilitarea r\u00e2ului local. Ini\u021biativa face parte din domeniul managementului integrat al resurselor de ap\u0103 \u0219i are drept scop \u00eembun\u0103t\u0103\u021birea calit\u0103\u021bii mediului \u0219i a vie\u021bii locuitorilor din comuna Ecaterinovca.","og_url":"https:\/\/bas-tv.md\/ro\/un-rau-mai-curat-un-mediu-mai-sigur-32-km-de-albie-curatata-si-o-zona-verde-de-27-ha-pentru-locuitorii-din-costangalia\/","og_site_name":"BasTV","article_published_time":"2025-10-07T17:00:25+00:00","og_image":[{"width":2048,"height":1536,"url":"https:\/\/bas-tv.md\/wp-content\/uploads\/2025\/10\/558989818_1166193858962641_7964394040611590353_n.jpg","type":"image\/jpeg"}],"author":"Redactor","twitter_card":"summary_large_image","twitter_misc":{"Scris de":"Redactor","Timp estimat pentru citire":"3 minute"},"schema":{"@context":"https:\/\/schema.org","@graph":[{"@type":"Article","@id":"https:\/\/bas-tv.md\/ro\/un-rau-mai-curat-un-mediu-mai-sigur-32-km-de-albie-curatata-si-o-zona-verde-de-27-ha-pentru-locuitorii-din-costangalia\/#article","isPartOf":{"@id":"https:\/\/bas-tv.md\/ro\/un-rau-mai-curat-un-mediu-mai-sigur-32-km-de-albie-curatata-si-o-zona-verde-de-27-ha-pentru-locuitorii-din-costangalia\/"},"author":{"name":"Redactor","@id":"https:\/\/bas-tv.md\/ro\/#\/schema\/person\/8740f45ea2eca1f1695284fc03529af0"},"headline":"Un r\u00e2u mai curat, un mediu mai sigur: 3,2 km de albie cur\u0103\u021bat\u0103 \u0219i o zon\u0103 verde de 2,7 ha pentru locuitorii din Co\u0219tangalia","datePublished":"2025-10-07T17:00:25+00:00","mainEntityOfPage":{"@id":"https:\/\/bas-tv.md\/ro\/un-rau-mai-curat-un-mediu-mai-sigur-32-km-de-albie-curatata-si-o-zona-verde-de-27-ha-pentru-locuitorii-din-costangalia\/"},"wordCount":485,"publisher":{"@id":"https:\/\/bas-tv.md\/ro\/#organization"},"image":{"@id":"https:\/\/bas-tv.md\/ro\/un-rau-mai-curat-un-mediu-mai-sigur-32-km-de-albie-curatata-si-o-zona-verde-de-27-ha-pentru-locuitorii-din-costangalia\/#primaryimage"},"thumbnailUrl":"https:\/\/bas-tv.md\/wp-content\/uploads\/2025\/10\/558989818_1166193858962641_7964394040611590353_n.jpg","articleSection":["Actualitate","\u00cen Moldova"],"inLanguage":"ro-RO"},{"@type":"WebPage","@id":"https:\/\/bas-tv.md\/ro\/un-rau-mai-curat-un-mediu-mai-sigur-32-km-de-albie-curatata-si-o-zona-verde-de-27-ha-pentru-locuitorii-din-costangalia\/","url":"https:\/\/bas-tv.md\/ro\/un-rau-mai-curat-un-mediu-mai-sigur-32-km-de-albie-curatata-si-o-zona-verde-de-27-ha-pentru-locuitorii-din-costangalia\/","name":"Un r\u00e2u mai curat, un mediu mai sigur: 3,2 km de albie cur\u0103\u021bat\u0103 \u0219i o zon\u0103 verde de 2,7 ha pentru locuitorii din Co\u0219tangalia - BasTV","isPartOf":{"@id":"https:\/\/bas-tv.md\/ro\/#website"},"primaryImageOfPage":{"@id":"https:\/\/bas-tv.md\/ro\/un-rau-mai-curat-un-mediu-mai-sigur-32-km-de-albie-curatata-si-o-zona-verde-de-27-ha-pentru-locuitorii-din-costangalia\/#primaryimage"},"image":{"@id":"https:\/\/bas-tv.md\/ro\/un-rau-mai-curat-un-mediu-mai-sigur-32-km-de-albie-curatata-si-o-zona-verde-de-27-ha-pentru-locuitorii-din-costangalia\/#primaryimage"},"thumbnailUrl":"https:\/\/bas-tv.md\/wp-content\/uploads\/2025\/10\/558989818_1166193858962641_7964394040611590353_n.jpg","datePublished":"2025-10-07T17:00:25+00:00","description":"\u00cen satul Co\u0219tangalia, raionul Cimi\u0219lia, se afl\u0103 \u00een derulare un amplu proiect de mediu ce vizeaz\u0103 cur\u0103\u021barea \u0219i reabilitarea r\u00e2ului local. Ini\u021biativa face parte din domeniul managementului integrat al resurselor de ap\u0103 \u0219i are drept scop \u00eembun\u0103t\u0103\u021birea calit\u0103\u021bii mediului \u0219i a vie\u021bii locuitorilor din comuna Ecaterinovca.","inLanguage":"ro-RO","potentialAction":[{"@type":"ReadAction","target":["https:\/\/bas-tv.md\/ro\/un-rau-mai-curat-un-mediu-mai-sigur-32-km-de-albie-curatata-si-o-zona-verde-de-27-ha-pentru-locuitorii-din-costangalia\/"]}]},{"@type":"ImageObject","inLanguage":"ro-RO","@id":"https:\/\/bas-tv.md\/ro\/un-rau-mai-curat-un-mediu-mai-sigur-32-km-de-albie-curatata-si-o-zona-verde-de-27-ha-pentru-locuitorii-din-costangalia\/#primaryimage","url":"https:\/\/bas-tv.md\/wp-content\/uploads\/2025\/10\/558989818_1166193858962641_7964394040611590353_n.jpg","contentUrl":"https:\/\/bas-tv.md\/wp-content\/uploads\/2025\/10\/558989818_1166193858962641_7964394040611590353_n.jpg","width":2048,"height":1536,"caption":"Sursa foto: Oficiul Na\u021bional de Implementare a Proiectelor \u00een domeniul Mediului"},{"@type":"WebSite","@id":"https:\/\/bas-tv.md\/ro\/#website","url":"https:\/\/bas-tv.md\/ro\/","name":"BasTV","description":"Moldova","publisher":{"@id":"https:\/\/bas-tv.md\/ro\/#organization"},"potentialAction":[{"@type":"SearchAction","target":{"@type":"EntryPoint","urlTemplate":"https:\/\/bas-tv.md\/ro\/?s={search_term_string}"},"query-input":{"@type":"PropertyValueSpecification","valueRequired":true,"valueName":"search_term_string"}}],"inLanguage":"ro-RO"},{"@type":"Organization","@id":"https:\/\/bas-tv.md\/ro\/#organization","name":"BasTV","url":"https:\/\/bas-tv.md\/ro\/","logo":{"@type":"ImageObject","inLanguage":"ro-RO","@id":"https:\/\/bas-tv.md\/ro\/#\/schema\/logo\/image\/","url":"https:\/\/bas-tv.md\/wp-content\/uploads\/2023\/05\/bas-tv-culoarea-rosie.png","contentUrl":"https:\/\/bas-tv.md\/wp-content\/uploads\/2023\/05\/bas-tv-culoarea-rosie.png","width":202,"height":50,"caption":"BasTV"},"image":{"@id":"https:\/\/bas-tv.md\/ro\/#\/schema\/logo\/image\/"}},{"@type":"Person","@id":"https:\/\/bas-tv.md\/ro\/#\/schema\/person\/8740f45ea2eca1f1695284fc03529af0","name":"Redactor","image":{"@type":"ImageObject","inLanguage":"ro-RO","@id":"https:\/\/bas-tv.md\/wp-content\/litespeed\/avatar\/91c0586f3f6f4396a4ec1287c965eeeb.jpg?ver=1777555749","url":"https:\/\/bas-tv.md\/wp-content\/litespeed\/avatar\/91c0586f3f6f4396a4ec1287c965eeeb.jpg?ver=1777555749","contentUrl":"https:\/\/bas-tv.md\/wp-content\/litespeed\/avatar\/91c0586f3f6f4396a4ec1287c965eeeb.jpg?ver=1777555749","caption":"Redactor"},"url":"https:\/\/bas-tv.md\/ro\/author\/redactor\/"}]}},"views":615,"_links":{"self":[{"href":"https:\/\/bas-tv.md\/ro\/wp-json\/wp\/v2\/posts\/162681","targetHints":{"allow":["GET"]}}],"collection":[{"href":"https:\/\/bas-tv.md\/ro\/wp-json\/wp\/v2\/posts"}],"about":[{"href":"https:\/\/bas-tv.md\/ro\/wp-json\/wp\/v2\/types\/post"}],"author":[{"embeddable":true,"href":"https:\/\/bas-tv.md\/ro\/wp-json\/wp\/v2\/users\/3"}],"replies":[{"embeddable":true,"href":"https:\/\/bas-tv.md\/ro\/wp-json\/wp\/v2\/comments?post=162681"}],"version-history":[{"count":1,"href":"https:\/\/bas-tv.md\/ro\/wp-json\/wp\/v2\/posts\/162681\/revisions"}],"predecessor-version":[{"id":162709,"href":"https:\/\/bas-tv.md\/ro\/wp-json\/wp\/v2\/posts\/162681\/revisions\/162709"}],"wp:featuredmedia":[{"embeddable":true,"href":"https:\/\/bas-tv.md\/ro\/wp-json\/wp\/v2\/media\/162682"}],"wp:attachment":[{"href":"https:\/\/bas-tv.md\/ro\/wp-json\/wp\/v2\/media?parent=162681"}],"wp:term":[{"taxonomy":"category","embeddable":true,"href":"https:\/\/bas-tv.md\/ro\/wp-json\/wp\/v2\/categories?post=162681"},{"taxonomy":"post_tag","embeddable":true,"href":"https:\/\/bas-tv.md\/ro\/wp-json\/wp\/v2\/tags?post=162681"}],"curies":[{"name":"wp","href":"https:\/\/api.w.org\/{rel}","templated":true}]}}