{"id":163036,"date":"2025-10-12T17:35:53","date_gmt":"2025-10-12T14:35:53","guid":{"rendered":"https:\/\/bas-tv.md\/?p=163036"},"modified":"2025-10-12T17:31:22","modified_gmt":"2025-10-12T14:31:22","slug":"optica-mobila-vine-la-selemet-consultatii-oftalmologice-gratuite-pentru-toate-varstele","status":"publish","type":"post","link":"https:\/\/bas-tv.md\/ro\/optica-mobila-vine-la-selemet-consultatii-oftalmologice-gratuite-pentru-toate-varstele\/","title":{"rendered":"Optica Mobil\u0103 vine la Selemet: consulta\u021bii oftalmologice gratuite pentru toate v\u00e2rstele"},"content":{"rendered":"<article class=\"text-token-text-primary w-full focus:outline-none [--shadow-height:45px] has-data-writing-block:pointer-events-none has-data-writing-block:-mt-(--shadow-height) has-data-writing-block:pt-(--shadow-height) [&amp;:has([data-writing-block])&gt;*]:pointer-events-auto [content-visibility:auto] supports-[content-visibility:auto]:[contain-intrinsic-size:auto_100lvh] scroll-mt-[calc(var(--header-height)+min(200px,max(70px,20svh)))]\" dir=\"auto\" tabindex=\"-1\" data-turn-id=\"request-68c0840a-0578-8330-b018-21800d371730-7\" data-testid=\"conversation-turn-480\" data-scroll-anchor=\"true\" data-turn=\"assistant\">\n<div class=\"text-base my-auto mx-auto pb-10 [--thread-content-margin:--spacing(4)] thread-sm:[--thread-content-margin:--spacing(6)] thread-lg:[--thread-content-margin:--spacing(16)] px-(--thread-content-margin)\">\n<div class=\"[--thread-content-max-width:40rem] thread-lg:[--thread-content-max-width:48rem] mx-auto max-w-(--thread-content-max-width) flex-1 group\/turn-messages focus-visible:outline-hidden relative flex w-full min-w-0 flex-col agent-turn\" tabindex=\"-1\">\n<div class=\"flex max-w-full flex-col grow\">\n<div class=\"min-h-8 text-message relative flex w-full flex-col items-end gap-2 text-start break-words whitespace-normal [.text-message+&amp;]:mt-1\" dir=\"auto\" data-message-author-role=\"assistant\" data-message-id=\"72f442d4-d6fd-4ceb-9183-25bf9e85a7d3\" data-message-model-slug=\"gpt-5\">\n<div class=\"flex w-full flex-col gap-1 empty:hidden first:pt-[1px]\">\n<div class=\"markdown prose dark:prose-invert w-full break-words dark markdown-new-styling\">\n<p data-start=\"0\" data-end=\"305\" data-is-last-node=\"\" data-is-only-node=\"\"><strong>Centrul Social de Zi Selemet, \u00een parteneriat cu Optica Mobil\u0103, invit\u0103 to\u021bi doritorii, indiferent de v\u00e2rst\u0103, s\u0103 beneficieze de consulta\u021bii oftalmologice gratuite. Evenimentul va avea loc miercuri, 15 octombrie 2025, \u0219i are drept obiectiv prevenirea \u0219i depistarea timpurie a problemelor de vedere.<\/strong><\/p>\n<\/div>\n<\/div>\n<\/div>\n<\/div>\n<\/div>\n<\/div>\n<\/article>\n<p data-start=\"419\" data-end=\"595\">Consulta\u021biile vor fi oferite pe parcursul zilei de miercuri, \u00eentre orele 10:00 \u0219i 16:00, \u00een incinta Centrului Social Selemet. Printre investiga\u021biile disponibile se num\u0103r\u0103:<\/p>\n<ul data-start=\"596\" data-end=\"873\">\n<li data-start=\"596\" data-end=\"653\">\n<p data-start=\"598\" data-end=\"653\">determinarea acuit\u0103\u021bii vizuale (cu \u0219i f\u0103r\u0103 corec\u021bie);<\/p>\n<\/li>\n<li data-start=\"654\" data-end=\"683\">\n<p data-start=\"656\" data-end=\"683\">testarea binocularit\u0103\u021bii;<\/p>\n<\/li>\n<li data-start=\"684\" data-end=\"732\">\n<p data-start=\"686\" data-end=\"732\">examinarea segmentului anterior al ochiului;<\/p>\n<\/li>\n<li data-start=\"733\" data-end=\"814\">\n<p data-start=\"735\" data-end=\"814\">depistarea afec\u021biunilor precum cataracta sau degenerescen\u021ba macular\u0103.<\/p>\n<\/li>\n<\/ul>\n<p data-start=\"735\" data-end=\"814\">De asemenea, pacien\u021bii care vor participa la consulta\u021bii vor avea posibilitatea s\u0103 comande ochelari personaliza\u021bi, adapta\u021bi nevoilor lor individuale de corec\u021bie a vederii.<\/p>\n<p data-start=\"875\" data-end=\"1177\">Organizatorii subliniaz\u0103 importan\u021ba controalelor oftalmologice regulate, \u00een special pentru copii \u0219i persoanele v\u00e2rstnice, deoarece acestea pot contribui la depistarea timpurie a problemelor de vedere. Totodat\u0103, Centrul Social de Zi Selemet \u00eencurajeaz\u0103 comunitatea s\u0103 acorde o aten\u021bie sporit\u0103 s\u0103n\u0103t\u0103\u021bii ochilor, amintind c\u0103 o vedere clar\u0103 \u00eenseamn\u0103 o via\u021b\u0103 mai luminoas\u0103.<\/p>\n<p><strong>Sus\u021bine\u021bi redac\u021bia BAStv, abona\u021bi-v\u0103 la noi pe platforma\u00a0<a href=\"https:\/\/www.patreon.com\/BAStv?fan_landing=true&amp;fbclid=IwAR3MeSDKfH4ixBydCXX9D1lhrCszhps3ID5uxuGA-Ktd4MTkZCRdlcEZkQI\">Patreon\u00a0<\/a>sau prin efectuarea contribu\u021biilor prin\u00a0<a href=\"https:\/\/www.paypal.com\/paypalme\/supportbastv\">PayPal<\/a>! Aceasta ne va ajuta s\u0103 cre\u0103m con\u021binut interesant \u0219i util pentru dvs., r\u0103m\u00e2n\u00e2nd \u00een continuare o platform\u0103 media independent\u0103.<\/strong><\/p>\n<p><b>Abona\u021bi-v\u0103 la noi pe re\u021bele sociale:\u00a0<\/b><a href=\"https:\/\/t.me\/bastvmd\"><b><i>Telegram<\/i><\/b><\/a><b>,\u00a0<\/b><a href=\"https:\/\/www.youtube.com\/channel\/UC-9005PnLnhpNM8PVSjP2dQ\/featured\"><b><i>YouTube<\/i><\/b><\/a><b>,\u00a0<\/b><a href=\"https:\/\/www.facebook.com\/bastv.md\"><b><i>Facebook<\/i><\/b><\/a>\u00a0<strong>\u0219i\u00a0<\/strong><a href=\"https:\/\/www.instagram.com\/bastv.md\/\"><b><i>Instagram<\/i><\/b><\/a><b>. Aici public\u0103m \u0219tiri pe scurt.<\/b><\/p>\n","protected":false},"excerpt":{"rendered":"<p>Centrul Social de Zi Selemet, \u00een parteneriat cu Optica Mobil\u0103, invit\u0103 to\u021bi doritorii, indiferent de v\u00e2rst\u0103, s\u0103 beneficieze de consulta\u021bii oftalmologice gratuite. Evenimentul va avea loc miercuri, 15 octombrie 2025, \u0219i are drept obiectiv prevenirea \u0219i depistarea timpurie a problemelor de vedere. Consulta\u021biile vor fi oferite pe parcursul zilei de miercuri, \u00eentre orele 10:00 \u0219i [&hellip;]<\/p>\n","protected":false},"author":3,"featured_media":163114,"comment_status":"closed","ping_status":"closed","sticky":false,"template":"","format":"standard","meta":{"footnotes":""},"categories":[602,219,570],"tags":[],"class_list":["post-163036","post","type-post","status-publish","format-standard","has-post-thumbnail","hentry","category-actualitate","category-anunturi","category-in-moldova"],"yoast_head":"<!-- This site is optimized with the Yoast SEO plugin v27.5 - https:\/\/yoast.com\/product\/yoast-seo-wordpress\/ -->\n<title>Optica Mobil\u0103 vine la Selemet: consulta\u021bii oftalmologice gratuite pentru toate v\u00e2rstele - BasTV<\/title>\n<meta name=\"description\" content=\"Centrul Social de Zi Selemet, \u00een parteneriat cu Optica Mobil\u0103, invit\u0103 to\u021bi doritorii, indiferent de v\u00e2rst\u0103, s\u0103 beneficieze de consulta\u021bii oftalmologice gratuite. Evenimentul va avea loc miercuri, 15 octombrie 2025, \u0219i are drept obiectiv prevenirea \u0219i depistarea timpurie a problemelor de vedere.\" \/>\n<meta name=\"robots\" content=\"index, follow, max-snippet:-1, max-image-preview:large, max-video-preview:-1\" \/>\n<link rel=\"canonical\" href=\"https:\/\/bas-tv.md\/ro\/optica-mobila-vine-la-selemet-consultatii-oftalmologice-gratuite-pentru-toate-varstele\/\" \/>\n<meta property=\"og:locale\" content=\"ro_RO\" \/>\n<meta property=\"og:type\" content=\"article\" \/>\n<meta property=\"og:title\" content=\"Optica Mobil\u0103 vine la Selemet: consulta\u021bii oftalmologice gratuite pentru toate v\u00e2rstele - BasTV\" \/>\n<meta property=\"og:description\" content=\"Centrul Social de Zi Selemet, \u00een parteneriat cu Optica Mobil\u0103, invit\u0103 to\u021bi doritorii, indiferent de v\u00e2rst\u0103, s\u0103 beneficieze de consulta\u021bii oftalmologice gratuite. Evenimentul va avea loc miercuri, 15 octombrie 2025, \u0219i are drept obiectiv prevenirea \u0219i depistarea timpurie a problemelor de vedere.\" \/>\n<meta property=\"og:url\" content=\"https:\/\/bas-tv.md\/ro\/optica-mobila-vine-la-selemet-consultatii-oftalmologice-gratuite-pentru-toate-varstele\/\" \/>\n<meta property=\"og:site_name\" content=\"BasTV\" \/>\n<meta property=\"article:published_time\" content=\"2025-10-12T14:35:53+00:00\" \/>\n<meta property=\"og:image\" content=\"https:\/\/bas-tv.md\/wp-content\/uploads\/2025\/10\/istockphoto-1275708167-612x612-1.jpg\" \/>\n\t<meta property=\"og:image:width\" content=\"612\" \/>\n\t<meta property=\"og:image:height\" content=\"408\" \/>\n\t<meta property=\"og:image:type\" content=\"image\/jpeg\" \/>\n<meta name=\"author\" content=\"Redactor\" \/>\n<meta name=\"twitter:card\" content=\"summary_large_image\" \/>\n<meta name=\"twitter:label1\" content=\"Scris de\" \/>\n\t<meta name=\"twitter:data1\" content=\"Redactor\" \/>\n\t<meta name=\"twitter:label2\" content=\"Timp estimat pentru citire\" \/>\n\t<meta name=\"twitter:data2\" content=\"2 minute\" \/>\n<script type=\"application\/ld+json\" class=\"yoast-schema-graph\">{\"@context\":\"https:\\\/\\\/schema.org\",\"@graph\":[{\"@type\":\"Article\",\"@id\":\"https:\\\/\\\/bas-tv.md\\\/ro\\\/optica-mobila-vine-la-selemet-consultatii-oftalmologice-gratuite-pentru-toate-varstele\\\/#article\",\"isPartOf\":{\"@id\":\"https:\\\/\\\/bas-tv.md\\\/ro\\\/optica-mobila-vine-la-selemet-consultatii-oftalmologice-gratuite-pentru-toate-varstele\\\/\"},\"author\":{\"name\":\"Redactor\",\"@id\":\"https:\\\/\\\/bas-tv.md\\\/ro\\\/#\\\/schema\\\/person\\\/8740f45ea2eca1f1695284fc03529af0\"},\"headline\":\"Optica Mobil\u0103 vine la Selemet: consulta\u021bii oftalmologice gratuite pentru toate v\u00e2rstele\",\"datePublished\":\"2025-10-12T14:35:53+00:00\",\"mainEntityOfPage\":{\"@id\":\"https:\\\/\\\/bas-tv.md\\\/ro\\\/optica-mobila-vine-la-selemet-consultatii-oftalmologice-gratuite-pentru-toate-varstele\\\/\"},\"wordCount\":254,\"publisher\":{\"@id\":\"https:\\\/\\\/bas-tv.md\\\/ro\\\/#organization\"},\"image\":{\"@id\":\"https:\\\/\\\/bas-tv.md\\\/ro\\\/optica-mobila-vine-la-selemet-consultatii-oftalmologice-gratuite-pentru-toate-varstele\\\/#primaryimage\"},\"thumbnailUrl\":\"https:\\\/\\\/bas-tv.md\\\/wp-content\\\/uploads\\\/2025\\\/10\\\/istockphoto-1275708167-612x612-1.jpg\",\"articleSection\":[\"Actualitate\",\"Anun\u021buri\",\"\u00cen Moldova\"],\"inLanguage\":\"ro-RO\"},{\"@type\":\"WebPage\",\"@id\":\"https:\\\/\\\/bas-tv.md\\\/ro\\\/optica-mobila-vine-la-selemet-consultatii-oftalmologice-gratuite-pentru-toate-varstele\\\/\",\"url\":\"https:\\\/\\\/bas-tv.md\\\/ro\\\/optica-mobila-vine-la-selemet-consultatii-oftalmologice-gratuite-pentru-toate-varstele\\\/\",\"name\":\"Optica Mobil\u0103 vine la Selemet: consulta\u021bii oftalmologice gratuite pentru toate v\u00e2rstele - BasTV\",\"isPartOf\":{\"@id\":\"https:\\\/\\\/bas-tv.md\\\/ro\\\/#website\"},\"primaryImageOfPage\":{\"@id\":\"https:\\\/\\\/bas-tv.md\\\/ro\\\/optica-mobila-vine-la-selemet-consultatii-oftalmologice-gratuite-pentru-toate-varstele\\\/#primaryimage\"},\"image\":{\"@id\":\"https:\\\/\\\/bas-tv.md\\\/ro\\\/optica-mobila-vine-la-selemet-consultatii-oftalmologice-gratuite-pentru-toate-varstele\\\/#primaryimage\"},\"thumbnailUrl\":\"https:\\\/\\\/bas-tv.md\\\/wp-content\\\/uploads\\\/2025\\\/10\\\/istockphoto-1275708167-612x612-1.jpg\",\"datePublished\":\"2025-10-12T14:35:53+00:00\",\"description\":\"Centrul Social de Zi Selemet, \u00een parteneriat cu Optica Mobil\u0103, invit\u0103 to\u021bi doritorii, indiferent de v\u00e2rst\u0103, s\u0103 beneficieze de consulta\u021bii oftalmologice gratuite. Evenimentul va avea loc miercuri, 15 octombrie 2025, \u0219i are drept obiectiv prevenirea \u0219i depistarea timpurie a problemelor de vedere.\",\"inLanguage\":\"ro-RO\",\"potentialAction\":[{\"@type\":\"ReadAction\",\"target\":[\"https:\\\/\\\/bas-tv.md\\\/ro\\\/optica-mobila-vine-la-selemet-consultatii-oftalmologice-gratuite-pentru-toate-varstele\\\/\"]}]},{\"@type\":\"ImageObject\",\"inLanguage\":\"ro-RO\",\"@id\":\"https:\\\/\\\/bas-tv.md\\\/ro\\\/optica-mobila-vine-la-selemet-consultatii-oftalmologice-gratuite-pentru-toate-varstele\\\/#primaryimage\",\"url\":\"https:\\\/\\\/bas-tv.md\\\/wp-content\\\/uploads\\\/2025\\\/10\\\/istockphoto-1275708167-612x612-1.jpg\",\"contentUrl\":\"https:\\\/\\\/bas-tv.md\\\/wp-content\\\/uploads\\\/2025\\\/10\\\/istockphoto-1275708167-612x612-1.jpg\",\"width\":612,\"height\":408,\"caption\":\"Foto: imagine-simbol\"},{\"@type\":\"WebSite\",\"@id\":\"https:\\\/\\\/bas-tv.md\\\/ro\\\/#website\",\"url\":\"https:\\\/\\\/bas-tv.md\\\/ro\\\/\",\"name\":\"BasTV\",\"description\":\"Moldova\",\"publisher\":{\"@id\":\"https:\\\/\\\/bas-tv.md\\\/ro\\\/#organization\"},\"potentialAction\":[{\"@type\":\"SearchAction\",\"target\":{\"@type\":\"EntryPoint\",\"urlTemplate\":\"https:\\\/\\\/bas-tv.md\\\/ro\\\/?s={search_term_string}\"},\"query-input\":{\"@type\":\"PropertyValueSpecification\",\"valueRequired\":true,\"valueName\":\"search_term_string\"}}],\"inLanguage\":\"ro-RO\"},{\"@type\":\"Organization\",\"@id\":\"https:\\\/\\\/bas-tv.md\\\/ro\\\/#organization\",\"name\":\"BasTV\",\"url\":\"https:\\\/\\\/bas-tv.md\\\/ro\\\/\",\"logo\":{\"@type\":\"ImageObject\",\"inLanguage\":\"ro-RO\",\"@id\":\"https:\\\/\\\/bas-tv.md\\\/ro\\\/#\\\/schema\\\/logo\\\/image\\\/\",\"url\":\"https:\\\/\\\/bas-tv.md\\\/wp-content\\\/uploads\\\/2023\\\/05\\\/bas-tv-culoarea-rosie.png\",\"contentUrl\":\"https:\\\/\\\/bas-tv.md\\\/wp-content\\\/uploads\\\/2023\\\/05\\\/bas-tv-culoarea-rosie.png\",\"width\":202,\"height\":50,\"caption\":\"BasTV\"},\"image\":{\"@id\":\"https:\\\/\\\/bas-tv.md\\\/ro\\\/#\\\/schema\\\/logo\\\/image\\\/\"}},{\"@type\":\"Person\",\"@id\":\"https:\\\/\\\/bas-tv.md\\\/ro\\\/#\\\/schema\\\/person\\\/8740f45ea2eca1f1695284fc03529af0\",\"name\":\"Redactor\",\"image\":{\"@type\":\"ImageObject\",\"inLanguage\":\"ro-RO\",\"@id\":\"https:\\\/\\\/bas-tv.md\\\/wp-content\\\/litespeed\\\/avatar\\\/91c0586f3f6f4396a4ec1287c965eeeb.jpg?ver=1776950945\",\"url\":\"https:\\\/\\\/bas-tv.md\\\/wp-content\\\/litespeed\\\/avatar\\\/91c0586f3f6f4396a4ec1287c965eeeb.jpg?ver=1776950945\",\"contentUrl\":\"https:\\\/\\\/bas-tv.md\\\/wp-content\\\/litespeed\\\/avatar\\\/91c0586f3f6f4396a4ec1287c965eeeb.jpg?ver=1776950945\",\"caption\":\"Redactor\"},\"url\":\"https:\\\/\\\/bas-tv.md\\\/ro\\\/author\\\/redactor\\\/\"}]}<\/script>\n<!-- \/ Yoast SEO plugin. -->","yoast_head_json":{"title":"Optica Mobil\u0103 vine la Selemet: consulta\u021bii oftalmologice gratuite pentru toate v\u00e2rstele - BasTV","description":"Centrul Social de Zi Selemet, \u00een parteneriat cu Optica Mobil\u0103, invit\u0103 to\u021bi doritorii, indiferent de v\u00e2rst\u0103, s\u0103 beneficieze de consulta\u021bii oftalmologice gratuite. Evenimentul va avea loc miercuri, 15 octombrie 2025, \u0219i are drept obiectiv prevenirea \u0219i depistarea timpurie a problemelor de vedere.","robots":{"index":"index","follow":"follow","max-snippet":"max-snippet:-1","max-image-preview":"max-image-preview:large","max-video-preview":"max-video-preview:-1"},"canonical":"https:\/\/bas-tv.md\/ro\/optica-mobila-vine-la-selemet-consultatii-oftalmologice-gratuite-pentru-toate-varstele\/","og_locale":"ro_RO","og_type":"article","og_title":"Optica Mobil\u0103 vine la Selemet: consulta\u021bii oftalmologice gratuite pentru toate v\u00e2rstele - BasTV","og_description":"Centrul Social de Zi Selemet, \u00een parteneriat cu Optica Mobil\u0103, invit\u0103 to\u021bi doritorii, indiferent de v\u00e2rst\u0103, s\u0103 beneficieze de consulta\u021bii oftalmologice gratuite. Evenimentul va avea loc miercuri, 15 octombrie 2025, \u0219i are drept obiectiv prevenirea \u0219i depistarea timpurie a problemelor de vedere.","og_url":"https:\/\/bas-tv.md\/ro\/optica-mobila-vine-la-selemet-consultatii-oftalmologice-gratuite-pentru-toate-varstele\/","og_site_name":"BasTV","article_published_time":"2025-10-12T14:35:53+00:00","og_image":[{"width":612,"height":408,"url":"https:\/\/bas-tv.md\/wp-content\/uploads\/2025\/10\/istockphoto-1275708167-612x612-1.jpg","type":"image\/jpeg"}],"author":"Redactor","twitter_card":"summary_large_image","twitter_misc":{"Scris de":"Redactor","Timp estimat pentru citire":"2 minute"},"schema":{"@context":"https:\/\/schema.org","@graph":[{"@type":"Article","@id":"https:\/\/bas-tv.md\/ro\/optica-mobila-vine-la-selemet-consultatii-oftalmologice-gratuite-pentru-toate-varstele\/#article","isPartOf":{"@id":"https:\/\/bas-tv.md\/ro\/optica-mobila-vine-la-selemet-consultatii-oftalmologice-gratuite-pentru-toate-varstele\/"},"author":{"name":"Redactor","@id":"https:\/\/bas-tv.md\/ro\/#\/schema\/person\/8740f45ea2eca1f1695284fc03529af0"},"headline":"Optica Mobil\u0103 vine la Selemet: consulta\u021bii oftalmologice gratuite pentru toate v\u00e2rstele","datePublished":"2025-10-12T14:35:53+00:00","mainEntityOfPage":{"@id":"https:\/\/bas-tv.md\/ro\/optica-mobila-vine-la-selemet-consultatii-oftalmologice-gratuite-pentru-toate-varstele\/"},"wordCount":254,"publisher":{"@id":"https:\/\/bas-tv.md\/ro\/#organization"},"image":{"@id":"https:\/\/bas-tv.md\/ro\/optica-mobila-vine-la-selemet-consultatii-oftalmologice-gratuite-pentru-toate-varstele\/#primaryimage"},"thumbnailUrl":"https:\/\/bas-tv.md\/wp-content\/uploads\/2025\/10\/istockphoto-1275708167-612x612-1.jpg","articleSection":["Actualitate","Anun\u021buri","\u00cen Moldova"],"inLanguage":"ro-RO"},{"@type":"WebPage","@id":"https:\/\/bas-tv.md\/ro\/optica-mobila-vine-la-selemet-consultatii-oftalmologice-gratuite-pentru-toate-varstele\/","url":"https:\/\/bas-tv.md\/ro\/optica-mobila-vine-la-selemet-consultatii-oftalmologice-gratuite-pentru-toate-varstele\/","name":"Optica Mobil\u0103 vine la Selemet: consulta\u021bii oftalmologice gratuite pentru toate v\u00e2rstele - BasTV","isPartOf":{"@id":"https:\/\/bas-tv.md\/ro\/#website"},"primaryImageOfPage":{"@id":"https:\/\/bas-tv.md\/ro\/optica-mobila-vine-la-selemet-consultatii-oftalmologice-gratuite-pentru-toate-varstele\/#primaryimage"},"image":{"@id":"https:\/\/bas-tv.md\/ro\/optica-mobila-vine-la-selemet-consultatii-oftalmologice-gratuite-pentru-toate-varstele\/#primaryimage"},"thumbnailUrl":"https:\/\/bas-tv.md\/wp-content\/uploads\/2025\/10\/istockphoto-1275708167-612x612-1.jpg","datePublished":"2025-10-12T14:35:53+00:00","description":"Centrul Social de Zi Selemet, \u00een parteneriat cu Optica Mobil\u0103, invit\u0103 to\u021bi doritorii, indiferent de v\u00e2rst\u0103, s\u0103 beneficieze de consulta\u021bii oftalmologice gratuite. Evenimentul va avea loc miercuri, 15 octombrie 2025, \u0219i are drept obiectiv prevenirea \u0219i depistarea timpurie a problemelor de vedere.","inLanguage":"ro-RO","potentialAction":[{"@type":"ReadAction","target":["https:\/\/bas-tv.md\/ro\/optica-mobila-vine-la-selemet-consultatii-oftalmologice-gratuite-pentru-toate-varstele\/"]}]},{"@type":"ImageObject","inLanguage":"ro-RO","@id":"https:\/\/bas-tv.md\/ro\/optica-mobila-vine-la-selemet-consultatii-oftalmologice-gratuite-pentru-toate-varstele\/#primaryimage","url":"https:\/\/bas-tv.md\/wp-content\/uploads\/2025\/10\/istockphoto-1275708167-612x612-1.jpg","contentUrl":"https:\/\/bas-tv.md\/wp-content\/uploads\/2025\/10\/istockphoto-1275708167-612x612-1.jpg","width":612,"height":408,"caption":"Foto: imagine-simbol"},{"@type":"WebSite","@id":"https:\/\/bas-tv.md\/ro\/#website","url":"https:\/\/bas-tv.md\/ro\/","name":"BasTV","description":"Moldova","publisher":{"@id":"https:\/\/bas-tv.md\/ro\/#organization"},"potentialAction":[{"@type":"SearchAction","target":{"@type":"EntryPoint","urlTemplate":"https:\/\/bas-tv.md\/ro\/?s={search_term_string}"},"query-input":{"@type":"PropertyValueSpecification","valueRequired":true,"valueName":"search_term_string"}}],"inLanguage":"ro-RO"},{"@type":"Organization","@id":"https:\/\/bas-tv.md\/ro\/#organization","name":"BasTV","url":"https:\/\/bas-tv.md\/ro\/","logo":{"@type":"ImageObject","inLanguage":"ro-RO","@id":"https:\/\/bas-tv.md\/ro\/#\/schema\/logo\/image\/","url":"https:\/\/bas-tv.md\/wp-content\/uploads\/2023\/05\/bas-tv-culoarea-rosie.png","contentUrl":"https:\/\/bas-tv.md\/wp-content\/uploads\/2023\/05\/bas-tv-culoarea-rosie.png","width":202,"height":50,"caption":"BasTV"},"image":{"@id":"https:\/\/bas-tv.md\/ro\/#\/schema\/logo\/image\/"}},{"@type":"Person","@id":"https:\/\/bas-tv.md\/ro\/#\/schema\/person\/8740f45ea2eca1f1695284fc03529af0","name":"Redactor","image":{"@type":"ImageObject","inLanguage":"ro-RO","@id":"https:\/\/bas-tv.md\/wp-content\/litespeed\/avatar\/91c0586f3f6f4396a4ec1287c965eeeb.jpg?ver=1776950945","url":"https:\/\/bas-tv.md\/wp-content\/litespeed\/avatar\/91c0586f3f6f4396a4ec1287c965eeeb.jpg?ver=1776950945","contentUrl":"https:\/\/bas-tv.md\/wp-content\/litespeed\/avatar\/91c0586f3f6f4396a4ec1287c965eeeb.jpg?ver=1776950945","caption":"Redactor"},"url":"https:\/\/bas-tv.md\/ro\/author\/redactor\/"}]}},"views":263,"_links":{"self":[{"href":"https:\/\/bas-tv.md\/ro\/wp-json\/wp\/v2\/posts\/163036","targetHints":{"allow":["GET"]}}],"collection":[{"href":"https:\/\/bas-tv.md\/ro\/wp-json\/wp\/v2\/posts"}],"about":[{"href":"https:\/\/bas-tv.md\/ro\/wp-json\/wp\/v2\/types\/post"}],"author":[{"embeddable":true,"href":"https:\/\/bas-tv.md\/ro\/wp-json\/wp\/v2\/users\/3"}],"replies":[{"embeddable":true,"href":"https:\/\/bas-tv.md\/ro\/wp-json\/wp\/v2\/comments?post=163036"}],"version-history":[{"count":1,"href":"https:\/\/bas-tv.md\/ro\/wp-json\/wp\/v2\/posts\/163036\/revisions"}],"predecessor-version":[{"id":163116,"href":"https:\/\/bas-tv.md\/ro\/wp-json\/wp\/v2\/posts\/163036\/revisions\/163116"}],"wp:featuredmedia":[{"embeddable":true,"href":"https:\/\/bas-tv.md\/ro\/wp-json\/wp\/v2\/media\/163114"}],"wp:attachment":[{"href":"https:\/\/bas-tv.md\/ro\/wp-json\/wp\/v2\/media?parent=163036"}],"wp:term":[{"taxonomy":"category","embeddable":true,"href":"https:\/\/bas-tv.md\/ro\/wp-json\/wp\/v2\/categories?post=163036"},{"taxonomy":"post_tag","embeddable":true,"href":"https:\/\/bas-tv.md\/ro\/wp-json\/wp\/v2\/tags?post=163036"}],"curies":[{"name":"wp","href":"https:\/\/api.w.org\/{rel}","templated":true}]}}