{"id":163436,"date":"2025-10-17T13:00:47","date_gmt":"2025-10-17T10:00:47","guid":{"rendered":"https:\/\/bas-tv.md\/?p=163436"},"modified":"2025-10-17T12:51:35","modified_gmt":"2025-10-17T09:51:35","slug":"procuratura-cimislia-tanar-condamnat-la-7-ani-de-inchisoare-pentru-escrocherie-prin-intermediul-schemei-ruda-implicata-in-accident","status":"publish","type":"post","link":"https:\/\/bas-tv.md\/ro\/procuratura-cimislia-tanar-condamnat-la-7-ani-de-inchisoare-pentru-escrocherie-prin-intermediul-schemei-ruda-implicata-in-accident\/","title":{"rendered":"Procuratura Cimi\u0219lia: T\u00e2n\u0103r condamnat la 7 ani de \u00eenchisoare pentru escrocherie prin intermediul schemei \u201eruda implicat\u0103 \u00een accident\u201d"},"content":{"rendered":"<p><strong>Un t\u00e2n\u0103r \u00een v\u00e2rst\u0103 de 21 de ani a fost condamnat la 7 ani de \u00eenchisoare cu executare \u00eentr-un penitenciar de tip semi\u00eenchis, dup\u0103 ce a fost g\u0103sit vinovat de implicare \u00een cadrul cunoscutei scheme de escrocherie \u201eruda implicat\u0103 \u00een accident\u201d. Potrivit Procuraturii Cimi\u0219lia, prejudiciul total cauzat victimelor dep\u0103\u0219e\u0219te jum\u0103tate de milion de lei.<\/strong><\/p>\n<p data-start=\"450\" data-end=\"762\">Ancheta a fost ini\u021biat\u0103 la data de 14 octombrie 2024, viz\u00e2nd un grup criminal organizat, specializat \u00een escrocheriile de tipul ,,ruda implicat\u0103 \u00een accident\u201d. Escrocii dispuneau de informa\u021bii despre victime: femei \u00een v\u00e2rst\u0103, care de\u021bineau sume importante de bani \u00een numerar la domiciliu, \u0219i ac\u021bionau coordonat, cu distribu\u021bia clar\u0103 a rolurilor \u00een cadrul grupului.<\/p>\n<p data-start=\"764\" data-end=\"1127\">Membrii grup\u0103rii contactau telefonic victimele, prezent\u00e2ndu-se fie drept rude apropiate, fie drept reprezentan\u021bi ai organelor de drept. Sub pretextul c\u0103 fiicele acestora ar fi fost implicate \u00eentr-un accident rutier, ace\u0219tia exercitau presiuni emo\u021bionale puternice \u0219i solicitau sume importante de bani, care ar fi urmat s\u0103 \u201erezolve favorabil\u201d situa\u021bia.<\/p>\n<p data-start=\"1129\" data-end=\"1406\">Pe parcursul convorbirilor, ace\u0219tia mimau discu\u021bii cu presupusele victime ale accidentelor \u0219i cu anchetatori, cre\u00e2nd o atmosfer\u0103 de urgen\u021b\u0103 \u0219i panic\u0103. Victimele erau men\u021binute permanent la telefon, at\u00e2t \u00eenainte, c\u00e2t \u0219i \u00een timpul \u0219i dup\u0103 transmiterea banilor, pentru a fi \u00eempiedicate s\u0103 verifice informa\u021biile sau s\u0103 ia leg\u0103tura cu rudele ori cu autorit\u0103\u021bile.<\/p>\n<p data-start=\"1449\" data-end=\"1688\">\u00centr-un prim caz, victima a fost convins\u0103 s\u0103 transmit\u0103 suma de 11 500 de euro, care a fost primit\u0103 \u00een dou\u0103 tran\u0219e de c\u0103tre persoana intermediar\u0103 recrutat\u0103 de grupul criminal. \u00cen al doilea caz, o alt\u0103 femeie a fost deposedat\u0103 de suma de 35 000 de euro, sub acela\u0219i pretext.<\/p>\n<p data-start=\"1690\" data-end=\"1865\">Prejudiciul total cauzat de grupul infrac\u021bional se ridic\u0103 la peste 550 000 lei, bani ob\u021binu\u021bi prin manipularea sentimentelor materne \u0219i inducerea \u00een eroare a victimelor.<\/p>\n<p data-start=\"1904\" data-end=\"2228\">Inculpatul, at\u00e2t la faza de urm\u0103rire penal\u0103, c\u00e2t \u0219i la examinarea cauzei penale \u00een \u0219edin\u021ba de judecat\u0103, a recunoscut vina par\u021bial. Acesta a declarat \u00een fa\u021ba instan\u021bei c\u0103 nu ar fi cunoscut despre activit\u0103\u021bile grupului criminal organizat \u0219i nici c\u0103 ar fi fost implicat \u00een fraude.<\/p>\n<p data-start=\"1904\" data-end=\"2228\">T\u00e2n\u0103rul sus\u021bine c\u0103 ar fi fost recrutat \u00een calitate de curier, dup\u0103 ce \u0219i-ar fi g\u0103sit un \u201eloc de munc\u0103\u201d prin intermediul unui site de anun\u021buri. Acesta ar fi avut rolul de a prelua sumele de bani \u0219i de a le transmite mai departe, cu \u00eencasarea unui anumit procent din sumele ridicate.<\/p>\n<p data-start=\"2230\" data-end=\"2465\">Instan\u021ba a respins argumentele ap\u0103r\u0103rii, re\u021bin\u00e2nd c\u0103 inculpatul con\u0219tientiza caracterul ilicit al activit\u0103\u021bii prestate, urm\u0103rind scopul de a ob\u021bine venituri ilegale prin \u00een\u0219el\u0103ciune.<\/p>\n<p data-start=\"2230\" data-end=\"2465\">Prin sentin\u021ba pronun\u021bat\u0103 de Judec\u0103toria Cimi\u0219lia, acesta a fost condamnat la 7 ani de \u00eenchisoare cu executare \u00eentr-un penitenciar de tip semi\u00eenchis \u0219i privat de dreptul de a exercita anumite activit\u0103\u021bi pentru o perioad\u0103 de 5 ani. De asemenea, instan\u021ba a dispus aplicarea unei amenzi \u00een sum\u0103 de 450 000 lei, precum \u0219i \u00eencasarea din contul inculpatului a sumei de 224 de lei, cu titlu de cheltuieli judiciare, \u0219i a 5 000 de lei, reprezent\u00e2nd cheltuieli pentru asisten\u021ba juridic\u0103.<\/p>\n<p data-start=\"2590\" data-end=\"2715\">Suplimentar, instan\u021ba a admis ac\u021biunile civile ale p\u0103r\u021bilor v\u0103t\u0103mate, dispun\u00e2nd \u00eencasarea din contul inculpatului a\u00a011 500 euro \u0219i 334 414,23 lei \u2013 prejudiciu material \u0219i 150 000 lei \u2013 prejudiciu moral.<\/p>\n<p data-start=\"2590\" data-end=\"2715\">Sentin\u021ba poate fi atacat\u0103 la Curtea de Apel Sud \u00een termen de 15 zile de la pronun\u021barea hot\u0103r\u00e2rii motivate. Reamintim c\u0103 persoana acuzat\u0103 de s\u0103v\u00e2r\u0219irea unei infrac\u021biuni este prezumat\u0103 nevinovat\u0103 p\u00e2n\u0103 la r\u0103m\u00e2nerea definitiv\u0103 a hot\u0103r\u00e2rii judec\u0103tore\u0219ti de condamnare.<\/p>\n<p data-start=\"3105\" data-end=\"3435\">Cazul nu este unul izolat. A\u0219a-numita schem\u0103 \u201eruda implicat\u0103 \u00een accident\u201d este folosit\u0103 frecvent de grup\u0103ri infrac\u021bionale, \u021bintele fiind, \u00een special, persoanele \u00een etate. Escrocii exploateaz\u0103 vulnerabilitatea emo\u021bional\u0103 a victimelor \u0219i ac\u021bioneaz\u0103 rapid, pentru a \u00eempiedica verificarea informa\u021biilor \u0219i contactul victimelor cu alte persoane, inclusiv cu autorit\u0103\u021bile.<\/p>\n<p data-start=\"3437\" data-end=\"3596\">Cet\u0103\u021benii sunt \u00eendemna\u021bi s\u0103 fie pruden\u021bi, s\u0103 nu transmit\u0103 bani necunoscu\u021bilor \u0219i s\u0103 verifice imediat veridicitatea informa\u021biilor primite prin telefon.<\/p>\n<p data-start=\"464\" data-end=\"904\"><strong>Sus\u021bine\u021bi redac\u021bia BAStv, abona\u021bi-v\u0103 la noi pe platforma\u00a0<a href=\"https:\/\/www.patreon.com\/BAStv?fan_landing=true&amp;fbclid=IwAR3MeSDKfH4ixBydCXX9D1lhrCszhps3ID5uxuGA-Ktd4MTkZCRdlcEZkQI\">Patreon\u00a0<\/a>sau prin efectuarea contribu\u021biilor prin\u00a0<a href=\"https:\/\/www.paypal.com\/paypalme\/supportbastv\">PayPal<\/a>! Aceasta ne va ajuta s\u0103 cre\u0103m con\u021binut interesant \u0219i util pentru dvs., r\u0103m\u00e2n\u00e2nd \u00een continuare o platform\u0103 media independent\u0103.<\/strong><\/p>\n<p><b>Abona\u021bi-v\u0103 la noi pe re\u021bele sociale:\u00a0<\/b><a href=\"https:\/\/t.me\/bastvmd\"><b><i>Telegram<\/i><\/b><\/a><b>,\u00a0<\/b><a href=\"https:\/\/www.youtube.com\/channel\/UC-9005PnLnhpNM8PVSjP2dQ\/featured\"><b><i>YouTube<\/i><\/b><\/a><b>,\u00a0<\/b><a href=\"https:\/\/www.facebook.com\/bastv.md\"><b><i>Facebook<\/i><\/b><\/a>\u00a0<strong>\u0219i\u00a0<\/strong><a href=\"https:\/\/www.instagram.com\/bastv.md\/\"><b><i>Instagram<\/i><\/b><\/a><b>. Aici public\u0103m \u0219tiri pe scurt.<\/b><\/p>\n","protected":false},"excerpt":{"rendered":"<p>Un t\u00e2n\u0103r \u00een v\u00e2rst\u0103 de 21 de ani a fost condamnat la 7 ani de \u00eenchisoare cu executare \u00eentr-un penitenciar de tip semi\u00eenchis, dup\u0103 ce a fost g\u0103sit vinovat de implicare \u00een cadrul cunoscutei scheme de escrocherie \u201eruda implicat\u0103 \u00een accident\u201d. Potrivit Procuraturii Cimi\u0219lia, prejudiciul total cauzat victimelor dep\u0103\u0219e\u0219te jum\u0103tate de milion de lei. Ancheta [&hellip;]<\/p>\n","protected":false},"author":3,"featured_media":163445,"comment_status":"closed","ping_status":"closed","sticky":false,"template":"","format":"standard","meta":{"footnotes":""},"categories":[602,570],"tags":[10154,14757,14756,14758],"class_list":["post-163436","post","type-post","status-publish","format-standard","has-post-thumbnail","hentry","category-actualitate","category-in-moldova","tag-procuratura-cimislia","tag-ruda-implicata-in-accident","tag-tanar-condamnat","tag-un-grup-criminal"],"yoast_head":"<!-- This site is optimized with the Yoast SEO plugin v27.5 - https:\/\/yoast.com\/product\/yoast-seo-wordpress\/ -->\n<title>Procuratura Cimi\u0219lia: T\u00e2n\u0103r condamnat la 7 ani de \u00eenchisoare pentru escrocherie prin intermediul schemei \u201eruda implicat\u0103 \u00een accident\u201d - BasTV<\/title>\n<meta name=\"description\" content=\"Un t\u00e2n\u0103r \u00een v\u00e2rst\u0103 de 21 de ani a fost condamnat la 7 ani de \u00eenchisoare cu executare \u00eentr-un penitenciar de tip semi\u00eenchis, dup\u0103 ce a fost g\u0103sit vinovat de implicare \u00een cadrul cunoscutei scheme de escrocherie \u201eruda implicat\u0103 \u00een accident\u201d. Potrivit Procuraturii Cimi\u0219lia, prejudiciul total cauzat victimelor dep\u0103\u0219e\u0219te jum\u0103tate de milion de lei.\" \/>\n<meta name=\"robots\" content=\"index, follow, max-snippet:-1, max-image-preview:large, max-video-preview:-1\" \/>\n<link rel=\"canonical\" href=\"https:\/\/bas-tv.md\/ro\/procuratura-cimislia-tanar-condamnat-la-7-ani-de-inchisoare-pentru-escrocherie-prin-intermediul-schemei-ruda-implicata-in-accident\/\" \/>\n<meta property=\"og:locale\" content=\"ro_RO\" \/>\n<meta property=\"og:type\" content=\"article\" \/>\n<meta property=\"og:title\" content=\"Procuratura Cimi\u0219lia: T\u00e2n\u0103r condamnat la 7 ani de \u00eenchisoare pentru escrocherie prin intermediul schemei \u201eruda implicat\u0103 \u00een accident\u201d - BasTV\" \/>\n<meta property=\"og:description\" content=\"Un t\u00e2n\u0103r \u00een v\u00e2rst\u0103 de 21 de ani a fost condamnat la 7 ani de \u00eenchisoare cu executare \u00eentr-un penitenciar de tip semi\u00eenchis, dup\u0103 ce a fost g\u0103sit vinovat de implicare \u00een cadrul cunoscutei scheme de escrocherie \u201eruda implicat\u0103 \u00een accident\u201d. Potrivit Procuraturii Cimi\u0219lia, prejudiciul total cauzat victimelor dep\u0103\u0219e\u0219te jum\u0103tate de milion de lei.\" \/>\n<meta property=\"og:url\" content=\"https:\/\/bas-tv.md\/ro\/procuratura-cimislia-tanar-condamnat-la-7-ani-de-inchisoare-pentru-escrocherie-prin-intermediul-schemei-ruda-implicata-in-accident\/\" \/>\n<meta property=\"og:site_name\" content=\"BasTV\" \/>\n<meta property=\"article:published_time\" content=\"2025-10-17T10:00:47+00:00\" \/>\n<meta property=\"og:image\" content=\"https:\/\/bas-tv.md\/wp-content\/uploads\/2025\/10\/istockphoto-2196464971-612x612-1.jpg\" \/>\n\t<meta property=\"og:image:width\" content=\"612\" \/>\n\t<meta property=\"og:image:height\" content=\"407\" \/>\n\t<meta property=\"og:image:type\" content=\"image\/jpeg\" \/>\n<meta name=\"author\" content=\"Redactor\" \/>\n<meta name=\"twitter:card\" content=\"summary_large_image\" \/>\n<meta name=\"twitter:label1\" content=\"Scris de\" \/>\n\t<meta name=\"twitter:data1\" content=\"Redactor\" \/>\n\t<meta name=\"twitter:label2\" content=\"Timp estimat pentru citire\" \/>\n\t<meta name=\"twitter:data2\" content=\"4 minute\" \/>\n<script type=\"application\/ld+json\" class=\"yoast-schema-graph\">{\"@context\":\"https:\\\/\\\/schema.org\",\"@graph\":[{\"@type\":\"Article\",\"@id\":\"https:\\\/\\\/bas-tv.md\\\/ro\\\/procuratura-cimislia-tanar-condamnat-la-7-ani-de-inchisoare-pentru-escrocherie-prin-intermediul-schemei-ruda-implicata-in-accident\\\/#article\",\"isPartOf\":{\"@id\":\"https:\\\/\\\/bas-tv.md\\\/ro\\\/procuratura-cimislia-tanar-condamnat-la-7-ani-de-inchisoare-pentru-escrocherie-prin-intermediul-schemei-ruda-implicata-in-accident\\\/\"},\"author\":{\"name\":\"Redactor\",\"@id\":\"https:\\\/\\\/bas-tv.md\\\/ro\\\/#\\\/schema\\\/person\\\/8740f45ea2eca1f1695284fc03529af0\"},\"headline\":\"Procuratura Cimi\u0219lia: T\u00e2n\u0103r condamnat la 7 ani de \u00eenchisoare pentru escrocherie prin intermediul schemei \u201eruda implicat\u0103 \u00een accident\u201d\",\"datePublished\":\"2025-10-17T10:00:47+00:00\",\"mainEntityOfPage\":{\"@id\":\"https:\\\/\\\/bas-tv.md\\\/ro\\\/procuratura-cimislia-tanar-condamnat-la-7-ani-de-inchisoare-pentru-escrocherie-prin-intermediul-schemei-ruda-implicata-in-accident\\\/\"},\"wordCount\":783,\"publisher\":{\"@id\":\"https:\\\/\\\/bas-tv.md\\\/ro\\\/#organization\"},\"image\":{\"@id\":\"https:\\\/\\\/bas-tv.md\\\/ro\\\/procuratura-cimislia-tanar-condamnat-la-7-ani-de-inchisoare-pentru-escrocherie-prin-intermediul-schemei-ruda-implicata-in-accident\\\/#primaryimage\"},\"thumbnailUrl\":\"https:\\\/\\\/bas-tv.md\\\/wp-content\\\/uploads\\\/2025\\\/10\\\/istockphoto-2196464971-612x612-1.jpg\",\"keywords\":[\"Procuratura Cimi\u0219lia\",\"ruda implicat\u0103 \u00een accident\",\"T\u00e2n\u0103r condamnat\",\"un grup criminal\"],\"articleSection\":[\"Actualitate\",\"\u00cen Moldova\"],\"inLanguage\":\"ro-RO\"},{\"@type\":\"WebPage\",\"@id\":\"https:\\\/\\\/bas-tv.md\\\/ro\\\/procuratura-cimislia-tanar-condamnat-la-7-ani-de-inchisoare-pentru-escrocherie-prin-intermediul-schemei-ruda-implicata-in-accident\\\/\",\"url\":\"https:\\\/\\\/bas-tv.md\\\/ro\\\/procuratura-cimislia-tanar-condamnat-la-7-ani-de-inchisoare-pentru-escrocherie-prin-intermediul-schemei-ruda-implicata-in-accident\\\/\",\"name\":\"Procuratura Cimi\u0219lia: T\u00e2n\u0103r condamnat la 7 ani de \u00eenchisoare pentru escrocherie prin intermediul schemei \u201eruda implicat\u0103 \u00een accident\u201d - BasTV\",\"isPartOf\":{\"@id\":\"https:\\\/\\\/bas-tv.md\\\/ro\\\/#website\"},\"primaryImageOfPage\":{\"@id\":\"https:\\\/\\\/bas-tv.md\\\/ro\\\/procuratura-cimislia-tanar-condamnat-la-7-ani-de-inchisoare-pentru-escrocherie-prin-intermediul-schemei-ruda-implicata-in-accident\\\/#primaryimage\"},\"image\":{\"@id\":\"https:\\\/\\\/bas-tv.md\\\/ro\\\/procuratura-cimislia-tanar-condamnat-la-7-ani-de-inchisoare-pentru-escrocherie-prin-intermediul-schemei-ruda-implicata-in-accident\\\/#primaryimage\"},\"thumbnailUrl\":\"https:\\\/\\\/bas-tv.md\\\/wp-content\\\/uploads\\\/2025\\\/10\\\/istockphoto-2196464971-612x612-1.jpg\",\"datePublished\":\"2025-10-17T10:00:47+00:00\",\"description\":\"Un t\u00e2n\u0103r \u00een v\u00e2rst\u0103 de 21 de ani a fost condamnat la 7 ani de \u00eenchisoare cu executare \u00eentr-un penitenciar de tip semi\u00eenchis, dup\u0103 ce a fost g\u0103sit vinovat de implicare \u00een cadrul cunoscutei scheme de escrocherie \u201eruda implicat\u0103 \u00een accident\u201d. Potrivit Procuraturii Cimi\u0219lia, prejudiciul total cauzat victimelor dep\u0103\u0219e\u0219te jum\u0103tate de milion de lei.\",\"inLanguage\":\"ro-RO\",\"potentialAction\":[{\"@type\":\"ReadAction\",\"target\":[\"https:\\\/\\\/bas-tv.md\\\/ro\\\/procuratura-cimislia-tanar-condamnat-la-7-ani-de-inchisoare-pentru-escrocherie-prin-intermediul-schemei-ruda-implicata-in-accident\\\/\"]}]},{\"@type\":\"ImageObject\",\"inLanguage\":\"ro-RO\",\"@id\":\"https:\\\/\\\/bas-tv.md\\\/ro\\\/procuratura-cimislia-tanar-condamnat-la-7-ani-de-inchisoare-pentru-escrocherie-prin-intermediul-schemei-ruda-implicata-in-accident\\\/#primaryimage\",\"url\":\"https:\\\/\\\/bas-tv.md\\\/wp-content\\\/uploads\\\/2025\\\/10\\\/istockphoto-2196464971-612x612-1.jpg\",\"contentUrl\":\"https:\\\/\\\/bas-tv.md\\\/wp-content\\\/uploads\\\/2025\\\/10\\\/istockphoto-2196464971-612x612-1.jpg\",\"width\":612,\"height\":407,\"caption\":\"Foto: imagine-simbol\"},{\"@type\":\"WebSite\",\"@id\":\"https:\\\/\\\/bas-tv.md\\\/ro\\\/#website\",\"url\":\"https:\\\/\\\/bas-tv.md\\\/ro\\\/\",\"name\":\"BasTV\",\"description\":\"Moldova\",\"publisher\":{\"@id\":\"https:\\\/\\\/bas-tv.md\\\/ro\\\/#organization\"},\"potentialAction\":[{\"@type\":\"SearchAction\",\"target\":{\"@type\":\"EntryPoint\",\"urlTemplate\":\"https:\\\/\\\/bas-tv.md\\\/ro\\\/?s={search_term_string}\"},\"query-input\":{\"@type\":\"PropertyValueSpecification\",\"valueRequired\":true,\"valueName\":\"search_term_string\"}}],\"inLanguage\":\"ro-RO\"},{\"@type\":\"Organization\",\"@id\":\"https:\\\/\\\/bas-tv.md\\\/ro\\\/#organization\",\"name\":\"BasTV\",\"url\":\"https:\\\/\\\/bas-tv.md\\\/ro\\\/\",\"logo\":{\"@type\":\"ImageObject\",\"inLanguage\":\"ro-RO\",\"@id\":\"https:\\\/\\\/bas-tv.md\\\/ro\\\/#\\\/schema\\\/logo\\\/image\\\/\",\"url\":\"https:\\\/\\\/bas-tv.md\\\/wp-content\\\/uploads\\\/2023\\\/05\\\/bas-tv-culoarea-rosie.png\",\"contentUrl\":\"https:\\\/\\\/bas-tv.md\\\/wp-content\\\/uploads\\\/2023\\\/05\\\/bas-tv-culoarea-rosie.png\",\"width\":202,\"height\":50,\"caption\":\"BasTV\"},\"image\":{\"@id\":\"https:\\\/\\\/bas-tv.md\\\/ro\\\/#\\\/schema\\\/logo\\\/image\\\/\"}},{\"@type\":\"Person\",\"@id\":\"https:\\\/\\\/bas-tv.md\\\/ro\\\/#\\\/schema\\\/person\\\/8740f45ea2eca1f1695284fc03529af0\",\"name\":\"Redactor\",\"image\":{\"@type\":\"ImageObject\",\"inLanguage\":\"ro-RO\",\"@id\":\"https:\\\/\\\/bas-tv.md\\\/wp-content\\\/litespeed\\\/avatar\\\/91c0586f3f6f4396a4ec1287c965eeeb.jpg?ver=1777555749\",\"url\":\"https:\\\/\\\/bas-tv.md\\\/wp-content\\\/litespeed\\\/avatar\\\/91c0586f3f6f4396a4ec1287c965eeeb.jpg?ver=1777555749\",\"contentUrl\":\"https:\\\/\\\/bas-tv.md\\\/wp-content\\\/litespeed\\\/avatar\\\/91c0586f3f6f4396a4ec1287c965eeeb.jpg?ver=1777555749\",\"caption\":\"Redactor\"},\"url\":\"https:\\\/\\\/bas-tv.md\\\/ro\\\/author\\\/redactor\\\/\"}]}<\/script>\n<!-- \/ Yoast SEO plugin. -->","yoast_head_json":{"title":"Procuratura Cimi\u0219lia: T\u00e2n\u0103r condamnat la 7 ani de \u00eenchisoare pentru escrocherie prin intermediul schemei \u201eruda implicat\u0103 \u00een accident\u201d - BasTV","description":"Un t\u00e2n\u0103r \u00een v\u00e2rst\u0103 de 21 de ani a fost condamnat la 7 ani de \u00eenchisoare cu executare \u00eentr-un penitenciar de tip semi\u00eenchis, dup\u0103 ce a fost g\u0103sit vinovat de implicare \u00een cadrul cunoscutei scheme de escrocherie \u201eruda implicat\u0103 \u00een accident\u201d. Potrivit Procuraturii Cimi\u0219lia, prejudiciul total cauzat victimelor dep\u0103\u0219e\u0219te jum\u0103tate de milion de lei.","robots":{"index":"index","follow":"follow","max-snippet":"max-snippet:-1","max-image-preview":"max-image-preview:large","max-video-preview":"max-video-preview:-1"},"canonical":"https:\/\/bas-tv.md\/ro\/procuratura-cimislia-tanar-condamnat-la-7-ani-de-inchisoare-pentru-escrocherie-prin-intermediul-schemei-ruda-implicata-in-accident\/","og_locale":"ro_RO","og_type":"article","og_title":"Procuratura Cimi\u0219lia: T\u00e2n\u0103r condamnat la 7 ani de \u00eenchisoare pentru escrocherie prin intermediul schemei \u201eruda implicat\u0103 \u00een accident\u201d - BasTV","og_description":"Un t\u00e2n\u0103r \u00een v\u00e2rst\u0103 de 21 de ani a fost condamnat la 7 ani de \u00eenchisoare cu executare \u00eentr-un penitenciar de tip semi\u00eenchis, dup\u0103 ce a fost g\u0103sit vinovat de implicare \u00een cadrul cunoscutei scheme de escrocherie \u201eruda implicat\u0103 \u00een accident\u201d. Potrivit Procuraturii Cimi\u0219lia, prejudiciul total cauzat victimelor dep\u0103\u0219e\u0219te jum\u0103tate de milion de lei.","og_url":"https:\/\/bas-tv.md\/ro\/procuratura-cimislia-tanar-condamnat-la-7-ani-de-inchisoare-pentru-escrocherie-prin-intermediul-schemei-ruda-implicata-in-accident\/","og_site_name":"BasTV","article_published_time":"2025-10-17T10:00:47+00:00","og_image":[{"width":612,"height":407,"url":"https:\/\/bas-tv.md\/wp-content\/uploads\/2025\/10\/istockphoto-2196464971-612x612-1.jpg","type":"image\/jpeg"}],"author":"Redactor","twitter_card":"summary_large_image","twitter_misc":{"Scris de":"Redactor","Timp estimat pentru citire":"4 minute"},"schema":{"@context":"https:\/\/schema.org","@graph":[{"@type":"Article","@id":"https:\/\/bas-tv.md\/ro\/procuratura-cimislia-tanar-condamnat-la-7-ani-de-inchisoare-pentru-escrocherie-prin-intermediul-schemei-ruda-implicata-in-accident\/#article","isPartOf":{"@id":"https:\/\/bas-tv.md\/ro\/procuratura-cimislia-tanar-condamnat-la-7-ani-de-inchisoare-pentru-escrocherie-prin-intermediul-schemei-ruda-implicata-in-accident\/"},"author":{"name":"Redactor","@id":"https:\/\/bas-tv.md\/ro\/#\/schema\/person\/8740f45ea2eca1f1695284fc03529af0"},"headline":"Procuratura Cimi\u0219lia: T\u00e2n\u0103r condamnat la 7 ani de \u00eenchisoare pentru escrocherie prin intermediul schemei \u201eruda implicat\u0103 \u00een accident\u201d","datePublished":"2025-10-17T10:00:47+00:00","mainEntityOfPage":{"@id":"https:\/\/bas-tv.md\/ro\/procuratura-cimislia-tanar-condamnat-la-7-ani-de-inchisoare-pentru-escrocherie-prin-intermediul-schemei-ruda-implicata-in-accident\/"},"wordCount":783,"publisher":{"@id":"https:\/\/bas-tv.md\/ro\/#organization"},"image":{"@id":"https:\/\/bas-tv.md\/ro\/procuratura-cimislia-tanar-condamnat-la-7-ani-de-inchisoare-pentru-escrocherie-prin-intermediul-schemei-ruda-implicata-in-accident\/#primaryimage"},"thumbnailUrl":"https:\/\/bas-tv.md\/wp-content\/uploads\/2025\/10\/istockphoto-2196464971-612x612-1.jpg","keywords":["Procuratura Cimi\u0219lia","ruda implicat\u0103 \u00een accident","T\u00e2n\u0103r condamnat","un grup criminal"],"articleSection":["Actualitate","\u00cen Moldova"],"inLanguage":"ro-RO"},{"@type":"WebPage","@id":"https:\/\/bas-tv.md\/ro\/procuratura-cimislia-tanar-condamnat-la-7-ani-de-inchisoare-pentru-escrocherie-prin-intermediul-schemei-ruda-implicata-in-accident\/","url":"https:\/\/bas-tv.md\/ro\/procuratura-cimislia-tanar-condamnat-la-7-ani-de-inchisoare-pentru-escrocherie-prin-intermediul-schemei-ruda-implicata-in-accident\/","name":"Procuratura Cimi\u0219lia: T\u00e2n\u0103r condamnat la 7 ani de \u00eenchisoare pentru escrocherie prin intermediul schemei \u201eruda implicat\u0103 \u00een accident\u201d - BasTV","isPartOf":{"@id":"https:\/\/bas-tv.md\/ro\/#website"},"primaryImageOfPage":{"@id":"https:\/\/bas-tv.md\/ro\/procuratura-cimislia-tanar-condamnat-la-7-ani-de-inchisoare-pentru-escrocherie-prin-intermediul-schemei-ruda-implicata-in-accident\/#primaryimage"},"image":{"@id":"https:\/\/bas-tv.md\/ro\/procuratura-cimislia-tanar-condamnat-la-7-ani-de-inchisoare-pentru-escrocherie-prin-intermediul-schemei-ruda-implicata-in-accident\/#primaryimage"},"thumbnailUrl":"https:\/\/bas-tv.md\/wp-content\/uploads\/2025\/10\/istockphoto-2196464971-612x612-1.jpg","datePublished":"2025-10-17T10:00:47+00:00","description":"Un t\u00e2n\u0103r \u00een v\u00e2rst\u0103 de 21 de ani a fost condamnat la 7 ani de \u00eenchisoare cu executare \u00eentr-un penitenciar de tip semi\u00eenchis, dup\u0103 ce a fost g\u0103sit vinovat de implicare \u00een cadrul cunoscutei scheme de escrocherie \u201eruda implicat\u0103 \u00een accident\u201d. Potrivit Procuraturii Cimi\u0219lia, prejudiciul total cauzat victimelor dep\u0103\u0219e\u0219te jum\u0103tate de milion de lei.","inLanguage":"ro-RO","potentialAction":[{"@type":"ReadAction","target":["https:\/\/bas-tv.md\/ro\/procuratura-cimislia-tanar-condamnat-la-7-ani-de-inchisoare-pentru-escrocherie-prin-intermediul-schemei-ruda-implicata-in-accident\/"]}]},{"@type":"ImageObject","inLanguage":"ro-RO","@id":"https:\/\/bas-tv.md\/ro\/procuratura-cimislia-tanar-condamnat-la-7-ani-de-inchisoare-pentru-escrocherie-prin-intermediul-schemei-ruda-implicata-in-accident\/#primaryimage","url":"https:\/\/bas-tv.md\/wp-content\/uploads\/2025\/10\/istockphoto-2196464971-612x612-1.jpg","contentUrl":"https:\/\/bas-tv.md\/wp-content\/uploads\/2025\/10\/istockphoto-2196464971-612x612-1.jpg","width":612,"height":407,"caption":"Foto: imagine-simbol"},{"@type":"WebSite","@id":"https:\/\/bas-tv.md\/ro\/#website","url":"https:\/\/bas-tv.md\/ro\/","name":"BasTV","description":"Moldova","publisher":{"@id":"https:\/\/bas-tv.md\/ro\/#organization"},"potentialAction":[{"@type":"SearchAction","target":{"@type":"EntryPoint","urlTemplate":"https:\/\/bas-tv.md\/ro\/?s={search_term_string}"},"query-input":{"@type":"PropertyValueSpecification","valueRequired":true,"valueName":"search_term_string"}}],"inLanguage":"ro-RO"},{"@type":"Organization","@id":"https:\/\/bas-tv.md\/ro\/#organization","name":"BasTV","url":"https:\/\/bas-tv.md\/ro\/","logo":{"@type":"ImageObject","inLanguage":"ro-RO","@id":"https:\/\/bas-tv.md\/ro\/#\/schema\/logo\/image\/","url":"https:\/\/bas-tv.md\/wp-content\/uploads\/2023\/05\/bas-tv-culoarea-rosie.png","contentUrl":"https:\/\/bas-tv.md\/wp-content\/uploads\/2023\/05\/bas-tv-culoarea-rosie.png","width":202,"height":50,"caption":"BasTV"},"image":{"@id":"https:\/\/bas-tv.md\/ro\/#\/schema\/logo\/image\/"}},{"@type":"Person","@id":"https:\/\/bas-tv.md\/ro\/#\/schema\/person\/8740f45ea2eca1f1695284fc03529af0","name":"Redactor","image":{"@type":"ImageObject","inLanguage":"ro-RO","@id":"https:\/\/bas-tv.md\/wp-content\/litespeed\/avatar\/91c0586f3f6f4396a4ec1287c965eeeb.jpg?ver=1777555749","url":"https:\/\/bas-tv.md\/wp-content\/litespeed\/avatar\/91c0586f3f6f4396a4ec1287c965eeeb.jpg?ver=1777555749","contentUrl":"https:\/\/bas-tv.md\/wp-content\/litespeed\/avatar\/91c0586f3f6f4396a4ec1287c965eeeb.jpg?ver=1777555749","caption":"Redactor"},"url":"https:\/\/bas-tv.md\/ro\/author\/redactor\/"}]}},"views":697,"_links":{"self":[{"href":"https:\/\/bas-tv.md\/ro\/wp-json\/wp\/v2\/posts\/163436","targetHints":{"allow":["GET"]}}],"collection":[{"href":"https:\/\/bas-tv.md\/ro\/wp-json\/wp\/v2\/posts"}],"about":[{"href":"https:\/\/bas-tv.md\/ro\/wp-json\/wp\/v2\/types\/post"}],"author":[{"embeddable":true,"href":"https:\/\/bas-tv.md\/ro\/wp-json\/wp\/v2\/users\/3"}],"replies":[{"embeddable":true,"href":"https:\/\/bas-tv.md\/ro\/wp-json\/wp\/v2\/comments?post=163436"}],"version-history":[{"count":1,"href":"https:\/\/bas-tv.md\/ro\/wp-json\/wp\/v2\/posts\/163436\/revisions"}],"predecessor-version":[{"id":163487,"href":"https:\/\/bas-tv.md\/ro\/wp-json\/wp\/v2\/posts\/163436\/revisions\/163487"}],"wp:featuredmedia":[{"embeddable":true,"href":"https:\/\/bas-tv.md\/ro\/wp-json\/wp\/v2\/media\/163445"}],"wp:attachment":[{"href":"https:\/\/bas-tv.md\/ro\/wp-json\/wp\/v2\/media?parent=163436"}],"wp:term":[{"taxonomy":"category","embeddable":true,"href":"https:\/\/bas-tv.md\/ro\/wp-json\/wp\/v2\/categories?post=163436"},{"taxonomy":"post_tag","embeddable":true,"href":"https:\/\/bas-tv.md\/ro\/wp-json\/wp\/v2\/tags?post=163436"}],"curies":[{"name":"wp","href":"https:\/\/api.w.org\/{rel}","templated":true}]}}