{"id":163548,"date":"2025-10-19T20:00:23","date_gmt":"2025-10-19T17:00:23","guid":{"rendered":"https:\/\/bas-tv.md\/?p=163548"},"modified":"2025-10-17T17:58:36","modified_gmt":"2025-10-17T14:58:36","slug":"retrospectiva-saptamanii-de-la-bastv-convocarea-sedintei-consiliului-raional-basarabeasca-condamnari-instruiri-pentru-tineri-si-multe-altele","status":"publish","type":"post","link":"https:\/\/bas-tv.md\/ro\/retrospectiva-saptamanii-de-la-bastv-convocarea-sedintei-consiliului-raional-basarabeasca-condamnari-instruiri-pentru-tineri-si-multe-altele\/","title":{"rendered":"\u201eRetrospectiva s\u0103pt\u0103m\u00e2nii\u201d de la BAStv: convocarea \u0219edin\u021bei Consiliului raional Basarabeasca, condamn\u0103ri, instruiri pentru tineri \u0219i multe altele"},"content":{"rendered":"<p><strong>\u201eRetrospectiva s\u0103pt\u0103m\u00e2nii\u201d \u2013 o sec\u021biune \u00een care public\u0103m cele mai importante \u0219tiri ap\u0103rute pe site-ul nostru \u00een ultimele 7 zile. Acest lucru te va ajuta s\u0103 fii mereu la curent \u0219i s\u0103 nu ratezi nimic important pentru tine. <\/strong><\/p>\n<p><strong>(DOC) Consiliul raional Basarabeasca, convocat \u00een \u0219edin\u021b\u0103 ordinar\u0103 pe 22 octombrie 2025 &#8211; proiectul ordinii de zi<\/strong><\/p>\n<p>Consiliul raional Basarabeasca se va \u00eentruni \u00een \u0219edin\u021b\u0103 ordinar\u0103 pe 22 octombrie 2025, \u00eencep\u00e2nd cu ora 10:00. Pe ordinea de zi figureaz\u0103 mai multe subiecte ce vizeaz\u0103 domeniul educa\u021biei, finan\u021bele publice \u0219i buna administrare a resurselor raionale. Detalii <a href=\"https:\/\/bas-tv.md\/ro\/doc-consiliul-raional-basarabeasca-convocat-in-sedinta-ordinara-pe-22-octombrie-2025-proiectul-ordinii-de-zi\/\">aici.<\/a><\/p>\n<p><strong>Un b\u0103rbat din raionul Basarabeasca a fost condamnat la 10 ani de \u00eenchisoare pentru tentativ\u0103 de omor<\/strong><\/p>\n<p>Un b\u0103rbat \u00een v\u00e2rst\u0103 de 36 de ani din raionul Basarabeasca a fost condamnat la 10 ani de \u00eenchisoare, cu executarea pedepsei \u00eentr-un penitenciar de tip \u00eenchis, dup\u0103 ce \u0219i-ar fi atacat amicul de pahar cu un topor. Sentin\u021ba a fost pronun\u021bat\u0103 de Judec\u0103toria Cimi\u0219lia, care l-a recunoscut vinovat \u0219i a stabilit c\u0103 fapta \u00eentrune\u0219te elementele constitutive ale tentativei de omor inten\u021bionat. Afla\u021bi <a href=\"https:\/\/bas-tv.md\/ro\/un-barbat-din-raionul-basarabeasca-a-fost-condamnat-la-10-ani-de-inchisoare-pentru-tentativa-de-omor\/\">mai mult.<\/a><\/p>\n<p><strong>Procuratura Cimi\u0219lia: T\u00e2n\u0103r condamnat la 7 ani de \u00eenchisoare pentru escrocherie prin intermediul schemei \u201eruda implicat\u0103 \u00een accident\u201d<\/strong><\/p>\n<p>Un t\u00e2n\u0103r \u00een v\u00e2rst\u0103 de 21 de ani a fost condamnat la 7 ani de \u00eenchisoare cu executare \u00eentr-un penitenciar de tip semi\u00eenchis, dup\u0103 ce a fost g\u0103sit vinovat de implicare \u00een cadrul cunoscutei scheme de escrocherie \u201eruda implicat\u0103 \u00een accident\u201d. Potrivit Procuraturii Cimi\u0219lia, prejudiciul total cauzat victimelor dep\u0103\u0219e\u0219te jum\u0103tate de milion de lei. Mai multe <a href=\"https:\/\/bas-tv.md\/ro\/procuratura-cimislia-tanar-condamnat-la-7-ani-de-inchisoare-pentru-escrocherie-prin-intermediul-schemei-ruda-implicata-in-accident\/\">detalii.<\/a><\/p>\n<p><strong>(VIDEO) T\u00e2n\u0103r ucrainean, amenin\u021bat cu pistolul \u0219i deposedat de bani \u0219i bunuri la Cimi\u0219lia<\/strong><\/p>\n<p>Un t\u00e2n\u0103r ucrainean \u00een v\u00e2rst\u0103 de 23 de ani a fost deposedat de bani \u0219i bunuri personale, \u00een seara zilei de 13 octombrie, \u00een ora\u0219ul Cimi\u0219lia. Doi tineri l-ar fi amenin\u021bat cu un pistol, dup\u0103 care au fugit de la fa\u021ba locului, fiind re\u021binu\u021bi de poli\u021bie la scurt timp dup\u0103 incident. Detalii <a href=\"https:\/\/bas-tv.md\/ro\/tanar-ucrainean-amenintat-cu-pistolul-si-deposedat-de-bani-si-bunuri-la-cimislia\/\">aici.<\/a><\/p>\n<p><strong>(FOTO\/VIDEO) Training pentru voluntari: tinerii din raionul Basarabeasca au \u00eenv\u0103\u021bat s\u0103 transforme ideile \u00een proiecte de succes<\/strong><\/p>\n<p>\u00cen cadrul proiectului \u201eVoluntariat 2.0 \u2013 noi oportunit\u0103\u021bi pentru fapte bune!\u201d, implementat \u00een raionul Basarabeasca de c\u0103tre Centrul de Ini\u021biative ale Tinerilor \u201eFEED-BACK\u201d, a fost organizat un training pentru voluntari cu genericul \u201eLeadership, voluntariat \u0219i ini\u021biative civice\u201d. Aici, tinerii activi din raionul Basarabeasca, al\u0103turi de mentorii lor, au \u00eenv\u0103\u021bat s\u0103 scrie propuneri de proiecte. Mai multe detalii &#8211; \u00een <a href=\"https:\/\/bas-tv.md\/ro\/foto-video-training-pentru-voluntari-tinerii-din-raionul-basarabeasca-au-invatat-sa-transforme-ideile-in-proiecte-de-succes\/\">reportajul BAStv.<\/a><\/p>\n<p><strong>(FOTO) Acoper\u0103m\u00e2ntul Maicii Domnului, pr\u0103znuit cu evlavie la Carabetovca<\/strong><\/p>\n<p>Pe data de 14 octombrie, cre\u0219tinii ortodoc\u0219i celebreaz\u0103 una dintre cele mai \u00eendr\u0103gite \u0219i \u0219i respectate s\u0103rb\u0103tori religioase &#8211; Acoper\u0103m\u00e2ntul Maicii Domnului. Pentru locuitorii satului Carabetovca, aceast\u0103 zi are o \u00eensemn\u0103tate deosebit\u0103: odat\u0103 cu marele praznic al Bisericii, comunitatea marcheaz\u0103 \u0219i Hramul localit\u0103\u021bii, o tradi\u021bie p\u0103strat\u0103 cu sfin\u021benie din genera\u021bie \u00een genera\u021bie. Afla\u021bi <a href=\"https:\/\/bas-tv.md\/ro\/foto-acoperamantul-maicii-domnului-praznuit-cu-evlavie-la-carabetovca\/\">mai mult.<\/a><\/p>\n<p>Cei care sus\u021bin redac\u021bia BAStv \u00een realizarea con\u021binuturilor de calitate, oferim\u00a0<a href=\"https:\/\/bas-tv.md\/patreon-dlya-bastv-kak-nam-pomogut-vashi-2-v-mesyacz\/\">un link c\u0103tre un articol despre cum se poate face acest lucru<\/a>.<\/p>\n<p><strong>Sus\u021bine\u021bi redac\u021bia BAStv, abona\u021bi-v\u0103 la noi pe platforma\u00a0<a href=\"https:\/\/www.patreon.com\/BAStv?fan_landing=true&amp;fbclid=IwAR3MeSDKfH4ixBydCXX9D1lhrCszhps3ID5uxuGA-Ktd4MTkZCRdlcEZkQI\">Patreon\u00a0<\/a>sau prin efectuarea contribu\u021biilor prin\u00a0<a href=\"https:\/\/www.paypal.com\/paypalme\/supportbastv\">PayPal<\/a>! Aceasta ne va ajuta s\u0103 cre\u0103m con\u021binut interesant \u0219i util pentru dvs., r\u0103m\u00e2n\u00e2nd \u00een continuare o platform\u0103 media independent\u0103.<\/strong><\/p>\n<p><b>Abona\u021bi-v\u0103 la noi pe re\u021bele sociale:\u00a0<\/b><a href=\"https:\/\/t.me\/bastvmd\"><b><i>Telegram<\/i><\/b><\/a><b>,\u00a0<\/b><a href=\"https:\/\/www.youtube.com\/channel\/UC-9005PnLnhpNM8PVSjP2dQ\/featured\"><b><i>YouTube<\/i><\/b><\/a><b>,\u00a0<\/b><a href=\"https:\/\/www.facebook.com\/bastv.md\"><b><i>Facebook<\/i><\/b><\/a>\u00a0<strong>\u0219i\u00a0<\/strong><a href=\"https:\/\/www.instagram.com\/bastv.md\/\"><b><i>Instagram<\/i><\/b><\/a><b>. Aici public\u0103m \u0219tiri pe scurt.<\/b><\/p>\n","protected":false},"excerpt":{"rendered":"<p>\u201eRetrospectiva s\u0103pt\u0103m\u00e2nii\u201d \u2013 o sec\u021biune \u00een care public\u0103m cele mai importante \u0219tiri ap\u0103rute pe site-ul nostru \u00een ultimele 7 zile. Acest lucru te va ajuta s\u0103 fii mereu la curent \u0219i s\u0103 nu ratezi nimic important pentru tine. (DOC) Consiliul raional Basarabeasca, convocat \u00een \u0219edin\u021b\u0103 ordinar\u0103 pe 22 octombrie 2025 &#8211; proiectul ordinii de zi [&hellip;]<\/p>\n","protected":false},"author":3,"featured_media":163574,"comment_status":"closed","ping_status":"closed","sticky":false,"template":"","format":"standard","meta":{"footnotes":""},"categories":[577,574],"tags":[1398,693,2728,14793,14650,14792,3302,518,3055,14794],"class_list":["post-163548","post","type-post","status-publish","format-standard","has-post-thumbnail","hentry","category-recenzii","category-util","tag-acoperamantul-maicii-domnului","tag-basarabeasca-ro","tag-consiliul-raional-basarabeasca","tag-escrocherie-moldova","tag-hram-carabetovca","tag-judecatoria-cimislia","tag-noutati-locale","tag-retrospectiva-saptamanii-ro","tag-stiri-basarabeasca","tag-tineri-voluntari-basarabeasca"],"yoast_head":"<!-- This site is optimized with the Yoast SEO plugin v27.5 - https:\/\/yoast.com\/product\/yoast-seo-wordpress\/ -->\n<title>Retrospectiva s\u0103pt\u0103m\u00e2nii: cele mai importante \u0219tiri din raionul Basarabeasca si Cimi\u0219lia<\/title>\n<meta name=\"description\" content=\"Afl\u0103 cele mai relevante \u0219tiri din raionul Basarabeasca: decizii ale autorit\u0103\u021bilor locale, cazuri penale, ini\u021biative civice \u0219i tradi\u021bii religioase.\" \/>\n<meta name=\"robots\" content=\"index, follow, max-snippet:-1, max-image-preview:large, max-video-preview:-1\" \/>\n<link rel=\"canonical\" href=\"https:\/\/bas-tv.md\/ro\/retrospectiva-saptamanii-de-la-bastv-convocarea-sedintei-consiliului-raional-basarabeasca-condamnari-instruiri-pentru-tineri-si-multe-altele\/\" \/>\n<meta property=\"og:locale\" content=\"ro_RO\" \/>\n<meta property=\"og:type\" content=\"article\" \/>\n<meta property=\"og:title\" content=\"Retrospectiva s\u0103pt\u0103m\u00e2nii: cele mai importante \u0219tiri din raionul Basarabeasca si Cimi\u0219lia\" \/>\n<meta property=\"og:description\" content=\"Afl\u0103 cele mai relevante \u0219tiri din raionul Basarabeasca: decizii ale autorit\u0103\u021bilor locale, cazuri penale, ini\u021biative civice \u0219i tradi\u021bii religioase.\" \/>\n<meta property=\"og:url\" content=\"https:\/\/bas-tv.md\/ro\/retrospectiva-saptamanii-de-la-bastv-convocarea-sedintei-consiliului-raional-basarabeasca-condamnari-instruiri-pentru-tineri-si-multe-altele\/\" \/>\n<meta property=\"og:site_name\" content=\"BasTV\" \/>\n<meta property=\"article:published_time\" content=\"2025-10-19T17:00:23+00:00\" \/>\n<meta property=\"og:image\" content=\"https:\/\/bas-tv.md\/wp-content\/uploads\/2025\/10\/photo1704398695-1.jpeg\" \/>\n\t<meta property=\"og:image:width\" content=\"1280\" \/>\n\t<meta property=\"og:image:height\" content=\"960\" \/>\n\t<meta property=\"og:image:type\" content=\"image\/jpeg\" \/>\n<meta name=\"author\" content=\"Redactor\" \/>\n<meta name=\"twitter:card\" content=\"summary_large_image\" \/>\n<meta name=\"twitter:label1\" content=\"Scris de\" \/>\n\t<meta name=\"twitter:data1\" content=\"Redactor\" \/>\n\t<meta name=\"twitter:label2\" content=\"Timp estimat pentru citire\" \/>\n\t<meta name=\"twitter:data2\" content=\"4 minute\" \/>\n<script type=\"application\/ld+json\" class=\"yoast-schema-graph\">{\"@context\":\"https:\\\/\\\/schema.org\",\"@graph\":[{\"@type\":\"Article\",\"@id\":\"https:\\\/\\\/bas-tv.md\\\/ro\\\/retrospectiva-saptamanii-de-la-bastv-convocarea-sedintei-consiliului-raional-basarabeasca-condamnari-instruiri-pentru-tineri-si-multe-altele\\\/#article\",\"isPartOf\":{\"@id\":\"https:\\\/\\\/bas-tv.md\\\/ro\\\/retrospectiva-saptamanii-de-la-bastv-convocarea-sedintei-consiliului-raional-basarabeasca-condamnari-instruiri-pentru-tineri-si-multe-altele\\\/\"},\"author\":{\"name\":\"Redactor\",\"@id\":\"https:\\\/\\\/bas-tv.md\\\/ro\\\/#\\\/schema\\\/person\\\/8740f45ea2eca1f1695284fc03529af0\"},\"headline\":\"\u201eRetrospectiva s\u0103pt\u0103m\u00e2nii\u201d de la BAStv: convocarea \u0219edin\u021bei Consiliului raional Basarabeasca, condamn\u0103ri, instruiri pentru tineri \u0219i multe altele\",\"datePublished\":\"2025-10-19T17:00:23+00:00\",\"mainEntityOfPage\":{\"@id\":\"https:\\\/\\\/bas-tv.md\\\/ro\\\/retrospectiva-saptamanii-de-la-bastv-convocarea-sedintei-consiliului-raional-basarabeasca-condamnari-instruiri-pentru-tineri-si-multe-altele\\\/\"},\"wordCount\":625,\"publisher\":{\"@id\":\"https:\\\/\\\/bas-tv.md\\\/ro\\\/#organization\"},\"image\":{\"@id\":\"https:\\\/\\\/bas-tv.md\\\/ro\\\/retrospectiva-saptamanii-de-la-bastv-convocarea-sedintei-consiliului-raional-basarabeasca-condamnari-instruiri-pentru-tineri-si-multe-altele\\\/#primaryimage\"},\"thumbnailUrl\":\"https:\\\/\\\/bas-tv.md\\\/wp-content\\\/uploads\\\/2025\\\/10\\\/photo1704398695-1.jpeg\",\"keywords\":[\"Acoper\u0103m\u00e2ntul Maicii Domnului\",\"Basarabeasca\",\"consiliul raional basarabeasca\",\"escrocherie Moldova\",\"Hram Carabetovca\",\"Judec\u0103toria Cimi\u0219lia\",\"nout\u0103\u021bi locale\",\"Retrospectiva s\u0103pt\u0103m\u00e2nii\",\"\u0219tiri Basarabeasca\",\"tineri voluntari Basarabeasca\"],\"articleSection\":[\"Recenzii\",\"Util\"],\"inLanguage\":\"ro-RO\"},{\"@type\":\"WebPage\",\"@id\":\"https:\\\/\\\/bas-tv.md\\\/ro\\\/retrospectiva-saptamanii-de-la-bastv-convocarea-sedintei-consiliului-raional-basarabeasca-condamnari-instruiri-pentru-tineri-si-multe-altele\\\/\",\"url\":\"https:\\\/\\\/bas-tv.md\\\/ro\\\/retrospectiva-saptamanii-de-la-bastv-convocarea-sedintei-consiliului-raional-basarabeasca-condamnari-instruiri-pentru-tineri-si-multe-altele\\\/\",\"name\":\"Retrospectiva s\u0103pt\u0103m\u00e2nii: cele mai importante \u0219tiri din raionul Basarabeasca si Cimi\u0219lia\",\"isPartOf\":{\"@id\":\"https:\\\/\\\/bas-tv.md\\\/ro\\\/#website\"},\"primaryImageOfPage\":{\"@id\":\"https:\\\/\\\/bas-tv.md\\\/ro\\\/retrospectiva-saptamanii-de-la-bastv-convocarea-sedintei-consiliului-raional-basarabeasca-condamnari-instruiri-pentru-tineri-si-multe-altele\\\/#primaryimage\"},\"image\":{\"@id\":\"https:\\\/\\\/bas-tv.md\\\/ro\\\/retrospectiva-saptamanii-de-la-bastv-convocarea-sedintei-consiliului-raional-basarabeasca-condamnari-instruiri-pentru-tineri-si-multe-altele\\\/#primaryimage\"},\"thumbnailUrl\":\"https:\\\/\\\/bas-tv.md\\\/wp-content\\\/uploads\\\/2025\\\/10\\\/photo1704398695-1.jpeg\",\"datePublished\":\"2025-10-19T17:00:23+00:00\",\"description\":\"Afl\u0103 cele mai relevante \u0219tiri din raionul Basarabeasca: decizii ale autorit\u0103\u021bilor locale, cazuri penale, ini\u021biative civice \u0219i tradi\u021bii religioase.\",\"inLanguage\":\"ro-RO\",\"potentialAction\":[{\"@type\":\"ReadAction\",\"target\":[\"https:\\\/\\\/bas-tv.md\\\/ro\\\/retrospectiva-saptamanii-de-la-bastv-convocarea-sedintei-consiliului-raional-basarabeasca-condamnari-instruiri-pentru-tineri-si-multe-altele\\\/\"]}]},{\"@type\":\"ImageObject\",\"inLanguage\":\"ro-RO\",\"@id\":\"https:\\\/\\\/bas-tv.md\\\/ro\\\/retrospectiva-saptamanii-de-la-bastv-convocarea-sedintei-consiliului-raional-basarabeasca-condamnari-instruiri-pentru-tineri-si-multe-altele\\\/#primaryimage\",\"url\":\"https:\\\/\\\/bas-tv.md\\\/wp-content\\\/uploads\\\/2025\\\/10\\\/photo1704398695-1.jpeg\",\"contentUrl\":\"https:\\\/\\\/bas-tv.md\\\/wp-content\\\/uploads\\\/2025\\\/10\\\/photo1704398695-1.jpeg\",\"width\":1280,\"height\":960,\"caption\":\"Foto: arhiva BAStv\"},{\"@type\":\"WebSite\",\"@id\":\"https:\\\/\\\/bas-tv.md\\\/ro\\\/#website\",\"url\":\"https:\\\/\\\/bas-tv.md\\\/ro\\\/\",\"name\":\"BasTV\",\"description\":\"Moldova\",\"publisher\":{\"@id\":\"https:\\\/\\\/bas-tv.md\\\/ro\\\/#organization\"},\"potentialAction\":[{\"@type\":\"SearchAction\",\"target\":{\"@type\":\"EntryPoint\",\"urlTemplate\":\"https:\\\/\\\/bas-tv.md\\\/ro\\\/?s={search_term_string}\"},\"query-input\":{\"@type\":\"PropertyValueSpecification\",\"valueRequired\":true,\"valueName\":\"search_term_string\"}}],\"inLanguage\":\"ro-RO\"},{\"@type\":\"Organization\",\"@id\":\"https:\\\/\\\/bas-tv.md\\\/ro\\\/#organization\",\"name\":\"BasTV\",\"url\":\"https:\\\/\\\/bas-tv.md\\\/ro\\\/\",\"logo\":{\"@type\":\"ImageObject\",\"inLanguage\":\"ro-RO\",\"@id\":\"https:\\\/\\\/bas-tv.md\\\/ro\\\/#\\\/schema\\\/logo\\\/image\\\/\",\"url\":\"https:\\\/\\\/bas-tv.md\\\/wp-content\\\/uploads\\\/2023\\\/05\\\/bas-tv-culoarea-rosie.png\",\"contentUrl\":\"https:\\\/\\\/bas-tv.md\\\/wp-content\\\/uploads\\\/2023\\\/05\\\/bas-tv-culoarea-rosie.png\",\"width\":202,\"height\":50,\"caption\":\"BasTV\"},\"image\":{\"@id\":\"https:\\\/\\\/bas-tv.md\\\/ro\\\/#\\\/schema\\\/logo\\\/image\\\/\"}},{\"@type\":\"Person\",\"@id\":\"https:\\\/\\\/bas-tv.md\\\/ro\\\/#\\\/schema\\\/person\\\/8740f45ea2eca1f1695284fc03529af0\",\"name\":\"Redactor\",\"image\":{\"@type\":\"ImageObject\",\"inLanguage\":\"ro-RO\",\"@id\":\"https:\\\/\\\/secure.gravatar.com\\\/avatar\\\/45b6af9fc91c10b15a8b40e67c1f57bab2e9614fc9f0af95cf453d61934e9aad?s=96&d=mm&r=g\",\"url\":\"https:\\\/\\\/secure.gravatar.com\\\/avatar\\\/45b6af9fc91c10b15a8b40e67c1f57bab2e9614fc9f0af95cf453d61934e9aad?s=96&d=mm&r=g\",\"contentUrl\":\"https:\\\/\\\/secure.gravatar.com\\\/avatar\\\/45b6af9fc91c10b15a8b40e67c1f57bab2e9614fc9f0af95cf453d61934e9aad?s=96&d=mm&r=g\",\"caption\":\"Redactor\"},\"url\":\"https:\\\/\\\/bas-tv.md\\\/ro\\\/author\\\/redactor\\\/\"}]}<\/script>\n<!-- \/ Yoast SEO plugin. -->","yoast_head_json":{"title":"Retrospectiva s\u0103pt\u0103m\u00e2nii: cele mai importante \u0219tiri din raionul Basarabeasca si Cimi\u0219lia","description":"Afl\u0103 cele mai relevante \u0219tiri din raionul Basarabeasca: decizii ale autorit\u0103\u021bilor locale, cazuri penale, ini\u021biative civice \u0219i tradi\u021bii religioase.","robots":{"index":"index","follow":"follow","max-snippet":"max-snippet:-1","max-image-preview":"max-image-preview:large","max-video-preview":"max-video-preview:-1"},"canonical":"https:\/\/bas-tv.md\/ro\/retrospectiva-saptamanii-de-la-bastv-convocarea-sedintei-consiliului-raional-basarabeasca-condamnari-instruiri-pentru-tineri-si-multe-altele\/","og_locale":"ro_RO","og_type":"article","og_title":"Retrospectiva s\u0103pt\u0103m\u00e2nii: cele mai importante \u0219tiri din raionul Basarabeasca si Cimi\u0219lia","og_description":"Afl\u0103 cele mai relevante \u0219tiri din raionul Basarabeasca: decizii ale autorit\u0103\u021bilor locale, cazuri penale, ini\u021biative civice \u0219i tradi\u021bii religioase.","og_url":"https:\/\/bas-tv.md\/ro\/retrospectiva-saptamanii-de-la-bastv-convocarea-sedintei-consiliului-raional-basarabeasca-condamnari-instruiri-pentru-tineri-si-multe-altele\/","og_site_name":"BasTV","article_published_time":"2025-10-19T17:00:23+00:00","og_image":[{"width":1280,"height":960,"url":"https:\/\/bas-tv.md\/wp-content\/uploads\/2025\/10\/photo1704398695-1.jpeg","type":"image\/jpeg"}],"author":"Redactor","twitter_card":"summary_large_image","twitter_misc":{"Scris de":"Redactor","Timp estimat pentru citire":"4 minute"},"schema":{"@context":"https:\/\/schema.org","@graph":[{"@type":"Article","@id":"https:\/\/bas-tv.md\/ro\/retrospectiva-saptamanii-de-la-bastv-convocarea-sedintei-consiliului-raional-basarabeasca-condamnari-instruiri-pentru-tineri-si-multe-altele\/#article","isPartOf":{"@id":"https:\/\/bas-tv.md\/ro\/retrospectiva-saptamanii-de-la-bastv-convocarea-sedintei-consiliului-raional-basarabeasca-condamnari-instruiri-pentru-tineri-si-multe-altele\/"},"author":{"name":"Redactor","@id":"https:\/\/bas-tv.md\/ro\/#\/schema\/person\/8740f45ea2eca1f1695284fc03529af0"},"headline":"\u201eRetrospectiva s\u0103pt\u0103m\u00e2nii\u201d de la BAStv: convocarea \u0219edin\u021bei Consiliului raional Basarabeasca, condamn\u0103ri, instruiri pentru tineri \u0219i multe altele","datePublished":"2025-10-19T17:00:23+00:00","mainEntityOfPage":{"@id":"https:\/\/bas-tv.md\/ro\/retrospectiva-saptamanii-de-la-bastv-convocarea-sedintei-consiliului-raional-basarabeasca-condamnari-instruiri-pentru-tineri-si-multe-altele\/"},"wordCount":625,"publisher":{"@id":"https:\/\/bas-tv.md\/ro\/#organization"},"image":{"@id":"https:\/\/bas-tv.md\/ro\/retrospectiva-saptamanii-de-la-bastv-convocarea-sedintei-consiliului-raional-basarabeasca-condamnari-instruiri-pentru-tineri-si-multe-altele\/#primaryimage"},"thumbnailUrl":"https:\/\/bas-tv.md\/wp-content\/uploads\/2025\/10\/photo1704398695-1.jpeg","keywords":["Acoper\u0103m\u00e2ntul Maicii Domnului","Basarabeasca","consiliul raional basarabeasca","escrocherie Moldova","Hram Carabetovca","Judec\u0103toria Cimi\u0219lia","nout\u0103\u021bi locale","Retrospectiva s\u0103pt\u0103m\u00e2nii","\u0219tiri Basarabeasca","tineri voluntari Basarabeasca"],"articleSection":["Recenzii","Util"],"inLanguage":"ro-RO"},{"@type":"WebPage","@id":"https:\/\/bas-tv.md\/ro\/retrospectiva-saptamanii-de-la-bastv-convocarea-sedintei-consiliului-raional-basarabeasca-condamnari-instruiri-pentru-tineri-si-multe-altele\/","url":"https:\/\/bas-tv.md\/ro\/retrospectiva-saptamanii-de-la-bastv-convocarea-sedintei-consiliului-raional-basarabeasca-condamnari-instruiri-pentru-tineri-si-multe-altele\/","name":"Retrospectiva s\u0103pt\u0103m\u00e2nii: cele mai importante \u0219tiri din raionul Basarabeasca si Cimi\u0219lia","isPartOf":{"@id":"https:\/\/bas-tv.md\/ro\/#website"},"primaryImageOfPage":{"@id":"https:\/\/bas-tv.md\/ro\/retrospectiva-saptamanii-de-la-bastv-convocarea-sedintei-consiliului-raional-basarabeasca-condamnari-instruiri-pentru-tineri-si-multe-altele\/#primaryimage"},"image":{"@id":"https:\/\/bas-tv.md\/ro\/retrospectiva-saptamanii-de-la-bastv-convocarea-sedintei-consiliului-raional-basarabeasca-condamnari-instruiri-pentru-tineri-si-multe-altele\/#primaryimage"},"thumbnailUrl":"https:\/\/bas-tv.md\/wp-content\/uploads\/2025\/10\/photo1704398695-1.jpeg","datePublished":"2025-10-19T17:00:23+00:00","description":"Afl\u0103 cele mai relevante \u0219tiri din raionul Basarabeasca: decizii ale autorit\u0103\u021bilor locale, cazuri penale, ini\u021biative civice \u0219i tradi\u021bii religioase.","inLanguage":"ro-RO","potentialAction":[{"@type":"ReadAction","target":["https:\/\/bas-tv.md\/ro\/retrospectiva-saptamanii-de-la-bastv-convocarea-sedintei-consiliului-raional-basarabeasca-condamnari-instruiri-pentru-tineri-si-multe-altele\/"]}]},{"@type":"ImageObject","inLanguage":"ro-RO","@id":"https:\/\/bas-tv.md\/ro\/retrospectiva-saptamanii-de-la-bastv-convocarea-sedintei-consiliului-raional-basarabeasca-condamnari-instruiri-pentru-tineri-si-multe-altele\/#primaryimage","url":"https:\/\/bas-tv.md\/wp-content\/uploads\/2025\/10\/photo1704398695-1.jpeg","contentUrl":"https:\/\/bas-tv.md\/wp-content\/uploads\/2025\/10\/photo1704398695-1.jpeg","width":1280,"height":960,"caption":"Foto: arhiva BAStv"},{"@type":"WebSite","@id":"https:\/\/bas-tv.md\/ro\/#website","url":"https:\/\/bas-tv.md\/ro\/","name":"BasTV","description":"Moldova","publisher":{"@id":"https:\/\/bas-tv.md\/ro\/#organization"},"potentialAction":[{"@type":"SearchAction","target":{"@type":"EntryPoint","urlTemplate":"https:\/\/bas-tv.md\/ro\/?s={search_term_string}"},"query-input":{"@type":"PropertyValueSpecification","valueRequired":true,"valueName":"search_term_string"}}],"inLanguage":"ro-RO"},{"@type":"Organization","@id":"https:\/\/bas-tv.md\/ro\/#organization","name":"BasTV","url":"https:\/\/bas-tv.md\/ro\/","logo":{"@type":"ImageObject","inLanguage":"ro-RO","@id":"https:\/\/bas-tv.md\/ro\/#\/schema\/logo\/image\/","url":"https:\/\/bas-tv.md\/wp-content\/uploads\/2023\/05\/bas-tv-culoarea-rosie.png","contentUrl":"https:\/\/bas-tv.md\/wp-content\/uploads\/2023\/05\/bas-tv-culoarea-rosie.png","width":202,"height":50,"caption":"BasTV"},"image":{"@id":"https:\/\/bas-tv.md\/ro\/#\/schema\/logo\/image\/"}},{"@type":"Person","@id":"https:\/\/bas-tv.md\/ro\/#\/schema\/person\/8740f45ea2eca1f1695284fc03529af0","name":"Redactor","image":{"@type":"ImageObject","inLanguage":"ro-RO","@id":"https:\/\/secure.gravatar.com\/avatar\/45b6af9fc91c10b15a8b40e67c1f57bab2e9614fc9f0af95cf453d61934e9aad?s=96&d=mm&r=g","url":"https:\/\/secure.gravatar.com\/avatar\/45b6af9fc91c10b15a8b40e67c1f57bab2e9614fc9f0af95cf453d61934e9aad?s=96&d=mm&r=g","contentUrl":"https:\/\/secure.gravatar.com\/avatar\/45b6af9fc91c10b15a8b40e67c1f57bab2e9614fc9f0af95cf453d61934e9aad?s=96&d=mm&r=g","caption":"Redactor"},"url":"https:\/\/bas-tv.md\/ro\/author\/redactor\/"}]}},"views":216,"_links":{"self":[{"href":"https:\/\/bas-tv.md\/ro\/wp-json\/wp\/v2\/posts\/163548","targetHints":{"allow":["GET"]}}],"collection":[{"href":"https:\/\/bas-tv.md\/ro\/wp-json\/wp\/v2\/posts"}],"about":[{"href":"https:\/\/bas-tv.md\/ro\/wp-json\/wp\/v2\/types\/post"}],"author":[{"embeddable":true,"href":"https:\/\/bas-tv.md\/ro\/wp-json\/wp\/v2\/users\/3"}],"replies":[{"embeddable":true,"href":"https:\/\/bas-tv.md\/ro\/wp-json\/wp\/v2\/comments?post=163548"}],"version-history":[{"count":3,"href":"https:\/\/bas-tv.md\/ro\/wp-json\/wp\/v2\/posts\/163548\/revisions"}],"predecessor-version":[{"id":163556,"href":"https:\/\/bas-tv.md\/ro\/wp-json\/wp\/v2\/posts\/163548\/revisions\/163556"}],"wp:featuredmedia":[{"embeddable":true,"href":"https:\/\/bas-tv.md\/ro\/wp-json\/wp\/v2\/media\/163574"}],"wp:attachment":[{"href":"https:\/\/bas-tv.md\/ro\/wp-json\/wp\/v2\/media?parent=163548"}],"wp:term":[{"taxonomy":"category","embeddable":true,"href":"https:\/\/bas-tv.md\/ro\/wp-json\/wp\/v2\/categories?post=163548"},{"taxonomy":"post_tag","embeddable":true,"href":"https:\/\/bas-tv.md\/ro\/wp-json\/wp\/v2\/tags?post=163548"}],"curies":[{"name":"wp","href":"https:\/\/api.w.org\/{rel}","templated":true}]}}