{"id":163756,"date":"2025-10-20T11:30:50","date_gmt":"2025-10-20T08:30:50","guid":{"rendered":"https:\/\/bas-tv.md\/?p=163756"},"modified":"2025-10-20T09:56:07","modified_gmt":"2025-10-20T06:56:07","slug":"video-stirile-alternative-in-limbajul-mimico-gestual-din-18-octombrie-media-tv-cimislia","status":"publish","type":"post","link":"https:\/\/bas-tv.md\/ro\/video-stirile-alternative-in-limbajul-mimico-gestual-din-18-octombrie-media-tv-cimislia\/","title":{"rendered":"(VIDEO) Stirile Alternative \u00een limbajul mimico-gestual din 18 octombrie \u2013 Media TV Cimi\u0219lia"},"content":{"rendered":"<p><strong>Stirile Alternative \u00een limbajul mimico- gestual din 18 octombrie, realizate de Media TV Cimislia \u00een cadrul proiectului finan\u021bat din Fondul de sus\u021binere al mass media al Ministerului Culturii din Republica Moldova.<\/strong><\/p>\n<p>\u0218tirile pe scurt:<\/p>\n<ul>\n<li>Hramul orasului Chisinau<\/li>\n<li>Hramul bisericii Acoperimintul Maicii Domnului s.Carabetovca<\/li>\n<li>Ziua Femeilor din mediul Rural la Cimislia \u2022 Fa\u021ba Femenin\u0103 a sindicatelor din Cimislia<\/li>\n<li>Tratamentului echitabil pentru lucratori \u2013 grija sindicatelor<\/li>\n<li>Satul C\u00e2rn\u0103\u021benii Noi, C\u0103u\u0219eni la 104 ani de la atestare<\/li>\n<li>Vor r\u0103m\u00e2ne tinerii dup\u0103 absolvire \u00een Taraclia \u0219i Cahul<\/li>\n<li>Tinerii din Basarabeasca au \u00eenv\u0103\u021bat s\u0103 transforme ideile \u00een proiecte.<\/li>\n<\/ul>\n<p><iframe title=\"Stirile Alternative 18 octombrie 2025  LMG\" width=\"580\" height=\"326\" data-src=\"https:\/\/www.youtube.com\/embed\/GLvgWLcsw3E?feature=oembed\" frameborder=\"0\" allow=\"accelerometer; autoplay; clipboard-write; encrypted-media; gyroscope; picture-in-picture; web-share\" referrerpolicy=\"strict-origin-when-cross-origin\" allowfullscreen src=\"data:image\/svg+xml;base64,PHN2ZyB3aWR0aD0iMSIgaGVpZ2h0PSIxIiB4bWxucz0iaHR0cDovL3d3dy53My5vcmcvMjAwMC9zdmciPjwvc3ZnPg==\" class=\"lazyload\" data-load-mode=\"1\"><\/iframe><\/p>\n<p><b>Abona\u021bi-v\u0103 la noi pe re\u021bele sociale:\u00a0<\/b><a href=\"https:\/\/t.me\/bastvmd\"><b><i>Telegram<\/i><\/b><\/a><b>,\u00a0<\/b><a href=\"https:\/\/www.youtube.com\/channel\/UC-9005PnLnhpNM8PVSjP2dQ\/featured\"><b><i>YouTube<\/i><\/b><\/a><b>,\u00a0<\/b><a href=\"https:\/\/www.facebook.com\/bastv.md\"><b><i>Facebook<\/i><\/b><\/a>\u00a0<strong>\u0219i\u00a0<\/strong><a href=\"https:\/\/www.instagram.com\/bastv.md\/\"><b><i>Instagram<\/i><\/b><\/a><b>. Aici public\u0103m \u0219tiri pe scurt.<\/b><\/p>\n","protected":false},"excerpt":{"rendered":"<p>Stirile Alternative \u00een limbajul mimico- gestual din 18 octombrie, realizate de Media TV Cimislia \u00een cadrul proiectului finan\u021bat din Fondul de sus\u021binere al mass media al Ministerului Culturii din Republica Moldova. \u0218tirile pe scurt: Hramul orasului Chisinau Hramul bisericii Acoperimintul Maicii Domnului s.Carabetovca Ziua Femeilor din mediul Rural la Cimislia \u2022 Fa\u021ba Femenin\u0103 a sindicatelor [&hellip;]<\/p>\n","protected":false},"author":3,"featured_media":163758,"comment_status":"closed","ping_status":"closed","sticky":false,"template":"","format":"standard","meta":{"footnotes":""},"categories":[602,570],"tags":[693,4315,4062,733,14826,14825,12748,12749,14295,14827,12747,12751,14829,14828],"class_list":["post-163756","post","type-post","status-publish","format-standard","has-post-thumbnail","hentry","category-actualitate","category-in-moldova","tag-basarabeasca-ro","tag-cahul","tag-causeni","tag-cimislia","tag-femei-din-mediul-rural","tag-hramul-chisinaului","tag-limbaj-mimico-gestual","tag-media-tv-cimislia","tag-ministerul-culturii","tag-sindicate-cimislia","tag-stirile-alternative","tag-taraclia","tag-tineret-moldova","tag-tineri-basarabeasca"],"yoast_head":"<!-- This site is optimized with the Yoast SEO plugin v27.5 - https:\/\/yoast.com\/product\/yoast-seo-wordpress\/ -->\n<title>\u0218tirile Alternative \u00een limbajul mimico-gestual din 18 octombrie<\/title>\n<meta name=\"description\" content=\"Media TV Cimi\u0219lia a lansat edi\u021bia din 18 octombrie a emisiunii \u201e\u0218tirile Alternative \u00een limbajul mimico-gestual\u201d, realizat\u0103 \u00een cadrul proiectului finan\u021bat de Fondul de sus\u021binere al mass-media al Ministerului Culturii.\" \/>\n<meta name=\"robots\" content=\"index, follow, max-snippet:-1, max-image-preview:large, max-video-preview:-1\" \/>\n<link rel=\"canonical\" href=\"https:\/\/bas-tv.md\/ro\/video-stirile-alternative-in-limbajul-mimico-gestual-din-18-octombrie-media-tv-cimislia\/\" \/>\n<meta property=\"og:locale\" content=\"ro_RO\" \/>\n<meta property=\"og:type\" content=\"article\" \/>\n<meta property=\"og:title\" content=\"\u0218tirile Alternative \u00een limbajul mimico-gestual din 18 octombrie\" \/>\n<meta property=\"og:description\" content=\"Media TV Cimi\u0219lia a lansat edi\u021bia din 18 octombrie a emisiunii \u201e\u0218tirile Alternative \u00een limbajul mimico-gestual\u201d, realizat\u0103 \u00een cadrul proiectului finan\u021bat de Fondul de sus\u021binere al mass-media al Ministerului Culturii.\" \/>\n<meta property=\"og:url\" content=\"https:\/\/bas-tv.md\/ro\/video-stirile-alternative-in-limbajul-mimico-gestual-din-18-octombrie-media-tv-cimislia\/\" \/>\n<meta property=\"og:site_name\" content=\"BasTV\" \/>\n<meta property=\"article:published_time\" content=\"2025-10-20T08:30:50+00:00\" \/>\n<meta property=\"og:image\" content=\"https:\/\/bas-tv.md\/wp-content\/uploads\/2025\/10\/img_4366-e1754380522849-1536x798-1-1-1-1-1.png\" \/>\n\t<meta property=\"og:image:width\" content=\"1536\" \/>\n\t<meta property=\"og:image:height\" content=\"798\" \/>\n\t<meta property=\"og:image:type\" content=\"image\/png\" \/>\n<meta name=\"author\" content=\"Redactor\" \/>\n<meta name=\"twitter:card\" content=\"summary_large_image\" \/>\n<meta name=\"twitter:label1\" content=\"Scris de\" \/>\n\t<meta name=\"twitter:data1\" content=\"Redactor\" \/>\n\t<meta name=\"twitter:label2\" content=\"Timp estimat pentru citire\" \/>\n\t<meta name=\"twitter:data2\" content=\"1 minut\" \/>\n<script type=\"application\/ld+json\" class=\"yoast-schema-graph\">{\"@context\":\"https:\\\/\\\/schema.org\",\"@graph\":[{\"@type\":\"Article\",\"@id\":\"https:\\\/\\\/bas-tv.md\\\/ro\\\/video-stirile-alternative-in-limbajul-mimico-gestual-din-18-octombrie-media-tv-cimislia\\\/#article\",\"isPartOf\":{\"@id\":\"https:\\\/\\\/bas-tv.md\\\/ro\\\/video-stirile-alternative-in-limbajul-mimico-gestual-din-18-octombrie-media-tv-cimislia\\\/\"},\"author\":{\"name\":\"Redactor\",\"@id\":\"https:\\\/\\\/bas-tv.md\\\/ro\\\/#\\\/schema\\\/person\\\/8740f45ea2eca1f1695284fc03529af0\"},\"headline\":\"(VIDEO) Stirile Alternative \u00een limbajul mimico-gestual din 18 octombrie \u2013 Media TV Cimi\u0219lia\",\"datePublished\":\"2025-10-20T08:30:50+00:00\",\"mainEntityOfPage\":{\"@id\":\"https:\\\/\\\/bas-tv.md\\\/ro\\\/video-stirile-alternative-in-limbajul-mimico-gestual-din-18-octombrie-media-tv-cimislia\\\/\"},\"wordCount\":139,\"publisher\":{\"@id\":\"https:\\\/\\\/bas-tv.md\\\/ro\\\/#organization\"},\"image\":{\"@id\":\"https:\\\/\\\/bas-tv.md\\\/ro\\\/video-stirile-alternative-in-limbajul-mimico-gestual-din-18-octombrie-media-tv-cimislia\\\/#primaryimage\"},\"thumbnailUrl\":\"https:\\\/\\\/bas-tv.md\\\/wp-content\\\/uploads\\\/2025\\\/10\\\/img_4366-e1754380522849-1536x798-1-1-1-1-1.png\",\"keywords\":[\"Basarabeasca\",\"Cahul\",\"c\u0103u\u0219eni\",\"Cimi\u0219lia\",\"femei din mediul rural\",\"Hramul Chi\u0219in\u0103ului\",\"limbaj mimico-gestual\",\"MEDIA TV Cimi\u0219lia\",\"Ministerul Culturii\",\"sindicate Cimi\u0219lia\",\"\u0218tirile Alternative\",\"Taraclia\",\"tineret Moldova.\",\"tineri Basarabeasca\"],\"articleSection\":[\"Actualitate\",\"\u00cen Moldova\"],\"inLanguage\":\"ro-RO\"},{\"@type\":\"WebPage\",\"@id\":\"https:\\\/\\\/bas-tv.md\\\/ro\\\/video-stirile-alternative-in-limbajul-mimico-gestual-din-18-octombrie-media-tv-cimislia\\\/\",\"url\":\"https:\\\/\\\/bas-tv.md\\\/ro\\\/video-stirile-alternative-in-limbajul-mimico-gestual-din-18-octombrie-media-tv-cimislia\\\/\",\"name\":\"\u0218tirile Alternative \u00een limbajul mimico-gestual din 18 octombrie\",\"isPartOf\":{\"@id\":\"https:\\\/\\\/bas-tv.md\\\/ro\\\/#website\"},\"primaryImageOfPage\":{\"@id\":\"https:\\\/\\\/bas-tv.md\\\/ro\\\/video-stirile-alternative-in-limbajul-mimico-gestual-din-18-octombrie-media-tv-cimislia\\\/#primaryimage\"},\"image\":{\"@id\":\"https:\\\/\\\/bas-tv.md\\\/ro\\\/video-stirile-alternative-in-limbajul-mimico-gestual-din-18-octombrie-media-tv-cimislia\\\/#primaryimage\"},\"thumbnailUrl\":\"https:\\\/\\\/bas-tv.md\\\/wp-content\\\/uploads\\\/2025\\\/10\\\/img_4366-e1754380522849-1536x798-1-1-1-1-1.png\",\"datePublished\":\"2025-10-20T08:30:50+00:00\",\"description\":\"Media TV Cimi\u0219lia a lansat edi\u021bia din 18 octombrie a emisiunii \u201e\u0218tirile Alternative \u00een limbajul mimico-gestual\u201d, realizat\u0103 \u00een cadrul proiectului finan\u021bat de Fondul de sus\u021binere al mass-media al Ministerului Culturii.\",\"inLanguage\":\"ro-RO\",\"potentialAction\":[{\"@type\":\"ReadAction\",\"target\":[\"https:\\\/\\\/bas-tv.md\\\/ro\\\/video-stirile-alternative-in-limbajul-mimico-gestual-din-18-octombrie-media-tv-cimislia\\\/\"]}]},{\"@type\":\"ImageObject\",\"inLanguage\":\"ro-RO\",\"@id\":\"https:\\\/\\\/bas-tv.md\\\/ro\\\/video-stirile-alternative-in-limbajul-mimico-gestual-din-18-octombrie-media-tv-cimislia\\\/#primaryimage\",\"url\":\"https:\\\/\\\/bas-tv.md\\\/wp-content\\\/uploads\\\/2025\\\/10\\\/img_4366-e1754380522849-1536x798-1-1-1-1-1.png\",\"contentUrl\":\"https:\\\/\\\/bas-tv.md\\\/wp-content\\\/uploads\\\/2025\\\/10\\\/img_4366-e1754380522849-1536x798-1-1-1-1-1.png\",\"width\":1536,\"height\":798,\"caption\":\"(VIDEO) Stirile Alternative \u00een limbajul mimico-gestual din 18 octombrie \u2013 Media TV Cimi\u0219lia\"},{\"@type\":\"WebSite\",\"@id\":\"https:\\\/\\\/bas-tv.md\\\/ro\\\/#website\",\"url\":\"https:\\\/\\\/bas-tv.md\\\/ro\\\/\",\"name\":\"BasTV\",\"description\":\"Moldova\",\"publisher\":{\"@id\":\"https:\\\/\\\/bas-tv.md\\\/ro\\\/#organization\"},\"potentialAction\":[{\"@type\":\"SearchAction\",\"target\":{\"@type\":\"EntryPoint\",\"urlTemplate\":\"https:\\\/\\\/bas-tv.md\\\/ro\\\/?s={search_term_string}\"},\"query-input\":{\"@type\":\"PropertyValueSpecification\",\"valueRequired\":true,\"valueName\":\"search_term_string\"}}],\"inLanguage\":\"ro-RO\"},{\"@type\":\"Organization\",\"@id\":\"https:\\\/\\\/bas-tv.md\\\/ro\\\/#organization\",\"name\":\"BasTV\",\"url\":\"https:\\\/\\\/bas-tv.md\\\/ro\\\/\",\"logo\":{\"@type\":\"ImageObject\",\"inLanguage\":\"ro-RO\",\"@id\":\"https:\\\/\\\/bas-tv.md\\\/ro\\\/#\\\/schema\\\/logo\\\/image\\\/\",\"url\":\"https:\\\/\\\/bas-tv.md\\\/wp-content\\\/uploads\\\/2023\\\/05\\\/bas-tv-culoarea-rosie.png\",\"contentUrl\":\"https:\\\/\\\/bas-tv.md\\\/wp-content\\\/uploads\\\/2023\\\/05\\\/bas-tv-culoarea-rosie.png\",\"width\":202,\"height\":50,\"caption\":\"BasTV\"},\"image\":{\"@id\":\"https:\\\/\\\/bas-tv.md\\\/ro\\\/#\\\/schema\\\/logo\\\/image\\\/\"}},{\"@type\":\"Person\",\"@id\":\"https:\\\/\\\/bas-tv.md\\\/ro\\\/#\\\/schema\\\/person\\\/8740f45ea2eca1f1695284fc03529af0\",\"name\":\"Redactor\",\"image\":{\"@type\":\"ImageObject\",\"inLanguage\":\"ro-RO\",\"@id\":\"https:\\\/\\\/secure.gravatar.com\\\/avatar\\\/45b6af9fc91c10b15a8b40e67c1f57bab2e9614fc9f0af95cf453d61934e9aad?s=96&d=mm&r=g\",\"url\":\"https:\\\/\\\/secure.gravatar.com\\\/avatar\\\/45b6af9fc91c10b15a8b40e67c1f57bab2e9614fc9f0af95cf453d61934e9aad?s=96&d=mm&r=g\",\"contentUrl\":\"https:\\\/\\\/secure.gravatar.com\\\/avatar\\\/45b6af9fc91c10b15a8b40e67c1f57bab2e9614fc9f0af95cf453d61934e9aad?s=96&d=mm&r=g\",\"caption\":\"Redactor\"},\"url\":\"https:\\\/\\\/bas-tv.md\\\/ro\\\/author\\\/redactor\\\/\"}]}<\/script>\n<!-- \/ Yoast SEO plugin. -->","yoast_head_json":{"title":"\u0218tirile Alternative \u00een limbajul mimico-gestual din 18 octombrie","description":"Media TV Cimi\u0219lia a lansat edi\u021bia din 18 octombrie a emisiunii \u201e\u0218tirile Alternative \u00een limbajul mimico-gestual\u201d, realizat\u0103 \u00een cadrul proiectului finan\u021bat de Fondul de sus\u021binere al mass-media al Ministerului Culturii.","robots":{"index":"index","follow":"follow","max-snippet":"max-snippet:-1","max-image-preview":"max-image-preview:large","max-video-preview":"max-video-preview:-1"},"canonical":"https:\/\/bas-tv.md\/ro\/video-stirile-alternative-in-limbajul-mimico-gestual-din-18-octombrie-media-tv-cimislia\/","og_locale":"ro_RO","og_type":"article","og_title":"\u0218tirile Alternative \u00een limbajul mimico-gestual din 18 octombrie","og_description":"Media TV Cimi\u0219lia a lansat edi\u021bia din 18 octombrie a emisiunii \u201e\u0218tirile Alternative \u00een limbajul mimico-gestual\u201d, realizat\u0103 \u00een cadrul proiectului finan\u021bat de Fondul de sus\u021binere al mass-media al Ministerului Culturii.","og_url":"https:\/\/bas-tv.md\/ro\/video-stirile-alternative-in-limbajul-mimico-gestual-din-18-octombrie-media-tv-cimislia\/","og_site_name":"BasTV","article_published_time":"2025-10-20T08:30:50+00:00","og_image":[{"width":1536,"height":798,"url":"https:\/\/bas-tv.md\/wp-content\/uploads\/2025\/10\/img_4366-e1754380522849-1536x798-1-1-1-1-1.png","type":"image\/png"}],"author":"Redactor","twitter_card":"summary_large_image","twitter_misc":{"Scris de":"Redactor","Timp estimat pentru citire":"1 minut"},"schema":{"@context":"https:\/\/schema.org","@graph":[{"@type":"Article","@id":"https:\/\/bas-tv.md\/ro\/video-stirile-alternative-in-limbajul-mimico-gestual-din-18-octombrie-media-tv-cimislia\/#article","isPartOf":{"@id":"https:\/\/bas-tv.md\/ro\/video-stirile-alternative-in-limbajul-mimico-gestual-din-18-octombrie-media-tv-cimislia\/"},"author":{"name":"Redactor","@id":"https:\/\/bas-tv.md\/ro\/#\/schema\/person\/8740f45ea2eca1f1695284fc03529af0"},"headline":"(VIDEO) Stirile Alternative \u00een limbajul mimico-gestual din 18 octombrie \u2013 Media TV Cimi\u0219lia","datePublished":"2025-10-20T08:30:50+00:00","mainEntityOfPage":{"@id":"https:\/\/bas-tv.md\/ro\/video-stirile-alternative-in-limbajul-mimico-gestual-din-18-octombrie-media-tv-cimislia\/"},"wordCount":139,"publisher":{"@id":"https:\/\/bas-tv.md\/ro\/#organization"},"image":{"@id":"https:\/\/bas-tv.md\/ro\/video-stirile-alternative-in-limbajul-mimico-gestual-din-18-octombrie-media-tv-cimislia\/#primaryimage"},"thumbnailUrl":"https:\/\/bas-tv.md\/wp-content\/uploads\/2025\/10\/img_4366-e1754380522849-1536x798-1-1-1-1-1.png","keywords":["Basarabeasca","Cahul","c\u0103u\u0219eni","Cimi\u0219lia","femei din mediul rural","Hramul Chi\u0219in\u0103ului","limbaj mimico-gestual","MEDIA TV Cimi\u0219lia","Ministerul Culturii","sindicate Cimi\u0219lia","\u0218tirile Alternative","Taraclia","tineret Moldova.","tineri Basarabeasca"],"articleSection":["Actualitate","\u00cen Moldova"],"inLanguage":"ro-RO"},{"@type":"WebPage","@id":"https:\/\/bas-tv.md\/ro\/video-stirile-alternative-in-limbajul-mimico-gestual-din-18-octombrie-media-tv-cimislia\/","url":"https:\/\/bas-tv.md\/ro\/video-stirile-alternative-in-limbajul-mimico-gestual-din-18-octombrie-media-tv-cimislia\/","name":"\u0218tirile Alternative \u00een limbajul mimico-gestual din 18 octombrie","isPartOf":{"@id":"https:\/\/bas-tv.md\/ro\/#website"},"primaryImageOfPage":{"@id":"https:\/\/bas-tv.md\/ro\/video-stirile-alternative-in-limbajul-mimico-gestual-din-18-octombrie-media-tv-cimislia\/#primaryimage"},"image":{"@id":"https:\/\/bas-tv.md\/ro\/video-stirile-alternative-in-limbajul-mimico-gestual-din-18-octombrie-media-tv-cimislia\/#primaryimage"},"thumbnailUrl":"https:\/\/bas-tv.md\/wp-content\/uploads\/2025\/10\/img_4366-e1754380522849-1536x798-1-1-1-1-1.png","datePublished":"2025-10-20T08:30:50+00:00","description":"Media TV Cimi\u0219lia a lansat edi\u021bia din 18 octombrie a emisiunii \u201e\u0218tirile Alternative \u00een limbajul mimico-gestual\u201d, realizat\u0103 \u00een cadrul proiectului finan\u021bat de Fondul de sus\u021binere al mass-media al Ministerului Culturii.","inLanguage":"ro-RO","potentialAction":[{"@type":"ReadAction","target":["https:\/\/bas-tv.md\/ro\/video-stirile-alternative-in-limbajul-mimico-gestual-din-18-octombrie-media-tv-cimislia\/"]}]},{"@type":"ImageObject","inLanguage":"ro-RO","@id":"https:\/\/bas-tv.md\/ro\/video-stirile-alternative-in-limbajul-mimico-gestual-din-18-octombrie-media-tv-cimislia\/#primaryimage","url":"https:\/\/bas-tv.md\/wp-content\/uploads\/2025\/10\/img_4366-e1754380522849-1536x798-1-1-1-1-1.png","contentUrl":"https:\/\/bas-tv.md\/wp-content\/uploads\/2025\/10\/img_4366-e1754380522849-1536x798-1-1-1-1-1.png","width":1536,"height":798,"caption":"(VIDEO) Stirile Alternative \u00een limbajul mimico-gestual din 18 octombrie \u2013 Media TV Cimi\u0219lia"},{"@type":"WebSite","@id":"https:\/\/bas-tv.md\/ro\/#website","url":"https:\/\/bas-tv.md\/ro\/","name":"BasTV","description":"Moldova","publisher":{"@id":"https:\/\/bas-tv.md\/ro\/#organization"},"potentialAction":[{"@type":"SearchAction","target":{"@type":"EntryPoint","urlTemplate":"https:\/\/bas-tv.md\/ro\/?s={search_term_string}"},"query-input":{"@type":"PropertyValueSpecification","valueRequired":true,"valueName":"search_term_string"}}],"inLanguage":"ro-RO"},{"@type":"Organization","@id":"https:\/\/bas-tv.md\/ro\/#organization","name":"BasTV","url":"https:\/\/bas-tv.md\/ro\/","logo":{"@type":"ImageObject","inLanguage":"ro-RO","@id":"https:\/\/bas-tv.md\/ro\/#\/schema\/logo\/image\/","url":"https:\/\/bas-tv.md\/wp-content\/uploads\/2023\/05\/bas-tv-culoarea-rosie.png","contentUrl":"https:\/\/bas-tv.md\/wp-content\/uploads\/2023\/05\/bas-tv-culoarea-rosie.png","width":202,"height":50,"caption":"BasTV"},"image":{"@id":"https:\/\/bas-tv.md\/ro\/#\/schema\/logo\/image\/"}},{"@type":"Person","@id":"https:\/\/bas-tv.md\/ro\/#\/schema\/person\/8740f45ea2eca1f1695284fc03529af0","name":"Redactor","image":{"@type":"ImageObject","inLanguage":"ro-RO","@id":"https:\/\/secure.gravatar.com\/avatar\/45b6af9fc91c10b15a8b40e67c1f57bab2e9614fc9f0af95cf453d61934e9aad?s=96&d=mm&r=g","url":"https:\/\/secure.gravatar.com\/avatar\/45b6af9fc91c10b15a8b40e67c1f57bab2e9614fc9f0af95cf453d61934e9aad?s=96&d=mm&r=g","contentUrl":"https:\/\/secure.gravatar.com\/avatar\/45b6af9fc91c10b15a8b40e67c1f57bab2e9614fc9f0af95cf453d61934e9aad?s=96&d=mm&r=g","caption":"Redactor"},"url":"https:\/\/bas-tv.md\/ro\/author\/redactor\/"}]}},"views":208,"_links":{"self":[{"href":"https:\/\/bas-tv.md\/ro\/wp-json\/wp\/v2\/posts\/163756","targetHints":{"allow":["GET"]}}],"collection":[{"href":"https:\/\/bas-tv.md\/ro\/wp-json\/wp\/v2\/posts"}],"about":[{"href":"https:\/\/bas-tv.md\/ro\/wp-json\/wp\/v2\/types\/post"}],"author":[{"embeddable":true,"href":"https:\/\/bas-tv.md\/ro\/wp-json\/wp\/v2\/users\/3"}],"replies":[{"embeddable":true,"href":"https:\/\/bas-tv.md\/ro\/wp-json\/wp\/v2\/comments?post=163756"}],"version-history":[{"count":1,"href":"https:\/\/bas-tv.md\/ro\/wp-json\/wp\/v2\/posts\/163756\/revisions"}],"predecessor-version":[{"id":163757,"href":"https:\/\/bas-tv.md\/ro\/wp-json\/wp\/v2\/posts\/163756\/revisions\/163757"}],"wp:featuredmedia":[{"embeddable":true,"href":"https:\/\/bas-tv.md\/ro\/wp-json\/wp\/v2\/media\/163758"}],"wp:attachment":[{"href":"https:\/\/bas-tv.md\/ro\/wp-json\/wp\/v2\/media?parent=163756"}],"wp:term":[{"taxonomy":"category","embeddable":true,"href":"https:\/\/bas-tv.md\/ro\/wp-json\/wp\/v2\/categories?post=163756"},{"taxonomy":"post_tag","embeddable":true,"href":"https:\/\/bas-tv.md\/ro\/wp-json\/wp\/v2\/tags?post=163756"}],"curies":[{"name":"wp","href":"https:\/\/api.w.org\/{rel}","templated":true}]}}