{"id":164066,"date":"2025-10-22T17:30:25","date_gmt":"2025-10-22T14:30:25","guid":{"rendered":"https:\/\/bas-tv.md\/?p=164066"},"modified":"2025-10-22T16:36:16","modified_gmt":"2025-10-22T13:36:16","slug":"foto-festivalul-miorita-laie-laie-bucalaie-revine-la-cimislia-cu-traditii-si-voie-buna","status":"publish","type":"post","link":"https:\/\/bas-tv.md\/ro\/foto-festivalul-miorita-laie-laie-bucalaie-revine-la-cimislia-cu-traditii-si-voie-buna\/","title":{"rendered":"(FOTO) Festivalul \u201eMiori\u021b\u0103 Laie, Laie Buc\u0103laie\u201d revine la Cimi\u0219lia cu tradi\u021bii \u0219i voie bun\u0103"},"content":{"rendered":"<p data-start=\"0\" data-end=\"370\"><strong>Pe 25 \u0219i 26 octombrie 2025, ora\u0219ul Cimi\u0219lia va g\u0103zdui cea de-a IX-a edi\u021bie a Festivalului \u201eMiori\u021b\u0103 Laie, Laie Buc\u0103laie\u201d, un eveniment devenit tradi\u021bie, dedicat promov\u0103rii valorilor pastorale, me\u0219te\u0219ugurilor populare \u0219i gastronomiei autentice. Festivalul promite dou\u0103 zile pline de culoare, voie bun\u0103 \u0219i experien\u021be autentice pentru to\u021bi vizitatorii.<\/strong><\/p>\n<p data-start=\"415\" data-end=\"821\">Evenimentul va reuni cresc\u0103tori de ovine \u0219i caprine, me\u0219teri populari, arti\u0219ti \u0219i iubitori de tradi\u021bii din Republica Moldova \u0219i de peste hotare,\u00a0la Autodromul din Cimi\u0219lia, \u00eencep\u00e2nd cu ora 10:00. Vizitatorii vor putea admira expozi\u021bii de animale, t\u00e2rguri cu produse artizanale \u0219i crea\u021bii ale me\u0219terilor populari, pomi \u0219i material s\u0103ditor, dar \u0219i spectacole folclorice sus\u021binute de ansamblurile locale \u0219i arti\u0219ti din \u021bar\u0103 \u0219i de peste hotare.<\/p>\n<p data-start=\"823\" data-end=\"994\">Unul dintre momentele speciale ale edi\u021biei va fi spectacolul sus\u021binut de \u201eFetele din Boto\u0219ani\u201d, care vor aduce pe scen\u0103 ritmurile \u0219i energia muzicii populare rom\u00e2ne\u0219ti.<\/p>\n<p data-start=\"823\" data-end=\"994\"><iframe style=\"border: none; overflow: hidden;\" src=\"https:\/\/www.facebook.com\/plugins\/video.php?height=476&amp;href=https%3A%2F%2Fwww.facebook.com%2Freel%2F1345347256946822%2F&amp;show_text=false&amp;width=267&amp;t=0\" width=\"267\" height=\"476\" frameborder=\"0\" scrolling=\"no\" allowfullscreen=\"allowfullscreen\"><\/iframe><\/p>\n<p data-start=\"1034\" data-end=\"1405\">Zona gastronomic\u0103 va fi una dintre principalele atrac\u021bii ale festivalului. Vizitatorii vor putea savura delicii tradi\u021bionale: pastram\u0103 fraged\u0103, pl\u0103cinte aburinde, dulciuri de cas\u0103, vin proasp\u0103t stors, feluri de m\u00e2ncare tradi\u021bionale, frig\u0103rui suculente \u0219i miel la rotisor, toate preg\u0103tite cu drag de gospodari \u0219i buc\u0103tari iscusi\u021bi.<\/p>\n<p data-start=\"1034\" data-end=\"1405\"><iframe style=\"border: none; overflow: hidden;\" src=\"https:\/\/www.facebook.com\/plugins\/video.php?height=314&amp;href=https%3A%2F%2Fwww.facebook.com%2Freel%2F1355123979284104%2F&amp;show_text=false&amp;width=560&amp;t=0\" width=\"560\" height=\"314\" frameborder=\"0\" scrolling=\"no\" allowfullscreen=\"allowfullscreen\"><\/iframe><\/p>\n<p data-start=\"1446\" data-end=\"1676\">Evenimentul este organizat de Federa\u021bia Na\u021bional\u0103 a Cresc\u0103torilor de Ovine \u0219i Caprine, \u00een parteneriat cu Ministerul Culturii, Ministerul Agriculturii, Prim\u0103ria ora\u0219ului Cimi\u0219lia \u0219i Consiliul Raional Cimi\u0219lia.<\/p>\n<p data-start=\"1678\" data-end=\"1869\"><strong>Pre\u021bul biletului<\/strong>, anun\u021b\u0103 organizatorii, constituie 50 lei \u0219i include participarea la <em data-start=\"1805\" data-end=\"1822\">Tombola Bacilor<\/em>, unde pot fi c\u00e2\u0219tigate premii inedite.<\/p>\n<p data-start=\"1871\" data-end=\"2096\">Mai jos pute\u021bi vedea o galerie foto cu atmosfera de la edi\u021biile trecute.<\/p>\n<div id='gallery-1' class='gallery galleryid-164066 gallery-columns-2 gallery-size-large'><figure class='gallery-item'>\n\t\t\t<div class='gallery-icon landscape'>\n\t\t\t\t<a href='https:\/\/bas-tv.md\/ro\/foto-festivalul-miorita-laie-laie-bucalaie-revine-la-cimislia-cu-traditii-si-voie-buna\/547401264_122108067086997691_1580220606114149198_n\/'><img fetchpriority=\"high\" decoding=\"async\" width=\"580\" height=\"387\" src=\"https:\/\/bas-tv.md\/wp-content\/uploads\/2025\/10\/547401264_122108067086997691_1580220606114149198_n-1024x683.jpg\" class=\"attachment-large size-large\" alt=\"\" srcset=\"https:\/\/bas-tv.md\/wp-content\/uploads\/2025\/10\/547401264_122108067086997691_1580220606114149198_n-1024x683.jpg 1024w, https:\/\/bas-tv.md\/wp-content\/uploads\/2025\/10\/547401264_122108067086997691_1580220606114149198_n-300x200.jpg 300w, https:\/\/bas-tv.md\/wp-content\/uploads\/2025\/10\/547401264_122108067086997691_1580220606114149198_n-768x512.jpg 768w, https:\/\/bas-tv.md\/wp-content\/uploads\/2025\/10\/547401264_122108067086997691_1580220606114149198_n-1536x1024.jpg 1536w, https:\/\/bas-tv.md\/wp-content\/uploads\/2025\/10\/547401264_122108067086997691_1580220606114149198_n-1200x800.jpg 1200w, https:\/\/bas-tv.md\/wp-content\/uploads\/2025\/10\/547401264_122108067086997691_1580220606114149198_n-1980x1320.jpg 1980w, https:\/\/bas-tv.md\/wp-content\/uploads\/2025\/10\/547401264_122108067086997691_1580220606114149198_n.jpg 2048w\" sizes=\"(max-width: 580px) 100vw, 580px\" \/><\/a>\n\t\t\t<\/div><\/figure><figure class='gallery-item'>\n\t\t\t<div class='gallery-icon landscape'>\n\t\t\t\t<a href='https:\/\/bas-tv.md\/ro\/foto-festivalul-miorita-laie-laie-bucalaie-revine-la-cimislia-cu-traditii-si-voie-buna\/547192097_122108069030997691_81934110412777095_n-1\/'><img decoding=\"async\" width=\"580\" height=\"387\" src=\"https:\/\/bas-tv.md\/wp-content\/uploads\/2025\/10\/547192097_122108069030997691_81934110412777095_n-1-1024x683.jpg\" class=\"attachment-large size-large\" alt=\"\" srcset=\"https:\/\/bas-tv.md\/wp-content\/uploads\/2025\/10\/547192097_122108069030997691_81934110412777095_n-1-1024x683.jpg 1024w, https:\/\/bas-tv.md\/wp-content\/uploads\/2025\/10\/547192097_122108069030997691_81934110412777095_n-1-300x200.jpg 300w, https:\/\/bas-tv.md\/wp-content\/uploads\/2025\/10\/547192097_122108069030997691_81934110412777095_n-1-768x512.jpg 768w, https:\/\/bas-tv.md\/wp-content\/uploads\/2025\/10\/547192097_122108069030997691_81934110412777095_n-1-1536x1024.jpg 1536w, https:\/\/bas-tv.md\/wp-content\/uploads\/2025\/10\/547192097_122108069030997691_81934110412777095_n-1-1200x800.jpg 1200w, https:\/\/bas-tv.md\/wp-content\/uploads\/2025\/10\/547192097_122108069030997691_81934110412777095_n-1-1980x1320.jpg 1980w, https:\/\/bas-tv.md\/wp-content\/uploads\/2025\/10\/547192097_122108069030997691_81934110412777095_n-1.jpg 2048w\" sizes=\"(max-width: 580px) 100vw, 580px\" \/><\/a>\n\t\t\t<\/div><\/figure><figure class='gallery-item'>\n\t\t\t<div class='gallery-icon landscape'>\n\t\t\t\t<a href='https:\/\/bas-tv.md\/ro\/foto-festivalul-miorita-laie-laie-bucalaie-revine-la-cimislia-cu-traditii-si-voie-buna\/548217609_122108068880997691_6296218113501445156_n\/'><img decoding=\"async\" width=\"580\" height=\"387\" src=\"https:\/\/bas-tv.md\/wp-content\/uploads\/2025\/10\/548217609_122108068880997691_6296218113501445156_n-1024x683.jpg\" class=\"attachment-large size-large\" alt=\"\" srcset=\"https:\/\/bas-tv.md\/wp-content\/uploads\/2025\/10\/548217609_122108068880997691_6296218113501445156_n-1024x683.jpg 1024w, https:\/\/bas-tv.md\/wp-content\/uploads\/2025\/10\/548217609_122108068880997691_6296218113501445156_n-300x200.jpg 300w, https:\/\/bas-tv.md\/wp-content\/uploads\/2025\/10\/548217609_122108068880997691_6296218113501445156_n-768x512.jpg 768w, https:\/\/bas-tv.md\/wp-content\/uploads\/2025\/10\/548217609_122108068880997691_6296218113501445156_n-1536x1024.jpg 1536w, https:\/\/bas-tv.md\/wp-content\/uploads\/2025\/10\/548217609_122108068880997691_6296218113501445156_n-1200x800.jpg 1200w, https:\/\/bas-tv.md\/wp-content\/uploads\/2025\/10\/548217609_122108068880997691_6296218113501445156_n-1980x1320.jpg 1980w, https:\/\/bas-tv.md\/wp-content\/uploads\/2025\/10\/548217609_122108068880997691_6296218113501445156_n.jpg 2048w\" sizes=\"(max-width: 580px) 100vw, 580px\" \/><\/a>\n\t\t\t<\/div><\/figure><figure class='gallery-item'>\n\t\t\t<div class='gallery-icon landscape'>\n\t\t\t\t<a href='https:\/\/bas-tv.md\/ro\/foto-festivalul-miorita-laie-laie-bucalaie-revine-la-cimislia-cu-traditii-si-voie-buna\/549451418_122108068802997691_5837422999156111241_n\/'><img loading=\"lazy\" decoding=\"async\" width=\"580\" height=\"387\" src=\"https:\/\/bas-tv.md\/wp-content\/uploads\/2025\/10\/549451418_122108068802997691_5837422999156111241_n-1024x683.jpg\" class=\"attachment-large size-large\" alt=\"\" srcset=\"https:\/\/bas-tv.md\/wp-content\/uploads\/2025\/10\/549451418_122108068802997691_5837422999156111241_n-1024x683.jpg 1024w, https:\/\/bas-tv.md\/wp-content\/uploads\/2025\/10\/549451418_122108068802997691_5837422999156111241_n-300x200.jpg 300w, https:\/\/bas-tv.md\/wp-content\/uploads\/2025\/10\/549451418_122108068802997691_5837422999156111241_n-768x512.jpg 768w, https:\/\/bas-tv.md\/wp-content\/uploads\/2025\/10\/549451418_122108068802997691_5837422999156111241_n-1536x1024.jpg 1536w, https:\/\/bas-tv.md\/wp-content\/uploads\/2025\/10\/549451418_122108068802997691_5837422999156111241_n-1200x800.jpg 1200w, https:\/\/bas-tv.md\/wp-content\/uploads\/2025\/10\/549451418_122108068802997691_5837422999156111241_n-1980x1320.jpg 1980w, https:\/\/bas-tv.md\/wp-content\/uploads\/2025\/10\/549451418_122108068802997691_5837422999156111241_n.jpg 2048w\" sizes=\"(max-width: 580px) 100vw, 580px\" \/><\/a>\n\t\t\t<\/div><\/figure><figure class='gallery-item'>\n\t\t\t<div class='gallery-icon landscape'>\n\t\t\t\t<a href='https:\/\/bas-tv.md\/ro\/foto-festivalul-miorita-laie-laie-bucalaie-revine-la-cimislia-cu-traditii-si-voie-buna\/548583189_122108068346997691_5846293594909622517_n\/'><img loading=\"lazy\" decoding=\"async\" width=\"580\" height=\"387\" src=\"https:\/\/bas-tv.md\/wp-content\/uploads\/2025\/10\/548583189_122108068346997691_5846293594909622517_n-1024x683.jpg\" class=\"attachment-large size-large\" alt=\"\" srcset=\"https:\/\/bas-tv.md\/wp-content\/uploads\/2025\/10\/548583189_122108068346997691_5846293594909622517_n-1024x683.jpg 1024w, https:\/\/bas-tv.md\/wp-content\/uploads\/2025\/10\/548583189_122108068346997691_5846293594909622517_n-300x200.jpg 300w, https:\/\/bas-tv.md\/wp-content\/uploads\/2025\/10\/548583189_122108068346997691_5846293594909622517_n-768x512.jpg 768w, https:\/\/bas-tv.md\/wp-content\/uploads\/2025\/10\/548583189_122108068346997691_5846293594909622517_n-1536x1024.jpg 1536w, https:\/\/bas-tv.md\/wp-content\/uploads\/2025\/10\/548583189_122108068346997691_5846293594909622517_n-1200x800.jpg 1200w, https:\/\/bas-tv.md\/wp-content\/uploads\/2025\/10\/548583189_122108068346997691_5846293594909622517_n-1980x1320.jpg 1980w, https:\/\/bas-tv.md\/wp-content\/uploads\/2025\/10\/548583189_122108068346997691_5846293594909622517_n.jpg 2048w\" sizes=\"(max-width: 580px) 100vw, 580px\" \/><\/a>\n\t\t\t<\/div><\/figure><figure class='gallery-item'>\n\t\t\t<div class='gallery-icon landscape'>\n\t\t\t\t<a href='https:\/\/bas-tv.md\/ro\/foto-festivalul-miorita-laie-laie-bucalaie-revine-la-cimislia-cu-traditii-si-voie-buna\/548543404_122108067950997691_8204237957146428826_n\/'><img loading=\"lazy\" decoding=\"async\" width=\"580\" height=\"387\" src=\"https:\/\/bas-tv.md\/wp-content\/uploads\/2025\/10\/548543404_122108067950997691_8204237957146428826_n-1024x683.jpg\" class=\"attachment-large size-large\" alt=\"\" srcset=\"https:\/\/bas-tv.md\/wp-content\/uploads\/2025\/10\/548543404_122108067950997691_8204237957146428826_n-1024x683.jpg 1024w, https:\/\/bas-tv.md\/wp-content\/uploads\/2025\/10\/548543404_122108067950997691_8204237957146428826_n-300x200.jpg 300w, https:\/\/bas-tv.md\/wp-content\/uploads\/2025\/10\/548543404_122108067950997691_8204237957146428826_n-768x512.jpg 768w, https:\/\/bas-tv.md\/wp-content\/uploads\/2025\/10\/548543404_122108067950997691_8204237957146428826_n-1536x1024.jpg 1536w, https:\/\/bas-tv.md\/wp-content\/uploads\/2025\/10\/548543404_122108067950997691_8204237957146428826_n-1200x800.jpg 1200w, https:\/\/bas-tv.md\/wp-content\/uploads\/2025\/10\/548543404_122108067950997691_8204237957146428826_n-1980x1320.jpg 1980w, https:\/\/bas-tv.md\/wp-content\/uploads\/2025\/10\/548543404_122108067950997691_8204237957146428826_n.jpg 2048w\" sizes=\"(max-width: 580px) 100vw, 580px\" \/><\/a>\n\t\t\t<\/div><\/figure><figure class='gallery-item'>\n\t\t\t<div class='gallery-icon landscape'>\n\t\t\t\t<a href='https:\/\/bas-tv.md\/ro\/foto-festivalul-miorita-laie-laie-bucalaie-revine-la-cimislia-cu-traditii-si-voie-buna\/549898744_122108067620997691_4902038166589140513_n\/'><img loading=\"lazy\" decoding=\"async\" width=\"580\" height=\"387\" src=\"https:\/\/bas-tv.md\/wp-content\/uploads\/2025\/10\/549898744_122108067620997691_4902038166589140513_n-1024x683.jpg\" class=\"attachment-large size-large\" alt=\"\" srcset=\"https:\/\/bas-tv.md\/wp-content\/uploads\/2025\/10\/549898744_122108067620997691_4902038166589140513_n-1024x683.jpg 1024w, https:\/\/bas-tv.md\/wp-content\/uploads\/2025\/10\/549898744_122108067620997691_4902038166589140513_n-300x200.jpg 300w, https:\/\/bas-tv.md\/wp-content\/uploads\/2025\/10\/549898744_122108067620997691_4902038166589140513_n-768x512.jpg 768w, https:\/\/bas-tv.md\/wp-content\/uploads\/2025\/10\/549898744_122108067620997691_4902038166589140513_n-1536x1024.jpg 1536w, https:\/\/bas-tv.md\/wp-content\/uploads\/2025\/10\/549898744_122108067620997691_4902038166589140513_n-1200x800.jpg 1200w, https:\/\/bas-tv.md\/wp-content\/uploads\/2025\/10\/549898744_122108067620997691_4902038166589140513_n-1980x1320.jpg 1980w, https:\/\/bas-tv.md\/wp-content\/uploads\/2025\/10\/549898744_122108067620997691_4902038166589140513_n.jpg 2048w\" sizes=\"(max-width: 580px) 100vw, 580px\" \/><\/a>\n\t\t\t<\/div><\/figure><figure class='gallery-item'>\n\t\t\t<div class='gallery-icon landscape'>\n\t\t\t\t<a href='https:\/\/bas-tv.md\/ro\/foto-festivalul-miorita-laie-laie-bucalaie-revine-la-cimislia-cu-traditii-si-voie-buna\/550078315_122108067428997691_1307883963942998816_n\/'><img loading=\"lazy\" decoding=\"async\" width=\"580\" height=\"387\" src=\"https:\/\/bas-tv.md\/wp-content\/uploads\/2025\/10\/550078315_122108067428997691_1307883963942998816_n-1024x683.jpg\" class=\"attachment-large size-large\" alt=\"\" srcset=\"https:\/\/bas-tv.md\/wp-content\/uploads\/2025\/10\/550078315_122108067428997691_1307883963942998816_n-1024x683.jpg 1024w, https:\/\/bas-tv.md\/wp-content\/uploads\/2025\/10\/550078315_122108067428997691_1307883963942998816_n-300x200.jpg 300w, https:\/\/bas-tv.md\/wp-content\/uploads\/2025\/10\/550078315_122108067428997691_1307883963942998816_n-768x512.jpg 768w, https:\/\/bas-tv.md\/wp-content\/uploads\/2025\/10\/550078315_122108067428997691_1307883963942998816_n-1536x1024.jpg 1536w, https:\/\/bas-tv.md\/wp-content\/uploads\/2025\/10\/550078315_122108067428997691_1307883963942998816_n-1200x800.jpg 1200w, https:\/\/bas-tv.md\/wp-content\/uploads\/2025\/10\/550078315_122108067428997691_1307883963942998816_n-1980x1320.jpg 1980w, https:\/\/bas-tv.md\/wp-content\/uploads\/2025\/10\/550078315_122108067428997691_1307883963942998816_n.jpg 2048w\" sizes=\"(max-width: 580px) 100vw, 580px\" \/><\/a>\n\t\t\t<\/div><\/figure><figure class='gallery-item'>\n\t\t\t<div class='gallery-icon landscape'>\n\t\t\t\t<a href='https:\/\/bas-tv.md\/ro\/foto-festivalul-miorita-laie-laie-bucalaie-revine-la-cimislia-cu-traditii-si-voie-buna\/548958132_122108067230997691_9088494888925992551_n\/'><img loading=\"lazy\" decoding=\"async\" width=\"580\" height=\"387\" src=\"https:\/\/bas-tv.md\/wp-content\/uploads\/2025\/10\/548958132_122108067230997691_9088494888925992551_n-1024x683.jpg\" class=\"attachment-large size-large\" alt=\"\" srcset=\"https:\/\/bas-tv.md\/wp-content\/uploads\/2025\/10\/548958132_122108067230997691_9088494888925992551_n-1024x683.jpg 1024w, https:\/\/bas-tv.md\/wp-content\/uploads\/2025\/10\/548958132_122108067230997691_9088494888925992551_n-300x200.jpg 300w, https:\/\/bas-tv.md\/wp-content\/uploads\/2025\/10\/548958132_122108067230997691_9088494888925992551_n-768x512.jpg 768w, https:\/\/bas-tv.md\/wp-content\/uploads\/2025\/10\/548958132_122108067230997691_9088494888925992551_n-1536x1024.jpg 1536w, https:\/\/bas-tv.md\/wp-content\/uploads\/2025\/10\/548958132_122108067230997691_9088494888925992551_n-1200x800.jpg 1200w, https:\/\/bas-tv.md\/wp-content\/uploads\/2025\/10\/548958132_122108067230997691_9088494888925992551_n-1980x1320.jpg 1980w, https:\/\/bas-tv.md\/wp-content\/uploads\/2025\/10\/548958132_122108067230997691_9088494888925992551_n.jpg 2048w\" sizes=\"(max-width: 580px) 100vw, 580px\" \/><\/a>\n\t\t\t<\/div><\/figure><figure class='gallery-item'>\n\t\t\t<div class='gallery-icon landscape'>\n\t\t\t\t<a href='https:\/\/bas-tv.md\/ro\/foto-festivalul-miorita-laie-laie-bucalaie-revine-la-cimislia-cu-traditii-si-voie-buna\/547991466_122108066972997691_2018127454631706453_n\/'><img loading=\"lazy\" decoding=\"async\" width=\"580\" height=\"387\" src=\"https:\/\/bas-tv.md\/wp-content\/uploads\/2025\/10\/547991466_122108066972997691_2018127454631706453_n-1024x683.jpg\" class=\"attachment-large size-large\" alt=\"\" srcset=\"https:\/\/bas-tv.md\/wp-content\/uploads\/2025\/10\/547991466_122108066972997691_2018127454631706453_n-1024x683.jpg 1024w, https:\/\/bas-tv.md\/wp-content\/uploads\/2025\/10\/547991466_122108066972997691_2018127454631706453_n-300x200.jpg 300w, https:\/\/bas-tv.md\/wp-content\/uploads\/2025\/10\/547991466_122108066972997691_2018127454631706453_n-768x512.jpg 768w, https:\/\/bas-tv.md\/wp-content\/uploads\/2025\/10\/547991466_122108066972997691_2018127454631706453_n-1536x1024.jpg 1536w, https:\/\/bas-tv.md\/wp-content\/uploads\/2025\/10\/547991466_122108066972997691_2018127454631706453_n-1200x800.jpg 1200w, https:\/\/bas-tv.md\/wp-content\/uploads\/2025\/10\/547991466_122108066972997691_2018127454631706453_n-1980x1320.jpg 1980w, https:\/\/bas-tv.md\/wp-content\/uploads\/2025\/10\/547991466_122108066972997691_2018127454631706453_n.jpg 2048w\" sizes=\"(max-width: 580px) 100vw, 580px\" \/><\/a>\n\t\t\t<\/div><\/figure><figure class='gallery-item'>\n\t\t\t<div class='gallery-icon landscape'>\n\t\t\t\t<a href='https:\/\/bas-tv.md\/ro\/foto-festivalul-miorita-laie-laie-bucalaie-revine-la-cimislia-cu-traditii-si-voie-buna\/548922948_122108068388997691_8242895293325927913_n\/'><img loading=\"lazy\" decoding=\"async\" width=\"580\" height=\"413\" src=\"https:\/\/bas-tv.md\/wp-content\/uploads\/2025\/10\/548922948_122108068388997691_8242895293325927913_n-1024x729.jpg\" class=\"attachment-large size-large\" alt=\"\" srcset=\"https:\/\/bas-tv.md\/wp-content\/uploads\/2025\/10\/548922948_122108068388997691_8242895293325927913_n-1024x729.jpg 1024w, https:\/\/bas-tv.md\/wp-content\/uploads\/2025\/10\/548922948_122108068388997691_8242895293325927913_n-300x214.jpg 300w, https:\/\/bas-tv.md\/wp-content\/uploads\/2025\/10\/548922948_122108068388997691_8242895293325927913_n-768x547.jpg 768w, https:\/\/bas-tv.md\/wp-content\/uploads\/2025\/10\/548922948_122108068388997691_8242895293325927913_n-1536x1093.jpg 1536w, https:\/\/bas-tv.md\/wp-content\/uploads\/2025\/10\/548922948_122108068388997691_8242895293325927913_n-1200x854.jpg 1200w, https:\/\/bas-tv.md\/wp-content\/uploads\/2025\/10\/548922948_122108068388997691_8242895293325927913_n.jpg 1554w\" sizes=\"(max-width: 580px) 100vw, 580px\" \/><\/a>\n\t\t\t<\/div><\/figure><figure class='gallery-item'>\n\t\t\t<div class='gallery-icon landscape'>\n\t\t\t\t<a href='https:\/\/bas-tv.md\/ro\/foto-festivalul-miorita-laie-laie-bucalaie-revine-la-cimislia-cu-traditii-si-voie-buna\/548884306_122108066138997691_2707308272383498495_n\/'><img loading=\"lazy\" decoding=\"async\" width=\"580\" height=\"387\" src=\"https:\/\/bas-tv.md\/wp-content\/uploads\/2025\/10\/548884306_122108066138997691_2707308272383498495_n-1024x683.jpg\" class=\"attachment-large size-large\" alt=\"\" srcset=\"https:\/\/bas-tv.md\/wp-content\/uploads\/2025\/10\/548884306_122108066138997691_2707308272383498495_n-1024x683.jpg 1024w, https:\/\/bas-tv.md\/wp-content\/uploads\/2025\/10\/548884306_122108066138997691_2707308272383498495_n-300x200.jpg 300w, https:\/\/bas-tv.md\/wp-content\/uploads\/2025\/10\/548884306_122108066138997691_2707308272383498495_n-768x512.jpg 768w, https:\/\/bas-tv.md\/wp-content\/uploads\/2025\/10\/548884306_122108066138997691_2707308272383498495_n-1536x1024.jpg 1536w, https:\/\/bas-tv.md\/wp-content\/uploads\/2025\/10\/548884306_122108066138997691_2707308272383498495_n-1200x800.jpg 1200w, https:\/\/bas-tv.md\/wp-content\/uploads\/2025\/10\/548884306_122108066138997691_2707308272383498495_n-1980x1320.jpg 1980w, https:\/\/bas-tv.md\/wp-content\/uploads\/2025\/10\/548884306_122108066138997691_2707308272383498495_n.jpg 2048w\" sizes=\"(max-width: 580px) 100vw, 580px\" \/><\/a>\n\t\t\t<\/div><\/figure><figure class='gallery-item'>\n\t\t\t<div class='gallery-icon landscape'>\n\t\t\t\t<a href='https:\/\/bas-tv.md\/ro\/foto-festivalul-miorita-laie-laie-bucalaie-revine-la-cimislia-cu-traditii-si-voie-buna\/549782758_122108066096997691_1328737773907773235_n\/'><img loading=\"lazy\" decoding=\"async\" width=\"580\" height=\"387\" src=\"https:\/\/bas-tv.md\/wp-content\/uploads\/2025\/10\/549782758_122108066096997691_1328737773907773235_n-1024x683.jpg\" class=\"attachment-large size-large\" alt=\"\" srcset=\"https:\/\/bas-tv.md\/wp-content\/uploads\/2025\/10\/549782758_122108066096997691_1328737773907773235_n-1024x683.jpg 1024w, https:\/\/bas-tv.md\/wp-content\/uploads\/2025\/10\/549782758_122108066096997691_1328737773907773235_n-300x200.jpg 300w, https:\/\/bas-tv.md\/wp-content\/uploads\/2025\/10\/549782758_122108066096997691_1328737773907773235_n-768x512.jpg 768w, https:\/\/bas-tv.md\/wp-content\/uploads\/2025\/10\/549782758_122108066096997691_1328737773907773235_n-1536x1024.jpg 1536w, https:\/\/bas-tv.md\/wp-content\/uploads\/2025\/10\/549782758_122108066096997691_1328737773907773235_n-1200x800.jpg 1200w, https:\/\/bas-tv.md\/wp-content\/uploads\/2025\/10\/549782758_122108066096997691_1328737773907773235_n-1980x1320.jpg 1980w, https:\/\/bas-tv.md\/wp-content\/uploads\/2025\/10\/549782758_122108066096997691_1328737773907773235_n.jpg 2048w\" sizes=\"(max-width: 580px) 100vw, 580px\" \/><\/a>\n\t\t\t<\/div><\/figure><figure class='gallery-item'>\n\t\t\t<div class='gallery-icon landscape'>\n\t\t\t\t<a href='https:\/\/bas-tv.md\/ro\/foto-festivalul-miorita-laie-laie-bucalaie-revine-la-cimislia-cu-traditii-si-voie-buna\/547878394_122108066246997691_7665151623037422499_n\/'><img loading=\"lazy\" decoding=\"async\" width=\"580\" height=\"387\" src=\"https:\/\/bas-tv.md\/wp-content\/uploads\/2025\/10\/547878394_122108066246997691_7665151623037422499_n-1024x683.jpg\" class=\"attachment-large size-large\" alt=\"\" srcset=\"https:\/\/bas-tv.md\/wp-content\/uploads\/2025\/10\/547878394_122108066246997691_7665151623037422499_n-1024x683.jpg 1024w, https:\/\/bas-tv.md\/wp-content\/uploads\/2025\/10\/547878394_122108066246997691_7665151623037422499_n-300x200.jpg 300w, https:\/\/bas-tv.md\/wp-content\/uploads\/2025\/10\/547878394_122108066246997691_7665151623037422499_n-768x512.jpg 768w, https:\/\/bas-tv.md\/wp-content\/uploads\/2025\/10\/547878394_122108066246997691_7665151623037422499_n-1536x1024.jpg 1536w, https:\/\/bas-tv.md\/wp-content\/uploads\/2025\/10\/547878394_122108066246997691_7665151623037422499_n-1200x800.jpg 1200w, https:\/\/bas-tv.md\/wp-content\/uploads\/2025\/10\/547878394_122108066246997691_7665151623037422499_n-1980x1320.jpg 1980w, https:\/\/bas-tv.md\/wp-content\/uploads\/2025\/10\/547878394_122108066246997691_7665151623037422499_n.jpg 2048w\" sizes=\"(max-width: 580px) 100vw, 580px\" \/><\/a>\n\t\t\t<\/div><\/figure><figure class='gallery-item'>\n\t\t\t<div class='gallery-icon landscape'>\n\t\t\t\t<a href='https:\/\/bas-tv.md\/ro\/foto-festivalul-miorita-laie-laie-bucalaie-revine-la-cimislia-cu-traditii-si-voie-buna\/549442232_122108066102997691_155384877625697476_n\/'><img loading=\"lazy\" decoding=\"async\" width=\"580\" height=\"387\" src=\"https:\/\/bas-tv.md\/wp-content\/uploads\/2025\/10\/549442232_122108066102997691_155384877625697476_n-1024x683.jpg\" class=\"attachment-large size-large\" alt=\"\" srcset=\"https:\/\/bas-tv.md\/wp-content\/uploads\/2025\/10\/549442232_122108066102997691_155384877625697476_n-1024x683.jpg 1024w, https:\/\/bas-tv.md\/wp-content\/uploads\/2025\/10\/549442232_122108066102997691_155384877625697476_n-300x200.jpg 300w, https:\/\/bas-tv.md\/wp-content\/uploads\/2025\/10\/549442232_122108066102997691_155384877625697476_n-768x512.jpg 768w, https:\/\/bas-tv.md\/wp-content\/uploads\/2025\/10\/549442232_122108066102997691_155384877625697476_n-1536x1024.jpg 1536w, https:\/\/bas-tv.md\/wp-content\/uploads\/2025\/10\/549442232_122108066102997691_155384877625697476_n-1200x800.jpg 1200w, https:\/\/bas-tv.md\/wp-content\/uploads\/2025\/10\/549442232_122108066102997691_155384877625697476_n-1980x1320.jpg 1980w, https:\/\/bas-tv.md\/wp-content\/uploads\/2025\/10\/549442232_122108066102997691_155384877625697476_n.jpg 2048w\" sizes=\"(max-width: 580px) 100vw, 580px\" \/><\/a>\n\t\t\t<\/div><\/figure><figure class='gallery-item'>\n\t\t\t<div class='gallery-icon landscape'>\n\t\t\t\t<a href='https:\/\/bas-tv.md\/ro\/foto-festivalul-miorita-laie-laie-bucalaie-revine-la-cimislia-cu-traditii-si-voie-buna\/550248763_122108068256997691_4264802542509878176_n\/'><img loading=\"lazy\" decoding=\"async\" width=\"580\" height=\"387\" src=\"https:\/\/bas-tv.md\/wp-content\/uploads\/2025\/10\/550248763_122108068256997691_4264802542509878176_n-1024x683.jpg\" class=\"attachment-large size-large\" alt=\"\" srcset=\"https:\/\/bas-tv.md\/wp-content\/uploads\/2025\/10\/550248763_122108068256997691_4264802542509878176_n-1024x683.jpg 1024w, https:\/\/bas-tv.md\/wp-content\/uploads\/2025\/10\/550248763_122108068256997691_4264802542509878176_n-300x200.jpg 300w, https:\/\/bas-tv.md\/wp-content\/uploads\/2025\/10\/550248763_122108068256997691_4264802542509878176_n-768x512.jpg 768w, https:\/\/bas-tv.md\/wp-content\/uploads\/2025\/10\/550248763_122108068256997691_4264802542509878176_n-1536x1024.jpg 1536w, https:\/\/bas-tv.md\/wp-content\/uploads\/2025\/10\/550248763_122108068256997691_4264802542509878176_n-1200x800.jpg 1200w, https:\/\/bas-tv.md\/wp-content\/uploads\/2025\/10\/550248763_122108068256997691_4264802542509878176_n-1980x1320.jpg 1980w, https:\/\/bas-tv.md\/wp-content\/uploads\/2025\/10\/550248763_122108068256997691_4264802542509878176_n.jpg 2048w\" sizes=\"(max-width: 580px) 100vw, 580px\" \/><\/a>\n\t\t\t<\/div><\/figure><figure class='gallery-item'>\n\t\t\t<div class='gallery-icon landscape'>\n\t\t\t\t<a href='https:\/\/bas-tv.md\/ro\/foto-festivalul-miorita-laie-laie-bucalaie-revine-la-cimislia-cu-traditii-si-voie-buna\/548211370_122108068022997691_4924954972099238757_n\/'><img loading=\"lazy\" decoding=\"async\" width=\"580\" height=\"387\" src=\"https:\/\/bas-tv.md\/wp-content\/uploads\/2025\/10\/548211370_122108068022997691_4924954972099238757_n-1024x683.jpg\" class=\"attachment-large size-large\" alt=\"\" aria-describedby=\"gallery-1-164192\" srcset=\"https:\/\/bas-tv.md\/wp-content\/uploads\/2025\/10\/548211370_122108068022997691_4924954972099238757_n-1024x683.jpg 1024w, https:\/\/bas-tv.md\/wp-content\/uploads\/2025\/10\/548211370_122108068022997691_4924954972099238757_n-300x200.jpg 300w, https:\/\/bas-tv.md\/wp-content\/uploads\/2025\/10\/548211370_122108068022997691_4924954972099238757_n-768x512.jpg 768w, https:\/\/bas-tv.md\/wp-content\/uploads\/2025\/10\/548211370_122108068022997691_4924954972099238757_n-1536x1024.jpg 1536w, https:\/\/bas-tv.md\/wp-content\/uploads\/2025\/10\/548211370_122108068022997691_4924954972099238757_n-1200x800.jpg 1200w, https:\/\/bas-tv.md\/wp-content\/uploads\/2025\/10\/548211370_122108068022997691_4924954972099238757_n-1980x1320.jpg 1980w, https:\/\/bas-tv.md\/wp-content\/uploads\/2025\/10\/548211370_122108068022997691_4924954972099238757_n.jpg 2048w\" sizes=\"(max-width: 580px) 100vw, 580px\" \/><\/a>\n\t\t\t<\/div>\n\t\t\t\t<figcaption class='wp-caption-text gallery-caption' id='gallery-1-164192'>\n\t\t\t\tSursa foto: Pagina Festivalul &#8222;\ud835\udc0c\ud835\udc22\ud835\udc28\ud835\udc2b\ud835\udc22\u021b\u0103 \ud835\udc0b\ud835\udc1a\ud835\udc22\ud835\udc1e, \ud835\udc0b\ud835\udc1a\ud835\udc22\ud835\udc1e \ud835\udc01\ud835\udc2e\ud835\udc1c\u0103\ud835\udc25\ud835\udc1a\ud835\udc22\ud835\udc1e&#8221;\n\t\t\t\t<\/figcaption><\/figure><figure class='gallery-item'>\n\t\t\t<div class='gallery-icon landscape'>\n\t\t\t\t<a href='https:\/\/bas-tv.md\/ro\/foto-festivalul-miorita-laie-laie-bucalaie-revine-la-cimislia-cu-traditii-si-voie-buna\/550080942_122108068148997691_4423292699459129123_n\/'><img loading=\"lazy\" decoding=\"async\" width=\"580\" height=\"387\" src=\"https:\/\/bas-tv.md\/wp-content\/uploads\/2025\/10\/550080942_122108068148997691_4423292699459129123_n-1024x683.jpg\" class=\"attachment-large size-large\" alt=\"\" srcset=\"https:\/\/bas-tv.md\/wp-content\/uploads\/2025\/10\/550080942_122108068148997691_4423292699459129123_n-1024x683.jpg 1024w, https:\/\/bas-tv.md\/wp-content\/uploads\/2025\/10\/550080942_122108068148997691_4423292699459129123_n-300x200.jpg 300w, https:\/\/bas-tv.md\/wp-content\/uploads\/2025\/10\/550080942_122108068148997691_4423292699459129123_n-768x512.jpg 768w, https:\/\/bas-tv.md\/wp-content\/uploads\/2025\/10\/550080942_122108068148997691_4423292699459129123_n-1536x1024.jpg 1536w, https:\/\/bas-tv.md\/wp-content\/uploads\/2025\/10\/550080942_122108068148997691_4423292699459129123_n-1200x800.jpg 1200w, https:\/\/bas-tv.md\/wp-content\/uploads\/2025\/10\/550080942_122108068148997691_4423292699459129123_n-1980x1320.jpg 1980w, https:\/\/bas-tv.md\/wp-content\/uploads\/2025\/10\/550080942_122108068148997691_4423292699459129123_n.jpg 2048w\" sizes=\"(max-width: 580px) 100vw, 580px\" \/><\/a>\n\t\t\t<\/div><\/figure>\n\t\t<\/div>\n\n<p>Autor: Virineia Carapirea<\/p>\n<p><strong>Sus\u021bine\u021bi redac\u021bia BAStv, abona\u021bi-v\u0103 la noi pe platforma\u00a0<a href=\"https:\/\/www.patreon.com\/BAStv?fan_landing=true&amp;fbclid=IwAR3MeSDKfH4ixBydCXX9D1lhrCszhps3ID5uxuGA-Ktd4MTkZCRdlcEZkQI\">Patreon\u00a0<\/a>sau prin efectuarea contribu\u021biilor prin\u00a0<a href=\"https:\/\/www.paypal.com\/paypalme\/supportbastv\">PayPal<\/a>! Aceasta ne va ajuta s\u0103 cre\u0103m con\u021binut interesant \u0219i util pentru dvs., r\u0103m\u00e2n\u00e2nd \u00een continuare o platform\u0103 media independent\u0103.<\/strong><\/p>\n<p><b>Abona\u021bi-v\u0103 la noi pe re\u021bele sociale:\u00a0<\/b><a href=\"https:\/\/t.me\/bastvmd\"><b><i>Telegram<\/i><\/b><\/a><b>,\u00a0<\/b><a href=\"https:\/\/www.youtube.com\/channel\/UC-9005PnLnhpNM8PVSjP2dQ\/featured\"><b><i>YouTube<\/i><\/b><\/a><b>,\u00a0<\/b><a href=\"https:\/\/www.facebook.com\/bastv.md\"><b><i>Facebook<\/i><\/b><\/a>\u00a0<strong>\u0219i\u00a0<\/strong><a href=\"https:\/\/www.instagram.com\/bastv.md\/\"><b><i>Instagram<\/i><\/b><\/a><b>. Aici public\u0103m \u0219tiri pe scurt.<\/b><\/p>\n","protected":false},"excerpt":{"rendered":"<p>Pe 25 \u0219i 26 octombrie 2025, ora\u0219ul Cimi\u0219lia va g\u0103zdui cea de-a IX-a edi\u021bie a Festivalului \u201eMiori\u021b\u0103 Laie, Laie Buc\u0103laie\u201d, un eveniment devenit tradi\u021bie, dedicat promov\u0103rii valorilor pastorale, me\u0219te\u0219ugurilor populare \u0219i gastronomiei autentice. Festivalul promite dou\u0103 zile pline de culoare, voie bun\u0103 \u0219i experien\u021be autentice pentru to\u021bi vizitatorii. Evenimentul va reuni cresc\u0103tori de ovine \u0219i [&hellip;]<\/p>\n","protected":false},"author":3,"featured_media":164154,"comment_status":"closed","ping_status":"closed","sticky":false,"template":"","format":"standard","meta":{"footnotes":""},"categories":[602,219,570],"tags":[733,14936,4497],"class_list":["post-164066","post","type-post","status-publish","format-standard","has-post-thumbnail","hentry","category-actualitate","category-anunturi","category-in-moldova","tag-cimislia","tag-festivalul-miorita-laie","tag-laie-bucalaie"],"yoast_head":"<!-- This site is optimized with the Yoast SEO plugin v27.5 - https:\/\/yoast.com\/product\/yoast-seo-wordpress\/ -->\n<title>(FOTO) Festivalul \u201eMiori\u021b\u0103 Laie, Laie Buc\u0103laie\u201d revine la Cimi\u0219lia cu tradi\u021bii \u0219i voie bun\u0103 - BasTV<\/title>\n<meta name=\"description\" content=\"Pe 25 \u0219i 26 octombrie 2025, ora\u0219ul Cimi\u0219lia va g\u0103zdui cea de-a IX-a edi\u021bie a Festivalului \u201eMiori\u021b\u0103 Laie, Laie Buc\u0103laie\u201d, un eveniment devenit tradi\u021bie, dedicat promov\u0103rii valorilor pastorale, me\u0219te\u0219ugurilor populare \u0219i gastronomiei autentice. Festivalul promite dou\u0103 zile pline de culoare, voie bun\u0103 \u0219i experien\u021be autentice pentru to\u021bi vizitatorii.\" \/>\n<meta name=\"robots\" content=\"index, follow, max-snippet:-1, max-image-preview:large, max-video-preview:-1\" \/>\n<link rel=\"canonical\" href=\"https:\/\/bas-tv.md\/ro\/foto-festivalul-miorita-laie-laie-bucalaie-revine-la-cimislia-cu-traditii-si-voie-buna\/\" \/>\n<meta property=\"og:locale\" content=\"ro_RO\" \/>\n<meta property=\"og:type\" content=\"article\" \/>\n<meta property=\"og:title\" content=\"(FOTO) Festivalul \u201eMiori\u021b\u0103 Laie, Laie Buc\u0103laie\u201d revine la Cimi\u0219lia cu tradi\u021bii \u0219i voie bun\u0103 - BasTV\" \/>\n<meta property=\"og:description\" content=\"Pe 25 \u0219i 26 octombrie 2025, ora\u0219ul Cimi\u0219lia va g\u0103zdui cea de-a IX-a edi\u021bie a Festivalului \u201eMiori\u021b\u0103 Laie, Laie Buc\u0103laie\u201d, un eveniment devenit tradi\u021bie, dedicat promov\u0103rii valorilor pastorale, me\u0219te\u0219ugurilor populare \u0219i gastronomiei autentice. Festivalul promite dou\u0103 zile pline de culoare, voie bun\u0103 \u0219i experien\u021be autentice pentru to\u021bi vizitatorii.\" \/>\n<meta property=\"og:url\" content=\"https:\/\/bas-tv.md\/ro\/foto-festivalul-miorita-laie-laie-bucalaie-revine-la-cimislia-cu-traditii-si-voie-buna\/\" \/>\n<meta property=\"og:site_name\" content=\"BasTV\" \/>\n<meta property=\"article:published_time\" content=\"2025-10-22T14:30:25+00:00\" \/>\n<meta property=\"og:image\" content=\"https:\/\/bas-tv.md\/wp-content\/uploads\/2025\/10\/547401264_122108067086997691_1580220606114149198_n.jpg\" \/>\n\t<meta property=\"og:image:width\" content=\"2048\" \/>\n\t<meta property=\"og:image:height\" content=\"1365\" \/>\n\t<meta property=\"og:image:type\" content=\"image\/jpeg\" \/>\n<meta name=\"author\" content=\"Redactor\" \/>\n<meta name=\"twitter:card\" content=\"summary_large_image\" \/>\n<meta name=\"twitter:label1\" content=\"Scris de\" \/>\n\t<meta name=\"twitter:data1\" content=\"Redactor\" \/>\n\t<meta name=\"twitter:label2\" content=\"Timp estimat pentru citire\" \/>\n\t<meta name=\"twitter:data2\" content=\"2 minute\" \/>\n<script type=\"application\/ld+json\" class=\"yoast-schema-graph\">{\"@context\":\"https:\\\/\\\/schema.org\",\"@graph\":[{\"@type\":\"Article\",\"@id\":\"https:\\\/\\\/bas-tv.md\\\/ro\\\/foto-festivalul-miorita-laie-laie-bucalaie-revine-la-cimislia-cu-traditii-si-voie-buna\\\/#article\",\"isPartOf\":{\"@id\":\"https:\\\/\\\/bas-tv.md\\\/ro\\\/foto-festivalul-miorita-laie-laie-bucalaie-revine-la-cimislia-cu-traditii-si-voie-buna\\\/\"},\"author\":{\"name\":\"Redactor\",\"@id\":\"https:\\\/\\\/bas-tv.md\\\/ro\\\/#\\\/schema\\\/person\\\/8740f45ea2eca1f1695284fc03529af0\"},\"headline\":\"(FOTO) Festivalul \u201eMiori\u021b\u0103 Laie, Laie Buc\u0103laie\u201d revine la Cimi\u0219lia cu tradi\u021bii \u0219i voie bun\u0103\",\"datePublished\":\"2025-10-22T14:30:25+00:00\",\"mainEntityOfPage\":{\"@id\":\"https:\\\/\\\/bas-tv.md\\\/ro\\\/foto-festivalul-miorita-laie-laie-bucalaie-revine-la-cimislia-cu-traditii-si-voie-buna\\\/\"},\"wordCount\":375,\"publisher\":{\"@id\":\"https:\\\/\\\/bas-tv.md\\\/ro\\\/#organization\"},\"image\":{\"@id\":\"https:\\\/\\\/bas-tv.md\\\/ro\\\/foto-festivalul-miorita-laie-laie-bucalaie-revine-la-cimislia-cu-traditii-si-voie-buna\\\/#primaryimage\"},\"thumbnailUrl\":\"https:\\\/\\\/bas-tv.md\\\/wp-content\\\/uploads\\\/2025\\\/10\\\/547401264_122108067086997691_1580220606114149198_n.jpg\",\"keywords\":[\"Cimi\u0219lia\",\"Festivalul \u201eMiori\u021b\u0103 Laie\",\"Laie Buc\u0103laie\"],\"articleSection\":[\"Actualitate\",\"Anun\u021buri\",\"\u00cen Moldova\"],\"inLanguage\":\"ro-RO\"},{\"@type\":\"WebPage\",\"@id\":\"https:\\\/\\\/bas-tv.md\\\/ro\\\/foto-festivalul-miorita-laie-laie-bucalaie-revine-la-cimislia-cu-traditii-si-voie-buna\\\/\",\"url\":\"https:\\\/\\\/bas-tv.md\\\/ro\\\/foto-festivalul-miorita-laie-laie-bucalaie-revine-la-cimislia-cu-traditii-si-voie-buna\\\/\",\"name\":\"(FOTO) Festivalul \u201eMiori\u021b\u0103 Laie, Laie Buc\u0103laie\u201d revine la Cimi\u0219lia cu tradi\u021bii \u0219i voie bun\u0103 - BasTV\",\"isPartOf\":{\"@id\":\"https:\\\/\\\/bas-tv.md\\\/ro\\\/#website\"},\"primaryImageOfPage\":{\"@id\":\"https:\\\/\\\/bas-tv.md\\\/ro\\\/foto-festivalul-miorita-laie-laie-bucalaie-revine-la-cimislia-cu-traditii-si-voie-buna\\\/#primaryimage\"},\"image\":{\"@id\":\"https:\\\/\\\/bas-tv.md\\\/ro\\\/foto-festivalul-miorita-laie-laie-bucalaie-revine-la-cimislia-cu-traditii-si-voie-buna\\\/#primaryimage\"},\"thumbnailUrl\":\"https:\\\/\\\/bas-tv.md\\\/wp-content\\\/uploads\\\/2025\\\/10\\\/547401264_122108067086997691_1580220606114149198_n.jpg\",\"datePublished\":\"2025-10-22T14:30:25+00:00\",\"description\":\"Pe 25 \u0219i 26 octombrie 2025, ora\u0219ul Cimi\u0219lia va g\u0103zdui cea de-a IX-a edi\u021bie a Festivalului \u201eMiori\u021b\u0103 Laie, Laie Buc\u0103laie\u201d, un eveniment devenit tradi\u021bie, dedicat promov\u0103rii valorilor pastorale, me\u0219te\u0219ugurilor populare \u0219i gastronomiei autentice. Festivalul promite dou\u0103 zile pline de culoare, voie bun\u0103 \u0219i experien\u021be autentice pentru to\u021bi vizitatorii.\",\"inLanguage\":\"ro-RO\",\"potentialAction\":[{\"@type\":\"ReadAction\",\"target\":[\"https:\\\/\\\/bas-tv.md\\\/ro\\\/foto-festivalul-miorita-laie-laie-bucalaie-revine-la-cimislia-cu-traditii-si-voie-buna\\\/\"]}]},{\"@type\":\"ImageObject\",\"inLanguage\":\"ro-RO\",\"@id\":\"https:\\\/\\\/bas-tv.md\\\/ro\\\/foto-festivalul-miorita-laie-laie-bucalaie-revine-la-cimislia-cu-traditii-si-voie-buna\\\/#primaryimage\",\"url\":\"https:\\\/\\\/bas-tv.md\\\/wp-content\\\/uploads\\\/2025\\\/10\\\/547401264_122108067086997691_1580220606114149198_n.jpg\",\"contentUrl\":\"https:\\\/\\\/bas-tv.md\\\/wp-content\\\/uploads\\\/2025\\\/10\\\/547401264_122108067086997691_1580220606114149198_n.jpg\",\"width\":2048,\"height\":1365},{\"@type\":\"WebSite\",\"@id\":\"https:\\\/\\\/bas-tv.md\\\/ro\\\/#website\",\"url\":\"https:\\\/\\\/bas-tv.md\\\/ro\\\/\",\"name\":\"BasTV\",\"description\":\"Moldova\",\"publisher\":{\"@id\":\"https:\\\/\\\/bas-tv.md\\\/ro\\\/#organization\"},\"potentialAction\":[{\"@type\":\"SearchAction\",\"target\":{\"@type\":\"EntryPoint\",\"urlTemplate\":\"https:\\\/\\\/bas-tv.md\\\/ro\\\/?s={search_term_string}\"},\"query-input\":{\"@type\":\"PropertyValueSpecification\",\"valueRequired\":true,\"valueName\":\"search_term_string\"}}],\"inLanguage\":\"ro-RO\"},{\"@type\":\"Organization\",\"@id\":\"https:\\\/\\\/bas-tv.md\\\/ro\\\/#organization\",\"name\":\"BasTV\",\"url\":\"https:\\\/\\\/bas-tv.md\\\/ro\\\/\",\"logo\":{\"@type\":\"ImageObject\",\"inLanguage\":\"ro-RO\",\"@id\":\"https:\\\/\\\/bas-tv.md\\\/ro\\\/#\\\/schema\\\/logo\\\/image\\\/\",\"url\":\"https:\\\/\\\/bas-tv.md\\\/wp-content\\\/uploads\\\/2023\\\/05\\\/bas-tv-culoarea-rosie.png\",\"contentUrl\":\"https:\\\/\\\/bas-tv.md\\\/wp-content\\\/uploads\\\/2023\\\/05\\\/bas-tv-culoarea-rosie.png\",\"width\":202,\"height\":50,\"caption\":\"BasTV\"},\"image\":{\"@id\":\"https:\\\/\\\/bas-tv.md\\\/ro\\\/#\\\/schema\\\/logo\\\/image\\\/\"}},{\"@type\":\"Person\",\"@id\":\"https:\\\/\\\/bas-tv.md\\\/ro\\\/#\\\/schema\\\/person\\\/8740f45ea2eca1f1695284fc03529af0\",\"name\":\"Redactor\",\"image\":{\"@type\":\"ImageObject\",\"inLanguage\":\"ro-RO\",\"@id\":\"https:\\\/\\\/bas-tv.md\\\/wp-content\\\/litespeed\\\/avatar\\\/91c0586f3f6f4396a4ec1287c965eeeb.jpg?ver=1776950945\",\"url\":\"https:\\\/\\\/bas-tv.md\\\/wp-content\\\/litespeed\\\/avatar\\\/91c0586f3f6f4396a4ec1287c965eeeb.jpg?ver=1776950945\",\"contentUrl\":\"https:\\\/\\\/bas-tv.md\\\/wp-content\\\/litespeed\\\/avatar\\\/91c0586f3f6f4396a4ec1287c965eeeb.jpg?ver=1776950945\",\"caption\":\"Redactor\"},\"url\":\"https:\\\/\\\/bas-tv.md\\\/ro\\\/author\\\/redactor\\\/\"}]}<\/script>\n<!-- \/ Yoast SEO plugin. -->","yoast_head_json":{"title":"(FOTO) Festivalul \u201eMiori\u021b\u0103 Laie, Laie Buc\u0103laie\u201d revine la Cimi\u0219lia cu tradi\u021bii \u0219i voie bun\u0103 - BasTV","description":"Pe 25 \u0219i 26 octombrie 2025, ora\u0219ul Cimi\u0219lia va g\u0103zdui cea de-a IX-a edi\u021bie a Festivalului \u201eMiori\u021b\u0103 Laie, Laie Buc\u0103laie\u201d, un eveniment devenit tradi\u021bie, dedicat promov\u0103rii valorilor pastorale, me\u0219te\u0219ugurilor populare \u0219i gastronomiei autentice. Festivalul promite dou\u0103 zile pline de culoare, voie bun\u0103 \u0219i experien\u021be autentice pentru to\u021bi vizitatorii.","robots":{"index":"index","follow":"follow","max-snippet":"max-snippet:-1","max-image-preview":"max-image-preview:large","max-video-preview":"max-video-preview:-1"},"canonical":"https:\/\/bas-tv.md\/ro\/foto-festivalul-miorita-laie-laie-bucalaie-revine-la-cimislia-cu-traditii-si-voie-buna\/","og_locale":"ro_RO","og_type":"article","og_title":"(FOTO) Festivalul \u201eMiori\u021b\u0103 Laie, Laie Buc\u0103laie\u201d revine la Cimi\u0219lia cu tradi\u021bii \u0219i voie bun\u0103 - BasTV","og_description":"Pe 25 \u0219i 26 octombrie 2025, ora\u0219ul Cimi\u0219lia va g\u0103zdui cea de-a IX-a edi\u021bie a Festivalului \u201eMiori\u021b\u0103 Laie, Laie Buc\u0103laie\u201d, un eveniment devenit tradi\u021bie, dedicat promov\u0103rii valorilor pastorale, me\u0219te\u0219ugurilor populare \u0219i gastronomiei autentice. Festivalul promite dou\u0103 zile pline de culoare, voie bun\u0103 \u0219i experien\u021be autentice pentru to\u021bi vizitatorii.","og_url":"https:\/\/bas-tv.md\/ro\/foto-festivalul-miorita-laie-laie-bucalaie-revine-la-cimislia-cu-traditii-si-voie-buna\/","og_site_name":"BasTV","article_published_time":"2025-10-22T14:30:25+00:00","og_image":[{"width":2048,"height":1365,"url":"https:\/\/bas-tv.md\/wp-content\/uploads\/2025\/10\/547401264_122108067086997691_1580220606114149198_n.jpg","type":"image\/jpeg"}],"author":"Redactor","twitter_card":"summary_large_image","twitter_misc":{"Scris de":"Redactor","Timp estimat pentru citire":"2 minute"},"schema":{"@context":"https:\/\/schema.org","@graph":[{"@type":"Article","@id":"https:\/\/bas-tv.md\/ro\/foto-festivalul-miorita-laie-laie-bucalaie-revine-la-cimislia-cu-traditii-si-voie-buna\/#article","isPartOf":{"@id":"https:\/\/bas-tv.md\/ro\/foto-festivalul-miorita-laie-laie-bucalaie-revine-la-cimislia-cu-traditii-si-voie-buna\/"},"author":{"name":"Redactor","@id":"https:\/\/bas-tv.md\/ro\/#\/schema\/person\/8740f45ea2eca1f1695284fc03529af0"},"headline":"(FOTO) Festivalul \u201eMiori\u021b\u0103 Laie, Laie Buc\u0103laie\u201d revine la Cimi\u0219lia cu tradi\u021bii \u0219i voie bun\u0103","datePublished":"2025-10-22T14:30:25+00:00","mainEntityOfPage":{"@id":"https:\/\/bas-tv.md\/ro\/foto-festivalul-miorita-laie-laie-bucalaie-revine-la-cimislia-cu-traditii-si-voie-buna\/"},"wordCount":375,"publisher":{"@id":"https:\/\/bas-tv.md\/ro\/#organization"},"image":{"@id":"https:\/\/bas-tv.md\/ro\/foto-festivalul-miorita-laie-laie-bucalaie-revine-la-cimislia-cu-traditii-si-voie-buna\/#primaryimage"},"thumbnailUrl":"https:\/\/bas-tv.md\/wp-content\/uploads\/2025\/10\/547401264_122108067086997691_1580220606114149198_n.jpg","keywords":["Cimi\u0219lia","Festivalul \u201eMiori\u021b\u0103 Laie","Laie Buc\u0103laie"],"articleSection":["Actualitate","Anun\u021buri","\u00cen Moldova"],"inLanguage":"ro-RO"},{"@type":"WebPage","@id":"https:\/\/bas-tv.md\/ro\/foto-festivalul-miorita-laie-laie-bucalaie-revine-la-cimislia-cu-traditii-si-voie-buna\/","url":"https:\/\/bas-tv.md\/ro\/foto-festivalul-miorita-laie-laie-bucalaie-revine-la-cimislia-cu-traditii-si-voie-buna\/","name":"(FOTO) Festivalul \u201eMiori\u021b\u0103 Laie, Laie Buc\u0103laie\u201d revine la Cimi\u0219lia cu tradi\u021bii \u0219i voie bun\u0103 - BasTV","isPartOf":{"@id":"https:\/\/bas-tv.md\/ro\/#website"},"primaryImageOfPage":{"@id":"https:\/\/bas-tv.md\/ro\/foto-festivalul-miorita-laie-laie-bucalaie-revine-la-cimislia-cu-traditii-si-voie-buna\/#primaryimage"},"image":{"@id":"https:\/\/bas-tv.md\/ro\/foto-festivalul-miorita-laie-laie-bucalaie-revine-la-cimislia-cu-traditii-si-voie-buna\/#primaryimage"},"thumbnailUrl":"https:\/\/bas-tv.md\/wp-content\/uploads\/2025\/10\/547401264_122108067086997691_1580220606114149198_n.jpg","datePublished":"2025-10-22T14:30:25+00:00","description":"Pe 25 \u0219i 26 octombrie 2025, ora\u0219ul Cimi\u0219lia va g\u0103zdui cea de-a IX-a edi\u021bie a Festivalului \u201eMiori\u021b\u0103 Laie, Laie Buc\u0103laie\u201d, un eveniment devenit tradi\u021bie, dedicat promov\u0103rii valorilor pastorale, me\u0219te\u0219ugurilor populare \u0219i gastronomiei autentice. Festivalul promite dou\u0103 zile pline de culoare, voie bun\u0103 \u0219i experien\u021be autentice pentru to\u021bi vizitatorii.","inLanguage":"ro-RO","potentialAction":[{"@type":"ReadAction","target":["https:\/\/bas-tv.md\/ro\/foto-festivalul-miorita-laie-laie-bucalaie-revine-la-cimislia-cu-traditii-si-voie-buna\/"]}]},{"@type":"ImageObject","inLanguage":"ro-RO","@id":"https:\/\/bas-tv.md\/ro\/foto-festivalul-miorita-laie-laie-bucalaie-revine-la-cimislia-cu-traditii-si-voie-buna\/#primaryimage","url":"https:\/\/bas-tv.md\/wp-content\/uploads\/2025\/10\/547401264_122108067086997691_1580220606114149198_n.jpg","contentUrl":"https:\/\/bas-tv.md\/wp-content\/uploads\/2025\/10\/547401264_122108067086997691_1580220606114149198_n.jpg","width":2048,"height":1365},{"@type":"WebSite","@id":"https:\/\/bas-tv.md\/ro\/#website","url":"https:\/\/bas-tv.md\/ro\/","name":"BasTV","description":"Moldova","publisher":{"@id":"https:\/\/bas-tv.md\/ro\/#organization"},"potentialAction":[{"@type":"SearchAction","target":{"@type":"EntryPoint","urlTemplate":"https:\/\/bas-tv.md\/ro\/?s={search_term_string}"},"query-input":{"@type":"PropertyValueSpecification","valueRequired":true,"valueName":"search_term_string"}}],"inLanguage":"ro-RO"},{"@type":"Organization","@id":"https:\/\/bas-tv.md\/ro\/#organization","name":"BasTV","url":"https:\/\/bas-tv.md\/ro\/","logo":{"@type":"ImageObject","inLanguage":"ro-RO","@id":"https:\/\/bas-tv.md\/ro\/#\/schema\/logo\/image\/","url":"https:\/\/bas-tv.md\/wp-content\/uploads\/2023\/05\/bas-tv-culoarea-rosie.png","contentUrl":"https:\/\/bas-tv.md\/wp-content\/uploads\/2023\/05\/bas-tv-culoarea-rosie.png","width":202,"height":50,"caption":"BasTV"},"image":{"@id":"https:\/\/bas-tv.md\/ro\/#\/schema\/logo\/image\/"}},{"@type":"Person","@id":"https:\/\/bas-tv.md\/ro\/#\/schema\/person\/8740f45ea2eca1f1695284fc03529af0","name":"Redactor","image":{"@type":"ImageObject","inLanguage":"ro-RO","@id":"https:\/\/bas-tv.md\/wp-content\/litespeed\/avatar\/91c0586f3f6f4396a4ec1287c965eeeb.jpg?ver=1776950945","url":"https:\/\/bas-tv.md\/wp-content\/litespeed\/avatar\/91c0586f3f6f4396a4ec1287c965eeeb.jpg?ver=1776950945","contentUrl":"https:\/\/bas-tv.md\/wp-content\/litespeed\/avatar\/91c0586f3f6f4396a4ec1287c965eeeb.jpg?ver=1776950945","caption":"Redactor"},"url":"https:\/\/bas-tv.md\/ro\/author\/redactor\/"}]}},"views":406,"_links":{"self":[{"href":"https:\/\/bas-tv.md\/ro\/wp-json\/wp\/v2\/posts\/164066","targetHints":{"allow":["GET"]}}],"collection":[{"href":"https:\/\/bas-tv.md\/ro\/wp-json\/wp\/v2\/posts"}],"about":[{"href":"https:\/\/bas-tv.md\/ro\/wp-json\/wp\/v2\/types\/post"}],"author":[{"embeddable":true,"href":"https:\/\/bas-tv.md\/ro\/wp-json\/wp\/v2\/users\/3"}],"replies":[{"embeddable":true,"href":"https:\/\/bas-tv.md\/ro\/wp-json\/wp\/v2\/comments?post=164066"}],"version-history":[{"count":1,"href":"https:\/\/bas-tv.md\/ro\/wp-json\/wp\/v2\/posts\/164066\/revisions"}],"predecessor-version":[{"id":164201,"href":"https:\/\/bas-tv.md\/ro\/wp-json\/wp\/v2\/posts\/164066\/revisions\/164201"}],"wp:featuredmedia":[{"embeddable":true,"href":"https:\/\/bas-tv.md\/ro\/wp-json\/wp\/v2\/media\/164154"}],"wp:attachment":[{"href":"https:\/\/bas-tv.md\/ro\/wp-json\/wp\/v2\/media?parent=164066"}],"wp:term":[{"taxonomy":"category","embeddable":true,"href":"https:\/\/bas-tv.md\/ro\/wp-json\/wp\/v2\/categories?post=164066"},{"taxonomy":"post_tag","embeddable":true,"href":"https:\/\/bas-tv.md\/ro\/wp-json\/wp\/v2\/tags?post=164066"}],"curies":[{"name":"wp","href":"https:\/\/api.w.org\/{rel}","templated":true}]}}