{"id":164542,"date":"2025-10-25T18:30:37","date_gmt":"2025-10-25T15:30:37","guid":{"rendered":"https:\/\/bas-tv.md\/?p=164542"},"modified":"2025-10-26T14:46:44","modified_gmt":"2025-10-26T12:46:44","slug":"foto-ce-faci-de-halloween-centrul-de-tineret-cimislia-te-invita-la-o-petrecere-tematica","status":"publish","type":"post","link":"https:\/\/bas-tv.md\/ro\/foto-ce-faci-de-halloween-centrul-de-tineret-cimislia-te-invita-la-o-petrecere-tematica\/","title":{"rendered":"(FOTO) Ce faci de Halloween? Centrul de Tineret Cimi\u0219lia te invit\u0103 la o petrecere tematic\u0103\u00a0"},"content":{"rendered":"<p data-start=\"0\" data-end=\"445\"><strong>Vineri, 31 octombrie, \u00eencep\u00e2nd cu ora 17:00, Centrul Raional de Tineret Cimi\u0219lia \u00eei a\u0219teapt\u0103 pe tineri la o petrecere tematic\u0103 de Halloween. Evenimentul promite o atmosfer\u0103 spectaculoas\u0103, \u00een care tradi\u021biile \u0219i simbolurile s\u0103rb\u0103torii se vor \u00eempleti cu energia prezentului, iar decorurile tematice vor transforma spa\u021biul \u00eentr-un loc plin de farmec, mister \u0219i aventur\u0103.<\/strong><\/p>\n<p data-start=\"0\" data-end=\"445\">Evenimentul promite o serie de provoc\u0103ri interactive \u0219i amuzante, concursuri cu premii \u0219i activit\u0103\u021bi tematice, menite s\u0103 aduc\u0103 tinerii \u00eempreun\u0103 \u00eentr-un cadru creativ. Cei prezen\u021bi vor putea participa la un concurs de \u021binute \u00eenfrico\u0219\u0103toare, un \u201eslime lab\u201d \u0219i un atelier de sculptat dovleci. Participan\u021bii sunt \u00eencuraja\u021bi s\u0103 vin\u0103 costuma\u021bi, inspir\u00e2ndu-se din \u021binutele personajelor preferate, pentru a p\u0103stra spiritul autentic al s\u0103rb\u0103torii.<\/p>\n<p data-start=\"584\" data-end=\"935\">Pentru a participa, doritorii trebuie s\u0103 completeze <a href=\"https:\/\/docs.google.com\/forms\/d\/e\/1FAIpQLSdcywg-4S1fopg5cXDJAjRnrmM65xg-5j0QXnI5HVngbg9D2g\/viewform\">formularul online de \u00eenscriere<\/a> p\u00e2n\u0103 miercuri, <strong>29 octombrie 2025<\/strong>. De asemenea, tinerii sunt invita\u021bi s\u0103 scrie despre activit\u0103\u021bile \u0219i tradi\u021biile preferate de Halloween, astfel \u00eenc\u00e2t organizatorii s\u0103 poat\u0103 adapta programul pentru o experien\u021b\u0103 c\u00e2t mai pl\u0103cut\u0103 pentru fiecare.<\/p>\n<p data-start=\"447\" data-end=\"582\">Evenimentul va avea loc la sediul Centrului Raional de Tineret, \u00een ora\u0219ul Cimi\u0219lia, pe Stradela Sf\u00e2nta Maria nr. 2.<\/p>\n<p data-start=\"447\" data-end=\"582\"><iframe style=\"border: 0;\" src=\"https:\/\/www.google.com\/maps\/embed?pb=!1m18!1m12!1m3!1d1949.4156296944036!2d28.774073793188993!3d46.52255358192075!2m3!1f0!2f0!3f0!3m2!1i1024!2i768!4f13.1!3m3!1m2!1s0x40c9c1f75ec0db89%3A0x2c39e6afcfd84f3a!2sstr-la%20Sf%C3%AEnta%20Maria%2C%20Cimi%C5%9Flia%2C%20Moldova!5e0!3m2!1sro!2s!4v1761404491493!5m2!1sro!2s\" width=\"600\" height=\"450\" allowfullscreen=\"allowfullscreen\"><\/iframe><\/p>\n<p data-start=\"1192\" data-end=\"1542\">De\u0219i ast\u0103zi Halloween-ul este cunoscut \u00een \u00eentreaga lume ca o s\u0103rb\u0103toare a costumelor, a jocurilor \u0219i a distrac\u021biei, originile sale se reg\u0103sesc \u00een festivalul celtic Samhain, celebrat \u00een noaptea de 31 octombrie spre 1 noiembrie. Acesta marca sf\u00e2r\u0219itul verii \u0219i \u00eenceputul unui nou an agricol, moment considerat de cel\u021bi ca fiind o poart\u0103 \u00eentre lumea celor vii \u0219i cea a spiritelor. Potrivit tradi\u021biei, preo\u021bii cel\u021bi aprindeau focuri sacre, aduceau ofrande \u0219i purtau m\u0103\u0219ti pentru a nu fi recunoscu\u021bi de spirite,\u00a0 obicei care a devenit, peste secole, unul dintre simbolurile definitorii ale s\u0103rb\u0103torii.<\/p>\n<p data-start=\"1544\" data-end=\"1807\">Ast\u0103zi, Halloween-ul este celebrat \u00een \u00eentreaga lume prin petreceri tematice \u0219i numeroase activit\u0103\u021bi de grup care \u00eembin\u0103 tradi\u021bia cu distrac\u021bia. Evenimentul de la Cimi\u0219lia ofer\u0103 tinerilor prilejul de a descoperi aceast\u0103 s\u0103rb\u0103toare \u00eentr-o atmosfer\u0103 comunitar\u0103, \u00eentr-un spa\u021biu dedicat creativit\u0103\u021bii \u0219i bunei dispozi\u021bii.<\/p>\n<figure id=\"attachment_164591\" aria-describedby=\"caption-attachment-164591\" style=\"width: 580px\" class=\"wp-caption aligncenter\"><img fetchpriority=\"high\" decoding=\"async\" class=\"size-large wp-image-164591\" src=\"https:\/\/bas-tv.md\/wp-content\/uploads\/2025\/10\/571170720_1128764562760613_7082914220636223891_n-768x1024.jpg\" alt=\"\" width=\"580\" height=\"773\" srcset=\"https:\/\/bas-tv.md\/wp-content\/uploads\/2025\/10\/571170720_1128764562760613_7082914220636223891_n-768x1024.jpg 768w, https:\/\/bas-tv.md\/wp-content\/uploads\/2025\/10\/571170720_1128764562760613_7082914220636223891_n-225x300.jpg 225w, https:\/\/bas-tv.md\/wp-content\/uploads\/2025\/10\/571170720_1128764562760613_7082914220636223891_n-1152x1536.jpg 1152w, https:\/\/bas-tv.md\/wp-content\/uploads\/2025\/10\/571170720_1128764562760613_7082914220636223891_n-1200x1600.jpg 1200w, https:\/\/bas-tv.md\/wp-content\/uploads\/2025\/10\/571170720_1128764562760613_7082914220636223891_n.jpg 1440w\" sizes=\"(max-width: 580px) 100vw, 580px\" \/><figcaption id=\"caption-attachment-164591\" class=\"wp-caption-text\">Sursa foto: Centrul Raional de Tineret Cimi\u0219lia<\/figcaption><\/figure>\n<p>Autor: Virineia Carapirea<\/p>\n<p><strong>Sus\u021bine\u021bi redac\u021bia BAStv, abona\u021bi-v\u0103 la noi pe platforma\u00a0<a href=\"https:\/\/www.patreon.com\/BAStv?fan_landing=true&amp;fbclid=IwAR3MeSDKfH4ixBydCXX9D1lhrCszhps3ID5uxuGA-Ktd4MTkZCRdlcEZkQI\">Patreon\u00a0<\/a>sau prin efectuarea contribu\u021biilor prin\u00a0<a href=\"https:\/\/www.paypal.com\/paypalme\/supportbastv\">PayPal<\/a>! Aceasta ne va ajuta s\u0103 cre\u0103m con\u021binut interesant \u0219i util pentru dvs., r\u0103m\u00e2n\u00e2nd \u00een continuare o platform\u0103 media independent\u0103.<\/strong><\/p>\n<p><b>Abona\u021bi-v\u0103 la noi pe re\u021bele sociale:\u00a0<\/b><a href=\"https:\/\/t.me\/bastvmd\"><b><i>Telegram<\/i><\/b><\/a><b>,\u00a0<\/b><a href=\"https:\/\/www.youtube.com\/channel\/UC-9005PnLnhpNM8PVSjP2dQ\/featured\"><b><i>YouTube<\/i><\/b><\/a><b>,\u00a0<\/b><a href=\"https:\/\/www.facebook.com\/bastv.md\"><b><i>Facebook<\/i><\/b><\/a>\u00a0<strong>\u0219i\u00a0<\/strong><a href=\"https:\/\/www.instagram.com\/bastv.md\/\"><b><i>Instagram<\/i><\/b><\/a><b>. Aici public\u0103m \u0219tiri pe scurt.<\/b><\/p>\n","protected":false},"excerpt":{"rendered":"<p>Vineri, 31 octombrie, \u00eencep\u00e2nd cu ora 17:00, Centrul Raional de Tineret Cimi\u0219lia \u00eei a\u0219teapt\u0103 pe tineri la o petrecere tematic\u0103 de Halloween. Evenimentul promite o atmosfer\u0103 spectaculoas\u0103, \u00een care tradi\u021biile \u0219i simbolurile s\u0103rb\u0103torii se vor \u00eempleti cu energia prezentului, iar decorurile tematice vor transforma spa\u021biul \u00eentr-un loc plin de farmec, mister \u0219i aventur\u0103. Evenimentul promite [&hellip;]<\/p>\n","protected":false},"author":3,"featured_media":164593,"comment_status":"closed","ping_status":"closed","sticky":false,"template":"","format":"standard","meta":{"footnotes":""},"categories":[602,219,570],"tags":[],"class_list":["post-164542","post","type-post","status-publish","format-standard","has-post-thumbnail","hentry","category-actualitate","category-anunturi","category-in-moldova"],"yoast_head":"<!-- This site is optimized with the Yoast SEO plugin v27.5 - https:\/\/yoast.com\/product\/yoast-seo-wordpress\/ -->\n<title>(FOTO) Ce faci de Halloween? Centrul de Tineret Cimi\u0219lia te invit\u0103 la o petrecere tematic\u0103\u00a0 - BasTV<\/title>\n<meta name=\"description\" content=\"Vineri, 31 octombrie, \u00eencep\u00e2nd cu ora 17:00, Centrul Raional de Tineret Cimi\u0219lia \u00eei a\u0219teapt\u0103 pe tineri la o petrecere tematic\u0103 de Halloween. Evenimentul promite o atmosfer\u0103 spectaculoas\u0103, \u00een care tradi\u021biile \u0219i simbolurile s\u0103rb\u0103torii se vor \u00eempleti cu energia prezentului, iar decorurile tematice vor transforma spa\u021biul \u00eentr-un loc plin de farmec, mister \u0219i aventur\u0103.\" \/>\n<meta name=\"robots\" content=\"index, follow, max-snippet:-1, max-image-preview:large, max-video-preview:-1\" \/>\n<link rel=\"canonical\" href=\"https:\/\/bas-tv.md\/ro\/foto-ce-faci-de-halloween-centrul-de-tineret-cimislia-te-invita-la-o-petrecere-tematica\/\" \/>\n<meta property=\"og:locale\" content=\"ro_RO\" \/>\n<meta property=\"og:type\" content=\"article\" \/>\n<meta property=\"og:title\" content=\"(FOTO) Ce faci de Halloween? Centrul de Tineret Cimi\u0219lia te invit\u0103 la o petrecere tematic\u0103\u00a0 - BasTV\" \/>\n<meta property=\"og:description\" content=\"Vineri, 31 octombrie, \u00eencep\u00e2nd cu ora 17:00, Centrul Raional de Tineret Cimi\u0219lia \u00eei a\u0219teapt\u0103 pe tineri la o petrecere tematic\u0103 de Halloween. Evenimentul promite o atmosfer\u0103 spectaculoas\u0103, \u00een care tradi\u021biile \u0219i simbolurile s\u0103rb\u0103torii se vor \u00eempleti cu energia prezentului, iar decorurile tematice vor transforma spa\u021biul \u00eentr-un loc plin de farmec, mister \u0219i aventur\u0103.\" \/>\n<meta property=\"og:url\" content=\"https:\/\/bas-tv.md\/ro\/foto-ce-faci-de-halloween-centrul-de-tineret-cimislia-te-invita-la-o-petrecere-tematica\/\" \/>\n<meta property=\"og:site_name\" content=\"BasTV\" \/>\n<meta property=\"article:published_time\" content=\"2025-10-25T15:30:37+00:00\" \/>\n<meta property=\"article:modified_time\" content=\"2025-10-26T12:46:44+00:00\" \/>\n<meta property=\"og:image\" content=\"https:\/\/bas-tv.md\/wp-content\/uploads\/2025\/10\/istockphoto-1172884302-612x612-1.jpg\" \/>\n\t<meta property=\"og:image:width\" content=\"612\" \/>\n\t<meta property=\"og:image:height\" content=\"408\" \/>\n\t<meta property=\"og:image:type\" content=\"image\/jpeg\" \/>\n<meta name=\"author\" content=\"Redactor\" \/>\n<meta name=\"twitter:card\" content=\"summary_large_image\" \/>\n<meta name=\"twitter:label1\" content=\"Scris de\" \/>\n\t<meta name=\"twitter:data1\" content=\"Redactor\" \/>\n\t<meta name=\"twitter:label2\" content=\"Timp estimat pentru citire\" \/>\n\t<meta name=\"twitter:data2\" content=\"3 minute\" \/>\n<script type=\"application\/ld+json\" class=\"yoast-schema-graph\">{\"@context\":\"https:\\\/\\\/schema.org\",\"@graph\":[{\"@type\":\"Article\",\"@id\":\"https:\\\/\\\/bas-tv.md\\\/ro\\\/foto-ce-faci-de-halloween-centrul-de-tineret-cimislia-te-invita-la-o-petrecere-tematica\\\/#article\",\"isPartOf\":{\"@id\":\"https:\\\/\\\/bas-tv.md\\\/ro\\\/foto-ce-faci-de-halloween-centrul-de-tineret-cimislia-te-invita-la-o-petrecere-tematica\\\/\"},\"author\":{\"name\":\"Redactor\",\"@id\":\"https:\\\/\\\/bas-tv.md\\\/ro\\\/#\\\/schema\\\/person\\\/8740f45ea2eca1f1695284fc03529af0\"},\"headline\":\"(FOTO) Ce faci de Halloween? Centrul de Tineret Cimi\u0219lia te invit\u0103 la o petrecere tematic\u0103\u00a0\",\"datePublished\":\"2025-10-25T15:30:37+00:00\",\"dateModified\":\"2025-10-26T12:46:44+00:00\",\"mainEntityOfPage\":{\"@id\":\"https:\\\/\\\/bas-tv.md\\\/ro\\\/foto-ce-faci-de-halloween-centrul-de-tineret-cimislia-te-invita-la-o-petrecere-tematica\\\/\"},\"wordCount\":456,\"publisher\":{\"@id\":\"https:\\\/\\\/bas-tv.md\\\/ro\\\/#organization\"},\"image\":{\"@id\":\"https:\\\/\\\/bas-tv.md\\\/ro\\\/foto-ce-faci-de-halloween-centrul-de-tineret-cimislia-te-invita-la-o-petrecere-tematica\\\/#primaryimage\"},\"thumbnailUrl\":\"https:\\\/\\\/bas-tv.md\\\/wp-content\\\/uploads\\\/2025\\\/10\\\/istockphoto-1172884302-612x612-1.jpg\",\"articleSection\":[\"Actualitate\",\"Anun\u021buri\",\"\u00cen Moldova\"],\"inLanguage\":\"ro-RO\"},{\"@type\":\"WebPage\",\"@id\":\"https:\\\/\\\/bas-tv.md\\\/ro\\\/foto-ce-faci-de-halloween-centrul-de-tineret-cimislia-te-invita-la-o-petrecere-tematica\\\/\",\"url\":\"https:\\\/\\\/bas-tv.md\\\/ro\\\/foto-ce-faci-de-halloween-centrul-de-tineret-cimislia-te-invita-la-o-petrecere-tematica\\\/\",\"name\":\"(FOTO) Ce faci de Halloween? Centrul de Tineret Cimi\u0219lia te invit\u0103 la o petrecere tematic\u0103\u00a0 - BasTV\",\"isPartOf\":{\"@id\":\"https:\\\/\\\/bas-tv.md\\\/ro\\\/#website\"},\"primaryImageOfPage\":{\"@id\":\"https:\\\/\\\/bas-tv.md\\\/ro\\\/foto-ce-faci-de-halloween-centrul-de-tineret-cimislia-te-invita-la-o-petrecere-tematica\\\/#primaryimage\"},\"image\":{\"@id\":\"https:\\\/\\\/bas-tv.md\\\/ro\\\/foto-ce-faci-de-halloween-centrul-de-tineret-cimislia-te-invita-la-o-petrecere-tematica\\\/#primaryimage\"},\"thumbnailUrl\":\"https:\\\/\\\/bas-tv.md\\\/wp-content\\\/uploads\\\/2025\\\/10\\\/istockphoto-1172884302-612x612-1.jpg\",\"datePublished\":\"2025-10-25T15:30:37+00:00\",\"dateModified\":\"2025-10-26T12:46:44+00:00\",\"description\":\"Vineri, 31 octombrie, \u00eencep\u00e2nd cu ora 17:00, Centrul Raional de Tineret Cimi\u0219lia \u00eei a\u0219teapt\u0103 pe tineri la o petrecere tematic\u0103 de Halloween. Evenimentul promite o atmosfer\u0103 spectaculoas\u0103, \u00een care tradi\u021biile \u0219i simbolurile s\u0103rb\u0103torii se vor \u00eempleti cu energia prezentului, iar decorurile tematice vor transforma spa\u021biul \u00eentr-un loc plin de farmec, mister \u0219i aventur\u0103.\",\"inLanguage\":\"ro-RO\",\"potentialAction\":[{\"@type\":\"ReadAction\",\"target\":[\"https:\\\/\\\/bas-tv.md\\\/ro\\\/foto-ce-faci-de-halloween-centrul-de-tineret-cimislia-te-invita-la-o-petrecere-tematica\\\/\"]}]},{\"@type\":\"ImageObject\",\"inLanguage\":\"ro-RO\",\"@id\":\"https:\\\/\\\/bas-tv.md\\\/ro\\\/foto-ce-faci-de-halloween-centrul-de-tineret-cimislia-te-invita-la-o-petrecere-tematica\\\/#primaryimage\",\"url\":\"https:\\\/\\\/bas-tv.md\\\/wp-content\\\/uploads\\\/2025\\\/10\\\/istockphoto-1172884302-612x612-1.jpg\",\"contentUrl\":\"https:\\\/\\\/bas-tv.md\\\/wp-content\\\/uploads\\\/2025\\\/10\\\/istockphoto-1172884302-612x612-1.jpg\",\"width\":612,\"height\":408,\"caption\":\"Foto: imagine-simbol\"},{\"@type\":\"WebSite\",\"@id\":\"https:\\\/\\\/bas-tv.md\\\/ro\\\/#website\",\"url\":\"https:\\\/\\\/bas-tv.md\\\/ro\\\/\",\"name\":\"BasTV\",\"description\":\"Moldova\",\"publisher\":{\"@id\":\"https:\\\/\\\/bas-tv.md\\\/ro\\\/#organization\"},\"potentialAction\":[{\"@type\":\"SearchAction\",\"target\":{\"@type\":\"EntryPoint\",\"urlTemplate\":\"https:\\\/\\\/bas-tv.md\\\/ro\\\/?s={search_term_string}\"},\"query-input\":{\"@type\":\"PropertyValueSpecification\",\"valueRequired\":true,\"valueName\":\"search_term_string\"}}],\"inLanguage\":\"ro-RO\"},{\"@type\":\"Organization\",\"@id\":\"https:\\\/\\\/bas-tv.md\\\/ro\\\/#organization\",\"name\":\"BasTV\",\"url\":\"https:\\\/\\\/bas-tv.md\\\/ro\\\/\",\"logo\":{\"@type\":\"ImageObject\",\"inLanguage\":\"ro-RO\",\"@id\":\"https:\\\/\\\/bas-tv.md\\\/ro\\\/#\\\/schema\\\/logo\\\/image\\\/\",\"url\":\"https:\\\/\\\/bas-tv.md\\\/wp-content\\\/uploads\\\/2023\\\/05\\\/bas-tv-culoarea-rosie.png\",\"contentUrl\":\"https:\\\/\\\/bas-tv.md\\\/wp-content\\\/uploads\\\/2023\\\/05\\\/bas-tv-culoarea-rosie.png\",\"width\":202,\"height\":50,\"caption\":\"BasTV\"},\"image\":{\"@id\":\"https:\\\/\\\/bas-tv.md\\\/ro\\\/#\\\/schema\\\/logo\\\/image\\\/\"}},{\"@type\":\"Person\",\"@id\":\"https:\\\/\\\/bas-tv.md\\\/ro\\\/#\\\/schema\\\/person\\\/8740f45ea2eca1f1695284fc03529af0\",\"name\":\"Redactor\",\"image\":{\"@type\":\"ImageObject\",\"inLanguage\":\"ro-RO\",\"@id\":\"https:\\\/\\\/bas-tv.md\\\/wp-content\\\/litespeed\\\/avatar\\\/91c0586f3f6f4396a4ec1287c965eeeb.jpg?ver=1776950945\",\"url\":\"https:\\\/\\\/bas-tv.md\\\/wp-content\\\/litespeed\\\/avatar\\\/91c0586f3f6f4396a4ec1287c965eeeb.jpg?ver=1776950945\",\"contentUrl\":\"https:\\\/\\\/bas-tv.md\\\/wp-content\\\/litespeed\\\/avatar\\\/91c0586f3f6f4396a4ec1287c965eeeb.jpg?ver=1776950945\",\"caption\":\"Redactor\"},\"url\":\"https:\\\/\\\/bas-tv.md\\\/ro\\\/author\\\/redactor\\\/\"}]}<\/script>\n<!-- \/ Yoast SEO plugin. -->","yoast_head_json":{"title":"(FOTO) Ce faci de Halloween? Centrul de Tineret Cimi\u0219lia te invit\u0103 la o petrecere tematic\u0103\u00a0 - BasTV","description":"Vineri, 31 octombrie, \u00eencep\u00e2nd cu ora 17:00, Centrul Raional de Tineret Cimi\u0219lia \u00eei a\u0219teapt\u0103 pe tineri la o petrecere tematic\u0103 de Halloween. Evenimentul promite o atmosfer\u0103 spectaculoas\u0103, \u00een care tradi\u021biile \u0219i simbolurile s\u0103rb\u0103torii se vor \u00eempleti cu energia prezentului, iar decorurile tematice vor transforma spa\u021biul \u00eentr-un loc plin de farmec, mister \u0219i aventur\u0103.","robots":{"index":"index","follow":"follow","max-snippet":"max-snippet:-1","max-image-preview":"max-image-preview:large","max-video-preview":"max-video-preview:-1"},"canonical":"https:\/\/bas-tv.md\/ro\/foto-ce-faci-de-halloween-centrul-de-tineret-cimislia-te-invita-la-o-petrecere-tematica\/","og_locale":"ro_RO","og_type":"article","og_title":"(FOTO) Ce faci de Halloween? Centrul de Tineret Cimi\u0219lia te invit\u0103 la o petrecere tematic\u0103\u00a0 - BasTV","og_description":"Vineri, 31 octombrie, \u00eencep\u00e2nd cu ora 17:00, Centrul Raional de Tineret Cimi\u0219lia \u00eei a\u0219teapt\u0103 pe tineri la o petrecere tematic\u0103 de Halloween. Evenimentul promite o atmosfer\u0103 spectaculoas\u0103, \u00een care tradi\u021biile \u0219i simbolurile s\u0103rb\u0103torii se vor \u00eempleti cu energia prezentului, iar decorurile tematice vor transforma spa\u021biul \u00eentr-un loc plin de farmec, mister \u0219i aventur\u0103.","og_url":"https:\/\/bas-tv.md\/ro\/foto-ce-faci-de-halloween-centrul-de-tineret-cimislia-te-invita-la-o-petrecere-tematica\/","og_site_name":"BasTV","article_published_time":"2025-10-25T15:30:37+00:00","article_modified_time":"2025-10-26T12:46:44+00:00","og_image":[{"width":612,"height":408,"url":"https:\/\/bas-tv.md\/wp-content\/uploads\/2025\/10\/istockphoto-1172884302-612x612-1.jpg","type":"image\/jpeg"}],"author":"Redactor","twitter_card":"summary_large_image","twitter_misc":{"Scris de":"Redactor","Timp estimat pentru citire":"3 minute"},"schema":{"@context":"https:\/\/schema.org","@graph":[{"@type":"Article","@id":"https:\/\/bas-tv.md\/ro\/foto-ce-faci-de-halloween-centrul-de-tineret-cimislia-te-invita-la-o-petrecere-tematica\/#article","isPartOf":{"@id":"https:\/\/bas-tv.md\/ro\/foto-ce-faci-de-halloween-centrul-de-tineret-cimislia-te-invita-la-o-petrecere-tematica\/"},"author":{"name":"Redactor","@id":"https:\/\/bas-tv.md\/ro\/#\/schema\/person\/8740f45ea2eca1f1695284fc03529af0"},"headline":"(FOTO) Ce faci de Halloween? Centrul de Tineret Cimi\u0219lia te invit\u0103 la o petrecere tematic\u0103\u00a0","datePublished":"2025-10-25T15:30:37+00:00","dateModified":"2025-10-26T12:46:44+00:00","mainEntityOfPage":{"@id":"https:\/\/bas-tv.md\/ro\/foto-ce-faci-de-halloween-centrul-de-tineret-cimislia-te-invita-la-o-petrecere-tematica\/"},"wordCount":456,"publisher":{"@id":"https:\/\/bas-tv.md\/ro\/#organization"},"image":{"@id":"https:\/\/bas-tv.md\/ro\/foto-ce-faci-de-halloween-centrul-de-tineret-cimislia-te-invita-la-o-petrecere-tematica\/#primaryimage"},"thumbnailUrl":"https:\/\/bas-tv.md\/wp-content\/uploads\/2025\/10\/istockphoto-1172884302-612x612-1.jpg","articleSection":["Actualitate","Anun\u021buri","\u00cen Moldova"],"inLanguage":"ro-RO"},{"@type":"WebPage","@id":"https:\/\/bas-tv.md\/ro\/foto-ce-faci-de-halloween-centrul-de-tineret-cimislia-te-invita-la-o-petrecere-tematica\/","url":"https:\/\/bas-tv.md\/ro\/foto-ce-faci-de-halloween-centrul-de-tineret-cimislia-te-invita-la-o-petrecere-tematica\/","name":"(FOTO) Ce faci de Halloween? Centrul de Tineret Cimi\u0219lia te invit\u0103 la o petrecere tematic\u0103\u00a0 - BasTV","isPartOf":{"@id":"https:\/\/bas-tv.md\/ro\/#website"},"primaryImageOfPage":{"@id":"https:\/\/bas-tv.md\/ro\/foto-ce-faci-de-halloween-centrul-de-tineret-cimislia-te-invita-la-o-petrecere-tematica\/#primaryimage"},"image":{"@id":"https:\/\/bas-tv.md\/ro\/foto-ce-faci-de-halloween-centrul-de-tineret-cimislia-te-invita-la-o-petrecere-tematica\/#primaryimage"},"thumbnailUrl":"https:\/\/bas-tv.md\/wp-content\/uploads\/2025\/10\/istockphoto-1172884302-612x612-1.jpg","datePublished":"2025-10-25T15:30:37+00:00","dateModified":"2025-10-26T12:46:44+00:00","description":"Vineri, 31 octombrie, \u00eencep\u00e2nd cu ora 17:00, Centrul Raional de Tineret Cimi\u0219lia \u00eei a\u0219teapt\u0103 pe tineri la o petrecere tematic\u0103 de Halloween. Evenimentul promite o atmosfer\u0103 spectaculoas\u0103, \u00een care tradi\u021biile \u0219i simbolurile s\u0103rb\u0103torii se vor \u00eempleti cu energia prezentului, iar decorurile tematice vor transforma spa\u021biul \u00eentr-un loc plin de farmec, mister \u0219i aventur\u0103.","inLanguage":"ro-RO","potentialAction":[{"@type":"ReadAction","target":["https:\/\/bas-tv.md\/ro\/foto-ce-faci-de-halloween-centrul-de-tineret-cimislia-te-invita-la-o-petrecere-tematica\/"]}]},{"@type":"ImageObject","inLanguage":"ro-RO","@id":"https:\/\/bas-tv.md\/ro\/foto-ce-faci-de-halloween-centrul-de-tineret-cimislia-te-invita-la-o-petrecere-tematica\/#primaryimage","url":"https:\/\/bas-tv.md\/wp-content\/uploads\/2025\/10\/istockphoto-1172884302-612x612-1.jpg","contentUrl":"https:\/\/bas-tv.md\/wp-content\/uploads\/2025\/10\/istockphoto-1172884302-612x612-1.jpg","width":612,"height":408,"caption":"Foto: imagine-simbol"},{"@type":"WebSite","@id":"https:\/\/bas-tv.md\/ro\/#website","url":"https:\/\/bas-tv.md\/ro\/","name":"BasTV","description":"Moldova","publisher":{"@id":"https:\/\/bas-tv.md\/ro\/#organization"},"potentialAction":[{"@type":"SearchAction","target":{"@type":"EntryPoint","urlTemplate":"https:\/\/bas-tv.md\/ro\/?s={search_term_string}"},"query-input":{"@type":"PropertyValueSpecification","valueRequired":true,"valueName":"search_term_string"}}],"inLanguage":"ro-RO"},{"@type":"Organization","@id":"https:\/\/bas-tv.md\/ro\/#organization","name":"BasTV","url":"https:\/\/bas-tv.md\/ro\/","logo":{"@type":"ImageObject","inLanguage":"ro-RO","@id":"https:\/\/bas-tv.md\/ro\/#\/schema\/logo\/image\/","url":"https:\/\/bas-tv.md\/wp-content\/uploads\/2023\/05\/bas-tv-culoarea-rosie.png","contentUrl":"https:\/\/bas-tv.md\/wp-content\/uploads\/2023\/05\/bas-tv-culoarea-rosie.png","width":202,"height":50,"caption":"BasTV"},"image":{"@id":"https:\/\/bas-tv.md\/ro\/#\/schema\/logo\/image\/"}},{"@type":"Person","@id":"https:\/\/bas-tv.md\/ro\/#\/schema\/person\/8740f45ea2eca1f1695284fc03529af0","name":"Redactor","image":{"@type":"ImageObject","inLanguage":"ro-RO","@id":"https:\/\/bas-tv.md\/wp-content\/litespeed\/avatar\/91c0586f3f6f4396a4ec1287c965eeeb.jpg?ver=1776950945","url":"https:\/\/bas-tv.md\/wp-content\/litespeed\/avatar\/91c0586f3f6f4396a4ec1287c965eeeb.jpg?ver=1776950945","contentUrl":"https:\/\/bas-tv.md\/wp-content\/litespeed\/avatar\/91c0586f3f6f4396a4ec1287c965eeeb.jpg?ver=1776950945","caption":"Redactor"},"url":"https:\/\/bas-tv.md\/ro\/author\/redactor\/"}]}},"views":254,"_links":{"self":[{"href":"https:\/\/bas-tv.md\/ro\/wp-json\/wp\/v2\/posts\/164542","targetHints":{"allow":["GET"]}}],"collection":[{"href":"https:\/\/bas-tv.md\/ro\/wp-json\/wp\/v2\/posts"}],"about":[{"href":"https:\/\/bas-tv.md\/ro\/wp-json\/wp\/v2\/types\/post"}],"author":[{"embeddable":true,"href":"https:\/\/bas-tv.md\/ro\/wp-json\/wp\/v2\/users\/3"}],"replies":[{"embeddable":true,"href":"https:\/\/bas-tv.md\/ro\/wp-json\/wp\/v2\/comments?post=164542"}],"version-history":[{"count":2,"href":"https:\/\/bas-tv.md\/ro\/wp-json\/wp\/v2\/posts\/164542\/revisions"}],"predecessor-version":[{"id":164602,"href":"https:\/\/bas-tv.md\/ro\/wp-json\/wp\/v2\/posts\/164542\/revisions\/164602"}],"wp:featuredmedia":[{"embeddable":true,"href":"https:\/\/bas-tv.md\/ro\/wp-json\/wp\/v2\/media\/164593"}],"wp:attachment":[{"href":"https:\/\/bas-tv.md\/ro\/wp-json\/wp\/v2\/media?parent=164542"}],"wp:term":[{"taxonomy":"category","embeddable":true,"href":"https:\/\/bas-tv.md\/ro\/wp-json\/wp\/v2\/categories?post=164542"},{"taxonomy":"post_tag","embeddable":true,"href":"https:\/\/bas-tv.md\/ro\/wp-json\/wp\/v2\/tags?post=164542"}],"curies":[{"name":"wp","href":"https:\/\/api.w.org\/{rel}","templated":true}]}}