{"id":164686,"date":"2025-10-27T16:00:08","date_gmt":"2025-10-27T14:00:08","guid":{"rendered":"https:\/\/bas-tv.md\/?p=164686"},"modified":"2025-10-27T13:39:52","modified_gmt":"2025-10-27T11:39:52","slug":"atentionare-pentru-locuitorii-raionului-basarabeasca-masuri-de-prevenire-a-incendiilor-si-intoxicatiilor-in-sezonul-rece","status":"publish","type":"post","link":"https:\/\/bas-tv.md\/ro\/atentionare-pentru-locuitorii-raionului-basarabeasca-masuri-de-prevenire-a-incendiilor-si-intoxicatiilor-in-sezonul-rece\/","title":{"rendered":"Aten\u021bionare pentru locuitorii raionului Basarabeasca: m\u0103suri de prevenire a incendiilor \u0219i intoxica\u021biilor \u00een sezonul rece"},"content":{"rendered":"<p><strong>Odat\u0103 cu sosirea sezonului rece, cre\u0219te riscul de intoxica\u021bii cu produsele arderii \u0219i de producere a incendiilor cauzate de utilizarea necorespunz\u0103toare a mijloacelor de \u00eenc\u0103lzire. \u00cen acest context, sec\u0163ia Situa\u0163ii Excep\u0163ionale Basarabeasca \u00eendeamn\u0103 popula\u021bia s\u0103 respecte m\u0103surile de siguran\u021b\u0103 \u0219i prevenire a situa\u021biilor de urgen\u021b\u0103.<\/strong><\/p>\n<p>Speciali\u0219tii recomand\u0103:<\/p>\n<ul>\n<li>Verificarea \u0219i testarea sobelor, a echipamentelor de \u00eenc\u0103lzire \u0219i a instala\u021biilor care func\u021bioneaz\u0103 pe baz\u0103 de combustibil gazos, de c\u0103tre persoane autorizate;<\/li>\n<li>Cur\u0103\u021barea \u0219i repararea co\u0219urilor de fum \u00eenainte de \u00eenceperea sezonului rece \u0219i ori de c\u00e2te ori este necesar;<\/li>\n<li>Verificarea atent\u0103 a sobelor \u0219i a sistemelor de evacuare a fumului, pentru a evita apari\u021bia fisurilor prin care pot sc\u0103pa sc\u00e2ntei;<\/li>\n<li>Utilizarea lemnelor de dimensiuni corespunz\u0103toare vetrei sobei \u0219i men\u021binerea u\u0219i\u021belor focarului \u0219i cenu\u0219arului \u00eenchise \u00een timpul func\u021bion\u0103rii;<\/li>\n<li>Interzicerea depozit\u0103rii materialelor combustibile \u00een \u00eenc\u0103perile unde sunt amplasate sobele;<\/li>\n<li>Supravegherea permanent\u0103 a copiilor \u00een \u00eenc\u0103perile unde func\u021bioneaz\u0103 mijloace de \u00eenc\u0103lzire;<\/li>\n<li>Evitarea folosirii lichidelor inflamabile pentru aprinderea focului;<\/li>\n<li>Neuscarea hainelor sau a altor materiale combustibile pe sobe ori \u00een apropierea acestora;<\/li>\n<li>Asigurarea unei ventila\u021bii corespunz\u0103toare a \u00eenc\u0103perilor cu aparate alimentate cu gaze naturale;<\/li>\n<li>Instalarea detectoarelor de fum \u0219i\/sau de gaze \u00een locuin\u021be.<\/li>\n<\/ul>\n<p>Sec\u0163ia Situa\u0163ii Excep\u0163ionale Basarabeasca subliniaz\u0103 c\u0103 prin comportament preventiv, fiecare cet\u0103\u021bean \u00ee\u0219i poate salva via\u021ba \u0219i bunurile.<\/p>\n<p>\u00cen caz de urgen\u021b\u0103, apela\u021bi imediat 112.<\/p>\n<p><img fetchpriority=\"high\" decoding=\"async\" class=\"aligncenter size-large wp-image-164689\" src=\"https:\/\/bas-tv.md\/wp-content\/uploads\/2025\/10\/sobe-exploatarea-724x1024.jpg\" alt=\"\" width=\"580\" height=\"820\" srcset=\"https:\/\/bas-tv.md\/wp-content\/uploads\/2025\/10\/sobe-exploatarea-724x1024.jpg 724w, https:\/\/bas-tv.md\/wp-content\/uploads\/2025\/10\/sobe-exploatarea-212x300.jpg 212w, https:\/\/bas-tv.md\/wp-content\/uploads\/2025\/10\/sobe-exploatarea-768x1086.jpg 768w, https:\/\/bas-tv.md\/wp-content\/uploads\/2025\/10\/sobe-exploatarea-1086x1536.jpg 1086w, https:\/\/bas-tv.md\/wp-content\/uploads\/2025\/10\/sobe-exploatarea-1200x1697.jpg 1200w, https:\/\/bas-tv.md\/wp-content\/uploads\/2025\/10\/sobe-exploatarea.jpg 1240w\" sizes=\"(max-width: 580px) 100vw, 580px\" \/><\/p>\n<p><strong>Sus\u021bine\u021bi redac\u021bia BAStv, abona\u021bi-v\u0103 la noi pe platforma\u00a0<a href=\"https:\/\/www.patreon.com\/BAStv?fan_landing=true&amp;fbclid=IwAR3MeSDKfH4ixBydCXX9D1lhrCszhps3ID5uxuGA-Ktd4MTkZCRdlcEZkQI\">Patreon\u00a0<\/a>sau prin efectuarea contribu\u021biilor prin\u00a0<a href=\"https:\/\/www.paypal.com\/paypalme\/supportbastv\">PayPal<\/a>! Aceasta ne va ajuta s\u0103 cre\u0103m con\u021binut interesant \u0219i util pentru dvs., r\u0103m\u00e2n\u00e2nd \u00een continuare o platform\u0103 media independent\u0103.<\/strong><\/p>\n<p><b>Abona\u021bi-v\u0103 la noi pe re\u021bele sociale:\u00a0<\/b><a href=\"https:\/\/t.me\/bastvmd\"><b><i>Telegram<\/i><\/b><\/a><b>,\u00a0<\/b><a href=\"https:\/\/www.youtube.com\/channel\/UC-9005PnLnhpNM8PVSjP2dQ\/featured\"><b><i>YouTube<\/i><\/b><\/a><b>,\u00a0<\/b><a href=\"https:\/\/www.facebook.com\/bastv.md\"><b><i>Facebook<\/i><\/b><\/a>\u00a0<strong>\u0219i\u00a0<\/strong><a href=\"https:\/\/www.instagram.com\/bastv.md\/\"><b><i>Instagram<\/i><\/b><\/a><b>. Aici public\u0103m \u0219tiri pe scurt.<\/b><\/p>\n","protected":false},"excerpt":{"rendered":"<p>Odat\u0103 cu sosirea sezonului rece, cre\u0219te riscul de intoxica\u021bii cu produsele arderii \u0219i de producere a incendiilor cauzate de utilizarea necorespunz\u0103toare a mijloacelor de \u00eenc\u0103lzire. \u00cen acest context, sec\u0163ia Situa\u0163ii Excep\u0163ionale Basarabeasca \u00eendeamn\u0103 popula\u021bia s\u0103 respecte m\u0103surile de siguran\u021b\u0103 \u0219i prevenire a situa\u021biilor de urgen\u021b\u0103. Speciali\u0219tii recomand\u0103: Verificarea \u0219i testarea sobelor, a echipamentelor de \u00eenc\u0103lzire [&hellip;]<\/p>\n","protected":false},"author":3,"featured_media":164692,"comment_status":"closed","ping_status":"closed","sticky":false,"template":"","format":"standard","meta":{"footnotes":""},"categories":[602,569],"tags":[693,15115,15116,5275,2677,15118,15113,911,3209,3453,15119,5140,15112,15117,15114],"class_list":["post-164686","post","type-post","status-publish","format-standard","has-post-thumbnail","hentry","category-actualitate","category-in-basarabeasca","tag-basarabeasca-ro","tag-cos-de-fum","tag-detectoare-de-fum","tag-gaze-naturale","tag-igsu","tag-intoxicatie-cu-monoxid-de-carbon","tag-masuri-de-prevenire","tag-pompieri","tag-prevenirea-incendiilor","tag-protectie-civila","tag-recomandari-de-siguranta","tag-sezonul-rece","tag-siguranta-la-incendii","tag-situatii-de-urgenta","tag-soba"],"yoast_head":"<!-- This site is optimized with the Yoast SEO plugin v27.5 - https:\/\/yoast.com\/product\/yoast-seo-wordpress\/ -->\n<title>Cum prevenim incendiile \u0219i intoxica\u021biile \u00een raionul Basarabeasca<\/title>\n<meta name=\"description\" content=\"Autorit\u0103\u021bile din raionul Basarabeasca avertizeaz\u0103 popula\u021bia asupra riscurilor de incendii \u0219i intoxica\u021bii cauzate de utilizarea necorespunz\u0103toare a mijloacelor de \u00eenc\u0103lzire. Speciali\u0219tii recomand\u0103 verificarea sobelor \u0219i a co\u0219urilor de fum, evitarea lichidelor inflamabile \u0219i supravegherea copiilor.\" \/>\n<meta name=\"robots\" content=\"index, follow, max-snippet:-1, max-image-preview:large, max-video-preview:-1\" \/>\n<link rel=\"canonical\" href=\"https:\/\/bas-tv.md\/ro\/atentionare-pentru-locuitorii-raionului-basarabeasca-masuri-de-prevenire-a-incendiilor-si-intoxicatiilor-in-sezonul-rece\/\" \/>\n<meta property=\"og:locale\" content=\"ro_RO\" \/>\n<meta property=\"og:type\" content=\"article\" \/>\n<meta property=\"og:title\" content=\"Cum prevenim incendiile \u0219i intoxica\u021biile \u00een raionul Basarabeasca\" \/>\n<meta property=\"og:description\" content=\"Autorit\u0103\u021bile din raionul Basarabeasca avertizeaz\u0103 popula\u021bia asupra riscurilor de incendii \u0219i intoxica\u021bii cauzate de utilizarea necorespunz\u0103toare a mijloacelor de \u00eenc\u0103lzire. Speciali\u0219tii recomand\u0103 verificarea sobelor \u0219i a co\u0219urilor de fum, evitarea lichidelor inflamabile \u0219i supravegherea copiilor.\" \/>\n<meta property=\"og:url\" content=\"https:\/\/bas-tv.md\/ro\/atentionare-pentru-locuitorii-raionului-basarabeasca-masuri-de-prevenire-a-incendiilor-si-intoxicatiilor-in-sezonul-rece\/\" \/>\n<meta property=\"og:site_name\" content=\"BasTV\" \/>\n<meta property=\"article:published_time\" content=\"2025-10-27T14:00:08+00:00\" \/>\n<meta property=\"og:image\" content=\"https:\/\/bas-tv.md\/wp-content\/uploads\/2025\/10\/incendiu-soba-4-992x558-c-default.jpg\" \/>\n\t<meta property=\"og:image:width\" content=\"992\" \/>\n\t<meta property=\"og:image:height\" content=\"558\" \/>\n\t<meta property=\"og:image:type\" content=\"image\/jpeg\" \/>\n<meta name=\"author\" content=\"Redactor\" \/>\n<meta name=\"twitter:card\" content=\"summary_large_image\" \/>\n<meta name=\"twitter:label1\" content=\"Scris de\" \/>\n\t<meta name=\"twitter:data1\" content=\"Redactor\" \/>\n\t<meta name=\"twitter:label2\" content=\"Timp estimat pentru citire\" \/>\n\t<meta name=\"twitter:data2\" content=\"2 minute\" \/>\n<script type=\"application\/ld+json\" class=\"yoast-schema-graph\">{\"@context\":\"https:\\\/\\\/schema.org\",\"@graph\":[{\"@type\":\"Article\",\"@id\":\"https:\\\/\\\/bas-tv.md\\\/ro\\\/atentionare-pentru-locuitorii-raionului-basarabeasca-masuri-de-prevenire-a-incendiilor-si-intoxicatiilor-in-sezonul-rece\\\/#article\",\"isPartOf\":{\"@id\":\"https:\\\/\\\/bas-tv.md\\\/ro\\\/atentionare-pentru-locuitorii-raionului-basarabeasca-masuri-de-prevenire-a-incendiilor-si-intoxicatiilor-in-sezonul-rece\\\/\"},\"author\":{\"name\":\"Redactor\",\"@id\":\"https:\\\/\\\/bas-tv.md\\\/ro\\\/#\\\/schema\\\/person\\\/8740f45ea2eca1f1695284fc03529af0\"},\"headline\":\"Aten\u021bionare pentru locuitorii raionului Basarabeasca: m\u0103suri de prevenire a incendiilor \u0219i intoxica\u021biilor \u00een sezonul rece\",\"datePublished\":\"2025-10-27T14:00:08+00:00\",\"mainEntityOfPage\":{\"@id\":\"https:\\\/\\\/bas-tv.md\\\/ro\\\/atentionare-pentru-locuitorii-raionului-basarabeasca-masuri-de-prevenire-a-incendiilor-si-intoxicatiilor-in-sezonul-rece\\\/\"},\"wordCount\":335,\"publisher\":{\"@id\":\"https:\\\/\\\/bas-tv.md\\\/ro\\\/#organization\"},\"image\":{\"@id\":\"https:\\\/\\\/bas-tv.md\\\/ro\\\/atentionare-pentru-locuitorii-raionului-basarabeasca-masuri-de-prevenire-a-incendiilor-si-intoxicatiilor-in-sezonul-rece\\\/#primaryimage\"},\"thumbnailUrl\":\"https:\\\/\\\/bas-tv.md\\\/wp-content\\\/uploads\\\/2025\\\/10\\\/incendiu-soba-4-992x558-c-default.jpg\",\"keywords\":[\"Basarabeasca\",\"co\u0219 de fum\",\"detectoare de fum\",\"gaze naturale\",\"igsu\",\"intoxica\u021bie cu monoxid de carbon\",\"m\u0103suri de prevenire\",\"pompieri\",\"prevenirea incendiilor\",\"protec\u021bie civil\u0103\",\"recomand\u0103ri de siguran\u021b\u0103\",\"sezonul rece\",\"siguran\u021b\u0103 la incendii\",\"situa\u021bii de urgen\u021b\u0103\",\"sob\u0103\"],\"articleSection\":[\"Actualitate\",\"\u00cen Basarabeasca\"],\"inLanguage\":\"ro-RO\"},{\"@type\":\"WebPage\",\"@id\":\"https:\\\/\\\/bas-tv.md\\\/ro\\\/atentionare-pentru-locuitorii-raionului-basarabeasca-masuri-de-prevenire-a-incendiilor-si-intoxicatiilor-in-sezonul-rece\\\/\",\"url\":\"https:\\\/\\\/bas-tv.md\\\/ro\\\/atentionare-pentru-locuitorii-raionului-basarabeasca-masuri-de-prevenire-a-incendiilor-si-intoxicatiilor-in-sezonul-rece\\\/\",\"name\":\"Cum prevenim incendiile \u0219i intoxica\u021biile \u00een raionul Basarabeasca\",\"isPartOf\":{\"@id\":\"https:\\\/\\\/bas-tv.md\\\/ro\\\/#website\"},\"primaryImageOfPage\":{\"@id\":\"https:\\\/\\\/bas-tv.md\\\/ro\\\/atentionare-pentru-locuitorii-raionului-basarabeasca-masuri-de-prevenire-a-incendiilor-si-intoxicatiilor-in-sezonul-rece\\\/#primaryimage\"},\"image\":{\"@id\":\"https:\\\/\\\/bas-tv.md\\\/ro\\\/atentionare-pentru-locuitorii-raionului-basarabeasca-masuri-de-prevenire-a-incendiilor-si-intoxicatiilor-in-sezonul-rece\\\/#primaryimage\"},\"thumbnailUrl\":\"https:\\\/\\\/bas-tv.md\\\/wp-content\\\/uploads\\\/2025\\\/10\\\/incendiu-soba-4-992x558-c-default.jpg\",\"datePublished\":\"2025-10-27T14:00:08+00:00\",\"description\":\"Autorit\u0103\u021bile din raionul Basarabeasca avertizeaz\u0103 popula\u021bia asupra riscurilor de incendii \u0219i intoxica\u021bii cauzate de utilizarea necorespunz\u0103toare a mijloacelor de \u00eenc\u0103lzire. Speciali\u0219tii recomand\u0103 verificarea sobelor \u0219i a co\u0219urilor de fum, evitarea lichidelor inflamabile \u0219i supravegherea copiilor.\",\"inLanguage\":\"ro-RO\",\"potentialAction\":[{\"@type\":\"ReadAction\",\"target\":[\"https:\\\/\\\/bas-tv.md\\\/ro\\\/atentionare-pentru-locuitorii-raionului-basarabeasca-masuri-de-prevenire-a-incendiilor-si-intoxicatiilor-in-sezonul-rece\\\/\"]}]},{\"@type\":\"ImageObject\",\"inLanguage\":\"ro-RO\",\"@id\":\"https:\\\/\\\/bas-tv.md\\\/ro\\\/atentionare-pentru-locuitorii-raionului-basarabeasca-masuri-de-prevenire-a-incendiilor-si-intoxicatiilor-in-sezonul-rece\\\/#primaryimage\",\"url\":\"https:\\\/\\\/bas-tv.md\\\/wp-content\\\/uploads\\\/2025\\\/10\\\/incendiu-soba-4-992x558-c-default.jpg\",\"contentUrl\":\"https:\\\/\\\/bas-tv.md\\\/wp-content\\\/uploads\\\/2025\\\/10\\\/incendiu-soba-4-992x558-c-default.jpg\",\"width\":992,\"height\":558,\"caption\":\"Foto: libertv\"},{\"@type\":\"WebSite\",\"@id\":\"https:\\\/\\\/bas-tv.md\\\/ro\\\/#website\",\"url\":\"https:\\\/\\\/bas-tv.md\\\/ro\\\/\",\"name\":\"BasTV\",\"description\":\"Moldova\",\"publisher\":{\"@id\":\"https:\\\/\\\/bas-tv.md\\\/ro\\\/#organization\"},\"potentialAction\":[{\"@type\":\"SearchAction\",\"target\":{\"@type\":\"EntryPoint\",\"urlTemplate\":\"https:\\\/\\\/bas-tv.md\\\/ro\\\/?s={search_term_string}\"},\"query-input\":{\"@type\":\"PropertyValueSpecification\",\"valueRequired\":true,\"valueName\":\"search_term_string\"}}],\"inLanguage\":\"ro-RO\"},{\"@type\":\"Organization\",\"@id\":\"https:\\\/\\\/bas-tv.md\\\/ro\\\/#organization\",\"name\":\"BasTV\",\"url\":\"https:\\\/\\\/bas-tv.md\\\/ro\\\/\",\"logo\":{\"@type\":\"ImageObject\",\"inLanguage\":\"ro-RO\",\"@id\":\"https:\\\/\\\/bas-tv.md\\\/ro\\\/#\\\/schema\\\/logo\\\/image\\\/\",\"url\":\"https:\\\/\\\/bas-tv.md\\\/wp-content\\\/uploads\\\/2023\\\/05\\\/bas-tv-culoarea-rosie.png\",\"contentUrl\":\"https:\\\/\\\/bas-tv.md\\\/wp-content\\\/uploads\\\/2023\\\/05\\\/bas-tv-culoarea-rosie.png\",\"width\":202,\"height\":50,\"caption\":\"BasTV\"},\"image\":{\"@id\":\"https:\\\/\\\/bas-tv.md\\\/ro\\\/#\\\/schema\\\/logo\\\/image\\\/\"}},{\"@type\":\"Person\",\"@id\":\"https:\\\/\\\/bas-tv.md\\\/ro\\\/#\\\/schema\\\/person\\\/8740f45ea2eca1f1695284fc03529af0\",\"name\":\"Redactor\",\"image\":{\"@type\":\"ImageObject\",\"inLanguage\":\"ro-RO\",\"@id\":\"https:\\\/\\\/bas-tv.md\\\/wp-content\\\/litespeed\\\/avatar\\\/91c0586f3f6f4396a4ec1287c965eeeb.jpg?ver=1777555749\",\"url\":\"https:\\\/\\\/bas-tv.md\\\/wp-content\\\/litespeed\\\/avatar\\\/91c0586f3f6f4396a4ec1287c965eeeb.jpg?ver=1777555749\",\"contentUrl\":\"https:\\\/\\\/bas-tv.md\\\/wp-content\\\/litespeed\\\/avatar\\\/91c0586f3f6f4396a4ec1287c965eeeb.jpg?ver=1777555749\",\"caption\":\"Redactor\"},\"url\":\"https:\\\/\\\/bas-tv.md\\\/ro\\\/author\\\/redactor\\\/\"}]}<\/script>\n<!-- \/ Yoast SEO plugin. -->","yoast_head_json":{"title":"Cum prevenim incendiile \u0219i intoxica\u021biile \u00een raionul Basarabeasca","description":"Autorit\u0103\u021bile din raionul Basarabeasca avertizeaz\u0103 popula\u021bia asupra riscurilor de incendii \u0219i intoxica\u021bii cauzate de utilizarea necorespunz\u0103toare a mijloacelor de \u00eenc\u0103lzire. Speciali\u0219tii recomand\u0103 verificarea sobelor \u0219i a co\u0219urilor de fum, evitarea lichidelor inflamabile \u0219i supravegherea copiilor.","robots":{"index":"index","follow":"follow","max-snippet":"max-snippet:-1","max-image-preview":"max-image-preview:large","max-video-preview":"max-video-preview:-1"},"canonical":"https:\/\/bas-tv.md\/ro\/atentionare-pentru-locuitorii-raionului-basarabeasca-masuri-de-prevenire-a-incendiilor-si-intoxicatiilor-in-sezonul-rece\/","og_locale":"ro_RO","og_type":"article","og_title":"Cum prevenim incendiile \u0219i intoxica\u021biile \u00een raionul Basarabeasca","og_description":"Autorit\u0103\u021bile din raionul Basarabeasca avertizeaz\u0103 popula\u021bia asupra riscurilor de incendii \u0219i intoxica\u021bii cauzate de utilizarea necorespunz\u0103toare a mijloacelor de \u00eenc\u0103lzire. Speciali\u0219tii recomand\u0103 verificarea sobelor \u0219i a co\u0219urilor de fum, evitarea lichidelor inflamabile \u0219i supravegherea copiilor.","og_url":"https:\/\/bas-tv.md\/ro\/atentionare-pentru-locuitorii-raionului-basarabeasca-masuri-de-prevenire-a-incendiilor-si-intoxicatiilor-in-sezonul-rece\/","og_site_name":"BasTV","article_published_time":"2025-10-27T14:00:08+00:00","og_image":[{"width":992,"height":558,"url":"https:\/\/bas-tv.md\/wp-content\/uploads\/2025\/10\/incendiu-soba-4-992x558-c-default.jpg","type":"image\/jpeg"}],"author":"Redactor","twitter_card":"summary_large_image","twitter_misc":{"Scris de":"Redactor","Timp estimat pentru citire":"2 minute"},"schema":{"@context":"https:\/\/schema.org","@graph":[{"@type":"Article","@id":"https:\/\/bas-tv.md\/ro\/atentionare-pentru-locuitorii-raionului-basarabeasca-masuri-de-prevenire-a-incendiilor-si-intoxicatiilor-in-sezonul-rece\/#article","isPartOf":{"@id":"https:\/\/bas-tv.md\/ro\/atentionare-pentru-locuitorii-raionului-basarabeasca-masuri-de-prevenire-a-incendiilor-si-intoxicatiilor-in-sezonul-rece\/"},"author":{"name":"Redactor","@id":"https:\/\/bas-tv.md\/ro\/#\/schema\/person\/8740f45ea2eca1f1695284fc03529af0"},"headline":"Aten\u021bionare pentru locuitorii raionului Basarabeasca: m\u0103suri de prevenire a incendiilor \u0219i intoxica\u021biilor \u00een sezonul rece","datePublished":"2025-10-27T14:00:08+00:00","mainEntityOfPage":{"@id":"https:\/\/bas-tv.md\/ro\/atentionare-pentru-locuitorii-raionului-basarabeasca-masuri-de-prevenire-a-incendiilor-si-intoxicatiilor-in-sezonul-rece\/"},"wordCount":335,"publisher":{"@id":"https:\/\/bas-tv.md\/ro\/#organization"},"image":{"@id":"https:\/\/bas-tv.md\/ro\/atentionare-pentru-locuitorii-raionului-basarabeasca-masuri-de-prevenire-a-incendiilor-si-intoxicatiilor-in-sezonul-rece\/#primaryimage"},"thumbnailUrl":"https:\/\/bas-tv.md\/wp-content\/uploads\/2025\/10\/incendiu-soba-4-992x558-c-default.jpg","keywords":["Basarabeasca","co\u0219 de fum","detectoare de fum","gaze naturale","igsu","intoxica\u021bie cu monoxid de carbon","m\u0103suri de prevenire","pompieri","prevenirea incendiilor","protec\u021bie civil\u0103","recomand\u0103ri de siguran\u021b\u0103","sezonul rece","siguran\u021b\u0103 la incendii","situa\u021bii de urgen\u021b\u0103","sob\u0103"],"articleSection":["Actualitate","\u00cen Basarabeasca"],"inLanguage":"ro-RO"},{"@type":"WebPage","@id":"https:\/\/bas-tv.md\/ro\/atentionare-pentru-locuitorii-raionului-basarabeasca-masuri-de-prevenire-a-incendiilor-si-intoxicatiilor-in-sezonul-rece\/","url":"https:\/\/bas-tv.md\/ro\/atentionare-pentru-locuitorii-raionului-basarabeasca-masuri-de-prevenire-a-incendiilor-si-intoxicatiilor-in-sezonul-rece\/","name":"Cum prevenim incendiile \u0219i intoxica\u021biile \u00een raionul Basarabeasca","isPartOf":{"@id":"https:\/\/bas-tv.md\/ro\/#website"},"primaryImageOfPage":{"@id":"https:\/\/bas-tv.md\/ro\/atentionare-pentru-locuitorii-raionului-basarabeasca-masuri-de-prevenire-a-incendiilor-si-intoxicatiilor-in-sezonul-rece\/#primaryimage"},"image":{"@id":"https:\/\/bas-tv.md\/ro\/atentionare-pentru-locuitorii-raionului-basarabeasca-masuri-de-prevenire-a-incendiilor-si-intoxicatiilor-in-sezonul-rece\/#primaryimage"},"thumbnailUrl":"https:\/\/bas-tv.md\/wp-content\/uploads\/2025\/10\/incendiu-soba-4-992x558-c-default.jpg","datePublished":"2025-10-27T14:00:08+00:00","description":"Autorit\u0103\u021bile din raionul Basarabeasca avertizeaz\u0103 popula\u021bia asupra riscurilor de incendii \u0219i intoxica\u021bii cauzate de utilizarea necorespunz\u0103toare a mijloacelor de \u00eenc\u0103lzire. Speciali\u0219tii recomand\u0103 verificarea sobelor \u0219i a co\u0219urilor de fum, evitarea lichidelor inflamabile \u0219i supravegherea copiilor.","inLanguage":"ro-RO","potentialAction":[{"@type":"ReadAction","target":["https:\/\/bas-tv.md\/ro\/atentionare-pentru-locuitorii-raionului-basarabeasca-masuri-de-prevenire-a-incendiilor-si-intoxicatiilor-in-sezonul-rece\/"]}]},{"@type":"ImageObject","inLanguage":"ro-RO","@id":"https:\/\/bas-tv.md\/ro\/atentionare-pentru-locuitorii-raionului-basarabeasca-masuri-de-prevenire-a-incendiilor-si-intoxicatiilor-in-sezonul-rece\/#primaryimage","url":"https:\/\/bas-tv.md\/wp-content\/uploads\/2025\/10\/incendiu-soba-4-992x558-c-default.jpg","contentUrl":"https:\/\/bas-tv.md\/wp-content\/uploads\/2025\/10\/incendiu-soba-4-992x558-c-default.jpg","width":992,"height":558,"caption":"Foto: libertv"},{"@type":"WebSite","@id":"https:\/\/bas-tv.md\/ro\/#website","url":"https:\/\/bas-tv.md\/ro\/","name":"BasTV","description":"Moldova","publisher":{"@id":"https:\/\/bas-tv.md\/ro\/#organization"},"potentialAction":[{"@type":"SearchAction","target":{"@type":"EntryPoint","urlTemplate":"https:\/\/bas-tv.md\/ro\/?s={search_term_string}"},"query-input":{"@type":"PropertyValueSpecification","valueRequired":true,"valueName":"search_term_string"}}],"inLanguage":"ro-RO"},{"@type":"Organization","@id":"https:\/\/bas-tv.md\/ro\/#organization","name":"BasTV","url":"https:\/\/bas-tv.md\/ro\/","logo":{"@type":"ImageObject","inLanguage":"ro-RO","@id":"https:\/\/bas-tv.md\/ro\/#\/schema\/logo\/image\/","url":"https:\/\/bas-tv.md\/wp-content\/uploads\/2023\/05\/bas-tv-culoarea-rosie.png","contentUrl":"https:\/\/bas-tv.md\/wp-content\/uploads\/2023\/05\/bas-tv-culoarea-rosie.png","width":202,"height":50,"caption":"BasTV"},"image":{"@id":"https:\/\/bas-tv.md\/ro\/#\/schema\/logo\/image\/"}},{"@type":"Person","@id":"https:\/\/bas-tv.md\/ro\/#\/schema\/person\/8740f45ea2eca1f1695284fc03529af0","name":"Redactor","image":{"@type":"ImageObject","inLanguage":"ro-RO","@id":"https:\/\/bas-tv.md\/wp-content\/litespeed\/avatar\/91c0586f3f6f4396a4ec1287c965eeeb.jpg?ver=1777555749","url":"https:\/\/bas-tv.md\/wp-content\/litespeed\/avatar\/91c0586f3f6f4396a4ec1287c965eeeb.jpg?ver=1777555749","contentUrl":"https:\/\/bas-tv.md\/wp-content\/litespeed\/avatar\/91c0586f3f6f4396a4ec1287c965eeeb.jpg?ver=1777555749","caption":"Redactor"},"url":"https:\/\/bas-tv.md\/ro\/author\/redactor\/"}]}},"views":409,"_links":{"self":[{"href":"https:\/\/bas-tv.md\/ro\/wp-json\/wp\/v2\/posts\/164686","targetHints":{"allow":["GET"]}}],"collection":[{"href":"https:\/\/bas-tv.md\/ro\/wp-json\/wp\/v2\/posts"}],"about":[{"href":"https:\/\/bas-tv.md\/ro\/wp-json\/wp\/v2\/types\/post"}],"author":[{"embeddable":true,"href":"https:\/\/bas-tv.md\/ro\/wp-json\/wp\/v2\/users\/3"}],"replies":[{"embeddable":true,"href":"https:\/\/bas-tv.md\/ro\/wp-json\/wp\/v2\/comments?post=164686"}],"version-history":[{"count":3,"href":"https:\/\/bas-tv.md\/ro\/wp-json\/wp\/v2\/posts\/164686\/revisions"}],"predecessor-version":[{"id":164691,"href":"https:\/\/bas-tv.md\/ro\/wp-json\/wp\/v2\/posts\/164686\/revisions\/164691"}],"wp:featuredmedia":[{"embeddable":true,"href":"https:\/\/bas-tv.md\/ro\/wp-json\/wp\/v2\/media\/164692"}],"wp:attachment":[{"href":"https:\/\/bas-tv.md\/ro\/wp-json\/wp\/v2\/media?parent=164686"}],"wp:term":[{"taxonomy":"category","embeddable":true,"href":"https:\/\/bas-tv.md\/ro\/wp-json\/wp\/v2\/categories?post=164686"},{"taxonomy":"post_tag","embeddable":true,"href":"https:\/\/bas-tv.md\/ro\/wp-json\/wp\/v2\/tags?post=164686"}],"curies":[{"name":"wp","href":"https:\/\/api.w.org\/{rel}","templated":true}]}}