{"id":165452,"date":"2025-10-29T19:00:38","date_gmt":"2025-10-29T17:00:38","guid":{"rendered":"https:\/\/bas-tv.md\/?p=165452"},"modified":"2025-10-29T18:48:23","modified_gmt":"2025-10-29T16:48:23","slug":"foto-zilele-filmului-romanesc-in-premiera-la-cimislia-pe-30-octombrie","status":"publish","type":"post","link":"https:\/\/bas-tv.md\/ro\/foto-zilele-filmului-romanesc-in-premiera-la-cimislia-pe-30-octombrie\/","title":{"rendered":"(FOTO) Zilele Filmului Rom\u00e2nesc, \u00een premier\u0103 la Cimi\u0219lia, pe 30 octombrie"},"content":{"rendered":"<p data-start=\"268\" data-end=\"574\"><strong>Produc\u021biile cinematografice rom\u00e2ne\u0219ti ajung, \u00een premier\u0103, la Cimi\u0219lia. Pe 30 octombrie 2025, Casa de Cultur\u0103 va g\u0103zdui edi\u021bia a XI-a a Zilelor Filmului Rom\u00e2nesc &#8211; un eveniment devenit tradi\u021bie, care \u00ee\u0219i propune s\u0103 aduc\u0103 mai aproape de publicul din \u00eentreaga \u021bar\u0103 cele mai apreciate crea\u021bii ale cinematografiei rom\u00e2ne\u0219ti.<\/strong><\/p>\n<p data-start=\"576\" data-end=\"1217\">Publicul din Cimi\u0219lia va avea ocazia s\u0103 descopere, \u00eencep\u00e2nd cu ora 17:00, proiec\u021bia filmului <strong data-start=\"756\" data-end=\"785\">\u201eTinere\u021be f\u0103r\u0103 b\u0103tr\u00e2ne\u021be\u201d (1969)<\/strong>, \u00een regia Elisabetei Bostan, o adaptare cinematografic\u0103 a basmului clasic scris de Petre Ispirescu. Filmul, devenit deja un simbol al copil\u0103riei pentru genera\u021bii \u00eentregi, spune povestea unui t\u00e2n\u0103r care porne\u0219te \u00eentr-o c\u0103l\u0103torie \u00een c\u0103utarea nemuririi \u0219i a tinere\u021bii ve\u0219nice. Proiec\u021bia este dedicat\u0103, \u00een special, copiilor, dar \u0219i iubitorilor de basme \u0219i pove\u0219ti.<\/p>\n<p data-start=\"576\" data-end=\"1217\"><img fetchpriority=\"high\" decoding=\"async\" class=\"aligncenter size-full wp-image-165485\" src=\"https:\/\/bas-tv.md\/wp-content\/uploads\/2025\/10\/tinerete_fara_batranete.jpg\" alt=\"\" width=\"278\" height=\"400\" srcset=\"https:\/\/bas-tv.md\/wp-content\/uploads\/2025\/10\/tinerete_fara_batranete.jpg 278w, https:\/\/bas-tv.md\/wp-content\/uploads\/2025\/10\/tinerete_fara_batranete-209x300.jpg 209w\" sizes=\"(max-width: 278px) 100vw, 278px\" \/><\/p>\n<p data-start=\"1219\" data-end=\"1902\">\u00cencep\u00e2nd cu ora 19:00, seara va continua cu proiec\u021bia filmului <strong data-start=\"1267\" data-end=\"1279\">\u201eMorgen\u201d<\/strong> <strong>(2010)<\/strong>, regizat de Marian Cri\u0219an, o produc\u021bie premiat\u0103 la Festivalul Interna\u021bional de Film de la Locarno (Elve\u021bia), unde a ob\u021binut patru distinc\u021bii. Pelicula spune povestea lui Nelu, un b\u0103rbat de 40 de ani dintr-un or\u0103\u0219el de grani\u021b\u0103, care duce o via\u021b\u0103 simpl\u0103, dar a c\u0103rui existen\u021b\u0103 se schimb\u0103 nea\u0219teptat atunci c\u00e2nd descoper\u0103 un migrant ce \u00eencearc\u0103 s\u0103 treac\u0103 ilegal frontiera. Filmul aduce pe marele ecran teme profunde precum solidaritatea \u0219i umanitatea, \u00eentr-o abordare realist\u0103, cu note de satir\u0103.<\/p>\n<p data-start=\"1219\" data-end=\"1902\"><img decoding=\"async\" class=\"aligncenter size-full wp-image-165483\" src=\"https:\/\/bas-tv.md\/wp-content\/uploads\/2025\/10\/morgen2010poster.jpg\" alt=\"\" width=\"264\" height=\"377\" srcset=\"https:\/\/bas-tv.md\/wp-content\/uploads\/2025\/10\/morgen2010poster.jpg 264w, https:\/\/bas-tv.md\/wp-content\/uploads\/2025\/10\/morgen2010poster-210x300.jpg 210w\" sizes=\"(max-width: 264px) 100vw, 264px\" \/><\/p>\n<p data-start=\"1904\" data-end=\"2353\">Evenimentul Zilele Filmului Rom\u00e2nesc aduce \u00een Republica Moldova cele mai noi \u0219i importante filme rom\u00e2ne\u0219ti, selectate pentru valoarea lor artistic\u0103 \u0219i pentru recunoa\u0219terea interna\u021bional\u0103 \u00een festivaluri de prestigiu, precum Cannes, Berlin, Vene\u021bia sau Locarno. Proiectul aduce \u00een fa\u021ba publicului at\u00e2t crea\u021bii contemporane, c\u00e2t \u0219i crea\u021bii considerate clasice din istoria cinematografiei rom\u00e2ne\u0219ti, oferind o perspectiv\u0103 ampl\u0103 asupra evolu\u021biei filmului rom\u00e2nesc.<\/p>\n<p data-start=\"2355\" data-end=\"2762\">Edi\u021bia din acest an include, pe l\u00e2ng\u0103 proiec\u021biile din Chi\u0219in\u0103u, mai multe ora\u0219e din Republica Moldova, iar Cimi\u0219lia se al\u0103tur\u0103 pentru prima dat\u0103 acestei serii de evenimente culturale, menite s\u0103 aduc\u0103 filmul rom\u00e2nesc mai aproape de comunit\u0103\u021bile din \u021bar\u0103.<\/p>\n<p data-start=\"2355\" data-end=\"2762\">Organizatorii anun\u021b\u0103 c\u0103 intrarea este liber\u0103 \u0219i \u00eei \u00eendeamn\u0103 pe spectatori s\u0103 fie punctuali \u0219i s\u0103 ajung\u0103 cu c\u00e2teva minute \u00eenainte de \u00eenceperea proiec\u021biilor, pentru a asigura o bun\u0103 desf\u0103\u0219urare a evenimentului.<\/p>\n<p data-start=\"3063\" data-end=\"3585\">Evenimentul este organizat de Asocia\u021bia Cinea\u0219tilor Independen\u021bi din Republica Moldova \u201eAlternative Cinema\u201d \u0219i ROVA Film din Rom\u00e2nia, cu sprijinul Ministerului Culturii al Republicii Moldova, Institutului Cultural Rom\u00e2n \u201eMihai Eminescu\u201d la Chi\u0219in\u0103u, Centrului Na\u021bional al Cinematografiei din Moldova \u0219i Rom\u00e2nia, precum \u0219i al Uniunii Cinea\u0219tilor din Rom\u00e2nia.<\/p>\n<p><img decoding=\"async\" class=\"aligncenter size-large wp-image-165481\" src=\"https:\/\/bas-tv.md\/wp-content\/uploads\/2025\/10\/afis-zfr-cimislia-casa-de-cultura-1095x1536-2-730x1024.jpg\" alt=\"\" width=\"580\" height=\"814\" srcset=\"https:\/\/bas-tv.md\/wp-content\/uploads\/2025\/10\/afis-zfr-cimislia-casa-de-cultura-1095x1536-2-730x1024.jpg 730w, https:\/\/bas-tv.md\/wp-content\/uploads\/2025\/10\/afis-zfr-cimislia-casa-de-cultura-1095x1536-2-214x300.jpg 214w, https:\/\/bas-tv.md\/wp-content\/uploads\/2025\/10\/afis-zfr-cimislia-casa-de-cultura-1095x1536-2-768x1077.jpg 768w, https:\/\/bas-tv.md\/wp-content\/uploads\/2025\/10\/afis-zfr-cimislia-casa-de-cultura-1095x1536-2.jpg 1095w\" sizes=\"(max-width: 580px) 100vw, 580px\" \/><\/p>\n<p><strong>Sus\u021bine\u021bi redac\u021bia BAStv, abona\u021bi-v\u0103 la noi pe platforma\u00a0<a href=\"https:\/\/www.patreon.com\/BAStv?fan_landing=true&amp;fbclid=IwAR3MeSDKfH4ixBydCXX9D1lhrCszhps3ID5uxuGA-Ktd4MTkZCRdlcEZkQI\">Patreon\u00a0<\/a>sau prin efectuarea contribu\u021biilor prin\u00a0<a href=\"https:\/\/www.paypal.com\/paypalme\/supportbastv\">PayPal<\/a>! Aceasta ne va ajuta s\u0103 cre\u0103m con\u021binut interesant \u0219i util pentru dvs., r\u0103m\u00e2n\u00e2nd \u00een continuare o platform\u0103 media independent\u0103.<\/strong><\/p>\n<p><b>Abona\u021bi-v\u0103 la noi pe re\u021bele sociale:\u00a0<\/b><a href=\"https:\/\/t.me\/bastvmd\"><b><i>Telegram<\/i><\/b><\/a><b>,\u00a0<\/b><a href=\"https:\/\/www.youtube.com\/channel\/UC-9005PnLnhpNM8PVSjP2dQ\/featured\"><b><i>YouTube<\/i><\/b><\/a><b>,\u00a0<\/b><a href=\"https:\/\/www.facebook.com\/bastv.md\"><b><i>Facebook<\/i><\/b><\/a>\u00a0<strong>\u0219i\u00a0<\/strong><a href=\"https:\/\/www.instagram.com\/bastv.md\/\"><b><i>Instagram<\/i><\/b><\/a><b>. Aici public\u0103m \u0219tiri pe scurt.<\/b><\/p>\n","protected":false},"excerpt":{"rendered":"<p>Produc\u021biile cinematografice rom\u00e2ne\u0219ti ajung, \u00een premier\u0103, la Cimi\u0219lia. Pe 30 octombrie 2025, Casa de Cultur\u0103 va g\u0103zdui edi\u021bia a XI-a a Zilelor Filmului Rom\u00e2nesc &#8211; un eveniment devenit tradi\u021bie, care \u00ee\u0219i propune s\u0103 aduc\u0103 mai aproape de publicul din \u00eentreaga \u021bar\u0103 cele mai apreciate crea\u021bii ale cinematografiei rom\u00e2ne\u0219ti. Publicul din Cimi\u0219lia va avea ocazia s\u0103 [&hellip;]<\/p>\n","protected":false},"author":3,"featured_media":165453,"comment_status":"closed","ping_status":"closed","sticky":false,"template":"","format":"standard","meta":{"footnotes":""},"categories":[602,219,570],"tags":[],"class_list":["post-165452","post","type-post","status-publish","format-standard","has-post-thumbnail","hentry","category-actualitate","category-anunturi","category-in-moldova"],"yoast_head":"<!-- This site is optimized with the Yoast SEO plugin v27.5 - https:\/\/yoast.com\/product\/yoast-seo-wordpress\/ -->\n<title>(FOTO) Zilele Filmului Rom\u00e2nesc, \u00een premier\u0103 la Cimi\u0219lia, pe 30 octombrie - BasTV<\/title>\n<meta name=\"description\" content=\"Produc\u021biile cinematografice rom\u00e2ne\u0219ti ajung, \u00een premier\u0103, la Cimi\u0219lia. Pe 30 octombrie 2025, Casa de Cultur\u0103 va g\u0103zdui edi\u021bia a XI-a a Zilelor Filmului Rom\u00e2nesc - un eveniment devenit tradi\u021bie, care \u00ee\u0219i propune s\u0103 aduc\u0103 mai aproape de publicul din \u00eentreaga \u021bar\u0103 cele mai apreciate crea\u021bii ale cinematografiei rom\u00e2ne\u0219ti.\" \/>\n<meta name=\"robots\" content=\"index, follow, max-snippet:-1, max-image-preview:large, max-video-preview:-1\" \/>\n<link rel=\"canonical\" href=\"https:\/\/bas-tv.md\/ro\/foto-zilele-filmului-romanesc-in-premiera-la-cimislia-pe-30-octombrie\/\" \/>\n<meta property=\"og:locale\" content=\"ro_RO\" \/>\n<meta property=\"og:type\" content=\"article\" \/>\n<meta property=\"og:title\" content=\"(FOTO) Zilele Filmului Rom\u00e2nesc, \u00een premier\u0103 la Cimi\u0219lia, pe 30 octombrie - BasTV\" \/>\n<meta property=\"og:description\" content=\"Produc\u021biile cinematografice rom\u00e2ne\u0219ti ajung, \u00een premier\u0103, la Cimi\u0219lia. Pe 30 octombrie 2025, Casa de Cultur\u0103 va g\u0103zdui edi\u021bia a XI-a a Zilelor Filmului Rom\u00e2nesc - un eveniment devenit tradi\u021bie, care \u00ee\u0219i propune s\u0103 aduc\u0103 mai aproape de publicul din \u00eentreaga \u021bar\u0103 cele mai apreciate crea\u021bii ale cinematografiei rom\u00e2ne\u0219ti.\" \/>\n<meta property=\"og:url\" content=\"https:\/\/bas-tv.md\/ro\/foto-zilele-filmului-romanesc-in-premiera-la-cimislia-pe-30-octombrie\/\" \/>\n<meta property=\"og:site_name\" content=\"BasTV\" \/>\n<meta property=\"article:published_time\" content=\"2025-10-29T17:00:38+00:00\" \/>\n<meta property=\"og:image\" content=\"https:\/\/bas-tv.md\/wp-content\/uploads\/2025\/10\/afis-zfr-cimislia-casa-de-cultura-1095x1536-1-e1761746509802.jpg\" \/>\n\t<meta property=\"og:image:width\" content=\"1095\" \/>\n\t<meta property=\"og:image:height\" content=\"680\" \/>\n\t<meta property=\"og:image:type\" content=\"image\/jpeg\" \/>\n<meta name=\"author\" content=\"Redactor\" \/>\n<meta name=\"twitter:card\" content=\"summary_large_image\" \/>\n<meta name=\"twitter:label1\" content=\"Scris de\" \/>\n\t<meta name=\"twitter:data1\" content=\"Redactor\" \/>\n\t<meta name=\"twitter:label2\" content=\"Timp estimat pentru citire\" \/>\n\t<meta name=\"twitter:data2\" content=\"4 minute\" \/>\n<script type=\"application\/ld+json\" class=\"yoast-schema-graph\">{\"@context\":\"https:\\\/\\\/schema.org\",\"@graph\":[{\"@type\":\"Article\",\"@id\":\"https:\\\/\\\/bas-tv.md\\\/ro\\\/foto-zilele-filmului-romanesc-in-premiera-la-cimislia-pe-30-octombrie\\\/#article\",\"isPartOf\":{\"@id\":\"https:\\\/\\\/bas-tv.md\\\/ro\\\/foto-zilele-filmului-romanesc-in-premiera-la-cimislia-pe-30-octombrie\\\/\"},\"author\":{\"name\":\"Redactor\",\"@id\":\"https:\\\/\\\/bas-tv.md\\\/ro\\\/#\\\/schema\\\/person\\\/8740f45ea2eca1f1695284fc03529af0\"},\"headline\":\"(FOTO) Zilele Filmului Rom\u00e2nesc, \u00een premier\u0103 la Cimi\u0219lia, pe 30 octombrie\",\"datePublished\":\"2025-10-29T17:00:38+00:00\",\"mainEntityOfPage\":{\"@id\":\"https:\\\/\\\/bas-tv.md\\\/ro\\\/foto-zilele-filmului-romanesc-in-premiera-la-cimislia-pe-30-octombrie\\\/\"},\"wordCount\":534,\"publisher\":{\"@id\":\"https:\\\/\\\/bas-tv.md\\\/ro\\\/#organization\"},\"image\":{\"@id\":\"https:\\\/\\\/bas-tv.md\\\/ro\\\/foto-zilele-filmului-romanesc-in-premiera-la-cimislia-pe-30-octombrie\\\/#primaryimage\"},\"thumbnailUrl\":\"https:\\\/\\\/bas-tv.md\\\/wp-content\\\/uploads\\\/2025\\\/10\\\/afis-zfr-cimislia-casa-de-cultura-1095x1536-1-e1761746509802.jpg\",\"articleSection\":[\"Actualitate\",\"Anun\u021buri\",\"\u00cen Moldova\"],\"inLanguage\":\"ro-RO\"},{\"@type\":\"WebPage\",\"@id\":\"https:\\\/\\\/bas-tv.md\\\/ro\\\/foto-zilele-filmului-romanesc-in-premiera-la-cimislia-pe-30-octombrie\\\/\",\"url\":\"https:\\\/\\\/bas-tv.md\\\/ro\\\/foto-zilele-filmului-romanesc-in-premiera-la-cimislia-pe-30-octombrie\\\/\",\"name\":\"(FOTO) Zilele Filmului Rom\u00e2nesc, \u00een premier\u0103 la Cimi\u0219lia, pe 30 octombrie - BasTV\",\"isPartOf\":{\"@id\":\"https:\\\/\\\/bas-tv.md\\\/ro\\\/#website\"},\"primaryImageOfPage\":{\"@id\":\"https:\\\/\\\/bas-tv.md\\\/ro\\\/foto-zilele-filmului-romanesc-in-premiera-la-cimislia-pe-30-octombrie\\\/#primaryimage\"},\"image\":{\"@id\":\"https:\\\/\\\/bas-tv.md\\\/ro\\\/foto-zilele-filmului-romanesc-in-premiera-la-cimislia-pe-30-octombrie\\\/#primaryimage\"},\"thumbnailUrl\":\"https:\\\/\\\/bas-tv.md\\\/wp-content\\\/uploads\\\/2025\\\/10\\\/afis-zfr-cimislia-casa-de-cultura-1095x1536-1-e1761746509802.jpg\",\"datePublished\":\"2025-10-29T17:00:38+00:00\",\"description\":\"Produc\u021biile cinematografice rom\u00e2ne\u0219ti ajung, \u00een premier\u0103, la Cimi\u0219lia. Pe 30 octombrie 2025, Casa de Cultur\u0103 va g\u0103zdui edi\u021bia a XI-a a Zilelor Filmului Rom\u00e2nesc - un eveniment devenit tradi\u021bie, care \u00ee\u0219i propune s\u0103 aduc\u0103 mai aproape de publicul din \u00eentreaga \u021bar\u0103 cele mai apreciate crea\u021bii ale cinematografiei rom\u00e2ne\u0219ti.\",\"inLanguage\":\"ro-RO\",\"potentialAction\":[{\"@type\":\"ReadAction\",\"target\":[\"https:\\\/\\\/bas-tv.md\\\/ro\\\/foto-zilele-filmului-romanesc-in-premiera-la-cimislia-pe-30-octombrie\\\/\"]}]},{\"@type\":\"ImageObject\",\"inLanguage\":\"ro-RO\",\"@id\":\"https:\\\/\\\/bas-tv.md\\\/ro\\\/foto-zilele-filmului-romanesc-in-premiera-la-cimislia-pe-30-octombrie\\\/#primaryimage\",\"url\":\"https:\\\/\\\/bas-tv.md\\\/wp-content\\\/uploads\\\/2025\\\/10\\\/afis-zfr-cimislia-casa-de-cultura-1095x1536-1-e1761746509802.jpg\",\"contentUrl\":\"https:\\\/\\\/bas-tv.md\\\/wp-content\\\/uploads\\\/2025\\\/10\\\/afis-zfr-cimislia-casa-de-cultura-1095x1536-1-e1761746509802.jpg\",\"width\":1095,\"height\":680},{\"@type\":\"WebSite\",\"@id\":\"https:\\\/\\\/bas-tv.md\\\/ro\\\/#website\",\"url\":\"https:\\\/\\\/bas-tv.md\\\/ro\\\/\",\"name\":\"BasTV\",\"description\":\"Moldova\",\"publisher\":{\"@id\":\"https:\\\/\\\/bas-tv.md\\\/ro\\\/#organization\"},\"potentialAction\":[{\"@type\":\"SearchAction\",\"target\":{\"@type\":\"EntryPoint\",\"urlTemplate\":\"https:\\\/\\\/bas-tv.md\\\/ro\\\/?s={search_term_string}\"},\"query-input\":{\"@type\":\"PropertyValueSpecification\",\"valueRequired\":true,\"valueName\":\"search_term_string\"}}],\"inLanguage\":\"ro-RO\"},{\"@type\":\"Organization\",\"@id\":\"https:\\\/\\\/bas-tv.md\\\/ro\\\/#organization\",\"name\":\"BasTV\",\"url\":\"https:\\\/\\\/bas-tv.md\\\/ro\\\/\",\"logo\":{\"@type\":\"ImageObject\",\"inLanguage\":\"ro-RO\",\"@id\":\"https:\\\/\\\/bas-tv.md\\\/ro\\\/#\\\/schema\\\/logo\\\/image\\\/\",\"url\":\"https:\\\/\\\/bas-tv.md\\\/wp-content\\\/uploads\\\/2023\\\/05\\\/bas-tv-culoarea-rosie.png\",\"contentUrl\":\"https:\\\/\\\/bas-tv.md\\\/wp-content\\\/uploads\\\/2023\\\/05\\\/bas-tv-culoarea-rosie.png\",\"width\":202,\"height\":50,\"caption\":\"BasTV\"},\"image\":{\"@id\":\"https:\\\/\\\/bas-tv.md\\\/ro\\\/#\\\/schema\\\/logo\\\/image\\\/\"}},{\"@type\":\"Person\",\"@id\":\"https:\\\/\\\/bas-tv.md\\\/ro\\\/#\\\/schema\\\/person\\\/8740f45ea2eca1f1695284fc03529af0\",\"name\":\"Redactor\",\"image\":{\"@type\":\"ImageObject\",\"inLanguage\":\"ro-RO\",\"@id\":\"https:\\\/\\\/bas-tv.md\\\/wp-content\\\/litespeed\\\/avatar\\\/91c0586f3f6f4396a4ec1287c965eeeb.jpg?ver=1776950945\",\"url\":\"https:\\\/\\\/bas-tv.md\\\/wp-content\\\/litespeed\\\/avatar\\\/91c0586f3f6f4396a4ec1287c965eeeb.jpg?ver=1776950945\",\"contentUrl\":\"https:\\\/\\\/bas-tv.md\\\/wp-content\\\/litespeed\\\/avatar\\\/91c0586f3f6f4396a4ec1287c965eeeb.jpg?ver=1776950945\",\"caption\":\"Redactor\"},\"url\":\"https:\\\/\\\/bas-tv.md\\\/ro\\\/author\\\/redactor\\\/\"}]}<\/script>\n<!-- \/ Yoast SEO plugin. -->","yoast_head_json":{"title":"(FOTO) Zilele Filmului Rom\u00e2nesc, \u00een premier\u0103 la Cimi\u0219lia, pe 30 octombrie - BasTV","description":"Produc\u021biile cinematografice rom\u00e2ne\u0219ti ajung, \u00een premier\u0103, la Cimi\u0219lia. Pe 30 octombrie 2025, Casa de Cultur\u0103 va g\u0103zdui edi\u021bia a XI-a a Zilelor Filmului Rom\u00e2nesc - un eveniment devenit tradi\u021bie, care \u00ee\u0219i propune s\u0103 aduc\u0103 mai aproape de publicul din \u00eentreaga \u021bar\u0103 cele mai apreciate crea\u021bii ale cinematografiei rom\u00e2ne\u0219ti.","robots":{"index":"index","follow":"follow","max-snippet":"max-snippet:-1","max-image-preview":"max-image-preview:large","max-video-preview":"max-video-preview:-1"},"canonical":"https:\/\/bas-tv.md\/ro\/foto-zilele-filmului-romanesc-in-premiera-la-cimislia-pe-30-octombrie\/","og_locale":"ro_RO","og_type":"article","og_title":"(FOTO) Zilele Filmului Rom\u00e2nesc, \u00een premier\u0103 la Cimi\u0219lia, pe 30 octombrie - BasTV","og_description":"Produc\u021biile cinematografice rom\u00e2ne\u0219ti ajung, \u00een premier\u0103, la Cimi\u0219lia. Pe 30 octombrie 2025, Casa de Cultur\u0103 va g\u0103zdui edi\u021bia a XI-a a Zilelor Filmului Rom\u00e2nesc - un eveniment devenit tradi\u021bie, care \u00ee\u0219i propune s\u0103 aduc\u0103 mai aproape de publicul din \u00eentreaga \u021bar\u0103 cele mai apreciate crea\u021bii ale cinematografiei rom\u00e2ne\u0219ti.","og_url":"https:\/\/bas-tv.md\/ro\/foto-zilele-filmului-romanesc-in-premiera-la-cimislia-pe-30-octombrie\/","og_site_name":"BasTV","article_published_time":"2025-10-29T17:00:38+00:00","og_image":[{"width":1095,"height":680,"url":"https:\/\/bas-tv.md\/wp-content\/uploads\/2025\/10\/afis-zfr-cimislia-casa-de-cultura-1095x1536-1-e1761746509802.jpg","type":"image\/jpeg"}],"author":"Redactor","twitter_card":"summary_large_image","twitter_misc":{"Scris de":"Redactor","Timp estimat pentru citire":"4 minute"},"schema":{"@context":"https:\/\/schema.org","@graph":[{"@type":"Article","@id":"https:\/\/bas-tv.md\/ro\/foto-zilele-filmului-romanesc-in-premiera-la-cimislia-pe-30-octombrie\/#article","isPartOf":{"@id":"https:\/\/bas-tv.md\/ro\/foto-zilele-filmului-romanesc-in-premiera-la-cimislia-pe-30-octombrie\/"},"author":{"name":"Redactor","@id":"https:\/\/bas-tv.md\/ro\/#\/schema\/person\/8740f45ea2eca1f1695284fc03529af0"},"headline":"(FOTO) Zilele Filmului Rom\u00e2nesc, \u00een premier\u0103 la Cimi\u0219lia, pe 30 octombrie","datePublished":"2025-10-29T17:00:38+00:00","mainEntityOfPage":{"@id":"https:\/\/bas-tv.md\/ro\/foto-zilele-filmului-romanesc-in-premiera-la-cimislia-pe-30-octombrie\/"},"wordCount":534,"publisher":{"@id":"https:\/\/bas-tv.md\/ro\/#organization"},"image":{"@id":"https:\/\/bas-tv.md\/ro\/foto-zilele-filmului-romanesc-in-premiera-la-cimislia-pe-30-octombrie\/#primaryimage"},"thumbnailUrl":"https:\/\/bas-tv.md\/wp-content\/uploads\/2025\/10\/afis-zfr-cimislia-casa-de-cultura-1095x1536-1-e1761746509802.jpg","articleSection":["Actualitate","Anun\u021buri","\u00cen Moldova"],"inLanguage":"ro-RO"},{"@type":"WebPage","@id":"https:\/\/bas-tv.md\/ro\/foto-zilele-filmului-romanesc-in-premiera-la-cimislia-pe-30-octombrie\/","url":"https:\/\/bas-tv.md\/ro\/foto-zilele-filmului-romanesc-in-premiera-la-cimislia-pe-30-octombrie\/","name":"(FOTO) Zilele Filmului Rom\u00e2nesc, \u00een premier\u0103 la Cimi\u0219lia, pe 30 octombrie - BasTV","isPartOf":{"@id":"https:\/\/bas-tv.md\/ro\/#website"},"primaryImageOfPage":{"@id":"https:\/\/bas-tv.md\/ro\/foto-zilele-filmului-romanesc-in-premiera-la-cimislia-pe-30-octombrie\/#primaryimage"},"image":{"@id":"https:\/\/bas-tv.md\/ro\/foto-zilele-filmului-romanesc-in-premiera-la-cimislia-pe-30-octombrie\/#primaryimage"},"thumbnailUrl":"https:\/\/bas-tv.md\/wp-content\/uploads\/2025\/10\/afis-zfr-cimislia-casa-de-cultura-1095x1536-1-e1761746509802.jpg","datePublished":"2025-10-29T17:00:38+00:00","description":"Produc\u021biile cinematografice rom\u00e2ne\u0219ti ajung, \u00een premier\u0103, la Cimi\u0219lia. Pe 30 octombrie 2025, Casa de Cultur\u0103 va g\u0103zdui edi\u021bia a XI-a a Zilelor Filmului Rom\u00e2nesc - un eveniment devenit tradi\u021bie, care \u00ee\u0219i propune s\u0103 aduc\u0103 mai aproape de publicul din \u00eentreaga \u021bar\u0103 cele mai apreciate crea\u021bii ale cinematografiei rom\u00e2ne\u0219ti.","inLanguage":"ro-RO","potentialAction":[{"@type":"ReadAction","target":["https:\/\/bas-tv.md\/ro\/foto-zilele-filmului-romanesc-in-premiera-la-cimislia-pe-30-octombrie\/"]}]},{"@type":"ImageObject","inLanguage":"ro-RO","@id":"https:\/\/bas-tv.md\/ro\/foto-zilele-filmului-romanesc-in-premiera-la-cimislia-pe-30-octombrie\/#primaryimage","url":"https:\/\/bas-tv.md\/wp-content\/uploads\/2025\/10\/afis-zfr-cimislia-casa-de-cultura-1095x1536-1-e1761746509802.jpg","contentUrl":"https:\/\/bas-tv.md\/wp-content\/uploads\/2025\/10\/afis-zfr-cimislia-casa-de-cultura-1095x1536-1-e1761746509802.jpg","width":1095,"height":680},{"@type":"WebSite","@id":"https:\/\/bas-tv.md\/ro\/#website","url":"https:\/\/bas-tv.md\/ro\/","name":"BasTV","description":"Moldova","publisher":{"@id":"https:\/\/bas-tv.md\/ro\/#organization"},"potentialAction":[{"@type":"SearchAction","target":{"@type":"EntryPoint","urlTemplate":"https:\/\/bas-tv.md\/ro\/?s={search_term_string}"},"query-input":{"@type":"PropertyValueSpecification","valueRequired":true,"valueName":"search_term_string"}}],"inLanguage":"ro-RO"},{"@type":"Organization","@id":"https:\/\/bas-tv.md\/ro\/#organization","name":"BasTV","url":"https:\/\/bas-tv.md\/ro\/","logo":{"@type":"ImageObject","inLanguage":"ro-RO","@id":"https:\/\/bas-tv.md\/ro\/#\/schema\/logo\/image\/","url":"https:\/\/bas-tv.md\/wp-content\/uploads\/2023\/05\/bas-tv-culoarea-rosie.png","contentUrl":"https:\/\/bas-tv.md\/wp-content\/uploads\/2023\/05\/bas-tv-culoarea-rosie.png","width":202,"height":50,"caption":"BasTV"},"image":{"@id":"https:\/\/bas-tv.md\/ro\/#\/schema\/logo\/image\/"}},{"@type":"Person","@id":"https:\/\/bas-tv.md\/ro\/#\/schema\/person\/8740f45ea2eca1f1695284fc03529af0","name":"Redactor","image":{"@type":"ImageObject","inLanguage":"ro-RO","@id":"https:\/\/bas-tv.md\/wp-content\/litespeed\/avatar\/91c0586f3f6f4396a4ec1287c965eeeb.jpg?ver=1776950945","url":"https:\/\/bas-tv.md\/wp-content\/litespeed\/avatar\/91c0586f3f6f4396a4ec1287c965eeeb.jpg?ver=1776950945","contentUrl":"https:\/\/bas-tv.md\/wp-content\/litespeed\/avatar\/91c0586f3f6f4396a4ec1287c965eeeb.jpg?ver=1776950945","caption":"Redactor"},"url":"https:\/\/bas-tv.md\/ro\/author\/redactor\/"}]}},"views":225,"_links":{"self":[{"href":"https:\/\/bas-tv.md\/ro\/wp-json\/wp\/v2\/posts\/165452","targetHints":{"allow":["GET"]}}],"collection":[{"href":"https:\/\/bas-tv.md\/ro\/wp-json\/wp\/v2\/posts"}],"about":[{"href":"https:\/\/bas-tv.md\/ro\/wp-json\/wp\/v2\/types\/post"}],"author":[{"embeddable":true,"href":"https:\/\/bas-tv.md\/ro\/wp-json\/wp\/v2\/users\/3"}],"replies":[{"embeddable":true,"href":"https:\/\/bas-tv.md\/ro\/wp-json\/wp\/v2\/comments?post=165452"}],"version-history":[{"count":1,"href":"https:\/\/bas-tv.md\/ro\/wp-json\/wp\/v2\/posts\/165452\/revisions"}],"predecessor-version":[{"id":165487,"href":"https:\/\/bas-tv.md\/ro\/wp-json\/wp\/v2\/posts\/165452\/revisions\/165487"}],"wp:featuredmedia":[{"embeddable":true,"href":"https:\/\/bas-tv.md\/ro\/wp-json\/wp\/v2\/media\/165453"}],"wp:attachment":[{"href":"https:\/\/bas-tv.md\/ro\/wp-json\/wp\/v2\/media?parent=165452"}],"wp:term":[{"taxonomy":"category","embeddable":true,"href":"https:\/\/bas-tv.md\/ro\/wp-json\/wp\/v2\/categories?post=165452"},{"taxonomy":"post_tag","embeddable":true,"href":"https:\/\/bas-tv.md\/ro\/wp-json\/wp\/v2\/tags?post=165452"}],"curies":[{"name":"wp","href":"https:\/\/api.w.org\/{rel}","templated":true}]}}