{"id":165836,"date":"2025-11-04T13:00:09","date_gmt":"2025-11-04T11:00:09","guid":{"rendered":"https:\/\/bas-tv.md\/?p=165836"},"modified":"2025-11-04T12:06:00","modified_gmt":"2025-11-04T10:06:00","slug":"primaria-sadaclia-tractor-proiect-ecologic-deseuri","status":"publish","type":"post","link":"https:\/\/bas-tv.md\/ro\/primaria-sadaclia-tractor-proiect-ecologic-deseuri\/","title":{"rendered":"(FOTO) Prim\u0103ria Sadaclia a primit un tractor multifunc\u021bional \u00een cadrul unui proiect ecologic de gestionare a de\u0219eurilor"},"content":{"rendered":"<p data-start=\"276\" data-end=\"686\"><strong>Prim\u0103ria satului Sadaclia a intrat \u00een posesia unui tractor multifunc\u021bional cu toate accesoriile necesare, achizi\u021bie realizat\u0103 \u00een cadrul proiectului \u201eImplementarea unui sistem integrat de gestionare a de\u0219eurilor de pe teritoriul satului Sadaclia\u201d. Tractorul are\u00a0o valoare total\u0103 de 1 088 750 de lei, dintre care 10% reprezint\u0103 contribu\u021bia prim\u0103riei.<\/strong><\/p>\n<p data-start=\"923\" data-end=\"1081\">Primarul localit\u0103\u021bii, Ion Galeru, a declarat c\u0103 aceast\u0103 achizi\u021bie este prima investi\u021bie de acest gen din istoria localit\u0103\u021bii, marc\u00e2nd un pas important \u00een direc\u021bia moderniz\u0103rii infrastructurii ecologice din sat:<\/p>\n<blockquote data-start=\"1082\" data-end=\"1338\">\n<p data-start=\"1084\" data-end=\"1338\">\u201e\u00cempreun\u0103 contribuim la crearea unui sat mai curat, mai verde \u0219i mai responsabil fa\u021b\u0103 de mediu. Acestea nu sunt doar realiz\u0103ri punctuale, ci pa\u0219i mari \u00eenainte, care ne apropie de un trai mai bun \u0219i mai sigur pentru to\u021bi\u201d, a men\u021bionat primarul.<\/p>\n<\/blockquote>\n<p data-start=\"1340\" data-end=\"1539\">Autorit\u0103\u021bile locale aduc mul\u021bumiri Ministerului Mediului, Guvernului Republicii Moldova \u0219i Oficiului Na\u021bional de Implementare a Proiectelor \u00een domeniul Mediului pentru sprijinul oferit.<\/p>\n<p data-start=\"1764\" data-end=\"1987\">Noul tractor multifunc\u021bional va fi utilizat pentru \u00eembun\u0103t\u0103\u021birea serviciilor de salubrizare \u0219i gestionare a de\u0219eurilor, dar \u0219i pentru lucr\u0103ri publice, contribuind la cre\u0219terea calit\u0103\u021bii vie\u021bii locuitorilor din Sadaclia.<\/p>\n<p data-start=\"1764\" data-end=\"1987\">Proiectul a fost finan\u021bat prin intermediul Oficiului Na\u021bional de Implementare a Proiectelor \u00een domeniul Mediului, institu\u021bie din cadrul Fondului Na\u021bional de Mediu, gestionat de Ministerul Mediului al Republicii Moldova.<\/p>\n<div id='gallery-1' class='gallery galleryid-165836 gallery-columns-1 gallery-size-large'><figure class='gallery-item'>\n\t\t\t<div class='gallery-icon portrait'>\n\t\t\t\t<a href='https:\/\/bas-tv.md\/ro\/primaria-sadaclia-tractor-proiect-ecologic-deseuri\/574373137_1501816304432117_7623371070931537095_n\/'><img fetchpriority=\"high\" decoding=\"async\" width=\"580\" height=\"773\" src=\"https:\/\/bas-tv.md\/wp-content\/uploads\/2025\/11\/574373137_1501816304432117_7623371070931537095_n-768x1024.jpg\" class=\"attachment-large size-large\" alt=\"\" aria-describedby=\"gallery-1-165845\" srcset=\"https:\/\/bas-tv.md\/wp-content\/uploads\/2025\/11\/574373137_1501816304432117_7623371070931537095_n-768x1024.jpg 768w, https:\/\/bas-tv.md\/wp-content\/uploads\/2025\/11\/574373137_1501816304432117_7623371070931537095_n-225x300.jpg 225w, https:\/\/bas-tv.md\/wp-content\/uploads\/2025\/11\/574373137_1501816304432117_7623371070931537095_n-1152x1536.jpg 1152w, https:\/\/bas-tv.md\/wp-content\/uploads\/2025\/11\/574373137_1501816304432117_7623371070931537095_n-1200x1600.jpg 1200w, https:\/\/bas-tv.md\/wp-content\/uploads\/2025\/11\/574373137_1501816304432117_7623371070931537095_n.jpg 1536w\" sizes=\"(max-width: 580px) 100vw, 580px\" \/><\/a>\n\t\t\t<\/div>\n\t\t\t\t<figcaption class='wp-caption-text gallery-caption' id='gallery-1-165845'>\n\t\t\t\tFoto: Prim\u0103ria Sadaclia\n\t\t\t\t<\/figcaption><\/figure><figure class='gallery-item'>\n\t\t\t<div class='gallery-icon portrait'>\n\t\t\t\t<a href='https:\/\/bas-tv.md\/ro\/primaria-sadaclia-tractor-proiect-ecologic-deseuri\/574084591_1501816381098776_3121065710821048467_n\/'><img decoding=\"async\" width=\"580\" height=\"773\" src=\"https:\/\/bas-tv.md\/wp-content\/uploads\/2025\/11\/574084591_1501816381098776_3121065710821048467_n-768x1024.jpg\" class=\"attachment-large size-large\" alt=\"\" aria-describedby=\"gallery-1-165843\" srcset=\"https:\/\/bas-tv.md\/wp-content\/uploads\/2025\/11\/574084591_1501816381098776_3121065710821048467_n-768x1024.jpg 768w, https:\/\/bas-tv.md\/wp-content\/uploads\/2025\/11\/574084591_1501816381098776_3121065710821048467_n-225x300.jpg 225w, https:\/\/bas-tv.md\/wp-content\/uploads\/2025\/11\/574084591_1501816381098776_3121065710821048467_n-1152x1536.jpg 1152w, https:\/\/bas-tv.md\/wp-content\/uploads\/2025\/11\/574084591_1501816381098776_3121065710821048467_n-1200x1600.jpg 1200w, https:\/\/bas-tv.md\/wp-content\/uploads\/2025\/11\/574084591_1501816381098776_3121065710821048467_n.jpg 1536w\" sizes=\"(max-width: 580px) 100vw, 580px\" \/><\/a>\n\t\t\t<\/div>\n\t\t\t\t<figcaption class='wp-caption-text gallery-caption' id='gallery-1-165843'>\n\t\t\t\tFoto: Prim\u0103ria Sadaclia\n\t\t\t\t<\/figcaption><\/figure><figure class='gallery-item'>\n\t\t\t<div class='gallery-icon portrait'>\n\t\t\t\t<a href='https:\/\/bas-tv.md\/ro\/primaria-sadaclia-tractor-proiect-ecologic-deseuri\/574564876_1501816421098772_2257682951327088867_n\/'><img decoding=\"async\" width=\"580\" height=\"773\" src=\"https:\/\/bas-tv.md\/wp-content\/uploads\/2025\/11\/574564876_1501816421098772_2257682951327088867_n-768x1024.jpg\" class=\"attachment-large size-large\" alt=\"\" aria-describedby=\"gallery-1-165841\" srcset=\"https:\/\/bas-tv.md\/wp-content\/uploads\/2025\/11\/574564876_1501816421098772_2257682951327088867_n-768x1024.jpg 768w, https:\/\/bas-tv.md\/wp-content\/uploads\/2025\/11\/574564876_1501816421098772_2257682951327088867_n-225x300.jpg 225w, https:\/\/bas-tv.md\/wp-content\/uploads\/2025\/11\/574564876_1501816421098772_2257682951327088867_n-1152x1536.jpg 1152w, https:\/\/bas-tv.md\/wp-content\/uploads\/2025\/11\/574564876_1501816421098772_2257682951327088867_n-1200x1600.jpg 1200w, https:\/\/bas-tv.md\/wp-content\/uploads\/2025\/11\/574564876_1501816421098772_2257682951327088867_n.jpg 1536w\" sizes=\"(max-width: 580px) 100vw, 580px\" \/><\/a>\n\t\t\t<\/div>\n\t\t\t\t<figcaption class='wp-caption-text gallery-caption' id='gallery-1-165841'>\n\t\t\t\tFoto: Prim\u0103ria Sadaclia\n\t\t\t\t<\/figcaption><\/figure><figure class='gallery-item'>\n\t\t\t<div class='gallery-icon portrait'>\n\t\t\t\t<a href='https:\/\/bas-tv.md\/ro\/primaria-sadaclia-tractor-proiect-ecologic-deseuri\/573965421_1501816461098768_2163003779639909036_n\/'><img loading=\"lazy\" decoding=\"async\" width=\"580\" height=\"773\" src=\"https:\/\/bas-tv.md\/wp-content\/uploads\/2025\/11\/573965421_1501816461098768_2163003779639909036_n-768x1024.jpg\" class=\"attachment-large size-large\" alt=\"\" aria-describedby=\"gallery-1-165839\" srcset=\"https:\/\/bas-tv.md\/wp-content\/uploads\/2025\/11\/573965421_1501816461098768_2163003779639909036_n-768x1024.jpg 768w, https:\/\/bas-tv.md\/wp-content\/uploads\/2025\/11\/573965421_1501816461098768_2163003779639909036_n-225x300.jpg 225w, https:\/\/bas-tv.md\/wp-content\/uploads\/2025\/11\/573965421_1501816461098768_2163003779639909036_n-1152x1536.jpg 1152w, https:\/\/bas-tv.md\/wp-content\/uploads\/2025\/11\/573965421_1501816461098768_2163003779639909036_n-1200x1600.jpg 1200w, https:\/\/bas-tv.md\/wp-content\/uploads\/2025\/11\/573965421_1501816461098768_2163003779639909036_n.jpg 1536w\" sizes=\"(max-width: 580px) 100vw, 580px\" \/><\/a>\n\t\t\t<\/div>\n\t\t\t\t<figcaption class='wp-caption-text gallery-caption' id='gallery-1-165839'>\n\t\t\t\tFoto: Prim\u0103ria Sadaclia\n\t\t\t\t<\/figcaption><\/figure><figure class='gallery-item'>\n\t\t\t<div class='gallery-icon portrait'>\n\t\t\t\t<a href='https:\/\/bas-tv.md\/ro\/primaria-sadaclia-tractor-proiect-ecologic-deseuri\/574567124_1501816227765458_7298757301352886181_n\/'><img loading=\"lazy\" decoding=\"async\" width=\"580\" height=\"774\" src=\"https:\/\/bas-tv.md\/wp-content\/uploads\/2025\/11\/574567124_1501816227765458_7298757301352886181_n.jpg\" class=\"attachment-large size-large\" alt=\"\" aria-describedby=\"gallery-1-165837\" srcset=\"https:\/\/bas-tv.md\/wp-content\/uploads\/2025\/11\/574567124_1501816227765458_7298757301352886181_n.jpg 641w, https:\/\/bas-tv.md\/wp-content\/uploads\/2025\/11\/574567124_1501816227765458_7298757301352886181_n-225x300.jpg 225w\" sizes=\"(max-width: 580px) 100vw, 580px\" \/><\/a>\n\t\t\t<\/div>\n\t\t\t\t<figcaption class='wp-caption-text gallery-caption' id='gallery-1-165837'>\n\t\t\t\tFoto: Prim\u0103ria Sadaclia\n\t\t\t\t<\/figcaption><\/figure>\n\t\t<\/div>\n\n<p><strong>Sus\u021bine\u021bi redac\u021bia BAStv, abona\u021bi-v\u0103 la noi pe platforma\u00a0<a href=\"https:\/\/www.patreon.com\/BAStv?fan_landing=true&amp;fbclid=IwAR3MeSDKfH4ixBydCXX9D1lhrCszhps3ID5uxuGA-Ktd4MTkZCRdlcEZkQI\">Patreon\u00a0<\/a>sau prin efectuarea contribu\u021biilor prin\u00a0<a href=\"https:\/\/www.paypal.com\/paypalme\/supportbastv\">PayPal<\/a>! Aceasta ne va ajuta s\u0103 cre\u0103m con\u021binut interesant \u0219i util pentru dvs., r\u0103m\u00e2n\u00e2nd \u00een continuare o platform\u0103 media independent\u0103.<\/strong><\/p>\n<p><b>Abona\u021bi-v\u0103 la noi pe re\u021bele sociale:\u00a0<\/b><a href=\"https:\/\/t.me\/bastvmd\"><b><i>Telegram<\/i><\/b><\/a><b>,\u00a0<\/b><a href=\"https:\/\/www.youtube.com\/channel\/UC-9005PnLnhpNM8PVSjP2dQ\/featured\"><b><i>YouTube<\/i><\/b><\/a><b>,\u00a0<\/b><a href=\"https:\/\/www.facebook.com\/bastv.md\"><b><i>Facebook<\/i><\/b><\/a>\u00a0<strong>\u0219i\u00a0<\/strong><a href=\"https:\/\/www.instagram.com\/bastv.md\/\"><b><i>Instagram<\/i><\/b><\/a><b>. Aici public\u0103m \u0219tiri pe scurt.<\/b><\/p>\n","protected":false},"excerpt":{"rendered":"<p>Prim\u0103ria satului Sadaclia a intrat \u00een posesia unui tractor multifunc\u021bional cu toate accesoriile necesare, achizi\u021bie realizat\u0103 \u00een cadrul proiectului \u201eImplementarea unui sistem integrat de gestionare a de\u0219eurilor de pe teritoriul satului Sadaclia\u201d. Tractorul are\u00a0o valoare total\u0103 de 1 088 750 de lei, dintre care 10% reprezint\u0103 contribu\u021bia prim\u0103riei. Primarul localit\u0103\u021bii, Ion Galeru, a declarat c\u0103 [&hellip;]<\/p>\n","protected":false},"author":3,"featured_media":165847,"comment_status":"closed","ping_status":"closed","sticky":false,"template":"","format":"standard","meta":{"footnotes":""},"categories":[602,569],"tags":[744,693,15342,15341,894,970,683,677,15340],"class_list":["post-165836","post","type-post","status-publish","format-standard","has-post-thumbnail","hentry","category-actualitate","category-in-basarabeasca","tag-abaclia","tag-basarabeasca-ro","tag-deseuri","tag-gunoi","tag-minister","tag-proiect","tag-sadaclia","tag-sat","tag-tractor"],"yoast_head":"<!-- This site is optimized with the Yoast SEO plugin v27.5 - https:\/\/yoast.com\/product\/yoast-seo-wordpress\/ -->\n<title>(FOTO) Prim\u0103ria Sadaclia a primit un tractor multifunc\u021bional \u00een cadrul unui proiect ecologic de gestionare a de\u0219eurilor - BasTV<\/title>\n<meta name=\"description\" content=\"Prim\u0103ria satului Sadaclia a intrat \u00een posesia unui tractor multifunc\u021bional cu toate accesoriile necesare, achizi\u021bie realizat\u0103 \u00een cadrul proiectului \u201eImplementarea unui sistem integrat de gestionare a de\u0219eurilor de pe teritoriul satului Sadaclia\u201d. Tractorul are\u00a0o valoare total\u0103 de 1 088 750 de lei, dintre care 10% reprezint\u0103 contribu\u021bia prim\u0103riei.\" \/>\n<meta name=\"robots\" content=\"index, follow, max-snippet:-1, max-image-preview:large, max-video-preview:-1\" \/>\n<link rel=\"canonical\" href=\"https:\/\/bas-tv.md\/ro\/primaria-sadaclia-tractor-proiect-ecologic-deseuri\/\" \/>\n<meta property=\"og:locale\" content=\"ro_RO\" \/>\n<meta property=\"og:type\" content=\"article\" \/>\n<meta property=\"og:title\" content=\"(FOTO) Prim\u0103ria Sadaclia a primit un tractor multifunc\u021bional \u00een cadrul unui proiect ecologic de gestionare a de\u0219eurilor - BasTV\" \/>\n<meta property=\"og:description\" content=\"Prim\u0103ria satului Sadaclia a intrat \u00een posesia unui tractor multifunc\u021bional cu toate accesoriile necesare, achizi\u021bie realizat\u0103 \u00een cadrul proiectului \u201eImplementarea unui sistem integrat de gestionare a de\u0219eurilor de pe teritoriul satului Sadaclia\u201d. Tractorul are\u00a0o valoare total\u0103 de 1 088 750 de lei, dintre care 10% reprezint\u0103 contribu\u021bia prim\u0103riei.\" \/>\n<meta property=\"og:url\" content=\"https:\/\/bas-tv.md\/ro\/primaria-sadaclia-tractor-proiect-ecologic-deseuri\/\" \/>\n<meta property=\"og:site_name\" content=\"BasTV\" \/>\n<meta property=\"article:published_time\" content=\"2025-11-04T11:00:09+00:00\" \/>\n<meta property=\"og:image\" content=\"https:\/\/bas-tv.md\/wp-content\/uploads\/2025\/11\/574373137_1501816304432117_7623371070931537095_n-1-e1762200879156.jpg\" \/>\n\t<meta property=\"og:image:width\" content=\"1536\" \/>\n\t<meta property=\"og:image:height\" content=\"1618\" \/>\n\t<meta property=\"og:image:type\" content=\"image\/jpeg\" \/>\n<meta name=\"author\" content=\"Redactor\" \/>\n<meta name=\"twitter:card\" content=\"summary_large_image\" \/>\n<meta name=\"twitter:label1\" content=\"Scris de\" \/>\n\t<meta name=\"twitter:data1\" content=\"Redactor\" \/>\n\t<meta name=\"twitter:label2\" content=\"Timp estimat pentru citire\" \/>\n\t<meta name=\"twitter:data2\" content=\"2 minute\" \/>\n<script type=\"application\/ld+json\" class=\"yoast-schema-graph\">{\"@context\":\"https:\\\/\\\/schema.org\",\"@graph\":[{\"@type\":\"Article\",\"@id\":\"https:\\\/\\\/bas-tv.md\\\/ro\\\/primaria-sadaclia-tractor-proiect-ecologic-deseuri\\\/#article\",\"isPartOf\":{\"@id\":\"https:\\\/\\\/bas-tv.md\\\/ro\\\/primaria-sadaclia-tractor-proiect-ecologic-deseuri\\\/\"},\"author\":{\"name\":\"Redactor\",\"@id\":\"https:\\\/\\\/bas-tv.md\\\/ro\\\/#\\\/schema\\\/person\\\/8740f45ea2eca1f1695284fc03529af0\"},\"headline\":\"(FOTO) Prim\u0103ria Sadaclia a primit un tractor multifunc\u021bional \u00een cadrul unui proiect ecologic de gestionare a de\u0219eurilor\",\"datePublished\":\"2025-11-04T11:00:09+00:00\",\"mainEntityOfPage\":{\"@id\":\"https:\\\/\\\/bas-tv.md\\\/ro\\\/primaria-sadaclia-tractor-proiect-ecologic-deseuri\\\/\"},\"wordCount\":315,\"publisher\":{\"@id\":\"https:\\\/\\\/bas-tv.md\\\/ro\\\/#organization\"},\"image\":{\"@id\":\"https:\\\/\\\/bas-tv.md\\\/ro\\\/primaria-sadaclia-tractor-proiect-ecologic-deseuri\\\/#primaryimage\"},\"thumbnailUrl\":\"https:\\\/\\\/bas-tv.md\\\/wp-content\\\/uploads\\\/2025\\\/11\\\/574373137_1501816304432117_7623371070931537095_n-1-e1762200879156.jpg\",\"keywords\":[\"abaclia\",\"Basarabeasca\",\"de\u0219euri\",\"gunoi\",\"minister\",\"proiect\",\"sadaclia\",\"sat\",\"tractor\"],\"articleSection\":[\"Actualitate\",\"\u00cen Basarabeasca\"],\"inLanguage\":\"ro-RO\"},{\"@type\":\"WebPage\",\"@id\":\"https:\\\/\\\/bas-tv.md\\\/ro\\\/primaria-sadaclia-tractor-proiect-ecologic-deseuri\\\/\",\"url\":\"https:\\\/\\\/bas-tv.md\\\/ro\\\/primaria-sadaclia-tractor-proiect-ecologic-deseuri\\\/\",\"name\":\"(FOTO) Prim\u0103ria Sadaclia a primit un tractor multifunc\u021bional \u00een cadrul unui proiect ecologic de gestionare a de\u0219eurilor - BasTV\",\"isPartOf\":{\"@id\":\"https:\\\/\\\/bas-tv.md\\\/ro\\\/#website\"},\"primaryImageOfPage\":{\"@id\":\"https:\\\/\\\/bas-tv.md\\\/ro\\\/primaria-sadaclia-tractor-proiect-ecologic-deseuri\\\/#primaryimage\"},\"image\":{\"@id\":\"https:\\\/\\\/bas-tv.md\\\/ro\\\/primaria-sadaclia-tractor-proiect-ecologic-deseuri\\\/#primaryimage\"},\"thumbnailUrl\":\"https:\\\/\\\/bas-tv.md\\\/wp-content\\\/uploads\\\/2025\\\/11\\\/574373137_1501816304432117_7623371070931537095_n-1-e1762200879156.jpg\",\"datePublished\":\"2025-11-04T11:00:09+00:00\",\"description\":\"Prim\u0103ria satului Sadaclia a intrat \u00een posesia unui tractor multifunc\u021bional cu toate accesoriile necesare, achizi\u021bie realizat\u0103 \u00een cadrul proiectului \u201eImplementarea unui sistem integrat de gestionare a de\u0219eurilor de pe teritoriul satului Sadaclia\u201d. Tractorul are\u00a0o valoare total\u0103 de 1 088 750 de lei, dintre care 10% reprezint\u0103 contribu\u021bia prim\u0103riei.\",\"inLanguage\":\"ro-RO\",\"potentialAction\":[{\"@type\":\"ReadAction\",\"target\":[\"https:\\\/\\\/bas-tv.md\\\/ro\\\/primaria-sadaclia-tractor-proiect-ecologic-deseuri\\\/\"]}]},{\"@type\":\"ImageObject\",\"inLanguage\":\"ro-RO\",\"@id\":\"https:\\\/\\\/bas-tv.md\\\/ro\\\/primaria-sadaclia-tractor-proiect-ecologic-deseuri\\\/#primaryimage\",\"url\":\"https:\\\/\\\/bas-tv.md\\\/wp-content\\\/uploads\\\/2025\\\/11\\\/574373137_1501816304432117_7623371070931537095_n-1-e1762200879156.jpg\",\"contentUrl\":\"https:\\\/\\\/bas-tv.md\\\/wp-content\\\/uploads\\\/2025\\\/11\\\/574373137_1501816304432117_7623371070931537095_n-1-e1762200879156.jpg\",\"width\":1536,\"height\":1618,\"caption\":\"Foto: Prim\u0103ria Sadaclia\"},{\"@type\":\"WebSite\",\"@id\":\"https:\\\/\\\/bas-tv.md\\\/ro\\\/#website\",\"url\":\"https:\\\/\\\/bas-tv.md\\\/ro\\\/\",\"name\":\"BasTV\",\"description\":\"Moldova\",\"publisher\":{\"@id\":\"https:\\\/\\\/bas-tv.md\\\/ro\\\/#organization\"},\"potentialAction\":[{\"@type\":\"SearchAction\",\"target\":{\"@type\":\"EntryPoint\",\"urlTemplate\":\"https:\\\/\\\/bas-tv.md\\\/ro\\\/?s={search_term_string}\"},\"query-input\":{\"@type\":\"PropertyValueSpecification\",\"valueRequired\":true,\"valueName\":\"search_term_string\"}}],\"inLanguage\":\"ro-RO\"},{\"@type\":\"Organization\",\"@id\":\"https:\\\/\\\/bas-tv.md\\\/ro\\\/#organization\",\"name\":\"BasTV\",\"url\":\"https:\\\/\\\/bas-tv.md\\\/ro\\\/\",\"logo\":{\"@type\":\"ImageObject\",\"inLanguage\":\"ro-RO\",\"@id\":\"https:\\\/\\\/bas-tv.md\\\/ro\\\/#\\\/schema\\\/logo\\\/image\\\/\",\"url\":\"https:\\\/\\\/bas-tv.md\\\/wp-content\\\/uploads\\\/2023\\\/05\\\/bas-tv-culoarea-rosie.png\",\"contentUrl\":\"https:\\\/\\\/bas-tv.md\\\/wp-content\\\/uploads\\\/2023\\\/05\\\/bas-tv-culoarea-rosie.png\",\"width\":202,\"height\":50,\"caption\":\"BasTV\"},\"image\":{\"@id\":\"https:\\\/\\\/bas-tv.md\\\/ro\\\/#\\\/schema\\\/logo\\\/image\\\/\"}},{\"@type\":\"Person\",\"@id\":\"https:\\\/\\\/bas-tv.md\\\/ro\\\/#\\\/schema\\\/person\\\/8740f45ea2eca1f1695284fc03529af0\",\"name\":\"Redactor\",\"image\":{\"@type\":\"ImageObject\",\"inLanguage\":\"ro-RO\",\"@id\":\"https:\\\/\\\/bas-tv.md\\\/wp-content\\\/litespeed\\\/avatar\\\/91c0586f3f6f4396a4ec1287c965eeeb.jpg?ver=1777555749\",\"url\":\"https:\\\/\\\/bas-tv.md\\\/wp-content\\\/litespeed\\\/avatar\\\/91c0586f3f6f4396a4ec1287c965eeeb.jpg?ver=1777555749\",\"contentUrl\":\"https:\\\/\\\/bas-tv.md\\\/wp-content\\\/litespeed\\\/avatar\\\/91c0586f3f6f4396a4ec1287c965eeeb.jpg?ver=1777555749\",\"caption\":\"Redactor\"},\"url\":\"https:\\\/\\\/bas-tv.md\\\/ro\\\/author\\\/redactor\\\/\"}]}<\/script>\n<!-- \/ Yoast SEO plugin. -->","yoast_head_json":{"title":"(FOTO) Prim\u0103ria Sadaclia a primit un tractor multifunc\u021bional \u00een cadrul unui proiect ecologic de gestionare a de\u0219eurilor - BasTV","description":"Prim\u0103ria satului Sadaclia a intrat \u00een posesia unui tractor multifunc\u021bional cu toate accesoriile necesare, achizi\u021bie realizat\u0103 \u00een cadrul proiectului \u201eImplementarea unui sistem integrat de gestionare a de\u0219eurilor de pe teritoriul satului Sadaclia\u201d. Tractorul are\u00a0o valoare total\u0103 de 1 088 750 de lei, dintre care 10% reprezint\u0103 contribu\u021bia prim\u0103riei.","robots":{"index":"index","follow":"follow","max-snippet":"max-snippet:-1","max-image-preview":"max-image-preview:large","max-video-preview":"max-video-preview:-1"},"canonical":"https:\/\/bas-tv.md\/ro\/primaria-sadaclia-tractor-proiect-ecologic-deseuri\/","og_locale":"ro_RO","og_type":"article","og_title":"(FOTO) Prim\u0103ria Sadaclia a primit un tractor multifunc\u021bional \u00een cadrul unui proiect ecologic de gestionare a de\u0219eurilor - BasTV","og_description":"Prim\u0103ria satului Sadaclia a intrat \u00een posesia unui tractor multifunc\u021bional cu toate accesoriile necesare, achizi\u021bie realizat\u0103 \u00een cadrul proiectului \u201eImplementarea unui sistem integrat de gestionare a de\u0219eurilor de pe teritoriul satului Sadaclia\u201d. Tractorul are\u00a0o valoare total\u0103 de 1 088 750 de lei, dintre care 10% reprezint\u0103 contribu\u021bia prim\u0103riei.","og_url":"https:\/\/bas-tv.md\/ro\/primaria-sadaclia-tractor-proiect-ecologic-deseuri\/","og_site_name":"BasTV","article_published_time":"2025-11-04T11:00:09+00:00","og_image":[{"width":1536,"height":1618,"url":"https:\/\/bas-tv.md\/wp-content\/uploads\/2025\/11\/574373137_1501816304432117_7623371070931537095_n-1-e1762200879156.jpg","type":"image\/jpeg"}],"author":"Redactor","twitter_card":"summary_large_image","twitter_misc":{"Scris de":"Redactor","Timp estimat pentru citire":"2 minute"},"schema":{"@context":"https:\/\/schema.org","@graph":[{"@type":"Article","@id":"https:\/\/bas-tv.md\/ro\/primaria-sadaclia-tractor-proiect-ecologic-deseuri\/#article","isPartOf":{"@id":"https:\/\/bas-tv.md\/ro\/primaria-sadaclia-tractor-proiect-ecologic-deseuri\/"},"author":{"name":"Redactor","@id":"https:\/\/bas-tv.md\/ro\/#\/schema\/person\/8740f45ea2eca1f1695284fc03529af0"},"headline":"(FOTO) Prim\u0103ria Sadaclia a primit un tractor multifunc\u021bional \u00een cadrul unui proiect ecologic de gestionare a de\u0219eurilor","datePublished":"2025-11-04T11:00:09+00:00","mainEntityOfPage":{"@id":"https:\/\/bas-tv.md\/ro\/primaria-sadaclia-tractor-proiect-ecologic-deseuri\/"},"wordCount":315,"publisher":{"@id":"https:\/\/bas-tv.md\/ro\/#organization"},"image":{"@id":"https:\/\/bas-tv.md\/ro\/primaria-sadaclia-tractor-proiect-ecologic-deseuri\/#primaryimage"},"thumbnailUrl":"https:\/\/bas-tv.md\/wp-content\/uploads\/2025\/11\/574373137_1501816304432117_7623371070931537095_n-1-e1762200879156.jpg","keywords":["abaclia","Basarabeasca","de\u0219euri","gunoi","minister","proiect","sadaclia","sat","tractor"],"articleSection":["Actualitate","\u00cen Basarabeasca"],"inLanguage":"ro-RO"},{"@type":"WebPage","@id":"https:\/\/bas-tv.md\/ro\/primaria-sadaclia-tractor-proiect-ecologic-deseuri\/","url":"https:\/\/bas-tv.md\/ro\/primaria-sadaclia-tractor-proiect-ecologic-deseuri\/","name":"(FOTO) Prim\u0103ria Sadaclia a primit un tractor multifunc\u021bional \u00een cadrul unui proiect ecologic de gestionare a de\u0219eurilor - BasTV","isPartOf":{"@id":"https:\/\/bas-tv.md\/ro\/#website"},"primaryImageOfPage":{"@id":"https:\/\/bas-tv.md\/ro\/primaria-sadaclia-tractor-proiect-ecologic-deseuri\/#primaryimage"},"image":{"@id":"https:\/\/bas-tv.md\/ro\/primaria-sadaclia-tractor-proiect-ecologic-deseuri\/#primaryimage"},"thumbnailUrl":"https:\/\/bas-tv.md\/wp-content\/uploads\/2025\/11\/574373137_1501816304432117_7623371070931537095_n-1-e1762200879156.jpg","datePublished":"2025-11-04T11:00:09+00:00","description":"Prim\u0103ria satului Sadaclia a intrat \u00een posesia unui tractor multifunc\u021bional cu toate accesoriile necesare, achizi\u021bie realizat\u0103 \u00een cadrul proiectului \u201eImplementarea unui sistem integrat de gestionare a de\u0219eurilor de pe teritoriul satului Sadaclia\u201d. Tractorul are\u00a0o valoare total\u0103 de 1 088 750 de lei, dintre care 10% reprezint\u0103 contribu\u021bia prim\u0103riei.","inLanguage":"ro-RO","potentialAction":[{"@type":"ReadAction","target":["https:\/\/bas-tv.md\/ro\/primaria-sadaclia-tractor-proiect-ecologic-deseuri\/"]}]},{"@type":"ImageObject","inLanguage":"ro-RO","@id":"https:\/\/bas-tv.md\/ro\/primaria-sadaclia-tractor-proiect-ecologic-deseuri\/#primaryimage","url":"https:\/\/bas-tv.md\/wp-content\/uploads\/2025\/11\/574373137_1501816304432117_7623371070931537095_n-1-e1762200879156.jpg","contentUrl":"https:\/\/bas-tv.md\/wp-content\/uploads\/2025\/11\/574373137_1501816304432117_7623371070931537095_n-1-e1762200879156.jpg","width":1536,"height":1618,"caption":"Foto: Prim\u0103ria Sadaclia"},{"@type":"WebSite","@id":"https:\/\/bas-tv.md\/ro\/#website","url":"https:\/\/bas-tv.md\/ro\/","name":"BasTV","description":"Moldova","publisher":{"@id":"https:\/\/bas-tv.md\/ro\/#organization"},"potentialAction":[{"@type":"SearchAction","target":{"@type":"EntryPoint","urlTemplate":"https:\/\/bas-tv.md\/ro\/?s={search_term_string}"},"query-input":{"@type":"PropertyValueSpecification","valueRequired":true,"valueName":"search_term_string"}}],"inLanguage":"ro-RO"},{"@type":"Organization","@id":"https:\/\/bas-tv.md\/ro\/#organization","name":"BasTV","url":"https:\/\/bas-tv.md\/ro\/","logo":{"@type":"ImageObject","inLanguage":"ro-RO","@id":"https:\/\/bas-tv.md\/ro\/#\/schema\/logo\/image\/","url":"https:\/\/bas-tv.md\/wp-content\/uploads\/2023\/05\/bas-tv-culoarea-rosie.png","contentUrl":"https:\/\/bas-tv.md\/wp-content\/uploads\/2023\/05\/bas-tv-culoarea-rosie.png","width":202,"height":50,"caption":"BasTV"},"image":{"@id":"https:\/\/bas-tv.md\/ro\/#\/schema\/logo\/image\/"}},{"@type":"Person","@id":"https:\/\/bas-tv.md\/ro\/#\/schema\/person\/8740f45ea2eca1f1695284fc03529af0","name":"Redactor","image":{"@type":"ImageObject","inLanguage":"ro-RO","@id":"https:\/\/bas-tv.md\/wp-content\/litespeed\/avatar\/91c0586f3f6f4396a4ec1287c965eeeb.jpg?ver=1777555749","url":"https:\/\/bas-tv.md\/wp-content\/litespeed\/avatar\/91c0586f3f6f4396a4ec1287c965eeeb.jpg?ver=1777555749","contentUrl":"https:\/\/bas-tv.md\/wp-content\/litespeed\/avatar\/91c0586f3f6f4396a4ec1287c965eeeb.jpg?ver=1777555749","caption":"Redactor"},"url":"https:\/\/bas-tv.md\/ro\/author\/redactor\/"}]}},"views":435,"_links":{"self":[{"href":"https:\/\/bas-tv.md\/ro\/wp-json\/wp\/v2\/posts\/165836","targetHints":{"allow":["GET"]}}],"collection":[{"href":"https:\/\/bas-tv.md\/ro\/wp-json\/wp\/v2\/posts"}],"about":[{"href":"https:\/\/bas-tv.md\/ro\/wp-json\/wp\/v2\/types\/post"}],"author":[{"embeddable":true,"href":"https:\/\/bas-tv.md\/ro\/wp-json\/wp\/v2\/users\/3"}],"replies":[{"embeddable":true,"href":"https:\/\/bas-tv.md\/ro\/wp-json\/wp\/v2\/comments?post=165836"}],"version-history":[{"count":1,"href":"https:\/\/bas-tv.md\/ro\/wp-json\/wp\/v2\/posts\/165836\/revisions"}],"predecessor-version":[{"id":165849,"href":"https:\/\/bas-tv.md\/ro\/wp-json\/wp\/v2\/posts\/165836\/revisions\/165849"}],"wp:featuredmedia":[{"embeddable":true,"href":"https:\/\/bas-tv.md\/ro\/wp-json\/wp\/v2\/media\/165847"}],"wp:attachment":[{"href":"https:\/\/bas-tv.md\/ro\/wp-json\/wp\/v2\/media?parent=165836"}],"wp:term":[{"taxonomy":"category","embeddable":true,"href":"https:\/\/bas-tv.md\/ro\/wp-json\/wp\/v2\/categories?post=165836"},{"taxonomy":"post_tag","embeddable":true,"href":"https:\/\/bas-tv.md\/ro\/wp-json\/wp\/v2\/tags?post=165836"}],"curies":[{"name":"wp","href":"https:\/\/api.w.org\/{rel}","templated":true}]}}