{"id":165907,"date":"2025-11-05T14:30:41","date_gmt":"2025-11-05T12:30:41","guid":{"rendered":"https:\/\/bas-tv.md\/?p=165907"},"modified":"2025-11-05T13:15:58","modified_gmt":"2025-11-05T11:15:58","slug":"video-cum-s-a-desfasurat-saptamana-voluntariatului-in-raionul-basarabeasca","status":"publish","type":"post","link":"https:\/\/bas-tv.md\/ro\/video-cum-s-a-desfasurat-saptamana-voluntariatului-in-raionul-basarabeasca\/","title":{"rendered":"(VIDEO) Cum s-a desf\u0103\u0219urat S\u0103pt\u0103m\u00e2na Voluntariatului \u00een raionul Basarabeasca"},"content":{"rendered":"<p><strong>Activit\u0103\u021bile dedicate S\u0103pt\u0103m\u00e2nii Voluntariatului s-au desf\u0103\u0219urat \u00een localit\u0103\u021bile raionului Basarabeasca, \u00een perioada 20\u201330 octombrie, reunind locuitori de toate v\u00e2rstele. Ace\u0219tia au participat la ac\u021biuni de \u00eenverzire, ecologizare, activit\u0103\u021bi caritabile \u0219i competi\u021bii sportive, contribuind la consolidarea spiritului comunitar. Afla\u021bi mai multe \u00een reportajul redac\u021biei BAStv.<\/strong><\/p>\n<p>Printre primele entit\u0103\u021bi din raionul Basarabeasca care au aderat la campanie se num\u0103r\u0103 institu\u021biile de \u00eenv\u0103\u021b\u0103m\u00e2nt din satele Abaclia \u0219i Ba\u0219calia. \u00cen cur\u021bile \u0219colilor, elevii-voluntari au plantat arbori \u0219i au amenajat spa\u021biile verzi.<\/p>\n<p>La Basarabeasca, beneficiarii Centrului Comunitar Multifunc\u021bional \u201eRecuno\u0219tin\u021ba\u201d au participat la o ac\u021biune de amenajare a teritoriului institu\u021biei. Beneficiarii centrului s-au implicat activ \u00een cadrul acestei activit\u0103\u021bi.<\/p>\n<p>\u00cen satul Carabetovca, tinerii voluntari, coordona\u021bi de preotul bisericii ortodoxe din localitate, p\u0103rintele Constantin, au f\u0103cut cur\u0103\u021benie \u00een Parcul Eroilor \u0219i au instalat un sistem de irigare. Potrivit p\u0103rintelui, parcul \u0219i monumentul ridicat \u00een memoria eroilor din cel de-Al Doilea R\u0103zboi Mondial au o valoare simbolic\u0103 deosebit\u0103 pentru locuitorii satului.<\/p>\n<p>La Sadaclia, voluntarii au organizat un eveniment dedicat persoanelor \u00een etate, cu gust\u0103ri, program artistic \u0219i concursuri, iar la final le-au \u00eemp\u0103r\u021bit oaspe\u021bilor pachete cu alimente.<\/p>\n<p>Persoanele \u00een etate invitate la eveniment s-au ar\u0103tat profund recunosc\u0103toare organizatorilor pentru emo\u021biile oferite.<\/p>\n<p>S\u0103pt\u0103m\u00e2na Voluntariatului a inclus \u0219i activit\u0103\u021bi sportive, printre care \u0219i o activitate organizat\u0103 de profesorii \u0218colii Sportive Raionale Basarabeasca. Sub genericul <em>\u201eUnitate prin sport\u201d<\/em>, au fost desf\u0103\u0219urate meciuri amicale de fotbal, \u0219tafete \u0219i masterclass-uri. Copiii s-au \u00eentrecut \u00een probe care le-au testat \u00eendem\u00e2narea \u0219i spiritul de echip\u0103, \u00een timp ce p\u0103rin\u021bii \u0219i antrenorii \u00eei sus\u021bineau din tribune.<\/p>\n<p>Cele 12 evenimente au fost organizate \u00een cadrul proiectului \u201eVoluntariat 2.0 \u2013 noi oportunit\u0103\u021bi pentru fapte bune!\u201d, implementat \u00een raionul Basarabeasca de Asocia\u021bia Ob\u0219teasc\u0103 \u201eCentrul de Ini\u021biative ale Tinerilor FEED-BACK\u201d, cu sprijinul proiectului \u201eConsolidarea coeziunii sociale \u00een Moldova prin dialog \u0219i dezvoltare comunitar\u0103\u201d, derulat de Programul Na\u021biunilor Unite pentru Dezvoltare (PNUD) \u0219i Fondul ONU pentru Popula\u021bie (UNFPA), cu sprijinul Guvernului Elve\u021biei. La nivel raional, au fost implicate toate institu\u021biile de \u00eenv\u0103\u021b\u0103m\u00e2nt din satele raionului Basarabeasca, \u0218coala Sportiv\u0103, Centrul \u201eRecuno\u0219tin\u021ba\u201d, organiza\u021bii non-guvernamentale \u0219i grupuri de ini\u021biativ\u0103. \u00cen total, \u00een cadrul activit\u0103\u021bilor au fost implicate peste 200 de persoane.<\/p>\n<p><iframe title=\"Cum s a desf\u0103\u0219urat S\u0103pt\u0103m\u00e2na Voluntariatului \u00een raionul Basarabeasca\" width=\"580\" height=\"326\" data-src=\"https:\/\/www.youtube.com\/embed\/lOWcw-GSe5E?feature=oembed\" frameborder=\"0\" allow=\"accelerometer; autoplay; clipboard-write; encrypted-media; gyroscope; picture-in-picture; web-share\" referrerpolicy=\"strict-origin-when-cross-origin\" allowfullscreen src=\"data:image\/svg+xml;base64,PHN2ZyB3aWR0aD0iMSIgaGVpZ2h0PSIxIiB4bWxucz0iaHR0cDovL3d3dy53My5vcmcvMjAwMC9zdmciPjwvc3ZnPg==\" class=\"lazyload\" data-load-mode=\"1\"><\/iframe><\/p>\n<p><strong>Sus\u021bine\u021bi redac\u021bia BAStv, abona\u021bi-v\u0103 la noi pe platforma\u00a0<a href=\"https:\/\/www.patreon.com\/BAStv?fan_landing=true&amp;fbclid=IwAR3MeSDKfH4ixBydCXX9D1lhrCszhps3ID5uxuGA-Ktd4MTkZCRdlcEZkQI\">Patreon\u00a0<\/a>sau prin efectuarea contribu\u021biilor prin\u00a0<a href=\"https:\/\/www.paypal.com\/paypalme\/supportbastv\">PayPal<\/a>! Aceasta ne va ajuta s\u0103 cre\u0103m con\u021binut interesant \u0219i util pentru dvs., r\u0103m\u00e2n\u00e2nd \u00een continuare o platform\u0103 media independent\u0103.<\/strong><\/p>\n<p><b>Abona\u021bi-v\u0103 la noi pe re\u021bele sociale:\u00a0<\/b><a href=\"https:\/\/t.me\/bastvmd\"><b><i>Telegram<\/i><\/b><\/a><b>,\u00a0<\/b><a href=\"https:\/\/www.youtube.com\/channel\/UC-9005PnLnhpNM8PVSjP2dQ\/featured\"><b><i>YouTube<\/i><\/b><\/a><b>,\u00a0<\/b><a href=\"https:\/\/www.facebook.com\/bastv.md\"><b><i>Facebook<\/i><\/b><\/a>\u00a0<strong>\u0219i\u00a0<\/strong><a href=\"https:\/\/www.instagram.com\/bastv.md\/\"><b><i>Instagram<\/i><\/b><\/a><b>. Aici public\u0103m \u0219tiri pe scurt.<\/b><\/p>\n","protected":false},"excerpt":{"rendered":"<p>Activit\u0103\u021bile dedicate S\u0103pt\u0103m\u00e2nii Voluntariatului s-au desf\u0103\u0219urat \u00een localit\u0103\u021bile raionului Basarabeasca, \u00een perioada 20\u201330 octombrie, reunind locuitori de toate v\u00e2rstele. Ace\u0219tia au participat la ac\u021biuni de \u00eenverzire, ecologizare, activit\u0103\u021bi caritabile \u0219i competi\u021bii sportive, contribuind la consolidarea spiritului comunitar. Afla\u021bi mai multe \u00een reportajul redac\u021biei BAStv. Printre primele entit\u0103\u021bi din raionul Basarabeasca care au aderat la campanie [&hellip;]<\/p>\n","protected":false},"author":3,"featured_media":165912,"comment_status":"closed","ping_status":"closed","sticky":false,"template":"","format":"standard","meta":{"footnotes":""},"categories":[602,569],"tags":[15380,15379,693,15378,2337,795],"class_list":["post-165907","post","type-post","status-publish","format-standard","has-post-thumbnail","hentry","category-actualitate","category-in-basarabeasca","tag-actiuni-ecologice","tag-activitati-caritabile","tag-basarabeasca-ro","tag-saptamana-voluntariatului","tag-voluntariat","tag-sport-ro-2"],"yoast_head":"<!-- This site is optimized with the Yoast SEO plugin v27.5 - https:\/\/yoast.com\/product\/yoast-seo-wordpress\/ -->\n<title>S\u0103pt\u0103m\u00e2na Voluntariatului \u00een raionul Basarabeasca<\/title>\n<meta name=\"description\" content=\"S\u0103pt\u0103m\u00e2na Voluntariatului \u00een raionul Basarabeasca a reunit peste 200 de participan\u021bi \u00een activit\u0103\u021bi de \u00eenverzire, cur\u0103\u021benie, caritate \u0219i sport.\" \/>\n<meta name=\"robots\" content=\"index, follow, max-snippet:-1, max-image-preview:large, max-video-preview:-1\" \/>\n<link rel=\"canonical\" href=\"https:\/\/bas-tv.md\/ro\/video-cum-s-a-desfasurat-saptamana-voluntariatului-in-raionul-basarabeasca\/\" \/>\n<meta property=\"og:locale\" content=\"ro_RO\" \/>\n<meta property=\"og:type\" content=\"article\" \/>\n<meta property=\"og:title\" content=\"S\u0103pt\u0103m\u00e2na Voluntariatului \u00een raionul Basarabeasca\" \/>\n<meta property=\"og:description\" content=\"S\u0103pt\u0103m\u00e2na Voluntariatului \u00een raionul Basarabeasca a reunit peste 200 de participan\u021bi \u00een activit\u0103\u021bi de \u00eenverzire, cur\u0103\u021benie, caritate \u0219i sport.\" \/>\n<meta property=\"og:url\" content=\"https:\/\/bas-tv.md\/ro\/video-cum-s-a-desfasurat-saptamana-voluntariatului-in-raionul-basarabeasca\/\" \/>\n<meta property=\"og:site_name\" content=\"BasTV\" \/>\n<meta property=\"article:published_time\" content=\"2025-11-05T12:30:41+00:00\" \/>\n<meta property=\"og:image\" content=\"https:\/\/bas-tv.md\/wp-content\/uploads\/2025\/11\/nedelya-volonterstva-czentr-recunostinta.png\" \/>\n\t<meta property=\"og:image:width\" content=\"1151\" \/>\n\t<meta property=\"og:image:height\" content=\"646\" \/>\n\t<meta property=\"og:image:type\" content=\"image\/png\" \/>\n<meta name=\"author\" content=\"Redactor\" \/>\n<meta name=\"twitter:card\" content=\"summary_large_image\" \/>\n<meta name=\"twitter:label1\" content=\"Scris de\" \/>\n\t<meta name=\"twitter:data1\" content=\"Redactor\" \/>\n\t<meta name=\"twitter:label2\" content=\"Timp estimat pentru citire\" \/>\n\t<meta name=\"twitter:data2\" content=\"3 minute\" \/>\n<script type=\"application\/ld+json\" class=\"yoast-schema-graph\">{\"@context\":\"https:\\\/\\\/schema.org\",\"@graph\":[{\"@type\":\"Article\",\"@id\":\"https:\\\/\\\/bas-tv.md\\\/ro\\\/video-cum-s-a-desfasurat-saptamana-voluntariatului-in-raionul-basarabeasca\\\/#article\",\"isPartOf\":{\"@id\":\"https:\\\/\\\/bas-tv.md\\\/ro\\\/video-cum-s-a-desfasurat-saptamana-voluntariatului-in-raionul-basarabeasca\\\/\"},\"author\":{\"name\":\"Redactor\",\"@id\":\"https:\\\/\\\/bas-tv.md\\\/ro\\\/#\\\/schema\\\/person\\\/8740f45ea2eca1f1695284fc03529af0\"},\"headline\":\"(VIDEO) Cum s-a desf\u0103\u0219urat S\u0103pt\u0103m\u00e2na Voluntariatului \u00een raionul Basarabeasca\",\"datePublished\":\"2025-11-05T12:30:41+00:00\",\"mainEntityOfPage\":{\"@id\":\"https:\\\/\\\/bas-tv.md\\\/ro\\\/video-cum-s-a-desfasurat-saptamana-voluntariatului-in-raionul-basarabeasca\\\/\"},\"wordCount\":487,\"publisher\":{\"@id\":\"https:\\\/\\\/bas-tv.md\\\/ro\\\/#organization\"},\"image\":{\"@id\":\"https:\\\/\\\/bas-tv.md\\\/ro\\\/video-cum-s-a-desfasurat-saptamana-voluntariatului-in-raionul-basarabeasca\\\/#primaryimage\"},\"thumbnailUrl\":\"https:\\\/\\\/bas-tv.md\\\/wp-content\\\/uploads\\\/2025\\\/11\\\/nedelya-volonterstva-czentr-recunostinta.png\",\"keywords\":[\"ac\u021biuni ecologice\",\"activit\u0103\u021bi caritabile\",\"Basarabeasca\",\"S\u0103pt\u0103m\u00e2na Voluntariatului\",\"voluntariat\",\"\u0421\u043f\u043e\u0440\u0442\"],\"articleSection\":[\"Actualitate\",\"\u00cen Basarabeasca\"],\"inLanguage\":\"ro-RO\"},{\"@type\":\"WebPage\",\"@id\":\"https:\\\/\\\/bas-tv.md\\\/ro\\\/video-cum-s-a-desfasurat-saptamana-voluntariatului-in-raionul-basarabeasca\\\/\",\"url\":\"https:\\\/\\\/bas-tv.md\\\/ro\\\/video-cum-s-a-desfasurat-saptamana-voluntariatului-in-raionul-basarabeasca\\\/\",\"name\":\"S\u0103pt\u0103m\u00e2na Voluntariatului \u00een raionul Basarabeasca\",\"isPartOf\":{\"@id\":\"https:\\\/\\\/bas-tv.md\\\/ro\\\/#website\"},\"primaryImageOfPage\":{\"@id\":\"https:\\\/\\\/bas-tv.md\\\/ro\\\/video-cum-s-a-desfasurat-saptamana-voluntariatului-in-raionul-basarabeasca\\\/#primaryimage\"},\"image\":{\"@id\":\"https:\\\/\\\/bas-tv.md\\\/ro\\\/video-cum-s-a-desfasurat-saptamana-voluntariatului-in-raionul-basarabeasca\\\/#primaryimage\"},\"thumbnailUrl\":\"https:\\\/\\\/bas-tv.md\\\/wp-content\\\/uploads\\\/2025\\\/11\\\/nedelya-volonterstva-czentr-recunostinta.png\",\"datePublished\":\"2025-11-05T12:30:41+00:00\",\"description\":\"S\u0103pt\u0103m\u00e2na Voluntariatului \u00een raionul Basarabeasca a reunit peste 200 de participan\u021bi \u00een activit\u0103\u021bi de \u00eenverzire, cur\u0103\u021benie, caritate \u0219i sport.\",\"inLanguage\":\"ro-RO\",\"potentialAction\":[{\"@type\":\"ReadAction\",\"target\":[\"https:\\\/\\\/bas-tv.md\\\/ro\\\/video-cum-s-a-desfasurat-saptamana-voluntariatului-in-raionul-basarabeasca\\\/\"]}]},{\"@type\":\"ImageObject\",\"inLanguage\":\"ro-RO\",\"@id\":\"https:\\\/\\\/bas-tv.md\\\/ro\\\/video-cum-s-a-desfasurat-saptamana-voluntariatului-in-raionul-basarabeasca\\\/#primaryimage\",\"url\":\"https:\\\/\\\/bas-tv.md\\\/wp-content\\\/uploads\\\/2025\\\/11\\\/nedelya-volonterstva-czentr-recunostinta.png\",\"contentUrl\":\"https:\\\/\\\/bas-tv.md\\\/wp-content\\\/uploads\\\/2025\\\/11\\\/nedelya-volonterstva-czentr-recunostinta.png\",\"width\":1151,\"height\":646,\"caption\":\"\u041d\u0435\u0434\u0435\u043b\u044f \u0432\u043e\u043b\u043e\u043d\u0442\u0435\u0440\u0441\u0442\u0432\u0430 \u0426\u0435\u043d\u0442\u0440 Recunostinta\"},{\"@type\":\"WebSite\",\"@id\":\"https:\\\/\\\/bas-tv.md\\\/ro\\\/#website\",\"url\":\"https:\\\/\\\/bas-tv.md\\\/ro\\\/\",\"name\":\"BasTV\",\"description\":\"Moldova\",\"publisher\":{\"@id\":\"https:\\\/\\\/bas-tv.md\\\/ro\\\/#organization\"},\"potentialAction\":[{\"@type\":\"SearchAction\",\"target\":{\"@type\":\"EntryPoint\",\"urlTemplate\":\"https:\\\/\\\/bas-tv.md\\\/ro\\\/?s={search_term_string}\"},\"query-input\":{\"@type\":\"PropertyValueSpecification\",\"valueRequired\":true,\"valueName\":\"search_term_string\"}}],\"inLanguage\":\"ro-RO\"},{\"@type\":\"Organization\",\"@id\":\"https:\\\/\\\/bas-tv.md\\\/ro\\\/#organization\",\"name\":\"BasTV\",\"url\":\"https:\\\/\\\/bas-tv.md\\\/ro\\\/\",\"logo\":{\"@type\":\"ImageObject\",\"inLanguage\":\"ro-RO\",\"@id\":\"https:\\\/\\\/bas-tv.md\\\/ro\\\/#\\\/schema\\\/logo\\\/image\\\/\",\"url\":\"https:\\\/\\\/bas-tv.md\\\/wp-content\\\/uploads\\\/2023\\\/05\\\/bas-tv-culoarea-rosie.png\",\"contentUrl\":\"https:\\\/\\\/bas-tv.md\\\/wp-content\\\/uploads\\\/2023\\\/05\\\/bas-tv-culoarea-rosie.png\",\"width\":202,\"height\":50,\"caption\":\"BasTV\"},\"image\":{\"@id\":\"https:\\\/\\\/bas-tv.md\\\/ro\\\/#\\\/schema\\\/logo\\\/image\\\/\"}},{\"@type\":\"Person\",\"@id\":\"https:\\\/\\\/bas-tv.md\\\/ro\\\/#\\\/schema\\\/person\\\/8740f45ea2eca1f1695284fc03529af0\",\"name\":\"Redactor\",\"image\":{\"@type\":\"ImageObject\",\"inLanguage\":\"ro-RO\",\"@id\":\"https:\\\/\\\/secure.gravatar.com\\\/avatar\\\/45b6af9fc91c10b15a8b40e67c1f57bab2e9614fc9f0af95cf453d61934e9aad?s=96&d=mm&r=g\",\"url\":\"https:\\\/\\\/secure.gravatar.com\\\/avatar\\\/45b6af9fc91c10b15a8b40e67c1f57bab2e9614fc9f0af95cf453d61934e9aad?s=96&d=mm&r=g\",\"contentUrl\":\"https:\\\/\\\/secure.gravatar.com\\\/avatar\\\/45b6af9fc91c10b15a8b40e67c1f57bab2e9614fc9f0af95cf453d61934e9aad?s=96&d=mm&r=g\",\"caption\":\"Redactor\"},\"url\":\"https:\\\/\\\/bas-tv.md\\\/ro\\\/author\\\/redactor\\\/\"}]}<\/script>\n<!-- \/ Yoast SEO plugin. -->","yoast_head_json":{"title":"S\u0103pt\u0103m\u00e2na Voluntariatului \u00een raionul Basarabeasca","description":"S\u0103pt\u0103m\u00e2na Voluntariatului \u00een raionul Basarabeasca a reunit peste 200 de participan\u021bi \u00een activit\u0103\u021bi de \u00eenverzire, cur\u0103\u021benie, caritate \u0219i sport.","robots":{"index":"index","follow":"follow","max-snippet":"max-snippet:-1","max-image-preview":"max-image-preview:large","max-video-preview":"max-video-preview:-1"},"canonical":"https:\/\/bas-tv.md\/ro\/video-cum-s-a-desfasurat-saptamana-voluntariatului-in-raionul-basarabeasca\/","og_locale":"ro_RO","og_type":"article","og_title":"S\u0103pt\u0103m\u00e2na Voluntariatului \u00een raionul Basarabeasca","og_description":"S\u0103pt\u0103m\u00e2na Voluntariatului \u00een raionul Basarabeasca a reunit peste 200 de participan\u021bi \u00een activit\u0103\u021bi de \u00eenverzire, cur\u0103\u021benie, caritate \u0219i sport.","og_url":"https:\/\/bas-tv.md\/ro\/video-cum-s-a-desfasurat-saptamana-voluntariatului-in-raionul-basarabeasca\/","og_site_name":"BasTV","article_published_time":"2025-11-05T12:30:41+00:00","og_image":[{"width":1151,"height":646,"url":"https:\/\/bas-tv.md\/wp-content\/uploads\/2025\/11\/nedelya-volonterstva-czentr-recunostinta.png","type":"image\/png"}],"author":"Redactor","twitter_card":"summary_large_image","twitter_misc":{"Scris de":"Redactor","Timp estimat pentru citire":"3 minute"},"schema":{"@context":"https:\/\/schema.org","@graph":[{"@type":"Article","@id":"https:\/\/bas-tv.md\/ro\/video-cum-s-a-desfasurat-saptamana-voluntariatului-in-raionul-basarabeasca\/#article","isPartOf":{"@id":"https:\/\/bas-tv.md\/ro\/video-cum-s-a-desfasurat-saptamana-voluntariatului-in-raionul-basarabeasca\/"},"author":{"name":"Redactor","@id":"https:\/\/bas-tv.md\/ro\/#\/schema\/person\/8740f45ea2eca1f1695284fc03529af0"},"headline":"(VIDEO) Cum s-a desf\u0103\u0219urat S\u0103pt\u0103m\u00e2na Voluntariatului \u00een raionul Basarabeasca","datePublished":"2025-11-05T12:30:41+00:00","mainEntityOfPage":{"@id":"https:\/\/bas-tv.md\/ro\/video-cum-s-a-desfasurat-saptamana-voluntariatului-in-raionul-basarabeasca\/"},"wordCount":487,"publisher":{"@id":"https:\/\/bas-tv.md\/ro\/#organization"},"image":{"@id":"https:\/\/bas-tv.md\/ro\/video-cum-s-a-desfasurat-saptamana-voluntariatului-in-raionul-basarabeasca\/#primaryimage"},"thumbnailUrl":"https:\/\/bas-tv.md\/wp-content\/uploads\/2025\/11\/nedelya-volonterstva-czentr-recunostinta.png","keywords":["ac\u021biuni ecologice","activit\u0103\u021bi caritabile","Basarabeasca","S\u0103pt\u0103m\u00e2na Voluntariatului","voluntariat","\u0421\u043f\u043e\u0440\u0442"],"articleSection":["Actualitate","\u00cen Basarabeasca"],"inLanguage":"ro-RO"},{"@type":"WebPage","@id":"https:\/\/bas-tv.md\/ro\/video-cum-s-a-desfasurat-saptamana-voluntariatului-in-raionul-basarabeasca\/","url":"https:\/\/bas-tv.md\/ro\/video-cum-s-a-desfasurat-saptamana-voluntariatului-in-raionul-basarabeasca\/","name":"S\u0103pt\u0103m\u00e2na Voluntariatului \u00een raionul Basarabeasca","isPartOf":{"@id":"https:\/\/bas-tv.md\/ro\/#website"},"primaryImageOfPage":{"@id":"https:\/\/bas-tv.md\/ro\/video-cum-s-a-desfasurat-saptamana-voluntariatului-in-raionul-basarabeasca\/#primaryimage"},"image":{"@id":"https:\/\/bas-tv.md\/ro\/video-cum-s-a-desfasurat-saptamana-voluntariatului-in-raionul-basarabeasca\/#primaryimage"},"thumbnailUrl":"https:\/\/bas-tv.md\/wp-content\/uploads\/2025\/11\/nedelya-volonterstva-czentr-recunostinta.png","datePublished":"2025-11-05T12:30:41+00:00","description":"S\u0103pt\u0103m\u00e2na Voluntariatului \u00een raionul Basarabeasca a reunit peste 200 de participan\u021bi \u00een activit\u0103\u021bi de \u00eenverzire, cur\u0103\u021benie, caritate \u0219i sport.","inLanguage":"ro-RO","potentialAction":[{"@type":"ReadAction","target":["https:\/\/bas-tv.md\/ro\/video-cum-s-a-desfasurat-saptamana-voluntariatului-in-raionul-basarabeasca\/"]}]},{"@type":"ImageObject","inLanguage":"ro-RO","@id":"https:\/\/bas-tv.md\/ro\/video-cum-s-a-desfasurat-saptamana-voluntariatului-in-raionul-basarabeasca\/#primaryimage","url":"https:\/\/bas-tv.md\/wp-content\/uploads\/2025\/11\/nedelya-volonterstva-czentr-recunostinta.png","contentUrl":"https:\/\/bas-tv.md\/wp-content\/uploads\/2025\/11\/nedelya-volonterstva-czentr-recunostinta.png","width":1151,"height":646,"caption":"\u041d\u0435\u0434\u0435\u043b\u044f \u0432\u043e\u043b\u043e\u043d\u0442\u0435\u0440\u0441\u0442\u0432\u0430 \u0426\u0435\u043d\u0442\u0440 Recunostinta"},{"@type":"WebSite","@id":"https:\/\/bas-tv.md\/ro\/#website","url":"https:\/\/bas-tv.md\/ro\/","name":"BasTV","description":"Moldova","publisher":{"@id":"https:\/\/bas-tv.md\/ro\/#organization"},"potentialAction":[{"@type":"SearchAction","target":{"@type":"EntryPoint","urlTemplate":"https:\/\/bas-tv.md\/ro\/?s={search_term_string}"},"query-input":{"@type":"PropertyValueSpecification","valueRequired":true,"valueName":"search_term_string"}}],"inLanguage":"ro-RO"},{"@type":"Organization","@id":"https:\/\/bas-tv.md\/ro\/#organization","name":"BasTV","url":"https:\/\/bas-tv.md\/ro\/","logo":{"@type":"ImageObject","inLanguage":"ro-RO","@id":"https:\/\/bas-tv.md\/ro\/#\/schema\/logo\/image\/","url":"https:\/\/bas-tv.md\/wp-content\/uploads\/2023\/05\/bas-tv-culoarea-rosie.png","contentUrl":"https:\/\/bas-tv.md\/wp-content\/uploads\/2023\/05\/bas-tv-culoarea-rosie.png","width":202,"height":50,"caption":"BasTV"},"image":{"@id":"https:\/\/bas-tv.md\/ro\/#\/schema\/logo\/image\/"}},{"@type":"Person","@id":"https:\/\/bas-tv.md\/ro\/#\/schema\/person\/8740f45ea2eca1f1695284fc03529af0","name":"Redactor","image":{"@type":"ImageObject","inLanguage":"ro-RO","@id":"https:\/\/secure.gravatar.com\/avatar\/45b6af9fc91c10b15a8b40e67c1f57bab2e9614fc9f0af95cf453d61934e9aad?s=96&d=mm&r=g","url":"https:\/\/secure.gravatar.com\/avatar\/45b6af9fc91c10b15a8b40e67c1f57bab2e9614fc9f0af95cf453d61934e9aad?s=96&d=mm&r=g","contentUrl":"https:\/\/secure.gravatar.com\/avatar\/45b6af9fc91c10b15a8b40e67c1f57bab2e9614fc9f0af95cf453d61934e9aad?s=96&d=mm&r=g","caption":"Redactor"},"url":"https:\/\/bas-tv.md\/ro\/author\/redactor\/"}]}},"views":358,"_links":{"self":[{"href":"https:\/\/bas-tv.md\/ro\/wp-json\/wp\/v2\/posts\/165907","targetHints":{"allow":["GET"]}}],"collection":[{"href":"https:\/\/bas-tv.md\/ro\/wp-json\/wp\/v2\/posts"}],"about":[{"href":"https:\/\/bas-tv.md\/ro\/wp-json\/wp\/v2\/types\/post"}],"author":[{"embeddable":true,"href":"https:\/\/bas-tv.md\/ro\/wp-json\/wp\/v2\/users\/3"}],"replies":[{"embeddable":true,"href":"https:\/\/bas-tv.md\/ro\/wp-json\/wp\/v2\/comments?post=165907"}],"version-history":[{"count":3,"href":"https:\/\/bas-tv.md\/ro\/wp-json\/wp\/v2\/posts\/165907\/revisions"}],"predecessor-version":[{"id":165919,"href":"https:\/\/bas-tv.md\/ro\/wp-json\/wp\/v2\/posts\/165907\/revisions\/165919"}],"wp:featuredmedia":[{"embeddable":true,"href":"https:\/\/bas-tv.md\/ro\/wp-json\/wp\/v2\/media\/165912"}],"wp:attachment":[{"href":"https:\/\/bas-tv.md\/ro\/wp-json\/wp\/v2\/media?parent=165907"}],"wp:term":[{"taxonomy":"category","embeddable":true,"href":"https:\/\/bas-tv.md\/ro\/wp-json\/wp\/v2\/categories?post=165907"},{"taxonomy":"post_tag","embeddable":true,"href":"https:\/\/bas-tv.md\/ro\/wp-json\/wp\/v2\/tags?post=165907"}],"curies":[{"name":"wp","href":"https:\/\/api.w.org\/{rel}","templated":true}]}}