{"id":166649,"date":"2025-11-13T14:30:02","date_gmt":"2025-11-13T12:30:02","guid":{"rendered":"https:\/\/bas-tv.md\/?p=166649"},"modified":"2025-11-13T12:32:15","modified_gmt":"2025-11-13T10:32:15","slug":"generatia-padurii-27-de-hectare-de-padure-vor-fi-plantate-la-mihailovca-cimislia","status":"publish","type":"post","link":"https:\/\/bas-tv.md\/ro\/generatia-padurii-27-de-hectare-de-padure-vor-fi-plantate-la-mihailovca-cimislia\/","title":{"rendered":"Genera\u021bia P\u0103durii: 27 de hectare de p\u0103dure vor fi plantate la Mihailovca, Cimi\u0219lia"},"content":{"rendered":"<p><strong>S\u00e2mb\u0103t\u0103, 15 noiembrie 2025, satul Mihailovca din raionul Cimi\u0219lia va deveni punctul central al campaniei na\u021bionale #Genera\u021biaP\u0103durii, acolo unde Guvernul Republicii Moldova \u0219i sute de voluntari vor participa la plantarea a 27 de hectare de p\u0103dure. Evenimentul marcheaz\u0103 cea mai ampl\u0103 ac\u021biune de \u00eemp\u0103durire din sezonul de toamn\u0103 2025, care se va desf\u0103\u0219ura simultan \u00een mai multe raioane ale \u021b\u0103rii.<\/strong><\/p>\n<p>Ac\u021biunea de la Mihailovca se \u00eenscrie \u00een eforturile na\u021bionale de extindere a suprafe\u021belor de p\u0103dure, coordonate de Ministerul Mediului \u0219i Agen\u021bia \u201eMoldsilva\u201d. Organizatorii au anun\u021bat c\u0103 informa\u021biile privind loca\u021biile de plantare, <a href=\"https:\/\/docs.google.com\/spreadsheets\/d\/1WX-488ms99E0gkdcMdTNGNwYJkSchgLWmKT7qyYdEpA\/edit?gid=0#gid=0\">programul \u0219i persoanele de contact<\/a> sunt disponibile pe paginile oficiale ale institu\u021biilor, prin accesarea op\u021biunii <a href=\"https:\/\/moldsilva.gov.md\/index.php?l=ro\">\u201eParticip\u0103 la plantare \u2013 toamna 2025\u201d<\/a>.<\/p>\n<p>Pentru o bun\u0103 coordonare a lucr\u0103rilor, au fost puse la dispozi\u021bia publicului datele de contact ale persoanelor responsabile din cadrul Agen\u021biei \u201eMoldsilva\u201d, precum \u0219i ale inginerilor silvici implica\u021bi \u00een campanie. Aceast\u0103 informa\u021bie poate fi deosebit de util\u0103 pentru locuitorii din raioanele Basarabeasca \u0219i Cimi\u0219lia care doresc s\u0103 participe la ac\u021biunile de plantare din apropierea localit\u0103\u021bilor lor.<\/p>\n<table dir=\"ltr\" border=\"1\" cellspacing=\"0\" cellpadding=\"0\" data-sheets-root=\"1\" data-sheets-baot=\"1\">\n<colgroup>\n<col width=\"173\" \/>\n<col width=\"128\" \/>\n<col width=\"152\" \/>\n<col width=\"100\" \/><\/colgroup>\n<tbody>\n<tr>\n<td>\u00ce.S. Comrat<\/td>\n<td>inginer- \u0219ef<\/td>\n<td>Secrieru Dana<\/td>\n<td>79962452<\/td>\n<\/tr>\n<\/tbody>\n<\/table>\n<table dir=\"ltr\" border=\"1\" cellspacing=\"0\" cellpadding=\"0\" data-sheets-root=\"1\" data-sheets-baot=\"1\">\n<colgroup>\n<col width=\"173\" \/>\n<col width=\"128\" \/>\n<col width=\"152\" \/>\n<col width=\"100\" \/><\/colgroup>\n<tbody>\n<tr>\n<td>\u00ce.S. Cimi\u0219lia<\/td>\n<td>inginer- \u0219ef<\/td>\n<td>Ureche Oleg<\/td>\n<td>78305603<\/td>\n<\/tr>\n<\/tbody>\n<\/table>\n<p>Ministrul Mediului, Gheorghe Hajder, a subliniat importan\u021ba continuit\u0103\u021bii Programului Na\u021bional de \u00eemp\u0103durire, precum \u0219i rolul esen\u021bial al autorit\u0103\u021bilor publice locale \u00een identificarea terenurilor disponibile pentru reabilitare. Conform datelor publicate de Ministerul Mediului, p\u00e2n\u0103 \u00een prezent, prim\u0103riile au pus la dispozi\u021bie peste 28 000 de hectare de teren:<\/p>\n<blockquote><p>\u201eVreau s\u0103 accentuez buna colaborare pe care o avem cu prim\u0103riile. P\u00e2n\u0103 \u00een prezent, jum\u0103tate din prim\u0103riile din \u021bar\u0103 au r\u0103spuns apelului nostru, oferind terenuri pentru plantare. Asta \u00eenseamn\u0103 c\u0103 mii de cet\u0103\u021beni din \u00eentreaga \u021bar\u0103 vor avea \u00een apropiere mai mult\u0103 p\u0103dure, mai mult aer curat, r\u00e2uri \u0219i lacuri mai bogate\u201d, a declarat ministrul.<\/p><\/blockquote>\n<p>La r\u00e2ndul s\u0103u, directorul Agen\u021biei \u201eMoldsilva\u201d, Victor Durbal\u0103, a precizat c\u0103 institu\u021bia continu\u0103 lucr\u0103rile de \u00eemp\u0103durire \u0219i a prezentat planurile optimiste pentru sezonul de plantare 2025-2026:<\/p>\n<blockquote><p>\u201e\u00cen aceast\u0103 toamn\u0103 ne propunem s\u0103 plant\u0103m 840 de hectare \u00een fondul forestier \u0219i s\u0103 cre\u0103m peste 2600 de hectare de p\u0103duri noi pe terenurile autorit\u0103\u021bilor publice locale. Preg\u0103tirea puie\u021bilor pentru plantare are loc \u00een 31 de pepiniere pe care le gestioneaz\u0103 Agen\u021bia Moldsilva. La moment avem preg\u0103ti\u021bi peste 33 de milioane de puie\u021bi care vor fi planta\u021bi \u00een acest sezon toamn\u0103-prim\u0103vara.\u201d, a men\u021bionat Durbal\u0103.<\/p><\/blockquote>\n<p>Campania de \u00eemp\u0103durire \u201eToamna 2025\u201d face parte din Programul Na\u021bional de Extindere \u0219i Reabilitare a P\u0103durilor #Genera\u021biaP\u0103durii, ini\u021biat de pre\u0219edinta Maia Sandu, care prevede plantarea a 145 000 de hectare de p\u0103dure p\u00e2n\u0103 \u00een 2032. \u00cen primii doi ani, au fost \u00eemp\u0103durite peste 16 000 de hectare. P\u00e2n\u0103 la finalul acestui an, autorit\u0103\u021bile \u00ee\u0219i propun ca suprafa\u021ba \u00eemp\u0103durit\u0103 s\u0103 ajung\u0103 la 20 000 de hectare.<\/p>\n<p>Evenimentul de la Mihailovca \u00ee\u0219i propune s\u0103 consolideze progresele realizate \u00een ultimii ani la nivel na\u021bional \u0219i s\u0103 \u00eencurajeze implicarea activ\u0103 a cet\u0103\u021benilor \u00een atingerea Obiectivelor de Dezvoltare Durabil\u0103 asumate de Republica Moldova. Locuitorii raionului Cimi\u0219lia, precum \u0219i cei din raioanele \u00eenvecinate, sunt invita\u021bi s\u0103 se al\u0103ture voluntarilor din \u00eentreaga \u021bar\u0103 \u00een aceast\u0103 ampl\u0103 ac\u021biune de \u00eemp\u0103durire.<\/p>\n<p>Pentru a facilita deplasarea c\u0103tre loca\u021bia evenimentului \u0219i identificarea traseului p\u00e2n\u0103 la destina\u021bie, v\u0103 invit\u0103m s\u0103 consulta\u021bi harta de mai jos:<\/p>\n<p><iframe style=\"border: 0;\" src=\"https:\/\/www.google.com\/maps\/embed?pb=!1m18!1m12!1m3!1d21955.115973726475!2d28.9273452!3d46.539981399999995!2m3!1f0!2f0!3f0!3m2!1i1024!2i768!4f13.1!3m3!1m2!1s0x40c9c73601cf6cbb%3A0xa66d39e9d34b79bd!2sMihailovca!5e0!3m2!1sro!2s!4v1762995027353!5m2!1sro!2s\" width=\"600\" height=\"450\" allowfullscreen=\"allowfullscreen\"><\/iframe><\/p>\n<p>Autor: Virineia Carapirea<\/p>\n<p><strong>Sus\u021bine\u021bi redac\u021bia BAStv, abona\u021bi-v\u0103 la noi pe platforma\u00a0<a href=\"https:\/\/www.patreon.com\/BAStv?fan_landing=true&amp;fbclid=IwAR3MeSDKfH4ixBydCXX9D1lhrCszhps3ID5uxuGA-Ktd4MTkZCRdlcEZkQI\">Patreon\u00a0<\/a>sau prin efectuarea contribu\u021biilor prin\u00a0<a href=\"https:\/\/www.paypal.com\/paypalme\/supportbastv\">PayPal<\/a>! Aceasta ne va ajuta s\u0103 cre\u0103m con\u021binut interesant \u0219i util pentru dvs., r\u0103m\u00e2n\u00e2nd \u00een continuare o platform\u0103 media independent\u0103.<\/strong><\/p>\n<p><b>Abona\u021bi-v\u0103 la noi pe re\u021bele sociale:\u00a0<\/b><a href=\"https:\/\/t.me\/bastvmd\"><b><i>Telegram<\/i><\/b><\/a><b>,\u00a0<\/b><a href=\"https:\/\/www.youtube.com\/channel\/UC-9005PnLnhpNM8PVSjP2dQ\/featured\"><b><i>YouTube<\/i><\/b><\/a><b>,\u00a0<\/b><a href=\"https:\/\/www.facebook.com\/bastv.md\"><b><i>Facebook<\/i><\/b><\/a>\u00a0<strong>\u0219i\u00a0<\/strong><a href=\"https:\/\/www.instagram.com\/bastv.md\/\"><b><i>Instagram<\/i><\/b><\/a><b>. Aici public\u0103m \u0219tiri pe scurt.<\/b><\/p>\n","protected":false},"excerpt":{"rendered":"<p>S\u00e2mb\u0103t\u0103, 15 noiembrie 2025, satul Mihailovca din raionul Cimi\u0219lia va deveni punctul central al campaniei na\u021bionale #Genera\u021biaP\u0103durii, acolo unde Guvernul Republicii Moldova \u0219i sute de voluntari vor participa la plantarea a 27 de hectare de p\u0103dure. Evenimentul marcheaz\u0103 cea mai ampl\u0103 ac\u021biune de \u00eemp\u0103durire din sezonul de toamn\u0103 2025, care se va desf\u0103\u0219ura simultan \u00een [&hellip;]<\/p>\n","protected":false},"author":3,"featured_media":166652,"comment_status":"closed","ping_status":"closed","sticky":false,"template":"","format":"standard","meta":{"footnotes":""},"categories":[602,570],"tags":[733,15540,4703,4116,15541],"class_list":["post-166649","post","type-post","status-publish","format-standard","has-post-thumbnail","hentry","category-actualitate","category-in-moldova","tag-cimislia","tag-generatia-padurii","tag-mihailovca","tag-ministerul-mediului","tag-moldsilva"],"yoast_head":"<!-- This site is optimized with the Yoast SEO plugin v27.5 - https:\/\/yoast.com\/product\/yoast-seo-wordpress\/ -->\n<title>Genera\u021bia P\u0103durii: 27 de hectare de p\u0103dure vor fi plantate la Mihailovca<\/title>\n<meta name=\"description\" content=\"S\u00e2mb\u0103t\u0103, 15 noiembrie 2025, satul Mihailovca din raionul Cimi\u0219lia va deveni punctul central al campaniei na\u021bionale #Genera\u021biaP\u0103durii, acolo unde Guvernul Republicii Moldova \u0219i sute de voluntari vor participa la plantarea a 27 de hectare de p\u0103dure.\" \/>\n<meta name=\"robots\" content=\"index, follow, max-snippet:-1, max-image-preview:large, max-video-preview:-1\" \/>\n<link rel=\"canonical\" href=\"https:\/\/bas-tv.md\/ro\/generatia-padurii-27-de-hectare-de-padure-vor-fi-plantate-la-mihailovca-cimislia\/\" \/>\n<meta property=\"og:locale\" content=\"ro_RO\" \/>\n<meta property=\"og:type\" content=\"article\" \/>\n<meta property=\"og:title\" content=\"Genera\u021bia P\u0103durii: 27 de hectare de p\u0103dure vor fi plantate la Mihailovca\" \/>\n<meta property=\"og:description\" content=\"S\u00e2mb\u0103t\u0103, 15 noiembrie 2025, satul Mihailovca din raionul Cimi\u0219lia va deveni punctul central al campaniei na\u021bionale #Genera\u021biaP\u0103durii, acolo unde Guvernul Republicii Moldova \u0219i sute de voluntari vor participa la plantarea a 27 de hectare de p\u0103dure.\" \/>\n<meta property=\"og:url\" content=\"https:\/\/bas-tv.md\/ro\/generatia-padurii-27-de-hectare-de-padure-vor-fi-plantate-la-mihailovca-cimislia\/\" \/>\n<meta property=\"og:site_name\" content=\"BasTV\" \/>\n<meta property=\"article:published_time\" content=\"2025-11-13T12:30:02+00:00\" \/>\n<meta property=\"og:image\" content=\"https:\/\/bas-tv.md\/wp-content\/uploads\/2025\/11\/577349573_1190901099825250_1852071675601376900_n.jpg\" \/>\n\t<meta property=\"og:image:width\" content=\"2048\" \/>\n\t<meta property=\"og:image:height\" content=\"1365\" \/>\n\t<meta property=\"og:image:type\" content=\"image\/jpeg\" \/>\n<meta name=\"author\" content=\"Redactor\" \/>\n<meta name=\"twitter:card\" content=\"summary_large_image\" \/>\n<meta name=\"twitter:label1\" content=\"Scris de\" \/>\n\t<meta name=\"twitter:data1\" content=\"Redactor\" \/>\n\t<meta name=\"twitter:label2\" content=\"Timp estimat pentru citire\" \/>\n\t<meta name=\"twitter:data2\" content=\"3 minute\" \/>\n<script type=\"application\/ld+json\" class=\"yoast-schema-graph\">{\"@context\":\"https:\\\/\\\/schema.org\",\"@graph\":[{\"@type\":\"Article\",\"@id\":\"https:\\\/\\\/bas-tv.md\\\/ro\\\/generatia-padurii-27-de-hectare-de-padure-vor-fi-plantate-la-mihailovca-cimislia\\\/#article\",\"isPartOf\":{\"@id\":\"https:\\\/\\\/bas-tv.md\\\/ro\\\/generatia-padurii-27-de-hectare-de-padure-vor-fi-plantate-la-mihailovca-cimislia\\\/\"},\"author\":{\"name\":\"Redactor\",\"@id\":\"https:\\\/\\\/bas-tv.md\\\/ro\\\/#\\\/schema\\\/person\\\/8740f45ea2eca1f1695284fc03529af0\"},\"headline\":\"Genera\u021bia P\u0103durii: 27 de hectare de p\u0103dure vor fi plantate la Mihailovca, Cimi\u0219lia\",\"datePublished\":\"2025-11-13T12:30:02+00:00\",\"mainEntityOfPage\":{\"@id\":\"https:\\\/\\\/bas-tv.md\\\/ro\\\/generatia-padurii-27-de-hectare-de-padure-vor-fi-plantate-la-mihailovca-cimislia\\\/\"},\"wordCount\":671,\"publisher\":{\"@id\":\"https:\\\/\\\/bas-tv.md\\\/ro\\\/#organization\"},\"image\":{\"@id\":\"https:\\\/\\\/bas-tv.md\\\/ro\\\/generatia-padurii-27-de-hectare-de-padure-vor-fi-plantate-la-mihailovca-cimislia\\\/#primaryimage\"},\"thumbnailUrl\":\"https:\\\/\\\/bas-tv.md\\\/wp-content\\\/uploads\\\/2025\\\/11\\\/577349573_1190901099825250_1852071675601376900_n.jpg\",\"keywords\":[\"Cimi\u0219lia\",\"Genera\u021bia P\u0103durii\",\"Mihailovca\",\"Ministerul Mediului\",\"Moldsilva\"],\"articleSection\":[\"Actualitate\",\"\u00cen Moldova\"],\"inLanguage\":\"ro-RO\"},{\"@type\":\"WebPage\",\"@id\":\"https:\\\/\\\/bas-tv.md\\\/ro\\\/generatia-padurii-27-de-hectare-de-padure-vor-fi-plantate-la-mihailovca-cimislia\\\/\",\"url\":\"https:\\\/\\\/bas-tv.md\\\/ro\\\/generatia-padurii-27-de-hectare-de-padure-vor-fi-plantate-la-mihailovca-cimislia\\\/\",\"name\":\"Genera\u021bia P\u0103durii: 27 de hectare de p\u0103dure vor fi plantate la Mihailovca\",\"isPartOf\":{\"@id\":\"https:\\\/\\\/bas-tv.md\\\/ro\\\/#website\"},\"primaryImageOfPage\":{\"@id\":\"https:\\\/\\\/bas-tv.md\\\/ro\\\/generatia-padurii-27-de-hectare-de-padure-vor-fi-plantate-la-mihailovca-cimislia\\\/#primaryimage\"},\"image\":{\"@id\":\"https:\\\/\\\/bas-tv.md\\\/ro\\\/generatia-padurii-27-de-hectare-de-padure-vor-fi-plantate-la-mihailovca-cimislia\\\/#primaryimage\"},\"thumbnailUrl\":\"https:\\\/\\\/bas-tv.md\\\/wp-content\\\/uploads\\\/2025\\\/11\\\/577349573_1190901099825250_1852071675601376900_n.jpg\",\"datePublished\":\"2025-11-13T12:30:02+00:00\",\"description\":\"S\u00e2mb\u0103t\u0103, 15 noiembrie 2025, satul Mihailovca din raionul Cimi\u0219lia va deveni punctul central al campaniei na\u021bionale #Genera\u021biaP\u0103durii, acolo unde Guvernul Republicii Moldova \u0219i sute de voluntari vor participa la plantarea a 27 de hectare de p\u0103dure.\",\"inLanguage\":\"ro-RO\",\"potentialAction\":[{\"@type\":\"ReadAction\",\"target\":[\"https:\\\/\\\/bas-tv.md\\\/ro\\\/generatia-padurii-27-de-hectare-de-padure-vor-fi-plantate-la-mihailovca-cimislia\\\/\"]}]},{\"@type\":\"ImageObject\",\"inLanguage\":\"ro-RO\",\"@id\":\"https:\\\/\\\/bas-tv.md\\\/ro\\\/generatia-padurii-27-de-hectare-de-padure-vor-fi-plantate-la-mihailovca-cimislia\\\/#primaryimage\",\"url\":\"https:\\\/\\\/bas-tv.md\\\/wp-content\\\/uploads\\\/2025\\\/11\\\/577349573_1190901099825250_1852071675601376900_n.jpg\",\"contentUrl\":\"https:\\\/\\\/bas-tv.md\\\/wp-content\\\/uploads\\\/2025\\\/11\\\/577349573_1190901099825250_1852071675601376900_n.jpg\",\"width\":2048,\"height\":1365,\"caption\":\"Sursa foto: Oficiul Na\u021bional de Implementare a Proiectelor \u00een domeniul Mediului\"},{\"@type\":\"WebSite\",\"@id\":\"https:\\\/\\\/bas-tv.md\\\/ro\\\/#website\",\"url\":\"https:\\\/\\\/bas-tv.md\\\/ro\\\/\",\"name\":\"BasTV\",\"description\":\"Moldova\",\"publisher\":{\"@id\":\"https:\\\/\\\/bas-tv.md\\\/ro\\\/#organization\"},\"potentialAction\":[{\"@type\":\"SearchAction\",\"target\":{\"@type\":\"EntryPoint\",\"urlTemplate\":\"https:\\\/\\\/bas-tv.md\\\/ro\\\/?s={search_term_string}\"},\"query-input\":{\"@type\":\"PropertyValueSpecification\",\"valueRequired\":true,\"valueName\":\"search_term_string\"}}],\"inLanguage\":\"ro-RO\"},{\"@type\":\"Organization\",\"@id\":\"https:\\\/\\\/bas-tv.md\\\/ro\\\/#organization\",\"name\":\"BasTV\",\"url\":\"https:\\\/\\\/bas-tv.md\\\/ro\\\/\",\"logo\":{\"@type\":\"ImageObject\",\"inLanguage\":\"ro-RO\",\"@id\":\"https:\\\/\\\/bas-tv.md\\\/ro\\\/#\\\/schema\\\/logo\\\/image\\\/\",\"url\":\"https:\\\/\\\/bas-tv.md\\\/wp-content\\\/uploads\\\/2023\\\/05\\\/bas-tv-culoarea-rosie.png\",\"contentUrl\":\"https:\\\/\\\/bas-tv.md\\\/wp-content\\\/uploads\\\/2023\\\/05\\\/bas-tv-culoarea-rosie.png\",\"width\":202,\"height\":50,\"caption\":\"BasTV\"},\"image\":{\"@id\":\"https:\\\/\\\/bas-tv.md\\\/ro\\\/#\\\/schema\\\/logo\\\/image\\\/\"}},{\"@type\":\"Person\",\"@id\":\"https:\\\/\\\/bas-tv.md\\\/ro\\\/#\\\/schema\\\/person\\\/8740f45ea2eca1f1695284fc03529af0\",\"name\":\"Redactor\",\"image\":{\"@type\":\"ImageObject\",\"inLanguage\":\"ro-RO\",\"@id\":\"https:\\\/\\\/bas-tv.md\\\/wp-content\\\/litespeed\\\/avatar\\\/91c0586f3f6f4396a4ec1287c965eeeb.jpg?ver=1777555749\",\"url\":\"https:\\\/\\\/bas-tv.md\\\/wp-content\\\/litespeed\\\/avatar\\\/91c0586f3f6f4396a4ec1287c965eeeb.jpg?ver=1777555749\",\"contentUrl\":\"https:\\\/\\\/bas-tv.md\\\/wp-content\\\/litespeed\\\/avatar\\\/91c0586f3f6f4396a4ec1287c965eeeb.jpg?ver=1777555749\",\"caption\":\"Redactor\"},\"url\":\"https:\\\/\\\/bas-tv.md\\\/ro\\\/author\\\/redactor\\\/\"}]}<\/script>\n<!-- \/ Yoast SEO plugin. -->","yoast_head_json":{"title":"Genera\u021bia P\u0103durii: 27 de hectare de p\u0103dure vor fi plantate la Mihailovca","description":"S\u00e2mb\u0103t\u0103, 15 noiembrie 2025, satul Mihailovca din raionul Cimi\u0219lia va deveni punctul central al campaniei na\u021bionale #Genera\u021biaP\u0103durii, acolo unde Guvernul Republicii Moldova \u0219i sute de voluntari vor participa la plantarea a 27 de hectare de p\u0103dure.","robots":{"index":"index","follow":"follow","max-snippet":"max-snippet:-1","max-image-preview":"max-image-preview:large","max-video-preview":"max-video-preview:-1"},"canonical":"https:\/\/bas-tv.md\/ro\/generatia-padurii-27-de-hectare-de-padure-vor-fi-plantate-la-mihailovca-cimislia\/","og_locale":"ro_RO","og_type":"article","og_title":"Genera\u021bia P\u0103durii: 27 de hectare de p\u0103dure vor fi plantate la Mihailovca","og_description":"S\u00e2mb\u0103t\u0103, 15 noiembrie 2025, satul Mihailovca din raionul Cimi\u0219lia va deveni punctul central al campaniei na\u021bionale #Genera\u021biaP\u0103durii, acolo unde Guvernul Republicii Moldova \u0219i sute de voluntari vor participa la plantarea a 27 de hectare de p\u0103dure.","og_url":"https:\/\/bas-tv.md\/ro\/generatia-padurii-27-de-hectare-de-padure-vor-fi-plantate-la-mihailovca-cimislia\/","og_site_name":"BasTV","article_published_time":"2025-11-13T12:30:02+00:00","og_image":[{"width":2048,"height":1365,"url":"https:\/\/bas-tv.md\/wp-content\/uploads\/2025\/11\/577349573_1190901099825250_1852071675601376900_n.jpg","type":"image\/jpeg"}],"author":"Redactor","twitter_card":"summary_large_image","twitter_misc":{"Scris de":"Redactor","Timp estimat pentru citire":"3 minute"},"schema":{"@context":"https:\/\/schema.org","@graph":[{"@type":"Article","@id":"https:\/\/bas-tv.md\/ro\/generatia-padurii-27-de-hectare-de-padure-vor-fi-plantate-la-mihailovca-cimislia\/#article","isPartOf":{"@id":"https:\/\/bas-tv.md\/ro\/generatia-padurii-27-de-hectare-de-padure-vor-fi-plantate-la-mihailovca-cimislia\/"},"author":{"name":"Redactor","@id":"https:\/\/bas-tv.md\/ro\/#\/schema\/person\/8740f45ea2eca1f1695284fc03529af0"},"headline":"Genera\u021bia P\u0103durii: 27 de hectare de p\u0103dure vor fi plantate la Mihailovca, Cimi\u0219lia","datePublished":"2025-11-13T12:30:02+00:00","mainEntityOfPage":{"@id":"https:\/\/bas-tv.md\/ro\/generatia-padurii-27-de-hectare-de-padure-vor-fi-plantate-la-mihailovca-cimislia\/"},"wordCount":671,"publisher":{"@id":"https:\/\/bas-tv.md\/ro\/#organization"},"image":{"@id":"https:\/\/bas-tv.md\/ro\/generatia-padurii-27-de-hectare-de-padure-vor-fi-plantate-la-mihailovca-cimislia\/#primaryimage"},"thumbnailUrl":"https:\/\/bas-tv.md\/wp-content\/uploads\/2025\/11\/577349573_1190901099825250_1852071675601376900_n.jpg","keywords":["Cimi\u0219lia","Genera\u021bia P\u0103durii","Mihailovca","Ministerul Mediului","Moldsilva"],"articleSection":["Actualitate","\u00cen Moldova"],"inLanguage":"ro-RO"},{"@type":"WebPage","@id":"https:\/\/bas-tv.md\/ro\/generatia-padurii-27-de-hectare-de-padure-vor-fi-plantate-la-mihailovca-cimislia\/","url":"https:\/\/bas-tv.md\/ro\/generatia-padurii-27-de-hectare-de-padure-vor-fi-plantate-la-mihailovca-cimislia\/","name":"Genera\u021bia P\u0103durii: 27 de hectare de p\u0103dure vor fi plantate la Mihailovca","isPartOf":{"@id":"https:\/\/bas-tv.md\/ro\/#website"},"primaryImageOfPage":{"@id":"https:\/\/bas-tv.md\/ro\/generatia-padurii-27-de-hectare-de-padure-vor-fi-plantate-la-mihailovca-cimislia\/#primaryimage"},"image":{"@id":"https:\/\/bas-tv.md\/ro\/generatia-padurii-27-de-hectare-de-padure-vor-fi-plantate-la-mihailovca-cimislia\/#primaryimage"},"thumbnailUrl":"https:\/\/bas-tv.md\/wp-content\/uploads\/2025\/11\/577349573_1190901099825250_1852071675601376900_n.jpg","datePublished":"2025-11-13T12:30:02+00:00","description":"S\u00e2mb\u0103t\u0103, 15 noiembrie 2025, satul Mihailovca din raionul Cimi\u0219lia va deveni punctul central al campaniei na\u021bionale #Genera\u021biaP\u0103durii, acolo unde Guvernul Republicii Moldova \u0219i sute de voluntari vor participa la plantarea a 27 de hectare de p\u0103dure.","inLanguage":"ro-RO","potentialAction":[{"@type":"ReadAction","target":["https:\/\/bas-tv.md\/ro\/generatia-padurii-27-de-hectare-de-padure-vor-fi-plantate-la-mihailovca-cimislia\/"]}]},{"@type":"ImageObject","inLanguage":"ro-RO","@id":"https:\/\/bas-tv.md\/ro\/generatia-padurii-27-de-hectare-de-padure-vor-fi-plantate-la-mihailovca-cimislia\/#primaryimage","url":"https:\/\/bas-tv.md\/wp-content\/uploads\/2025\/11\/577349573_1190901099825250_1852071675601376900_n.jpg","contentUrl":"https:\/\/bas-tv.md\/wp-content\/uploads\/2025\/11\/577349573_1190901099825250_1852071675601376900_n.jpg","width":2048,"height":1365,"caption":"Sursa foto: Oficiul Na\u021bional de Implementare a Proiectelor \u00een domeniul Mediului"},{"@type":"WebSite","@id":"https:\/\/bas-tv.md\/ro\/#website","url":"https:\/\/bas-tv.md\/ro\/","name":"BasTV","description":"Moldova","publisher":{"@id":"https:\/\/bas-tv.md\/ro\/#organization"},"potentialAction":[{"@type":"SearchAction","target":{"@type":"EntryPoint","urlTemplate":"https:\/\/bas-tv.md\/ro\/?s={search_term_string}"},"query-input":{"@type":"PropertyValueSpecification","valueRequired":true,"valueName":"search_term_string"}}],"inLanguage":"ro-RO"},{"@type":"Organization","@id":"https:\/\/bas-tv.md\/ro\/#organization","name":"BasTV","url":"https:\/\/bas-tv.md\/ro\/","logo":{"@type":"ImageObject","inLanguage":"ro-RO","@id":"https:\/\/bas-tv.md\/ro\/#\/schema\/logo\/image\/","url":"https:\/\/bas-tv.md\/wp-content\/uploads\/2023\/05\/bas-tv-culoarea-rosie.png","contentUrl":"https:\/\/bas-tv.md\/wp-content\/uploads\/2023\/05\/bas-tv-culoarea-rosie.png","width":202,"height":50,"caption":"BasTV"},"image":{"@id":"https:\/\/bas-tv.md\/ro\/#\/schema\/logo\/image\/"}},{"@type":"Person","@id":"https:\/\/bas-tv.md\/ro\/#\/schema\/person\/8740f45ea2eca1f1695284fc03529af0","name":"Redactor","image":{"@type":"ImageObject","inLanguage":"ro-RO","@id":"https:\/\/bas-tv.md\/wp-content\/litespeed\/avatar\/91c0586f3f6f4396a4ec1287c965eeeb.jpg?ver=1777555749","url":"https:\/\/bas-tv.md\/wp-content\/litespeed\/avatar\/91c0586f3f6f4396a4ec1287c965eeeb.jpg?ver=1777555749","contentUrl":"https:\/\/bas-tv.md\/wp-content\/litespeed\/avatar\/91c0586f3f6f4396a4ec1287c965eeeb.jpg?ver=1777555749","caption":"Redactor"},"url":"https:\/\/bas-tv.md\/ro\/author\/redactor\/"}]}},"views":313,"_links":{"self":[{"href":"https:\/\/bas-tv.md\/ro\/wp-json\/wp\/v2\/posts\/166649","targetHints":{"allow":["GET"]}}],"collection":[{"href":"https:\/\/bas-tv.md\/ro\/wp-json\/wp\/v2\/posts"}],"about":[{"href":"https:\/\/bas-tv.md\/ro\/wp-json\/wp\/v2\/types\/post"}],"author":[{"embeddable":true,"href":"https:\/\/bas-tv.md\/ro\/wp-json\/wp\/v2\/users\/3"}],"replies":[{"embeddable":true,"href":"https:\/\/bas-tv.md\/ro\/wp-json\/wp\/v2\/comments?post=166649"}],"version-history":[{"count":2,"href":"https:\/\/bas-tv.md\/ro\/wp-json\/wp\/v2\/posts\/166649\/revisions"}],"predecessor-version":[{"id":166659,"href":"https:\/\/bas-tv.md\/ro\/wp-json\/wp\/v2\/posts\/166649\/revisions\/166659"}],"wp:featuredmedia":[{"embeddable":true,"href":"https:\/\/bas-tv.md\/ro\/wp-json\/wp\/v2\/media\/166652"}],"wp:attachment":[{"href":"https:\/\/bas-tv.md\/ro\/wp-json\/wp\/v2\/media?parent=166649"}],"wp:term":[{"taxonomy":"category","embeddable":true,"href":"https:\/\/bas-tv.md\/ro\/wp-json\/wp\/v2\/categories?post=166649"},{"taxonomy":"post_tag","embeddable":true,"href":"https:\/\/bas-tv.md\/ro\/wp-json\/wp\/v2\/tags?post=166649"}],"curies":[{"name":"wp","href":"https:\/\/api.w.org\/{rel}","templated":true}]}}