{"id":166650,"date":"2025-11-13T10:00:10","date_gmt":"2025-11-13T08:00:10","guid":{"rendered":"https:\/\/bas-tv.md\/?p=166650"},"modified":"2025-11-13T02:26:14","modified_gmt":"2025-11-13T00:26:14","slug":"directorul-unei-companii-condamnat-la-9-ani-de-inchisoare-pentru-fraudarea-fondurilor-europene","status":"publish","type":"post","link":"https:\/\/bas-tv.md\/ro\/directorul-unei-companii-condamnat-la-9-ani-de-inchisoare-pentru-fraudarea-fondurilor-europene\/","title":{"rendered":"Directorul unei companii,\u00a0condamnat la 9 ani de \u00eenchisoare pentru fraudarea fondurilor europene"},"content":{"rendered":"<p data-start=\"0\" data-end=\"628\"><strong>Prin sentin\u021ba Judec\u0103toriei Cimi\u0219lia, directorul unei companii a fost condamnat la 9 ani de \u00eenchisoare \u00een penitenciar de tip \u00eenchis pentru escrocherie comis\u0103 cu folosirea situa\u021biei de serviciu, \u00een propor\u021bii deosebit de mari. De asemenea, instan\u021ba a dispus aplicarea unei amenzi de 450 000 de lei \u0219i privarea acestuia de dreptul de a exercita activit\u0103\u021bi legate de gestiunea bunurilor materiale pentru o perioad\u0103 de cinci ani.\u00a0<\/strong><\/p>\n<p data-start=\"0\" data-end=\"628\">Potrivit comunicatului Centrului Na\u021bional Anticorup\u021bie, \u00een baza probatoriului administrat de CNA \u0219i Procuratura Anticorup\u021bie, b\u0103rbatul a semnat un contract cu Agen\u021bia pentru Eficien\u021b\u0103 Energetic\u0103 (AEE) \u0219i o companie beneficiar\u0103 \u00een cadrul Proiectului \u201eEnergie \u0219i Biomas\u0103\u201d, finan\u021bat de Uniunea European\u0103. Conform obliga\u021biilor contractuale, acesta trebuia s\u0103 livreze echipamente pentru producerea brichetelor de biomas\u0103 \u00een valoare de 638 000 de lei.<\/p>\n<p data-start=\"0\" data-end=\"628\">\u00cen baza rezultatelor expertizei tehnice efectuate, s-a constatat c\u0103 dou\u0103 dintre cele trei utilaje livrate nu respectau specifica\u021biile prev\u0103zute \u00een clauzele contractuale. \u00cen vederea \u00eensu\u0219irii sumelor de bani rezultate din \u00eenstr\u0103inarea utilzajelor, sub pretextul \u00eenlocuirii acestora, inculpatul le-ar fi ridicat din depozit \u0219i le-ar fi \u00eenstr\u0103inat unor persoane necunoscute.<\/p>\n<p data-start=\"0\" data-end=\"628\">Mai mult, acesta nu a restituit c\u0103tre Agen\u021bie (AEE) fondurile primite, cauz\u00e2nd institu\u021biei un prejudiciu \u00een propor\u021bii deosebit de mari.\u00a0Prin sentin\u021ba Judec\u0103toriei Cimi\u0219lia din 07 noiembrie 2025, instan\u021ba a admis integral ac\u021biunea civil\u0103 a p\u0103r\u021bii v\u0103t\u0103mate, oblig\u00e2ndu-l pe inculpat la achitarea, \u00een beneficiul acesteia, a sumei de 638 000 de lei, precum \u0219i a penalit\u0103\u021bilor contractuale, \u00een sum\u0103 de 63 800 de lei, \u00een total 701 800 de lei.<\/p>\n<p data-start=\"0\" data-end=\"628\">Suplimentar, instan\u021ba a dispus aplicarea m\u0103surii preventive \u00een privin\u021ba inculpatului sub form\u0103 de arrest preventiv p\u00een\u0103 la intrarea sentin\u021bei \u00een vigoare. Potrivit comunicatului publicat pe pagina oficial\u0103 a Centrului Na\u021bional Anticorup\u021bie, b\u0103rbatul a fost anun\u021bat \u00een c\u0103utare.<\/p>\n<p data-start=\"1668\" data-end=\"1774\">Sentin\u021ba poate fi atacat\u0103 \u00een termen de 15 zile la Curtea de Apel Sud.\u00a0Reamintim c\u0103 persoana acuzat\u0103 de s\u0103v\u00e2r\u0219irea unei infrac\u021biuni este prezumat\u0103 nevinovat\u0103 p\u00e2n\u0103 la r\u0103m\u00e2nerea definitiv\u0103 a hot\u0103r\u00e2rii judec\u0103tore\u0219ti de condamnare.<\/p>\n<p><strong>Sus\u021bine\u021bi redac\u021bia BAStv, abona\u021bi-v\u0103 la noi pe platforma\u00a0<a href=\"https:\/\/www.patreon.com\/BAStv?fan_landing=true&amp;fbclid=IwAR3MeSDKfH4ixBydCXX9D1lhrCszhps3ID5uxuGA-Ktd4MTkZCRdlcEZkQI\">Patreon\u00a0<\/a>sau prin efectuarea contribu\u021biilor prin\u00a0<a href=\"https:\/\/www.paypal.com\/paypalme\/supportbastv\">PayPal<\/a>! Aceasta ne va ajuta s\u0103 cre\u0103m con\u021binut interesant \u0219i util pentru dvs., r\u0103m\u00e2n\u00e2nd \u00een continuare o platform\u0103 media independent\u0103.<\/strong><\/p>\n<p><b>Abona\u021bi-v\u0103 la noi pe re\u021bele sociale:\u00a0<\/b><a href=\"https:\/\/t.me\/bastvmd\"><b><i>Telegram<\/i><\/b><\/a><b>,\u00a0<\/b><a href=\"https:\/\/www.youtube.com\/channel\/UC-9005PnLnhpNM8PVSjP2dQ\/featured\"><b><i>YouTube<\/i><\/b><\/a><b>,\u00a0<\/b><a href=\"https:\/\/www.facebook.com\/bastv.md\"><b><i>Facebook<\/i><\/b><\/a>\u00a0<strong>\u0219i\u00a0<\/strong><a href=\"https:\/\/www.instagram.com\/bastv.md\/\"><b><i>Instagram<\/i><\/b><\/a><b>. Aici public\u0103m \u0219tiri pe scurt.<\/b><\/p>\n","protected":false},"excerpt":{"rendered":"<p>Prin sentin\u021ba Judec\u0103toriei Cimi\u0219lia, directorul unei companii a fost condamnat la 9 ani de \u00eenchisoare \u00een penitenciar de tip \u00eenchis pentru escrocherie comis\u0103 cu folosirea situa\u021biei de serviciu, \u00een propor\u021bii deosebit de mari. De asemenea, instan\u021ba a dispus aplicarea unei amenzi de 450 000 de lei \u0219i privarea acestuia de dreptul de a exercita activit\u0103\u021bi [&hellip;]<\/p>\n","protected":false},"author":3,"featured_media":166655,"comment_status":"closed","ping_status":"closed","sticky":false,"template":"","format":"standard","meta":{"footnotes":""},"categories":[602,570],"tags":[],"class_list":["post-166650","post","type-post","status-publish","format-standard","has-post-thumbnail","hentry","category-actualitate","category-in-moldova"],"yoast_head":"<!-- This site is optimized with the Yoast SEO plugin v27.5 - https:\/\/yoast.com\/product\/yoast-seo-wordpress\/ -->\n<title>Directorul unei companii,\u00a0condamnat la 9 ani de \u00eenchisoare pentru fraudarea fondurilor europene - BasTV<\/title>\n<meta name=\"description\" content=\"Prin sentin\u021ba Judec\u0103toriei Cimi\u0219lia, directorul unei companii a fost condamnat la 9 ani de \u00eenchisoare \u00een penitenciar de tip \u00eenchis pentru escrocherie comis\u0103 cu folosirea situa\u021biei de serviciu, \u00een propor\u021bii deosebit de mari. De asemenea, instan\u021ba a dispus aplicarea unei amenzi de 450 000 de lei \u0219i privarea acestuia de dreptul de a exercita activit\u0103\u021bi legate de gestiunea bunurilor materiale pentru o perioad\u0103 de cinci ani.\u00a0\" \/>\n<meta name=\"robots\" content=\"index, follow, max-snippet:-1, max-image-preview:large, max-video-preview:-1\" \/>\n<link rel=\"canonical\" href=\"https:\/\/bas-tv.md\/ro\/directorul-unei-companii-condamnat-la-9-ani-de-inchisoare-pentru-fraudarea-fondurilor-europene\/\" \/>\n<meta property=\"og:locale\" content=\"ro_RO\" \/>\n<meta property=\"og:type\" content=\"article\" \/>\n<meta property=\"og:title\" content=\"Directorul unei companii,\u00a0condamnat la 9 ani de \u00eenchisoare pentru fraudarea fondurilor europene - BasTV\" \/>\n<meta property=\"og:description\" content=\"Prin sentin\u021ba Judec\u0103toriei Cimi\u0219lia, directorul unei companii a fost condamnat la 9 ani de \u00eenchisoare \u00een penitenciar de tip \u00eenchis pentru escrocherie comis\u0103 cu folosirea situa\u021biei de serviciu, \u00een propor\u021bii deosebit de mari. De asemenea, instan\u021ba a dispus aplicarea unei amenzi de 450 000 de lei \u0219i privarea acestuia de dreptul de a exercita activit\u0103\u021bi legate de gestiunea bunurilor materiale pentru o perioad\u0103 de cinci ani.\u00a0\" \/>\n<meta property=\"og:url\" content=\"https:\/\/bas-tv.md\/ro\/directorul-unei-companii-condamnat-la-9-ani-de-inchisoare-pentru-fraudarea-fondurilor-europene\/\" \/>\n<meta property=\"og:site_name\" content=\"BasTV\" \/>\n<meta property=\"article:published_time\" content=\"2025-11-13T08:00:10+00:00\" \/>\n<meta property=\"og:image\" content=\"https:\/\/bas-tv.md\/wp-content\/uploads\/2025\/11\/istockphoto-2240892568-612x612-1.jpg\" \/>\n\t<meta property=\"og:image:width\" content=\"612\" \/>\n\t<meta property=\"og:image:height\" content=\"408\" \/>\n\t<meta property=\"og:image:type\" content=\"image\/jpeg\" \/>\n<meta name=\"author\" content=\"Redactor\" \/>\n<meta name=\"twitter:card\" content=\"summary_large_image\" \/>\n<meta name=\"twitter:label1\" content=\"Scris de\" \/>\n\t<meta name=\"twitter:data1\" content=\"Redactor\" \/>\n\t<meta name=\"twitter:label2\" content=\"Timp estimat pentru citire\" \/>\n\t<meta name=\"twitter:data2\" content=\"3 minute\" \/>\n<script type=\"application\/ld+json\" class=\"yoast-schema-graph\">{\"@context\":\"https:\\\/\\\/schema.org\",\"@graph\":[{\"@type\":\"Article\",\"@id\":\"https:\\\/\\\/bas-tv.md\\\/ro\\\/directorul-unei-companii-condamnat-la-9-ani-de-inchisoare-pentru-fraudarea-fondurilor-europene\\\/#article\",\"isPartOf\":{\"@id\":\"https:\\\/\\\/bas-tv.md\\\/ro\\\/directorul-unei-companii-condamnat-la-9-ani-de-inchisoare-pentru-fraudarea-fondurilor-europene\\\/\"},\"author\":{\"name\":\"Redactor\",\"@id\":\"https:\\\/\\\/bas-tv.md\\\/ro\\\/#\\\/schema\\\/person\\\/8740f45ea2eca1f1695284fc03529af0\"},\"headline\":\"Directorul unei companii,\u00a0condamnat la 9 ani de \u00eenchisoare pentru fraudarea fondurilor europene\",\"datePublished\":\"2025-11-13T08:00:10+00:00\",\"mainEntityOfPage\":{\"@id\":\"https:\\\/\\\/bas-tv.md\\\/ro\\\/directorul-unei-companii-condamnat-la-9-ani-de-inchisoare-pentru-fraudarea-fondurilor-europene\\\/\"},\"wordCount\":433,\"publisher\":{\"@id\":\"https:\\\/\\\/bas-tv.md\\\/ro\\\/#organization\"},\"image\":{\"@id\":\"https:\\\/\\\/bas-tv.md\\\/ro\\\/directorul-unei-companii-condamnat-la-9-ani-de-inchisoare-pentru-fraudarea-fondurilor-europene\\\/#primaryimage\"},\"thumbnailUrl\":\"https:\\\/\\\/bas-tv.md\\\/wp-content\\\/uploads\\\/2025\\\/11\\\/istockphoto-2240892568-612x612-1.jpg\",\"articleSection\":[\"Actualitate\",\"\u00cen Moldova\"],\"inLanguage\":\"ro-RO\"},{\"@type\":\"WebPage\",\"@id\":\"https:\\\/\\\/bas-tv.md\\\/ro\\\/directorul-unei-companii-condamnat-la-9-ani-de-inchisoare-pentru-fraudarea-fondurilor-europene\\\/\",\"url\":\"https:\\\/\\\/bas-tv.md\\\/ro\\\/directorul-unei-companii-condamnat-la-9-ani-de-inchisoare-pentru-fraudarea-fondurilor-europene\\\/\",\"name\":\"Directorul unei companii,\u00a0condamnat la 9 ani de \u00eenchisoare pentru fraudarea fondurilor europene - BasTV\",\"isPartOf\":{\"@id\":\"https:\\\/\\\/bas-tv.md\\\/ro\\\/#website\"},\"primaryImageOfPage\":{\"@id\":\"https:\\\/\\\/bas-tv.md\\\/ro\\\/directorul-unei-companii-condamnat-la-9-ani-de-inchisoare-pentru-fraudarea-fondurilor-europene\\\/#primaryimage\"},\"image\":{\"@id\":\"https:\\\/\\\/bas-tv.md\\\/ro\\\/directorul-unei-companii-condamnat-la-9-ani-de-inchisoare-pentru-fraudarea-fondurilor-europene\\\/#primaryimage\"},\"thumbnailUrl\":\"https:\\\/\\\/bas-tv.md\\\/wp-content\\\/uploads\\\/2025\\\/11\\\/istockphoto-2240892568-612x612-1.jpg\",\"datePublished\":\"2025-11-13T08:00:10+00:00\",\"description\":\"Prin sentin\u021ba Judec\u0103toriei Cimi\u0219lia, directorul unei companii a fost condamnat la 9 ani de \u00eenchisoare \u00een penitenciar de tip \u00eenchis pentru escrocherie comis\u0103 cu folosirea situa\u021biei de serviciu, \u00een propor\u021bii deosebit de mari. De asemenea, instan\u021ba a dispus aplicarea unei amenzi de 450 000 de lei \u0219i privarea acestuia de dreptul de a exercita activit\u0103\u021bi legate de gestiunea bunurilor materiale pentru o perioad\u0103 de cinci ani.\u00a0\",\"inLanguage\":\"ro-RO\",\"potentialAction\":[{\"@type\":\"ReadAction\",\"target\":[\"https:\\\/\\\/bas-tv.md\\\/ro\\\/directorul-unei-companii-condamnat-la-9-ani-de-inchisoare-pentru-fraudarea-fondurilor-europene\\\/\"]}]},{\"@type\":\"ImageObject\",\"inLanguage\":\"ro-RO\",\"@id\":\"https:\\\/\\\/bas-tv.md\\\/ro\\\/directorul-unei-companii-condamnat-la-9-ani-de-inchisoare-pentru-fraudarea-fondurilor-europene\\\/#primaryimage\",\"url\":\"https:\\\/\\\/bas-tv.md\\\/wp-content\\\/uploads\\\/2025\\\/11\\\/istockphoto-2240892568-612x612-1.jpg\",\"contentUrl\":\"https:\\\/\\\/bas-tv.md\\\/wp-content\\\/uploads\\\/2025\\\/11\\\/istockphoto-2240892568-612x612-1.jpg\",\"width\":612,\"height\":408,\"caption\":\"Foto: imagine-simbol\"},{\"@type\":\"WebSite\",\"@id\":\"https:\\\/\\\/bas-tv.md\\\/ro\\\/#website\",\"url\":\"https:\\\/\\\/bas-tv.md\\\/ro\\\/\",\"name\":\"BasTV\",\"description\":\"Moldova\",\"publisher\":{\"@id\":\"https:\\\/\\\/bas-tv.md\\\/ro\\\/#organization\"},\"potentialAction\":[{\"@type\":\"SearchAction\",\"target\":{\"@type\":\"EntryPoint\",\"urlTemplate\":\"https:\\\/\\\/bas-tv.md\\\/ro\\\/?s={search_term_string}\"},\"query-input\":{\"@type\":\"PropertyValueSpecification\",\"valueRequired\":true,\"valueName\":\"search_term_string\"}}],\"inLanguage\":\"ro-RO\"},{\"@type\":\"Organization\",\"@id\":\"https:\\\/\\\/bas-tv.md\\\/ro\\\/#organization\",\"name\":\"BasTV\",\"url\":\"https:\\\/\\\/bas-tv.md\\\/ro\\\/\",\"logo\":{\"@type\":\"ImageObject\",\"inLanguage\":\"ro-RO\",\"@id\":\"https:\\\/\\\/bas-tv.md\\\/ro\\\/#\\\/schema\\\/logo\\\/image\\\/\",\"url\":\"https:\\\/\\\/bas-tv.md\\\/wp-content\\\/uploads\\\/2023\\\/05\\\/bas-tv-culoarea-rosie.png\",\"contentUrl\":\"https:\\\/\\\/bas-tv.md\\\/wp-content\\\/uploads\\\/2023\\\/05\\\/bas-tv-culoarea-rosie.png\",\"width\":202,\"height\":50,\"caption\":\"BasTV\"},\"image\":{\"@id\":\"https:\\\/\\\/bas-tv.md\\\/ro\\\/#\\\/schema\\\/logo\\\/image\\\/\"}},{\"@type\":\"Person\",\"@id\":\"https:\\\/\\\/bas-tv.md\\\/ro\\\/#\\\/schema\\\/person\\\/8740f45ea2eca1f1695284fc03529af0\",\"name\":\"Redactor\",\"image\":{\"@type\":\"ImageObject\",\"inLanguage\":\"ro-RO\",\"@id\":\"https:\\\/\\\/bas-tv.md\\\/wp-content\\\/litespeed\\\/avatar\\\/91c0586f3f6f4396a4ec1287c965eeeb.jpg?ver=1777555749\",\"url\":\"https:\\\/\\\/bas-tv.md\\\/wp-content\\\/litespeed\\\/avatar\\\/91c0586f3f6f4396a4ec1287c965eeeb.jpg?ver=1777555749\",\"contentUrl\":\"https:\\\/\\\/bas-tv.md\\\/wp-content\\\/litespeed\\\/avatar\\\/91c0586f3f6f4396a4ec1287c965eeeb.jpg?ver=1777555749\",\"caption\":\"Redactor\"},\"url\":\"https:\\\/\\\/bas-tv.md\\\/ro\\\/author\\\/redactor\\\/\"}]}<\/script>\n<!-- \/ Yoast SEO plugin. -->","yoast_head_json":{"title":"Directorul unei companii,\u00a0condamnat la 9 ani de \u00eenchisoare pentru fraudarea fondurilor europene - BasTV","description":"Prin sentin\u021ba Judec\u0103toriei Cimi\u0219lia, directorul unei companii a fost condamnat la 9 ani de \u00eenchisoare \u00een penitenciar de tip \u00eenchis pentru escrocherie comis\u0103 cu folosirea situa\u021biei de serviciu, \u00een propor\u021bii deosebit de mari. De asemenea, instan\u021ba a dispus aplicarea unei amenzi de 450 000 de lei \u0219i privarea acestuia de dreptul de a exercita activit\u0103\u021bi legate de gestiunea bunurilor materiale pentru o perioad\u0103 de cinci ani.\u00a0","robots":{"index":"index","follow":"follow","max-snippet":"max-snippet:-1","max-image-preview":"max-image-preview:large","max-video-preview":"max-video-preview:-1"},"canonical":"https:\/\/bas-tv.md\/ro\/directorul-unei-companii-condamnat-la-9-ani-de-inchisoare-pentru-fraudarea-fondurilor-europene\/","og_locale":"ro_RO","og_type":"article","og_title":"Directorul unei companii,\u00a0condamnat la 9 ani de \u00eenchisoare pentru fraudarea fondurilor europene - BasTV","og_description":"Prin sentin\u021ba Judec\u0103toriei Cimi\u0219lia, directorul unei companii a fost condamnat la 9 ani de \u00eenchisoare \u00een penitenciar de tip \u00eenchis pentru escrocherie comis\u0103 cu folosirea situa\u021biei de serviciu, \u00een propor\u021bii deosebit de mari. De asemenea, instan\u021ba a dispus aplicarea unei amenzi de 450 000 de lei \u0219i privarea acestuia de dreptul de a exercita activit\u0103\u021bi legate de gestiunea bunurilor materiale pentru o perioad\u0103 de cinci ani.\u00a0","og_url":"https:\/\/bas-tv.md\/ro\/directorul-unei-companii-condamnat-la-9-ani-de-inchisoare-pentru-fraudarea-fondurilor-europene\/","og_site_name":"BasTV","article_published_time":"2025-11-13T08:00:10+00:00","og_image":[{"width":612,"height":408,"url":"https:\/\/bas-tv.md\/wp-content\/uploads\/2025\/11\/istockphoto-2240892568-612x612-1.jpg","type":"image\/jpeg"}],"author":"Redactor","twitter_card":"summary_large_image","twitter_misc":{"Scris de":"Redactor","Timp estimat pentru citire":"3 minute"},"schema":{"@context":"https:\/\/schema.org","@graph":[{"@type":"Article","@id":"https:\/\/bas-tv.md\/ro\/directorul-unei-companii-condamnat-la-9-ani-de-inchisoare-pentru-fraudarea-fondurilor-europene\/#article","isPartOf":{"@id":"https:\/\/bas-tv.md\/ro\/directorul-unei-companii-condamnat-la-9-ani-de-inchisoare-pentru-fraudarea-fondurilor-europene\/"},"author":{"name":"Redactor","@id":"https:\/\/bas-tv.md\/ro\/#\/schema\/person\/8740f45ea2eca1f1695284fc03529af0"},"headline":"Directorul unei companii,\u00a0condamnat la 9 ani de \u00eenchisoare pentru fraudarea fondurilor europene","datePublished":"2025-11-13T08:00:10+00:00","mainEntityOfPage":{"@id":"https:\/\/bas-tv.md\/ro\/directorul-unei-companii-condamnat-la-9-ani-de-inchisoare-pentru-fraudarea-fondurilor-europene\/"},"wordCount":433,"publisher":{"@id":"https:\/\/bas-tv.md\/ro\/#organization"},"image":{"@id":"https:\/\/bas-tv.md\/ro\/directorul-unei-companii-condamnat-la-9-ani-de-inchisoare-pentru-fraudarea-fondurilor-europene\/#primaryimage"},"thumbnailUrl":"https:\/\/bas-tv.md\/wp-content\/uploads\/2025\/11\/istockphoto-2240892568-612x612-1.jpg","articleSection":["Actualitate","\u00cen Moldova"],"inLanguage":"ro-RO"},{"@type":"WebPage","@id":"https:\/\/bas-tv.md\/ro\/directorul-unei-companii-condamnat-la-9-ani-de-inchisoare-pentru-fraudarea-fondurilor-europene\/","url":"https:\/\/bas-tv.md\/ro\/directorul-unei-companii-condamnat-la-9-ani-de-inchisoare-pentru-fraudarea-fondurilor-europene\/","name":"Directorul unei companii,\u00a0condamnat la 9 ani de \u00eenchisoare pentru fraudarea fondurilor europene - BasTV","isPartOf":{"@id":"https:\/\/bas-tv.md\/ro\/#website"},"primaryImageOfPage":{"@id":"https:\/\/bas-tv.md\/ro\/directorul-unei-companii-condamnat-la-9-ani-de-inchisoare-pentru-fraudarea-fondurilor-europene\/#primaryimage"},"image":{"@id":"https:\/\/bas-tv.md\/ro\/directorul-unei-companii-condamnat-la-9-ani-de-inchisoare-pentru-fraudarea-fondurilor-europene\/#primaryimage"},"thumbnailUrl":"https:\/\/bas-tv.md\/wp-content\/uploads\/2025\/11\/istockphoto-2240892568-612x612-1.jpg","datePublished":"2025-11-13T08:00:10+00:00","description":"Prin sentin\u021ba Judec\u0103toriei Cimi\u0219lia, directorul unei companii a fost condamnat la 9 ani de \u00eenchisoare \u00een penitenciar de tip \u00eenchis pentru escrocherie comis\u0103 cu folosirea situa\u021biei de serviciu, \u00een propor\u021bii deosebit de mari. De asemenea, instan\u021ba a dispus aplicarea unei amenzi de 450 000 de lei \u0219i privarea acestuia de dreptul de a exercita activit\u0103\u021bi legate de gestiunea bunurilor materiale pentru o perioad\u0103 de cinci ani.\u00a0","inLanguage":"ro-RO","potentialAction":[{"@type":"ReadAction","target":["https:\/\/bas-tv.md\/ro\/directorul-unei-companii-condamnat-la-9-ani-de-inchisoare-pentru-fraudarea-fondurilor-europene\/"]}]},{"@type":"ImageObject","inLanguage":"ro-RO","@id":"https:\/\/bas-tv.md\/ro\/directorul-unei-companii-condamnat-la-9-ani-de-inchisoare-pentru-fraudarea-fondurilor-europene\/#primaryimage","url":"https:\/\/bas-tv.md\/wp-content\/uploads\/2025\/11\/istockphoto-2240892568-612x612-1.jpg","contentUrl":"https:\/\/bas-tv.md\/wp-content\/uploads\/2025\/11\/istockphoto-2240892568-612x612-1.jpg","width":612,"height":408,"caption":"Foto: imagine-simbol"},{"@type":"WebSite","@id":"https:\/\/bas-tv.md\/ro\/#website","url":"https:\/\/bas-tv.md\/ro\/","name":"BasTV","description":"Moldova","publisher":{"@id":"https:\/\/bas-tv.md\/ro\/#organization"},"potentialAction":[{"@type":"SearchAction","target":{"@type":"EntryPoint","urlTemplate":"https:\/\/bas-tv.md\/ro\/?s={search_term_string}"},"query-input":{"@type":"PropertyValueSpecification","valueRequired":true,"valueName":"search_term_string"}}],"inLanguage":"ro-RO"},{"@type":"Organization","@id":"https:\/\/bas-tv.md\/ro\/#organization","name":"BasTV","url":"https:\/\/bas-tv.md\/ro\/","logo":{"@type":"ImageObject","inLanguage":"ro-RO","@id":"https:\/\/bas-tv.md\/ro\/#\/schema\/logo\/image\/","url":"https:\/\/bas-tv.md\/wp-content\/uploads\/2023\/05\/bas-tv-culoarea-rosie.png","contentUrl":"https:\/\/bas-tv.md\/wp-content\/uploads\/2023\/05\/bas-tv-culoarea-rosie.png","width":202,"height":50,"caption":"BasTV"},"image":{"@id":"https:\/\/bas-tv.md\/ro\/#\/schema\/logo\/image\/"}},{"@type":"Person","@id":"https:\/\/bas-tv.md\/ro\/#\/schema\/person\/8740f45ea2eca1f1695284fc03529af0","name":"Redactor","image":{"@type":"ImageObject","inLanguage":"ro-RO","@id":"https:\/\/bas-tv.md\/wp-content\/litespeed\/avatar\/91c0586f3f6f4396a4ec1287c965eeeb.jpg?ver=1777555749","url":"https:\/\/bas-tv.md\/wp-content\/litespeed\/avatar\/91c0586f3f6f4396a4ec1287c965eeeb.jpg?ver=1777555749","contentUrl":"https:\/\/bas-tv.md\/wp-content\/litespeed\/avatar\/91c0586f3f6f4396a4ec1287c965eeeb.jpg?ver=1777555749","caption":"Redactor"},"url":"https:\/\/bas-tv.md\/ro\/author\/redactor\/"}]}},"views":263,"_links":{"self":[{"href":"https:\/\/bas-tv.md\/ro\/wp-json\/wp\/v2\/posts\/166650","targetHints":{"allow":["GET"]}}],"collection":[{"href":"https:\/\/bas-tv.md\/ro\/wp-json\/wp\/v2\/posts"}],"about":[{"href":"https:\/\/bas-tv.md\/ro\/wp-json\/wp\/v2\/types\/post"}],"author":[{"embeddable":true,"href":"https:\/\/bas-tv.md\/ro\/wp-json\/wp\/v2\/users\/3"}],"replies":[{"embeddable":true,"href":"https:\/\/bas-tv.md\/ro\/wp-json\/wp\/v2\/comments?post=166650"}],"version-history":[{"count":1,"href":"https:\/\/bas-tv.md\/ro\/wp-json\/wp\/v2\/posts\/166650\/revisions"}],"predecessor-version":[{"id":166657,"href":"https:\/\/bas-tv.md\/ro\/wp-json\/wp\/v2\/posts\/166650\/revisions\/166657"}],"wp:featuredmedia":[{"embeddable":true,"href":"https:\/\/bas-tv.md\/ro\/wp-json\/wp\/v2\/media\/166655"}],"wp:attachment":[{"href":"https:\/\/bas-tv.md\/ro\/wp-json\/wp\/v2\/media?parent=166650"}],"wp:term":[{"taxonomy":"category","embeddable":true,"href":"https:\/\/bas-tv.md\/ro\/wp-json\/wp\/v2\/categories?post=166650"},{"taxonomy":"post_tag","embeddable":true,"href":"https:\/\/bas-tv.md\/ro\/wp-json\/wp\/v2\/tags?post=166650"}],"curies":[{"name":"wp","href":"https:\/\/api.w.org\/{rel}","templated":true}]}}