{"id":166651,"date":"2025-11-13T19:00:09","date_gmt":"2025-11-13T17:00:09","guid":{"rendered":"https:\/\/bas-tv.md\/?p=166651"},"modified":"2025-11-16T13:23:40","modified_gmt":"2025-11-16T11:23:40","slug":"doc-alegeri-locale-noi-la-bascalia-alegatorii-vor-putea-vota-un-singur-candidat","status":"publish","type":"post","link":"https:\/\/bas-tv.md\/ro\/doc-alegeri-locale-noi-la-bascalia-alegatorii-vor-putea-vota-un-singur-candidat\/","title":{"rendered":"(DOC) Alegeri locale noi la Ba\u0219calia: aleg\u0103torii vor putea vota un singur candidat"},"content":{"rendered":"<p data-start=\"0\" data-end=\"459\"><strong>Duminic\u0103, 16 noiembrie 2025, locuitorii satului Ba\u0219calia din raionul Basarabeasca sunt a\u0219tepta\u021bi la urne pentru a-\u0219i alege noul primar, \u00een contextul noilor alegeri locale, organizate de Comisia Electoral\u0103 Central\u0103. \u00cen aceea\u0219i zi, vor avea loc alegeri \u00een alte cinci localit\u0103\u021bi din Republica Moldova.<\/strong><\/p>\n<p data-start=\"461\" data-end=\"856\">Potrivit datelor publicate pe <a href=\"https:\/\/alegeri.md\/w\/Alegerile_locale_noi_din_16_noiembrie_2025#cite_note-1\">alegeri.md<\/a>, alegeri locale noi se vor desf\u0103\u0219ura, pe l\u00e2ng\u0103 Ba\u0219calia, \u0219i \u00een localit\u0103\u021bile Ustia (raionul Glodeni), Natalievca (F\u0103le\u0219ti) \u0219i Cremenciug (Soroca)\u00a0pentru ocuparea func\u021biilor vacante de primar, precum \u0219i \u00een C\u0103line\u0219ti (F\u0103le\u0219ti) \u0219i ora\u0219ul Leova, unde alegerile vor avea loc \u00een contextul reorganiz\u0103rii administrativ-teritoriale prin amalgamarea acestor localit\u0103\u021bi cu alte sate \u0219i comune \u00eenvecinate.<\/p>\n<p data-start=\"858\" data-end=\"1368\">La Ba\u0219calia, conform <a href=\"https:\/\/a.cec.md\/ro\/cu-privire-la-stabilirea-datei-alegerilor-locale-noi-pentru-functia-2751_114293.html\">Hot\u0103r\u00e2rii CEC Nr. 3679 &#8211; cu privire la stabilirea datei alegerilor locale noi pentru func\u021bia de primar al satului Ba\u0219calia, raionul Basarabeasca<\/a>, scrutinul este organizat ca urmare a \u00eencet\u0103rii \u00eenainte de termen a mandatului fostului primar, Ilie Cern\u0103u\u021ban, \u00een leg\u0103tur\u0103 cu decesul acestuia. Potrivit aceleia\u0219i Hot\u0103r\u00e2ri, p\u00e2n\u0103 la alegerea unui nou primar, consilierul Ion Bordan a fost desemnat s\u0103 asigure interimatul func\u021biei.<\/p>\n<p data-start=\"858\" data-end=\"1368\">Astfel c\u0103, \u00een cursa electoral\u0103 a fost \u00eenregistrat\u0103 o singur\u0103 persoan\u0103, Ion Bordan, \u00een calitate de candidat independent la func\u021bia de primar. Cererea lui Petru Tarlev, primar al localit\u0103\u021bii \u00een perioada 2003\u20132023, a fost respins\u0103, transmite alegeri.md.<\/p>\n<p data-start=\"1370\" data-end=\"1846\">Conform informa\u021biilor publicate de Autoritatea Na\u021bional\u0103 de Integritate, cele mai recente declara\u021bii de avere \u0219i interese personale a candidatului Ion Bordan au fost completate la data de 11 \u0219i 19 august 2025, \u00een contextul eliber\u0103rii din func\u021bia de consilier local \u00een cadrul Prim\u0103riei satului Ba\u0219calia, func\u021bie de\u021binut\u0103 din 15 noiembrie 2023 \u0219i, respectiv, numirea \u00een calitate de primar interimar al Prim\u0103riei Ba\u0219calia.<\/p>\n<p data-start=\"1370\" data-end=\"1846\">Documentul relev\u0103 c\u0103 Ion Bordan a declarat venituri din activitatea de baz\u0103 la G\u021a \u201eBordan Ion Ion\u201d din servicii de recoltare a roadei \u0219i v\u00e2nzarea produselor agricole \u00een sum\u0103 de 534 183.58 lei. De asemenea, din activitatea de consilier, acesta a ob\u021binut 1000 lei.<\/p>\n<p data-start=\"1370\" data-end=\"1846\">Suplimentar, Bordan a declarat \u0219i venitul unui membru de familie, \u00een calitate de perceptor fiscal la Prim\u0103ria Ba\u0219calia, \u0219i anume suma de 11 493.71 lei, dar \u0219i o plat\u0103 social\u0103 de la Adunarea Popular\u0103 a G\u0103g\u0103uziei \u00een sum\u0103 de 1500 lei.<\/p>\n<p data-start=\"1848\" data-end=\"2253\">Totodat\u0103, Ion Bordan a declarat cinci loturi de teren agricol, ob\u021binute \u00eentre anii 2006 \u0219i 2013, dintre care patru, cu o suprafa\u021b\u0103 total\u0103 de aproximativ 2,48 ha \u0219i o valoare cumulat\u0103 de circa 45 600 lei \u00eei apar\u021bin cu drept de proprietate. Al cincilea teren\u00a0de 0,85 ha, \u00eei apar\u021bine cu drept de proprietate unui membru de familie, fiind achizi\u021bionat \u00een 2015 printr-un contract de v\u00e2nzare-cump\u0103rare \u00een valoare de 8640 lei.<\/p>\n<p data-start=\"1848\" data-end=\"2253\">\u00cen declara\u021bia de avere figureaz\u0103, de asemenea, dou\u0103 case de locuit: una cu o suprafa\u021b\u0103 de 223,2 m\u00b2, aflat\u0103 \u00een proprietatea unui membru de familie din 2006, \u0219i alta de 48 m\u00b2, care \u00eei apar\u021bine lui Ion Bordan cu drept de proprietate. Pentru niciuna dintre acestea nu este specificat\u0103 valoarea estimat\u0103 a bunurilor imobile.<\/p>\n<p data-start=\"2567\" data-end=\"2990\">Ion Bordan a mai declarat trei autoturisme, dintre care doar pentru unul, un Volkswagen Caddy (2006), evaluat la 4800 de euro, este indicat \u00een calitate de titular, dar nu \u0219i de beneficiar efectiv. Celelalte dou\u0103, un Mercedes Sprinter 312 D (1997) \u0219i un Toyota Avensis (2012), cu valorile de pia\u021b\u0103 declarate de 9000 de euro \u0219i, respectiv, 8000 de euro, apar\u021bin unui membru de familie \u0219i \u00een dreptul acestora nu este indicat nici ca titular, nici ca beneficiar efectiv.<\/p>\n<p data-start=\"2992\" data-end=\"3272\">De\u0219i alegerile locale de la Ba\u0219calia vor avea loc cu un singur candidat, aceast\u0103 situa\u021bie nu este una neobi\u0219nuit\u0103 pentru Republica Moldova. Alegeri similare, cu participarea unui singur candidat la func\u021bia de primar, au fost organizate \u0219i \u00een alte localit\u0103\u021bi ale \u021b\u0103rii \u00een anii preceden\u021bi.<\/p>\n<div class=\"text-base my-auto mx-auto pb-10 [--thread-content-margin:--spacing(4)] thread-sm:[--thread-content-margin:--spacing(6)] thread-lg:[--thread-content-margin:--spacing(16)] px-(--thread-content-margin)\">\n<div class=\"[--thread-content-max-width:40rem] thread-lg:[--thread-content-max-width:48rem] mx-auto max-w-(--thread-content-max-width) flex-1 group\/turn-messages focus-visible:outline-hidden relative flex w-full min-w-0 flex-col agent-turn\" tabindex=\"-1\">\n<div class=\"flex max-w-full flex-col grow\">\n<div class=\"min-h-8 text-message relative flex w-full flex-col items-end gap-2 text-start break-words whitespace-normal [.text-message+&amp;]:mt-1\" dir=\"auto\" data-message-author-role=\"assistant\" data-message-id=\"12fa324c-5c8e-4126-9b3f-89e2f9dd431a\" data-message-model-slug=\"gpt-5-1\">\n<div class=\"flex w-full flex-col gap-1 empty:hidden first:pt-[1px]\">\n<div class=\"markdown prose dark:prose-invert w-full break-words light markdown-new-styling\">\n<p data-start=\"0\" data-end=\"264\">Conform Codului Electoral al Republicii Moldova, dac\u0103 la alegeri particip\u0103 un singur candidat, se aplic\u0103 reguli speciale. Astfel de alegeri sunt considerate valabile doar dac\u0103 la urne se prezint\u0103 cel pu\u021bin 25% din num\u0103rul total al aleg\u0103torilor \u00eenscri\u0219i \u00een liste.<\/p>\n<p data-start=\"266\" data-end=\"415\" data-is-last-node=\"\" data-is-only-node=\"\">Pentru ca acest candidat s\u0103 fie ales din primul tur, el trebuie s\u0103 ob\u021bin\u0103 mai mult de jum\u0103tate din voturile valabil exprimate, adic\u0103 50% plus un vot.<\/p>\n<\/div>\n<\/div>\n<\/div>\n<\/div>\n<\/div>\n<\/div>\n<p><iframe src=\"https:\/\/drive.google.com\/file\/d\/17dmJ4895SsCCBlESw1aPdP5cPbcOwsY1\/preview\" width=\"640\" height=\"480\"><\/iframe><strong>Sus\u021bine\u021bi redac\u021bia BAStv, abona\u021bi-v\u0103 la noi pe platforma\u00a0<a href=\"https:\/\/www.patreon.com\/BAStv?fan_landing=true&amp;fbclid=IwAR3MeSDKfH4ixBydCXX9D1lhrCszhps3ID5uxuGA-Ktd4MTkZCRdlcEZkQI\">Patreon\u00a0<\/a>sau prin efectuarea contribu\u021biilor prin\u00a0<a href=\"https:\/\/www.paypal.com\/paypalme\/supportbastv\">PayPal<\/a>! Aceasta ne va ajuta s\u0103 cre\u0103m con\u021binut interesant \u0219i util pentru dvs., r\u0103m\u00e2n\u00e2nd \u00een continuare o platform\u0103 media independent\u0103.<\/strong><\/p>\n<p><b>Abona\u021bi-v\u0103 la noi pe re\u021bele sociale:\u00a0<\/b><a href=\"https:\/\/t.me\/bastvmd\"><b><i>Telegram<\/i><\/b><\/a><b>,\u00a0<\/b><a href=\"https:\/\/www.youtube.com\/channel\/UC-9005PnLnhpNM8PVSjP2dQ\/featured\"><b><i>YouTube<\/i><\/b><\/a><b>,\u00a0<\/b><a href=\"https:\/\/www.facebook.com\/bastv.md\"><b><i>Facebook<\/i><\/b><\/a>\u00a0<strong>\u0219i\u00a0<\/strong><a href=\"https:\/\/www.instagram.com\/bastv.md\/\"><b><i>Instagram<\/i><\/b><\/a><b>. Aici public\u0103m \u0219tiri pe scurt.<\/b><\/p>\n","protected":false},"excerpt":{"rendered":"<p>Duminic\u0103, 16 noiembrie 2025, locuitorii satului Ba\u0219calia din raionul Basarabeasca sunt a\u0219tepta\u021bi la urne pentru a-\u0219i alege noul primar, \u00een contextul noilor alegeri locale, organizate de Comisia Electoral\u0103 Central\u0103. \u00cen aceea\u0219i zi, vor avea loc alegeri \u00een alte cinci localit\u0103\u021bi din Republica Moldova. Potrivit datelor publicate pe alegeri.md, alegeri locale noi se vor desf\u0103\u0219ura, pe [&hellip;]<\/p>\n","protected":false},"author":3,"featured_media":166661,"comment_status":"closed","ping_status":"closed","sticky":false,"template":"","format":"standard","meta":{"footnotes":""},"categories":[602,569],"tags":[13771,2981,15542,1613,12099,7671,15543],"class_list":["post-166651","post","type-post","status-publish","format-standard","has-post-thumbnail","hentry","category-actualitate","category-in-basarabeasca","tag-alegeri-basarabeasca","tag-alegeri-locale","tag-alegeri-locale-noi","tag-bascalia","tag-cec-moldova","tag-primar-bascalia","tag-ion-bordan"],"yoast_head":"<!-- This site is optimized with the Yoast SEO plugin v27.5 - https:\/\/yoast.com\/product\/yoast-seo-wordpress\/ -->\n<title>Alegeri la Ba\u0219calia: un singur candidat la func\u021bia de primar<\/title>\n<meta name=\"description\" content=\"Duminic\u0103, 16 noiembrie, locuitorii din Ba\u0219calia \u00ee\u0219i aleg primarul. \u00cen cursa electoral\u0103 este \u00eenregistrat un singur candidat.\" \/>\n<meta name=\"robots\" content=\"index, follow, max-snippet:-1, max-image-preview:large, max-video-preview:-1\" \/>\n<link rel=\"canonical\" href=\"https:\/\/bas-tv.md\/ro\/doc-alegeri-locale-noi-la-bascalia-alegatorii-vor-putea-vota-un-singur-candidat\/\" \/>\n<meta property=\"og:locale\" content=\"ro_RO\" \/>\n<meta property=\"og:type\" content=\"article\" \/>\n<meta property=\"og:title\" content=\"Alegeri la Ba\u0219calia: un singur candidat la func\u021bia de primar\" \/>\n<meta property=\"og:description\" content=\"Duminic\u0103, 16 noiembrie, locuitorii din Ba\u0219calia \u00ee\u0219i aleg primarul. \u00cen cursa electoral\u0103 este \u00eenregistrat un singur candidat.\" \/>\n<meta property=\"og:url\" content=\"https:\/\/bas-tv.md\/ro\/doc-alegeri-locale-noi-la-bascalia-alegatorii-vor-putea-vota-un-singur-candidat\/\" \/>\n<meta property=\"og:site_name\" content=\"BasTV\" \/>\n<meta property=\"article:published_time\" content=\"2025-11-13T17:00:09+00:00\" \/>\n<meta property=\"article:modified_time\" content=\"2025-11-16T11:23:40+00:00\" \/>\n<meta property=\"og:image\" content=\"https:\/\/bas-tv.md\/wp-content\/uploads\/2025\/11\/ion-bordan-bashkaliya.png\" \/>\n\t<meta property=\"og:image:width\" content=\"876\" \/>\n\t<meta property=\"og:image:height\" content=\"515\" \/>\n\t<meta property=\"og:image:type\" content=\"image\/png\" \/>\n<meta name=\"author\" content=\"Redactor\" \/>\n<meta name=\"twitter:card\" content=\"summary_large_image\" \/>\n<meta name=\"twitter:label1\" content=\"Scris de\" \/>\n\t<meta name=\"twitter:data1\" content=\"Redactor\" \/>\n\t<meta name=\"twitter:label2\" content=\"Timp estimat pentru citire\" \/>\n\t<meta name=\"twitter:data2\" content=\"5 minute\" \/>\n<script type=\"application\/ld+json\" class=\"yoast-schema-graph\">{\"@context\":\"https:\\\/\\\/schema.org\",\"@graph\":[{\"@type\":\"Article\",\"@id\":\"https:\\\/\\\/bas-tv.md\\\/ro\\\/doc-alegeri-locale-noi-la-bascalia-alegatorii-vor-putea-vota-un-singur-candidat\\\/#article\",\"isPartOf\":{\"@id\":\"https:\\\/\\\/bas-tv.md\\\/ro\\\/doc-alegeri-locale-noi-la-bascalia-alegatorii-vor-putea-vota-un-singur-candidat\\\/\"},\"author\":{\"name\":\"Redactor\",\"@id\":\"https:\\\/\\\/bas-tv.md\\\/ro\\\/#\\\/schema\\\/person\\\/8740f45ea2eca1f1695284fc03529af0\"},\"headline\":\"(DOC) Alegeri locale noi la Ba\u0219calia: aleg\u0103torii vor putea vota un singur candidat\",\"datePublished\":\"2025-11-13T17:00:09+00:00\",\"dateModified\":\"2025-11-16T11:23:40+00:00\",\"mainEntityOfPage\":{\"@id\":\"https:\\\/\\\/bas-tv.md\\\/ro\\\/doc-alegeri-locale-noi-la-bascalia-alegatorii-vor-putea-vota-un-singur-candidat\\\/\"},\"wordCount\":786,\"publisher\":{\"@id\":\"https:\\\/\\\/bas-tv.md\\\/ro\\\/#organization\"},\"image\":{\"@id\":\"https:\\\/\\\/bas-tv.md\\\/ro\\\/doc-alegeri-locale-noi-la-bascalia-alegatorii-vor-putea-vota-un-singur-candidat\\\/#primaryimage\"},\"thumbnailUrl\":\"https:\\\/\\\/bas-tv.md\\\/wp-content\\\/uploads\\\/2025\\\/11\\\/ion-bordan-bashkaliya.png\",\"keywords\":[\"alegeri Basarabeasca\",\"alegeri locale\",\"alegeri locale noi\",\"Ba\u0219calia\",\"CEC Moldova\",\"primar Ba\u0219calia\",\"\u0418\u043e\u043d \u0411\u043e\u0440\u0434\u0430\u043d\"],\"articleSection\":[\"Actualitate\",\"\u00cen Basarabeasca\"],\"inLanguage\":\"ro-RO\"},{\"@type\":\"WebPage\",\"@id\":\"https:\\\/\\\/bas-tv.md\\\/ro\\\/doc-alegeri-locale-noi-la-bascalia-alegatorii-vor-putea-vota-un-singur-candidat\\\/\",\"url\":\"https:\\\/\\\/bas-tv.md\\\/ro\\\/doc-alegeri-locale-noi-la-bascalia-alegatorii-vor-putea-vota-un-singur-candidat\\\/\",\"name\":\"Alegeri la Ba\u0219calia: un singur candidat la func\u021bia de primar\",\"isPartOf\":{\"@id\":\"https:\\\/\\\/bas-tv.md\\\/ro\\\/#website\"},\"primaryImageOfPage\":{\"@id\":\"https:\\\/\\\/bas-tv.md\\\/ro\\\/doc-alegeri-locale-noi-la-bascalia-alegatorii-vor-putea-vota-un-singur-candidat\\\/#primaryimage\"},\"image\":{\"@id\":\"https:\\\/\\\/bas-tv.md\\\/ro\\\/doc-alegeri-locale-noi-la-bascalia-alegatorii-vor-putea-vota-un-singur-candidat\\\/#primaryimage\"},\"thumbnailUrl\":\"https:\\\/\\\/bas-tv.md\\\/wp-content\\\/uploads\\\/2025\\\/11\\\/ion-bordan-bashkaliya.png\",\"datePublished\":\"2025-11-13T17:00:09+00:00\",\"dateModified\":\"2025-11-16T11:23:40+00:00\",\"description\":\"Duminic\u0103, 16 noiembrie, locuitorii din Ba\u0219calia \u00ee\u0219i aleg primarul. \u00cen cursa electoral\u0103 este \u00eenregistrat un singur candidat.\",\"inLanguage\":\"ro-RO\",\"potentialAction\":[{\"@type\":\"ReadAction\",\"target\":[\"https:\\\/\\\/bas-tv.md\\\/ro\\\/doc-alegeri-locale-noi-la-bascalia-alegatorii-vor-putea-vota-un-singur-candidat\\\/\"]}]},{\"@type\":\"ImageObject\",\"inLanguage\":\"ro-RO\",\"@id\":\"https:\\\/\\\/bas-tv.md\\\/ro\\\/doc-alegeri-locale-noi-la-bascalia-alegatorii-vor-putea-vota-un-singur-candidat\\\/#primaryimage\",\"url\":\"https:\\\/\\\/bas-tv.md\\\/wp-content\\\/uploads\\\/2025\\\/11\\\/ion-bordan-bashkaliya.png\",\"contentUrl\":\"https:\\\/\\\/bas-tv.md\\\/wp-content\\\/uploads\\\/2025\\\/11\\\/ion-bordan-bashkaliya.png\",\"width\":876,\"height\":515,\"caption\":\"\u0424\u043e\u0442\u043e: BAStv\"},{\"@type\":\"WebSite\",\"@id\":\"https:\\\/\\\/bas-tv.md\\\/ro\\\/#website\",\"url\":\"https:\\\/\\\/bas-tv.md\\\/ro\\\/\",\"name\":\"BasTV\",\"description\":\"Moldova\",\"publisher\":{\"@id\":\"https:\\\/\\\/bas-tv.md\\\/ro\\\/#organization\"},\"potentialAction\":[{\"@type\":\"SearchAction\",\"target\":{\"@type\":\"EntryPoint\",\"urlTemplate\":\"https:\\\/\\\/bas-tv.md\\\/ro\\\/?s={search_term_string}\"},\"query-input\":{\"@type\":\"PropertyValueSpecification\",\"valueRequired\":true,\"valueName\":\"search_term_string\"}}],\"inLanguage\":\"ro-RO\"},{\"@type\":\"Organization\",\"@id\":\"https:\\\/\\\/bas-tv.md\\\/ro\\\/#organization\",\"name\":\"BasTV\",\"url\":\"https:\\\/\\\/bas-tv.md\\\/ro\\\/\",\"logo\":{\"@type\":\"ImageObject\",\"inLanguage\":\"ro-RO\",\"@id\":\"https:\\\/\\\/bas-tv.md\\\/ro\\\/#\\\/schema\\\/logo\\\/image\\\/\",\"url\":\"https:\\\/\\\/bas-tv.md\\\/wp-content\\\/uploads\\\/2023\\\/05\\\/bas-tv-culoarea-rosie.png\",\"contentUrl\":\"https:\\\/\\\/bas-tv.md\\\/wp-content\\\/uploads\\\/2023\\\/05\\\/bas-tv-culoarea-rosie.png\",\"width\":202,\"height\":50,\"caption\":\"BasTV\"},\"image\":{\"@id\":\"https:\\\/\\\/bas-tv.md\\\/ro\\\/#\\\/schema\\\/logo\\\/image\\\/\"}},{\"@type\":\"Person\",\"@id\":\"https:\\\/\\\/bas-tv.md\\\/ro\\\/#\\\/schema\\\/person\\\/8740f45ea2eca1f1695284fc03529af0\",\"name\":\"Redactor\",\"image\":{\"@type\":\"ImageObject\",\"inLanguage\":\"ro-RO\",\"@id\":\"https:\\\/\\\/bas-tv.md\\\/wp-content\\\/litespeed\\\/avatar\\\/91c0586f3f6f4396a4ec1287c965eeeb.jpg?ver=1777555749\",\"url\":\"https:\\\/\\\/bas-tv.md\\\/wp-content\\\/litespeed\\\/avatar\\\/91c0586f3f6f4396a4ec1287c965eeeb.jpg?ver=1777555749\",\"contentUrl\":\"https:\\\/\\\/bas-tv.md\\\/wp-content\\\/litespeed\\\/avatar\\\/91c0586f3f6f4396a4ec1287c965eeeb.jpg?ver=1777555749\",\"caption\":\"Redactor\"},\"url\":\"https:\\\/\\\/bas-tv.md\\\/ro\\\/author\\\/redactor\\\/\"}]}<\/script>\n<!-- \/ Yoast SEO plugin. -->","yoast_head_json":{"title":"Alegeri la Ba\u0219calia: un singur candidat la func\u021bia de primar","description":"Duminic\u0103, 16 noiembrie, locuitorii din Ba\u0219calia \u00ee\u0219i aleg primarul. \u00cen cursa electoral\u0103 este \u00eenregistrat un singur candidat.","robots":{"index":"index","follow":"follow","max-snippet":"max-snippet:-1","max-image-preview":"max-image-preview:large","max-video-preview":"max-video-preview:-1"},"canonical":"https:\/\/bas-tv.md\/ro\/doc-alegeri-locale-noi-la-bascalia-alegatorii-vor-putea-vota-un-singur-candidat\/","og_locale":"ro_RO","og_type":"article","og_title":"Alegeri la Ba\u0219calia: un singur candidat la func\u021bia de primar","og_description":"Duminic\u0103, 16 noiembrie, locuitorii din Ba\u0219calia \u00ee\u0219i aleg primarul. \u00cen cursa electoral\u0103 este \u00eenregistrat un singur candidat.","og_url":"https:\/\/bas-tv.md\/ro\/doc-alegeri-locale-noi-la-bascalia-alegatorii-vor-putea-vota-un-singur-candidat\/","og_site_name":"BasTV","article_published_time":"2025-11-13T17:00:09+00:00","article_modified_time":"2025-11-16T11:23:40+00:00","og_image":[{"width":876,"height":515,"url":"https:\/\/bas-tv.md\/wp-content\/uploads\/2025\/11\/ion-bordan-bashkaliya.png","type":"image\/png"}],"author":"Redactor","twitter_card":"summary_large_image","twitter_misc":{"Scris de":"Redactor","Timp estimat pentru citire":"5 minute"},"schema":{"@context":"https:\/\/schema.org","@graph":[{"@type":"Article","@id":"https:\/\/bas-tv.md\/ro\/doc-alegeri-locale-noi-la-bascalia-alegatorii-vor-putea-vota-un-singur-candidat\/#article","isPartOf":{"@id":"https:\/\/bas-tv.md\/ro\/doc-alegeri-locale-noi-la-bascalia-alegatorii-vor-putea-vota-un-singur-candidat\/"},"author":{"name":"Redactor","@id":"https:\/\/bas-tv.md\/ro\/#\/schema\/person\/8740f45ea2eca1f1695284fc03529af0"},"headline":"(DOC) Alegeri locale noi la Ba\u0219calia: aleg\u0103torii vor putea vota un singur candidat","datePublished":"2025-11-13T17:00:09+00:00","dateModified":"2025-11-16T11:23:40+00:00","mainEntityOfPage":{"@id":"https:\/\/bas-tv.md\/ro\/doc-alegeri-locale-noi-la-bascalia-alegatorii-vor-putea-vota-un-singur-candidat\/"},"wordCount":786,"publisher":{"@id":"https:\/\/bas-tv.md\/ro\/#organization"},"image":{"@id":"https:\/\/bas-tv.md\/ro\/doc-alegeri-locale-noi-la-bascalia-alegatorii-vor-putea-vota-un-singur-candidat\/#primaryimage"},"thumbnailUrl":"https:\/\/bas-tv.md\/wp-content\/uploads\/2025\/11\/ion-bordan-bashkaliya.png","keywords":["alegeri Basarabeasca","alegeri locale","alegeri locale noi","Ba\u0219calia","CEC Moldova","primar Ba\u0219calia","\u0418\u043e\u043d \u0411\u043e\u0440\u0434\u0430\u043d"],"articleSection":["Actualitate","\u00cen Basarabeasca"],"inLanguage":"ro-RO"},{"@type":"WebPage","@id":"https:\/\/bas-tv.md\/ro\/doc-alegeri-locale-noi-la-bascalia-alegatorii-vor-putea-vota-un-singur-candidat\/","url":"https:\/\/bas-tv.md\/ro\/doc-alegeri-locale-noi-la-bascalia-alegatorii-vor-putea-vota-un-singur-candidat\/","name":"Alegeri la Ba\u0219calia: un singur candidat la func\u021bia de primar","isPartOf":{"@id":"https:\/\/bas-tv.md\/ro\/#website"},"primaryImageOfPage":{"@id":"https:\/\/bas-tv.md\/ro\/doc-alegeri-locale-noi-la-bascalia-alegatorii-vor-putea-vota-un-singur-candidat\/#primaryimage"},"image":{"@id":"https:\/\/bas-tv.md\/ro\/doc-alegeri-locale-noi-la-bascalia-alegatorii-vor-putea-vota-un-singur-candidat\/#primaryimage"},"thumbnailUrl":"https:\/\/bas-tv.md\/wp-content\/uploads\/2025\/11\/ion-bordan-bashkaliya.png","datePublished":"2025-11-13T17:00:09+00:00","dateModified":"2025-11-16T11:23:40+00:00","description":"Duminic\u0103, 16 noiembrie, locuitorii din Ba\u0219calia \u00ee\u0219i aleg primarul. \u00cen cursa electoral\u0103 este \u00eenregistrat un singur candidat.","inLanguage":"ro-RO","potentialAction":[{"@type":"ReadAction","target":["https:\/\/bas-tv.md\/ro\/doc-alegeri-locale-noi-la-bascalia-alegatorii-vor-putea-vota-un-singur-candidat\/"]}]},{"@type":"ImageObject","inLanguage":"ro-RO","@id":"https:\/\/bas-tv.md\/ro\/doc-alegeri-locale-noi-la-bascalia-alegatorii-vor-putea-vota-un-singur-candidat\/#primaryimage","url":"https:\/\/bas-tv.md\/wp-content\/uploads\/2025\/11\/ion-bordan-bashkaliya.png","contentUrl":"https:\/\/bas-tv.md\/wp-content\/uploads\/2025\/11\/ion-bordan-bashkaliya.png","width":876,"height":515,"caption":"\u0424\u043e\u0442\u043e: BAStv"},{"@type":"WebSite","@id":"https:\/\/bas-tv.md\/ro\/#website","url":"https:\/\/bas-tv.md\/ro\/","name":"BasTV","description":"Moldova","publisher":{"@id":"https:\/\/bas-tv.md\/ro\/#organization"},"potentialAction":[{"@type":"SearchAction","target":{"@type":"EntryPoint","urlTemplate":"https:\/\/bas-tv.md\/ro\/?s={search_term_string}"},"query-input":{"@type":"PropertyValueSpecification","valueRequired":true,"valueName":"search_term_string"}}],"inLanguage":"ro-RO"},{"@type":"Organization","@id":"https:\/\/bas-tv.md\/ro\/#organization","name":"BasTV","url":"https:\/\/bas-tv.md\/ro\/","logo":{"@type":"ImageObject","inLanguage":"ro-RO","@id":"https:\/\/bas-tv.md\/ro\/#\/schema\/logo\/image\/","url":"https:\/\/bas-tv.md\/wp-content\/uploads\/2023\/05\/bas-tv-culoarea-rosie.png","contentUrl":"https:\/\/bas-tv.md\/wp-content\/uploads\/2023\/05\/bas-tv-culoarea-rosie.png","width":202,"height":50,"caption":"BasTV"},"image":{"@id":"https:\/\/bas-tv.md\/ro\/#\/schema\/logo\/image\/"}},{"@type":"Person","@id":"https:\/\/bas-tv.md\/ro\/#\/schema\/person\/8740f45ea2eca1f1695284fc03529af0","name":"Redactor","image":{"@type":"ImageObject","inLanguage":"ro-RO","@id":"https:\/\/bas-tv.md\/wp-content\/litespeed\/avatar\/91c0586f3f6f4396a4ec1287c965eeeb.jpg?ver=1777555749","url":"https:\/\/bas-tv.md\/wp-content\/litespeed\/avatar\/91c0586f3f6f4396a4ec1287c965eeeb.jpg?ver=1777555749","contentUrl":"https:\/\/bas-tv.md\/wp-content\/litespeed\/avatar\/91c0586f3f6f4396a4ec1287c965eeeb.jpg?ver=1777555749","caption":"Redactor"},"url":"https:\/\/bas-tv.md\/ro\/author\/redactor\/"}]}},"views":1278,"_links":{"self":[{"href":"https:\/\/bas-tv.md\/ro\/wp-json\/wp\/v2\/posts\/166651","targetHints":{"allow":["GET"]}}],"collection":[{"href":"https:\/\/bas-tv.md\/ro\/wp-json\/wp\/v2\/posts"}],"about":[{"href":"https:\/\/bas-tv.md\/ro\/wp-json\/wp\/v2\/types\/post"}],"author":[{"embeddable":true,"href":"https:\/\/bas-tv.md\/ro\/wp-json\/wp\/v2\/users\/3"}],"replies":[{"embeddable":true,"href":"https:\/\/bas-tv.md\/ro\/wp-json\/wp\/v2\/comments?post=166651"}],"version-history":[{"count":6,"href":"https:\/\/bas-tv.md\/ro\/wp-json\/wp\/v2\/posts\/166651\/revisions"}],"predecessor-version":[{"id":166906,"href":"https:\/\/bas-tv.md\/ro\/wp-json\/wp\/v2\/posts\/166651\/revisions\/166906"}],"wp:featuredmedia":[{"embeddable":true,"href":"https:\/\/bas-tv.md\/ro\/wp-json\/wp\/v2\/media\/166661"}],"wp:attachment":[{"href":"https:\/\/bas-tv.md\/ro\/wp-json\/wp\/v2\/media?parent=166651"}],"wp:term":[{"taxonomy":"category","embeddable":true,"href":"https:\/\/bas-tv.md\/ro\/wp-json\/wp\/v2\/categories?post=166651"},{"taxonomy":"post_tag","embeddable":true,"href":"https:\/\/bas-tv.md\/ro\/wp-json\/wp\/v2\/tags?post=166651"}],"curies":[{"name":"wp","href":"https:\/\/api.w.org\/{rel}","templated":true}]}}