{"id":166821,"date":"2025-11-14T13:00:45","date_gmt":"2025-11-14T11:00:45","guid":{"rendered":"https:\/\/bas-tv.md\/?p=166821"},"modified":"2025-11-14T12:20:59","modified_gmt":"2025-11-14T10:20:59","slug":"la-abaclia-va-avea-loc-un-targ-al-mesterilor-populari-dedicat-hramului-satului","status":"publish","type":"post","link":"https:\/\/bas-tv.md\/ro\/la-abaclia-va-avea-loc-un-targ-al-mesterilor-populari-dedicat-hramului-satului\/","title":{"rendered":"La Abaclia va avea loc un t\u00e2rg al me\u0219terilor populari, dedicat Hramului satului"},"content":{"rendered":"<p><strong>Pe data de 21 noiembrie, Abaclia \u00ee\u0219i va s\u0103rb\u0103tori Hramul. Conform tradi\u021biei, evenimentul va aduna nu doar locuitorii satului, ci \u0219i me\u0219teri din \u00eentreaga regiune de sud a Republicii Moldova. \u00cen aceast\u0103 zi, Casa de Cultur\u0103 din localitate se va transforma \u00eentr-un spa\u021biu al creativit\u0103\u021bii, unde me\u0219terii populari din Basarabeasca, Sadaclia, Carabetovca, Iserlia, G\u0103g\u0103uzia, Chi\u0219in\u0103u \u0219i Cahul \u00ee\u0219i vor prezenta lucr\u0103rile.<\/strong><\/p>\n<p>T\u00e2rgul va \u00eencepe la ora 11:00. \u00cen total, aproximativ 20 de me\u0219teri populari vor participa la eveniment.<\/p>\n<p>Pe parcursul zilei, vizitatorii vor putea descoperi o gam\u0103 variat\u0103 de produse artizanale: de la articole decorative p\u00e2n\u0103 la delicii culinare. Printre articolele expuse se num\u0103r\u0103 co\u0219uri \u0219i ghivece din ratan, produse aduse din Italia, flori delicate confec\u021bionate din panglici de atlas, bombe parfumate pentru baie, buchete dulci, flori din s\u0103pun, figurine din ghips pentru decor, po\u0219ete \u0219i brelocuri realizate manual.<\/p>\n<p>De asemenea, vor fi prezentate articole vestimentare, perne decorative, obiecte din lemn, icoane din m\u0103rgele, tablouri, bijuterii lucrate manual, articole din piele natural\u0103, accesorii pentru p\u0103r, dar \u0219i juc\u0103rii moi.<\/p>\n<p>Oferta gastronomic\u0103 va fi la fel de bogat\u0103: miere natural\u0103, produse de panifica\u021bie, conserve de cas\u0103, p\u00e2ine, chifle, bezele, ciocolat\u0103 artizanal\u0103 \u0219i alte delicii preg\u0103tite de cofetari locali. De asemenea, vor fi disponibile popcorn, vat\u0103 de zah\u0103r \u0219i cartofi pr\u0103ji\u021bi, pentru a completa atmosfera de s\u0103rb\u0103toare a t\u00e2rgului.<\/p>\n<p>Organizatoarea evenimentului este Eugenia Leu, originar\u0103 din satul Abaclia. Aceasta men\u021bioneaz\u0103 c\u0103 t\u00e2rgul nu va fi doar o parte a programului dedicat Hramului Satului, ci \u0219i un spa\u021biu pentru comunicare, schimb de experien\u021b\u0103 \u0219i un prilej de sus\u021binere a me\u0219terilor locali.<\/p>\n<p><strong>Sus\u021bine\u021bi redac\u021bia BAStv, abona\u021bi-v\u0103 la noi pe platforma\u00a0<a href=\"https:\/\/www.patreon.com\/BAStv?fan_landing=true&amp;fbclid=IwAR3MeSDKfH4ixBydCXX9D1lhrCszhps3ID5uxuGA-Ktd4MTkZCRdlcEZkQI\">Patreon\u00a0<\/a>sau prin efectuarea contribu\u021biilor prin\u00a0<a href=\"https:\/\/www.paypal.com\/paypalme\/supportbastv\">PayPal<\/a>! Aceasta ne va ajuta s\u0103 cre\u0103m con\u021binut interesant \u0219i util pentru dvs., r\u0103m\u00e2n\u00e2nd \u00een continuare o platform\u0103 media independent\u0103.<\/strong><\/p>\n<p><b>Abona\u021bi-v\u0103 la noi pe re\u021bele sociale:\u00a0<\/b><a href=\"https:\/\/t.me\/bastvmd\"><b><i>Telegram<\/i><\/b><\/a><b>,\u00a0<\/b><a href=\"https:\/\/www.youtube.com\/channel\/UC-9005PnLnhpNM8PVSjP2dQ\/featured\"><b><i>YouTube<\/i><\/b><\/a><b>,\u00a0<\/b><a href=\"https:\/\/www.facebook.com\/bastv.md\"><b><i>Facebook<\/i><\/b><\/a>\u00a0<strong>\u0219i\u00a0<\/strong><a href=\"https:\/\/www.instagram.com\/bastv.md\/\"><b><i>Instagram<\/i><\/b><\/a><b>. Aici public\u0103m \u0219tiri pe scurt.<\/b><\/p>\n","protected":false},"excerpt":{"rendered":"<p>Pe data de 21 noiembrie, Abaclia \u00ee\u0219i va s\u0103rb\u0103tori Hramul. Conform tradi\u021biei, evenimentul va aduna nu doar locuitorii satului, ci \u0219i me\u0219teri din \u00eentreaga regiune de sud a Republicii Moldova. \u00cen aceast\u0103 zi, Casa de Cultur\u0103 din localitate se va transforma \u00eentr-un spa\u021biu al creativit\u0103\u021bii, unde me\u0219terii populari din Basarabeasca, Sadaclia, Carabetovca, Iserlia, G\u0103g\u0103uzia, Chi\u0219in\u0103u [&hellip;]<\/p>\n","protected":false},"author":3,"featured_media":166824,"comment_status":"closed","ping_status":"closed","sticky":false,"template":"","format":"standard","meta":{"footnotes":""},"categories":[602,569],"tags":[744,8870,4748,15563,15562,15564],"class_list":["post-166821","post","type-post","status-publish","format-standard","has-post-thumbnail","hentry","category-actualitate","category-in-basarabeasca","tag-abaclia","tag-casa-de-cultura-abaclia","tag-eugenia-leu","tag-hramul-abaclia","tag-targ-al-mesterilor","tag-targ-local"],"yoast_head":"<!-- This site is optimized with the Yoast SEO plugin v27.5 - https:\/\/yoast.com\/product\/yoast-seo-wordpress\/ -->\n<title>Hramul Abaclia 2024: t\u00e2rg al me\u0219terilor \u0219i delicii locale<\/title>\n<meta name=\"description\" content=\"Pe 21 noiembrie, Abaclia s\u0103rb\u0103tore\u0219te Hramul cu un t\u00e2rg al me\u0219terilor populari. Evenimentul reune\u0219te creativitate \u0219i tradi\u021bii.\" \/>\n<meta name=\"robots\" content=\"index, follow, max-snippet:-1, max-image-preview:large, max-video-preview:-1\" \/>\n<link rel=\"canonical\" href=\"https:\/\/bas-tv.md\/ro\/la-abaclia-va-avea-loc-un-targ-al-mesterilor-populari-dedicat-hramului-satului\/\" \/>\n<meta property=\"og:locale\" content=\"ro_RO\" \/>\n<meta property=\"og:type\" content=\"article\" \/>\n<meta property=\"og:title\" content=\"Hramul Abaclia 2024: t\u00e2rg al me\u0219terilor \u0219i delicii locale\" \/>\n<meta property=\"og:description\" content=\"Pe 21 noiembrie, Abaclia s\u0103rb\u0103tore\u0219te Hramul cu un t\u00e2rg al me\u0219terilor populari. Evenimentul reune\u0219te creativitate \u0219i tradi\u021bii.\" \/>\n<meta property=\"og:url\" content=\"https:\/\/bas-tv.md\/ro\/la-abaclia-va-avea-loc-un-targ-al-mesterilor-populari-dedicat-hramului-satului\/\" \/>\n<meta property=\"og:site_name\" content=\"BasTV\" \/>\n<meta property=\"article:published_time\" content=\"2025-11-14T11:00:45+00:00\" \/>\n<meta property=\"og:image\" content=\"https:\/\/bas-tv.md\/wp-content\/uploads\/2025\/11\/med-yarmarka-1.jpg\" \/>\n\t<meta property=\"og:image:width\" content=\"1600\" \/>\n\t<meta property=\"og:image:height\" content=\"1200\" \/>\n\t<meta property=\"og:image:type\" content=\"image\/jpeg\" \/>\n<meta name=\"author\" content=\"Redactor\" \/>\n<meta name=\"twitter:card\" content=\"summary_large_image\" \/>\n<meta name=\"twitter:label1\" content=\"Scris de\" \/>\n\t<meta name=\"twitter:data1\" content=\"Redactor\" \/>\n\t<meta name=\"twitter:label2\" content=\"Timp estimat pentru citire\" \/>\n\t<meta name=\"twitter:data2\" content=\"2 minute\" \/>\n<script type=\"application\/ld+json\" class=\"yoast-schema-graph\">{\"@context\":\"https:\\\/\\\/schema.org\",\"@graph\":[{\"@type\":\"Article\",\"@id\":\"https:\\\/\\\/bas-tv.md\\\/ro\\\/la-abaclia-va-avea-loc-un-targ-al-mesterilor-populari-dedicat-hramului-satului\\\/#article\",\"isPartOf\":{\"@id\":\"https:\\\/\\\/bas-tv.md\\\/ro\\\/la-abaclia-va-avea-loc-un-targ-al-mesterilor-populari-dedicat-hramului-satului\\\/\"},\"author\":{\"name\":\"Redactor\",\"@id\":\"https:\\\/\\\/bas-tv.md\\\/ro\\\/#\\\/schema\\\/person\\\/8740f45ea2eca1f1695284fc03529af0\"},\"headline\":\"La Abaclia va avea loc un t\u00e2rg al me\u0219terilor populari, dedicat Hramului satului\",\"datePublished\":\"2025-11-14T11:00:45+00:00\",\"mainEntityOfPage\":{\"@id\":\"https:\\\/\\\/bas-tv.md\\\/ro\\\/la-abaclia-va-avea-loc-un-targ-al-mesterilor-populari-dedicat-hramului-satului\\\/\"},\"wordCount\":370,\"publisher\":{\"@id\":\"https:\\\/\\\/bas-tv.md\\\/ro\\\/#organization\"},\"image\":{\"@id\":\"https:\\\/\\\/bas-tv.md\\\/ro\\\/la-abaclia-va-avea-loc-un-targ-al-mesterilor-populari-dedicat-hramului-satului\\\/#primaryimage\"},\"thumbnailUrl\":\"https:\\\/\\\/bas-tv.md\\\/wp-content\\\/uploads\\\/2025\\\/11\\\/med-yarmarka-1.jpg\",\"keywords\":[\"abaclia\",\"Casa de Cultur\u0103 Abaclia\",\"Eugenia Leu\",\"Hramul Abaclia\",\"t\u00e2rg al me\u0219terilor\",\"t\u00e2rg local\"],\"articleSection\":[\"Actualitate\",\"\u00cen Basarabeasca\"],\"inLanguage\":\"ro-RO\"},{\"@type\":\"WebPage\",\"@id\":\"https:\\\/\\\/bas-tv.md\\\/ro\\\/la-abaclia-va-avea-loc-un-targ-al-mesterilor-populari-dedicat-hramului-satului\\\/\",\"url\":\"https:\\\/\\\/bas-tv.md\\\/ro\\\/la-abaclia-va-avea-loc-un-targ-al-mesterilor-populari-dedicat-hramului-satului\\\/\",\"name\":\"Hramul Abaclia 2024: t\u00e2rg al me\u0219terilor \u0219i delicii locale\",\"isPartOf\":{\"@id\":\"https:\\\/\\\/bas-tv.md\\\/ro\\\/#website\"},\"primaryImageOfPage\":{\"@id\":\"https:\\\/\\\/bas-tv.md\\\/ro\\\/la-abaclia-va-avea-loc-un-targ-al-mesterilor-populari-dedicat-hramului-satului\\\/#primaryimage\"},\"image\":{\"@id\":\"https:\\\/\\\/bas-tv.md\\\/ro\\\/la-abaclia-va-avea-loc-un-targ-al-mesterilor-populari-dedicat-hramului-satului\\\/#primaryimage\"},\"thumbnailUrl\":\"https:\\\/\\\/bas-tv.md\\\/wp-content\\\/uploads\\\/2025\\\/11\\\/med-yarmarka-1.jpg\",\"datePublished\":\"2025-11-14T11:00:45+00:00\",\"description\":\"Pe 21 noiembrie, Abaclia s\u0103rb\u0103tore\u0219te Hramul cu un t\u00e2rg al me\u0219terilor populari. Evenimentul reune\u0219te creativitate \u0219i tradi\u021bii.\",\"inLanguage\":\"ro-RO\",\"potentialAction\":[{\"@type\":\"ReadAction\",\"target\":[\"https:\\\/\\\/bas-tv.md\\\/ro\\\/la-abaclia-va-avea-loc-un-targ-al-mesterilor-populari-dedicat-hramului-satului\\\/\"]}]},{\"@type\":\"ImageObject\",\"inLanguage\":\"ro-RO\",\"@id\":\"https:\\\/\\\/bas-tv.md\\\/ro\\\/la-abaclia-va-avea-loc-un-targ-al-mesterilor-populari-dedicat-hramului-satului\\\/#primaryimage\",\"url\":\"https:\\\/\\\/bas-tv.md\\\/wp-content\\\/uploads\\\/2025\\\/11\\\/med-yarmarka-1.jpg\",\"contentUrl\":\"https:\\\/\\\/bas-tv.md\\\/wp-content\\\/uploads\\\/2025\\\/11\\\/med-yarmarka-1.jpg\",\"width\":1600,\"height\":1200,\"caption\":\"Foto: Olya Savitkaya\\\/Facebook\"},{\"@type\":\"WebSite\",\"@id\":\"https:\\\/\\\/bas-tv.md\\\/ro\\\/#website\",\"url\":\"https:\\\/\\\/bas-tv.md\\\/ro\\\/\",\"name\":\"BasTV\",\"description\":\"Moldova\",\"publisher\":{\"@id\":\"https:\\\/\\\/bas-tv.md\\\/ro\\\/#organization\"},\"potentialAction\":[{\"@type\":\"SearchAction\",\"target\":{\"@type\":\"EntryPoint\",\"urlTemplate\":\"https:\\\/\\\/bas-tv.md\\\/ro\\\/?s={search_term_string}\"},\"query-input\":{\"@type\":\"PropertyValueSpecification\",\"valueRequired\":true,\"valueName\":\"search_term_string\"}}],\"inLanguage\":\"ro-RO\"},{\"@type\":\"Organization\",\"@id\":\"https:\\\/\\\/bas-tv.md\\\/ro\\\/#organization\",\"name\":\"BasTV\",\"url\":\"https:\\\/\\\/bas-tv.md\\\/ro\\\/\",\"logo\":{\"@type\":\"ImageObject\",\"inLanguage\":\"ro-RO\",\"@id\":\"https:\\\/\\\/bas-tv.md\\\/ro\\\/#\\\/schema\\\/logo\\\/image\\\/\",\"url\":\"https:\\\/\\\/bas-tv.md\\\/wp-content\\\/uploads\\\/2023\\\/05\\\/bas-tv-culoarea-rosie.png\",\"contentUrl\":\"https:\\\/\\\/bas-tv.md\\\/wp-content\\\/uploads\\\/2023\\\/05\\\/bas-tv-culoarea-rosie.png\",\"width\":202,\"height\":50,\"caption\":\"BasTV\"},\"image\":{\"@id\":\"https:\\\/\\\/bas-tv.md\\\/ro\\\/#\\\/schema\\\/logo\\\/image\\\/\"}},{\"@type\":\"Person\",\"@id\":\"https:\\\/\\\/bas-tv.md\\\/ro\\\/#\\\/schema\\\/person\\\/8740f45ea2eca1f1695284fc03529af0\",\"name\":\"Redactor\",\"image\":{\"@type\":\"ImageObject\",\"inLanguage\":\"ro-RO\",\"@id\":\"https:\\\/\\\/bas-tv.md\\\/wp-content\\\/litespeed\\\/avatar\\\/91c0586f3f6f4396a4ec1287c965eeeb.jpg?ver=1777555749\",\"url\":\"https:\\\/\\\/bas-tv.md\\\/wp-content\\\/litespeed\\\/avatar\\\/91c0586f3f6f4396a4ec1287c965eeeb.jpg?ver=1777555749\",\"contentUrl\":\"https:\\\/\\\/bas-tv.md\\\/wp-content\\\/litespeed\\\/avatar\\\/91c0586f3f6f4396a4ec1287c965eeeb.jpg?ver=1777555749\",\"caption\":\"Redactor\"},\"url\":\"https:\\\/\\\/bas-tv.md\\\/ro\\\/author\\\/redactor\\\/\"}]}<\/script>\n<!-- \/ Yoast SEO plugin. -->","yoast_head_json":{"title":"Hramul Abaclia 2024: t\u00e2rg al me\u0219terilor \u0219i delicii locale","description":"Pe 21 noiembrie, Abaclia s\u0103rb\u0103tore\u0219te Hramul cu un t\u00e2rg al me\u0219terilor populari. Evenimentul reune\u0219te creativitate \u0219i tradi\u021bii.","robots":{"index":"index","follow":"follow","max-snippet":"max-snippet:-1","max-image-preview":"max-image-preview:large","max-video-preview":"max-video-preview:-1"},"canonical":"https:\/\/bas-tv.md\/ro\/la-abaclia-va-avea-loc-un-targ-al-mesterilor-populari-dedicat-hramului-satului\/","og_locale":"ro_RO","og_type":"article","og_title":"Hramul Abaclia 2024: t\u00e2rg al me\u0219terilor \u0219i delicii locale","og_description":"Pe 21 noiembrie, Abaclia s\u0103rb\u0103tore\u0219te Hramul cu un t\u00e2rg al me\u0219terilor populari. Evenimentul reune\u0219te creativitate \u0219i tradi\u021bii.","og_url":"https:\/\/bas-tv.md\/ro\/la-abaclia-va-avea-loc-un-targ-al-mesterilor-populari-dedicat-hramului-satului\/","og_site_name":"BasTV","article_published_time":"2025-11-14T11:00:45+00:00","og_image":[{"width":1600,"height":1200,"url":"https:\/\/bas-tv.md\/wp-content\/uploads\/2025\/11\/med-yarmarka-1.jpg","type":"image\/jpeg"}],"author":"Redactor","twitter_card":"summary_large_image","twitter_misc":{"Scris de":"Redactor","Timp estimat pentru citire":"2 minute"},"schema":{"@context":"https:\/\/schema.org","@graph":[{"@type":"Article","@id":"https:\/\/bas-tv.md\/ro\/la-abaclia-va-avea-loc-un-targ-al-mesterilor-populari-dedicat-hramului-satului\/#article","isPartOf":{"@id":"https:\/\/bas-tv.md\/ro\/la-abaclia-va-avea-loc-un-targ-al-mesterilor-populari-dedicat-hramului-satului\/"},"author":{"name":"Redactor","@id":"https:\/\/bas-tv.md\/ro\/#\/schema\/person\/8740f45ea2eca1f1695284fc03529af0"},"headline":"La Abaclia va avea loc un t\u00e2rg al me\u0219terilor populari, dedicat Hramului satului","datePublished":"2025-11-14T11:00:45+00:00","mainEntityOfPage":{"@id":"https:\/\/bas-tv.md\/ro\/la-abaclia-va-avea-loc-un-targ-al-mesterilor-populari-dedicat-hramului-satului\/"},"wordCount":370,"publisher":{"@id":"https:\/\/bas-tv.md\/ro\/#organization"},"image":{"@id":"https:\/\/bas-tv.md\/ro\/la-abaclia-va-avea-loc-un-targ-al-mesterilor-populari-dedicat-hramului-satului\/#primaryimage"},"thumbnailUrl":"https:\/\/bas-tv.md\/wp-content\/uploads\/2025\/11\/med-yarmarka-1.jpg","keywords":["abaclia","Casa de Cultur\u0103 Abaclia","Eugenia Leu","Hramul Abaclia","t\u00e2rg al me\u0219terilor","t\u00e2rg local"],"articleSection":["Actualitate","\u00cen Basarabeasca"],"inLanguage":"ro-RO"},{"@type":"WebPage","@id":"https:\/\/bas-tv.md\/ro\/la-abaclia-va-avea-loc-un-targ-al-mesterilor-populari-dedicat-hramului-satului\/","url":"https:\/\/bas-tv.md\/ro\/la-abaclia-va-avea-loc-un-targ-al-mesterilor-populari-dedicat-hramului-satului\/","name":"Hramul Abaclia 2024: t\u00e2rg al me\u0219terilor \u0219i delicii locale","isPartOf":{"@id":"https:\/\/bas-tv.md\/ro\/#website"},"primaryImageOfPage":{"@id":"https:\/\/bas-tv.md\/ro\/la-abaclia-va-avea-loc-un-targ-al-mesterilor-populari-dedicat-hramului-satului\/#primaryimage"},"image":{"@id":"https:\/\/bas-tv.md\/ro\/la-abaclia-va-avea-loc-un-targ-al-mesterilor-populari-dedicat-hramului-satului\/#primaryimage"},"thumbnailUrl":"https:\/\/bas-tv.md\/wp-content\/uploads\/2025\/11\/med-yarmarka-1.jpg","datePublished":"2025-11-14T11:00:45+00:00","description":"Pe 21 noiembrie, Abaclia s\u0103rb\u0103tore\u0219te Hramul cu un t\u00e2rg al me\u0219terilor populari. Evenimentul reune\u0219te creativitate \u0219i tradi\u021bii.","inLanguage":"ro-RO","potentialAction":[{"@type":"ReadAction","target":["https:\/\/bas-tv.md\/ro\/la-abaclia-va-avea-loc-un-targ-al-mesterilor-populari-dedicat-hramului-satului\/"]}]},{"@type":"ImageObject","inLanguage":"ro-RO","@id":"https:\/\/bas-tv.md\/ro\/la-abaclia-va-avea-loc-un-targ-al-mesterilor-populari-dedicat-hramului-satului\/#primaryimage","url":"https:\/\/bas-tv.md\/wp-content\/uploads\/2025\/11\/med-yarmarka-1.jpg","contentUrl":"https:\/\/bas-tv.md\/wp-content\/uploads\/2025\/11\/med-yarmarka-1.jpg","width":1600,"height":1200,"caption":"Foto: Olya Savitkaya\/Facebook"},{"@type":"WebSite","@id":"https:\/\/bas-tv.md\/ro\/#website","url":"https:\/\/bas-tv.md\/ro\/","name":"BasTV","description":"Moldova","publisher":{"@id":"https:\/\/bas-tv.md\/ro\/#organization"},"potentialAction":[{"@type":"SearchAction","target":{"@type":"EntryPoint","urlTemplate":"https:\/\/bas-tv.md\/ro\/?s={search_term_string}"},"query-input":{"@type":"PropertyValueSpecification","valueRequired":true,"valueName":"search_term_string"}}],"inLanguage":"ro-RO"},{"@type":"Organization","@id":"https:\/\/bas-tv.md\/ro\/#organization","name":"BasTV","url":"https:\/\/bas-tv.md\/ro\/","logo":{"@type":"ImageObject","inLanguage":"ro-RO","@id":"https:\/\/bas-tv.md\/ro\/#\/schema\/logo\/image\/","url":"https:\/\/bas-tv.md\/wp-content\/uploads\/2023\/05\/bas-tv-culoarea-rosie.png","contentUrl":"https:\/\/bas-tv.md\/wp-content\/uploads\/2023\/05\/bas-tv-culoarea-rosie.png","width":202,"height":50,"caption":"BasTV"},"image":{"@id":"https:\/\/bas-tv.md\/ro\/#\/schema\/logo\/image\/"}},{"@type":"Person","@id":"https:\/\/bas-tv.md\/ro\/#\/schema\/person\/8740f45ea2eca1f1695284fc03529af0","name":"Redactor","image":{"@type":"ImageObject","inLanguage":"ro-RO","@id":"https:\/\/bas-tv.md\/wp-content\/litespeed\/avatar\/91c0586f3f6f4396a4ec1287c965eeeb.jpg?ver=1777555749","url":"https:\/\/bas-tv.md\/wp-content\/litespeed\/avatar\/91c0586f3f6f4396a4ec1287c965eeeb.jpg?ver=1777555749","contentUrl":"https:\/\/bas-tv.md\/wp-content\/litespeed\/avatar\/91c0586f3f6f4396a4ec1287c965eeeb.jpg?ver=1777555749","caption":"Redactor"},"url":"https:\/\/bas-tv.md\/ro\/author\/redactor\/"}]}},"views":383,"_links":{"self":[{"href":"https:\/\/bas-tv.md\/ro\/wp-json\/wp\/v2\/posts\/166821","targetHints":{"allow":["GET"]}}],"collection":[{"href":"https:\/\/bas-tv.md\/ro\/wp-json\/wp\/v2\/posts"}],"about":[{"href":"https:\/\/bas-tv.md\/ro\/wp-json\/wp\/v2\/types\/post"}],"author":[{"embeddable":true,"href":"https:\/\/bas-tv.md\/ro\/wp-json\/wp\/v2\/users\/3"}],"replies":[{"embeddable":true,"href":"https:\/\/bas-tv.md\/ro\/wp-json\/wp\/v2\/comments?post=166821"}],"version-history":[{"count":2,"href":"https:\/\/bas-tv.md\/ro\/wp-json\/wp\/v2\/posts\/166821\/revisions"}],"predecessor-version":[{"id":166823,"href":"https:\/\/bas-tv.md\/ro\/wp-json\/wp\/v2\/posts\/166821\/revisions\/166823"}],"wp:featuredmedia":[{"embeddable":true,"href":"https:\/\/bas-tv.md\/ro\/wp-json\/wp\/v2\/media\/166824"}],"wp:attachment":[{"href":"https:\/\/bas-tv.md\/ro\/wp-json\/wp\/v2\/media?parent=166821"}],"wp:term":[{"taxonomy":"category","embeddable":true,"href":"https:\/\/bas-tv.md\/ro\/wp-json\/wp\/v2\/categories?post=166821"},{"taxonomy":"post_tag","embeddable":true,"href":"https:\/\/bas-tv.md\/ro\/wp-json\/wp\/v2\/tags?post=166821"}],"curies":[{"name":"wp","href":"https:\/\/api.w.org\/{rel}","templated":true}]}}