{"id":166907,"date":"2025-11-16T21:55:30","date_gmt":"2025-11-16T19:55:30","guid":{"rendered":"https:\/\/bas-tv.md\/?p=166907"},"modified":"2025-11-16T22:12:07","modified_gmt":"2025-11-16T20:12:07","slug":"foto-prezenta-scazuta-la-vot-in-bascalia-doar-2573-dintre-alegatori-au-participat-la-alegerile-locale-noi","status":"publish","type":"post","link":"https:\/\/bas-tv.md\/ro\/foto-prezenta-scazuta-la-vot-in-bascalia-doar-2573-dintre-alegatori-au-participat-la-alegerile-locale-noi\/","title":{"rendered":"(FOTO) Prezen\u021b\u0103 sc\u0103zut\u0103 la vot \u00een Ba\u0219calia: doar 25,73% dintre aleg\u0103tori au participat la alegerile locale noi"},"content":{"rendered":"<p data-start=\"0\" data-end=\"397\"><strong>Ast\u0103zi, 16 noiembrie 2025, locuitorii din satul Ba\u0219calia, raionul Basarabeasca au fost a\u0219tepta\u021bi la urne pentru a-\u0219i alege primarul \u00een cadrul alegerilor locale noi, organizate dup\u0103 \u00eencetarea \u00eenainte de termen a mandatului fostului primar, Ilie Cern\u0103u\u021ban. Prezen\u021ba la vot \u00een Ba\u0219calia a fost cea mai sc\u0103zut\u0103 dintre toate cele \u0219ase localit\u0103\u021bi \u00een care au avut loc alegerile &#8211; la urne s-au prezentat doar 25,73% dintre aleg\u0103tori.<\/strong><\/p>\n<p data-start=\"399\" data-end=\"882\">Potrivit datelor preliminare prezentate de Comisia Electoral\u0103 Central\u0103, procesul de vot s-a \u00eencheiat \u00een toate cele 21 de sec\u021bii de votare \u00een localit\u0103\u021bile unde au avut loc alegeri locale noi. La nivel na\u021bional, \u0219i-au exercitat dreptul la vot 8 836 de aleg\u0103tori, ceea ce reprezint\u0103 39,06% din num\u0103rul total al persoanelor \u00eenscrise \u00een listele electorale.<\/p>\n<p data-start=\"962\" data-end=\"1225\">\u00cen satul Ba\u0219calia, raionul Basarabeasca, prezen\u021ba la urne a fost de doar <strong>25,73%<\/strong>, cea mai redus\u0103 rat\u0103 de participare dintre toate localit\u0103\u021bile implicate \u00een alegerile locale de ast\u0103zi. Din totalul celor <strong>2 818<\/strong> aleg\u0103tori \u00eenscri\u0219i \u00een liste, doar <strong>725<\/strong> de persoane s-au prezentat la sec\u021bia de votare. La polul opus, cea mai mare rat\u0103 de participare s-a \u00eenregistrat \u00een satul Ustia, raionul Glodeni, unde la urne s-au prezentat 53,72% dintre aleg\u0103tori \u0219i \u00een comuna Cremenciug din raionul Soroca &#8211; de 52,74%.<\/p>\n<p data-start=\"962\" data-end=\"1225\">Potrivit datelor preliminare, \u00een Ba\u0219calia a fost dep\u0103\u0219it pragul minim necesar pentru validarea scrutinului. Astfel, \u00een condi\u021biile \u00een care toate buletinele de vot vor fi considerate valabile, rata de participare de 25,73%\u00a0dep\u0103\u0219e\u0219te cerin\u021ba legal\u0103 conform c\u0103reia la scrutin trebuie s\u0103 participe cel pu\u021bin o p\u0103trime din aleg\u0103torii \u00eenscri\u0219i pe listele electorale \u00een circumscrip\u021bia respectiv\u0103.<\/p>\n<p data-start=\"1838\" data-end=\"2015\">Potrivit informa\u021biilor comunicate de reprezentantul sec\u021biei de votare 5\/11 din satul Ba\u0219calia, pe parcursul zilei nu au fost \u00eenregistrate \u00eenc\u0103lc\u0103ri, incidente sau peti\u021bii, iar procesul de vot s-a desf\u0103\u0219urat \u00een condi\u021bii normale.<\/p>\n<p data-start=\"2017\" data-end=\"2230\">\u00cen urm\u0103toarele ore, CEC urmeaz\u0103 s\u0103 recep\u021bioneze\u00a0procesele-verbale \u00een original de la organele electorale inferioare pentru a totaliza rezultatele alegerilor. P\u00e2n\u0103 atunci, datele prezentate de organele electorale inferioare au caracter preliminar.<\/p>\n<p data-start=\"2017\" data-end=\"2230\">Reamintim c\u0103, \u00een cursa electoral\u0103, a fost \u00eenregistrat\u0103 o singur\u0103 persoan\u0103, Ion Bordan, \u00een calitate de candidat independent la func\u021bia de primar.\u00a0Pentru ca acest candidat s\u0103 fie considerat ales, el trebuie s\u0103 ob\u021bin\u0103 mai mult de jum\u0103tate din voturile valabil exprimate, adic\u0103 50% plus un vot.<\/p>\n<div id='gallery-1' class='gallery galleryid-166907 gallery-columns-2 gallery-size-large'><figure class='gallery-item'>\n\t\t\t<div class='gallery-icon landscape'>\n\t\t\t\t<a href='https:\/\/bas-tv.md\/ro\/foto-prezenta-scazuta-la-vot-in-bascalia-doar-2573-dintre-alegatori-au-participat-la-alegerile-locale-noi\/photo_2025-11-16_13-26-28-2\/'><img fetchpriority=\"high\" decoding=\"async\" width=\"580\" height=\"435\" src=\"https:\/\/bas-tv.md\/wp-content\/uploads\/2025\/11\/photo_2025-11-16_13-26-28-2-1024x768.jpg\" class=\"attachment-large size-large\" alt=\"\" srcset=\"https:\/\/bas-tv.md\/wp-content\/uploads\/2025\/11\/photo_2025-11-16_13-26-28-2-1024x768.jpg 1024w, https:\/\/bas-tv.md\/wp-content\/uploads\/2025\/11\/photo_2025-11-16_13-26-28-2-300x225.jpg 300w, https:\/\/bas-tv.md\/wp-content\/uploads\/2025\/11\/photo_2025-11-16_13-26-28-2-768x576.jpg 768w, https:\/\/bas-tv.md\/wp-content\/uploads\/2025\/11\/photo_2025-11-16_13-26-28-2-1200x900.jpg 1200w, https:\/\/bas-tv.md\/wp-content\/uploads\/2025\/11\/photo_2025-11-16_13-26-28-2.jpg 1280w\" sizes=\"(max-width: 580px) 100vw, 580px\" \/><\/a>\n\t\t\t<\/div><\/figure><figure class='gallery-item'>\n\t\t\t<div class='gallery-icon landscape'>\n\t\t\t\t<a href='https:\/\/bas-tv.md\/ro\/foto-prezenta-scazuta-la-vot-in-bascalia-doar-2573-dintre-alegatori-au-participat-la-alegerile-locale-noi\/photo_2025-11-16_13-26-32\/'><img decoding=\"async\" width=\"580\" height=\"435\" src=\"https:\/\/bas-tv.md\/wp-content\/uploads\/2025\/11\/photo_2025-11-16_13-26-32-1024x768.jpg\" class=\"attachment-large size-large\" alt=\"\" srcset=\"https:\/\/bas-tv.md\/wp-content\/uploads\/2025\/11\/photo_2025-11-16_13-26-32-1024x768.jpg 1024w, https:\/\/bas-tv.md\/wp-content\/uploads\/2025\/11\/photo_2025-11-16_13-26-32-300x225.jpg 300w, https:\/\/bas-tv.md\/wp-content\/uploads\/2025\/11\/photo_2025-11-16_13-26-32-768x576.jpg 768w, https:\/\/bas-tv.md\/wp-content\/uploads\/2025\/11\/photo_2025-11-16_13-26-32-1200x900.jpg 1200w, https:\/\/bas-tv.md\/wp-content\/uploads\/2025\/11\/photo_2025-11-16_13-26-32.jpg 1280w\" sizes=\"(max-width: 580px) 100vw, 580px\" \/><\/a>\n\t\t\t<\/div><\/figure><figure class='gallery-item'>\n\t\t\t<div class='gallery-icon landscape'>\n\t\t\t\t<a href='https:\/\/bas-tv.md\/ro\/foto-prezenta-scazuta-la-vot-in-bascalia-doar-2573-dintre-alegatori-au-participat-la-alegerile-locale-noi\/photo_2025-11-16_13-26-44\/'><img decoding=\"async\" width=\"580\" height=\"435\" src=\"https:\/\/bas-tv.md\/wp-content\/uploads\/2025\/11\/photo_2025-11-16_13-26-44-1024x768.jpg\" class=\"attachment-large size-large\" alt=\"\" srcset=\"https:\/\/bas-tv.md\/wp-content\/uploads\/2025\/11\/photo_2025-11-16_13-26-44-1024x768.jpg 1024w, https:\/\/bas-tv.md\/wp-content\/uploads\/2025\/11\/photo_2025-11-16_13-26-44-300x225.jpg 300w, https:\/\/bas-tv.md\/wp-content\/uploads\/2025\/11\/photo_2025-11-16_13-26-44-768x576.jpg 768w, https:\/\/bas-tv.md\/wp-content\/uploads\/2025\/11\/photo_2025-11-16_13-26-44-1200x900.jpg 1200w, https:\/\/bas-tv.md\/wp-content\/uploads\/2025\/11\/photo_2025-11-16_13-26-44.jpg 1280w\" sizes=\"(max-width: 580px) 100vw, 580px\" \/><\/a>\n\t\t\t<\/div><\/figure><figure class='gallery-item'>\n\t\t\t<div class='gallery-icon landscape'>\n\t\t\t\t<a href='https:\/\/bas-tv.md\/ro\/foto-prezenta-scazuta-la-vot-in-bascalia-doar-2573-dintre-alegatori-au-participat-la-alegerile-locale-noi\/photo_2025-11-16_13-26-41\/'><img loading=\"lazy\" decoding=\"async\" width=\"580\" height=\"435\" src=\"https:\/\/bas-tv.md\/wp-content\/uploads\/2025\/11\/photo_2025-11-16_13-26-41-1024x768.jpg\" class=\"attachment-large size-large\" alt=\"\" srcset=\"https:\/\/bas-tv.md\/wp-content\/uploads\/2025\/11\/photo_2025-11-16_13-26-41-1024x768.jpg 1024w, https:\/\/bas-tv.md\/wp-content\/uploads\/2025\/11\/photo_2025-11-16_13-26-41-300x225.jpg 300w, https:\/\/bas-tv.md\/wp-content\/uploads\/2025\/11\/photo_2025-11-16_13-26-41-768x576.jpg 768w, https:\/\/bas-tv.md\/wp-content\/uploads\/2025\/11\/photo_2025-11-16_13-26-41-1200x900.jpg 1200w, https:\/\/bas-tv.md\/wp-content\/uploads\/2025\/11\/photo_2025-11-16_13-26-41.jpg 1280w\" sizes=\"(max-width: 580px) 100vw, 580px\" \/><\/a>\n\t\t\t<\/div><\/figure><figure class='gallery-item'>\n\t\t\t<div class='gallery-icon landscape'>\n\t\t\t\t<a href='https:\/\/bas-tv.md\/ro\/foto-prezenta-scazuta-la-vot-in-bascalia-doar-2573-dintre-alegatori-au-participat-la-alegerile-locale-noi\/photo_2025-11-16_13-26-36\/'><img loading=\"lazy\" decoding=\"async\" width=\"580\" height=\"435\" src=\"https:\/\/bas-tv.md\/wp-content\/uploads\/2025\/11\/photo_2025-11-16_13-26-36-1024x768.jpg\" class=\"attachment-large size-large\" alt=\"\" srcset=\"https:\/\/bas-tv.md\/wp-content\/uploads\/2025\/11\/photo_2025-11-16_13-26-36-1024x768.jpg 1024w, https:\/\/bas-tv.md\/wp-content\/uploads\/2025\/11\/photo_2025-11-16_13-26-36-300x225.jpg 300w, https:\/\/bas-tv.md\/wp-content\/uploads\/2025\/11\/photo_2025-11-16_13-26-36-768x576.jpg 768w, https:\/\/bas-tv.md\/wp-content\/uploads\/2025\/11\/photo_2025-11-16_13-26-36-1200x900.jpg 1200w, https:\/\/bas-tv.md\/wp-content\/uploads\/2025\/11\/photo_2025-11-16_13-26-36.jpg 1280w\" sizes=\"(max-width: 580px) 100vw, 580px\" \/><\/a>\n\t\t\t<\/div><\/figure><figure class='gallery-item'>\n\t\t\t<div class='gallery-icon landscape'>\n\t\t\t\t<a href='https:\/\/bas-tv.md\/ro\/foto-prezenta-scazuta-la-vot-in-bascalia-doar-2573-dintre-alegatori-au-participat-la-alegerile-locale-noi\/photo_2025-11-16_13-26-30\/'><img loading=\"lazy\" decoding=\"async\" width=\"580\" height=\"435\" src=\"https:\/\/bas-tv.md\/wp-content\/uploads\/2025\/11\/photo_2025-11-16_13-26-30-1024x768.jpg\" class=\"attachment-large size-large\" alt=\"\" srcset=\"https:\/\/bas-tv.md\/wp-content\/uploads\/2025\/11\/photo_2025-11-16_13-26-30-1024x768.jpg 1024w, https:\/\/bas-tv.md\/wp-content\/uploads\/2025\/11\/photo_2025-11-16_13-26-30-300x225.jpg 300w, https:\/\/bas-tv.md\/wp-content\/uploads\/2025\/11\/photo_2025-11-16_13-26-30-768x576.jpg 768w, https:\/\/bas-tv.md\/wp-content\/uploads\/2025\/11\/photo_2025-11-16_13-26-30-1200x900.jpg 1200w, https:\/\/bas-tv.md\/wp-content\/uploads\/2025\/11\/photo_2025-11-16_13-26-30.jpg 1280w\" sizes=\"(max-width: 580px) 100vw, 580px\" \/><\/a>\n\t\t\t<\/div><\/figure><figure class='gallery-item'>\n\t\t\t<div class='gallery-icon landscape'>\n\t\t\t\t<a href='https:\/\/bas-tv.md\/ro\/foto-prezenta-scazuta-la-vot-in-bascalia-doar-2573-dintre-alegatori-au-participat-la-alegerile-locale-noi\/photo_2025-11-16_13-26-31\/'><img loading=\"lazy\" decoding=\"async\" width=\"580\" height=\"435\" src=\"https:\/\/bas-tv.md\/wp-content\/uploads\/2025\/11\/photo_2025-11-16_13-26-31-1024x768.jpg\" class=\"attachment-large size-large\" alt=\"\" srcset=\"https:\/\/bas-tv.md\/wp-content\/uploads\/2025\/11\/photo_2025-11-16_13-26-31-1024x768.jpg 1024w, https:\/\/bas-tv.md\/wp-content\/uploads\/2025\/11\/photo_2025-11-16_13-26-31-300x225.jpg 300w, https:\/\/bas-tv.md\/wp-content\/uploads\/2025\/11\/photo_2025-11-16_13-26-31-768x576.jpg 768w, https:\/\/bas-tv.md\/wp-content\/uploads\/2025\/11\/photo_2025-11-16_13-26-31-1200x900.jpg 1200w, https:\/\/bas-tv.md\/wp-content\/uploads\/2025\/11\/photo_2025-11-16_13-26-31.jpg 1280w\" sizes=\"(max-width: 580px) 100vw, 580px\" \/><\/a>\n\t\t\t<\/div><\/figure><figure class='gallery-item'>\n\t\t\t<div class='gallery-icon landscape'>\n\t\t\t\t<a href='https:\/\/bas-tv.md\/ro\/foto-prezenta-scazuta-la-vot-in-bascalia-doar-2573-dintre-alegatori-au-participat-la-alegerile-locale-noi\/photo_2025-11-16_13-26-28\/'><img loading=\"lazy\" decoding=\"async\" width=\"580\" height=\"435\" src=\"https:\/\/bas-tv.md\/wp-content\/uploads\/2025\/11\/photo_2025-11-16_13-26-28-1024x768.jpg\" class=\"attachment-large size-large\" alt=\"\" srcset=\"https:\/\/bas-tv.md\/wp-content\/uploads\/2025\/11\/photo_2025-11-16_13-26-28-1024x768.jpg 1024w, https:\/\/bas-tv.md\/wp-content\/uploads\/2025\/11\/photo_2025-11-16_13-26-28-300x225.jpg 300w, https:\/\/bas-tv.md\/wp-content\/uploads\/2025\/11\/photo_2025-11-16_13-26-28-768x576.jpg 768w, https:\/\/bas-tv.md\/wp-content\/uploads\/2025\/11\/photo_2025-11-16_13-26-28-1200x900.jpg 1200w, https:\/\/bas-tv.md\/wp-content\/uploads\/2025\/11\/photo_2025-11-16_13-26-28.jpg 1280w\" sizes=\"(max-width: 580px) 100vw, 580px\" \/><\/a>\n\t\t\t<\/div><\/figure><figure class='gallery-item'>\n\t\t\t<div class='gallery-icon landscape'>\n\t\t\t\t<a href='https:\/\/bas-tv.md\/ro\/foto-prezenta-scazuta-la-vot-in-bascalia-doar-2573-dintre-alegatori-au-participat-la-alegerile-locale-noi\/photo_2025-11-16_13-26-36-2\/'><img loading=\"lazy\" decoding=\"async\" width=\"580\" height=\"435\" src=\"https:\/\/bas-tv.md\/wp-content\/uploads\/2025\/11\/photo_2025-11-16_13-26-36-2-1024x768.jpg\" class=\"attachment-large size-large\" alt=\"\" srcset=\"https:\/\/bas-tv.md\/wp-content\/uploads\/2025\/11\/photo_2025-11-16_13-26-36-2-1024x768.jpg 1024w, https:\/\/bas-tv.md\/wp-content\/uploads\/2025\/11\/photo_2025-11-16_13-26-36-2-300x225.jpg 300w, https:\/\/bas-tv.md\/wp-content\/uploads\/2025\/11\/photo_2025-11-16_13-26-36-2-768x576.jpg 768w, https:\/\/bas-tv.md\/wp-content\/uploads\/2025\/11\/photo_2025-11-16_13-26-36-2-1200x900.jpg 1200w, https:\/\/bas-tv.md\/wp-content\/uploads\/2025\/11\/photo_2025-11-16_13-26-36-2.jpg 1280w\" sizes=\"(max-width: 580px) 100vw, 580px\" \/><\/a>\n\t\t\t<\/div><\/figure><figure class='gallery-item'>\n\t\t\t<div class='gallery-icon landscape'>\n\t\t\t\t<a href='https:\/\/bas-tv.md\/ro\/foto-prezenta-scazuta-la-vot-in-bascalia-doar-2573-dintre-alegatori-au-participat-la-alegerile-locale-noi\/photo_2025-11-16_13-26-39\/'><img loading=\"lazy\" decoding=\"async\" width=\"580\" height=\"435\" src=\"https:\/\/bas-tv.md\/wp-content\/uploads\/2025\/11\/photo_2025-11-16_13-26-39-1024x768.jpg\" class=\"attachment-large size-large\" alt=\"\" srcset=\"https:\/\/bas-tv.md\/wp-content\/uploads\/2025\/11\/photo_2025-11-16_13-26-39-1024x768.jpg 1024w, https:\/\/bas-tv.md\/wp-content\/uploads\/2025\/11\/photo_2025-11-16_13-26-39-300x225.jpg 300w, https:\/\/bas-tv.md\/wp-content\/uploads\/2025\/11\/photo_2025-11-16_13-26-39-768x576.jpg 768w, https:\/\/bas-tv.md\/wp-content\/uploads\/2025\/11\/photo_2025-11-16_13-26-39-1200x900.jpg 1200w, https:\/\/bas-tv.md\/wp-content\/uploads\/2025\/11\/photo_2025-11-16_13-26-39.jpg 1280w\" sizes=\"(max-width: 580px) 100vw, 580px\" \/><\/a>\n\t\t\t<\/div><\/figure>\n\t\t<\/div>\n\n<p>Autor: Virineia Carapirea<\/p>\n<p><strong>Sus\u021bine\u021bi redac\u021bia BAStv, abona\u021bi-v\u0103 la noi pe platforma\u00a0<a href=\"https:\/\/www.patreon.com\/BAStv?fan_landing=true&amp;fbclid=IwAR3MeSDKfH4ixBydCXX9D1lhrCszhps3ID5uxuGA-Ktd4MTkZCRdlcEZkQI\">Patreon\u00a0<\/a>sau prin efectuarea contribu\u021biilor prin\u00a0<a href=\"https:\/\/www.paypal.com\/paypalme\/supportbastv\">PayPal<\/a>! Aceasta ne va ajuta s\u0103 cre\u0103m con\u021binut interesant \u0219i util pentru dvs., r\u0103m\u00e2n\u00e2nd \u00een continuare o platform\u0103 media independent\u0103.<\/strong><\/p>\n<p><b>Abona\u021bi-v\u0103 la noi pe re\u021bele sociale:\u00a0<\/b><a href=\"https:\/\/t.me\/bastvmd\"><b><i>Telegram<\/i><\/b><\/a><b>,\u00a0<\/b><a href=\"https:\/\/www.youtube.com\/channel\/UC-9005PnLnhpNM8PVSjP2dQ\/featured\"><b><i>YouTube<\/i><\/b><\/a><b>,\u00a0<\/b><a href=\"https:\/\/www.facebook.com\/bastv.md\"><b><i>Facebook<\/i><\/b><\/a>\u00a0<strong>\u0219i\u00a0<\/strong><a href=\"https:\/\/www.instagram.com\/bastv.md\/\"><b><i>Instagram<\/i><\/b><\/a><b>. Aici public\u0103m \u0219tiri pe scurt.<\/b><\/p>\n","protected":false},"excerpt":{"rendered":"<p>Ast\u0103zi, 16 noiembrie 2025, locuitorii din satul Ba\u0219calia, raionul Basarabeasca au fost a\u0219tepta\u021bi la urne pentru a-\u0219i alege primarul \u00een cadrul alegerilor locale noi, organizate dup\u0103 \u00eencetarea \u00eenainte de termen a mandatului fostului primar, Ilie Cern\u0103u\u021ban. Prezen\u021ba la vot \u00een Ba\u0219calia a fost cea mai sc\u0103zut\u0103 dintre toate cele \u0219ase localit\u0103\u021bi \u00een care au avut [&hellip;]<\/p>\n","protected":false},"author":3,"featured_media":166914,"comment_status":"closed","ping_status":"closed","sticky":false,"template":"","format":"standard","meta":{"footnotes":""},"categories":[602,569],"tags":[2981,15594,15542,1613,4566],"class_list":["post-166907","post","type-post","status-publish","format-standard","has-post-thumbnail","hentry","category-actualitate","category-in-basarabeasca","tag-alegeri-locale","tag-alegeri-locale-2025","tag-alegeri-locale-noi","tag-bascalia","tag-prezenta-la-vot"],"yoast_head":"<!-- This site is optimized with the Yoast SEO plugin v27.5 - https:\/\/yoast.com\/product\/yoast-seo-wordpress\/ -->\n<title>(FOTO) Prezen\u021b\u0103 sc\u0103zut\u0103 la vot \u00een Ba\u0219calia: doar 25,73% dintre aleg\u0103tori au participat la alegerile locale noi - BasTV<\/title>\n<meta name=\"description\" content=\"Ast\u0103zi, 16 noiembrie 2025, locuitorii din satul Ba\u0219calia, raionul Basarabeasca au fost a\u0219tepta\u021bi la urne pentru a-\u0219i alege primarul \u00een cadrul alegerilor locale noi, organizate dup\u0103 \u00eencetarea \u00eenainte de termen a mandatului fostului primar, Ilie Cern\u0103u\u021ban. Prezen\u021ba la vot \u00een Ba\u0219calia a fost cea mai sc\u0103zut\u0103 dintre toate cele \u0219ase localit\u0103\u021bi \u00een care au avut loc alegerile - la urne s-au prezentat doar 25,73% dintre aleg\u0103tori.\" \/>\n<meta name=\"robots\" content=\"index, follow, max-snippet:-1, max-image-preview:large, max-video-preview:-1\" \/>\n<link rel=\"canonical\" href=\"https:\/\/bas-tv.md\/ro\/foto-prezenta-scazuta-la-vot-in-bascalia-doar-2573-dintre-alegatori-au-participat-la-alegerile-locale-noi\/\" \/>\n<meta property=\"og:locale\" content=\"ro_RO\" \/>\n<meta property=\"og:type\" content=\"article\" \/>\n<meta property=\"og:title\" content=\"(FOTO) Prezen\u021b\u0103 sc\u0103zut\u0103 la vot \u00een Ba\u0219calia: doar 25,73% dintre aleg\u0103tori au participat la alegerile locale noi - BasTV\" \/>\n<meta property=\"og:description\" content=\"Ast\u0103zi, 16 noiembrie 2025, locuitorii din satul Ba\u0219calia, raionul Basarabeasca au fost a\u0219tepta\u021bi la urne pentru a-\u0219i alege primarul \u00een cadrul alegerilor locale noi, organizate dup\u0103 \u00eencetarea \u00eenainte de termen a mandatului fostului primar, Ilie Cern\u0103u\u021ban. Prezen\u021ba la vot \u00een Ba\u0219calia a fost cea mai sc\u0103zut\u0103 dintre toate cele \u0219ase localit\u0103\u021bi \u00een care au avut loc alegerile - la urne s-au prezentat doar 25,73% dintre aleg\u0103tori.\" \/>\n<meta property=\"og:url\" content=\"https:\/\/bas-tv.md\/ro\/foto-prezenta-scazuta-la-vot-in-bascalia-doar-2573-dintre-alegatori-au-participat-la-alegerile-locale-noi\/\" \/>\n<meta property=\"og:site_name\" content=\"BasTV\" \/>\n<meta property=\"article:published_time\" content=\"2025-11-16T19:55:30+00:00\" \/>\n<meta property=\"article:modified_time\" content=\"2025-11-16T20:12:07+00:00\" \/>\n<meta property=\"og:image\" content=\"https:\/\/bas-tv.md\/wp-content\/uploads\/2025\/11\/photo_2025-11-16_13-26-31.jpg\" \/>\n\t<meta property=\"og:image:width\" content=\"1280\" \/>\n\t<meta property=\"og:image:height\" content=\"960\" \/>\n\t<meta property=\"og:image:type\" content=\"image\/jpeg\" \/>\n<meta name=\"author\" content=\"Redactor\" \/>\n<meta name=\"twitter:card\" content=\"summary_large_image\" \/>\n<meta name=\"twitter:label1\" content=\"Scris de\" \/>\n\t<meta name=\"twitter:data1\" content=\"Redactor\" \/>\n\t<meta name=\"twitter:label2\" content=\"Timp estimat pentru citire\" \/>\n\t<meta name=\"twitter:data2\" content=\"3 minute\" \/>\n<script type=\"application\/ld+json\" class=\"yoast-schema-graph\">{\"@context\":\"https:\\\/\\\/schema.org\",\"@graph\":[{\"@type\":\"Article\",\"@id\":\"https:\\\/\\\/bas-tv.md\\\/ro\\\/foto-prezenta-scazuta-la-vot-in-bascalia-doar-2573-dintre-alegatori-au-participat-la-alegerile-locale-noi\\\/#article\",\"isPartOf\":{\"@id\":\"https:\\\/\\\/bas-tv.md\\\/ro\\\/foto-prezenta-scazuta-la-vot-in-bascalia-doar-2573-dintre-alegatori-au-participat-la-alegerile-locale-noi\\\/\"},\"author\":{\"name\":\"Redactor\",\"@id\":\"https:\\\/\\\/bas-tv.md\\\/ro\\\/#\\\/schema\\\/person\\\/8740f45ea2eca1f1695284fc03529af0\"},\"headline\":\"(FOTO) Prezen\u021b\u0103 sc\u0103zut\u0103 la vot \u00een Ba\u0219calia: doar 25,73% dintre aleg\u0103tori au participat la alegerile locale noi\",\"datePublished\":\"2025-11-16T19:55:30+00:00\",\"dateModified\":\"2025-11-16T20:12:07+00:00\",\"mainEntityOfPage\":{\"@id\":\"https:\\\/\\\/bas-tv.md\\\/ro\\\/foto-prezenta-scazuta-la-vot-in-bascalia-doar-2573-dintre-alegatori-au-participat-la-alegerile-locale-noi\\\/\"},\"wordCount\":494,\"publisher\":{\"@id\":\"https:\\\/\\\/bas-tv.md\\\/ro\\\/#organization\"},\"image\":{\"@id\":\"https:\\\/\\\/bas-tv.md\\\/ro\\\/foto-prezenta-scazuta-la-vot-in-bascalia-doar-2573-dintre-alegatori-au-participat-la-alegerile-locale-noi\\\/#primaryimage\"},\"thumbnailUrl\":\"https:\\\/\\\/bas-tv.md\\\/wp-content\\\/uploads\\\/2025\\\/11\\\/photo_2025-11-16_13-26-31.jpg\",\"keywords\":[\"alegeri locale\",\"alegeri locale 2025\",\"alegeri locale noi\",\"Ba\u0219calia\",\"prezen\u021ba la vot\"],\"articleSection\":[\"Actualitate\",\"\u00cen Basarabeasca\"],\"inLanguage\":\"ro-RO\"},{\"@type\":\"WebPage\",\"@id\":\"https:\\\/\\\/bas-tv.md\\\/ro\\\/foto-prezenta-scazuta-la-vot-in-bascalia-doar-2573-dintre-alegatori-au-participat-la-alegerile-locale-noi\\\/\",\"url\":\"https:\\\/\\\/bas-tv.md\\\/ro\\\/foto-prezenta-scazuta-la-vot-in-bascalia-doar-2573-dintre-alegatori-au-participat-la-alegerile-locale-noi\\\/\",\"name\":\"(FOTO) Prezen\u021b\u0103 sc\u0103zut\u0103 la vot \u00een Ba\u0219calia: doar 25,73% dintre aleg\u0103tori au participat la alegerile locale noi - BasTV\",\"isPartOf\":{\"@id\":\"https:\\\/\\\/bas-tv.md\\\/ro\\\/#website\"},\"primaryImageOfPage\":{\"@id\":\"https:\\\/\\\/bas-tv.md\\\/ro\\\/foto-prezenta-scazuta-la-vot-in-bascalia-doar-2573-dintre-alegatori-au-participat-la-alegerile-locale-noi\\\/#primaryimage\"},\"image\":{\"@id\":\"https:\\\/\\\/bas-tv.md\\\/ro\\\/foto-prezenta-scazuta-la-vot-in-bascalia-doar-2573-dintre-alegatori-au-participat-la-alegerile-locale-noi\\\/#primaryimage\"},\"thumbnailUrl\":\"https:\\\/\\\/bas-tv.md\\\/wp-content\\\/uploads\\\/2025\\\/11\\\/photo_2025-11-16_13-26-31.jpg\",\"datePublished\":\"2025-11-16T19:55:30+00:00\",\"dateModified\":\"2025-11-16T20:12:07+00:00\",\"description\":\"Ast\u0103zi, 16 noiembrie 2025, locuitorii din satul Ba\u0219calia, raionul Basarabeasca au fost a\u0219tepta\u021bi la urne pentru a-\u0219i alege primarul \u00een cadrul alegerilor locale noi, organizate dup\u0103 \u00eencetarea \u00eenainte de termen a mandatului fostului primar, Ilie Cern\u0103u\u021ban. Prezen\u021ba la vot \u00een Ba\u0219calia a fost cea mai sc\u0103zut\u0103 dintre toate cele \u0219ase localit\u0103\u021bi \u00een care au avut loc alegerile - la urne s-au prezentat doar 25,73% dintre aleg\u0103tori.\",\"inLanguage\":\"ro-RO\",\"potentialAction\":[{\"@type\":\"ReadAction\",\"target\":[\"https:\\\/\\\/bas-tv.md\\\/ro\\\/foto-prezenta-scazuta-la-vot-in-bascalia-doar-2573-dintre-alegatori-au-participat-la-alegerile-locale-noi\\\/\"]}]},{\"@type\":\"ImageObject\",\"inLanguage\":\"ro-RO\",\"@id\":\"https:\\\/\\\/bas-tv.md\\\/ro\\\/foto-prezenta-scazuta-la-vot-in-bascalia-doar-2573-dintre-alegatori-au-participat-la-alegerile-locale-noi\\\/#primaryimage\",\"url\":\"https:\\\/\\\/bas-tv.md\\\/wp-content\\\/uploads\\\/2025\\\/11\\\/photo_2025-11-16_13-26-31.jpg\",\"contentUrl\":\"https:\\\/\\\/bas-tv.md\\\/wp-content\\\/uploads\\\/2025\\\/11\\\/photo_2025-11-16_13-26-31.jpg\",\"width\":1280,\"height\":960},{\"@type\":\"WebSite\",\"@id\":\"https:\\\/\\\/bas-tv.md\\\/ro\\\/#website\",\"url\":\"https:\\\/\\\/bas-tv.md\\\/ro\\\/\",\"name\":\"BasTV\",\"description\":\"Moldova\",\"publisher\":{\"@id\":\"https:\\\/\\\/bas-tv.md\\\/ro\\\/#organization\"},\"potentialAction\":[{\"@type\":\"SearchAction\",\"target\":{\"@type\":\"EntryPoint\",\"urlTemplate\":\"https:\\\/\\\/bas-tv.md\\\/ro\\\/?s={search_term_string}\"},\"query-input\":{\"@type\":\"PropertyValueSpecification\",\"valueRequired\":true,\"valueName\":\"search_term_string\"}}],\"inLanguage\":\"ro-RO\"},{\"@type\":\"Organization\",\"@id\":\"https:\\\/\\\/bas-tv.md\\\/ro\\\/#organization\",\"name\":\"BasTV\",\"url\":\"https:\\\/\\\/bas-tv.md\\\/ro\\\/\",\"logo\":{\"@type\":\"ImageObject\",\"inLanguage\":\"ro-RO\",\"@id\":\"https:\\\/\\\/bas-tv.md\\\/ro\\\/#\\\/schema\\\/logo\\\/image\\\/\",\"url\":\"https:\\\/\\\/bas-tv.md\\\/wp-content\\\/uploads\\\/2023\\\/05\\\/bas-tv-culoarea-rosie.png\",\"contentUrl\":\"https:\\\/\\\/bas-tv.md\\\/wp-content\\\/uploads\\\/2023\\\/05\\\/bas-tv-culoarea-rosie.png\",\"width\":202,\"height\":50,\"caption\":\"BasTV\"},\"image\":{\"@id\":\"https:\\\/\\\/bas-tv.md\\\/ro\\\/#\\\/schema\\\/logo\\\/image\\\/\"}},{\"@type\":\"Person\",\"@id\":\"https:\\\/\\\/bas-tv.md\\\/ro\\\/#\\\/schema\\\/person\\\/8740f45ea2eca1f1695284fc03529af0\",\"name\":\"Redactor\",\"image\":{\"@type\":\"ImageObject\",\"inLanguage\":\"ro-RO\",\"@id\":\"https:\\\/\\\/bas-tv.md\\\/wp-content\\\/litespeed\\\/avatar\\\/91c0586f3f6f4396a4ec1287c965eeeb.jpg?ver=1777555749\",\"url\":\"https:\\\/\\\/bas-tv.md\\\/wp-content\\\/litespeed\\\/avatar\\\/91c0586f3f6f4396a4ec1287c965eeeb.jpg?ver=1777555749\",\"contentUrl\":\"https:\\\/\\\/bas-tv.md\\\/wp-content\\\/litespeed\\\/avatar\\\/91c0586f3f6f4396a4ec1287c965eeeb.jpg?ver=1777555749\",\"caption\":\"Redactor\"},\"url\":\"https:\\\/\\\/bas-tv.md\\\/ro\\\/author\\\/redactor\\\/\"}]}<\/script>\n<!-- \/ Yoast SEO plugin. -->","yoast_head_json":{"title":"(FOTO) Prezen\u021b\u0103 sc\u0103zut\u0103 la vot \u00een Ba\u0219calia: doar 25,73% dintre aleg\u0103tori au participat la alegerile locale noi - BasTV","description":"Ast\u0103zi, 16 noiembrie 2025, locuitorii din satul Ba\u0219calia, raionul Basarabeasca au fost a\u0219tepta\u021bi la urne pentru a-\u0219i alege primarul \u00een cadrul alegerilor locale noi, organizate dup\u0103 \u00eencetarea \u00eenainte de termen a mandatului fostului primar, Ilie Cern\u0103u\u021ban. Prezen\u021ba la vot \u00een Ba\u0219calia a fost cea mai sc\u0103zut\u0103 dintre toate cele \u0219ase localit\u0103\u021bi \u00een care au avut loc alegerile - la urne s-au prezentat doar 25,73% dintre aleg\u0103tori.","robots":{"index":"index","follow":"follow","max-snippet":"max-snippet:-1","max-image-preview":"max-image-preview:large","max-video-preview":"max-video-preview:-1"},"canonical":"https:\/\/bas-tv.md\/ro\/foto-prezenta-scazuta-la-vot-in-bascalia-doar-2573-dintre-alegatori-au-participat-la-alegerile-locale-noi\/","og_locale":"ro_RO","og_type":"article","og_title":"(FOTO) Prezen\u021b\u0103 sc\u0103zut\u0103 la vot \u00een Ba\u0219calia: doar 25,73% dintre aleg\u0103tori au participat la alegerile locale noi - BasTV","og_description":"Ast\u0103zi, 16 noiembrie 2025, locuitorii din satul Ba\u0219calia, raionul Basarabeasca au fost a\u0219tepta\u021bi la urne pentru a-\u0219i alege primarul \u00een cadrul alegerilor locale noi, organizate dup\u0103 \u00eencetarea \u00eenainte de termen a mandatului fostului primar, Ilie Cern\u0103u\u021ban. Prezen\u021ba la vot \u00een Ba\u0219calia a fost cea mai sc\u0103zut\u0103 dintre toate cele \u0219ase localit\u0103\u021bi \u00een care au avut loc alegerile - la urne s-au prezentat doar 25,73% dintre aleg\u0103tori.","og_url":"https:\/\/bas-tv.md\/ro\/foto-prezenta-scazuta-la-vot-in-bascalia-doar-2573-dintre-alegatori-au-participat-la-alegerile-locale-noi\/","og_site_name":"BasTV","article_published_time":"2025-11-16T19:55:30+00:00","article_modified_time":"2025-11-16T20:12:07+00:00","og_image":[{"width":1280,"height":960,"url":"https:\/\/bas-tv.md\/wp-content\/uploads\/2025\/11\/photo_2025-11-16_13-26-31.jpg","type":"image\/jpeg"}],"author":"Redactor","twitter_card":"summary_large_image","twitter_misc":{"Scris de":"Redactor","Timp estimat pentru citire":"3 minute"},"schema":{"@context":"https:\/\/schema.org","@graph":[{"@type":"Article","@id":"https:\/\/bas-tv.md\/ro\/foto-prezenta-scazuta-la-vot-in-bascalia-doar-2573-dintre-alegatori-au-participat-la-alegerile-locale-noi\/#article","isPartOf":{"@id":"https:\/\/bas-tv.md\/ro\/foto-prezenta-scazuta-la-vot-in-bascalia-doar-2573-dintre-alegatori-au-participat-la-alegerile-locale-noi\/"},"author":{"name":"Redactor","@id":"https:\/\/bas-tv.md\/ro\/#\/schema\/person\/8740f45ea2eca1f1695284fc03529af0"},"headline":"(FOTO) Prezen\u021b\u0103 sc\u0103zut\u0103 la vot \u00een Ba\u0219calia: doar 25,73% dintre aleg\u0103tori au participat la alegerile locale noi","datePublished":"2025-11-16T19:55:30+00:00","dateModified":"2025-11-16T20:12:07+00:00","mainEntityOfPage":{"@id":"https:\/\/bas-tv.md\/ro\/foto-prezenta-scazuta-la-vot-in-bascalia-doar-2573-dintre-alegatori-au-participat-la-alegerile-locale-noi\/"},"wordCount":494,"publisher":{"@id":"https:\/\/bas-tv.md\/ro\/#organization"},"image":{"@id":"https:\/\/bas-tv.md\/ro\/foto-prezenta-scazuta-la-vot-in-bascalia-doar-2573-dintre-alegatori-au-participat-la-alegerile-locale-noi\/#primaryimage"},"thumbnailUrl":"https:\/\/bas-tv.md\/wp-content\/uploads\/2025\/11\/photo_2025-11-16_13-26-31.jpg","keywords":["alegeri locale","alegeri locale 2025","alegeri locale noi","Ba\u0219calia","prezen\u021ba la vot"],"articleSection":["Actualitate","\u00cen Basarabeasca"],"inLanguage":"ro-RO"},{"@type":"WebPage","@id":"https:\/\/bas-tv.md\/ro\/foto-prezenta-scazuta-la-vot-in-bascalia-doar-2573-dintre-alegatori-au-participat-la-alegerile-locale-noi\/","url":"https:\/\/bas-tv.md\/ro\/foto-prezenta-scazuta-la-vot-in-bascalia-doar-2573-dintre-alegatori-au-participat-la-alegerile-locale-noi\/","name":"(FOTO) Prezen\u021b\u0103 sc\u0103zut\u0103 la vot \u00een Ba\u0219calia: doar 25,73% dintre aleg\u0103tori au participat la alegerile locale noi - BasTV","isPartOf":{"@id":"https:\/\/bas-tv.md\/ro\/#website"},"primaryImageOfPage":{"@id":"https:\/\/bas-tv.md\/ro\/foto-prezenta-scazuta-la-vot-in-bascalia-doar-2573-dintre-alegatori-au-participat-la-alegerile-locale-noi\/#primaryimage"},"image":{"@id":"https:\/\/bas-tv.md\/ro\/foto-prezenta-scazuta-la-vot-in-bascalia-doar-2573-dintre-alegatori-au-participat-la-alegerile-locale-noi\/#primaryimage"},"thumbnailUrl":"https:\/\/bas-tv.md\/wp-content\/uploads\/2025\/11\/photo_2025-11-16_13-26-31.jpg","datePublished":"2025-11-16T19:55:30+00:00","dateModified":"2025-11-16T20:12:07+00:00","description":"Ast\u0103zi, 16 noiembrie 2025, locuitorii din satul Ba\u0219calia, raionul Basarabeasca au fost a\u0219tepta\u021bi la urne pentru a-\u0219i alege primarul \u00een cadrul alegerilor locale noi, organizate dup\u0103 \u00eencetarea \u00eenainte de termen a mandatului fostului primar, Ilie Cern\u0103u\u021ban. Prezen\u021ba la vot \u00een Ba\u0219calia a fost cea mai sc\u0103zut\u0103 dintre toate cele \u0219ase localit\u0103\u021bi \u00een care au avut loc alegerile - la urne s-au prezentat doar 25,73% dintre aleg\u0103tori.","inLanguage":"ro-RO","potentialAction":[{"@type":"ReadAction","target":["https:\/\/bas-tv.md\/ro\/foto-prezenta-scazuta-la-vot-in-bascalia-doar-2573-dintre-alegatori-au-participat-la-alegerile-locale-noi\/"]}]},{"@type":"ImageObject","inLanguage":"ro-RO","@id":"https:\/\/bas-tv.md\/ro\/foto-prezenta-scazuta-la-vot-in-bascalia-doar-2573-dintre-alegatori-au-participat-la-alegerile-locale-noi\/#primaryimage","url":"https:\/\/bas-tv.md\/wp-content\/uploads\/2025\/11\/photo_2025-11-16_13-26-31.jpg","contentUrl":"https:\/\/bas-tv.md\/wp-content\/uploads\/2025\/11\/photo_2025-11-16_13-26-31.jpg","width":1280,"height":960},{"@type":"WebSite","@id":"https:\/\/bas-tv.md\/ro\/#website","url":"https:\/\/bas-tv.md\/ro\/","name":"BasTV","description":"Moldova","publisher":{"@id":"https:\/\/bas-tv.md\/ro\/#organization"},"potentialAction":[{"@type":"SearchAction","target":{"@type":"EntryPoint","urlTemplate":"https:\/\/bas-tv.md\/ro\/?s={search_term_string}"},"query-input":{"@type":"PropertyValueSpecification","valueRequired":true,"valueName":"search_term_string"}}],"inLanguage":"ro-RO"},{"@type":"Organization","@id":"https:\/\/bas-tv.md\/ro\/#organization","name":"BasTV","url":"https:\/\/bas-tv.md\/ro\/","logo":{"@type":"ImageObject","inLanguage":"ro-RO","@id":"https:\/\/bas-tv.md\/ro\/#\/schema\/logo\/image\/","url":"https:\/\/bas-tv.md\/wp-content\/uploads\/2023\/05\/bas-tv-culoarea-rosie.png","contentUrl":"https:\/\/bas-tv.md\/wp-content\/uploads\/2023\/05\/bas-tv-culoarea-rosie.png","width":202,"height":50,"caption":"BasTV"},"image":{"@id":"https:\/\/bas-tv.md\/ro\/#\/schema\/logo\/image\/"}},{"@type":"Person","@id":"https:\/\/bas-tv.md\/ro\/#\/schema\/person\/8740f45ea2eca1f1695284fc03529af0","name":"Redactor","image":{"@type":"ImageObject","inLanguage":"ro-RO","@id":"https:\/\/bas-tv.md\/wp-content\/litespeed\/avatar\/91c0586f3f6f4396a4ec1287c965eeeb.jpg?ver=1777555749","url":"https:\/\/bas-tv.md\/wp-content\/litespeed\/avatar\/91c0586f3f6f4396a4ec1287c965eeeb.jpg?ver=1777555749","contentUrl":"https:\/\/bas-tv.md\/wp-content\/litespeed\/avatar\/91c0586f3f6f4396a4ec1287c965eeeb.jpg?ver=1777555749","caption":"Redactor"},"url":"https:\/\/bas-tv.md\/ro\/author\/redactor\/"}]}},"views":402,"_links":{"self":[{"href":"https:\/\/bas-tv.md\/ro\/wp-json\/wp\/v2\/posts\/166907","targetHints":{"allow":["GET"]}}],"collection":[{"href":"https:\/\/bas-tv.md\/ro\/wp-json\/wp\/v2\/posts"}],"about":[{"href":"https:\/\/bas-tv.md\/ro\/wp-json\/wp\/v2\/types\/post"}],"author":[{"embeddable":true,"href":"https:\/\/bas-tv.md\/ro\/wp-json\/wp\/v2\/users\/3"}],"replies":[{"embeddable":true,"href":"https:\/\/bas-tv.md\/ro\/wp-json\/wp\/v2\/comments?post=166907"}],"version-history":[{"count":3,"href":"https:\/\/bas-tv.md\/ro\/wp-json\/wp\/v2\/posts\/166907\/revisions"}],"predecessor-version":[{"id":166944,"href":"https:\/\/bas-tv.md\/ro\/wp-json\/wp\/v2\/posts\/166907\/revisions\/166944"}],"wp:featuredmedia":[{"embeddable":true,"href":"https:\/\/bas-tv.md\/ro\/wp-json\/wp\/v2\/media\/166914"}],"wp:attachment":[{"href":"https:\/\/bas-tv.md\/ro\/wp-json\/wp\/v2\/media?parent=166907"}],"wp:term":[{"taxonomy":"category","embeddable":true,"href":"https:\/\/bas-tv.md\/ro\/wp-json\/wp\/v2\/categories?post=166907"},{"taxonomy":"post_tag","embeddable":true,"href":"https:\/\/bas-tv.md\/ro\/wp-json\/wp\/v2\/tags?post=166907"}],"curies":[{"name":"wp","href":"https:\/\/api.w.org\/{rel}","templated":true}]}}