{"id":168781,"date":"2025-12-08T10:00:13","date_gmt":"2025-12-08T08:00:13","guid":{"rendered":"https:\/\/bas-tv.md\/?p=168781"},"modified":"2025-12-08T09:58:06","modified_gmt":"2025-12-08T07:58:06","slug":"sistem-integrat-de-management-al-deseurilor-solide-in-regiunea-de-sud-ce-schimbari-se-anunta-pentru-cimislia-si-basarabeasca-pana-in-2030","status":"publish","type":"post","link":"https:\/\/bas-tv.md\/ro\/sistem-integrat-de-management-al-deseurilor-solide-in-regiunea-de-sud-ce-schimbari-se-anunta-pentru-cimislia-si-basarabeasca-pana-in-2030\/","title":{"rendered":"Sistem integrat de management al de\u0219eurilor solide \u00een regiunea de sud: ce schimb\u0103ri se anun\u021b\u0103 pentru Cimi\u0219lia \u0219i Basarabeasca p\u00e2n\u0103 \u00een 2030"},"content":{"rendered":"<p data-start=\"279\" data-end=\"679\"><strong>P\u00e2n\u0103 \u00een anul 2030, regiunea de sud a Republicii Moldova ar putea beneficia de un sistem modern \u0219i integrat de gestionare a de\u0219eurilor solide, aliniat standardelor europene \u0219i prevederilor Strategiei Na\u021bionale de Gestionare a De\u0219eurilor. Raioanele Cimi\u0219lia \u0219i Basarabeasca se reg\u0103sesc printre teritoriile vizate de acest amplu proiect na\u021bional, coordonat de Ministerul Mediului, transmite <a href=\"https:\/\/www.studio-l.online\/localitatile-din-causeni\/causeni\/video-sistem-modern-de-gestionare-a-deseurilor-pentru-cinci-raioane-pana-in-2030\/?fbclid=IwY2xjawOjCmBleHRuA2FlbQIxMABicmlkETFSR2h6b21zSk16ZHA3ZmxYc3J0YwZhcHBfaWQQMjIyMDM5MTc4ODIwMDg5MgABHoJcqM70xyOhcAQdYble9d6aY0r73CMjtF0y9RAy-cFfrVXjZMHoKFyDh07Z_aem_MGfRgkbybaZoyTgNojLjaA\">studio-l.md<\/a>.<\/strong><\/p>\n<p data-start=\"681\" data-end=\"1075\">Potrivit autorit\u0103\u021bilor, pentru zona de sud urmeaz\u0103 s\u0103 fie realizat un\u00a0studiu de fezabilitate p\u00e2n\u0103 \u00een august 2026, etap\u0103 esen\u021bial\u0103 pentru lansarea proiectelor de infrastructur\u0103 necesare. \u00cen primele luni ale acestui an, exper\u021bi din \u021bar\u0103 \u0219i din str\u0103in\u0103tate au evaluat situa\u021bia actual\u0103 a gestion\u0103rii de\u0219eurilor \u00een raioanele \u0218tefan Vod\u0103, C\u0103u\u0219eni, Basarabeasca, Cimi\u0219lia \u0219i Leova.<\/p>\n<p data-start=\"1077\" data-end=\"1413\">Concluziile arat\u0103 c\u0103, din totalul celor\u00a099 de localit\u0103\u021bi din cele 5 raioane supuse evalu\u0103rii, 20 de sate nu dispun de niciun serviciu de colectare a de\u0219eurilor, iar gunoiul nu este preluat organizat. De asemenea, doar\u00a0patru autorit\u0103\u021bi publice locale colecteaz\u0103 h\u00e2rtia \u0219i cartonul, \u00een 16 localit\u0103\u021bi se colecteaz\u0103 plasticul, iar \u00een nou\u0103 se colecteaz\u0103 \u0219i sticla.<\/p>\n<p data-start=\"1415\" data-end=\"1676\">Totodat\u0103, conform datelor prezentate, aproximativ 185 000 de locuitori din cele cinci raioane utilizeaz\u0103 17 141 de containere de gunoi de 120 de litri, fapt care indic\u0103 o infrastructur\u0103 de salubrizare insuficient dezvoltat\u0103 \u0219i neuniform distribuit\u0103.<\/p>\n<p data-start=\"526\" data-end=\"1075\">Strategia Na\u021bional\u0103 de Gestionare a De\u0219eurilor 2013\u20132027 prevede regionalizarea serviciilor de salubrizare, \u00een prezent fragmentate, prin crearea a opt Zone de Management al De\u0219eurilor (ZMD). Deputata Larisa Novac, secretara Comisiei parlamentare pentru Mediu, Clim\u0103 \u0219i Tranzi\u021bie Verde, a subliniat c\u0103 o evaluare clar\u0103 a situa\u021biei din teritoriu este esen\u021bial\u0103 \u00eenainte de lansarea investi\u021biilor majore.<\/p>\n<p data-start=\"526\" data-end=\"1075\">\u00cen cadrul acestui demers este prev\u0103zut\u0103 \u0219i construc\u021bia unui centru regional de gestionare a de\u0219eurilor \u00een ora\u0219ul Cimi\u0219lia. Totodat\u0103, pentru asigurarea func\u021bionalit\u0103\u021bii sistemului \u00een regiune, \u00een ora\u0219ul Leova, precum \u0219i \u00een satele S\u0103lcu\u021ba \u0219i Fe\u0219teli\u021ba din raioanele C\u0103u\u0219eni \u0219i \u0218tefan Vod\u0103, vor fi amenajate sta\u021bii de transfer al de\u0219eurilor.<\/p>\n<p data-start=\"1077\" data-end=\"1375\">Autorit\u0103\u021bile publice locale din aceste raioane au identificat deja terenurile necesare pentru astfel de obiective \u0219i se afl\u0103 \u00een proces de\u00a0transmitere a acestora \u00een proprietatea statului. Dup\u0103 finalizarea studiului de fezabilitate, proiectul va intra \u00een etapele de\u00a0proiectare \u0219i construc\u021bie.<\/p>\n<p data-start=\"2639\" data-end=\"3210\">\u00cen cadrul evenimentului de la C\u0103u\u0219eni, deputatul Artemie C\u0103t\u0103ni a declarat c\u0103 domeniul protec\u021biei mediului a fost mult timp neglijat, iar actualul proiect \u00eencearc\u0103 s\u0103 recupereze aceste \u00eent\u00e2rzieri printr-o abordare etapizat\u0103. \u00cen prim\u0103 faz\u0103, lucr\u0103rile de proiectare \u0219i construc\u021bie vor demara \u00een ZMD5, urm\u00e2nd zonele de nord (ZMD8) \u0219i sud (ZMD1).<\/p>\n<p data-start=\"2639\" data-end=\"3210\">O \u00eent\u00e2lnire similar\u0103 a avut loc recent \u0219i la Cimi\u0219lia, \u00een sala de \u0219edin\u021be a Consiliului Raional, unde a fost organizat\u0103 o \u0219edin\u021b\u0103 de lucru dedicat\u0103 implement\u0103rii Proiectului \u201eDe\u0219euri solide \u00een Moldova\u201d pentru Regiunea de Management al De\u0219eurilor nr. 2. La reuniune au participat pre\u0219edintele raionului Cimi\u0219lia, Andrian Talmaci, secretarul de stat al Ministerului Mediului, Grigore Stratulat, managerul de proiect, Iulian Gangan, precum \u0219i primarii localit\u0103\u021bilor din raioanele Cimi\u0219lia \u0219i Basarabeasca. Discu\u021biile s-au axat pe etapele care vor fi incluse \u00een studiul de fezabilitate, document care va stabili amplasarea Sta\u021biilor de Transfer, adic\u0103 punctele unde de\u0219eurile vor fi colectate \u0219i redistribuite \u0219i a Centrului de Gestionare a De\u0219eurilor, unde acestea vor fi procesate \u00een condi\u021bii de siguran\u021b\u0103.<\/p>\n<div id='gallery-1' class='gallery galleryid-168781 gallery-columns-3 gallery-size-large'><figure class='gallery-item'>\n\t\t\t<div class='gallery-icon landscape'>\n\t\t\t\t<a href='https:\/\/bas-tv.md\/ro\/sistem-integrat-de-management-al-deseurilor-solide-in-regiunea-de-sud-ce-schimbari-se-anunta-pentru-cimislia-si-basarabeasca-pana-in-2030\/595147557_122150946296826251_2514173022767722160_n\/'><img fetchpriority=\"high\" decoding=\"async\" width=\"580\" height=\"386\" src=\"https:\/\/bas-tv.md\/wp-content\/uploads\/2025\/12\/595147557_122150946296826251_2514173022767722160_n-1024x682.jpg\" class=\"attachment-large size-large\" alt=\"\" srcset=\"https:\/\/bas-tv.md\/wp-content\/uploads\/2025\/12\/595147557_122150946296826251_2514173022767722160_n-1024x682.jpg 1024w, https:\/\/bas-tv.md\/wp-content\/uploads\/2025\/12\/595147557_122150946296826251_2514173022767722160_n-300x200.jpg 300w, https:\/\/bas-tv.md\/wp-content\/uploads\/2025\/12\/595147557_122150946296826251_2514173022767722160_n-768x512.jpg 768w, https:\/\/bas-tv.md\/wp-content\/uploads\/2025\/12\/595147557_122150946296826251_2514173022767722160_n-1536x1023.jpg 1536w, https:\/\/bas-tv.md\/wp-content\/uploads\/2025\/12\/595147557_122150946296826251_2514173022767722160_n-1200x800.jpg 1200w, https:\/\/bas-tv.md\/wp-content\/uploads\/2025\/12\/595147557_122150946296826251_2514173022767722160_n.jpg 1600w\" sizes=\"(max-width: 580px) 100vw, 580px\" \/><\/a>\n\t\t\t<\/div><\/figure><figure class='gallery-item'>\n\t\t\t<div class='gallery-icon landscape'>\n\t\t\t\t<a href='https:\/\/bas-tv.md\/ro\/sistem-integrat-de-management-al-deseurilor-solide-in-regiunea-de-sud-ce-schimbari-se-anunta-pentru-cimislia-si-basarabeasca-pana-in-2030\/594283474_122150946260826251_3087116211491472496_n\/'><img decoding=\"async\" width=\"580\" height=\"386\" src=\"https:\/\/bas-tv.md\/wp-content\/uploads\/2025\/12\/594283474_122150946260826251_3087116211491472496_n-1024x682.jpg\" class=\"attachment-large size-large\" alt=\"\" aria-describedby=\"gallery-1-168788\" srcset=\"https:\/\/bas-tv.md\/wp-content\/uploads\/2025\/12\/594283474_122150946260826251_3087116211491472496_n-1024x682.jpg 1024w, https:\/\/bas-tv.md\/wp-content\/uploads\/2025\/12\/594283474_122150946260826251_3087116211491472496_n-300x200.jpg 300w, https:\/\/bas-tv.md\/wp-content\/uploads\/2025\/12\/594283474_122150946260826251_3087116211491472496_n-768x512.jpg 768w, https:\/\/bas-tv.md\/wp-content\/uploads\/2025\/12\/594283474_122150946260826251_3087116211491472496_n-1536x1023.jpg 1536w, https:\/\/bas-tv.md\/wp-content\/uploads\/2025\/12\/594283474_122150946260826251_3087116211491472496_n-1200x800.jpg 1200w, https:\/\/bas-tv.md\/wp-content\/uploads\/2025\/12\/594283474_122150946260826251_3087116211491472496_n.jpg 1600w\" sizes=\"(max-width: 580px) 100vw, 580px\" \/><\/a>\n\t\t\t<\/div>\n\t\t\t\t<figcaption class='wp-caption-text gallery-caption' id='gallery-1-168788'>\n\t\t\t\tSursa foto: Consiliul Raional Cimi\u0219lia\n\t\t\t\t<\/figcaption><\/figure><figure class='gallery-item'>\n\t\t\t<div class='gallery-icon landscape'>\n\t\t\t\t<a href='https:\/\/bas-tv.md\/ro\/sistem-integrat-de-management-al-deseurilor-solide-in-regiunea-de-sud-ce-schimbari-se-anunta-pentru-cimislia-si-basarabeasca-pana-in-2030\/594167941_122150946272826251_8085181441776415551_n\/'><img decoding=\"async\" width=\"580\" height=\"386\" src=\"https:\/\/bas-tv.md\/wp-content\/uploads\/2025\/12\/594167941_122150946272826251_8085181441776415551_n-1024x682.jpg\" class=\"attachment-large size-large\" alt=\"\" srcset=\"https:\/\/bas-tv.md\/wp-content\/uploads\/2025\/12\/594167941_122150946272826251_8085181441776415551_n-1024x682.jpg 1024w, https:\/\/bas-tv.md\/wp-content\/uploads\/2025\/12\/594167941_122150946272826251_8085181441776415551_n-300x200.jpg 300w, https:\/\/bas-tv.md\/wp-content\/uploads\/2025\/12\/594167941_122150946272826251_8085181441776415551_n-768x512.jpg 768w, https:\/\/bas-tv.md\/wp-content\/uploads\/2025\/12\/594167941_122150946272826251_8085181441776415551_n-1536x1023.jpg 1536w, https:\/\/bas-tv.md\/wp-content\/uploads\/2025\/12\/594167941_122150946272826251_8085181441776415551_n-1200x800.jpg 1200w, https:\/\/bas-tv.md\/wp-content\/uploads\/2025\/12\/594167941_122150946272826251_8085181441776415551_n.jpg 1600w\" sizes=\"(max-width: 580px) 100vw, 580px\" \/><\/a>\n\t\t\t<\/div><\/figure>\n\t\t<\/div>\n\n<p data-start=\"256\" data-end=\"388\">Reamintim c\u0103 Republica Moldova este sus\u021binut\u0103 \u0219i de partenerii externi prin asisten\u021b\u0103 financiar\u0103 pentru proiecte de mediu. Banca European\u0103 pentru Reconstruc\u021bie \u0219i Dezvoltare (BERD) a acordat un \u00eemprumut de 25 de milioane de euro, cofinan\u021bat de Banca European\u0103 de Investi\u021bii cu o sum\u0103 similar\u0103. Totodat\u0103, Ministerul Mediului a semnat un acord de grant de 600 000 de euro cu BERD pentru asisten\u021b\u0103 tehnic\u0103, destinat consultan\u021bei de specialitate \u00een implementarea proiectelor de gestionare a de\u0219eurilor.<\/p>\n<p><strong>Sus\u021bine\u021bi redac\u021bia BAStv, abona\u021bi-v\u0103 la noi pe platforma\u00a0<a href=\"https:\/\/www.patreon.com\/BAStv?fan_landing=true&amp;fbclid=IwAR3MeSDKfH4ixBydCXX9D1lhrCszhps3ID5uxuGA-Ktd4MTkZCRdlcEZkQI\">Patreon\u00a0<\/a>sau prin efectuarea contribu\u021biilor prin\u00a0<a href=\"https:\/\/www.paypal.com\/paypalme\/supportbastv\">PayPal<\/a>! Aceasta ne va ajuta s\u0103 cre\u0103m con\u021binut interesant \u0219i util pentru dvs., r\u0103m\u00e2n\u00e2nd \u00een continuare o platform\u0103 media independent\u0103.<\/strong><\/p>\n<p><b>Abona\u021bi-v\u0103 la noi pe re\u021bele sociale:\u00a0<\/b><a href=\"https:\/\/t.me\/bastvmd\"><b><i>Telegram<\/i><\/b><\/a><b>,\u00a0<\/b><a href=\"https:\/\/www.youtube.com\/channel\/UC-9005PnLnhpNM8PVSjP2dQ\/featured\"><b><i>YouTube<\/i><\/b><\/a><b>,\u00a0<\/b><a href=\"https:\/\/www.facebook.com\/bastv.md\"><b><i>Facebook<\/i><\/b><\/a>\u00a0<strong>\u0219i\u00a0<\/strong><a href=\"https:\/\/www.instagram.com\/bastv.md\/\"><b><i>Instagram<\/i><\/b><\/a><b>. Aici public\u0103m \u0219tiri pe scurt.<\/b><\/p>\n","protected":false},"excerpt":{"rendered":"<p>P\u00e2n\u0103 \u00een anul 2030, regiunea de sud a Republicii Moldova ar putea beneficia de un sistem modern \u0219i integrat de gestionare a de\u0219eurilor solide, aliniat standardelor europene \u0219i prevederilor Strategiei Na\u021bionale de Gestionare a De\u0219eurilor. Raioanele Cimi\u0219lia \u0219i Basarabeasca se reg\u0103sesc printre teritoriile vizate de acest amplu proiect na\u021bional, coordonat de Ministerul Mediului, transmite studio-l.md. [&hellip;]<\/p>\n","protected":false},"author":3,"featured_media":168782,"comment_status":"closed","ping_status":"closed","sticky":false,"template":"","format":"standard","meta":{"footnotes":""},"categories":[602,570],"tags":[],"class_list":["post-168781","post","type-post","status-publish","format-standard","has-post-thumbnail","hentry","category-actualitate","category-in-moldova"],"yoast_head":"<!-- This site is optimized with the Yoast SEO plugin v27.5 - https:\/\/yoast.com\/product\/yoast-seo-wordpress\/ -->\n<title>Sistem integrat de management al de\u0219eurilor solide \u00een regiunea de sud: ce schimb\u0103ri se anun\u021b\u0103 pentru Cimi\u0219lia \u0219i Basarabeasca p\u00e2n\u0103 \u00een 2030 - BasTV<\/title>\n<meta name=\"description\" content=\"P\u00e2n\u0103 \u00een anul 2030, regiunea de sud a Republicii Moldova ar putea beneficia de un sistem modern \u0219i integrat de gestionare a de\u0219eurilor solide, aliniat standardelor europene \u0219i prevederilor Strategiei Na\u021bionale de Gestionare a De\u0219eurilor. Raioanele Cimi\u0219lia \u0219i Basarabeasca se reg\u0103sesc printre teritoriile vizate de acest amplu proiect na\u021bional, coordonat de Ministerul Mediului, transmite studio-l.md.\" \/>\n<meta name=\"robots\" content=\"index, follow, max-snippet:-1, max-image-preview:large, max-video-preview:-1\" \/>\n<link rel=\"canonical\" href=\"https:\/\/bas-tv.md\/ro\/sistem-integrat-de-management-al-deseurilor-solide-in-regiunea-de-sud-ce-schimbari-se-anunta-pentru-cimislia-si-basarabeasca-pana-in-2030\/\" \/>\n<meta property=\"og:locale\" content=\"ro_RO\" \/>\n<meta property=\"og:type\" content=\"article\" \/>\n<meta property=\"og:title\" content=\"Sistem integrat de management al de\u0219eurilor solide \u00een regiunea de sud: ce schimb\u0103ri se anun\u021b\u0103 pentru Cimi\u0219lia \u0219i Basarabeasca p\u00e2n\u0103 \u00een 2030 - BasTV\" \/>\n<meta property=\"og:description\" content=\"P\u00e2n\u0103 \u00een anul 2030, regiunea de sud a Republicii Moldova ar putea beneficia de un sistem modern \u0219i integrat de gestionare a de\u0219eurilor solide, aliniat standardelor europene \u0219i prevederilor Strategiei Na\u021bionale de Gestionare a De\u0219eurilor. Raioanele Cimi\u0219lia \u0219i Basarabeasca se reg\u0103sesc printre teritoriile vizate de acest amplu proiect na\u021bional, coordonat de Ministerul Mediului, transmite studio-l.md.\" \/>\n<meta property=\"og:url\" content=\"https:\/\/bas-tv.md\/ro\/sistem-integrat-de-management-al-deseurilor-solide-in-regiunea-de-sud-ce-schimbari-se-anunta-pentru-cimislia-si-basarabeasca-pana-in-2030\/\" \/>\n<meta property=\"og:site_name\" content=\"BasTV\" \/>\n<meta property=\"article:published_time\" content=\"2025-12-08T08:00:13+00:00\" \/>\n<meta property=\"og:image\" content=\"https:\/\/bas-tv.md\/wp-content\/uploads\/2025\/12\/istockphoto-847834410-612x612-1.jpg\" \/>\n\t<meta property=\"og:image:width\" content=\"612\" \/>\n\t<meta property=\"og:image:height\" content=\"408\" \/>\n\t<meta property=\"og:image:type\" content=\"image\/jpeg\" \/>\n<meta name=\"author\" content=\"Redactor\" \/>\n<meta name=\"twitter:card\" content=\"summary_large_image\" \/>\n<meta name=\"twitter:label1\" content=\"Scris de\" \/>\n\t<meta name=\"twitter:data1\" content=\"Redactor\" \/>\n\t<meta name=\"twitter:label2\" content=\"Timp estimat pentru citire\" \/>\n\t<meta name=\"twitter:data2\" content=\"4 minute\" \/>\n<script type=\"application\/ld+json\" class=\"yoast-schema-graph\">{\"@context\":\"https:\\\/\\\/schema.org\",\"@graph\":[{\"@type\":\"Article\",\"@id\":\"https:\\\/\\\/bas-tv.md\\\/ro\\\/sistem-integrat-de-management-al-deseurilor-solide-in-regiunea-de-sud-ce-schimbari-se-anunta-pentru-cimislia-si-basarabeasca-pana-in-2030\\\/#article\",\"isPartOf\":{\"@id\":\"https:\\\/\\\/bas-tv.md\\\/ro\\\/sistem-integrat-de-management-al-deseurilor-solide-in-regiunea-de-sud-ce-schimbari-se-anunta-pentru-cimislia-si-basarabeasca-pana-in-2030\\\/\"},\"author\":{\"name\":\"Redactor\",\"@id\":\"https:\\\/\\\/bas-tv.md\\\/ro\\\/#\\\/schema\\\/person\\\/8740f45ea2eca1f1695284fc03529af0\"},\"headline\":\"Sistem integrat de management al de\u0219eurilor solide \u00een regiunea de sud: ce schimb\u0103ri se anun\u021b\u0103 pentru Cimi\u0219lia \u0219i Basarabeasca p\u00e2n\u0103 \u00een 2030\",\"datePublished\":\"2025-12-08T08:00:13+00:00\",\"mainEntityOfPage\":{\"@id\":\"https:\\\/\\\/bas-tv.md\\\/ro\\\/sistem-integrat-de-management-al-deseurilor-solide-in-regiunea-de-sud-ce-schimbari-se-anunta-pentru-cimislia-si-basarabeasca-pana-in-2030\\\/\"},\"wordCount\":745,\"publisher\":{\"@id\":\"https:\\\/\\\/bas-tv.md\\\/ro\\\/#organization\"},\"image\":{\"@id\":\"https:\\\/\\\/bas-tv.md\\\/ro\\\/sistem-integrat-de-management-al-deseurilor-solide-in-regiunea-de-sud-ce-schimbari-se-anunta-pentru-cimislia-si-basarabeasca-pana-in-2030\\\/#primaryimage\"},\"thumbnailUrl\":\"https:\\\/\\\/bas-tv.md\\\/wp-content\\\/uploads\\\/2025\\\/12\\\/istockphoto-847834410-612x612-1.jpg\",\"articleSection\":[\"Actualitate\",\"\u00cen Moldova\"],\"inLanguage\":\"ro-RO\"},{\"@type\":\"WebPage\",\"@id\":\"https:\\\/\\\/bas-tv.md\\\/ro\\\/sistem-integrat-de-management-al-deseurilor-solide-in-regiunea-de-sud-ce-schimbari-se-anunta-pentru-cimislia-si-basarabeasca-pana-in-2030\\\/\",\"url\":\"https:\\\/\\\/bas-tv.md\\\/ro\\\/sistem-integrat-de-management-al-deseurilor-solide-in-regiunea-de-sud-ce-schimbari-se-anunta-pentru-cimislia-si-basarabeasca-pana-in-2030\\\/\",\"name\":\"Sistem integrat de management al de\u0219eurilor solide \u00een regiunea de sud: ce schimb\u0103ri se anun\u021b\u0103 pentru Cimi\u0219lia \u0219i Basarabeasca p\u00e2n\u0103 \u00een 2030 - BasTV\",\"isPartOf\":{\"@id\":\"https:\\\/\\\/bas-tv.md\\\/ro\\\/#website\"},\"primaryImageOfPage\":{\"@id\":\"https:\\\/\\\/bas-tv.md\\\/ro\\\/sistem-integrat-de-management-al-deseurilor-solide-in-regiunea-de-sud-ce-schimbari-se-anunta-pentru-cimislia-si-basarabeasca-pana-in-2030\\\/#primaryimage\"},\"image\":{\"@id\":\"https:\\\/\\\/bas-tv.md\\\/ro\\\/sistem-integrat-de-management-al-deseurilor-solide-in-regiunea-de-sud-ce-schimbari-se-anunta-pentru-cimislia-si-basarabeasca-pana-in-2030\\\/#primaryimage\"},\"thumbnailUrl\":\"https:\\\/\\\/bas-tv.md\\\/wp-content\\\/uploads\\\/2025\\\/12\\\/istockphoto-847834410-612x612-1.jpg\",\"datePublished\":\"2025-12-08T08:00:13+00:00\",\"description\":\"P\u00e2n\u0103 \u00een anul 2030, regiunea de sud a Republicii Moldova ar putea beneficia de un sistem modern \u0219i integrat de gestionare a de\u0219eurilor solide, aliniat standardelor europene \u0219i prevederilor Strategiei Na\u021bionale de Gestionare a De\u0219eurilor. Raioanele Cimi\u0219lia \u0219i Basarabeasca se reg\u0103sesc printre teritoriile vizate de acest amplu proiect na\u021bional, coordonat de Ministerul Mediului, transmite studio-l.md.\",\"inLanguage\":\"ro-RO\",\"potentialAction\":[{\"@type\":\"ReadAction\",\"target\":[\"https:\\\/\\\/bas-tv.md\\\/ro\\\/sistem-integrat-de-management-al-deseurilor-solide-in-regiunea-de-sud-ce-schimbari-se-anunta-pentru-cimislia-si-basarabeasca-pana-in-2030\\\/\"]}]},{\"@type\":\"ImageObject\",\"inLanguage\":\"ro-RO\",\"@id\":\"https:\\\/\\\/bas-tv.md\\\/ro\\\/sistem-integrat-de-management-al-deseurilor-solide-in-regiunea-de-sud-ce-schimbari-se-anunta-pentru-cimislia-si-basarabeasca-pana-in-2030\\\/#primaryimage\",\"url\":\"https:\\\/\\\/bas-tv.md\\\/wp-content\\\/uploads\\\/2025\\\/12\\\/istockphoto-847834410-612x612-1.jpg\",\"contentUrl\":\"https:\\\/\\\/bas-tv.md\\\/wp-content\\\/uploads\\\/2025\\\/12\\\/istockphoto-847834410-612x612-1.jpg\",\"width\":612,\"height\":408,\"caption\":\"Foto: imagine-simbol\"},{\"@type\":\"WebSite\",\"@id\":\"https:\\\/\\\/bas-tv.md\\\/ro\\\/#website\",\"url\":\"https:\\\/\\\/bas-tv.md\\\/ro\\\/\",\"name\":\"BasTV\",\"description\":\"Moldova\",\"publisher\":{\"@id\":\"https:\\\/\\\/bas-tv.md\\\/ro\\\/#organization\"},\"potentialAction\":[{\"@type\":\"SearchAction\",\"target\":{\"@type\":\"EntryPoint\",\"urlTemplate\":\"https:\\\/\\\/bas-tv.md\\\/ro\\\/?s={search_term_string}\"},\"query-input\":{\"@type\":\"PropertyValueSpecification\",\"valueRequired\":true,\"valueName\":\"search_term_string\"}}],\"inLanguage\":\"ro-RO\"},{\"@type\":\"Organization\",\"@id\":\"https:\\\/\\\/bas-tv.md\\\/ro\\\/#organization\",\"name\":\"BasTV\",\"url\":\"https:\\\/\\\/bas-tv.md\\\/ro\\\/\",\"logo\":{\"@type\":\"ImageObject\",\"inLanguage\":\"ro-RO\",\"@id\":\"https:\\\/\\\/bas-tv.md\\\/ro\\\/#\\\/schema\\\/logo\\\/image\\\/\",\"url\":\"https:\\\/\\\/bas-tv.md\\\/wp-content\\\/uploads\\\/2023\\\/05\\\/bas-tv-culoarea-rosie.png\",\"contentUrl\":\"https:\\\/\\\/bas-tv.md\\\/wp-content\\\/uploads\\\/2023\\\/05\\\/bas-tv-culoarea-rosie.png\",\"width\":202,\"height\":50,\"caption\":\"BasTV\"},\"image\":{\"@id\":\"https:\\\/\\\/bas-tv.md\\\/ro\\\/#\\\/schema\\\/logo\\\/image\\\/\"}},{\"@type\":\"Person\",\"@id\":\"https:\\\/\\\/bas-tv.md\\\/ro\\\/#\\\/schema\\\/person\\\/8740f45ea2eca1f1695284fc03529af0\",\"name\":\"Redactor\",\"image\":{\"@type\":\"ImageObject\",\"inLanguage\":\"ro-RO\",\"@id\":\"https:\\\/\\\/bas-tv.md\\\/wp-content\\\/litespeed\\\/avatar\\\/91c0586f3f6f4396a4ec1287c965eeeb.jpg?ver=1777555749\",\"url\":\"https:\\\/\\\/bas-tv.md\\\/wp-content\\\/litespeed\\\/avatar\\\/91c0586f3f6f4396a4ec1287c965eeeb.jpg?ver=1777555749\",\"contentUrl\":\"https:\\\/\\\/bas-tv.md\\\/wp-content\\\/litespeed\\\/avatar\\\/91c0586f3f6f4396a4ec1287c965eeeb.jpg?ver=1777555749\",\"caption\":\"Redactor\"},\"url\":\"https:\\\/\\\/bas-tv.md\\\/ro\\\/author\\\/redactor\\\/\"}]}<\/script>\n<!-- \/ Yoast SEO plugin. -->","yoast_head_json":{"title":"Sistem integrat de management al de\u0219eurilor solide \u00een regiunea de sud: ce schimb\u0103ri se anun\u021b\u0103 pentru Cimi\u0219lia \u0219i Basarabeasca p\u00e2n\u0103 \u00een 2030 - BasTV","description":"P\u00e2n\u0103 \u00een anul 2030, regiunea de sud a Republicii Moldova ar putea beneficia de un sistem modern \u0219i integrat de gestionare a de\u0219eurilor solide, aliniat standardelor europene \u0219i prevederilor Strategiei Na\u021bionale de Gestionare a De\u0219eurilor. Raioanele Cimi\u0219lia \u0219i Basarabeasca se reg\u0103sesc printre teritoriile vizate de acest amplu proiect na\u021bional, coordonat de Ministerul Mediului, transmite studio-l.md.","robots":{"index":"index","follow":"follow","max-snippet":"max-snippet:-1","max-image-preview":"max-image-preview:large","max-video-preview":"max-video-preview:-1"},"canonical":"https:\/\/bas-tv.md\/ro\/sistem-integrat-de-management-al-deseurilor-solide-in-regiunea-de-sud-ce-schimbari-se-anunta-pentru-cimislia-si-basarabeasca-pana-in-2030\/","og_locale":"ro_RO","og_type":"article","og_title":"Sistem integrat de management al de\u0219eurilor solide \u00een regiunea de sud: ce schimb\u0103ri se anun\u021b\u0103 pentru Cimi\u0219lia \u0219i Basarabeasca p\u00e2n\u0103 \u00een 2030 - BasTV","og_description":"P\u00e2n\u0103 \u00een anul 2030, regiunea de sud a Republicii Moldova ar putea beneficia de un sistem modern \u0219i integrat de gestionare a de\u0219eurilor solide, aliniat standardelor europene \u0219i prevederilor Strategiei Na\u021bionale de Gestionare a De\u0219eurilor. Raioanele Cimi\u0219lia \u0219i Basarabeasca se reg\u0103sesc printre teritoriile vizate de acest amplu proiect na\u021bional, coordonat de Ministerul Mediului, transmite studio-l.md.","og_url":"https:\/\/bas-tv.md\/ro\/sistem-integrat-de-management-al-deseurilor-solide-in-regiunea-de-sud-ce-schimbari-se-anunta-pentru-cimislia-si-basarabeasca-pana-in-2030\/","og_site_name":"BasTV","article_published_time":"2025-12-08T08:00:13+00:00","og_image":[{"width":612,"height":408,"url":"https:\/\/bas-tv.md\/wp-content\/uploads\/2025\/12\/istockphoto-847834410-612x612-1.jpg","type":"image\/jpeg"}],"author":"Redactor","twitter_card":"summary_large_image","twitter_misc":{"Scris de":"Redactor","Timp estimat pentru citire":"4 minute"},"schema":{"@context":"https:\/\/schema.org","@graph":[{"@type":"Article","@id":"https:\/\/bas-tv.md\/ro\/sistem-integrat-de-management-al-deseurilor-solide-in-regiunea-de-sud-ce-schimbari-se-anunta-pentru-cimislia-si-basarabeasca-pana-in-2030\/#article","isPartOf":{"@id":"https:\/\/bas-tv.md\/ro\/sistem-integrat-de-management-al-deseurilor-solide-in-regiunea-de-sud-ce-schimbari-se-anunta-pentru-cimislia-si-basarabeasca-pana-in-2030\/"},"author":{"name":"Redactor","@id":"https:\/\/bas-tv.md\/ro\/#\/schema\/person\/8740f45ea2eca1f1695284fc03529af0"},"headline":"Sistem integrat de management al de\u0219eurilor solide \u00een regiunea de sud: ce schimb\u0103ri se anun\u021b\u0103 pentru Cimi\u0219lia \u0219i Basarabeasca p\u00e2n\u0103 \u00een 2030","datePublished":"2025-12-08T08:00:13+00:00","mainEntityOfPage":{"@id":"https:\/\/bas-tv.md\/ro\/sistem-integrat-de-management-al-deseurilor-solide-in-regiunea-de-sud-ce-schimbari-se-anunta-pentru-cimislia-si-basarabeasca-pana-in-2030\/"},"wordCount":745,"publisher":{"@id":"https:\/\/bas-tv.md\/ro\/#organization"},"image":{"@id":"https:\/\/bas-tv.md\/ro\/sistem-integrat-de-management-al-deseurilor-solide-in-regiunea-de-sud-ce-schimbari-se-anunta-pentru-cimislia-si-basarabeasca-pana-in-2030\/#primaryimage"},"thumbnailUrl":"https:\/\/bas-tv.md\/wp-content\/uploads\/2025\/12\/istockphoto-847834410-612x612-1.jpg","articleSection":["Actualitate","\u00cen Moldova"],"inLanguage":"ro-RO"},{"@type":"WebPage","@id":"https:\/\/bas-tv.md\/ro\/sistem-integrat-de-management-al-deseurilor-solide-in-regiunea-de-sud-ce-schimbari-se-anunta-pentru-cimislia-si-basarabeasca-pana-in-2030\/","url":"https:\/\/bas-tv.md\/ro\/sistem-integrat-de-management-al-deseurilor-solide-in-regiunea-de-sud-ce-schimbari-se-anunta-pentru-cimislia-si-basarabeasca-pana-in-2030\/","name":"Sistem integrat de management al de\u0219eurilor solide \u00een regiunea de sud: ce schimb\u0103ri se anun\u021b\u0103 pentru Cimi\u0219lia \u0219i Basarabeasca p\u00e2n\u0103 \u00een 2030 - BasTV","isPartOf":{"@id":"https:\/\/bas-tv.md\/ro\/#website"},"primaryImageOfPage":{"@id":"https:\/\/bas-tv.md\/ro\/sistem-integrat-de-management-al-deseurilor-solide-in-regiunea-de-sud-ce-schimbari-se-anunta-pentru-cimislia-si-basarabeasca-pana-in-2030\/#primaryimage"},"image":{"@id":"https:\/\/bas-tv.md\/ro\/sistem-integrat-de-management-al-deseurilor-solide-in-regiunea-de-sud-ce-schimbari-se-anunta-pentru-cimislia-si-basarabeasca-pana-in-2030\/#primaryimage"},"thumbnailUrl":"https:\/\/bas-tv.md\/wp-content\/uploads\/2025\/12\/istockphoto-847834410-612x612-1.jpg","datePublished":"2025-12-08T08:00:13+00:00","description":"P\u00e2n\u0103 \u00een anul 2030, regiunea de sud a Republicii Moldova ar putea beneficia de un sistem modern \u0219i integrat de gestionare a de\u0219eurilor solide, aliniat standardelor europene \u0219i prevederilor Strategiei Na\u021bionale de Gestionare a De\u0219eurilor. Raioanele Cimi\u0219lia \u0219i Basarabeasca se reg\u0103sesc printre teritoriile vizate de acest amplu proiect na\u021bional, coordonat de Ministerul Mediului, transmite studio-l.md.","inLanguage":"ro-RO","potentialAction":[{"@type":"ReadAction","target":["https:\/\/bas-tv.md\/ro\/sistem-integrat-de-management-al-deseurilor-solide-in-regiunea-de-sud-ce-schimbari-se-anunta-pentru-cimislia-si-basarabeasca-pana-in-2030\/"]}]},{"@type":"ImageObject","inLanguage":"ro-RO","@id":"https:\/\/bas-tv.md\/ro\/sistem-integrat-de-management-al-deseurilor-solide-in-regiunea-de-sud-ce-schimbari-se-anunta-pentru-cimislia-si-basarabeasca-pana-in-2030\/#primaryimage","url":"https:\/\/bas-tv.md\/wp-content\/uploads\/2025\/12\/istockphoto-847834410-612x612-1.jpg","contentUrl":"https:\/\/bas-tv.md\/wp-content\/uploads\/2025\/12\/istockphoto-847834410-612x612-1.jpg","width":612,"height":408,"caption":"Foto: imagine-simbol"},{"@type":"WebSite","@id":"https:\/\/bas-tv.md\/ro\/#website","url":"https:\/\/bas-tv.md\/ro\/","name":"BasTV","description":"Moldova","publisher":{"@id":"https:\/\/bas-tv.md\/ro\/#organization"},"potentialAction":[{"@type":"SearchAction","target":{"@type":"EntryPoint","urlTemplate":"https:\/\/bas-tv.md\/ro\/?s={search_term_string}"},"query-input":{"@type":"PropertyValueSpecification","valueRequired":true,"valueName":"search_term_string"}}],"inLanguage":"ro-RO"},{"@type":"Organization","@id":"https:\/\/bas-tv.md\/ro\/#organization","name":"BasTV","url":"https:\/\/bas-tv.md\/ro\/","logo":{"@type":"ImageObject","inLanguage":"ro-RO","@id":"https:\/\/bas-tv.md\/ro\/#\/schema\/logo\/image\/","url":"https:\/\/bas-tv.md\/wp-content\/uploads\/2023\/05\/bas-tv-culoarea-rosie.png","contentUrl":"https:\/\/bas-tv.md\/wp-content\/uploads\/2023\/05\/bas-tv-culoarea-rosie.png","width":202,"height":50,"caption":"BasTV"},"image":{"@id":"https:\/\/bas-tv.md\/ro\/#\/schema\/logo\/image\/"}},{"@type":"Person","@id":"https:\/\/bas-tv.md\/ro\/#\/schema\/person\/8740f45ea2eca1f1695284fc03529af0","name":"Redactor","image":{"@type":"ImageObject","inLanguage":"ro-RO","@id":"https:\/\/bas-tv.md\/wp-content\/litespeed\/avatar\/91c0586f3f6f4396a4ec1287c965eeeb.jpg?ver=1777555749","url":"https:\/\/bas-tv.md\/wp-content\/litespeed\/avatar\/91c0586f3f6f4396a4ec1287c965eeeb.jpg?ver=1777555749","contentUrl":"https:\/\/bas-tv.md\/wp-content\/litespeed\/avatar\/91c0586f3f6f4396a4ec1287c965eeeb.jpg?ver=1777555749","caption":"Redactor"},"url":"https:\/\/bas-tv.md\/ro\/author\/redactor\/"}]}},"views":248,"_links":{"self":[{"href":"https:\/\/bas-tv.md\/ro\/wp-json\/wp\/v2\/posts\/168781","targetHints":{"allow":["GET"]}}],"collection":[{"href":"https:\/\/bas-tv.md\/ro\/wp-json\/wp\/v2\/posts"}],"about":[{"href":"https:\/\/bas-tv.md\/ro\/wp-json\/wp\/v2\/types\/post"}],"author":[{"embeddable":true,"href":"https:\/\/bas-tv.md\/ro\/wp-json\/wp\/v2\/users\/3"}],"replies":[{"embeddable":true,"href":"https:\/\/bas-tv.md\/ro\/wp-json\/wp\/v2\/comments?post=168781"}],"version-history":[{"count":4,"href":"https:\/\/bas-tv.md\/ro\/wp-json\/wp\/v2\/posts\/168781\/revisions"}],"predecessor-version":[{"id":168793,"href":"https:\/\/bas-tv.md\/ro\/wp-json\/wp\/v2\/posts\/168781\/revisions\/168793"}],"wp:featuredmedia":[{"embeddable":true,"href":"https:\/\/bas-tv.md\/ro\/wp-json\/wp\/v2\/media\/168782"}],"wp:attachment":[{"href":"https:\/\/bas-tv.md\/ro\/wp-json\/wp\/v2\/media?parent=168781"}],"wp:term":[{"taxonomy":"category","embeddable":true,"href":"https:\/\/bas-tv.md\/ro\/wp-json\/wp\/v2\/categories?post=168781"},{"taxonomy":"post_tag","embeddable":true,"href":"https:\/\/bas-tv.md\/ro\/wp-json\/wp\/v2\/tags?post=168781"}],"curies":[{"name":"wp","href":"https:\/\/api.w.org\/{rel}","templated":true}]}}