{"id":169227,"date":"2025-12-12T17:30:45","date_gmt":"2025-12-12T15:30:45","guid":{"rendered":"https:\/\/bas-tv.md\/?p=169227"},"modified":"2025-12-12T16:10:56","modified_gmt":"2025-12-12T14:10:56","slug":"un-barbat-din-cimislia-condamnat-pentru-tentativa-de-omor-ar-fi-aplicat-fostului-coleg-de-penitenciar-multiple-lovituri-cu-un-fragment-de-lemn","status":"publish","type":"post","link":"https:\/\/bas-tv.md\/ro\/un-barbat-din-cimislia-condamnat-pentru-tentativa-de-omor-ar-fi-aplicat-fostului-coleg-de-penitenciar-multiple-lovituri-cu-un-fragment-de-lemn\/","title":{"rendered":"Un b\u0103rbat din Cimi\u0219lia, condamnat pentru tentativ\u0103 de omor: ar fi aplicat fostului coleg de penitenciar multiple lovituri cu un fragment de lemn"},"content":{"rendered":"<p data-start=\"150\" data-end=\"547\"><strong>La data de\u00a010 decembrie 2025, prin sentin\u021ba Judec\u0103toriei Cimi\u0219lia, un b\u0103rbat \u00een v\u00e2rst\u0103 de 41 de ani a fost condamnat la\u00a011 ani de \u00eenchisoare, cu executare \u00een penitenciar de tip \u00eenchis, pentru tentativ\u0103 de omor. Procuratura Cimi\u0219lia anun\u021b\u0103 c\u0103 a reu\u0219it s\u0103 probeze vinov\u0103\u021bia inculpatului \u00een prim\u0103 instan\u021b\u0103,\u00a0\u00een pofida schimb\u0103rii declara\u021biilor p\u0103r\u021bii v\u0103t\u0103mate\u00a0pe parcursul judec\u0103rii cauzei.<\/strong><\/p>\n<p data-start=\"334\" data-end=\"666\">Inculpatul, \u00een v\u00e2rst\u0103 de 41 de ani, s-ar fi \u00eemprietenit cu victima, \u00een v\u00e2rst\u0103 de 32 de ani, \u00een penitenciar, unde ace\u0219tia \u00ee\u0219i executau pedepsele pentru faptele ilegale comise anterior. Incidentul ar fi avut loc \u00een luna septembrie a anului 2023, \u00een urma unui\u00a0 conflict izbucnit \u00eentre cei doi amici.<\/p>\n<p data-start=\"1043\" data-end=\"1421\">Potrivit p\u0103r\u021bii acuz\u0103rii, tentativa de omor a avut loc \u00een diminea\u021ba unei zile de septembrie, la domiciliul inculpatului din ora\u0219ul Cimi\u0219lia, unde cei doi consumau alcool. Conflictul ar fi degenerat rapid, inculpatul aplic\u00e2nd victimei multiple lovituri \u00een zona capului \u0219i asupra corpului cu un fragment de lemn.<\/p>\n<p data-start=\"1043\" data-end=\"1421\">Expertiza medico-legal\u0103 a constatat c\u0103 leziunile se \u00eencadreaz\u0103 \u00een categoria v\u0103t\u0103m\u0103rilor corporale grave \u0219i au pus \u00een pericol via\u021ba victimei. De\u0219i b\u0103rbatul \u00een v\u00e2rst\u0103 de 32 de ani \u0219i-a pierdut cuno\u0219tin\u021ba, acesta \u0219i-a revenit \u0219i a reu\u0219it s\u0103 fug\u0103 din locuin\u021b\u0103 \u00eentr-un final.<\/p>\n<p data-start=\"1423\" data-end=\"1819\">Pe parcursul judec\u0103rii cauzei, partea v\u0103t\u0103mat\u0103 \u0219i-a modificat declara\u021biile, \u00eencerc\u00e2nd, potrivit acuz\u0103rii, s\u0103 conving\u0103 instan\u021ba s\u0103 aplice o pedepas\u0103 mai bl\u00e2nd\u0103 inculpatului. Cu toate acestea, probele administrate de acuzare au fost considerate suficiente pentru a demonstra vinov\u0103\u021bia f\u0103ptuitorului.<\/p>\n<p data-start=\"1821\" data-end=\"2013\">Prin sentin\u021ba pronun\u021bat\u0103 de Judec\u0103toria Cimi\u0219lia, inculpatul a fost recunoscut vinovat de comiterea tentativei de omor \u0219i va executa\u00a011 ani de \u00eenchisoare \u00eentr-un penitenciar de tip \u00eenchis.<\/p>\n<p data-start=\"2015\" data-end=\"2177\">Procuratura General\u0103 reaminte\u0219te c\u0103, potrivit legisla\u021biei penale, persoana acuzat\u0103 de s\u0103v\u00e2r\u0219irea unei infrac\u021biuni\u00a0beneficiaz\u0103 de prezum\u021bia de nevinov\u0103\u021bie p\u00e2n\u0103 la r\u0103m\u00e2nerea definitiv\u0103 a hot\u0103r\u00e2rii judec\u0103tore\u0219ti.<\/p>\n<div class=\"elementor-element elementor-element-5fc6b9d elementor-widget elementor-widget-theme-post-content\" data-id=\"5fc6b9d\" data-element_type=\"widget\" data-widget_type=\"theme-post-content.default\">\n<div class=\"elementor-widget-container\">\n<div class=\"elementor-element elementor-element-5fc6b9d elementor-widget elementor-widget-theme-post-content\" data-id=\"5fc6b9d\" data-element_type=\"widget\" data-widget_type=\"theme-post-content.default\">\n<div class=\"elementor-widget-container\">\n<div class=\"elementor-element elementor-element-5fc6b9d elementor-widget elementor-widget-theme-post-content\" data-id=\"5fc6b9d\" data-element_type=\"widget\" data-widget_type=\"theme-post-content.default\">\n<div class=\"elementor-widget-container\">\n<p><b>Abona\u021bi-v\u0103 la noi pe re\u021bele sociale:\u00a0<\/b><a href=\"https:\/\/t.me\/bastvmd\"><b><i>Telegram<\/i><\/b><\/a><b>,\u00a0<\/b><a href=\"https:\/\/www.youtube.com\/channel\/UC-9005PnLnhpNM8PVSjP2dQ\/featured\"><b><i>YouTube<\/i><\/b><\/a><b>,\u00a0<\/b><a href=\"https:\/\/www.facebook.com\/bastv.md\"><b><i>Facebook<\/i><\/b><\/a>\u00a0\u0219i\u00a0<a href=\"https:\/\/www.instagram.com\/bastv.md\/\"><b><i>Instagram<\/i><\/b><\/a><b>.\u00a0 Aici public\u0103m \u0219tiri pe scurt!<\/b><\/p>\n<\/div>\n<\/div>\n<\/div>\n<\/div>\n<\/div>\n<\/div>\n","protected":false},"excerpt":{"rendered":"<p>La data de\u00a010 decembrie 2025, prin sentin\u021ba Judec\u0103toriei Cimi\u0219lia, un b\u0103rbat \u00een v\u00e2rst\u0103 de 41 de ani a fost condamnat la\u00a011 ani de \u00eenchisoare, cu executare \u00een penitenciar de tip \u00eenchis, pentru tentativ\u0103 de omor. Procuratura Cimi\u0219lia anun\u021b\u0103 c\u0103 a reu\u0219it s\u0103 probeze vinov\u0103\u021bia inculpatului \u00een prim\u0103 instan\u021b\u0103,\u00a0\u00een pofida schimb\u0103rii declara\u021biilor p\u0103r\u021bii v\u0103t\u0103mate\u00a0pe parcursul judec\u0103rii [&hellip;]<\/p>\n","protected":false},"author":3,"featured_media":169265,"comment_status":"closed","ping_status":"closed","sticky":false,"template":"","format":"standard","meta":{"footnotes":""},"categories":[602,570],"tags":[],"class_list":["post-169227","post","type-post","status-publish","format-standard","has-post-thumbnail","hentry","category-actualitate","category-in-moldova"],"yoast_head":"<!-- This site is optimized with the Yoast SEO plugin v27.5 - https:\/\/yoast.com\/product\/yoast-seo-wordpress\/ -->\n<title>Un b\u0103rbat din Cimi\u0219lia, condamnat pentru tentativ\u0103 de omor: ar fi aplicat fostului coleg de penitenciar multiple lovituri cu un fragment de lemn - BasTV<\/title>\n<meta name=\"description\" content=\"La data de\u00a010 decembrie 2025, prin sentin\u021ba Judec\u0103toriei Cimi\u0219lia, un b\u0103rbat \u00een v\u00e2rst\u0103 de 41 de ani a fost condamnat la\u00a011 ani de \u00eenchisoare, cu executare \u00een penitenciar de tip \u00eenchis, pentru tentativ\u0103 de omor. Procuratura Cimi\u0219lia anun\u021b\u0103 c\u0103 a reu\u0219it s\u0103 probeze vinov\u0103\u021bia inculpatului \u00een prim\u0103 instan\u021b\u0103,\u00a0\u00een pofida schimb\u0103rii declara\u021biilor p\u0103r\u021bii v\u0103t\u0103mate\u00a0pe parcursul judec\u0103rii cauzei.\" \/>\n<meta name=\"robots\" content=\"index, follow, max-snippet:-1, max-image-preview:large, max-video-preview:-1\" \/>\n<link rel=\"canonical\" href=\"https:\/\/bas-tv.md\/ro\/un-barbat-din-cimislia-condamnat-pentru-tentativa-de-omor-ar-fi-aplicat-fostului-coleg-de-penitenciar-multiple-lovituri-cu-un-fragment-de-lemn\/\" \/>\n<meta property=\"og:locale\" content=\"ro_RO\" \/>\n<meta property=\"og:type\" content=\"article\" \/>\n<meta property=\"og:title\" content=\"Un b\u0103rbat din Cimi\u0219lia, condamnat pentru tentativ\u0103 de omor: ar fi aplicat fostului coleg de penitenciar multiple lovituri cu un fragment de lemn - BasTV\" \/>\n<meta property=\"og:description\" content=\"La data de\u00a010 decembrie 2025, prin sentin\u021ba Judec\u0103toriei Cimi\u0219lia, un b\u0103rbat \u00een v\u00e2rst\u0103 de 41 de ani a fost condamnat la\u00a011 ani de \u00eenchisoare, cu executare \u00een penitenciar de tip \u00eenchis, pentru tentativ\u0103 de omor. Procuratura Cimi\u0219lia anun\u021b\u0103 c\u0103 a reu\u0219it s\u0103 probeze vinov\u0103\u021bia inculpatului \u00een prim\u0103 instan\u021b\u0103,\u00a0\u00een pofida schimb\u0103rii declara\u021biilor p\u0103r\u021bii v\u0103t\u0103mate\u00a0pe parcursul judec\u0103rii cauzei.\" \/>\n<meta property=\"og:url\" content=\"https:\/\/bas-tv.md\/ro\/un-barbat-din-cimislia-condamnat-pentru-tentativa-de-omor-ar-fi-aplicat-fostului-coleg-de-penitenciar-multiple-lovituri-cu-un-fragment-de-lemn\/\" \/>\n<meta property=\"og:site_name\" content=\"BasTV\" \/>\n<meta property=\"article:published_time\" content=\"2025-12-12T15:30:45+00:00\" \/>\n<meta property=\"og:image\" content=\"https:\/\/bas-tv.md\/wp-content\/uploads\/2025\/12\/istockphoto-2203018453-612x612-1.jpg\" \/>\n\t<meta property=\"og:image:width\" content=\"612\" \/>\n\t<meta property=\"og:image:height\" content=\"408\" \/>\n\t<meta property=\"og:image:type\" content=\"image\/jpeg\" \/>\n<meta name=\"author\" content=\"Redactor\" \/>\n<meta name=\"twitter:card\" content=\"summary_large_image\" \/>\n<meta name=\"twitter:label1\" content=\"Scris de\" \/>\n\t<meta name=\"twitter:data1\" content=\"Redactor\" \/>\n\t<meta name=\"twitter:label2\" content=\"Timp estimat pentru citire\" \/>\n\t<meta name=\"twitter:data2\" content=\"2 minute\" \/>\n<script type=\"application\/ld+json\" class=\"yoast-schema-graph\">{\"@context\":\"https:\\\/\\\/schema.org\",\"@graph\":[{\"@type\":\"Article\",\"@id\":\"https:\\\/\\\/bas-tv.md\\\/ro\\\/un-barbat-din-cimislia-condamnat-pentru-tentativa-de-omor-ar-fi-aplicat-fostului-coleg-de-penitenciar-multiple-lovituri-cu-un-fragment-de-lemn\\\/#article\",\"isPartOf\":{\"@id\":\"https:\\\/\\\/bas-tv.md\\\/ro\\\/un-barbat-din-cimislia-condamnat-pentru-tentativa-de-omor-ar-fi-aplicat-fostului-coleg-de-penitenciar-multiple-lovituri-cu-un-fragment-de-lemn\\\/\"},\"author\":{\"name\":\"Redactor\",\"@id\":\"https:\\\/\\\/bas-tv.md\\\/ro\\\/#\\\/schema\\\/person\\\/8740f45ea2eca1f1695284fc03529af0\"},\"headline\":\"Un b\u0103rbat din Cimi\u0219lia, condamnat pentru tentativ\u0103 de omor: ar fi aplicat fostului coleg de penitenciar multiple lovituri cu un fragment de lemn\",\"datePublished\":\"2025-12-12T15:30:45+00:00\",\"mainEntityOfPage\":{\"@id\":\"https:\\\/\\\/bas-tv.md\\\/ro\\\/un-barbat-din-cimislia-condamnat-pentru-tentativa-de-omor-ar-fi-aplicat-fostului-coleg-de-penitenciar-multiple-lovituri-cu-un-fragment-de-lemn\\\/\"},\"wordCount\":390,\"publisher\":{\"@id\":\"https:\\\/\\\/bas-tv.md\\\/ro\\\/#organization\"},\"image\":{\"@id\":\"https:\\\/\\\/bas-tv.md\\\/ro\\\/un-barbat-din-cimislia-condamnat-pentru-tentativa-de-omor-ar-fi-aplicat-fostului-coleg-de-penitenciar-multiple-lovituri-cu-un-fragment-de-lemn\\\/#primaryimage\"},\"thumbnailUrl\":\"https:\\\/\\\/bas-tv.md\\\/wp-content\\\/uploads\\\/2025\\\/12\\\/istockphoto-2203018453-612x612-1.jpg\",\"articleSection\":[\"Actualitate\",\"\u00cen Moldova\"],\"inLanguage\":\"ro-RO\"},{\"@type\":\"WebPage\",\"@id\":\"https:\\\/\\\/bas-tv.md\\\/ro\\\/un-barbat-din-cimislia-condamnat-pentru-tentativa-de-omor-ar-fi-aplicat-fostului-coleg-de-penitenciar-multiple-lovituri-cu-un-fragment-de-lemn\\\/\",\"url\":\"https:\\\/\\\/bas-tv.md\\\/ro\\\/un-barbat-din-cimislia-condamnat-pentru-tentativa-de-omor-ar-fi-aplicat-fostului-coleg-de-penitenciar-multiple-lovituri-cu-un-fragment-de-lemn\\\/\",\"name\":\"Un b\u0103rbat din Cimi\u0219lia, condamnat pentru tentativ\u0103 de omor: ar fi aplicat fostului coleg de penitenciar multiple lovituri cu un fragment de lemn - BasTV\",\"isPartOf\":{\"@id\":\"https:\\\/\\\/bas-tv.md\\\/ro\\\/#website\"},\"primaryImageOfPage\":{\"@id\":\"https:\\\/\\\/bas-tv.md\\\/ro\\\/un-barbat-din-cimislia-condamnat-pentru-tentativa-de-omor-ar-fi-aplicat-fostului-coleg-de-penitenciar-multiple-lovituri-cu-un-fragment-de-lemn\\\/#primaryimage\"},\"image\":{\"@id\":\"https:\\\/\\\/bas-tv.md\\\/ro\\\/un-barbat-din-cimislia-condamnat-pentru-tentativa-de-omor-ar-fi-aplicat-fostului-coleg-de-penitenciar-multiple-lovituri-cu-un-fragment-de-lemn\\\/#primaryimage\"},\"thumbnailUrl\":\"https:\\\/\\\/bas-tv.md\\\/wp-content\\\/uploads\\\/2025\\\/12\\\/istockphoto-2203018453-612x612-1.jpg\",\"datePublished\":\"2025-12-12T15:30:45+00:00\",\"description\":\"La data de\u00a010 decembrie 2025, prin sentin\u021ba Judec\u0103toriei Cimi\u0219lia, un b\u0103rbat \u00een v\u00e2rst\u0103 de 41 de ani a fost condamnat la\u00a011 ani de \u00eenchisoare, cu executare \u00een penitenciar de tip \u00eenchis, pentru tentativ\u0103 de omor. Procuratura Cimi\u0219lia anun\u021b\u0103 c\u0103 a reu\u0219it s\u0103 probeze vinov\u0103\u021bia inculpatului \u00een prim\u0103 instan\u021b\u0103,\u00a0\u00een pofida schimb\u0103rii declara\u021biilor p\u0103r\u021bii v\u0103t\u0103mate\u00a0pe parcursul judec\u0103rii cauzei.\",\"inLanguage\":\"ro-RO\",\"potentialAction\":[{\"@type\":\"ReadAction\",\"target\":[\"https:\\\/\\\/bas-tv.md\\\/ro\\\/un-barbat-din-cimislia-condamnat-pentru-tentativa-de-omor-ar-fi-aplicat-fostului-coleg-de-penitenciar-multiple-lovituri-cu-un-fragment-de-lemn\\\/\"]}]},{\"@type\":\"ImageObject\",\"inLanguage\":\"ro-RO\",\"@id\":\"https:\\\/\\\/bas-tv.md\\\/ro\\\/un-barbat-din-cimislia-condamnat-pentru-tentativa-de-omor-ar-fi-aplicat-fostului-coleg-de-penitenciar-multiple-lovituri-cu-un-fragment-de-lemn\\\/#primaryimage\",\"url\":\"https:\\\/\\\/bas-tv.md\\\/wp-content\\\/uploads\\\/2025\\\/12\\\/istockphoto-2203018453-612x612-1.jpg\",\"contentUrl\":\"https:\\\/\\\/bas-tv.md\\\/wp-content\\\/uploads\\\/2025\\\/12\\\/istockphoto-2203018453-612x612-1.jpg\",\"width\":612,\"height\":408,\"caption\":\"Foto: imagine-simbol\"},{\"@type\":\"WebSite\",\"@id\":\"https:\\\/\\\/bas-tv.md\\\/ro\\\/#website\",\"url\":\"https:\\\/\\\/bas-tv.md\\\/ro\\\/\",\"name\":\"BasTV\",\"description\":\"Moldova\",\"publisher\":{\"@id\":\"https:\\\/\\\/bas-tv.md\\\/ro\\\/#organization\"},\"potentialAction\":[{\"@type\":\"SearchAction\",\"target\":{\"@type\":\"EntryPoint\",\"urlTemplate\":\"https:\\\/\\\/bas-tv.md\\\/ro\\\/?s={search_term_string}\"},\"query-input\":{\"@type\":\"PropertyValueSpecification\",\"valueRequired\":true,\"valueName\":\"search_term_string\"}}],\"inLanguage\":\"ro-RO\"},{\"@type\":\"Organization\",\"@id\":\"https:\\\/\\\/bas-tv.md\\\/ro\\\/#organization\",\"name\":\"BasTV\",\"url\":\"https:\\\/\\\/bas-tv.md\\\/ro\\\/\",\"logo\":{\"@type\":\"ImageObject\",\"inLanguage\":\"ro-RO\",\"@id\":\"https:\\\/\\\/bas-tv.md\\\/ro\\\/#\\\/schema\\\/logo\\\/image\\\/\",\"url\":\"https:\\\/\\\/bas-tv.md\\\/wp-content\\\/uploads\\\/2023\\\/05\\\/bas-tv-culoarea-rosie.png\",\"contentUrl\":\"https:\\\/\\\/bas-tv.md\\\/wp-content\\\/uploads\\\/2023\\\/05\\\/bas-tv-culoarea-rosie.png\",\"width\":202,\"height\":50,\"caption\":\"BasTV\"},\"image\":{\"@id\":\"https:\\\/\\\/bas-tv.md\\\/ro\\\/#\\\/schema\\\/logo\\\/image\\\/\"}},{\"@type\":\"Person\",\"@id\":\"https:\\\/\\\/bas-tv.md\\\/ro\\\/#\\\/schema\\\/person\\\/8740f45ea2eca1f1695284fc03529af0\",\"name\":\"Redactor\",\"image\":{\"@type\":\"ImageObject\",\"inLanguage\":\"ro-RO\",\"@id\":\"https:\\\/\\\/bas-tv.md\\\/wp-content\\\/litespeed\\\/avatar\\\/91c0586f3f6f4396a4ec1287c965eeeb.jpg?ver=1776950945\",\"url\":\"https:\\\/\\\/bas-tv.md\\\/wp-content\\\/litespeed\\\/avatar\\\/91c0586f3f6f4396a4ec1287c965eeeb.jpg?ver=1776950945\",\"contentUrl\":\"https:\\\/\\\/bas-tv.md\\\/wp-content\\\/litespeed\\\/avatar\\\/91c0586f3f6f4396a4ec1287c965eeeb.jpg?ver=1776950945\",\"caption\":\"Redactor\"},\"url\":\"https:\\\/\\\/bas-tv.md\\\/ro\\\/author\\\/redactor\\\/\"}]}<\/script>\n<!-- \/ Yoast SEO plugin. -->","yoast_head_json":{"title":"Un b\u0103rbat din Cimi\u0219lia, condamnat pentru tentativ\u0103 de omor: ar fi aplicat fostului coleg de penitenciar multiple lovituri cu un fragment de lemn - BasTV","description":"La data de\u00a010 decembrie 2025, prin sentin\u021ba Judec\u0103toriei Cimi\u0219lia, un b\u0103rbat \u00een v\u00e2rst\u0103 de 41 de ani a fost condamnat la\u00a011 ani de \u00eenchisoare, cu executare \u00een penitenciar de tip \u00eenchis, pentru tentativ\u0103 de omor. Procuratura Cimi\u0219lia anun\u021b\u0103 c\u0103 a reu\u0219it s\u0103 probeze vinov\u0103\u021bia inculpatului \u00een prim\u0103 instan\u021b\u0103,\u00a0\u00een pofida schimb\u0103rii declara\u021biilor p\u0103r\u021bii v\u0103t\u0103mate\u00a0pe parcursul judec\u0103rii cauzei.","robots":{"index":"index","follow":"follow","max-snippet":"max-snippet:-1","max-image-preview":"max-image-preview:large","max-video-preview":"max-video-preview:-1"},"canonical":"https:\/\/bas-tv.md\/ro\/un-barbat-din-cimislia-condamnat-pentru-tentativa-de-omor-ar-fi-aplicat-fostului-coleg-de-penitenciar-multiple-lovituri-cu-un-fragment-de-lemn\/","og_locale":"ro_RO","og_type":"article","og_title":"Un b\u0103rbat din Cimi\u0219lia, condamnat pentru tentativ\u0103 de omor: ar fi aplicat fostului coleg de penitenciar multiple lovituri cu un fragment de lemn - BasTV","og_description":"La data de\u00a010 decembrie 2025, prin sentin\u021ba Judec\u0103toriei Cimi\u0219lia, un b\u0103rbat \u00een v\u00e2rst\u0103 de 41 de ani a fost condamnat la\u00a011 ani de \u00eenchisoare, cu executare \u00een penitenciar de tip \u00eenchis, pentru tentativ\u0103 de omor. Procuratura Cimi\u0219lia anun\u021b\u0103 c\u0103 a reu\u0219it s\u0103 probeze vinov\u0103\u021bia inculpatului \u00een prim\u0103 instan\u021b\u0103,\u00a0\u00een pofida schimb\u0103rii declara\u021biilor p\u0103r\u021bii v\u0103t\u0103mate\u00a0pe parcursul judec\u0103rii cauzei.","og_url":"https:\/\/bas-tv.md\/ro\/un-barbat-din-cimislia-condamnat-pentru-tentativa-de-omor-ar-fi-aplicat-fostului-coleg-de-penitenciar-multiple-lovituri-cu-un-fragment-de-lemn\/","og_site_name":"BasTV","article_published_time":"2025-12-12T15:30:45+00:00","og_image":[{"width":612,"height":408,"url":"https:\/\/bas-tv.md\/wp-content\/uploads\/2025\/12\/istockphoto-2203018453-612x612-1.jpg","type":"image\/jpeg"}],"author":"Redactor","twitter_card":"summary_large_image","twitter_misc":{"Scris de":"Redactor","Timp estimat pentru citire":"2 minute"},"schema":{"@context":"https:\/\/schema.org","@graph":[{"@type":"Article","@id":"https:\/\/bas-tv.md\/ro\/un-barbat-din-cimislia-condamnat-pentru-tentativa-de-omor-ar-fi-aplicat-fostului-coleg-de-penitenciar-multiple-lovituri-cu-un-fragment-de-lemn\/#article","isPartOf":{"@id":"https:\/\/bas-tv.md\/ro\/un-barbat-din-cimislia-condamnat-pentru-tentativa-de-omor-ar-fi-aplicat-fostului-coleg-de-penitenciar-multiple-lovituri-cu-un-fragment-de-lemn\/"},"author":{"name":"Redactor","@id":"https:\/\/bas-tv.md\/ro\/#\/schema\/person\/8740f45ea2eca1f1695284fc03529af0"},"headline":"Un b\u0103rbat din Cimi\u0219lia, condamnat pentru tentativ\u0103 de omor: ar fi aplicat fostului coleg de penitenciar multiple lovituri cu un fragment de lemn","datePublished":"2025-12-12T15:30:45+00:00","mainEntityOfPage":{"@id":"https:\/\/bas-tv.md\/ro\/un-barbat-din-cimislia-condamnat-pentru-tentativa-de-omor-ar-fi-aplicat-fostului-coleg-de-penitenciar-multiple-lovituri-cu-un-fragment-de-lemn\/"},"wordCount":390,"publisher":{"@id":"https:\/\/bas-tv.md\/ro\/#organization"},"image":{"@id":"https:\/\/bas-tv.md\/ro\/un-barbat-din-cimislia-condamnat-pentru-tentativa-de-omor-ar-fi-aplicat-fostului-coleg-de-penitenciar-multiple-lovituri-cu-un-fragment-de-lemn\/#primaryimage"},"thumbnailUrl":"https:\/\/bas-tv.md\/wp-content\/uploads\/2025\/12\/istockphoto-2203018453-612x612-1.jpg","articleSection":["Actualitate","\u00cen Moldova"],"inLanguage":"ro-RO"},{"@type":"WebPage","@id":"https:\/\/bas-tv.md\/ro\/un-barbat-din-cimislia-condamnat-pentru-tentativa-de-omor-ar-fi-aplicat-fostului-coleg-de-penitenciar-multiple-lovituri-cu-un-fragment-de-lemn\/","url":"https:\/\/bas-tv.md\/ro\/un-barbat-din-cimislia-condamnat-pentru-tentativa-de-omor-ar-fi-aplicat-fostului-coleg-de-penitenciar-multiple-lovituri-cu-un-fragment-de-lemn\/","name":"Un b\u0103rbat din Cimi\u0219lia, condamnat pentru tentativ\u0103 de omor: ar fi aplicat fostului coleg de penitenciar multiple lovituri cu un fragment de lemn - BasTV","isPartOf":{"@id":"https:\/\/bas-tv.md\/ro\/#website"},"primaryImageOfPage":{"@id":"https:\/\/bas-tv.md\/ro\/un-barbat-din-cimislia-condamnat-pentru-tentativa-de-omor-ar-fi-aplicat-fostului-coleg-de-penitenciar-multiple-lovituri-cu-un-fragment-de-lemn\/#primaryimage"},"image":{"@id":"https:\/\/bas-tv.md\/ro\/un-barbat-din-cimislia-condamnat-pentru-tentativa-de-omor-ar-fi-aplicat-fostului-coleg-de-penitenciar-multiple-lovituri-cu-un-fragment-de-lemn\/#primaryimage"},"thumbnailUrl":"https:\/\/bas-tv.md\/wp-content\/uploads\/2025\/12\/istockphoto-2203018453-612x612-1.jpg","datePublished":"2025-12-12T15:30:45+00:00","description":"La data de\u00a010 decembrie 2025, prin sentin\u021ba Judec\u0103toriei Cimi\u0219lia, un b\u0103rbat \u00een v\u00e2rst\u0103 de 41 de ani a fost condamnat la\u00a011 ani de \u00eenchisoare, cu executare \u00een penitenciar de tip \u00eenchis, pentru tentativ\u0103 de omor. Procuratura Cimi\u0219lia anun\u021b\u0103 c\u0103 a reu\u0219it s\u0103 probeze vinov\u0103\u021bia inculpatului \u00een prim\u0103 instan\u021b\u0103,\u00a0\u00een pofida schimb\u0103rii declara\u021biilor p\u0103r\u021bii v\u0103t\u0103mate\u00a0pe parcursul judec\u0103rii cauzei.","inLanguage":"ro-RO","potentialAction":[{"@type":"ReadAction","target":["https:\/\/bas-tv.md\/ro\/un-barbat-din-cimislia-condamnat-pentru-tentativa-de-omor-ar-fi-aplicat-fostului-coleg-de-penitenciar-multiple-lovituri-cu-un-fragment-de-lemn\/"]}]},{"@type":"ImageObject","inLanguage":"ro-RO","@id":"https:\/\/bas-tv.md\/ro\/un-barbat-din-cimislia-condamnat-pentru-tentativa-de-omor-ar-fi-aplicat-fostului-coleg-de-penitenciar-multiple-lovituri-cu-un-fragment-de-lemn\/#primaryimage","url":"https:\/\/bas-tv.md\/wp-content\/uploads\/2025\/12\/istockphoto-2203018453-612x612-1.jpg","contentUrl":"https:\/\/bas-tv.md\/wp-content\/uploads\/2025\/12\/istockphoto-2203018453-612x612-1.jpg","width":612,"height":408,"caption":"Foto: imagine-simbol"},{"@type":"WebSite","@id":"https:\/\/bas-tv.md\/ro\/#website","url":"https:\/\/bas-tv.md\/ro\/","name":"BasTV","description":"Moldova","publisher":{"@id":"https:\/\/bas-tv.md\/ro\/#organization"},"potentialAction":[{"@type":"SearchAction","target":{"@type":"EntryPoint","urlTemplate":"https:\/\/bas-tv.md\/ro\/?s={search_term_string}"},"query-input":{"@type":"PropertyValueSpecification","valueRequired":true,"valueName":"search_term_string"}}],"inLanguage":"ro-RO"},{"@type":"Organization","@id":"https:\/\/bas-tv.md\/ro\/#organization","name":"BasTV","url":"https:\/\/bas-tv.md\/ro\/","logo":{"@type":"ImageObject","inLanguage":"ro-RO","@id":"https:\/\/bas-tv.md\/ro\/#\/schema\/logo\/image\/","url":"https:\/\/bas-tv.md\/wp-content\/uploads\/2023\/05\/bas-tv-culoarea-rosie.png","contentUrl":"https:\/\/bas-tv.md\/wp-content\/uploads\/2023\/05\/bas-tv-culoarea-rosie.png","width":202,"height":50,"caption":"BasTV"},"image":{"@id":"https:\/\/bas-tv.md\/ro\/#\/schema\/logo\/image\/"}},{"@type":"Person","@id":"https:\/\/bas-tv.md\/ro\/#\/schema\/person\/8740f45ea2eca1f1695284fc03529af0","name":"Redactor","image":{"@type":"ImageObject","inLanguage":"ro-RO","@id":"https:\/\/bas-tv.md\/wp-content\/litespeed\/avatar\/91c0586f3f6f4396a4ec1287c965eeeb.jpg?ver=1776950945","url":"https:\/\/bas-tv.md\/wp-content\/litespeed\/avatar\/91c0586f3f6f4396a4ec1287c965eeeb.jpg?ver=1776950945","contentUrl":"https:\/\/bas-tv.md\/wp-content\/litespeed\/avatar\/91c0586f3f6f4396a4ec1287c965eeeb.jpg?ver=1776950945","caption":"Redactor"},"url":"https:\/\/bas-tv.md\/ro\/author\/redactor\/"}]}},"views":280,"_links":{"self":[{"href":"https:\/\/bas-tv.md\/ro\/wp-json\/wp\/v2\/posts\/169227","targetHints":{"allow":["GET"]}}],"collection":[{"href":"https:\/\/bas-tv.md\/ro\/wp-json\/wp\/v2\/posts"}],"about":[{"href":"https:\/\/bas-tv.md\/ro\/wp-json\/wp\/v2\/types\/post"}],"author":[{"embeddable":true,"href":"https:\/\/bas-tv.md\/ro\/wp-json\/wp\/v2\/users\/3"}],"replies":[{"embeddable":true,"href":"https:\/\/bas-tv.md\/ro\/wp-json\/wp\/v2\/comments?post=169227"}],"version-history":[{"count":1,"href":"https:\/\/bas-tv.md\/ro\/wp-json\/wp\/v2\/posts\/169227\/revisions"}],"predecessor-version":[{"id":169269,"href":"https:\/\/bas-tv.md\/ro\/wp-json\/wp\/v2\/posts\/169227\/revisions\/169269"}],"wp:featuredmedia":[{"embeddable":true,"href":"https:\/\/bas-tv.md\/ro\/wp-json\/wp\/v2\/media\/169265"}],"wp:attachment":[{"href":"https:\/\/bas-tv.md\/ro\/wp-json\/wp\/v2\/media?parent=169227"}],"wp:term":[{"taxonomy":"category","embeddable":true,"href":"https:\/\/bas-tv.md\/ro\/wp-json\/wp\/v2\/categories?post=169227"},{"taxonomy":"post_tag","embeddable":true,"href":"https:\/\/bas-tv.md\/ro\/wp-json\/wp\/v2\/tags?post=169227"}],"curies":[{"name":"wp","href":"https:\/\/api.w.org\/{rel}","templated":true}]}}