{"id":169394,"date":"2025-12-14T19:00:38","date_gmt":"2025-12-14T17:00:38","guid":{"rendered":"https:\/\/bas-tv.md\/?p=169394"},"modified":"2025-12-14T17:18:42","modified_gmt":"2025-12-14T15:18:42","slug":"retrospectiva-saptamanii-de-la-bastv-convocarea-sedintei-consiliului-raional-basarabeasca-finantari-investigatii-si-multe-altele","status":"publish","type":"post","link":"https:\/\/bas-tv.md\/ro\/retrospectiva-saptamanii-de-la-bastv-convocarea-sedintei-consiliului-raional-basarabeasca-finantari-investigatii-si-multe-altele\/","title":{"rendered":"\u201eRetrospectiva s\u0103pt\u0103m\u00e2nii\u201d de la BAStv: convocarea \u0219edin\u021bei Consiliului raional Basarabeasca, finan\u021b\u0103ri, investiga\u021bii \u0219i multe altele"},"content":{"rendered":"<p><strong>\u201eRetrospectiva s\u0103pt\u0103m\u00e2nii\u201d \u2013 o sec\u021biune \u00een care public\u0103m cele mai importante \u0219tiri ap\u0103rute pe site-ul nostru \u00een ultimele 7 zile. Acest lucru te va ajuta s\u0103 fii mereu la curent \u0219i s\u0103 nu ratezi nimic important pentru tine.<\/strong><\/p>\n<p><strong>Consiliul Raional Basarabeasca, convocat pe 16 decembrie 2025: aprobarea bugetului pentru 2026 \u0219i alte chestiuni administrative, pe ordinea de zi<\/strong><\/p>\n<p>Consiliul Raional Basarabeasca se va \u00eentruni \u00een \u0219edin\u021b\u0103 ordinar\u0103 pe data de 16 decembrie 2025, la ora 10:00, pentru a examina un \u0219ir de subiecte de ordin administrativ \u0219i financiar. Printre cele mai importante puncte de pe ordinea de zi se num\u0103r\u0103 aprobarea bugetului raional pentru anul 2026 \u0219i a Programului de activitate pentru primul trimestru al anului viitor.\u00a0Detalii <a href=\"https:\/\/bas-tv.md\/ro\/consiliul-raional-basarabeasca-convocat-pe-16-decembrie-2025-aprobarea-bugetului-pentru-2026-si-alte-chestiuni-administrative-pe-ordinea-de-zi\/\" target=\"_blank\" rel=\"noopener\">aici.<\/a><\/p>\n<p><strong>Finan\u021b\u0103ri aproape \u201eimpecabile\u201d pe h\u00e2rtie, dona\u021bii \u201efictive\u201d \u00een culise: ce a ratat CEC \u00een supravegherea finan\u021b\u0103rii campaniei electorale<\/strong><\/p>\n<p>Comisia Electoral\u0103 Central\u0103 a verificat minu\u021bios rapoartele concuren\u021bilor electorali \u00een campania pentru alegerile parlamentare din 28 septembrie \u0219i a g\u0103sit \u00een mare parte doar abateri minore, tehnice sau corectate ulterior. Totu\u0219i, mecanismele oficiale nu au reu\u0219it s\u0103 depisteze cel mai grav fenomen: dona\u021biile fictive. \u00cen timp ce membrii CEC aplicau aten\u021bion\u0103ri pentru rapoarte \u00eent\u00e2rziate sau rubrici incomplete, unele intercept\u0103ri din dosare pornite pe finan\u021barea ilegal\u0103 a partidelor, publicate de autorit\u0103\u021bi, arat\u0103 cum unii candida\u021bi \u00ee\u0219i finan\u021bau campania prin persoane interpuse, ocolind cu u\u0219urin\u021b\u0103 filtrele de control. Afla\u021bi <a href=\"https:\/\/bas-tv.md\/ro\/finantari-aproape-impecabile-pe-hartie-donatii-fictive-in-culise-ce-a-ratat-cec-in-supravegherea-finantarii-campaniei-electorale\/\" target=\"_blank\" rel=\"noopener\">mai mult.<\/a><\/p>\n<p><strong>Prim\u0103ria Cimi\u0219lia lanseaz\u0103 un plan strategic pentru prevenirea \u0219i reducerea polu\u0103rii cu pesticide, elaborat \u00een cadrul ini\u021biativei iMERMAID<\/strong><\/p>\n<p>Prim\u0103ria Cimi\u0219lia a lansat Planul pentru Prevenirea, Reducerea \u0219i Remedierea Polu\u0103rii cu Pesticide (PPRRRCM), un document strategic elaborat \u00een cadrul ini\u021biativei europene iMERMAID. Planul stabile\u0219te direc\u021biile de ac\u021biune pe care autorit\u0103\u021bile le vor urma pentru a proteja s\u0103n\u0103tatea popula\u021biei, resursele de ap\u0103 \u0219i mediul \u00eenconjur\u0103tor, fiind conceput ca un model care poate fi replicat \u0219i de alte localit\u0103\u021bi din Republica Moldova. Detalii <a href=\"https:\/\/bas-tv.md\/ro\/primaria-cimislia-lanseaza-un-plan-strategic-pentru-prevenirea-si-reducerea-poluarii-cu-pesticide-elaborat-in-cadrul-initiativei-imermaid\/\" target=\"_blank\" rel=\"noopener\">aici.<\/a><\/p>\n<p><strong>Sistem integrat de management al de\u0219eurilor solide \u00een regiunea de sud: ce schimb\u0103ri se anun\u021b\u0103 pentru Cimi\u0219lia \u0219i Basarabeasca p\u00e2n\u0103 \u00een 2030<\/strong><\/p>\n<p>P\u00e2n\u0103 \u00een anul 2030, regiunea de sud a Republicii Moldova ar putea beneficia de un sistem modern \u0219i integrat de gestionare a de\u0219eurilor solide, aliniat standardelor europene \u0219i prevederilor Strategiei Na\u021bionale de Gestionare a De\u0219eurilor. Raioanele Cimi\u0219lia \u0219i Basarabeasca se reg\u0103sesc printre teritoriile vizate de acest amplu proiect na\u021bional, coordonat de Ministerul Mediului. Mai multe <a href=\"https:\/\/bas-tv.md\/ro\/sistem-integrat-de-management-al-deseurilor-solide-in-regiunea-de-sud-ce-schimbari-se-anunta-pentru-cimislia-si-basarabeasca-pana-in-2030\/\" target=\"_blank\" rel=\"noopener\">detalii.<\/a><\/p>\n<p><strong>Investi\u021bie de 2,7 milioane de lei a CNAM pentru eficientizarea energetic\u0103 a Spitalului Raional Cimi\u0219lia<\/strong><\/p>\n<p>Mai multe blocuri ale Spitalului raional Cimi\u0219lia au fost supuse lucr\u0103rilor de eficientizare termic\u0103, \u00een cadrul unui proiect de modernizare finan\u021bat din fonduri publice. Investi\u021bia vizeaz\u0103 cre\u0219terea eficien\u021bei energetice a cl\u0103dirii \u0219i \u00eembun\u0103t\u0103\u021birea condi\u021biilor pentru pacien\u021bi \u0219i personal. Afla\u021bi <a href=\"https:\/\/bas-tv.md\/ro\/investitie-cnam-2-7-milioane-lei-eficientizare-energetica-spitalul-cimislia\/\" target=\"_blank\" rel=\"noopener\">mai mult.<\/a><\/p>\n<p><strong>Un b\u0103rbat din Cimi\u0219lia, condamnat pentru tentativ\u0103 de omor: ar fi aplicat fostului coleg de penitenciar multiple lovituri cu un fragment de lemn<\/strong><\/p>\n<p>La data de\u00a010 decembrie 2025, prin sentin\u021ba Judec\u0103toriei Cimi\u0219lia, un b\u0103rbat \u00een v\u00e2rst\u0103 de 41 de ani a fost condamnat la\u00a011 ani de \u00eenchisoare, cu executare \u00een penitenciar de tip \u00eenchis, pentru tentativ\u0103 de omor. Procuratura Cimi\u0219lia anun\u021b\u0103 c\u0103 a reu\u0219it s\u0103 probeze vinov\u0103\u021bia inculpatului \u00een prim\u0103 instan\u021b\u0103,\u00a0\u00een pofida schimb\u0103rii declara\u021biilor p\u0103r\u021bii v\u0103t\u0103mate\u00a0pe parcursul judec\u0103rii cauzei. Detalii <a href=\"https:\/\/bas-tv.md\/ro\/un-barbat-din-cimislia-condamnat-pentru-tentativa-de-omor-ar-fi-aplicat-fostului-coleg-de-penitenciar-multiple-lovituri-cu-un-fragment-de-lemn\/\" target=\"_blank\" rel=\"noopener\">aici.<\/a><\/p>\n<div class=\"elementor-element elementor-element-5fc6b9d elementor-widget elementor-widget-theme-post-content\" data-id=\"5fc6b9d\" data-element_type=\"widget\" data-widget_type=\"theme-post-content.default\">\n<div class=\"elementor-widget-container\">\n<p>Cei care sus\u021bin redac\u021bia BAStv \u00een realizarea con\u021binuturilor de calitate, oferim\u00a0<a href=\"https:\/\/bas-tv.md\/patreon-dlya-bastv-kak-nam-pomogut-vashi-2-v-mesyacz\/\">un link c\u0103tre un articol despre cum se poate face acest lucru<\/a>.<\/p>\n<p><strong>Sus\u021bine\u021bi redac\u021bia BAStv, abona\u021bi-v\u0103 la noi pe platforma\u00a0<a href=\"https:\/\/www.patreon.com\/BAStv?fan_landing=true&amp;fbclid=IwAR3MeSDKfH4ixBydCXX9D1lhrCszhps3ID5uxuGA-Ktd4MTkZCRdlcEZkQI\">Patreon\u00a0<\/a>sau prin efectuarea contribu\u021biilor prin\u00a0<a href=\"https:\/\/www.paypal.com\/paypalme\/supportbastv\">PayPal<\/a>! Aceasta ne va ajuta s\u0103 cre\u0103m con\u021binut interesant \u0219i util pentru dvs., r\u0103m\u00e2n\u00e2nd \u00een continuare o platform\u0103 media independent\u0103.<\/strong><\/p>\n<p><b>Abona\u021bi-v\u0103 la noi pe re\u021bele sociale:\u00a0<\/b><a href=\"https:\/\/t.me\/bastvmd\"><b><i>Telegram<\/i><\/b><\/a><b>,\u00a0<\/b><a href=\"https:\/\/www.youtube.com\/channel\/UC-9005PnLnhpNM8PVSjP2dQ\/featured\"><b><i>YouTube<\/i><\/b><\/a><b>,\u00a0<\/b><a href=\"https:\/\/www.facebook.com\/bastv.md\"><b><i>Facebook<\/i><\/b><\/a>\u00a0<strong>\u0219i\u00a0<\/strong><a href=\"https:\/\/www.instagram.com\/bastv.md\/\"><b><i>Instagram<\/i><\/b><\/a><b>. Aici public\u0103m \u0219tiri pe scurt.<\/b><\/p>\n<\/div>\n<\/div>\n","protected":false},"excerpt":{"rendered":"<p>\u201eRetrospectiva s\u0103pt\u0103m\u00e2nii\u201d \u2013 o sec\u021biune \u00een care public\u0103m cele mai importante \u0219tiri ap\u0103rute pe site-ul nostru \u00een ultimele 7 zile. Acest lucru te va ajuta s\u0103 fii mereu la curent \u0219i s\u0103 nu ratezi nimic important pentru tine. Consiliul Raional Basarabeasca, convocat pe 16 decembrie 2025: aprobarea bugetului pentru 2026 \u0219i alte chestiuni administrative, pe [&hellip;]<\/p>\n","protected":false},"author":3,"featured_media":169397,"comment_status":"closed","ping_status":"closed","sticky":false,"template":"","format":"standard","meta":{"footnotes":""},"categories":[577,574],"tags":[693,869,16243,12099,733,2728,16244,13735,16245,16247,16246,518],"class_list":["post-169394","post","type-post","status-publish","format-standard","has-post-thumbnail","hentry","category-recenzii","category-util","tag-basarabeasca-ro","tag-bastv-ro","tag-buget-2026","tag-cec-moldova","tag-cimislia","tag-consiliul-raional-basarabeasca","tag-finantarea-partidelor","tag-imermaid","tag-investigatie-jurnalistica","tag-managementul-deseurilor","tag-poluare-cu-pesticide","tag-retrospectiva-saptamanii-ro"],"yoast_head":"<!-- This site is optimized with the Yoast SEO plugin v27.5 - https:\/\/yoast.com\/product\/yoast-seo-wordpress\/ -->\n<title>Retrospectiva s\u0103pt\u0103m\u00e2nii: decizii, finan\u021b\u0103ri \u0219i anchete<\/title>\n<meta name=\"description\" content=\"Cele mai importante \u0219tiri ale s\u0103pt\u0103m\u00e2nii la BAStv: decizii ale Consiliului raional, finan\u021b\u0103ri publice, investiga\u021bii \u0219i proiecte.\" \/>\n<meta name=\"robots\" content=\"index, follow, max-snippet:-1, max-image-preview:large, max-video-preview:-1\" \/>\n<link rel=\"canonical\" href=\"https:\/\/bas-tv.md\/ro\/retrospectiva-saptamanii-de-la-bastv-convocarea-sedintei-consiliului-raional-basarabeasca-finantari-investigatii-si-multe-altele\/\" \/>\n<meta property=\"og:locale\" content=\"ro_RO\" \/>\n<meta property=\"og:type\" content=\"article\" \/>\n<meta property=\"og:title\" content=\"Retrospectiva s\u0103pt\u0103m\u00e2nii: decizii, finan\u021b\u0103ri \u0219i anchete\" \/>\n<meta property=\"og:description\" content=\"Cele mai importante \u0219tiri ale s\u0103pt\u0103m\u00e2nii la BAStv: decizii ale Consiliului raional, finan\u021b\u0103ri publice, investiga\u021bii \u0219i proiecte.\" \/>\n<meta property=\"og:url\" content=\"https:\/\/bas-tv.md\/ro\/retrospectiva-saptamanii-de-la-bastv-convocarea-sedintei-consiliului-raional-basarabeasca-finantari-investigatii-si-multe-altele\/\" \/>\n<meta property=\"og:site_name\" content=\"BasTV\" \/>\n<meta property=\"article:published_time\" content=\"2025-12-14T17:00:38+00:00\" \/>\n<meta property=\"og:image\" content=\"https:\/\/bas-tv.md\/wp-content\/uploads\/2025\/12\/chimishliya-bolnicza-1.jpeg\" \/>\n\t<meta property=\"og:image:width\" content=\"1280\" \/>\n\t<meta property=\"og:image:height\" content=\"778\" \/>\n\t<meta property=\"og:image:type\" content=\"image\/jpeg\" \/>\n<meta name=\"author\" content=\"Redactor\" \/>\n<meta name=\"twitter:card\" content=\"summary_large_image\" \/>\n<meta name=\"twitter:label1\" content=\"Scris de\" \/>\n\t<meta name=\"twitter:data1\" content=\"Redactor\" \/>\n\t<meta name=\"twitter:label2\" content=\"Timp estimat pentru citire\" \/>\n\t<meta name=\"twitter:data2\" content=\"4 minute\" \/>\n<script type=\"application\/ld+json\" class=\"yoast-schema-graph\">{\"@context\":\"https:\\\/\\\/schema.org\",\"@graph\":[{\"@type\":\"Article\",\"@id\":\"https:\\\/\\\/bas-tv.md\\\/ro\\\/retrospectiva-saptamanii-de-la-bastv-convocarea-sedintei-consiliului-raional-basarabeasca-finantari-investigatii-si-multe-altele\\\/#article\",\"isPartOf\":{\"@id\":\"https:\\\/\\\/bas-tv.md\\\/ro\\\/retrospectiva-saptamanii-de-la-bastv-convocarea-sedintei-consiliului-raional-basarabeasca-finantari-investigatii-si-multe-altele\\\/\"},\"author\":{\"name\":\"Redactor\",\"@id\":\"https:\\\/\\\/bas-tv.md\\\/ro\\\/#\\\/schema\\\/person\\\/8740f45ea2eca1f1695284fc03529af0\"},\"headline\":\"\u201eRetrospectiva s\u0103pt\u0103m\u00e2nii\u201d de la BAStv: convocarea \u0219edin\u021bei Consiliului raional Basarabeasca, finan\u021b\u0103ri, investiga\u021bii \u0219i multe altele\",\"datePublished\":\"2025-12-14T17:00:38+00:00\",\"mainEntityOfPage\":{\"@id\":\"https:\\\/\\\/bas-tv.md\\\/ro\\\/retrospectiva-saptamanii-de-la-bastv-convocarea-sedintei-consiliului-raional-basarabeasca-finantari-investigatii-si-multe-altele\\\/\"},\"wordCount\":706,\"publisher\":{\"@id\":\"https:\\\/\\\/bas-tv.md\\\/ro\\\/#organization\"},\"image\":{\"@id\":\"https:\\\/\\\/bas-tv.md\\\/ro\\\/retrospectiva-saptamanii-de-la-bastv-convocarea-sedintei-consiliului-raional-basarabeasca-finantari-investigatii-si-multe-altele\\\/#primaryimage\"},\"thumbnailUrl\":\"https:\\\/\\\/bas-tv.md\\\/wp-content\\\/uploads\\\/2025\\\/12\\\/chimishliya-bolnicza-1.jpeg\",\"keywords\":[\"Basarabeasca\",\"BAStv\",\"buget 2026\",\"CEC Moldova\",\"Cimi\u0219lia\",\"consiliul raional basarabeasca\",\"finan\u021barea partidelor\",\"iMERMAID\",\"investiga\u021bie jurnalistic\u0103\",\"managementul de\u0219eurilor\",\"poluare cu pesticide\",\"Retrospectiva s\u0103pt\u0103m\u00e2nii\"],\"articleSection\":[\"Recenzii\",\"Util\"],\"inLanguage\":\"ro-RO\"},{\"@type\":\"WebPage\",\"@id\":\"https:\\\/\\\/bas-tv.md\\\/ro\\\/retrospectiva-saptamanii-de-la-bastv-convocarea-sedintei-consiliului-raional-basarabeasca-finantari-investigatii-si-multe-altele\\\/\",\"url\":\"https:\\\/\\\/bas-tv.md\\\/ro\\\/retrospectiva-saptamanii-de-la-bastv-convocarea-sedintei-consiliului-raional-basarabeasca-finantari-investigatii-si-multe-altele\\\/\",\"name\":\"Retrospectiva s\u0103pt\u0103m\u00e2nii: decizii, finan\u021b\u0103ri \u0219i anchete\",\"isPartOf\":{\"@id\":\"https:\\\/\\\/bas-tv.md\\\/ro\\\/#website\"},\"primaryImageOfPage\":{\"@id\":\"https:\\\/\\\/bas-tv.md\\\/ro\\\/retrospectiva-saptamanii-de-la-bastv-convocarea-sedintei-consiliului-raional-basarabeasca-finantari-investigatii-si-multe-altele\\\/#primaryimage\"},\"image\":{\"@id\":\"https:\\\/\\\/bas-tv.md\\\/ro\\\/retrospectiva-saptamanii-de-la-bastv-convocarea-sedintei-consiliului-raional-basarabeasca-finantari-investigatii-si-multe-altele\\\/#primaryimage\"},\"thumbnailUrl\":\"https:\\\/\\\/bas-tv.md\\\/wp-content\\\/uploads\\\/2025\\\/12\\\/chimishliya-bolnicza-1.jpeg\",\"datePublished\":\"2025-12-14T17:00:38+00:00\",\"description\":\"Cele mai importante \u0219tiri ale s\u0103pt\u0103m\u00e2nii la BAStv: decizii ale Consiliului raional, finan\u021b\u0103ri publice, investiga\u021bii \u0219i proiecte.\",\"inLanguage\":\"ro-RO\",\"potentialAction\":[{\"@type\":\"ReadAction\",\"target\":[\"https:\\\/\\\/bas-tv.md\\\/ro\\\/retrospectiva-saptamanii-de-la-bastv-convocarea-sedintei-consiliului-raional-basarabeasca-finantari-investigatii-si-multe-altele\\\/\"]}]},{\"@type\":\"ImageObject\",\"inLanguage\":\"ro-RO\",\"@id\":\"https:\\\/\\\/bas-tv.md\\\/ro\\\/retrospectiva-saptamanii-de-la-bastv-convocarea-sedintei-consiliului-raional-basarabeasca-finantari-investigatii-si-multe-altele\\\/#primaryimage\",\"url\":\"https:\\\/\\\/bas-tv.md\\\/wp-content\\\/uploads\\\/2025\\\/12\\\/chimishliya-bolnicza-1.jpeg\",\"contentUrl\":\"https:\\\/\\\/bas-tv.md\\\/wp-content\\\/uploads\\\/2025\\\/12\\\/chimishliya-bolnicza-1.jpeg\",\"width\":1280,\"height\":778,\"caption\":\"Foto: ipn.md\"},{\"@type\":\"WebSite\",\"@id\":\"https:\\\/\\\/bas-tv.md\\\/ro\\\/#website\",\"url\":\"https:\\\/\\\/bas-tv.md\\\/ro\\\/\",\"name\":\"BasTV\",\"description\":\"Moldova\",\"publisher\":{\"@id\":\"https:\\\/\\\/bas-tv.md\\\/ro\\\/#organization\"},\"potentialAction\":[{\"@type\":\"SearchAction\",\"target\":{\"@type\":\"EntryPoint\",\"urlTemplate\":\"https:\\\/\\\/bas-tv.md\\\/ro\\\/?s={search_term_string}\"},\"query-input\":{\"@type\":\"PropertyValueSpecification\",\"valueRequired\":true,\"valueName\":\"search_term_string\"}}],\"inLanguage\":\"ro-RO\"},{\"@type\":\"Organization\",\"@id\":\"https:\\\/\\\/bas-tv.md\\\/ro\\\/#organization\",\"name\":\"BasTV\",\"url\":\"https:\\\/\\\/bas-tv.md\\\/ro\\\/\",\"logo\":{\"@type\":\"ImageObject\",\"inLanguage\":\"ro-RO\",\"@id\":\"https:\\\/\\\/bas-tv.md\\\/ro\\\/#\\\/schema\\\/logo\\\/image\\\/\",\"url\":\"https:\\\/\\\/bas-tv.md\\\/wp-content\\\/uploads\\\/2023\\\/05\\\/bas-tv-culoarea-rosie.png\",\"contentUrl\":\"https:\\\/\\\/bas-tv.md\\\/wp-content\\\/uploads\\\/2023\\\/05\\\/bas-tv-culoarea-rosie.png\",\"width\":202,\"height\":50,\"caption\":\"BasTV\"},\"image\":{\"@id\":\"https:\\\/\\\/bas-tv.md\\\/ro\\\/#\\\/schema\\\/logo\\\/image\\\/\"}},{\"@type\":\"Person\",\"@id\":\"https:\\\/\\\/bas-tv.md\\\/ro\\\/#\\\/schema\\\/person\\\/8740f45ea2eca1f1695284fc03529af0\",\"name\":\"Redactor\",\"image\":{\"@type\":\"ImageObject\",\"inLanguage\":\"ro-RO\",\"@id\":\"https:\\\/\\\/bas-tv.md\\\/wp-content\\\/litespeed\\\/avatar\\\/91c0586f3f6f4396a4ec1287c965eeeb.jpg?ver=1776950945\",\"url\":\"https:\\\/\\\/bas-tv.md\\\/wp-content\\\/litespeed\\\/avatar\\\/91c0586f3f6f4396a4ec1287c965eeeb.jpg?ver=1776950945\",\"contentUrl\":\"https:\\\/\\\/bas-tv.md\\\/wp-content\\\/litespeed\\\/avatar\\\/91c0586f3f6f4396a4ec1287c965eeeb.jpg?ver=1776950945\",\"caption\":\"Redactor\"},\"url\":\"https:\\\/\\\/bas-tv.md\\\/ro\\\/author\\\/redactor\\\/\"}]}<\/script>\n<!-- \/ Yoast SEO plugin. -->","yoast_head_json":{"title":"Retrospectiva s\u0103pt\u0103m\u00e2nii: decizii, finan\u021b\u0103ri \u0219i anchete","description":"Cele mai importante \u0219tiri ale s\u0103pt\u0103m\u00e2nii la BAStv: decizii ale Consiliului raional, finan\u021b\u0103ri publice, investiga\u021bii \u0219i proiecte.","robots":{"index":"index","follow":"follow","max-snippet":"max-snippet:-1","max-image-preview":"max-image-preview:large","max-video-preview":"max-video-preview:-1"},"canonical":"https:\/\/bas-tv.md\/ro\/retrospectiva-saptamanii-de-la-bastv-convocarea-sedintei-consiliului-raional-basarabeasca-finantari-investigatii-si-multe-altele\/","og_locale":"ro_RO","og_type":"article","og_title":"Retrospectiva s\u0103pt\u0103m\u00e2nii: decizii, finan\u021b\u0103ri \u0219i anchete","og_description":"Cele mai importante \u0219tiri ale s\u0103pt\u0103m\u00e2nii la BAStv: decizii ale Consiliului raional, finan\u021b\u0103ri publice, investiga\u021bii \u0219i proiecte.","og_url":"https:\/\/bas-tv.md\/ro\/retrospectiva-saptamanii-de-la-bastv-convocarea-sedintei-consiliului-raional-basarabeasca-finantari-investigatii-si-multe-altele\/","og_site_name":"BasTV","article_published_time":"2025-12-14T17:00:38+00:00","og_image":[{"width":1280,"height":778,"url":"https:\/\/bas-tv.md\/wp-content\/uploads\/2025\/12\/chimishliya-bolnicza-1.jpeg","type":"image\/jpeg"}],"author":"Redactor","twitter_card":"summary_large_image","twitter_misc":{"Scris de":"Redactor","Timp estimat pentru citire":"4 minute"},"schema":{"@context":"https:\/\/schema.org","@graph":[{"@type":"Article","@id":"https:\/\/bas-tv.md\/ro\/retrospectiva-saptamanii-de-la-bastv-convocarea-sedintei-consiliului-raional-basarabeasca-finantari-investigatii-si-multe-altele\/#article","isPartOf":{"@id":"https:\/\/bas-tv.md\/ro\/retrospectiva-saptamanii-de-la-bastv-convocarea-sedintei-consiliului-raional-basarabeasca-finantari-investigatii-si-multe-altele\/"},"author":{"name":"Redactor","@id":"https:\/\/bas-tv.md\/ro\/#\/schema\/person\/8740f45ea2eca1f1695284fc03529af0"},"headline":"\u201eRetrospectiva s\u0103pt\u0103m\u00e2nii\u201d de la BAStv: convocarea \u0219edin\u021bei Consiliului raional Basarabeasca, finan\u021b\u0103ri, investiga\u021bii \u0219i multe altele","datePublished":"2025-12-14T17:00:38+00:00","mainEntityOfPage":{"@id":"https:\/\/bas-tv.md\/ro\/retrospectiva-saptamanii-de-la-bastv-convocarea-sedintei-consiliului-raional-basarabeasca-finantari-investigatii-si-multe-altele\/"},"wordCount":706,"publisher":{"@id":"https:\/\/bas-tv.md\/ro\/#organization"},"image":{"@id":"https:\/\/bas-tv.md\/ro\/retrospectiva-saptamanii-de-la-bastv-convocarea-sedintei-consiliului-raional-basarabeasca-finantari-investigatii-si-multe-altele\/#primaryimage"},"thumbnailUrl":"https:\/\/bas-tv.md\/wp-content\/uploads\/2025\/12\/chimishliya-bolnicza-1.jpeg","keywords":["Basarabeasca","BAStv","buget 2026","CEC Moldova","Cimi\u0219lia","consiliul raional basarabeasca","finan\u021barea partidelor","iMERMAID","investiga\u021bie jurnalistic\u0103","managementul de\u0219eurilor","poluare cu pesticide","Retrospectiva s\u0103pt\u0103m\u00e2nii"],"articleSection":["Recenzii","Util"],"inLanguage":"ro-RO"},{"@type":"WebPage","@id":"https:\/\/bas-tv.md\/ro\/retrospectiva-saptamanii-de-la-bastv-convocarea-sedintei-consiliului-raional-basarabeasca-finantari-investigatii-si-multe-altele\/","url":"https:\/\/bas-tv.md\/ro\/retrospectiva-saptamanii-de-la-bastv-convocarea-sedintei-consiliului-raional-basarabeasca-finantari-investigatii-si-multe-altele\/","name":"Retrospectiva s\u0103pt\u0103m\u00e2nii: decizii, finan\u021b\u0103ri \u0219i anchete","isPartOf":{"@id":"https:\/\/bas-tv.md\/ro\/#website"},"primaryImageOfPage":{"@id":"https:\/\/bas-tv.md\/ro\/retrospectiva-saptamanii-de-la-bastv-convocarea-sedintei-consiliului-raional-basarabeasca-finantari-investigatii-si-multe-altele\/#primaryimage"},"image":{"@id":"https:\/\/bas-tv.md\/ro\/retrospectiva-saptamanii-de-la-bastv-convocarea-sedintei-consiliului-raional-basarabeasca-finantari-investigatii-si-multe-altele\/#primaryimage"},"thumbnailUrl":"https:\/\/bas-tv.md\/wp-content\/uploads\/2025\/12\/chimishliya-bolnicza-1.jpeg","datePublished":"2025-12-14T17:00:38+00:00","description":"Cele mai importante \u0219tiri ale s\u0103pt\u0103m\u00e2nii la BAStv: decizii ale Consiliului raional, finan\u021b\u0103ri publice, investiga\u021bii \u0219i proiecte.","inLanguage":"ro-RO","potentialAction":[{"@type":"ReadAction","target":["https:\/\/bas-tv.md\/ro\/retrospectiva-saptamanii-de-la-bastv-convocarea-sedintei-consiliului-raional-basarabeasca-finantari-investigatii-si-multe-altele\/"]}]},{"@type":"ImageObject","inLanguage":"ro-RO","@id":"https:\/\/bas-tv.md\/ro\/retrospectiva-saptamanii-de-la-bastv-convocarea-sedintei-consiliului-raional-basarabeasca-finantari-investigatii-si-multe-altele\/#primaryimage","url":"https:\/\/bas-tv.md\/wp-content\/uploads\/2025\/12\/chimishliya-bolnicza-1.jpeg","contentUrl":"https:\/\/bas-tv.md\/wp-content\/uploads\/2025\/12\/chimishliya-bolnicza-1.jpeg","width":1280,"height":778,"caption":"Foto: ipn.md"},{"@type":"WebSite","@id":"https:\/\/bas-tv.md\/ro\/#website","url":"https:\/\/bas-tv.md\/ro\/","name":"BasTV","description":"Moldova","publisher":{"@id":"https:\/\/bas-tv.md\/ro\/#organization"},"potentialAction":[{"@type":"SearchAction","target":{"@type":"EntryPoint","urlTemplate":"https:\/\/bas-tv.md\/ro\/?s={search_term_string}"},"query-input":{"@type":"PropertyValueSpecification","valueRequired":true,"valueName":"search_term_string"}}],"inLanguage":"ro-RO"},{"@type":"Organization","@id":"https:\/\/bas-tv.md\/ro\/#organization","name":"BasTV","url":"https:\/\/bas-tv.md\/ro\/","logo":{"@type":"ImageObject","inLanguage":"ro-RO","@id":"https:\/\/bas-tv.md\/ro\/#\/schema\/logo\/image\/","url":"https:\/\/bas-tv.md\/wp-content\/uploads\/2023\/05\/bas-tv-culoarea-rosie.png","contentUrl":"https:\/\/bas-tv.md\/wp-content\/uploads\/2023\/05\/bas-tv-culoarea-rosie.png","width":202,"height":50,"caption":"BasTV"},"image":{"@id":"https:\/\/bas-tv.md\/ro\/#\/schema\/logo\/image\/"}},{"@type":"Person","@id":"https:\/\/bas-tv.md\/ro\/#\/schema\/person\/8740f45ea2eca1f1695284fc03529af0","name":"Redactor","image":{"@type":"ImageObject","inLanguage":"ro-RO","@id":"https:\/\/bas-tv.md\/wp-content\/litespeed\/avatar\/91c0586f3f6f4396a4ec1287c965eeeb.jpg?ver=1776950945","url":"https:\/\/bas-tv.md\/wp-content\/litespeed\/avatar\/91c0586f3f6f4396a4ec1287c965eeeb.jpg?ver=1776950945","contentUrl":"https:\/\/bas-tv.md\/wp-content\/litespeed\/avatar\/91c0586f3f6f4396a4ec1287c965eeeb.jpg?ver=1776950945","caption":"Redactor"},"url":"https:\/\/bas-tv.md\/ro\/author\/redactor\/"}]}},"views":237,"_links":{"self":[{"href":"https:\/\/bas-tv.md\/ro\/wp-json\/wp\/v2\/posts\/169394","targetHints":{"allow":["GET"]}}],"collection":[{"href":"https:\/\/bas-tv.md\/ro\/wp-json\/wp\/v2\/posts"}],"about":[{"href":"https:\/\/bas-tv.md\/ro\/wp-json\/wp\/v2\/types\/post"}],"author":[{"embeddable":true,"href":"https:\/\/bas-tv.md\/ro\/wp-json\/wp\/v2\/users\/3"}],"replies":[{"embeddable":true,"href":"https:\/\/bas-tv.md\/ro\/wp-json\/wp\/v2\/comments?post=169394"}],"version-history":[{"count":2,"href":"https:\/\/bas-tv.md\/ro\/wp-json\/wp\/v2\/posts\/169394\/revisions"}],"predecessor-version":[{"id":169396,"href":"https:\/\/bas-tv.md\/ro\/wp-json\/wp\/v2\/posts\/169394\/revisions\/169396"}],"wp:featuredmedia":[{"embeddable":true,"href":"https:\/\/bas-tv.md\/ro\/wp-json\/wp\/v2\/media\/169397"}],"wp:attachment":[{"href":"https:\/\/bas-tv.md\/ro\/wp-json\/wp\/v2\/media?parent=169394"}],"wp:term":[{"taxonomy":"category","embeddable":true,"href":"https:\/\/bas-tv.md\/ro\/wp-json\/wp\/v2\/categories?post=169394"},{"taxonomy":"post_tag","embeddable":true,"href":"https:\/\/bas-tv.md\/ro\/wp-json\/wp\/v2\/tags?post=169394"}],"curies":[{"name":"wp","href":"https:\/\/api.w.org\/{rel}","templated":true}]}}