{"id":169423,"date":"2025-12-16T10:00:10","date_gmt":"2025-12-16T08:00:10","guid":{"rendered":"https:\/\/bas-tv.md\/?p=169423"},"modified":"2025-12-15T20:28:38","modified_gmt":"2025-12-15T18:28:38","slug":"gest-de-solidaritate-la-cimislia-echipajul-directiei-patrulare-sud-a-intervenit-pentru-a-ajuta-o-familie-aflata-in-dificultate-in-trafic","status":"publish","type":"post","link":"https:\/\/bas-tv.md\/ro\/gest-de-solidaritate-la-cimislia-echipajul-directiei-patrulare-sud-a-intervenit-pentru-a-ajuta-o-familie-aflata-in-dificultate-in-trafic\/","title":{"rendered":"Gest de solidaritate la Cimi\u0219lia: echipajul Direc\u021biei Patrulare Sud a intervenit pentru a ajuta o familie aflat\u0103 \u00een dificultate \u00een trafic"},"content":{"rendered":"<p data-start=\"220\" data-end=\"577\"><strong>O imagine surprinz\u00e2nd un agent de patrulare aplecat l\u00e2ng\u0103 un automobil, \u00eencerc\u00e2nd s\u0103 repare roata acestuia, a atras aten\u021bia internau\u021bilor \u0219i a generat numeroase reac\u021bii pe re\u021belele de socializare. Potrivit Poli\u021biei Republicii Moldova, poli\u021bi\u0219tii Direc\u021biei Patrulare Sud au intervenit \u00een raionul Cimi\u0219lia, \u00een apropierea localit\u0103\u021bii Sagaidacul Nou, pentru a oferi sprijin unei familii aflate \u00een dificultate \u00een trafic.\u00a0<\/strong><\/p>\n<p data-start=\"579\" data-end=\"870\">Interven\u021bia a avut loc \u00een timpul serviciului de patrulare, c\u00e2nd echipajul INSP a observat automobilul oprit pe marginea traseului \u0219i a decis s\u0103 acorde ajutor persoanelor aflate \u00een impas. Poli\u021bi\u0219tii au ac\u021bionat prompt, contribuind la dep\u0103\u0219irea situa\u021biei \u0219i oferind sprijinul necesar familiei.<\/p>\n<p data-start=\"872\" data-end=\"1220\">Potrivit reprezentan\u021bilor Poli\u021biei, astfel de interven\u021bii fac parte din activitatea de zi cu zi a institu\u021biei, al c\u0103rei rol nu se limiteaz\u0103 doar la supravegherea traficului. Institu\u021bia subliniaz\u0103 c\u0103 misiunea poli\u021bi\u0219tilor este una orientat\u0103 spre acordarea de sprijin cet\u0103\u021benilor, \u00een orice situa\u021bie care impune interven\u021bie imediat\u0103:<\/p>\n<blockquote>\n<p data-start=\"872\" data-end=\"1220\">\u201eVom continua s\u0103 intervenim de c\u00e2te ori va fi nevoie, pentru c\u0103 grija fa\u021b\u0103 de cet\u0103\u021beni este misiunea noastr\u0103 pentru care am ales s\u0103 fim aici\u201d, au transmis reprezentan\u021bii institu\u021biei \u00eentr-un scurt comunicat publicat pe pagina Poli\u021biei Republicii Moldova.<\/p>\n<\/blockquote>\n<p data-start=\"1222\" data-end=\"1507\">Imaginile publicate de INSP au generat numeroase reac\u021bii din partea internau\u021bilor, mul\u021bi dintre ace\u0219tia apreciind implicarea poli\u021bi\u0219tilor \u0219i solidaritatea demonstrat\u0103:<\/p>\n<blockquote>\n<p data-start=\"1222\" data-end=\"1507\">\u201eV\u0103 mul\u021bumim din suflet poli\u021biei Republicii Moldova. Mi-am v\u0103zut p\u0103rin\u021bii \u00een aceast\u0103 imagine\u201d, a scris un utilizator.<\/p>\n<\/blockquote>\n<p data-start=\"1509\" data-end=\"1763\">Mesajele de apreciere reflect\u0103 \u00eencrederea comunit\u0103\u021bii \u00een interven\u021biile prompte ale autorit\u0103\u021bilor \u0219i importan\u021ba ac\u021biunilor de sprijin care contribuie la consolidarea sentimentului de siguran\u021b\u0103 public\u0103.<\/p>\n<figure id=\"attachment_169424\" aria-describedby=\"caption-attachment-169424\" style=\"width: 580px\" class=\"wp-caption aligncenter\"><img fetchpriority=\"high\" decoding=\"async\" class=\"size-large wp-image-169424\" src=\"https:\/\/bas-tv.md\/wp-content\/uploads\/2025\/12\/600213897_1302828265221188_3738661237889956886_n-1-958x1024.jpg\" alt=\"\" width=\"580\" height=\"620\" srcset=\"https:\/\/bas-tv.md\/wp-content\/uploads\/2025\/12\/600213897_1302828265221188_3738661237889956886_n-1-958x1024.jpg 958w, https:\/\/bas-tv.md\/wp-content\/uploads\/2025\/12\/600213897_1302828265221188_3738661237889956886_n-1-281x300.jpg 281w, https:\/\/bas-tv.md\/wp-content\/uploads\/2025\/12\/600213897_1302828265221188_3738661237889956886_n-1-768x821.jpg 768w, https:\/\/bas-tv.md\/wp-content\/uploads\/2025\/12\/600213897_1302828265221188_3738661237889956886_n-1.jpg 1197w\" sizes=\"(max-width: 580px) 100vw, 580px\" \/><figcaption id=\"caption-attachment-169424\" class=\"wp-caption-text\">Sursa foto: Poli\u021bia Republicii Moldova<\/figcaption><\/figure>\n<div class=\"elementor-element elementor-element-5fc6b9d elementor-widget elementor-widget-theme-post-content\" data-id=\"5fc6b9d\" data-element_type=\"widget\" data-widget_type=\"theme-post-content.default\">\n<div class=\"elementor-widget-container\">\n<p>Autor: Virineia Carapirea<\/p>\n<p><strong>Sus\u021bine\u021bi redac\u021bia BAStv, abona\u021bi-v\u0103 la noi pe platforma\u00a0<a href=\"https:\/\/www.patreon.com\/BAStv?fan_landing=true&amp;fbclid=IwAR3MeSDKfH4ixBydCXX9D1lhrCszhps3ID5uxuGA-Ktd4MTkZCRdlcEZkQI\">Patreon\u00a0<\/a>sau prin efectuarea contribu\u021biilor prin\u00a0<a href=\"https:\/\/www.paypal.com\/paypalme\/supportbastv\">PayPal<\/a>! Aceasta ne va ajuta s\u0103 cre\u0103m con\u021binut interesant \u0219i util pentru dvs., r\u0103m\u00e2n\u00e2nd \u00een continuare o platform\u0103 media independent\u0103.<\/strong><\/p>\n<div class=\"elementor-element elementor-element-5fc6b9d elementor-widget elementor-widget-theme-post-content\" data-id=\"5fc6b9d\" data-element_type=\"widget\" data-widget_type=\"theme-post-content.default\">\n<div class=\"elementor-widget-container\">\n<p><b>Abona\u021bi-v\u0103 la noi pe re\u021bele sociale:\u00a0<\/b><a href=\"https:\/\/t.me\/bastvmd\"><b><i>Telegram<\/i><\/b><\/a><b>,\u00a0<\/b><a href=\"https:\/\/www.youtube.com\/channel\/UC-9005PnLnhpNM8PVSjP2dQ\/featured\"><b><i>YouTube<\/i><\/b><\/a><b>,\u00a0<\/b><a href=\"https:\/\/www.facebook.com\/bastv.md\"><b><i>Facebook<\/i><\/b><\/a>\u00a0\u0219i\u00a0<a href=\"https:\/\/www.instagram.com\/bastv.md\/\"><b><i>Instagram<\/i><\/b><\/a><b>.\u00a0 Aici public\u0103m \u0219tiri pe scurt!<\/b><\/p>\n<\/div>\n<\/div>\n<\/div>\n<\/div>\n","protected":false},"excerpt":{"rendered":"<p>O imagine surprinz\u00e2nd un agent de patrulare aplecat l\u00e2ng\u0103 un automobil, \u00eencerc\u00e2nd s\u0103 repare roata acestuia, a atras aten\u021bia internau\u021bilor \u0219i a generat numeroase reac\u021bii pe re\u021belele de socializare. Potrivit Poli\u021biei Republicii Moldova, poli\u021bi\u0219tii Direc\u021biei Patrulare Sud au intervenit \u00een raionul Cimi\u0219lia, \u00een apropierea localit\u0103\u021bii Sagaidacul Nou, pentru a oferi sprijin unei familii aflate \u00een [&hellip;]<\/p>\n","protected":false},"author":3,"featured_media":169424,"comment_status":"closed","ping_status":"closed","sticky":false,"template":"","format":"standard","meta":{"footnotes":""},"categories":[602,570],"tags":[],"class_list":["post-169423","post","type-post","status-publish","format-standard","has-post-thumbnail","hentry","category-actualitate","category-in-moldova"],"yoast_head":"<!-- This site is optimized with the Yoast SEO plugin v27.5 - https:\/\/yoast.com\/product\/yoast-seo-wordpress\/ -->\n<title>Gest de solidaritate la Cimi\u0219lia: echipajul Direc\u021biei Patrulare Sud a intervenit pentru a ajuta o familie aflat\u0103 \u00een dificultate \u00een trafic - BasTV<\/title>\n<meta name=\"description\" content=\"O imagine surprinz\u00e2nd un agent de patrulare aplecat l\u00e2ng\u0103 un automobil, \u00eencerc\u00e2nd s\u0103 repare roata acestuia, a atras aten\u021bia internau\u021bilor \u0219i a generat numeroase reac\u021bii pe re\u021belele de socializare. Potrivit Poli\u021biei Republicii Moldova, poli\u021bi\u0219tii Direc\u021biei Patrulare Sud au intervenit \u00een raionul Cimi\u0219lia, \u00een apropierea localit\u0103\u021bii Sagaidacul Nou, pentru a oferi sprijin unei familii aflate \u00een dificultate \u00een trafic.\u00a0\" \/>\n<meta name=\"robots\" content=\"index, follow, max-snippet:-1, max-image-preview:large, max-video-preview:-1\" \/>\n<link rel=\"canonical\" href=\"https:\/\/bas-tv.md\/ro\/gest-de-solidaritate-la-cimislia-echipajul-directiei-patrulare-sud-a-intervenit-pentru-a-ajuta-o-familie-aflata-in-dificultate-in-trafic\/\" \/>\n<meta property=\"og:locale\" content=\"ro_RO\" \/>\n<meta property=\"og:type\" content=\"article\" \/>\n<meta property=\"og:title\" content=\"Gest de solidaritate la Cimi\u0219lia: echipajul Direc\u021biei Patrulare Sud a intervenit pentru a ajuta o familie aflat\u0103 \u00een dificultate \u00een trafic - BasTV\" \/>\n<meta property=\"og:description\" content=\"O imagine surprinz\u00e2nd un agent de patrulare aplecat l\u00e2ng\u0103 un automobil, \u00eencerc\u00e2nd s\u0103 repare roata acestuia, a atras aten\u021bia internau\u021bilor \u0219i a generat numeroase reac\u021bii pe re\u021belele de socializare. Potrivit Poli\u021biei Republicii Moldova, poli\u021bi\u0219tii Direc\u021biei Patrulare Sud au intervenit \u00een raionul Cimi\u0219lia, \u00een apropierea localit\u0103\u021bii Sagaidacul Nou, pentru a oferi sprijin unei familii aflate \u00een dificultate \u00een trafic.\u00a0\" \/>\n<meta property=\"og:url\" content=\"https:\/\/bas-tv.md\/ro\/gest-de-solidaritate-la-cimislia-echipajul-directiei-patrulare-sud-a-intervenit-pentru-a-ajuta-o-familie-aflata-in-dificultate-in-trafic\/\" \/>\n<meta property=\"og:site_name\" content=\"BasTV\" \/>\n<meta property=\"article:published_time\" content=\"2025-12-16T08:00:10+00:00\" \/>\n<meta property=\"og:image\" content=\"https:\/\/bas-tv.md\/wp-content\/uploads\/2025\/12\/600213897_1302828265221188_3738661237889956886_n-1.jpg\" \/>\n\t<meta property=\"og:image:width\" content=\"1197\" \/>\n\t<meta property=\"og:image:height\" content=\"1280\" \/>\n\t<meta property=\"og:image:type\" content=\"image\/jpeg\" \/>\n<meta name=\"author\" content=\"Redactor\" \/>\n<meta name=\"twitter:card\" content=\"summary_large_image\" \/>\n<meta name=\"twitter:label1\" content=\"Scris de\" \/>\n\t<meta name=\"twitter:data1\" content=\"Redactor\" \/>\n\t<meta name=\"twitter:label2\" content=\"Timp estimat pentru citire\" \/>\n\t<meta name=\"twitter:data2\" content=\"2 minute\" \/>\n<script type=\"application\/ld+json\" class=\"yoast-schema-graph\">{\"@context\":\"https:\\\/\\\/schema.org\",\"@graph\":[{\"@type\":\"Article\",\"@id\":\"https:\\\/\\\/bas-tv.md\\\/ro\\\/gest-de-solidaritate-la-cimislia-echipajul-directiei-patrulare-sud-a-intervenit-pentru-a-ajuta-o-familie-aflata-in-dificultate-in-trafic\\\/#article\",\"isPartOf\":{\"@id\":\"https:\\\/\\\/bas-tv.md\\\/ro\\\/gest-de-solidaritate-la-cimislia-echipajul-directiei-patrulare-sud-a-intervenit-pentru-a-ajuta-o-familie-aflata-in-dificultate-in-trafic\\\/\"},\"author\":{\"name\":\"Redactor\",\"@id\":\"https:\\\/\\\/bas-tv.md\\\/ro\\\/#\\\/schema\\\/person\\\/8740f45ea2eca1f1695284fc03529af0\"},\"headline\":\"Gest de solidaritate la Cimi\u0219lia: echipajul Direc\u021biei Patrulare Sud a intervenit pentru a ajuta o familie aflat\u0103 \u00een dificultate \u00een trafic\",\"datePublished\":\"2025-12-16T08:00:10+00:00\",\"mainEntityOfPage\":{\"@id\":\"https:\\\/\\\/bas-tv.md\\\/ro\\\/gest-de-solidaritate-la-cimislia-echipajul-directiei-patrulare-sud-a-intervenit-pentru-a-ajuta-o-familie-aflata-in-dificultate-in-trafic\\\/\"},\"wordCount\":400,\"publisher\":{\"@id\":\"https:\\\/\\\/bas-tv.md\\\/ro\\\/#organization\"},\"image\":{\"@id\":\"https:\\\/\\\/bas-tv.md\\\/ro\\\/gest-de-solidaritate-la-cimislia-echipajul-directiei-patrulare-sud-a-intervenit-pentru-a-ajuta-o-familie-aflata-in-dificultate-in-trafic\\\/#primaryimage\"},\"thumbnailUrl\":\"https:\\\/\\\/bas-tv.md\\\/wp-content\\\/uploads\\\/2025\\\/12\\\/600213897_1302828265221188_3738661237889956886_n-1.jpg\",\"articleSection\":[\"Actualitate\",\"\u00cen Moldova\"],\"inLanguage\":\"ro-RO\"},{\"@type\":\"WebPage\",\"@id\":\"https:\\\/\\\/bas-tv.md\\\/ro\\\/gest-de-solidaritate-la-cimislia-echipajul-directiei-patrulare-sud-a-intervenit-pentru-a-ajuta-o-familie-aflata-in-dificultate-in-trafic\\\/\",\"url\":\"https:\\\/\\\/bas-tv.md\\\/ro\\\/gest-de-solidaritate-la-cimislia-echipajul-directiei-patrulare-sud-a-intervenit-pentru-a-ajuta-o-familie-aflata-in-dificultate-in-trafic\\\/\",\"name\":\"Gest de solidaritate la Cimi\u0219lia: echipajul Direc\u021biei Patrulare Sud a intervenit pentru a ajuta o familie aflat\u0103 \u00een dificultate \u00een trafic - BasTV\",\"isPartOf\":{\"@id\":\"https:\\\/\\\/bas-tv.md\\\/ro\\\/#website\"},\"primaryImageOfPage\":{\"@id\":\"https:\\\/\\\/bas-tv.md\\\/ro\\\/gest-de-solidaritate-la-cimislia-echipajul-directiei-patrulare-sud-a-intervenit-pentru-a-ajuta-o-familie-aflata-in-dificultate-in-trafic\\\/#primaryimage\"},\"image\":{\"@id\":\"https:\\\/\\\/bas-tv.md\\\/ro\\\/gest-de-solidaritate-la-cimislia-echipajul-directiei-patrulare-sud-a-intervenit-pentru-a-ajuta-o-familie-aflata-in-dificultate-in-trafic\\\/#primaryimage\"},\"thumbnailUrl\":\"https:\\\/\\\/bas-tv.md\\\/wp-content\\\/uploads\\\/2025\\\/12\\\/600213897_1302828265221188_3738661237889956886_n-1.jpg\",\"datePublished\":\"2025-12-16T08:00:10+00:00\",\"description\":\"O imagine surprinz\u00e2nd un agent de patrulare aplecat l\u00e2ng\u0103 un automobil, \u00eencerc\u00e2nd s\u0103 repare roata acestuia, a atras aten\u021bia internau\u021bilor \u0219i a generat numeroase reac\u021bii pe re\u021belele de socializare. Potrivit Poli\u021biei Republicii Moldova, poli\u021bi\u0219tii Direc\u021biei Patrulare Sud au intervenit \u00een raionul Cimi\u0219lia, \u00een apropierea localit\u0103\u021bii Sagaidacul Nou, pentru a oferi sprijin unei familii aflate \u00een dificultate \u00een trafic.\u00a0\",\"inLanguage\":\"ro-RO\",\"potentialAction\":[{\"@type\":\"ReadAction\",\"target\":[\"https:\\\/\\\/bas-tv.md\\\/ro\\\/gest-de-solidaritate-la-cimislia-echipajul-directiei-patrulare-sud-a-intervenit-pentru-a-ajuta-o-familie-aflata-in-dificultate-in-trafic\\\/\"]}]},{\"@type\":\"ImageObject\",\"inLanguage\":\"ro-RO\",\"@id\":\"https:\\\/\\\/bas-tv.md\\\/ro\\\/gest-de-solidaritate-la-cimislia-echipajul-directiei-patrulare-sud-a-intervenit-pentru-a-ajuta-o-familie-aflata-in-dificultate-in-trafic\\\/#primaryimage\",\"url\":\"https:\\\/\\\/bas-tv.md\\\/wp-content\\\/uploads\\\/2025\\\/12\\\/600213897_1302828265221188_3738661237889956886_n-1.jpg\",\"contentUrl\":\"https:\\\/\\\/bas-tv.md\\\/wp-content\\\/uploads\\\/2025\\\/12\\\/600213897_1302828265221188_3738661237889956886_n-1.jpg\",\"width\":1197,\"height\":1280,\"caption\":\"Sursa foto: Poli\u021bia Republicii Moldova\"},{\"@type\":\"WebSite\",\"@id\":\"https:\\\/\\\/bas-tv.md\\\/ro\\\/#website\",\"url\":\"https:\\\/\\\/bas-tv.md\\\/ro\\\/\",\"name\":\"BasTV\",\"description\":\"Moldova\",\"publisher\":{\"@id\":\"https:\\\/\\\/bas-tv.md\\\/ro\\\/#organization\"},\"potentialAction\":[{\"@type\":\"SearchAction\",\"target\":{\"@type\":\"EntryPoint\",\"urlTemplate\":\"https:\\\/\\\/bas-tv.md\\\/ro\\\/?s={search_term_string}\"},\"query-input\":{\"@type\":\"PropertyValueSpecification\",\"valueRequired\":true,\"valueName\":\"search_term_string\"}}],\"inLanguage\":\"ro-RO\"},{\"@type\":\"Organization\",\"@id\":\"https:\\\/\\\/bas-tv.md\\\/ro\\\/#organization\",\"name\":\"BasTV\",\"url\":\"https:\\\/\\\/bas-tv.md\\\/ro\\\/\",\"logo\":{\"@type\":\"ImageObject\",\"inLanguage\":\"ro-RO\",\"@id\":\"https:\\\/\\\/bas-tv.md\\\/ro\\\/#\\\/schema\\\/logo\\\/image\\\/\",\"url\":\"https:\\\/\\\/bas-tv.md\\\/wp-content\\\/uploads\\\/2023\\\/05\\\/bas-tv-culoarea-rosie.png\",\"contentUrl\":\"https:\\\/\\\/bas-tv.md\\\/wp-content\\\/uploads\\\/2023\\\/05\\\/bas-tv-culoarea-rosie.png\",\"width\":202,\"height\":50,\"caption\":\"BasTV\"},\"image\":{\"@id\":\"https:\\\/\\\/bas-tv.md\\\/ro\\\/#\\\/schema\\\/logo\\\/image\\\/\"}},{\"@type\":\"Person\",\"@id\":\"https:\\\/\\\/bas-tv.md\\\/ro\\\/#\\\/schema\\\/person\\\/8740f45ea2eca1f1695284fc03529af0\",\"name\":\"Redactor\",\"image\":{\"@type\":\"ImageObject\",\"inLanguage\":\"ro-RO\",\"@id\":\"https:\\\/\\\/bas-tv.md\\\/wp-content\\\/litespeed\\\/avatar\\\/91c0586f3f6f4396a4ec1287c965eeeb.jpg?ver=1776950945\",\"url\":\"https:\\\/\\\/bas-tv.md\\\/wp-content\\\/litespeed\\\/avatar\\\/91c0586f3f6f4396a4ec1287c965eeeb.jpg?ver=1776950945\",\"contentUrl\":\"https:\\\/\\\/bas-tv.md\\\/wp-content\\\/litespeed\\\/avatar\\\/91c0586f3f6f4396a4ec1287c965eeeb.jpg?ver=1776950945\",\"caption\":\"Redactor\"},\"url\":\"https:\\\/\\\/bas-tv.md\\\/ro\\\/author\\\/redactor\\\/\"}]}<\/script>\n<!-- \/ Yoast SEO plugin. -->","yoast_head_json":{"title":"Gest de solidaritate la Cimi\u0219lia: echipajul Direc\u021biei Patrulare Sud a intervenit pentru a ajuta o familie aflat\u0103 \u00een dificultate \u00een trafic - BasTV","description":"O imagine surprinz\u00e2nd un agent de patrulare aplecat l\u00e2ng\u0103 un automobil, \u00eencerc\u00e2nd s\u0103 repare roata acestuia, a atras aten\u021bia internau\u021bilor \u0219i a generat numeroase reac\u021bii pe re\u021belele de socializare. Potrivit Poli\u021biei Republicii Moldova, poli\u021bi\u0219tii Direc\u021biei Patrulare Sud au intervenit \u00een raionul Cimi\u0219lia, \u00een apropierea localit\u0103\u021bii Sagaidacul Nou, pentru a oferi sprijin unei familii aflate \u00een dificultate \u00een trafic.\u00a0","robots":{"index":"index","follow":"follow","max-snippet":"max-snippet:-1","max-image-preview":"max-image-preview:large","max-video-preview":"max-video-preview:-1"},"canonical":"https:\/\/bas-tv.md\/ro\/gest-de-solidaritate-la-cimislia-echipajul-directiei-patrulare-sud-a-intervenit-pentru-a-ajuta-o-familie-aflata-in-dificultate-in-trafic\/","og_locale":"ro_RO","og_type":"article","og_title":"Gest de solidaritate la Cimi\u0219lia: echipajul Direc\u021biei Patrulare Sud a intervenit pentru a ajuta o familie aflat\u0103 \u00een dificultate \u00een trafic - BasTV","og_description":"O imagine surprinz\u00e2nd un agent de patrulare aplecat l\u00e2ng\u0103 un automobil, \u00eencerc\u00e2nd s\u0103 repare roata acestuia, a atras aten\u021bia internau\u021bilor \u0219i a generat numeroase reac\u021bii pe re\u021belele de socializare. Potrivit Poli\u021biei Republicii Moldova, poli\u021bi\u0219tii Direc\u021biei Patrulare Sud au intervenit \u00een raionul Cimi\u0219lia, \u00een apropierea localit\u0103\u021bii Sagaidacul Nou, pentru a oferi sprijin unei familii aflate \u00een dificultate \u00een trafic.\u00a0","og_url":"https:\/\/bas-tv.md\/ro\/gest-de-solidaritate-la-cimislia-echipajul-directiei-patrulare-sud-a-intervenit-pentru-a-ajuta-o-familie-aflata-in-dificultate-in-trafic\/","og_site_name":"BasTV","article_published_time":"2025-12-16T08:00:10+00:00","og_image":[{"width":1197,"height":1280,"url":"https:\/\/bas-tv.md\/wp-content\/uploads\/2025\/12\/600213897_1302828265221188_3738661237889956886_n-1.jpg","type":"image\/jpeg"}],"author":"Redactor","twitter_card":"summary_large_image","twitter_misc":{"Scris de":"Redactor","Timp estimat pentru citire":"2 minute"},"schema":{"@context":"https:\/\/schema.org","@graph":[{"@type":"Article","@id":"https:\/\/bas-tv.md\/ro\/gest-de-solidaritate-la-cimislia-echipajul-directiei-patrulare-sud-a-intervenit-pentru-a-ajuta-o-familie-aflata-in-dificultate-in-trafic\/#article","isPartOf":{"@id":"https:\/\/bas-tv.md\/ro\/gest-de-solidaritate-la-cimislia-echipajul-directiei-patrulare-sud-a-intervenit-pentru-a-ajuta-o-familie-aflata-in-dificultate-in-trafic\/"},"author":{"name":"Redactor","@id":"https:\/\/bas-tv.md\/ro\/#\/schema\/person\/8740f45ea2eca1f1695284fc03529af0"},"headline":"Gest de solidaritate la Cimi\u0219lia: echipajul Direc\u021biei Patrulare Sud a intervenit pentru a ajuta o familie aflat\u0103 \u00een dificultate \u00een trafic","datePublished":"2025-12-16T08:00:10+00:00","mainEntityOfPage":{"@id":"https:\/\/bas-tv.md\/ro\/gest-de-solidaritate-la-cimislia-echipajul-directiei-patrulare-sud-a-intervenit-pentru-a-ajuta-o-familie-aflata-in-dificultate-in-trafic\/"},"wordCount":400,"publisher":{"@id":"https:\/\/bas-tv.md\/ro\/#organization"},"image":{"@id":"https:\/\/bas-tv.md\/ro\/gest-de-solidaritate-la-cimislia-echipajul-directiei-patrulare-sud-a-intervenit-pentru-a-ajuta-o-familie-aflata-in-dificultate-in-trafic\/#primaryimage"},"thumbnailUrl":"https:\/\/bas-tv.md\/wp-content\/uploads\/2025\/12\/600213897_1302828265221188_3738661237889956886_n-1.jpg","articleSection":["Actualitate","\u00cen Moldova"],"inLanguage":"ro-RO"},{"@type":"WebPage","@id":"https:\/\/bas-tv.md\/ro\/gest-de-solidaritate-la-cimislia-echipajul-directiei-patrulare-sud-a-intervenit-pentru-a-ajuta-o-familie-aflata-in-dificultate-in-trafic\/","url":"https:\/\/bas-tv.md\/ro\/gest-de-solidaritate-la-cimislia-echipajul-directiei-patrulare-sud-a-intervenit-pentru-a-ajuta-o-familie-aflata-in-dificultate-in-trafic\/","name":"Gest de solidaritate la Cimi\u0219lia: echipajul Direc\u021biei Patrulare Sud a intervenit pentru a ajuta o familie aflat\u0103 \u00een dificultate \u00een trafic - BasTV","isPartOf":{"@id":"https:\/\/bas-tv.md\/ro\/#website"},"primaryImageOfPage":{"@id":"https:\/\/bas-tv.md\/ro\/gest-de-solidaritate-la-cimislia-echipajul-directiei-patrulare-sud-a-intervenit-pentru-a-ajuta-o-familie-aflata-in-dificultate-in-trafic\/#primaryimage"},"image":{"@id":"https:\/\/bas-tv.md\/ro\/gest-de-solidaritate-la-cimislia-echipajul-directiei-patrulare-sud-a-intervenit-pentru-a-ajuta-o-familie-aflata-in-dificultate-in-trafic\/#primaryimage"},"thumbnailUrl":"https:\/\/bas-tv.md\/wp-content\/uploads\/2025\/12\/600213897_1302828265221188_3738661237889956886_n-1.jpg","datePublished":"2025-12-16T08:00:10+00:00","description":"O imagine surprinz\u00e2nd un agent de patrulare aplecat l\u00e2ng\u0103 un automobil, \u00eencerc\u00e2nd s\u0103 repare roata acestuia, a atras aten\u021bia internau\u021bilor \u0219i a generat numeroase reac\u021bii pe re\u021belele de socializare. Potrivit Poli\u021biei Republicii Moldova, poli\u021bi\u0219tii Direc\u021biei Patrulare Sud au intervenit \u00een raionul Cimi\u0219lia, \u00een apropierea localit\u0103\u021bii Sagaidacul Nou, pentru a oferi sprijin unei familii aflate \u00een dificultate \u00een trafic.\u00a0","inLanguage":"ro-RO","potentialAction":[{"@type":"ReadAction","target":["https:\/\/bas-tv.md\/ro\/gest-de-solidaritate-la-cimislia-echipajul-directiei-patrulare-sud-a-intervenit-pentru-a-ajuta-o-familie-aflata-in-dificultate-in-trafic\/"]}]},{"@type":"ImageObject","inLanguage":"ro-RO","@id":"https:\/\/bas-tv.md\/ro\/gest-de-solidaritate-la-cimislia-echipajul-directiei-patrulare-sud-a-intervenit-pentru-a-ajuta-o-familie-aflata-in-dificultate-in-trafic\/#primaryimage","url":"https:\/\/bas-tv.md\/wp-content\/uploads\/2025\/12\/600213897_1302828265221188_3738661237889956886_n-1.jpg","contentUrl":"https:\/\/bas-tv.md\/wp-content\/uploads\/2025\/12\/600213897_1302828265221188_3738661237889956886_n-1.jpg","width":1197,"height":1280,"caption":"Sursa foto: Poli\u021bia Republicii Moldova"},{"@type":"WebSite","@id":"https:\/\/bas-tv.md\/ro\/#website","url":"https:\/\/bas-tv.md\/ro\/","name":"BasTV","description":"Moldova","publisher":{"@id":"https:\/\/bas-tv.md\/ro\/#organization"},"potentialAction":[{"@type":"SearchAction","target":{"@type":"EntryPoint","urlTemplate":"https:\/\/bas-tv.md\/ro\/?s={search_term_string}"},"query-input":{"@type":"PropertyValueSpecification","valueRequired":true,"valueName":"search_term_string"}}],"inLanguage":"ro-RO"},{"@type":"Organization","@id":"https:\/\/bas-tv.md\/ro\/#organization","name":"BasTV","url":"https:\/\/bas-tv.md\/ro\/","logo":{"@type":"ImageObject","inLanguage":"ro-RO","@id":"https:\/\/bas-tv.md\/ro\/#\/schema\/logo\/image\/","url":"https:\/\/bas-tv.md\/wp-content\/uploads\/2023\/05\/bas-tv-culoarea-rosie.png","contentUrl":"https:\/\/bas-tv.md\/wp-content\/uploads\/2023\/05\/bas-tv-culoarea-rosie.png","width":202,"height":50,"caption":"BasTV"},"image":{"@id":"https:\/\/bas-tv.md\/ro\/#\/schema\/logo\/image\/"}},{"@type":"Person","@id":"https:\/\/bas-tv.md\/ro\/#\/schema\/person\/8740f45ea2eca1f1695284fc03529af0","name":"Redactor","image":{"@type":"ImageObject","inLanguage":"ro-RO","@id":"https:\/\/bas-tv.md\/wp-content\/litespeed\/avatar\/91c0586f3f6f4396a4ec1287c965eeeb.jpg?ver=1776950945","url":"https:\/\/bas-tv.md\/wp-content\/litespeed\/avatar\/91c0586f3f6f4396a4ec1287c965eeeb.jpg?ver=1776950945","contentUrl":"https:\/\/bas-tv.md\/wp-content\/litespeed\/avatar\/91c0586f3f6f4396a4ec1287c965eeeb.jpg?ver=1776950945","caption":"Redactor"},"url":"https:\/\/bas-tv.md\/ro\/author\/redactor\/"}]}},"views":543,"_links":{"self":[{"href":"https:\/\/bas-tv.md\/ro\/wp-json\/wp\/v2\/posts\/169423","targetHints":{"allow":["GET"]}}],"collection":[{"href":"https:\/\/bas-tv.md\/ro\/wp-json\/wp\/v2\/posts"}],"about":[{"href":"https:\/\/bas-tv.md\/ro\/wp-json\/wp\/v2\/types\/post"}],"author":[{"embeddable":true,"href":"https:\/\/bas-tv.md\/ro\/wp-json\/wp\/v2\/users\/3"}],"replies":[{"embeddable":true,"href":"https:\/\/bas-tv.md\/ro\/wp-json\/wp\/v2\/comments?post=169423"}],"version-history":[{"count":1,"href":"https:\/\/bas-tv.md\/ro\/wp-json\/wp\/v2\/posts\/169423\/revisions"}],"predecessor-version":[{"id":169452,"href":"https:\/\/bas-tv.md\/ro\/wp-json\/wp\/v2\/posts\/169423\/revisions\/169452"}],"wp:featuredmedia":[{"embeddable":true,"href":"https:\/\/bas-tv.md\/ro\/wp-json\/wp\/v2\/media\/169424"}],"wp:attachment":[{"href":"https:\/\/bas-tv.md\/ro\/wp-json\/wp\/v2\/media?parent=169423"}],"wp:term":[{"taxonomy":"category","embeddable":true,"href":"https:\/\/bas-tv.md\/ro\/wp-json\/wp\/v2\/categories?post=169423"},{"taxonomy":"post_tag","embeddable":true,"href":"https:\/\/bas-tv.md\/ro\/wp-json\/wp\/v2\/tags?post=169423"}],"curies":[{"name":"wp","href":"https:\/\/api.w.org\/{rel}","templated":true}]}}