{"id":169475,"date":"2025-12-17T17:30:46","date_gmt":"2025-12-17T15:30:46","guid":{"rendered":"https:\/\/bas-tv.md\/?p=169475"},"modified":"2025-12-17T14:18:09","modified_gmt":"2025-12-17T12:18:09","slug":"blocurile-modernizate-ale-spitalului-raional-cimislia-au-fost-inaugurate-investitie-de-27-milioane-lei-pentru-conditii-mai-bune-in-sistemul-medical","status":"publish","type":"post","link":"https:\/\/bas-tv.md\/ro\/blocurile-modernizate-ale-spitalului-raional-cimislia-au-fost-inaugurate-investitie-de-27-milioane-lei-pentru-conditii-mai-bune-in-sistemul-medical\/","title":{"rendered":"Blocurile modernizate ale SR Cimi\u0219lia au fost inaugurate: investi\u021bie de 2,7 milioane lei pentru condi\u021bii mai bune \u00een sistemul medical"},"content":{"rendered":"<p data-start=\"359\" data-end=\"757\"><strong data-start=\"359\" data-end=\"757\">Blocurile Unit\u0103\u021bii de Primiri Urgente \u0219i cele curativ\u2011chirurgicale ale Spitalului Raional Cimi\u0219lia au fost oficial inaugurate, dup\u0103 finalizarea unui amplu proiect de modernizare a cl\u0103dirilor, finan\u021bat integral de Compania Na\u021bional\u0103 de Asigur\u0103ri \u00een Medicin\u0103 (CNAM). Investi\u021bia, \u00een valoare de 2,7 milioane de lei, vizeaz\u0103 <\/strong><strong>cre\u0219terea eficien\u021bei energetice a cl\u0103dirii \u0219i \u00eembun\u0103t\u0103\u021birea condi\u021biilor pentru pacien\u021bi \u0219i pentru personalul medical.<\/strong><\/p>\n<p data-start=\"759\" data-end=\"1223\">Evenimentul oficial de inaugurare a avut loc luni, 15 decembrie, \u00een prezen\u021ba directorului general al CNAM, Ion Dodon, a pre\u0219edintelui raionului Cimi\u0219lia, Andrian Talmaci, precum \u0219i a directorului Spitalului Raional Cimi\u0219lia, Vitali Gorodni\u021bchi.\u00a0Proiectul, finan\u021bat din fondul de dezvoltare \u0219i modernizare a prestatorilor publici de servicii medicale al CNAM, a inclus izolarea termic\u0103 a pere\u021bilor exteriori, demontarea unor elemente ale acoperi\u0219ului vechi, \u00eendep\u0103rtarea vechii tencuieli, montarea t\u00e2mpl\u0103riei noi, instalarea copertinelor, refacerea finisajelor exterioare \u0219i realizarea altor interven\u021bii conexe lucr\u0103rilor de modernizare a elementelor exterioare ale cl\u0103dirilor.<\/p>\n<p data-start=\"1289\" data-end=\"1744\">Implementarea proiectului de modernizare are un impact direct asupra calit\u0103\u021bii serviciilor medicale prestate \u0219i a eficien\u021bei energetice a cl\u0103dirilor IMSP SR Cimi\u0219lia:<\/p>\n<blockquote>\n<p data-start=\"1289\" data-end=\"1744\">\u201eImplementarea acestui proiect va contribui la reducerea semnificativ\u0103 a costurilor de \u00eenc\u0103lzire \u0219i r\u0103cire ale cl\u0103dirilor, sporind totodat\u0103 confortul \u0219i siguran\u021ba at\u00e2t pentru pacien\u021bi, c\u00e2t \u0219i pentru personalul medical\u201d, au transmis reprezentan\u021bii Consiliului Raional Cimi\u0219lia.<\/p>\n<\/blockquote>\n<p data-start=\"1289\" data-end=\"1744\">La r\u00e2ndul s\u0103u, directorul general al Companiei Na\u021bionale de Asigur\u0103ri \u00een Medicin\u0103 a eviden\u021biat faptul c\u0103 investi\u021biile \u00een infrastructura medical\u0103 aduc at\u00e2t beneficii imediate, c\u00e2t \u0219i avantaje semnificative pe termen lung:<\/p>\n<blockquote>\n<p data-start=\"1289\" data-end=\"1744\">\u201eModernizarea spitalelor aduce confort \u0219i siguran\u021b\u0103 pacien\u021bilor \u0219i creeaz\u0103 condi\u021bii mai bune pentru medici \u0219i asistente. De asemenea, resursele economisite prin reducerea costurilor energetice vor putea fi redirec\u021bionate c\u0103tre \u00eembun\u0103t\u0103\u021birea serviciilor de s\u0103n\u0103tate pentru popula\u021bie\u201d,\u00a0a declarat Ion Dodon.<\/p>\n<\/blockquote>\n<p data-start=\"2264\" data-end=\"2394\">\u00cen cadrul vizitei, conducerea CNAM a purtat discu\u021bii cu echipa Spitalului Raional Cimi\u0219lia despre priorit\u0103\u021bile fixate pentru anul 2026, printre care se num\u0103r\u0103:<\/p>\n<ul data-start=\"2396\" data-end=\"2681\">\n<li data-start=\"2396\" data-end=\"2473\">\n<p data-start=\"2398\" data-end=\"2473\">extinderea accesului popula\u021biei la servicii medicale de \u00eenalt\u0103 performan\u021b\u0103;<\/p>\n<\/li>\n<li data-start=\"2474\" data-end=\"2559\">\n<p data-start=\"2476\" data-end=\"2559\">\u00eembun\u0103t\u0103\u021birea sistemului de compensare a medicamentelor \u0219i dispozitivelor medicale;<\/p>\n<\/li>\n<li data-start=\"2560\" data-end=\"2607\">\n<p data-start=\"2562\" data-end=\"2607\">consolidarea colabor\u0103rii interinstitu\u021bionale;<\/p>\n<\/li>\n<li data-start=\"2608\" data-end=\"2681\">\n<p data-start=\"2610\" data-end=\"2681\">eficientizarea cheltuielilor prin investi\u021bii \u00een infrastructur\u0103 medical\u0103 modern\u0103, \u00een vederea asigur\u0103rii unor servicii eficiente \u0219i sigure pentru cet\u0103\u021benii din raionul Cimi\u0219lia \u0219i nu doar.<\/p>\n<\/li>\n<\/ul>\n<p data-start=\"2683\" data-end=\"2849\">Reprezentan\u021bii spitalului au men\u021bionat c\u0103 lucr\u0103rile realizate contribuie la prestarea serviciilor \u00een condi\u021bii moderne, sigure \u0219i conforme standardelor actuale.<\/p>\n<p data-start=\"2908\" data-end=\"3293\">Pentru anul 2025, CNAM a alocat\u00a097 de milioane de lei \u00een fondul de dezvoltare \u0219i modernizare a prestatorilor de servicii medicale publice, bani ce permit implementarea a aproximativ 100 de proiecte \u00een \u00eentreaga \u021bar\u0103. Scopul acestora este \u00eembun\u0103t\u0103\u021birea\u00a0accesului la servicii de s\u0103n\u0103tate, optimizarea cheltuielilor \u0219i crearea unor condi\u021bii mai bune pentru pacien\u021bi \u0219i cadrele medicale.<\/p>\n<div id='gallery-1' class='gallery galleryid-169475 gallery-columns-1 gallery-size-large'><figure class='gallery-item'>\n\t\t\t<div class='gallery-icon landscape'>\n\t\t\t\t<a href='https:\/\/bas-tv.md\/ro\/blocurile-modernizate-ale-spitalului-raional-cimislia-au-fost-inaugurate-investitie-de-27-milioane-lei-pentru-conditii-mai-bune-in-sistemul-medical\/601004598_122152283882826251_7074332683508037397_n\/'><img fetchpriority=\"high\" decoding=\"async\" width=\"580\" height=\"386\" src=\"https:\/\/bas-tv.md\/wp-content\/uploads\/2025\/12\/601004598_122152283882826251_7074332683508037397_n-1024x682.jpg\" class=\"attachment-large size-large\" alt=\"\" aria-describedby=\"gallery-1-169482\" srcset=\"https:\/\/bas-tv.md\/wp-content\/uploads\/2025\/12\/601004598_122152283882826251_7074332683508037397_n-1024x682.jpg 1024w, https:\/\/bas-tv.md\/wp-content\/uploads\/2025\/12\/601004598_122152283882826251_7074332683508037397_n-300x200.jpg 300w, https:\/\/bas-tv.md\/wp-content\/uploads\/2025\/12\/601004598_122152283882826251_7074332683508037397_n-768x512.jpg 768w, https:\/\/bas-tv.md\/wp-content\/uploads\/2025\/12\/601004598_122152283882826251_7074332683508037397_n-1200x800.jpg 1200w, https:\/\/bas-tv.md\/wp-content\/uploads\/2025\/12\/601004598_122152283882826251_7074332683508037397_n.jpg 1439w\" sizes=\"(max-width: 580px) 100vw, 580px\" \/><\/a>\n\t\t\t<\/div>\n\t\t\t\t<figcaption class='wp-caption-text gallery-caption' id='gallery-1-169482'>\n\t\t\t\tSursa foto: Consiliul Raional Cimi\u0219lia \n\t\t\t\t<\/figcaption><\/figure><figure class='gallery-item'>\n\t\t\t<div class='gallery-icon landscape'>\n\t\t\t\t<a href='https:\/\/bas-tv.md\/ro\/blocurile-modernizate-ale-spitalului-raional-cimislia-au-fost-inaugurate-investitie-de-27-milioane-lei-pentru-conditii-mai-bune-in-sistemul-medical\/598055723_122152283828826251_3062571992385747309_n\/'><img decoding=\"async\" width=\"580\" height=\"386\" src=\"https:\/\/bas-tv.md\/wp-content\/uploads\/2025\/12\/598055723_122152283828826251_3062571992385747309_n-1024x682.jpg\" class=\"attachment-large size-large\" alt=\"\" aria-describedby=\"gallery-1-169480\" srcset=\"https:\/\/bas-tv.md\/wp-content\/uploads\/2025\/12\/598055723_122152283828826251_3062571992385747309_n-1024x682.jpg 1024w, https:\/\/bas-tv.md\/wp-content\/uploads\/2025\/12\/598055723_122152283828826251_3062571992385747309_n-300x200.jpg 300w, https:\/\/bas-tv.md\/wp-content\/uploads\/2025\/12\/598055723_122152283828826251_3062571992385747309_n-768x512.jpg 768w, https:\/\/bas-tv.md\/wp-content\/uploads\/2025\/12\/598055723_122152283828826251_3062571992385747309_n-1536x1023.jpg 1536w, https:\/\/bas-tv.md\/wp-content\/uploads\/2025\/12\/598055723_122152283828826251_3062571992385747309_n-1200x800.jpg 1200w, https:\/\/bas-tv.md\/wp-content\/uploads\/2025\/12\/598055723_122152283828826251_3062571992385747309_n.jpg 1600w\" sizes=\"(max-width: 580px) 100vw, 580px\" \/><\/a>\n\t\t\t<\/div>\n\t\t\t\t<figcaption class='wp-caption-text gallery-caption' id='gallery-1-169480'>\n\t\t\t\tSursa foto: Consiliul Raional Cimi\u0219lia \n\t\t\t\t<\/figcaption><\/figure><figure class='gallery-item'>\n\t\t\t<div class='gallery-icon landscape'>\n\t\t\t\t<a href='https:\/\/bas-tv.md\/ro\/blocurile-modernizate-ale-spitalului-raional-cimislia-au-fost-inaugurate-investitie-de-27-milioane-lei-pentru-conditii-mai-bune-in-sistemul-medical\/598341734_122152283852826251_4922270060372740395_n\/'><img decoding=\"async\" width=\"580\" height=\"386\" src=\"https:\/\/bas-tv.md\/wp-content\/uploads\/2025\/12\/598341734_122152283852826251_4922270060372740395_n-1024x682.jpg\" class=\"attachment-large size-large\" alt=\"\" aria-describedby=\"gallery-1-169484\" srcset=\"https:\/\/bas-tv.md\/wp-content\/uploads\/2025\/12\/598341734_122152283852826251_4922270060372740395_n-1024x682.jpg 1024w, https:\/\/bas-tv.md\/wp-content\/uploads\/2025\/12\/598341734_122152283852826251_4922270060372740395_n-300x200.jpg 300w, https:\/\/bas-tv.md\/wp-content\/uploads\/2025\/12\/598341734_122152283852826251_4922270060372740395_n-768x512.jpg 768w, https:\/\/bas-tv.md\/wp-content\/uploads\/2025\/12\/598341734_122152283852826251_4922270060372740395_n-1536x1023.jpg 1536w, https:\/\/bas-tv.md\/wp-content\/uploads\/2025\/12\/598341734_122152283852826251_4922270060372740395_n-1200x800.jpg 1200w, https:\/\/bas-tv.md\/wp-content\/uploads\/2025\/12\/598341734_122152283852826251_4922270060372740395_n.jpg 1600w\" sizes=\"(max-width: 580px) 100vw, 580px\" \/><\/a>\n\t\t\t<\/div>\n\t\t\t\t<figcaption class='wp-caption-text gallery-caption' id='gallery-1-169484'>\n\t\t\t\tSursa foto: Consiliul Raional Cimi\u0219lia \n\t\t\t\t<\/figcaption><\/figure><figure class='gallery-item'>\n\t\t\t<div class='gallery-icon landscape'>\n\t\t\t\t<a href='https:\/\/bas-tv.md\/ro\/blocurile-modernizate-ale-spitalului-raional-cimislia-au-fost-inaugurate-investitie-de-27-milioane-lei-pentru-conditii-mai-bune-in-sistemul-medical\/598800308_122152283816826251_3252151847820901719_n\/'><img loading=\"lazy\" decoding=\"async\" width=\"580\" height=\"386\" src=\"https:\/\/bas-tv.md\/wp-content\/uploads\/2025\/12\/598800308_122152283816826251_3252151847820901719_n-1024x682.jpg\" class=\"attachment-large size-large\" alt=\"\" aria-describedby=\"gallery-1-169486\" srcset=\"https:\/\/bas-tv.md\/wp-content\/uploads\/2025\/12\/598800308_122152283816826251_3252151847820901719_n-1024x682.jpg 1024w, https:\/\/bas-tv.md\/wp-content\/uploads\/2025\/12\/598800308_122152283816826251_3252151847820901719_n-300x200.jpg 300w, https:\/\/bas-tv.md\/wp-content\/uploads\/2025\/12\/598800308_122152283816826251_3252151847820901719_n-768x512.jpg 768w, https:\/\/bas-tv.md\/wp-content\/uploads\/2025\/12\/598800308_122152283816826251_3252151847820901719_n-1200x800.jpg 1200w, https:\/\/bas-tv.md\/wp-content\/uploads\/2025\/12\/598800308_122152283816826251_3252151847820901719_n.jpg 1439w\" sizes=\"(max-width: 580px) 100vw, 580px\" \/><\/a>\n\t\t\t<\/div>\n\t\t\t\t<figcaption class='wp-caption-text gallery-caption' id='gallery-1-169486'>\n\t\t\t\tSursa foto: Consiliul Raional Cimi\u0219lia \n\t\t\t\t<\/figcaption><\/figure><figure class='gallery-item'>\n\t\t\t<div class='gallery-icon landscape'>\n\t\t\t\t<a href='https:\/\/bas-tv.md\/ro\/blocurile-modernizate-ale-spitalului-raional-cimislia-au-fost-inaugurate-investitie-de-27-milioane-lei-pentru-conditii-mai-bune-in-sistemul-medical\/598436215_122152283786826251_7791591166731557750_n\/'><img loading=\"lazy\" decoding=\"async\" width=\"580\" height=\"386\" src=\"https:\/\/bas-tv.md\/wp-content\/uploads\/2025\/12\/598436215_122152283786826251_7791591166731557750_n-1024x682.jpg\" class=\"attachment-large size-large\" alt=\"\" aria-describedby=\"gallery-1-169488\" srcset=\"https:\/\/bas-tv.md\/wp-content\/uploads\/2025\/12\/598436215_122152283786826251_7791591166731557750_n-1024x682.jpg 1024w, https:\/\/bas-tv.md\/wp-content\/uploads\/2025\/12\/598436215_122152283786826251_7791591166731557750_n-300x200.jpg 300w, https:\/\/bas-tv.md\/wp-content\/uploads\/2025\/12\/598436215_122152283786826251_7791591166731557750_n-768x512.jpg 768w, https:\/\/bas-tv.md\/wp-content\/uploads\/2025\/12\/598436215_122152283786826251_7791591166731557750_n-1536x1023.jpg 1536w, https:\/\/bas-tv.md\/wp-content\/uploads\/2025\/12\/598436215_122152283786826251_7791591166731557750_n-1200x800.jpg 1200w, https:\/\/bas-tv.md\/wp-content\/uploads\/2025\/12\/598436215_122152283786826251_7791591166731557750_n.jpg 1600w\" sizes=\"(max-width: 580px) 100vw, 580px\" \/><\/a>\n\t\t\t<\/div>\n\t\t\t\t<figcaption class='wp-caption-text gallery-caption' id='gallery-1-169488'>\n\t\t\t\tSursa foto: Consiliul Raional Cimi\u0219lia \n\t\t\t\t<\/figcaption><\/figure><figure class='gallery-item'>\n\t\t\t<div class='gallery-icon landscape'>\n\t\t\t\t<a href='https:\/\/bas-tv.md\/ro\/blocurile-modernizate-ale-spitalului-raional-cimislia-au-fost-inaugurate-investitie-de-27-milioane-lei-pentru-conditii-mai-bune-in-sistemul-medical\/600277378_122152283840826251_5348404258169760113_n\/'><img loading=\"lazy\" decoding=\"async\" width=\"580\" height=\"386\" src=\"https:\/\/bas-tv.md\/wp-content\/uploads\/2025\/12\/600277378_122152283840826251_5348404258169760113_n-1024x682.jpg\" class=\"attachment-large size-large\" alt=\"\" aria-describedby=\"gallery-1-169478\" srcset=\"https:\/\/bas-tv.md\/wp-content\/uploads\/2025\/12\/600277378_122152283840826251_5348404258169760113_n-1024x682.jpg 1024w, https:\/\/bas-tv.md\/wp-content\/uploads\/2025\/12\/600277378_122152283840826251_5348404258169760113_n-300x200.jpg 300w, https:\/\/bas-tv.md\/wp-content\/uploads\/2025\/12\/600277378_122152283840826251_5348404258169760113_n-768x512.jpg 768w, https:\/\/bas-tv.md\/wp-content\/uploads\/2025\/12\/600277378_122152283840826251_5348404258169760113_n-1536x1023.jpg 1536w, https:\/\/bas-tv.md\/wp-content\/uploads\/2025\/12\/600277378_122152283840826251_5348404258169760113_n-1200x800.jpg 1200w, https:\/\/bas-tv.md\/wp-content\/uploads\/2025\/12\/600277378_122152283840826251_5348404258169760113_n.jpg 1600w\" sizes=\"(max-width: 580px) 100vw, 580px\" \/><\/a>\n\t\t\t<\/div>\n\t\t\t\t<figcaption class='wp-caption-text gallery-caption' id='gallery-1-169478'>\n\t\t\t\tSursa foto: Consiliul Raional Cimi\u0219lia \n\t\t\t\t<\/figcaption><\/figure><figure class='gallery-item'>\n\t\t\t<div class='gallery-icon landscape'>\n\t\t\t\t<a href='https:\/\/bas-tv.md\/ro\/blocurile-modernizate-ale-spitalului-raional-cimislia-au-fost-inaugurate-investitie-de-27-milioane-lei-pentru-conditii-mai-bune-in-sistemul-medical\/600165473_122152283798826251_678571143033703365_n\/'><img loading=\"lazy\" decoding=\"async\" width=\"580\" height=\"386\" src=\"https:\/\/bas-tv.md\/wp-content\/uploads\/2025\/12\/600165473_122152283798826251_678571143033703365_n-1024x682.jpg\" class=\"attachment-large size-large\" alt=\"\" aria-describedby=\"gallery-1-169476\" srcset=\"https:\/\/bas-tv.md\/wp-content\/uploads\/2025\/12\/600165473_122152283798826251_678571143033703365_n-1024x682.jpg 1024w, https:\/\/bas-tv.md\/wp-content\/uploads\/2025\/12\/600165473_122152283798826251_678571143033703365_n-300x200.jpg 300w, https:\/\/bas-tv.md\/wp-content\/uploads\/2025\/12\/600165473_122152283798826251_678571143033703365_n-768x512.jpg 768w, https:\/\/bas-tv.md\/wp-content\/uploads\/2025\/12\/600165473_122152283798826251_678571143033703365_n-1200x800.jpg 1200w, https:\/\/bas-tv.md\/wp-content\/uploads\/2025\/12\/600165473_122152283798826251_678571143033703365_n.jpg 1439w\" sizes=\"(max-width: 580px) 100vw, 580px\" \/><\/a>\n\t\t\t<\/div>\n\t\t\t\t<figcaption class='wp-caption-text gallery-caption' id='gallery-1-169476'>\n\t\t\t\tSursa foto: Consiliul Raional Cimi\u0219lia \n\t\t\t\t<\/figcaption><\/figure>\n\t\t<\/div>\n\n<p><strong>Sus\u021bine\u021bi redac\u021bia BAStv, abona\u021bi-v\u0103 la noi pe platforma\u00a0<a href=\"https:\/\/www.patreon.com\/BAStv?fan_landing=true&amp;fbclid=IwAR3MeSDKfH4ixBydCXX9D1lhrCszhps3ID5uxuGA-Ktd4MTkZCRdlcEZkQI\">Patreon\u00a0<\/a>sau prin efectuarea contribu\u021biilor prin\u00a0<a href=\"https:\/\/www.paypal.com\/paypalme\/supportbastv\">PayPal<\/a>! Aceasta ne va ajuta s\u0103 cre\u0103m con\u021binut interesant \u0219i util pentru dvs., r\u0103m\u00e2n\u00e2nd \u00een continuare o platform\u0103 media independent\u0103.<\/strong><\/p>\n<div class=\"elementor-element elementor-element-5fc6b9d elementor-widget elementor-widget-theme-post-content\" data-id=\"5fc6b9d\" data-element_type=\"widget\" data-widget_type=\"theme-post-content.default\">\n<div class=\"elementor-widget-container\">\n<p><b>Abona\u021bi-v\u0103 la noi pe re\u021bele sociale:\u00a0<\/b><a href=\"https:\/\/t.me\/bastvmd\"><b><i>Telegram<\/i><\/b><\/a><b>,\u00a0<\/b><a href=\"https:\/\/www.youtube.com\/channel\/UC-9005PnLnhpNM8PVSjP2dQ\/featured\"><b><i>YouTube<\/i><\/b><\/a><b>,\u00a0<\/b><a href=\"https:\/\/www.facebook.com\/bastv.md\"><b><i>Facebook<\/i><\/b><\/a>\u00a0\u0219i\u00a0<a href=\"https:\/\/www.instagram.com\/bastv.md\/\"><b><i>Instagram<\/i><\/b><\/a><b>.\u00a0 Aici public\u0103m \u0219tiri pe scurt!<\/b><\/p>\n<\/div>\n<\/div>\n","protected":false},"excerpt":{"rendered":"<p>Blocurile Unit\u0103\u021bii de Primiri Urgente \u0219i cele curativ\u2011chirurgicale ale Spitalului Raional Cimi\u0219lia au fost oficial inaugurate, dup\u0103 finalizarea unui amplu proiect de modernizare a cl\u0103dirilor, finan\u021bat integral de Compania Na\u021bional\u0103 de Asigur\u0103ri \u00een Medicin\u0103 (CNAM). Investi\u021bia, \u00een valoare de 2,7 milioane de lei, vizeaz\u0103 cre\u0219terea eficien\u021bei energetice a cl\u0103dirii \u0219i \u00eembun\u0103t\u0103\u021birea condi\u021biilor pentru pacien\u021bi \u0219i [&hellip;]<\/p>\n","protected":false},"author":3,"featured_media":169478,"comment_status":"closed","ping_status":"closed","sticky":false,"template":"","format":"standard","meta":{"footnotes":""},"categories":[602,570],"tags":[733,4345,4346,16285],"class_list":["post-169475","post","type-post","status-publish","format-standard","has-post-thumbnail","hentry","category-actualitate","category-in-moldova","tag-cimislia","tag-cnam","tag-compania-nationala-de-asigurari-in-medicina","tag-sptalul-raional-cimislia"],"yoast_head":"<!-- This site is optimized with the Yoast SEO plugin v27.5 - https:\/\/yoast.com\/product\/yoast-seo-wordpress\/ -->\n<title>Blocurile modernizate ale SR Cimi\u0219lia au fost inaugurate: investi\u021bie de 2,7 milioane lei pentru condi\u021bii mai bune \u00een sistemul medical - BasTV<\/title>\n<meta name=\"robots\" content=\"index, follow, max-snippet:-1, max-image-preview:large, max-video-preview:-1\" \/>\n<link rel=\"canonical\" href=\"https:\/\/bas-tv.md\/ro\/blocurile-modernizate-ale-spitalului-raional-cimislia-au-fost-inaugurate-investitie-de-27-milioane-lei-pentru-conditii-mai-bune-in-sistemul-medical\/\" \/>\n<meta property=\"og:locale\" content=\"ro_RO\" \/>\n<meta property=\"og:type\" content=\"article\" \/>\n<meta property=\"og:title\" content=\"Blocurile modernizate ale SR Cimi\u0219lia au fost inaugurate: investi\u021bie de 2,7 milioane lei pentru condi\u021bii mai bune \u00een sistemul medical - BasTV\" \/>\n<meta property=\"og:description\" content=\"Blocurile Unit\u0103\u021bii de Primiri Urgente \u0219i cele curativ\u2011chirurgicale ale Spitalului Raional Cimi\u0219lia au fost oficial inaugurate, dup\u0103 finalizarea unui amplu proiect de modernizare a cl\u0103dirilor, finan\u021bat integral de Compania Na\u021bional\u0103 de Asigur\u0103ri \u00een Medicin\u0103 (CNAM). Investi\u021bia, \u00een valoare de 2,7 milioane de lei, vizeaz\u0103 cre\u0219terea eficien\u021bei energetice a cl\u0103dirii \u0219i \u00eembun\u0103t\u0103\u021birea condi\u021biilor pentru pacien\u021bi \u0219i [&hellip;]\" \/>\n<meta property=\"og:url\" content=\"https:\/\/bas-tv.md\/ro\/blocurile-modernizate-ale-spitalului-raional-cimislia-au-fost-inaugurate-investitie-de-27-milioane-lei-pentru-conditii-mai-bune-in-sistemul-medical\/\" \/>\n<meta property=\"og:site_name\" content=\"BasTV\" \/>\n<meta property=\"article:published_time\" content=\"2025-12-17T15:30:46+00:00\" \/>\n<meta property=\"og:image\" content=\"https:\/\/bas-tv.md\/wp-content\/uploads\/2025\/12\/600277378_122152283840826251_5348404258169760113_n.jpg\" \/>\n\t<meta property=\"og:image:width\" content=\"1600\" \/>\n\t<meta property=\"og:image:height\" content=\"1066\" \/>\n\t<meta property=\"og:image:type\" content=\"image\/jpeg\" \/>\n<meta name=\"author\" content=\"Redactor\" \/>\n<meta name=\"twitter:card\" content=\"summary_large_image\" \/>\n<meta name=\"twitter:label1\" content=\"Scris de\" \/>\n\t<meta name=\"twitter:data1\" content=\"Redactor\" \/>\n\t<meta name=\"twitter:label2\" content=\"Timp estimat pentru citire\" \/>\n\t<meta name=\"twitter:data2\" content=\"3 minute\" \/>\n<script type=\"application\/ld+json\" class=\"yoast-schema-graph\">{\"@context\":\"https:\\\/\\\/schema.org\",\"@graph\":[{\"@type\":\"Article\",\"@id\":\"https:\\\/\\\/bas-tv.md\\\/ro\\\/blocurile-modernizate-ale-spitalului-raional-cimislia-au-fost-inaugurate-investitie-de-27-milioane-lei-pentru-conditii-mai-bune-in-sistemul-medical\\\/#article\",\"isPartOf\":{\"@id\":\"https:\\\/\\\/bas-tv.md\\\/ro\\\/blocurile-modernizate-ale-spitalului-raional-cimislia-au-fost-inaugurate-investitie-de-27-milioane-lei-pentru-conditii-mai-bune-in-sistemul-medical\\\/\"},\"author\":{\"name\":\"Redactor\",\"@id\":\"https:\\\/\\\/bas-tv.md\\\/ro\\\/#\\\/schema\\\/person\\\/8740f45ea2eca1f1695284fc03529af0\"},\"headline\":\"Blocurile modernizate ale SR Cimi\u0219lia au fost inaugurate: investi\u021bie de 2,7 milioane lei pentru condi\u021bii mai bune \u00een sistemul medical\",\"datePublished\":\"2025-12-17T15:30:46+00:00\",\"mainEntityOfPage\":{\"@id\":\"https:\\\/\\\/bas-tv.md\\\/ro\\\/blocurile-modernizate-ale-spitalului-raional-cimislia-au-fost-inaugurate-investitie-de-27-milioane-lei-pentru-conditii-mai-bune-in-sistemul-medical\\\/\"},\"wordCount\":583,\"publisher\":{\"@id\":\"https:\\\/\\\/bas-tv.md\\\/ro\\\/#organization\"},\"image\":{\"@id\":\"https:\\\/\\\/bas-tv.md\\\/ro\\\/blocurile-modernizate-ale-spitalului-raional-cimislia-au-fost-inaugurate-investitie-de-27-milioane-lei-pentru-conditii-mai-bune-in-sistemul-medical\\\/#primaryimage\"},\"thumbnailUrl\":\"https:\\\/\\\/bas-tv.md\\\/wp-content\\\/uploads\\\/2025\\\/12\\\/600277378_122152283840826251_5348404258169760113_n.jpg\",\"keywords\":[\"Cimi\u0219lia\",\"CNAM\",\"Compania Na\u021bional\u0103 de Asigur\u0103ri \u00een Medicin\u0103\",\"Sptalul Raional Cimi\u0219lia\"],\"articleSection\":[\"Actualitate\",\"\u00cen Moldova\"],\"inLanguage\":\"ro-RO\"},{\"@type\":\"WebPage\",\"@id\":\"https:\\\/\\\/bas-tv.md\\\/ro\\\/blocurile-modernizate-ale-spitalului-raional-cimislia-au-fost-inaugurate-investitie-de-27-milioane-lei-pentru-conditii-mai-bune-in-sistemul-medical\\\/\",\"url\":\"https:\\\/\\\/bas-tv.md\\\/ro\\\/blocurile-modernizate-ale-spitalului-raional-cimislia-au-fost-inaugurate-investitie-de-27-milioane-lei-pentru-conditii-mai-bune-in-sistemul-medical\\\/\",\"name\":\"Blocurile modernizate ale SR Cimi\u0219lia au fost inaugurate: investi\u021bie de 2,7 milioane lei pentru condi\u021bii mai bune \u00een sistemul medical - BasTV\",\"isPartOf\":{\"@id\":\"https:\\\/\\\/bas-tv.md\\\/ro\\\/#website\"},\"primaryImageOfPage\":{\"@id\":\"https:\\\/\\\/bas-tv.md\\\/ro\\\/blocurile-modernizate-ale-spitalului-raional-cimislia-au-fost-inaugurate-investitie-de-27-milioane-lei-pentru-conditii-mai-bune-in-sistemul-medical\\\/#primaryimage\"},\"image\":{\"@id\":\"https:\\\/\\\/bas-tv.md\\\/ro\\\/blocurile-modernizate-ale-spitalului-raional-cimislia-au-fost-inaugurate-investitie-de-27-milioane-lei-pentru-conditii-mai-bune-in-sistemul-medical\\\/#primaryimage\"},\"thumbnailUrl\":\"https:\\\/\\\/bas-tv.md\\\/wp-content\\\/uploads\\\/2025\\\/12\\\/600277378_122152283840826251_5348404258169760113_n.jpg\",\"datePublished\":\"2025-12-17T15:30:46+00:00\",\"inLanguage\":\"ro-RO\",\"potentialAction\":[{\"@type\":\"ReadAction\",\"target\":[\"https:\\\/\\\/bas-tv.md\\\/ro\\\/blocurile-modernizate-ale-spitalului-raional-cimislia-au-fost-inaugurate-investitie-de-27-milioane-lei-pentru-conditii-mai-bune-in-sistemul-medical\\\/\"]}]},{\"@type\":\"ImageObject\",\"inLanguage\":\"ro-RO\",\"@id\":\"https:\\\/\\\/bas-tv.md\\\/ro\\\/blocurile-modernizate-ale-spitalului-raional-cimislia-au-fost-inaugurate-investitie-de-27-milioane-lei-pentru-conditii-mai-bune-in-sistemul-medical\\\/#primaryimage\",\"url\":\"https:\\\/\\\/bas-tv.md\\\/wp-content\\\/uploads\\\/2025\\\/12\\\/600277378_122152283840826251_5348404258169760113_n.jpg\",\"contentUrl\":\"https:\\\/\\\/bas-tv.md\\\/wp-content\\\/uploads\\\/2025\\\/12\\\/600277378_122152283840826251_5348404258169760113_n.jpg\",\"width\":1600,\"height\":1066,\"caption\":\"Sursa foto: Consiliul Raional Cimi\u0219lia\"},{\"@type\":\"WebSite\",\"@id\":\"https:\\\/\\\/bas-tv.md\\\/ro\\\/#website\",\"url\":\"https:\\\/\\\/bas-tv.md\\\/ro\\\/\",\"name\":\"BasTV\",\"description\":\"Moldova\",\"publisher\":{\"@id\":\"https:\\\/\\\/bas-tv.md\\\/ro\\\/#organization\"},\"potentialAction\":[{\"@type\":\"SearchAction\",\"target\":{\"@type\":\"EntryPoint\",\"urlTemplate\":\"https:\\\/\\\/bas-tv.md\\\/ro\\\/?s={search_term_string}\"},\"query-input\":{\"@type\":\"PropertyValueSpecification\",\"valueRequired\":true,\"valueName\":\"search_term_string\"}}],\"inLanguage\":\"ro-RO\"},{\"@type\":\"Organization\",\"@id\":\"https:\\\/\\\/bas-tv.md\\\/ro\\\/#organization\",\"name\":\"BasTV\",\"url\":\"https:\\\/\\\/bas-tv.md\\\/ro\\\/\",\"logo\":{\"@type\":\"ImageObject\",\"inLanguage\":\"ro-RO\",\"@id\":\"https:\\\/\\\/bas-tv.md\\\/ro\\\/#\\\/schema\\\/logo\\\/image\\\/\",\"url\":\"https:\\\/\\\/bas-tv.md\\\/wp-content\\\/uploads\\\/2023\\\/05\\\/bas-tv-culoarea-rosie.png\",\"contentUrl\":\"https:\\\/\\\/bas-tv.md\\\/wp-content\\\/uploads\\\/2023\\\/05\\\/bas-tv-culoarea-rosie.png\",\"width\":202,\"height\":50,\"caption\":\"BasTV\"},\"image\":{\"@id\":\"https:\\\/\\\/bas-tv.md\\\/ro\\\/#\\\/schema\\\/logo\\\/image\\\/\"}},{\"@type\":\"Person\",\"@id\":\"https:\\\/\\\/bas-tv.md\\\/ro\\\/#\\\/schema\\\/person\\\/8740f45ea2eca1f1695284fc03529af0\",\"name\":\"Redactor\",\"image\":{\"@type\":\"ImageObject\",\"inLanguage\":\"ro-RO\",\"@id\":\"https:\\\/\\\/bas-tv.md\\\/wp-content\\\/litespeed\\\/avatar\\\/91c0586f3f6f4396a4ec1287c965eeeb.jpg?ver=1776950945\",\"url\":\"https:\\\/\\\/bas-tv.md\\\/wp-content\\\/litespeed\\\/avatar\\\/91c0586f3f6f4396a4ec1287c965eeeb.jpg?ver=1776950945\",\"contentUrl\":\"https:\\\/\\\/bas-tv.md\\\/wp-content\\\/litespeed\\\/avatar\\\/91c0586f3f6f4396a4ec1287c965eeeb.jpg?ver=1776950945\",\"caption\":\"Redactor\"},\"url\":\"https:\\\/\\\/bas-tv.md\\\/ro\\\/author\\\/redactor\\\/\"}]}<\/script>\n<!-- \/ Yoast SEO plugin. -->","yoast_head_json":{"title":"Blocurile modernizate ale SR Cimi\u0219lia au fost inaugurate: investi\u021bie de 2,7 milioane lei pentru condi\u021bii mai bune \u00een sistemul medical - BasTV","robots":{"index":"index","follow":"follow","max-snippet":"max-snippet:-1","max-image-preview":"max-image-preview:large","max-video-preview":"max-video-preview:-1"},"canonical":"https:\/\/bas-tv.md\/ro\/blocurile-modernizate-ale-spitalului-raional-cimislia-au-fost-inaugurate-investitie-de-27-milioane-lei-pentru-conditii-mai-bune-in-sistemul-medical\/","og_locale":"ro_RO","og_type":"article","og_title":"Blocurile modernizate ale SR Cimi\u0219lia au fost inaugurate: investi\u021bie de 2,7 milioane lei pentru condi\u021bii mai bune \u00een sistemul medical - BasTV","og_description":"Blocurile Unit\u0103\u021bii de Primiri Urgente \u0219i cele curativ\u2011chirurgicale ale Spitalului Raional Cimi\u0219lia au fost oficial inaugurate, dup\u0103 finalizarea unui amplu proiect de modernizare a cl\u0103dirilor, finan\u021bat integral de Compania Na\u021bional\u0103 de Asigur\u0103ri \u00een Medicin\u0103 (CNAM). Investi\u021bia, \u00een valoare de 2,7 milioane de lei, vizeaz\u0103 cre\u0219terea eficien\u021bei energetice a cl\u0103dirii \u0219i \u00eembun\u0103t\u0103\u021birea condi\u021biilor pentru pacien\u021bi \u0219i [&hellip;]","og_url":"https:\/\/bas-tv.md\/ro\/blocurile-modernizate-ale-spitalului-raional-cimislia-au-fost-inaugurate-investitie-de-27-milioane-lei-pentru-conditii-mai-bune-in-sistemul-medical\/","og_site_name":"BasTV","article_published_time":"2025-12-17T15:30:46+00:00","og_image":[{"width":1600,"height":1066,"url":"https:\/\/bas-tv.md\/wp-content\/uploads\/2025\/12\/600277378_122152283840826251_5348404258169760113_n.jpg","type":"image\/jpeg"}],"author":"Redactor","twitter_card":"summary_large_image","twitter_misc":{"Scris de":"Redactor","Timp estimat pentru citire":"3 minute"},"schema":{"@context":"https:\/\/schema.org","@graph":[{"@type":"Article","@id":"https:\/\/bas-tv.md\/ro\/blocurile-modernizate-ale-spitalului-raional-cimislia-au-fost-inaugurate-investitie-de-27-milioane-lei-pentru-conditii-mai-bune-in-sistemul-medical\/#article","isPartOf":{"@id":"https:\/\/bas-tv.md\/ro\/blocurile-modernizate-ale-spitalului-raional-cimislia-au-fost-inaugurate-investitie-de-27-milioane-lei-pentru-conditii-mai-bune-in-sistemul-medical\/"},"author":{"name":"Redactor","@id":"https:\/\/bas-tv.md\/ro\/#\/schema\/person\/8740f45ea2eca1f1695284fc03529af0"},"headline":"Blocurile modernizate ale SR Cimi\u0219lia au fost inaugurate: investi\u021bie de 2,7 milioane lei pentru condi\u021bii mai bune \u00een sistemul medical","datePublished":"2025-12-17T15:30:46+00:00","mainEntityOfPage":{"@id":"https:\/\/bas-tv.md\/ro\/blocurile-modernizate-ale-spitalului-raional-cimislia-au-fost-inaugurate-investitie-de-27-milioane-lei-pentru-conditii-mai-bune-in-sistemul-medical\/"},"wordCount":583,"publisher":{"@id":"https:\/\/bas-tv.md\/ro\/#organization"},"image":{"@id":"https:\/\/bas-tv.md\/ro\/blocurile-modernizate-ale-spitalului-raional-cimislia-au-fost-inaugurate-investitie-de-27-milioane-lei-pentru-conditii-mai-bune-in-sistemul-medical\/#primaryimage"},"thumbnailUrl":"https:\/\/bas-tv.md\/wp-content\/uploads\/2025\/12\/600277378_122152283840826251_5348404258169760113_n.jpg","keywords":["Cimi\u0219lia","CNAM","Compania Na\u021bional\u0103 de Asigur\u0103ri \u00een Medicin\u0103","Sptalul Raional Cimi\u0219lia"],"articleSection":["Actualitate","\u00cen Moldova"],"inLanguage":"ro-RO"},{"@type":"WebPage","@id":"https:\/\/bas-tv.md\/ro\/blocurile-modernizate-ale-spitalului-raional-cimislia-au-fost-inaugurate-investitie-de-27-milioane-lei-pentru-conditii-mai-bune-in-sistemul-medical\/","url":"https:\/\/bas-tv.md\/ro\/blocurile-modernizate-ale-spitalului-raional-cimislia-au-fost-inaugurate-investitie-de-27-milioane-lei-pentru-conditii-mai-bune-in-sistemul-medical\/","name":"Blocurile modernizate ale SR Cimi\u0219lia au fost inaugurate: investi\u021bie de 2,7 milioane lei pentru condi\u021bii mai bune \u00een sistemul medical - BasTV","isPartOf":{"@id":"https:\/\/bas-tv.md\/ro\/#website"},"primaryImageOfPage":{"@id":"https:\/\/bas-tv.md\/ro\/blocurile-modernizate-ale-spitalului-raional-cimislia-au-fost-inaugurate-investitie-de-27-milioane-lei-pentru-conditii-mai-bune-in-sistemul-medical\/#primaryimage"},"image":{"@id":"https:\/\/bas-tv.md\/ro\/blocurile-modernizate-ale-spitalului-raional-cimislia-au-fost-inaugurate-investitie-de-27-milioane-lei-pentru-conditii-mai-bune-in-sistemul-medical\/#primaryimage"},"thumbnailUrl":"https:\/\/bas-tv.md\/wp-content\/uploads\/2025\/12\/600277378_122152283840826251_5348404258169760113_n.jpg","datePublished":"2025-12-17T15:30:46+00:00","inLanguage":"ro-RO","potentialAction":[{"@type":"ReadAction","target":["https:\/\/bas-tv.md\/ro\/blocurile-modernizate-ale-spitalului-raional-cimislia-au-fost-inaugurate-investitie-de-27-milioane-lei-pentru-conditii-mai-bune-in-sistemul-medical\/"]}]},{"@type":"ImageObject","inLanguage":"ro-RO","@id":"https:\/\/bas-tv.md\/ro\/blocurile-modernizate-ale-spitalului-raional-cimislia-au-fost-inaugurate-investitie-de-27-milioane-lei-pentru-conditii-mai-bune-in-sistemul-medical\/#primaryimage","url":"https:\/\/bas-tv.md\/wp-content\/uploads\/2025\/12\/600277378_122152283840826251_5348404258169760113_n.jpg","contentUrl":"https:\/\/bas-tv.md\/wp-content\/uploads\/2025\/12\/600277378_122152283840826251_5348404258169760113_n.jpg","width":1600,"height":1066,"caption":"Sursa foto: Consiliul Raional Cimi\u0219lia"},{"@type":"WebSite","@id":"https:\/\/bas-tv.md\/ro\/#website","url":"https:\/\/bas-tv.md\/ro\/","name":"BasTV","description":"Moldova","publisher":{"@id":"https:\/\/bas-tv.md\/ro\/#organization"},"potentialAction":[{"@type":"SearchAction","target":{"@type":"EntryPoint","urlTemplate":"https:\/\/bas-tv.md\/ro\/?s={search_term_string}"},"query-input":{"@type":"PropertyValueSpecification","valueRequired":true,"valueName":"search_term_string"}}],"inLanguage":"ro-RO"},{"@type":"Organization","@id":"https:\/\/bas-tv.md\/ro\/#organization","name":"BasTV","url":"https:\/\/bas-tv.md\/ro\/","logo":{"@type":"ImageObject","inLanguage":"ro-RO","@id":"https:\/\/bas-tv.md\/ro\/#\/schema\/logo\/image\/","url":"https:\/\/bas-tv.md\/wp-content\/uploads\/2023\/05\/bas-tv-culoarea-rosie.png","contentUrl":"https:\/\/bas-tv.md\/wp-content\/uploads\/2023\/05\/bas-tv-culoarea-rosie.png","width":202,"height":50,"caption":"BasTV"},"image":{"@id":"https:\/\/bas-tv.md\/ro\/#\/schema\/logo\/image\/"}},{"@type":"Person","@id":"https:\/\/bas-tv.md\/ro\/#\/schema\/person\/8740f45ea2eca1f1695284fc03529af0","name":"Redactor","image":{"@type":"ImageObject","inLanguage":"ro-RO","@id":"https:\/\/bas-tv.md\/wp-content\/litespeed\/avatar\/91c0586f3f6f4396a4ec1287c965eeeb.jpg?ver=1776950945","url":"https:\/\/bas-tv.md\/wp-content\/litespeed\/avatar\/91c0586f3f6f4396a4ec1287c965eeeb.jpg?ver=1776950945","contentUrl":"https:\/\/bas-tv.md\/wp-content\/litespeed\/avatar\/91c0586f3f6f4396a4ec1287c965eeeb.jpg?ver=1776950945","caption":"Redactor"},"url":"https:\/\/bas-tv.md\/ro\/author\/redactor\/"}]}},"views":274,"_links":{"self":[{"href":"https:\/\/bas-tv.md\/ro\/wp-json\/wp\/v2\/posts\/169475","targetHints":{"allow":["GET"]}}],"collection":[{"href":"https:\/\/bas-tv.md\/ro\/wp-json\/wp\/v2\/posts"}],"about":[{"href":"https:\/\/bas-tv.md\/ro\/wp-json\/wp\/v2\/types\/post"}],"author":[{"embeddable":true,"href":"https:\/\/bas-tv.md\/ro\/wp-json\/wp\/v2\/users\/3"}],"replies":[{"embeddable":true,"href":"https:\/\/bas-tv.md\/ro\/wp-json\/wp\/v2\/comments?post=169475"}],"version-history":[{"count":1,"href":"https:\/\/bas-tv.md\/ro\/wp-json\/wp\/v2\/posts\/169475\/revisions"}],"predecessor-version":[{"id":169673,"href":"https:\/\/bas-tv.md\/ro\/wp-json\/wp\/v2\/posts\/169475\/revisions\/169673"}],"wp:featuredmedia":[{"embeddable":true,"href":"https:\/\/bas-tv.md\/ro\/wp-json\/wp\/v2\/media\/169478"}],"wp:attachment":[{"href":"https:\/\/bas-tv.md\/ro\/wp-json\/wp\/v2\/media?parent=169475"}],"wp:term":[{"taxonomy":"category","embeddable":true,"href":"https:\/\/bas-tv.md\/ro\/wp-json\/wp\/v2\/categories?post=169475"},{"taxonomy":"post_tag","embeddable":true,"href":"https:\/\/bas-tv.md\/ro\/wp-json\/wp\/v2\/tags?post=169475"}],"curies":[{"name":"wp","href":"https:\/\/api.w.org\/{rel}","templated":true}]}}