{"id":169490,"date":"2025-12-16T16:00:36","date_gmt":"2025-12-16T14:00:36","guid":{"rendered":"https:\/\/bas-tv.md\/?p=169490"},"modified":"2025-12-16T14:57:26","modified_gmt":"2025-12-16T12:57:26","slug":"foto-jocurile-olimpice-raionale-ale-juniorilor-2025-au-reunit-zeci-de-tineri-sportivi-din-cimislia","status":"publish","type":"post","link":"https:\/\/bas-tv.md\/ro\/foto-jocurile-olimpice-raionale-ale-juniorilor-2025-au-reunit-zeci-de-tineri-sportivi-din-cimislia\/","title":{"rendered":"(FOTO) Jocurile Olimpice Raionale ale Juniorilor 2025 au reunit zeci de tineri sportivi din Cimi\u0219lia"},"content":{"rendered":"<p data-start=\"440\" data-end=\"783\"><strong data-start=\"440\" data-end=\"783\">Sala de sport a Liceului Teoretic \u201eMihai Eminescu\u201d din Cimi\u0219lia a reunit, \u00een acest weekend, zeci de sportivi din localit\u0103\u021bile raionului. <\/strong><strong data-start=\"440\" data-end=\"783\">Tinerii s-au \u00eentrecut la probele de volei feminin \u0219i minifotbal din cadrul Jocurilor Olimpice Raionale ale Juniorilor, edi\u021bia 2025, demonstr\u00e2nd talent, disciplin\u0103 \u0219i performan\u021b\u0103 sportiv\u0103.<\/strong><\/p>\n<p data-start=\"785\" data-end=\"1120\">Evenimentul, organizat de Sec\u021bia Cultur\u0103, Tineret \u0219i Sport Cimi\u0219lia, a reunit participan\u021bi din mai multe localit\u0103\u021bi \u0219i institu\u021bii de \u00eenv\u0103\u021b\u0103m\u00e2nt din raionul Cimi\u0219lia, transform\u00e2nd competi\u021biile \u00eentr-o adev\u0103rat\u0103 s\u0103rb\u0103toare a sportului. Atmosfera a fost animat\u0103 de \u00eencuraj\u0103ri, emo\u021bii \u0219i dorin\u021ba fiec\u0103rei echipe de a-\u0219i reprezenta localitatea \u0219i institu\u021bia cu m\u00e2ndrie.<\/p>\n<p data-start=\"1158\" data-end=\"1248\">La probele de volei, echipa c\u00e2\u0219tig\u0103toare a fost cea a Liceului Teoretic \u201eIon Creang\u0103\u201d din ora\u0219ul Cimi\u0219lia, urmat\u0103 fiind de echipa Liceului \u201eMihai Eminescu\u201d. Locul III a fost ob\u021binut de echipa de voleibaliste de la Gimnaziul \u201e\u0218tefan cel Mare\u201d din satul Mihailovca.<\/p>\n<p data-start=\"1627\" data-end=\"1756\">La minifotbal, clasamentele au fost \u00eemp\u0103r\u021bite pe dou\u0103 categorii de v\u00e2rst\u0103. La\u00a0Categoria U-2010\u20132012, primul loc a fost ob\u021binut de echipa de fotbali\u0219ti din ora\u0219ul Cimi\u0219lia. Pe locul II s-a clasat echipa din comuna Lipoveni, iar locul III a revenit echipei LT \u201eMihai Eminescu\u201d din Cimi\u0219lia. La\u00a0Categoria U\u20112014\u20132016, \u00eenving\u0103toare a fost echipa FC Cimi\u0219lia, urmat\u0103 de echipa din satul Mihailovca \u0219i LIS Lipoveni.<\/p>\n<p data-start=\"2274\" data-end=\"2589\">Echipele c\u00e2\u0219tig\u0103toare au fost recompensate cu\u00a0premii b\u0103ne\u0219ti, diplome, medalii, trofee personalizate \u0219i cupe, \u00een semn de apreciere pentru performan\u021bele ob\u021binute. Pentru mul\u021bi dintre participan\u021bi, aceste rezultate reprezint\u0103 un pas important \u00een evolu\u021bia lor sportiv\u0103 \u0219i o \u00eencurajare pentru viitoarele competi\u021bii.<\/p>\n<p data-start=\"2591\" data-end=\"2876\">Pe pagina oficial\u0103 a Sec\u021biei Cultur\u0103, Tineret \u0219i Sport Cimi\u0219lia, organizatorii eventului au transmis un mesaj public de recuno\u0219tin\u021b\u0103 tuturor celor implica\u021bi:<\/p>\n<blockquote>\n<p data-start=\"2591\" data-end=\"2876\">\u201eV\u0103 mul\u021bumim pentru dedicare, fair-play \u0219i pasiune! Mul\u021bumim specialistului principal al Sec\u021bia Cultur\u0103, Tineret \u0219i Sport Cimi\u0219lia, domnul St\u00eena Victor pentru bun\u0103 organizare \u0219i desf\u0103\u0219urare a evenimentului!\u201d, se arat\u0103 \u00een comunicat.<\/p>\n<\/blockquote>\n<p data-start=\"2972\" data-end=\"3296\">Tinerii sportivi vor fi premia\u021bi \u0219i \u00een cadrul Galei Laurea\u021bilor Tineret \u0219i Sport 2025, eveniment programat pentru data de 19 decembrie 2025. La festivitatea de premiere, vor fi nominaliza\u021bi tineri care au \u00eenregistrat performan\u021be remarcabile \u00een cadrul a cinci domenii-cheie: Leadership &amp; Ini\u021biativ\u0103, Voluntariat &amp; Implicare Social\u0103, Grup de Ini\u021biativ\u0103, ONG pentru Tineri \u0219i echipe de voluntari din centre de tineret.<\/p>\n<div id='gallery-1' class='gallery galleryid-169490 gallery-columns-2 gallery-size-large'><figure class='gallery-item'>\n\t\t\t<div class='gallery-icon landscape'>\n\t\t\t\t<a href='https:\/\/bas-tv.md\/ro\/foto-jocurile-olimpice-raionale-ale-juniorilor-2025-au-reunit-zeci-de-tineri-sportivi-din-cimislia\/600345533_122194949516570816_5001441412822230152_n\/'><img fetchpriority=\"high\" decoding=\"async\" width=\"580\" height=\"268\" src=\"https:\/\/bas-tv.md\/wp-content\/uploads\/2025\/12\/600345533_122194949516570816_5001441412822230152_n-1024x473.jpg\" class=\"attachment-large size-large\" alt=\"\" srcset=\"https:\/\/bas-tv.md\/wp-content\/uploads\/2025\/12\/600345533_122194949516570816_5001441412822230152_n-1024x473.jpg 1024w, https:\/\/bas-tv.md\/wp-content\/uploads\/2025\/12\/600345533_122194949516570816_5001441412822230152_n-300x138.jpg 300w, https:\/\/bas-tv.md\/wp-content\/uploads\/2025\/12\/600345533_122194949516570816_5001441412822230152_n-768x354.jpg 768w, https:\/\/bas-tv.md\/wp-content\/uploads\/2025\/12\/600345533_122194949516570816_5001441412822230152_n-1536x709.jpg 1536w, https:\/\/bas-tv.md\/wp-content\/uploads\/2025\/12\/600345533_122194949516570816_5001441412822230152_n-1200x554.jpg 1200w, https:\/\/bas-tv.md\/wp-content\/uploads\/2025\/12\/600345533_122194949516570816_5001441412822230152_n-1980x914.jpg 1980w, https:\/\/bas-tv.md\/wp-content\/uploads\/2025\/12\/600345533_122194949516570816_5001441412822230152_n.jpg 2048w\" sizes=\"(max-width: 580px) 100vw, 580px\" \/><\/a>\n\t\t\t<\/div><\/figure><figure class='gallery-item'>\n\t\t\t<div class='gallery-icon landscape'>\n\t\t\t\t<a href='https:\/\/bas-tv.md\/ro\/foto-jocurile-olimpice-raionale-ale-juniorilor-2025-au-reunit-zeci-de-tineri-sportivi-din-cimislia\/600274598_122194949438570816_7066660592447088909_n\/'><img decoding=\"async\" width=\"580\" height=\"267\" src=\"https:\/\/bas-tv.md\/wp-content\/uploads\/2025\/12\/600274598_122194949438570816_7066660592447088909_n-1024x472.jpg\" class=\"attachment-large size-large\" alt=\"\" srcset=\"https:\/\/bas-tv.md\/wp-content\/uploads\/2025\/12\/600274598_122194949438570816_7066660592447088909_n-1024x472.jpg 1024w, https:\/\/bas-tv.md\/wp-content\/uploads\/2025\/12\/600274598_122194949438570816_7066660592447088909_n-300x138.jpg 300w, https:\/\/bas-tv.md\/wp-content\/uploads\/2025\/12\/600274598_122194949438570816_7066660592447088909_n-768x354.jpg 768w, https:\/\/bas-tv.md\/wp-content\/uploads\/2025\/12\/600274598_122194949438570816_7066660592447088909_n-1536x708.jpg 1536w, https:\/\/bas-tv.md\/wp-content\/uploads\/2025\/12\/600274598_122194949438570816_7066660592447088909_n-1200x553.jpg 1200w, https:\/\/bas-tv.md\/wp-content\/uploads\/2025\/12\/600274598_122194949438570816_7066660592447088909_n-1980x913.jpg 1980w, https:\/\/bas-tv.md\/wp-content\/uploads\/2025\/12\/600274598_122194949438570816_7066660592447088909_n.jpg 2048w\" sizes=\"(max-width: 580px) 100vw, 580px\" \/><\/a>\n\t\t\t<\/div><\/figure><figure class='gallery-item'>\n\t\t\t<div class='gallery-icon landscape'>\n\t\t\t\t<a href='https:\/\/bas-tv.md\/ro\/foto-jocurile-olimpice-raionale-ale-juniorilor-2025-au-reunit-zeci-de-tineri-sportivi-din-cimislia\/597933201_122194949612570816_2341870517870806359_n\/'><img decoding=\"async\" width=\"580\" height=\"435\" src=\"https:\/\/bas-tv.md\/wp-content\/uploads\/2025\/12\/597933201_122194949612570816_2341870517870806359_n-1024x768.jpg\" class=\"attachment-large size-large\" alt=\"\" srcset=\"https:\/\/bas-tv.md\/wp-content\/uploads\/2025\/12\/597933201_122194949612570816_2341870517870806359_n-1024x768.jpg 1024w, https:\/\/bas-tv.md\/wp-content\/uploads\/2025\/12\/597933201_122194949612570816_2341870517870806359_n-300x225.jpg 300w, https:\/\/bas-tv.md\/wp-content\/uploads\/2025\/12\/597933201_122194949612570816_2341870517870806359_n-768x576.jpg 768w, https:\/\/bas-tv.md\/wp-content\/uploads\/2025\/12\/597933201_122194949612570816_2341870517870806359_n-1536x1152.jpg 1536w, https:\/\/bas-tv.md\/wp-content\/uploads\/2025\/12\/597933201_122194949612570816_2341870517870806359_n-1200x900.jpg 1200w, https:\/\/bas-tv.md\/wp-content\/uploads\/2025\/12\/597933201_122194949612570816_2341870517870806359_n-1980x1485.jpg 1980w, https:\/\/bas-tv.md\/wp-content\/uploads\/2025\/12\/597933201_122194949612570816_2341870517870806359_n.jpg 2048w\" sizes=\"(max-width: 580px) 100vw, 580px\" \/><\/a>\n\t\t\t<\/div><\/figure><figure class='gallery-item'>\n\t\t\t<div class='gallery-icon landscape'>\n\t\t\t\t<a href='https:\/\/bas-tv.md\/ro\/foto-jocurile-olimpice-raionale-ale-juniorilor-2025-au-reunit-zeci-de-tineri-sportivi-din-cimislia\/599957708_122194949588570816_6176096605728035453_n\/'><img loading=\"lazy\" decoding=\"async\" width=\"580\" height=\"435\" src=\"https:\/\/bas-tv.md\/wp-content\/uploads\/2025\/12\/599957708_122194949588570816_6176096605728035453_n-1024x768.jpg\" class=\"attachment-large size-large\" alt=\"\" srcset=\"https:\/\/bas-tv.md\/wp-content\/uploads\/2025\/12\/599957708_122194949588570816_6176096605728035453_n-1024x768.jpg 1024w, https:\/\/bas-tv.md\/wp-content\/uploads\/2025\/12\/599957708_122194949588570816_6176096605728035453_n-300x225.jpg 300w, https:\/\/bas-tv.md\/wp-content\/uploads\/2025\/12\/599957708_122194949588570816_6176096605728035453_n-768x576.jpg 768w, https:\/\/bas-tv.md\/wp-content\/uploads\/2025\/12\/599957708_122194949588570816_6176096605728035453_n-1536x1152.jpg 1536w, https:\/\/bas-tv.md\/wp-content\/uploads\/2025\/12\/599957708_122194949588570816_6176096605728035453_n-1200x900.jpg 1200w, https:\/\/bas-tv.md\/wp-content\/uploads\/2025\/12\/599957708_122194949588570816_6176096605728035453_n-1980x1485.jpg 1980w, https:\/\/bas-tv.md\/wp-content\/uploads\/2025\/12\/599957708_122194949588570816_6176096605728035453_n.jpg 2048w\" sizes=\"(max-width: 580px) 100vw, 580px\" \/><\/a>\n\t\t\t<\/div><\/figure><figure class='gallery-item'>\n\t\t\t<div class='gallery-icon landscape'>\n\t\t\t\t<a href='https:\/\/bas-tv.md\/ro\/foto-jocurile-olimpice-raionale-ale-juniorilor-2025-au-reunit-zeci-de-tineri-sportivi-din-cimislia\/600278738_122194949276570816_9043819486662675815_n\/'><img loading=\"lazy\" decoding=\"async\" width=\"580\" height=\"435\" src=\"https:\/\/bas-tv.md\/wp-content\/uploads\/2025\/12\/600278738_122194949276570816_9043819486662675815_n-1024x768.jpg\" class=\"attachment-large size-large\" alt=\"\" srcset=\"https:\/\/bas-tv.md\/wp-content\/uploads\/2025\/12\/600278738_122194949276570816_9043819486662675815_n-1024x768.jpg 1024w, https:\/\/bas-tv.md\/wp-content\/uploads\/2025\/12\/600278738_122194949276570816_9043819486662675815_n-300x225.jpg 300w, https:\/\/bas-tv.md\/wp-content\/uploads\/2025\/12\/600278738_122194949276570816_9043819486662675815_n-768x576.jpg 768w, https:\/\/bas-tv.md\/wp-content\/uploads\/2025\/12\/600278738_122194949276570816_9043819486662675815_n-1536x1152.jpg 1536w, https:\/\/bas-tv.md\/wp-content\/uploads\/2025\/12\/600278738_122194949276570816_9043819486662675815_n-1200x900.jpg 1200w, https:\/\/bas-tv.md\/wp-content\/uploads\/2025\/12\/600278738_122194949276570816_9043819486662675815_n.jpg 1600w\" sizes=\"(max-width: 580px) 100vw, 580px\" \/><\/a>\n\t\t\t<\/div><\/figure><figure class='gallery-item'>\n\t\t\t<div class='gallery-icon landscape'>\n\t\t\t\t<a href='https:\/\/bas-tv.md\/ro\/foto-jocurile-olimpice-raionale-ale-juniorilor-2025-au-reunit-zeci-de-tineri-sportivi-din-cimislia\/599962086_122194949558570816_4812263201921686070_n\/'><img loading=\"lazy\" decoding=\"async\" width=\"580\" height=\"435\" src=\"https:\/\/bas-tv.md\/wp-content\/uploads\/2025\/12\/599962086_122194949558570816_4812263201921686070_n-1024x768.jpg\" class=\"attachment-large size-large\" alt=\"\" srcset=\"https:\/\/bas-tv.md\/wp-content\/uploads\/2025\/12\/599962086_122194949558570816_4812263201921686070_n-1024x768.jpg 1024w, https:\/\/bas-tv.md\/wp-content\/uploads\/2025\/12\/599962086_122194949558570816_4812263201921686070_n-300x225.jpg 300w, https:\/\/bas-tv.md\/wp-content\/uploads\/2025\/12\/599962086_122194949558570816_4812263201921686070_n-768x576.jpg 768w, https:\/\/bas-tv.md\/wp-content\/uploads\/2025\/12\/599962086_122194949558570816_4812263201921686070_n-1536x1152.jpg 1536w, https:\/\/bas-tv.md\/wp-content\/uploads\/2025\/12\/599962086_122194949558570816_4812263201921686070_n-1200x900.jpg 1200w, https:\/\/bas-tv.md\/wp-content\/uploads\/2025\/12\/599962086_122194949558570816_4812263201921686070_n-1980x1485.jpg 1980w, https:\/\/bas-tv.md\/wp-content\/uploads\/2025\/12\/599962086_122194949558570816_4812263201921686070_n.jpg 2048w\" sizes=\"(max-width: 580px) 100vw, 580px\" \/><\/a>\n\t\t\t<\/div><\/figure><figure class='gallery-item'>\n\t\t\t<div class='gallery-icon landscape'>\n\t\t\t\t<a href='https:\/\/bas-tv.md\/ro\/foto-jocurile-olimpice-raionale-ale-juniorilor-2025-au-reunit-zeci-de-tineri-sportivi-din-cimislia\/600362208_122194949318570816_6656616641188670647_n\/'><img loading=\"lazy\" decoding=\"async\" width=\"580\" height=\"450\" src=\"https:\/\/bas-tv.md\/wp-content\/uploads\/2025\/12\/600362208_122194949318570816_6656616641188670647_n-e1765877005983-1024x794.jpg\" class=\"attachment-large size-large\" alt=\"\" aria-describedby=\"gallery-1-169500\" srcset=\"https:\/\/bas-tv.md\/wp-content\/uploads\/2025\/12\/600362208_122194949318570816_6656616641188670647_n-e1765877005983-1024x794.jpg 1024w, https:\/\/bas-tv.md\/wp-content\/uploads\/2025\/12\/600362208_122194949318570816_6656616641188670647_n-e1765877005983-300x233.jpg 300w, https:\/\/bas-tv.md\/wp-content\/uploads\/2025\/12\/600362208_122194949318570816_6656616641188670647_n-e1765877005983-768x595.jpg 768w, https:\/\/bas-tv.md\/wp-content\/uploads\/2025\/12\/600362208_122194949318570816_6656616641188670647_n-e1765877005983-1200x930.jpg 1200w, https:\/\/bas-tv.md\/wp-content\/uploads\/2025\/12\/600362208_122194949318570816_6656616641188670647_n-e1765877005983.jpg 1205w\" sizes=\"(max-width: 580px) 100vw, 580px\" \/><\/a>\n\t\t\t<\/div>\n\t\t\t\t<figcaption class='wp-caption-text gallery-caption' id='gallery-1-169500'>\n\t\t\t\tSursa foto: Sec\u021bia Cultur\u0103, Tineret \u0219i Sport Cimi\u0219lia\n\t\t\t\t<\/figcaption><\/figure><figure class='gallery-item'>\n\t\t\t<div class='gallery-icon landscape'>\n\t\t\t\t<a href='https:\/\/bas-tv.md\/ro\/foto-jocurile-olimpice-raionale-ale-juniorilor-2025-au-reunit-zeci-de-tineri-sportivi-din-cimislia\/600282448_122194949192570816_8783397927070814963_n\/'><img loading=\"lazy\" decoding=\"async\" width=\"580\" height=\"437\" src=\"https:\/\/bas-tv.md\/wp-content\/uploads\/2025\/12\/600282448_122194949192570816_8783397927070814963_n-1024x771.jpg\" class=\"attachment-large size-large\" alt=\"\" srcset=\"https:\/\/bas-tv.md\/wp-content\/uploads\/2025\/12\/600282448_122194949192570816_8783397927070814963_n-1024x771.jpg 1024w, https:\/\/bas-tv.md\/wp-content\/uploads\/2025\/12\/600282448_122194949192570816_8783397927070814963_n-300x226.jpg 300w, https:\/\/bas-tv.md\/wp-content\/uploads\/2025\/12\/600282448_122194949192570816_8783397927070814963_n-768x578.jpg 768w, https:\/\/bas-tv.md\/wp-content\/uploads\/2025\/12\/600282448_122194949192570816_8783397927070814963_n-1536x1157.jpg 1536w, https:\/\/bas-tv.md\/wp-content\/uploads\/2025\/12\/600282448_122194949192570816_8783397927070814963_n-1200x904.jpg 1200w, https:\/\/bas-tv.md\/wp-content\/uploads\/2025\/12\/600282448_122194949192570816_8783397927070814963_n.jpg 1600w\" sizes=\"(max-width: 580px) 100vw, 580px\" \/><\/a>\n\t\t\t<\/div><\/figure>\n\t\t<\/div>\n\n<p>Autor: Virineia Carapirea<\/p>\n<p><strong>Sus\u021bine\u021bi redac\u021bia BAStv, abona\u021bi-v\u0103 la noi pe platforma\u00a0<a href=\"https:\/\/www.patreon.com\/BAStv?fan_landing=true&amp;fbclid=IwAR3MeSDKfH4ixBydCXX9D1lhrCszhps3ID5uxuGA-Ktd4MTkZCRdlcEZkQI\">Patreon\u00a0<\/a>sau prin efectuarea contribu\u021biilor prin\u00a0<a href=\"https:\/\/www.paypal.com\/paypalme\/supportbastv\">PayPal<\/a>! Aceasta ne va ajuta s\u0103 cre\u0103m con\u021binut interesant \u0219i util pentru dvs., r\u0103m\u00e2n\u00e2nd \u00een continuare o platform\u0103 media independent\u0103.<\/strong><\/p>\n<div class=\"elementor-element elementor-element-5fc6b9d elementor-widget elementor-widget-theme-post-content\" data-id=\"5fc6b9d\" data-element_type=\"widget\" data-widget_type=\"theme-post-content.default\">\n<div class=\"elementor-widget-container\">\n<p><b>Abona\u021bi-v\u0103 la noi pe re\u021bele sociale:\u00a0<\/b><a href=\"https:\/\/t.me\/bastvmd\"><b><i>Telegram<\/i><\/b><\/a><b>,\u00a0<\/b><a href=\"https:\/\/www.youtube.com\/channel\/UC-9005PnLnhpNM8PVSjP2dQ\/featured\"><b><i>YouTube<\/i><\/b><\/a><b>,\u00a0<\/b><a href=\"https:\/\/www.facebook.com\/bastv.md\"><b><i>Facebook<\/i><\/b><\/a>\u00a0\u0219i\u00a0<a href=\"https:\/\/www.instagram.com\/bastv.md\/\"><b><i>Instagram<\/i><\/b><\/a><b>.\u00a0 Aici public\u0103m \u0219tiri pe scurt!<\/b><\/p>\n<\/div>\n<\/div>\n","protected":false},"excerpt":{"rendered":"<p>Sala de sport a Liceului Teoretic \u201eMihai Eminescu\u201d din Cimi\u0219lia a reunit, \u00een acest weekend, zeci de sportivi din localit\u0103\u021bile raionului. Tinerii s-au \u00eentrecut la probele de volei feminin \u0219i minifotbal din cadrul Jocurilor Olimpice Raionale ale Juniorilor, edi\u021bia 2025, demonstr\u00e2nd talent, disciplin\u0103 \u0219i performan\u021b\u0103 sportiv\u0103. Evenimentul, organizat de Sec\u021bia Cultur\u0103, Tineret \u0219i Sport Cimi\u0219lia, [&hellip;]<\/p>\n","protected":false},"author":3,"featured_media":169538,"comment_status":"closed","ping_status":"closed","sticky":false,"template":"","format":"standard","meta":{"footnotes":""},"categories":[602,570],"tags":[],"class_list":["post-169490","post","type-post","status-publish","format-standard","has-post-thumbnail","hentry","category-actualitate","category-in-moldova"],"yoast_head":"<!-- This site is optimized with the Yoast SEO plugin v27.5 - https:\/\/yoast.com\/product\/yoast-seo-wordpress\/ -->\n<title>(FOTO) Jocurile Olimpice Raionale ale Juniorilor 2025 au reunit zeci de tineri sportivi din Cimi\u0219lia - BasTV<\/title>\n<meta name=\"description\" content=\"Sala de sport a Liceului Teoretic \u201eMihai Eminescu\u201d din Cimi\u0219lia a reunit, \u00een acest weekend, zeci de sportivi din localit\u0103\u021bile raionului. Tinerii s-au \u00eentrecut la probele de volei feminin \u0219i minifotbal din cadrul Jocurilor Olimpice Raionale ale Juniorilor, edi\u021bia 2025, demonstr\u00e2nd talent, disciplin\u0103 \u0219i performan\u021b\u0103 sportiv\u0103.\" \/>\n<meta name=\"robots\" content=\"index, follow, max-snippet:-1, max-image-preview:large, max-video-preview:-1\" \/>\n<link rel=\"canonical\" href=\"https:\/\/bas-tv.md\/ro\/foto-jocurile-olimpice-raionale-ale-juniorilor-2025-au-reunit-zeci-de-tineri-sportivi-din-cimislia\/\" \/>\n<meta property=\"og:locale\" content=\"ro_RO\" \/>\n<meta property=\"og:type\" content=\"article\" \/>\n<meta property=\"og:title\" content=\"(FOTO) Jocurile Olimpice Raionale ale Juniorilor 2025 au reunit zeci de tineri sportivi din Cimi\u0219lia - BasTV\" \/>\n<meta property=\"og:description\" content=\"Sala de sport a Liceului Teoretic \u201eMihai Eminescu\u201d din Cimi\u0219lia a reunit, \u00een acest weekend, zeci de sportivi din localit\u0103\u021bile raionului. Tinerii s-au \u00eentrecut la probele de volei feminin \u0219i minifotbal din cadrul Jocurilor Olimpice Raionale ale Juniorilor, edi\u021bia 2025, demonstr\u00e2nd talent, disciplin\u0103 \u0219i performan\u021b\u0103 sportiv\u0103.\" \/>\n<meta property=\"og:url\" content=\"https:\/\/bas-tv.md\/ro\/foto-jocurile-olimpice-raionale-ale-juniorilor-2025-au-reunit-zeci-de-tineri-sportivi-din-cimislia\/\" \/>\n<meta property=\"og:site_name\" content=\"BasTV\" \/>\n<meta property=\"article:published_time\" content=\"2025-12-16T14:00:36+00:00\" \/>\n<meta property=\"og:image\" content=\"https:\/\/bas-tv.md\/wp-content\/uploads\/2025\/12\/infografice-8.png\" \/>\n\t<meta property=\"og:image:width\" content=\"1280\" \/>\n\t<meta property=\"og:image:height\" content=\"720\" \/>\n\t<meta property=\"og:image:type\" content=\"image\/png\" \/>\n<meta name=\"author\" content=\"Redactor\" \/>\n<meta name=\"twitter:card\" content=\"summary_large_image\" \/>\n<meta name=\"twitter:label1\" content=\"Scris de\" \/>\n\t<meta name=\"twitter:data1\" content=\"Redactor\" \/>\n\t<meta name=\"twitter:label2\" content=\"Timp estimat pentru citire\" \/>\n\t<meta name=\"twitter:data2\" content=\"3 minute\" \/>\n<script type=\"application\/ld+json\" class=\"yoast-schema-graph\">{\"@context\":\"https:\\\/\\\/schema.org\",\"@graph\":[{\"@type\":\"Article\",\"@id\":\"https:\\\/\\\/bas-tv.md\\\/ro\\\/foto-jocurile-olimpice-raionale-ale-juniorilor-2025-au-reunit-zeci-de-tineri-sportivi-din-cimislia\\\/#article\",\"isPartOf\":{\"@id\":\"https:\\\/\\\/bas-tv.md\\\/ro\\\/foto-jocurile-olimpice-raionale-ale-juniorilor-2025-au-reunit-zeci-de-tineri-sportivi-din-cimislia\\\/\"},\"author\":{\"name\":\"Redactor\",\"@id\":\"https:\\\/\\\/bas-tv.md\\\/ro\\\/#\\\/schema\\\/person\\\/8740f45ea2eca1f1695284fc03529af0\"},\"headline\":\"(FOTO) Jocurile Olimpice Raionale ale Juniorilor 2025 au reunit zeci de tineri sportivi din Cimi\u0219lia\",\"datePublished\":\"2025-12-16T14:00:36+00:00\",\"mainEntityOfPage\":{\"@id\":\"https:\\\/\\\/bas-tv.md\\\/ro\\\/foto-jocurile-olimpice-raionale-ale-juniorilor-2025-au-reunit-zeci-de-tineri-sportivi-din-cimislia\\\/\"},\"wordCount\":503,\"publisher\":{\"@id\":\"https:\\\/\\\/bas-tv.md\\\/ro\\\/#organization\"},\"image\":{\"@id\":\"https:\\\/\\\/bas-tv.md\\\/ro\\\/foto-jocurile-olimpice-raionale-ale-juniorilor-2025-au-reunit-zeci-de-tineri-sportivi-din-cimislia\\\/#primaryimage\"},\"thumbnailUrl\":\"https:\\\/\\\/bas-tv.md\\\/wp-content\\\/uploads\\\/2025\\\/12\\\/infografice-8.png\",\"articleSection\":[\"Actualitate\",\"\u00cen Moldova\"],\"inLanguage\":\"ro-RO\"},{\"@type\":\"WebPage\",\"@id\":\"https:\\\/\\\/bas-tv.md\\\/ro\\\/foto-jocurile-olimpice-raionale-ale-juniorilor-2025-au-reunit-zeci-de-tineri-sportivi-din-cimislia\\\/\",\"url\":\"https:\\\/\\\/bas-tv.md\\\/ro\\\/foto-jocurile-olimpice-raionale-ale-juniorilor-2025-au-reunit-zeci-de-tineri-sportivi-din-cimislia\\\/\",\"name\":\"(FOTO) Jocurile Olimpice Raionale ale Juniorilor 2025 au reunit zeci de tineri sportivi din Cimi\u0219lia - BasTV\",\"isPartOf\":{\"@id\":\"https:\\\/\\\/bas-tv.md\\\/ro\\\/#website\"},\"primaryImageOfPage\":{\"@id\":\"https:\\\/\\\/bas-tv.md\\\/ro\\\/foto-jocurile-olimpice-raionale-ale-juniorilor-2025-au-reunit-zeci-de-tineri-sportivi-din-cimislia\\\/#primaryimage\"},\"image\":{\"@id\":\"https:\\\/\\\/bas-tv.md\\\/ro\\\/foto-jocurile-olimpice-raionale-ale-juniorilor-2025-au-reunit-zeci-de-tineri-sportivi-din-cimislia\\\/#primaryimage\"},\"thumbnailUrl\":\"https:\\\/\\\/bas-tv.md\\\/wp-content\\\/uploads\\\/2025\\\/12\\\/infografice-8.png\",\"datePublished\":\"2025-12-16T14:00:36+00:00\",\"description\":\"Sala de sport a Liceului Teoretic \u201eMihai Eminescu\u201d din Cimi\u0219lia a reunit, \u00een acest weekend, zeci de sportivi din localit\u0103\u021bile raionului. Tinerii s-au \u00eentrecut la probele de volei feminin \u0219i minifotbal din cadrul Jocurilor Olimpice Raionale ale Juniorilor, edi\u021bia 2025, demonstr\u00e2nd talent, disciplin\u0103 \u0219i performan\u021b\u0103 sportiv\u0103.\",\"inLanguage\":\"ro-RO\",\"potentialAction\":[{\"@type\":\"ReadAction\",\"target\":[\"https:\\\/\\\/bas-tv.md\\\/ro\\\/foto-jocurile-olimpice-raionale-ale-juniorilor-2025-au-reunit-zeci-de-tineri-sportivi-din-cimislia\\\/\"]}]},{\"@type\":\"ImageObject\",\"inLanguage\":\"ro-RO\",\"@id\":\"https:\\\/\\\/bas-tv.md\\\/ro\\\/foto-jocurile-olimpice-raionale-ale-juniorilor-2025-au-reunit-zeci-de-tineri-sportivi-din-cimislia\\\/#primaryimage\",\"url\":\"https:\\\/\\\/bas-tv.md\\\/wp-content\\\/uploads\\\/2025\\\/12\\\/infografice-8.png\",\"contentUrl\":\"https:\\\/\\\/bas-tv.md\\\/wp-content\\\/uploads\\\/2025\\\/12\\\/infografice-8.png\",\"width\":1280,\"height\":720,\"caption\":\"Foto: BAStv\"},{\"@type\":\"WebSite\",\"@id\":\"https:\\\/\\\/bas-tv.md\\\/ro\\\/#website\",\"url\":\"https:\\\/\\\/bas-tv.md\\\/ro\\\/\",\"name\":\"BasTV\",\"description\":\"Moldova\",\"publisher\":{\"@id\":\"https:\\\/\\\/bas-tv.md\\\/ro\\\/#organization\"},\"potentialAction\":[{\"@type\":\"SearchAction\",\"target\":{\"@type\":\"EntryPoint\",\"urlTemplate\":\"https:\\\/\\\/bas-tv.md\\\/ro\\\/?s={search_term_string}\"},\"query-input\":{\"@type\":\"PropertyValueSpecification\",\"valueRequired\":true,\"valueName\":\"search_term_string\"}}],\"inLanguage\":\"ro-RO\"},{\"@type\":\"Organization\",\"@id\":\"https:\\\/\\\/bas-tv.md\\\/ro\\\/#organization\",\"name\":\"BasTV\",\"url\":\"https:\\\/\\\/bas-tv.md\\\/ro\\\/\",\"logo\":{\"@type\":\"ImageObject\",\"inLanguage\":\"ro-RO\",\"@id\":\"https:\\\/\\\/bas-tv.md\\\/ro\\\/#\\\/schema\\\/logo\\\/image\\\/\",\"url\":\"https:\\\/\\\/bas-tv.md\\\/wp-content\\\/uploads\\\/2023\\\/05\\\/bas-tv-culoarea-rosie.png\",\"contentUrl\":\"https:\\\/\\\/bas-tv.md\\\/wp-content\\\/uploads\\\/2023\\\/05\\\/bas-tv-culoarea-rosie.png\",\"width\":202,\"height\":50,\"caption\":\"BasTV\"},\"image\":{\"@id\":\"https:\\\/\\\/bas-tv.md\\\/ro\\\/#\\\/schema\\\/logo\\\/image\\\/\"}},{\"@type\":\"Person\",\"@id\":\"https:\\\/\\\/bas-tv.md\\\/ro\\\/#\\\/schema\\\/person\\\/8740f45ea2eca1f1695284fc03529af0\",\"name\":\"Redactor\",\"image\":{\"@type\":\"ImageObject\",\"inLanguage\":\"ro-RO\",\"@id\":\"https:\\\/\\\/bas-tv.md\\\/wp-content\\\/litespeed\\\/avatar\\\/91c0586f3f6f4396a4ec1287c965eeeb.jpg?ver=1776950945\",\"url\":\"https:\\\/\\\/bas-tv.md\\\/wp-content\\\/litespeed\\\/avatar\\\/91c0586f3f6f4396a4ec1287c965eeeb.jpg?ver=1776950945\",\"contentUrl\":\"https:\\\/\\\/bas-tv.md\\\/wp-content\\\/litespeed\\\/avatar\\\/91c0586f3f6f4396a4ec1287c965eeeb.jpg?ver=1776950945\",\"caption\":\"Redactor\"},\"url\":\"https:\\\/\\\/bas-tv.md\\\/ro\\\/author\\\/redactor\\\/\"}]}<\/script>\n<!-- \/ Yoast SEO plugin. -->","yoast_head_json":{"title":"(FOTO) Jocurile Olimpice Raionale ale Juniorilor 2025 au reunit zeci de tineri sportivi din Cimi\u0219lia - BasTV","description":"Sala de sport a Liceului Teoretic \u201eMihai Eminescu\u201d din Cimi\u0219lia a reunit, \u00een acest weekend, zeci de sportivi din localit\u0103\u021bile raionului. Tinerii s-au \u00eentrecut la probele de volei feminin \u0219i minifotbal din cadrul Jocurilor Olimpice Raionale ale Juniorilor, edi\u021bia 2025, demonstr\u00e2nd talent, disciplin\u0103 \u0219i performan\u021b\u0103 sportiv\u0103.","robots":{"index":"index","follow":"follow","max-snippet":"max-snippet:-1","max-image-preview":"max-image-preview:large","max-video-preview":"max-video-preview:-1"},"canonical":"https:\/\/bas-tv.md\/ro\/foto-jocurile-olimpice-raionale-ale-juniorilor-2025-au-reunit-zeci-de-tineri-sportivi-din-cimislia\/","og_locale":"ro_RO","og_type":"article","og_title":"(FOTO) Jocurile Olimpice Raionale ale Juniorilor 2025 au reunit zeci de tineri sportivi din Cimi\u0219lia - BasTV","og_description":"Sala de sport a Liceului Teoretic \u201eMihai Eminescu\u201d din Cimi\u0219lia a reunit, \u00een acest weekend, zeci de sportivi din localit\u0103\u021bile raionului. Tinerii s-au \u00eentrecut la probele de volei feminin \u0219i minifotbal din cadrul Jocurilor Olimpice Raionale ale Juniorilor, edi\u021bia 2025, demonstr\u00e2nd talent, disciplin\u0103 \u0219i performan\u021b\u0103 sportiv\u0103.","og_url":"https:\/\/bas-tv.md\/ro\/foto-jocurile-olimpice-raionale-ale-juniorilor-2025-au-reunit-zeci-de-tineri-sportivi-din-cimislia\/","og_site_name":"BasTV","article_published_time":"2025-12-16T14:00:36+00:00","og_image":[{"width":1280,"height":720,"url":"https:\/\/bas-tv.md\/wp-content\/uploads\/2025\/12\/infografice-8.png","type":"image\/png"}],"author":"Redactor","twitter_card":"summary_large_image","twitter_misc":{"Scris de":"Redactor","Timp estimat pentru citire":"3 minute"},"schema":{"@context":"https:\/\/schema.org","@graph":[{"@type":"Article","@id":"https:\/\/bas-tv.md\/ro\/foto-jocurile-olimpice-raionale-ale-juniorilor-2025-au-reunit-zeci-de-tineri-sportivi-din-cimislia\/#article","isPartOf":{"@id":"https:\/\/bas-tv.md\/ro\/foto-jocurile-olimpice-raionale-ale-juniorilor-2025-au-reunit-zeci-de-tineri-sportivi-din-cimislia\/"},"author":{"name":"Redactor","@id":"https:\/\/bas-tv.md\/ro\/#\/schema\/person\/8740f45ea2eca1f1695284fc03529af0"},"headline":"(FOTO) Jocurile Olimpice Raionale ale Juniorilor 2025 au reunit zeci de tineri sportivi din Cimi\u0219lia","datePublished":"2025-12-16T14:00:36+00:00","mainEntityOfPage":{"@id":"https:\/\/bas-tv.md\/ro\/foto-jocurile-olimpice-raionale-ale-juniorilor-2025-au-reunit-zeci-de-tineri-sportivi-din-cimislia\/"},"wordCount":503,"publisher":{"@id":"https:\/\/bas-tv.md\/ro\/#organization"},"image":{"@id":"https:\/\/bas-tv.md\/ro\/foto-jocurile-olimpice-raionale-ale-juniorilor-2025-au-reunit-zeci-de-tineri-sportivi-din-cimislia\/#primaryimage"},"thumbnailUrl":"https:\/\/bas-tv.md\/wp-content\/uploads\/2025\/12\/infografice-8.png","articleSection":["Actualitate","\u00cen Moldova"],"inLanguage":"ro-RO"},{"@type":"WebPage","@id":"https:\/\/bas-tv.md\/ro\/foto-jocurile-olimpice-raionale-ale-juniorilor-2025-au-reunit-zeci-de-tineri-sportivi-din-cimislia\/","url":"https:\/\/bas-tv.md\/ro\/foto-jocurile-olimpice-raionale-ale-juniorilor-2025-au-reunit-zeci-de-tineri-sportivi-din-cimislia\/","name":"(FOTO) Jocurile Olimpice Raionale ale Juniorilor 2025 au reunit zeci de tineri sportivi din Cimi\u0219lia - BasTV","isPartOf":{"@id":"https:\/\/bas-tv.md\/ro\/#website"},"primaryImageOfPage":{"@id":"https:\/\/bas-tv.md\/ro\/foto-jocurile-olimpice-raionale-ale-juniorilor-2025-au-reunit-zeci-de-tineri-sportivi-din-cimislia\/#primaryimage"},"image":{"@id":"https:\/\/bas-tv.md\/ro\/foto-jocurile-olimpice-raionale-ale-juniorilor-2025-au-reunit-zeci-de-tineri-sportivi-din-cimislia\/#primaryimage"},"thumbnailUrl":"https:\/\/bas-tv.md\/wp-content\/uploads\/2025\/12\/infografice-8.png","datePublished":"2025-12-16T14:00:36+00:00","description":"Sala de sport a Liceului Teoretic \u201eMihai Eminescu\u201d din Cimi\u0219lia a reunit, \u00een acest weekend, zeci de sportivi din localit\u0103\u021bile raionului. Tinerii s-au \u00eentrecut la probele de volei feminin \u0219i minifotbal din cadrul Jocurilor Olimpice Raionale ale Juniorilor, edi\u021bia 2025, demonstr\u00e2nd talent, disciplin\u0103 \u0219i performan\u021b\u0103 sportiv\u0103.","inLanguage":"ro-RO","potentialAction":[{"@type":"ReadAction","target":["https:\/\/bas-tv.md\/ro\/foto-jocurile-olimpice-raionale-ale-juniorilor-2025-au-reunit-zeci-de-tineri-sportivi-din-cimislia\/"]}]},{"@type":"ImageObject","inLanguage":"ro-RO","@id":"https:\/\/bas-tv.md\/ro\/foto-jocurile-olimpice-raionale-ale-juniorilor-2025-au-reunit-zeci-de-tineri-sportivi-din-cimislia\/#primaryimage","url":"https:\/\/bas-tv.md\/wp-content\/uploads\/2025\/12\/infografice-8.png","contentUrl":"https:\/\/bas-tv.md\/wp-content\/uploads\/2025\/12\/infografice-8.png","width":1280,"height":720,"caption":"Foto: BAStv"},{"@type":"WebSite","@id":"https:\/\/bas-tv.md\/ro\/#website","url":"https:\/\/bas-tv.md\/ro\/","name":"BasTV","description":"Moldova","publisher":{"@id":"https:\/\/bas-tv.md\/ro\/#organization"},"potentialAction":[{"@type":"SearchAction","target":{"@type":"EntryPoint","urlTemplate":"https:\/\/bas-tv.md\/ro\/?s={search_term_string}"},"query-input":{"@type":"PropertyValueSpecification","valueRequired":true,"valueName":"search_term_string"}}],"inLanguage":"ro-RO"},{"@type":"Organization","@id":"https:\/\/bas-tv.md\/ro\/#organization","name":"BasTV","url":"https:\/\/bas-tv.md\/ro\/","logo":{"@type":"ImageObject","inLanguage":"ro-RO","@id":"https:\/\/bas-tv.md\/ro\/#\/schema\/logo\/image\/","url":"https:\/\/bas-tv.md\/wp-content\/uploads\/2023\/05\/bas-tv-culoarea-rosie.png","contentUrl":"https:\/\/bas-tv.md\/wp-content\/uploads\/2023\/05\/bas-tv-culoarea-rosie.png","width":202,"height":50,"caption":"BasTV"},"image":{"@id":"https:\/\/bas-tv.md\/ro\/#\/schema\/logo\/image\/"}},{"@type":"Person","@id":"https:\/\/bas-tv.md\/ro\/#\/schema\/person\/8740f45ea2eca1f1695284fc03529af0","name":"Redactor","image":{"@type":"ImageObject","inLanguage":"ro-RO","@id":"https:\/\/bas-tv.md\/wp-content\/litespeed\/avatar\/91c0586f3f6f4396a4ec1287c965eeeb.jpg?ver=1776950945","url":"https:\/\/bas-tv.md\/wp-content\/litespeed\/avatar\/91c0586f3f6f4396a4ec1287c965eeeb.jpg?ver=1776950945","contentUrl":"https:\/\/bas-tv.md\/wp-content\/litespeed\/avatar\/91c0586f3f6f4396a4ec1287c965eeeb.jpg?ver=1776950945","caption":"Redactor"},"url":"https:\/\/bas-tv.md\/ro\/author\/redactor\/"}]}},"views":324,"_links":{"self":[{"href":"https:\/\/bas-tv.md\/ro\/wp-json\/wp\/v2\/posts\/169490","targetHints":{"allow":["GET"]}}],"collection":[{"href":"https:\/\/bas-tv.md\/ro\/wp-json\/wp\/v2\/posts"}],"about":[{"href":"https:\/\/bas-tv.md\/ro\/wp-json\/wp\/v2\/types\/post"}],"author":[{"embeddable":true,"href":"https:\/\/bas-tv.md\/ro\/wp-json\/wp\/v2\/users\/3"}],"replies":[{"embeddable":true,"href":"https:\/\/bas-tv.md\/ro\/wp-json\/wp\/v2\/comments?post=169490"}],"version-history":[{"count":3,"href":"https:\/\/bas-tv.md\/ro\/wp-json\/wp\/v2\/posts\/169490\/revisions"}],"predecessor-version":[{"id":169541,"href":"https:\/\/bas-tv.md\/ro\/wp-json\/wp\/v2\/posts\/169490\/revisions\/169541"}],"wp:featuredmedia":[{"embeddable":true,"href":"https:\/\/bas-tv.md\/ro\/wp-json\/wp\/v2\/media\/169538"}],"wp:attachment":[{"href":"https:\/\/bas-tv.md\/ro\/wp-json\/wp\/v2\/media?parent=169490"}],"wp:term":[{"taxonomy":"category","embeddable":true,"href":"https:\/\/bas-tv.md\/ro\/wp-json\/wp\/v2\/categories?post=169490"},{"taxonomy":"post_tag","embeddable":true,"href":"https:\/\/bas-tv.md\/ro\/wp-json\/wp\/v2\/tags?post=169490"}],"curies":[{"name":"wp","href":"https:\/\/api.w.org\/{rel}","templated":true}]}}