{"id":169598,"date":"2025-12-17T19:35:31","date_gmt":"2025-12-17T17:35:31","guid":{"rendered":"https:\/\/bas-tv.md\/?p=169598"},"modified":"2025-12-17T19:41:09","modified_gmt":"2025-12-17T17:41:09","slug":"proteste-in-institutiile-de-invatamant-din-republica-moldova-cadrele-didactice-au-ridicat-foi-albe-si-au-cerut-salarii-mai-mari","status":"publish","type":"post","link":"https:\/\/bas-tv.md\/ro\/proteste-in-institutiile-de-invatamant-din-republica-moldova-cadrele-didactice-au-ridicat-foi-albe-si-au-cerut-salarii-mai-mari\/","title":{"rendered":"Proteste \u00een institu\u021biile de \u00eenv\u0103\u021b\u0103m\u00e2nt din Republica Moldova: cadrele didactice au ridicat foi albe \u0219i au cerut salarii mai mari"},"content":{"rendered":"<p data-start=\"394\" data-end=\"768\"><strong data-start=\"394\" data-end=\"768\">Pe data 16 decembrie, mii de cadre didactice din \u00eentreaga \u021bar\u0103 au participat la o ac\u021biune de protest la locul de munc\u0103, cer\u00e2nd major\u0103ri salariale \u0219i condi\u021bii echitabile \u00een sistemul educa\u021bional. Protestul a fost organizat \u00een contextul examin\u0103rii proiectului Legii Bugetului pentru 2026, moment ales de sindicate pentru a transmite un semnal de alarm\u0103 c\u0103tre guvernare: \u201eEduca\u021bia nu poate fi ignorat\u0103!\u201d.<\/strong><\/p>\n<p data-start=\"770\" data-end=\"1122\">\u00cen diminea\u021ba zilei de mar\u021bi, \u00een intervalul orar 11:00-11:30,\u00a0 profesorii din \u00eentreaga \u021bar\u0103 \u0219i al\u021bi angaja\u021bi din domeniul educa\u021biei au ridicat foi albe \u00een timpul pauzelor dintre lec\u021bii. Federa\u021bia Sindical\u0103 a Educa\u021biei \u0219i \u0218tiin\u021bei (FSE\u0218) a \u00eendemnat toate institu\u021biile educa\u021bionale din \u021bar\u0103 \u0219i membrii sindicatelor s\u0103 organizeze o ac\u021biune de sensibilizare \u0219i\u00a0presiune sindical\u0103, cu sloganul \u201eDemnitate pentru Educa\u021bie &#8211; Solidaritate pentru un viitor echitabil\u201d.<\/p>\n<p data-start=\"770\" data-end=\"1122\">R\u00e2nd pe r\u00e2nd, \u00een cele peste 1900 organiza\u021bii sindicale din toate raioanele \u021b\u0103rii, reunind mai mult de 66 000 de membri, a fost citit cu voce tare articolul 43 din Constitu\u021bia Republicii Moldova, care garanteaz\u0103 dreptul la munc\u0103 \u0219i la un salariu echitabil.<\/p>\n<figure id=\"attachment_169701\" aria-describedby=\"caption-attachment-169701\" style=\"width: 580px\" class=\"wp-caption aligncenter\"><img fetchpriority=\"high\" decoding=\"async\" class=\"size-large wp-image-169701\" src=\"https:\/\/bas-tv.md\/wp-content\/uploads\/2025\/12\/infografice-9-1024x576.png\" alt=\"\" width=\"580\" height=\"326\" srcset=\"https:\/\/bas-tv.md\/wp-content\/uploads\/2025\/12\/infografice-9-1024x576.png 1024w, https:\/\/bas-tv.md\/wp-content\/uploads\/2025\/12\/infografice-9-300x169.png 300w, https:\/\/bas-tv.md\/wp-content\/uploads\/2025\/12\/infografice-9-768x432.png 768w, https:\/\/bas-tv.md\/wp-content\/uploads\/2025\/12\/infografice-9-1200x675.png 1200w, https:\/\/bas-tv.md\/wp-content\/uploads\/2025\/12\/infografice-9.png 1280w\" sizes=\"(max-width: 580px) 100vw, 580px\" \/><figcaption id=\"caption-attachment-169701\" class=\"wp-caption-text\">Sursa: Constitu\u021bia Republicii Moldova<\/figcaption><\/figure>\n<p data-start=\"313\" data-end=\"866\">\u00cen mai multe institu\u021bii de \u00eenv\u0103\u021b\u0103m\u00e2nt din raionul Basarabeasca, profesorii \u0219i educatorii s-au solidarizat cu ac\u021biunea na\u021bional\u0103 de protest, ridic\u00e2nd foi albe \u00een semn de nemul\u021bumire fa\u021b\u0103 de situa\u021bia salarial\u0103 \u0219i solicit\u00e2nd autorit\u0103\u021bilor solu\u021bii reale pentru sistemul educa\u021bional.<\/p>\n<p><iframe style=\"border: none; overflow: hidden;\" src=\"https:\/\/www.facebook.com\/plugins\/video.php?height=314&amp;href=https%3A%2F%2Fwww.facebook.com%2Freel%2F623423090828916%2F&amp;show_text=false&amp;width=560&amp;t=0\" width=\"560\" height=\"314\" frameborder=\"0\" scrolling=\"no\" allowfullscreen=\"allowfullscreen\" data-mce-fragment=\"1\"><\/iframe><\/p>\n<p><iframe style=\"border: none; overflow: hidden;\" src=\"https:\/\/www.facebook.com\/plugins\/post.php?href=https%3A%2F%2Fwww.facebook.com%2Fpermalink.php%3Fstory_fbid%3Dpfbid033nf7vAb5kzGQW3BSJGodRvjtCAh2JyE5aqcNDrZH9UDudfezZrpZdbmYG7sWHxfgl%26id%3D100089313828971&amp;show_text=true&amp;width=500\" width=\"500\" height=\"393\" frameborder=\"0\" scrolling=\"no\" allowfullscreen=\"allowfullscreen\" data-mce-fragment=\"1\"><\/iframe><\/p>\n<p><iframe style=\"border: none; overflow: hidden;\" src=\"https:\/\/www.facebook.com\/plugins\/post.php?href=https%3A%2F%2Fwww.facebook.com%2Firina.florea.897054%2Fposts%2Fpfbid02Nv8BJHqgVk7jT39eF8918kPGVAdArqZZR9aTbhzURDsWXYuKj3eTnumPGz3zWz1Sl&amp;show_text=true&amp;width=500\" width=\"500\" height=\"581\" frameborder=\"0\" scrolling=\"no\" allowfullscreen=\"allowfullscreen\" data-mce-fragment=\"1\"><\/iframe><\/p>\n<p>Cu un mesaj ferm privind scopul protestului au venit \u0219i cadrele didactice de la Liceul Teoretic \u201eMatei Basarab din ora\u0219ul Basarabeasca:<\/p>\n<blockquote><p>\u201eAst\u0103zi, profesorii se al\u0103tur\u0103 unui protest pa\u0219nic \u0219i sincronizat [\u2026] pentru a transmite un mesaj ferm de unitate, solidaritate \u0219i demnitate \u00een ap\u0103rarea EDUCA\u021aIEI.\u201d<\/p><\/blockquote>\n<p data-start=\"868\" data-end=\"1265\"><iframe style=\"border: none; overflow: hidden;\" src=\"https:\/\/www.facebook.com\/plugins\/post.php?href=https%3A%2F%2Fwww.facebook.com%2Fpermalink.php%3Fstory_fbid%3Dpfbid044w2toqpx1tTJE76PjJFmLbCqcxcVQc1Za17JJG8863SVEiah4TEuPD1WZzwoXPel%26id%3D100006371596516&amp;show_text=true&amp;width=500\" width=\"500\" height=\"799\" frameborder=\"0\" scrolling=\"no\" allowfullscreen=\"allowfullscreen\" data-mce-fragment=\"1\"><\/iframe><\/p>\n<p data-start=\"868\" data-end=\"1265\">Direc\u021bia General\u0103 \u00cenv\u0103\u021b\u0103m\u00e2nt Basarabeasca s-a al\u0103turat ac\u021biunilor de solidaritate ale cadrelor didactice din raionul Basarabeasca, public\u00e2nd o serie de clipuri video \u00een care \u00ee\u0219i exprim\u0103 sprijinul fa\u021b\u0103 de protest \u0219i mesajele privind necesitatea unor salarii echitabile \u00een educa\u021bie.<\/p>\n<p data-start=\"868\" data-end=\"1265\"><iframe style=\"border: none; overflow: hidden;\" src=\"https:\/\/www.facebook.com\/plugins\/post.php?href=https%3A%2F%2Fwww.facebook.com%2Fpermalink.php%3Fstory_fbid%3Dpfbid0Yv2mTgP7ZzP67zoaMWoZxELti2pHbwfkssuXaHTi1faR53VgYShLQcT7BXyCWZxil%26id%3D100080910505226&amp;show_text=true&amp;width=500\" width=\"500\" height=\"250\" frameborder=\"0\" scrolling=\"no\" allowfullscreen=\"allowfullscreen\"><\/iframe><\/p>\n<h2 data-start=\"1129\" data-end=\"1165\"><strong data-start=\"1132\" data-end=\"1165\">De ce protesteaz\u0103 profesorii?<\/strong><\/h2>\n<p data-start=\"1167\" data-end=\"1575\">Ac\u021biunea sindical\u0103, desf\u0103\u0219urat\u0103 simultan \u00een peste 1900 de institu\u021bii de \u00eenv\u0103\u021b\u0103m\u00e2nt, a pornit din nemul\u021bumirea profund\u0103 fa\u021b\u0103 de propunerea autorit\u0103\u021bilor de a p\u0103stra valoarea de referin\u021b\u0103 pentru salarii la nivelul actual &#8211; 2500 de lei. Sindicatele consider\u0103 aceast\u0103 m\u0103sur\u0103 drept o \u201e\u00eenghe\u021bare\u201d salarial\u0103 care va accentua declinul puterii de cump\u0103rare \u0219i va ad\u00e2nci diferen\u021ba dintre salariile din educa\u021bie \u0219i media pe economie.<\/p>\n<p data-start=\"1577\" data-end=\"1587\">FSE\u0218 \u0219i corpul didactic din \u00eentreaga \u021bar\u0103 au cerut:<\/p>\n<ul data-start=\"1589\" data-end=\"1916\">\n<li data-start=\"1589\" data-end=\"1658\">\n<p data-start=\"1591\" data-end=\"1658\">majorarea valorii de referin\u021b\u0103 cu 21,5%, p\u00e2n\u0103 la 2670 de lei;<\/p>\n<\/li>\n<li>stabilirea valorii de referin\u021b\u0103 de 3100 de lei pentru personalul didactic, \u0219tiin\u021bifico\u2011didactic \u0219i de conducere;<\/li>\n<li data-start=\"1589\" data-end=\"1658\">stabilirea unui salariu mediu \u00een educa\u021bie comparabil cu cel na\u021bional \u0219i alinierea politicilor salariale la standardele interna\u021bionale<\/li>\n<\/ul>\n<p>Totodat\u0103, sindicatele au atras aten\u021bia la faptul c\u0103, deocamdat\u0103, nu exist\u0103 un mecanism de racordare automat\u0103 a valorilor de referin\u021b\u0103 la rata infla\u021biei, astfel c\u0103 ajustarea se face prin stabilirea unor valori nominale \u00een legea bugetului, f\u0103r\u0103 indexare automat\u0103. \u201eAceasta \u00eenseamn\u0103 c\u0103 puterea de cump\u0103rare a salariilor depinde de decizia politic\u0103, nu de o regul\u0103 obiectiv\u0103\u201d, explic\u0103 reprezentan\u021bii institu\u021biei.<\/p>\n<blockquote><p>\u201eCorpul didactic cere alocarea surselor financiare bugetare pentru majorarea cuantumului valorii de referin\u021b\u0103 care ar p\u0103stra puterea de cump\u0103rare \u0219i ar preveni cre\u0219terea discrepan\u021bei dintre salariul mediu din Educa\u021bie \u0219i Cercetare \u0219i media pe Economie.<\/p>\n<p>Educa\u021bia este fundamentul viitorului Republicii Moldova. Demnitatea celor care formeaz\u0103 genera\u021biile de m\u00e2ine nu poate fi negociat\u0103. FSE\u0218 cere guvern\u0103rii s\u0103 \u00ee\u0219i asume responsabilitatea \u0219i s\u0103 ofere solu\u021bii reale pentru un sistem educa\u021bional echitabil \u0219i sustenabil\u201d, a transmis Federa\u021bia Sindical\u0103 a Educa\u021biei \u0219i \u0218tiin\u021bei \u00eentr-un comunicat publicat pe data de 15 decembrie 2025.<\/p><\/blockquote>\n<h2 data-start=\"3413\" data-end=\"3477\"><strong data-start=\"3416\" data-end=\"3477\">Pozi\u021bia Ministerului Finan\u021belor<\/strong><\/h2>\n<p>Autorit\u0103\u021bile declar\u0103 c\u0103\u00a0salariile \u00een educa\u021bie r\u0103m\u00e2n o prioritate, \u00eens\u0103 eventualele major\u0103ri vor fi aplicate gradual, \u00een func\u021bie de posibilit\u0103\u021bile bugetare. Ministerul Finan\u021belor a explicat c\u0103 o cre\u0219tere imediat\u0103 a valorii de referin\u021b\u0103 la 3100 de lei ar dep\u0103\u0219i capacitatea bugetului \u00een acest moment.<\/p>\n<p data-start=\"1267\" data-end=\"1591\">Respectiv, pe data de 17 decembrie, ministrul finan\u021belor, Andrian Gavrili\u021b\u0103,\u00a0a declarat c\u0103 profesorii vor beneficia de o\u00a0majorare a salariilor \u00eencep\u00e2nd cu septembrie 2026, odat\u0103 cu intrarea \u00een vigoare a noii legi a salariz\u0103rii.<\/p>\n<p data-start=\"1593\" data-end=\"1844\">Potrivit oficialului, majorarea nu poate avea loc \u00een acest moment, \u00eentruc\u00e2t ar crea dezechilibre \u00een sistemul bugetar \u0219i riscul ca actualele formule de salarizare s\u0103 intre \u00een contradic\u021bie cu cele care urmeaz\u0103 s\u0103 fie aprobate \u00een noul cadru legislativ:<\/p>\n<blockquote data-start=\"1846\" data-end=\"2115\">\n<p data-start=\"1848\" data-end=\"2115\">\u201eNu c\u0103 nu va fi majorare \u00een acest an, doar c\u0103 ea va \u00eencepe un pic mai t\u00e2rziu. \u021aintim data de 1 septembrie, c\u00e2nd avem noua lege a salariz\u0103rii \u0219i venituri suplimentare, astfel \u00eenc\u00e2t s\u0103 avem o majorare responsabil\u0103, pe care bugetul \u0219i-o permite\u201d, a explicat ministrul.<\/p>\n<\/blockquote>\n<p data-start=\"2117\" data-end=\"2317\">Gavrili\u021b\u0103 a subliniat c\u0103 major\u0103rile trebuie f\u0103cute responsabil, pentru a evita situa\u021bia \u00een care acestea ar fi acoperite \u201epe datorie\u201d sau ar intra \u00een conflict cu noile mecanisme de calcul salarial.<\/p>\n<h2 data-start=\"3855\" data-end=\"3907\"><strong data-start=\"3858\" data-end=\"3907\">FSE\u0218: \u201e\u00cenc\u0103 nu ne-am \u00een\u021beles cu autorit\u0103\u021bile\u201d<\/strong><\/h2>\n<p data-start=\"3909\" data-end=\"4114\">\u00centr-un comunicat publicat pe data de 17 decembrie 2025, Federa\u021bia Sindical\u0103 a \u021binut s\u0103 clarifice public faptul c\u0103 <strong data-start=\"4007\" data-end=\"4056\">nu exist\u0103 nicio \u00een\u021belegere final\u0103 cu autorit\u0103\u021bile<\/strong>, contrar informa\u021biilor ap\u0103rute \u00een unele institu\u021bii media:<\/p>\n<blockquote>\n<p data-start=\"4116\" data-end=\"4233\">\u201e\u00cenc\u0103 nu ne-am \u00een\u021beles!\u00a0\u00cen ultimele zile, \u00een mai multe mijloace media au ap\u0103rut afirma\u021bii precum c\u0103 <em>\u201eautorit\u0103\u021bile au convenit cu sindicatele\u201d<\/em> sau chiar <em>\u201es-au \u00een\u021beles cu sindicatele\u201d<\/em>. Consider\u0103m necesar s\u0103 preciz\u0103m: asemenea afirma\u021bii reflect\u0103, eventual, punctul de vedere al autorit\u0103\u021bilor, dar nu corespund realit\u0103\u021bii. Ele sunt p\u0103rtinitoare, iar p\u0103rtinitor \u00een cazul dat \u00eenseamn\u0103 incorect\u201d, au transmis reprezentan\u021bii FSE\u0218.<\/p>\n<\/blockquote>\n<p data-start=\"4698\" data-end=\"4753\">Protestele desf\u0103\u0219urate \u00een institu\u021biile de \u00eenv\u0103\u021b\u0103m\u00e2nt arat\u0103 determinarea cadrelor didactice de a-\u0219i ap\u0103ra drepturile \u0219i de a solicita politici salariale corecte, care s\u0103 reflecte importan\u021ba social\u0103 a profesiei.<\/p>\n<p data-start=\"4698\" data-end=\"4753\">De\u0219i dialogul dintre sindicate \u0219i autorit\u0103\u021bi se declar\u0103 deschis, pozi\u021bia Federa\u021biei Sindicale a Educa\u021biei \u0219i \u0218tiin\u021bei r\u0103m\u00e2ne aceea\u0219i:<\/p>\n<blockquote><p>\u201eDac\u0103 aceste condi\u021bii vor fi implementate \u00een noua Lege a Salariz\u0103rii, atunci vom putea spune c\u0103 \u201ene-am \u00een\u021beles cu guvernarea\u201d. P\u00e2n\u0103 atunci, orice alte interpret\u0103ri nu \u00eenseamn\u0103 deloc \u00een\u021belegere. Educa\u021bia nu se face pe datorie!\u201d, a transmis FSE\u0218 \u00een ultimul comunicat publicat pe pagina institu\u021biei.<\/p><\/blockquote>\n<p>Autor: Virineia Carapirea<\/p>\n<p><strong>Sus\u021bine\u021bi redac\u021bia BAStv, abona\u021bi-v\u0103 la noi pe platforma\u00a0<a href=\"https:\/\/www.patreon.com\/BAStv?fan_landing=true&amp;fbclid=IwAR3MeSDKfH4ixBydCXX9D1lhrCszhps3ID5uxuGA-Ktd4MTkZCRdlcEZkQI\">Patreon\u00a0<\/a>sau prin efectuarea contribu\u021biilor prin\u00a0<a href=\"https:\/\/www.paypal.com\/paypalme\/supportbastv\">PayPal<\/a>! Aceasta ne va ajuta s\u0103 cre\u0103m con\u021binut interesant \u0219i util pentru dvs., r\u0103m\u00e2n\u00e2nd \u00een continuare o platform\u0103 media independent\u0103.<\/strong><\/p>\n<div class=\"elementor-element elementor-element-5fc6b9d elementor-widget elementor-widget-theme-post-content\" data-id=\"5fc6b9d\" data-element_type=\"widget\" data-widget_type=\"theme-post-content.default\">\n<div class=\"elementor-widget-container\">\n<p><b>Abona\u021bi-v\u0103 la noi pe re\u021bele sociale:\u00a0<\/b><a href=\"https:\/\/t.me\/bastvmd\"><b><i>Telegram<\/i><\/b><\/a><b>,\u00a0<\/b><a href=\"https:\/\/www.youtube.com\/channel\/UC-9005PnLnhpNM8PVSjP2dQ\/featured\"><b><i>YouTube<\/i><\/b><\/a><b>,\u00a0<\/b><a href=\"https:\/\/www.facebook.com\/bastv.md\"><b><i>Facebook<\/i><\/b><\/a>\u00a0\u0219i\u00a0<a href=\"https:\/\/www.instagram.com\/bastv.md\/\"><b><i>Instagram<\/i><\/b><\/a><b>.\u00a0 Aici public\u0103m \u0219tiri pe scurt!<\/b><\/p>\n<\/div>\n<\/div>\n","protected":false},"excerpt":{"rendered":"<p>Pe data 16 decembrie, mii de cadre didactice din \u00eentreaga \u021bar\u0103 au participat la o ac\u021biune de protest la locul de munc\u0103, cer\u00e2nd major\u0103ri salariale \u0219i condi\u021bii echitabile \u00een sistemul educa\u021bional. Protestul a fost organizat \u00een contextul examin\u0103rii proiectului Legii Bugetului pentru 2026, moment ales de sindicate pentru a transmite un semnal de alarm\u0103 c\u0103tre [&hellip;]<\/p>\n","protected":false},"author":3,"featured_media":169703,"comment_status":"closed","ping_status":"closed","sticky":false,"template":"","format":"standard","meta":{"footnotes":""},"categories":[602,570],"tags":[],"class_list":["post-169598","post","type-post","status-publish","format-standard","has-post-thumbnail","hentry","category-actualitate","category-in-moldova"],"yoast_head":"<!-- This site is optimized with the Yoast SEO plugin v27.5 - https:\/\/yoast.com\/product\/yoast-seo-wordpress\/ -->\n<title>Proteste \u00een institu\u021biile de \u00eenv\u0103\u021b\u0103m\u00e2nt din Republica Moldova: cadrele didactice au ridicat foi albe \u0219i au cerut salarii mai mari - BasTV<\/title>\n<meta name=\"description\" content=\"Pe data 16 decembrie, mii de cadre didactice din \u00eentreaga \u021bar\u0103 au participat la o ac\u021biune de protest la locul de munc\u0103, cer\u00e2nd major\u0103ri salariale \u0219i condi\u021bii echitabile \u00een sistemul educa\u021bional. Protestul a fost organizat \u00een contextul examin\u0103rii proiectului Legii Bugetului pentru 2026, moment ales de sindicate pentru a transmite un semnal de alarm\u0103 c\u0103tre guvernare: \u201eEduca\u021bia nu poate fi ignorat\u0103!\u201d.\" \/>\n<meta name=\"robots\" content=\"index, follow, max-snippet:-1, max-image-preview:large, max-video-preview:-1\" \/>\n<link rel=\"canonical\" href=\"https:\/\/bas-tv.md\/ro\/proteste-in-institutiile-de-invatamant-din-republica-moldova-cadrele-didactice-au-ridicat-foi-albe-si-au-cerut-salarii-mai-mari\/\" \/>\n<meta property=\"og:locale\" content=\"ro_RO\" \/>\n<meta property=\"og:type\" content=\"article\" \/>\n<meta property=\"og:title\" content=\"Proteste \u00een institu\u021biile de \u00eenv\u0103\u021b\u0103m\u00e2nt din Republica Moldova: cadrele didactice au ridicat foi albe \u0219i au cerut salarii mai mari - BasTV\" \/>\n<meta property=\"og:description\" content=\"Pe data 16 decembrie, mii de cadre didactice din \u00eentreaga \u021bar\u0103 au participat la o ac\u021biune de protest la locul de munc\u0103, cer\u00e2nd major\u0103ri salariale \u0219i condi\u021bii echitabile \u00een sistemul educa\u021bional. Protestul a fost organizat \u00een contextul examin\u0103rii proiectului Legii Bugetului pentru 2026, moment ales de sindicate pentru a transmite un semnal de alarm\u0103 c\u0103tre guvernare: \u201eEduca\u021bia nu poate fi ignorat\u0103!\u201d.\" \/>\n<meta property=\"og:url\" content=\"https:\/\/bas-tv.md\/ro\/proteste-in-institutiile-de-invatamant-din-republica-moldova-cadrele-didactice-au-ridicat-foi-albe-si-au-cerut-salarii-mai-mari\/\" \/>\n<meta property=\"og:site_name\" content=\"BasTV\" \/>\n<meta property=\"article:published_time\" content=\"2025-12-17T17:35:31+00:00\" \/>\n<meta property=\"article:modified_time\" content=\"2025-12-17T17:41:09+00:00\" \/>\n<meta property=\"og:image\" content=\"https:\/\/bas-tv.md\/wp-content\/uploads\/2025\/12\/infografice-10.png\" \/>\n\t<meta property=\"og:image:width\" content=\"1280\" \/>\n\t<meta property=\"og:image:height\" content=\"720\" \/>\n\t<meta property=\"og:image:type\" content=\"image\/png\" \/>\n<meta name=\"author\" content=\"Redactor\" \/>\n<meta name=\"twitter:card\" content=\"summary_large_image\" \/>\n<meta name=\"twitter:label1\" content=\"Scris de\" \/>\n\t<meta name=\"twitter:data1\" content=\"Redactor\" \/>\n\t<meta name=\"twitter:label2\" content=\"Timp estimat pentru citire\" \/>\n\t<meta name=\"twitter:data2\" content=\"5 minute\" \/>\n<script type=\"application\/ld+json\" class=\"yoast-schema-graph\">{\"@context\":\"https:\\\/\\\/schema.org\",\"@graph\":[{\"@type\":\"Article\",\"@id\":\"https:\\\/\\\/bas-tv.md\\\/ro\\\/proteste-in-institutiile-de-invatamant-din-republica-moldova-cadrele-didactice-au-ridicat-foi-albe-si-au-cerut-salarii-mai-mari\\\/#article\",\"isPartOf\":{\"@id\":\"https:\\\/\\\/bas-tv.md\\\/ro\\\/proteste-in-institutiile-de-invatamant-din-republica-moldova-cadrele-didactice-au-ridicat-foi-albe-si-au-cerut-salarii-mai-mari\\\/\"},\"author\":{\"name\":\"Redactor\",\"@id\":\"https:\\\/\\\/bas-tv.md\\\/ro\\\/#\\\/schema\\\/person\\\/8740f45ea2eca1f1695284fc03529af0\"},\"headline\":\"Proteste \u00een institu\u021biile de \u00eenv\u0103\u021b\u0103m\u00e2nt din Republica Moldova: cadrele didactice au ridicat foi albe \u0219i au cerut salarii mai mari\",\"datePublished\":\"2025-12-17T17:35:31+00:00\",\"dateModified\":\"2025-12-17T17:41:09+00:00\",\"mainEntityOfPage\":{\"@id\":\"https:\\\/\\\/bas-tv.md\\\/ro\\\/proteste-in-institutiile-de-invatamant-din-republica-moldova-cadrele-didactice-au-ridicat-foi-albe-si-au-cerut-salarii-mai-mari\\\/\"},\"wordCount\":1183,\"publisher\":{\"@id\":\"https:\\\/\\\/bas-tv.md\\\/ro\\\/#organization\"},\"image\":{\"@id\":\"https:\\\/\\\/bas-tv.md\\\/ro\\\/proteste-in-institutiile-de-invatamant-din-republica-moldova-cadrele-didactice-au-ridicat-foi-albe-si-au-cerut-salarii-mai-mari\\\/#primaryimage\"},\"thumbnailUrl\":\"https:\\\/\\\/bas-tv.md\\\/wp-content\\\/uploads\\\/2025\\\/12\\\/infografice-10.png\",\"articleSection\":[\"Actualitate\",\"\u00cen Moldova\"],\"inLanguage\":\"ro-RO\"},{\"@type\":\"WebPage\",\"@id\":\"https:\\\/\\\/bas-tv.md\\\/ro\\\/proteste-in-institutiile-de-invatamant-din-republica-moldova-cadrele-didactice-au-ridicat-foi-albe-si-au-cerut-salarii-mai-mari\\\/\",\"url\":\"https:\\\/\\\/bas-tv.md\\\/ro\\\/proteste-in-institutiile-de-invatamant-din-republica-moldova-cadrele-didactice-au-ridicat-foi-albe-si-au-cerut-salarii-mai-mari\\\/\",\"name\":\"Proteste \u00een institu\u021biile de \u00eenv\u0103\u021b\u0103m\u00e2nt din Republica Moldova: cadrele didactice au ridicat foi albe \u0219i au cerut salarii mai mari - BasTV\",\"isPartOf\":{\"@id\":\"https:\\\/\\\/bas-tv.md\\\/ro\\\/#website\"},\"primaryImageOfPage\":{\"@id\":\"https:\\\/\\\/bas-tv.md\\\/ro\\\/proteste-in-institutiile-de-invatamant-din-republica-moldova-cadrele-didactice-au-ridicat-foi-albe-si-au-cerut-salarii-mai-mari\\\/#primaryimage\"},\"image\":{\"@id\":\"https:\\\/\\\/bas-tv.md\\\/ro\\\/proteste-in-institutiile-de-invatamant-din-republica-moldova-cadrele-didactice-au-ridicat-foi-albe-si-au-cerut-salarii-mai-mari\\\/#primaryimage\"},\"thumbnailUrl\":\"https:\\\/\\\/bas-tv.md\\\/wp-content\\\/uploads\\\/2025\\\/12\\\/infografice-10.png\",\"datePublished\":\"2025-12-17T17:35:31+00:00\",\"dateModified\":\"2025-12-17T17:41:09+00:00\",\"description\":\"Pe data 16 decembrie, mii de cadre didactice din \u00eentreaga \u021bar\u0103 au participat la o ac\u021biune de protest la locul de munc\u0103, cer\u00e2nd major\u0103ri salariale \u0219i condi\u021bii echitabile \u00een sistemul educa\u021bional. Protestul a fost organizat \u00een contextul examin\u0103rii proiectului Legii Bugetului pentru 2026, moment ales de sindicate pentru a transmite un semnal de alarm\u0103 c\u0103tre guvernare: \u201eEduca\u021bia nu poate fi ignorat\u0103!\u201d.\",\"inLanguage\":\"ro-RO\",\"potentialAction\":[{\"@type\":\"ReadAction\",\"target\":[\"https:\\\/\\\/bas-tv.md\\\/ro\\\/proteste-in-institutiile-de-invatamant-din-republica-moldova-cadrele-didactice-au-ridicat-foi-albe-si-au-cerut-salarii-mai-mari\\\/\"]}]},{\"@type\":\"ImageObject\",\"inLanguage\":\"ro-RO\",\"@id\":\"https:\\\/\\\/bas-tv.md\\\/ro\\\/proteste-in-institutiile-de-invatamant-din-republica-moldova-cadrele-didactice-au-ridicat-foi-albe-si-au-cerut-salarii-mai-mari\\\/#primaryimage\",\"url\":\"https:\\\/\\\/bas-tv.md\\\/wp-content\\\/uploads\\\/2025\\\/12\\\/infografice-10.png\",\"contentUrl\":\"https:\\\/\\\/bas-tv.md\\\/wp-content\\\/uploads\\\/2025\\\/12\\\/infografice-10.png\",\"width\":1280,\"height\":720,\"caption\":\"Foto: BAStv\"},{\"@type\":\"WebSite\",\"@id\":\"https:\\\/\\\/bas-tv.md\\\/ro\\\/#website\",\"url\":\"https:\\\/\\\/bas-tv.md\\\/ro\\\/\",\"name\":\"BasTV\",\"description\":\"Moldova\",\"publisher\":{\"@id\":\"https:\\\/\\\/bas-tv.md\\\/ro\\\/#organization\"},\"potentialAction\":[{\"@type\":\"SearchAction\",\"target\":{\"@type\":\"EntryPoint\",\"urlTemplate\":\"https:\\\/\\\/bas-tv.md\\\/ro\\\/?s={search_term_string}\"},\"query-input\":{\"@type\":\"PropertyValueSpecification\",\"valueRequired\":true,\"valueName\":\"search_term_string\"}}],\"inLanguage\":\"ro-RO\"},{\"@type\":\"Organization\",\"@id\":\"https:\\\/\\\/bas-tv.md\\\/ro\\\/#organization\",\"name\":\"BasTV\",\"url\":\"https:\\\/\\\/bas-tv.md\\\/ro\\\/\",\"logo\":{\"@type\":\"ImageObject\",\"inLanguage\":\"ro-RO\",\"@id\":\"https:\\\/\\\/bas-tv.md\\\/ro\\\/#\\\/schema\\\/logo\\\/image\\\/\",\"url\":\"https:\\\/\\\/bas-tv.md\\\/wp-content\\\/uploads\\\/2023\\\/05\\\/bas-tv-culoarea-rosie.png\",\"contentUrl\":\"https:\\\/\\\/bas-tv.md\\\/wp-content\\\/uploads\\\/2023\\\/05\\\/bas-tv-culoarea-rosie.png\",\"width\":202,\"height\":50,\"caption\":\"BasTV\"},\"image\":{\"@id\":\"https:\\\/\\\/bas-tv.md\\\/ro\\\/#\\\/schema\\\/logo\\\/image\\\/\"}},{\"@type\":\"Person\",\"@id\":\"https:\\\/\\\/bas-tv.md\\\/ro\\\/#\\\/schema\\\/person\\\/8740f45ea2eca1f1695284fc03529af0\",\"name\":\"Redactor\",\"image\":{\"@type\":\"ImageObject\",\"inLanguage\":\"ro-RO\",\"@id\":\"https:\\\/\\\/bas-tv.md\\\/wp-content\\\/litespeed\\\/avatar\\\/91c0586f3f6f4396a4ec1287c965eeeb.jpg?ver=1776950945\",\"url\":\"https:\\\/\\\/bas-tv.md\\\/wp-content\\\/litespeed\\\/avatar\\\/91c0586f3f6f4396a4ec1287c965eeeb.jpg?ver=1776950945\",\"contentUrl\":\"https:\\\/\\\/bas-tv.md\\\/wp-content\\\/litespeed\\\/avatar\\\/91c0586f3f6f4396a4ec1287c965eeeb.jpg?ver=1776950945\",\"caption\":\"Redactor\"},\"url\":\"https:\\\/\\\/bas-tv.md\\\/ro\\\/author\\\/redactor\\\/\"}]}<\/script>\n<!-- \/ Yoast SEO plugin. -->","yoast_head_json":{"title":"Proteste \u00een institu\u021biile de \u00eenv\u0103\u021b\u0103m\u00e2nt din Republica Moldova: cadrele didactice au ridicat foi albe \u0219i au cerut salarii mai mari - BasTV","description":"Pe data 16 decembrie, mii de cadre didactice din \u00eentreaga \u021bar\u0103 au participat la o ac\u021biune de protest la locul de munc\u0103, cer\u00e2nd major\u0103ri salariale \u0219i condi\u021bii echitabile \u00een sistemul educa\u021bional. Protestul a fost organizat \u00een contextul examin\u0103rii proiectului Legii Bugetului pentru 2026, moment ales de sindicate pentru a transmite un semnal de alarm\u0103 c\u0103tre guvernare: \u201eEduca\u021bia nu poate fi ignorat\u0103!\u201d.","robots":{"index":"index","follow":"follow","max-snippet":"max-snippet:-1","max-image-preview":"max-image-preview:large","max-video-preview":"max-video-preview:-1"},"canonical":"https:\/\/bas-tv.md\/ro\/proteste-in-institutiile-de-invatamant-din-republica-moldova-cadrele-didactice-au-ridicat-foi-albe-si-au-cerut-salarii-mai-mari\/","og_locale":"ro_RO","og_type":"article","og_title":"Proteste \u00een institu\u021biile de \u00eenv\u0103\u021b\u0103m\u00e2nt din Republica Moldova: cadrele didactice au ridicat foi albe \u0219i au cerut salarii mai mari - BasTV","og_description":"Pe data 16 decembrie, mii de cadre didactice din \u00eentreaga \u021bar\u0103 au participat la o ac\u021biune de protest la locul de munc\u0103, cer\u00e2nd major\u0103ri salariale \u0219i condi\u021bii echitabile \u00een sistemul educa\u021bional. Protestul a fost organizat \u00een contextul examin\u0103rii proiectului Legii Bugetului pentru 2026, moment ales de sindicate pentru a transmite un semnal de alarm\u0103 c\u0103tre guvernare: \u201eEduca\u021bia nu poate fi ignorat\u0103!\u201d.","og_url":"https:\/\/bas-tv.md\/ro\/proteste-in-institutiile-de-invatamant-din-republica-moldova-cadrele-didactice-au-ridicat-foi-albe-si-au-cerut-salarii-mai-mari\/","og_site_name":"BasTV","article_published_time":"2025-12-17T17:35:31+00:00","article_modified_time":"2025-12-17T17:41:09+00:00","og_image":[{"width":1280,"height":720,"url":"https:\/\/bas-tv.md\/wp-content\/uploads\/2025\/12\/infografice-10.png","type":"image\/png"}],"author":"Redactor","twitter_card":"summary_large_image","twitter_misc":{"Scris de":"Redactor","Timp estimat pentru citire":"5 minute"},"schema":{"@context":"https:\/\/schema.org","@graph":[{"@type":"Article","@id":"https:\/\/bas-tv.md\/ro\/proteste-in-institutiile-de-invatamant-din-republica-moldova-cadrele-didactice-au-ridicat-foi-albe-si-au-cerut-salarii-mai-mari\/#article","isPartOf":{"@id":"https:\/\/bas-tv.md\/ro\/proteste-in-institutiile-de-invatamant-din-republica-moldova-cadrele-didactice-au-ridicat-foi-albe-si-au-cerut-salarii-mai-mari\/"},"author":{"name":"Redactor","@id":"https:\/\/bas-tv.md\/ro\/#\/schema\/person\/8740f45ea2eca1f1695284fc03529af0"},"headline":"Proteste \u00een institu\u021biile de \u00eenv\u0103\u021b\u0103m\u00e2nt din Republica Moldova: cadrele didactice au ridicat foi albe \u0219i au cerut salarii mai mari","datePublished":"2025-12-17T17:35:31+00:00","dateModified":"2025-12-17T17:41:09+00:00","mainEntityOfPage":{"@id":"https:\/\/bas-tv.md\/ro\/proteste-in-institutiile-de-invatamant-din-republica-moldova-cadrele-didactice-au-ridicat-foi-albe-si-au-cerut-salarii-mai-mari\/"},"wordCount":1183,"publisher":{"@id":"https:\/\/bas-tv.md\/ro\/#organization"},"image":{"@id":"https:\/\/bas-tv.md\/ro\/proteste-in-institutiile-de-invatamant-din-republica-moldova-cadrele-didactice-au-ridicat-foi-albe-si-au-cerut-salarii-mai-mari\/#primaryimage"},"thumbnailUrl":"https:\/\/bas-tv.md\/wp-content\/uploads\/2025\/12\/infografice-10.png","articleSection":["Actualitate","\u00cen Moldova"],"inLanguage":"ro-RO"},{"@type":"WebPage","@id":"https:\/\/bas-tv.md\/ro\/proteste-in-institutiile-de-invatamant-din-republica-moldova-cadrele-didactice-au-ridicat-foi-albe-si-au-cerut-salarii-mai-mari\/","url":"https:\/\/bas-tv.md\/ro\/proteste-in-institutiile-de-invatamant-din-republica-moldova-cadrele-didactice-au-ridicat-foi-albe-si-au-cerut-salarii-mai-mari\/","name":"Proteste \u00een institu\u021biile de \u00eenv\u0103\u021b\u0103m\u00e2nt din Republica Moldova: cadrele didactice au ridicat foi albe \u0219i au cerut salarii mai mari - BasTV","isPartOf":{"@id":"https:\/\/bas-tv.md\/ro\/#website"},"primaryImageOfPage":{"@id":"https:\/\/bas-tv.md\/ro\/proteste-in-institutiile-de-invatamant-din-republica-moldova-cadrele-didactice-au-ridicat-foi-albe-si-au-cerut-salarii-mai-mari\/#primaryimage"},"image":{"@id":"https:\/\/bas-tv.md\/ro\/proteste-in-institutiile-de-invatamant-din-republica-moldova-cadrele-didactice-au-ridicat-foi-albe-si-au-cerut-salarii-mai-mari\/#primaryimage"},"thumbnailUrl":"https:\/\/bas-tv.md\/wp-content\/uploads\/2025\/12\/infografice-10.png","datePublished":"2025-12-17T17:35:31+00:00","dateModified":"2025-12-17T17:41:09+00:00","description":"Pe data 16 decembrie, mii de cadre didactice din \u00eentreaga \u021bar\u0103 au participat la o ac\u021biune de protest la locul de munc\u0103, cer\u00e2nd major\u0103ri salariale \u0219i condi\u021bii echitabile \u00een sistemul educa\u021bional. Protestul a fost organizat \u00een contextul examin\u0103rii proiectului Legii Bugetului pentru 2026, moment ales de sindicate pentru a transmite un semnal de alarm\u0103 c\u0103tre guvernare: \u201eEduca\u021bia nu poate fi ignorat\u0103!\u201d.","inLanguage":"ro-RO","potentialAction":[{"@type":"ReadAction","target":["https:\/\/bas-tv.md\/ro\/proteste-in-institutiile-de-invatamant-din-republica-moldova-cadrele-didactice-au-ridicat-foi-albe-si-au-cerut-salarii-mai-mari\/"]}]},{"@type":"ImageObject","inLanguage":"ro-RO","@id":"https:\/\/bas-tv.md\/ro\/proteste-in-institutiile-de-invatamant-din-republica-moldova-cadrele-didactice-au-ridicat-foi-albe-si-au-cerut-salarii-mai-mari\/#primaryimage","url":"https:\/\/bas-tv.md\/wp-content\/uploads\/2025\/12\/infografice-10.png","contentUrl":"https:\/\/bas-tv.md\/wp-content\/uploads\/2025\/12\/infografice-10.png","width":1280,"height":720,"caption":"Foto: BAStv"},{"@type":"WebSite","@id":"https:\/\/bas-tv.md\/ro\/#website","url":"https:\/\/bas-tv.md\/ro\/","name":"BasTV","description":"Moldova","publisher":{"@id":"https:\/\/bas-tv.md\/ro\/#organization"},"potentialAction":[{"@type":"SearchAction","target":{"@type":"EntryPoint","urlTemplate":"https:\/\/bas-tv.md\/ro\/?s={search_term_string}"},"query-input":{"@type":"PropertyValueSpecification","valueRequired":true,"valueName":"search_term_string"}}],"inLanguage":"ro-RO"},{"@type":"Organization","@id":"https:\/\/bas-tv.md\/ro\/#organization","name":"BasTV","url":"https:\/\/bas-tv.md\/ro\/","logo":{"@type":"ImageObject","inLanguage":"ro-RO","@id":"https:\/\/bas-tv.md\/ro\/#\/schema\/logo\/image\/","url":"https:\/\/bas-tv.md\/wp-content\/uploads\/2023\/05\/bas-tv-culoarea-rosie.png","contentUrl":"https:\/\/bas-tv.md\/wp-content\/uploads\/2023\/05\/bas-tv-culoarea-rosie.png","width":202,"height":50,"caption":"BasTV"},"image":{"@id":"https:\/\/bas-tv.md\/ro\/#\/schema\/logo\/image\/"}},{"@type":"Person","@id":"https:\/\/bas-tv.md\/ro\/#\/schema\/person\/8740f45ea2eca1f1695284fc03529af0","name":"Redactor","image":{"@type":"ImageObject","inLanguage":"ro-RO","@id":"https:\/\/bas-tv.md\/wp-content\/litespeed\/avatar\/91c0586f3f6f4396a4ec1287c965eeeb.jpg?ver=1776950945","url":"https:\/\/bas-tv.md\/wp-content\/litespeed\/avatar\/91c0586f3f6f4396a4ec1287c965eeeb.jpg?ver=1776950945","contentUrl":"https:\/\/bas-tv.md\/wp-content\/litespeed\/avatar\/91c0586f3f6f4396a4ec1287c965eeeb.jpg?ver=1776950945","caption":"Redactor"},"url":"https:\/\/bas-tv.md\/ro\/author\/redactor\/"}]}},"views":438,"_links":{"self":[{"href":"https:\/\/bas-tv.md\/ro\/wp-json\/wp\/v2\/posts\/169598","targetHints":{"allow":["GET"]}}],"collection":[{"href":"https:\/\/bas-tv.md\/ro\/wp-json\/wp\/v2\/posts"}],"about":[{"href":"https:\/\/bas-tv.md\/ro\/wp-json\/wp\/v2\/types\/post"}],"author":[{"embeddable":true,"href":"https:\/\/bas-tv.md\/ro\/wp-json\/wp\/v2\/users\/3"}],"replies":[{"embeddable":true,"href":"https:\/\/bas-tv.md\/ro\/wp-json\/wp\/v2\/comments?post=169598"}],"version-history":[{"count":3,"href":"https:\/\/bas-tv.md\/ro\/wp-json\/wp\/v2\/posts\/169598\/revisions"}],"predecessor-version":[{"id":169707,"href":"https:\/\/bas-tv.md\/ro\/wp-json\/wp\/v2\/posts\/169598\/revisions\/169707"}],"wp:featuredmedia":[{"embeddable":true,"href":"https:\/\/bas-tv.md\/ro\/wp-json\/wp\/v2\/media\/169703"}],"wp:attachment":[{"href":"https:\/\/bas-tv.md\/ro\/wp-json\/wp\/v2\/media?parent=169598"}],"wp:term":[{"taxonomy":"category","embeddable":true,"href":"https:\/\/bas-tv.md\/ro\/wp-json\/wp\/v2\/categories?post=169598"},{"taxonomy":"post_tag","embeddable":true,"href":"https:\/\/bas-tv.md\/ro\/wp-json\/wp\/v2\/tags?post=169598"}],"curies":[{"name":"wp","href":"https:\/\/api.w.org\/{rel}","templated":true}]}}