{"id":169982,"date":"2025-12-22T16:10:12","date_gmt":"2025-12-22T14:10:12","guid":{"rendered":"https:\/\/bas-tv.md\/?p=169982"},"modified":"2025-12-22T15:23:32","modified_gmt":"2025-12-22T13:23:32","slug":"video-perchezitii-la-basarabeasca-tata-si-fiu-testati-pozitiv-la-consumul-de-substante-stupefiante","status":"publish","type":"post","link":"https:\/\/bas-tv.md\/ro\/video-perchezitii-la-basarabeasca-tata-si-fiu-testati-pozitiv-la-consumul-de-substante-stupefiante\/","title":{"rendered":"(VIDEO) Perchezi\u021bii la Basarabeasca: tat\u0103 \u0219i fiu, testa\u021bi pozitiv la consumul de substan\u021be stupefiante"},"content":{"rendered":"<p><strong data-start=\"226\" data-end=\"658\">Poli\u021bi\u0219tii din Basarabeasca, \u00een colaborare cu angaja\u021bii Inspectoratului General de Carabinieri (IGC), au desf\u0103\u0219urat, la data de 18 decembrie 2025, ac\u021biuni speciale orientate spre prevenirea \u0219i combaterea cultiv\u0103rii, p\u0103str\u0103rii \u0219i consumului de substan\u021be stupefiante. \u00cen urma perchezi\u021biilor, oamenii legii au documentat un caz ce vizeaz\u0103 doi membri ai aceleia\u0219i familii, tat\u0103 \u0219i fiu, testa\u021bi pozitiv la consumul de substan\u021be stupefiante.<\/strong><\/p>\n<p>Potrivit informa\u021biilor furnizate de Poli\u021bia Republicii Moldova, \u00een cadrul perchezi\u021biilor efectuate la domiciliul unui b\u0103rbat \u00een v\u00e2rst\u0103 de 42 de ani \u0219i al fiului acestuia, \u00een v\u00e2rst\u0103 de 20 de ani, au fost depistate \u0219i ridicate mai multe dispozitive utilizate pentru consumul de droguri, precum \u0219i o substan\u021b\u0103 vegetal\u0103 de culoare verde, presupus\u0103 a fi marijuana.\u00a0Cei doi b\u0103rba\u021bi au fost supu\u0219i test\u0103rii pentru consumul de substan\u021be stupefiante, iar rezultatele ob\u021binute au indicat prezen\u021ba acestora \u00een organism.<\/p>\n<p data-start=\"1368\" data-end=\"1741\">Reprezentan\u021bii poli\u021biei reitereaz\u0103 importan\u021ba implic\u0103rii cet\u0103\u021benilor \u00een prevenirea fenomenului infrac\u021bional \u0219i \u00eendeamn\u0103 popula\u021bia s\u0103 semnaleze orice activitate ilegal\u0103, apel\u00e2nd la num\u0103rul <strong data-start=\"1577\" data-end=\"1584\">112<\/strong>.<\/p>\n<p><iframe style=\"border: none; overflow: hidden;\" src=\"https:\/\/www.facebook.com\/plugins\/video.php?height=476&amp;href=https%3A%2F%2Fwww.facebook.com%2Freel%2F1530862551483803%2F&amp;show_text=false&amp;width=278&amp;t=0\" width=\"278\" height=\"476\" frameborder=\"0\" scrolling=\"no\" allowfullscreen=\"allowfullscreen\"><\/iframe><\/p>\n<p><strong>Sus\u021bine\u021bi redac\u021bia BAStv, abona\u021bi-v\u0103 la noi pe platforma\u00a0<a href=\"https:\/\/www.patreon.com\/BAStv?fan_landing=true&amp;fbclid=IwAR3MeSDKfH4ixBydCXX9D1lhrCszhps3ID5uxuGA-Ktd4MTkZCRdlcEZkQI\">Patreon\u00a0<\/a>sau prin efectuarea contribu\u021biilor prin\u00a0<a href=\"https:\/\/www.paypal.com\/paypalme\/supportbastv\">PayPal<\/a>! Aceasta ne va ajuta s\u0103 cre\u0103m con\u021binut interesant \u0219i util pentru dvs., r\u0103m\u00e2n\u00e2nd \u00een continuare o platform\u0103 media independent\u0103.<\/strong><\/p>\n<div class=\"elementor-element elementor-element-5fc6b9d elementor-widget elementor-widget-theme-post-content\" data-id=\"5fc6b9d\" data-element_type=\"widget\" data-widget_type=\"theme-post-content.default\">\n<div class=\"elementor-widget-container\">\n<p><b>Abona\u021bi-v\u0103 la noi pe re\u021bele sociale:\u00a0<\/b><a href=\"https:\/\/t.me\/bastvmd\"><b><i>Telegram<\/i><\/b><\/a><b>,\u00a0<\/b><a href=\"https:\/\/www.youtube.com\/channel\/UC-9005PnLnhpNM8PVSjP2dQ\/featured\"><b><i>YouTube<\/i><\/b><\/a><b>,\u00a0<\/b><a href=\"https:\/\/www.facebook.com\/bastv.md\"><b><i>Facebook<\/i><\/b><\/a>\u00a0\u0219i\u00a0<a href=\"https:\/\/www.instagram.com\/bastv.md\/\"><b><i>Instagram<\/i><\/b><\/a><b>.\u00a0 Aici public\u0103m \u0219tiri pe scurt!<\/b><\/p>\n<\/div>\n<\/div>\n","protected":false},"excerpt":{"rendered":"<p>Poli\u021bi\u0219tii din Basarabeasca, \u00een colaborare cu angaja\u021bii Inspectoratului General de Carabinieri (IGC), au desf\u0103\u0219urat, la data de 18 decembrie 2025, ac\u021biuni speciale orientate spre prevenirea \u0219i combaterea cultiv\u0103rii, p\u0103str\u0103rii \u0219i consumului de substan\u021be stupefiante. \u00cen urma perchezi\u021biilor, oamenii legii au documentat un caz ce vizeaz\u0103 doi membri ai aceleia\u0219i familii, tat\u0103 \u0219i fiu, testa\u021bi pozitiv [&hellip;]<\/p>\n","protected":false},"author":3,"featured_media":170002,"comment_status":"closed","ping_status":"closed","sticky":false,"template":"","format":"standard","meta":{"footnotes":""},"categories":[602,569],"tags":[693,6080,4527,1504],"class_list":["post-169982","post","type-post","status-publish","format-standard","has-post-thumbnail","hentry","category-actualitate","category-in-basarabeasca","tag-basarabeasca-ro","tag-droguri","tag-perchezitii","tag-politia"],"yoast_head":"<!-- This site is optimized with the Yoast SEO plugin v27.5 - https:\/\/yoast.com\/product\/yoast-seo-wordpress\/ -->\n<title>(VIDEO) Perchezi\u021bii la Basarabeasca: tat\u0103 \u0219i fiu, testa\u021bi pozitiv la consumul de substan\u021be stupefiante - BasTV<\/title>\n<meta name=\"description\" content=\"Poli\u021bi\u0219tii din Basarabeasca, \u00een colaborare cu angaja\u021bii Inspectoratului General de Carabinieri (IGC), au desf\u0103\u0219urat, la data de 18 decembrie 2025, ac\u021biuni speciale orientate spre prevenirea \u0219i combaterea cultiv\u0103rii, p\u0103str\u0103rii \u0219i consumului de substan\u021be stupefiante. \u00cen urma perchezi\u021biilor, oamenii legii au documentat un caz ce vizeaz\u0103 doi membri ai aceleia\u0219i familii, tat\u0103 \u0219i fiu, testa\u021bi pozitiv la consumul de substan\u021be stupefiante.\" \/>\n<meta name=\"robots\" content=\"index, follow, max-snippet:-1, max-image-preview:large, max-video-preview:-1\" \/>\n<link rel=\"canonical\" href=\"https:\/\/bas-tv.md\/ro\/video-perchezitii-la-basarabeasca-tata-si-fiu-testati-pozitiv-la-consumul-de-substante-stupefiante\/\" \/>\n<meta property=\"og:locale\" content=\"ro_RO\" \/>\n<meta property=\"og:type\" content=\"article\" \/>\n<meta property=\"og:title\" content=\"(VIDEO) Perchezi\u021bii la Basarabeasca: tat\u0103 \u0219i fiu, testa\u021bi pozitiv la consumul de substan\u021be stupefiante - BasTV\" \/>\n<meta property=\"og:description\" content=\"Poli\u021bi\u0219tii din Basarabeasca, \u00een colaborare cu angaja\u021bii Inspectoratului General de Carabinieri (IGC), au desf\u0103\u0219urat, la data de 18 decembrie 2025, ac\u021biuni speciale orientate spre prevenirea \u0219i combaterea cultiv\u0103rii, p\u0103str\u0103rii \u0219i consumului de substan\u021be stupefiante. \u00cen urma perchezi\u021biilor, oamenii legii au documentat un caz ce vizeaz\u0103 doi membri ai aceleia\u0219i familii, tat\u0103 \u0219i fiu, testa\u021bi pozitiv la consumul de substan\u021be stupefiante.\" \/>\n<meta property=\"og:url\" content=\"https:\/\/bas-tv.md\/ro\/video-perchezitii-la-basarabeasca-tata-si-fiu-testati-pozitiv-la-consumul-de-substante-stupefiante\/\" \/>\n<meta property=\"og:site_name\" content=\"BasTV\" \/>\n<meta property=\"article:published_time\" content=\"2025-12-22T14:10:12+00:00\" \/>\n<meta property=\"og:image\" content=\"https:\/\/bas-tv.md\/wp-content\/uploads\/2025\/12\/pol1.png\" \/>\n\t<meta property=\"og:image:width\" content=\"452\" \/>\n\t<meta property=\"og:image:height\" content=\"359\" \/>\n\t<meta property=\"og:image:type\" content=\"image\/png\" \/>\n<meta name=\"author\" content=\"Redactor\" \/>\n<meta name=\"twitter:card\" content=\"summary_large_image\" \/>\n<meta name=\"twitter:label1\" content=\"Scris de\" \/>\n\t<meta name=\"twitter:data1\" content=\"Redactor\" \/>\n\t<meta name=\"twitter:label2\" content=\"Timp estimat pentru citire\" \/>\n\t<meta name=\"twitter:data2\" content=\"2 minute\" \/>\n<script type=\"application\/ld+json\" class=\"yoast-schema-graph\">{\"@context\":\"https:\\\/\\\/schema.org\",\"@graph\":[{\"@type\":\"Article\",\"@id\":\"https:\\\/\\\/bas-tv.md\\\/ro\\\/video-perchezitii-la-basarabeasca-tata-si-fiu-testati-pozitiv-la-consumul-de-substante-stupefiante\\\/#article\",\"isPartOf\":{\"@id\":\"https:\\\/\\\/bas-tv.md\\\/ro\\\/video-perchezitii-la-basarabeasca-tata-si-fiu-testati-pozitiv-la-consumul-de-substante-stupefiante\\\/\"},\"author\":{\"name\":\"Redactor\",\"@id\":\"https:\\\/\\\/bas-tv.md\\\/ro\\\/#\\\/schema\\\/person\\\/8740f45ea2eca1f1695284fc03529af0\"},\"headline\":\"(VIDEO) Perchezi\u021bii la Basarabeasca: tat\u0103 \u0219i fiu, testa\u021bi pozitiv la consumul de substan\u021be stupefiante\",\"datePublished\":\"2025-12-22T14:10:12+00:00\",\"mainEntityOfPage\":{\"@id\":\"https:\\\/\\\/bas-tv.md\\\/ro\\\/video-perchezitii-la-basarabeasca-tata-si-fiu-testati-pozitiv-la-consumul-de-substante-stupefiante\\\/\"},\"wordCount\":269,\"publisher\":{\"@id\":\"https:\\\/\\\/bas-tv.md\\\/ro\\\/#organization\"},\"image\":{\"@id\":\"https:\\\/\\\/bas-tv.md\\\/ro\\\/video-perchezitii-la-basarabeasca-tata-si-fiu-testati-pozitiv-la-consumul-de-substante-stupefiante\\\/#primaryimage\"},\"thumbnailUrl\":\"https:\\\/\\\/bas-tv.md\\\/wp-content\\\/uploads\\\/2025\\\/12\\\/pol1.png\",\"keywords\":[\"Basarabeasca\",\"droguri\",\"perchezi\u021bii\",\"poli\u021bia\"],\"articleSection\":[\"Actualitate\",\"\u00cen Basarabeasca\"],\"inLanguage\":\"ro-RO\"},{\"@type\":\"WebPage\",\"@id\":\"https:\\\/\\\/bas-tv.md\\\/ro\\\/video-perchezitii-la-basarabeasca-tata-si-fiu-testati-pozitiv-la-consumul-de-substante-stupefiante\\\/\",\"url\":\"https:\\\/\\\/bas-tv.md\\\/ro\\\/video-perchezitii-la-basarabeasca-tata-si-fiu-testati-pozitiv-la-consumul-de-substante-stupefiante\\\/\",\"name\":\"(VIDEO) Perchezi\u021bii la Basarabeasca: tat\u0103 \u0219i fiu, testa\u021bi pozitiv la consumul de substan\u021be stupefiante - BasTV\",\"isPartOf\":{\"@id\":\"https:\\\/\\\/bas-tv.md\\\/ro\\\/#website\"},\"primaryImageOfPage\":{\"@id\":\"https:\\\/\\\/bas-tv.md\\\/ro\\\/video-perchezitii-la-basarabeasca-tata-si-fiu-testati-pozitiv-la-consumul-de-substante-stupefiante\\\/#primaryimage\"},\"image\":{\"@id\":\"https:\\\/\\\/bas-tv.md\\\/ro\\\/video-perchezitii-la-basarabeasca-tata-si-fiu-testati-pozitiv-la-consumul-de-substante-stupefiante\\\/#primaryimage\"},\"thumbnailUrl\":\"https:\\\/\\\/bas-tv.md\\\/wp-content\\\/uploads\\\/2025\\\/12\\\/pol1.png\",\"datePublished\":\"2025-12-22T14:10:12+00:00\",\"description\":\"Poli\u021bi\u0219tii din Basarabeasca, \u00een colaborare cu angaja\u021bii Inspectoratului General de Carabinieri (IGC), au desf\u0103\u0219urat, la data de 18 decembrie 2025, ac\u021biuni speciale orientate spre prevenirea \u0219i combaterea cultiv\u0103rii, p\u0103str\u0103rii \u0219i consumului de substan\u021be stupefiante. \u00cen urma perchezi\u021biilor, oamenii legii au documentat un caz ce vizeaz\u0103 doi membri ai aceleia\u0219i familii, tat\u0103 \u0219i fiu, testa\u021bi pozitiv la consumul de substan\u021be stupefiante.\",\"inLanguage\":\"ro-RO\",\"potentialAction\":[{\"@type\":\"ReadAction\",\"target\":[\"https:\\\/\\\/bas-tv.md\\\/ro\\\/video-perchezitii-la-basarabeasca-tata-si-fiu-testati-pozitiv-la-consumul-de-substante-stupefiante\\\/\"]}]},{\"@type\":\"ImageObject\",\"inLanguage\":\"ro-RO\",\"@id\":\"https:\\\/\\\/bas-tv.md\\\/ro\\\/video-perchezitii-la-basarabeasca-tata-si-fiu-testati-pozitiv-la-consumul-de-substante-stupefiante\\\/#primaryimage\",\"url\":\"https:\\\/\\\/bas-tv.md\\\/wp-content\\\/uploads\\\/2025\\\/12\\\/pol1.png\",\"contentUrl\":\"https:\\\/\\\/bas-tv.md\\\/wp-content\\\/uploads\\\/2025\\\/12\\\/pol1.png\",\"width\":452,\"height\":359,\"caption\":\"Sursa: Poli\u021bia Republicii Moldova\"},{\"@type\":\"WebSite\",\"@id\":\"https:\\\/\\\/bas-tv.md\\\/ro\\\/#website\",\"url\":\"https:\\\/\\\/bas-tv.md\\\/ro\\\/\",\"name\":\"BasTV\",\"description\":\"Moldova\",\"publisher\":{\"@id\":\"https:\\\/\\\/bas-tv.md\\\/ro\\\/#organization\"},\"potentialAction\":[{\"@type\":\"SearchAction\",\"target\":{\"@type\":\"EntryPoint\",\"urlTemplate\":\"https:\\\/\\\/bas-tv.md\\\/ro\\\/?s={search_term_string}\"},\"query-input\":{\"@type\":\"PropertyValueSpecification\",\"valueRequired\":true,\"valueName\":\"search_term_string\"}}],\"inLanguage\":\"ro-RO\"},{\"@type\":\"Organization\",\"@id\":\"https:\\\/\\\/bas-tv.md\\\/ro\\\/#organization\",\"name\":\"BasTV\",\"url\":\"https:\\\/\\\/bas-tv.md\\\/ro\\\/\",\"logo\":{\"@type\":\"ImageObject\",\"inLanguage\":\"ro-RO\",\"@id\":\"https:\\\/\\\/bas-tv.md\\\/ro\\\/#\\\/schema\\\/logo\\\/image\\\/\",\"url\":\"https:\\\/\\\/bas-tv.md\\\/wp-content\\\/uploads\\\/2023\\\/05\\\/bas-tv-culoarea-rosie.png\",\"contentUrl\":\"https:\\\/\\\/bas-tv.md\\\/wp-content\\\/uploads\\\/2023\\\/05\\\/bas-tv-culoarea-rosie.png\",\"width\":202,\"height\":50,\"caption\":\"BasTV\"},\"image\":{\"@id\":\"https:\\\/\\\/bas-tv.md\\\/ro\\\/#\\\/schema\\\/logo\\\/image\\\/\"}},{\"@type\":\"Person\",\"@id\":\"https:\\\/\\\/bas-tv.md\\\/ro\\\/#\\\/schema\\\/person\\\/8740f45ea2eca1f1695284fc03529af0\",\"name\":\"Redactor\",\"image\":{\"@type\":\"ImageObject\",\"inLanguage\":\"ro-RO\",\"@id\":\"https:\\\/\\\/bas-tv.md\\\/wp-content\\\/litespeed\\\/avatar\\\/91c0586f3f6f4396a4ec1287c965eeeb.jpg?ver=1776950945\",\"url\":\"https:\\\/\\\/bas-tv.md\\\/wp-content\\\/litespeed\\\/avatar\\\/91c0586f3f6f4396a4ec1287c965eeeb.jpg?ver=1776950945\",\"contentUrl\":\"https:\\\/\\\/bas-tv.md\\\/wp-content\\\/litespeed\\\/avatar\\\/91c0586f3f6f4396a4ec1287c965eeeb.jpg?ver=1776950945\",\"caption\":\"Redactor\"},\"url\":\"https:\\\/\\\/bas-tv.md\\\/ro\\\/author\\\/redactor\\\/\"}]}<\/script>\n<!-- \/ Yoast SEO plugin. -->","yoast_head_json":{"title":"(VIDEO) Perchezi\u021bii la Basarabeasca: tat\u0103 \u0219i fiu, testa\u021bi pozitiv la consumul de substan\u021be stupefiante - BasTV","description":"Poli\u021bi\u0219tii din Basarabeasca, \u00een colaborare cu angaja\u021bii Inspectoratului General de Carabinieri (IGC), au desf\u0103\u0219urat, la data de 18 decembrie 2025, ac\u021biuni speciale orientate spre prevenirea \u0219i combaterea cultiv\u0103rii, p\u0103str\u0103rii \u0219i consumului de substan\u021be stupefiante. \u00cen urma perchezi\u021biilor, oamenii legii au documentat un caz ce vizeaz\u0103 doi membri ai aceleia\u0219i familii, tat\u0103 \u0219i fiu, testa\u021bi pozitiv la consumul de substan\u021be stupefiante.","robots":{"index":"index","follow":"follow","max-snippet":"max-snippet:-1","max-image-preview":"max-image-preview:large","max-video-preview":"max-video-preview:-1"},"canonical":"https:\/\/bas-tv.md\/ro\/video-perchezitii-la-basarabeasca-tata-si-fiu-testati-pozitiv-la-consumul-de-substante-stupefiante\/","og_locale":"ro_RO","og_type":"article","og_title":"(VIDEO) Perchezi\u021bii la Basarabeasca: tat\u0103 \u0219i fiu, testa\u021bi pozitiv la consumul de substan\u021be stupefiante - BasTV","og_description":"Poli\u021bi\u0219tii din Basarabeasca, \u00een colaborare cu angaja\u021bii Inspectoratului General de Carabinieri (IGC), au desf\u0103\u0219urat, la data de 18 decembrie 2025, ac\u021biuni speciale orientate spre prevenirea \u0219i combaterea cultiv\u0103rii, p\u0103str\u0103rii \u0219i consumului de substan\u021be stupefiante. \u00cen urma perchezi\u021biilor, oamenii legii au documentat un caz ce vizeaz\u0103 doi membri ai aceleia\u0219i familii, tat\u0103 \u0219i fiu, testa\u021bi pozitiv la consumul de substan\u021be stupefiante.","og_url":"https:\/\/bas-tv.md\/ro\/video-perchezitii-la-basarabeasca-tata-si-fiu-testati-pozitiv-la-consumul-de-substante-stupefiante\/","og_site_name":"BasTV","article_published_time":"2025-12-22T14:10:12+00:00","og_image":[{"width":452,"height":359,"url":"https:\/\/bas-tv.md\/wp-content\/uploads\/2025\/12\/pol1.png","type":"image\/png"}],"author":"Redactor","twitter_card":"summary_large_image","twitter_misc":{"Scris de":"Redactor","Timp estimat pentru citire":"2 minute"},"schema":{"@context":"https:\/\/schema.org","@graph":[{"@type":"Article","@id":"https:\/\/bas-tv.md\/ro\/video-perchezitii-la-basarabeasca-tata-si-fiu-testati-pozitiv-la-consumul-de-substante-stupefiante\/#article","isPartOf":{"@id":"https:\/\/bas-tv.md\/ro\/video-perchezitii-la-basarabeasca-tata-si-fiu-testati-pozitiv-la-consumul-de-substante-stupefiante\/"},"author":{"name":"Redactor","@id":"https:\/\/bas-tv.md\/ro\/#\/schema\/person\/8740f45ea2eca1f1695284fc03529af0"},"headline":"(VIDEO) Perchezi\u021bii la Basarabeasca: tat\u0103 \u0219i fiu, testa\u021bi pozitiv la consumul de substan\u021be stupefiante","datePublished":"2025-12-22T14:10:12+00:00","mainEntityOfPage":{"@id":"https:\/\/bas-tv.md\/ro\/video-perchezitii-la-basarabeasca-tata-si-fiu-testati-pozitiv-la-consumul-de-substante-stupefiante\/"},"wordCount":269,"publisher":{"@id":"https:\/\/bas-tv.md\/ro\/#organization"},"image":{"@id":"https:\/\/bas-tv.md\/ro\/video-perchezitii-la-basarabeasca-tata-si-fiu-testati-pozitiv-la-consumul-de-substante-stupefiante\/#primaryimage"},"thumbnailUrl":"https:\/\/bas-tv.md\/wp-content\/uploads\/2025\/12\/pol1.png","keywords":["Basarabeasca","droguri","perchezi\u021bii","poli\u021bia"],"articleSection":["Actualitate","\u00cen Basarabeasca"],"inLanguage":"ro-RO"},{"@type":"WebPage","@id":"https:\/\/bas-tv.md\/ro\/video-perchezitii-la-basarabeasca-tata-si-fiu-testati-pozitiv-la-consumul-de-substante-stupefiante\/","url":"https:\/\/bas-tv.md\/ro\/video-perchezitii-la-basarabeasca-tata-si-fiu-testati-pozitiv-la-consumul-de-substante-stupefiante\/","name":"(VIDEO) Perchezi\u021bii la Basarabeasca: tat\u0103 \u0219i fiu, testa\u021bi pozitiv la consumul de substan\u021be stupefiante - BasTV","isPartOf":{"@id":"https:\/\/bas-tv.md\/ro\/#website"},"primaryImageOfPage":{"@id":"https:\/\/bas-tv.md\/ro\/video-perchezitii-la-basarabeasca-tata-si-fiu-testati-pozitiv-la-consumul-de-substante-stupefiante\/#primaryimage"},"image":{"@id":"https:\/\/bas-tv.md\/ro\/video-perchezitii-la-basarabeasca-tata-si-fiu-testati-pozitiv-la-consumul-de-substante-stupefiante\/#primaryimage"},"thumbnailUrl":"https:\/\/bas-tv.md\/wp-content\/uploads\/2025\/12\/pol1.png","datePublished":"2025-12-22T14:10:12+00:00","description":"Poli\u021bi\u0219tii din Basarabeasca, \u00een colaborare cu angaja\u021bii Inspectoratului General de Carabinieri (IGC), au desf\u0103\u0219urat, la data de 18 decembrie 2025, ac\u021biuni speciale orientate spre prevenirea \u0219i combaterea cultiv\u0103rii, p\u0103str\u0103rii \u0219i consumului de substan\u021be stupefiante. \u00cen urma perchezi\u021biilor, oamenii legii au documentat un caz ce vizeaz\u0103 doi membri ai aceleia\u0219i familii, tat\u0103 \u0219i fiu, testa\u021bi pozitiv la consumul de substan\u021be stupefiante.","inLanguage":"ro-RO","potentialAction":[{"@type":"ReadAction","target":["https:\/\/bas-tv.md\/ro\/video-perchezitii-la-basarabeasca-tata-si-fiu-testati-pozitiv-la-consumul-de-substante-stupefiante\/"]}]},{"@type":"ImageObject","inLanguage":"ro-RO","@id":"https:\/\/bas-tv.md\/ro\/video-perchezitii-la-basarabeasca-tata-si-fiu-testati-pozitiv-la-consumul-de-substante-stupefiante\/#primaryimage","url":"https:\/\/bas-tv.md\/wp-content\/uploads\/2025\/12\/pol1.png","contentUrl":"https:\/\/bas-tv.md\/wp-content\/uploads\/2025\/12\/pol1.png","width":452,"height":359,"caption":"Sursa: Poli\u021bia Republicii Moldova"},{"@type":"WebSite","@id":"https:\/\/bas-tv.md\/ro\/#website","url":"https:\/\/bas-tv.md\/ro\/","name":"BasTV","description":"Moldova","publisher":{"@id":"https:\/\/bas-tv.md\/ro\/#organization"},"potentialAction":[{"@type":"SearchAction","target":{"@type":"EntryPoint","urlTemplate":"https:\/\/bas-tv.md\/ro\/?s={search_term_string}"},"query-input":{"@type":"PropertyValueSpecification","valueRequired":true,"valueName":"search_term_string"}}],"inLanguage":"ro-RO"},{"@type":"Organization","@id":"https:\/\/bas-tv.md\/ro\/#organization","name":"BasTV","url":"https:\/\/bas-tv.md\/ro\/","logo":{"@type":"ImageObject","inLanguage":"ro-RO","@id":"https:\/\/bas-tv.md\/ro\/#\/schema\/logo\/image\/","url":"https:\/\/bas-tv.md\/wp-content\/uploads\/2023\/05\/bas-tv-culoarea-rosie.png","contentUrl":"https:\/\/bas-tv.md\/wp-content\/uploads\/2023\/05\/bas-tv-culoarea-rosie.png","width":202,"height":50,"caption":"BasTV"},"image":{"@id":"https:\/\/bas-tv.md\/ro\/#\/schema\/logo\/image\/"}},{"@type":"Person","@id":"https:\/\/bas-tv.md\/ro\/#\/schema\/person\/8740f45ea2eca1f1695284fc03529af0","name":"Redactor","image":{"@type":"ImageObject","inLanguage":"ro-RO","@id":"https:\/\/bas-tv.md\/wp-content\/litespeed\/avatar\/91c0586f3f6f4396a4ec1287c965eeeb.jpg?ver=1776950945","url":"https:\/\/bas-tv.md\/wp-content\/litespeed\/avatar\/91c0586f3f6f4396a4ec1287c965eeeb.jpg?ver=1776950945","contentUrl":"https:\/\/bas-tv.md\/wp-content\/litespeed\/avatar\/91c0586f3f6f4396a4ec1287c965eeeb.jpg?ver=1776950945","caption":"Redactor"},"url":"https:\/\/bas-tv.md\/ro\/author\/redactor\/"}]}},"views":952,"_links":{"self":[{"href":"https:\/\/bas-tv.md\/ro\/wp-json\/wp\/v2\/posts\/169982","targetHints":{"allow":["GET"]}}],"collection":[{"href":"https:\/\/bas-tv.md\/ro\/wp-json\/wp\/v2\/posts"}],"about":[{"href":"https:\/\/bas-tv.md\/ro\/wp-json\/wp\/v2\/types\/post"}],"author":[{"embeddable":true,"href":"https:\/\/bas-tv.md\/ro\/wp-json\/wp\/v2\/users\/3"}],"replies":[{"embeddable":true,"href":"https:\/\/bas-tv.md\/ro\/wp-json\/wp\/v2\/comments?post=169982"}],"version-history":[{"count":1,"href":"https:\/\/bas-tv.md\/ro\/wp-json\/wp\/v2\/posts\/169982\/revisions"}],"predecessor-version":[{"id":170022,"href":"https:\/\/bas-tv.md\/ro\/wp-json\/wp\/v2\/posts\/169982\/revisions\/170022"}],"wp:featuredmedia":[{"embeddable":true,"href":"https:\/\/bas-tv.md\/ro\/wp-json\/wp\/v2\/media\/170002"}],"wp:attachment":[{"href":"https:\/\/bas-tv.md\/ro\/wp-json\/wp\/v2\/media?parent=169982"}],"wp:term":[{"taxonomy":"category","embeddable":true,"href":"https:\/\/bas-tv.md\/ro\/wp-json\/wp\/v2\/categories?post=169982"},{"taxonomy":"post_tag","embeddable":true,"href":"https:\/\/bas-tv.md\/ro\/wp-json\/wp\/v2\/tags?post=169982"}],"curies":[{"name":"wp","href":"https:\/\/api.w.org\/{rel}","templated":true}]}}