{"id":170039,"date":"2025-12-23T11:30:22","date_gmt":"2025-12-23T09:30:22","guid":{"rendered":"https:\/\/bas-tv.md\/?p=170039"},"modified":"2025-12-22T15:37:41","modified_gmt":"2025-12-22T13:37:41","slug":"sarbatori-linistite-si-in-siguranta-ce-trebuie-sa-stie-locuitorii-raionului-basarabeasca","status":"publish","type":"post","link":"https:\/\/bas-tv.md\/ro\/sarbatori-linistite-si-in-siguranta-ce-trebuie-sa-stie-locuitorii-raionului-basarabeasca\/","title":{"rendered":"S\u0103rb\u0103tori lini\u0219tite \u0219i \u00een siguran\u021b\u0103: ce trebuie s\u0103 \u0219tie locuitorii raionului Basarabeasca"},"content":{"rendered":"<p><strong>\u00cen contextul apropierii s\u0103rb\u0103torilor de iarn\u0103, Sec\u0163ia Situa\u0163ii Excep\u0163ionale Basarabeasca vine cu un apel c\u0103tre locuitori s\u0103 acorde o aten\u021bie sporit\u0103 m\u0103surilor de prevenire a incendiilor. Perioada rece, decorarea locuin\u021belor \u0219i utilizarea instala\u021biilor electrice cresc riscul producerii unor incidente grave, care pot avea consecin\u021be tragice.<\/strong><\/p>\n<p>Bradul de Cr\u0103ciun, lumini\u021bele decorative, lum\u00e2n\u0103rile \u0219i alte ornamente creeaz\u0103 o atmosfer\u0103 festiv\u0103, \u00eens\u0103 utilizarea lor necorespunz\u0103toare poate transforma rapid bucuria s\u0103rb\u0103torilor \u00eentr-un pericol real. Speciali\u0219tii atrag aten\u021bia c\u0103, \u00een fiecare an, numeroase incendii sunt provocate de instala\u021bii electrice defecte, amplasarea incorect\u0103 a pomului de iarn\u0103 sau folosirea focului deschis \u00een apropierea materialelor combustibile.<\/p>\n<p>Pentru a evita astfel de situa\u021bii, se recomand\u0103 ca bradul de Cr\u0103ciun s\u0103 fie amplasat \u00eentr-un loc stabil, pe suporturi din materiale incombustibile, f\u0103r\u0103 a bloca c\u0103ile de acces sau evacuare. Acesta trebuie pozi\u021bionat la distan\u021b\u0103 sigur\u0103 de surse de c\u0103ldur\u0103, perdele, draperii sau alte obiecte u\u0219or inflamabile. De asemenea, ramurile nu trebuie s\u0103 ating\u0103 pere\u021bii sau tavanul.<\/p>\n<p>\u00cen ceea ce prive\u0219te iluminatul festiv, este important ca instala\u021biile electrice s\u0103 fie bine izolate, cu contacte sigure, alimentate de surse care nu prezint\u0103 pericol de incendiu. Ghirlandele nu trebuie l\u0103sate conectate f\u0103r\u0103 supraveghere, mai ales pe timpul nop\u021bii.<\/p>\n<p>Sec\u0163ia Situa\u0163ii Excep\u0163ionale Basarabeasca subliniaz\u0103 c\u0103 este strict interzis\u0103 utilizarea articolelor pirotehnice, a lum\u00e2n\u0103rilor cu flac\u0103r\u0103 deschis\u0103 sau efectuarea lucr\u0103rilor cu foc \u00een \u00eenc\u0103perile unde se afl\u0103 bradul de Cr\u0103ciun. Chiar \u0219i o sc\u00e2nteie poate aprinde rapid costumele de carnaval sau decora\u021biunile inflamabile.<\/p>\n<p>\u00cen cazul izbucnirii unui incendiu, cet\u0103\u021benii sunt \u00eendemna\u021bi s\u0103 apeleze de urgen\u021b\u0103 num\u0103rul 112, s\u0103 \u00eenceap\u0103 evacuarea persoanelor c\u0103tre zone sigure \u0219i s\u0103 intervin\u0103, dac\u0103 este posibil, cu mijloacele de stingere disponibile.<\/p>\n<p>Respectarea regulilor de siguran\u021b\u0103 poate face diferen\u021ba dintre s\u0103rb\u0103tori lini\u0219tite \u0219i situa\u021bii de risc. Sec\u0163ia Situa\u0163ii Excep\u0163ionale Basarabeasca \u00eendeamn\u0103 to\u021bi locuitorii raionului s\u0103 fie responsabili \u0219i s\u0103 contribuie la desf\u0103\u0219urarea unor s\u0103rb\u0103tori de iarn\u0103 f\u0103r\u0103 incidente.<\/p>\n<div id='gallery-1' class='gallery galleryid-170039 gallery-columns-2 gallery-size-full'><figure class='gallery-item'>\n\t\t\t<div class='gallery-icon portrait'>\n\t\t\t\t<a href='https:\/\/bas-tv.md\/wp-content\/uploads\/2025\/12\/anexa-4-ro.jpg'><img fetchpriority=\"high\" decoding=\"async\" width=\"1215\" height=\"1755\" src=\"https:\/\/bas-tv.md\/wp-content\/uploads\/2025\/12\/anexa-4-ro.jpg\" class=\"attachment-full size-full\" alt=\"\" srcset=\"https:\/\/bas-tv.md\/wp-content\/uploads\/2025\/12\/anexa-4-ro.jpg 1215w, https:\/\/bas-tv.md\/wp-content\/uploads\/2025\/12\/anexa-4-ro-208x300.jpg 208w, https:\/\/bas-tv.md\/wp-content\/uploads\/2025\/12\/anexa-4-ro-709x1024.jpg 709w, https:\/\/bas-tv.md\/wp-content\/uploads\/2025\/12\/anexa-4-ro-768x1109.jpg 768w, https:\/\/bas-tv.md\/wp-content\/uploads\/2025\/12\/anexa-4-ro-1063x1536.jpg 1063w, https:\/\/bas-tv.md\/wp-content\/uploads\/2025\/12\/anexa-4-ro-1200x1733.jpg 1200w\" sizes=\"(max-width: 1215px) 100vw, 1215px\" \/><\/a>\n\t\t\t<\/div><\/figure><figure class='gallery-item'>\n\t\t\t<div class='gallery-icon portrait'>\n\t\t\t\t<a href='https:\/\/bas-tv.md\/wp-content\/uploads\/2025\/12\/anexa-3-ro.jpg'><img decoding=\"async\" width=\"1215\" height=\"1755\" src=\"https:\/\/bas-tv.md\/wp-content\/uploads\/2025\/12\/anexa-3-ro.jpg\" class=\"attachment-full size-full\" alt=\"\" srcset=\"https:\/\/bas-tv.md\/wp-content\/uploads\/2025\/12\/anexa-3-ro.jpg 1215w, https:\/\/bas-tv.md\/wp-content\/uploads\/2025\/12\/anexa-3-ro-208x300.jpg 208w, https:\/\/bas-tv.md\/wp-content\/uploads\/2025\/12\/anexa-3-ro-709x1024.jpg 709w, https:\/\/bas-tv.md\/wp-content\/uploads\/2025\/12\/anexa-3-ro-768x1109.jpg 768w, https:\/\/bas-tv.md\/wp-content\/uploads\/2025\/12\/anexa-3-ro-1063x1536.jpg 1063w, https:\/\/bas-tv.md\/wp-content\/uploads\/2025\/12\/anexa-3-ro-1200x1733.jpg 1200w\" sizes=\"(max-width: 1215px) 100vw, 1215px\" \/><\/a>\n\t\t\t<\/div><\/figure>\n\t\t<\/div>\n\n<p><strong>Sus\u021bine\u021bi redac\u021bia BAStv, abona\u021bi-v\u0103 la noi pe platforma\u00a0<a href=\"https:\/\/www.patreon.com\/BAStv?fan_landing=true&amp;fbclid=IwAR3MeSDKfH4ixBydCXX9D1lhrCszhps3ID5uxuGA-Ktd4MTkZCRdlcEZkQI\">Patreon\u00a0<\/a>sau prin efectuarea contribu\u021biilor prin\u00a0<a href=\"https:\/\/www.paypal.com\/paypalme\/supportbastv\">PayPal<\/a>! Aceasta ne va ajuta s\u0103 cre\u0103m con\u021binut interesant \u0219i util pentru dvs., r\u0103m\u00e2n\u00e2nd \u00een continuare o platform\u0103 media independent\u0103.<\/strong><\/p>\n<div class=\"elementor-element elementor-element-5fc6b9d elementor-widget elementor-widget-theme-post-content\" data-id=\"5fc6b9d\" data-element_type=\"widget\" data-widget_type=\"theme-post-content.default\">\n<div class=\"elementor-widget-container\">\n<p><b>Abona\u021bi-v\u0103 la noi pe re\u021bele sociale:\u00a0<\/b><a href=\"https:\/\/t.me\/bastvmd\"><b><i>Telegram<\/i><\/b><\/a><b>,\u00a0<\/b><a href=\"https:\/\/www.youtube.com\/channel\/UC-9005PnLnhpNM8PVSjP2dQ\/featured\"><b><i>YouTube<\/i><\/b><\/a><b>,\u00a0<\/b><a href=\"https:\/\/www.facebook.com\/bastv.md\"><b><i>Facebook<\/i><\/b><\/a>\u00a0\u0219i\u00a0<a href=\"https:\/\/www.instagram.com\/bastv.md\/\"><b><i>Instagram<\/i><\/b><\/a><b>.\u00a0 Aici public\u0103m \u0219tiri pe scurt!<\/b><\/p>\n<\/div>\n<\/div>\n","protected":false},"excerpt":{"rendered":"<p>\u00cen contextul apropierii s\u0103rb\u0103torilor de iarn\u0103, Sec\u0163ia Situa\u0163ii Excep\u0163ionale Basarabeasca vine cu un apel c\u0103tre locuitori s\u0103 acorde o aten\u021bie sporit\u0103 m\u0103surilor de prevenire a incendiilor. Perioada rece, decorarea locuin\u021belor \u0219i utilizarea instala\u021biilor electrice cresc riscul producerii unor incidente grave, care pot avea consecin\u021be tragice. Bradul de Cr\u0103ciun, lumini\u021bele decorative, lum\u00e2n\u0103rile \u0219i alte ornamente creeaz\u0103 [&hellip;]<\/p>\n","protected":false},"author":3,"featured_media":170050,"comment_status":"closed","ping_status":"closed","sticky":false,"template":"","format":"standard","meta":{"footnotes":""},"categories":[576,574],"tags":[16409,693,16407,16408,3209,5063,4779],"class_list":["post-170039","post","type-post","status-publish","format-standard","has-post-thumbnail","hentry","category-instructiuni","category-util","tag-apel-catre-cetateni","tag-basarabeasca-ro","tag-brad-de-craciun","tag-instalatii-electrice","tag-prevenirea-incendiilor","tag-sarbatori-de-iarna","tag-sectia-situatii-exceptionale"],"yoast_head":"<!-- This site is optimized with the Yoast SEO plugin v27.5 - https:\/\/yoast.com\/product\/yoast-seo-wordpress\/ -->\n<title>Avertisment SSE Basarabeasca: reguli de siguran\u021b\u0103 de s\u0103rb\u0103tori<\/title>\n<meta name=\"description\" content=\"Sec\u021bia Situa\u021bii Excep\u021bionale Basarabeasca avertizeaz\u0103 asupra riscului de incendii \u00een perioada s\u0103rb\u0103torilor de iarn\u0103.\" \/>\n<meta name=\"robots\" content=\"index, follow, max-snippet:-1, max-image-preview:large, max-video-preview:-1\" \/>\n<link rel=\"canonical\" href=\"https:\/\/bas-tv.md\/ro\/sarbatori-linistite-si-in-siguranta-ce-trebuie-sa-stie-locuitorii-raionului-basarabeasca\/\" \/>\n<meta property=\"og:locale\" content=\"ro_RO\" \/>\n<meta property=\"og:type\" content=\"article\" \/>\n<meta property=\"og:title\" content=\"Avertisment SSE Basarabeasca: reguli de siguran\u021b\u0103 de s\u0103rb\u0103tori\" \/>\n<meta property=\"og:description\" content=\"Sec\u021bia Situa\u021bii Excep\u021bionale Basarabeasca avertizeaz\u0103 asupra riscului de incendii \u00een perioada s\u0103rb\u0103torilor de iarn\u0103.\" \/>\n<meta property=\"og:url\" content=\"https:\/\/bas-tv.md\/ro\/sarbatori-linistite-si-in-siguranta-ce-trebuie-sa-stie-locuitorii-raionului-basarabeasca\/\" \/>\n<meta property=\"og:site_name\" content=\"BasTV\" \/>\n<meta property=\"article:published_time\" content=\"2025-12-23T09:30:22+00:00\" \/>\n<meta property=\"og:image\" content=\"https:\/\/bas-tv.md\/wp-content\/uploads\/2025\/12\/brad-si-soba.jpg\" \/>\n\t<meta property=\"og:image:width\" content=\"900\" \/>\n\t<meta property=\"og:image:height\" content=\"505\" \/>\n\t<meta property=\"og:image:type\" content=\"image\/jpeg\" \/>\n<meta name=\"author\" content=\"Redactor\" \/>\n<meta name=\"twitter:card\" content=\"summary_large_image\" \/>\n<meta name=\"twitter:label1\" content=\"Scris de\" \/>\n\t<meta name=\"twitter:data1\" content=\"Redactor\" \/>\n\t<meta name=\"twitter:label2\" content=\"Timp estimat pentru citire\" \/>\n\t<meta name=\"twitter:data2\" content=\"3 minute\" \/>\n<script type=\"application\/ld+json\" class=\"yoast-schema-graph\">{\"@context\":\"https:\\\/\\\/schema.org\",\"@graph\":[{\"@type\":\"Article\",\"@id\":\"https:\\\/\\\/bas-tv.md\\\/ro\\\/sarbatori-linistite-si-in-siguranta-ce-trebuie-sa-stie-locuitorii-raionului-basarabeasca\\\/#article\",\"isPartOf\":{\"@id\":\"https:\\\/\\\/bas-tv.md\\\/ro\\\/sarbatori-linistite-si-in-siguranta-ce-trebuie-sa-stie-locuitorii-raionului-basarabeasca\\\/\"},\"author\":{\"name\":\"Redactor\",\"@id\":\"https:\\\/\\\/bas-tv.md\\\/ro\\\/#\\\/schema\\\/person\\\/8740f45ea2eca1f1695284fc03529af0\"},\"headline\":\"S\u0103rb\u0103tori lini\u0219tite \u0219i \u00een siguran\u021b\u0103: ce trebuie s\u0103 \u0219tie locuitorii raionului Basarabeasca\",\"datePublished\":\"2025-12-23T09:30:22+00:00\",\"mainEntityOfPage\":{\"@id\":\"https:\\\/\\\/bas-tv.md\\\/ro\\\/sarbatori-linistite-si-in-siguranta-ce-trebuie-sa-stie-locuitorii-raionului-basarabeasca\\\/\"},\"wordCount\":453,\"publisher\":{\"@id\":\"https:\\\/\\\/bas-tv.md\\\/ro\\\/#organization\"},\"image\":{\"@id\":\"https:\\\/\\\/bas-tv.md\\\/ro\\\/sarbatori-linistite-si-in-siguranta-ce-trebuie-sa-stie-locuitorii-raionului-basarabeasca\\\/#primaryimage\"},\"thumbnailUrl\":\"https:\\\/\\\/bas-tv.md\\\/wp-content\\\/uploads\\\/2025\\\/12\\\/brad-si-soba.jpg\",\"keywords\":[\"apel c\u0103tre cet\u0103\u021beni\",\"Basarabeasca\",\"brad de Cr\u0103ciun\",\"instala\u021bii electrice\",\"prevenirea incendiilor\",\"s\u0103rb\u0103tori de iarn\u0103\",\"Sec\u021bia Situa\u021bii Excep\u021bionale\"],\"articleSection\":[\"Instruc\u021biuni\",\"Util\"],\"inLanguage\":\"ro-RO\"},{\"@type\":\"WebPage\",\"@id\":\"https:\\\/\\\/bas-tv.md\\\/ro\\\/sarbatori-linistite-si-in-siguranta-ce-trebuie-sa-stie-locuitorii-raionului-basarabeasca\\\/\",\"url\":\"https:\\\/\\\/bas-tv.md\\\/ro\\\/sarbatori-linistite-si-in-siguranta-ce-trebuie-sa-stie-locuitorii-raionului-basarabeasca\\\/\",\"name\":\"Avertisment SSE Basarabeasca: reguli de siguran\u021b\u0103 de s\u0103rb\u0103tori\",\"isPartOf\":{\"@id\":\"https:\\\/\\\/bas-tv.md\\\/ro\\\/#website\"},\"primaryImageOfPage\":{\"@id\":\"https:\\\/\\\/bas-tv.md\\\/ro\\\/sarbatori-linistite-si-in-siguranta-ce-trebuie-sa-stie-locuitorii-raionului-basarabeasca\\\/#primaryimage\"},\"image\":{\"@id\":\"https:\\\/\\\/bas-tv.md\\\/ro\\\/sarbatori-linistite-si-in-siguranta-ce-trebuie-sa-stie-locuitorii-raionului-basarabeasca\\\/#primaryimage\"},\"thumbnailUrl\":\"https:\\\/\\\/bas-tv.md\\\/wp-content\\\/uploads\\\/2025\\\/12\\\/brad-si-soba.jpg\",\"datePublished\":\"2025-12-23T09:30:22+00:00\",\"description\":\"Sec\u021bia Situa\u021bii Excep\u021bionale Basarabeasca avertizeaz\u0103 asupra riscului de incendii \u00een perioada s\u0103rb\u0103torilor de iarn\u0103.\",\"inLanguage\":\"ro-RO\",\"potentialAction\":[{\"@type\":\"ReadAction\",\"target\":[\"https:\\\/\\\/bas-tv.md\\\/ro\\\/sarbatori-linistite-si-in-siguranta-ce-trebuie-sa-stie-locuitorii-raionului-basarabeasca\\\/\"]}]},{\"@type\":\"ImageObject\",\"inLanguage\":\"ro-RO\",\"@id\":\"https:\\\/\\\/bas-tv.md\\\/ro\\\/sarbatori-linistite-si-in-siguranta-ce-trebuie-sa-stie-locuitorii-raionului-basarabeasca\\\/#primaryimage\",\"url\":\"https:\\\/\\\/bas-tv.md\\\/wp-content\\\/uploads\\\/2025\\\/12\\\/brad-si-soba.jpg\",\"contentUrl\":\"https:\\\/\\\/bas-tv.md\\\/wp-content\\\/uploads\\\/2025\\\/12\\\/brad-si-soba.jpg\",\"width\":900,\"height\":505,\"caption\":\"Foto: realitatea.md\"},{\"@type\":\"WebSite\",\"@id\":\"https:\\\/\\\/bas-tv.md\\\/ro\\\/#website\",\"url\":\"https:\\\/\\\/bas-tv.md\\\/ro\\\/\",\"name\":\"BasTV\",\"description\":\"Moldova\",\"publisher\":{\"@id\":\"https:\\\/\\\/bas-tv.md\\\/ro\\\/#organization\"},\"potentialAction\":[{\"@type\":\"SearchAction\",\"target\":{\"@type\":\"EntryPoint\",\"urlTemplate\":\"https:\\\/\\\/bas-tv.md\\\/ro\\\/?s={search_term_string}\"},\"query-input\":{\"@type\":\"PropertyValueSpecification\",\"valueRequired\":true,\"valueName\":\"search_term_string\"}}],\"inLanguage\":\"ro-RO\"},{\"@type\":\"Organization\",\"@id\":\"https:\\\/\\\/bas-tv.md\\\/ro\\\/#organization\",\"name\":\"BasTV\",\"url\":\"https:\\\/\\\/bas-tv.md\\\/ro\\\/\",\"logo\":{\"@type\":\"ImageObject\",\"inLanguage\":\"ro-RO\",\"@id\":\"https:\\\/\\\/bas-tv.md\\\/ro\\\/#\\\/schema\\\/logo\\\/image\\\/\",\"url\":\"https:\\\/\\\/bas-tv.md\\\/wp-content\\\/uploads\\\/2023\\\/05\\\/bas-tv-culoarea-rosie.png\",\"contentUrl\":\"https:\\\/\\\/bas-tv.md\\\/wp-content\\\/uploads\\\/2023\\\/05\\\/bas-tv-culoarea-rosie.png\",\"width\":202,\"height\":50,\"caption\":\"BasTV\"},\"image\":{\"@id\":\"https:\\\/\\\/bas-tv.md\\\/ro\\\/#\\\/schema\\\/logo\\\/image\\\/\"}},{\"@type\":\"Person\",\"@id\":\"https:\\\/\\\/bas-tv.md\\\/ro\\\/#\\\/schema\\\/person\\\/8740f45ea2eca1f1695284fc03529af0\",\"name\":\"Redactor\",\"image\":{\"@type\":\"ImageObject\",\"inLanguage\":\"ro-RO\",\"@id\":\"https:\\\/\\\/bas-tv.md\\\/wp-content\\\/litespeed\\\/avatar\\\/91c0586f3f6f4396a4ec1287c965eeeb.jpg?ver=1776950945\",\"url\":\"https:\\\/\\\/bas-tv.md\\\/wp-content\\\/litespeed\\\/avatar\\\/91c0586f3f6f4396a4ec1287c965eeeb.jpg?ver=1776950945\",\"contentUrl\":\"https:\\\/\\\/bas-tv.md\\\/wp-content\\\/litespeed\\\/avatar\\\/91c0586f3f6f4396a4ec1287c965eeeb.jpg?ver=1776950945\",\"caption\":\"Redactor\"},\"url\":\"https:\\\/\\\/bas-tv.md\\\/ro\\\/author\\\/redactor\\\/\"}]}<\/script>\n<!-- \/ Yoast SEO plugin. -->","yoast_head_json":{"title":"Avertisment SSE Basarabeasca: reguli de siguran\u021b\u0103 de s\u0103rb\u0103tori","description":"Sec\u021bia Situa\u021bii Excep\u021bionale Basarabeasca avertizeaz\u0103 asupra riscului de incendii \u00een perioada s\u0103rb\u0103torilor de iarn\u0103.","robots":{"index":"index","follow":"follow","max-snippet":"max-snippet:-1","max-image-preview":"max-image-preview:large","max-video-preview":"max-video-preview:-1"},"canonical":"https:\/\/bas-tv.md\/ro\/sarbatori-linistite-si-in-siguranta-ce-trebuie-sa-stie-locuitorii-raionului-basarabeasca\/","og_locale":"ro_RO","og_type":"article","og_title":"Avertisment SSE Basarabeasca: reguli de siguran\u021b\u0103 de s\u0103rb\u0103tori","og_description":"Sec\u021bia Situa\u021bii Excep\u021bionale Basarabeasca avertizeaz\u0103 asupra riscului de incendii \u00een perioada s\u0103rb\u0103torilor de iarn\u0103.","og_url":"https:\/\/bas-tv.md\/ro\/sarbatori-linistite-si-in-siguranta-ce-trebuie-sa-stie-locuitorii-raionului-basarabeasca\/","og_site_name":"BasTV","article_published_time":"2025-12-23T09:30:22+00:00","og_image":[{"width":900,"height":505,"url":"https:\/\/bas-tv.md\/wp-content\/uploads\/2025\/12\/brad-si-soba.jpg","type":"image\/jpeg"}],"author":"Redactor","twitter_card":"summary_large_image","twitter_misc":{"Scris de":"Redactor","Timp estimat pentru citire":"3 minute"},"schema":{"@context":"https:\/\/schema.org","@graph":[{"@type":"Article","@id":"https:\/\/bas-tv.md\/ro\/sarbatori-linistite-si-in-siguranta-ce-trebuie-sa-stie-locuitorii-raionului-basarabeasca\/#article","isPartOf":{"@id":"https:\/\/bas-tv.md\/ro\/sarbatori-linistite-si-in-siguranta-ce-trebuie-sa-stie-locuitorii-raionului-basarabeasca\/"},"author":{"name":"Redactor","@id":"https:\/\/bas-tv.md\/ro\/#\/schema\/person\/8740f45ea2eca1f1695284fc03529af0"},"headline":"S\u0103rb\u0103tori lini\u0219tite \u0219i \u00een siguran\u021b\u0103: ce trebuie s\u0103 \u0219tie locuitorii raionului Basarabeasca","datePublished":"2025-12-23T09:30:22+00:00","mainEntityOfPage":{"@id":"https:\/\/bas-tv.md\/ro\/sarbatori-linistite-si-in-siguranta-ce-trebuie-sa-stie-locuitorii-raionului-basarabeasca\/"},"wordCount":453,"publisher":{"@id":"https:\/\/bas-tv.md\/ro\/#organization"},"image":{"@id":"https:\/\/bas-tv.md\/ro\/sarbatori-linistite-si-in-siguranta-ce-trebuie-sa-stie-locuitorii-raionului-basarabeasca\/#primaryimage"},"thumbnailUrl":"https:\/\/bas-tv.md\/wp-content\/uploads\/2025\/12\/brad-si-soba.jpg","keywords":["apel c\u0103tre cet\u0103\u021beni","Basarabeasca","brad de Cr\u0103ciun","instala\u021bii electrice","prevenirea incendiilor","s\u0103rb\u0103tori de iarn\u0103","Sec\u021bia Situa\u021bii Excep\u021bionale"],"articleSection":["Instruc\u021biuni","Util"],"inLanguage":"ro-RO"},{"@type":"WebPage","@id":"https:\/\/bas-tv.md\/ro\/sarbatori-linistite-si-in-siguranta-ce-trebuie-sa-stie-locuitorii-raionului-basarabeasca\/","url":"https:\/\/bas-tv.md\/ro\/sarbatori-linistite-si-in-siguranta-ce-trebuie-sa-stie-locuitorii-raionului-basarabeasca\/","name":"Avertisment SSE Basarabeasca: reguli de siguran\u021b\u0103 de s\u0103rb\u0103tori","isPartOf":{"@id":"https:\/\/bas-tv.md\/ro\/#website"},"primaryImageOfPage":{"@id":"https:\/\/bas-tv.md\/ro\/sarbatori-linistite-si-in-siguranta-ce-trebuie-sa-stie-locuitorii-raionului-basarabeasca\/#primaryimage"},"image":{"@id":"https:\/\/bas-tv.md\/ro\/sarbatori-linistite-si-in-siguranta-ce-trebuie-sa-stie-locuitorii-raionului-basarabeasca\/#primaryimage"},"thumbnailUrl":"https:\/\/bas-tv.md\/wp-content\/uploads\/2025\/12\/brad-si-soba.jpg","datePublished":"2025-12-23T09:30:22+00:00","description":"Sec\u021bia Situa\u021bii Excep\u021bionale Basarabeasca avertizeaz\u0103 asupra riscului de incendii \u00een perioada s\u0103rb\u0103torilor de iarn\u0103.","inLanguage":"ro-RO","potentialAction":[{"@type":"ReadAction","target":["https:\/\/bas-tv.md\/ro\/sarbatori-linistite-si-in-siguranta-ce-trebuie-sa-stie-locuitorii-raionului-basarabeasca\/"]}]},{"@type":"ImageObject","inLanguage":"ro-RO","@id":"https:\/\/bas-tv.md\/ro\/sarbatori-linistite-si-in-siguranta-ce-trebuie-sa-stie-locuitorii-raionului-basarabeasca\/#primaryimage","url":"https:\/\/bas-tv.md\/wp-content\/uploads\/2025\/12\/brad-si-soba.jpg","contentUrl":"https:\/\/bas-tv.md\/wp-content\/uploads\/2025\/12\/brad-si-soba.jpg","width":900,"height":505,"caption":"Foto: realitatea.md"},{"@type":"WebSite","@id":"https:\/\/bas-tv.md\/ro\/#website","url":"https:\/\/bas-tv.md\/ro\/","name":"BasTV","description":"Moldova","publisher":{"@id":"https:\/\/bas-tv.md\/ro\/#organization"},"potentialAction":[{"@type":"SearchAction","target":{"@type":"EntryPoint","urlTemplate":"https:\/\/bas-tv.md\/ro\/?s={search_term_string}"},"query-input":{"@type":"PropertyValueSpecification","valueRequired":true,"valueName":"search_term_string"}}],"inLanguage":"ro-RO"},{"@type":"Organization","@id":"https:\/\/bas-tv.md\/ro\/#organization","name":"BasTV","url":"https:\/\/bas-tv.md\/ro\/","logo":{"@type":"ImageObject","inLanguage":"ro-RO","@id":"https:\/\/bas-tv.md\/ro\/#\/schema\/logo\/image\/","url":"https:\/\/bas-tv.md\/wp-content\/uploads\/2023\/05\/bas-tv-culoarea-rosie.png","contentUrl":"https:\/\/bas-tv.md\/wp-content\/uploads\/2023\/05\/bas-tv-culoarea-rosie.png","width":202,"height":50,"caption":"BasTV"},"image":{"@id":"https:\/\/bas-tv.md\/ro\/#\/schema\/logo\/image\/"}},{"@type":"Person","@id":"https:\/\/bas-tv.md\/ro\/#\/schema\/person\/8740f45ea2eca1f1695284fc03529af0","name":"Redactor","image":{"@type":"ImageObject","inLanguage":"ro-RO","@id":"https:\/\/bas-tv.md\/wp-content\/litespeed\/avatar\/91c0586f3f6f4396a4ec1287c965eeeb.jpg?ver=1776950945","url":"https:\/\/bas-tv.md\/wp-content\/litespeed\/avatar\/91c0586f3f6f4396a4ec1287c965eeeb.jpg?ver=1776950945","contentUrl":"https:\/\/bas-tv.md\/wp-content\/litespeed\/avatar\/91c0586f3f6f4396a4ec1287c965eeeb.jpg?ver=1776950945","caption":"Redactor"},"url":"https:\/\/bas-tv.md\/ro\/author\/redactor\/"}]}},"views":266,"_links":{"self":[{"href":"https:\/\/bas-tv.md\/ro\/wp-json\/wp\/v2\/posts\/170039","targetHints":{"allow":["GET"]}}],"collection":[{"href":"https:\/\/bas-tv.md\/ro\/wp-json\/wp\/v2\/posts"}],"about":[{"href":"https:\/\/bas-tv.md\/ro\/wp-json\/wp\/v2\/types\/post"}],"author":[{"embeddable":true,"href":"https:\/\/bas-tv.md\/ro\/wp-json\/wp\/v2\/users\/3"}],"replies":[{"embeddable":true,"href":"https:\/\/bas-tv.md\/ro\/wp-json\/wp\/v2\/comments?post=170039"}],"version-history":[{"count":3,"href":"https:\/\/bas-tv.md\/ro\/wp-json\/wp\/v2\/posts\/170039\/revisions"}],"predecessor-version":[{"id":170052,"href":"https:\/\/bas-tv.md\/ro\/wp-json\/wp\/v2\/posts\/170039\/revisions\/170052"}],"wp:featuredmedia":[{"embeddable":true,"href":"https:\/\/bas-tv.md\/ro\/wp-json\/wp\/v2\/media\/170050"}],"wp:attachment":[{"href":"https:\/\/bas-tv.md\/ro\/wp-json\/wp\/v2\/media?parent=170039"}],"wp:term":[{"taxonomy":"category","embeddable":true,"href":"https:\/\/bas-tv.md\/ro\/wp-json\/wp\/v2\/categories?post=170039"},{"taxonomy":"post_tag","embeddable":true,"href":"https:\/\/bas-tv.md\/ro\/wp-json\/wp\/v2\/tags?post=170039"}],"curies":[{"name":"wp","href":"https:\/\/api.w.org\/{rel}","templated":true}]}}