{"id":170077,"date":"2025-12-24T13:00:01","date_gmt":"2025-12-24T11:00:01","guid":{"rendered":"https:\/\/bas-tv.md\/?p=170077"},"modified":"2025-12-24T12:08:15","modified_gmt":"2025-12-24T10:08:15","slug":"foto-a-fost-renovat-centrul-comunitar-cimislia-un-spatiu-deschis-pentru-dialog-cultura-si-implicare-civica","status":"publish","type":"post","link":"https:\/\/bas-tv.md\/ro\/foto-a-fost-renovat-centrul-comunitar-cimislia-un-spatiu-deschis-pentru-dialog-cultura-si-implicare-civica\/","title":{"rendered":"(FOTO) A fost renovat Centrul Comunitar Cimi\u0219lia &#8211; un spa\u021biu deschis pentru dialog, cultur\u0103 \u0219i implicare civic\u0103"},"content":{"rendered":"<p data-start=\"228\" data-end=\"546\"><strong data-start=\"228\" data-end=\"546\">La Cimi\u0219lia, a fost inaugurat un centru comunitar modern \u0219i accesibil, g\u00e2ndit ca un spa\u021biu pentru dialog, \u00eenv\u0103\u021bare \u0219i implicare civic\u0103. Centrul Comunitar Cimi\u0219lia \u00ee\u0219i propune s\u0103 devin\u0103 un punct de referin\u021b\u0103 pentru via\u021ba social\u0103 \u0219i cultural\u0103 a ora\u0219ului, r\u0103spunz\u00e2nd nevoilor diverselor categorii de locuitori.<\/strong><\/p>\n<p data-start=\"548\" data-end=\"890\">Centrul Comunitar a fost amenajat \u00een incinta Casei de Cultur\u0103 Cimi\u0219lia \u0219i reprezint\u0103 rezultatul unui efort comun al administra\u021biei publice locale \u0219i al societ\u0103\u021bii civile. Proiectul urm\u0103re\u0219te crearea unui spa\u021biu multifunc\u021bional, accesibil \u0219i incluziv, at\u00e2t pentru tineri, c\u00e2t \u0219i pentru adul\u021bi sau persoanele \u00een v\u00e2rst\u0103, inclusiv cele cu dizabilit\u0103\u021bi.<\/p>\n<p data-start=\"892\" data-end=\"1273\">Ini\u021biativa este implementat\u0103 de Prim\u0103ria ora\u0219ului Cimi\u0219lia, \u00een parteneriat cu Asocia\u021bia Ob\u0219teasc\u0103 \u201ePro Cimi\u0219lia\u201d, \u00een cadrul programului \u201eLa un LOC\u201d, derulat de organiza\u021bia Laolalt\u0103, cu sprijinul UMAEF. Reabilitarea spa\u021biului a fost realizat\u0103 cu ajutorul unui grant \u00een valoare de 10 000 de dolari, la care s-a ad\u0103ugat o contribu\u021bie financiar\u0103 similar\u0103 din partea autorit\u0103\u021bii locale.<\/p>\n<p data-start=\"1275\" data-end=\"1676\">Spa\u021biul renovat este conceput ca un loc de reuniune a membrilor comunit\u0103\u021bii locale, unde vor fi organizate cursuri de IT \u0219i educa\u021bie financiar\u0103 pentru tineri, activit\u0103\u021bi culturale, precum ateliere de me\u0219te\u0219uguri, dans sau teatru, dar \u0219i dialoguri sociale \u0219i \u00eent\u00e2lniri intergenera\u021bionale. Totodat\u0103, centrul va g\u0103zdui evenimente pentru persoanele care au nevoie de sprijin, de \u00een\u021belegere \u0219i de ascultare.<\/p>\n<p data-start=\"1678\" data-end=\"2046\">Reprezentan\u021bii Prim\u0103riei Cimi\u0219lia subliniaz\u0103 c\u0103 acest centru nu este doar un spa\u021biu fizic renovat, ci \u0219i un instrument de consolidare a coeziunii sociale, menit s\u0103 aduc\u0103 oamenii mai aproape unii de al\u021bii \u0219i s\u0103 stimuleze participarea civic\u0103:<\/p>\n<blockquote>\n<p data-start=\"1678\" data-end=\"2046\">\u201eAcest proiect este o dovad\u0103 clar\u0103 c\u0103, atunci c\u00e2nd administra\u021bia public\u0103 local\u0103, organiza\u021biile civice \u0219i cet\u0103\u021benii activi colaboreaz\u0103, se pot crea spa\u021bii care aduc oamenii mai aproape \u0219i \u00eent\u0103resc spiritul comunitar al ora\u0219ului nostru\u201d, a transmis Prim\u0103ria Cimi\u0219lia \u00eentr-un comunicat.<\/p>\n<\/blockquote>\n<p data-start=\"2048\" data-end=\"2501\">La nivel na\u021bional, proiectul \u201eLa un LOC\u201d a sprijinit deschiderea a nou\u0103 spa\u021bii comunitare \u00een localit\u0103\u021bi din diferite regiuni ale Republicii Moldova, de la nord la sud, printre care Cimi\u0219lia, Palanca, Anenii Noi, D\u0103nceni, C\u0103u\u0219eni, Costuleni, Trebujeni, Telene\u0219ti \u0219i Trife\u0219ti. Aceste ini\u021biative au vizat adaptarea spa\u021biilor publice la nevoile locale, transform\u00e2nd biblioteci, case de cultur\u0103, s\u0103li multifunc\u021bionale sau centre pentru v\u00e2rstnici \u00een locuri accesibile \u0219i prietenoase pentru comunitate.<\/p>\n<p data-start=\"2503\" data-end=\"2875\">Mai mult, finalizarea proiectului a pus bazele unei platforme de colaborare \u00eentre noile centre comunitare \u0219i re\u021beaua Laolalt\u0103, cu scopul de a \u00eencuraja schimbul de experien\u021b\u0103 \u0219i dezvoltarea unor ini\u021biative comune. Astfel, Centrul Comunitar Cimi\u0219lia devine parte a unei re\u021bele mai largi de spa\u021bii care promoveaz\u0103 implicarea, solidaritatea \u0219i dezvoltarea comunitar\u0103 durabil\u0103.<\/p>\n<div id='gallery-1' class='gallery galleryid-170077 gallery-columns-3 gallery-size-large'><figure class='gallery-item'>\n\t\t\t<div class='gallery-icon landscape'>\n\t\t\t\t<a href='https:\/\/bas-tv.md\/ro\/foto-a-fost-renovat-centrul-comunitar-cimislia-un-spatiu-deschis-pentru-dialog-cultura-si-implicare-civica\/605413610_1185710820378468_5985723583873460442_n\/'><img fetchpriority=\"high\" decoding=\"async\" width=\"580\" height=\"387\" src=\"https:\/\/bas-tv.md\/wp-content\/uploads\/2025\/12\/605413610_1185710820378468_5985723583873460442_n-1024x683.jpg\" class=\"attachment-large size-large\" alt=\"\" srcset=\"https:\/\/bas-tv.md\/wp-content\/uploads\/2025\/12\/605413610_1185710820378468_5985723583873460442_n-1024x683.jpg 1024w, https:\/\/bas-tv.md\/wp-content\/uploads\/2025\/12\/605413610_1185710820378468_5985723583873460442_n-300x200.jpg 300w, https:\/\/bas-tv.md\/wp-content\/uploads\/2025\/12\/605413610_1185710820378468_5985723583873460442_n-768x512.jpg 768w, https:\/\/bas-tv.md\/wp-content\/uploads\/2025\/12\/605413610_1185710820378468_5985723583873460442_n-1536x1024.jpg 1536w, https:\/\/bas-tv.md\/wp-content\/uploads\/2025\/12\/605413610_1185710820378468_5985723583873460442_n-1200x800.jpg 1200w, https:\/\/bas-tv.md\/wp-content\/uploads\/2025\/12\/605413610_1185710820378468_5985723583873460442_n-1980x1320.jpg 1980w, https:\/\/bas-tv.md\/wp-content\/uploads\/2025\/12\/605413610_1185710820378468_5985723583873460442_n.jpg 2048w\" sizes=\"(max-width: 580px) 100vw, 580px\" \/><\/a>\n\t\t\t<\/div><\/figure><figure class='gallery-item'>\n\t\t\t<div class='gallery-icon landscape'>\n\t\t\t\t<a href='https:\/\/bas-tv.md\/ro\/foto-a-fost-renovat-centrul-comunitar-cimislia-un-spatiu-deschis-pentru-dialog-cultura-si-implicare-civica\/603875543_1185710357045181_7376754699220434052_n\/'><img decoding=\"async\" width=\"580\" height=\"387\" src=\"https:\/\/bas-tv.md\/wp-content\/uploads\/2025\/12\/603875543_1185710357045181_7376754699220434052_n-1024x683.jpg\" class=\"attachment-large size-large\" alt=\"\" srcset=\"https:\/\/bas-tv.md\/wp-content\/uploads\/2025\/12\/603875543_1185710357045181_7376754699220434052_n-1024x683.jpg 1024w, https:\/\/bas-tv.md\/wp-content\/uploads\/2025\/12\/603875543_1185710357045181_7376754699220434052_n-300x200.jpg 300w, https:\/\/bas-tv.md\/wp-content\/uploads\/2025\/12\/603875543_1185710357045181_7376754699220434052_n-768x512.jpg 768w, https:\/\/bas-tv.md\/wp-content\/uploads\/2025\/12\/603875543_1185710357045181_7376754699220434052_n-1536x1024.jpg 1536w, https:\/\/bas-tv.md\/wp-content\/uploads\/2025\/12\/603875543_1185710357045181_7376754699220434052_n-1200x800.jpg 1200w, https:\/\/bas-tv.md\/wp-content\/uploads\/2025\/12\/603875543_1185710357045181_7376754699220434052_n-1980x1320.jpg 1980w, https:\/\/bas-tv.md\/wp-content\/uploads\/2025\/12\/603875543_1185710357045181_7376754699220434052_n.jpg 2048w\" sizes=\"(max-width: 580px) 100vw, 580px\" \/><\/a>\n\t\t\t<\/div><\/figure><figure class='gallery-item'>\n\t\t\t<div class='gallery-icon landscape'>\n\t\t\t\t<a href='https:\/\/bas-tv.md\/ro\/foto-a-fost-renovat-centrul-comunitar-cimislia-un-spatiu-deschis-pentru-dialog-cultura-si-implicare-civica\/604844298_1185710567045160_5558387426063546691_n\/'><img decoding=\"async\" width=\"580\" height=\"387\" src=\"https:\/\/bas-tv.md\/wp-content\/uploads\/2025\/12\/604844298_1185710567045160_5558387426063546691_n-1024x683.jpg\" class=\"attachment-large size-large\" alt=\"\" srcset=\"https:\/\/bas-tv.md\/wp-content\/uploads\/2025\/12\/604844298_1185710567045160_5558387426063546691_n-1024x683.jpg 1024w, https:\/\/bas-tv.md\/wp-content\/uploads\/2025\/12\/604844298_1185710567045160_5558387426063546691_n-300x200.jpg 300w, https:\/\/bas-tv.md\/wp-content\/uploads\/2025\/12\/604844298_1185710567045160_5558387426063546691_n-768x512.jpg 768w, https:\/\/bas-tv.md\/wp-content\/uploads\/2025\/12\/604844298_1185710567045160_5558387426063546691_n-1536x1024.jpg 1536w, https:\/\/bas-tv.md\/wp-content\/uploads\/2025\/12\/604844298_1185710567045160_5558387426063546691_n-1200x800.jpg 1200w, https:\/\/bas-tv.md\/wp-content\/uploads\/2025\/12\/604844298_1185710567045160_5558387426063546691_n-1980x1320.jpg 1980w, https:\/\/bas-tv.md\/wp-content\/uploads\/2025\/12\/604844298_1185710567045160_5558387426063546691_n.jpg 2048w\" sizes=\"(max-width: 580px) 100vw, 580px\" \/><\/a>\n\t\t\t<\/div><\/figure><figure class='gallery-item'>\n\t\t\t<div class='gallery-icon landscape'>\n\t\t\t\t<a href='https:\/\/bas-tv.md\/ro\/foto-a-fost-renovat-centrul-comunitar-cimislia-un-spatiu-deschis-pentru-dialog-cultura-si-implicare-civica\/605545314_1185710323711851_2735071389839718092_n\/'><img loading=\"lazy\" decoding=\"async\" width=\"580\" height=\"387\" src=\"https:\/\/bas-tv.md\/wp-content\/uploads\/2025\/12\/605545314_1185710323711851_2735071389839718092_n-1024x683.jpg\" class=\"attachment-large size-large\" alt=\"\" srcset=\"https:\/\/bas-tv.md\/wp-content\/uploads\/2025\/12\/605545314_1185710323711851_2735071389839718092_n-1024x683.jpg 1024w, https:\/\/bas-tv.md\/wp-content\/uploads\/2025\/12\/605545314_1185710323711851_2735071389839718092_n-300x200.jpg 300w, https:\/\/bas-tv.md\/wp-content\/uploads\/2025\/12\/605545314_1185710323711851_2735071389839718092_n-768x512.jpg 768w, https:\/\/bas-tv.md\/wp-content\/uploads\/2025\/12\/605545314_1185710323711851_2735071389839718092_n-1536x1024.jpg 1536w, https:\/\/bas-tv.md\/wp-content\/uploads\/2025\/12\/605545314_1185710323711851_2735071389839718092_n-1200x800.jpg 1200w, https:\/\/bas-tv.md\/wp-content\/uploads\/2025\/12\/605545314_1185710323711851_2735071389839718092_n-1980x1320.jpg 1980w, https:\/\/bas-tv.md\/wp-content\/uploads\/2025\/12\/605545314_1185710323711851_2735071389839718092_n.jpg 2048w\" sizes=\"(max-width: 580px) 100vw, 580px\" \/><\/a>\n\t\t\t<\/div><\/figure><figure class='gallery-item'>\n\t\t\t<div class='gallery-icon landscape'>\n\t\t\t\t<a href='https:\/\/bas-tv.md\/ro\/foto-a-fost-renovat-centrul-comunitar-cimislia-un-spatiu-deschis-pentru-dialog-cultura-si-implicare-civica\/605139712_1185710563711827_5172281147758606911_n\/'><img loading=\"lazy\" decoding=\"async\" width=\"580\" height=\"387\" src=\"https:\/\/bas-tv.md\/wp-content\/uploads\/2025\/12\/605139712_1185710563711827_5172281147758606911_n-1024x683.jpg\" class=\"attachment-large size-large\" alt=\"\" srcset=\"https:\/\/bas-tv.md\/wp-content\/uploads\/2025\/12\/605139712_1185710563711827_5172281147758606911_n-1024x683.jpg 1024w, https:\/\/bas-tv.md\/wp-content\/uploads\/2025\/12\/605139712_1185710563711827_5172281147758606911_n-300x200.jpg 300w, https:\/\/bas-tv.md\/wp-content\/uploads\/2025\/12\/605139712_1185710563711827_5172281147758606911_n-768x512.jpg 768w, https:\/\/bas-tv.md\/wp-content\/uploads\/2025\/12\/605139712_1185710563711827_5172281147758606911_n-1536x1024.jpg 1536w, https:\/\/bas-tv.md\/wp-content\/uploads\/2025\/12\/605139712_1185710563711827_5172281147758606911_n-1200x800.jpg 1200w, https:\/\/bas-tv.md\/wp-content\/uploads\/2025\/12\/605139712_1185710563711827_5172281147758606911_n-1980x1320.jpg 1980w, https:\/\/bas-tv.md\/wp-content\/uploads\/2025\/12\/605139712_1185710563711827_5172281147758606911_n.jpg 2048w\" sizes=\"(max-width: 580px) 100vw, 580px\" \/><\/a>\n\t\t\t<\/div><\/figure><figure class='gallery-item'>\n\t\t\t<div class='gallery-icon landscape'>\n\t\t\t\t<a href='https:\/\/bas-tv.md\/ro\/foto-a-fost-renovat-centrul-comunitar-cimislia-un-spatiu-deschis-pentru-dialog-cultura-si-implicare-civica\/604659602_1185710700378480_1609342391095332097_n\/'><img loading=\"lazy\" decoding=\"async\" width=\"580\" height=\"387\" src=\"https:\/\/bas-tv.md\/wp-content\/uploads\/2025\/12\/604659602_1185710700378480_1609342391095332097_n-1024x683.jpg\" class=\"attachment-large size-large\" alt=\"\" srcset=\"https:\/\/bas-tv.md\/wp-content\/uploads\/2025\/12\/604659602_1185710700378480_1609342391095332097_n-1024x683.jpg 1024w, https:\/\/bas-tv.md\/wp-content\/uploads\/2025\/12\/604659602_1185710700378480_1609342391095332097_n-300x200.jpg 300w, https:\/\/bas-tv.md\/wp-content\/uploads\/2025\/12\/604659602_1185710700378480_1609342391095332097_n-768x512.jpg 768w, https:\/\/bas-tv.md\/wp-content\/uploads\/2025\/12\/604659602_1185710700378480_1609342391095332097_n-1536x1024.jpg 1536w, https:\/\/bas-tv.md\/wp-content\/uploads\/2025\/12\/604659602_1185710700378480_1609342391095332097_n-1200x800.jpg 1200w, https:\/\/bas-tv.md\/wp-content\/uploads\/2025\/12\/604659602_1185710700378480_1609342391095332097_n-1980x1320.jpg 1980w, https:\/\/bas-tv.md\/wp-content\/uploads\/2025\/12\/604659602_1185710700378480_1609342391095332097_n.jpg 2048w\" sizes=\"(max-width: 580px) 100vw, 580px\" \/><\/a>\n\t\t\t<\/div><\/figure><figure class='gallery-item'>\n\t\t\t<div class='gallery-icon landscape'>\n\t\t\t\t<a href='https:\/\/bas-tv.md\/ro\/foto-a-fost-renovat-centrul-comunitar-cimislia-un-spatiu-deschis-pentru-dialog-cultura-si-implicare-civica\/603914064_1185710643711819_8137537014228390515_n\/'><img loading=\"lazy\" decoding=\"async\" width=\"580\" height=\"387\" src=\"https:\/\/bas-tv.md\/wp-content\/uploads\/2025\/12\/603914064_1185710643711819_8137537014228390515_n-1024x683.jpg\" class=\"attachment-large size-large\" alt=\"\" srcset=\"https:\/\/bas-tv.md\/wp-content\/uploads\/2025\/12\/603914064_1185710643711819_8137537014228390515_n-1024x683.jpg 1024w, https:\/\/bas-tv.md\/wp-content\/uploads\/2025\/12\/603914064_1185710643711819_8137537014228390515_n-300x200.jpg 300w, https:\/\/bas-tv.md\/wp-content\/uploads\/2025\/12\/603914064_1185710643711819_8137537014228390515_n-768x512.jpg 768w, https:\/\/bas-tv.md\/wp-content\/uploads\/2025\/12\/603914064_1185710643711819_8137537014228390515_n-1536x1024.jpg 1536w, https:\/\/bas-tv.md\/wp-content\/uploads\/2025\/12\/603914064_1185710643711819_8137537014228390515_n-1200x800.jpg 1200w, https:\/\/bas-tv.md\/wp-content\/uploads\/2025\/12\/603914064_1185710643711819_8137537014228390515_n-1980x1320.jpg 1980w, https:\/\/bas-tv.md\/wp-content\/uploads\/2025\/12\/603914064_1185710643711819_8137537014228390515_n.jpg 2048w\" sizes=\"(max-width: 580px) 100vw, 580px\" \/><\/a>\n\t\t\t<\/div><\/figure><figure class='gallery-item'>\n\t\t\t<div class='gallery-icon landscape'>\n\t\t\t\t<a href='https:\/\/bas-tv.md\/ro\/foto-a-fost-renovat-centrul-comunitar-cimislia-un-spatiu-deschis-pentru-dialog-cultura-si-implicare-civica\/605186665_1185710410378509_1732133435456821463_n\/'><img loading=\"lazy\" decoding=\"async\" width=\"580\" height=\"387\" src=\"https:\/\/bas-tv.md\/wp-content\/uploads\/2025\/12\/605186665_1185710410378509_1732133435456821463_n-1024x683.jpg\" class=\"attachment-large size-large\" alt=\"\" srcset=\"https:\/\/bas-tv.md\/wp-content\/uploads\/2025\/12\/605186665_1185710410378509_1732133435456821463_n-1024x683.jpg 1024w, https:\/\/bas-tv.md\/wp-content\/uploads\/2025\/12\/605186665_1185710410378509_1732133435456821463_n-300x200.jpg 300w, https:\/\/bas-tv.md\/wp-content\/uploads\/2025\/12\/605186665_1185710410378509_1732133435456821463_n-768x512.jpg 768w, https:\/\/bas-tv.md\/wp-content\/uploads\/2025\/12\/605186665_1185710410378509_1732133435456821463_n-1536x1024.jpg 1536w, https:\/\/bas-tv.md\/wp-content\/uploads\/2025\/12\/605186665_1185710410378509_1732133435456821463_n-1200x800.jpg 1200w, https:\/\/bas-tv.md\/wp-content\/uploads\/2025\/12\/605186665_1185710410378509_1732133435456821463_n-1980x1320.jpg 1980w, https:\/\/bas-tv.md\/wp-content\/uploads\/2025\/12\/605186665_1185710410378509_1732133435456821463_n.jpg 2048w\" sizes=\"(max-width: 580px) 100vw, 580px\" \/><\/a>\n\t\t\t<\/div><\/figure><figure class='gallery-item'>\n\t\t\t<div class='gallery-icon portrait'>\n\t\t\t\t<a href='https:\/\/bas-tv.md\/ro\/foto-a-fost-renovat-centrul-comunitar-cimislia-un-spatiu-deschis-pentru-dialog-cultura-si-implicare-civica\/605190532_1185710200378530_6978435828483858901_n\/'><img loading=\"lazy\" decoding=\"async\" width=\"580\" height=\"773\" src=\"https:\/\/bas-tv.md\/wp-content\/uploads\/2025\/12\/605190532_1185710200378530_6978435828483858901_n-768x1024.jpg\" class=\"attachment-large size-large\" alt=\"\" srcset=\"https:\/\/bas-tv.md\/wp-content\/uploads\/2025\/12\/605190532_1185710200378530_6978435828483858901_n-768x1024.jpg 768w, https:\/\/bas-tv.md\/wp-content\/uploads\/2025\/12\/605190532_1185710200378530_6978435828483858901_n-225x300.jpg 225w, https:\/\/bas-tv.md\/wp-content\/uploads\/2025\/12\/605190532_1185710200378530_6978435828483858901_n-1152x1536.jpg 1152w, https:\/\/bas-tv.md\/wp-content\/uploads\/2025\/12\/605190532_1185710200378530_6978435828483858901_n.jpg 1200w\" sizes=\"(max-width: 580px) 100vw, 580px\" \/><\/a>\n\t\t\t<\/div><\/figure><figure class='gallery-item'>\n\t\t\t<div class='gallery-icon landscape'>\n\t\t\t\t<a href='https:\/\/bas-tv.md\/ro\/foto-a-fost-renovat-centrul-comunitar-cimislia-un-spatiu-deschis-pentru-dialog-cultura-si-implicare-civica\/604817410_1185710597045157_8619383605398017306_n\/'><img loading=\"lazy\" decoding=\"async\" width=\"580\" height=\"387\" src=\"https:\/\/bas-tv.md\/wp-content\/uploads\/2025\/12\/604817410_1185710597045157_8619383605398017306_n-1024x683.jpg\" class=\"attachment-large size-large\" alt=\"\" aria-describedby=\"gallery-1-170177\" srcset=\"https:\/\/bas-tv.md\/wp-content\/uploads\/2025\/12\/604817410_1185710597045157_8619383605398017306_n-1024x683.jpg 1024w, https:\/\/bas-tv.md\/wp-content\/uploads\/2025\/12\/604817410_1185710597045157_8619383605398017306_n-300x200.jpg 300w, https:\/\/bas-tv.md\/wp-content\/uploads\/2025\/12\/604817410_1185710597045157_8619383605398017306_n-768x512.jpg 768w, https:\/\/bas-tv.md\/wp-content\/uploads\/2025\/12\/604817410_1185710597045157_8619383605398017306_n-1536x1024.jpg 1536w, https:\/\/bas-tv.md\/wp-content\/uploads\/2025\/12\/604817410_1185710597045157_8619383605398017306_n-1200x800.jpg 1200w, https:\/\/bas-tv.md\/wp-content\/uploads\/2025\/12\/604817410_1185710597045157_8619383605398017306_n-1980x1320.jpg 1980w, https:\/\/bas-tv.md\/wp-content\/uploads\/2025\/12\/604817410_1185710597045157_8619383605398017306_n.jpg 2048w\" sizes=\"(max-width: 580px) 100vw, 580px\" \/><\/a>\n\t\t\t<\/div>\n\t\t\t\t<figcaption class='wp-caption-text gallery-caption' id='gallery-1-170177'>\n\t\t\t\tSursa foto: Prim\u0103ria Cimi\u015flia\n\t\t\t\t<\/figcaption><\/figure><figure class='gallery-item'>\n\t\t\t<div class='gallery-icon portrait'>\n\t\t\t\t<a href='https:\/\/bas-tv.md\/ro\/foto-a-fost-renovat-centrul-comunitar-cimislia-un-spatiu-deschis-pentru-dialog-cultura-si-implicare-civica\/605076809_1185710327045184_2416133228470794005_n\/'><img loading=\"lazy\" decoding=\"async\" width=\"580\" height=\"773\" src=\"https:\/\/bas-tv.md\/wp-content\/uploads\/2025\/12\/605076809_1185710327045184_2416133228470794005_n-768x1024.jpg\" class=\"attachment-large size-large\" alt=\"\" srcset=\"https:\/\/bas-tv.md\/wp-content\/uploads\/2025\/12\/605076809_1185710327045184_2416133228470794005_n-768x1024.jpg 768w, https:\/\/bas-tv.md\/wp-content\/uploads\/2025\/12\/605076809_1185710327045184_2416133228470794005_n-225x300.jpg 225w, https:\/\/bas-tv.md\/wp-content\/uploads\/2025\/12\/605076809_1185710327045184_2416133228470794005_n-1152x1536.jpg 1152w, https:\/\/bas-tv.md\/wp-content\/uploads\/2025\/12\/605076809_1185710327045184_2416133228470794005_n.jpg 1200w\" sizes=\"(max-width: 580px) 100vw, 580px\" \/><\/a>\n\t\t\t<\/div><\/figure><figure class='gallery-item'>\n\t\t\t<div class='gallery-icon portrait'>\n\t\t\t\t<a href='https:\/\/bas-tv.md\/ro\/foto-a-fost-renovat-centrul-comunitar-cimislia-un-spatiu-deschis-pentru-dialog-cultura-si-implicare-civica\/605166545_1185710360378514_4108048588380908853_n\/'><img loading=\"lazy\" decoding=\"async\" width=\"580\" height=\"773\" src=\"https:\/\/bas-tv.md\/wp-content\/uploads\/2025\/12\/605166545_1185710360378514_4108048588380908853_n-768x1024.jpg\" class=\"attachment-large size-large\" alt=\"\" srcset=\"https:\/\/bas-tv.md\/wp-content\/uploads\/2025\/12\/605166545_1185710360378514_4108048588380908853_n-768x1024.jpg 768w, https:\/\/bas-tv.md\/wp-content\/uploads\/2025\/12\/605166545_1185710360378514_4108048588380908853_n-225x300.jpg 225w, https:\/\/bas-tv.md\/wp-content\/uploads\/2025\/12\/605166545_1185710360378514_4108048588380908853_n-1152x1536.jpg 1152w, https:\/\/bas-tv.md\/wp-content\/uploads\/2025\/12\/605166545_1185710360378514_4108048588380908853_n.jpg 1200w\" sizes=\"(max-width: 580px) 100vw, 580px\" \/><\/a>\n\t\t\t<\/div><\/figure>\n\t\t<\/div>\n\n<p><strong>Sus\u021bine\u021bi redac\u021bia BAStv, abona\u021bi-v\u0103 la noi pe platforma\u00a0<a href=\"https:\/\/www.patreon.com\/BAStv?fan_landing=true&amp;fbclid=IwAR3MeSDKfH4ixBydCXX9D1lhrCszhps3ID5uxuGA-Ktd4MTkZCRdlcEZkQI\">Patreon\u00a0<\/a>sau prin efectuarea contribu\u021biilor prin\u00a0<a href=\"https:\/\/www.paypal.com\/paypalme\/supportbastv\">PayPal<\/a>! Aceasta ne va ajuta s\u0103 cre\u0103m con\u021binut interesant \u0219i util pentru dvs., r\u0103m\u00e2n\u00e2nd \u00een continuare o platform\u0103 media independent\u0103.<\/strong><\/p>\n<div class=\"elementor-element elementor-element-5fc6b9d elementor-widget elementor-widget-theme-post-content\" data-id=\"5fc6b9d\" data-element_type=\"widget\" data-widget_type=\"theme-post-content.default\">\n<div class=\"elementor-widget-container\">\n<p><b>Abona\u021bi-v\u0103 la noi pe re\u021bele sociale:\u00a0<\/b><a href=\"https:\/\/t.me\/bastvmd\"><b><i>Telegram<\/i><\/b><\/a><b>,\u00a0<\/b><a href=\"https:\/\/www.youtube.com\/channel\/UC-9005PnLnhpNM8PVSjP2dQ\/featured\"><b><i>YouTube<\/i><\/b><\/a><b>,\u00a0<\/b><a href=\"https:\/\/www.facebook.com\/bastv.md\"><b><i>Facebook<\/i><\/b><\/a>\u00a0\u0219i\u00a0<a href=\"https:\/\/www.instagram.com\/bastv.md\/\"><b><i>Instagram<\/i><\/b><\/a><b>.\u00a0 Aici public\u0103m \u0219tiri pe scurt!<\/b><\/p>\n<\/div>\n<\/div>\n","protected":false},"excerpt":{"rendered":"<p>La Cimi\u0219lia, a fost inaugurat un centru comunitar modern \u0219i accesibil, g\u00e2ndit ca un spa\u021biu pentru dialog, \u00eenv\u0103\u021bare \u0219i implicare civic\u0103. Centrul Comunitar Cimi\u0219lia \u00ee\u0219i propune s\u0103 devin\u0103 un punct de referin\u021b\u0103 pentru via\u021ba social\u0103 \u0219i cultural\u0103 a ora\u0219ului, r\u0103spunz\u00e2nd nevoilor diverselor categorii de locuitori. Centrul Comunitar a fost amenajat \u00een incinta Casei de Cultur\u0103 [&hellip;]<\/p>\n","protected":false},"author":3,"featured_media":170181,"comment_status":"closed","ping_status":"closed","sticky":false,"template":"","format":"standard","meta":{"footnotes":""},"categories":[602,570],"tags":[],"class_list":["post-170077","post","type-post","status-publish","format-standard","has-post-thumbnail","hentry","category-actualitate","category-in-moldova"],"yoast_head":"<!-- This site is optimized with the Yoast SEO plugin v27.5 - https:\/\/yoast.com\/product\/yoast-seo-wordpress\/ -->\n<title>(FOTO) A fost renovat Centrul Comunitar Cimi\u0219lia - un spa\u021biu deschis pentru dialog, cultur\u0103 \u0219i implicare civic\u0103 - BasTV<\/title>\n<meta name=\"description\" content=\"La Cimi\u0219lia, a fost inaugurat un centru comunitar modern \u0219i accesibil, g\u00e2ndit ca un spa\u021biu pentru dialog, \u00eenv\u0103\u021bare \u0219i implicare civic\u0103. Centrul Comunitar Cimi\u0219lia \u00ee\u0219i propune s\u0103 devin\u0103 un punct de referin\u021b\u0103 pentru via\u021ba social\u0103 \u0219i cultural\u0103 a ora\u0219ului, r\u0103spunz\u00e2nd nevoilor diverselor categorii de locuitori.\" \/>\n<meta name=\"robots\" content=\"index, follow, max-snippet:-1, max-image-preview:large, max-video-preview:-1\" \/>\n<link rel=\"canonical\" href=\"https:\/\/bas-tv.md\/ro\/foto-a-fost-renovat-centrul-comunitar-cimislia-un-spatiu-deschis-pentru-dialog-cultura-si-implicare-civica\/\" \/>\n<meta property=\"og:locale\" content=\"ro_RO\" \/>\n<meta property=\"og:type\" content=\"article\" \/>\n<meta property=\"og:title\" content=\"(FOTO) A fost renovat Centrul Comunitar Cimi\u0219lia - un spa\u021biu deschis pentru dialog, cultur\u0103 \u0219i implicare civic\u0103 - BasTV\" \/>\n<meta property=\"og:description\" content=\"La Cimi\u0219lia, a fost inaugurat un centru comunitar modern \u0219i accesibil, g\u00e2ndit ca un spa\u021biu pentru dialog, \u00eenv\u0103\u021bare \u0219i implicare civic\u0103. Centrul Comunitar Cimi\u0219lia \u00ee\u0219i propune s\u0103 devin\u0103 un punct de referin\u021b\u0103 pentru via\u021ba social\u0103 \u0219i cultural\u0103 a ora\u0219ului, r\u0103spunz\u00e2nd nevoilor diverselor categorii de locuitori.\" \/>\n<meta property=\"og:url\" content=\"https:\/\/bas-tv.md\/ro\/foto-a-fost-renovat-centrul-comunitar-cimislia-un-spatiu-deschis-pentru-dialog-cultura-si-implicare-civica\/\" \/>\n<meta property=\"og:site_name\" content=\"BasTV\" \/>\n<meta property=\"article:published_time\" content=\"2025-12-24T11:00:01+00:00\" \/>\n<meta property=\"og:image\" content=\"https:\/\/bas-tv.md\/wp-content\/uploads\/2025\/12\/infografice-11.png\" \/>\n\t<meta property=\"og:image:width\" content=\"1280\" \/>\n\t<meta property=\"og:image:height\" content=\"720\" \/>\n\t<meta property=\"og:image:type\" content=\"image\/png\" \/>\n<meta name=\"author\" content=\"Redactor\" \/>\n<meta name=\"twitter:card\" content=\"summary_large_image\" \/>\n<meta name=\"twitter:label1\" content=\"Scris de\" \/>\n\t<meta name=\"twitter:data1\" content=\"Redactor\" \/>\n\t<meta name=\"twitter:label2\" content=\"Timp estimat pentru citire\" \/>\n\t<meta name=\"twitter:data2\" content=\"3 minute\" \/>\n<script type=\"application\/ld+json\" class=\"yoast-schema-graph\">{\"@context\":\"https:\\\/\\\/schema.org\",\"@graph\":[{\"@type\":\"Article\",\"@id\":\"https:\\\/\\\/bas-tv.md\\\/ro\\\/foto-a-fost-renovat-centrul-comunitar-cimislia-un-spatiu-deschis-pentru-dialog-cultura-si-implicare-civica\\\/#article\",\"isPartOf\":{\"@id\":\"https:\\\/\\\/bas-tv.md\\\/ro\\\/foto-a-fost-renovat-centrul-comunitar-cimislia-un-spatiu-deschis-pentru-dialog-cultura-si-implicare-civica\\\/\"},\"author\":{\"name\":\"Redactor\",\"@id\":\"https:\\\/\\\/bas-tv.md\\\/ro\\\/#\\\/schema\\\/person\\\/8740f45ea2eca1f1695284fc03529af0\"},\"headline\":\"(FOTO) A fost renovat Centrul Comunitar Cimi\u0219lia &#8211; un spa\u021biu deschis pentru dialog, cultur\u0103 \u0219i implicare civic\u0103\",\"datePublished\":\"2025-12-24T11:00:01+00:00\",\"mainEntityOfPage\":{\"@id\":\"https:\\\/\\\/bas-tv.md\\\/ro\\\/foto-a-fost-renovat-centrul-comunitar-cimislia-un-spatiu-deschis-pentru-dialog-cultura-si-implicare-civica\\\/\"},\"wordCount\":567,\"publisher\":{\"@id\":\"https:\\\/\\\/bas-tv.md\\\/ro\\\/#organization\"},\"image\":{\"@id\":\"https:\\\/\\\/bas-tv.md\\\/ro\\\/foto-a-fost-renovat-centrul-comunitar-cimislia-un-spatiu-deschis-pentru-dialog-cultura-si-implicare-civica\\\/#primaryimage\"},\"thumbnailUrl\":\"https:\\\/\\\/bas-tv.md\\\/wp-content\\\/uploads\\\/2025\\\/12\\\/infografice-11.png\",\"articleSection\":[\"Actualitate\",\"\u00cen Moldova\"],\"inLanguage\":\"ro-RO\"},{\"@type\":\"WebPage\",\"@id\":\"https:\\\/\\\/bas-tv.md\\\/ro\\\/foto-a-fost-renovat-centrul-comunitar-cimislia-un-spatiu-deschis-pentru-dialog-cultura-si-implicare-civica\\\/\",\"url\":\"https:\\\/\\\/bas-tv.md\\\/ro\\\/foto-a-fost-renovat-centrul-comunitar-cimislia-un-spatiu-deschis-pentru-dialog-cultura-si-implicare-civica\\\/\",\"name\":\"(FOTO) A fost renovat Centrul Comunitar Cimi\u0219lia - un spa\u021biu deschis pentru dialog, cultur\u0103 \u0219i implicare civic\u0103 - BasTV\",\"isPartOf\":{\"@id\":\"https:\\\/\\\/bas-tv.md\\\/ro\\\/#website\"},\"primaryImageOfPage\":{\"@id\":\"https:\\\/\\\/bas-tv.md\\\/ro\\\/foto-a-fost-renovat-centrul-comunitar-cimislia-un-spatiu-deschis-pentru-dialog-cultura-si-implicare-civica\\\/#primaryimage\"},\"image\":{\"@id\":\"https:\\\/\\\/bas-tv.md\\\/ro\\\/foto-a-fost-renovat-centrul-comunitar-cimislia-un-spatiu-deschis-pentru-dialog-cultura-si-implicare-civica\\\/#primaryimage\"},\"thumbnailUrl\":\"https:\\\/\\\/bas-tv.md\\\/wp-content\\\/uploads\\\/2025\\\/12\\\/infografice-11.png\",\"datePublished\":\"2025-12-24T11:00:01+00:00\",\"description\":\"La Cimi\u0219lia, a fost inaugurat un centru comunitar modern \u0219i accesibil, g\u00e2ndit ca un spa\u021biu pentru dialog, \u00eenv\u0103\u021bare \u0219i implicare civic\u0103. Centrul Comunitar Cimi\u0219lia \u00ee\u0219i propune s\u0103 devin\u0103 un punct de referin\u021b\u0103 pentru via\u021ba social\u0103 \u0219i cultural\u0103 a ora\u0219ului, r\u0103spunz\u00e2nd nevoilor diverselor categorii de locuitori.\",\"inLanguage\":\"ro-RO\",\"potentialAction\":[{\"@type\":\"ReadAction\",\"target\":[\"https:\\\/\\\/bas-tv.md\\\/ro\\\/foto-a-fost-renovat-centrul-comunitar-cimislia-un-spatiu-deschis-pentru-dialog-cultura-si-implicare-civica\\\/\"]}]},{\"@type\":\"ImageObject\",\"inLanguage\":\"ro-RO\",\"@id\":\"https:\\\/\\\/bas-tv.md\\\/ro\\\/foto-a-fost-renovat-centrul-comunitar-cimislia-un-spatiu-deschis-pentru-dialog-cultura-si-implicare-civica\\\/#primaryimage\",\"url\":\"https:\\\/\\\/bas-tv.md\\\/wp-content\\\/uploads\\\/2025\\\/12\\\/infografice-11.png\",\"contentUrl\":\"https:\\\/\\\/bas-tv.md\\\/wp-content\\\/uploads\\\/2025\\\/12\\\/infografice-11.png\",\"width\":1280,\"height\":720},{\"@type\":\"WebSite\",\"@id\":\"https:\\\/\\\/bas-tv.md\\\/ro\\\/#website\",\"url\":\"https:\\\/\\\/bas-tv.md\\\/ro\\\/\",\"name\":\"BasTV\",\"description\":\"Moldova\",\"publisher\":{\"@id\":\"https:\\\/\\\/bas-tv.md\\\/ro\\\/#organization\"},\"potentialAction\":[{\"@type\":\"SearchAction\",\"target\":{\"@type\":\"EntryPoint\",\"urlTemplate\":\"https:\\\/\\\/bas-tv.md\\\/ro\\\/?s={search_term_string}\"},\"query-input\":{\"@type\":\"PropertyValueSpecification\",\"valueRequired\":true,\"valueName\":\"search_term_string\"}}],\"inLanguage\":\"ro-RO\"},{\"@type\":\"Organization\",\"@id\":\"https:\\\/\\\/bas-tv.md\\\/ro\\\/#organization\",\"name\":\"BasTV\",\"url\":\"https:\\\/\\\/bas-tv.md\\\/ro\\\/\",\"logo\":{\"@type\":\"ImageObject\",\"inLanguage\":\"ro-RO\",\"@id\":\"https:\\\/\\\/bas-tv.md\\\/ro\\\/#\\\/schema\\\/logo\\\/image\\\/\",\"url\":\"https:\\\/\\\/bas-tv.md\\\/wp-content\\\/uploads\\\/2023\\\/05\\\/bas-tv-culoarea-rosie.png\",\"contentUrl\":\"https:\\\/\\\/bas-tv.md\\\/wp-content\\\/uploads\\\/2023\\\/05\\\/bas-tv-culoarea-rosie.png\",\"width\":202,\"height\":50,\"caption\":\"BasTV\"},\"image\":{\"@id\":\"https:\\\/\\\/bas-tv.md\\\/ro\\\/#\\\/schema\\\/logo\\\/image\\\/\"}},{\"@type\":\"Person\",\"@id\":\"https:\\\/\\\/bas-tv.md\\\/ro\\\/#\\\/schema\\\/person\\\/8740f45ea2eca1f1695284fc03529af0\",\"name\":\"Redactor\",\"image\":{\"@type\":\"ImageObject\",\"inLanguage\":\"ro-RO\",\"@id\":\"https:\\\/\\\/bas-tv.md\\\/wp-content\\\/litespeed\\\/avatar\\\/91c0586f3f6f4396a4ec1287c965eeeb.jpg?ver=1776950945\",\"url\":\"https:\\\/\\\/bas-tv.md\\\/wp-content\\\/litespeed\\\/avatar\\\/91c0586f3f6f4396a4ec1287c965eeeb.jpg?ver=1776950945\",\"contentUrl\":\"https:\\\/\\\/bas-tv.md\\\/wp-content\\\/litespeed\\\/avatar\\\/91c0586f3f6f4396a4ec1287c965eeeb.jpg?ver=1776950945\",\"caption\":\"Redactor\"},\"url\":\"https:\\\/\\\/bas-tv.md\\\/ro\\\/author\\\/redactor\\\/\"}]}<\/script>\n<!-- \/ Yoast SEO plugin. -->","yoast_head_json":{"title":"(FOTO) A fost renovat Centrul Comunitar Cimi\u0219lia - un spa\u021biu deschis pentru dialog, cultur\u0103 \u0219i implicare civic\u0103 - BasTV","description":"La Cimi\u0219lia, a fost inaugurat un centru comunitar modern \u0219i accesibil, g\u00e2ndit ca un spa\u021biu pentru dialog, \u00eenv\u0103\u021bare \u0219i implicare civic\u0103. Centrul Comunitar Cimi\u0219lia \u00ee\u0219i propune s\u0103 devin\u0103 un punct de referin\u021b\u0103 pentru via\u021ba social\u0103 \u0219i cultural\u0103 a ora\u0219ului, r\u0103spunz\u00e2nd nevoilor diverselor categorii de locuitori.","robots":{"index":"index","follow":"follow","max-snippet":"max-snippet:-1","max-image-preview":"max-image-preview:large","max-video-preview":"max-video-preview:-1"},"canonical":"https:\/\/bas-tv.md\/ro\/foto-a-fost-renovat-centrul-comunitar-cimislia-un-spatiu-deschis-pentru-dialog-cultura-si-implicare-civica\/","og_locale":"ro_RO","og_type":"article","og_title":"(FOTO) A fost renovat Centrul Comunitar Cimi\u0219lia - un spa\u021biu deschis pentru dialog, cultur\u0103 \u0219i implicare civic\u0103 - BasTV","og_description":"La Cimi\u0219lia, a fost inaugurat un centru comunitar modern \u0219i accesibil, g\u00e2ndit ca un spa\u021biu pentru dialog, \u00eenv\u0103\u021bare \u0219i implicare civic\u0103. Centrul Comunitar Cimi\u0219lia \u00ee\u0219i propune s\u0103 devin\u0103 un punct de referin\u021b\u0103 pentru via\u021ba social\u0103 \u0219i cultural\u0103 a ora\u0219ului, r\u0103spunz\u00e2nd nevoilor diverselor categorii de locuitori.","og_url":"https:\/\/bas-tv.md\/ro\/foto-a-fost-renovat-centrul-comunitar-cimislia-un-spatiu-deschis-pentru-dialog-cultura-si-implicare-civica\/","og_site_name":"BasTV","article_published_time":"2025-12-24T11:00:01+00:00","og_image":[{"width":1280,"height":720,"url":"https:\/\/bas-tv.md\/wp-content\/uploads\/2025\/12\/infografice-11.png","type":"image\/png"}],"author":"Redactor","twitter_card":"summary_large_image","twitter_misc":{"Scris de":"Redactor","Timp estimat pentru citire":"3 minute"},"schema":{"@context":"https:\/\/schema.org","@graph":[{"@type":"Article","@id":"https:\/\/bas-tv.md\/ro\/foto-a-fost-renovat-centrul-comunitar-cimislia-un-spatiu-deschis-pentru-dialog-cultura-si-implicare-civica\/#article","isPartOf":{"@id":"https:\/\/bas-tv.md\/ro\/foto-a-fost-renovat-centrul-comunitar-cimislia-un-spatiu-deschis-pentru-dialog-cultura-si-implicare-civica\/"},"author":{"name":"Redactor","@id":"https:\/\/bas-tv.md\/ro\/#\/schema\/person\/8740f45ea2eca1f1695284fc03529af0"},"headline":"(FOTO) A fost renovat Centrul Comunitar Cimi\u0219lia &#8211; un spa\u021biu deschis pentru dialog, cultur\u0103 \u0219i implicare civic\u0103","datePublished":"2025-12-24T11:00:01+00:00","mainEntityOfPage":{"@id":"https:\/\/bas-tv.md\/ro\/foto-a-fost-renovat-centrul-comunitar-cimislia-un-spatiu-deschis-pentru-dialog-cultura-si-implicare-civica\/"},"wordCount":567,"publisher":{"@id":"https:\/\/bas-tv.md\/ro\/#organization"},"image":{"@id":"https:\/\/bas-tv.md\/ro\/foto-a-fost-renovat-centrul-comunitar-cimislia-un-spatiu-deschis-pentru-dialog-cultura-si-implicare-civica\/#primaryimage"},"thumbnailUrl":"https:\/\/bas-tv.md\/wp-content\/uploads\/2025\/12\/infografice-11.png","articleSection":["Actualitate","\u00cen Moldova"],"inLanguage":"ro-RO"},{"@type":"WebPage","@id":"https:\/\/bas-tv.md\/ro\/foto-a-fost-renovat-centrul-comunitar-cimislia-un-spatiu-deschis-pentru-dialog-cultura-si-implicare-civica\/","url":"https:\/\/bas-tv.md\/ro\/foto-a-fost-renovat-centrul-comunitar-cimislia-un-spatiu-deschis-pentru-dialog-cultura-si-implicare-civica\/","name":"(FOTO) A fost renovat Centrul Comunitar Cimi\u0219lia - un spa\u021biu deschis pentru dialog, cultur\u0103 \u0219i implicare civic\u0103 - BasTV","isPartOf":{"@id":"https:\/\/bas-tv.md\/ro\/#website"},"primaryImageOfPage":{"@id":"https:\/\/bas-tv.md\/ro\/foto-a-fost-renovat-centrul-comunitar-cimislia-un-spatiu-deschis-pentru-dialog-cultura-si-implicare-civica\/#primaryimage"},"image":{"@id":"https:\/\/bas-tv.md\/ro\/foto-a-fost-renovat-centrul-comunitar-cimislia-un-spatiu-deschis-pentru-dialog-cultura-si-implicare-civica\/#primaryimage"},"thumbnailUrl":"https:\/\/bas-tv.md\/wp-content\/uploads\/2025\/12\/infografice-11.png","datePublished":"2025-12-24T11:00:01+00:00","description":"La Cimi\u0219lia, a fost inaugurat un centru comunitar modern \u0219i accesibil, g\u00e2ndit ca un spa\u021biu pentru dialog, \u00eenv\u0103\u021bare \u0219i implicare civic\u0103. Centrul Comunitar Cimi\u0219lia \u00ee\u0219i propune s\u0103 devin\u0103 un punct de referin\u021b\u0103 pentru via\u021ba social\u0103 \u0219i cultural\u0103 a ora\u0219ului, r\u0103spunz\u00e2nd nevoilor diverselor categorii de locuitori.","inLanguage":"ro-RO","potentialAction":[{"@type":"ReadAction","target":["https:\/\/bas-tv.md\/ro\/foto-a-fost-renovat-centrul-comunitar-cimislia-un-spatiu-deschis-pentru-dialog-cultura-si-implicare-civica\/"]}]},{"@type":"ImageObject","inLanguage":"ro-RO","@id":"https:\/\/bas-tv.md\/ro\/foto-a-fost-renovat-centrul-comunitar-cimislia-un-spatiu-deschis-pentru-dialog-cultura-si-implicare-civica\/#primaryimage","url":"https:\/\/bas-tv.md\/wp-content\/uploads\/2025\/12\/infografice-11.png","contentUrl":"https:\/\/bas-tv.md\/wp-content\/uploads\/2025\/12\/infografice-11.png","width":1280,"height":720},{"@type":"WebSite","@id":"https:\/\/bas-tv.md\/ro\/#website","url":"https:\/\/bas-tv.md\/ro\/","name":"BasTV","description":"Moldova","publisher":{"@id":"https:\/\/bas-tv.md\/ro\/#organization"},"potentialAction":[{"@type":"SearchAction","target":{"@type":"EntryPoint","urlTemplate":"https:\/\/bas-tv.md\/ro\/?s={search_term_string}"},"query-input":{"@type":"PropertyValueSpecification","valueRequired":true,"valueName":"search_term_string"}}],"inLanguage":"ro-RO"},{"@type":"Organization","@id":"https:\/\/bas-tv.md\/ro\/#organization","name":"BasTV","url":"https:\/\/bas-tv.md\/ro\/","logo":{"@type":"ImageObject","inLanguage":"ro-RO","@id":"https:\/\/bas-tv.md\/ro\/#\/schema\/logo\/image\/","url":"https:\/\/bas-tv.md\/wp-content\/uploads\/2023\/05\/bas-tv-culoarea-rosie.png","contentUrl":"https:\/\/bas-tv.md\/wp-content\/uploads\/2023\/05\/bas-tv-culoarea-rosie.png","width":202,"height":50,"caption":"BasTV"},"image":{"@id":"https:\/\/bas-tv.md\/ro\/#\/schema\/logo\/image\/"}},{"@type":"Person","@id":"https:\/\/bas-tv.md\/ro\/#\/schema\/person\/8740f45ea2eca1f1695284fc03529af0","name":"Redactor","image":{"@type":"ImageObject","inLanguage":"ro-RO","@id":"https:\/\/bas-tv.md\/wp-content\/litespeed\/avatar\/91c0586f3f6f4396a4ec1287c965eeeb.jpg?ver=1776950945","url":"https:\/\/bas-tv.md\/wp-content\/litespeed\/avatar\/91c0586f3f6f4396a4ec1287c965eeeb.jpg?ver=1776950945","contentUrl":"https:\/\/bas-tv.md\/wp-content\/litespeed\/avatar\/91c0586f3f6f4396a4ec1287c965eeeb.jpg?ver=1776950945","caption":"Redactor"},"url":"https:\/\/bas-tv.md\/ro\/author\/redactor\/"}]}},"views":289,"_links":{"self":[{"href":"https:\/\/bas-tv.md\/ro\/wp-json\/wp\/v2\/posts\/170077","targetHints":{"allow":["GET"]}}],"collection":[{"href":"https:\/\/bas-tv.md\/ro\/wp-json\/wp\/v2\/posts"}],"about":[{"href":"https:\/\/bas-tv.md\/ro\/wp-json\/wp\/v2\/types\/post"}],"author":[{"embeddable":true,"href":"https:\/\/bas-tv.md\/ro\/wp-json\/wp\/v2\/users\/3"}],"replies":[{"embeddable":true,"href":"https:\/\/bas-tv.md\/ro\/wp-json\/wp\/v2\/comments?post=170077"}],"version-history":[{"count":2,"href":"https:\/\/bas-tv.md\/ro\/wp-json\/wp\/v2\/posts\/170077\/revisions"}],"predecessor-version":[{"id":170229,"href":"https:\/\/bas-tv.md\/ro\/wp-json\/wp\/v2\/posts\/170077\/revisions\/170229"}],"wp:featuredmedia":[{"embeddable":true,"href":"https:\/\/bas-tv.md\/ro\/wp-json\/wp\/v2\/media\/170181"}],"wp:attachment":[{"href":"https:\/\/bas-tv.md\/ro\/wp-json\/wp\/v2\/media?parent=170077"}],"wp:term":[{"taxonomy":"category","embeddable":true,"href":"https:\/\/bas-tv.md\/ro\/wp-json\/wp\/v2\/categories?post=170077"},{"taxonomy":"post_tag","embeddable":true,"href":"https:\/\/bas-tv.md\/ro\/wp-json\/wp\/v2\/tags?post=170077"}],"curies":[{"name":"wp","href":"https:\/\/api.w.org\/{rel}","templated":true}]}}