{"id":170120,"date":"2025-12-25T10:00:16","date_gmt":"2025-12-25T08:00:16","guid":{"rendered":"https:\/\/bas-tv.md\/?p=170120"},"modified":"2025-12-24T12:08:44","modified_gmt":"2025-12-24T10:08:44","slug":"colinde-traditie-si-spiritualitate-concert-dedicat-nasterii-domnului-la-cimislia","status":"publish","type":"post","link":"https:\/\/bas-tv.md\/ro\/colinde-traditie-si-spiritualitate-concert-dedicat-nasterii-domnului-la-cimislia\/","title":{"rendered":"Colinde, tradi\u021bie \u0219i spiritualitate: concert dedicat Na\u0219terii Domnului, la Cimi\u0219lia"},"content":{"rendered":"<p data-start=\"147\" data-end=\"437\"><strong data-start=\"147\" data-end=\"437\">Casa de Cultur\u0103 Cimi\u0219lia va g\u0103zdui, pe data de 28 decembrie, un concert de colinde dedicat Na\u0219terii Domnului, eveniment care va reuni interpre\u021bi locali \u0219i invita\u021bi de prestigiu. Evenimentul \u00ee\u0219i propune s\u0103 aduc\u0103 publicului atmosfera autentic\u0103 a s\u0103rb\u0103torilor de iarn\u0103, prin muzic\u0103 sacr\u0103 \u0219i colinde tradi\u021bionale.<\/strong><\/p>\n<p data-start=\"439\" data-end=\"703\">Consiliul Raional Cimi\u0219lia, \u00een parteneriat cu Episcopia Basarabiei de Sud, invit\u0103 publicul de toate v\u00e2rstele duminic\u0103, 28 decembrie 2025, \u00eencep\u00e2nd cu ora 17:00, la Casa de Cultur\u0103 Cimi\u0219lia, la concertul intitulat \u201eSl\u0103vind na\u0219terea lui Hristos\u201d.<\/p>\n<p data-start=\"705\" data-end=\"985\">Programul artistic va include interpret\u0103ri autentice ale forma\u021biilor folclorice cu titlul \u201eMODEL\u201d din raion, momente muzicale sus\u021binute de Corul \u0218colii de Art\u0103 Cimi\u0219lia, dirijat de\u00a0Lilia Manaf, precum \u0219i colinde interpretate de\u00a0grupul de colind\u0103tori al Centrului de Crea\u021bie Cimi\u0219lia.<\/p>\n<p data-start=\"987\" data-end=\"1228\">Momentul culminant al serii va fi evolu\u021bia Grupului psaltic \u201eTRONOS\u201d al Catedralei Patriarhale din Bucure\u0219ti, condus de psaltul\u00a0Ioan Corni\u021bescu, care va aduce \u00een fa\u021ba publicului muzic\u0103 psaltic\u0103 de o profund\u0103 \u00eenc\u0103rc\u0103tur\u0103 spiritual\u0103.<\/p>\n<figure id=\"attachment_170195\" aria-describedby=\"caption-attachment-170195\" style=\"width: 580px\" class=\"wp-caption aligncenter\"><img fetchpriority=\"high\" decoding=\"async\" class=\"size-large wp-image-170195\" src=\"https:\/\/bas-tv.md\/wp-content\/uploads\/2025\/12\/concert-tronos-ateneu-2015-3-1080x675-1-1024x640.jpg\" alt=\"\" width=\"580\" height=\"363\" srcset=\"https:\/\/bas-tv.md\/wp-content\/uploads\/2025\/12\/concert-tronos-ateneu-2015-3-1080x675-1-1024x640.jpg 1024w, https:\/\/bas-tv.md\/wp-content\/uploads\/2025\/12\/concert-tronos-ateneu-2015-3-1080x675-1-300x188.jpg 300w, https:\/\/bas-tv.md\/wp-content\/uploads\/2025\/12\/concert-tronos-ateneu-2015-3-1080x675-1-768x480.jpg 768w, https:\/\/bas-tv.md\/wp-content\/uploads\/2025\/12\/concert-tronos-ateneu-2015-3-1080x675-1.jpg 1080w\" sizes=\"(max-width: 580px) 100vw, 580px\" \/><figcaption id=\"caption-attachment-170195\" class=\"wp-caption-text\">Sursa foto: liturgicaortodoxa.ro<\/figcaption><\/figure>\n<p data-start=\"987\" data-end=\"1228\">Considerat cel mai cunoscut grup de muzic\u0103 bizantin\u0103 din Rom\u00e2nia, \u201eTRONOS\u201d a fost \u00eenfiin\u021bat \u00een anul 1997 din psal\u021bii Catedralei Patriarhale din Bucure\u015fti, iar denumirea sa, inspirat\u0103 de una dintre cetele \u00eengere\u0219ti, i-a fost atribuit\u0103 \u00een 2007 de Preafericitul P\u0103rinte Daniel, Patriarhul Bisericii Ortodoxe Rom\u00e2ne. De-a lungul timpului, ansamblul a sus\u021binut concerte \u00een numeroase catedrale, biserici \u0219i institu\u021bii culturale din Rom\u00e2nia \u0219i din str\u0103in\u0103tate, precum Ateneul Rom\u00e2n, Opera Na\u021bional\u0103 \u0219i Palatul Parlamentului, reunind \u00een componen\u021ba sa clerici, teologi, studen\u021bi \u0219i iubitori ai muzicii bizantine din diverse domenii.<\/p>\n<p data-start=\"1230\" data-end=\"1570\">Organizatorii men\u021bioneaz\u0103 c\u0103 evenimentul \u00ee\u0219i propune s\u0103 ofere un prilej de comuniune, reflec\u021bie \u0219i apropiere \u00eentre oameni, \u00eentr-un cadru cultural \u0219i spiritual.\u00a0Intrarea este liber\u0103.<\/p>\n<p data-start=\"1230\" data-end=\"1570\">Publicul este a\u0219teptat s\u0103 participe al\u0103turi de familie \u0219i cei dragi pentru a marca \u00eenceputul s\u0103rb\u0103torilor de iarn\u0103 \u00eentr-o atmosfer\u0103 de pace \u0219i lumin\u0103.<\/p>\n<figure id=\"attachment_170184\" aria-describedby=\"caption-attachment-170184\" style=\"width: 580px\" class=\"wp-caption aligncenter\"><img decoding=\"async\" class=\"size-large wp-image-170184 lazyload\" data-src=\"https:\/\/bas-tv.md\/wp-content\/uploads\/2025\/12\/598421164_122194854656570816_5202816300221414739_n-819x1024.jpg\" alt=\"\" width=\"580\" height=\"725\" data-srcset=\"https:\/\/bas-tv.md\/wp-content\/uploads\/2025\/12\/598421164_122194854656570816_5202816300221414739_n-819x1024.jpg 819w, https:\/\/bas-tv.md\/wp-content\/uploads\/2025\/12\/598421164_122194854656570816_5202816300221414739_n-240x300.jpg 240w, https:\/\/bas-tv.md\/wp-content\/uploads\/2025\/12\/598421164_122194854656570816_5202816300221414739_n-768x960.jpg 768w, https:\/\/bas-tv.md\/wp-content\/uploads\/2025\/12\/598421164_122194854656570816_5202816300221414739_n.jpg 1080w\" data-sizes=\"(max-width: 580px) 100vw, 580px\" src=\"data:image\/svg+xml;base64,PHN2ZyB3aWR0aD0iMSIgaGVpZ2h0PSIxIiB4bWxucz0iaHR0cDovL3d3dy53My5vcmcvMjAwMC9zdmciPjwvc3ZnPg==\" style=\"--smush-placeholder-width: 580px; --smush-placeholder-aspect-ratio: 580\/725;\" \/><figcaption id=\"caption-attachment-170184\" class=\"wp-caption-text\">Sursa foto: Sec\u021bia Cultur\u0103, Tineret \u0219i Sport Cimi\u0219lia<\/figcaption><\/figure>\n<p><strong>Sus\u021bine\u021bi redac\u021bia BAStv, abona\u021bi-v\u0103 la noi pe platforma\u00a0<a href=\"https:\/\/www.patreon.com\/BAStv?fan_landing=true&amp;fbclid=IwAR3MeSDKfH4ixBydCXX9D1lhrCszhps3ID5uxuGA-Ktd4MTkZCRdlcEZkQI\">Patreon\u00a0<\/a>sau prin efectuarea contribu\u021biilor prin\u00a0<a href=\"https:\/\/www.paypal.com\/paypalme\/supportbastv\">PayPal<\/a>! Aceasta ne va ajuta s\u0103 cre\u0103m con\u021binut interesant \u0219i util pentru dvs., r\u0103m\u00e2n\u00e2nd \u00een continuare o platform\u0103 media independent\u0103.<\/strong><\/p>\n<div class=\"elementor-element elementor-element-5fc6b9d elementor-widget elementor-widget-theme-post-content\" data-id=\"5fc6b9d\" data-element_type=\"widget\" data-widget_type=\"theme-post-content.default\">\n<div class=\"elementor-widget-container\">\n<p><b>Abona\u021bi-v\u0103 la noi pe re\u021bele sociale:\u00a0<\/b><a href=\"https:\/\/t.me\/bastvmd\"><b><i>Telegram<\/i><\/b><\/a><b>,\u00a0<\/b><a href=\"https:\/\/www.youtube.com\/channel\/UC-9005PnLnhpNM8PVSjP2dQ\/featured\"><b><i>YouTube<\/i><\/b><\/a><b>,\u00a0<\/b><a href=\"https:\/\/www.facebook.com\/bastv.md\"><b><i>Facebook<\/i><\/b><\/a>\u00a0\u0219i\u00a0<a href=\"https:\/\/www.instagram.com\/bastv.md\/\"><b><i>Instagram<\/i><\/b><\/a><b>.\u00a0 Aici public\u0103m \u0219tiri pe scurt!<\/b><\/p>\n<\/div>\n<\/div>\n","protected":false},"excerpt":{"rendered":"<p>Casa de Cultur\u0103 Cimi\u0219lia va g\u0103zdui, pe data de 28 decembrie, un concert de colinde dedicat Na\u0219terii Domnului, eveniment care va reuni interpre\u021bi locali \u0219i invita\u021bi de prestigiu. Evenimentul \u00ee\u0219i propune s\u0103 aduc\u0103 publicului atmosfera autentic\u0103 a s\u0103rb\u0103torilor de iarn\u0103, prin muzic\u0103 sacr\u0103 \u0219i colinde tradi\u021bionale. Consiliul Raional Cimi\u0219lia, \u00een parteneriat cu Episcopia Basarabiei de [&hellip;]<\/p>\n","protected":false},"author":3,"featured_media":170186,"comment_status":"closed","ping_status":"closed","sticky":false,"template":"","format":"standard","meta":{"footnotes":""},"categories":[602,570],"tags":[8504,733,16420,16421,3800],"class_list":["post-170120","post","type-post","status-publish","format-standard","has-post-thumbnail","hentry","category-actualitate","category-in-moldova","tag-casa-de-cultura","tag-cimislia","tag-colinde","tag-eveniment","tag-traditie"],"yoast_head":"<!-- This site is optimized with the Yoast SEO plugin v27.5 - https:\/\/yoast.com\/product\/yoast-seo-wordpress\/ -->\n<title>Colinde, tradi\u021bie \u0219i spiritualitate: concert dedicat Na\u0219terii Domnului, la Cimi\u0219lia - BasTV<\/title>\n<meta name=\"description\" content=\"Casa de Cultur\u0103 Cimi\u0219lia va g\u0103zdui, pe data de 28 decembrie, un concert de colinde dedicat Na\u0219terii Domnului, eveniment care va reuni interpre\u021bi locali \u0219i invita\u021bi de prestigiu. Evenimentul \u00ee\u0219i propune s\u0103 aduc\u0103 publicului atmosfera autentic\u0103 a s\u0103rb\u0103torilor de iarn\u0103, prin muzic\u0103 sacr\u0103 \u0219i colinde tradi\u021bionale.\" \/>\n<meta name=\"robots\" content=\"index, follow, max-snippet:-1, max-image-preview:large, max-video-preview:-1\" \/>\n<link rel=\"canonical\" href=\"https:\/\/bas-tv.md\/ro\/colinde-traditie-si-spiritualitate-concert-dedicat-nasterii-domnului-la-cimislia\/\" \/>\n<meta property=\"og:locale\" content=\"ro_RO\" \/>\n<meta property=\"og:type\" content=\"article\" \/>\n<meta property=\"og:title\" content=\"Colinde, tradi\u021bie \u0219i spiritualitate: concert dedicat Na\u0219terii Domnului, la Cimi\u0219lia - BasTV\" \/>\n<meta property=\"og:description\" content=\"Casa de Cultur\u0103 Cimi\u0219lia va g\u0103zdui, pe data de 28 decembrie, un concert de colinde dedicat Na\u0219terii Domnului, eveniment care va reuni interpre\u021bi locali \u0219i invita\u021bi de prestigiu. Evenimentul \u00ee\u0219i propune s\u0103 aduc\u0103 publicului atmosfera autentic\u0103 a s\u0103rb\u0103torilor de iarn\u0103, prin muzic\u0103 sacr\u0103 \u0219i colinde tradi\u021bionale.\" \/>\n<meta property=\"og:url\" content=\"https:\/\/bas-tv.md\/ro\/colinde-traditie-si-spiritualitate-concert-dedicat-nasterii-domnului-la-cimislia\/\" \/>\n<meta property=\"og:site_name\" content=\"BasTV\" \/>\n<meta property=\"article:published_time\" content=\"2025-12-25T08:00:16+00:00\" \/>\n<meta property=\"og:image\" content=\"https:\/\/bas-tv.md\/wp-content\/uploads\/2025\/12\/598421164_122194854656570816_5202816300221414739_n-1-e1766526562999.jpg\" \/>\n\t<meta property=\"og:image:width\" content=\"1080\" \/>\n\t<meta property=\"og:image:height\" content=\"767\" \/>\n\t<meta property=\"og:image:type\" content=\"image\/jpeg\" \/>\n<meta name=\"author\" content=\"Redactor\" \/>\n<meta name=\"twitter:card\" content=\"summary_large_image\" \/>\n<meta name=\"twitter:label1\" content=\"Scris de\" \/>\n\t<meta name=\"twitter:data1\" content=\"Redactor\" \/>\n\t<meta name=\"twitter:label2\" content=\"Timp estimat pentru citire\" \/>\n\t<meta name=\"twitter:data2\" content=\"3 minute\" \/>\n<script type=\"application\/ld+json\" class=\"yoast-schema-graph\">{\"@context\":\"https:\\\/\\\/schema.org\",\"@graph\":[{\"@type\":\"Article\",\"@id\":\"https:\\\/\\\/bas-tv.md\\\/ro\\\/colinde-traditie-si-spiritualitate-concert-dedicat-nasterii-domnului-la-cimislia\\\/#article\",\"isPartOf\":{\"@id\":\"https:\\\/\\\/bas-tv.md\\\/ro\\\/colinde-traditie-si-spiritualitate-concert-dedicat-nasterii-domnului-la-cimislia\\\/\"},\"author\":{\"name\":\"Redactor\",\"@id\":\"https:\\\/\\\/bas-tv.md\\\/ro\\\/#\\\/schema\\\/person\\\/8740f45ea2eca1f1695284fc03529af0\"},\"headline\":\"Colinde, tradi\u021bie \u0219i spiritualitate: concert dedicat Na\u0219terii Domnului, la Cimi\u0219lia\",\"datePublished\":\"2025-12-25T08:00:16+00:00\",\"mainEntityOfPage\":{\"@id\":\"https:\\\/\\\/bas-tv.md\\\/ro\\\/colinde-traditie-si-spiritualitate-concert-dedicat-nasterii-domnului-la-cimislia\\\/\"},\"wordCount\":437,\"publisher\":{\"@id\":\"https:\\\/\\\/bas-tv.md\\\/ro\\\/#organization\"},\"image\":{\"@id\":\"https:\\\/\\\/bas-tv.md\\\/ro\\\/colinde-traditie-si-spiritualitate-concert-dedicat-nasterii-domnului-la-cimislia\\\/#primaryimage\"},\"thumbnailUrl\":\"https:\\\/\\\/bas-tv.md\\\/wp-content\\\/uploads\\\/2025\\\/12\\\/598421164_122194854656570816_5202816300221414739_n-1-e1766526562999.jpg\",\"keywords\":[\"Casa de Cultur\u0103\",\"Cimi\u0219lia\",\"Colinde\",\"eveniment\",\"tradi\u021bie\"],\"articleSection\":[\"Actualitate\",\"\u00cen Moldova\"],\"inLanguage\":\"ro-RO\"},{\"@type\":\"WebPage\",\"@id\":\"https:\\\/\\\/bas-tv.md\\\/ro\\\/colinde-traditie-si-spiritualitate-concert-dedicat-nasterii-domnului-la-cimislia\\\/\",\"url\":\"https:\\\/\\\/bas-tv.md\\\/ro\\\/colinde-traditie-si-spiritualitate-concert-dedicat-nasterii-domnului-la-cimislia\\\/\",\"name\":\"Colinde, tradi\u021bie \u0219i spiritualitate: concert dedicat Na\u0219terii Domnului, la Cimi\u0219lia - BasTV\",\"isPartOf\":{\"@id\":\"https:\\\/\\\/bas-tv.md\\\/ro\\\/#website\"},\"primaryImageOfPage\":{\"@id\":\"https:\\\/\\\/bas-tv.md\\\/ro\\\/colinde-traditie-si-spiritualitate-concert-dedicat-nasterii-domnului-la-cimislia\\\/#primaryimage\"},\"image\":{\"@id\":\"https:\\\/\\\/bas-tv.md\\\/ro\\\/colinde-traditie-si-spiritualitate-concert-dedicat-nasterii-domnului-la-cimislia\\\/#primaryimage\"},\"thumbnailUrl\":\"https:\\\/\\\/bas-tv.md\\\/wp-content\\\/uploads\\\/2025\\\/12\\\/598421164_122194854656570816_5202816300221414739_n-1-e1766526562999.jpg\",\"datePublished\":\"2025-12-25T08:00:16+00:00\",\"description\":\"Casa de Cultur\u0103 Cimi\u0219lia va g\u0103zdui, pe data de 28 decembrie, un concert de colinde dedicat Na\u0219terii Domnului, eveniment care va reuni interpre\u021bi locali \u0219i invita\u021bi de prestigiu. Evenimentul \u00ee\u0219i propune s\u0103 aduc\u0103 publicului atmosfera autentic\u0103 a s\u0103rb\u0103torilor de iarn\u0103, prin muzic\u0103 sacr\u0103 \u0219i colinde tradi\u021bionale.\",\"inLanguage\":\"ro-RO\",\"potentialAction\":[{\"@type\":\"ReadAction\",\"target\":[\"https:\\\/\\\/bas-tv.md\\\/ro\\\/colinde-traditie-si-spiritualitate-concert-dedicat-nasterii-domnului-la-cimislia\\\/\"]}]},{\"@type\":\"ImageObject\",\"inLanguage\":\"ro-RO\",\"@id\":\"https:\\\/\\\/bas-tv.md\\\/ro\\\/colinde-traditie-si-spiritualitate-concert-dedicat-nasterii-domnului-la-cimislia\\\/#primaryimage\",\"url\":\"https:\\\/\\\/bas-tv.md\\\/wp-content\\\/uploads\\\/2025\\\/12\\\/598421164_122194854656570816_5202816300221414739_n-1-e1766526562999.jpg\",\"contentUrl\":\"https:\\\/\\\/bas-tv.md\\\/wp-content\\\/uploads\\\/2025\\\/12\\\/598421164_122194854656570816_5202816300221414739_n-1-e1766526562999.jpg\",\"width\":1080,\"height\":767,\"caption\":\"Sursa foto: Sec\u021bia Cultur\u0103, Tineret \u0219i Sport Cimi\u0219lia\"},{\"@type\":\"WebSite\",\"@id\":\"https:\\\/\\\/bas-tv.md\\\/ro\\\/#website\",\"url\":\"https:\\\/\\\/bas-tv.md\\\/ro\\\/\",\"name\":\"BasTV\",\"description\":\"Moldova\",\"publisher\":{\"@id\":\"https:\\\/\\\/bas-tv.md\\\/ro\\\/#organization\"},\"potentialAction\":[{\"@type\":\"SearchAction\",\"target\":{\"@type\":\"EntryPoint\",\"urlTemplate\":\"https:\\\/\\\/bas-tv.md\\\/ro\\\/?s={search_term_string}\"},\"query-input\":{\"@type\":\"PropertyValueSpecification\",\"valueRequired\":true,\"valueName\":\"search_term_string\"}}],\"inLanguage\":\"ro-RO\"},{\"@type\":\"Organization\",\"@id\":\"https:\\\/\\\/bas-tv.md\\\/ro\\\/#organization\",\"name\":\"BasTV\",\"url\":\"https:\\\/\\\/bas-tv.md\\\/ro\\\/\",\"logo\":{\"@type\":\"ImageObject\",\"inLanguage\":\"ro-RO\",\"@id\":\"https:\\\/\\\/bas-tv.md\\\/ro\\\/#\\\/schema\\\/logo\\\/image\\\/\",\"url\":\"https:\\\/\\\/bas-tv.md\\\/wp-content\\\/uploads\\\/2023\\\/05\\\/bas-tv-culoarea-rosie.png\",\"contentUrl\":\"https:\\\/\\\/bas-tv.md\\\/wp-content\\\/uploads\\\/2023\\\/05\\\/bas-tv-culoarea-rosie.png\",\"width\":202,\"height\":50,\"caption\":\"BasTV\"},\"image\":{\"@id\":\"https:\\\/\\\/bas-tv.md\\\/ro\\\/#\\\/schema\\\/logo\\\/image\\\/\"}},{\"@type\":\"Person\",\"@id\":\"https:\\\/\\\/bas-tv.md\\\/ro\\\/#\\\/schema\\\/person\\\/8740f45ea2eca1f1695284fc03529af0\",\"name\":\"Redactor\",\"image\":{\"@type\":\"ImageObject\",\"inLanguage\":\"ro-RO\",\"@id\":\"https:\\\/\\\/secure.gravatar.com\\\/avatar\\\/45b6af9fc91c10b15a8b40e67c1f57bab2e9614fc9f0af95cf453d61934e9aad?s=96&d=mm&r=g\",\"url\":\"https:\\\/\\\/secure.gravatar.com\\\/avatar\\\/45b6af9fc91c10b15a8b40e67c1f57bab2e9614fc9f0af95cf453d61934e9aad?s=96&d=mm&r=g\",\"contentUrl\":\"https:\\\/\\\/secure.gravatar.com\\\/avatar\\\/45b6af9fc91c10b15a8b40e67c1f57bab2e9614fc9f0af95cf453d61934e9aad?s=96&d=mm&r=g\",\"caption\":\"Redactor\"},\"url\":\"https:\\\/\\\/bas-tv.md\\\/ro\\\/author\\\/redactor\\\/\"}]}<\/script>\n<!-- \/ Yoast SEO plugin. -->","yoast_head_json":{"title":"Colinde, tradi\u021bie \u0219i spiritualitate: concert dedicat Na\u0219terii Domnului, la Cimi\u0219lia - BasTV","description":"Casa de Cultur\u0103 Cimi\u0219lia va g\u0103zdui, pe data de 28 decembrie, un concert de colinde dedicat Na\u0219terii Domnului, eveniment care va reuni interpre\u021bi locali \u0219i invita\u021bi de prestigiu. Evenimentul \u00ee\u0219i propune s\u0103 aduc\u0103 publicului atmosfera autentic\u0103 a s\u0103rb\u0103torilor de iarn\u0103, prin muzic\u0103 sacr\u0103 \u0219i colinde tradi\u021bionale.","robots":{"index":"index","follow":"follow","max-snippet":"max-snippet:-1","max-image-preview":"max-image-preview:large","max-video-preview":"max-video-preview:-1"},"canonical":"https:\/\/bas-tv.md\/ro\/colinde-traditie-si-spiritualitate-concert-dedicat-nasterii-domnului-la-cimislia\/","og_locale":"ro_RO","og_type":"article","og_title":"Colinde, tradi\u021bie \u0219i spiritualitate: concert dedicat Na\u0219terii Domnului, la Cimi\u0219lia - BasTV","og_description":"Casa de Cultur\u0103 Cimi\u0219lia va g\u0103zdui, pe data de 28 decembrie, un concert de colinde dedicat Na\u0219terii Domnului, eveniment care va reuni interpre\u021bi locali \u0219i invita\u021bi de prestigiu. Evenimentul \u00ee\u0219i propune s\u0103 aduc\u0103 publicului atmosfera autentic\u0103 a s\u0103rb\u0103torilor de iarn\u0103, prin muzic\u0103 sacr\u0103 \u0219i colinde tradi\u021bionale.","og_url":"https:\/\/bas-tv.md\/ro\/colinde-traditie-si-spiritualitate-concert-dedicat-nasterii-domnului-la-cimislia\/","og_site_name":"BasTV","article_published_time":"2025-12-25T08:00:16+00:00","og_image":[{"width":1080,"height":767,"url":"https:\/\/bas-tv.md\/wp-content\/uploads\/2025\/12\/598421164_122194854656570816_5202816300221414739_n-1-e1766526562999.jpg","type":"image\/jpeg"}],"author":"Redactor","twitter_card":"summary_large_image","twitter_misc":{"Scris de":"Redactor","Timp estimat pentru citire":"3 minute"},"schema":{"@context":"https:\/\/schema.org","@graph":[{"@type":"Article","@id":"https:\/\/bas-tv.md\/ro\/colinde-traditie-si-spiritualitate-concert-dedicat-nasterii-domnului-la-cimislia\/#article","isPartOf":{"@id":"https:\/\/bas-tv.md\/ro\/colinde-traditie-si-spiritualitate-concert-dedicat-nasterii-domnului-la-cimislia\/"},"author":{"name":"Redactor","@id":"https:\/\/bas-tv.md\/ro\/#\/schema\/person\/8740f45ea2eca1f1695284fc03529af0"},"headline":"Colinde, tradi\u021bie \u0219i spiritualitate: concert dedicat Na\u0219terii Domnului, la Cimi\u0219lia","datePublished":"2025-12-25T08:00:16+00:00","mainEntityOfPage":{"@id":"https:\/\/bas-tv.md\/ro\/colinde-traditie-si-spiritualitate-concert-dedicat-nasterii-domnului-la-cimislia\/"},"wordCount":437,"publisher":{"@id":"https:\/\/bas-tv.md\/ro\/#organization"},"image":{"@id":"https:\/\/bas-tv.md\/ro\/colinde-traditie-si-spiritualitate-concert-dedicat-nasterii-domnului-la-cimislia\/#primaryimage"},"thumbnailUrl":"https:\/\/bas-tv.md\/wp-content\/uploads\/2025\/12\/598421164_122194854656570816_5202816300221414739_n-1-e1766526562999.jpg","keywords":["Casa de Cultur\u0103","Cimi\u0219lia","Colinde","eveniment","tradi\u021bie"],"articleSection":["Actualitate","\u00cen Moldova"],"inLanguage":"ro-RO"},{"@type":"WebPage","@id":"https:\/\/bas-tv.md\/ro\/colinde-traditie-si-spiritualitate-concert-dedicat-nasterii-domnului-la-cimislia\/","url":"https:\/\/bas-tv.md\/ro\/colinde-traditie-si-spiritualitate-concert-dedicat-nasterii-domnului-la-cimislia\/","name":"Colinde, tradi\u021bie \u0219i spiritualitate: concert dedicat Na\u0219terii Domnului, la Cimi\u0219lia - BasTV","isPartOf":{"@id":"https:\/\/bas-tv.md\/ro\/#website"},"primaryImageOfPage":{"@id":"https:\/\/bas-tv.md\/ro\/colinde-traditie-si-spiritualitate-concert-dedicat-nasterii-domnului-la-cimislia\/#primaryimage"},"image":{"@id":"https:\/\/bas-tv.md\/ro\/colinde-traditie-si-spiritualitate-concert-dedicat-nasterii-domnului-la-cimislia\/#primaryimage"},"thumbnailUrl":"https:\/\/bas-tv.md\/wp-content\/uploads\/2025\/12\/598421164_122194854656570816_5202816300221414739_n-1-e1766526562999.jpg","datePublished":"2025-12-25T08:00:16+00:00","description":"Casa de Cultur\u0103 Cimi\u0219lia va g\u0103zdui, pe data de 28 decembrie, un concert de colinde dedicat Na\u0219terii Domnului, eveniment care va reuni interpre\u021bi locali \u0219i invita\u021bi de prestigiu. Evenimentul \u00ee\u0219i propune s\u0103 aduc\u0103 publicului atmosfera autentic\u0103 a s\u0103rb\u0103torilor de iarn\u0103, prin muzic\u0103 sacr\u0103 \u0219i colinde tradi\u021bionale.","inLanguage":"ro-RO","potentialAction":[{"@type":"ReadAction","target":["https:\/\/bas-tv.md\/ro\/colinde-traditie-si-spiritualitate-concert-dedicat-nasterii-domnului-la-cimislia\/"]}]},{"@type":"ImageObject","inLanguage":"ro-RO","@id":"https:\/\/bas-tv.md\/ro\/colinde-traditie-si-spiritualitate-concert-dedicat-nasterii-domnului-la-cimislia\/#primaryimage","url":"https:\/\/bas-tv.md\/wp-content\/uploads\/2025\/12\/598421164_122194854656570816_5202816300221414739_n-1-e1766526562999.jpg","contentUrl":"https:\/\/bas-tv.md\/wp-content\/uploads\/2025\/12\/598421164_122194854656570816_5202816300221414739_n-1-e1766526562999.jpg","width":1080,"height":767,"caption":"Sursa foto: Sec\u021bia Cultur\u0103, Tineret \u0219i Sport Cimi\u0219lia"},{"@type":"WebSite","@id":"https:\/\/bas-tv.md\/ro\/#website","url":"https:\/\/bas-tv.md\/ro\/","name":"BasTV","description":"Moldova","publisher":{"@id":"https:\/\/bas-tv.md\/ro\/#organization"},"potentialAction":[{"@type":"SearchAction","target":{"@type":"EntryPoint","urlTemplate":"https:\/\/bas-tv.md\/ro\/?s={search_term_string}"},"query-input":{"@type":"PropertyValueSpecification","valueRequired":true,"valueName":"search_term_string"}}],"inLanguage":"ro-RO"},{"@type":"Organization","@id":"https:\/\/bas-tv.md\/ro\/#organization","name":"BasTV","url":"https:\/\/bas-tv.md\/ro\/","logo":{"@type":"ImageObject","inLanguage":"ro-RO","@id":"https:\/\/bas-tv.md\/ro\/#\/schema\/logo\/image\/","url":"https:\/\/bas-tv.md\/wp-content\/uploads\/2023\/05\/bas-tv-culoarea-rosie.png","contentUrl":"https:\/\/bas-tv.md\/wp-content\/uploads\/2023\/05\/bas-tv-culoarea-rosie.png","width":202,"height":50,"caption":"BasTV"},"image":{"@id":"https:\/\/bas-tv.md\/ro\/#\/schema\/logo\/image\/"}},{"@type":"Person","@id":"https:\/\/bas-tv.md\/ro\/#\/schema\/person\/8740f45ea2eca1f1695284fc03529af0","name":"Redactor","image":{"@type":"ImageObject","inLanguage":"ro-RO","@id":"https:\/\/secure.gravatar.com\/avatar\/45b6af9fc91c10b15a8b40e67c1f57bab2e9614fc9f0af95cf453d61934e9aad?s=96&d=mm&r=g","url":"https:\/\/secure.gravatar.com\/avatar\/45b6af9fc91c10b15a8b40e67c1f57bab2e9614fc9f0af95cf453d61934e9aad?s=96&d=mm&r=g","contentUrl":"https:\/\/secure.gravatar.com\/avatar\/45b6af9fc91c10b15a8b40e67c1f57bab2e9614fc9f0af95cf453d61934e9aad?s=96&d=mm&r=g","caption":"Redactor"},"url":"https:\/\/bas-tv.md\/ro\/author\/redactor\/"}]}},"views":212,"_links":{"self":[{"href":"https:\/\/bas-tv.md\/ro\/wp-json\/wp\/v2\/posts\/170120","targetHints":{"allow":["GET"]}}],"collection":[{"href":"https:\/\/bas-tv.md\/ro\/wp-json\/wp\/v2\/posts"}],"about":[{"href":"https:\/\/bas-tv.md\/ro\/wp-json\/wp\/v2\/types\/post"}],"author":[{"embeddable":true,"href":"https:\/\/bas-tv.md\/ro\/wp-json\/wp\/v2\/users\/3"}],"replies":[{"embeddable":true,"href":"https:\/\/bas-tv.md\/ro\/wp-json\/wp\/v2\/comments?post=170120"}],"version-history":[{"count":1,"href":"https:\/\/bas-tv.md\/ro\/wp-json\/wp\/v2\/posts\/170120\/revisions"}],"predecessor-version":[{"id":170197,"href":"https:\/\/bas-tv.md\/ro\/wp-json\/wp\/v2\/posts\/170120\/revisions\/170197"}],"wp:featuredmedia":[{"embeddable":true,"href":"https:\/\/bas-tv.md\/ro\/wp-json\/wp\/v2\/media\/170186"}],"wp:attachment":[{"href":"https:\/\/bas-tv.md\/ro\/wp-json\/wp\/v2\/media?parent=170120"}],"wp:term":[{"taxonomy":"category","embeddable":true,"href":"https:\/\/bas-tv.md\/ro\/wp-json\/wp\/v2\/categories?post=170120"},{"taxonomy":"post_tag","embeddable":true,"href":"https:\/\/bas-tv.md\/ro\/wp-json\/wp\/v2\/tags?post=170120"}],"curies":[{"name":"wp","href":"https:\/\/api.w.org\/{rel}","templated":true}]}}