{"id":171544,"date":"2026-01-14T14:00:07","date_gmt":"2026-01-14T12:00:07","guid":{"rendered":"https:\/\/bas-tv.md\/?p=171544"},"modified":"2026-01-14T12:22:52","modified_gmt":"2026-01-14T10:22:52","slug":"citatie-publica-judecatoria-cimislia-birca-valentin","status":"publish","type":"post","link":"https:\/\/bas-tv.md\/ro\/citatie-publica-judecatoria-cimislia-birca-valentin\/","title":{"rendered":"Cita\u021bie public\u0103"},"content":{"rendered":"<p data-start=\"154\" data-end=\"514\">Judec\u0103toria Cimi\u0219lia solicit\u0103 prezentarea cet\u0103\u021beanului <strong>B\u00eerc\u0103 Valentin<\/strong>, n\u0103scut la data de 15 mai 2005, domiciliat \u00een or. Basarabeasca, str. Ucrainscaia nr. 107, \u00een calitate de p\u00e2r\u00e2t \u00een cauza civil\u0103 intentat\u0103 de Tomail\u00ee Raisa \u00eempotriva lui B\u00eerc\u0103 Valentin, privind repararea prejudiciului material \u0219i moral cauzat prin ac\u021biuni ilicite.<\/p>\n<p data-start=\"516\" data-end=\"695\">P\u00e2r\u00e2tul este citat pentru data de 05 martie 2026, ora 09:30, la sediul Judec\u0103toriei Cimi\u0219lia, situat \u00een or. Cimi\u0219lia, str. C. Stamati nr. 1, sala de \u0219edin\u021b\u0103 nr. 1.<\/p>\n<p data-start=\"697\" data-end=\"806\">Prezenta cita\u021bie este publicat\u0103 pe site \u00een vederea inform\u0103rii p\u00e2r\u00e2tului, \u00een conformitate cu procedura legal\u0103.<\/p>\n","protected":false},"excerpt":{"rendered":"<p>Judec\u0103toria Cimi\u0219lia solicit\u0103 prezentarea cet\u0103\u021beanului B\u00eerc\u0103 Valentin, n\u0103scut la data de 15 mai 2005, domiciliat \u00een or. Basarabeasca, str. Ucrainscaia nr. 107, \u00een calitate de p\u00e2r\u00e2t \u00een cauza civil\u0103 intentat\u0103 de Tomail\u00ee Raisa \u00eempotriva lui B\u00eerc\u0103 Valentin, privind repararea prejudiciului material \u0219i moral cauzat prin ac\u021biuni ilicite. P\u00e2r\u00e2tul este citat pentru data de 05 martie [&hellip;]<\/p>\n","protected":false},"author":3,"featured_media":171545,"comment_status":"closed","ping_status":"closed","sticky":false,"template":"","format":"standard","meta":{"footnotes":""},"categories":[219,574],"tags":[3847,693,16896,16894,16895,14792,16897],"class_list":["post-171544","post","type-post","status-publish","format-standard","has-post-thumbnail","hentry","category-anunturi","category-util","tag-anunt-oficial","tag-basarabeasca-ro","tag-cauza-civila","tag-citatie-publica","tag-instanta-de-judecata","tag-judecatoria-cimislia","tag-parat"],"yoast_head":"<!-- This site is optimized with the Yoast SEO plugin v27.5 - https:\/\/yoast.com\/product\/yoast-seo-wordpress\/ -->\n<title>Cita\u021bie public\u0103 Judec\u0103toria Cimi\u0219lia<\/title>\n<meta name=\"description\" content=\"Judec\u0103toria Cimi\u0219lia solicit\u0103 prezentarea lui B\u00eerc\u0103 Valentin, citat \u00een calitate de p\u00e2r\u00e2t \u00eentr-o cauz\u0103 civil\u0103 privind repararea prejudiciului.\" \/>\n<meta name=\"robots\" content=\"index, follow, max-snippet:-1, max-image-preview:large, max-video-preview:-1\" \/>\n<link rel=\"canonical\" href=\"https:\/\/bas-tv.md\/ro\/citatie-publica-judecatoria-cimislia-birca-valentin\/\" \/>\n<meta property=\"og:locale\" content=\"ro_RO\" \/>\n<meta property=\"og:type\" content=\"article\" \/>\n<meta property=\"og:title\" content=\"Cita\u021bie public\u0103 Judec\u0103toria Cimi\u0219lia\" \/>\n<meta property=\"og:description\" content=\"Judec\u0103toria Cimi\u0219lia solicit\u0103 prezentarea lui B\u00eerc\u0103 Valentin, citat \u00een calitate de p\u00e2r\u00e2t \u00eentr-o cauz\u0103 civil\u0103 privind repararea prejudiciului.\" \/>\n<meta property=\"og:url\" content=\"https:\/\/bas-tv.md\/ro\/citatie-publica-judecatoria-cimislia-birca-valentin\/\" \/>\n<meta property=\"og:site_name\" content=\"BasTV\" \/>\n<meta property=\"article:published_time\" content=\"2026-01-14T12:00:07+00:00\" \/>\n<meta property=\"og:image\" content=\"https:\/\/bas-tv.md\/wp-content\/uploads\/2026\/01\/628f31189fc3d_580x320.jpg\" \/>\n\t<meta property=\"og:image:width\" content=\"580\" \/>\n\t<meta property=\"og:image:height\" content=\"320\" \/>\n\t<meta property=\"og:image:type\" content=\"image\/jpeg\" \/>\n<meta name=\"author\" content=\"Redactor\" \/>\n<meta name=\"twitter:card\" content=\"summary_large_image\" \/>\n<meta name=\"twitter:label1\" content=\"Scris de\" \/>\n\t<meta name=\"twitter:data1\" content=\"Redactor\" \/>\n\t<meta name=\"twitter:label2\" content=\"Timp estimat pentru citire\" \/>\n\t<meta name=\"twitter:data2\" content=\"1 minut\" \/>\n<script type=\"application\/ld+json\" class=\"yoast-schema-graph\">{\"@context\":\"https:\\\/\\\/schema.org\",\"@graph\":[{\"@type\":\"Article\",\"@id\":\"https:\\\/\\\/bas-tv.md\\\/ro\\\/citatie-publica-judecatoria-cimislia-birca-valentin\\\/#article\",\"isPartOf\":{\"@id\":\"https:\\\/\\\/bas-tv.md\\\/ro\\\/citatie-publica-judecatoria-cimislia-birca-valentin\\\/\"},\"author\":{\"name\":\"Redactor\",\"@id\":\"https:\\\/\\\/bas-tv.md\\\/ro\\\/#\\\/schema\\\/person\\\/8740f45ea2eca1f1695284fc03529af0\"},\"headline\":\"Cita\u021bie public\u0103\",\"datePublished\":\"2026-01-14T12:00:07+00:00\",\"mainEntityOfPage\":{\"@id\":\"https:\\\/\\\/bas-tv.md\\\/ro\\\/citatie-publica-judecatoria-cimislia-birca-valentin\\\/\"},\"wordCount\":104,\"publisher\":{\"@id\":\"https:\\\/\\\/bas-tv.md\\\/ro\\\/#organization\"},\"image\":{\"@id\":\"https:\\\/\\\/bas-tv.md\\\/ro\\\/citatie-publica-judecatoria-cimislia-birca-valentin\\\/#primaryimage\"},\"thumbnailUrl\":\"https:\\\/\\\/bas-tv.md\\\/wp-content\\\/uploads\\\/2026\\\/01\\\/628f31189fc3d_580x320.jpg\",\"keywords\":[\"anun\u021b oficial\",\"Basarabeasca\",\"cauz\u0103 civil\u0103\",\"cita\u021bie public\u0103\",\"instan\u021b\u0103 de judecat\u0103\",\"Judec\u0103toria Cimi\u0219lia\",\"p\u00e2r\u00e2t\"],\"articleSection\":[\"Anun\u021buri\",\"Util\"],\"inLanguage\":\"ro-RO\"},{\"@type\":\"WebPage\",\"@id\":\"https:\\\/\\\/bas-tv.md\\\/ro\\\/citatie-publica-judecatoria-cimislia-birca-valentin\\\/\",\"url\":\"https:\\\/\\\/bas-tv.md\\\/ro\\\/citatie-publica-judecatoria-cimislia-birca-valentin\\\/\",\"name\":\"Cita\u021bie public\u0103 Judec\u0103toria Cimi\u0219lia\",\"isPartOf\":{\"@id\":\"https:\\\/\\\/bas-tv.md\\\/ro\\\/#website\"},\"primaryImageOfPage\":{\"@id\":\"https:\\\/\\\/bas-tv.md\\\/ro\\\/citatie-publica-judecatoria-cimislia-birca-valentin\\\/#primaryimage\"},\"image\":{\"@id\":\"https:\\\/\\\/bas-tv.md\\\/ro\\\/citatie-publica-judecatoria-cimislia-birca-valentin\\\/#primaryimage\"},\"thumbnailUrl\":\"https:\\\/\\\/bas-tv.md\\\/wp-content\\\/uploads\\\/2026\\\/01\\\/628f31189fc3d_580x320.jpg\",\"datePublished\":\"2026-01-14T12:00:07+00:00\",\"description\":\"Judec\u0103toria Cimi\u0219lia solicit\u0103 prezentarea lui B\u00eerc\u0103 Valentin, citat \u00een calitate de p\u00e2r\u00e2t \u00eentr-o cauz\u0103 civil\u0103 privind repararea prejudiciului.\",\"inLanguage\":\"ro-RO\",\"potentialAction\":[{\"@type\":\"ReadAction\",\"target\":[\"https:\\\/\\\/bas-tv.md\\\/ro\\\/citatie-publica-judecatoria-cimislia-birca-valentin\\\/\"]}]},{\"@type\":\"ImageObject\",\"inLanguage\":\"ro-RO\",\"@id\":\"https:\\\/\\\/bas-tv.md\\\/ro\\\/citatie-publica-judecatoria-cimislia-birca-valentin\\\/#primaryimage\",\"url\":\"https:\\\/\\\/bas-tv.md\\\/wp-content\\\/uploads\\\/2026\\\/01\\\/628f31189fc3d_580x320.jpg\",\"contentUrl\":\"https:\\\/\\\/bas-tv.md\\\/wp-content\\\/uploads\\\/2026\\\/01\\\/628f31189fc3d_580x320.jpg\",\"width\":580,\"height\":320,\"caption\":\"Foto: bizlaw.md\"},{\"@type\":\"WebSite\",\"@id\":\"https:\\\/\\\/bas-tv.md\\\/ro\\\/#website\",\"url\":\"https:\\\/\\\/bas-tv.md\\\/ro\\\/\",\"name\":\"BasTV\",\"description\":\"Moldova\",\"publisher\":{\"@id\":\"https:\\\/\\\/bas-tv.md\\\/ro\\\/#organization\"},\"potentialAction\":[{\"@type\":\"SearchAction\",\"target\":{\"@type\":\"EntryPoint\",\"urlTemplate\":\"https:\\\/\\\/bas-tv.md\\\/ro\\\/?s={search_term_string}\"},\"query-input\":{\"@type\":\"PropertyValueSpecification\",\"valueRequired\":true,\"valueName\":\"search_term_string\"}}],\"inLanguage\":\"ro-RO\"},{\"@type\":\"Organization\",\"@id\":\"https:\\\/\\\/bas-tv.md\\\/ro\\\/#organization\",\"name\":\"BasTV\",\"url\":\"https:\\\/\\\/bas-tv.md\\\/ro\\\/\",\"logo\":{\"@type\":\"ImageObject\",\"inLanguage\":\"ro-RO\",\"@id\":\"https:\\\/\\\/bas-tv.md\\\/ro\\\/#\\\/schema\\\/logo\\\/image\\\/\",\"url\":\"https:\\\/\\\/bas-tv.md\\\/wp-content\\\/uploads\\\/2023\\\/05\\\/bas-tv-culoarea-rosie.png\",\"contentUrl\":\"https:\\\/\\\/bas-tv.md\\\/wp-content\\\/uploads\\\/2023\\\/05\\\/bas-tv-culoarea-rosie.png\",\"width\":202,\"height\":50,\"caption\":\"BasTV\"},\"image\":{\"@id\":\"https:\\\/\\\/bas-tv.md\\\/ro\\\/#\\\/schema\\\/logo\\\/image\\\/\"}},{\"@type\":\"Person\",\"@id\":\"https:\\\/\\\/bas-tv.md\\\/ro\\\/#\\\/schema\\\/person\\\/8740f45ea2eca1f1695284fc03529af0\",\"name\":\"Redactor\",\"image\":{\"@type\":\"ImageObject\",\"inLanguage\":\"ro-RO\",\"@id\":\"https:\\\/\\\/bas-tv.md\\\/wp-content\\\/litespeed\\\/avatar\\\/91c0586f3f6f4396a4ec1287c965eeeb.jpg?ver=1776950945\",\"url\":\"https:\\\/\\\/bas-tv.md\\\/wp-content\\\/litespeed\\\/avatar\\\/91c0586f3f6f4396a4ec1287c965eeeb.jpg?ver=1776950945\",\"contentUrl\":\"https:\\\/\\\/bas-tv.md\\\/wp-content\\\/litespeed\\\/avatar\\\/91c0586f3f6f4396a4ec1287c965eeeb.jpg?ver=1776950945\",\"caption\":\"Redactor\"},\"url\":\"https:\\\/\\\/bas-tv.md\\\/ro\\\/author\\\/redactor\\\/\"}]}<\/script>\n<!-- \/ Yoast SEO plugin. -->","yoast_head_json":{"title":"Cita\u021bie public\u0103 Judec\u0103toria Cimi\u0219lia","description":"Judec\u0103toria Cimi\u0219lia solicit\u0103 prezentarea lui B\u00eerc\u0103 Valentin, citat \u00een calitate de p\u00e2r\u00e2t \u00eentr-o cauz\u0103 civil\u0103 privind repararea prejudiciului.","robots":{"index":"index","follow":"follow","max-snippet":"max-snippet:-1","max-image-preview":"max-image-preview:large","max-video-preview":"max-video-preview:-1"},"canonical":"https:\/\/bas-tv.md\/ro\/citatie-publica-judecatoria-cimislia-birca-valentin\/","og_locale":"ro_RO","og_type":"article","og_title":"Cita\u021bie public\u0103 Judec\u0103toria Cimi\u0219lia","og_description":"Judec\u0103toria Cimi\u0219lia solicit\u0103 prezentarea lui B\u00eerc\u0103 Valentin, citat \u00een calitate de p\u00e2r\u00e2t \u00eentr-o cauz\u0103 civil\u0103 privind repararea prejudiciului.","og_url":"https:\/\/bas-tv.md\/ro\/citatie-publica-judecatoria-cimislia-birca-valentin\/","og_site_name":"BasTV","article_published_time":"2026-01-14T12:00:07+00:00","og_image":[{"width":580,"height":320,"url":"https:\/\/bas-tv.md\/wp-content\/uploads\/2026\/01\/628f31189fc3d_580x320.jpg","type":"image\/jpeg"}],"author":"Redactor","twitter_card":"summary_large_image","twitter_misc":{"Scris de":"Redactor","Timp estimat pentru citire":"1 minut"},"schema":{"@context":"https:\/\/schema.org","@graph":[{"@type":"Article","@id":"https:\/\/bas-tv.md\/ro\/citatie-publica-judecatoria-cimislia-birca-valentin\/#article","isPartOf":{"@id":"https:\/\/bas-tv.md\/ro\/citatie-publica-judecatoria-cimislia-birca-valentin\/"},"author":{"name":"Redactor","@id":"https:\/\/bas-tv.md\/ro\/#\/schema\/person\/8740f45ea2eca1f1695284fc03529af0"},"headline":"Cita\u021bie public\u0103","datePublished":"2026-01-14T12:00:07+00:00","mainEntityOfPage":{"@id":"https:\/\/bas-tv.md\/ro\/citatie-publica-judecatoria-cimislia-birca-valentin\/"},"wordCount":104,"publisher":{"@id":"https:\/\/bas-tv.md\/ro\/#organization"},"image":{"@id":"https:\/\/bas-tv.md\/ro\/citatie-publica-judecatoria-cimislia-birca-valentin\/#primaryimage"},"thumbnailUrl":"https:\/\/bas-tv.md\/wp-content\/uploads\/2026\/01\/628f31189fc3d_580x320.jpg","keywords":["anun\u021b oficial","Basarabeasca","cauz\u0103 civil\u0103","cita\u021bie public\u0103","instan\u021b\u0103 de judecat\u0103","Judec\u0103toria Cimi\u0219lia","p\u00e2r\u00e2t"],"articleSection":["Anun\u021buri","Util"],"inLanguage":"ro-RO"},{"@type":"WebPage","@id":"https:\/\/bas-tv.md\/ro\/citatie-publica-judecatoria-cimislia-birca-valentin\/","url":"https:\/\/bas-tv.md\/ro\/citatie-publica-judecatoria-cimislia-birca-valentin\/","name":"Cita\u021bie public\u0103 Judec\u0103toria Cimi\u0219lia","isPartOf":{"@id":"https:\/\/bas-tv.md\/ro\/#website"},"primaryImageOfPage":{"@id":"https:\/\/bas-tv.md\/ro\/citatie-publica-judecatoria-cimislia-birca-valentin\/#primaryimage"},"image":{"@id":"https:\/\/bas-tv.md\/ro\/citatie-publica-judecatoria-cimislia-birca-valentin\/#primaryimage"},"thumbnailUrl":"https:\/\/bas-tv.md\/wp-content\/uploads\/2026\/01\/628f31189fc3d_580x320.jpg","datePublished":"2026-01-14T12:00:07+00:00","description":"Judec\u0103toria Cimi\u0219lia solicit\u0103 prezentarea lui B\u00eerc\u0103 Valentin, citat \u00een calitate de p\u00e2r\u00e2t \u00eentr-o cauz\u0103 civil\u0103 privind repararea prejudiciului.","inLanguage":"ro-RO","potentialAction":[{"@type":"ReadAction","target":["https:\/\/bas-tv.md\/ro\/citatie-publica-judecatoria-cimislia-birca-valentin\/"]}]},{"@type":"ImageObject","inLanguage":"ro-RO","@id":"https:\/\/bas-tv.md\/ro\/citatie-publica-judecatoria-cimislia-birca-valentin\/#primaryimage","url":"https:\/\/bas-tv.md\/wp-content\/uploads\/2026\/01\/628f31189fc3d_580x320.jpg","contentUrl":"https:\/\/bas-tv.md\/wp-content\/uploads\/2026\/01\/628f31189fc3d_580x320.jpg","width":580,"height":320,"caption":"Foto: bizlaw.md"},{"@type":"WebSite","@id":"https:\/\/bas-tv.md\/ro\/#website","url":"https:\/\/bas-tv.md\/ro\/","name":"BasTV","description":"Moldova","publisher":{"@id":"https:\/\/bas-tv.md\/ro\/#organization"},"potentialAction":[{"@type":"SearchAction","target":{"@type":"EntryPoint","urlTemplate":"https:\/\/bas-tv.md\/ro\/?s={search_term_string}"},"query-input":{"@type":"PropertyValueSpecification","valueRequired":true,"valueName":"search_term_string"}}],"inLanguage":"ro-RO"},{"@type":"Organization","@id":"https:\/\/bas-tv.md\/ro\/#organization","name":"BasTV","url":"https:\/\/bas-tv.md\/ro\/","logo":{"@type":"ImageObject","inLanguage":"ro-RO","@id":"https:\/\/bas-tv.md\/ro\/#\/schema\/logo\/image\/","url":"https:\/\/bas-tv.md\/wp-content\/uploads\/2023\/05\/bas-tv-culoarea-rosie.png","contentUrl":"https:\/\/bas-tv.md\/wp-content\/uploads\/2023\/05\/bas-tv-culoarea-rosie.png","width":202,"height":50,"caption":"BasTV"},"image":{"@id":"https:\/\/bas-tv.md\/ro\/#\/schema\/logo\/image\/"}},{"@type":"Person","@id":"https:\/\/bas-tv.md\/ro\/#\/schema\/person\/8740f45ea2eca1f1695284fc03529af0","name":"Redactor","image":{"@type":"ImageObject","inLanguage":"ro-RO","@id":"https:\/\/bas-tv.md\/wp-content\/litespeed\/avatar\/91c0586f3f6f4396a4ec1287c965eeeb.jpg?ver=1776950945","url":"https:\/\/bas-tv.md\/wp-content\/litespeed\/avatar\/91c0586f3f6f4396a4ec1287c965eeeb.jpg?ver=1776950945","contentUrl":"https:\/\/bas-tv.md\/wp-content\/litespeed\/avatar\/91c0586f3f6f4396a4ec1287c965eeeb.jpg?ver=1776950945","caption":"Redactor"},"url":"https:\/\/bas-tv.md\/ro\/author\/redactor\/"}]}},"views":117,"_links":{"self":[{"href":"https:\/\/bas-tv.md\/ro\/wp-json\/wp\/v2\/posts\/171544","targetHints":{"allow":["GET"]}}],"collection":[{"href":"https:\/\/bas-tv.md\/ro\/wp-json\/wp\/v2\/posts"}],"about":[{"href":"https:\/\/bas-tv.md\/ro\/wp-json\/wp\/v2\/types\/post"}],"author":[{"embeddable":true,"href":"https:\/\/bas-tv.md\/ro\/wp-json\/wp\/v2\/users\/3"}],"replies":[{"embeddable":true,"href":"https:\/\/bas-tv.md\/ro\/wp-json\/wp\/v2\/comments?post=171544"}],"version-history":[{"count":2,"href":"https:\/\/bas-tv.md\/ro\/wp-json\/wp\/v2\/posts\/171544\/revisions"}],"predecessor-version":[{"id":171548,"href":"https:\/\/bas-tv.md\/ro\/wp-json\/wp\/v2\/posts\/171544\/revisions\/171548"}],"wp:featuredmedia":[{"embeddable":true,"href":"https:\/\/bas-tv.md\/ro\/wp-json\/wp\/v2\/media\/171545"}],"wp:attachment":[{"href":"https:\/\/bas-tv.md\/ro\/wp-json\/wp\/v2\/media?parent=171544"}],"wp:term":[{"taxonomy":"category","embeddable":true,"href":"https:\/\/bas-tv.md\/ro\/wp-json\/wp\/v2\/categories?post=171544"},{"taxonomy":"post_tag","embeddable":true,"href":"https:\/\/bas-tv.md\/ro\/wp-json\/wp\/v2\/tags?post=171544"}],"curies":[{"name":"wp","href":"https:\/\/api.w.org\/{rel}","templated":true}]}}