{"id":175966,"date":"2026-03-10T14:30:54","date_gmt":"2026-03-10T12:30:54","guid":{"rendered":"https:\/\/bas-tv.md\/?p=175966"},"modified":"2026-03-10T09:26:24","modified_gmt":"2026-03-10T07:26:24","slug":"video-tinerii-care-schimba-comunitatea-cu-ce-rezultate-s-a-incheiat-proiectul-voluntariat-2-0-in-raionul-basarabeasca","status":"publish","type":"post","link":"https:\/\/bas-tv.md\/ro\/video-tinerii-care-schimba-comunitatea-cu-ce-rezultate-s-a-incheiat-proiectul-voluntariat-2-0-in-raionul-basarabeasca\/","title":{"rendered":"(VIDEO) Tinerii care schimb\u0103 comunitatea: cu ce rezultate s-a \u00eencheiat proiectul \u201eVoluntariat 2.0\u201d \u00een raionul Basarabeasca"},"content":{"rendered":"<p><strong>\u00cen raionul Basarabeasca, proiectul \u201eVoluntariat 2.0 \u2013 noi oportunit\u0103\u021bi pentru fapte bune!\u201d a adus \u00eempreun\u0103 peste 200 de tineri implica\u021bi \u00een ac\u021biuni sociale, ecologice \u0219i caritabile. Traininguri, activit\u0103\u021bi comunitare \u0219i Festivalul Voluntarilor \u201eSemnul Calit\u0103\u021bii \u2013 2025\u201d au demonstrat c\u0103 spiritul civic prinde r\u0103d\u0103cini puternice \u00een r\u00e2ndul noii genera\u021bii. Urm\u0103ri\u021bi reportajul complet realizat de BAStv.<\/strong><\/p>\n<p>\u00cen raionul Basarabeasca, spiritul civic a prins un nou impuls odat\u0103 cu implementarea proiectului \u201eVoluntariat 2.0 \u2013 noi oportunit\u0103\u021bi pentru fapte bune!\u201d, realizat de Centrul de Ini\u021biative ale Tinerilor \u201eFEED-BACK\u201d. Ini\u021biativa a reunit tineri, mentori, profesori \u0219i membri ai comunit\u0103\u021bii \u00een cadrul unei serii ample de activit\u0103\u021bi desf\u0103\u0219urate pe parcursul S\u0103pt\u0103m\u00e2nii Voluntariatului. Un moment central al proiectului a fost trainingul cu genericul \u201eLeadership, voluntariat \u0219i ini\u021biative civice\u201d, dedicat tinerilor activi din raion. Timp de 2 zile, peste 30 de participan\u021bi au \u00eenv\u0103\u021bat cum s\u0103 identifice problemele comunit\u0103\u021bii, s\u0103 formuleze solu\u021bii viabile \u0219i s\u0103 elaboreze bugete pentru propriile propuneri de proiecte.<\/p>\n<p>Potrivit organizatorilor, astfel de instruiri contribuie la formarea unei genera\u021bii responsabile, capabile s\u0103-\u0219i asume un rol activ \u00een dezvoltarea comunit\u0103\u021bii. La finalul trainingului, participan\u021bii au declarat c\u0103 inten\u021bioneaz\u0103 s\u0103 aplice cuno\u0219tin\u021bele acumulate \u00een proiecte concrete.<\/p>\n<p>S\u0103pt\u0103m\u00e2na Voluntariatului, desf\u0103\u0219urat\u0103 \u00een perioada 22\u201329 octombrie, a inclus 15 evenimente organizate \u00een mai multe localit\u0103\u021bi ale raionului Basarabeasca. \u00cen satele Abaclia \u0219i Ba\u0219calia, elevii institu\u021biilor de \u00eenv\u0103\u021b\u0103m\u00e2nt au participat la ac\u021biuni de \u00eenverzire \u0219i amenajare a spa\u021biilor verzi din cur\u021bile \u0219colilor.<\/p>\n<p>La Basarabeasca, beneficiarii Centrului Comunitar Multifunc\u021bional \u201eRecuno\u0219tin\u021ba\u201d s-au implicat \u00eentr-o ac\u021biune de salubrizare \u0219i amenajare a teritoriului institu\u021biei, demonstr\u00e2nd c\u0103 voluntariatul nu are limit\u0103 de v\u00e2rst\u0103.<\/p>\n<p>\u00cen satul Carabetovca, tinerii voluntari, coordona\u021bi de preotul localit\u0103\u021bii, au f\u0103cut cur\u0103\u021benie \u00een Parcul Eroilor \u0219i au instalat un sistem de irigare. Parcul \u0219i monumentul dedicat eroilor celui de-Al Doilea R\u0103zboi Mondial reprezint\u0103 un simbol important pentru comunitate.<\/p>\n<p>La Sadaclia, voluntarii au organizat un eveniment pentru persoanele \u00een etate, cu program artistic, gust\u0103ri \u0219i concursuri, oferindu-le invita\u021bilor \u0219i pachete alimentare. Emo\u021bia \u0219i recuno\u0219tin\u021ba participan\u021bilor au confirmat impactul pozitiv al ini\u021biativei.<\/p>\n<p>Activit\u0103\u021bile sportive au completat agenda S\u0103pt\u0103m\u00e2nii Voluntariatului. Sub genericul \u201eUnitate prin sport\u201d, profesorii \u0218colii Sportive Raionale Basarabeasca au organizat meciuri amicale de fotbal, \u0219tafete \u0219i masterclass-uri, promov\u00e2nd spiritul de echip\u0103 \u0219i un mod de via\u021b\u0103 activ.<\/p>\n<p>O etap\u0103 distinct\u0103 a proiectului a fost \u0218coala Voluntarilor, organizat\u0103 pentru 20 de reprezentan\u021bi ai cluburilor de voluntariat din raionul Basarabeasca. Programul de instruire s-a desf\u0103\u0219urat \u00een centrul educa\u021bional Canac-Dr\u0103g\u0103lina, situat \u00een raionul Anenii Noi.<\/p>\n<p>Timp de trei zile, activi\u0219tii au participat la seminare \u0219i traininguri dedicate leadershipului, scrierii de proiecte \u0219i consolid\u0103rii coeziunii sociale. Instruirea a fost sus\u021binut\u0103 de formatoarea Svetlana Bude\u0219tean. \u0218coala a reprezentat pentru voluntari nu doar o oportunitate de a acumula noi cuno\u0219tin\u021be, ci \u0219i de a se cunoa\u0219te mai bine \u00eentre ei, de a face schimb de experien\u021b\u0103 \u0219i de a consolida cooperarea dintre cluburile de voluntariat din raionul Basarabeasca.<\/p>\n<p>Festivalul Voluntarilor \u201eSemnul Calit\u0103\u021bii \u2013 2025\u201d a reunit la Casa de Cultur\u0103 din ora\u0219ul Basarabeasca peste 200 de participan\u021bi \u2014 reprezentan\u021bi ai ONG-urilor, ai autorit\u0103\u021bilor publice locale, ai institu\u021biilor de \u00eenv\u0103\u021b\u0103m\u00e2nt, ai serviciilor sociale, precum \u0219i partenerii ini\u021biativei. \u00cen aceast\u0103 zi au fost prezentate rezultatele unei activit\u0103\u021bi ample, fiind apreciat\u0103 contribu\u021bia fiec\u0103ruia la dezvoltarea mi\u0219c\u0103rii de voluntariat \u00een raion.<\/p>\n<p>Un rol deosebit \u00een implementarea proiectului l-au avut cluburile \u0219colare de voluntariat. Peste 100 de elevi din 9 gimnazii \u0219i licee ale raionului au ini\u021biat \u0219i desf\u0103\u0219urat zeci de ac\u021biuni sociale, ecologice \u0219i caritabile, demonstr\u00e2nd c\u0103 spiritul civic activ se formeaz\u0103 \u00eenc\u0103 din anii de \u0219coal\u0103.<\/p>\n<p>Ajut\u00e2ndu-i pe al\u021bii, tinerii nu doar au contribuit la schimbarea comunit\u0103\u021bii, ci au dob\u00e2ndit \u0219i experien\u021b\u0103 valoroas\u0103 de via\u021b\u0103, abilit\u0103\u021bi de lucru \u00een echip\u0103 \u0219i competen\u021be de leadership.<\/p>\n<p>Momentul culminant al evenimentului a fost ceremonia de premiere: voluntarii au primit certificate, mentorii \u2014 diplome, iar cei mai activi participan\u021bi au fost distin\u0219i cu premii speciale. Atmosfera festiv\u0103 a fost completat\u0103 de momente artistice, care au l\u0103sat invita\u021bilor amintiri pl\u0103cute \u0219i un puternic sentiment de unitate.<\/p>\n<p>Proiectul a fost implementat de Asocia\u021bia Ob\u0219teasc\u0103 \u201eCentrul de Ini\u021biative ale Tinerilor FEED-BACK\u201d, \u00een cadrul ini\u021biativei \u201eConsolidarea coeziunii sociale \u00een Moldova prin dialog \u0219i abilitarea comunit\u0103\u021bilor\u201d, realizat\u0103 de Programul Na\u021biunilor Unite pentru Dezvoltare \u0219i Fondul ONU pentru Popula\u021bie \u00een Moldova, cu sprijinul financiar al Elve\u021biei.<\/p>\n<p><iframe title=\"Tinerii care schimb\u0103 comunitatea: cum s-a \u00eencheiat proiectul \u201eVoluntariat 2.0\u201d \u00een r. Basarabeasca\" width=\"580\" height=\"326\" src=\"https:\/\/www.youtube.com\/embed\/WH5LY43WYgI?feature=oembed\" frameborder=\"0\" allow=\"accelerometer; autoplay; clipboard-write; encrypted-media; gyroscope; picture-in-picture; web-share\" referrerpolicy=\"strict-origin-when-cross-origin\" allowfullscreen><\/iframe><\/p>\n<p><strong>Sus\u021bine\u021bi redac\u021bia BAStv, abona\u021bi-v\u0103 la noi pe platforma\u00a0<a href=\"https:\/\/www.patreon.com\/BAStv?fan_landing=true&amp;fbclid=IwAR3MeSDKfH4ixBydCXX9D1lhrCszhps3ID5uxuGA-Ktd4MTkZCRdlcEZkQI\">Patreon\u00a0<\/a>sau prin efectuarea contribu\u021biilor prin\u00a0<a href=\"https:\/\/www.paypal.com\/paypalme\/supportbastv\">PayPal<\/a>! Aceasta ne va ajuta s\u0103 cre\u0103m con\u021binut interesant \u0219i util pentru dvs., r\u0103m\u00e2n\u00e2nd \u00een continuare o platform\u0103 media independent\u0103.<\/strong><\/p>\n<p><b>Abona\u021bi-v\u0103 la noi pe re\u021bele sociale:\u00a0<\/b><a href=\"https:\/\/t.me\/bastvmd\"><b><i>Telegram<\/i><\/b><\/a><b>,\u00a0<\/b><a href=\"https:\/\/www.youtube.com\/channel\/UC-9005PnLnhpNM8PVSjP2dQ\/featured\"><b><i>YouTube<\/i><\/b><\/a><b>,\u00a0<\/b><a href=\"https:\/\/www.facebook.com\/bastv.md\"><b><i>Facebook<\/i><\/b><\/a>\u00a0\u0219i\u00a0<a href=\"https:\/\/www.instagram.com\/bastv.md\/\"><b><i>Instagram<\/i><\/b><\/a><b>.\u00a0 Aici public\u0103m \u0219tiri pe scurt!<\/b><\/p>\n","protected":false},"excerpt":{"rendered":"<p>\u00cen raionul Basarabeasca, proiectul \u201eVoluntariat 2.0 \u2013 noi oportunit\u0103\u021bi pentru fapte bune!\u201d a adus \u00eempreun\u0103 peste 200 de tineri implica\u021bi \u00een ac\u021biuni sociale, ecologice \u0219i caritabile. Traininguri, activit\u0103\u021bi comunitare \u0219i Festivalul Voluntarilor \u201eSemnul Calit\u0103\u021bii \u2013 2025\u201d au demonstrat c\u0103 spiritul civic prinde r\u0103d\u0103cini puternice \u00een r\u00e2ndul noii genera\u021bii. Urm\u0103ri\u021bi reportajul complet realizat de BAStv. \u00cen [&hellip;]<\/p>\n","protected":false},"author":3,"featured_media":175968,"comment_status":"closed","ping_status":"closed","sticky":false,"template":"","format":"standard","meta":{"footnotes":""},"categories":[602,569],"tags":[693,18266,14634,18265,15378,18264,2337],"class_list":["post-175966","post","type-post","status-publish","format-standard","has-post-thumbnail","hentry","category-actualitate","category-in-basarabeasca","tag-basarabeasca-ro","tag-cluburi-de-voluntariat","tag-feed-back","tag-festivalul-voluntarilor-semnul-calitatii","tag-saptamana-voluntariatului","tag-tineri-voluntari","tag-voluntariat"],"yoast_head":"<!-- This site is optimized with the Yoast SEO plugin v27.5 - https:\/\/yoast.com\/product\/yoast-seo-wordpress\/ -->\n<title>Proiectul \u201eVoluntariat 2.0\u201d a mobilizat tinerii din Basarabeasca<\/title>\n<meta name=\"description\" content=\"Peste 200 de tineri din raionul Basarabeasca s-au implicat \u00een proiectul \u201eVoluntariat 2.0\u201d. Activit\u0103\u021bile au inclus ac\u021biuni comunitare \u0219i Festivalul Voluntarilor.\" \/>\n<meta name=\"robots\" content=\"index, follow, max-snippet:-1, max-image-preview:large, max-video-preview:-1\" \/>\n<link rel=\"canonical\" href=\"https:\/\/bas-tv.md\/ro\/video-tinerii-care-schimba-comunitatea-cu-ce-rezultate-s-a-incheiat-proiectul-voluntariat-2-0-in-raionul-basarabeasca\/\" \/>\n<meta property=\"og:locale\" content=\"ro_RO\" \/>\n<meta property=\"og:type\" content=\"article\" \/>\n<meta property=\"og:title\" content=\"Proiectul \u201eVoluntariat 2.0\u201d a mobilizat tinerii din Basarabeasca\" \/>\n<meta property=\"og:description\" content=\"Peste 200 de tineri din raionul Basarabeasca s-au implicat \u00een proiectul \u201eVoluntariat 2.0\u201d. Activit\u0103\u021bile au inclus ac\u021biuni comunitare \u0219i Festivalul Voluntarilor.\" \/>\n<meta property=\"og:url\" content=\"https:\/\/bas-tv.md\/ro\/video-tinerii-care-schimba-comunitatea-cu-ce-rezultate-s-a-incheiat-proiectul-voluntariat-2-0-in-raionul-basarabeasca\/\" \/>\n<meta property=\"og:site_name\" content=\"BasTV\" \/>\n<meta property=\"article:published_time\" content=\"2026-03-10T12:30:54+00:00\" \/>\n<meta property=\"og:image\" content=\"https:\/\/bas-tv.md\/wp-content\/uploads\/2026\/03\/screenshot_4.png\" \/>\n\t<meta property=\"og:image:width\" content=\"1149\" \/>\n\t<meta property=\"og:image:height\" content=\"644\" \/>\n\t<meta property=\"og:image:type\" content=\"image\/png\" \/>\n<meta name=\"author\" content=\"Redactor\" \/>\n<meta name=\"twitter:card\" content=\"summary_large_image\" \/>\n<meta name=\"twitter:label1\" content=\"Scris de\" \/>\n\t<meta name=\"twitter:data1\" content=\"Redactor\" \/>\n\t<meta name=\"twitter:label2\" content=\"Timp estimat pentru citire\" \/>\n\t<meta name=\"twitter:data2\" content=\"5 minute\" \/>\n<script type=\"application\/ld+json\" class=\"yoast-schema-graph\">{\"@context\":\"https:\\\/\\\/schema.org\",\"@graph\":[{\"@type\":\"Article\",\"@id\":\"https:\\\/\\\/bas-tv.md\\\/ro\\\/video-tinerii-care-schimba-comunitatea-cu-ce-rezultate-s-a-incheiat-proiectul-voluntariat-2-0-in-raionul-basarabeasca\\\/#article\",\"isPartOf\":{\"@id\":\"https:\\\/\\\/bas-tv.md\\\/ro\\\/video-tinerii-care-schimba-comunitatea-cu-ce-rezultate-s-a-incheiat-proiectul-voluntariat-2-0-in-raionul-basarabeasca\\\/\"},\"author\":{\"name\":\"Redactor\",\"@id\":\"https:\\\/\\\/bas-tv.md\\\/ro\\\/#\\\/schema\\\/person\\\/8740f45ea2eca1f1695284fc03529af0\"},\"headline\":\"(VIDEO) Tinerii care schimb\u0103 comunitatea: cu ce rezultate s-a \u00eencheiat proiectul \u201eVoluntariat 2.0\u201d \u00een raionul Basarabeasca\",\"datePublished\":\"2026-03-10T12:30:54+00:00\",\"mainEntityOfPage\":{\"@id\":\"https:\\\/\\\/bas-tv.md\\\/ro\\\/video-tinerii-care-schimba-comunitatea-cu-ce-rezultate-s-a-incheiat-proiectul-voluntariat-2-0-in-raionul-basarabeasca\\\/\"},\"wordCount\":876,\"publisher\":{\"@id\":\"https:\\\/\\\/bas-tv.md\\\/ro\\\/#organization\"},\"image\":{\"@id\":\"https:\\\/\\\/bas-tv.md\\\/ro\\\/video-tinerii-care-schimba-comunitatea-cu-ce-rezultate-s-a-incheiat-proiectul-voluntariat-2-0-in-raionul-basarabeasca\\\/#primaryimage\"},\"thumbnailUrl\":\"https:\\\/\\\/bas-tv.md\\\/wp-content\\\/uploads\\\/2026\\\/03\\\/screenshot_4.png\",\"keywords\":[\"Basarabeasca\",\"cluburi de voluntariat\",\"FEED-BACK\",\"Festivalul Voluntarilor Semnul Calit\u0103\u021bii\",\"S\u0103pt\u0103m\u00e2na Voluntariatului\",\"tineri voluntari\",\"voluntariat\"],\"articleSection\":[\"Actualitate\",\"\u00cen Basarabeasca\"],\"inLanguage\":\"ro-RO\"},{\"@type\":\"WebPage\",\"@id\":\"https:\\\/\\\/bas-tv.md\\\/ro\\\/video-tinerii-care-schimba-comunitatea-cu-ce-rezultate-s-a-incheiat-proiectul-voluntariat-2-0-in-raionul-basarabeasca\\\/\",\"url\":\"https:\\\/\\\/bas-tv.md\\\/ro\\\/video-tinerii-care-schimba-comunitatea-cu-ce-rezultate-s-a-incheiat-proiectul-voluntariat-2-0-in-raionul-basarabeasca\\\/\",\"name\":\"Proiectul \u201eVoluntariat 2.0\u201d a mobilizat tinerii din Basarabeasca\",\"isPartOf\":{\"@id\":\"https:\\\/\\\/bas-tv.md\\\/ro\\\/#website\"},\"primaryImageOfPage\":{\"@id\":\"https:\\\/\\\/bas-tv.md\\\/ro\\\/video-tinerii-care-schimba-comunitatea-cu-ce-rezultate-s-a-incheiat-proiectul-voluntariat-2-0-in-raionul-basarabeasca\\\/#primaryimage\"},\"image\":{\"@id\":\"https:\\\/\\\/bas-tv.md\\\/ro\\\/video-tinerii-care-schimba-comunitatea-cu-ce-rezultate-s-a-incheiat-proiectul-voluntariat-2-0-in-raionul-basarabeasca\\\/#primaryimage\"},\"thumbnailUrl\":\"https:\\\/\\\/bas-tv.md\\\/wp-content\\\/uploads\\\/2026\\\/03\\\/screenshot_4.png\",\"datePublished\":\"2026-03-10T12:30:54+00:00\",\"description\":\"Peste 200 de tineri din raionul Basarabeasca s-au implicat \u00een proiectul \u201eVoluntariat 2.0\u201d. Activit\u0103\u021bile au inclus ac\u021biuni comunitare \u0219i Festivalul Voluntarilor.\",\"inLanguage\":\"ro-RO\",\"potentialAction\":[{\"@type\":\"ReadAction\",\"target\":[\"https:\\\/\\\/bas-tv.md\\\/ro\\\/video-tinerii-care-schimba-comunitatea-cu-ce-rezultate-s-a-incheiat-proiectul-voluntariat-2-0-in-raionul-basarabeasca\\\/\"]}]},{\"@type\":\"ImageObject\",\"inLanguage\":\"ro-RO\",\"@id\":\"https:\\\/\\\/bas-tv.md\\\/ro\\\/video-tinerii-care-schimba-comunitatea-cu-ce-rezultate-s-a-incheiat-proiectul-voluntariat-2-0-in-raionul-basarabeasca\\\/#primaryimage\",\"url\":\"https:\\\/\\\/bas-tv.md\\\/wp-content\\\/uploads\\\/2026\\\/03\\\/screenshot_4.png\",\"contentUrl\":\"https:\\\/\\\/bas-tv.md\\\/wp-content\\\/uploads\\\/2026\\\/03\\\/screenshot_4.png\",\"width\":1149,\"height\":644,\"caption\":\"festivalul voluntarilor\"},{\"@type\":\"WebSite\",\"@id\":\"https:\\\/\\\/bas-tv.md\\\/ro\\\/#website\",\"url\":\"https:\\\/\\\/bas-tv.md\\\/ro\\\/\",\"name\":\"BasTV\",\"description\":\"Moldova\",\"publisher\":{\"@id\":\"https:\\\/\\\/bas-tv.md\\\/ro\\\/#organization\"},\"potentialAction\":[{\"@type\":\"SearchAction\",\"target\":{\"@type\":\"EntryPoint\",\"urlTemplate\":\"https:\\\/\\\/bas-tv.md\\\/ro\\\/?s={search_term_string}\"},\"query-input\":{\"@type\":\"PropertyValueSpecification\",\"valueRequired\":true,\"valueName\":\"search_term_string\"}}],\"inLanguage\":\"ro-RO\"},{\"@type\":\"Organization\",\"@id\":\"https:\\\/\\\/bas-tv.md\\\/ro\\\/#organization\",\"name\":\"BasTV\",\"url\":\"https:\\\/\\\/bas-tv.md\\\/ro\\\/\",\"logo\":{\"@type\":\"ImageObject\",\"inLanguage\":\"ro-RO\",\"@id\":\"https:\\\/\\\/bas-tv.md\\\/ro\\\/#\\\/schema\\\/logo\\\/image\\\/\",\"url\":\"https:\\\/\\\/bas-tv.md\\\/wp-content\\\/uploads\\\/2023\\\/05\\\/bas-tv-culoarea-rosie.png\",\"contentUrl\":\"https:\\\/\\\/bas-tv.md\\\/wp-content\\\/uploads\\\/2023\\\/05\\\/bas-tv-culoarea-rosie.png\",\"width\":202,\"height\":50,\"caption\":\"BasTV\"},\"image\":{\"@id\":\"https:\\\/\\\/bas-tv.md\\\/ro\\\/#\\\/schema\\\/logo\\\/image\\\/\"}},{\"@type\":\"Person\",\"@id\":\"https:\\\/\\\/bas-tv.md\\\/ro\\\/#\\\/schema\\\/person\\\/8740f45ea2eca1f1695284fc03529af0\",\"name\":\"Redactor\",\"image\":{\"@type\":\"ImageObject\",\"inLanguage\":\"ro-RO\",\"@id\":\"https:\\\/\\\/bas-tv.md\\\/wp-content\\\/litespeed\\\/avatar\\\/91c0586f3f6f4396a4ec1287c965eeeb.jpg?ver=1776950945\",\"url\":\"https:\\\/\\\/bas-tv.md\\\/wp-content\\\/litespeed\\\/avatar\\\/91c0586f3f6f4396a4ec1287c965eeeb.jpg?ver=1776950945\",\"contentUrl\":\"https:\\\/\\\/bas-tv.md\\\/wp-content\\\/litespeed\\\/avatar\\\/91c0586f3f6f4396a4ec1287c965eeeb.jpg?ver=1776950945\",\"caption\":\"Redactor\"},\"url\":\"https:\\\/\\\/bas-tv.md\\\/ro\\\/author\\\/redactor\\\/\"}]}<\/script>\n<!-- \/ Yoast SEO plugin. -->","yoast_head_json":{"title":"Proiectul \u201eVoluntariat 2.0\u201d a mobilizat tinerii din Basarabeasca","description":"Peste 200 de tineri din raionul Basarabeasca s-au implicat \u00een proiectul \u201eVoluntariat 2.0\u201d. Activit\u0103\u021bile au inclus ac\u021biuni comunitare \u0219i Festivalul Voluntarilor.","robots":{"index":"index","follow":"follow","max-snippet":"max-snippet:-1","max-image-preview":"max-image-preview:large","max-video-preview":"max-video-preview:-1"},"canonical":"https:\/\/bas-tv.md\/ro\/video-tinerii-care-schimba-comunitatea-cu-ce-rezultate-s-a-incheiat-proiectul-voluntariat-2-0-in-raionul-basarabeasca\/","og_locale":"ro_RO","og_type":"article","og_title":"Proiectul \u201eVoluntariat 2.0\u201d a mobilizat tinerii din Basarabeasca","og_description":"Peste 200 de tineri din raionul Basarabeasca s-au implicat \u00een proiectul \u201eVoluntariat 2.0\u201d. Activit\u0103\u021bile au inclus ac\u021biuni comunitare \u0219i Festivalul Voluntarilor.","og_url":"https:\/\/bas-tv.md\/ro\/video-tinerii-care-schimba-comunitatea-cu-ce-rezultate-s-a-incheiat-proiectul-voluntariat-2-0-in-raionul-basarabeasca\/","og_site_name":"BasTV","article_published_time":"2026-03-10T12:30:54+00:00","og_image":[{"width":1149,"height":644,"url":"https:\/\/bas-tv.md\/wp-content\/uploads\/2026\/03\/screenshot_4.png","type":"image\/png"}],"author":"Redactor","twitter_card":"summary_large_image","twitter_misc":{"Scris de":"Redactor","Timp estimat pentru citire":"5 minute"},"schema":{"@context":"https:\/\/schema.org","@graph":[{"@type":"Article","@id":"https:\/\/bas-tv.md\/ro\/video-tinerii-care-schimba-comunitatea-cu-ce-rezultate-s-a-incheiat-proiectul-voluntariat-2-0-in-raionul-basarabeasca\/#article","isPartOf":{"@id":"https:\/\/bas-tv.md\/ro\/video-tinerii-care-schimba-comunitatea-cu-ce-rezultate-s-a-incheiat-proiectul-voluntariat-2-0-in-raionul-basarabeasca\/"},"author":{"name":"Redactor","@id":"https:\/\/bas-tv.md\/ro\/#\/schema\/person\/8740f45ea2eca1f1695284fc03529af0"},"headline":"(VIDEO) Tinerii care schimb\u0103 comunitatea: cu ce rezultate s-a \u00eencheiat proiectul \u201eVoluntariat 2.0\u201d \u00een raionul Basarabeasca","datePublished":"2026-03-10T12:30:54+00:00","mainEntityOfPage":{"@id":"https:\/\/bas-tv.md\/ro\/video-tinerii-care-schimba-comunitatea-cu-ce-rezultate-s-a-incheiat-proiectul-voluntariat-2-0-in-raionul-basarabeasca\/"},"wordCount":876,"publisher":{"@id":"https:\/\/bas-tv.md\/ro\/#organization"},"image":{"@id":"https:\/\/bas-tv.md\/ro\/video-tinerii-care-schimba-comunitatea-cu-ce-rezultate-s-a-incheiat-proiectul-voluntariat-2-0-in-raionul-basarabeasca\/#primaryimage"},"thumbnailUrl":"https:\/\/bas-tv.md\/wp-content\/uploads\/2026\/03\/screenshot_4.png","keywords":["Basarabeasca","cluburi de voluntariat","FEED-BACK","Festivalul Voluntarilor Semnul Calit\u0103\u021bii","S\u0103pt\u0103m\u00e2na Voluntariatului","tineri voluntari","voluntariat"],"articleSection":["Actualitate","\u00cen Basarabeasca"],"inLanguage":"ro-RO"},{"@type":"WebPage","@id":"https:\/\/bas-tv.md\/ro\/video-tinerii-care-schimba-comunitatea-cu-ce-rezultate-s-a-incheiat-proiectul-voluntariat-2-0-in-raionul-basarabeasca\/","url":"https:\/\/bas-tv.md\/ro\/video-tinerii-care-schimba-comunitatea-cu-ce-rezultate-s-a-incheiat-proiectul-voluntariat-2-0-in-raionul-basarabeasca\/","name":"Proiectul \u201eVoluntariat 2.0\u201d a mobilizat tinerii din Basarabeasca","isPartOf":{"@id":"https:\/\/bas-tv.md\/ro\/#website"},"primaryImageOfPage":{"@id":"https:\/\/bas-tv.md\/ro\/video-tinerii-care-schimba-comunitatea-cu-ce-rezultate-s-a-incheiat-proiectul-voluntariat-2-0-in-raionul-basarabeasca\/#primaryimage"},"image":{"@id":"https:\/\/bas-tv.md\/ro\/video-tinerii-care-schimba-comunitatea-cu-ce-rezultate-s-a-incheiat-proiectul-voluntariat-2-0-in-raionul-basarabeasca\/#primaryimage"},"thumbnailUrl":"https:\/\/bas-tv.md\/wp-content\/uploads\/2026\/03\/screenshot_4.png","datePublished":"2026-03-10T12:30:54+00:00","description":"Peste 200 de tineri din raionul Basarabeasca s-au implicat \u00een proiectul \u201eVoluntariat 2.0\u201d. Activit\u0103\u021bile au inclus ac\u021biuni comunitare \u0219i Festivalul Voluntarilor.","inLanguage":"ro-RO","potentialAction":[{"@type":"ReadAction","target":["https:\/\/bas-tv.md\/ro\/video-tinerii-care-schimba-comunitatea-cu-ce-rezultate-s-a-incheiat-proiectul-voluntariat-2-0-in-raionul-basarabeasca\/"]}]},{"@type":"ImageObject","inLanguage":"ro-RO","@id":"https:\/\/bas-tv.md\/ro\/video-tinerii-care-schimba-comunitatea-cu-ce-rezultate-s-a-incheiat-proiectul-voluntariat-2-0-in-raionul-basarabeasca\/#primaryimage","url":"https:\/\/bas-tv.md\/wp-content\/uploads\/2026\/03\/screenshot_4.png","contentUrl":"https:\/\/bas-tv.md\/wp-content\/uploads\/2026\/03\/screenshot_4.png","width":1149,"height":644,"caption":"festivalul voluntarilor"},{"@type":"WebSite","@id":"https:\/\/bas-tv.md\/ro\/#website","url":"https:\/\/bas-tv.md\/ro\/","name":"BasTV","description":"Moldova","publisher":{"@id":"https:\/\/bas-tv.md\/ro\/#organization"},"potentialAction":[{"@type":"SearchAction","target":{"@type":"EntryPoint","urlTemplate":"https:\/\/bas-tv.md\/ro\/?s={search_term_string}"},"query-input":{"@type":"PropertyValueSpecification","valueRequired":true,"valueName":"search_term_string"}}],"inLanguage":"ro-RO"},{"@type":"Organization","@id":"https:\/\/bas-tv.md\/ro\/#organization","name":"BasTV","url":"https:\/\/bas-tv.md\/ro\/","logo":{"@type":"ImageObject","inLanguage":"ro-RO","@id":"https:\/\/bas-tv.md\/ro\/#\/schema\/logo\/image\/","url":"https:\/\/bas-tv.md\/wp-content\/uploads\/2023\/05\/bas-tv-culoarea-rosie.png","contentUrl":"https:\/\/bas-tv.md\/wp-content\/uploads\/2023\/05\/bas-tv-culoarea-rosie.png","width":202,"height":50,"caption":"BasTV"},"image":{"@id":"https:\/\/bas-tv.md\/ro\/#\/schema\/logo\/image\/"}},{"@type":"Person","@id":"https:\/\/bas-tv.md\/ro\/#\/schema\/person\/8740f45ea2eca1f1695284fc03529af0","name":"Redactor","image":{"@type":"ImageObject","inLanguage":"ro-RO","@id":"https:\/\/bas-tv.md\/wp-content\/litespeed\/avatar\/91c0586f3f6f4396a4ec1287c965eeeb.jpg?ver=1776950945","url":"https:\/\/bas-tv.md\/wp-content\/litespeed\/avatar\/91c0586f3f6f4396a4ec1287c965eeeb.jpg?ver=1776950945","contentUrl":"https:\/\/bas-tv.md\/wp-content\/litespeed\/avatar\/91c0586f3f6f4396a4ec1287c965eeeb.jpg?ver=1776950945","caption":"Redactor"},"url":"https:\/\/bas-tv.md\/ro\/author\/redactor\/"}]}},"views":291,"_links":{"self":[{"href":"https:\/\/bas-tv.md\/ro\/wp-json\/wp\/v2\/posts\/175966","targetHints":{"allow":["GET"]}}],"collection":[{"href":"https:\/\/bas-tv.md\/ro\/wp-json\/wp\/v2\/posts"}],"about":[{"href":"https:\/\/bas-tv.md\/ro\/wp-json\/wp\/v2\/types\/post"}],"author":[{"embeddable":true,"href":"https:\/\/bas-tv.md\/ro\/wp-json\/wp\/v2\/users\/3"}],"replies":[{"embeddable":true,"href":"https:\/\/bas-tv.md\/ro\/wp-json\/wp\/v2\/comments?post=175966"}],"version-history":[{"count":2,"href":"https:\/\/bas-tv.md\/ro\/wp-json\/wp\/v2\/posts\/175966\/revisions"}],"predecessor-version":[{"id":175970,"href":"https:\/\/bas-tv.md\/ro\/wp-json\/wp\/v2\/posts\/175966\/revisions\/175970"}],"wp:featuredmedia":[{"embeddable":true,"href":"https:\/\/bas-tv.md\/ro\/wp-json\/wp\/v2\/media\/175968"}],"wp:attachment":[{"href":"https:\/\/bas-tv.md\/ro\/wp-json\/wp\/v2\/media?parent=175966"}],"wp:term":[{"taxonomy":"category","embeddable":true,"href":"https:\/\/bas-tv.md\/ro\/wp-json\/wp\/v2\/categories?post=175966"},{"taxonomy":"post_tag","embeddable":true,"href":"https:\/\/bas-tv.md\/ro\/wp-json\/wp\/v2\/tags?post=175966"}],"curies":[{"name":"wp","href":"https:\/\/api.w.org\/{rel}","templated":true}]}}