{"id":179849,"date":"2026-04-26T13:00:35","date_gmt":"2026-04-26T10:00:35","guid":{"rendered":"https:\/\/bas-tv.md\/?p=179849"},"modified":"2026-04-25T20:14:20","modified_gmt":"2026-04-25T17:14:20","slug":"foto-scoala-de-arte-din-cimislia-a-celebrat-60-de-ani-de-activitate-printr-un-eveniment-festiv","status":"publish","type":"post","link":"https:\/\/bas-tv.md\/ro\/foto-scoala-de-arte-din-cimislia-a-celebrat-60-de-ani-de-activitate-printr-un-eveniment-festiv\/","title":{"rendered":"(FOTO) \u0218coala de Arte din Cimi\u0219lia a celebrat 60 de ani de activitate printr-un eveniment festiv"},"content":{"rendered":"<p><strong>\u0218coala de Arte din Cimi\u0219lia a marcat, pe 24 aprilie, \u0219ase decenii de la fondare printr-un eveniment festiv care a adunat elevi, absolven\u021bi, profesori, p\u0103rin\u021bi \u0219i invita\u021bi speciali. Aniversarea a devenit un moment de referin\u021b\u0103 pentru comunitatea local\u0103, eviden\u021biind rolul important al institu\u021biei \u00een dezvoltarea vie\u021bii culturale din raion.<\/strong><\/p>\n<p>La eveniment a fost prezent \u0219i pre\u0219edintele raionului Cimi\u0219lia, Andrian Talmaci, care a felicitat colectivul \u0219colii \u0219i a subliniat contribu\u021bia acesteia la promovarea valorilor culturale, educa\u021bia artistic\u0103 a tinerilor \u0219i descoperirea talentelor locale.<\/p>\n<p>Fondat\u0103 acum 60 de ani, institu\u021bia a luat na\u0219tere din dorin\u021ba de a cultiva frumosul \u0219i de a oferi copiilor oportunitatea de a-\u0219i dezvolta abilit\u0103\u021bile artistice. De-a lungul timpului, \u0218coala de Arte a devenit un adev\u0103rat simbol cultural al raionului, un loc \u00een care pasiunea, munca \u0219i creativitatea au format genera\u021bii \u00eentregi de arti\u0219ti.<\/p>\n<p>Ast\u0103zi, institu\u021bia num\u0103r\u0103 28 de cadre didactice, dintre care 17 sunt fo\u0219ti absolven\u021bi, ceea ce demonstreaz\u0103 continuitatea tradi\u021biilor \u0219i ata\u0219amentul fa\u021b\u0103 de aceast\u0103 \u0219coal\u0103. \u00cen cei 60 de ani de activitate, aproximativ 6000 de elevi au trecut pragul institu\u021biei, fiind ghida\u021bi de 185 de profesori.<\/p>\n<p>Mul\u021bi dintre absolven\u021bi activeaz\u0103 \u00een prezent \u00een domeniul artistic &#8211; fie ca membri ai orchestrelor profesioniste, profesori \u00een institu\u021bii de profil sau coordonatori de activit\u0103\u021bi culturale &#8211; contribuind la dezvoltarea culturii la nivel na\u021bional.<\/p>\n<p>\u00cen prezent, 370 de elevi \u00ee\u0219i fac studiile \u00een cadrul \u0219colii, \u00een trei direc\u021bii principale: muzic\u0103, arte plastice \u0219i coregrafie. Elevii particip\u0103 constant la concursuri \u0219i festivaluri, at\u00e2t \u00een \u021bar\u0103, c\u00e2t \u0219i peste hotare, ob\u021bin\u00e2nd frecvent premii \u0219i distinc\u021bii.<\/p>\n<p>\u00cen cadrul evenimentului festiv au fost omagia\u021bi fondatorii \u0219i cei care, de-a lungul anilor, au contribuit la dezvoltarea institu\u021biei. Participan\u021bii au p\u0103strat \u0219i un moment de reculegere \u00een memoria acestora.<\/p>\n<p>Cu ocazia anivers\u0103rii, au fost adresate mesaje de apreciere profesorilor pentru dedicare, elevilor pentru efort \u0219i p\u0103rin\u021bilor pentru sprijinul acordat.<\/p>\n<p>Programul artistic a inclus evolu\u021bii sus\u021binute de elevi \u0219i absolven\u021bi, iar finalul a fost marcat de un moment coregrafic prezentat de discipolii profesorului \u0218tefan Golovat\u00eei. Ace\u0219tia au reprezentat institu\u021bia la numeroase competi\u021bii interna\u021bionale, inclusiv \u00een Rom\u00e2nia, Grecia \u0219i Bulgaria, remarc\u00e2ndu-se la festivaluri precum \u201eCrystal Pearl\u201d, \u201eTinere Talente\u201d \u0219i \u201eValul Inspira\u021biei\u201d.<\/p>\n<p>Spectacolul s-a \u00eencheiat cu dansul \u201eTrop\u0103ita\u201d, care a adus pe scen\u0103 energie \u0219i emo\u021bie, l\u0103s\u00e2nd publicul \u00eentr-o atmosfer\u0103 de s\u0103rb\u0103toare.<\/p>\n<div id='gallery-1' class='gallery galleryid-179849 gallery-columns-2 gallery-size-full'><figure class='gallery-item'>\n\t\t\t<div class='gallery-icon landscape'>\n\t\t\t\t<a href='https:\/\/bas-tv.md\/wp-content\/uploads\/2026\/04\/679718741_122168311802826251_7699271702425012008_n.jpg'><img fetchpriority=\"high\" decoding=\"async\" width=\"2048\" height=\"1362\" src=\"https:\/\/bas-tv.md\/wp-content\/uploads\/2026\/04\/679718741_122168311802826251_7699271702425012008_n.jpg\" class=\"attachment-full size-full\" alt=\"\" aria-describedby=\"gallery-1-179861\" srcset=\"https:\/\/bas-tv.md\/wp-content\/uploads\/2026\/04\/679718741_122168311802826251_7699271702425012008_n.jpg 2048w, https:\/\/bas-tv.md\/wp-content\/uploads\/2026\/04\/679718741_122168311802826251_7699271702425012008_n-300x200.jpg 300w, https:\/\/bas-tv.md\/wp-content\/uploads\/2026\/04\/679718741_122168311802826251_7699271702425012008_n-1024x681.jpg 1024w, https:\/\/bas-tv.md\/wp-content\/uploads\/2026\/04\/679718741_122168311802826251_7699271702425012008_n-768x511.jpg 768w, https:\/\/bas-tv.md\/wp-content\/uploads\/2026\/04\/679718741_122168311802826251_7699271702425012008_n-1536x1022.jpg 1536w, https:\/\/bas-tv.md\/wp-content\/uploads\/2026\/04\/679718741_122168311802826251_7699271702425012008_n-1200x798.jpg 1200w, https:\/\/bas-tv.md\/wp-content\/uploads\/2026\/04\/679718741_122168311802826251_7699271702425012008_n-1980x1317.jpg 1980w\" sizes=\"(max-width: 2048px) 100vw, 2048px\" \/><\/a>\n\t\t\t<\/div>\n\t\t\t\t<figcaption class='wp-caption-text gallery-caption' id='gallery-1-179861'>\n\t\t\t\tFoto: Facebook\/Consiliul Raional Cimi\u0219lia\n\t\t\t\t<\/figcaption><\/figure><figure class='gallery-item'>\n\t\t\t<div class='gallery-icon landscape'>\n\t\t\t\t<a href='https:\/\/bas-tv.md\/wp-content\/uploads\/2026\/04\/680103696_122168313050826251_4697895462533682993_n.jpg'><img decoding=\"async\" width=\"2048\" height=\"1362\" src=\"https:\/\/bas-tv.md\/wp-content\/uploads\/2026\/04\/680103696_122168313050826251_4697895462533682993_n.jpg\" class=\"attachment-full size-full\" alt=\"\" aria-describedby=\"gallery-1-179865\" srcset=\"https:\/\/bas-tv.md\/wp-content\/uploads\/2026\/04\/680103696_122168313050826251_4697895462533682993_n.jpg 2048w, https:\/\/bas-tv.md\/wp-content\/uploads\/2026\/04\/680103696_122168313050826251_4697895462533682993_n-300x200.jpg 300w, https:\/\/bas-tv.md\/wp-content\/uploads\/2026\/04\/680103696_122168313050826251_4697895462533682993_n-1024x681.jpg 1024w, https:\/\/bas-tv.md\/wp-content\/uploads\/2026\/04\/680103696_122168313050826251_4697895462533682993_n-768x511.jpg 768w, https:\/\/bas-tv.md\/wp-content\/uploads\/2026\/04\/680103696_122168313050826251_4697895462533682993_n-1536x1022.jpg 1536w, https:\/\/bas-tv.md\/wp-content\/uploads\/2026\/04\/680103696_122168313050826251_4697895462533682993_n-1200x798.jpg 1200w, https:\/\/bas-tv.md\/wp-content\/uploads\/2026\/04\/680103696_122168313050826251_4697895462533682993_n-1980x1317.jpg 1980w\" sizes=\"(max-width: 2048px) 100vw, 2048px\" \/><\/a>\n\t\t\t<\/div>\n\t\t\t\t<figcaption class='wp-caption-text gallery-caption' id='gallery-1-179865'>\n\t\t\t\tFoto: Facebook\/Consiliul Raional Cimi\u0219lia\n\t\t\t\t<\/figcaption><\/figure><figure class='gallery-item'>\n\t\t\t<div class='gallery-icon landscape'>\n\t\t\t\t<a href='https:\/\/bas-tv.md\/wp-content\/uploads\/2026\/04\/680245227_122168313272826251_3371989701770679456_n.jpg'><img decoding=\"async\" width=\"2048\" height=\"1362\" src=\"https:\/\/bas-tv.md\/wp-content\/uploads\/2026\/04\/680245227_122168313272826251_3371989701770679456_n.jpg\" class=\"attachment-full size-full\" alt=\"\" aria-describedby=\"gallery-1-179869\" srcset=\"https:\/\/bas-tv.md\/wp-content\/uploads\/2026\/04\/680245227_122168313272826251_3371989701770679456_n.jpg 2048w, https:\/\/bas-tv.md\/wp-content\/uploads\/2026\/04\/680245227_122168313272826251_3371989701770679456_n-300x200.jpg 300w, https:\/\/bas-tv.md\/wp-content\/uploads\/2026\/04\/680245227_122168313272826251_3371989701770679456_n-1024x681.jpg 1024w, https:\/\/bas-tv.md\/wp-content\/uploads\/2026\/04\/680245227_122168313272826251_3371989701770679456_n-768x511.jpg 768w, https:\/\/bas-tv.md\/wp-content\/uploads\/2026\/04\/680245227_122168313272826251_3371989701770679456_n-1536x1022.jpg 1536w, https:\/\/bas-tv.md\/wp-content\/uploads\/2026\/04\/680245227_122168313272826251_3371989701770679456_n-1200x798.jpg 1200w, https:\/\/bas-tv.md\/wp-content\/uploads\/2026\/04\/680245227_122168313272826251_3371989701770679456_n-1980x1317.jpg 1980w\" sizes=\"(max-width: 2048px) 100vw, 2048px\" \/><\/a>\n\t\t\t<\/div>\n\t\t\t\t<figcaption class='wp-caption-text gallery-caption' id='gallery-1-179869'>\n\t\t\t\tFoto: Facebook\/Consiliul Raional Cimi\u0219lia\n\t\t\t\t<\/figcaption><\/figure><figure class='gallery-item'>\n\t\t\t<div class='gallery-icon landscape'>\n\t\t\t\t<a href='https:\/\/bas-tv.md\/wp-content\/uploads\/2026\/04\/678919166_122168313404826251_5208744261725863302_n.jpg'><img loading=\"lazy\" decoding=\"async\" width=\"2048\" height=\"1362\" src=\"https:\/\/bas-tv.md\/wp-content\/uploads\/2026\/04\/678919166_122168313404826251_5208744261725863302_n.jpg\" class=\"attachment-full size-full\" alt=\"\" aria-describedby=\"gallery-1-179855\" srcset=\"https:\/\/bas-tv.md\/wp-content\/uploads\/2026\/04\/678919166_122168313404826251_5208744261725863302_n.jpg 2048w, https:\/\/bas-tv.md\/wp-content\/uploads\/2026\/04\/678919166_122168313404826251_5208744261725863302_n-300x200.jpg 300w, https:\/\/bas-tv.md\/wp-content\/uploads\/2026\/04\/678919166_122168313404826251_5208744261725863302_n-1024x681.jpg 1024w, https:\/\/bas-tv.md\/wp-content\/uploads\/2026\/04\/678919166_122168313404826251_5208744261725863302_n-768x511.jpg 768w, https:\/\/bas-tv.md\/wp-content\/uploads\/2026\/04\/678919166_122168313404826251_5208744261725863302_n-1536x1022.jpg 1536w, https:\/\/bas-tv.md\/wp-content\/uploads\/2026\/04\/678919166_122168313404826251_5208744261725863302_n-1200x798.jpg 1200w, https:\/\/bas-tv.md\/wp-content\/uploads\/2026\/04\/678919166_122168313404826251_5208744261725863302_n-1980x1317.jpg 1980w\" sizes=\"(max-width: 2048px) 100vw, 2048px\" \/><\/a>\n\t\t\t<\/div>\n\t\t\t\t<figcaption class='wp-caption-text gallery-caption' id='gallery-1-179855'>\n\t\t\t\tFoto: Facebook\/Consiliul Raional Cimi\u0219lia\n\t\t\t\t<\/figcaption><\/figure><figure class='gallery-item'>\n\t\t\t<div class='gallery-icon portrait'>\n\t\t\t\t<a href='https:\/\/bas-tv.md\/wp-content\/uploads\/2026\/04\/678323839_122168309204826251_5252131953624964291_n.jpg'><img loading=\"lazy\" decoding=\"async\" width=\"1366\" height=\"2048\" src=\"https:\/\/bas-tv.md\/wp-content\/uploads\/2026\/04\/678323839_122168309204826251_5252131953624964291_n.jpg\" class=\"attachment-full size-full\" alt=\"\" aria-describedby=\"gallery-1-179875\" srcset=\"https:\/\/bas-tv.md\/wp-content\/uploads\/2026\/04\/678323839_122168309204826251_5252131953624964291_n.jpg 1366w, https:\/\/bas-tv.md\/wp-content\/uploads\/2026\/04\/678323839_122168309204826251_5252131953624964291_n-200x300.jpg 200w, https:\/\/bas-tv.md\/wp-content\/uploads\/2026\/04\/678323839_122168309204826251_5252131953624964291_n-683x1024.jpg 683w, https:\/\/bas-tv.md\/wp-content\/uploads\/2026\/04\/678323839_122168309204826251_5252131953624964291_n-768x1151.jpg 768w, https:\/\/bas-tv.md\/wp-content\/uploads\/2026\/04\/678323839_122168309204826251_5252131953624964291_n-1025x1536.jpg 1025w, https:\/\/bas-tv.md\/wp-content\/uploads\/2026\/04\/678323839_122168309204826251_5252131953624964291_n-1200x1799.jpg 1200w\" sizes=\"(max-width: 1366px) 100vw, 1366px\" \/><\/a>\n\t\t\t<\/div>\n\t\t\t\t<figcaption class='wp-caption-text gallery-caption' id='gallery-1-179875'>\n\t\t\t\tFoto: Facebook\/Consiliul Raional Cimi\u0219lia\n\t\t\t\t<\/figcaption><\/figure><figure class='gallery-item'>\n\t\t\t<div class='gallery-icon portrait'>\n\t\t\t\t<a href='https:\/\/bas-tv.md\/wp-content\/uploads\/2026\/04\/676831735_122168313218826251_6151998897238839760_n.jpg'><img loading=\"lazy\" decoding=\"async\" width=\"1362\" height=\"2048\" src=\"https:\/\/bas-tv.md\/wp-content\/uploads\/2026\/04\/676831735_122168313218826251_6151998897238839760_n.jpg\" class=\"attachment-full size-full\" alt=\"\" aria-describedby=\"gallery-1-179867\" srcset=\"https:\/\/bas-tv.md\/wp-content\/uploads\/2026\/04\/676831735_122168313218826251_6151998897238839760_n.jpg 1362w, https:\/\/bas-tv.md\/wp-content\/uploads\/2026\/04\/676831735_122168313218826251_6151998897238839760_n-200x300.jpg 200w, https:\/\/bas-tv.md\/wp-content\/uploads\/2026\/04\/676831735_122168313218826251_6151998897238839760_n-681x1024.jpg 681w, https:\/\/bas-tv.md\/wp-content\/uploads\/2026\/04\/676831735_122168313218826251_6151998897238839760_n-768x1155.jpg 768w, https:\/\/bas-tv.md\/wp-content\/uploads\/2026\/04\/676831735_122168313218826251_6151998897238839760_n-1022x1536.jpg 1022w, https:\/\/bas-tv.md\/wp-content\/uploads\/2026\/04\/676831735_122168313218826251_6151998897238839760_n-1200x1804.jpg 1200w\" sizes=\"(max-width: 1362px) 100vw, 1362px\" \/><\/a>\n\t\t\t<\/div>\n\t\t\t\t<figcaption class='wp-caption-text gallery-caption' id='gallery-1-179867'>\n\t\t\t\tFoto: Facebook\/Consiliul Raional Cimi\u0219lia\n\t\t\t\t<\/figcaption><\/figure><figure class='gallery-item'>\n\t\t\t<div class='gallery-icon landscape'>\n\t\t\t\t<a href='https:\/\/bas-tv.md\/wp-content\/uploads\/2026\/04\/678421086_122168313782826251_3349903453161619119_n.jpg'><img loading=\"lazy\" decoding=\"async\" width=\"2048\" height=\"1362\" src=\"https:\/\/bas-tv.md\/wp-content\/uploads\/2026\/04\/678421086_122168313782826251_3349903453161619119_n.jpg\" class=\"attachment-full size-full\" alt=\"\" aria-describedby=\"gallery-1-179873\" srcset=\"https:\/\/bas-tv.md\/wp-content\/uploads\/2026\/04\/678421086_122168313782826251_3349903453161619119_n.jpg 2048w, https:\/\/bas-tv.md\/wp-content\/uploads\/2026\/04\/678421086_122168313782826251_3349903453161619119_n-300x200.jpg 300w, https:\/\/bas-tv.md\/wp-content\/uploads\/2026\/04\/678421086_122168313782826251_3349903453161619119_n-1024x681.jpg 1024w, https:\/\/bas-tv.md\/wp-content\/uploads\/2026\/04\/678421086_122168313782826251_3349903453161619119_n-768x511.jpg 768w, https:\/\/bas-tv.md\/wp-content\/uploads\/2026\/04\/678421086_122168313782826251_3349903453161619119_n-1536x1022.jpg 1536w, https:\/\/bas-tv.md\/wp-content\/uploads\/2026\/04\/678421086_122168313782826251_3349903453161619119_n-1200x798.jpg 1200w, https:\/\/bas-tv.md\/wp-content\/uploads\/2026\/04\/678421086_122168313782826251_3349903453161619119_n-1980x1317.jpg 1980w\" sizes=\"(max-width: 2048px) 100vw, 2048px\" \/><\/a>\n\t\t\t<\/div>\n\t\t\t\t<figcaption class='wp-caption-text gallery-caption' id='gallery-1-179873'>\n\t\t\t\tFoto: Facebook\/Consiliul Raional Cimi\u0219lia\n\t\t\t\t<\/figcaption><\/figure><figure class='gallery-item'>\n\t\t\t<div class='gallery-icon landscape'>\n\t\t\t\t<a href='https:\/\/bas-tv.md\/wp-content\/uploads\/2026\/04\/676586471_122168313740826251_9016297271944489371_n.jpg'><img loading=\"lazy\" decoding=\"async\" width=\"2048\" height=\"1362\" src=\"https:\/\/bas-tv.md\/wp-content\/uploads\/2026\/04\/676586471_122168313740826251_9016297271944489371_n.jpg\" class=\"attachment-full size-full\" alt=\"\" aria-describedby=\"gallery-1-179857\" srcset=\"https:\/\/bas-tv.md\/wp-content\/uploads\/2026\/04\/676586471_122168313740826251_9016297271944489371_n.jpg 2048w, https:\/\/bas-tv.md\/wp-content\/uploads\/2026\/04\/676586471_122168313740826251_9016297271944489371_n-300x200.jpg 300w, https:\/\/bas-tv.md\/wp-content\/uploads\/2026\/04\/676586471_122168313740826251_9016297271944489371_n-1024x681.jpg 1024w, https:\/\/bas-tv.md\/wp-content\/uploads\/2026\/04\/676586471_122168313740826251_9016297271944489371_n-768x511.jpg 768w, https:\/\/bas-tv.md\/wp-content\/uploads\/2026\/04\/676586471_122168313740826251_9016297271944489371_n-1536x1022.jpg 1536w, https:\/\/bas-tv.md\/wp-content\/uploads\/2026\/04\/676586471_122168313740826251_9016297271944489371_n-1200x798.jpg 1200w, https:\/\/bas-tv.md\/wp-content\/uploads\/2026\/04\/676586471_122168313740826251_9016297271944489371_n-1980x1317.jpg 1980w\" sizes=\"(max-width: 2048px) 100vw, 2048px\" \/><\/a>\n\t\t\t<\/div>\n\t\t\t\t<figcaption class='wp-caption-text gallery-caption' id='gallery-1-179857'>\n\t\t\t\tFoto: Facebook\/Consiliul Raional Cimi\u0219lia\n\t\t\t\t<\/figcaption><\/figure><figure class='gallery-item'>\n\t\t\t<div class='gallery-icon landscape'>\n\t\t\t\t<a href='https:\/\/bas-tv.md\/wp-content\/uploads\/2026\/04\/679786386_122168312918826251_6554240008568834235_n.jpg'><img loading=\"lazy\" decoding=\"async\" width=\"2048\" height=\"1362\" src=\"https:\/\/bas-tv.md\/wp-content\/uploads\/2026\/04\/679786386_122168312918826251_6554240008568834235_n.jpg\" class=\"attachment-full size-full\" alt=\"\" aria-describedby=\"gallery-1-179853\" srcset=\"https:\/\/bas-tv.md\/wp-content\/uploads\/2026\/04\/679786386_122168312918826251_6554240008568834235_n.jpg 2048w, https:\/\/bas-tv.md\/wp-content\/uploads\/2026\/04\/679786386_122168312918826251_6554240008568834235_n-300x200.jpg 300w, https:\/\/bas-tv.md\/wp-content\/uploads\/2026\/04\/679786386_122168312918826251_6554240008568834235_n-1024x681.jpg 1024w, https:\/\/bas-tv.md\/wp-content\/uploads\/2026\/04\/679786386_122168312918826251_6554240008568834235_n-768x511.jpg 768w, https:\/\/bas-tv.md\/wp-content\/uploads\/2026\/04\/679786386_122168312918826251_6554240008568834235_n-1536x1022.jpg 1536w, https:\/\/bas-tv.md\/wp-content\/uploads\/2026\/04\/679786386_122168312918826251_6554240008568834235_n-1200x798.jpg 1200w, https:\/\/bas-tv.md\/wp-content\/uploads\/2026\/04\/679786386_122168312918826251_6554240008568834235_n-1980x1317.jpg 1980w\" sizes=\"(max-width: 2048px) 100vw, 2048px\" \/><\/a>\n\t\t\t<\/div>\n\t\t\t\t<figcaption class='wp-caption-text gallery-caption' id='gallery-1-179853'>\n\t\t\t\tFoto: Facebook\/Consiliul Raional Cimi\u0219lia\n\t\t\t\t<\/figcaption><\/figure><figure class='gallery-item'>\n\t\t\t<div class='gallery-icon landscape'>\n\t\t\t\t<a href='https:\/\/bas-tv.md\/wp-content\/uploads\/2026\/04\/678807695_122168312834826251_7290458859048890811_n.jpg'><img loading=\"lazy\" decoding=\"async\" width=\"2048\" height=\"1362\" src=\"https:\/\/bas-tv.md\/wp-content\/uploads\/2026\/04\/678807695_122168312834826251_7290458859048890811_n.jpg\" class=\"attachment-full size-full\" alt=\"\" aria-describedby=\"gallery-1-179859\" srcset=\"https:\/\/bas-tv.md\/wp-content\/uploads\/2026\/04\/678807695_122168312834826251_7290458859048890811_n.jpg 2048w, https:\/\/bas-tv.md\/wp-content\/uploads\/2026\/04\/678807695_122168312834826251_7290458859048890811_n-300x200.jpg 300w, https:\/\/bas-tv.md\/wp-content\/uploads\/2026\/04\/678807695_122168312834826251_7290458859048890811_n-1024x681.jpg 1024w, https:\/\/bas-tv.md\/wp-content\/uploads\/2026\/04\/678807695_122168312834826251_7290458859048890811_n-768x511.jpg 768w, https:\/\/bas-tv.md\/wp-content\/uploads\/2026\/04\/678807695_122168312834826251_7290458859048890811_n-1536x1022.jpg 1536w, https:\/\/bas-tv.md\/wp-content\/uploads\/2026\/04\/678807695_122168312834826251_7290458859048890811_n-1200x798.jpg 1200w, https:\/\/bas-tv.md\/wp-content\/uploads\/2026\/04\/678807695_122168312834826251_7290458859048890811_n-1980x1317.jpg 1980w\" sizes=\"(max-width: 2048px) 100vw, 2048px\" \/><\/a>\n\t\t\t<\/div>\n\t\t\t\t<figcaption class='wp-caption-text gallery-caption' id='gallery-1-179859'>\n\t\t\t\tFoto: Facebook\/Consiliul Raional Cimi\u0219lia\n\t\t\t\t<\/figcaption><\/figure><figure class='gallery-item'>\n\t\t\t<div class='gallery-icon landscape'>\n\t\t\t\t<a href='https:\/\/bas-tv.md\/wp-content\/uploads\/2026\/04\/678484657_122168313824826251_2008134251946186328_n.jpg'><img loading=\"lazy\" decoding=\"async\" width=\"2048\" height=\"1366\" src=\"https:\/\/bas-tv.md\/wp-content\/uploads\/2026\/04\/678484657_122168313824826251_2008134251946186328_n.jpg\" class=\"attachment-full size-full\" alt=\"\" aria-describedby=\"gallery-1-179863\" srcset=\"https:\/\/bas-tv.md\/wp-content\/uploads\/2026\/04\/678484657_122168313824826251_2008134251946186328_n.jpg 2048w, https:\/\/bas-tv.md\/wp-content\/uploads\/2026\/04\/678484657_122168313824826251_2008134251946186328_n-300x200.jpg 300w, https:\/\/bas-tv.md\/wp-content\/uploads\/2026\/04\/678484657_122168313824826251_2008134251946186328_n-1024x683.jpg 1024w, https:\/\/bas-tv.md\/wp-content\/uploads\/2026\/04\/678484657_122168313824826251_2008134251946186328_n-768x512.jpg 768w, https:\/\/bas-tv.md\/wp-content\/uploads\/2026\/04\/678484657_122168313824826251_2008134251946186328_n-1536x1025.jpg 1536w, https:\/\/bas-tv.md\/wp-content\/uploads\/2026\/04\/678484657_122168313824826251_2008134251946186328_n-1200x800.jpg 1200w, https:\/\/bas-tv.md\/wp-content\/uploads\/2026\/04\/678484657_122168313824826251_2008134251946186328_n-1980x1321.jpg 1980w\" sizes=\"(max-width: 2048px) 100vw, 2048px\" \/><\/a>\n\t\t\t<\/div>\n\t\t\t\t<figcaption class='wp-caption-text gallery-caption' id='gallery-1-179863'>\n\t\t\t\tFoto: Facebook\/Consiliul Raional Cimi\u0219lia\n\t\t\t\t<\/figcaption><\/figure><figure class='gallery-item'>\n\t\t\t<div class='gallery-icon landscape'>\n\t\t\t\t<a href='https:\/\/bas-tv.md\/wp-content\/uploads\/2026\/04\/678390972_122168313314826251_1915229922382296922_n.jpg'><img loading=\"lazy\" decoding=\"async\" width=\"2048\" height=\"1366\" src=\"https:\/\/bas-tv.md\/wp-content\/uploads\/2026\/04\/678390972_122168313314826251_1915229922382296922_n.jpg\" class=\"attachment-full size-full\" alt=\"\" aria-describedby=\"gallery-1-179851\" srcset=\"https:\/\/bas-tv.md\/wp-content\/uploads\/2026\/04\/678390972_122168313314826251_1915229922382296922_n.jpg 2048w, https:\/\/bas-tv.md\/wp-content\/uploads\/2026\/04\/678390972_122168313314826251_1915229922382296922_n-300x200.jpg 300w, https:\/\/bas-tv.md\/wp-content\/uploads\/2026\/04\/678390972_122168313314826251_1915229922382296922_n-1024x683.jpg 1024w, https:\/\/bas-tv.md\/wp-content\/uploads\/2026\/04\/678390972_122168313314826251_1915229922382296922_n-768x512.jpg 768w, https:\/\/bas-tv.md\/wp-content\/uploads\/2026\/04\/678390972_122168313314826251_1915229922382296922_n-1536x1025.jpg 1536w, https:\/\/bas-tv.md\/wp-content\/uploads\/2026\/04\/678390972_122168313314826251_1915229922382296922_n-1200x800.jpg 1200w, https:\/\/bas-tv.md\/wp-content\/uploads\/2026\/04\/678390972_122168313314826251_1915229922382296922_n-1980x1321.jpg 1980w\" sizes=\"(max-width: 2048px) 100vw, 2048px\" \/><\/a>\n\t\t\t<\/div>\n\t\t\t\t<figcaption class='wp-caption-text gallery-caption' id='gallery-1-179851'>\n\t\t\t\tFoto: Facebook\/Consiliul Raional Cimi\u0219lia\n\t\t\t\t<\/figcaption><\/figure>\n\t\t<\/div>\n\n<p><b>Abona\u021bi-v\u0103 la noi pe re\u021bele sociale:\u00a0<\/b><a href=\"https:\/\/t.me\/bastvmd\"><b><i>Telegram<\/i><\/b><\/a><b>,\u00a0<\/b><a href=\"https:\/\/www.youtube.com\/channel\/UC-9005PnLnhpNM8PVSjP2dQ\/featured\"><b><i>YouTube<\/i><\/b><\/a><b>,\u00a0<\/b><a href=\"https:\/\/www.facebook.com\/bastv.md\"><b><i>Facebook<\/i><\/b><\/a>\u00a0\u0219i\u00a0<a href=\"https:\/\/www.instagram.com\/bastv.md\/\"><b><i>Instagram<\/i><\/b><\/a><b>.\u00a0 Aici public\u0103m \u0219tiri pe scurt!<\/b><\/p>\n","protected":false},"excerpt":{"rendered":"<p>\u0218coala de Arte din Cimi\u0219lia a marcat, pe 24 aprilie, \u0219ase decenii de la fondare printr-un eveniment festiv care a adunat elevi, absolven\u021bi, profesori, p\u0103rin\u021bi \u0219i invita\u021bi speciali. Aniversarea a devenit un moment de referin\u021b\u0103 pentru comunitatea local\u0103, eviden\u021biind rolul important al institu\u021biei \u00een dezvoltarea vie\u021bii culturale din raion. La eveniment a fost prezent \u0219i [&hellip;]<\/p>\n","protected":false},"author":3,"featured_media":179877,"comment_status":"closed","ping_status":"closed","sticky":false,"template":"","format":"standard","meta":{"footnotes":""},"categories":[602,570],"tags":[19386,733,714,7947,692,9919,1369,644,1014],"class_list":["post-179849","post","type-post","status-publish","format-standard","has-post-thumbnail","hentry","category-actualitate","category-in-moldova","tag-aniversare","tag-cimislia","tag-cultura","tag-educatie-artistica","tag-elevi","tag-profesori","tag-scoala-de-arte","tag-traditii","tag-festival-ro"],"yoast_head":"<!-- This site is optimized with the Yoast SEO plugin v27.4 - https:\/\/yoast.com\/product\/yoast-seo-wordpress\/ -->\n<title>\u0218coala de Arte Cimi\u0219lia a aniversat 60 de ani<\/title>\n<meta name=\"description\" content=\"\u0218coala de Arte din Cimi\u0219lia a s\u0103rb\u0103torit 60 de ani de activitate printr-un eveniment festiv cu elevi, profesori \u0219i absolven\u021bi.\" \/>\n<meta name=\"robots\" content=\"index, follow, max-snippet:-1, max-image-preview:large, max-video-preview:-1\" \/>\n<link rel=\"canonical\" href=\"https:\/\/bas-tv.md\/ro\/foto-scoala-de-arte-din-cimislia-a-celebrat-60-de-ani-de-activitate-printr-un-eveniment-festiv\/\" \/>\n<meta property=\"og:locale\" content=\"ro_RO\" \/>\n<meta property=\"og:type\" content=\"article\" \/>\n<meta property=\"og:title\" content=\"\u0218coala de Arte Cimi\u0219lia a aniversat 60 de ani\" \/>\n<meta property=\"og:description\" content=\"\u0218coala de Arte din Cimi\u0219lia a s\u0103rb\u0103torit 60 de ani de activitate printr-un eveniment festiv cu elevi, profesori \u0219i absolven\u021bi.\" \/>\n<meta property=\"og:url\" content=\"https:\/\/bas-tv.md\/ro\/foto-scoala-de-arte-din-cimislia-a-celebrat-60-de-ani-de-activitate-printr-un-eveniment-festiv\/\" \/>\n<meta property=\"og:site_name\" content=\"BasTV\" \/>\n<meta property=\"article:published_time\" content=\"2026-04-26T10:00:35+00:00\" \/>\n<meta property=\"og:image\" content=\"https:\/\/bas-tv.md\/wp-content\/uploads\/2026\/04\/cora-scolii-de-arte-cimislia.jpg\" \/>\n\t<meta property=\"og:image:width\" content=\"2048\" \/>\n\t<meta property=\"og:image:height\" content=\"1362\" \/>\n\t<meta property=\"og:image:type\" content=\"image\/jpeg\" \/>\n<meta name=\"author\" content=\"Redactor\" \/>\n<meta name=\"twitter:card\" content=\"summary_large_image\" \/>\n<meta name=\"twitter:label1\" content=\"Scris de\" \/>\n\t<meta name=\"twitter:data1\" content=\"Redactor\" \/>\n\t<meta name=\"twitter:label2\" content=\"Timp estimat pentru citire\" \/>\n\t<meta name=\"twitter:data2\" content=\"3 minute\" \/>\n<script type=\"application\/ld+json\" class=\"yoast-schema-graph\">{\"@context\":\"https:\\\/\\\/schema.org\",\"@graph\":[{\"@type\":\"Article\",\"@id\":\"https:\\\/\\\/bas-tv.md\\\/ro\\\/foto-scoala-de-arte-din-cimislia-a-celebrat-60-de-ani-de-activitate-printr-un-eveniment-festiv\\\/#article\",\"isPartOf\":{\"@id\":\"https:\\\/\\\/bas-tv.md\\\/ro\\\/foto-scoala-de-arte-din-cimislia-a-celebrat-60-de-ani-de-activitate-printr-un-eveniment-festiv\\\/\"},\"author\":{\"name\":\"Redactor\",\"@id\":\"https:\\\/\\\/bas-tv.md\\\/ro\\\/#\\\/schema\\\/person\\\/8740f45ea2eca1f1695284fc03529af0\"},\"headline\":\"(FOTO) \u0218coala de Arte din Cimi\u0219lia a celebrat 60 de ani de activitate printr-un eveniment festiv\",\"datePublished\":\"2026-04-26T10:00:35+00:00\",\"mainEntityOfPage\":{\"@id\":\"https:\\\/\\\/bas-tv.md\\\/ro\\\/foto-scoala-de-arte-din-cimislia-a-celebrat-60-de-ani-de-activitate-printr-un-eveniment-festiv\\\/\"},\"wordCount\":472,\"publisher\":{\"@id\":\"https:\\\/\\\/bas-tv.md\\\/ro\\\/#organization\"},\"image\":{\"@id\":\"https:\\\/\\\/bas-tv.md\\\/ro\\\/foto-scoala-de-arte-din-cimislia-a-celebrat-60-de-ani-de-activitate-printr-un-eveniment-festiv\\\/#primaryimage\"},\"thumbnailUrl\":\"https:\\\/\\\/bas-tv.md\\\/wp-content\\\/uploads\\\/2026\\\/04\\\/cora-scolii-de-arte-cimislia.jpg\",\"keywords\":[\"aniversare\",\"Cimi\u0219lia\",\"cultura\",\"Educa\u021bie artistic\u0103\",\"Elevi\",\"profesori\",\"\u0219coala de arte\",\"tradi\u021bii\",\"\u0444\u0435\u0441\u0442\u0438\u0432\u0430\u043b\u044c\"],\"articleSection\":[\"Actualitate\",\"\u00cen Moldova\"],\"inLanguage\":\"ro-RO\"},{\"@type\":\"WebPage\",\"@id\":\"https:\\\/\\\/bas-tv.md\\\/ro\\\/foto-scoala-de-arte-din-cimislia-a-celebrat-60-de-ani-de-activitate-printr-un-eveniment-festiv\\\/\",\"url\":\"https:\\\/\\\/bas-tv.md\\\/ro\\\/foto-scoala-de-arte-din-cimislia-a-celebrat-60-de-ani-de-activitate-printr-un-eveniment-festiv\\\/\",\"name\":\"\u0218coala de Arte Cimi\u0219lia a aniversat 60 de ani\",\"isPartOf\":{\"@id\":\"https:\\\/\\\/bas-tv.md\\\/ro\\\/#website\"},\"primaryImageOfPage\":{\"@id\":\"https:\\\/\\\/bas-tv.md\\\/ro\\\/foto-scoala-de-arte-din-cimislia-a-celebrat-60-de-ani-de-activitate-printr-un-eveniment-festiv\\\/#primaryimage\"},\"image\":{\"@id\":\"https:\\\/\\\/bas-tv.md\\\/ro\\\/foto-scoala-de-arte-din-cimislia-a-celebrat-60-de-ani-de-activitate-printr-un-eveniment-festiv\\\/#primaryimage\"},\"thumbnailUrl\":\"https:\\\/\\\/bas-tv.md\\\/wp-content\\\/uploads\\\/2026\\\/04\\\/cora-scolii-de-arte-cimislia.jpg\",\"datePublished\":\"2026-04-26T10:00:35+00:00\",\"description\":\"\u0218coala de Arte din Cimi\u0219lia a s\u0103rb\u0103torit 60 de ani de activitate printr-un eveniment festiv cu elevi, profesori \u0219i absolven\u021bi.\",\"inLanguage\":\"ro-RO\",\"potentialAction\":[{\"@type\":\"ReadAction\",\"target\":[\"https:\\\/\\\/bas-tv.md\\\/ro\\\/foto-scoala-de-arte-din-cimislia-a-celebrat-60-de-ani-de-activitate-printr-un-eveniment-festiv\\\/\"]}]},{\"@type\":\"ImageObject\",\"inLanguage\":\"ro-RO\",\"@id\":\"https:\\\/\\\/bas-tv.md\\\/ro\\\/foto-scoala-de-arte-din-cimislia-a-celebrat-60-de-ani-de-activitate-printr-un-eveniment-festiv\\\/#primaryimage\",\"url\":\"https:\\\/\\\/bas-tv.md\\\/wp-content\\\/uploads\\\/2026\\\/04\\\/cora-scolii-de-arte-cimislia.jpg\",\"contentUrl\":\"https:\\\/\\\/bas-tv.md\\\/wp-content\\\/uploads\\\/2026\\\/04\\\/cora-scolii-de-arte-cimislia.jpg\",\"width\":2048,\"height\":1362,\"caption\":\"Foto: Facebook\\\/Consiliul Raional Cimi\u0219lia\"},{\"@type\":\"WebSite\",\"@id\":\"https:\\\/\\\/bas-tv.md\\\/ro\\\/#website\",\"url\":\"https:\\\/\\\/bas-tv.md\\\/ro\\\/\",\"name\":\"BasTV\",\"description\":\"Moldova\",\"publisher\":{\"@id\":\"https:\\\/\\\/bas-tv.md\\\/ro\\\/#organization\"},\"potentialAction\":[{\"@type\":\"SearchAction\",\"target\":{\"@type\":\"EntryPoint\",\"urlTemplate\":\"https:\\\/\\\/bas-tv.md\\\/ro\\\/?s={search_term_string}\"},\"query-input\":{\"@type\":\"PropertyValueSpecification\",\"valueRequired\":true,\"valueName\":\"search_term_string\"}}],\"inLanguage\":\"ro-RO\"},{\"@type\":\"Organization\",\"@id\":\"https:\\\/\\\/bas-tv.md\\\/ro\\\/#organization\",\"name\":\"BasTV\",\"url\":\"https:\\\/\\\/bas-tv.md\\\/ro\\\/\",\"logo\":{\"@type\":\"ImageObject\",\"inLanguage\":\"ro-RO\",\"@id\":\"https:\\\/\\\/bas-tv.md\\\/ro\\\/#\\\/schema\\\/logo\\\/image\\\/\",\"url\":\"https:\\\/\\\/bas-tv.md\\\/wp-content\\\/uploads\\\/2023\\\/05\\\/bas-tv-culoarea-rosie.png\",\"contentUrl\":\"https:\\\/\\\/bas-tv.md\\\/wp-content\\\/uploads\\\/2023\\\/05\\\/bas-tv-culoarea-rosie.png\",\"width\":202,\"height\":50,\"caption\":\"BasTV\"},\"image\":{\"@id\":\"https:\\\/\\\/bas-tv.md\\\/ro\\\/#\\\/schema\\\/logo\\\/image\\\/\"}},{\"@type\":\"Person\",\"@id\":\"https:\\\/\\\/bas-tv.md\\\/ro\\\/#\\\/schema\\\/person\\\/8740f45ea2eca1f1695284fc03529af0\",\"name\":\"Redactor\",\"image\":{\"@type\":\"ImageObject\",\"inLanguage\":\"ro-RO\",\"@id\":\"https:\\\/\\\/bas-tv.md\\\/wp-content\\\/litespeed\\\/avatar\\\/91c0586f3f6f4396a4ec1287c965eeeb.jpg?ver=1776950945\",\"url\":\"https:\\\/\\\/bas-tv.md\\\/wp-content\\\/litespeed\\\/avatar\\\/91c0586f3f6f4396a4ec1287c965eeeb.jpg?ver=1776950945\",\"contentUrl\":\"https:\\\/\\\/bas-tv.md\\\/wp-content\\\/litespeed\\\/avatar\\\/91c0586f3f6f4396a4ec1287c965eeeb.jpg?ver=1776950945\",\"caption\":\"Redactor\"},\"url\":\"https:\\\/\\\/bas-tv.md\\\/ro\\\/author\\\/redactor\\\/\"}]}<\/script>\n<!-- \/ Yoast SEO plugin. -->","yoast_head_json":{"title":"\u0218coala de Arte Cimi\u0219lia a aniversat 60 de ani","description":"\u0218coala de Arte din Cimi\u0219lia a s\u0103rb\u0103torit 60 de ani de activitate printr-un eveniment festiv cu elevi, profesori \u0219i absolven\u021bi.","robots":{"index":"index","follow":"follow","max-snippet":"max-snippet:-1","max-image-preview":"max-image-preview:large","max-video-preview":"max-video-preview:-1"},"canonical":"https:\/\/bas-tv.md\/ro\/foto-scoala-de-arte-din-cimislia-a-celebrat-60-de-ani-de-activitate-printr-un-eveniment-festiv\/","og_locale":"ro_RO","og_type":"article","og_title":"\u0218coala de Arte Cimi\u0219lia a aniversat 60 de ani","og_description":"\u0218coala de Arte din Cimi\u0219lia a s\u0103rb\u0103torit 60 de ani de activitate printr-un eveniment festiv cu elevi, profesori \u0219i absolven\u021bi.","og_url":"https:\/\/bas-tv.md\/ro\/foto-scoala-de-arte-din-cimislia-a-celebrat-60-de-ani-de-activitate-printr-un-eveniment-festiv\/","og_site_name":"BasTV","article_published_time":"2026-04-26T10:00:35+00:00","og_image":[{"width":2048,"height":1362,"url":"https:\/\/bas-tv.md\/wp-content\/uploads\/2026\/04\/cora-scolii-de-arte-cimislia.jpg","type":"image\/jpeg"}],"author":"Redactor","twitter_card":"summary_large_image","twitter_misc":{"Scris de":"Redactor","Timp estimat pentru citire":"3 minute"},"schema":{"@context":"https:\/\/schema.org","@graph":[{"@type":"Article","@id":"https:\/\/bas-tv.md\/ro\/foto-scoala-de-arte-din-cimislia-a-celebrat-60-de-ani-de-activitate-printr-un-eveniment-festiv\/#article","isPartOf":{"@id":"https:\/\/bas-tv.md\/ro\/foto-scoala-de-arte-din-cimislia-a-celebrat-60-de-ani-de-activitate-printr-un-eveniment-festiv\/"},"author":{"name":"Redactor","@id":"https:\/\/bas-tv.md\/ro\/#\/schema\/person\/8740f45ea2eca1f1695284fc03529af0"},"headline":"(FOTO) \u0218coala de Arte din Cimi\u0219lia a celebrat 60 de ani de activitate printr-un eveniment festiv","datePublished":"2026-04-26T10:00:35+00:00","mainEntityOfPage":{"@id":"https:\/\/bas-tv.md\/ro\/foto-scoala-de-arte-din-cimislia-a-celebrat-60-de-ani-de-activitate-printr-un-eveniment-festiv\/"},"wordCount":472,"publisher":{"@id":"https:\/\/bas-tv.md\/ro\/#organization"},"image":{"@id":"https:\/\/bas-tv.md\/ro\/foto-scoala-de-arte-din-cimislia-a-celebrat-60-de-ani-de-activitate-printr-un-eveniment-festiv\/#primaryimage"},"thumbnailUrl":"https:\/\/bas-tv.md\/wp-content\/uploads\/2026\/04\/cora-scolii-de-arte-cimislia.jpg","keywords":["aniversare","Cimi\u0219lia","cultura","Educa\u021bie artistic\u0103","Elevi","profesori","\u0219coala de arte","tradi\u021bii","\u0444\u0435\u0441\u0442\u0438\u0432\u0430\u043b\u044c"],"articleSection":["Actualitate","\u00cen Moldova"],"inLanguage":"ro-RO"},{"@type":"WebPage","@id":"https:\/\/bas-tv.md\/ro\/foto-scoala-de-arte-din-cimislia-a-celebrat-60-de-ani-de-activitate-printr-un-eveniment-festiv\/","url":"https:\/\/bas-tv.md\/ro\/foto-scoala-de-arte-din-cimislia-a-celebrat-60-de-ani-de-activitate-printr-un-eveniment-festiv\/","name":"\u0218coala de Arte Cimi\u0219lia a aniversat 60 de ani","isPartOf":{"@id":"https:\/\/bas-tv.md\/ro\/#website"},"primaryImageOfPage":{"@id":"https:\/\/bas-tv.md\/ro\/foto-scoala-de-arte-din-cimislia-a-celebrat-60-de-ani-de-activitate-printr-un-eveniment-festiv\/#primaryimage"},"image":{"@id":"https:\/\/bas-tv.md\/ro\/foto-scoala-de-arte-din-cimislia-a-celebrat-60-de-ani-de-activitate-printr-un-eveniment-festiv\/#primaryimage"},"thumbnailUrl":"https:\/\/bas-tv.md\/wp-content\/uploads\/2026\/04\/cora-scolii-de-arte-cimislia.jpg","datePublished":"2026-04-26T10:00:35+00:00","description":"\u0218coala de Arte din Cimi\u0219lia a s\u0103rb\u0103torit 60 de ani de activitate printr-un eveniment festiv cu elevi, profesori \u0219i absolven\u021bi.","inLanguage":"ro-RO","potentialAction":[{"@type":"ReadAction","target":["https:\/\/bas-tv.md\/ro\/foto-scoala-de-arte-din-cimislia-a-celebrat-60-de-ani-de-activitate-printr-un-eveniment-festiv\/"]}]},{"@type":"ImageObject","inLanguage":"ro-RO","@id":"https:\/\/bas-tv.md\/ro\/foto-scoala-de-arte-din-cimislia-a-celebrat-60-de-ani-de-activitate-printr-un-eveniment-festiv\/#primaryimage","url":"https:\/\/bas-tv.md\/wp-content\/uploads\/2026\/04\/cora-scolii-de-arte-cimislia.jpg","contentUrl":"https:\/\/bas-tv.md\/wp-content\/uploads\/2026\/04\/cora-scolii-de-arte-cimislia.jpg","width":2048,"height":1362,"caption":"Foto: Facebook\/Consiliul Raional Cimi\u0219lia"},{"@type":"WebSite","@id":"https:\/\/bas-tv.md\/ro\/#website","url":"https:\/\/bas-tv.md\/ro\/","name":"BasTV","description":"Moldova","publisher":{"@id":"https:\/\/bas-tv.md\/ro\/#organization"},"potentialAction":[{"@type":"SearchAction","target":{"@type":"EntryPoint","urlTemplate":"https:\/\/bas-tv.md\/ro\/?s={search_term_string}"},"query-input":{"@type":"PropertyValueSpecification","valueRequired":true,"valueName":"search_term_string"}}],"inLanguage":"ro-RO"},{"@type":"Organization","@id":"https:\/\/bas-tv.md\/ro\/#organization","name":"BasTV","url":"https:\/\/bas-tv.md\/ro\/","logo":{"@type":"ImageObject","inLanguage":"ro-RO","@id":"https:\/\/bas-tv.md\/ro\/#\/schema\/logo\/image\/","url":"https:\/\/bas-tv.md\/wp-content\/uploads\/2023\/05\/bas-tv-culoarea-rosie.png","contentUrl":"https:\/\/bas-tv.md\/wp-content\/uploads\/2023\/05\/bas-tv-culoarea-rosie.png","width":202,"height":50,"caption":"BasTV"},"image":{"@id":"https:\/\/bas-tv.md\/ro\/#\/schema\/logo\/image\/"}},{"@type":"Person","@id":"https:\/\/bas-tv.md\/ro\/#\/schema\/person\/8740f45ea2eca1f1695284fc03529af0","name":"Redactor","image":{"@type":"ImageObject","inLanguage":"ro-RO","@id":"https:\/\/bas-tv.md\/wp-content\/litespeed\/avatar\/91c0586f3f6f4396a4ec1287c965eeeb.jpg?ver=1776950945","url":"https:\/\/bas-tv.md\/wp-content\/litespeed\/avatar\/91c0586f3f6f4396a4ec1287c965eeeb.jpg?ver=1776950945","contentUrl":"https:\/\/bas-tv.md\/wp-content\/litespeed\/avatar\/91c0586f3f6f4396a4ec1287c965eeeb.jpg?ver=1776950945","caption":"Redactor"},"url":"https:\/\/bas-tv.md\/ro\/author\/redactor\/"}]}},"views":26,"_links":{"self":[{"href":"https:\/\/bas-tv.md\/ro\/wp-json\/wp\/v2\/posts\/179849","targetHints":{"allow":["GET"]}}],"collection":[{"href":"https:\/\/bas-tv.md\/ro\/wp-json\/wp\/v2\/posts"}],"about":[{"href":"https:\/\/bas-tv.md\/ro\/wp-json\/wp\/v2\/types\/post"}],"author":[{"embeddable":true,"href":"https:\/\/bas-tv.md\/ro\/wp-json\/wp\/v2\/users\/3"}],"replies":[{"embeddable":true,"href":"https:\/\/bas-tv.md\/ro\/wp-json\/wp\/v2\/comments?post=179849"}],"version-history":[{"count":2,"href":"https:\/\/bas-tv.md\/ro\/wp-json\/wp\/v2\/posts\/179849\/revisions"}],"predecessor-version":[{"id":179879,"href":"https:\/\/bas-tv.md\/ro\/wp-json\/wp\/v2\/posts\/179849\/revisions\/179879"}],"wp:featuredmedia":[{"embeddable":true,"href":"https:\/\/bas-tv.md\/ro\/wp-json\/wp\/v2\/media\/179877"}],"wp:attachment":[{"href":"https:\/\/bas-tv.md\/ro\/wp-json\/wp\/v2\/media?parent=179849"}],"wp:term":[{"taxonomy":"category","embeddable":true,"href":"https:\/\/bas-tv.md\/ro\/wp-json\/wp\/v2\/categories?post=179849"},{"taxonomy":"post_tag","embeddable":true,"href":"https:\/\/bas-tv.md\/ro\/wp-json\/wp\/v2\/tags?post=179849"}],"curies":[{"name":"wp","href":"https:\/\/api.w.org\/{rel}","templated":true}]}}