{"id":179958,"date":"2026-04-27T14:30:11","date_gmt":"2026-04-27T11:30:11","guid":{"rendered":"https:\/\/bas-tv.md\/?p=179958"},"modified":"2026-04-27T11:38:41","modified_gmt":"2026-04-27T08:38:41","slug":"foto-euroquiz-2026-cei-mai-buni-elevi-din-cimislia-merg-in-finala-nationala","status":"publish","type":"post","link":"https:\/\/bas-tv.md\/ro\/foto-euroquiz-2026-cei-mai-buni-elevi-din-cimislia-merg-in-finala-nationala\/","title":{"rendered":"(FOTO) EuroQuiz 2026: cei mai buni elevi din Cimi\u0219lia merg \u00een finala na\u021bional\u0103"},"content":{"rendered":"<p><strong>Pe 24 aprilie, \u00een mai multe raioane ale \u021b\u0103rii, inclusiv Cimi\u0219lia, s-a desf\u0103\u0219urat etapa semifinal\u0103 a concursului \u201eEuroQuiz Moldova 2026\u201d &#8211; o competi\u021bie educa\u021bional\u0103 dedicat\u0103 promov\u0103rii valorilor europene \u0219i aprofund\u0103rii cuno\u0219tin\u021belor despre Uniunea European\u0103 \u00een r\u00e2ndul elevilor.<\/strong><\/p>\n<p>La concurs au participat patru echipe din institu\u021biile de \u00eenv\u0103\u021b\u0103m\u00e2nt ale raionului:<\/p>\n<ul>\n<li>Liceul Teoretic \u201eMihai Eminescu\u201d din Cimi\u0219lia;<\/li>\n<li>Liceul Teoretic \u201eIon Creang\u0103\u201d din Cimi\u0219lia;<\/li>\n<li>Gimnaziul \u201eTudor Stri\u0219c\u0103\u201d din Satul Nou;<\/li>\n<li>Gimnaziul din Sagaidac.<\/li>\n<\/ul>\n<p>Elevii au demonstrat un nivel \u00eenalt de preg\u0103tire, spirit de echip\u0103 \u0219i interes pentru tematica european\u0103. \u00cen urma evalu\u0103rii, echipa Liceului Teoretic \u201eMihai Eminescu\u201d a ob\u021binut locul I \u0219i va reprezenta raionul la etapa republican\u0103.<\/p>\n<p>Concursul este organizat la ini\u021biativa Biroului pentru Integrare European\u0103, \u00een parteneriat cu Ministerul Educa\u021biei \u0219i Cercet\u0103rii \u0219i Asocia\u021bia Jocurilor Intelectuale din Republica Moldova, cu sprijinul Delega\u021biei Uniunii Europene la Chi\u0219in\u0103u \u0219i al altor parteneri interna\u021bionali.<\/p>\n<p>Scopul competi\u021biei este de a \u00eencuraja g\u00e2ndirea critic\u0103, lucrul \u00een echip\u0103 \u0219i cunoa\u0219terea valorilor europene, precum \u0219i de a promova implicarea civic\u0103 \u00een r\u00e2ndul tinerilor.<\/p>\n<p>Marea final\u0103 a \u201eEuroQuiz Moldova 2026\u201d va avea loc pe 8 mai, la Palatul Republicii din Chi\u0219in\u0103u, unde se vor \u00eent\u00e2lni cele mai bune echipe din \u021bar\u0103. Participan\u021bii vor r\u0103spunde la \u00eentreb\u0103ri din domenii precum istorie, geografie, cultur\u0103, literatur\u0103, limbi europene \u0219i parcursul european al Republicii Moldova.<\/p>\n<p>Echipa c\u00e2\u0219tig\u0103toare a finalei va avea oportunitatea de a participa la o vizit\u0103 de studiu la Bruxelles, unde elevii vor putea descoperi mai \u00eendeaproape institu\u021biile europene.<\/p>\n<p>Organizatorii subliniaz\u0103 c\u0103 EuroQuiz r\u0103m\u00e2ne o platform\u0103 important\u0103 pentru dezvoltarea unei genera\u021bii informate, motivate \u0219i orientate spre valorile europene.<\/p>\n<div id='gallery-1' class='gallery galleryid-179958 gallery-columns-2 gallery-size-full'><figure class='gallery-item'>\n\t\t\t<div class='gallery-icon landscape'>\n\t\t\t\t<a href='https:\/\/bas-tv.md\/wp-content\/uploads\/2026\/04\/679921566_1404280551502894_7391638447364268421_n-scaled.jpg'><img fetchpriority=\"high\" decoding=\"async\" width=\"2560\" height=\"1183\" src=\"https:\/\/bas-tv.md\/wp-content\/uploads\/2026\/04\/679921566_1404280551502894_7391638447364268421_n-scaled.jpg\" class=\"attachment-full size-full\" alt=\"\" aria-describedby=\"gallery-1-179976\" srcset=\"https:\/\/bas-tv.md\/wp-content\/uploads\/2026\/04\/679921566_1404280551502894_7391638447364268421_n-scaled.jpg 2560w, https:\/\/bas-tv.md\/wp-content\/uploads\/2026\/04\/679921566_1404280551502894_7391638447364268421_n-300x139.jpg 300w, https:\/\/bas-tv.md\/wp-content\/uploads\/2026\/04\/679921566_1404280551502894_7391638447364268421_n-1024x473.jpg 1024w, https:\/\/bas-tv.md\/wp-content\/uploads\/2026\/04\/679921566_1404280551502894_7391638447364268421_n-768x355.jpg 768w, https:\/\/bas-tv.md\/wp-content\/uploads\/2026\/04\/679921566_1404280551502894_7391638447364268421_n-1536x710.jpg 1536w, https:\/\/bas-tv.md\/wp-content\/uploads\/2026\/04\/679921566_1404280551502894_7391638447364268421_n-2048x946.jpg 2048w, https:\/\/bas-tv.md\/wp-content\/uploads\/2026\/04\/679921566_1404280551502894_7391638447364268421_n-1200x554.jpg 1200w, https:\/\/bas-tv.md\/wp-content\/uploads\/2026\/04\/679921566_1404280551502894_7391638447364268421_n-1980x915.jpg 1980w\" sizes=\"(max-width: 2560px) 100vw, 2560px\" \/><\/a>\n\t\t\t<\/div>\n\t\t\t\t<figcaption class='wp-caption-text gallery-caption' id='gallery-1-179976'>\n\t\t\t\tFoto: Facebook\/Direc\u021bia \u00cenv\u0103\u021b\u0103m\u00e2nt General Cimi\u0219lia\n\t\t\t\t<\/figcaption><\/figure><figure class='gallery-item'>\n\t\t\t<div class='gallery-icon landscape'>\n\t\t\t\t<a href='https:\/\/bas-tv.md\/wp-content\/uploads\/2026\/04\/677807901_1404280204836262_1686900647047852418_n-scaled.jpg'><img decoding=\"async\" width=\"2560\" height=\"1183\" src=\"https:\/\/bas-tv.md\/wp-content\/uploads\/2026\/04\/677807901_1404280204836262_1686900647047852418_n-scaled.jpg\" class=\"attachment-full size-full\" alt=\"\" aria-describedby=\"gallery-1-179982\" srcset=\"https:\/\/bas-tv.md\/wp-content\/uploads\/2026\/04\/677807901_1404280204836262_1686900647047852418_n-scaled.jpg 2560w, https:\/\/bas-tv.md\/wp-content\/uploads\/2026\/04\/677807901_1404280204836262_1686900647047852418_n-300x139.jpg 300w, https:\/\/bas-tv.md\/wp-content\/uploads\/2026\/04\/677807901_1404280204836262_1686900647047852418_n-1024x473.jpg 1024w, https:\/\/bas-tv.md\/wp-content\/uploads\/2026\/04\/677807901_1404280204836262_1686900647047852418_n-768x355.jpg 768w, https:\/\/bas-tv.md\/wp-content\/uploads\/2026\/04\/677807901_1404280204836262_1686900647047852418_n-1536x710.jpg 1536w, https:\/\/bas-tv.md\/wp-content\/uploads\/2026\/04\/677807901_1404280204836262_1686900647047852418_n-2048x946.jpg 2048w, https:\/\/bas-tv.md\/wp-content\/uploads\/2026\/04\/677807901_1404280204836262_1686900647047852418_n-1200x554.jpg 1200w, https:\/\/bas-tv.md\/wp-content\/uploads\/2026\/04\/677807901_1404280204836262_1686900647047852418_n-1980x915.jpg 1980w\" sizes=\"(max-width: 2560px) 100vw, 2560px\" \/><\/a>\n\t\t\t<\/div>\n\t\t\t\t<figcaption class='wp-caption-text gallery-caption' id='gallery-1-179982'>\n\t\t\t\tFoto: Facebook\/Direc\u021bia \u00cenv\u0103\u021b\u0103m\u00e2nt General Cimi\u0219lia\n\t\t\t\t<\/figcaption><\/figure><figure class='gallery-item'>\n\t\t\t<div class='gallery-icon landscape'>\n\t\t\t\t<a href='https:\/\/bas-tv.md\/wp-content\/uploads\/2026\/04\/678006502_1404280758169540_2772175447026938224_n-scaled.jpg'><img decoding=\"async\" width=\"2560\" height=\"1183\" src=\"https:\/\/bas-tv.md\/wp-content\/uploads\/2026\/04\/678006502_1404280758169540_2772175447026938224_n-scaled.jpg\" class=\"attachment-full size-full\" alt=\"\" aria-describedby=\"gallery-1-179970\" srcset=\"https:\/\/bas-tv.md\/wp-content\/uploads\/2026\/04\/678006502_1404280758169540_2772175447026938224_n-scaled.jpg 2560w, https:\/\/bas-tv.md\/wp-content\/uploads\/2026\/04\/678006502_1404280758169540_2772175447026938224_n-300x139.jpg 300w, https:\/\/bas-tv.md\/wp-content\/uploads\/2026\/04\/678006502_1404280758169540_2772175447026938224_n-1024x473.jpg 1024w, https:\/\/bas-tv.md\/wp-content\/uploads\/2026\/04\/678006502_1404280758169540_2772175447026938224_n-768x355.jpg 768w, https:\/\/bas-tv.md\/wp-content\/uploads\/2026\/04\/678006502_1404280758169540_2772175447026938224_n-1536x710.jpg 1536w, https:\/\/bas-tv.md\/wp-content\/uploads\/2026\/04\/678006502_1404280758169540_2772175447026938224_n-2048x946.jpg 2048w, https:\/\/bas-tv.md\/wp-content\/uploads\/2026\/04\/678006502_1404280758169540_2772175447026938224_n-1200x554.jpg 1200w, https:\/\/bas-tv.md\/wp-content\/uploads\/2026\/04\/678006502_1404280758169540_2772175447026938224_n-1980x915.jpg 1980w\" sizes=\"(max-width: 2560px) 100vw, 2560px\" \/><\/a>\n\t\t\t<\/div>\n\t\t\t\t<figcaption class='wp-caption-text gallery-caption' id='gallery-1-179970'>\n\t\t\t\tFoto: Facebook\/Direc\u021bia \u00cenv\u0103\u021b\u0103m\u00e2nt General Cimi\u0219lia\n\t\t\t\t<\/figcaption><\/figure><figure class='gallery-item'>\n\t\t\t<div class='gallery-icon landscape'>\n\t\t\t\t<a href='https:\/\/bas-tv.md\/wp-content\/uploads\/2026\/04\/679922095_1404280301502919_5748277136612951674_n-scaled.jpg'><img loading=\"lazy\" decoding=\"async\" width=\"2560\" height=\"1183\" src=\"https:\/\/bas-tv.md\/wp-content\/uploads\/2026\/04\/679922095_1404280301502919_5748277136612951674_n-scaled.jpg\" class=\"attachment-full size-full\" alt=\"\" aria-describedby=\"gallery-1-179980\" srcset=\"https:\/\/bas-tv.md\/wp-content\/uploads\/2026\/04\/679922095_1404280301502919_5748277136612951674_n-scaled.jpg 2560w, https:\/\/bas-tv.md\/wp-content\/uploads\/2026\/04\/679922095_1404280301502919_5748277136612951674_n-300x139.jpg 300w, https:\/\/bas-tv.md\/wp-content\/uploads\/2026\/04\/679922095_1404280301502919_5748277136612951674_n-1024x473.jpg 1024w, https:\/\/bas-tv.md\/wp-content\/uploads\/2026\/04\/679922095_1404280301502919_5748277136612951674_n-768x355.jpg 768w, https:\/\/bas-tv.md\/wp-content\/uploads\/2026\/04\/679922095_1404280301502919_5748277136612951674_n-1536x710.jpg 1536w, https:\/\/bas-tv.md\/wp-content\/uploads\/2026\/04\/679922095_1404280301502919_5748277136612951674_n-2048x946.jpg 2048w, https:\/\/bas-tv.md\/wp-content\/uploads\/2026\/04\/679922095_1404280301502919_5748277136612951674_n-1200x554.jpg 1200w, https:\/\/bas-tv.md\/wp-content\/uploads\/2026\/04\/679922095_1404280301502919_5748277136612951674_n-1980x915.jpg 1980w\" sizes=\"(max-width: 2560px) 100vw, 2560px\" \/><\/a>\n\t\t\t<\/div>\n\t\t\t\t<figcaption class='wp-caption-text gallery-caption' id='gallery-1-179980'>\n\t\t\t\tFoto: Facebook\/Direc\u021bia \u00cenv\u0103\u021b\u0103m\u00e2nt General Cimi\u0219lia\n\t\t\t\t<\/figcaption><\/figure><figure class='gallery-item'>\n\t\t\t<div class='gallery-icon landscape'>\n\t\t\t\t<a href='https:\/\/bas-tv.md\/wp-content\/uploads\/2026\/04\/678913485_1404280691502880_2895363069967933136_n-scaled.jpg'><img loading=\"lazy\" decoding=\"async\" width=\"2560\" height=\"1183\" src=\"https:\/\/bas-tv.md\/wp-content\/uploads\/2026\/04\/678913485_1404280691502880_2895363069967933136_n-scaled.jpg\" class=\"attachment-full size-full\" alt=\"\" aria-describedby=\"gallery-1-179972\" srcset=\"https:\/\/bas-tv.md\/wp-content\/uploads\/2026\/04\/678913485_1404280691502880_2895363069967933136_n-scaled.jpg 2560w, https:\/\/bas-tv.md\/wp-content\/uploads\/2026\/04\/678913485_1404280691502880_2895363069967933136_n-300x139.jpg 300w, https:\/\/bas-tv.md\/wp-content\/uploads\/2026\/04\/678913485_1404280691502880_2895363069967933136_n-1024x473.jpg 1024w, https:\/\/bas-tv.md\/wp-content\/uploads\/2026\/04\/678913485_1404280691502880_2895363069967933136_n-768x355.jpg 768w, https:\/\/bas-tv.md\/wp-content\/uploads\/2026\/04\/678913485_1404280691502880_2895363069967933136_n-1536x710.jpg 1536w, https:\/\/bas-tv.md\/wp-content\/uploads\/2026\/04\/678913485_1404280691502880_2895363069967933136_n-2048x946.jpg 2048w, https:\/\/bas-tv.md\/wp-content\/uploads\/2026\/04\/678913485_1404280691502880_2895363069967933136_n-1200x554.jpg 1200w, https:\/\/bas-tv.md\/wp-content\/uploads\/2026\/04\/678913485_1404280691502880_2895363069967933136_n-1980x915.jpg 1980w\" sizes=\"(max-width: 2560px) 100vw, 2560px\" \/><\/a>\n\t\t\t<\/div>\n\t\t\t\t<figcaption class='wp-caption-text gallery-caption' id='gallery-1-179972'>\n\t\t\t\tFoto: Facebook\/Direc\u021bia \u00cenv\u0103\u021b\u0103m\u00e2nt General Cimi\u0219lia\n\t\t\t\t<\/figcaption><\/figure><figure class='gallery-item'>\n\t\t\t<div class='gallery-icon landscape'>\n\t\t\t\t<a href='https:\/\/bas-tv.md\/wp-content\/uploads\/2026\/04\/680206229_1404280771502872_6675036907780448028_n-scaled.jpg'><img loading=\"lazy\" decoding=\"async\" width=\"2560\" height=\"1183\" src=\"https:\/\/bas-tv.md\/wp-content\/uploads\/2026\/04\/680206229_1404280771502872_6675036907780448028_n-scaled.jpg\" class=\"attachment-full size-full\" alt=\"\" aria-describedby=\"gallery-1-179968\" srcset=\"https:\/\/bas-tv.md\/wp-content\/uploads\/2026\/04\/680206229_1404280771502872_6675036907780448028_n-scaled.jpg 2560w, https:\/\/bas-tv.md\/wp-content\/uploads\/2026\/04\/680206229_1404280771502872_6675036907780448028_n-300x139.jpg 300w, https:\/\/bas-tv.md\/wp-content\/uploads\/2026\/04\/680206229_1404280771502872_6675036907780448028_n-1024x473.jpg 1024w, https:\/\/bas-tv.md\/wp-content\/uploads\/2026\/04\/680206229_1404280771502872_6675036907780448028_n-768x355.jpg 768w, https:\/\/bas-tv.md\/wp-content\/uploads\/2026\/04\/680206229_1404280771502872_6675036907780448028_n-1536x710.jpg 1536w, https:\/\/bas-tv.md\/wp-content\/uploads\/2026\/04\/680206229_1404280771502872_6675036907780448028_n-2048x946.jpg 2048w, https:\/\/bas-tv.md\/wp-content\/uploads\/2026\/04\/680206229_1404280771502872_6675036907780448028_n-1200x554.jpg 1200w, https:\/\/bas-tv.md\/wp-content\/uploads\/2026\/04\/680206229_1404280771502872_6675036907780448028_n-1980x915.jpg 1980w\" sizes=\"(max-width: 2560px) 100vw, 2560px\" \/><\/a>\n\t\t\t<\/div>\n\t\t\t\t<figcaption class='wp-caption-text gallery-caption' id='gallery-1-179968'>\n\t\t\t\tFoto: Facebook\/Direc\u021bia \u00cenv\u0103\u021b\u0103m\u00e2nt General Cimi\u0219lia\n\t\t\t\t<\/figcaption><\/figure><figure class='gallery-item'>\n\t\t\t<div class='gallery-icon landscape'>\n\t\t\t\t<a href='https:\/\/bas-tv.md\/wp-content\/uploads\/2026\/04\/677733761_1404280658169550_7948257338512797853_n-scaled.jpg'><img loading=\"lazy\" decoding=\"async\" width=\"2560\" height=\"1183\" src=\"https:\/\/bas-tv.md\/wp-content\/uploads\/2026\/04\/677733761_1404280658169550_7948257338512797853_n-scaled.jpg\" class=\"attachment-full size-full\" alt=\"\" aria-describedby=\"gallery-1-179974\" srcset=\"https:\/\/bas-tv.md\/wp-content\/uploads\/2026\/04\/677733761_1404280658169550_7948257338512797853_n-scaled.jpg 2560w, https:\/\/bas-tv.md\/wp-content\/uploads\/2026\/04\/677733761_1404280658169550_7948257338512797853_n-300x139.jpg 300w, https:\/\/bas-tv.md\/wp-content\/uploads\/2026\/04\/677733761_1404280658169550_7948257338512797853_n-1024x473.jpg 1024w, https:\/\/bas-tv.md\/wp-content\/uploads\/2026\/04\/677733761_1404280658169550_7948257338512797853_n-768x355.jpg 768w, https:\/\/bas-tv.md\/wp-content\/uploads\/2026\/04\/677733761_1404280658169550_7948257338512797853_n-1536x710.jpg 1536w, https:\/\/bas-tv.md\/wp-content\/uploads\/2026\/04\/677733761_1404280658169550_7948257338512797853_n-2048x946.jpg 2048w, https:\/\/bas-tv.md\/wp-content\/uploads\/2026\/04\/677733761_1404280658169550_7948257338512797853_n-1200x554.jpg 1200w, https:\/\/bas-tv.md\/wp-content\/uploads\/2026\/04\/677733761_1404280658169550_7948257338512797853_n-1980x915.jpg 1980w\" sizes=\"(max-width: 2560px) 100vw, 2560px\" \/><\/a>\n\t\t\t<\/div>\n\t\t\t\t<figcaption class='wp-caption-text gallery-caption' id='gallery-1-179974'>\n\t\t\t\tFoto: Facebook\/Direc\u021bia \u00cenv\u0103\u021b\u0103m\u00e2nt General Cimi\u0219lia\n\t\t\t\t<\/figcaption><\/figure><figure class='gallery-item'>\n\t\t\t<div class='gallery-icon landscape'>\n\t\t\t\t<a href='https:\/\/bas-tv.md\/wp-content\/uploads\/2026\/04\/678877845_1404280614836221_693072543564507139_n-scaled.jpg'><img loading=\"lazy\" decoding=\"async\" width=\"2560\" height=\"1183\" src=\"https:\/\/bas-tv.md\/wp-content\/uploads\/2026\/04\/678877845_1404280614836221_693072543564507139_n-scaled.jpg\" class=\"attachment-full size-full\" alt=\"\" aria-describedby=\"gallery-1-179978\" srcset=\"https:\/\/bas-tv.md\/wp-content\/uploads\/2026\/04\/678877845_1404280614836221_693072543564507139_n-scaled.jpg 2560w, https:\/\/bas-tv.md\/wp-content\/uploads\/2026\/04\/678877845_1404280614836221_693072543564507139_n-300x139.jpg 300w, https:\/\/bas-tv.md\/wp-content\/uploads\/2026\/04\/678877845_1404280614836221_693072543564507139_n-1024x473.jpg 1024w, https:\/\/bas-tv.md\/wp-content\/uploads\/2026\/04\/678877845_1404280614836221_693072543564507139_n-768x355.jpg 768w, https:\/\/bas-tv.md\/wp-content\/uploads\/2026\/04\/678877845_1404280614836221_693072543564507139_n-1536x710.jpg 1536w, https:\/\/bas-tv.md\/wp-content\/uploads\/2026\/04\/678877845_1404280614836221_693072543564507139_n-2048x946.jpg 2048w, https:\/\/bas-tv.md\/wp-content\/uploads\/2026\/04\/678877845_1404280614836221_693072543564507139_n-1200x554.jpg 1200w, https:\/\/bas-tv.md\/wp-content\/uploads\/2026\/04\/678877845_1404280614836221_693072543564507139_n-1980x915.jpg 1980w\" sizes=\"(max-width: 2560px) 100vw, 2560px\" \/><\/a>\n\t\t\t<\/div>\n\t\t\t\t<figcaption class='wp-caption-text gallery-caption' id='gallery-1-179978'>\n\t\t\t\tFoto: Facebook\/Direc\u021bia \u00cenv\u0103\u021b\u0103m\u00e2nt General Cimi\u0219lia\n\t\t\t\t<\/figcaption><\/figure>\n\t\t<\/div>\n\n<p><b>Abona\u021bi-v\u0103 la noi pe re\u021bele sociale:\u00a0<\/b><a href=\"https:\/\/t.me\/bastvmd\"><b><i>Telegram<\/i><\/b><\/a><b>,\u00a0<\/b><a href=\"https:\/\/www.youtube.com\/channel\/UC-9005PnLnhpNM8PVSjP2dQ\/featured\"><b><i>YouTube<\/i><\/b><\/a><b>,\u00a0<\/b><a href=\"https:\/\/www.facebook.com\/bastv.md\"><b><i>Facebook<\/i><\/b><\/a>\u00a0\u0219i\u00a0<a href=\"https:\/\/www.instagram.com\/bastv.md\/\"><b><i>Instagram<\/i><\/b><\/a><b>.\u00a0 Aici public\u0103m \u0219tiri pe scurt!<\/b><\/p>\n","protected":false},"excerpt":{"rendered":"<p>Pe 24 aprilie, \u00een mai multe raioane ale \u021b\u0103rii, inclusiv Cimi\u0219lia, s-a desf\u0103\u0219urat etapa semifinal\u0103 a concursului \u201eEuroQuiz Moldova 2026\u201d &#8211; o competi\u021bie educa\u021bional\u0103 dedicat\u0103 promov\u0103rii valorilor europene \u0219i aprofund\u0103rii cuno\u0219tin\u021belor despre Uniunea European\u0103 \u00een r\u00e2ndul elevilor. La concurs au participat patru echipe din institu\u021biile de \u00eenv\u0103\u021b\u0103m\u00e2nt ale raionului: Liceul Teoretic \u201eMihai Eminescu\u201d din Cimi\u0219lia; [&hellip;]<\/p>\n","protected":false},"author":3,"featured_media":179984,"comment_status":"closed","ping_status":"closed","sticky":false,"template":"","format":"standard","meta":{"footnotes":""},"categories":[602,570],"tags":[733,2506,700,2179,692,19402,19216,670,2218,1355],"class_list":["post-179958","post","type-post","status-publish","format-standard","has-post-thumbnail","hentry","category-actualitate","category-in-moldova","tag-cimislia","tag-competitie","tag-concurs-ro","tag-educatie","tag-elevi","tag-euroquiz-moldova-2026","tag-licee","tag-moldova","tag-tineri","tag-uniunea-europeana"],"yoast_head":"<!-- This site is optimized with the Yoast SEO plugin v27.4 - https:\/\/yoast.com\/product\/yoast-seo-wordpress\/ -->\n<title>EuroQuiz 2026: elevii din Cimi\u0219lia merg \u00een final\u0103<\/title>\n<meta name=\"description\" content=\"Elevii din Cimi\u0219lia au c\u00e2\u0219tigat semifinala EuroQuiz 2026 \u0219i vor reprezenta raionul la finala din Chi\u0219in\u0103u.\" \/>\n<meta name=\"robots\" content=\"index, follow, max-snippet:-1, max-image-preview:large, max-video-preview:-1\" \/>\n<link rel=\"canonical\" href=\"https:\/\/bas-tv.md\/ro\/foto-euroquiz-2026-cei-mai-buni-elevi-din-cimislia-merg-in-finala-nationala\/\" \/>\n<meta property=\"og:locale\" content=\"ro_RO\" \/>\n<meta property=\"og:type\" content=\"article\" \/>\n<meta property=\"og:title\" content=\"EuroQuiz 2026: elevii din Cimi\u0219lia merg \u00een final\u0103\" \/>\n<meta property=\"og:description\" content=\"Elevii din Cimi\u0219lia au c\u00e2\u0219tigat semifinala EuroQuiz 2026 \u0219i vor reprezenta raionul la finala din Chi\u0219in\u0103u.\" \/>\n<meta property=\"og:url\" content=\"https:\/\/bas-tv.md\/ro\/foto-euroquiz-2026-cei-mai-buni-elevi-din-cimislia-merg-in-finala-nationala\/\" \/>\n<meta property=\"og:site_name\" content=\"BasTV\" \/>\n<meta property=\"article:published_time\" content=\"2026-04-27T11:30:11+00:00\" \/>\n<meta property=\"og:image\" content=\"https:\/\/bas-tv.md\/wp-content\/uploads\/2026\/04\/euroquiz-2026-cimislia-scaled.jpg\" \/>\n\t<meta property=\"og:image:width\" content=\"2560\" \/>\n\t<meta property=\"og:image:height\" content=\"1183\" \/>\n\t<meta property=\"og:image:type\" content=\"image\/jpeg\" \/>\n<meta name=\"author\" content=\"Redactor\" \/>\n<meta name=\"twitter:card\" content=\"summary_large_image\" \/>\n<meta name=\"twitter:label1\" content=\"Scris de\" \/>\n\t<meta name=\"twitter:data1\" content=\"Redactor\" \/>\n\t<meta name=\"twitter:label2\" content=\"Timp estimat pentru citire\" \/>\n\t<meta name=\"twitter:data2\" content=\"2 minute\" \/>\n<script type=\"application\/ld+json\" class=\"yoast-schema-graph\">{\"@context\":\"https:\\\/\\\/schema.org\",\"@graph\":[{\"@type\":\"Article\",\"@id\":\"https:\\\/\\\/bas-tv.md\\\/ro\\\/foto-euroquiz-2026-cei-mai-buni-elevi-din-cimislia-merg-in-finala-nationala\\\/#article\",\"isPartOf\":{\"@id\":\"https:\\\/\\\/bas-tv.md\\\/ro\\\/foto-euroquiz-2026-cei-mai-buni-elevi-din-cimislia-merg-in-finala-nationala\\\/\"},\"author\":{\"name\":\"Redactor\",\"@id\":\"https:\\\/\\\/bas-tv.md\\\/ro\\\/#\\\/schema\\\/person\\\/8740f45ea2eca1f1695284fc03529af0\"},\"headline\":\"(FOTO) EuroQuiz 2026: cei mai buni elevi din Cimi\u0219lia merg \u00een finala na\u021bional\u0103\",\"datePublished\":\"2026-04-27T11:30:11+00:00\",\"mainEntityOfPage\":{\"@id\":\"https:\\\/\\\/bas-tv.md\\\/ro\\\/foto-euroquiz-2026-cei-mai-buni-elevi-din-cimislia-merg-in-finala-nationala\\\/\"},\"wordCount\":335,\"publisher\":{\"@id\":\"https:\\\/\\\/bas-tv.md\\\/ro\\\/#organization\"},\"image\":{\"@id\":\"https:\\\/\\\/bas-tv.md\\\/ro\\\/foto-euroquiz-2026-cei-mai-buni-elevi-din-cimislia-merg-in-finala-nationala\\\/#primaryimage\"},\"thumbnailUrl\":\"https:\\\/\\\/bas-tv.md\\\/wp-content\\\/uploads\\\/2026\\\/04\\\/euroquiz-2026-cimislia-scaled.jpg\",\"keywords\":[\"Cimi\u0219lia\",\"competi\u021bie\",\"concurs\",\"educa\u021bie\",\"Elevi\",\"EuroQuiz Moldova 2026\",\"licee\",\"Moldova\",\"tineri\",\"Uniunea European\u0103\"],\"articleSection\":[\"Actualitate\",\"\u00cen Moldova\"],\"inLanguage\":\"ro-RO\"},{\"@type\":\"WebPage\",\"@id\":\"https:\\\/\\\/bas-tv.md\\\/ro\\\/foto-euroquiz-2026-cei-mai-buni-elevi-din-cimislia-merg-in-finala-nationala\\\/\",\"url\":\"https:\\\/\\\/bas-tv.md\\\/ro\\\/foto-euroquiz-2026-cei-mai-buni-elevi-din-cimislia-merg-in-finala-nationala\\\/\",\"name\":\"EuroQuiz 2026: elevii din Cimi\u0219lia merg \u00een final\u0103\",\"isPartOf\":{\"@id\":\"https:\\\/\\\/bas-tv.md\\\/ro\\\/#website\"},\"primaryImageOfPage\":{\"@id\":\"https:\\\/\\\/bas-tv.md\\\/ro\\\/foto-euroquiz-2026-cei-mai-buni-elevi-din-cimislia-merg-in-finala-nationala\\\/#primaryimage\"},\"image\":{\"@id\":\"https:\\\/\\\/bas-tv.md\\\/ro\\\/foto-euroquiz-2026-cei-mai-buni-elevi-din-cimislia-merg-in-finala-nationala\\\/#primaryimage\"},\"thumbnailUrl\":\"https:\\\/\\\/bas-tv.md\\\/wp-content\\\/uploads\\\/2026\\\/04\\\/euroquiz-2026-cimislia-scaled.jpg\",\"datePublished\":\"2026-04-27T11:30:11+00:00\",\"description\":\"Elevii din Cimi\u0219lia au c\u00e2\u0219tigat semifinala EuroQuiz 2026 \u0219i vor reprezenta raionul la finala din Chi\u0219in\u0103u.\",\"inLanguage\":\"ro-RO\",\"potentialAction\":[{\"@type\":\"ReadAction\",\"target\":[\"https:\\\/\\\/bas-tv.md\\\/ro\\\/foto-euroquiz-2026-cei-mai-buni-elevi-din-cimislia-merg-in-finala-nationala\\\/\"]}]},{\"@type\":\"ImageObject\",\"inLanguage\":\"ro-RO\",\"@id\":\"https:\\\/\\\/bas-tv.md\\\/ro\\\/foto-euroquiz-2026-cei-mai-buni-elevi-din-cimislia-merg-in-finala-nationala\\\/#primaryimage\",\"url\":\"https:\\\/\\\/bas-tv.md\\\/wp-content\\\/uploads\\\/2026\\\/04\\\/euroquiz-2026-cimislia-scaled.jpg\",\"contentUrl\":\"https:\\\/\\\/bas-tv.md\\\/wp-content\\\/uploads\\\/2026\\\/04\\\/euroquiz-2026-cimislia-scaled.jpg\",\"width\":2560,\"height\":1183,\"caption\":\"Foto: Facebook\\\/Direc\u021bia \u00cenv\u0103\u021b\u0103m\u00e2nt General Cimi\u0219lia\"},{\"@type\":\"WebSite\",\"@id\":\"https:\\\/\\\/bas-tv.md\\\/ro\\\/#website\",\"url\":\"https:\\\/\\\/bas-tv.md\\\/ro\\\/\",\"name\":\"BasTV\",\"description\":\"Moldova\",\"publisher\":{\"@id\":\"https:\\\/\\\/bas-tv.md\\\/ro\\\/#organization\"},\"potentialAction\":[{\"@type\":\"SearchAction\",\"target\":{\"@type\":\"EntryPoint\",\"urlTemplate\":\"https:\\\/\\\/bas-tv.md\\\/ro\\\/?s={search_term_string}\"},\"query-input\":{\"@type\":\"PropertyValueSpecification\",\"valueRequired\":true,\"valueName\":\"search_term_string\"}}],\"inLanguage\":\"ro-RO\"},{\"@type\":\"Organization\",\"@id\":\"https:\\\/\\\/bas-tv.md\\\/ro\\\/#organization\",\"name\":\"BasTV\",\"url\":\"https:\\\/\\\/bas-tv.md\\\/ro\\\/\",\"logo\":{\"@type\":\"ImageObject\",\"inLanguage\":\"ro-RO\",\"@id\":\"https:\\\/\\\/bas-tv.md\\\/ro\\\/#\\\/schema\\\/logo\\\/image\\\/\",\"url\":\"https:\\\/\\\/bas-tv.md\\\/wp-content\\\/uploads\\\/2023\\\/05\\\/bas-tv-culoarea-rosie.png\",\"contentUrl\":\"https:\\\/\\\/bas-tv.md\\\/wp-content\\\/uploads\\\/2023\\\/05\\\/bas-tv-culoarea-rosie.png\",\"width\":202,\"height\":50,\"caption\":\"BasTV\"},\"image\":{\"@id\":\"https:\\\/\\\/bas-tv.md\\\/ro\\\/#\\\/schema\\\/logo\\\/image\\\/\"}},{\"@type\":\"Person\",\"@id\":\"https:\\\/\\\/bas-tv.md\\\/ro\\\/#\\\/schema\\\/person\\\/8740f45ea2eca1f1695284fc03529af0\",\"name\":\"Redactor\",\"image\":{\"@type\":\"ImageObject\",\"inLanguage\":\"ro-RO\",\"@id\":\"https:\\\/\\\/bas-tv.md\\\/wp-content\\\/litespeed\\\/avatar\\\/91c0586f3f6f4396a4ec1287c965eeeb.jpg?ver=1776950945\",\"url\":\"https:\\\/\\\/bas-tv.md\\\/wp-content\\\/litespeed\\\/avatar\\\/91c0586f3f6f4396a4ec1287c965eeeb.jpg?ver=1776950945\",\"contentUrl\":\"https:\\\/\\\/bas-tv.md\\\/wp-content\\\/litespeed\\\/avatar\\\/91c0586f3f6f4396a4ec1287c965eeeb.jpg?ver=1776950945\",\"caption\":\"Redactor\"},\"url\":\"https:\\\/\\\/bas-tv.md\\\/ro\\\/author\\\/redactor\\\/\"}]}<\/script>\n<!-- \/ Yoast SEO plugin. -->","yoast_head_json":{"title":"EuroQuiz 2026: elevii din Cimi\u0219lia merg \u00een final\u0103","description":"Elevii din Cimi\u0219lia au c\u00e2\u0219tigat semifinala EuroQuiz 2026 \u0219i vor reprezenta raionul la finala din Chi\u0219in\u0103u.","robots":{"index":"index","follow":"follow","max-snippet":"max-snippet:-1","max-image-preview":"max-image-preview:large","max-video-preview":"max-video-preview:-1"},"canonical":"https:\/\/bas-tv.md\/ro\/foto-euroquiz-2026-cei-mai-buni-elevi-din-cimislia-merg-in-finala-nationala\/","og_locale":"ro_RO","og_type":"article","og_title":"EuroQuiz 2026: elevii din Cimi\u0219lia merg \u00een final\u0103","og_description":"Elevii din Cimi\u0219lia au c\u00e2\u0219tigat semifinala EuroQuiz 2026 \u0219i vor reprezenta raionul la finala din Chi\u0219in\u0103u.","og_url":"https:\/\/bas-tv.md\/ro\/foto-euroquiz-2026-cei-mai-buni-elevi-din-cimislia-merg-in-finala-nationala\/","og_site_name":"BasTV","article_published_time":"2026-04-27T11:30:11+00:00","og_image":[{"width":2560,"height":1183,"url":"https:\/\/bas-tv.md\/wp-content\/uploads\/2026\/04\/euroquiz-2026-cimislia-scaled.jpg","type":"image\/jpeg"}],"author":"Redactor","twitter_card":"summary_large_image","twitter_misc":{"Scris de":"Redactor","Timp estimat pentru citire":"2 minute"},"schema":{"@context":"https:\/\/schema.org","@graph":[{"@type":"Article","@id":"https:\/\/bas-tv.md\/ro\/foto-euroquiz-2026-cei-mai-buni-elevi-din-cimislia-merg-in-finala-nationala\/#article","isPartOf":{"@id":"https:\/\/bas-tv.md\/ro\/foto-euroquiz-2026-cei-mai-buni-elevi-din-cimislia-merg-in-finala-nationala\/"},"author":{"name":"Redactor","@id":"https:\/\/bas-tv.md\/ro\/#\/schema\/person\/8740f45ea2eca1f1695284fc03529af0"},"headline":"(FOTO) EuroQuiz 2026: cei mai buni elevi din Cimi\u0219lia merg \u00een finala na\u021bional\u0103","datePublished":"2026-04-27T11:30:11+00:00","mainEntityOfPage":{"@id":"https:\/\/bas-tv.md\/ro\/foto-euroquiz-2026-cei-mai-buni-elevi-din-cimislia-merg-in-finala-nationala\/"},"wordCount":335,"publisher":{"@id":"https:\/\/bas-tv.md\/ro\/#organization"},"image":{"@id":"https:\/\/bas-tv.md\/ro\/foto-euroquiz-2026-cei-mai-buni-elevi-din-cimislia-merg-in-finala-nationala\/#primaryimage"},"thumbnailUrl":"https:\/\/bas-tv.md\/wp-content\/uploads\/2026\/04\/euroquiz-2026-cimislia-scaled.jpg","keywords":["Cimi\u0219lia","competi\u021bie","concurs","educa\u021bie","Elevi","EuroQuiz Moldova 2026","licee","Moldova","tineri","Uniunea European\u0103"],"articleSection":["Actualitate","\u00cen Moldova"],"inLanguage":"ro-RO"},{"@type":"WebPage","@id":"https:\/\/bas-tv.md\/ro\/foto-euroquiz-2026-cei-mai-buni-elevi-din-cimislia-merg-in-finala-nationala\/","url":"https:\/\/bas-tv.md\/ro\/foto-euroquiz-2026-cei-mai-buni-elevi-din-cimislia-merg-in-finala-nationala\/","name":"EuroQuiz 2026: elevii din Cimi\u0219lia merg \u00een final\u0103","isPartOf":{"@id":"https:\/\/bas-tv.md\/ro\/#website"},"primaryImageOfPage":{"@id":"https:\/\/bas-tv.md\/ro\/foto-euroquiz-2026-cei-mai-buni-elevi-din-cimislia-merg-in-finala-nationala\/#primaryimage"},"image":{"@id":"https:\/\/bas-tv.md\/ro\/foto-euroquiz-2026-cei-mai-buni-elevi-din-cimislia-merg-in-finala-nationala\/#primaryimage"},"thumbnailUrl":"https:\/\/bas-tv.md\/wp-content\/uploads\/2026\/04\/euroquiz-2026-cimislia-scaled.jpg","datePublished":"2026-04-27T11:30:11+00:00","description":"Elevii din Cimi\u0219lia au c\u00e2\u0219tigat semifinala EuroQuiz 2026 \u0219i vor reprezenta raionul la finala din Chi\u0219in\u0103u.","inLanguage":"ro-RO","potentialAction":[{"@type":"ReadAction","target":["https:\/\/bas-tv.md\/ro\/foto-euroquiz-2026-cei-mai-buni-elevi-din-cimislia-merg-in-finala-nationala\/"]}]},{"@type":"ImageObject","inLanguage":"ro-RO","@id":"https:\/\/bas-tv.md\/ro\/foto-euroquiz-2026-cei-mai-buni-elevi-din-cimislia-merg-in-finala-nationala\/#primaryimage","url":"https:\/\/bas-tv.md\/wp-content\/uploads\/2026\/04\/euroquiz-2026-cimislia-scaled.jpg","contentUrl":"https:\/\/bas-tv.md\/wp-content\/uploads\/2026\/04\/euroquiz-2026-cimislia-scaled.jpg","width":2560,"height":1183,"caption":"Foto: Facebook\/Direc\u021bia \u00cenv\u0103\u021b\u0103m\u00e2nt General Cimi\u0219lia"},{"@type":"WebSite","@id":"https:\/\/bas-tv.md\/ro\/#website","url":"https:\/\/bas-tv.md\/ro\/","name":"BasTV","description":"Moldova","publisher":{"@id":"https:\/\/bas-tv.md\/ro\/#organization"},"potentialAction":[{"@type":"SearchAction","target":{"@type":"EntryPoint","urlTemplate":"https:\/\/bas-tv.md\/ro\/?s={search_term_string}"},"query-input":{"@type":"PropertyValueSpecification","valueRequired":true,"valueName":"search_term_string"}}],"inLanguage":"ro-RO"},{"@type":"Organization","@id":"https:\/\/bas-tv.md\/ro\/#organization","name":"BasTV","url":"https:\/\/bas-tv.md\/ro\/","logo":{"@type":"ImageObject","inLanguage":"ro-RO","@id":"https:\/\/bas-tv.md\/ro\/#\/schema\/logo\/image\/","url":"https:\/\/bas-tv.md\/wp-content\/uploads\/2023\/05\/bas-tv-culoarea-rosie.png","contentUrl":"https:\/\/bas-tv.md\/wp-content\/uploads\/2023\/05\/bas-tv-culoarea-rosie.png","width":202,"height":50,"caption":"BasTV"},"image":{"@id":"https:\/\/bas-tv.md\/ro\/#\/schema\/logo\/image\/"}},{"@type":"Person","@id":"https:\/\/bas-tv.md\/ro\/#\/schema\/person\/8740f45ea2eca1f1695284fc03529af0","name":"Redactor","image":{"@type":"ImageObject","inLanguage":"ro-RO","@id":"https:\/\/bas-tv.md\/wp-content\/litespeed\/avatar\/91c0586f3f6f4396a4ec1287c965eeeb.jpg?ver=1776950945","url":"https:\/\/bas-tv.md\/wp-content\/litespeed\/avatar\/91c0586f3f6f4396a4ec1287c965eeeb.jpg?ver=1776950945","contentUrl":"https:\/\/bas-tv.md\/wp-content\/litespeed\/avatar\/91c0586f3f6f4396a4ec1287c965eeeb.jpg?ver=1776950945","caption":"Redactor"},"url":"https:\/\/bas-tv.md\/ro\/author\/redactor\/"}]}},"views":53,"_links":{"self":[{"href":"https:\/\/bas-tv.md\/ro\/wp-json\/wp\/v2\/posts\/179958","targetHints":{"allow":["GET"]}}],"collection":[{"href":"https:\/\/bas-tv.md\/ro\/wp-json\/wp\/v2\/posts"}],"about":[{"href":"https:\/\/bas-tv.md\/ro\/wp-json\/wp\/v2\/types\/post"}],"author":[{"embeddable":true,"href":"https:\/\/bas-tv.md\/ro\/wp-json\/wp\/v2\/users\/3"}],"replies":[{"embeddable":true,"href":"https:\/\/bas-tv.md\/ro\/wp-json\/wp\/v2\/comments?post=179958"}],"version-history":[{"count":2,"href":"https:\/\/bas-tv.md\/ro\/wp-json\/wp\/v2\/posts\/179958\/revisions"}],"predecessor-version":[{"id":179986,"href":"https:\/\/bas-tv.md\/ro\/wp-json\/wp\/v2\/posts\/179958\/revisions\/179986"}],"wp:featuredmedia":[{"embeddable":true,"href":"https:\/\/bas-tv.md\/ro\/wp-json\/wp\/v2\/media\/179984"}],"wp:attachment":[{"href":"https:\/\/bas-tv.md\/ro\/wp-json\/wp\/v2\/media?parent=179958"}],"wp:term":[{"taxonomy":"category","embeddable":true,"href":"https:\/\/bas-tv.md\/ro\/wp-json\/wp\/v2\/categories?post=179958"},{"taxonomy":"post_tag","embeddable":true,"href":"https:\/\/bas-tv.md\/ro\/wp-json\/wp\/v2\/tags?post=179958"}],"curies":[{"name":"wp","href":"https:\/\/api.w.org\/{rel}","templated":true}]}}