{"id":180284,"date":"2026-04-29T14:30:13","date_gmt":"2026-04-29T11:30:13","guid":{"rendered":"https:\/\/bas-tv.md\/?p=180284"},"modified":"2026-04-29T12:46:43","modified_gmt":"2026-04-29T09:46:43","slug":"parada-florilor-din-cimislia-amanata-evenimentul-va-avea-loc-pe-10-mai","status":"publish","type":"post","link":"https:\/\/bas-tv.md\/ro\/parada-florilor-din-cimislia-amanata-evenimentul-va-avea-loc-pe-10-mai\/","title":{"rendered":"\u201eParada Florilor\u201d din Cimi\u0219lia, am\u00e2nat\u0103: evenimentul va avea loc pe 10 mai"},"content":{"rendered":"<p><strong>Expozi\u021bia-T\u00e2rg \u201eParada Florilor\u201d, programat\u0103 ini\u021bial pentru data de 3 mai, a fost am\u00e2nat\u0103 din cauza condi\u021biilor meteorologice nefavorabile. Anun\u021bul a fost f\u0103cut de Consiliul Raional Cimi\u0219lia.<\/strong><\/p>\n<p>Potrivit autorit\u0103\u021bilor, decizia de reprogramare a fost luat\u0103 pentru a asigura siguran\u021ba participan\u021bilor \u0219i a expozan\u021bilor, precum \u0219i pentru buna desf\u0103\u0219urare a evenimentului.<\/p>\n<p>Astfel, \u201eParada Florilor\u201d va avea loc pe 10 mai, \u00een pia\u021ba central\u0103 din Cimi\u0219lia, \u00eencep\u00e2nd cu ora 09:00. Organizatorii promit o atmosfer\u0103 de s\u0103rb\u0103toare, cu expozi\u021bii florale, culorile prim\u0103verii \u0219i activit\u0103\u021bi dedicate vizitatorilor.<\/p>\n<p>Autorit\u0103\u021bile \u00eei invit\u0103 pe to\u021bi doritorii s\u0103 participe la eveniment \u00een noua dat\u0103 stabilit\u0103.<\/p>\n<p><a href=\"https:\/\/bas-tv.md\/wp-content\/uploads\/2026\/04\/parada-florilor.jpg\"><img fetchpriority=\"high\" decoding=\"async\" class=\"aligncenter size-full wp-image-180285\" src=\"https:\/\/bas-tv.md\/wp-content\/uploads\/2026\/04\/parada-florilor.jpg\" alt=\"\" width=\"509\" height=\"720\" srcset=\"https:\/\/bas-tv.md\/wp-content\/uploads\/2026\/04\/parada-florilor.jpg 509w, https:\/\/bas-tv.md\/wp-content\/uploads\/2026\/04\/parada-florilor-212x300.jpg 212w\" sizes=\"(max-width: 509px) 100vw, 509px\" \/><\/a><\/p>\n<p><b>Abona\u021bi-v\u0103 la noi pe re\u021bele sociale:\u00a0<\/b><a href=\"https:\/\/t.me\/bastvmd\"><b><i>Telegram<\/i><\/b><\/a><b>,\u00a0<\/b><a href=\"https:\/\/www.youtube.com\/channel\/UC-9005PnLnhpNM8PVSjP2dQ\/featured\"><b><i>YouTube<\/i><\/b><\/a><b>,\u00a0<\/b><a href=\"https:\/\/www.facebook.com\/bastv.md\"><b><i>Facebook<\/i><\/b><\/a>\u00a0\u0219i\u00a0<a href=\"https:\/\/www.instagram.com\/bastv.md\/\"><b><i>Instagram<\/i><\/b><\/a><b>.\u00a0 Aici public\u0103m \u0219tiri pe scurt!<\/b><\/p>\n","protected":false},"excerpt":{"rendered":"<p>Expozi\u021bia-T\u00e2rg \u201eParada Florilor\u201d, programat\u0103 ini\u021bial pentru data de 3 mai, a fost am\u00e2nat\u0103 din cauza condi\u021biilor meteorologice nefavorabile. Anun\u021bul a fost f\u0103cut de Consiliul Raional Cimi\u0219lia. Potrivit autorit\u0103\u021bilor, decizia de reprogramare a fost luat\u0103 pentru a asigura siguran\u021ba participan\u021bilor \u0219i a expozan\u021bilor, precum \u0219i pentru buna desf\u0103\u0219urare a evenimentului. Astfel, \u201eParada Florilor\u201d va avea loc [&hellip;]<\/p>\n","protected":false},"author":3,"featured_media":180287,"comment_status":"closed","ping_status":"closed","sticky":false,"template":"","format":"standard","meta":{"footnotes":""},"categories":[219,574],"tags":[19463,733,16421,19464,19462,2100,3907],"class_list":["post-180284","post","type-post","status-publish","format-standard","has-post-thumbnail","hentry","category-anunturi","category-util","tag-amanare","tag-cimislia","tag-eveniment","tag-expozitie","tag-parada-florilor","tag-primavara","tag-targ"],"yoast_head":"<!-- This site is optimized with the Yoast SEO plugin v27.5 - https:\/\/yoast.com\/product\/yoast-seo-wordpress\/ -->\n<title>Parada Florilor din Cimi\u0219lia a fost am\u00e2nat\u0103<\/title>\n<meta name=\"description\" content=\"Parada Florilor din Cimi\u0219lia, am\u00e2nat\u0103 din cauza vremii. Evenimentul va avea loc pe 10 mai, \u00een pia\u021ba central\u0103.\" \/>\n<meta name=\"robots\" content=\"index, follow, max-snippet:-1, max-image-preview:large, max-video-preview:-1\" \/>\n<link rel=\"canonical\" href=\"https:\/\/bas-tv.md\/ro\/parada-florilor-din-cimislia-amanata-evenimentul-va-avea-loc-pe-10-mai\/\" \/>\n<meta property=\"og:locale\" content=\"ro_RO\" \/>\n<meta property=\"og:type\" content=\"article\" \/>\n<meta property=\"og:title\" content=\"Parada Florilor din Cimi\u0219lia a fost am\u00e2nat\u0103\" \/>\n<meta property=\"og:description\" content=\"Parada Florilor din Cimi\u0219lia, am\u00e2nat\u0103 din cauza vremii. Evenimentul va avea loc pe 10 mai, \u00een pia\u021ba central\u0103.\" \/>\n<meta property=\"og:url\" content=\"https:\/\/bas-tv.md\/ro\/parada-florilor-din-cimislia-amanata-evenimentul-va-avea-loc-pe-10-mai\/\" \/>\n<meta property=\"og:site_name\" content=\"BasTV\" \/>\n<meta property=\"article:published_time\" content=\"2026-04-29T11:30:13+00:00\" \/>\n<meta property=\"og:image\" content=\"https:\/\/bas-tv.md\/wp-content\/uploads\/2026\/04\/bicicleta-in-flori.jpg\" \/>\n\t<meta property=\"og:image:width\" content=\"604\" \/>\n\t<meta property=\"og:image:height\" content=\"403\" \/>\n\t<meta property=\"og:image:type\" content=\"image\/jpeg\" \/>\n<meta name=\"author\" content=\"Redactor\" \/>\n<meta name=\"twitter:card\" content=\"summary_large_image\" \/>\n<meta name=\"twitter:label1\" content=\"Scris de\" \/>\n\t<meta name=\"twitter:data1\" content=\"Redactor\" \/>\n\t<meta name=\"twitter:label2\" content=\"Timp estimat pentru citire\" \/>\n\t<meta name=\"twitter:data2\" content=\"2 minute\" \/>\n<script type=\"application\/ld+json\" class=\"yoast-schema-graph\">{\"@context\":\"https:\\\/\\\/schema.org\",\"@graph\":[{\"@type\":\"Article\",\"@id\":\"https:\\\/\\\/bas-tv.md\\\/ro\\\/parada-florilor-din-cimislia-amanata-evenimentul-va-avea-loc-pe-10-mai\\\/#article\",\"isPartOf\":{\"@id\":\"https:\\\/\\\/bas-tv.md\\\/ro\\\/parada-florilor-din-cimislia-amanata-evenimentul-va-avea-loc-pe-10-mai\\\/\"},\"author\":{\"name\":\"Redactor\",\"@id\":\"https:\\\/\\\/bas-tv.md\\\/ro\\\/#\\\/schema\\\/person\\\/8740f45ea2eca1f1695284fc03529af0\"},\"headline\":\"\u201eParada Florilor\u201d din Cimi\u0219lia, am\u00e2nat\u0103: evenimentul va avea loc pe 10 mai\",\"datePublished\":\"2026-04-29T11:30:13+00:00\",\"mainEntityOfPage\":{\"@id\":\"https:\\\/\\\/bas-tv.md\\\/ro\\\/parada-florilor-din-cimislia-amanata-evenimentul-va-avea-loc-pe-10-mai\\\/\"},\"wordCount\":148,\"publisher\":{\"@id\":\"https:\\\/\\\/bas-tv.md\\\/ro\\\/#organization\"},\"image\":{\"@id\":\"https:\\\/\\\/bas-tv.md\\\/ro\\\/parada-florilor-din-cimislia-amanata-evenimentul-va-avea-loc-pe-10-mai\\\/#primaryimage\"},\"thumbnailUrl\":\"https:\\\/\\\/bas-tv.md\\\/wp-content\\\/uploads\\\/2026\\\/04\\\/bicicleta-in-flori.jpg\",\"keywords\":[\"am\u00e2nare\",\"Cimi\u0219lia\",\"eveniment\",\"expozi\u021bie\",\"Parada Florilor\",\"prim\u0103vara\",\"t\u00e2rg\"],\"articleSection\":[\"Anun\u021buri\",\"Util\"],\"inLanguage\":\"ro-RO\"},{\"@type\":\"WebPage\",\"@id\":\"https:\\\/\\\/bas-tv.md\\\/ro\\\/parada-florilor-din-cimislia-amanata-evenimentul-va-avea-loc-pe-10-mai\\\/\",\"url\":\"https:\\\/\\\/bas-tv.md\\\/ro\\\/parada-florilor-din-cimislia-amanata-evenimentul-va-avea-loc-pe-10-mai\\\/\",\"name\":\"Parada Florilor din Cimi\u0219lia a fost am\u00e2nat\u0103\",\"isPartOf\":{\"@id\":\"https:\\\/\\\/bas-tv.md\\\/ro\\\/#website\"},\"primaryImageOfPage\":{\"@id\":\"https:\\\/\\\/bas-tv.md\\\/ro\\\/parada-florilor-din-cimislia-amanata-evenimentul-va-avea-loc-pe-10-mai\\\/#primaryimage\"},\"image\":{\"@id\":\"https:\\\/\\\/bas-tv.md\\\/ro\\\/parada-florilor-din-cimislia-amanata-evenimentul-va-avea-loc-pe-10-mai\\\/#primaryimage\"},\"thumbnailUrl\":\"https:\\\/\\\/bas-tv.md\\\/wp-content\\\/uploads\\\/2026\\\/04\\\/bicicleta-in-flori.jpg\",\"datePublished\":\"2026-04-29T11:30:13+00:00\",\"description\":\"Parada Florilor din Cimi\u0219lia, am\u00e2nat\u0103 din cauza vremii. Evenimentul va avea loc pe 10 mai, \u00een pia\u021ba central\u0103.\",\"inLanguage\":\"ro-RO\",\"potentialAction\":[{\"@type\":\"ReadAction\",\"target\":[\"https:\\\/\\\/bas-tv.md\\\/ro\\\/parada-florilor-din-cimislia-amanata-evenimentul-va-avea-loc-pe-10-mai\\\/\"]}]},{\"@type\":\"ImageObject\",\"inLanguage\":\"ro-RO\",\"@id\":\"https:\\\/\\\/bas-tv.md\\\/ro\\\/parada-florilor-din-cimislia-amanata-evenimentul-va-avea-loc-pe-10-mai\\\/#primaryimage\",\"url\":\"https:\\\/\\\/bas-tv.md\\\/wp-content\\\/uploads\\\/2026\\\/04\\\/bicicleta-in-flori.jpg\",\"contentUrl\":\"https:\\\/\\\/bas-tv.md\\\/wp-content\\\/uploads\\\/2026\\\/04\\\/bicicleta-in-flori.jpg\",\"width\":604,\"height\":403,\"caption\":\"Foto: tv8.md\"},{\"@type\":\"WebSite\",\"@id\":\"https:\\\/\\\/bas-tv.md\\\/ro\\\/#website\",\"url\":\"https:\\\/\\\/bas-tv.md\\\/ro\\\/\",\"name\":\"BasTV\",\"description\":\"Moldova\",\"publisher\":{\"@id\":\"https:\\\/\\\/bas-tv.md\\\/ro\\\/#organization\"},\"potentialAction\":[{\"@type\":\"SearchAction\",\"target\":{\"@type\":\"EntryPoint\",\"urlTemplate\":\"https:\\\/\\\/bas-tv.md\\\/ro\\\/?s={search_term_string}\"},\"query-input\":{\"@type\":\"PropertyValueSpecification\",\"valueRequired\":true,\"valueName\":\"search_term_string\"}}],\"inLanguage\":\"ro-RO\"},{\"@type\":\"Organization\",\"@id\":\"https:\\\/\\\/bas-tv.md\\\/ro\\\/#organization\",\"name\":\"BasTV\",\"url\":\"https:\\\/\\\/bas-tv.md\\\/ro\\\/\",\"logo\":{\"@type\":\"ImageObject\",\"inLanguage\":\"ro-RO\",\"@id\":\"https:\\\/\\\/bas-tv.md\\\/ro\\\/#\\\/schema\\\/logo\\\/image\\\/\",\"url\":\"https:\\\/\\\/bas-tv.md\\\/wp-content\\\/uploads\\\/2023\\\/05\\\/bas-tv-culoarea-rosie.png\",\"contentUrl\":\"https:\\\/\\\/bas-tv.md\\\/wp-content\\\/uploads\\\/2023\\\/05\\\/bas-tv-culoarea-rosie.png\",\"width\":202,\"height\":50,\"caption\":\"BasTV\"},\"image\":{\"@id\":\"https:\\\/\\\/bas-tv.md\\\/ro\\\/#\\\/schema\\\/logo\\\/image\\\/\"}},{\"@type\":\"Person\",\"@id\":\"https:\\\/\\\/bas-tv.md\\\/ro\\\/#\\\/schema\\\/person\\\/8740f45ea2eca1f1695284fc03529af0\",\"name\":\"Redactor\",\"image\":{\"@type\":\"ImageObject\",\"inLanguage\":\"ro-RO\",\"@id\":\"https:\\\/\\\/bas-tv.md\\\/wp-content\\\/litespeed\\\/avatar\\\/91c0586f3f6f4396a4ec1287c965eeeb.jpg?ver=1776950945\",\"url\":\"https:\\\/\\\/bas-tv.md\\\/wp-content\\\/litespeed\\\/avatar\\\/91c0586f3f6f4396a4ec1287c965eeeb.jpg?ver=1776950945\",\"contentUrl\":\"https:\\\/\\\/bas-tv.md\\\/wp-content\\\/litespeed\\\/avatar\\\/91c0586f3f6f4396a4ec1287c965eeeb.jpg?ver=1776950945\",\"caption\":\"Redactor\"},\"url\":\"https:\\\/\\\/bas-tv.md\\\/ro\\\/author\\\/redactor\\\/\"}]}<\/script>\n<!-- \/ Yoast SEO plugin. -->","yoast_head_json":{"title":"Parada Florilor din Cimi\u0219lia a fost am\u00e2nat\u0103","description":"Parada Florilor din Cimi\u0219lia, am\u00e2nat\u0103 din cauza vremii. Evenimentul va avea loc pe 10 mai, \u00een pia\u021ba central\u0103.","robots":{"index":"index","follow":"follow","max-snippet":"max-snippet:-1","max-image-preview":"max-image-preview:large","max-video-preview":"max-video-preview:-1"},"canonical":"https:\/\/bas-tv.md\/ro\/parada-florilor-din-cimislia-amanata-evenimentul-va-avea-loc-pe-10-mai\/","og_locale":"ro_RO","og_type":"article","og_title":"Parada Florilor din Cimi\u0219lia a fost am\u00e2nat\u0103","og_description":"Parada Florilor din Cimi\u0219lia, am\u00e2nat\u0103 din cauza vremii. Evenimentul va avea loc pe 10 mai, \u00een pia\u021ba central\u0103.","og_url":"https:\/\/bas-tv.md\/ro\/parada-florilor-din-cimislia-amanata-evenimentul-va-avea-loc-pe-10-mai\/","og_site_name":"BasTV","article_published_time":"2026-04-29T11:30:13+00:00","og_image":[{"width":604,"height":403,"url":"https:\/\/bas-tv.md\/wp-content\/uploads\/2026\/04\/bicicleta-in-flori.jpg","type":"image\/jpeg"}],"author":"Redactor","twitter_card":"summary_large_image","twitter_misc":{"Scris de":"Redactor","Timp estimat pentru citire":"2 minute"},"schema":{"@context":"https:\/\/schema.org","@graph":[{"@type":"Article","@id":"https:\/\/bas-tv.md\/ro\/parada-florilor-din-cimislia-amanata-evenimentul-va-avea-loc-pe-10-mai\/#article","isPartOf":{"@id":"https:\/\/bas-tv.md\/ro\/parada-florilor-din-cimislia-amanata-evenimentul-va-avea-loc-pe-10-mai\/"},"author":{"name":"Redactor","@id":"https:\/\/bas-tv.md\/ro\/#\/schema\/person\/8740f45ea2eca1f1695284fc03529af0"},"headline":"\u201eParada Florilor\u201d din Cimi\u0219lia, am\u00e2nat\u0103: evenimentul va avea loc pe 10 mai","datePublished":"2026-04-29T11:30:13+00:00","mainEntityOfPage":{"@id":"https:\/\/bas-tv.md\/ro\/parada-florilor-din-cimislia-amanata-evenimentul-va-avea-loc-pe-10-mai\/"},"wordCount":148,"publisher":{"@id":"https:\/\/bas-tv.md\/ro\/#organization"},"image":{"@id":"https:\/\/bas-tv.md\/ro\/parada-florilor-din-cimislia-amanata-evenimentul-va-avea-loc-pe-10-mai\/#primaryimage"},"thumbnailUrl":"https:\/\/bas-tv.md\/wp-content\/uploads\/2026\/04\/bicicleta-in-flori.jpg","keywords":["am\u00e2nare","Cimi\u0219lia","eveniment","expozi\u021bie","Parada Florilor","prim\u0103vara","t\u00e2rg"],"articleSection":["Anun\u021buri","Util"],"inLanguage":"ro-RO"},{"@type":"WebPage","@id":"https:\/\/bas-tv.md\/ro\/parada-florilor-din-cimislia-amanata-evenimentul-va-avea-loc-pe-10-mai\/","url":"https:\/\/bas-tv.md\/ro\/parada-florilor-din-cimislia-amanata-evenimentul-va-avea-loc-pe-10-mai\/","name":"Parada Florilor din Cimi\u0219lia a fost am\u00e2nat\u0103","isPartOf":{"@id":"https:\/\/bas-tv.md\/ro\/#website"},"primaryImageOfPage":{"@id":"https:\/\/bas-tv.md\/ro\/parada-florilor-din-cimislia-amanata-evenimentul-va-avea-loc-pe-10-mai\/#primaryimage"},"image":{"@id":"https:\/\/bas-tv.md\/ro\/parada-florilor-din-cimislia-amanata-evenimentul-va-avea-loc-pe-10-mai\/#primaryimage"},"thumbnailUrl":"https:\/\/bas-tv.md\/wp-content\/uploads\/2026\/04\/bicicleta-in-flori.jpg","datePublished":"2026-04-29T11:30:13+00:00","description":"Parada Florilor din Cimi\u0219lia, am\u00e2nat\u0103 din cauza vremii. Evenimentul va avea loc pe 10 mai, \u00een pia\u021ba central\u0103.","inLanguage":"ro-RO","potentialAction":[{"@type":"ReadAction","target":["https:\/\/bas-tv.md\/ro\/parada-florilor-din-cimislia-amanata-evenimentul-va-avea-loc-pe-10-mai\/"]}]},{"@type":"ImageObject","inLanguage":"ro-RO","@id":"https:\/\/bas-tv.md\/ro\/parada-florilor-din-cimislia-amanata-evenimentul-va-avea-loc-pe-10-mai\/#primaryimage","url":"https:\/\/bas-tv.md\/wp-content\/uploads\/2026\/04\/bicicleta-in-flori.jpg","contentUrl":"https:\/\/bas-tv.md\/wp-content\/uploads\/2026\/04\/bicicleta-in-flori.jpg","width":604,"height":403,"caption":"Foto: tv8.md"},{"@type":"WebSite","@id":"https:\/\/bas-tv.md\/ro\/#website","url":"https:\/\/bas-tv.md\/ro\/","name":"BasTV","description":"Moldova","publisher":{"@id":"https:\/\/bas-tv.md\/ro\/#organization"},"potentialAction":[{"@type":"SearchAction","target":{"@type":"EntryPoint","urlTemplate":"https:\/\/bas-tv.md\/ro\/?s={search_term_string}"},"query-input":{"@type":"PropertyValueSpecification","valueRequired":true,"valueName":"search_term_string"}}],"inLanguage":"ro-RO"},{"@type":"Organization","@id":"https:\/\/bas-tv.md\/ro\/#organization","name":"BasTV","url":"https:\/\/bas-tv.md\/ro\/","logo":{"@type":"ImageObject","inLanguage":"ro-RO","@id":"https:\/\/bas-tv.md\/ro\/#\/schema\/logo\/image\/","url":"https:\/\/bas-tv.md\/wp-content\/uploads\/2023\/05\/bas-tv-culoarea-rosie.png","contentUrl":"https:\/\/bas-tv.md\/wp-content\/uploads\/2023\/05\/bas-tv-culoarea-rosie.png","width":202,"height":50,"caption":"BasTV"},"image":{"@id":"https:\/\/bas-tv.md\/ro\/#\/schema\/logo\/image\/"}},{"@type":"Person","@id":"https:\/\/bas-tv.md\/ro\/#\/schema\/person\/8740f45ea2eca1f1695284fc03529af0","name":"Redactor","image":{"@type":"ImageObject","inLanguage":"ro-RO","@id":"https:\/\/bas-tv.md\/wp-content\/litespeed\/avatar\/91c0586f3f6f4396a4ec1287c965eeeb.jpg?ver=1776950945","url":"https:\/\/bas-tv.md\/wp-content\/litespeed\/avatar\/91c0586f3f6f4396a4ec1287c965eeeb.jpg?ver=1776950945","contentUrl":"https:\/\/bas-tv.md\/wp-content\/litespeed\/avatar\/91c0586f3f6f4396a4ec1287c965eeeb.jpg?ver=1776950945","caption":"Redactor"},"url":"https:\/\/bas-tv.md\/ro\/author\/redactor\/"}]}},"views":20,"_links":{"self":[{"href":"https:\/\/bas-tv.md\/ro\/wp-json\/wp\/v2\/posts\/180284","targetHints":{"allow":["GET"]}}],"collection":[{"href":"https:\/\/bas-tv.md\/ro\/wp-json\/wp\/v2\/posts"}],"about":[{"href":"https:\/\/bas-tv.md\/ro\/wp-json\/wp\/v2\/types\/post"}],"author":[{"embeddable":true,"href":"https:\/\/bas-tv.md\/ro\/wp-json\/wp\/v2\/users\/3"}],"replies":[{"embeddable":true,"href":"https:\/\/bas-tv.md\/ro\/wp-json\/wp\/v2\/comments?post=180284"}],"version-history":[{"count":1,"href":"https:\/\/bas-tv.md\/ro\/wp-json\/wp\/v2\/posts\/180284\/revisions"}],"predecessor-version":[{"id":180289,"href":"https:\/\/bas-tv.md\/ro\/wp-json\/wp\/v2\/posts\/180284\/revisions\/180289"}],"wp:featuredmedia":[{"embeddable":true,"href":"https:\/\/bas-tv.md\/ro\/wp-json\/wp\/v2\/media\/180287"}],"wp:attachment":[{"href":"https:\/\/bas-tv.md\/ro\/wp-json\/wp\/v2\/media?parent=180284"}],"wp:term":[{"taxonomy":"category","embeddable":true,"href":"https:\/\/bas-tv.md\/ro\/wp-json\/wp\/v2\/categories?post=180284"},{"taxonomy":"post_tag","embeddable":true,"href":"https:\/\/bas-tv.md\/ro\/wp-json\/wp\/v2\/tags?post=180284"}],"curies":[{"name":"wp","href":"https:\/\/api.w.org\/{rel}","templated":true}]}}