{"id":180423,"date":"2026-05-03T15:00:16","date_gmt":"2026-05-03T12:00:16","guid":{"rendered":"https:\/\/bas-tv.md\/?p=180423"},"modified":"2026-05-02T19:38:21","modified_gmt":"2026-05-02T16:38:21","slug":"accidente-r3-moldova-2026","status":"publish","type":"post","link":"https:\/\/bas-tv.md\/ro\/accidente-r3-moldova-2026\/","title":{"rendered":"Traseul R3 Chi\u0219in\u0103u &#8211; Cimi\u0219lia &#8211; Basarabeasca a fost inclus \u00een lista celor mai periculoase drumuri din Moldova"},"content":{"rendered":"<p data-path-to-node=\"3\"><b data-path-to-node=\"3\" data-index-in-node=\"0\">Conform unei analize recente a Inspectoratului General al Poli\u021biei (IGP), tronsonul de drum care leag\u0103 capitala de ora\u0219ele H\u00eence\u0219ti, Cimi\u0219lia \u0219i Basarabeasca este considerat un tronson cu risc ridicat de accidente la \u00eenceputul anului 2026.<\/b><\/p>\n<p data-path-to-node=\"4\">Statistica publicat\u0103 de organele de drept indic\u0103 o tendin\u021b\u0103 alarmant\u0103 pe traseul R3. \u00cen raportul oficial, acest itinerar este eviden\u021biat ca fiind unul dintre lideri \u00een ceea ce prive\u0219te cre\u0219terea num\u0103rului de accidente rutiere \u00een \u021bar\u0103.<\/p>\n<h5 data-path-to-node=\"5\">Date statistice<\/h5>\n<p data-path-to-node=\"6\">Analiza comparativ\u0103 a indicatorilor de la \u00eenceputul anului 2026 \u0219i perioada analogic\u0103 a anului trecut (a.p.) demonstreaz\u0103 o cre\u0219tere brusc\u0103 a accidentabilit\u0103\u021bii pe traseul R3:<\/p>\n<ul data-path-to-node=\"7\">\n<li>\n<p data-path-to-node=\"7,0,0\"><b data-path-to-node=\"7,0,0\" data-index-in-node=\"0\">Num\u0103rul de accidente:<\/b> a crescut de la 27 la 40 de cazuri (o cre\u0219tere de 48%).<\/p>\n<\/li>\n<li>\n<p data-path-to-node=\"7,1,0\"><b data-path-to-node=\"7,1,0\" data-index-in-node=\"0\">Traumatism:<\/b> num\u0103rul persoanelor r\u0103nite aproape s-a dublat \u2014 de la 38 la 64 de persoane.<\/p>\n<\/li>\n<li>\n<p data-path-to-node=\"7,2,0\"><b data-path-to-node=\"7,2,0\" data-index-in-node=\"0\">Mortalitate:<\/b> pe acest sector au fost \u00eenregistrate 2 decese.<\/p>\n<\/li>\n<\/ul>\n<p data-path-to-node=\"8\">Dup\u0103 num\u0103rul persoanelor traumatizate, traseul R3 a dep\u0103\u0219it magistrale na\u021bionale precum M5 (Criva \u2013 B\u0103l\u021bi \u2013 Chi\u0219in\u0103u) \u0219i M3 (Chi\u0219in\u0103u \u2013 Comrat \u2013 Giurgiule\u0219ti).<\/p>\n<h5 data-path-to-node=\"9\">Cauze \u0219i m\u0103suri profilactice<\/h5>\n<p data-path-to-node=\"10\">Poli\u021bia men\u021bioneaz\u0103 c\u0103 principala cauz\u0103 a tragediilor de pe drumurile \u021b\u0103rii r\u0103m\u00e2ne viteza neadecvat\u0103 vizibilit\u0103\u021bii \u0219i condi\u021biilor rutiere. Acest factor a generat 30,4% din num\u0103rul total de accidente \u00een Moldova (677 de cazuri la nivel na\u021bional).<\/p>\n<p data-path-to-node=\"11\">Av\u00e2nd \u00een vedere indicatorii critici ai accidentabilit\u0103\u021bii, \u00een a doua jum\u0103tate a lunii aprilie, for\u021bele de ordine au desf\u0103\u0219urat opera\u021biunea republican\u0103 \u201eViteza\u201d. \u00cen cadrul raziilor, o aten\u021bie deosebit\u0103 a fost acordat\u0103 monitoriz\u0103rii regimului de vitez\u0103 pe sectoarele cu o concentra\u021bie ridicat\u0103 de accidente, inclusiv direc\u021bia Sud. Datele finale privind num\u0103rul de \u00eenc\u0103lc\u0103ri depistate pe traseul R3 \u00een cadrul opera\u021biunii vor fi publicate ulterior de poli\u021bie.<\/p>\n<h5 data-path-to-node=\"12\"><b data-path-to-node=\"1,0,0\" data-index-in-node=\"0\">Situa\u021bia general\u0103<\/b><\/h5>\n<p data-path-to-node=\"13\">Anterior, Inspectoratul General al Poli\u021biei a raportat c\u0103 situa\u021bia general\u0103 pe drumurile \u021b\u0103rii r\u0103m\u00e2ne tensionat\u0103. Principalii factori de risc, pe l\u00e2ng\u0103 dep\u0103\u0219irea vitezei, r\u0103m\u00e2n nerespectarea priorit\u0103\u021bii de trecere \u0219i conducerea vehiculului \u00een stare de ebrietate. Traseul R3, al\u0103turi de ruta R6 (Chi\u0219in\u0103u \u2014 Orhei \u2014 B\u0103l\u021bi), r\u0103m\u00e2ne tradi\u021bional \u00een zona de aten\u021bie sporit\u0103 a poli\u021biei rutiere din cauza densit\u0103\u021bii mari a fluxului de transport.<\/p>\n<p data-path-to-node=\"13\"><b>Abona\u021bi-v\u0103 la noi pe re\u021bele sociale:\u00a0<\/b><a href=\"https:\/\/t.me\/bastvmd\"><b><i>Telegram<\/i><\/b><\/a><b>,\u00a0<\/b><a href=\"https:\/\/www.youtube.com\/channel\/UC-9005PnLnhpNM8PVSjP2dQ\/featured\"><b><i>YouTube<\/i><\/b><\/a><b>,\u00a0<\/b><a href=\"https:\/\/www.facebook.com\/bastv.md\"><b><i>Facebook<\/i><\/b><\/a>\u00a0\u0219i\u00a0<a href=\"https:\/\/www.instagram.com\/bastv.md\/\"><b><i>Instagram<\/i><\/b><\/a><b>.\u00a0 Aici public\u0103m \u0219tiri pe scurt!<\/b><\/p>\n","protected":false},"excerpt":{"rendered":"<p>Conform unei analize recente a Inspectoratului General al Poli\u021biei (IGP), tronsonul de drum care leag\u0103 capitala de ora\u0219ele H\u00eence\u0219ti, Cimi\u0219lia \u0219i Basarabeasca este considerat un tronson cu risc ridicat de accidente la \u00eenceputul anului 2026. Statistica publicat\u0103 de organele de drept indic\u0103 o tendin\u021b\u0103 alarmant\u0103 pe traseul R3. \u00cen raportul oficial, acest itinerar este eviden\u021biat [&hellip;]<\/p>\n","protected":false},"author":3,"featured_media":180424,"comment_status":"closed","ping_status":"closed","sticky":false,"template":"","format":"standard","meta":{"footnotes":""},"categories":[602,570],"tags":[5142,693,869,18927,670,1735,3997,2170,19523,19524],"class_list":["post-180423","post","type-post","status-publish","format-standard","has-post-thumbnail","hentry","category-actualitate","category-in-moldova","tag-accidente","tag-basarabeasca-ro","tag-bastv-ro","tag-drumuri","tag-moldova","tag-politie","tag-siguranta-rutiera","tag-stiri","tag-traseul-r3","tag-transport"],"yoast_head":"<!-- This site is optimized with the Yoast SEO plugin v27.5 - https:\/\/yoast.com\/product\/yoast-seo-wordpress\/ -->\n<title>Traseul R3, zon\u0103 periculoas\u0103: cre\u0219tere a accidentelor<\/title>\n<meta name=\"description\" content=\"Poli\u021bia a declarat traseul R3 zon\u0103 de risc: accidentele au crescut cu 48%, iar num\u0103rul r\u0103ni\u021bilor aproape s-a dublat la \u00eenceputul anului 2026.\" \/>\n<meta name=\"robots\" content=\"index, follow, max-snippet:-1, max-image-preview:large, max-video-preview:-1\" \/>\n<link rel=\"canonical\" href=\"https:\/\/bas-tv.md\/ro\/accidente-r3-moldova-2026\/\" \/>\n<meta property=\"og:locale\" content=\"ro_RO\" \/>\n<meta property=\"og:type\" content=\"article\" \/>\n<meta property=\"og:title\" content=\"Traseul R3, zon\u0103 periculoas\u0103: cre\u0219tere a accidentelor\" \/>\n<meta property=\"og:description\" content=\"Poli\u021bia a declarat traseul R3 zon\u0103 de risc: accidentele au crescut cu 48%, iar num\u0103rul r\u0103ni\u021bilor aproape s-a dublat la \u00eenceputul anului 2026.\" \/>\n<meta property=\"og:url\" content=\"https:\/\/bas-tv.md\/ro\/accidente-r3-moldova-2026\/\" \/>\n<meta property=\"og:site_name\" content=\"BasTV\" \/>\n<meta property=\"article:published_time\" content=\"2026-05-03T12:00:16+00:00\" \/>\n<meta property=\"og:image\" content=\"https:\/\/bas-tv.md\/wp-content\/uploads\/2026\/04\/img_4573.jpeg\" \/>\n\t<meta property=\"og:image:width\" content=\"1640\" \/>\n\t<meta property=\"og:image:height\" content=\"924\" \/>\n\t<meta property=\"og:image:type\" content=\"image\/jpeg\" \/>\n<meta name=\"author\" content=\"Redactor\" \/>\n<meta name=\"twitter:card\" content=\"summary_large_image\" \/>\n<meta name=\"twitter:label1\" content=\"Scris de\" \/>\n\t<meta name=\"twitter:data1\" content=\"Redactor\" \/>\n\t<meta name=\"twitter:label2\" content=\"Timp estimat pentru citire\" \/>\n\t<meta name=\"twitter:data2\" content=\"3 minute\" \/>\n<script type=\"application\/ld+json\" class=\"yoast-schema-graph\">{\"@context\":\"https:\\\/\\\/schema.org\",\"@graph\":[{\"@type\":\"Article\",\"@id\":\"https:\\\/\\\/bas-tv.md\\\/ro\\\/accidente-r3-moldova-2026\\\/#article\",\"isPartOf\":{\"@id\":\"https:\\\/\\\/bas-tv.md\\\/ro\\\/accidente-r3-moldova-2026\\\/\"},\"author\":{\"name\":\"Redactor\",\"@id\":\"https:\\\/\\\/bas-tv.md\\\/ro\\\/#\\\/schema\\\/person\\\/8740f45ea2eca1f1695284fc03529af0\"},\"headline\":\"Traseul R3 Chi\u0219in\u0103u &#8211; Cimi\u0219lia &#8211; Basarabeasca a fost inclus \u00een lista celor mai periculoase drumuri din Moldova\",\"datePublished\":\"2026-05-03T12:00:16+00:00\",\"mainEntityOfPage\":{\"@id\":\"https:\\\/\\\/bas-tv.md\\\/ro\\\/accidente-r3-moldova-2026\\\/\"},\"wordCount\":427,\"publisher\":{\"@id\":\"https:\\\/\\\/bas-tv.md\\\/ro\\\/#organization\"},\"image\":{\"@id\":\"https:\\\/\\\/bas-tv.md\\\/ro\\\/accidente-r3-moldova-2026\\\/#primaryimage\"},\"thumbnailUrl\":\"https:\\\/\\\/bas-tv.md\\\/wp-content\\\/uploads\\\/2026\\\/04\\\/img_4573.jpeg\",\"keywords\":[\"accidente\",\"Basarabeasca\",\"BAStv\",\"drumuri\",\"Moldova\",\"Poli\u021bie\",\"siguran\u021b\u0103 rutier\u0103\",\"\u0219tiri\",\"traseul r3\",\"\u0442\u0440\u0430\u043d\u0441\u043f\u043e\u0440\u0442\"],\"articleSection\":[\"Actualitate\",\"\u00cen Moldova\"],\"inLanguage\":\"ro-RO\"},{\"@type\":\"WebPage\",\"@id\":\"https:\\\/\\\/bas-tv.md\\\/ro\\\/accidente-r3-moldova-2026\\\/\",\"url\":\"https:\\\/\\\/bas-tv.md\\\/ro\\\/accidente-r3-moldova-2026\\\/\",\"name\":\"Traseul R3, zon\u0103 periculoas\u0103: cre\u0219tere a accidentelor\",\"isPartOf\":{\"@id\":\"https:\\\/\\\/bas-tv.md\\\/ro\\\/#website\"},\"primaryImageOfPage\":{\"@id\":\"https:\\\/\\\/bas-tv.md\\\/ro\\\/accidente-r3-moldova-2026\\\/#primaryimage\"},\"image\":{\"@id\":\"https:\\\/\\\/bas-tv.md\\\/ro\\\/accidente-r3-moldova-2026\\\/#primaryimage\"},\"thumbnailUrl\":\"https:\\\/\\\/bas-tv.md\\\/wp-content\\\/uploads\\\/2026\\\/04\\\/img_4573.jpeg\",\"datePublished\":\"2026-05-03T12:00:16+00:00\",\"description\":\"Poli\u021bia a declarat traseul R3 zon\u0103 de risc: accidentele au crescut cu 48%, iar num\u0103rul r\u0103ni\u021bilor aproape s-a dublat la \u00eenceputul anului 2026.\",\"inLanguage\":\"ro-RO\",\"potentialAction\":[{\"@type\":\"ReadAction\",\"target\":[\"https:\\\/\\\/bas-tv.md\\\/ro\\\/accidente-r3-moldova-2026\\\/\"]}]},{\"@type\":\"ImageObject\",\"inLanguage\":\"ro-RO\",\"@id\":\"https:\\\/\\\/bas-tv.md\\\/ro\\\/accidente-r3-moldova-2026\\\/#primaryimage\",\"url\":\"https:\\\/\\\/bas-tv.md\\\/wp-content\\\/uploads\\\/2026\\\/04\\\/img_4573.jpeg\",\"contentUrl\":\"https:\\\/\\\/bas-tv.md\\\/wp-content\\\/uploads\\\/2026\\\/04\\\/img_4573.jpeg\",\"width\":1640,\"height\":924,\"caption\":\"Foto: ziar.md\"},{\"@type\":\"WebSite\",\"@id\":\"https:\\\/\\\/bas-tv.md\\\/ro\\\/#website\",\"url\":\"https:\\\/\\\/bas-tv.md\\\/ro\\\/\",\"name\":\"BasTV\",\"description\":\"Moldova\",\"publisher\":{\"@id\":\"https:\\\/\\\/bas-tv.md\\\/ro\\\/#organization\"},\"potentialAction\":[{\"@type\":\"SearchAction\",\"target\":{\"@type\":\"EntryPoint\",\"urlTemplate\":\"https:\\\/\\\/bas-tv.md\\\/ro\\\/?s={search_term_string}\"},\"query-input\":{\"@type\":\"PropertyValueSpecification\",\"valueRequired\":true,\"valueName\":\"search_term_string\"}}],\"inLanguage\":\"ro-RO\"},{\"@type\":\"Organization\",\"@id\":\"https:\\\/\\\/bas-tv.md\\\/ro\\\/#organization\",\"name\":\"BasTV\",\"url\":\"https:\\\/\\\/bas-tv.md\\\/ro\\\/\",\"logo\":{\"@type\":\"ImageObject\",\"inLanguage\":\"ro-RO\",\"@id\":\"https:\\\/\\\/bas-tv.md\\\/ro\\\/#\\\/schema\\\/logo\\\/image\\\/\",\"url\":\"https:\\\/\\\/bas-tv.md\\\/wp-content\\\/uploads\\\/2023\\\/05\\\/bas-tv-culoarea-rosie.png\",\"contentUrl\":\"https:\\\/\\\/bas-tv.md\\\/wp-content\\\/uploads\\\/2023\\\/05\\\/bas-tv-culoarea-rosie.png\",\"width\":202,\"height\":50,\"caption\":\"BasTV\"},\"image\":{\"@id\":\"https:\\\/\\\/bas-tv.md\\\/ro\\\/#\\\/schema\\\/logo\\\/image\\\/\"}},{\"@type\":\"Person\",\"@id\":\"https:\\\/\\\/bas-tv.md\\\/ro\\\/#\\\/schema\\\/person\\\/8740f45ea2eca1f1695284fc03529af0\",\"name\":\"Redactor\",\"image\":{\"@type\":\"ImageObject\",\"inLanguage\":\"ro-RO\",\"@id\":\"https:\\\/\\\/secure.gravatar.com\\\/avatar\\\/45b6af9fc91c10b15a8b40e67c1f57bab2e9614fc9f0af95cf453d61934e9aad?s=96&d=mm&r=g\",\"url\":\"https:\\\/\\\/secure.gravatar.com\\\/avatar\\\/45b6af9fc91c10b15a8b40e67c1f57bab2e9614fc9f0af95cf453d61934e9aad?s=96&d=mm&r=g\",\"contentUrl\":\"https:\\\/\\\/secure.gravatar.com\\\/avatar\\\/45b6af9fc91c10b15a8b40e67c1f57bab2e9614fc9f0af95cf453d61934e9aad?s=96&d=mm&r=g\",\"caption\":\"Redactor\"},\"url\":\"https:\\\/\\\/bas-tv.md\\\/ro\\\/author\\\/redactor\\\/\"}]}<\/script>\n<!-- \/ Yoast SEO plugin. -->","yoast_head_json":{"title":"Traseul R3, zon\u0103 periculoas\u0103: cre\u0219tere a accidentelor","description":"Poli\u021bia a declarat traseul R3 zon\u0103 de risc: accidentele au crescut cu 48%, iar num\u0103rul r\u0103ni\u021bilor aproape s-a dublat la \u00eenceputul anului 2026.","robots":{"index":"index","follow":"follow","max-snippet":"max-snippet:-1","max-image-preview":"max-image-preview:large","max-video-preview":"max-video-preview:-1"},"canonical":"https:\/\/bas-tv.md\/ro\/accidente-r3-moldova-2026\/","og_locale":"ro_RO","og_type":"article","og_title":"Traseul R3, zon\u0103 periculoas\u0103: cre\u0219tere a accidentelor","og_description":"Poli\u021bia a declarat traseul R3 zon\u0103 de risc: accidentele au crescut cu 48%, iar num\u0103rul r\u0103ni\u021bilor aproape s-a dublat la \u00eenceputul anului 2026.","og_url":"https:\/\/bas-tv.md\/ro\/accidente-r3-moldova-2026\/","og_site_name":"BasTV","article_published_time":"2026-05-03T12:00:16+00:00","og_image":[{"width":1640,"height":924,"url":"https:\/\/bas-tv.md\/wp-content\/uploads\/2026\/04\/img_4573.jpeg","type":"image\/jpeg"}],"author":"Redactor","twitter_card":"summary_large_image","twitter_misc":{"Scris de":"Redactor","Timp estimat pentru citire":"3 minute"},"schema":{"@context":"https:\/\/schema.org","@graph":[{"@type":"Article","@id":"https:\/\/bas-tv.md\/ro\/accidente-r3-moldova-2026\/#article","isPartOf":{"@id":"https:\/\/bas-tv.md\/ro\/accidente-r3-moldova-2026\/"},"author":{"name":"Redactor","@id":"https:\/\/bas-tv.md\/ro\/#\/schema\/person\/8740f45ea2eca1f1695284fc03529af0"},"headline":"Traseul R3 Chi\u0219in\u0103u &#8211; Cimi\u0219lia &#8211; Basarabeasca a fost inclus \u00een lista celor mai periculoase drumuri din Moldova","datePublished":"2026-05-03T12:00:16+00:00","mainEntityOfPage":{"@id":"https:\/\/bas-tv.md\/ro\/accidente-r3-moldova-2026\/"},"wordCount":427,"publisher":{"@id":"https:\/\/bas-tv.md\/ro\/#organization"},"image":{"@id":"https:\/\/bas-tv.md\/ro\/accidente-r3-moldova-2026\/#primaryimage"},"thumbnailUrl":"https:\/\/bas-tv.md\/wp-content\/uploads\/2026\/04\/img_4573.jpeg","keywords":["accidente","Basarabeasca","BAStv","drumuri","Moldova","Poli\u021bie","siguran\u021b\u0103 rutier\u0103","\u0219tiri","traseul r3","\u0442\u0440\u0430\u043d\u0441\u043f\u043e\u0440\u0442"],"articleSection":["Actualitate","\u00cen Moldova"],"inLanguage":"ro-RO"},{"@type":"WebPage","@id":"https:\/\/bas-tv.md\/ro\/accidente-r3-moldova-2026\/","url":"https:\/\/bas-tv.md\/ro\/accidente-r3-moldova-2026\/","name":"Traseul R3, zon\u0103 periculoas\u0103: cre\u0219tere a accidentelor","isPartOf":{"@id":"https:\/\/bas-tv.md\/ro\/#website"},"primaryImageOfPage":{"@id":"https:\/\/bas-tv.md\/ro\/accidente-r3-moldova-2026\/#primaryimage"},"image":{"@id":"https:\/\/bas-tv.md\/ro\/accidente-r3-moldova-2026\/#primaryimage"},"thumbnailUrl":"https:\/\/bas-tv.md\/wp-content\/uploads\/2026\/04\/img_4573.jpeg","datePublished":"2026-05-03T12:00:16+00:00","description":"Poli\u021bia a declarat traseul R3 zon\u0103 de risc: accidentele au crescut cu 48%, iar num\u0103rul r\u0103ni\u021bilor aproape s-a dublat la \u00eenceputul anului 2026.","inLanguage":"ro-RO","potentialAction":[{"@type":"ReadAction","target":["https:\/\/bas-tv.md\/ro\/accidente-r3-moldova-2026\/"]}]},{"@type":"ImageObject","inLanguage":"ro-RO","@id":"https:\/\/bas-tv.md\/ro\/accidente-r3-moldova-2026\/#primaryimage","url":"https:\/\/bas-tv.md\/wp-content\/uploads\/2026\/04\/img_4573.jpeg","contentUrl":"https:\/\/bas-tv.md\/wp-content\/uploads\/2026\/04\/img_4573.jpeg","width":1640,"height":924,"caption":"Foto: ziar.md"},{"@type":"WebSite","@id":"https:\/\/bas-tv.md\/ro\/#website","url":"https:\/\/bas-tv.md\/ro\/","name":"BasTV","description":"Moldova","publisher":{"@id":"https:\/\/bas-tv.md\/ro\/#organization"},"potentialAction":[{"@type":"SearchAction","target":{"@type":"EntryPoint","urlTemplate":"https:\/\/bas-tv.md\/ro\/?s={search_term_string}"},"query-input":{"@type":"PropertyValueSpecification","valueRequired":true,"valueName":"search_term_string"}}],"inLanguage":"ro-RO"},{"@type":"Organization","@id":"https:\/\/bas-tv.md\/ro\/#organization","name":"BasTV","url":"https:\/\/bas-tv.md\/ro\/","logo":{"@type":"ImageObject","inLanguage":"ro-RO","@id":"https:\/\/bas-tv.md\/ro\/#\/schema\/logo\/image\/","url":"https:\/\/bas-tv.md\/wp-content\/uploads\/2023\/05\/bas-tv-culoarea-rosie.png","contentUrl":"https:\/\/bas-tv.md\/wp-content\/uploads\/2023\/05\/bas-tv-culoarea-rosie.png","width":202,"height":50,"caption":"BasTV"},"image":{"@id":"https:\/\/bas-tv.md\/ro\/#\/schema\/logo\/image\/"}},{"@type":"Person","@id":"https:\/\/bas-tv.md\/ro\/#\/schema\/person\/8740f45ea2eca1f1695284fc03529af0","name":"Redactor","image":{"@type":"ImageObject","inLanguage":"ro-RO","@id":"https:\/\/secure.gravatar.com\/avatar\/45b6af9fc91c10b15a8b40e67c1f57bab2e9614fc9f0af95cf453d61934e9aad?s=96&d=mm&r=g","url":"https:\/\/secure.gravatar.com\/avatar\/45b6af9fc91c10b15a8b40e67c1f57bab2e9614fc9f0af95cf453d61934e9aad?s=96&d=mm&r=g","contentUrl":"https:\/\/secure.gravatar.com\/avatar\/45b6af9fc91c10b15a8b40e67c1f57bab2e9614fc9f0af95cf453d61934e9aad?s=96&d=mm&r=g","caption":"Redactor"},"url":"https:\/\/bas-tv.md\/ro\/author\/redactor\/"}]}},"views":245,"_links":{"self":[{"href":"https:\/\/bas-tv.md\/ro\/wp-json\/wp\/v2\/posts\/180423","targetHints":{"allow":["GET"]}}],"collection":[{"href":"https:\/\/bas-tv.md\/ro\/wp-json\/wp\/v2\/posts"}],"about":[{"href":"https:\/\/bas-tv.md\/ro\/wp-json\/wp\/v2\/types\/post"}],"author":[{"embeddable":true,"href":"https:\/\/bas-tv.md\/ro\/wp-json\/wp\/v2\/users\/3"}],"replies":[{"embeddable":true,"href":"https:\/\/bas-tv.md\/ro\/wp-json\/wp\/v2\/comments?post=180423"}],"version-history":[{"count":5,"href":"https:\/\/bas-tv.md\/ro\/wp-json\/wp\/v2\/posts\/180423\/revisions"}],"predecessor-version":[{"id":180507,"href":"https:\/\/bas-tv.md\/ro\/wp-json\/wp\/v2\/posts\/180423\/revisions\/180507"}],"wp:featuredmedia":[{"embeddable":true,"href":"https:\/\/bas-tv.md\/ro\/wp-json\/wp\/v2\/media\/180424"}],"wp:attachment":[{"href":"https:\/\/bas-tv.md\/ro\/wp-json\/wp\/v2\/media?parent=180423"}],"wp:term":[{"taxonomy":"category","embeddable":true,"href":"https:\/\/bas-tv.md\/ro\/wp-json\/wp\/v2\/categories?post=180423"},{"taxonomy":"post_tag","embeddable":true,"href":"https:\/\/bas-tv.md\/ro\/wp-json\/wp\/v2\/tags?post=180423"}],"curies":[{"name":"wp","href":"https:\/\/api.w.org\/{rel}","templated":true}]}}