{"id":191283,"date":"2026-09-01T17:30:18","date_gmt":"2026-09-01T14:30:18","guid":{"rendered":"https:\/\/bas-tv.md\/?p=191283"},"modified":"2026-09-01T14:50:06","modified_gmt":"2026-09-01T11:50:06","slug":"foto-fc-arsenal-cimi%c8%99lia-a-c%c3%a2%c8%99tigat-cupa-ora%c8%99ului-cimi%c8%99lia-la-fotbal-%e2%80%93-edi%c8%9bia-2026","status":"publish","type":"post","link":"https:\/\/bas-tv.md\/ro\/foto-fc-arsenal-cimi%c8%99lia-a-c%c3%a2%c8%99tigat-cupa-ora%c8%99ului-cimi%c8%99lia-la-fotbal-%e2%80%93-edi%c8%9bia-2026\/","title":{"rendered":"(FOTO) FC Arsenal Cimi\u0219lia a c\u00e2\u0219tigat Cupa ora\u0219ului Cimi\u0219lia la fotbal \u2013 edi\u021bia 2026"},"content":{"rendered":"<p><strong>Pe terenul de minifotbal din Scuarul Copil\u0103riei din Cimi\u0219lia, s-a desf\u0103\u0219urat ultima etap\u0103 a Cupei ora\u0219ului Cimi\u0219lia la fotbal, edi\u021bia 2026. Competi\u021bia a fost destinat\u0103 copiilor din categoria de v\u00e2rst\u0103 2013\u20132014.<\/strong><\/p>\n<p>La turneu au participat \u0219ase echipe: FC Arsenal Cimi\u0219lia, FC Gr\u0103tie\u0219ti, FC B\u0103cioi, FC Cimi\u0219lia, FC Hore\u0219ti \u0219i FC Ciocmaidan. Pe parcursul competi\u021biei, forma\u021biile au disputat mai multe partide pentru stabilirea clasamentului final.<\/p>\n<p>Pe primele trei pozi\u021bii s-au clasat:<\/p>\n<ul>\n<li>Locul I \u2013 FC Arsenal Cimi\u0219lia<\/li>\n<li>Locul II \u2013 FC Gr\u0103tie\u0219ti<\/li>\n<li>Locul III \u2013 FC B\u0103cioi<\/li>\n<\/ul>\n<p>Au fost acordate \u0219i premii individuale pentru cei mai buni juc\u0103tori ai turneului. Titlul de cel mai bun portar i-a revenit lui Alexandru Iurcanu de la FC Arsenal Cimi\u0219lia, iar Victor Guzin de la FC Cimi\u0219lia a fost desemnat cel mai bun atacant.<\/p>\n<p>Premiul pentru cel mai bun mijloca\u0219 a revenit unui juc\u0103tor de la FC Gr\u0103tie\u0219ti, iar cel mai bun ap\u0103r\u0103tor a fost desemnat un reprezentant al FC B\u0103cioi. Titlul de golgheter al competi\u021biei a fost c\u00e2\u0219tigat de Adrian Dem de la FC Arsenal Cimi\u0219lia.<\/p>\n<p>Organizatorii au mul\u021bumit antrenorilor, p\u0103rin\u021bilor \u0219i tuturor celor care au sus\u021binut tinerii fotbali\u0219ti \u0219i au contribuit la desf\u0103\u0219urarea competi\u021biei.<\/p>\n<div id='gallery-1' class='gallery galleryid-191283 gallery-columns-1 gallery-size-full'><figure class='gallery-item'>\n\t\t\t<div class='gallery-icon landscape'>\n\t\t\t\t<a href='https:\/\/bas-tv.md\/wp-content\/uploads\/2026\/09\/790993384_1061519623163776_6526546793206631886_n.jpg'><img fetchpriority=\"high\" decoding=\"async\" width=\"1600\" height=\"1200\" src=\"https:\/\/bas-tv.md\/wp-content\/uploads\/2026\/09\/790993384_1061519623163776_6526546793206631886_n.jpg\" class=\"attachment-full size-full\" alt=\"\" aria-describedby=\"gallery-1-191285\" srcset=\"https:\/\/bas-tv.md\/wp-content\/uploads\/2026\/09\/790993384_1061519623163776_6526546793206631886_n.jpg 1600w, https:\/\/bas-tv.md\/wp-content\/uploads\/2026\/09\/790993384_1061519623163776_6526546793206631886_n-300x225.jpg 300w, https:\/\/bas-tv.md\/wp-content\/uploads\/2026\/09\/790993384_1061519623163776_6526546793206631886_n-1024x768.jpg 1024w, https:\/\/bas-tv.md\/wp-content\/uploads\/2026\/09\/790993384_1061519623163776_6526546793206631886_n-768x576.jpg 768w, https:\/\/bas-tv.md\/wp-content\/uploads\/2026\/09\/790993384_1061519623163776_6526546793206631886_n-1536x1152.jpg 1536w, https:\/\/bas-tv.md\/wp-content\/uploads\/2026\/09\/790993384_1061519623163776_6526546793206631886_n-1200x900.jpg 1200w\" sizes=\"(max-width: 1600px) 100vw, 1600px\" \/><\/a>\n\t\t\t<\/div>\n\t\t\t\t<figcaption class='wp-caption-text gallery-caption' id='gallery-1-191285'>\n\t\t\t\tFoto: Facebook\/Tineret \u0219i Sport or. Cimi\u0219lia\n\t\t\t\t<\/figcaption><\/figure><figure class='gallery-item'>\n\t\t\t<div class='gallery-icon landscape'>\n\t\t\t\t<a href='https:\/\/bas-tv.md\/wp-content\/uploads\/2026\/09\/791044396_1061519619830443_3479554575864310224_n.jpg'><img decoding=\"async\" width=\"1600\" height=\"1200\" data-src=\"https:\/\/bas-tv.md\/wp-content\/uploads\/2026\/09\/791044396_1061519619830443_3479554575864310224_n.jpg\" class=\"attachment-full size-full lazyload\" alt=\"\" aria-describedby=\"gallery-1-191287\" data-srcset=\"https:\/\/bas-tv.md\/wp-content\/uploads\/2026\/09\/791044396_1061519619830443_3479554575864310224_n.jpg 1600w, https:\/\/bas-tv.md\/wp-content\/uploads\/2026\/09\/791044396_1061519619830443_3479554575864310224_n-300x225.jpg 300w, https:\/\/bas-tv.md\/wp-content\/uploads\/2026\/09\/791044396_1061519619830443_3479554575864310224_n-1024x768.jpg 1024w, https:\/\/bas-tv.md\/wp-content\/uploads\/2026\/09\/791044396_1061519619830443_3479554575864310224_n-768x576.jpg 768w, https:\/\/bas-tv.md\/wp-content\/uploads\/2026\/09\/791044396_1061519619830443_3479554575864310224_n-1536x1152.jpg 1536w, https:\/\/bas-tv.md\/wp-content\/uploads\/2026\/09\/791044396_1061519619830443_3479554575864310224_n-1200x900.jpg 1200w\" data-sizes=\"(max-width: 1600px) 100vw, 1600px\" src=\"data:image\/svg+xml;base64,PHN2ZyB3aWR0aD0iMSIgaGVpZ2h0PSIxIiB4bWxucz0iaHR0cDovL3d3dy53My5vcmcvMjAwMC9zdmciPjwvc3ZnPg==\" style=\"--smush-placeholder-width: 1600px; --smush-placeholder-aspect-ratio: 1600\/1200;\" \/><\/a>\n\t\t\t<\/div>\n\t\t\t\t<figcaption class='wp-caption-text gallery-caption' id='gallery-1-191287'>\n\t\t\t\tFoto: Facebook\/Tineret \u0219i Sport or. Cimi\u0219lia\n\t\t\t\t<\/figcaption><\/figure><figure class='gallery-item'>\n\t\t\t<div class='gallery-icon landscape'>\n\t\t\t\t<a href='https:\/\/bas-tv.md\/wp-content\/uploads\/2026\/09\/790683947_1061519566497115_6961041704182017413_n.jpg'><img decoding=\"async\" width=\"1600\" height=\"1200\" data-src=\"https:\/\/bas-tv.md\/wp-content\/uploads\/2026\/09\/790683947_1061519566497115_6961041704182017413_n.jpg\" class=\"attachment-full size-full lazyload\" alt=\"\" aria-describedby=\"gallery-1-191289\" data-srcset=\"https:\/\/bas-tv.md\/wp-content\/uploads\/2026\/09\/790683947_1061519566497115_6961041704182017413_n.jpg 1600w, https:\/\/bas-tv.md\/wp-content\/uploads\/2026\/09\/790683947_1061519566497115_6961041704182017413_n-300x225.jpg 300w, https:\/\/bas-tv.md\/wp-content\/uploads\/2026\/09\/790683947_1061519566497115_6961041704182017413_n-1024x768.jpg 1024w, https:\/\/bas-tv.md\/wp-content\/uploads\/2026\/09\/790683947_1061519566497115_6961041704182017413_n-768x576.jpg 768w, https:\/\/bas-tv.md\/wp-content\/uploads\/2026\/09\/790683947_1061519566497115_6961041704182017413_n-1536x1152.jpg 1536w, https:\/\/bas-tv.md\/wp-content\/uploads\/2026\/09\/790683947_1061519566497115_6961041704182017413_n-1200x900.jpg 1200w\" data-sizes=\"(max-width: 1600px) 100vw, 1600px\" src=\"data:image\/svg+xml;base64,PHN2ZyB3aWR0aD0iMSIgaGVpZ2h0PSIxIiB4bWxucz0iaHR0cDovL3d3dy53My5vcmcvMjAwMC9zdmciPjwvc3ZnPg==\" style=\"--smush-placeholder-width: 1600px; --smush-placeholder-aspect-ratio: 1600\/1200;\" \/><\/a>\n\t\t\t<\/div>\n\t\t\t\t<figcaption class='wp-caption-text gallery-caption' id='gallery-1-191289'>\n\t\t\t\tFoto: Facebook\/Tineret \u0219i Sport or. Cimi\u0219lia\n\t\t\t\t<\/figcaption><\/figure>\n\t\t<\/div>\n\n","protected":false},"excerpt":{"rendered":"<p>Pe terenul de minifotbal din Scuarul Copil\u0103riei din Cimi\u0219lia, s-a desf\u0103\u0219urat ultima etap\u0103 a Cupei ora\u0219ului Cimi\u0219lia la fotbal, edi\u021bia 2026. Competi\u021bia a fost destinat\u0103 copiilor din categoria de v\u00e2rst\u0103 2013\u20132014. La turneu au participat \u0219ase echipe: FC Arsenal Cimi\u0219lia, FC Gr\u0103tie\u0219ti, FC B\u0103cioi, FC Cimi\u0219lia, FC Hore\u0219ti \u0219i FC Ciocmaidan. Pe parcursul competi\u021biei, forma\u021biile [&hellip;]<\/p>\n","protected":false},"author":3,"featured_media":191295,"comment_status":"closed","ping_status":"closed","sticky":false,"template":"","format":"standard","meta":{"footnotes":""},"categories":[602,22464],"tags":[16027,21610,9514,22054,22434,794,22431,4994,22952,289],"class_list":["post-191283","post","type-post","status-publish","format-standard","has-post-thumbnail","hentry","category-actualitate","category-in-cimislia","tag-16027","tag-cimislia","tag-competitii-sportive","tag-cupa-orasului-cimislia","tag-fc-arsenal-cimislia","tag-fotbal","tag-fotbal-copii","tag-minifotbal","tag-tineri-fotbalisti","tag-sport"],"yoast_head":"<!-- This site is optimized with the Yoast SEO plugin v28.3 - https:\/\/yoast.com\/product\/yoast-seo-wordpress\/ -->\n<title>Cupa ora\u0219ului Cimi\u0219lia 2026: FC Arsenal, campioan\u0103<\/title>\n<meta name=\"description\" content=\"FC Arsenal Cimi\u0219lia a c\u00e2\u0219tigat Cupa ora\u0219ului Cimi\u0219lia la fotbal 2026, categoria 2013\u20132014. Vezi clasamentul \u0219i premiile individuale.\" \/>\n<meta name=\"robots\" content=\"index, follow, max-snippet:-1, max-image-preview:large, max-video-preview:-1\" \/>\n<link rel=\"canonical\" href=\"https:\/\/bas-tv.md\/ro\/foto-fc-arsenal-cimi%c8%99lia-a-c%c3%a2%c8%99tigat-cupa-ora%c8%99ului-cimi%c8%99lia-la-fotbal-%e2%80%93-edi%c8%9bia-2026\/\" \/>\n<meta property=\"og:locale\" content=\"ro_RO\" \/>\n<meta property=\"og:type\" content=\"article\" \/>\n<meta property=\"og:title\" content=\"Cupa ora\u0219ului Cimi\u0219lia 2026: FC Arsenal, campioan\u0103\" \/>\n<meta property=\"og:description\" content=\"FC Arsenal Cimi\u0219lia a c\u00e2\u0219tigat Cupa ora\u0219ului Cimi\u0219lia la fotbal 2026, categoria 2013\u20132014. Vezi clasamentul \u0219i premiile individuale.\" \/>\n<meta property=\"og:url\" content=\"https:\/\/bas-tv.md\/ro\/foto-fc-arsenal-cimi%c8%99lia-a-c%c3%a2%c8%99tigat-cupa-ora%c8%99ului-cimi%c8%99lia-la-fotbal-%e2%80%93-edi%c8%9bia-2026\/\" \/>\n<meta property=\"og:site_name\" content=\"BasTV\" \/>\n<meta property=\"article:published_time\" content=\"2026-09-01T14:30:18+00:00\" \/>\n<meta property=\"og:image\" content=\"https:\/\/bas-tv.md\/wp-content\/uploads\/2026\/09\/cupa-orasului-cimislia.png\" \/>\n\t<meta property=\"og:image:width\" content=\"1014\" \/>\n\t<meta property=\"og:image:height\" content=\"761\" \/>\n\t<meta property=\"og:image:type\" content=\"image\/png\" \/>\n<meta name=\"author\" content=\"Redactor\" \/>\n<meta name=\"twitter:card\" content=\"summary_large_image\" \/>\n<meta name=\"twitter:label1\" content=\"Scris de\" \/>\n\t<meta name=\"twitter:data1\" content=\"Redactor\" \/>\n\t<meta name=\"twitter:label2\" content=\"Timp estimat pentru citire\" \/>\n\t<meta name=\"twitter:data2\" content=\"2 minute\" \/>\n<script type=\"application\/ld+json\" class=\"yoast-schema-graph\">{\"@context\":\"https:\\\/\\\/schema.org\",\"@graph\":[{\"@type\":\"Article\",\"@id\":\"https:\\\/\\\/bas-tv.md\\\/ro\\\/foto-fc-arsenal-cimi%c8%99lia-a-c%c3%a2%c8%99tigat-cupa-ora%c8%99ului-cimi%c8%99lia-la-fotbal-%e2%80%93-edi%c8%9bia-2026\\\/#article\",\"isPartOf\":{\"@id\":\"https:\\\/\\\/bas-tv.md\\\/ro\\\/foto-fc-arsenal-cimi%c8%99lia-a-c%c3%a2%c8%99tigat-cupa-ora%c8%99ului-cimi%c8%99lia-la-fotbal-%e2%80%93-edi%c8%9bia-2026\\\/\"},\"author\":{\"name\":\"Redactor\",\"@id\":\"https:\\\/\\\/bas-tv.md\\\/ro\\\/#\\\/schema\\\/person\\\/8740f45ea2eca1f1695284fc03529af0\"},\"headline\":\"(FOTO) FC Arsenal Cimi\u0219lia a c\u00e2\u0219tigat Cupa ora\u0219ului Cimi\u0219lia la fotbal \u2013 edi\u021bia 2026\",\"datePublished\":\"2026-09-01T14:30:18+00:00\",\"mainEntityOfPage\":{\"@id\":\"https:\\\/\\\/bas-tv.md\\\/ro\\\/foto-fc-arsenal-cimi%c8%99lia-a-c%c3%a2%c8%99tigat-cupa-ora%c8%99ului-cimi%c8%99lia-la-fotbal-%e2%80%93-edi%c8%9bia-2026\\\/\"},\"wordCount\":250,\"publisher\":{\"@id\":\"https:\\\/\\\/bas-tv.md\\\/ro\\\/#organization\"},\"image\":{\"@id\":\"https:\\\/\\\/bas-tv.md\\\/ro\\\/foto-fc-arsenal-cimi%c8%99lia-a-c%c3%a2%c8%99tigat-cupa-ora%c8%99ului-cimi%c8%99lia-la-fotbal-%e2%80%93-edi%c8%9bia-2026\\\/#primaryimage\"},\"thumbnailUrl\":\"https:\\\/\\\/bas-tv.md\\\/wp-content\\\/uploads\\\/2026\\\/09\\\/cupa-orasului-cimislia.png\",\"keywords\":[\"2026\",\"Cimi\u0219lia\",\"competi\u021bii sportive\",\"Cupa Ora\u0219ului Cimi\u0219lia\",\"FC Arsenal Cimi\u0219lia\",\"fotbal\",\"fotbal copii\",\"minifotbal\",\"tineri fotbali\u0219ti\",\"\u0421\u043f\u043e\u0440\u0442\"],\"articleSection\":[\"Actualitate\",\"\u00cen Cimi\u0219lia\"],\"inLanguage\":\"ro-RO\"},{\"@type\":\"WebPage\",\"@id\":\"https:\\\/\\\/bas-tv.md\\\/ro\\\/foto-fc-arsenal-cimi%c8%99lia-a-c%c3%a2%c8%99tigat-cupa-ora%c8%99ului-cimi%c8%99lia-la-fotbal-%e2%80%93-edi%c8%9bia-2026\\\/\",\"url\":\"https:\\\/\\\/bas-tv.md\\\/ro\\\/foto-fc-arsenal-cimi%c8%99lia-a-c%c3%a2%c8%99tigat-cupa-ora%c8%99ului-cimi%c8%99lia-la-fotbal-%e2%80%93-edi%c8%9bia-2026\\\/\",\"name\":\"Cupa ora\u0219ului Cimi\u0219lia 2026: FC Arsenal, campioan\u0103\",\"isPartOf\":{\"@id\":\"https:\\\/\\\/bas-tv.md\\\/ro\\\/#website\"},\"primaryImageOfPage\":{\"@id\":\"https:\\\/\\\/bas-tv.md\\\/ro\\\/foto-fc-arsenal-cimi%c8%99lia-a-c%c3%a2%c8%99tigat-cupa-ora%c8%99ului-cimi%c8%99lia-la-fotbal-%e2%80%93-edi%c8%9bia-2026\\\/#primaryimage\"},\"image\":{\"@id\":\"https:\\\/\\\/bas-tv.md\\\/ro\\\/foto-fc-arsenal-cimi%c8%99lia-a-c%c3%a2%c8%99tigat-cupa-ora%c8%99ului-cimi%c8%99lia-la-fotbal-%e2%80%93-edi%c8%9bia-2026\\\/#primaryimage\"},\"thumbnailUrl\":\"https:\\\/\\\/bas-tv.md\\\/wp-content\\\/uploads\\\/2026\\\/09\\\/cupa-orasului-cimislia.png\",\"datePublished\":\"2026-09-01T14:30:18+00:00\",\"description\":\"FC Arsenal Cimi\u0219lia a c\u00e2\u0219tigat Cupa ora\u0219ului Cimi\u0219lia la fotbal 2026, categoria 2013\u20132014. Vezi clasamentul \u0219i premiile individuale.\",\"inLanguage\":\"ro-RO\",\"potentialAction\":[{\"@type\":\"ReadAction\",\"target\":[\"https:\\\/\\\/bas-tv.md\\\/ro\\\/foto-fc-arsenal-cimi%c8%99lia-a-c%c3%a2%c8%99tigat-cupa-ora%c8%99ului-cimi%c8%99lia-la-fotbal-%e2%80%93-edi%c8%9bia-2026\\\/\"]}]},{\"@type\":\"ImageObject\",\"inLanguage\":\"ro-RO\",\"@id\":\"https:\\\/\\\/bas-tv.md\\\/ro\\\/foto-fc-arsenal-cimi%c8%99lia-a-c%c3%a2%c8%99tigat-cupa-ora%c8%99ului-cimi%c8%99lia-la-fotbal-%e2%80%93-edi%c8%9bia-2026\\\/#primaryimage\",\"url\":\"https:\\\/\\\/bas-tv.md\\\/wp-content\\\/uploads\\\/2026\\\/09\\\/cupa-orasului-cimislia.png\",\"contentUrl\":\"https:\\\/\\\/bas-tv.md\\\/wp-content\\\/uploads\\\/2026\\\/09\\\/cupa-orasului-cimislia.png\",\"width\":1014,\"height\":761,\"caption\":\"Foto: Facebook\\\/Tineret \u0219i Sport or. Cimi\u0219lia\"},{\"@type\":\"WebSite\",\"@id\":\"https:\\\/\\\/bas-tv.md\\\/ro\\\/#website\",\"url\":\"https:\\\/\\\/bas-tv.md\\\/ro\\\/\",\"name\":\"BasTV\",\"description\":\"Moldova\",\"publisher\":{\"@id\":\"https:\\\/\\\/bas-tv.md\\\/ro\\\/#organization\"},\"potentialAction\":[{\"@type\":\"SearchAction\",\"target\":{\"@type\":\"EntryPoint\",\"urlTemplate\":\"https:\\\/\\\/bas-tv.md\\\/ro\\\/?s={search_term_string}\"},\"query-input\":{\"@type\":\"PropertyValueSpecification\",\"valueRequired\":true,\"valueName\":\"search_term_string\"}}],\"inLanguage\":\"ro-RO\"},{\"@type\":\"Organization\",\"@id\":\"https:\\\/\\\/bas-tv.md\\\/ro\\\/#organization\",\"name\":\"BasTV\",\"url\":\"https:\\\/\\\/bas-tv.md\\\/ro\\\/\",\"logo\":{\"@type\":\"ImageObject\",\"inLanguage\":\"ro-RO\",\"@id\":\"https:\\\/\\\/bas-tv.md\\\/ro\\\/#\\\/schema\\\/logo\\\/image\\\/\",\"url\":\"https:\\\/\\\/bas-tv.md\\\/wp-content\\\/uploads\\\/2023\\\/05\\\/bas-tv-culoarea-rosie.png\",\"contentUrl\":\"https:\\\/\\\/bas-tv.md\\\/wp-content\\\/uploads\\\/2023\\\/05\\\/bas-tv-culoarea-rosie.png\",\"width\":202,\"height\":50,\"caption\":\"BasTV\"},\"image\":{\"@id\":\"https:\\\/\\\/bas-tv.md\\\/ro\\\/#\\\/schema\\\/logo\\\/image\\\/\"}},{\"@type\":\"Person\",\"@id\":\"https:\\\/\\\/bas-tv.md\\\/ro\\\/#\\\/schema\\\/person\\\/8740f45ea2eca1f1695284fc03529af0\",\"name\":\"Redactor\",\"image\":{\"@type\":\"ImageObject\",\"inLanguage\":\"ro-RO\",\"@id\":\"https:\\\/\\\/bas-tv.md\\\/wp-content\\\/litespeed\\\/avatar\\\/91c0586f3f6f4396a4ec1287c965eeeb.jpg?ver=1788155382\",\"url\":\"https:\\\/\\\/bas-tv.md\\\/wp-content\\\/litespeed\\\/avatar\\\/91c0586f3f6f4396a4ec1287c965eeeb.jpg?ver=1788155382\",\"contentUrl\":\"https:\\\/\\\/bas-tv.md\\\/wp-content\\\/litespeed\\\/avatar\\\/91c0586f3f6f4396a4ec1287c965eeeb.jpg?ver=1788155382\",\"caption\":\"Redactor\"},\"url\":\"https:\\\/\\\/bas-tv.md\\\/ro\\\/author\\\/redactor\\\/\"}]}<\/script>\n<!-- \/ Yoast SEO plugin. -->","yoast_head_json":{"title":"Cupa ora\u0219ului Cimi\u0219lia 2026: FC Arsenal, campioan\u0103","description":"FC Arsenal Cimi\u0219lia a c\u00e2\u0219tigat Cupa ora\u0219ului Cimi\u0219lia la fotbal 2026, categoria 2013\u20132014. Vezi clasamentul \u0219i premiile individuale.","robots":{"index":"index","follow":"follow","max-snippet":"max-snippet:-1","max-image-preview":"max-image-preview:large","max-video-preview":"max-video-preview:-1"},"canonical":"https:\/\/bas-tv.md\/ro\/foto-fc-arsenal-cimi%c8%99lia-a-c%c3%a2%c8%99tigat-cupa-ora%c8%99ului-cimi%c8%99lia-la-fotbal-%e2%80%93-edi%c8%9bia-2026\/","og_locale":"ro_RO","og_type":"article","og_title":"Cupa ora\u0219ului Cimi\u0219lia 2026: FC Arsenal, campioan\u0103","og_description":"FC Arsenal Cimi\u0219lia a c\u00e2\u0219tigat Cupa ora\u0219ului Cimi\u0219lia la fotbal 2026, categoria 2013\u20132014. Vezi clasamentul \u0219i premiile individuale.","og_url":"https:\/\/bas-tv.md\/ro\/foto-fc-arsenal-cimi%c8%99lia-a-c%c3%a2%c8%99tigat-cupa-ora%c8%99ului-cimi%c8%99lia-la-fotbal-%e2%80%93-edi%c8%9bia-2026\/","og_site_name":"BasTV","article_published_time":"2026-09-01T14:30:18+00:00","og_image":[{"width":1014,"height":761,"url":"https:\/\/bas-tv.md\/wp-content\/uploads\/2026\/09\/cupa-orasului-cimislia.png","type":"image\/png"}],"author":"Redactor","twitter_card":"summary_large_image","twitter_misc":{"Scris de":"Redactor","Timp estimat pentru citire":"2 minute"},"schema":{"@context":"https:\/\/schema.org","@graph":[{"@type":"Article","@id":"https:\/\/bas-tv.md\/ro\/foto-fc-arsenal-cimi%c8%99lia-a-c%c3%a2%c8%99tigat-cupa-ora%c8%99ului-cimi%c8%99lia-la-fotbal-%e2%80%93-edi%c8%9bia-2026\/#article","isPartOf":{"@id":"https:\/\/bas-tv.md\/ro\/foto-fc-arsenal-cimi%c8%99lia-a-c%c3%a2%c8%99tigat-cupa-ora%c8%99ului-cimi%c8%99lia-la-fotbal-%e2%80%93-edi%c8%9bia-2026\/"},"author":{"name":"Redactor","@id":"https:\/\/bas-tv.md\/ro\/#\/schema\/person\/8740f45ea2eca1f1695284fc03529af0"},"headline":"(FOTO) FC Arsenal Cimi\u0219lia a c\u00e2\u0219tigat Cupa ora\u0219ului Cimi\u0219lia la fotbal \u2013 edi\u021bia 2026","datePublished":"2026-09-01T14:30:18+00:00","mainEntityOfPage":{"@id":"https:\/\/bas-tv.md\/ro\/foto-fc-arsenal-cimi%c8%99lia-a-c%c3%a2%c8%99tigat-cupa-ora%c8%99ului-cimi%c8%99lia-la-fotbal-%e2%80%93-edi%c8%9bia-2026\/"},"wordCount":250,"publisher":{"@id":"https:\/\/bas-tv.md\/ro\/#organization"},"image":{"@id":"https:\/\/bas-tv.md\/ro\/foto-fc-arsenal-cimi%c8%99lia-a-c%c3%a2%c8%99tigat-cupa-ora%c8%99ului-cimi%c8%99lia-la-fotbal-%e2%80%93-edi%c8%9bia-2026\/#primaryimage"},"thumbnailUrl":"https:\/\/bas-tv.md\/wp-content\/uploads\/2026\/09\/cupa-orasului-cimislia.png","keywords":["2026","Cimi\u0219lia","competi\u021bii sportive","Cupa Ora\u0219ului Cimi\u0219lia","FC Arsenal Cimi\u0219lia","fotbal","fotbal copii","minifotbal","tineri fotbali\u0219ti","\u0421\u043f\u043e\u0440\u0442"],"articleSection":["Actualitate","\u00cen Cimi\u0219lia"],"inLanguage":"ro-RO"},{"@type":"WebPage","@id":"https:\/\/bas-tv.md\/ro\/foto-fc-arsenal-cimi%c8%99lia-a-c%c3%a2%c8%99tigat-cupa-ora%c8%99ului-cimi%c8%99lia-la-fotbal-%e2%80%93-edi%c8%9bia-2026\/","url":"https:\/\/bas-tv.md\/ro\/foto-fc-arsenal-cimi%c8%99lia-a-c%c3%a2%c8%99tigat-cupa-ora%c8%99ului-cimi%c8%99lia-la-fotbal-%e2%80%93-edi%c8%9bia-2026\/","name":"Cupa ora\u0219ului Cimi\u0219lia 2026: FC Arsenal, campioan\u0103","isPartOf":{"@id":"https:\/\/bas-tv.md\/ro\/#website"},"primaryImageOfPage":{"@id":"https:\/\/bas-tv.md\/ro\/foto-fc-arsenal-cimi%c8%99lia-a-c%c3%a2%c8%99tigat-cupa-ora%c8%99ului-cimi%c8%99lia-la-fotbal-%e2%80%93-edi%c8%9bia-2026\/#primaryimage"},"image":{"@id":"https:\/\/bas-tv.md\/ro\/foto-fc-arsenal-cimi%c8%99lia-a-c%c3%a2%c8%99tigat-cupa-ora%c8%99ului-cimi%c8%99lia-la-fotbal-%e2%80%93-edi%c8%9bia-2026\/#primaryimage"},"thumbnailUrl":"https:\/\/bas-tv.md\/wp-content\/uploads\/2026\/09\/cupa-orasului-cimislia.png","datePublished":"2026-09-01T14:30:18+00:00","description":"FC Arsenal Cimi\u0219lia a c\u00e2\u0219tigat Cupa ora\u0219ului Cimi\u0219lia la fotbal 2026, categoria 2013\u20132014. Vezi clasamentul \u0219i premiile individuale.","inLanguage":"ro-RO","potentialAction":[{"@type":"ReadAction","target":["https:\/\/bas-tv.md\/ro\/foto-fc-arsenal-cimi%c8%99lia-a-c%c3%a2%c8%99tigat-cupa-ora%c8%99ului-cimi%c8%99lia-la-fotbal-%e2%80%93-edi%c8%9bia-2026\/"]}]},{"@type":"ImageObject","inLanguage":"ro-RO","@id":"https:\/\/bas-tv.md\/ro\/foto-fc-arsenal-cimi%c8%99lia-a-c%c3%a2%c8%99tigat-cupa-ora%c8%99ului-cimi%c8%99lia-la-fotbal-%e2%80%93-edi%c8%9bia-2026\/#primaryimage","url":"https:\/\/bas-tv.md\/wp-content\/uploads\/2026\/09\/cupa-orasului-cimislia.png","contentUrl":"https:\/\/bas-tv.md\/wp-content\/uploads\/2026\/09\/cupa-orasului-cimislia.png","width":1014,"height":761,"caption":"Foto: Facebook\/Tineret \u0219i Sport or. Cimi\u0219lia"},{"@type":"WebSite","@id":"https:\/\/bas-tv.md\/ro\/#website","url":"https:\/\/bas-tv.md\/ro\/","name":"BasTV","description":"Moldova","publisher":{"@id":"https:\/\/bas-tv.md\/ro\/#organization"},"potentialAction":[{"@type":"SearchAction","target":{"@type":"EntryPoint","urlTemplate":"https:\/\/bas-tv.md\/ro\/?s={search_term_string}"},"query-input":{"@type":"PropertyValueSpecification","valueRequired":true,"valueName":"search_term_string"}}],"inLanguage":"ro-RO"},{"@type":"Organization","@id":"https:\/\/bas-tv.md\/ro\/#organization","name":"BasTV","url":"https:\/\/bas-tv.md\/ro\/","logo":{"@type":"ImageObject","inLanguage":"ro-RO","@id":"https:\/\/bas-tv.md\/ro\/#\/schema\/logo\/image\/","url":"https:\/\/bas-tv.md\/wp-content\/uploads\/2023\/05\/bas-tv-culoarea-rosie.png","contentUrl":"https:\/\/bas-tv.md\/wp-content\/uploads\/2023\/05\/bas-tv-culoarea-rosie.png","width":202,"height":50,"caption":"BasTV"},"image":{"@id":"https:\/\/bas-tv.md\/ro\/#\/schema\/logo\/image\/"}},{"@type":"Person","@id":"https:\/\/bas-tv.md\/ro\/#\/schema\/person\/8740f45ea2eca1f1695284fc03529af0","name":"Redactor","image":{"@type":"ImageObject","inLanguage":"ro-RO","@id":"https:\/\/bas-tv.md\/wp-content\/litespeed\/avatar\/91c0586f3f6f4396a4ec1287c965eeeb.jpg?ver=1788155382","url":"https:\/\/bas-tv.md\/wp-content\/litespeed\/avatar\/91c0586f3f6f4396a4ec1287c965eeeb.jpg?ver=1788155382","contentUrl":"https:\/\/bas-tv.md\/wp-content\/litespeed\/avatar\/91c0586f3f6f4396a4ec1287c965eeeb.jpg?ver=1788155382","caption":"Redactor"},"url":"https:\/\/bas-tv.md\/ro\/author\/redactor\/"}]}},"views":18,"_links":{"self":[{"href":"https:\/\/bas-tv.md\/ro\/wp-json\/wp\/v2\/posts\/191283","targetHints":{"allow":["GET"]}}],"collection":[{"href":"https:\/\/bas-tv.md\/ro\/wp-json\/wp\/v2\/posts"}],"about":[{"href":"https:\/\/bas-tv.md\/ro\/wp-json\/wp\/v2\/types\/post"}],"author":[{"embeddable":true,"href":"https:\/\/bas-tv.md\/ro\/wp-json\/wp\/v2\/users\/3"}],"replies":[{"embeddable":true,"href":"https:\/\/bas-tv.md\/ro\/wp-json\/wp\/v2\/comments?post=191283"}],"version-history":[{"count":2,"href":"https:\/\/bas-tv.md\/ro\/wp-json\/wp\/v2\/posts\/191283\/revisions"}],"predecessor-version":[{"id":191297,"href":"https:\/\/bas-tv.md\/ro\/wp-json\/wp\/v2\/posts\/191283\/revisions\/191297"}],"wp:featuredmedia":[{"embeddable":true,"href":"https:\/\/bas-tv.md\/ro\/wp-json\/wp\/v2\/media\/191295"}],"wp:attachment":[{"href":"https:\/\/bas-tv.md\/ro\/wp-json\/wp\/v2\/media?parent=191283"}],"wp:term":[{"taxonomy":"category","embeddable":true,"href":"https:\/\/bas-tv.md\/ro\/wp-json\/wp\/v2\/categories?post=191283"},{"taxonomy":"post_tag","embeddable":true,"href":"https:\/\/bas-tv.md\/ro\/wp-json\/wp\/v2\/tags?post=191283"}],"curies":[{"name":"wp","href":"https:\/\/api.w.org\/{rel}","templated":true}]}}