{"id":191411,"date":"2026-09-02T13:00:49","date_gmt":"2026-09-02T10:00:49","guid":{"rendered":"https:\/\/bas-tv.md\/?p=191411"},"modified":"2026-09-02T12:34:45","modified_gmt":"2026-09-02T09:34:45","slug":"foto-biblioteca-%e2%80%9emihai-eminescu%e2%80%9d-din-cimi%c8%99lia-%c8%99i-a-%c3%aembog%c4%83%c8%9bit-fondul-de-carte-printr-o-dona%c8%9bie-din-c%c3%a2mpina","status":"publish","type":"post","link":"https:\/\/bas-tv.md\/ro\/foto-biblioteca-%e2%80%9emihai-eminescu%e2%80%9d-din-cimi%c8%99lia-%c8%99i-a-%c3%aembog%c4%83%c8%9bit-fondul-de-carte-printr-o-dona%c8%9bie-din-c%c3%a2mpina\/","title":{"rendered":"(FOTO) Biblioteca \u201eMihai Eminescu\u201d din Cimi\u0219lia \u0219i-a \u00eembog\u0103\u021bit fondul de carte printr-o dona\u021bie din C\u00e2mpina"},"content":{"rendered":"<p><strong>Fondul de carte al Bibliotecii Publice Or\u0103\u0219ene\u0219ti \u201eMihai Eminescu\u201d din Cimi\u0219lia s-a \u00eembog\u0103\u021bit cu mai multe volume oferite \u00een dar de Marian Dul\u0103, un vechi prieten al ora\u0219ului \u0219i fost colaborator al administra\u021biei publice locale din C\u00e2mpina, Rom\u00e2nia.<\/strong><\/p>\n<p>Dona\u021bia include c\u0103r\u021bi semnate de autori rom\u00e2ni, care vor fi puse la dispozi\u021bia cititorilor din Cimi\u0219lia. Volumele ofer\u0103 publicului posibilitatea de a descoperi opere literare, dar \u0219i informa\u021bii despre cultura \u0219i istoria rom\u00e2n\u0103.<\/p>\n<p>Printre c\u0103r\u021bile donate se afl\u0103 \u0219i volumul \u201eC\u00e2mpina \u0219i c\u00e2mpinenii \u00een r\u0103zboi\u201d, semnat de Marian Dul\u0103, dedicat istoriei comunit\u0103\u021bii din C\u00e2mpina.<\/p>\n<p>Dona\u021bia reprezint\u0103 un nou gest de apropiere \u00eentre cele dou\u0103 ora\u0219e \u00eenfr\u0103\u021bite \u0219i contribuie la dezvoltarea rela\u021biilor dintre comunit\u0103\u021bile din Cimi\u0219lia \u0219i C\u00e2mpina prin cultur\u0103 \u0219i schimb de valori.<\/p>\n<div id='gallery-1' class='gallery galleryid-191411 gallery-columns-2 gallery-size-full'><figure class='gallery-item'>\n\t\t\t<div class='gallery-icon portrait'>\n\t\t\t\t<a href='https:\/\/bas-tv.md\/ro\/foto-biblioteca-%e2%80%9emihai-eminescu%e2%80%9d-din-cimi%c8%99lia-%c8%99i-a-%c3%aembog%c4%83%c8%9bit-fondul-de-carte-printr-o-dona%c8%9bie-din-c%c3%a2mpina\/792092072_1097965499359242_626562507364283543_n\/'><img fetchpriority=\"high\" decoding=\"async\" width=\"1153\" height=\"2048\" src=\"https:\/\/bas-tv.md\/wp-content\/uploads\/2026\/09\/792092072_1097965499359242_626562507364283543_n.jpg\" class=\"attachment-full size-full\" alt=\"\" aria-describedby=\"gallery-1-191430\" srcset=\"https:\/\/bas-tv.md\/wp-content\/uploads\/2026\/09\/792092072_1097965499359242_626562507364283543_n.jpg 1153w, https:\/\/bas-tv.md\/wp-content\/uploads\/2026\/09\/792092072_1097965499359242_626562507364283543_n-169x300.jpg 169w, https:\/\/bas-tv.md\/wp-content\/uploads\/2026\/09\/792092072_1097965499359242_626562507364283543_n-577x1024.jpg 577w, https:\/\/bas-tv.md\/wp-content\/uploads\/2026\/09\/792092072_1097965499359242_626562507364283543_n-768x1364.jpg 768w, https:\/\/bas-tv.md\/wp-content\/uploads\/2026\/09\/792092072_1097965499359242_626562507364283543_n-865x1536.jpg 865w\" sizes=\"(max-width: 1153px) 100vw, 1153px\" \/><\/a>\n\t\t\t<\/div>\n\t\t\t\t<figcaption class='wp-caption-text gallery-caption' id='gallery-1-191430'>\n\t\t\t\tFoto: Facebook\/Prim\u0103ria Cimi\u015flia\n\t\t\t\t<\/figcaption><\/figure><figure class='gallery-item'>\n\t\t\t<div class='gallery-icon portrait'>\n\t\t\t\t<a href='https:\/\/bas-tv.md\/ro\/foto-biblioteca-%e2%80%9emihai-eminescu%e2%80%9d-din-cimi%c8%99lia-%c8%99i-a-%c3%aembog%c4%83%c8%9bit-fondul-de-carte-printr-o-dona%c8%9bie-din-c%c3%a2mpina\/793212327_3578304855667489_1209188270958392166_n\/'><img decoding=\"async\" width=\"1153\" height=\"2048\" data-src=\"https:\/\/bas-tv.md\/wp-content\/uploads\/2026\/09\/793212327_3578304855667489_1209188270958392166_n.jpg\" class=\"attachment-full size-full lazyload\" alt=\"\" aria-describedby=\"gallery-1-191422\" data-srcset=\"https:\/\/bas-tv.md\/wp-content\/uploads\/2026\/09\/793212327_3578304855667489_1209188270958392166_n.jpg 1153w, https:\/\/bas-tv.md\/wp-content\/uploads\/2026\/09\/793212327_3578304855667489_1209188270958392166_n-169x300.jpg 169w, https:\/\/bas-tv.md\/wp-content\/uploads\/2026\/09\/793212327_3578304855667489_1209188270958392166_n-577x1024.jpg 577w, https:\/\/bas-tv.md\/wp-content\/uploads\/2026\/09\/793212327_3578304855667489_1209188270958392166_n-768x1364.jpg 768w, https:\/\/bas-tv.md\/wp-content\/uploads\/2026\/09\/793212327_3578304855667489_1209188270958392166_n-865x1536.jpg 865w\" data-sizes=\"(max-width: 1153px) 100vw, 1153px\" src=\"data:image\/svg+xml;base64,PHN2ZyB3aWR0aD0iMSIgaGVpZ2h0PSIxIiB4bWxucz0iaHR0cDovL3d3dy53My5vcmcvMjAwMC9zdmciPjwvc3ZnPg==\" style=\"--smush-placeholder-width: 1153px; --smush-placeholder-aspect-ratio: 1153\/2048;\" \/><\/a>\n\t\t\t<\/div>\n\t\t\t\t<figcaption class='wp-caption-text gallery-caption' id='gallery-1-191422'>\n\t\t\t\tFoto: Facebook\/Prim\u0103ria Cimi\u015flia\n\t\t\t\t<\/figcaption><\/figure><figure class='gallery-item'>\n\t\t\t<div class='gallery-icon landscape'>\n\t\t\t\t<a href='https:\/\/bas-tv.md\/ro\/foto-biblioteca-%e2%80%9emihai-eminescu%e2%80%9d-din-cimi%c8%99lia-%c8%99i-a-%c3%aembog%c4%83%c8%9bit-fondul-de-carte-printr-o-dona%c8%9bie-din-c%c3%a2mpina\/786266286_2106475556615067_6347027755574896979_n\/'><img decoding=\"async\" width=\"2048\" height=\"1153\" data-src=\"https:\/\/bas-tv.md\/wp-content\/uploads\/2026\/09\/786266286_2106475556615067_6347027755574896979_n-e1788339531540.jpg\" class=\"attachment-full size-full lazyload\" alt=\"\" aria-describedby=\"gallery-1-191428\" data-srcset=\"https:\/\/bas-tv.md\/wp-content\/uploads\/2026\/09\/786266286_2106475556615067_6347027755574896979_n-e1788339531540.jpg 2048w, https:\/\/bas-tv.md\/wp-content\/uploads\/2026\/09\/786266286_2106475556615067_6347027755574896979_n-e1788339531540-300x169.jpg 300w, https:\/\/bas-tv.md\/wp-content\/uploads\/2026\/09\/786266286_2106475556615067_6347027755574896979_n-e1788339531540-1024x577.jpg 1024w, https:\/\/bas-tv.md\/wp-content\/uploads\/2026\/09\/786266286_2106475556615067_6347027755574896979_n-e1788339531540-768x432.jpg 768w, https:\/\/bas-tv.md\/wp-content\/uploads\/2026\/09\/786266286_2106475556615067_6347027755574896979_n-e1788339531540-1536x865.jpg 1536w, https:\/\/bas-tv.md\/wp-content\/uploads\/2026\/09\/786266286_2106475556615067_6347027755574896979_n-e1788339531540-1200x676.jpg 1200w, https:\/\/bas-tv.md\/wp-content\/uploads\/2026\/09\/786266286_2106475556615067_6347027755574896979_n-e1788339531540-1980x1115.jpg 1980w\" data-sizes=\"(max-width: 2048px) 100vw, 2048px\" src=\"data:image\/svg+xml;base64,PHN2ZyB3aWR0aD0iMSIgaGVpZ2h0PSIxIiB4bWxucz0iaHR0cDovL3d3dy53My5vcmcvMjAwMC9zdmciPjwvc3ZnPg==\" style=\"--smush-placeholder-width: 2048px; --smush-placeholder-aspect-ratio: 2048\/1153;\" \/><\/a>\n\t\t\t<\/div>\n\t\t\t\t<figcaption class='wp-caption-text gallery-caption' id='gallery-1-191428'>\n\t\t\t\tFoto: Facebook\/Prim\u0103ria Cimi\u015flia\n\t\t\t\t<\/figcaption><\/figure><figure class='gallery-item'>\n\t\t\t<div class='gallery-icon landscape'>\n\t\t\t\t<a href='https:\/\/bas-tv.md\/ro\/foto-biblioteca-%e2%80%9emihai-eminescu%e2%80%9d-din-cimi%c8%99lia-%c8%99i-a-%c3%aembog%c4%83%c8%9bit-fondul-de-carte-printr-o-dona%c8%9bie-din-c%c3%a2mpina\/789987059_1587571373012521_5888924572337180595_n\/'><img decoding=\"async\" width=\"2048\" height=\"1153\" data-src=\"https:\/\/bas-tv.md\/wp-content\/uploads\/2026\/09\/789987059_1587571373012521_5888924572337180595_n.jpg\" class=\"attachment-full size-full lazyload\" alt=\"\" aria-describedby=\"gallery-1-191424\" data-srcset=\"https:\/\/bas-tv.md\/wp-content\/uploads\/2026\/09\/789987059_1587571373012521_5888924572337180595_n.jpg 2048w, https:\/\/bas-tv.md\/wp-content\/uploads\/2026\/09\/789987059_1587571373012521_5888924572337180595_n-300x169.jpg 300w, https:\/\/bas-tv.md\/wp-content\/uploads\/2026\/09\/789987059_1587571373012521_5888924572337180595_n-1024x577.jpg 1024w, https:\/\/bas-tv.md\/wp-content\/uploads\/2026\/09\/789987059_1587571373012521_5888924572337180595_n-768x432.jpg 768w, https:\/\/bas-tv.md\/wp-content\/uploads\/2026\/09\/789987059_1587571373012521_5888924572337180595_n-1536x865.jpg 1536w, https:\/\/bas-tv.md\/wp-content\/uploads\/2026\/09\/789987059_1587571373012521_5888924572337180595_n-1200x676.jpg 1200w, https:\/\/bas-tv.md\/wp-content\/uploads\/2026\/09\/789987059_1587571373012521_5888924572337180595_n-1980x1115.jpg 1980w\" data-sizes=\"(max-width: 2048px) 100vw, 2048px\" src=\"data:image\/svg+xml;base64,PHN2ZyB3aWR0aD0iMSIgaGVpZ2h0PSIxIiB4bWxucz0iaHR0cDovL3d3dy53My5vcmcvMjAwMC9zdmciPjwvc3ZnPg==\" style=\"--smush-placeholder-width: 2048px; --smush-placeholder-aspect-ratio: 2048\/1153;\" \/><\/a>\n\t\t\t<\/div>\n\t\t\t\t<figcaption class='wp-caption-text gallery-caption' id='gallery-1-191424'>\n\t\t\t\tFoto: Facebook\/Prim\u0103ria Cimi\u015flia\n\t\t\t\t<\/figcaption><\/figure><figure class='gallery-item'>\n\t\t\t<div class='gallery-icon landscape'>\n\t\t\t\t<a href='https:\/\/bas-tv.md\/ro\/foto-biblioteca-%e2%80%9emihai-eminescu%e2%80%9d-din-cimi%c8%99lia-%c8%99i-a-%c3%aembog%c4%83%c8%9bit-fondul-de-carte-printr-o-dona%c8%9bie-din-c%c3%a2mpina\/793245979_1012145361816998_4480004759818272823_n\/'><img decoding=\"async\" width=\"1153\" height=\"932\" data-src=\"https:\/\/bas-tv.md\/wp-content\/uploads\/2026\/09\/793245979_1012145361816998_4480004759818272823_n-e1788340003162.jpg\" class=\"attachment-full size-full lazyload\" alt=\"\" aria-describedby=\"gallery-1-191417\" data-srcset=\"https:\/\/bas-tv.md\/wp-content\/uploads\/2026\/09\/793245979_1012145361816998_4480004759818272823_n-e1788340003162.jpg 1153w, https:\/\/bas-tv.md\/wp-content\/uploads\/2026\/09\/793245979_1012145361816998_4480004759818272823_n-e1788340003162-300x242.jpg 300w, https:\/\/bas-tv.md\/wp-content\/uploads\/2026\/09\/793245979_1012145361816998_4480004759818272823_n-e1788340003162-1024x828.jpg 1024w, https:\/\/bas-tv.md\/wp-content\/uploads\/2026\/09\/793245979_1012145361816998_4480004759818272823_n-e1788340003162-768x621.jpg 768w\" data-sizes=\"(max-width: 1153px) 100vw, 1153px\" src=\"data:image\/svg+xml;base64,PHN2ZyB3aWR0aD0iMSIgaGVpZ2h0PSIxIiB4bWxucz0iaHR0cDovL3d3dy53My5vcmcvMjAwMC9zdmciPjwvc3ZnPg==\" style=\"--smush-placeholder-width: 1153px; --smush-placeholder-aspect-ratio: 1153\/932;\" \/><\/a>\n\t\t\t<\/div>\n\t\t\t\t<figcaption class='wp-caption-text gallery-caption' id='gallery-1-191417'>\n\t\t\t\tFoto: Facebook\/Prim\u0103ria Cimi\u015flia\n\t\t\t\t<\/figcaption><\/figure><figure class='gallery-item'>\n\t\t\t<div class='gallery-icon landscape'>\n\t\t\t\t<a href='https:\/\/bas-tv.md\/ro\/foto-biblioteca-%e2%80%9emihai-eminescu%e2%80%9d-din-cimi%c8%99lia-%c8%99i-a-%c3%aembog%c4%83%c8%9bit-fondul-de-carte-printr-o-dona%c8%9bie-din-c%c3%a2mpina\/789890366_2570992070015930_8251292427263837300_n\/'><img decoding=\"async\" width=\"1600\" height=\"1368\" data-src=\"https:\/\/bas-tv.md\/wp-content\/uploads\/2026\/09\/789890366_2570992070015930_8251292427263837300_n-e1788339944343.jpg\" class=\"attachment-full size-full lazyload\" alt=\"\" aria-describedby=\"gallery-1-191434\" data-srcset=\"https:\/\/bas-tv.md\/wp-content\/uploads\/2026\/09\/789890366_2570992070015930_8251292427263837300_n-e1788339944343.jpg 1600w, https:\/\/bas-tv.md\/wp-content\/uploads\/2026\/09\/789890366_2570992070015930_8251292427263837300_n-e1788339944343-300x257.jpg 300w, https:\/\/bas-tv.md\/wp-content\/uploads\/2026\/09\/789890366_2570992070015930_8251292427263837300_n-e1788339944343-1024x876.jpg 1024w, https:\/\/bas-tv.md\/wp-content\/uploads\/2026\/09\/789890366_2570992070015930_8251292427263837300_n-e1788339944343-768x657.jpg 768w, https:\/\/bas-tv.md\/wp-content\/uploads\/2026\/09\/789890366_2570992070015930_8251292427263837300_n-e1788339944343-1536x1313.jpg 1536w, https:\/\/bas-tv.md\/wp-content\/uploads\/2026\/09\/789890366_2570992070015930_8251292427263837300_n-e1788339944343-1200x1026.jpg 1200w\" data-sizes=\"(max-width: 1600px) 100vw, 1600px\" src=\"data:image\/svg+xml;base64,PHN2ZyB3aWR0aD0iMSIgaGVpZ2h0PSIxIiB4bWxucz0iaHR0cDovL3d3dy53My5vcmcvMjAwMC9zdmciPjwvc3ZnPg==\" style=\"--smush-placeholder-width: 1600px; --smush-placeholder-aspect-ratio: 1600\/1368;\" \/><\/a>\n\t\t\t<\/div>\n\t\t\t\t<figcaption class='wp-caption-text gallery-caption' id='gallery-1-191434'>\n\t\t\t\tFoto: Facebook\/Prim\u0103ria Cimi\u015flia\n\t\t\t\t<\/figcaption><\/figure><figure class='gallery-item'>\n\t\t\t<div class='gallery-icon landscape'>\n\t\t\t\t<a href='https:\/\/bas-tv.md\/ro\/foto-biblioteca-%e2%80%9emihai-eminescu%e2%80%9d-din-cimi%c8%99lia-%c8%99i-a-%c3%aembog%c4%83%c8%9bit-fondul-de-carte-printr-o-dona%c8%9bie-din-c%c3%a2mpina\/792054719_1754303565808964_1236558728852192452_n\/'><img decoding=\"async\" width=\"2048\" height=\"1153\" data-src=\"https:\/\/bas-tv.md\/wp-content\/uploads\/2026\/09\/792054719_1754303565808964_1236558728852192452_n.jpg\" class=\"attachment-full size-full lazyload\" alt=\"\" aria-describedby=\"gallery-1-191426\" data-srcset=\"https:\/\/bas-tv.md\/wp-content\/uploads\/2026\/09\/792054719_1754303565808964_1236558728852192452_n.jpg 2048w, https:\/\/bas-tv.md\/wp-content\/uploads\/2026\/09\/792054719_1754303565808964_1236558728852192452_n-300x169.jpg 300w, https:\/\/bas-tv.md\/wp-content\/uploads\/2026\/09\/792054719_1754303565808964_1236558728852192452_n-1024x577.jpg 1024w, https:\/\/bas-tv.md\/wp-content\/uploads\/2026\/09\/792054719_1754303565808964_1236558728852192452_n-768x432.jpg 768w, https:\/\/bas-tv.md\/wp-content\/uploads\/2026\/09\/792054719_1754303565808964_1236558728852192452_n-1536x865.jpg 1536w, https:\/\/bas-tv.md\/wp-content\/uploads\/2026\/09\/792054719_1754303565808964_1236558728852192452_n-1200x676.jpg 1200w, https:\/\/bas-tv.md\/wp-content\/uploads\/2026\/09\/792054719_1754303565808964_1236558728852192452_n-1980x1115.jpg 1980w\" data-sizes=\"(max-width: 2048px) 100vw, 2048px\" src=\"data:image\/svg+xml;base64,PHN2ZyB3aWR0aD0iMSIgaGVpZ2h0PSIxIiB4bWxucz0iaHR0cDovL3d3dy53My5vcmcvMjAwMC9zdmciPjwvc3ZnPg==\" style=\"--smush-placeholder-width: 2048px; --smush-placeholder-aspect-ratio: 2048\/1153;\" \/><\/a>\n\t\t\t<\/div>\n\t\t\t\t<figcaption class='wp-caption-text gallery-caption' id='gallery-1-191426'>\n\t\t\t\tFoto: Facebook\/Prim\u0103ria Cimi\u015flia\n\t\t\t\t<\/figcaption><\/figure><figure class='gallery-item'>\n\t\t\t<div class='gallery-icon landscape'>\n\t\t\t\t<a href='https:\/\/bas-tv.md\/ro\/foto-biblioteca-%e2%80%9emihai-eminescu%e2%80%9d-din-cimi%c8%99lia-%c8%99i-a-%c3%aembog%c4%83%c8%9bit-fondul-de-carte-printr-o-dona%c8%9bie-din-c%c3%a2mpina\/791145026_2295105831226614_4219775615742346647_n\/'><img decoding=\"async\" width=\"2048\" height=\"1152\" data-src=\"https:\/\/bas-tv.md\/wp-content\/uploads\/2026\/09\/791145026_2295105831226614_4219775615742346647_n.jpg\" class=\"attachment-full size-full lazyload\" alt=\"\" aria-describedby=\"gallery-1-191432\" data-srcset=\"https:\/\/bas-tv.md\/wp-content\/uploads\/2026\/09\/791145026_2295105831226614_4219775615742346647_n.jpg 2048w, https:\/\/bas-tv.md\/wp-content\/uploads\/2026\/09\/791145026_2295105831226614_4219775615742346647_n-300x169.jpg 300w, https:\/\/bas-tv.md\/wp-content\/uploads\/2026\/09\/791145026_2295105831226614_4219775615742346647_n-1024x576.jpg 1024w, https:\/\/bas-tv.md\/wp-content\/uploads\/2026\/09\/791145026_2295105831226614_4219775615742346647_n-768x432.jpg 768w, https:\/\/bas-tv.md\/wp-content\/uploads\/2026\/09\/791145026_2295105831226614_4219775615742346647_n-1536x864.jpg 1536w, https:\/\/bas-tv.md\/wp-content\/uploads\/2026\/09\/791145026_2295105831226614_4219775615742346647_n-1200x675.jpg 1200w, https:\/\/bas-tv.md\/wp-content\/uploads\/2026\/09\/791145026_2295105831226614_4219775615742346647_n-1980x1114.jpg 1980w\" data-sizes=\"(max-width: 2048px) 100vw, 2048px\" src=\"data:image\/svg+xml;base64,PHN2ZyB3aWR0aD0iMSIgaGVpZ2h0PSIxIiB4bWxucz0iaHR0cDovL3d3dy53My5vcmcvMjAwMC9zdmciPjwvc3ZnPg==\" style=\"--smush-placeholder-width: 2048px; --smush-placeholder-aspect-ratio: 2048\/1152;\" \/><\/a>\n\t\t\t<\/div>\n\t\t\t\t<figcaption class='wp-caption-text gallery-caption' id='gallery-1-191432'>\n\t\t\t\tFoto: Facebook\/Prim\u0103ria Cimi\u015flia\n\t\t\t\t<\/figcaption><\/figure>\n\t\t<\/div>\n\n","protected":false},"excerpt":{"rendered":"<p>Fondul de carte al Bibliotecii Publice Or\u0103\u0219ene\u0219ti \u201eMihai Eminescu\u201d din Cimi\u0219lia s-a \u00eembog\u0103\u021bit cu mai multe volume oferite \u00een dar de Marian Dul\u0103, un vechi prieten al ora\u0219ului \u0219i fost colaborator al administra\u021biei publice locale din C\u00e2mpina, Rom\u00e2nia. Dona\u021bia include c\u0103r\u021bi semnate de autori rom\u00e2ni, care vor fi puse la dispozi\u021bia cititorilor din Cimi\u0219lia. Volumele [&hellip;]<\/p>\n","protected":false},"author":3,"featured_media":191445,"comment_status":"closed","ping_status":"closed","sticky":false,"template":"","format":"standard","meta":{"footnotes":""},"categories":[602,22464],"tags":[1844,23441,23445,23444,733,714,23443,738,23447,23442,23446,808],"class_list":["post-191411","post","type-post","status-publish","format-standard","has-post-thumbnail","hentry","category-actualitate","category-in-cimislia","tag-biblioteca","tag-biblioteca-mihai-eminescu","tag-campina","tag-carti","tag-cimislia","tag-cultura","tag-donatie-de-carte","tag-istorie","tag-literatura-romana","tag-marian-dula","tag-orase-infratite","tag-romania"],"yoast_head":"<!-- This site is optimized with the Yoast SEO plugin v28.4 - https:\/\/yoast.com\/product\/yoast-seo-wordpress\/ -->\n<title>Biblioteca din Cimi\u0219lia a primit o dona\u021bie de carte din C\u00e2mpina<\/title>\n<meta name=\"description\" content=\"Biblioteca \u201eMihai Eminescu\u201d din Cimi\u0219lia \u0219i-a \u00eembog\u0103\u021bit fondul de carte cu volume donate de Marian Dul\u0103, prieten al ora\u0219ului C\u00e2mpina.\" \/>\n<meta name=\"robots\" content=\"index, follow, max-snippet:-1, max-image-preview:large, max-video-preview:-1\" \/>\n<link rel=\"canonical\" href=\"https:\/\/bas-tv.md\/ro\/foto-biblioteca-%e2%80%9emihai-eminescu%e2%80%9d-din-cimi%c8%99lia-%c8%99i-a-%c3%aembog%c4%83%c8%9bit-fondul-de-carte-printr-o-dona%c8%9bie-din-c%c3%a2mpina\/\" \/>\n<meta property=\"og:locale\" content=\"ro_RO\" \/>\n<meta property=\"og:type\" content=\"article\" \/>\n<meta property=\"og:title\" content=\"Biblioteca din Cimi\u0219lia a primit o dona\u021bie de carte din C\u00e2mpina\" \/>\n<meta property=\"og:description\" content=\"Biblioteca \u201eMihai Eminescu\u201d din Cimi\u0219lia \u0219i-a \u00eembog\u0103\u021bit fondul de carte cu volume donate de Marian Dul\u0103, prieten al ora\u0219ului C\u00e2mpina.\" \/>\n<meta property=\"og:url\" content=\"https:\/\/bas-tv.md\/ro\/foto-biblioteca-%e2%80%9emihai-eminescu%e2%80%9d-din-cimi%c8%99lia-%c8%99i-a-%c3%aembog%c4%83%c8%9bit-fondul-de-carte-printr-o-dona%c8%9bie-din-c%c3%a2mpina\/\" \/>\n<meta property=\"og:site_name\" content=\"BasTV\" \/>\n<meta property=\"article:published_time\" content=\"2026-09-02T10:00:49+00:00\" \/>\n<meta property=\"og:image\" content=\"https:\/\/bas-tv.md\/wp-content\/uploads\/2026\/09\/donatie-carti.jpg\" \/>\n\t<meta property=\"og:image:width\" content=\"2048\" \/>\n\t<meta property=\"og:image:height\" content=\"1153\" \/>\n\t<meta property=\"og:image:type\" content=\"image\/jpeg\" \/>\n<meta name=\"author\" content=\"Redactor\" \/>\n<meta name=\"twitter:card\" content=\"summary_large_image\" \/>\n<meta name=\"twitter:label1\" content=\"Scris de\" \/>\n\t<meta name=\"twitter:data1\" content=\"Redactor\" \/>\n\t<meta name=\"twitter:label2\" content=\"Timp estimat pentru citire\" \/>\n\t<meta name=\"twitter:data2\" content=\"1 minut\" \/>\n<script type=\"application\/ld+json\" class=\"yoast-schema-graph\">{\"@context\":\"https:\\\/\\\/schema.org\",\"@graph\":[{\"@type\":\"Article\",\"@id\":\"https:\\\/\\\/bas-tv.md\\\/ro\\\/foto-biblioteca-%e2%80%9emihai-eminescu%e2%80%9d-din-cimi%c8%99lia-%c8%99i-a-%c3%aembog%c4%83%c8%9bit-fondul-de-carte-printr-o-dona%c8%9bie-din-c%c3%a2mpina\\\/#article\",\"isPartOf\":{\"@id\":\"https:\\\/\\\/bas-tv.md\\\/ro\\\/foto-biblioteca-%e2%80%9emihai-eminescu%e2%80%9d-din-cimi%c8%99lia-%c8%99i-a-%c3%aembog%c4%83%c8%9bit-fondul-de-carte-printr-o-dona%c8%9bie-din-c%c3%a2mpina\\\/\"},\"author\":{\"name\":\"Redactor\",\"@id\":\"https:\\\/\\\/bas-tv.md\\\/ro\\\/#\\\/schema\\\/person\\\/8740f45ea2eca1f1695284fc03529af0\"},\"headline\":\"(FOTO) Biblioteca \u201eMihai Eminescu\u201d din Cimi\u0219lia \u0219i-a \u00eembog\u0103\u021bit fondul de carte printr-o dona\u021bie din C\u00e2mpina\",\"datePublished\":\"2026-09-02T10:00:49+00:00\",\"mainEntityOfPage\":{\"@id\":\"https:\\\/\\\/bas-tv.md\\\/ro\\\/foto-biblioteca-%e2%80%9emihai-eminescu%e2%80%9d-din-cimi%c8%99lia-%c8%99i-a-%c3%aembog%c4%83%c8%9bit-fondul-de-carte-printr-o-dona%c8%9bie-din-c%c3%a2mpina\\\/\"},\"wordCount\":175,\"publisher\":{\"@id\":\"https:\\\/\\\/bas-tv.md\\\/ro\\\/#organization\"},\"image\":{\"@id\":\"https:\\\/\\\/bas-tv.md\\\/ro\\\/foto-biblioteca-%e2%80%9emihai-eminescu%e2%80%9d-din-cimi%c8%99lia-%c8%99i-a-%c3%aembog%c4%83%c8%9bit-fondul-de-carte-printr-o-dona%c8%9bie-din-c%c3%a2mpina\\\/#primaryimage\"},\"thumbnailUrl\":\"https:\\\/\\\/bas-tv.md\\\/wp-content\\\/uploads\\\/2026\\\/09\\\/donatie-carti.jpg\",\"keywords\":[\"bibliotec\u0103\",\"Biblioteca \u201eMihai Eminescu\u201d\",\"C\u00e2mpina\",\"c\u0103r\u021bi\",\"Cimi\u0219lia\",\"cultura\",\"dona\u021bie de carte\",\"istorie\",\"literatur\u0103 rom\u00e2n\u0103\",\"Marian Dul\u0103\",\"ora\u0219e \u00eenfr\u0103\u021bite\",\"Rom\u00e2nia\"],\"articleSection\":[\"Actualitate\",\"\u00cen Cimi\u0219lia\"],\"inLanguage\":\"ro-RO\"},{\"@type\":\"WebPage\",\"@id\":\"https:\\\/\\\/bas-tv.md\\\/ro\\\/foto-biblioteca-%e2%80%9emihai-eminescu%e2%80%9d-din-cimi%c8%99lia-%c8%99i-a-%c3%aembog%c4%83%c8%9bit-fondul-de-carte-printr-o-dona%c8%9bie-din-c%c3%a2mpina\\\/\",\"url\":\"https:\\\/\\\/bas-tv.md\\\/ro\\\/foto-biblioteca-%e2%80%9emihai-eminescu%e2%80%9d-din-cimi%c8%99lia-%c8%99i-a-%c3%aembog%c4%83%c8%9bit-fondul-de-carte-printr-o-dona%c8%9bie-din-c%c3%a2mpina\\\/\",\"name\":\"Biblioteca din Cimi\u0219lia a primit o dona\u021bie de carte din C\u00e2mpina\",\"isPartOf\":{\"@id\":\"https:\\\/\\\/bas-tv.md\\\/ro\\\/#website\"},\"primaryImageOfPage\":{\"@id\":\"https:\\\/\\\/bas-tv.md\\\/ro\\\/foto-biblioteca-%e2%80%9emihai-eminescu%e2%80%9d-din-cimi%c8%99lia-%c8%99i-a-%c3%aembog%c4%83%c8%9bit-fondul-de-carte-printr-o-dona%c8%9bie-din-c%c3%a2mpina\\\/#primaryimage\"},\"image\":{\"@id\":\"https:\\\/\\\/bas-tv.md\\\/ro\\\/foto-biblioteca-%e2%80%9emihai-eminescu%e2%80%9d-din-cimi%c8%99lia-%c8%99i-a-%c3%aembog%c4%83%c8%9bit-fondul-de-carte-printr-o-dona%c8%9bie-din-c%c3%a2mpina\\\/#primaryimage\"},\"thumbnailUrl\":\"https:\\\/\\\/bas-tv.md\\\/wp-content\\\/uploads\\\/2026\\\/09\\\/donatie-carti.jpg\",\"datePublished\":\"2026-09-02T10:00:49+00:00\",\"description\":\"Biblioteca \u201eMihai Eminescu\u201d din Cimi\u0219lia \u0219i-a \u00eembog\u0103\u021bit fondul de carte cu volume donate de Marian Dul\u0103, prieten al ora\u0219ului C\u00e2mpina.\",\"inLanguage\":\"ro-RO\",\"potentialAction\":[{\"@type\":\"ReadAction\",\"target\":[\"https:\\\/\\\/bas-tv.md\\\/ro\\\/foto-biblioteca-%e2%80%9emihai-eminescu%e2%80%9d-din-cimi%c8%99lia-%c8%99i-a-%c3%aembog%c4%83%c8%9bit-fondul-de-carte-printr-o-dona%c8%9bie-din-c%c3%a2mpina\\\/\"]}]},{\"@type\":\"ImageObject\",\"inLanguage\":\"ro-RO\",\"@id\":\"https:\\\/\\\/bas-tv.md\\\/ro\\\/foto-biblioteca-%e2%80%9emihai-eminescu%e2%80%9d-din-cimi%c8%99lia-%c8%99i-a-%c3%aembog%c4%83%c8%9bit-fondul-de-carte-printr-o-dona%c8%9bie-din-c%c3%a2mpina\\\/#primaryimage\",\"url\":\"https:\\\/\\\/bas-tv.md\\\/wp-content\\\/uploads\\\/2026\\\/09\\\/donatie-carti.jpg\",\"contentUrl\":\"https:\\\/\\\/bas-tv.md\\\/wp-content\\\/uploads\\\/2026\\\/09\\\/donatie-carti.jpg\",\"width\":2048,\"height\":1153,\"caption\":\"Foto: Facebook\\\/Prim\u0103ria Cimi\u015flia\"},{\"@type\":\"WebSite\",\"@id\":\"https:\\\/\\\/bas-tv.md\\\/ro\\\/#website\",\"url\":\"https:\\\/\\\/bas-tv.md\\\/ro\\\/\",\"name\":\"BasTV\",\"description\":\"Moldova\",\"publisher\":{\"@id\":\"https:\\\/\\\/bas-tv.md\\\/ro\\\/#organization\"},\"potentialAction\":[{\"@type\":\"SearchAction\",\"target\":{\"@type\":\"EntryPoint\",\"urlTemplate\":\"https:\\\/\\\/bas-tv.md\\\/ro\\\/?s={search_term_string}\"},\"query-input\":{\"@type\":\"PropertyValueSpecification\",\"valueRequired\":true,\"valueName\":\"search_term_string\"}}],\"inLanguage\":\"ro-RO\"},{\"@type\":\"Organization\",\"@id\":\"https:\\\/\\\/bas-tv.md\\\/ro\\\/#organization\",\"name\":\"BasTV\",\"url\":\"https:\\\/\\\/bas-tv.md\\\/ro\\\/\",\"logo\":{\"@type\":\"ImageObject\",\"inLanguage\":\"ro-RO\",\"@id\":\"https:\\\/\\\/bas-tv.md\\\/ro\\\/#\\\/schema\\\/logo\\\/image\\\/\",\"url\":\"https:\\\/\\\/bas-tv.md\\\/wp-content\\\/uploads\\\/2023\\\/05\\\/bas-tv-culoarea-rosie.png\",\"contentUrl\":\"https:\\\/\\\/bas-tv.md\\\/wp-content\\\/uploads\\\/2023\\\/05\\\/bas-tv-culoarea-rosie.png\",\"width\":202,\"height\":50,\"caption\":\"BasTV\"},\"image\":{\"@id\":\"https:\\\/\\\/bas-tv.md\\\/ro\\\/#\\\/schema\\\/logo\\\/image\\\/\"}},{\"@type\":\"Person\",\"@id\":\"https:\\\/\\\/bas-tv.md\\\/ro\\\/#\\\/schema\\\/person\\\/8740f45ea2eca1f1695284fc03529af0\",\"name\":\"Redactor\",\"image\":{\"@type\":\"ImageObject\",\"inLanguage\":\"ro-RO\",\"@id\":\"https:\\\/\\\/bas-tv.md\\\/wp-content\\\/litespeed\\\/avatar\\\/91c0586f3f6f4396a4ec1287c965eeeb.jpg?ver=1788155382\",\"url\":\"https:\\\/\\\/bas-tv.md\\\/wp-content\\\/litespeed\\\/avatar\\\/91c0586f3f6f4396a4ec1287c965eeeb.jpg?ver=1788155382\",\"contentUrl\":\"https:\\\/\\\/bas-tv.md\\\/wp-content\\\/litespeed\\\/avatar\\\/91c0586f3f6f4396a4ec1287c965eeeb.jpg?ver=1788155382\",\"caption\":\"Redactor\"},\"url\":\"https:\\\/\\\/bas-tv.md\\\/ro\\\/author\\\/redactor\\\/\"}]}<\/script>\n<!-- \/ Yoast SEO plugin. -->","yoast_head_json":{"title":"Biblioteca din Cimi\u0219lia a primit o dona\u021bie de carte din C\u00e2mpina","description":"Biblioteca \u201eMihai Eminescu\u201d din Cimi\u0219lia \u0219i-a \u00eembog\u0103\u021bit fondul de carte cu volume donate de Marian Dul\u0103, prieten al ora\u0219ului C\u00e2mpina.","robots":{"index":"index","follow":"follow","max-snippet":"max-snippet:-1","max-image-preview":"max-image-preview:large","max-video-preview":"max-video-preview:-1"},"canonical":"https:\/\/bas-tv.md\/ro\/foto-biblioteca-%e2%80%9emihai-eminescu%e2%80%9d-din-cimi%c8%99lia-%c8%99i-a-%c3%aembog%c4%83%c8%9bit-fondul-de-carte-printr-o-dona%c8%9bie-din-c%c3%a2mpina\/","og_locale":"ro_RO","og_type":"article","og_title":"Biblioteca din Cimi\u0219lia a primit o dona\u021bie de carte din C\u00e2mpina","og_description":"Biblioteca \u201eMihai Eminescu\u201d din Cimi\u0219lia \u0219i-a \u00eembog\u0103\u021bit fondul de carte cu volume donate de Marian Dul\u0103, prieten al ora\u0219ului C\u00e2mpina.","og_url":"https:\/\/bas-tv.md\/ro\/foto-biblioteca-%e2%80%9emihai-eminescu%e2%80%9d-din-cimi%c8%99lia-%c8%99i-a-%c3%aembog%c4%83%c8%9bit-fondul-de-carte-printr-o-dona%c8%9bie-din-c%c3%a2mpina\/","og_site_name":"BasTV","article_published_time":"2026-09-02T10:00:49+00:00","og_image":[{"width":2048,"height":1153,"url":"https:\/\/bas-tv.md\/wp-content\/uploads\/2026\/09\/donatie-carti.jpg","type":"image\/jpeg"}],"author":"Redactor","twitter_card":"summary_large_image","twitter_misc":{"Scris de":"Redactor","Timp estimat pentru citire":"1 minut"},"schema":{"@context":"https:\/\/schema.org","@graph":[{"@type":"Article","@id":"https:\/\/bas-tv.md\/ro\/foto-biblioteca-%e2%80%9emihai-eminescu%e2%80%9d-din-cimi%c8%99lia-%c8%99i-a-%c3%aembog%c4%83%c8%9bit-fondul-de-carte-printr-o-dona%c8%9bie-din-c%c3%a2mpina\/#article","isPartOf":{"@id":"https:\/\/bas-tv.md\/ro\/foto-biblioteca-%e2%80%9emihai-eminescu%e2%80%9d-din-cimi%c8%99lia-%c8%99i-a-%c3%aembog%c4%83%c8%9bit-fondul-de-carte-printr-o-dona%c8%9bie-din-c%c3%a2mpina\/"},"author":{"name":"Redactor","@id":"https:\/\/bas-tv.md\/ro\/#\/schema\/person\/8740f45ea2eca1f1695284fc03529af0"},"headline":"(FOTO) Biblioteca \u201eMihai Eminescu\u201d din Cimi\u0219lia \u0219i-a \u00eembog\u0103\u021bit fondul de carte printr-o dona\u021bie din C\u00e2mpina","datePublished":"2026-09-02T10:00:49+00:00","mainEntityOfPage":{"@id":"https:\/\/bas-tv.md\/ro\/foto-biblioteca-%e2%80%9emihai-eminescu%e2%80%9d-din-cimi%c8%99lia-%c8%99i-a-%c3%aembog%c4%83%c8%9bit-fondul-de-carte-printr-o-dona%c8%9bie-din-c%c3%a2mpina\/"},"wordCount":175,"publisher":{"@id":"https:\/\/bas-tv.md\/ro\/#organization"},"image":{"@id":"https:\/\/bas-tv.md\/ro\/foto-biblioteca-%e2%80%9emihai-eminescu%e2%80%9d-din-cimi%c8%99lia-%c8%99i-a-%c3%aembog%c4%83%c8%9bit-fondul-de-carte-printr-o-dona%c8%9bie-din-c%c3%a2mpina\/#primaryimage"},"thumbnailUrl":"https:\/\/bas-tv.md\/wp-content\/uploads\/2026\/09\/donatie-carti.jpg","keywords":["bibliotec\u0103","Biblioteca \u201eMihai Eminescu\u201d","C\u00e2mpina","c\u0103r\u021bi","Cimi\u0219lia","cultura","dona\u021bie de carte","istorie","literatur\u0103 rom\u00e2n\u0103","Marian Dul\u0103","ora\u0219e \u00eenfr\u0103\u021bite","Rom\u00e2nia"],"articleSection":["Actualitate","\u00cen Cimi\u0219lia"],"inLanguage":"ro-RO"},{"@type":"WebPage","@id":"https:\/\/bas-tv.md\/ro\/foto-biblioteca-%e2%80%9emihai-eminescu%e2%80%9d-din-cimi%c8%99lia-%c8%99i-a-%c3%aembog%c4%83%c8%9bit-fondul-de-carte-printr-o-dona%c8%9bie-din-c%c3%a2mpina\/","url":"https:\/\/bas-tv.md\/ro\/foto-biblioteca-%e2%80%9emihai-eminescu%e2%80%9d-din-cimi%c8%99lia-%c8%99i-a-%c3%aembog%c4%83%c8%9bit-fondul-de-carte-printr-o-dona%c8%9bie-din-c%c3%a2mpina\/","name":"Biblioteca din Cimi\u0219lia a primit o dona\u021bie de carte din C\u00e2mpina","isPartOf":{"@id":"https:\/\/bas-tv.md\/ro\/#website"},"primaryImageOfPage":{"@id":"https:\/\/bas-tv.md\/ro\/foto-biblioteca-%e2%80%9emihai-eminescu%e2%80%9d-din-cimi%c8%99lia-%c8%99i-a-%c3%aembog%c4%83%c8%9bit-fondul-de-carte-printr-o-dona%c8%9bie-din-c%c3%a2mpina\/#primaryimage"},"image":{"@id":"https:\/\/bas-tv.md\/ro\/foto-biblioteca-%e2%80%9emihai-eminescu%e2%80%9d-din-cimi%c8%99lia-%c8%99i-a-%c3%aembog%c4%83%c8%9bit-fondul-de-carte-printr-o-dona%c8%9bie-din-c%c3%a2mpina\/#primaryimage"},"thumbnailUrl":"https:\/\/bas-tv.md\/wp-content\/uploads\/2026\/09\/donatie-carti.jpg","datePublished":"2026-09-02T10:00:49+00:00","description":"Biblioteca \u201eMihai Eminescu\u201d din Cimi\u0219lia \u0219i-a \u00eembog\u0103\u021bit fondul de carte cu volume donate de Marian Dul\u0103, prieten al ora\u0219ului C\u00e2mpina.","inLanguage":"ro-RO","potentialAction":[{"@type":"ReadAction","target":["https:\/\/bas-tv.md\/ro\/foto-biblioteca-%e2%80%9emihai-eminescu%e2%80%9d-din-cimi%c8%99lia-%c8%99i-a-%c3%aembog%c4%83%c8%9bit-fondul-de-carte-printr-o-dona%c8%9bie-din-c%c3%a2mpina\/"]}]},{"@type":"ImageObject","inLanguage":"ro-RO","@id":"https:\/\/bas-tv.md\/ro\/foto-biblioteca-%e2%80%9emihai-eminescu%e2%80%9d-din-cimi%c8%99lia-%c8%99i-a-%c3%aembog%c4%83%c8%9bit-fondul-de-carte-printr-o-dona%c8%9bie-din-c%c3%a2mpina\/#primaryimage","url":"https:\/\/bas-tv.md\/wp-content\/uploads\/2026\/09\/donatie-carti.jpg","contentUrl":"https:\/\/bas-tv.md\/wp-content\/uploads\/2026\/09\/donatie-carti.jpg","width":2048,"height":1153,"caption":"Foto: Facebook\/Prim\u0103ria Cimi\u015flia"},{"@type":"WebSite","@id":"https:\/\/bas-tv.md\/ro\/#website","url":"https:\/\/bas-tv.md\/ro\/","name":"BasTV","description":"Moldova","publisher":{"@id":"https:\/\/bas-tv.md\/ro\/#organization"},"potentialAction":[{"@type":"SearchAction","target":{"@type":"EntryPoint","urlTemplate":"https:\/\/bas-tv.md\/ro\/?s={search_term_string}"},"query-input":{"@type":"PropertyValueSpecification","valueRequired":true,"valueName":"search_term_string"}}],"inLanguage":"ro-RO"},{"@type":"Organization","@id":"https:\/\/bas-tv.md\/ro\/#organization","name":"BasTV","url":"https:\/\/bas-tv.md\/ro\/","logo":{"@type":"ImageObject","inLanguage":"ro-RO","@id":"https:\/\/bas-tv.md\/ro\/#\/schema\/logo\/image\/","url":"https:\/\/bas-tv.md\/wp-content\/uploads\/2023\/05\/bas-tv-culoarea-rosie.png","contentUrl":"https:\/\/bas-tv.md\/wp-content\/uploads\/2023\/05\/bas-tv-culoarea-rosie.png","width":202,"height":50,"caption":"BasTV"},"image":{"@id":"https:\/\/bas-tv.md\/ro\/#\/schema\/logo\/image\/"}},{"@type":"Person","@id":"https:\/\/bas-tv.md\/ro\/#\/schema\/person\/8740f45ea2eca1f1695284fc03529af0","name":"Redactor","image":{"@type":"ImageObject","inLanguage":"ro-RO","@id":"https:\/\/bas-tv.md\/wp-content\/litespeed\/avatar\/91c0586f3f6f4396a4ec1287c965eeeb.jpg?ver=1788155382","url":"https:\/\/bas-tv.md\/wp-content\/litespeed\/avatar\/91c0586f3f6f4396a4ec1287c965eeeb.jpg?ver=1788155382","contentUrl":"https:\/\/bas-tv.md\/wp-content\/litespeed\/avatar\/91c0586f3f6f4396a4ec1287c965eeeb.jpg?ver=1788155382","caption":"Redactor"},"url":"https:\/\/bas-tv.md\/ro\/author\/redactor\/"}]}},"views":12,"_links":{"self":[{"href":"https:\/\/bas-tv.md\/ro\/wp-json\/wp\/v2\/posts\/191411","targetHints":{"allow":["GET"]}}],"collection":[{"href":"https:\/\/bas-tv.md\/ro\/wp-json\/wp\/v2\/posts"}],"about":[{"href":"https:\/\/bas-tv.md\/ro\/wp-json\/wp\/v2\/types\/post"}],"author":[{"embeddable":true,"href":"https:\/\/bas-tv.md\/ro\/wp-json\/wp\/v2\/users\/3"}],"replies":[{"embeddable":true,"href":"https:\/\/bas-tv.md\/ro\/wp-json\/wp\/v2\/comments?post=191411"}],"version-history":[{"count":2,"href":"https:\/\/bas-tv.md\/ro\/wp-json\/wp\/v2\/posts\/191411\/revisions"}],"predecessor-version":[{"id":191444,"href":"https:\/\/bas-tv.md\/ro\/wp-json\/wp\/v2\/posts\/191411\/revisions\/191444"}],"wp:featuredmedia":[{"embeddable":true,"href":"https:\/\/bas-tv.md\/ro\/wp-json\/wp\/v2\/media\/191445"}],"wp:attachment":[{"href":"https:\/\/bas-tv.md\/ro\/wp-json\/wp\/v2\/media?parent=191411"}],"wp:term":[{"taxonomy":"category","embeddable":true,"href":"https:\/\/bas-tv.md\/ro\/wp-json\/wp\/v2\/categories?post=191411"},{"taxonomy":"post_tag","embeddable":true,"href":"https:\/\/bas-tv.md\/ro\/wp-json\/wp\/v2\/tags?post=191411"}],"curies":[{"name":"wp","href":"https:\/\/api.w.org\/{rel}","templated":true}]}}