{"id":191447,"date":"2026-09-03T10:00:09","date_gmt":"2026-09-03T07:00:09","guid":{"rendered":"https:\/\/bas-tv.md\/?p=191447"},"modified":"2026-09-02T15:22:24","modified_gmt":"2026-09-02T12:22:24","slug":"centrul-%e2%80%9eluceaf%c4%83rul%e2%80%9d-din-basarabeasca-%c3%aenscrie-copii-%c8%99i-tineri-la-activit%c4%83%c8%9bi-extra%c8%99colare-pentru-anul-2026%e2%80%932027","status":"publish","type":"post","link":"https:\/\/bas-tv.md\/ro\/centrul-%e2%80%9eluceaf%c4%83rul%e2%80%9d-din-basarabeasca-%c3%aenscrie-copii-%c8%99i-tineri-la-activit%c4%83%c8%9bi-extra%c8%99colare-pentru-anul-2026%e2%80%932027\/","title":{"rendered":"Centrul \u201eLuceaf\u0103rul\u201d din Basarabeasca \u00eenscrie copii \u0219i tineri la activit\u0103\u021bi extra\u0219colare pentru anul 2026\u20132027"},"content":{"rendered":"<p><strong>Centrul Raional de Crea\u021bie al Copiilor \u201eLuceaf\u0103rul\u201d din Basarabeasca a \u00eenceput \u00eenscrierea copiilor \u0219i tinerilor la cercurile de activitate extra\u0219colar\u0103 pentru anul de studii 2026\u20132027. Doritorii pot depune cererile \u00een perioada 1\u201315 septembrie, \u00eentre orele 09:00 \u0219i 17:00.<\/strong><\/p>\n<p>Institu\u021bia propune mai multe activit\u0103\u021bi prin care copiii \u00ee\u0219i pot descoperi \u0219i dezvolta aptitudinile artistice, muzicale \u0219i creative.<\/p>\n<p>La profilul de art\u0103 coregrafic\u0103, participan\u021bii pot opta pentru dans popular moldovenesc, dans contemporan sau dans modern.<\/p>\n<p>Pentru cei pasiona\u021bi de muzic\u0103 sunt disponibile cercuri de instrumente aerofone \u0219i populare, precum \u0219i ansambluri de fluieri\u0219ti, chitari\u0219ti \u0219i un ansamblu vocal-instrumental.<\/p>\n<p>O ofert\u0103 variat\u0103 este preg\u0103tit\u0103 \u0219i la profilul de art\u0103 plastic\u0103 \u0219i decorativ\u0103. Copiii se pot \u00eenscrie la pictur\u0103, pictur\u0103 pe sticl\u0103, pictur\u0103 punctat\u0103, confec\u021bionarea obiectelor din materiale reciclabile, papier-m\u00e2ch\u00e9, \u00eempletituri cu biser, por\u021belan rece, baticul rece sau pirogravur\u0103.<\/p>\n<p>Pe l\u00e2ng\u0103 aceste cercuri, Centrul \u201eLuceaf\u0103rul\u201d organizeaz\u0103 \u0219i diverse activit\u0103\u021bi educative \u0219i recreative, menite s\u0103 le ofere copiilor posibilitatea de a-\u0219i petrece timpul liber \u00eentr-un mod util \u0219i creativ.<\/p>\n","protected":false},"excerpt":{"rendered":"<p>Centrul Raional de Crea\u021bie al Copiilor \u201eLuceaf\u0103rul\u201d din Basarabeasca a \u00eenceput \u00eenscrierea copiilor \u0219i tinerilor la cercurile de activitate extra\u0219colar\u0103 pentru anul de studii 2026\u20132027. Doritorii pot depune cererile \u00een perioada 1\u201315 septembrie, \u00eentre orele 09:00 \u0219i 17:00. Institu\u021bia propune mai multe activit\u0103\u021bi prin care copiii \u00ee\u0219i pot descoperi \u0219i dezvolta aptitudinile artistice, muzicale \u0219i [&hellip;]<\/p>\n","protected":false},"author":3,"featured_media":191449,"comment_status":"closed","ping_status":"closed","sticky":false,"template":"","format":"standard","meta":{"footnotes":""},"categories":[219,574],"tags":[23458,23459,23455,23456,9642,693,16687,23454,1505,3798,2179,23457,23243,2218],"class_list":["post-191447","post","type-post","status-publish","format-standard","has-post-thumbnail","hentry","category-anunturi","category-util","tag-2026-2027","tag-activitati-creative","tag-activitati-extrascolare","tag-arta-decorativa","tag-arta-plastica","tag-basarabeasca-ro","tag-centrul-luceafarul","tag-cercuri-extrascolare","tag-copii","tag-dans","tag-educatie","tag-inscrieri","tag-muzica","tag-tineri"],"yoast_head":"<!-- This site is optimized with the Yoast SEO plugin v28.4 - https:\/\/yoast.com\/product\/yoast-seo-wordpress\/ -->\n<title>\u00censcrieri la cercurile Centrului \u201eLuceaf\u0103rul\u201d din Basarabeasca<\/title>\n<meta name=\"description\" content=\"Centrul \u201eLuceaf\u0103rul\u201d din Basarabeasca \u00eenscrie copii la cercurile extra\u0219colare pentru anul 2026\u20132027. Cererile se depun p\u00e2n\u0103 pe 15 septembrie.\" \/>\n<meta name=\"robots\" content=\"index, follow, max-snippet:-1, max-image-preview:large, max-video-preview:-1\" \/>\n<link rel=\"canonical\" href=\"https:\/\/bas-tv.md\/ro\/centrul-%e2%80%9eluceaf%c4%83rul%e2%80%9d-din-basarabeasca-%c3%aenscrie-copii-%c8%99i-tineri-la-activit%c4%83%c8%9bi-extra%c8%99colare-pentru-anul-2026%e2%80%932027\/\" \/>\n<meta property=\"og:locale\" content=\"ro_RO\" \/>\n<meta property=\"og:type\" content=\"article\" \/>\n<meta property=\"og:title\" content=\"\u00censcrieri la cercurile Centrului \u201eLuceaf\u0103rul\u201d din Basarabeasca\" \/>\n<meta property=\"og:description\" content=\"Centrul \u201eLuceaf\u0103rul\u201d din Basarabeasca \u00eenscrie copii la cercurile extra\u0219colare pentru anul 2026\u20132027. Cererile se depun p\u00e2n\u0103 pe 15 septembrie.\" \/>\n<meta property=\"og:url\" content=\"https:\/\/bas-tv.md\/ro\/centrul-%e2%80%9eluceaf%c4%83rul%e2%80%9d-din-basarabeasca-%c3%aenscrie-copii-%c8%99i-tineri-la-activit%c4%83%c8%9bi-extra%c8%99colare-pentru-anul-2026%e2%80%932027\/\" \/>\n<meta property=\"og:site_name\" content=\"BasTV\" \/>\n<meta property=\"article:published_time\" content=\"2026-09-03T07:00:09+00:00\" \/>\n<meta property=\"og:image\" content=\"https:\/\/bas-tv.md\/wp-content\/uploads\/2026\/09\/centrul-luceafarul.jpg\" \/>\n\t<meta property=\"og:image:width\" content=\"1280\" \/>\n\t<meta property=\"og:image:height\" content=\"574\" \/>\n\t<meta property=\"og:image:type\" content=\"image\/jpeg\" \/>\n<meta name=\"author\" content=\"Redactor\" \/>\n<meta name=\"twitter:card\" content=\"summary_large_image\" \/>\n<meta name=\"twitter:label1\" content=\"Scris de\" \/>\n\t<meta name=\"twitter:data1\" content=\"Redactor\" \/>\n\t<meta name=\"twitter:label2\" content=\"Timp estimat pentru citire\" \/>\n\t<meta name=\"twitter:data2\" content=\"2 minute\" \/>\n<script type=\"application\/ld+json\" class=\"yoast-schema-graph\">{\"@context\":\"https:\\\/\\\/schema.org\",\"@graph\":[{\"@type\":\"Article\",\"@id\":\"https:\\\/\\\/bas-tv.md\\\/ro\\\/centrul-%e2%80%9eluceaf%c4%83rul%e2%80%9d-din-basarabeasca-%c3%aenscrie-copii-%c8%99i-tineri-la-activit%c4%83%c8%9bi-extra%c8%99colare-pentru-anul-2026%e2%80%932027\\\/#article\",\"isPartOf\":{\"@id\":\"https:\\\/\\\/bas-tv.md\\\/ro\\\/centrul-%e2%80%9eluceaf%c4%83rul%e2%80%9d-din-basarabeasca-%c3%aenscrie-copii-%c8%99i-tineri-la-activit%c4%83%c8%9bi-extra%c8%99colare-pentru-anul-2026%e2%80%932027\\\/\"},\"author\":{\"name\":\"Redactor\",\"@id\":\"https:\\\/\\\/bas-tv.md\\\/ro\\\/#\\\/schema\\\/person\\\/8740f45ea2eca1f1695284fc03529af0\"},\"headline\":\"Centrul \u201eLuceaf\u0103rul\u201d din Basarabeasca \u00eenscrie copii \u0219i tineri la activit\u0103\u021bi extra\u0219colare pentru anul 2026\u20132027\",\"datePublished\":\"2026-09-03T07:00:09+00:00\",\"mainEntityOfPage\":{\"@id\":\"https:\\\/\\\/bas-tv.md\\\/ro\\\/centrul-%e2%80%9eluceaf%c4%83rul%e2%80%9d-din-basarabeasca-%c3%aenscrie-copii-%c8%99i-tineri-la-activit%c4%83%c8%9bi-extra%c8%99colare-pentru-anul-2026%e2%80%932027\\\/\"},\"wordCount\":193,\"publisher\":{\"@id\":\"https:\\\/\\\/bas-tv.md\\\/ro\\\/#organization\"},\"image\":{\"@id\":\"https:\\\/\\\/bas-tv.md\\\/ro\\\/centrul-%e2%80%9eluceaf%c4%83rul%e2%80%9d-din-basarabeasca-%c3%aenscrie-copii-%c8%99i-tineri-la-activit%c4%83%c8%9bi-extra%c8%99colare-pentru-anul-2026%e2%80%932027\\\/#primaryimage\"},\"thumbnailUrl\":\"https:\\\/\\\/bas-tv.md\\\/wp-content\\\/uploads\\\/2026\\\/09\\\/centrul-luceafarul.jpg\",\"keywords\":[\"2026\u20132027\",\"activit\u0103\u021bi creative\",\"activit\u0103\u021bi extra\u0219colare\",\"art\u0103 decorativ\u0103\",\"art\u0103 plastic\u0103\",\"Basarabeasca\",\"Centrul Luceaf\u0103rul\",\"cercuri extra\u0219colare\",\"copii\",\"dans\",\"educa\u021bie\",\"\u00eenscrieri\",\"muzic\u0103\",\"tineri\"],\"articleSection\":[\"Anun\u021buri\",\"Util\"],\"inLanguage\":\"ro-RO\"},{\"@type\":\"WebPage\",\"@id\":\"https:\\\/\\\/bas-tv.md\\\/ro\\\/centrul-%e2%80%9eluceaf%c4%83rul%e2%80%9d-din-basarabeasca-%c3%aenscrie-copii-%c8%99i-tineri-la-activit%c4%83%c8%9bi-extra%c8%99colare-pentru-anul-2026%e2%80%932027\\\/\",\"url\":\"https:\\\/\\\/bas-tv.md\\\/ro\\\/centrul-%e2%80%9eluceaf%c4%83rul%e2%80%9d-din-basarabeasca-%c3%aenscrie-copii-%c8%99i-tineri-la-activit%c4%83%c8%9bi-extra%c8%99colare-pentru-anul-2026%e2%80%932027\\\/\",\"name\":\"\u00censcrieri la cercurile Centrului \u201eLuceaf\u0103rul\u201d din Basarabeasca\",\"isPartOf\":{\"@id\":\"https:\\\/\\\/bas-tv.md\\\/ro\\\/#website\"},\"primaryImageOfPage\":{\"@id\":\"https:\\\/\\\/bas-tv.md\\\/ro\\\/centrul-%e2%80%9eluceaf%c4%83rul%e2%80%9d-din-basarabeasca-%c3%aenscrie-copii-%c8%99i-tineri-la-activit%c4%83%c8%9bi-extra%c8%99colare-pentru-anul-2026%e2%80%932027\\\/#primaryimage\"},\"image\":{\"@id\":\"https:\\\/\\\/bas-tv.md\\\/ro\\\/centrul-%e2%80%9eluceaf%c4%83rul%e2%80%9d-din-basarabeasca-%c3%aenscrie-copii-%c8%99i-tineri-la-activit%c4%83%c8%9bi-extra%c8%99colare-pentru-anul-2026%e2%80%932027\\\/#primaryimage\"},\"thumbnailUrl\":\"https:\\\/\\\/bas-tv.md\\\/wp-content\\\/uploads\\\/2026\\\/09\\\/centrul-luceafarul.jpg\",\"datePublished\":\"2026-09-03T07:00:09+00:00\",\"description\":\"Centrul \u201eLuceaf\u0103rul\u201d din Basarabeasca \u00eenscrie copii la cercurile extra\u0219colare pentru anul 2026\u20132027. Cererile se depun p\u00e2n\u0103 pe 15 septembrie.\",\"inLanguage\":\"ro-RO\",\"potentialAction\":[{\"@type\":\"ReadAction\",\"target\":[\"https:\\\/\\\/bas-tv.md\\\/ro\\\/centrul-%e2%80%9eluceaf%c4%83rul%e2%80%9d-din-basarabeasca-%c3%aenscrie-copii-%c8%99i-tineri-la-activit%c4%83%c8%9bi-extra%c8%99colare-pentru-anul-2026%e2%80%932027\\\/\"]}]},{\"@type\":\"ImageObject\",\"inLanguage\":\"ro-RO\",\"@id\":\"https:\\\/\\\/bas-tv.md\\\/ro\\\/centrul-%e2%80%9eluceaf%c4%83rul%e2%80%9d-din-basarabeasca-%c3%aenscrie-copii-%c8%99i-tineri-la-activit%c4%83%c8%9bi-extra%c8%99colare-pentru-anul-2026%e2%80%932027\\\/#primaryimage\",\"url\":\"https:\\\/\\\/bas-tv.md\\\/wp-content\\\/uploads\\\/2026\\\/09\\\/centrul-luceafarul.jpg\",\"contentUrl\":\"https:\\\/\\\/bas-tv.md\\\/wp-content\\\/uploads\\\/2026\\\/09\\\/centrul-luceafarul.jpg\",\"width\":1280,\"height\":574,\"caption\":\"Foto: BAStv\"},{\"@type\":\"WebSite\",\"@id\":\"https:\\\/\\\/bas-tv.md\\\/ro\\\/#website\",\"url\":\"https:\\\/\\\/bas-tv.md\\\/ro\\\/\",\"name\":\"BasTV\",\"description\":\"Moldova\",\"publisher\":{\"@id\":\"https:\\\/\\\/bas-tv.md\\\/ro\\\/#organization\"},\"potentialAction\":[{\"@type\":\"SearchAction\",\"target\":{\"@type\":\"EntryPoint\",\"urlTemplate\":\"https:\\\/\\\/bas-tv.md\\\/ro\\\/?s={search_term_string}\"},\"query-input\":{\"@type\":\"PropertyValueSpecification\",\"valueRequired\":true,\"valueName\":\"search_term_string\"}}],\"inLanguage\":\"ro-RO\"},{\"@type\":\"Organization\",\"@id\":\"https:\\\/\\\/bas-tv.md\\\/ro\\\/#organization\",\"name\":\"BasTV\",\"url\":\"https:\\\/\\\/bas-tv.md\\\/ro\\\/\",\"logo\":{\"@type\":\"ImageObject\",\"inLanguage\":\"ro-RO\",\"@id\":\"https:\\\/\\\/bas-tv.md\\\/ro\\\/#\\\/schema\\\/logo\\\/image\\\/\",\"url\":\"https:\\\/\\\/bas-tv.md\\\/wp-content\\\/uploads\\\/2023\\\/05\\\/bas-tv-culoarea-rosie.png\",\"contentUrl\":\"https:\\\/\\\/bas-tv.md\\\/wp-content\\\/uploads\\\/2023\\\/05\\\/bas-tv-culoarea-rosie.png\",\"width\":202,\"height\":50,\"caption\":\"BasTV\"},\"image\":{\"@id\":\"https:\\\/\\\/bas-tv.md\\\/ro\\\/#\\\/schema\\\/logo\\\/image\\\/\"}},{\"@type\":\"Person\",\"@id\":\"https:\\\/\\\/bas-tv.md\\\/ro\\\/#\\\/schema\\\/person\\\/8740f45ea2eca1f1695284fc03529af0\",\"name\":\"Redactor\",\"image\":{\"@type\":\"ImageObject\",\"inLanguage\":\"ro-RO\",\"@id\":\"https:\\\/\\\/bas-tv.md\\\/wp-content\\\/litespeed\\\/avatar\\\/91c0586f3f6f4396a4ec1287c965eeeb.jpg?ver=1788155382\",\"url\":\"https:\\\/\\\/bas-tv.md\\\/wp-content\\\/litespeed\\\/avatar\\\/91c0586f3f6f4396a4ec1287c965eeeb.jpg?ver=1788155382\",\"contentUrl\":\"https:\\\/\\\/bas-tv.md\\\/wp-content\\\/litespeed\\\/avatar\\\/91c0586f3f6f4396a4ec1287c965eeeb.jpg?ver=1788155382\",\"caption\":\"Redactor\"},\"url\":\"https:\\\/\\\/bas-tv.md\\\/ro\\\/author\\\/redactor\\\/\"}]}<\/script>\n<!-- \/ Yoast SEO plugin. -->","yoast_head_json":{"title":"\u00censcrieri la cercurile Centrului \u201eLuceaf\u0103rul\u201d din Basarabeasca","description":"Centrul \u201eLuceaf\u0103rul\u201d din Basarabeasca \u00eenscrie copii la cercurile extra\u0219colare pentru anul 2026\u20132027. Cererile se depun p\u00e2n\u0103 pe 15 septembrie.","robots":{"index":"index","follow":"follow","max-snippet":"max-snippet:-1","max-image-preview":"max-image-preview:large","max-video-preview":"max-video-preview:-1"},"canonical":"https:\/\/bas-tv.md\/ro\/centrul-%e2%80%9eluceaf%c4%83rul%e2%80%9d-din-basarabeasca-%c3%aenscrie-copii-%c8%99i-tineri-la-activit%c4%83%c8%9bi-extra%c8%99colare-pentru-anul-2026%e2%80%932027\/","og_locale":"ro_RO","og_type":"article","og_title":"\u00censcrieri la cercurile Centrului \u201eLuceaf\u0103rul\u201d din Basarabeasca","og_description":"Centrul \u201eLuceaf\u0103rul\u201d din Basarabeasca \u00eenscrie copii la cercurile extra\u0219colare pentru anul 2026\u20132027. Cererile se depun p\u00e2n\u0103 pe 15 septembrie.","og_url":"https:\/\/bas-tv.md\/ro\/centrul-%e2%80%9eluceaf%c4%83rul%e2%80%9d-din-basarabeasca-%c3%aenscrie-copii-%c8%99i-tineri-la-activit%c4%83%c8%9bi-extra%c8%99colare-pentru-anul-2026%e2%80%932027\/","og_site_name":"BasTV","article_published_time":"2026-09-03T07:00:09+00:00","og_image":[{"width":1280,"height":574,"url":"https:\/\/bas-tv.md\/wp-content\/uploads\/2026\/09\/centrul-luceafarul.jpg","type":"image\/jpeg"}],"author":"Redactor","twitter_card":"summary_large_image","twitter_misc":{"Scris de":"Redactor","Timp estimat pentru citire":"2 minute"},"schema":{"@context":"https:\/\/schema.org","@graph":[{"@type":"Article","@id":"https:\/\/bas-tv.md\/ro\/centrul-%e2%80%9eluceaf%c4%83rul%e2%80%9d-din-basarabeasca-%c3%aenscrie-copii-%c8%99i-tineri-la-activit%c4%83%c8%9bi-extra%c8%99colare-pentru-anul-2026%e2%80%932027\/#article","isPartOf":{"@id":"https:\/\/bas-tv.md\/ro\/centrul-%e2%80%9eluceaf%c4%83rul%e2%80%9d-din-basarabeasca-%c3%aenscrie-copii-%c8%99i-tineri-la-activit%c4%83%c8%9bi-extra%c8%99colare-pentru-anul-2026%e2%80%932027\/"},"author":{"name":"Redactor","@id":"https:\/\/bas-tv.md\/ro\/#\/schema\/person\/8740f45ea2eca1f1695284fc03529af0"},"headline":"Centrul \u201eLuceaf\u0103rul\u201d din Basarabeasca \u00eenscrie copii \u0219i tineri la activit\u0103\u021bi extra\u0219colare pentru anul 2026\u20132027","datePublished":"2026-09-03T07:00:09+00:00","mainEntityOfPage":{"@id":"https:\/\/bas-tv.md\/ro\/centrul-%e2%80%9eluceaf%c4%83rul%e2%80%9d-din-basarabeasca-%c3%aenscrie-copii-%c8%99i-tineri-la-activit%c4%83%c8%9bi-extra%c8%99colare-pentru-anul-2026%e2%80%932027\/"},"wordCount":193,"publisher":{"@id":"https:\/\/bas-tv.md\/ro\/#organization"},"image":{"@id":"https:\/\/bas-tv.md\/ro\/centrul-%e2%80%9eluceaf%c4%83rul%e2%80%9d-din-basarabeasca-%c3%aenscrie-copii-%c8%99i-tineri-la-activit%c4%83%c8%9bi-extra%c8%99colare-pentru-anul-2026%e2%80%932027\/#primaryimage"},"thumbnailUrl":"https:\/\/bas-tv.md\/wp-content\/uploads\/2026\/09\/centrul-luceafarul.jpg","keywords":["2026\u20132027","activit\u0103\u021bi creative","activit\u0103\u021bi extra\u0219colare","art\u0103 decorativ\u0103","art\u0103 plastic\u0103","Basarabeasca","Centrul Luceaf\u0103rul","cercuri extra\u0219colare","copii","dans","educa\u021bie","\u00eenscrieri","muzic\u0103","tineri"],"articleSection":["Anun\u021buri","Util"],"inLanguage":"ro-RO"},{"@type":"WebPage","@id":"https:\/\/bas-tv.md\/ro\/centrul-%e2%80%9eluceaf%c4%83rul%e2%80%9d-din-basarabeasca-%c3%aenscrie-copii-%c8%99i-tineri-la-activit%c4%83%c8%9bi-extra%c8%99colare-pentru-anul-2026%e2%80%932027\/","url":"https:\/\/bas-tv.md\/ro\/centrul-%e2%80%9eluceaf%c4%83rul%e2%80%9d-din-basarabeasca-%c3%aenscrie-copii-%c8%99i-tineri-la-activit%c4%83%c8%9bi-extra%c8%99colare-pentru-anul-2026%e2%80%932027\/","name":"\u00censcrieri la cercurile Centrului \u201eLuceaf\u0103rul\u201d din Basarabeasca","isPartOf":{"@id":"https:\/\/bas-tv.md\/ro\/#website"},"primaryImageOfPage":{"@id":"https:\/\/bas-tv.md\/ro\/centrul-%e2%80%9eluceaf%c4%83rul%e2%80%9d-din-basarabeasca-%c3%aenscrie-copii-%c8%99i-tineri-la-activit%c4%83%c8%9bi-extra%c8%99colare-pentru-anul-2026%e2%80%932027\/#primaryimage"},"image":{"@id":"https:\/\/bas-tv.md\/ro\/centrul-%e2%80%9eluceaf%c4%83rul%e2%80%9d-din-basarabeasca-%c3%aenscrie-copii-%c8%99i-tineri-la-activit%c4%83%c8%9bi-extra%c8%99colare-pentru-anul-2026%e2%80%932027\/#primaryimage"},"thumbnailUrl":"https:\/\/bas-tv.md\/wp-content\/uploads\/2026\/09\/centrul-luceafarul.jpg","datePublished":"2026-09-03T07:00:09+00:00","description":"Centrul \u201eLuceaf\u0103rul\u201d din Basarabeasca \u00eenscrie copii la cercurile extra\u0219colare pentru anul 2026\u20132027. Cererile se depun p\u00e2n\u0103 pe 15 septembrie.","inLanguage":"ro-RO","potentialAction":[{"@type":"ReadAction","target":["https:\/\/bas-tv.md\/ro\/centrul-%e2%80%9eluceaf%c4%83rul%e2%80%9d-din-basarabeasca-%c3%aenscrie-copii-%c8%99i-tineri-la-activit%c4%83%c8%9bi-extra%c8%99colare-pentru-anul-2026%e2%80%932027\/"]}]},{"@type":"ImageObject","inLanguage":"ro-RO","@id":"https:\/\/bas-tv.md\/ro\/centrul-%e2%80%9eluceaf%c4%83rul%e2%80%9d-din-basarabeasca-%c3%aenscrie-copii-%c8%99i-tineri-la-activit%c4%83%c8%9bi-extra%c8%99colare-pentru-anul-2026%e2%80%932027\/#primaryimage","url":"https:\/\/bas-tv.md\/wp-content\/uploads\/2026\/09\/centrul-luceafarul.jpg","contentUrl":"https:\/\/bas-tv.md\/wp-content\/uploads\/2026\/09\/centrul-luceafarul.jpg","width":1280,"height":574,"caption":"Foto: BAStv"},{"@type":"WebSite","@id":"https:\/\/bas-tv.md\/ro\/#website","url":"https:\/\/bas-tv.md\/ro\/","name":"BasTV","description":"Moldova","publisher":{"@id":"https:\/\/bas-tv.md\/ro\/#organization"},"potentialAction":[{"@type":"SearchAction","target":{"@type":"EntryPoint","urlTemplate":"https:\/\/bas-tv.md\/ro\/?s={search_term_string}"},"query-input":{"@type":"PropertyValueSpecification","valueRequired":true,"valueName":"search_term_string"}}],"inLanguage":"ro-RO"},{"@type":"Organization","@id":"https:\/\/bas-tv.md\/ro\/#organization","name":"BasTV","url":"https:\/\/bas-tv.md\/ro\/","logo":{"@type":"ImageObject","inLanguage":"ro-RO","@id":"https:\/\/bas-tv.md\/ro\/#\/schema\/logo\/image\/","url":"https:\/\/bas-tv.md\/wp-content\/uploads\/2023\/05\/bas-tv-culoarea-rosie.png","contentUrl":"https:\/\/bas-tv.md\/wp-content\/uploads\/2023\/05\/bas-tv-culoarea-rosie.png","width":202,"height":50,"caption":"BasTV"},"image":{"@id":"https:\/\/bas-tv.md\/ro\/#\/schema\/logo\/image\/"}},{"@type":"Person","@id":"https:\/\/bas-tv.md\/ro\/#\/schema\/person\/8740f45ea2eca1f1695284fc03529af0","name":"Redactor","image":{"@type":"ImageObject","inLanguage":"ro-RO","@id":"https:\/\/bas-tv.md\/wp-content\/litespeed\/avatar\/91c0586f3f6f4396a4ec1287c965eeeb.jpg?ver=1788155382","url":"https:\/\/bas-tv.md\/wp-content\/litespeed\/avatar\/91c0586f3f6f4396a4ec1287c965eeeb.jpg?ver=1788155382","contentUrl":"https:\/\/bas-tv.md\/wp-content\/litespeed\/avatar\/91c0586f3f6f4396a4ec1287c965eeeb.jpg?ver=1788155382","caption":"Redactor"},"url":"https:\/\/bas-tv.md\/ro\/author\/redactor\/"}]}},"views":40,"_links":{"self":[{"href":"https:\/\/bas-tv.md\/ro\/wp-json\/wp\/v2\/posts\/191447","targetHints":{"allow":["GET"]}}],"collection":[{"href":"https:\/\/bas-tv.md\/ro\/wp-json\/wp\/v2\/posts"}],"about":[{"href":"https:\/\/bas-tv.md\/ro\/wp-json\/wp\/v2\/types\/post"}],"author":[{"embeddable":true,"href":"https:\/\/bas-tv.md\/ro\/wp-json\/wp\/v2\/users\/3"}],"replies":[{"embeddable":true,"href":"https:\/\/bas-tv.md\/ro\/wp-json\/wp\/v2\/comments?post=191447"}],"version-history":[{"count":1,"href":"https:\/\/bas-tv.md\/ro\/wp-json\/wp\/v2\/posts\/191447\/revisions"}],"predecessor-version":[{"id":191448,"href":"https:\/\/bas-tv.md\/ro\/wp-json\/wp\/v2\/posts\/191447\/revisions\/191448"}],"wp:featuredmedia":[{"embeddable":true,"href":"https:\/\/bas-tv.md\/ro\/wp-json\/wp\/v2\/media\/191449"}],"wp:attachment":[{"href":"https:\/\/bas-tv.md\/ro\/wp-json\/wp\/v2\/media?parent=191447"}],"wp:term":[{"taxonomy":"category","embeddable":true,"href":"https:\/\/bas-tv.md\/ro\/wp-json\/wp\/v2\/categories?post=191447"},{"taxonomy":"post_tag","embeddable":true,"href":"https:\/\/bas-tv.md\/ro\/wp-json\/wp\/v2\/tags?post=191447"}],"curies":[{"name":"wp","href":"https:\/\/api.w.org\/{rel}","templated":true}]}}