{"id":191472,"date":"2026-09-03T19:00:43","date_gmt":"2026-09-03T16:00:43","guid":{"rendered":"https:\/\/bas-tv.md\/?p=191472"},"modified":"2026-09-03T13:17:41","modified_gmt":"2026-09-03T10:17:41","slug":"ba%c8%99calia-spune-%e2%80%9enu%e2%80%9d-amalgam%c4%83rii-normative-ce-presupune-reforma-administrativ-teritorial%c4%83-pentru-localitate-%c8%99i-de-ce-locuitorii-se-declar%c4%83-%c3%aempotriv%c4%83","status":"publish","type":"post","link":"https:\/\/bas-tv.md\/ro\/ba%c8%99calia-spune-%e2%80%9enu%e2%80%9d-amalgam%c4%83rii-normative-ce-presupune-reforma-administrativ-teritorial%c4%83-pentru-localitate-%c8%99i-de-ce-locuitorii-se-declar%c4%83-%c3%aempotriv%c4%83\/","title":{"rendered":"Ba\u0219calia spune \u201enu\u201d amalgam\u0103rii normative. Ce presupune reforma administrativ-teritorial\u0103 pentru localitate \u0219i de ce locuitorii se declar\u0103 \u00eempotriv\u0103"},"content":{"rendered":"<p><strong>Ba\u0219calia a \u00eencheiat etapa de consultare \u00een cadrul procesului de amalgamare normativ\u0103. Potrivit scrisorii Cancelariei de Stat, localitatea ar urma s\u0103 fie inclus\u0103 \u00eentr-o nou\u0103 unitate administrativ-teritorial\u0103 al\u0103turi de Abaclia \u0219i Iordanovca, cu Abaclia propus\u0103 drept viitor centru administrativ. Administra\u021bia public\u0103 local\u0103 \u0219i locuitorii care au participat la consult\u0103rile publice contest\u0103 aceast\u0103 formul\u0103 \u0219i solicit\u0103 men\u021binerea Ba\u0219caliei ca unitate administrativ-teritorial\u0103 distinct\u0103. \u00cen acela\u0219i timp, Guvernul sus\u021bine c\u0103 reorganizarea este necesar\u0103 pentru consolidarea capacit\u0103\u021bii administrative \u0219i \u00eembun\u0103t\u0103\u021birea serviciilor publice locale.<\/strong><\/p>\n<h4>Consult\u0103ri publice la Ba\u0219calia privind amalgamarea normativ\u0103<\/h4>\n<p>Pe 23 august 2026, locuitorii satului Ba\u0219calia s-au \u00eentrunit la Casa de Cultur\u0103 pentru a dezbate situa\u021bia localit\u0103\u021bii \u00een contextul reformei administra\u021biei publice locale.<\/p>\n<p>Adunarea general\u0103 a locuitorilor a fost convocat\u0103 prin dispozi\u021bia primarului nr. 37 din 20 august 2026 \u0219i a avut un singur punct pe ordinea de zi: consultarea cet\u0103\u021benilor \u00een procesul de amalgamare normativ\u0103 \u0219i examinarea Planului de Ac\u021biuni transmis de Cancelaria de Stat.<\/p>\n<p>La reuniune a participat \u0219i Mariana Plaxiv\u00eei, \u0219ef\u0103 adjunct\u0103 a Oficiului Teritorial H\u00eence\u0219ti al Cancelariei de Stat. Reprezentanta Cancelariei de Stat a explicat c\u0103 Ba\u0219calia nu a ini\u021biat procedura de amalgamare voluntar\u0103 \u00een termenele stabilite \u0219i, din acest motiv, localitatea a fost inclus\u0103 \u00een etapa urm\u0103toare &#8211; analiza propunerii de amalgamare \u00eenaintate de Guvern \u00een cadrul procesului de amalgamare normativ\u0103.<\/p>\n<p>La adunare au participat 610 locuitori ai satului Ba\u0219calia. La finalul consult\u0103rilor, propunerea de respingere a amalgam\u0103rii normative a fost supus\u0103 votului. Potrivit procesului-verbal, s-a votat \u00een unanimitate pentru respingerea amalgam\u0103rii.<\/p>\n<p>Discu\u021biile au avut loc dup\u0103 ce Prim\u0103ria Ba\u0219calia a primit, la 20 august 2026, scrisoarea Cancelariei de Stat nr. 29-78-10591 din 19 august 2026. Prin acest document, autorit\u0103\u021bile locale au fost informate c\u0103 Ba\u0219calia intr\u0103 \u00een etapa de amalgamare normativ\u0103 \u0219i c\u0103 Guvernul propune formarea unui cluster din UAT Abaclia, UAT Ba\u0219calia \u0219i UAT Iordanovca, cu Abaclia drept viitor centru administrativ.<\/p>\n<p><iframe data-src=\"https:\/\/drive.google.com\/file\/d\/1N7FxS_Vmpb5fTWvWJ4lNGbbOLnAgAueI\/preview\" width=\"640\" height=\"480\" src=\"data:image\/svg+xml;base64,PHN2ZyB3aWR0aD0iMSIgaGVpZ2h0PSIxIiB4bWxucz0iaHR0cDovL3d3dy53My5vcmcvMjAwMC9zdmciPjwvc3ZnPg==\" class=\"lazyload\" data-load-mode=\"1\"><\/iframe><\/p>\n<h4>Ce propune reforma administrativ-teritorial\u0103<\/h4>\n<p>Reforma administra\u021biei publice locale este prezentat\u0103 de Guvern drept o m\u0103sur\u0103 destinat\u0103 reducerii fragment\u0103rii administrative \u0219i consolid\u0103rii capacit\u0103\u021bii prim\u0103riilor.<\/p>\n<p>Potrivit datelor prezentate de autorit\u0103\u021bi, \u00een Republica Moldova peste 87% dintre prim\u0103rii, adic\u0103 776, au mai pu\u021bin de 3.000 de locuitori. Alte 63 de prim\u0103rii au \u00eentre 3.000 \u0219i 5.000 de locuitori, iar 53 au peste 5.000 de locuitori.<\/p>\n<p>Guvernul sus\u021bine c\u0103, \u00een cazul administra\u021biilor foarte mici, resursele disponibile sunt utilizate \u00eentr-o propor\u021bie semnificativ\u0103 pentru cheltuieli administrative, \u00een detrimentul investi\u021biilor \u0219i dezvolt\u0103rii locale. \u00cen viziunea autorit\u0103\u021bilor centrale, prim\u0103riile mai mari ar urma s\u0103 dispun\u0103 de resurse financiare \u0219i umane mai consistente, ceea ce ar permite atragerea mai eficient\u0103 a investi\u021biilor \u0219i prestarea unor servicii publice de calitate.<\/p>\n<p>Procesul a fost \u00eemp\u0103r\u021bit \u00een mai multe etape. Prima a vizat amalgamarea voluntar\u0103, reglementat\u0103 prin Legea nr. 225\/2023 privind amalgamarea voluntar\u0103 a unit\u0103\u021bilor administrativ-teritoriale. Pentru localit\u0103\u021bile care nu au ini\u021biat sau finalizat procedurile de amalgamare voluntar\u0103 \u00een termenele stabilite, autorit\u0103\u021bile au trecut la etapa amalgam\u0103rii normative.<\/p>\n<p>Secretarul general al Guvernului, Alexei Buzu, a declarat \u00eentr-o conferin\u021b\u0103 de pres\u0103 din 31 iulie 2026 c\u0103 obiectivul autorit\u0103\u021bilor este ca, dup\u0103 alegerile locale generale din 2027, prim\u0103riile din Republica Moldova s\u0103 nu mai aib\u0103 o popula\u021bie mai mic\u0103 de 3.000 de locuitori.<\/p>\n<p>Reforma administrativ-teritorial\u0103 a fost deja analizat\u0103 de BAStv \u00eentr-un material dedicat schimb\u0103rilor propuse de autorit\u0103\u021bi \u0219i impactului acestora asupra administra\u021biei publice locale din raionul Basarabeasca. Cite\u0219te materialul <a href=\"https:\/\/bas-tv.md\/admin-reform-basarabeasca-moldova\/\" target=\"_blank\" rel=\"noopener\">aici.<\/a><\/p>\n<h4>Popula\u021bia \u2013 unul dintre criteriile importante \u00een reorganizarea localit\u0103\u021bilor<\/h4>\n<p>Potrivit rezultatelor Recens\u0103m\u00e2ntului popula\u021biei \u0219i locuin\u021belor din 2024, Ba\u0219calia are 1.311 locuitori, Abaclia &#8211; 2.856, iar Iordanovca &#8211; 434.<\/p>\n<p>Separat, datele privind popula\u021bia cu re\u0219edin\u021b\u0103 obi\u0219nuit\u0103 la 1 ianuarie 2024, utilizate \u00een materialele referitoare la procesul de amalgamare, indic\u0103 1.313 locuitori pentru Ba\u0219calia, 2.900 pentru Abaclia \u0219i 435 pentru Iordanovca.<\/p>\n<p>Abaclia \u0219i Iordanovca au ini\u021biat deja procesul de amalgamare voluntar\u0103, adopt\u00e2nd decizii privind constituirea unei unit\u0103\u021bi administrativ-teritoriale comune.<\/p>\n<p>De cealalt\u0103 parte, Prim\u0103ria Ba\u0219calia sus\u021bine c\u0103 num\u0103rul persoanelor pe care le deserve\u0219te efectiv este considerabil mai mare.<\/p>\n<blockquote><p>\u201eConform caracteristicilor economice \u0219i al capacit\u0103\u021bii administrative, satul Ba\u0219calia cedeaz\u0103 satului Abaclia doar la capitolul popula\u021bie. (&#8230;)<\/p>\n<p>Ca administra\u021bie public\u0103 local\u0103, noi deservim aproximativ 3300 de persoane, inclusiv membrii diasporei, care la noi sunt foarte activi. \u00cen special \u00een perioada verii \u0219i cu ocazia s\u0103rb\u0103torilor, mul\u021bi dintre ei revin \u00een localitate, particip\u0103 la via\u021ba comunit\u0103\u021bii, la manifest\u0103ri culturale \u0219i la implementarea diferitelor proiecte, ei particip\u0103, sunt activi\u201d, afirm\u0103 Larisa Haru\u021ba, secretara Consiliului s\u0103tesc Ba\u0219calia.<\/p><\/blockquote>\n<p>\u00cen procesul-verbal al consult\u0103rilor, administra\u021bia local\u0103 indic\u0103 aproximativ 3.300 de persoane \u00eenregistrate cu domiciliul \u00een Ba\u0219calia, dintre care 2.826 sunt \u00eenscrise \u00een listele electorale. Aceste date reprezint\u0103 informa\u021bii prezentate de autorit\u0103\u021bile locale \u0219i nu trebuie confundate cu rezultatele oficiale ale recens\u0103m\u00e2ntului.<\/p>\n<p>Autorit\u0103\u021bile de la Ba\u0219calia explic\u0103 faptul c\u0103 aplicarea criteriului demografic ridic\u0103 mai multe semne de \u00eentrebare, principalele preocup\u0103ri \u021bin\u00e2nd de pozi\u021bionarea geografic\u0103, accesul la servicii, modul de \u00eemp\u0103r\u021bire a resurselor \u0219i m\u0103sura \u00een care necesit\u0103\u021bile popula\u021biei vor fi luate \u00een calcul.<\/p>\n<h4>\u201eNu putem aplica acela\u0219i \u0219ablon tuturor localit\u0103\u021bilor\u201d: criteriul geografic \u0219i accesul la servicii<\/h4>\n<p>Cancelaria de Stat afirm\u0103 c\u0103, la elaborarea propunerii de cluster, au fost luate \u00een calcul popula\u021bia localit\u0103\u021bilor, continuitatea teritorial\u0103, existen\u021ba drumurilor \u0219i a leg\u0103turilor dintre localit\u0103\u021bi, precum \u0219i barierele naturale \u0219i de infrastructur\u0103.<\/p>\n<p>Autorit\u0103\u021bile de la Ba\u0219calia contest\u0103 \u00eens\u0103 modul \u00een care aceste criterii au fost aplicate \u0219i sus\u021bin c\u0103 leg\u0103tura dintre Ba\u0219calia \u0219i Abaclia nu este una direct\u0103 \u0219i nici func\u021bional\u0103.<\/p>\n<p>Potrivit administra\u021biei locale \u0219i procesului-verbal al consult\u0103rilor, pentru deplasarea din Ba\u0219calia spre Abaclia este necesar\u0103 traversarea satului Cioc-Maidan din UTA G\u0103g\u0103uzia \u0219i a ora\u0219ului Basarabeasca. Distan\u021ba dep\u0103\u0219e\u0219te 35 de kilometri, iar starea drumului este descris\u0103 de autorit\u0103\u021bile locale drept nesatisf\u0103c\u0103toare.<\/p>\n<p>De asemenea, \u00een procesul-verbal este consemnat faptul c\u0103 \u00eentre Ba\u0219calia \u0219i Abaclia nu exist\u0103 transport public direct \u0219i regulat.<\/p>\n<blockquote><p>\u201eMotivul este unul geografic: amplasarea localit\u0103\u021bii nu ne permite s\u0103 ne amalgam\u0103m cu o alt\u0103 unitate administrativ-teritorial\u0103 din regiune, deoarece suntem \u00eenconjura\u021bi de satele din UTA G\u0103g\u0103uzia. Ni s-a propus amalgamarea voluntar\u0103 cu satul Abaclia. Consiliul s\u0103tesc a dat refuz, din motiv c\u0103, din punct de vedere teritorial, pentru a ajunge la Abaclia, ar trebui s\u0103 travers\u0103m dou\u0103 unit\u0103\u021bi administrativ-teritoriale \u2013 satul Cioc-Maidan \u0219i ora\u0219ul Basarabeasca\u201d, explic\u0103 Larisa Haru\u021ba.<\/p><\/blockquote>\n<p>Primarul satului Ba\u0219calia, Ion Bordan, consider\u0103 c\u0103 forma de organizare administrativ-teritorial\u0103 trebuie analizat\u0103 individual, pentru fiecare localitate \u00een parte, \u021bin\u00e2nd cont de amplasarea geografic\u0103:<\/p>\n<blockquote><p>\u201eNu putem aplica acela\u0219i \u0219ablon tuturor localit\u0103\u021bilor. Sunt sate \u0219i prim\u0103rii pentru care amalgamarea ar putea fi o solu\u021bie fireasc\u0103. Sunt localit\u0103\u021bi \u00eentre care distan\u021ba este foarte mic\u0103, uneori doar un drum le desparte, iar dac\u0103 nu ar exista indicatoarele, nici nu \u021bi-ai da seama unde se termin\u0103 o localitate \u0219i unde \u00eencepe alta. \u00cen astfel de cazuri, este posibil ca amalgamarea s\u0103 func\u021bioneze, tocmai pentru c\u0103 totul este foarte aproape \u0219i exist\u0103 o leg\u0103tur\u0103 fireasc\u0103 \u00eentre comunit\u0103\u021bi\u201d, concluzioneaz\u0103 Bordan.<\/p><\/blockquote>\n<p>Localnicii care au luat cuv\u00e2ntul la consult\u0103ri \u0219i-au exprimat, de asemenea, \u00eengrijorarea c\u0103 accesul la unele servicii ar putea deveni mai dificil \u0219i c\u0103 ar putea fi nevoi\u021bi s\u0103 se deplaseze la Abaclia pentru solu\u021bionarea unor probleme administrative.<\/p>\n<blockquote><p>\u201eSe vor uni mai multe prim\u0103rii, \u00eens\u0103 noi, din p\u0103cate, nu ne dorim acest lucru. Vrem s\u0103 r\u0103m\u00e2nem aparte. Principala noastr\u0103 \u00eengrijorare este legat\u0103 de oamenii \u00een v\u00e2rst\u0103. \u00cen sat au r\u0103mas mul\u021bi b\u0103tr\u00e2ni, iar pentru ei este mult mai dificil s\u0103 se deplaseze dintr-o localitate \u00een alta. Cred c\u0103 aceasta este cea mai mare problem\u0103\u201d, spune o locuitoare a satului Ba\u0219calia.<\/p><\/blockquote>\n<p>Un alt locuitor este de p\u0103rere c\u0103, indiferent de forma final\u0103 a reorganiz\u0103rii, unele servicii ar trebui s\u0103 r\u0103m\u00e2n\u0103 disponibile \u00een sat:<\/p>\n<p>\u201eConsider c\u0103 ar fi bine s\u0103 r\u0103m\u00e2n\u0103 m\u0103car unele servicii \u00een localitate, astfel \u00eenc\u00e2t oamenii \u00een v\u00e2rst\u0103 s\u0103 nu fie nevoi\u021bi s\u0103 mearg\u0103 \u00een alt sat pentru orice document sau problem\u0103\u201d, subliniaz\u0103 acesta.<\/p>\n<p>Temerile exprimate de locuitorii Ba\u0219caliei \u00een cadrul discu\u021biilor despre reform\u0103 au fost prezentate anterior de BAStv \u00eentr-un <a href=\"https:\/\/www.facebook.com\/reel\/968812689503563\" target=\"_blank\" rel=\"noopener\">material dedicat<\/a> pozi\u021biei comunit\u0103\u021bii fa\u021b\u0103 de eventuala amalgamare.<\/p>\n<p>Guvernul sus\u021bine c\u0103 reorganizarea nu ar trebui s\u0103 presupun\u0103 dispari\u021bia serviciilor publice din localit\u0103\u021bile care nu vor mai g\u0103zdui centrul administrativ. Conceptul reformei prevede mecanisme prin care cet\u0103\u021benii s\u0103 poat\u0103 accesa servicii \u0219i \u00een localit\u0103\u021bile componente, inclusiv prin reprezentan\u021bi ai noii administra\u021bii \u0219i prin digitalizarea serviciilor.<\/p>\n<p>\u00cen cadrul consult\u0103rilor publice de la Ba\u0219calia, Mariana Plaxiv\u00eei a men\u021bionat, potrivit procesului-verbal, c\u0103 serviciile publice ar urma s\u0103 continue s\u0103 fie prestate \u00een localitate \u0219i c\u0103 locuitorii nu ar trebui s\u0103 fie obliga\u021bi s\u0103 se deplaseze pentru fiecare serviciu.<\/p>\n<p>Eficien\u021ba acestor mecanisme va depinde \u00eens\u0103 de modul \u00een care reforma va fi reglementat\u0103 \u0219i implementat\u0103 \u00een practic\u0103.<\/p>\n<h4>Investi\u021bii \u0219i priorit\u0103\u021bi dup\u0103 amalgamare<\/h4>\n<p>Un alt subiect ridicat de administra\u021bia public\u0103 local\u0103 este modul \u00een care vor fi stabilite priorit\u0103\u021bile \u0219i investi\u021biile dup\u0103 reorganizare.<\/p>\n<p>Pentru reprezentan\u021bii Ba\u0219caliei, una dintre \u00eentreb\u0103ri este dac\u0103 investi\u021biile efectuate deja \u00een localitate vor fi luate \u00een calcul atunci c\u00e2nd vor fi stabilite priorit\u0103\u021bile unit\u0103\u021bii administrativ-teritoriale nou-formate:<\/p>\n<blockquote><p>\u201e\u00cen ceea ce prive\u0219te infrastructura, noi avem realizate aproximativ 70\u201380% dintre lucrurile necesare unei localit\u0103\u021bi. De aceea, \u00een cazul unei eventuale amalgam\u0103ri, ne dorim ca finan\u021b\u0103rile s\u0103 fie direc\u021bionate \u00een primul r\u00e2nd c\u0103tre domeniile \u00een care exist\u0103 cele mai mari necesit\u0103\u021bi.<\/p>\n<p>Principalele probleme sunt acolo unde infrastructura \u00eenc\u0103 lipse\u0219te, \u00een special \u00een ceea ce prive\u0219te apeductul \u0219i canalizarea. Nou\u0103 ni se va spune: \u201eVoi ave\u021bi deja aceast\u0103 infrastructur\u0103, pute\u021bi s\u0103 mai a\u0219tepta\u021bi; aici \u00eens\u0103 nu exist\u0103 ap\u0103, nu exist\u0103 canalizare \u0219i este nevoie urgent\u0103 de investi\u021bii\u201d\u201d, opineaz\u0103 Bordan.<\/p><\/blockquote>\n<p>Autorit\u0103\u021bile de la Ba\u0219calia sus\u021bin c\u0103, \u00een prezent, \u00eentre Ba\u0219calia \u0219i Abaclia nu exist\u0103 suficiente servicii publice comune, infrastructur\u0103 comun\u0103 sau proiecte comune care s\u0103 demonstreze c\u0103 administrarea acestora \u00een cadrul unei singure unit\u0103\u021bi administrativ-teritoriale ar fi mai eficient\u0103.<\/p>\n<p>\u00cen procesul-verbal sunt men\u021bionate mai multe dificult\u0103\u021bi care, \u00een opinia administra\u021biei locale, ar putea ap\u0103rea \u00een organizarea \u0219i gestionarea unor servicii comune, precum colectarea \u0219i gestionarea de\u0219eurilor, \u00eentre\u021binerea \u0219i modernizarea drumurilor, dezvoltarea infrastructurii publice, organizarea serviciilor comunale \u0219i dezvoltarea serviciilor publice integrate.<\/p>\n<p>Teama c\u0103 necesit\u0103\u021bile ba\u0219calienilor ar putea trece pe plan secund este \u00eemp\u0103rt\u0103\u0219it\u0103 \u0219i de unii localnici, care se tem c\u0103, odat\u0103 ce centrul administrativ ar fi stabilit la Abaclia, problemele lor de zi cu zi nu ar mai fi solu\u021bionate cu aceea\u0219i promptitudine.<\/p>\n<blockquote><p>\u201ePentru orice act, orice problem\u0103, va trebui s\u0103 te duci tocmai unde. Iar acel primar nu va veni s\u0103 vad\u0103 dac\u0103 se formeaz\u0103 o groap\u0103 \u00een drum sau mi se strope\u0219te gardul. Eu mai degrab\u0103 chem primarul nostru, el vede problema \u0219i intervine, rezolv\u0103 problema. Acel primar va veni la mine? Nu va veni!\u201d, spune o locuitoare a satului Ba\u0219calia.<\/p><\/blockquote>\n<p>Un alt s\u0103tean afirm\u0103 c\u0103 actualul model de administrare \u0219i-a demonstrat, \u00een opinia sa, eficien\u021ba, iar noua formul\u0103 ar putea aduce nesiguran\u021b\u0103 acolo unde lucrurile func\u021bioneaz\u0103 deja:<\/p>\n<blockquote><p>\u201eE ca \u0219i cum v-a\u0219 \u00eentreba: v-ar pl\u0103cea ca eu s\u0103 vin s\u0103 v\u0103 conduc gospod\u0103ria sau s\u0103-mi conduce\u021bi dumneavoastr\u0103 gospod\u0103ria? Nu putem \u0219ti ce ne rezerv\u0103 viitorul, \u00eens\u0103 eu cred c\u0103, a\u0219a cum suntem acum, este bine. P\u00e2n\u0103 \u00een prezent am tr\u0103it bine \u0219i f\u0103r\u0103 amalgamare, iar satul s-a dezvoltat. Avem \u0219i GAL-uri, vedem c\u0103 satul merge \u00eenainte. Dar dup\u0103 amalgamare cine \u0219tie cum va fi? Mai ales c\u0103 noi ne ducem la Abaclia, nu Abaclia vine la noi.\u201d<\/p><\/blockquote>\n<p>De cealalt\u0103 parte, Guvernul afirm\u0103 c\u0103 unul dintre avantajele amalgam\u0103rii ar fi capacitatea unei unit\u0103\u021bi administrative mai mari de a concentra resursele \u0219i de a realiza proiecte de amploare.<\/p>\n<p>\u00cen urma implement\u0103rii reformei, autorit\u0103\u021bile centrale estimeaz\u0103 c\u0103 prim\u0103riile mai mari ar putea dispune de capacit\u0103\u021bi \u0219i resurse mai consistente pentru a accesa fonduri externe \u0219i a implementa proiecte care s\u0103 r\u0103spund\u0103 necesit\u0103\u021bilor popula\u021biei. Administra\u021bia satului Ba\u0219calia respinge \u00eens\u0103 ideea c\u0103 doar o unitate administrativ-teritorial\u0103 amalgamat\u0103 ar avea capacitatea de a atrage \u0219i gestiona astfel de fonduri.<\/p>\n<p>Potrivit datelor prezentate de administra\u021bia local\u0103 \u00een cadrul consult\u0103rilor, \u00een anul 2025 \u00een Ba\u0219calia au fost implementate proiecte \u00een valoare total\u0103 de 9.143.682 de lei, dintre care 8.767.016 lei au reprezentat granturi nerambursabile.<\/p>\n<p>Prim\u0103ria afirm\u0103 c\u0103 dispune de speciali\u0219ti \u00een elaborarea, implementarea, monitorizarea, evaluarea \u0219i raportarea proiectelor \u0219i consider\u0103 c\u0103 aceast\u0103 experien\u021b\u0103 demonstreaz\u0103 capacitatea administrativ\u0103 \u0219i investi\u021bional\u0103 a localit\u0103\u021bii.<\/p>\n<p>Potrivit informa\u021biilor prezentate \u00een procesul-verbal, Ba\u0219calia dispune de sistem de alimentare cu ap\u0103 \u0219i canalizare, turnuri de ap\u0103 \u0219i panouri fotovoltaice la sondele arteziene, iluminat public modern, serviciu propriu de salubrizare, autospecial\u0103 pentru colectarea de\u0219eurilor, serviciu voluntar de pompieri, Centru de S\u0103n\u0103tate cu laborator, Gimnaziul \u201eMarcu Tarlev\u201d, Gr\u0103dini\u021ba \u201eIzvora\u0219\u201d, Cas\u0103 de Cultur\u0103, muzeu, biblioteci, parc central, terenuri sportive \u0219i terenuri de joac\u0103.<\/p>\n<h4>Comunitatea cere excluderea din procesul de amalgamare normativ\u0103<\/h4>\n<p>\u00cen urma consult\u0103rilor publice din 23 august 2026, a dezbaterilor \u0219i a votului desf\u0103\u0219urat \u00een cadrul Adun\u0103rii generale a locuitorilor, participan\u021bii au apreciat c\u0103 includerea Ba\u0219caliei \u00een clusterul administrativ propus nu este justificat\u0103 de realit\u0103\u021bile geografice, teritoriale, infrastructurale \u0219i func\u021bionale invocate de comunitate.<\/p>\n<p>Potrivit procesului-verbal, locuitorii prezen\u021bi au solicitat excluderea UAT Ba\u0219calia din clusterul administrativ propus \u0219i p\u0103strarea localit\u0103\u021bii ca unitate administrativ-teritorial\u0103 de sine st\u0103t\u0103toare, cu titlu de excep\u021bie.<\/p>\n<p>De asemenea, participan\u021bii au cerut reanalizarea criteriilor \u00een baza c\u0103rora Ba\u0219calia a fost inclus\u0103 \u00een cluster, verificarea \u00een teritoriu a continuit\u0103\u021bii teritoriale \u0219i a accesibilit\u0103\u021bii reale dintre Ba\u0219calia \u0219i Abaclia, precum \u0219i luarea \u00een considerare a distan\u021bei, a infrastructurii rutiere, a lipsei transportului public direct \u0219i a capacit\u0103\u021bii administrative, investi\u021bionale \u0219i infrastructurale a localit\u0103\u021bii.<\/p>\n<p>Procesul-verbal consemneaz\u0103 c\u0103 rezultatul votului a fost unanim: 610 voturi pentru respingerea amalgam\u0103rii normative, zero voturi \u00eempotriv\u0103 \u0219i zero ab\u021bineri.<\/p>\n<p><iframe data-src=\"https:\/\/drive.google.com\/file\/d\/1wFiaf6LjesrR9IiKKl9R786Z1Gydqwtu\/preview\" width=\"640\" height=\"480\" src=\"data:image\/svg+xml;base64,PHN2ZyB3aWR0aD0iMSIgaGVpZ2h0PSIxIiB4bWxucz0iaHR0cDovL3d3dy53My5vcmcvMjAwMC9zdmciPjwvc3ZnPg==\" class=\"lazyload\" data-load-mode=\"1\"><\/iframe><\/p>\n<p>Pozi\u021bia exprimat\u0103 la adunare este sus\u021binut\u0103 \u0219i de primarul localit\u0103\u021bii, Ion Bordan. Acesta consider\u0103 c\u0103 o eventual\u0103 decizie privind amalgamarea ar trebui s\u0103 fie precedat\u0103 de o analiz\u0103 individual\u0103 a fiec\u0103rei localit\u0103\u021bi \u0219i de consultarea cet\u0103\u021benilor:<\/p>\n<blockquote><p>\u201eFiecare situa\u021bie trebuie analizat\u0103 separat. Trebuie discutat cu cet\u0103\u021benii, trebuie aflat\u0103 opinia lor \u0219i trebuie v\u0103zut\u0103 situa\u021bia real\u0103 din fiecare localitate: ce este bine, ce este r\u0103u, ce rezultate ar putea avea amalgamarea.<\/p>\n<p>Consider c\u0103 implementarea ar putea fi f\u0103cut\u0103, de exemplu, ca proiect-pilot, pentru a vedea \u00een practic\u0103 dac\u0103 aceast\u0103 form\u0103 de organizare func\u021bioneaz\u0103, dac\u0103 merge \u00eenspre bine sau \u00eenspre r\u0103u \u0219i, dac\u0103 nu, s\u0103 ne putem \u00eentoarce \u00een orice moment la situa\u021bia ini\u021bial\u0103. Pentru c\u0103, dac\u0103 lucrurile nu merg bine, ce vom face \u00een acest caz? Care este solu\u021bia? Care este ie\u0219irea din situa\u021bie?\u201d, se \u00eentreab\u0103 primarul.<\/p><\/blockquote>\n<p>Planul transmis de Cancelaria de Stat stabilea cinci etape principale pentru perioada 20\u201328 august 2026: analiza propunerii, consultarea cet\u0103\u021benilor, documentarea procesului de consultare, formularea r\u0103spunsurilor motivate \u0219i publicarea procesului-verbal sau a tabelului de sintez\u0103.<\/p>\n<p>Dup\u0103 finalizarea acestor procese, Cancelaria de Stat urmeaz\u0103 s\u0103 elaboreze proiectul de lege privind noua organizare administrativ-teritorial\u0103. Documentul va fi publicat pentru consult\u0103ri, iar cet\u0103\u021benii vor putea transmite sugestii \u0219i comentarii.<\/p>\n<p>Ulterior, proiectul urmeaz\u0103 s\u0103 fie examinat \u0219i aprobat de Guvern \u0219i, dup\u0103 aprobare, transmis Parlamentului.<\/p>\n<p>Potrivit scrisorii Cancelariei de Stat, noua organizare administrativ-teritorial\u0103 urmeaz\u0103 s\u0103 intre \u00een vigoare la urm\u0103toarele alegeri locale generale din toamna anului 2027.<\/p>\n<p>Pentru Ba\u0219calia, r\u0103m\u00e2ne deschis\u0103 \u00eentrebarea dac\u0103 argumentele invocate de comunitate &#8211; particularit\u0103\u021bile geografice, infrastructura, accesibilitatea \u0219i capacitatea administrativ\u0103 &#8211; vor determina revizuirea formulei propuse de autorit\u0103\u021bile centrale.<\/p>\n<p>Autor: Virineia Carapirea<\/p>\n","protected":false},"excerpt":{"rendered":"<p>Ba\u0219calia a \u00eencheiat etapa de consultare \u00een cadrul procesului de amalgamare normativ\u0103. Potrivit scrisorii Cancelariei de Stat, localitatea ar urma s\u0103 fie inclus\u0103 \u00eentr-o nou\u0103 unitate administrativ-teritorial\u0103 al\u0103turi de Abaclia \u0219i Iordanovca, cu Abaclia propus\u0103 drept viitor centru administrativ. Administra\u021bia public\u0103 local\u0103 \u0219i locuitorii care au participat la consult\u0103rile publice contest\u0103 aceast\u0103 formul\u0103 \u0219i solicit\u0103 [&hellip;]<\/p>\n","protected":false},"author":3,"featured_media":191479,"comment_status":"closed","ping_status":"closed","sticky":false,"template":"","format":"standard","meta":{"footnotes":""},"categories":[182,10],"tags":[2388,3049,23475,23473,23474,333,4677,17671,21614,7932,20287,735,21170],"class_list":["post-191472","post","type-post","status-publish","format-standard","has-post-thumbnail","hentry","category-podrobno","category-politika","tag-abaclia-2","tag-administratie-publica-locala","tag-alegeri-locale-2027","tag-amalgamare","tag-amalgamare-normativa","tag-basarabeasca","tag-bascalia-2","tag-cancelaria-de-stat","tag-comunitate","tag-consultari-publice","tag-iordanovca","tag-moldova-2","tag-reforma-administrativ-teritoriala"],"yoast_head":"<!-- This site is optimized with the Yoast SEO plugin v28.4 - https:\/\/yoast.com\/product\/yoast-seo-wordpress\/ -->\n<title>Ba\u0219calia respinge amalgamarea cu Abaclia \u0219i Iordanovca<\/title>\n<meta name=\"description\" content=\"Locuitorii din Ba\u0219calia au respins unanim amalgamarea normativ\u0103 cu Abaclia \u0219i Iordanovca \u0219i cer p\u0103strarea localit\u0103\u021bii ca UAT distinct\u0103.\" \/>\n<meta name=\"robots\" content=\"index, follow, max-snippet:-1, max-image-preview:large, max-video-preview:-1\" \/>\n<link rel=\"canonical\" href=\"https:\/\/bas-tv.md\/ro\/ba%c8%99calia-spune-%e2%80%9enu%e2%80%9d-amalgam%c4%83rii-normative-ce-presupune-reforma-administrativ-teritorial%c4%83-pentru-localitate-%c8%99i-de-ce-locuitorii-se-declar%c4%83-%c3%aempotriv%c4%83\/\" \/>\n<meta property=\"og:locale\" content=\"ro_RO\" \/>\n<meta property=\"og:type\" content=\"article\" \/>\n<meta property=\"og:title\" content=\"Ba\u0219calia respinge amalgamarea cu Abaclia \u0219i Iordanovca\" \/>\n<meta property=\"og:description\" content=\"Locuitorii din Ba\u0219calia au respins unanim amalgamarea normativ\u0103 cu Abaclia \u0219i Iordanovca \u0219i cer p\u0103strarea localit\u0103\u021bii ca UAT distinct\u0103.\" \/>\n<meta property=\"og:url\" content=\"https:\/\/bas-tv.md\/ro\/ba%c8%99calia-spune-%e2%80%9enu%e2%80%9d-amalgam%c4%83rii-normative-ce-presupune-reforma-administrativ-teritorial%c4%83-pentru-localitate-%c8%99i-de-ce-locuitorii-se-declar%c4%83-%c3%aempotriv%c4%83\/\" \/>\n<meta property=\"og:site_name\" content=\"BasTV\" \/>\n<meta property=\"article:published_time\" content=\"2026-09-03T16:00:43+00:00\" \/>\n<meta property=\"og:image\" content=\"https:\/\/bas-tv.md\/wp-content\/uploads\/2026\/09\/bascalia.png\" \/>\n\t<meta property=\"og:image:width\" content=\"1014\" \/>\n\t<meta property=\"og:image:height\" content=\"761\" \/>\n\t<meta property=\"og:image:type\" content=\"image\/png\" \/>\n<meta name=\"author\" content=\"Redactor\" \/>\n<meta name=\"twitter:card\" content=\"summary_large_image\" \/>\n<meta name=\"twitter:label1\" content=\"Scris de\" \/>\n\t<meta name=\"twitter:data1\" content=\"Redactor\" \/>\n\t<meta name=\"twitter:label2\" content=\"Timp estimat pentru citire\" \/>\n\t<meta name=\"twitter:data2\" content=\"11 minute\" \/>\n<script type=\"application\/ld+json\" class=\"yoast-schema-graph\">{\"@context\":\"https:\\\/\\\/schema.org\",\"@graph\":[{\"@type\":\"Article\",\"@id\":\"https:\\\/\\\/bas-tv.md\\\/ro\\\/ba%c8%99calia-spune-%e2%80%9enu%e2%80%9d-amalgam%c4%83rii-normative-ce-presupune-reforma-administrativ-teritorial%c4%83-pentru-localitate-%c8%99i-de-ce-locuitorii-se-declar%c4%83-%c3%aempotriv%c4%83\\\/#article\",\"isPartOf\":{\"@id\":\"https:\\\/\\\/bas-tv.md\\\/ro\\\/ba%c8%99calia-spune-%e2%80%9enu%e2%80%9d-amalgam%c4%83rii-normative-ce-presupune-reforma-administrativ-teritorial%c4%83-pentru-localitate-%c8%99i-de-ce-locuitorii-se-declar%c4%83-%c3%aempotriv%c4%83\\\/\"},\"author\":{\"name\":\"Redactor\",\"@id\":\"https:\\\/\\\/bas-tv.md\\\/ro\\\/#\\\/schema\\\/person\\\/8740f45ea2eca1f1695284fc03529af0\"},\"headline\":\"Ba\u0219calia spune \u201enu\u201d amalgam\u0103rii normative. Ce presupune reforma administrativ-teritorial\u0103 pentru localitate \u0219i de ce locuitorii se declar\u0103 \u00eempotriv\u0103\",\"datePublished\":\"2026-09-03T16:00:43+00:00\",\"mainEntityOfPage\":{\"@id\":\"https:\\\/\\\/bas-tv.md\\\/ro\\\/ba%c8%99calia-spune-%e2%80%9enu%e2%80%9d-amalgam%c4%83rii-normative-ce-presupune-reforma-administrativ-teritorial%c4%83-pentru-localitate-%c8%99i-de-ce-locuitorii-se-declar%c4%83-%c3%aempotriv%c4%83\\\/\"},\"wordCount\":2756,\"publisher\":{\"@id\":\"https:\\\/\\\/bas-tv.md\\\/ro\\\/#organization\"},\"image\":{\"@id\":\"https:\\\/\\\/bas-tv.md\\\/ro\\\/ba%c8%99calia-spune-%e2%80%9enu%e2%80%9d-amalgam%c4%83rii-normative-ce-presupune-reforma-administrativ-teritorial%c4%83-pentru-localitate-%c8%99i-de-ce-locuitorii-se-declar%c4%83-%c3%aempotriv%c4%83\\\/#primaryimage\"},\"thumbnailUrl\":\"https:\\\/\\\/bas-tv.md\\\/wp-content\\\/uploads\\\/2026\\\/09\\\/bascalia.png\",\"keywords\":[\"abaclia\",\"administra\u021bie public\u0103 local\u0103\",\"alegeri locale 2027\",\"amalgamare\",\"amalgamare normativ\u0103\",\"Basarabeasca\",\"Ba\u0219calia\",\"Cancelaria de Stat\",\"comunitate\",\"consult\u0103ri publice\",\"iordanovca\",\"Moldova\",\"reforma administrativ-teritorial\u0103\"],\"articleSection\":[\"\u041f\u043e\u0434\u0440\u043e\u0431\u043d\u043e\",\"\u041f\u043e\u043b\u0438\u0442\u0438\u043a\u0430\"],\"inLanguage\":\"ro-RO\"},{\"@type\":\"WebPage\",\"@id\":\"https:\\\/\\\/bas-tv.md\\\/ro\\\/ba%c8%99calia-spune-%e2%80%9enu%e2%80%9d-amalgam%c4%83rii-normative-ce-presupune-reforma-administrativ-teritorial%c4%83-pentru-localitate-%c8%99i-de-ce-locuitorii-se-declar%c4%83-%c3%aempotriv%c4%83\\\/\",\"url\":\"https:\\\/\\\/bas-tv.md\\\/ro\\\/ba%c8%99calia-spune-%e2%80%9enu%e2%80%9d-amalgam%c4%83rii-normative-ce-presupune-reforma-administrativ-teritorial%c4%83-pentru-localitate-%c8%99i-de-ce-locuitorii-se-declar%c4%83-%c3%aempotriv%c4%83\\\/\",\"name\":\"Ba\u0219calia respinge amalgamarea cu Abaclia \u0219i Iordanovca\",\"isPartOf\":{\"@id\":\"https:\\\/\\\/bas-tv.md\\\/ro\\\/#website\"},\"primaryImageOfPage\":{\"@id\":\"https:\\\/\\\/bas-tv.md\\\/ro\\\/ba%c8%99calia-spune-%e2%80%9enu%e2%80%9d-amalgam%c4%83rii-normative-ce-presupune-reforma-administrativ-teritorial%c4%83-pentru-localitate-%c8%99i-de-ce-locuitorii-se-declar%c4%83-%c3%aempotriv%c4%83\\\/#primaryimage\"},\"image\":{\"@id\":\"https:\\\/\\\/bas-tv.md\\\/ro\\\/ba%c8%99calia-spune-%e2%80%9enu%e2%80%9d-amalgam%c4%83rii-normative-ce-presupune-reforma-administrativ-teritorial%c4%83-pentru-localitate-%c8%99i-de-ce-locuitorii-se-declar%c4%83-%c3%aempotriv%c4%83\\\/#primaryimage\"},\"thumbnailUrl\":\"https:\\\/\\\/bas-tv.md\\\/wp-content\\\/uploads\\\/2026\\\/09\\\/bascalia.png\",\"datePublished\":\"2026-09-03T16:00:43+00:00\",\"description\":\"Locuitorii din Ba\u0219calia au respins unanim amalgamarea normativ\u0103 cu Abaclia \u0219i Iordanovca \u0219i cer p\u0103strarea localit\u0103\u021bii ca UAT distinct\u0103.\",\"inLanguage\":\"ro-RO\",\"potentialAction\":[{\"@type\":\"ReadAction\",\"target\":[\"https:\\\/\\\/bas-tv.md\\\/ro\\\/ba%c8%99calia-spune-%e2%80%9enu%e2%80%9d-amalgam%c4%83rii-normative-ce-presupune-reforma-administrativ-teritorial%c4%83-pentru-localitate-%c8%99i-de-ce-locuitorii-se-declar%c4%83-%c3%aempotriv%c4%83\\\/\"]}]},{\"@type\":\"ImageObject\",\"inLanguage\":\"ro-RO\",\"@id\":\"https:\\\/\\\/bas-tv.md\\\/ro\\\/ba%c8%99calia-spune-%e2%80%9enu%e2%80%9d-amalgam%c4%83rii-normative-ce-presupune-reforma-administrativ-teritorial%c4%83-pentru-localitate-%c8%99i-de-ce-locuitorii-se-declar%c4%83-%c3%aempotriv%c4%83\\\/#primaryimage\",\"url\":\"https:\\\/\\\/bas-tv.md\\\/wp-content\\\/uploads\\\/2026\\\/09\\\/bascalia.png\",\"contentUrl\":\"https:\\\/\\\/bas-tv.md\\\/wp-content\\\/uploads\\\/2026\\\/09\\\/bascalia.png\",\"width\":1014,\"height\":761,\"caption\":\"Foto: BAStv\"},{\"@type\":\"WebSite\",\"@id\":\"https:\\\/\\\/bas-tv.md\\\/ro\\\/#website\",\"url\":\"https:\\\/\\\/bas-tv.md\\\/ro\\\/\",\"name\":\"BasTV\",\"description\":\"Moldova\",\"publisher\":{\"@id\":\"https:\\\/\\\/bas-tv.md\\\/ro\\\/#organization\"},\"potentialAction\":[{\"@type\":\"SearchAction\",\"target\":{\"@type\":\"EntryPoint\",\"urlTemplate\":\"https:\\\/\\\/bas-tv.md\\\/ro\\\/?s={search_term_string}\"},\"query-input\":{\"@type\":\"PropertyValueSpecification\",\"valueRequired\":true,\"valueName\":\"search_term_string\"}}],\"inLanguage\":\"ro-RO\"},{\"@type\":\"Organization\",\"@id\":\"https:\\\/\\\/bas-tv.md\\\/ro\\\/#organization\",\"name\":\"BasTV\",\"url\":\"https:\\\/\\\/bas-tv.md\\\/ro\\\/\",\"logo\":{\"@type\":\"ImageObject\",\"inLanguage\":\"ro-RO\",\"@id\":\"https:\\\/\\\/bas-tv.md\\\/ro\\\/#\\\/schema\\\/logo\\\/image\\\/\",\"url\":\"https:\\\/\\\/bas-tv.md\\\/wp-content\\\/uploads\\\/2023\\\/05\\\/bas-tv-culoarea-rosie.png\",\"contentUrl\":\"https:\\\/\\\/bas-tv.md\\\/wp-content\\\/uploads\\\/2023\\\/05\\\/bas-tv-culoarea-rosie.png\",\"width\":202,\"height\":50,\"caption\":\"BasTV\"},\"image\":{\"@id\":\"https:\\\/\\\/bas-tv.md\\\/ro\\\/#\\\/schema\\\/logo\\\/image\\\/\"}},{\"@type\":\"Person\",\"@id\":\"https:\\\/\\\/bas-tv.md\\\/ro\\\/#\\\/schema\\\/person\\\/8740f45ea2eca1f1695284fc03529af0\",\"name\":\"Redactor\",\"image\":{\"@type\":\"ImageObject\",\"inLanguage\":\"ro-RO\",\"@id\":\"https:\\\/\\\/bas-tv.md\\\/wp-content\\\/litespeed\\\/avatar\\\/91c0586f3f6f4396a4ec1287c965eeeb.jpg?ver=1788155382\",\"url\":\"https:\\\/\\\/bas-tv.md\\\/wp-content\\\/litespeed\\\/avatar\\\/91c0586f3f6f4396a4ec1287c965eeeb.jpg?ver=1788155382\",\"contentUrl\":\"https:\\\/\\\/bas-tv.md\\\/wp-content\\\/litespeed\\\/avatar\\\/91c0586f3f6f4396a4ec1287c965eeeb.jpg?ver=1788155382\",\"caption\":\"Redactor\"},\"url\":\"https:\\\/\\\/bas-tv.md\\\/ro\\\/author\\\/redactor\\\/\"}]}<\/script>\n<!-- \/ Yoast SEO plugin. -->","yoast_head_json":{"title":"Ba\u0219calia respinge amalgamarea cu Abaclia \u0219i Iordanovca","description":"Locuitorii din Ba\u0219calia au respins unanim amalgamarea normativ\u0103 cu Abaclia \u0219i Iordanovca \u0219i cer p\u0103strarea localit\u0103\u021bii ca UAT distinct\u0103.","robots":{"index":"index","follow":"follow","max-snippet":"max-snippet:-1","max-image-preview":"max-image-preview:large","max-video-preview":"max-video-preview:-1"},"canonical":"https:\/\/bas-tv.md\/ro\/ba%c8%99calia-spune-%e2%80%9enu%e2%80%9d-amalgam%c4%83rii-normative-ce-presupune-reforma-administrativ-teritorial%c4%83-pentru-localitate-%c8%99i-de-ce-locuitorii-se-declar%c4%83-%c3%aempotriv%c4%83\/","og_locale":"ro_RO","og_type":"article","og_title":"Ba\u0219calia respinge amalgamarea cu Abaclia \u0219i Iordanovca","og_description":"Locuitorii din Ba\u0219calia au respins unanim amalgamarea normativ\u0103 cu Abaclia \u0219i Iordanovca \u0219i cer p\u0103strarea localit\u0103\u021bii ca UAT distinct\u0103.","og_url":"https:\/\/bas-tv.md\/ro\/ba%c8%99calia-spune-%e2%80%9enu%e2%80%9d-amalgam%c4%83rii-normative-ce-presupune-reforma-administrativ-teritorial%c4%83-pentru-localitate-%c8%99i-de-ce-locuitorii-se-declar%c4%83-%c3%aempotriv%c4%83\/","og_site_name":"BasTV","article_published_time":"2026-09-03T16:00:43+00:00","og_image":[{"width":1014,"height":761,"url":"https:\/\/bas-tv.md\/wp-content\/uploads\/2026\/09\/bascalia.png","type":"image\/png"}],"author":"Redactor","twitter_card":"summary_large_image","twitter_misc":{"Scris de":"Redactor","Timp estimat pentru citire":"11 minute"},"schema":{"@context":"https:\/\/schema.org","@graph":[{"@type":"Article","@id":"https:\/\/bas-tv.md\/ro\/ba%c8%99calia-spune-%e2%80%9enu%e2%80%9d-amalgam%c4%83rii-normative-ce-presupune-reforma-administrativ-teritorial%c4%83-pentru-localitate-%c8%99i-de-ce-locuitorii-se-declar%c4%83-%c3%aempotriv%c4%83\/#article","isPartOf":{"@id":"https:\/\/bas-tv.md\/ro\/ba%c8%99calia-spune-%e2%80%9enu%e2%80%9d-amalgam%c4%83rii-normative-ce-presupune-reforma-administrativ-teritorial%c4%83-pentru-localitate-%c8%99i-de-ce-locuitorii-se-declar%c4%83-%c3%aempotriv%c4%83\/"},"author":{"name":"Redactor","@id":"https:\/\/bas-tv.md\/ro\/#\/schema\/person\/8740f45ea2eca1f1695284fc03529af0"},"headline":"Ba\u0219calia spune \u201enu\u201d amalgam\u0103rii normative. Ce presupune reforma administrativ-teritorial\u0103 pentru localitate \u0219i de ce locuitorii se declar\u0103 \u00eempotriv\u0103","datePublished":"2026-09-03T16:00:43+00:00","mainEntityOfPage":{"@id":"https:\/\/bas-tv.md\/ro\/ba%c8%99calia-spune-%e2%80%9enu%e2%80%9d-amalgam%c4%83rii-normative-ce-presupune-reforma-administrativ-teritorial%c4%83-pentru-localitate-%c8%99i-de-ce-locuitorii-se-declar%c4%83-%c3%aempotriv%c4%83\/"},"wordCount":2756,"publisher":{"@id":"https:\/\/bas-tv.md\/ro\/#organization"},"image":{"@id":"https:\/\/bas-tv.md\/ro\/ba%c8%99calia-spune-%e2%80%9enu%e2%80%9d-amalgam%c4%83rii-normative-ce-presupune-reforma-administrativ-teritorial%c4%83-pentru-localitate-%c8%99i-de-ce-locuitorii-se-declar%c4%83-%c3%aempotriv%c4%83\/#primaryimage"},"thumbnailUrl":"https:\/\/bas-tv.md\/wp-content\/uploads\/2026\/09\/bascalia.png","keywords":["abaclia","administra\u021bie public\u0103 local\u0103","alegeri locale 2027","amalgamare","amalgamare normativ\u0103","Basarabeasca","Ba\u0219calia","Cancelaria de Stat","comunitate","consult\u0103ri publice","iordanovca","Moldova","reforma administrativ-teritorial\u0103"],"articleSection":["\u041f\u043e\u0434\u0440\u043e\u0431\u043d\u043e","\u041f\u043e\u043b\u0438\u0442\u0438\u043a\u0430"],"inLanguage":"ro-RO"},{"@type":"WebPage","@id":"https:\/\/bas-tv.md\/ro\/ba%c8%99calia-spune-%e2%80%9enu%e2%80%9d-amalgam%c4%83rii-normative-ce-presupune-reforma-administrativ-teritorial%c4%83-pentru-localitate-%c8%99i-de-ce-locuitorii-se-declar%c4%83-%c3%aempotriv%c4%83\/","url":"https:\/\/bas-tv.md\/ro\/ba%c8%99calia-spune-%e2%80%9enu%e2%80%9d-amalgam%c4%83rii-normative-ce-presupune-reforma-administrativ-teritorial%c4%83-pentru-localitate-%c8%99i-de-ce-locuitorii-se-declar%c4%83-%c3%aempotriv%c4%83\/","name":"Ba\u0219calia respinge amalgamarea cu Abaclia \u0219i Iordanovca","isPartOf":{"@id":"https:\/\/bas-tv.md\/ro\/#website"},"primaryImageOfPage":{"@id":"https:\/\/bas-tv.md\/ro\/ba%c8%99calia-spune-%e2%80%9enu%e2%80%9d-amalgam%c4%83rii-normative-ce-presupune-reforma-administrativ-teritorial%c4%83-pentru-localitate-%c8%99i-de-ce-locuitorii-se-declar%c4%83-%c3%aempotriv%c4%83\/#primaryimage"},"image":{"@id":"https:\/\/bas-tv.md\/ro\/ba%c8%99calia-spune-%e2%80%9enu%e2%80%9d-amalgam%c4%83rii-normative-ce-presupune-reforma-administrativ-teritorial%c4%83-pentru-localitate-%c8%99i-de-ce-locuitorii-se-declar%c4%83-%c3%aempotriv%c4%83\/#primaryimage"},"thumbnailUrl":"https:\/\/bas-tv.md\/wp-content\/uploads\/2026\/09\/bascalia.png","datePublished":"2026-09-03T16:00:43+00:00","description":"Locuitorii din Ba\u0219calia au respins unanim amalgamarea normativ\u0103 cu Abaclia \u0219i Iordanovca \u0219i cer p\u0103strarea localit\u0103\u021bii ca UAT distinct\u0103.","inLanguage":"ro-RO","potentialAction":[{"@type":"ReadAction","target":["https:\/\/bas-tv.md\/ro\/ba%c8%99calia-spune-%e2%80%9enu%e2%80%9d-amalgam%c4%83rii-normative-ce-presupune-reforma-administrativ-teritorial%c4%83-pentru-localitate-%c8%99i-de-ce-locuitorii-se-declar%c4%83-%c3%aempotriv%c4%83\/"]}]},{"@type":"ImageObject","inLanguage":"ro-RO","@id":"https:\/\/bas-tv.md\/ro\/ba%c8%99calia-spune-%e2%80%9enu%e2%80%9d-amalgam%c4%83rii-normative-ce-presupune-reforma-administrativ-teritorial%c4%83-pentru-localitate-%c8%99i-de-ce-locuitorii-se-declar%c4%83-%c3%aempotriv%c4%83\/#primaryimage","url":"https:\/\/bas-tv.md\/wp-content\/uploads\/2026\/09\/bascalia.png","contentUrl":"https:\/\/bas-tv.md\/wp-content\/uploads\/2026\/09\/bascalia.png","width":1014,"height":761,"caption":"Foto: BAStv"},{"@type":"WebSite","@id":"https:\/\/bas-tv.md\/ro\/#website","url":"https:\/\/bas-tv.md\/ro\/","name":"BasTV","description":"Moldova","publisher":{"@id":"https:\/\/bas-tv.md\/ro\/#organization"},"potentialAction":[{"@type":"SearchAction","target":{"@type":"EntryPoint","urlTemplate":"https:\/\/bas-tv.md\/ro\/?s={search_term_string}"},"query-input":{"@type":"PropertyValueSpecification","valueRequired":true,"valueName":"search_term_string"}}],"inLanguage":"ro-RO"},{"@type":"Organization","@id":"https:\/\/bas-tv.md\/ro\/#organization","name":"BasTV","url":"https:\/\/bas-tv.md\/ro\/","logo":{"@type":"ImageObject","inLanguage":"ro-RO","@id":"https:\/\/bas-tv.md\/ro\/#\/schema\/logo\/image\/","url":"https:\/\/bas-tv.md\/wp-content\/uploads\/2023\/05\/bas-tv-culoarea-rosie.png","contentUrl":"https:\/\/bas-tv.md\/wp-content\/uploads\/2023\/05\/bas-tv-culoarea-rosie.png","width":202,"height":50,"caption":"BasTV"},"image":{"@id":"https:\/\/bas-tv.md\/ro\/#\/schema\/logo\/image\/"}},{"@type":"Person","@id":"https:\/\/bas-tv.md\/ro\/#\/schema\/person\/8740f45ea2eca1f1695284fc03529af0","name":"Redactor","image":{"@type":"ImageObject","inLanguage":"ro-RO","@id":"https:\/\/bas-tv.md\/wp-content\/litespeed\/avatar\/91c0586f3f6f4396a4ec1287c965eeeb.jpg?ver=1788155382","url":"https:\/\/bas-tv.md\/wp-content\/litespeed\/avatar\/91c0586f3f6f4396a4ec1287c965eeeb.jpg?ver=1788155382","contentUrl":"https:\/\/bas-tv.md\/wp-content\/litespeed\/avatar\/91c0586f3f6f4396a4ec1287c965eeeb.jpg?ver=1788155382","caption":"Redactor"},"url":"https:\/\/bas-tv.md\/ro\/author\/redactor\/"}]}},"views":2,"_links":{"self":[{"href":"https:\/\/bas-tv.md\/ro\/wp-json\/wp\/v2\/posts\/191472","targetHints":{"allow":["GET"]}}],"collection":[{"href":"https:\/\/bas-tv.md\/ro\/wp-json\/wp\/v2\/posts"}],"about":[{"href":"https:\/\/bas-tv.md\/ro\/wp-json\/wp\/v2\/types\/post"}],"author":[{"embeddable":true,"href":"https:\/\/bas-tv.md\/ro\/wp-json\/wp\/v2\/users\/3"}],"replies":[{"embeddable":true,"href":"https:\/\/bas-tv.md\/ro\/wp-json\/wp\/v2\/comments?post=191472"}],"version-history":[{"count":3,"href":"https:\/\/bas-tv.md\/ro\/wp-json\/wp\/v2\/posts\/191472\/revisions"}],"predecessor-version":[{"id":191536,"href":"https:\/\/bas-tv.md\/ro\/wp-json\/wp\/v2\/posts\/191472\/revisions\/191536"}],"wp:featuredmedia":[{"embeddable":true,"href":"https:\/\/bas-tv.md\/ro\/wp-json\/wp\/v2\/media\/191479"}],"wp:attachment":[{"href":"https:\/\/bas-tv.md\/ro\/wp-json\/wp\/v2\/media?parent=191472"}],"wp:term":[{"taxonomy":"category","embeddable":true,"href":"https:\/\/bas-tv.md\/ro\/wp-json\/wp\/v2\/categories?post=191472"},{"taxonomy":"post_tag","embeddable":true,"href":"https:\/\/bas-tv.md\/ro\/wp-json\/wp\/v2\/tags?post=191472"}],"curies":[{"name":"wp","href":"https:\/\/api.w.org\/{rel}","templated":true}]}}