{"id":191710,"date":"2026-09-05T13:00:09","date_gmt":"2026-09-05T10:00:09","guid":{"rendered":"https:\/\/bas-tv.md\/?p=191710"},"modified":"2026-09-05T09:30:49","modified_gmt":"2026-09-05T06:30:49","slug":"video-gheorghe-taranu-omul-care-isi-regaseste-linistea-in-fata-sevaletului","status":"publish","type":"post","link":"https:\/\/bas-tv.md\/ro\/video-gheorghe-taranu-omul-care-isi-regaseste-linistea-in-fata-sevaletului\/","title":{"rendered":"(VIDEO) Gheorghe \u021aaranu, omul care \u00ee\u0219i reg\u0103se\u0219te lini\u0219tea \u00een fa\u021ba \u0219evaletului"},"content":{"rendered":"<p><strong>Sunt pasiuni care apar devreme \u0219i ajung, \u00een timp, s\u0103 fac\u0103 parte din felul \u00een care un om se define\u0219te. Pentru Gheorghe \u021aaranu, pictura este una dintre ele. A \u00eenceput s\u0103 deseneze \u00eenc\u0103 din anii de \u0219coal\u0103, atras de imaginile pe care le descoperea \u00een jurul s\u0103u \u0219i de posibilitatea de a le reda el \u00eensu\u0219i, iar mai t\u00e2rziu \u0219i-a construit un parcurs profesional \u00een domeniul dreptului. De\u0219i profesia l-a dus spre o lume a rigorii \u0219i a preciziei, pictura l-a \u00eenso\u021bit \u00een toate etapele vie\u021bii.<\/strong><\/p>\n<p>Ast\u0103zi, Gheorghe \u021aaranu activeaz\u0103 ca expert judiciar, \u00eens\u0103 oamenii \u00eel cunosc datorit\u0103 lucr\u0103rilor sale \u0219i por\u021bilor pictate \u00een mai multe localit\u0103\u021bi din \u021bar\u0103. Este o poveste despre familie, munc\u0103 \u0219i lini\u0219tea de care are nevoie pentru a crea, despre felul \u00een care experien\u021ba l-a \u00eenv\u0103\u021bat s\u0103 observe oamenii dincolo de aparen\u021be \u0219i despre dorin\u021ba ca, odat\u0103 cu trecerea anilor, ceva din ceea ce a f\u0103cut s\u0103 r\u0103m\u00e2n\u0103.<\/p>\n<p><iframe title=\"\u201eAici treci de la o realitate la alta\u201d. Gheorghe \u021aaranu, \u00eentre profesia de jurist\" width=\"580\" height=\"326\" data-src=\"https:\/\/www.youtube.com\/embed\/e9SY3RYIwrE?feature=oembed\" frameborder=\"0\" allow=\"accelerometer; autoplay; clipboard-write; encrypted-media; gyroscope; picture-in-picture; web-share\" referrerpolicy=\"strict-origin-when-cross-origin\" allowfullscreen src=\"data:image\/svg+xml;base64,PHN2ZyB3aWR0aD0iMSIgaGVpZ2h0PSIxIiB4bWxucz0iaHR0cDovL3d3dy53My5vcmcvMjAwMC9zdmciPjwvc3ZnPg==\" class=\"lazyload\" data-load-mode=\"1\"><\/iframe><\/p>\n","protected":false},"excerpt":{"rendered":"<p>Sunt pasiuni care apar devreme \u0219i ajung, \u00een timp, s\u0103 fac\u0103 parte din felul \u00een care un om se define\u0219te. Pentru Gheorghe \u021aaranu, pictura este una dintre ele. A \u00eenceput s\u0103 deseneze \u00eenc\u0103 din anii de \u0219coal\u0103, atras de imaginile pe care le descoperea \u00een jurul s\u0103u \u0219i de posibilitatea de a le reda el [&hellip;]<\/p>\n","protected":false},"author":3,"featured_media":191711,"comment_status":"closed","ping_status":"closed","sticky":false,"template":"","format":"standard","meta":{"footnotes":""},"categories":[603,584],"tags":[19183,23543,23540,693,714,4392,23541,4395,940,23542,23545,23544],"class_list":["post-191710","post","type-post","status-publish","format-standard","has-post-thumbnail","hentry","category-diverse","category-istorii-ro","tag-arta","tag-arta-in-moldova","tag-artisti-din-moldova","tag-basarabeasca-ro","tag-cultura","tag-gheorghe-taranu","tag-pasiune-pentru-pictura","tag-pictor","tag-pictura","tag-porti-pictate","tag-povesti-de-viata","tag-talent"],"yoast_head":"<!-- This site is optimized with the Yoast SEO plugin v28.4 - https:\/\/yoast.com\/product\/yoast-seo-wordpress\/ -->\n<title>Gheorghe \u021aaranu: pictura, pasiunea care i-a marcat via\u021ba<\/title>\n<meta name=\"description\" content=\"Gheorghe \u021aaranu, expert judiciar \u0219i pictor, transform\u0103 pasiunea din copil\u0103rie \u00een lucr\u0103ri care pot fi admirate \u00een mai multe localit\u0103\u021bi.\" \/>\n<meta name=\"robots\" content=\"index, follow, max-snippet:-1, max-image-preview:large, max-video-preview:-1\" \/>\n<link rel=\"canonical\" href=\"https:\/\/bas-tv.md\/ro\/video-gheorghe-taranu-omul-care-isi-regaseste-linistea-in-fata-sevaletului\/\" \/>\n<meta property=\"og:locale\" content=\"ro_RO\" \/>\n<meta property=\"og:type\" content=\"article\" \/>\n<meta property=\"og:title\" content=\"Gheorghe \u021aaranu: pictura, pasiunea care i-a marcat via\u021ba\" \/>\n<meta property=\"og:description\" content=\"Gheorghe \u021aaranu, expert judiciar \u0219i pictor, transform\u0103 pasiunea din copil\u0103rie \u00een lucr\u0103ri care pot fi admirate \u00een mai multe localit\u0103\u021bi.\" \/>\n<meta property=\"og:url\" content=\"https:\/\/bas-tv.md\/ro\/video-gheorghe-taranu-omul-care-isi-regaseste-linistea-in-fata-sevaletului\/\" \/>\n<meta property=\"og:site_name\" content=\"BasTV\" \/>\n<meta property=\"article:published_time\" content=\"2026-09-05T10:00:09+00:00\" \/>\n<meta property=\"og:image\" content=\"https:\/\/bas-tv.md\/wp-content\/uploads\/2026\/09\/gheorghe-taranu.jpg\" \/>\n\t<meta property=\"og:image:width\" content=\"1280\" \/>\n\t<meta property=\"og:image:height\" content=\"720\" \/>\n\t<meta property=\"og:image:type\" content=\"image\/jpeg\" \/>\n<meta name=\"author\" content=\"Redactor\" \/>\n<meta name=\"twitter:card\" content=\"summary_large_image\" \/>\n<meta name=\"twitter:label1\" content=\"Scris de\" \/>\n\t<meta name=\"twitter:data1\" content=\"Redactor\" \/>\n\t<meta name=\"twitter:label2\" content=\"Timp estimat pentru citire\" \/>\n\t<meta name=\"twitter:data2\" content=\"2 minute\" \/>\n<script type=\"application\/ld+json\" class=\"yoast-schema-graph\">{\"@context\":\"https:\\\/\\\/schema.org\",\"@graph\":[{\"@type\":\"Article\",\"@id\":\"https:\\\/\\\/bas-tv.md\\\/ro\\\/video-gheorghe-taranu-omul-care-isi-regaseste-linistea-in-fata-sevaletului\\\/#article\",\"isPartOf\":{\"@id\":\"https:\\\/\\\/bas-tv.md\\\/ro\\\/video-gheorghe-taranu-omul-care-isi-regaseste-linistea-in-fata-sevaletului\\\/\"},\"author\":{\"name\":\"Redactor\",\"@id\":\"https:\\\/\\\/bas-tv.md\\\/ro\\\/#\\\/schema\\\/person\\\/8740f45ea2eca1f1695284fc03529af0\"},\"headline\":\"(VIDEO) Gheorghe \u021aaranu, omul care \u00ee\u0219i reg\u0103se\u0219te lini\u0219tea \u00een fa\u021ba \u0219evaletului\",\"datePublished\":\"2026-09-05T10:00:09+00:00\",\"mainEntityOfPage\":{\"@id\":\"https:\\\/\\\/bas-tv.md\\\/ro\\\/video-gheorghe-taranu-omul-care-isi-regaseste-linistea-in-fata-sevaletului\\\/\"},\"wordCount\":193,\"publisher\":{\"@id\":\"https:\\\/\\\/bas-tv.md\\\/ro\\\/#organization\"},\"image\":{\"@id\":\"https:\\\/\\\/bas-tv.md\\\/ro\\\/video-gheorghe-taranu-omul-care-isi-regaseste-linistea-in-fata-sevaletului\\\/#primaryimage\"},\"thumbnailUrl\":\"https:\\\/\\\/bas-tv.md\\\/wp-content\\\/uploads\\\/2026\\\/09\\\/gheorghe-taranu.jpg\",\"keywords\":[\"art\u0103\",\"art\u0103 \u00een Moldova\",\"arti\u0219ti din Moldova\",\"Basarabeasca\",\"cultura\",\"Gheorghe \u021a\u0103ranu\",\"pasiune pentru pictur\u0103\",\"pictor\",\"pictur\u0103\",\"por\u021bi pictate\",\"pove\u0219ti de via\u021b\u0103\",\"talent\"],\"articleSection\":[\"Diverse\",\"Istorii\"],\"inLanguage\":\"ro-RO\"},{\"@type\":\"WebPage\",\"@id\":\"https:\\\/\\\/bas-tv.md\\\/ro\\\/video-gheorghe-taranu-omul-care-isi-regaseste-linistea-in-fata-sevaletului\\\/\",\"url\":\"https:\\\/\\\/bas-tv.md\\\/ro\\\/video-gheorghe-taranu-omul-care-isi-regaseste-linistea-in-fata-sevaletului\\\/\",\"name\":\"Gheorghe \u021aaranu: pictura, pasiunea care i-a marcat via\u021ba\",\"isPartOf\":{\"@id\":\"https:\\\/\\\/bas-tv.md\\\/ro\\\/#website\"},\"primaryImageOfPage\":{\"@id\":\"https:\\\/\\\/bas-tv.md\\\/ro\\\/video-gheorghe-taranu-omul-care-isi-regaseste-linistea-in-fata-sevaletului\\\/#primaryimage\"},\"image\":{\"@id\":\"https:\\\/\\\/bas-tv.md\\\/ro\\\/video-gheorghe-taranu-omul-care-isi-regaseste-linistea-in-fata-sevaletului\\\/#primaryimage\"},\"thumbnailUrl\":\"https:\\\/\\\/bas-tv.md\\\/wp-content\\\/uploads\\\/2026\\\/09\\\/gheorghe-taranu.jpg\",\"datePublished\":\"2026-09-05T10:00:09+00:00\",\"description\":\"Gheorghe \u021aaranu, expert judiciar \u0219i pictor, transform\u0103 pasiunea din copil\u0103rie \u00een lucr\u0103ri care pot fi admirate \u00een mai multe localit\u0103\u021bi.\",\"inLanguage\":\"ro-RO\",\"potentialAction\":[{\"@type\":\"ReadAction\",\"target\":[\"https:\\\/\\\/bas-tv.md\\\/ro\\\/video-gheorghe-taranu-omul-care-isi-regaseste-linistea-in-fata-sevaletului\\\/\"]}]},{\"@type\":\"ImageObject\",\"inLanguage\":\"ro-RO\",\"@id\":\"https:\\\/\\\/bas-tv.md\\\/ro\\\/video-gheorghe-taranu-omul-care-isi-regaseste-linistea-in-fata-sevaletului\\\/#primaryimage\",\"url\":\"https:\\\/\\\/bas-tv.md\\\/wp-content\\\/uploads\\\/2026\\\/09\\\/gheorghe-taranu.jpg\",\"contentUrl\":\"https:\\\/\\\/bas-tv.md\\\/wp-content\\\/uploads\\\/2026\\\/09\\\/gheorghe-taranu.jpg\",\"width\":1280,\"height\":720,\"caption\":\"Foto: BAStv\"},{\"@type\":\"WebSite\",\"@id\":\"https:\\\/\\\/bas-tv.md\\\/ro\\\/#website\",\"url\":\"https:\\\/\\\/bas-tv.md\\\/ro\\\/\",\"name\":\"BasTV\",\"description\":\"Moldova\",\"publisher\":{\"@id\":\"https:\\\/\\\/bas-tv.md\\\/ro\\\/#organization\"},\"potentialAction\":[{\"@type\":\"SearchAction\",\"target\":{\"@type\":\"EntryPoint\",\"urlTemplate\":\"https:\\\/\\\/bas-tv.md\\\/ro\\\/?s={search_term_string}\"},\"query-input\":{\"@type\":\"PropertyValueSpecification\",\"valueRequired\":true,\"valueName\":\"search_term_string\"}}],\"inLanguage\":\"ro-RO\"},{\"@type\":\"Organization\",\"@id\":\"https:\\\/\\\/bas-tv.md\\\/ro\\\/#organization\",\"name\":\"BasTV\",\"url\":\"https:\\\/\\\/bas-tv.md\\\/ro\\\/\",\"logo\":{\"@type\":\"ImageObject\",\"inLanguage\":\"ro-RO\",\"@id\":\"https:\\\/\\\/bas-tv.md\\\/ro\\\/#\\\/schema\\\/logo\\\/image\\\/\",\"url\":\"https:\\\/\\\/bas-tv.md\\\/wp-content\\\/uploads\\\/2023\\\/05\\\/bas-tv-culoarea-rosie.png\",\"contentUrl\":\"https:\\\/\\\/bas-tv.md\\\/wp-content\\\/uploads\\\/2023\\\/05\\\/bas-tv-culoarea-rosie.png\",\"width\":202,\"height\":50,\"caption\":\"BasTV\"},\"image\":{\"@id\":\"https:\\\/\\\/bas-tv.md\\\/ro\\\/#\\\/schema\\\/logo\\\/image\\\/\"}},{\"@type\":\"Person\",\"@id\":\"https:\\\/\\\/bas-tv.md\\\/ro\\\/#\\\/schema\\\/person\\\/8740f45ea2eca1f1695284fc03529af0\",\"name\":\"Redactor\",\"image\":{\"@type\":\"ImageObject\",\"inLanguage\":\"ro-RO\",\"@id\":\"https:\\\/\\\/bas-tv.md\\\/wp-content\\\/litespeed\\\/avatar\\\/91c0586f3f6f4396a4ec1287c965eeeb.jpg?ver=1788155382\",\"url\":\"https:\\\/\\\/bas-tv.md\\\/wp-content\\\/litespeed\\\/avatar\\\/91c0586f3f6f4396a4ec1287c965eeeb.jpg?ver=1788155382\",\"contentUrl\":\"https:\\\/\\\/bas-tv.md\\\/wp-content\\\/litespeed\\\/avatar\\\/91c0586f3f6f4396a4ec1287c965eeeb.jpg?ver=1788155382\",\"caption\":\"Redactor\"},\"url\":\"https:\\\/\\\/bas-tv.md\\\/ro\\\/author\\\/redactor\\\/\"}]}<\/script>\n<!-- \/ Yoast SEO plugin. -->","yoast_head_json":{"title":"Gheorghe \u021aaranu: pictura, pasiunea care i-a marcat via\u021ba","description":"Gheorghe \u021aaranu, expert judiciar \u0219i pictor, transform\u0103 pasiunea din copil\u0103rie \u00een lucr\u0103ri care pot fi admirate \u00een mai multe localit\u0103\u021bi.","robots":{"index":"index","follow":"follow","max-snippet":"max-snippet:-1","max-image-preview":"max-image-preview:large","max-video-preview":"max-video-preview:-1"},"canonical":"https:\/\/bas-tv.md\/ro\/video-gheorghe-taranu-omul-care-isi-regaseste-linistea-in-fata-sevaletului\/","og_locale":"ro_RO","og_type":"article","og_title":"Gheorghe \u021aaranu: pictura, pasiunea care i-a marcat via\u021ba","og_description":"Gheorghe \u021aaranu, expert judiciar \u0219i pictor, transform\u0103 pasiunea din copil\u0103rie \u00een lucr\u0103ri care pot fi admirate \u00een mai multe localit\u0103\u021bi.","og_url":"https:\/\/bas-tv.md\/ro\/video-gheorghe-taranu-omul-care-isi-regaseste-linistea-in-fata-sevaletului\/","og_site_name":"BasTV","article_published_time":"2026-09-05T10:00:09+00:00","og_image":[{"width":1280,"height":720,"url":"https:\/\/bas-tv.md\/wp-content\/uploads\/2026\/09\/gheorghe-taranu.jpg","type":"image\/jpeg"}],"author":"Redactor","twitter_card":"summary_large_image","twitter_misc":{"Scris de":"Redactor","Timp estimat pentru citire":"2 minute"},"schema":{"@context":"https:\/\/schema.org","@graph":[{"@type":"Article","@id":"https:\/\/bas-tv.md\/ro\/video-gheorghe-taranu-omul-care-isi-regaseste-linistea-in-fata-sevaletului\/#article","isPartOf":{"@id":"https:\/\/bas-tv.md\/ro\/video-gheorghe-taranu-omul-care-isi-regaseste-linistea-in-fata-sevaletului\/"},"author":{"name":"Redactor","@id":"https:\/\/bas-tv.md\/ro\/#\/schema\/person\/8740f45ea2eca1f1695284fc03529af0"},"headline":"(VIDEO) Gheorghe \u021aaranu, omul care \u00ee\u0219i reg\u0103se\u0219te lini\u0219tea \u00een fa\u021ba \u0219evaletului","datePublished":"2026-09-05T10:00:09+00:00","mainEntityOfPage":{"@id":"https:\/\/bas-tv.md\/ro\/video-gheorghe-taranu-omul-care-isi-regaseste-linistea-in-fata-sevaletului\/"},"wordCount":193,"publisher":{"@id":"https:\/\/bas-tv.md\/ro\/#organization"},"image":{"@id":"https:\/\/bas-tv.md\/ro\/video-gheorghe-taranu-omul-care-isi-regaseste-linistea-in-fata-sevaletului\/#primaryimage"},"thumbnailUrl":"https:\/\/bas-tv.md\/wp-content\/uploads\/2026\/09\/gheorghe-taranu.jpg","keywords":["art\u0103","art\u0103 \u00een Moldova","arti\u0219ti din Moldova","Basarabeasca","cultura","Gheorghe \u021a\u0103ranu","pasiune pentru pictur\u0103","pictor","pictur\u0103","por\u021bi pictate","pove\u0219ti de via\u021b\u0103","talent"],"articleSection":["Diverse","Istorii"],"inLanguage":"ro-RO"},{"@type":"WebPage","@id":"https:\/\/bas-tv.md\/ro\/video-gheorghe-taranu-omul-care-isi-regaseste-linistea-in-fata-sevaletului\/","url":"https:\/\/bas-tv.md\/ro\/video-gheorghe-taranu-omul-care-isi-regaseste-linistea-in-fata-sevaletului\/","name":"Gheorghe \u021aaranu: pictura, pasiunea care i-a marcat via\u021ba","isPartOf":{"@id":"https:\/\/bas-tv.md\/ro\/#website"},"primaryImageOfPage":{"@id":"https:\/\/bas-tv.md\/ro\/video-gheorghe-taranu-omul-care-isi-regaseste-linistea-in-fata-sevaletului\/#primaryimage"},"image":{"@id":"https:\/\/bas-tv.md\/ro\/video-gheorghe-taranu-omul-care-isi-regaseste-linistea-in-fata-sevaletului\/#primaryimage"},"thumbnailUrl":"https:\/\/bas-tv.md\/wp-content\/uploads\/2026\/09\/gheorghe-taranu.jpg","datePublished":"2026-09-05T10:00:09+00:00","description":"Gheorghe \u021aaranu, expert judiciar \u0219i pictor, transform\u0103 pasiunea din copil\u0103rie \u00een lucr\u0103ri care pot fi admirate \u00een mai multe localit\u0103\u021bi.","inLanguage":"ro-RO","potentialAction":[{"@type":"ReadAction","target":["https:\/\/bas-tv.md\/ro\/video-gheorghe-taranu-omul-care-isi-regaseste-linistea-in-fata-sevaletului\/"]}]},{"@type":"ImageObject","inLanguage":"ro-RO","@id":"https:\/\/bas-tv.md\/ro\/video-gheorghe-taranu-omul-care-isi-regaseste-linistea-in-fata-sevaletului\/#primaryimage","url":"https:\/\/bas-tv.md\/wp-content\/uploads\/2026\/09\/gheorghe-taranu.jpg","contentUrl":"https:\/\/bas-tv.md\/wp-content\/uploads\/2026\/09\/gheorghe-taranu.jpg","width":1280,"height":720,"caption":"Foto: BAStv"},{"@type":"WebSite","@id":"https:\/\/bas-tv.md\/ro\/#website","url":"https:\/\/bas-tv.md\/ro\/","name":"BasTV","description":"Moldova","publisher":{"@id":"https:\/\/bas-tv.md\/ro\/#organization"},"potentialAction":[{"@type":"SearchAction","target":{"@type":"EntryPoint","urlTemplate":"https:\/\/bas-tv.md\/ro\/?s={search_term_string}"},"query-input":{"@type":"PropertyValueSpecification","valueRequired":true,"valueName":"search_term_string"}}],"inLanguage":"ro-RO"},{"@type":"Organization","@id":"https:\/\/bas-tv.md\/ro\/#organization","name":"BasTV","url":"https:\/\/bas-tv.md\/ro\/","logo":{"@type":"ImageObject","inLanguage":"ro-RO","@id":"https:\/\/bas-tv.md\/ro\/#\/schema\/logo\/image\/","url":"https:\/\/bas-tv.md\/wp-content\/uploads\/2023\/05\/bas-tv-culoarea-rosie.png","contentUrl":"https:\/\/bas-tv.md\/wp-content\/uploads\/2023\/05\/bas-tv-culoarea-rosie.png","width":202,"height":50,"caption":"BasTV"},"image":{"@id":"https:\/\/bas-tv.md\/ro\/#\/schema\/logo\/image\/"}},{"@type":"Person","@id":"https:\/\/bas-tv.md\/ro\/#\/schema\/person\/8740f45ea2eca1f1695284fc03529af0","name":"Redactor","image":{"@type":"ImageObject","inLanguage":"ro-RO","@id":"https:\/\/bas-tv.md\/wp-content\/litespeed\/avatar\/91c0586f3f6f4396a4ec1287c965eeeb.jpg?ver=1788155382","url":"https:\/\/bas-tv.md\/wp-content\/litespeed\/avatar\/91c0586f3f6f4396a4ec1287c965eeeb.jpg?ver=1788155382","contentUrl":"https:\/\/bas-tv.md\/wp-content\/litespeed\/avatar\/91c0586f3f6f4396a4ec1287c965eeeb.jpg?ver=1788155382","caption":"Redactor"},"url":"https:\/\/bas-tv.md\/ro\/author\/redactor\/"}]}},"views":25,"_links":{"self":[{"href":"https:\/\/bas-tv.md\/ro\/wp-json\/wp\/v2\/posts\/191710","targetHints":{"allow":["GET"]}}],"collection":[{"href":"https:\/\/bas-tv.md\/ro\/wp-json\/wp\/v2\/posts"}],"about":[{"href":"https:\/\/bas-tv.md\/ro\/wp-json\/wp\/v2\/types\/post"}],"author":[{"embeddable":true,"href":"https:\/\/bas-tv.md\/ro\/wp-json\/wp\/v2\/users\/3"}],"replies":[{"embeddable":true,"href":"https:\/\/bas-tv.md\/ro\/wp-json\/wp\/v2\/comments?post=191710"}],"version-history":[{"count":1,"href":"https:\/\/bas-tv.md\/ro\/wp-json\/wp\/v2\/posts\/191710\/revisions"}],"predecessor-version":[{"id":191713,"href":"https:\/\/bas-tv.md\/ro\/wp-json\/wp\/v2\/posts\/191710\/revisions\/191713"}],"wp:featuredmedia":[{"embeddable":true,"href":"https:\/\/bas-tv.md\/ro\/wp-json\/wp\/v2\/media\/191711"}],"wp:attachment":[{"href":"https:\/\/bas-tv.md\/ro\/wp-json\/wp\/v2\/media?parent=191710"}],"wp:term":[{"taxonomy":"category","embeddable":true,"href":"https:\/\/bas-tv.md\/ro\/wp-json\/wp\/v2\/categories?post=191710"},{"taxonomy":"post_tag","embeddable":true,"href":"https:\/\/bas-tv.md\/ro\/wp-json\/wp\/v2\/tags?post=191710"}],"curies":[{"name":"wp","href":"https:\/\/api.w.org\/{rel}","templated":true}]}}