{"id":23885,"date":"2021-03-03T17:39:54","date_gmt":"2021-03-03T14:39:54","guid":{"rendered":"https:\/\/bas-tv.md\/?p=23885"},"modified":"2023-06-08T13:15:14","modified_gmt":"2023-06-08T10:15:14","slug":"un-miliardar-japonez-cauta-opt-persoane-care-sa-i-se-alature-pentru-o-calatorie-pe-luna-la-bordul-unei-rachete-spacex","status":"publish","type":"post","link":"https:\/\/bas-tv.md\/ro\/un-miliardar-japonez-cauta-opt-persoane-care-sa-i-se-alature-pentru-o-calatorie-pe-luna-la-bordul-unei-rachete-spacex\/","title":{"rendered":"Un miliardar japonez caut\u0103 opt persoane care s\u0103 i se al\u0103ture pentru o c\u0103l\u0103torie pe Lun\u0103, la bordul unei rachete SpaceX"},"content":{"rendered":"<p><img fetchpriority=\"high\" decoding=\"async\" class=\"alignnone size-full wp-image-23886\" src=\"https:\/\/bas-tv.md\/wp-content\/uploads\/2021\/03\/profi_20847800.jpg\" alt=\"\" width=\"720\" height=\"404\" \/><\/p>\n<p><strong>Miliardarul japonez Yusaku Maezawa a anun\u021bat c\u0103 va invita opt persoane care s\u0103 i se al\u0103ture pentru o c\u0103l\u0103torie pe Lun\u0103 la bordul unei nave spa\u021biale a SpaceX, compania fondat\u0103 de Elon Musk, scrie\u00a0BBC, citeaz\u0103<a href=\"https:\/\/www.digi24.ro\/stiri\/externe\/mapamond\/un-miliardar-japonez-cauta-opt-persoane-care-sa-i-se-alature-pentru-o-calatorie-pe-luna-la-bordul-unei-rachete-spacex-1461531\">\u00a0Digi24<\/a>.\u00a0El a spus c\u0103 va pl\u0103ti pentru \u00eentreaga c\u0103l\u0103torie, astfel \u00eenc\u00e2t cei care vin la bord vor zbura gratuit.<\/strong><\/p>\n<p data-index=\"2\">Solicitan\u021bii trebuie s\u0103 \u00eendeplineasc\u0103 dou\u0103 criterii: ar trebui s\u0103 promoveze orice activitate se desf\u0103\u0219oar\u0103 pentru \u201ea ajuta \u0219i alte persoane \u0219i o societate mai bun\u0103\u201d \u0219i sunt \u201edispu\u0219i s\u0103 sprijine al\u021bi membri ai echipajului care \u00eemp\u0103rt\u0103\u0219esc aspira\u021bii similare\u201d, a spus el.<\/p>\n<p data-index=\"3\">\u201eVreau ca oameni din toate mediile s\u0103 se al\u0103ture\u201d, a spus el \u00eentr-un videoclip pe Twitter, unde a distribuit \u0219i un link c\u0103tre aplica\u021bie. Misiunea, numit\u0103 dearMoon, este programat\u0103 pentru 2023, conform BBC, citat de Mediafax. \u201eAm cump\u0103rat toate locurile, a\u0219a c\u0103 va fi o c\u0103l\u0103torie privat\u0103\u201d, a ad\u0103ugat miliardarul.<\/p>\n<p data-index=\"4\">Maezawa, un magnat al modei \u0219i colec\u021bionar de art\u0103, a spus anterior c\u0103 inten\u021bioneaz\u0103 s\u0103 invite \u201earti\u0219ti\u201d pentru c\u0103l\u0103toria cu racheta Starship, dar c\u0103 actualul proiect \u201eva oferi oamenilor din \u00eentreaga lume \u0219ansa de a se al\u0103tura acestei c\u0103l\u0103torii\u201d.<\/p>\n<p data-index=\"5\">\u00cen ianuarie, b\u0103rbatul de 44 de ani a postat online un anun\u021b \u00een care spunea c\u0103\u00a0\u00ee\u0219i caut\u0103 o partener\u0103 care s\u0103-l \u00eenso\u021beasc\u0103 \u00een spa\u021biu. Anun\u021bul con\u021binea o list\u0103 de condi\u021bii \u0219i criterii: s\u0103 fie singure, \u00een v\u00e2rst\u0103 de peste 20 de ani \u0219i interesate s\u0103 ajung\u0103 \u00een spa\u021biu.<\/p>\n<p data-index=\"6\">Procesul de selec\u021bie urma s\u0103 fie redat \u00eentr-un documentar numit \u201e\u00cendr\u0103gosti\u021bi de lun\u0103 plin\u0103\u201d. Ulterior, \u00eens\u0103, b\u0103rbatul a anun\u021bat pe Twitter c\u0103 nu mai caut\u0103 o \u00eenso\u021bitoare \u00een spa\u021biu.<\/p>\n<p data-index=\"6\">\u00cen 2018, Maezawa a fost ales drept primul pasager privat care urmeaz\u0103 s\u0103 zboare \u00een jurul lunii de c\u0103tre SpaceX, compania de\u021binut\u0103 de Elon Musk.<\/p>\n<p data-index=\"9\">Planificat\u0103 pentru 2023, misiunea va fi prima c\u0103l\u0103torie a oamenilor spre lun\u0103 din 1972.<\/p>\n<p>Sursa: <a href=\"https:\/\/www.publika.md\/un-miliardar-japonez-cauta-opt-persoane-care-sa-i-se-alature-pentru-o-calatorie-pe-luna-la-bordul-unei-rachete-spacex_3097035.html?fbclid=IwAR1yODP8fI3LsD7i38M4X8MWHNkeGilVV7Lz1EjUFmiOQR--QugLIgZKi30\">publika.md<\/a><\/p>\n","protected":false},"excerpt":{"rendered":"<p>Miliardarul japonez Yusaku Maezawa a anun\u021bat c\u0103 va invita opt persoane care s\u0103 i se al\u0103ture pentru o c\u0103l\u0103torie pe Lun\u0103 la bordul unei nave spa\u021biale a SpaceX, compania fondat\u0103 de Elon Musk, scrie\u00a0BBC, citeaz\u0103\u00a0Digi24.\u00a0El a spus c\u0103 va pl\u0103ti pentru \u00eentreaga c\u0103l\u0103torie, astfel \u00eenc\u00e2t cei care vin la bord vor zbura gratuit. Solicitan\u021bii trebuie [&hellip;]<\/p>\n","protected":false},"author":3,"featured_media":23886,"comment_status":"open","ping_status":"open","sticky":false,"template":"","format":"standard","meta":{"footnotes":""},"categories":[571,570],"tags":[],"class_list":["post-23885","post","type-post","status-publish","format-standard","has-post-thumbnail","hentry","category-in-lume-actualitate","category-in-moldova"],"yoast_head":"<!-- This site is optimized with the Yoast SEO plugin v27.5 - https:\/\/yoast.com\/product\/yoast-seo-wordpress\/ -->\n<title>Un miliardar japonez caut\u0103 opt persoane care s\u0103 i se al\u0103ture pentru o c\u0103l\u0103torie pe Lun\u0103, la bordul unei rachete SpaceX - BasTV<\/title>\n<meta name=\"robots\" content=\"index, follow, max-snippet:-1, max-image-preview:large, max-video-preview:-1\" \/>\n<link rel=\"canonical\" href=\"https:\/\/bas-tv.md\/ro\/un-miliardar-japonez-cauta-opt-persoane-care-sa-i-se-alature-pentru-o-calatorie-pe-luna-la-bordul-unei-rachete-spacex\/\" \/>\n<meta property=\"og:locale\" content=\"ro_RO\" \/>\n<meta property=\"og:type\" content=\"article\" \/>\n<meta property=\"og:title\" content=\"Un miliardar japonez caut\u0103 opt persoane care s\u0103 i se al\u0103ture pentru o c\u0103l\u0103torie pe Lun\u0103, la bordul unei rachete SpaceX - BasTV\" \/>\n<meta property=\"og:description\" content=\"Miliardarul japonez Yusaku Maezawa a anun\u021bat c\u0103 va invita opt persoane care s\u0103 i se al\u0103ture pentru o c\u0103l\u0103torie pe Lun\u0103 la bordul unei nave spa\u021biale a SpaceX, compania fondat\u0103 de Elon Musk, scrie\u00a0BBC, citeaz\u0103\u00a0Digi24.\u00a0El a spus c\u0103 va pl\u0103ti pentru \u00eentreaga c\u0103l\u0103torie, astfel \u00eenc\u00e2t cei care vin la bord vor zbura gratuit. Solicitan\u021bii trebuie [&hellip;]\" \/>\n<meta property=\"og:url\" content=\"https:\/\/bas-tv.md\/ro\/un-miliardar-japonez-cauta-opt-persoane-care-sa-i-se-alature-pentru-o-calatorie-pe-luna-la-bordul-unei-rachete-spacex\/\" \/>\n<meta property=\"og:site_name\" content=\"BasTV\" \/>\n<meta property=\"article:published_time\" content=\"2021-03-03T14:39:54+00:00\" \/>\n<meta property=\"article:modified_time\" content=\"2023-06-08T10:15:14+00:00\" \/>\n<meta name=\"author\" content=\"Redactor\" \/>\n<meta name=\"twitter:card\" content=\"summary_large_image\" \/>\n<meta name=\"twitter:label1\" content=\"Scris de\" \/>\n\t<meta name=\"twitter:data1\" content=\"Redactor\" \/>\n\t<meta name=\"twitter:label2\" content=\"Timp estimat pentru citire\" \/>\n\t<meta name=\"twitter:data2\" content=\"2 minute\" \/>\n<script type=\"application\/ld+json\" class=\"yoast-schema-graph\">{\"@context\":\"https:\\\/\\\/schema.org\",\"@graph\":[{\"@type\":\"Article\",\"@id\":\"https:\\\/\\\/bas-tv.md\\\/ro\\\/un-miliardar-japonez-cauta-opt-persoane-care-sa-i-se-alature-pentru-o-calatorie-pe-luna-la-bordul-unei-rachete-spacex\\\/#article\",\"isPartOf\":{\"@id\":\"https:\\\/\\\/bas-tv.md\\\/ro\\\/un-miliardar-japonez-cauta-opt-persoane-care-sa-i-se-alature-pentru-o-calatorie-pe-luna-la-bordul-unei-rachete-spacex\\\/\"},\"author\":{\"name\":\"Redactor\",\"@id\":\"https:\\\/\\\/bas-tv.md\\\/ro\\\/#\\\/schema\\\/person\\\/8740f45ea2eca1f1695284fc03529af0\"},\"headline\":\"Un miliardar japonez caut\u0103 opt persoane care s\u0103 i se al\u0103ture pentru o c\u0103l\u0103torie pe Lun\u0103, la bordul unei rachete SpaceX\",\"datePublished\":\"2021-03-03T14:39:54+00:00\",\"dateModified\":\"2023-06-08T10:15:14+00:00\",\"mainEntityOfPage\":{\"@id\":\"https:\\\/\\\/bas-tv.md\\\/ro\\\/un-miliardar-japonez-cauta-opt-persoane-care-sa-i-se-alature-pentru-o-calatorie-pe-luna-la-bordul-unei-rachete-spacex\\\/\"},\"wordCount\":376,\"commentCount\":0,\"publisher\":{\"@id\":\"https:\\\/\\\/bas-tv.md\\\/ro\\\/#organization\"},\"image\":{\"@id\":\"https:\\\/\\\/bas-tv.md\\\/ro\\\/un-miliardar-japonez-cauta-opt-persoane-care-sa-i-se-alature-pentru-o-calatorie-pe-luna-la-bordul-unei-rachete-spacex\\\/#primaryimage\"},\"thumbnailUrl\":\"\",\"articleSection\":[\"\u00cen lume\",\"\u00cen Moldova\"],\"inLanguage\":\"ro-RO\",\"potentialAction\":[{\"@type\":\"CommentAction\",\"name\":\"Comment\",\"target\":[\"https:\\\/\\\/bas-tv.md\\\/ro\\\/un-miliardar-japonez-cauta-opt-persoane-care-sa-i-se-alature-pentru-o-calatorie-pe-luna-la-bordul-unei-rachete-spacex\\\/#respond\"]}]},{\"@type\":\"WebPage\",\"@id\":\"https:\\\/\\\/bas-tv.md\\\/ro\\\/un-miliardar-japonez-cauta-opt-persoane-care-sa-i-se-alature-pentru-o-calatorie-pe-luna-la-bordul-unei-rachete-spacex\\\/\",\"url\":\"https:\\\/\\\/bas-tv.md\\\/ro\\\/un-miliardar-japonez-cauta-opt-persoane-care-sa-i-se-alature-pentru-o-calatorie-pe-luna-la-bordul-unei-rachete-spacex\\\/\",\"name\":\"Un miliardar japonez caut\u0103 opt persoane care s\u0103 i se al\u0103ture pentru o c\u0103l\u0103torie pe Lun\u0103, la bordul unei rachete SpaceX - BasTV\",\"isPartOf\":{\"@id\":\"https:\\\/\\\/bas-tv.md\\\/ro\\\/#website\"},\"primaryImageOfPage\":{\"@id\":\"https:\\\/\\\/bas-tv.md\\\/ro\\\/un-miliardar-japonez-cauta-opt-persoane-care-sa-i-se-alature-pentru-o-calatorie-pe-luna-la-bordul-unei-rachete-spacex\\\/#primaryimage\"},\"image\":{\"@id\":\"https:\\\/\\\/bas-tv.md\\\/ro\\\/un-miliardar-japonez-cauta-opt-persoane-care-sa-i-se-alature-pentru-o-calatorie-pe-luna-la-bordul-unei-rachete-spacex\\\/#primaryimage\"},\"thumbnailUrl\":\"\",\"datePublished\":\"2021-03-03T14:39:54+00:00\",\"dateModified\":\"2023-06-08T10:15:14+00:00\",\"inLanguage\":\"ro-RO\",\"potentialAction\":[{\"@type\":\"ReadAction\",\"target\":[\"https:\\\/\\\/bas-tv.md\\\/ro\\\/un-miliardar-japonez-cauta-opt-persoane-care-sa-i-se-alature-pentru-o-calatorie-pe-luna-la-bordul-unei-rachete-spacex\\\/\"]}]},{\"@type\":\"ImageObject\",\"inLanguage\":\"ro-RO\",\"@id\":\"https:\\\/\\\/bas-tv.md\\\/ro\\\/un-miliardar-japonez-cauta-opt-persoane-care-sa-i-se-alature-pentru-o-calatorie-pe-luna-la-bordul-unei-rachete-spacex\\\/#primaryimage\",\"url\":\"\",\"contentUrl\":\"\"},{\"@type\":\"WebSite\",\"@id\":\"https:\\\/\\\/bas-tv.md\\\/ro\\\/#website\",\"url\":\"https:\\\/\\\/bas-tv.md\\\/ro\\\/\",\"name\":\"BasTV\",\"description\":\"Moldova\",\"publisher\":{\"@id\":\"https:\\\/\\\/bas-tv.md\\\/ro\\\/#organization\"},\"potentialAction\":[{\"@type\":\"SearchAction\",\"target\":{\"@type\":\"EntryPoint\",\"urlTemplate\":\"https:\\\/\\\/bas-tv.md\\\/ro\\\/?s={search_term_string}\"},\"query-input\":{\"@type\":\"PropertyValueSpecification\",\"valueRequired\":true,\"valueName\":\"search_term_string\"}}],\"inLanguage\":\"ro-RO\"},{\"@type\":\"Organization\",\"@id\":\"https:\\\/\\\/bas-tv.md\\\/ro\\\/#organization\",\"name\":\"BasTV\",\"url\":\"https:\\\/\\\/bas-tv.md\\\/ro\\\/\",\"logo\":{\"@type\":\"ImageObject\",\"inLanguage\":\"ro-RO\",\"@id\":\"https:\\\/\\\/bas-tv.md\\\/ro\\\/#\\\/schema\\\/logo\\\/image\\\/\",\"url\":\"https:\\\/\\\/bas-tv.md\\\/wp-content\\\/uploads\\\/2023\\\/05\\\/bas-tv-culoarea-rosie.png\",\"contentUrl\":\"https:\\\/\\\/bas-tv.md\\\/wp-content\\\/uploads\\\/2023\\\/05\\\/bas-tv-culoarea-rosie.png\",\"width\":202,\"height\":50,\"caption\":\"BasTV\"},\"image\":{\"@id\":\"https:\\\/\\\/bas-tv.md\\\/ro\\\/#\\\/schema\\\/logo\\\/image\\\/\"}},{\"@type\":\"Person\",\"@id\":\"https:\\\/\\\/bas-tv.md\\\/ro\\\/#\\\/schema\\\/person\\\/8740f45ea2eca1f1695284fc03529af0\",\"name\":\"Redactor\",\"image\":{\"@type\":\"ImageObject\",\"inLanguage\":\"ro-RO\",\"@id\":\"https:\\\/\\\/bas-tv.md\\\/wp-content\\\/litespeed\\\/avatar\\\/91c0586f3f6f4396a4ec1287c965eeeb.jpg?ver=1776950945\",\"url\":\"https:\\\/\\\/bas-tv.md\\\/wp-content\\\/litespeed\\\/avatar\\\/91c0586f3f6f4396a4ec1287c965eeeb.jpg?ver=1776950945\",\"contentUrl\":\"https:\\\/\\\/bas-tv.md\\\/wp-content\\\/litespeed\\\/avatar\\\/91c0586f3f6f4396a4ec1287c965eeeb.jpg?ver=1776950945\",\"caption\":\"Redactor\"},\"url\":\"https:\\\/\\\/bas-tv.md\\\/ro\\\/author\\\/redactor\\\/\"}]}<\/script>\n<!-- \/ Yoast SEO plugin. -->","yoast_head_json":{"title":"Un miliardar japonez caut\u0103 opt persoane care s\u0103 i se al\u0103ture pentru o c\u0103l\u0103torie pe Lun\u0103, la bordul unei rachete SpaceX - BasTV","robots":{"index":"index","follow":"follow","max-snippet":"max-snippet:-1","max-image-preview":"max-image-preview:large","max-video-preview":"max-video-preview:-1"},"canonical":"https:\/\/bas-tv.md\/ro\/un-miliardar-japonez-cauta-opt-persoane-care-sa-i-se-alature-pentru-o-calatorie-pe-luna-la-bordul-unei-rachete-spacex\/","og_locale":"ro_RO","og_type":"article","og_title":"Un miliardar japonez caut\u0103 opt persoane care s\u0103 i se al\u0103ture pentru o c\u0103l\u0103torie pe Lun\u0103, la bordul unei rachete SpaceX - BasTV","og_description":"Miliardarul japonez Yusaku Maezawa a anun\u021bat c\u0103 va invita opt persoane care s\u0103 i se al\u0103ture pentru o c\u0103l\u0103torie pe Lun\u0103 la bordul unei nave spa\u021biale a SpaceX, compania fondat\u0103 de Elon Musk, scrie\u00a0BBC, citeaz\u0103\u00a0Digi24.\u00a0El a spus c\u0103 va pl\u0103ti pentru \u00eentreaga c\u0103l\u0103torie, astfel \u00eenc\u00e2t cei care vin la bord vor zbura gratuit. Solicitan\u021bii trebuie [&hellip;]","og_url":"https:\/\/bas-tv.md\/ro\/un-miliardar-japonez-cauta-opt-persoane-care-sa-i-se-alature-pentru-o-calatorie-pe-luna-la-bordul-unei-rachete-spacex\/","og_site_name":"BasTV","article_published_time":"2021-03-03T14:39:54+00:00","article_modified_time":"2023-06-08T10:15:14+00:00","author":"Redactor","twitter_card":"summary_large_image","twitter_misc":{"Scris de":"Redactor","Timp estimat pentru citire":"2 minute"},"schema":{"@context":"https:\/\/schema.org","@graph":[{"@type":"Article","@id":"https:\/\/bas-tv.md\/ro\/un-miliardar-japonez-cauta-opt-persoane-care-sa-i-se-alature-pentru-o-calatorie-pe-luna-la-bordul-unei-rachete-spacex\/#article","isPartOf":{"@id":"https:\/\/bas-tv.md\/ro\/un-miliardar-japonez-cauta-opt-persoane-care-sa-i-se-alature-pentru-o-calatorie-pe-luna-la-bordul-unei-rachete-spacex\/"},"author":{"name":"Redactor","@id":"https:\/\/bas-tv.md\/ro\/#\/schema\/person\/8740f45ea2eca1f1695284fc03529af0"},"headline":"Un miliardar japonez caut\u0103 opt persoane care s\u0103 i se al\u0103ture pentru o c\u0103l\u0103torie pe Lun\u0103, la bordul unei rachete SpaceX","datePublished":"2021-03-03T14:39:54+00:00","dateModified":"2023-06-08T10:15:14+00:00","mainEntityOfPage":{"@id":"https:\/\/bas-tv.md\/ro\/un-miliardar-japonez-cauta-opt-persoane-care-sa-i-se-alature-pentru-o-calatorie-pe-luna-la-bordul-unei-rachete-spacex\/"},"wordCount":376,"commentCount":0,"publisher":{"@id":"https:\/\/bas-tv.md\/ro\/#organization"},"image":{"@id":"https:\/\/bas-tv.md\/ro\/un-miliardar-japonez-cauta-opt-persoane-care-sa-i-se-alature-pentru-o-calatorie-pe-luna-la-bordul-unei-rachete-spacex\/#primaryimage"},"thumbnailUrl":"","articleSection":["\u00cen lume","\u00cen Moldova"],"inLanguage":"ro-RO","potentialAction":[{"@type":"CommentAction","name":"Comment","target":["https:\/\/bas-tv.md\/ro\/un-miliardar-japonez-cauta-opt-persoane-care-sa-i-se-alature-pentru-o-calatorie-pe-luna-la-bordul-unei-rachete-spacex\/#respond"]}]},{"@type":"WebPage","@id":"https:\/\/bas-tv.md\/ro\/un-miliardar-japonez-cauta-opt-persoane-care-sa-i-se-alature-pentru-o-calatorie-pe-luna-la-bordul-unei-rachete-spacex\/","url":"https:\/\/bas-tv.md\/ro\/un-miliardar-japonez-cauta-opt-persoane-care-sa-i-se-alature-pentru-o-calatorie-pe-luna-la-bordul-unei-rachete-spacex\/","name":"Un miliardar japonez caut\u0103 opt persoane care s\u0103 i se al\u0103ture pentru o c\u0103l\u0103torie pe Lun\u0103, la bordul unei rachete SpaceX - BasTV","isPartOf":{"@id":"https:\/\/bas-tv.md\/ro\/#website"},"primaryImageOfPage":{"@id":"https:\/\/bas-tv.md\/ro\/un-miliardar-japonez-cauta-opt-persoane-care-sa-i-se-alature-pentru-o-calatorie-pe-luna-la-bordul-unei-rachete-spacex\/#primaryimage"},"image":{"@id":"https:\/\/bas-tv.md\/ro\/un-miliardar-japonez-cauta-opt-persoane-care-sa-i-se-alature-pentru-o-calatorie-pe-luna-la-bordul-unei-rachete-spacex\/#primaryimage"},"thumbnailUrl":"","datePublished":"2021-03-03T14:39:54+00:00","dateModified":"2023-06-08T10:15:14+00:00","inLanguage":"ro-RO","potentialAction":[{"@type":"ReadAction","target":["https:\/\/bas-tv.md\/ro\/un-miliardar-japonez-cauta-opt-persoane-care-sa-i-se-alature-pentru-o-calatorie-pe-luna-la-bordul-unei-rachete-spacex\/"]}]},{"@type":"ImageObject","inLanguage":"ro-RO","@id":"https:\/\/bas-tv.md\/ro\/un-miliardar-japonez-cauta-opt-persoane-care-sa-i-se-alature-pentru-o-calatorie-pe-luna-la-bordul-unei-rachete-spacex\/#primaryimage","url":"","contentUrl":""},{"@type":"WebSite","@id":"https:\/\/bas-tv.md\/ro\/#website","url":"https:\/\/bas-tv.md\/ro\/","name":"BasTV","description":"Moldova","publisher":{"@id":"https:\/\/bas-tv.md\/ro\/#organization"},"potentialAction":[{"@type":"SearchAction","target":{"@type":"EntryPoint","urlTemplate":"https:\/\/bas-tv.md\/ro\/?s={search_term_string}"},"query-input":{"@type":"PropertyValueSpecification","valueRequired":true,"valueName":"search_term_string"}}],"inLanguage":"ro-RO"},{"@type":"Organization","@id":"https:\/\/bas-tv.md\/ro\/#organization","name":"BasTV","url":"https:\/\/bas-tv.md\/ro\/","logo":{"@type":"ImageObject","inLanguage":"ro-RO","@id":"https:\/\/bas-tv.md\/ro\/#\/schema\/logo\/image\/","url":"https:\/\/bas-tv.md\/wp-content\/uploads\/2023\/05\/bas-tv-culoarea-rosie.png","contentUrl":"https:\/\/bas-tv.md\/wp-content\/uploads\/2023\/05\/bas-tv-culoarea-rosie.png","width":202,"height":50,"caption":"BasTV"},"image":{"@id":"https:\/\/bas-tv.md\/ro\/#\/schema\/logo\/image\/"}},{"@type":"Person","@id":"https:\/\/bas-tv.md\/ro\/#\/schema\/person\/8740f45ea2eca1f1695284fc03529af0","name":"Redactor","image":{"@type":"ImageObject","inLanguage":"ro-RO","@id":"https:\/\/bas-tv.md\/wp-content\/litespeed\/avatar\/91c0586f3f6f4396a4ec1287c965eeeb.jpg?ver=1776950945","url":"https:\/\/bas-tv.md\/wp-content\/litespeed\/avatar\/91c0586f3f6f4396a4ec1287c965eeeb.jpg?ver=1776950945","contentUrl":"https:\/\/bas-tv.md\/wp-content\/litespeed\/avatar\/91c0586f3f6f4396a4ec1287c965eeeb.jpg?ver=1776950945","caption":"Redactor"},"url":"https:\/\/bas-tv.md\/ro\/author\/redactor\/"}]}},"views":198,"_links":{"self":[{"href":"https:\/\/bas-tv.md\/ro\/wp-json\/wp\/v2\/posts\/23885","targetHints":{"allow":["GET"]}}],"collection":[{"href":"https:\/\/bas-tv.md\/ro\/wp-json\/wp\/v2\/posts"}],"about":[{"href":"https:\/\/bas-tv.md\/ro\/wp-json\/wp\/v2\/types\/post"}],"author":[{"embeddable":true,"href":"https:\/\/bas-tv.md\/ro\/wp-json\/wp\/v2\/users\/3"}],"replies":[{"embeddable":true,"href":"https:\/\/bas-tv.md\/ro\/wp-json\/wp\/v2\/comments?post=23885"}],"version-history":[{"count":1,"href":"https:\/\/bas-tv.md\/ro\/wp-json\/wp\/v2\/posts\/23885\/revisions"}],"predecessor-version":[{"id":87196,"href":"https:\/\/bas-tv.md\/ro\/wp-json\/wp\/v2\/posts\/23885\/revisions\/87196"}],"wp:featuredmedia":[{"embeddable":true,"href":"https:\/\/bas-tv.md\/ro\/wp-json\/"}],"wp:attachment":[{"href":"https:\/\/bas-tv.md\/ro\/wp-json\/wp\/v2\/media?parent=23885"}],"wp:term":[{"taxonomy":"category","embeddable":true,"href":"https:\/\/bas-tv.md\/ro\/wp-json\/wp\/v2\/categories?post=23885"},{"taxonomy":"post_tag","embeddable":true,"href":"https:\/\/bas-tv.md\/ro\/wp-json\/wp\/v2\/tags?post=23885"}],"curies":[{"name":"wp","href":"https:\/\/api.w.org\/{rel}","templated":true}]}}