{"id":25554,"date":"2021-04-26T12:01:49","date_gmt":"2021-04-26T09:01:49","guid":{"rendered":"https:\/\/bas-tv.md\/?p=25554"},"modified":"2023-06-07T19:09:04","modified_gmt":"2023-06-07T16:09:04","slug":"reincepe-cursa-carabetovca-chisinau","status":"publish","type":"post","link":"https:\/\/bas-tv.md\/ro\/reincepe-cursa-carabetovca-chisinau\/","title":{"rendered":"Re\u00eencepe  cursa Carabetovca-Chi\u0219in\u0103u"},"content":{"rendered":"<p>De ast\u0103zi, 26.04 \u00ee\u0219i reia activitatea cursa <strong>Carabetovca- Chi\u0219in\u0103u<\/strong>.<\/p>\n<p>Pornirea din <strong>Carabetovca<\/strong> spre Chi\u0219in\u0103u se efectueaz\u0103 de la ora <strong>06:25.<\/strong> Microbuzul trece prin Sadaclia pentru a lua pasageri.<br \/>\nPornirea din <strong>Sadaclia<\/strong> spre Chi\u015finau &#8211; ora<strong> 6:40.<\/strong><\/p>\n<p>Iar din<strong> Chi\u0219in\u0103u<\/strong> spre Carabetovca pornirea va avea loc de la orele <strong>14:55.<\/strong><\/p>\n<p>Pentru informa\u021bii ad\u0103ug\u0103toare apela\u021bi la urm\u0103toarele numere de telefon:<br \/>\n069610156 &#8211; Anatolie<br \/>\n068346407 &#8211; Valeriu<\/p>\n<p>Informa\u021bie preluat\u0103 de pe pagina de Facebook a prim\u0103riilor Carabetovca \u0219i Sadaclia.<\/p>\n","protected":false},"excerpt":{"rendered":"<p>De ast\u0103zi, 26.04 \u00ee\u0219i reia activitatea cursa Carabetovca- Chi\u0219in\u0103u. Pornirea din Carabetovca spre Chi\u0219in\u0103u se efectueaz\u0103 de la ora 06:25. Microbuzul trece prin Sadaclia pentru a lua pasageri. Pornirea din Sadaclia spre Chi\u015finau &#8211; ora 6:40. Iar din Chi\u0219in\u0103u spre Carabetovca pornirea va avea loc de la orele 14:55. Pentru informa\u021bii ad\u0103ug\u0103toare apela\u021bi la urm\u0103toarele [&hellip;]<\/p>\n","protected":false},"author":3,"featured_media":25556,"comment_status":"open","ping_status":"open","sticky":false,"template":"","format":"standard","meta":{"footnotes":""},"categories":[219,570],"tags":[],"class_list":["post-25554","post","type-post","status-publish","format-standard","has-post-thumbnail","hentry","category-anunturi","category-in-moldova"],"yoast_head":"<!-- This site is optimized with the Yoast SEO plugin v27.5 - https:\/\/yoast.com\/product\/yoast-seo-wordpress\/ -->\n<title>Re\u00eencepe cursa Carabetovca-Chi\u0219in\u0103u - BasTV<\/title>\n<meta name=\"robots\" content=\"index, follow, max-snippet:-1, max-image-preview:large, max-video-preview:-1\" \/>\n<link rel=\"canonical\" href=\"https:\/\/bas-tv.md\/ro\/reincepe-cursa-carabetovca-chisinau\/\" \/>\n<meta property=\"og:locale\" content=\"ro_RO\" \/>\n<meta property=\"og:type\" content=\"article\" \/>\n<meta property=\"og:title\" content=\"Re\u00eencepe cursa Carabetovca-Chi\u0219in\u0103u - BasTV\" \/>\n<meta property=\"og:description\" content=\"De ast\u0103zi, 26.04 \u00ee\u0219i reia activitatea cursa Carabetovca- Chi\u0219in\u0103u. Pornirea din Carabetovca spre Chi\u0219in\u0103u se efectueaz\u0103 de la ora 06:25. Microbuzul trece prin Sadaclia pentru a lua pasageri. Pornirea din Sadaclia spre Chi\u015finau &#8211; ora 6:40. Iar din Chi\u0219in\u0103u spre Carabetovca pornirea va avea loc de la orele 14:55. Pentru informa\u021bii ad\u0103ug\u0103toare apela\u021bi la urm\u0103toarele [&hellip;]\" \/>\n<meta property=\"og:url\" content=\"https:\/\/bas-tv.md\/ro\/reincepe-cursa-carabetovca-chisinau\/\" \/>\n<meta property=\"og:site_name\" content=\"BasTV\" \/>\n<meta property=\"article:published_time\" content=\"2021-04-26T09:01:49+00:00\" \/>\n<meta property=\"article:modified_time\" content=\"2023-06-07T16:09:04+00:00\" \/>\n<meta name=\"author\" content=\"Redactor\" \/>\n<meta name=\"twitter:card\" content=\"summary_large_image\" \/>\n<meta name=\"twitter:label1\" content=\"Scris de\" \/>\n\t<meta name=\"twitter:data1\" content=\"Redactor\" \/>\n<script type=\"application\/ld+json\" class=\"yoast-schema-graph\">{\"@context\":\"https:\\\/\\\/schema.org\",\"@graph\":[{\"@type\":\"Article\",\"@id\":\"https:\\\/\\\/bas-tv.md\\\/ro\\\/reincepe-cursa-carabetovca-chisinau\\\/#article\",\"isPartOf\":{\"@id\":\"https:\\\/\\\/bas-tv.md\\\/ro\\\/reincepe-cursa-carabetovca-chisinau\\\/\"},\"author\":{\"name\":\"Redactor\",\"@id\":\"https:\\\/\\\/bas-tv.md\\\/ro\\\/#\\\/schema\\\/person\\\/8740f45ea2eca1f1695284fc03529af0\"},\"headline\":\"Re\u00eencepe cursa Carabetovca-Chi\u0219in\u0103u\",\"datePublished\":\"2021-04-26T09:01:49+00:00\",\"dateModified\":\"2023-06-07T16:09:04+00:00\",\"mainEntityOfPage\":{\"@id\":\"https:\\\/\\\/bas-tv.md\\\/ro\\\/reincepe-cursa-carabetovca-chisinau\\\/\"},\"wordCount\":91,\"commentCount\":0,\"publisher\":{\"@id\":\"https:\\\/\\\/bas-tv.md\\\/ro\\\/#organization\"},\"image\":{\"@id\":\"https:\\\/\\\/bas-tv.md\\\/ro\\\/reincepe-cursa-carabetovca-chisinau\\\/#primaryimage\"},\"thumbnailUrl\":\"\",\"articleSection\":[\"Anun\u021buri\",\"\u00cen Moldova\"],\"inLanguage\":\"ro-RO\",\"potentialAction\":[{\"@type\":\"CommentAction\",\"name\":\"Comment\",\"target\":[\"https:\\\/\\\/bas-tv.md\\\/ro\\\/reincepe-cursa-carabetovca-chisinau\\\/#respond\"]}]},{\"@type\":\"WebPage\",\"@id\":\"https:\\\/\\\/bas-tv.md\\\/ro\\\/reincepe-cursa-carabetovca-chisinau\\\/\",\"url\":\"https:\\\/\\\/bas-tv.md\\\/ro\\\/reincepe-cursa-carabetovca-chisinau\\\/\",\"name\":\"Re\u00eencepe cursa Carabetovca-Chi\u0219in\u0103u - BasTV\",\"isPartOf\":{\"@id\":\"https:\\\/\\\/bas-tv.md\\\/ro\\\/#website\"},\"primaryImageOfPage\":{\"@id\":\"https:\\\/\\\/bas-tv.md\\\/ro\\\/reincepe-cursa-carabetovca-chisinau\\\/#primaryimage\"},\"image\":{\"@id\":\"https:\\\/\\\/bas-tv.md\\\/ro\\\/reincepe-cursa-carabetovca-chisinau\\\/#primaryimage\"},\"thumbnailUrl\":\"\",\"datePublished\":\"2021-04-26T09:01:49+00:00\",\"dateModified\":\"2023-06-07T16:09:04+00:00\",\"inLanguage\":\"ro-RO\",\"potentialAction\":[{\"@type\":\"ReadAction\",\"target\":[\"https:\\\/\\\/bas-tv.md\\\/ro\\\/reincepe-cursa-carabetovca-chisinau\\\/\"]}]},{\"@type\":\"ImageObject\",\"inLanguage\":\"ro-RO\",\"@id\":\"https:\\\/\\\/bas-tv.md\\\/ro\\\/reincepe-cursa-carabetovca-chisinau\\\/#primaryimage\",\"url\":\"\",\"contentUrl\":\"\"},{\"@type\":\"WebSite\",\"@id\":\"https:\\\/\\\/bas-tv.md\\\/ro\\\/#website\",\"url\":\"https:\\\/\\\/bas-tv.md\\\/ro\\\/\",\"name\":\"BasTV\",\"description\":\"Moldova\",\"publisher\":{\"@id\":\"https:\\\/\\\/bas-tv.md\\\/ro\\\/#organization\"},\"potentialAction\":[{\"@type\":\"SearchAction\",\"target\":{\"@type\":\"EntryPoint\",\"urlTemplate\":\"https:\\\/\\\/bas-tv.md\\\/ro\\\/?s={search_term_string}\"},\"query-input\":{\"@type\":\"PropertyValueSpecification\",\"valueRequired\":true,\"valueName\":\"search_term_string\"}}],\"inLanguage\":\"ro-RO\"},{\"@type\":\"Organization\",\"@id\":\"https:\\\/\\\/bas-tv.md\\\/ro\\\/#organization\",\"name\":\"BasTV\",\"url\":\"https:\\\/\\\/bas-tv.md\\\/ro\\\/\",\"logo\":{\"@type\":\"ImageObject\",\"inLanguage\":\"ro-RO\",\"@id\":\"https:\\\/\\\/bas-tv.md\\\/ro\\\/#\\\/schema\\\/logo\\\/image\\\/\",\"url\":\"https:\\\/\\\/bas-tv.md\\\/wp-content\\\/uploads\\\/2023\\\/05\\\/bas-tv-culoarea-rosie.png\",\"contentUrl\":\"https:\\\/\\\/bas-tv.md\\\/wp-content\\\/uploads\\\/2023\\\/05\\\/bas-tv-culoarea-rosie.png\",\"width\":202,\"height\":50,\"caption\":\"BasTV\"},\"image\":{\"@id\":\"https:\\\/\\\/bas-tv.md\\\/ro\\\/#\\\/schema\\\/logo\\\/image\\\/\"}},{\"@type\":\"Person\",\"@id\":\"https:\\\/\\\/bas-tv.md\\\/ro\\\/#\\\/schema\\\/person\\\/8740f45ea2eca1f1695284fc03529af0\",\"name\":\"Redactor\",\"image\":{\"@type\":\"ImageObject\",\"inLanguage\":\"ro-RO\",\"@id\":\"https:\\\/\\\/bas-tv.md\\\/wp-content\\\/litespeed\\\/avatar\\\/91c0586f3f6f4396a4ec1287c965eeeb.jpg?ver=1776950945\",\"url\":\"https:\\\/\\\/bas-tv.md\\\/wp-content\\\/litespeed\\\/avatar\\\/91c0586f3f6f4396a4ec1287c965eeeb.jpg?ver=1776950945\",\"contentUrl\":\"https:\\\/\\\/bas-tv.md\\\/wp-content\\\/litespeed\\\/avatar\\\/91c0586f3f6f4396a4ec1287c965eeeb.jpg?ver=1776950945\",\"caption\":\"Redactor\"},\"url\":\"https:\\\/\\\/bas-tv.md\\\/ro\\\/author\\\/redactor\\\/\"}]}<\/script>\n<!-- \/ Yoast SEO plugin. -->","yoast_head_json":{"title":"Re\u00eencepe cursa Carabetovca-Chi\u0219in\u0103u - BasTV","robots":{"index":"index","follow":"follow","max-snippet":"max-snippet:-1","max-image-preview":"max-image-preview:large","max-video-preview":"max-video-preview:-1"},"canonical":"https:\/\/bas-tv.md\/ro\/reincepe-cursa-carabetovca-chisinau\/","og_locale":"ro_RO","og_type":"article","og_title":"Re\u00eencepe cursa Carabetovca-Chi\u0219in\u0103u - BasTV","og_description":"De ast\u0103zi, 26.04 \u00ee\u0219i reia activitatea cursa Carabetovca- Chi\u0219in\u0103u. Pornirea din Carabetovca spre Chi\u0219in\u0103u se efectueaz\u0103 de la ora 06:25. Microbuzul trece prin Sadaclia pentru a lua pasageri. Pornirea din Sadaclia spre Chi\u015finau &#8211; ora 6:40. Iar din Chi\u0219in\u0103u spre Carabetovca pornirea va avea loc de la orele 14:55. Pentru informa\u021bii ad\u0103ug\u0103toare apela\u021bi la urm\u0103toarele [&hellip;]","og_url":"https:\/\/bas-tv.md\/ro\/reincepe-cursa-carabetovca-chisinau\/","og_site_name":"BasTV","article_published_time":"2021-04-26T09:01:49+00:00","article_modified_time":"2023-06-07T16:09:04+00:00","author":"Redactor","twitter_card":"summary_large_image","twitter_misc":{"Scris de":"Redactor"},"schema":{"@context":"https:\/\/schema.org","@graph":[{"@type":"Article","@id":"https:\/\/bas-tv.md\/ro\/reincepe-cursa-carabetovca-chisinau\/#article","isPartOf":{"@id":"https:\/\/bas-tv.md\/ro\/reincepe-cursa-carabetovca-chisinau\/"},"author":{"name":"Redactor","@id":"https:\/\/bas-tv.md\/ro\/#\/schema\/person\/8740f45ea2eca1f1695284fc03529af0"},"headline":"Re\u00eencepe cursa Carabetovca-Chi\u0219in\u0103u","datePublished":"2021-04-26T09:01:49+00:00","dateModified":"2023-06-07T16:09:04+00:00","mainEntityOfPage":{"@id":"https:\/\/bas-tv.md\/ro\/reincepe-cursa-carabetovca-chisinau\/"},"wordCount":91,"commentCount":0,"publisher":{"@id":"https:\/\/bas-tv.md\/ro\/#organization"},"image":{"@id":"https:\/\/bas-tv.md\/ro\/reincepe-cursa-carabetovca-chisinau\/#primaryimage"},"thumbnailUrl":"","articleSection":["Anun\u021buri","\u00cen Moldova"],"inLanguage":"ro-RO","potentialAction":[{"@type":"CommentAction","name":"Comment","target":["https:\/\/bas-tv.md\/ro\/reincepe-cursa-carabetovca-chisinau\/#respond"]}]},{"@type":"WebPage","@id":"https:\/\/bas-tv.md\/ro\/reincepe-cursa-carabetovca-chisinau\/","url":"https:\/\/bas-tv.md\/ro\/reincepe-cursa-carabetovca-chisinau\/","name":"Re\u00eencepe cursa Carabetovca-Chi\u0219in\u0103u - BasTV","isPartOf":{"@id":"https:\/\/bas-tv.md\/ro\/#website"},"primaryImageOfPage":{"@id":"https:\/\/bas-tv.md\/ro\/reincepe-cursa-carabetovca-chisinau\/#primaryimage"},"image":{"@id":"https:\/\/bas-tv.md\/ro\/reincepe-cursa-carabetovca-chisinau\/#primaryimage"},"thumbnailUrl":"","datePublished":"2021-04-26T09:01:49+00:00","dateModified":"2023-06-07T16:09:04+00:00","inLanguage":"ro-RO","potentialAction":[{"@type":"ReadAction","target":["https:\/\/bas-tv.md\/ro\/reincepe-cursa-carabetovca-chisinau\/"]}]},{"@type":"ImageObject","inLanguage":"ro-RO","@id":"https:\/\/bas-tv.md\/ro\/reincepe-cursa-carabetovca-chisinau\/#primaryimage","url":"","contentUrl":""},{"@type":"WebSite","@id":"https:\/\/bas-tv.md\/ro\/#website","url":"https:\/\/bas-tv.md\/ro\/","name":"BasTV","description":"Moldova","publisher":{"@id":"https:\/\/bas-tv.md\/ro\/#organization"},"potentialAction":[{"@type":"SearchAction","target":{"@type":"EntryPoint","urlTemplate":"https:\/\/bas-tv.md\/ro\/?s={search_term_string}"},"query-input":{"@type":"PropertyValueSpecification","valueRequired":true,"valueName":"search_term_string"}}],"inLanguage":"ro-RO"},{"@type":"Organization","@id":"https:\/\/bas-tv.md\/ro\/#organization","name":"BasTV","url":"https:\/\/bas-tv.md\/ro\/","logo":{"@type":"ImageObject","inLanguage":"ro-RO","@id":"https:\/\/bas-tv.md\/ro\/#\/schema\/logo\/image\/","url":"https:\/\/bas-tv.md\/wp-content\/uploads\/2023\/05\/bas-tv-culoarea-rosie.png","contentUrl":"https:\/\/bas-tv.md\/wp-content\/uploads\/2023\/05\/bas-tv-culoarea-rosie.png","width":202,"height":50,"caption":"BasTV"},"image":{"@id":"https:\/\/bas-tv.md\/ro\/#\/schema\/logo\/image\/"}},{"@type":"Person","@id":"https:\/\/bas-tv.md\/ro\/#\/schema\/person\/8740f45ea2eca1f1695284fc03529af0","name":"Redactor","image":{"@type":"ImageObject","inLanguage":"ro-RO","@id":"https:\/\/bas-tv.md\/wp-content\/litespeed\/avatar\/91c0586f3f6f4396a4ec1287c965eeeb.jpg?ver=1776950945","url":"https:\/\/bas-tv.md\/wp-content\/litespeed\/avatar\/91c0586f3f6f4396a4ec1287c965eeeb.jpg?ver=1776950945","contentUrl":"https:\/\/bas-tv.md\/wp-content\/litespeed\/avatar\/91c0586f3f6f4396a4ec1287c965eeeb.jpg?ver=1776950945","caption":"Redactor"},"url":"https:\/\/bas-tv.md\/ro\/author\/redactor\/"}]}},"views":272,"_links":{"self":[{"href":"https:\/\/bas-tv.md\/ro\/wp-json\/wp\/v2\/posts\/25554","targetHints":{"allow":["GET"]}}],"collection":[{"href":"https:\/\/bas-tv.md\/ro\/wp-json\/wp\/v2\/posts"}],"about":[{"href":"https:\/\/bas-tv.md\/ro\/wp-json\/wp\/v2\/types\/post"}],"author":[{"embeddable":true,"href":"https:\/\/bas-tv.md\/ro\/wp-json\/wp\/v2\/users\/3"}],"replies":[{"embeddable":true,"href":"https:\/\/bas-tv.md\/ro\/wp-json\/wp\/v2\/comments?post=25554"}],"version-history":[{"count":1,"href":"https:\/\/bas-tv.md\/ro\/wp-json\/wp\/v2\/posts\/25554\/revisions"}],"predecessor-version":[{"id":87071,"href":"https:\/\/bas-tv.md\/ro\/wp-json\/wp\/v2\/posts\/25554\/revisions\/87071"}],"wp:featuredmedia":[{"embeddable":true,"href":"https:\/\/bas-tv.md\/ro\/wp-json\/"}],"wp:attachment":[{"href":"https:\/\/bas-tv.md\/ro\/wp-json\/wp\/v2\/media?parent=25554"}],"wp:term":[{"taxonomy":"category","embeddable":true,"href":"https:\/\/bas-tv.md\/ro\/wp-json\/wp\/v2\/categories?post=25554"},{"taxonomy":"post_tag","embeddable":true,"href":"https:\/\/bas-tv.md\/ro\/wp-json\/wp\/v2\/tags?post=25554"}],"curies":[{"name":"wp","href":"https:\/\/api.w.org\/{rel}","templated":true}]}}