{"id":29115,"date":"2021-07-28T17:30:16","date_gmt":"2021-07-28T14:30:16","guid":{"rendered":"https:\/\/bas-tv.md\/?p=29115"},"modified":"2021-07-28T17:30:16","modified_gmt":"2021-07-28T14:30:16","slug":"planurile-a-sase-calatori-de-a-intra-pe-teritoriul-republicii-moldova-cu-teste-covid-19-falsificate","status":"publish","type":"post","link":"https:\/\/bas-tv.md\/ro\/planurile-a-sase-calatori-de-a-intra-pe-teritoriul-republicii-moldova-cu-teste-covid-19-falsificate\/","title":{"rendered":"Planurile a \u0219ase c\u0103l\u0103tori de a intra pe teritoriul Republicii Moldova cu TESTE Covid-19 FALSIFICATE"},"content":{"rendered":"<p><strong>Planurile a \u015fase c\u0103l\u0103tori de a intra pe teritoriul Republicii Moldova f\u0103r\u0103 a fi plasa\u0163i \u00een autoizolare au fost dejucate de c\u0103tre poli\u0163i\u015ftii de frontier\u0103. Ace\u015ftia au prezentat rezultatele negative ale testelor Covid-19, \u00eens\u0103 f\u0103r\u0103 a corespunde unor acte veridice. Audiat, fiecare cet\u0103\u0163ean a \u00eencercat s\u0103 se justifice, men\u0163ion\u00e2nd c\u0103 le-a ob\u0163inut legal.<\/strong><\/p>\n<p><span style=\"font-weight: 400;\">Cele \u015fase documente cu semne vizibile de falsificare au fost indentificate pe parcursul zilei de ieri, 27 iulie curent pe sensul de intrare \u00een R. Moldova. Trei dintre ele au fost ridicate \u00een punctul de trecere Lipcani- R\u0103d\u0103u\u0163i Prut de la doi cet\u0103\u0163eni ai Rom\u00e2niei \u015fi un cona\u0163ional care se \u00eentorceau din Germania. Audia\u0163i, ei au declarat c\u0103 au dat analizele necesare pentru eliberarea documentelor respective, recunosc\u00e2nd ulterior, c\u0103 pentru ob\u0163inerea rapid\u0103 a rezultatelor au achitat suplimentar c\u00e2te <strong>50 de euro fiecare.\u00a0\u00a0<\/strong><\/span><\/p>\n<p><span style=\"font-weight: 400;\">\u015ei un ucrainean este documentat pentru prezentarea testului Covid-19 falsificat. Actul ar fi emis de c\u0103tre un laborator medical din Ucraina. \u00cen timpul controlului, poli\u0163istul de frontier\u0103 a depistat indici necaracteristici, iar examinat suplimentar s-a confirmat neveridicitatea actului. T\u00e2n\u0103rul de 26 de ani s-a ar\u0103tat mirat de cele depistate insist\u00e2nd pe idea c\u0103 i s-a prelevat probe ob\u0163in\u00e2nd legal acest test.<\/span><\/p>\n<p><span style=\"font-weight: 400;\">Alt punct de trecere &#8211;\u00a0 aceea\u015fi \u00eenc\u0103lcare. Doi so\u0163i din raionul S\u00eengerei au dorit s\u0103 traverseze frontiera prin PTF Sculeni, iar \u00een timpul verific\u0103rilor au fost informa\u0163i despre falsificarea testelor prezentate. Ace\u015ftia s-au revoltat referitor la cele depistate. Totu\u015fi poli\u0163istul de frontier\u0103 a prezentat suficiente probe ce confirm\u0103 cele identificate anterior.\u00a0<\/span><\/p>\n<p><span style=\"font-weight: 400;\">\u00cen repercursiune, toate testele au fost ridicate \u015fi remise \u00een adresa laboratorului tehnico-juridic pentru realizarea expertizei. Cercet\u0103rile vor continua p\u00e2n\u0103 la examinarea tuturor circumstan\u0163elor \u015fi atragerea la r\u0103spundere a persoanelor implicate.\u00a0<\/span><\/p>\n<p>Sursa: <a href=\"https:\/\/border.gov.md\/autoizolare-dupa-ce-au-prezentat-teste-covid-19-falsificate?fbclid=IwAR3OBp7uWGhMX5G-DutPOATIPqWmZjTzQChJD5WKzBGHjYjaq1saolulJGU\">https:\/\/border.gov.md\/<\/a><\/p>\n","protected":false},"excerpt":{"rendered":"<p>Planurile a \u015fase c\u0103l\u0103tori de a intra pe teritoriul Republicii Moldova f\u0103r\u0103 a fi plasa\u0163i \u00een autoizolare au fost dejucate de c\u0103tre poli\u0163i\u015ftii de frontier\u0103. Ace\u015ftia au prezentat rezultatele negative ale testelor Covid-19, \u00eens\u0103 f\u0103r\u0103 a corespunde unor acte veridice. Audiat, fiecare cet\u0103\u0163ean a \u00eencercat s\u0103 se justifice, men\u0163ion\u00e2nd c\u0103 le-a ob\u0163inut legal. Cele \u015fase [&hellip;]<\/p>\n","protected":false},"author":3,"featured_media":29114,"comment_status":"open","ping_status":"open","sticky":false,"template":"","format":"standard","meta":{"footnotes":""},"categories":[570,198],"tags":[],"class_list":["post-29115","post","type-post","status-publish","format-standard","has-post-thumbnail","hentry","category-in-moldova","category-social"],"yoast_head":"<!-- This site is optimized with the Yoast SEO plugin v27.5 - https:\/\/yoast.com\/product\/yoast-seo-wordpress\/ -->\n<title>Planurile a \u0219ase c\u0103l\u0103tori de a intra pe teritoriul Republicii Moldova cu TESTE Covid-19 FALSIFICATE - BasTV<\/title>\n<meta name=\"robots\" content=\"index, follow, max-snippet:-1, max-image-preview:large, max-video-preview:-1\" \/>\n<link rel=\"canonical\" href=\"https:\/\/bas-tv.md\/ro\/planurile-a-sase-calatori-de-a-intra-pe-teritoriul-republicii-moldova-cu-teste-covid-19-falsificate\/\" \/>\n<meta property=\"og:locale\" content=\"ro_RO\" \/>\n<meta property=\"og:type\" content=\"article\" \/>\n<meta property=\"og:title\" content=\"Planurile a \u0219ase c\u0103l\u0103tori de a intra pe teritoriul Republicii Moldova cu TESTE Covid-19 FALSIFICATE - BasTV\" \/>\n<meta property=\"og:description\" content=\"Planurile a \u015fase c\u0103l\u0103tori de a intra pe teritoriul Republicii Moldova f\u0103r\u0103 a fi plasa\u0163i \u00een autoizolare au fost dejucate de c\u0103tre poli\u0163i\u015ftii de frontier\u0103. Ace\u015ftia au prezentat rezultatele negative ale testelor Covid-19, \u00eens\u0103 f\u0103r\u0103 a corespunde unor acte veridice. Audiat, fiecare cet\u0103\u0163ean a \u00eencercat s\u0103 se justifice, men\u0163ion\u00e2nd c\u0103 le-a ob\u0163inut legal. Cele \u015fase [&hellip;]\" \/>\n<meta property=\"og:url\" content=\"https:\/\/bas-tv.md\/ro\/planurile-a-sase-calatori-de-a-intra-pe-teritoriul-republicii-moldova-cu-teste-covid-19-falsificate\/\" \/>\n<meta property=\"og:site_name\" content=\"BasTV\" \/>\n<meta property=\"article:published_time\" content=\"2021-07-28T14:30:16+00:00\" \/>\n<meta name=\"author\" content=\"Redactor\" \/>\n<meta name=\"twitter:card\" content=\"summary_large_image\" \/>\n<meta name=\"twitter:label1\" content=\"Scris de\" \/>\n\t<meta name=\"twitter:data1\" content=\"Redactor\" \/>\n\t<meta name=\"twitter:label2\" content=\"Timp estimat pentru citire\" \/>\n\t<meta name=\"twitter:data2\" content=\"2 minute\" \/>\n<script type=\"application\/ld+json\" class=\"yoast-schema-graph\">{\"@context\":\"https:\\\/\\\/schema.org\",\"@graph\":[{\"@type\":\"Article\",\"@id\":\"https:\\\/\\\/bas-tv.md\\\/ro\\\/planurile-a-sase-calatori-de-a-intra-pe-teritoriul-republicii-moldova-cu-teste-covid-19-falsificate\\\/#article\",\"isPartOf\":{\"@id\":\"https:\\\/\\\/bas-tv.md\\\/ro\\\/planurile-a-sase-calatori-de-a-intra-pe-teritoriul-republicii-moldova-cu-teste-covid-19-falsificate\\\/\"},\"author\":{\"name\":\"Redactor\",\"@id\":\"https:\\\/\\\/bas-tv.md\\\/ro\\\/#\\\/schema\\\/person\\\/8740f45ea2eca1f1695284fc03529af0\"},\"headline\":\"Planurile a \u0219ase c\u0103l\u0103tori de a intra pe teritoriul Republicii Moldova cu TESTE Covid-19 FALSIFICATE\",\"datePublished\":\"2021-07-28T14:30:16+00:00\",\"mainEntityOfPage\":{\"@id\":\"https:\\\/\\\/bas-tv.md\\\/ro\\\/planurile-a-sase-calatori-de-a-intra-pe-teritoriul-republicii-moldova-cu-teste-covid-19-falsificate\\\/\"},\"wordCount\":341,\"commentCount\":0,\"publisher\":{\"@id\":\"https:\\\/\\\/bas-tv.md\\\/ro\\\/#organization\"},\"image\":{\"@id\":\"https:\\\/\\\/bas-tv.md\\\/ro\\\/planurile-a-sase-calatori-de-a-intra-pe-teritoriul-republicii-moldova-cu-teste-covid-19-falsificate\\\/#primaryimage\"},\"thumbnailUrl\":\"\",\"articleSection\":[\"\u00cen Moldova\",\"Social\"],\"inLanguage\":\"ro-RO\",\"potentialAction\":[{\"@type\":\"CommentAction\",\"name\":\"Comment\",\"target\":[\"https:\\\/\\\/bas-tv.md\\\/ro\\\/planurile-a-sase-calatori-de-a-intra-pe-teritoriul-republicii-moldova-cu-teste-covid-19-falsificate\\\/#respond\"]}]},{\"@type\":\"WebPage\",\"@id\":\"https:\\\/\\\/bas-tv.md\\\/ro\\\/planurile-a-sase-calatori-de-a-intra-pe-teritoriul-republicii-moldova-cu-teste-covid-19-falsificate\\\/\",\"url\":\"https:\\\/\\\/bas-tv.md\\\/ro\\\/planurile-a-sase-calatori-de-a-intra-pe-teritoriul-republicii-moldova-cu-teste-covid-19-falsificate\\\/\",\"name\":\"Planurile a \u0219ase c\u0103l\u0103tori de a intra pe teritoriul Republicii Moldova cu TESTE Covid-19 FALSIFICATE - BasTV\",\"isPartOf\":{\"@id\":\"https:\\\/\\\/bas-tv.md\\\/ro\\\/#website\"},\"primaryImageOfPage\":{\"@id\":\"https:\\\/\\\/bas-tv.md\\\/ro\\\/planurile-a-sase-calatori-de-a-intra-pe-teritoriul-republicii-moldova-cu-teste-covid-19-falsificate\\\/#primaryimage\"},\"image\":{\"@id\":\"https:\\\/\\\/bas-tv.md\\\/ro\\\/planurile-a-sase-calatori-de-a-intra-pe-teritoriul-republicii-moldova-cu-teste-covid-19-falsificate\\\/#primaryimage\"},\"thumbnailUrl\":\"\",\"datePublished\":\"2021-07-28T14:30:16+00:00\",\"inLanguage\":\"ro-RO\",\"potentialAction\":[{\"@type\":\"ReadAction\",\"target\":[\"https:\\\/\\\/bas-tv.md\\\/ro\\\/planurile-a-sase-calatori-de-a-intra-pe-teritoriul-republicii-moldova-cu-teste-covid-19-falsificate\\\/\"]}]},{\"@type\":\"ImageObject\",\"inLanguage\":\"ro-RO\",\"@id\":\"https:\\\/\\\/bas-tv.md\\\/ro\\\/planurile-a-sase-calatori-de-a-intra-pe-teritoriul-republicii-moldova-cu-teste-covid-19-falsificate\\\/#primaryimage\",\"url\":\"\",\"contentUrl\":\"\"},{\"@type\":\"WebSite\",\"@id\":\"https:\\\/\\\/bas-tv.md\\\/ro\\\/#website\",\"url\":\"https:\\\/\\\/bas-tv.md\\\/ro\\\/\",\"name\":\"BasTV\",\"description\":\"Moldova\",\"publisher\":{\"@id\":\"https:\\\/\\\/bas-tv.md\\\/ro\\\/#organization\"},\"potentialAction\":[{\"@type\":\"SearchAction\",\"target\":{\"@type\":\"EntryPoint\",\"urlTemplate\":\"https:\\\/\\\/bas-tv.md\\\/ro\\\/?s={search_term_string}\"},\"query-input\":{\"@type\":\"PropertyValueSpecification\",\"valueRequired\":true,\"valueName\":\"search_term_string\"}}],\"inLanguage\":\"ro-RO\"},{\"@type\":\"Organization\",\"@id\":\"https:\\\/\\\/bas-tv.md\\\/ro\\\/#organization\",\"name\":\"BasTV\",\"url\":\"https:\\\/\\\/bas-tv.md\\\/ro\\\/\",\"logo\":{\"@type\":\"ImageObject\",\"inLanguage\":\"ro-RO\",\"@id\":\"https:\\\/\\\/bas-tv.md\\\/ro\\\/#\\\/schema\\\/logo\\\/image\\\/\",\"url\":\"https:\\\/\\\/bas-tv.md\\\/wp-content\\\/uploads\\\/2023\\\/05\\\/bas-tv-culoarea-rosie.png\",\"contentUrl\":\"https:\\\/\\\/bas-tv.md\\\/wp-content\\\/uploads\\\/2023\\\/05\\\/bas-tv-culoarea-rosie.png\",\"width\":202,\"height\":50,\"caption\":\"BasTV\"},\"image\":{\"@id\":\"https:\\\/\\\/bas-tv.md\\\/ro\\\/#\\\/schema\\\/logo\\\/image\\\/\"}},{\"@type\":\"Person\",\"@id\":\"https:\\\/\\\/bas-tv.md\\\/ro\\\/#\\\/schema\\\/person\\\/8740f45ea2eca1f1695284fc03529af0\",\"name\":\"Redactor\",\"image\":{\"@type\":\"ImageObject\",\"inLanguage\":\"ro-RO\",\"@id\":\"https:\\\/\\\/bas-tv.md\\\/wp-content\\\/litespeed\\\/avatar\\\/91c0586f3f6f4396a4ec1287c965eeeb.jpg?ver=1776950945\",\"url\":\"https:\\\/\\\/bas-tv.md\\\/wp-content\\\/litespeed\\\/avatar\\\/91c0586f3f6f4396a4ec1287c965eeeb.jpg?ver=1776950945\",\"contentUrl\":\"https:\\\/\\\/bas-tv.md\\\/wp-content\\\/litespeed\\\/avatar\\\/91c0586f3f6f4396a4ec1287c965eeeb.jpg?ver=1776950945\",\"caption\":\"Redactor\"},\"url\":\"https:\\\/\\\/bas-tv.md\\\/ro\\\/author\\\/redactor\\\/\"}]}<\/script>\n<!-- \/ Yoast SEO plugin. -->","yoast_head_json":{"title":"Planurile a \u0219ase c\u0103l\u0103tori de a intra pe teritoriul Republicii Moldova cu TESTE Covid-19 FALSIFICATE - BasTV","robots":{"index":"index","follow":"follow","max-snippet":"max-snippet:-1","max-image-preview":"max-image-preview:large","max-video-preview":"max-video-preview:-1"},"canonical":"https:\/\/bas-tv.md\/ro\/planurile-a-sase-calatori-de-a-intra-pe-teritoriul-republicii-moldova-cu-teste-covid-19-falsificate\/","og_locale":"ro_RO","og_type":"article","og_title":"Planurile a \u0219ase c\u0103l\u0103tori de a intra pe teritoriul Republicii Moldova cu TESTE Covid-19 FALSIFICATE - BasTV","og_description":"Planurile a \u015fase c\u0103l\u0103tori de a intra pe teritoriul Republicii Moldova f\u0103r\u0103 a fi plasa\u0163i \u00een autoizolare au fost dejucate de c\u0103tre poli\u0163i\u015ftii de frontier\u0103. Ace\u015ftia au prezentat rezultatele negative ale testelor Covid-19, \u00eens\u0103 f\u0103r\u0103 a corespunde unor acte veridice. Audiat, fiecare cet\u0103\u0163ean a \u00eencercat s\u0103 se justifice, men\u0163ion\u00e2nd c\u0103 le-a ob\u0163inut legal. Cele \u015fase [&hellip;]","og_url":"https:\/\/bas-tv.md\/ro\/planurile-a-sase-calatori-de-a-intra-pe-teritoriul-republicii-moldova-cu-teste-covid-19-falsificate\/","og_site_name":"BasTV","article_published_time":"2021-07-28T14:30:16+00:00","author":"Redactor","twitter_card":"summary_large_image","twitter_misc":{"Scris de":"Redactor","Timp estimat pentru citire":"2 minute"},"schema":{"@context":"https:\/\/schema.org","@graph":[{"@type":"Article","@id":"https:\/\/bas-tv.md\/ro\/planurile-a-sase-calatori-de-a-intra-pe-teritoriul-republicii-moldova-cu-teste-covid-19-falsificate\/#article","isPartOf":{"@id":"https:\/\/bas-tv.md\/ro\/planurile-a-sase-calatori-de-a-intra-pe-teritoriul-republicii-moldova-cu-teste-covid-19-falsificate\/"},"author":{"name":"Redactor","@id":"https:\/\/bas-tv.md\/ro\/#\/schema\/person\/8740f45ea2eca1f1695284fc03529af0"},"headline":"Planurile a \u0219ase c\u0103l\u0103tori de a intra pe teritoriul Republicii Moldova cu TESTE Covid-19 FALSIFICATE","datePublished":"2021-07-28T14:30:16+00:00","mainEntityOfPage":{"@id":"https:\/\/bas-tv.md\/ro\/planurile-a-sase-calatori-de-a-intra-pe-teritoriul-republicii-moldova-cu-teste-covid-19-falsificate\/"},"wordCount":341,"commentCount":0,"publisher":{"@id":"https:\/\/bas-tv.md\/ro\/#organization"},"image":{"@id":"https:\/\/bas-tv.md\/ro\/planurile-a-sase-calatori-de-a-intra-pe-teritoriul-republicii-moldova-cu-teste-covid-19-falsificate\/#primaryimage"},"thumbnailUrl":"","articleSection":["\u00cen Moldova","Social"],"inLanguage":"ro-RO","potentialAction":[{"@type":"CommentAction","name":"Comment","target":["https:\/\/bas-tv.md\/ro\/planurile-a-sase-calatori-de-a-intra-pe-teritoriul-republicii-moldova-cu-teste-covid-19-falsificate\/#respond"]}]},{"@type":"WebPage","@id":"https:\/\/bas-tv.md\/ro\/planurile-a-sase-calatori-de-a-intra-pe-teritoriul-republicii-moldova-cu-teste-covid-19-falsificate\/","url":"https:\/\/bas-tv.md\/ro\/planurile-a-sase-calatori-de-a-intra-pe-teritoriul-republicii-moldova-cu-teste-covid-19-falsificate\/","name":"Planurile a \u0219ase c\u0103l\u0103tori de a intra pe teritoriul Republicii Moldova cu TESTE Covid-19 FALSIFICATE - BasTV","isPartOf":{"@id":"https:\/\/bas-tv.md\/ro\/#website"},"primaryImageOfPage":{"@id":"https:\/\/bas-tv.md\/ro\/planurile-a-sase-calatori-de-a-intra-pe-teritoriul-republicii-moldova-cu-teste-covid-19-falsificate\/#primaryimage"},"image":{"@id":"https:\/\/bas-tv.md\/ro\/planurile-a-sase-calatori-de-a-intra-pe-teritoriul-republicii-moldova-cu-teste-covid-19-falsificate\/#primaryimage"},"thumbnailUrl":"","datePublished":"2021-07-28T14:30:16+00:00","inLanguage":"ro-RO","potentialAction":[{"@type":"ReadAction","target":["https:\/\/bas-tv.md\/ro\/planurile-a-sase-calatori-de-a-intra-pe-teritoriul-republicii-moldova-cu-teste-covid-19-falsificate\/"]}]},{"@type":"ImageObject","inLanguage":"ro-RO","@id":"https:\/\/bas-tv.md\/ro\/planurile-a-sase-calatori-de-a-intra-pe-teritoriul-republicii-moldova-cu-teste-covid-19-falsificate\/#primaryimage","url":"","contentUrl":""},{"@type":"WebSite","@id":"https:\/\/bas-tv.md\/ro\/#website","url":"https:\/\/bas-tv.md\/ro\/","name":"BasTV","description":"Moldova","publisher":{"@id":"https:\/\/bas-tv.md\/ro\/#organization"},"potentialAction":[{"@type":"SearchAction","target":{"@type":"EntryPoint","urlTemplate":"https:\/\/bas-tv.md\/ro\/?s={search_term_string}"},"query-input":{"@type":"PropertyValueSpecification","valueRequired":true,"valueName":"search_term_string"}}],"inLanguage":"ro-RO"},{"@type":"Organization","@id":"https:\/\/bas-tv.md\/ro\/#organization","name":"BasTV","url":"https:\/\/bas-tv.md\/ro\/","logo":{"@type":"ImageObject","inLanguage":"ro-RO","@id":"https:\/\/bas-tv.md\/ro\/#\/schema\/logo\/image\/","url":"https:\/\/bas-tv.md\/wp-content\/uploads\/2023\/05\/bas-tv-culoarea-rosie.png","contentUrl":"https:\/\/bas-tv.md\/wp-content\/uploads\/2023\/05\/bas-tv-culoarea-rosie.png","width":202,"height":50,"caption":"BasTV"},"image":{"@id":"https:\/\/bas-tv.md\/ro\/#\/schema\/logo\/image\/"}},{"@type":"Person","@id":"https:\/\/bas-tv.md\/ro\/#\/schema\/person\/8740f45ea2eca1f1695284fc03529af0","name":"Redactor","image":{"@type":"ImageObject","inLanguage":"ro-RO","@id":"https:\/\/bas-tv.md\/wp-content\/litespeed\/avatar\/91c0586f3f6f4396a4ec1287c965eeeb.jpg?ver=1776950945","url":"https:\/\/bas-tv.md\/wp-content\/litespeed\/avatar\/91c0586f3f6f4396a4ec1287c965eeeb.jpg?ver=1776950945","contentUrl":"https:\/\/bas-tv.md\/wp-content\/litespeed\/avatar\/91c0586f3f6f4396a4ec1287c965eeeb.jpg?ver=1776950945","caption":"Redactor"},"url":"https:\/\/bas-tv.md\/ro\/author\/redactor\/"}]}},"views":217,"_links":{"self":[{"href":"https:\/\/bas-tv.md\/ro\/wp-json\/wp\/v2\/posts\/29115","targetHints":{"allow":["GET"]}}],"collection":[{"href":"https:\/\/bas-tv.md\/ro\/wp-json\/wp\/v2\/posts"}],"about":[{"href":"https:\/\/bas-tv.md\/ro\/wp-json\/wp\/v2\/types\/post"}],"author":[{"embeddable":true,"href":"https:\/\/bas-tv.md\/ro\/wp-json\/wp\/v2\/users\/3"}],"replies":[{"embeddable":true,"href":"https:\/\/bas-tv.md\/ro\/wp-json\/wp\/v2\/comments?post=29115"}],"version-history":[{"count":0,"href":"https:\/\/bas-tv.md\/ro\/wp-json\/wp\/v2\/posts\/29115\/revisions"}],"wp:featuredmedia":[{"embeddable":true,"href":"https:\/\/bas-tv.md\/ro\/wp-json\/"}],"wp:attachment":[{"href":"https:\/\/bas-tv.md\/ro\/wp-json\/wp\/v2\/media?parent=29115"}],"wp:term":[{"taxonomy":"category","embeddable":true,"href":"https:\/\/bas-tv.md\/ro\/wp-json\/wp\/v2\/categories?post=29115"},{"taxonomy":"post_tag","embeddable":true,"href":"https:\/\/bas-tv.md\/ro\/wp-json\/wp\/v2\/tags?post=29115"}],"curies":[{"name":"wp","href":"https:\/\/api.w.org\/{rel}","templated":true}]}}