{"id":29121,"date":"2021-07-28T21:30:06","date_gmt":"2021-07-28T18:30:06","guid":{"rendered":"https:\/\/bas-tv.md\/?p=29121"},"modified":"2021-07-28T21:30:06","modified_gmt":"2021-07-28T18:30:06","slug":"la-comrat-au-fost-descoperite-ramasite-umane-si-fragmente-de-ceramica-care-dateaza-de-mai-bine-de-trei-milenii","status":"publish","type":"post","link":"https:\/\/bas-tv.md\/ro\/la-comrat-au-fost-descoperite-ramasite-umane-si-fragmente-de-ceramica-care-dateaza-de-mai-bine-de-trei-milenii\/","title":{"rendered":"La Comrat au fost descoperite r\u0103m\u0103\u0219i\u021be umane \u0219i fragmente de ceramic\u0103 care dateaz\u0103 de mai bine de trei milenii."},"content":{"rendered":"<p><strong>La Comrat au fost descoperite r\u0103m\u0103\u0219i\u021be umane \u0219i fragmente de ceramic\u0103 care dateaz\u0103 de mai bine de trei milenii.<\/strong><\/p>\n<p><span style=\"font-weight: 400;\">\u00cen urma expedi\u021biei de explorare care a avut loc la o carier\u0103 veche din Comrat, arheologii au descoperit noi morminte.<\/span><\/p>\n<p><span style=\"font-weight: 400;\">Potrivit Irinei Constantinova, \u0219efa Centrului de cercetare din G\u0103g\u0103uzia, la locul s\u0103p\u0103turilor au lucrat reprezentan\u021bi ai Agen\u021biei Na\u021bionale de Arheologie.<\/span><\/p>\n<p><span style=\"font-weight: 400;\">\u00a0&#8222;Ei au ajuns pe teren cu echipamentul necesar. Am f\u0103cut primele m\u0103sur\u0103tori, am dat probe de oase \u0219i de vas ceramic la expertiz\u0103. Conform ipotezelor noastre, aceasta este o a\u0219ezare Nogai din secolele XVI-XVIII D.Hr. R\u0103m\u0103\u0219i\u021bele ceramice apar\u021bin epocii bronzului, secolul 19-10 \u00ce. HR.&#8221;, a spus Constantinova.<\/span><\/p>\n<p><span style=\"font-weight: 400;\">Constat\u0103rile sugereaz\u0103 c\u0103 oamenii de \u0219tiin\u021b\u0103 au de-a face cu un monument arheologic stratificat, pe teritoriul c\u0103ruia s\u00eent prezentate artefacte ale mai multor culturi materiale.<\/span><\/p>\n<p><span style=\"font-weight: 400;\">S\u0103pt\u0103m\u00eena aceasta va fi elaborat un plan al s\u0103p\u0103turilor \u0219i vor \u00eencepe lucr\u0103rile arheologice. Acest sit arheologic va fi inclus \u00een harta s\u0103p\u0103turilor arheologice.<\/span><\/p>\n<p><img fetchpriority=\"high\" decoding=\"async\" class=\"size-full wp-image-29124 aligncenter\" src=\"https:\/\/bas-tv.md\/wp-content\/uploads\/2021\/07\/hui.png\" alt=\"\" width=\"420\" height=\"279\" \/><\/p>\n<p>Sursa: <a href=\"https:\/\/noi.md\/md\/societate\/la-comrat-arheologii-au-descoperit-noi-morminte\">noi.md<\/a><\/p>\n","protected":false},"excerpt":{"rendered":"<p>La Comrat au fost descoperite r\u0103m\u0103\u0219i\u021be umane \u0219i fragmente de ceramic\u0103 care dateaz\u0103 de mai bine de trei milenii. \u00cen urma expedi\u021biei de explorare care a avut loc la o carier\u0103 veche din Comrat, arheologii au descoperit noi morminte. Potrivit Irinei Constantinova, \u0219efa Centrului de cercetare din G\u0103g\u0103uzia, la locul s\u0103p\u0103turilor au lucrat reprezentan\u021bi ai [&hellip;]<\/p>\n","protected":false},"author":3,"featured_media":29122,"comment_status":"open","ping_status":"open","sticky":false,"template":"","format":"standard","meta":{"footnotes":""},"categories":[570,198],"tags":[],"class_list":["post-29121","post","type-post","status-publish","format-standard","has-post-thumbnail","hentry","category-in-moldova","category-social"],"yoast_head":"<!-- This site is optimized with the Yoast SEO plugin v27.5 - https:\/\/yoast.com\/product\/yoast-seo-wordpress\/ -->\n<title>La Comrat au fost descoperite r\u0103m\u0103\u0219i\u021be umane \u0219i fragmente de ceramic\u0103 care dateaz\u0103 de mai bine de trei milenii. - BasTV<\/title>\n<meta name=\"robots\" content=\"index, follow, max-snippet:-1, max-image-preview:large, max-video-preview:-1\" \/>\n<link rel=\"canonical\" href=\"https:\/\/bas-tv.md\/ro\/la-comrat-au-fost-descoperite-ramasite-umane-si-fragmente-de-ceramica-care-dateaza-de-mai-bine-de-trei-milenii\/\" \/>\n<meta property=\"og:locale\" content=\"ro_RO\" \/>\n<meta property=\"og:type\" content=\"article\" \/>\n<meta property=\"og:title\" content=\"La Comrat au fost descoperite r\u0103m\u0103\u0219i\u021be umane \u0219i fragmente de ceramic\u0103 care dateaz\u0103 de mai bine de trei milenii. - BasTV\" \/>\n<meta property=\"og:description\" content=\"La Comrat au fost descoperite r\u0103m\u0103\u0219i\u021be umane \u0219i fragmente de ceramic\u0103 care dateaz\u0103 de mai bine de trei milenii. \u00cen urma expedi\u021biei de explorare care a avut loc la o carier\u0103 veche din Comrat, arheologii au descoperit noi morminte. Potrivit Irinei Constantinova, \u0219efa Centrului de cercetare din G\u0103g\u0103uzia, la locul s\u0103p\u0103turilor au lucrat reprezentan\u021bi ai [&hellip;]\" \/>\n<meta property=\"og:url\" content=\"https:\/\/bas-tv.md\/ro\/la-comrat-au-fost-descoperite-ramasite-umane-si-fragmente-de-ceramica-care-dateaza-de-mai-bine-de-trei-milenii\/\" \/>\n<meta property=\"og:site_name\" content=\"BasTV\" \/>\n<meta property=\"article:published_time\" content=\"2021-07-28T18:30:06+00:00\" \/>\n<meta name=\"author\" content=\"Redactor\" \/>\n<meta name=\"twitter:card\" content=\"summary_large_image\" \/>\n<meta name=\"twitter:label1\" content=\"Scris de\" \/>\n\t<meta name=\"twitter:data1\" content=\"Redactor\" \/>\n\t<meta name=\"twitter:label2\" content=\"Timp estimat pentru citire\" \/>\n\t<meta name=\"twitter:data2\" content=\"1 minut\" \/>\n<script type=\"application\/ld+json\" class=\"yoast-schema-graph\">{\"@context\":\"https:\\\/\\\/schema.org\",\"@graph\":[{\"@type\":\"Article\",\"@id\":\"https:\\\/\\\/bas-tv.md\\\/ro\\\/la-comrat-au-fost-descoperite-ramasite-umane-si-fragmente-de-ceramica-care-dateaza-de-mai-bine-de-trei-milenii\\\/#article\",\"isPartOf\":{\"@id\":\"https:\\\/\\\/bas-tv.md\\\/ro\\\/la-comrat-au-fost-descoperite-ramasite-umane-si-fragmente-de-ceramica-care-dateaza-de-mai-bine-de-trei-milenii\\\/\"},\"author\":{\"name\":\"Redactor\",\"@id\":\"https:\\\/\\\/bas-tv.md\\\/ro\\\/#\\\/schema\\\/person\\\/8740f45ea2eca1f1695284fc03529af0\"},\"headline\":\"La Comrat au fost descoperite r\u0103m\u0103\u0219i\u021be umane \u0219i fragmente de ceramic\u0103 care dateaz\u0103 de mai bine de trei milenii.\",\"datePublished\":\"2021-07-28T18:30:06+00:00\",\"mainEntityOfPage\":{\"@id\":\"https:\\\/\\\/bas-tv.md\\\/ro\\\/la-comrat-au-fost-descoperite-ramasite-umane-si-fragmente-de-ceramica-care-dateaza-de-mai-bine-de-trei-milenii\\\/\"},\"wordCount\":210,\"commentCount\":0,\"publisher\":{\"@id\":\"https:\\\/\\\/bas-tv.md\\\/ro\\\/#organization\"},\"image\":{\"@id\":\"https:\\\/\\\/bas-tv.md\\\/ro\\\/la-comrat-au-fost-descoperite-ramasite-umane-si-fragmente-de-ceramica-care-dateaza-de-mai-bine-de-trei-milenii\\\/#primaryimage\"},\"thumbnailUrl\":\"\",\"articleSection\":[\"\u00cen Moldova\",\"Social\"],\"inLanguage\":\"ro-RO\",\"potentialAction\":[{\"@type\":\"CommentAction\",\"name\":\"Comment\",\"target\":[\"https:\\\/\\\/bas-tv.md\\\/ro\\\/la-comrat-au-fost-descoperite-ramasite-umane-si-fragmente-de-ceramica-care-dateaza-de-mai-bine-de-trei-milenii\\\/#respond\"]}]},{\"@type\":\"WebPage\",\"@id\":\"https:\\\/\\\/bas-tv.md\\\/ro\\\/la-comrat-au-fost-descoperite-ramasite-umane-si-fragmente-de-ceramica-care-dateaza-de-mai-bine-de-trei-milenii\\\/\",\"url\":\"https:\\\/\\\/bas-tv.md\\\/ro\\\/la-comrat-au-fost-descoperite-ramasite-umane-si-fragmente-de-ceramica-care-dateaza-de-mai-bine-de-trei-milenii\\\/\",\"name\":\"La Comrat au fost descoperite r\u0103m\u0103\u0219i\u021be umane \u0219i fragmente de ceramic\u0103 care dateaz\u0103 de mai bine de trei milenii. - BasTV\",\"isPartOf\":{\"@id\":\"https:\\\/\\\/bas-tv.md\\\/ro\\\/#website\"},\"primaryImageOfPage\":{\"@id\":\"https:\\\/\\\/bas-tv.md\\\/ro\\\/la-comrat-au-fost-descoperite-ramasite-umane-si-fragmente-de-ceramica-care-dateaza-de-mai-bine-de-trei-milenii\\\/#primaryimage\"},\"image\":{\"@id\":\"https:\\\/\\\/bas-tv.md\\\/ro\\\/la-comrat-au-fost-descoperite-ramasite-umane-si-fragmente-de-ceramica-care-dateaza-de-mai-bine-de-trei-milenii\\\/#primaryimage\"},\"thumbnailUrl\":\"\",\"datePublished\":\"2021-07-28T18:30:06+00:00\",\"inLanguage\":\"ro-RO\",\"potentialAction\":[{\"@type\":\"ReadAction\",\"target\":[\"https:\\\/\\\/bas-tv.md\\\/ro\\\/la-comrat-au-fost-descoperite-ramasite-umane-si-fragmente-de-ceramica-care-dateaza-de-mai-bine-de-trei-milenii\\\/\"]}]},{\"@type\":\"ImageObject\",\"inLanguage\":\"ro-RO\",\"@id\":\"https:\\\/\\\/bas-tv.md\\\/ro\\\/la-comrat-au-fost-descoperite-ramasite-umane-si-fragmente-de-ceramica-care-dateaza-de-mai-bine-de-trei-milenii\\\/#primaryimage\",\"url\":\"\",\"contentUrl\":\"\"},{\"@type\":\"WebSite\",\"@id\":\"https:\\\/\\\/bas-tv.md\\\/ro\\\/#website\",\"url\":\"https:\\\/\\\/bas-tv.md\\\/ro\\\/\",\"name\":\"BasTV\",\"description\":\"Moldova\",\"publisher\":{\"@id\":\"https:\\\/\\\/bas-tv.md\\\/ro\\\/#organization\"},\"potentialAction\":[{\"@type\":\"SearchAction\",\"target\":{\"@type\":\"EntryPoint\",\"urlTemplate\":\"https:\\\/\\\/bas-tv.md\\\/ro\\\/?s={search_term_string}\"},\"query-input\":{\"@type\":\"PropertyValueSpecification\",\"valueRequired\":true,\"valueName\":\"search_term_string\"}}],\"inLanguage\":\"ro-RO\"},{\"@type\":\"Organization\",\"@id\":\"https:\\\/\\\/bas-tv.md\\\/ro\\\/#organization\",\"name\":\"BasTV\",\"url\":\"https:\\\/\\\/bas-tv.md\\\/ro\\\/\",\"logo\":{\"@type\":\"ImageObject\",\"inLanguage\":\"ro-RO\",\"@id\":\"https:\\\/\\\/bas-tv.md\\\/ro\\\/#\\\/schema\\\/logo\\\/image\\\/\",\"url\":\"https:\\\/\\\/bas-tv.md\\\/wp-content\\\/uploads\\\/2023\\\/05\\\/bas-tv-culoarea-rosie.png\",\"contentUrl\":\"https:\\\/\\\/bas-tv.md\\\/wp-content\\\/uploads\\\/2023\\\/05\\\/bas-tv-culoarea-rosie.png\",\"width\":202,\"height\":50,\"caption\":\"BasTV\"},\"image\":{\"@id\":\"https:\\\/\\\/bas-tv.md\\\/ro\\\/#\\\/schema\\\/logo\\\/image\\\/\"}},{\"@type\":\"Person\",\"@id\":\"https:\\\/\\\/bas-tv.md\\\/ro\\\/#\\\/schema\\\/person\\\/8740f45ea2eca1f1695284fc03529af0\",\"name\":\"Redactor\",\"image\":{\"@type\":\"ImageObject\",\"inLanguage\":\"ro-RO\",\"@id\":\"https:\\\/\\\/bas-tv.md\\\/wp-content\\\/litespeed\\\/avatar\\\/91c0586f3f6f4396a4ec1287c965eeeb.jpg?ver=1776950945\",\"url\":\"https:\\\/\\\/bas-tv.md\\\/wp-content\\\/litespeed\\\/avatar\\\/91c0586f3f6f4396a4ec1287c965eeeb.jpg?ver=1776950945\",\"contentUrl\":\"https:\\\/\\\/bas-tv.md\\\/wp-content\\\/litespeed\\\/avatar\\\/91c0586f3f6f4396a4ec1287c965eeeb.jpg?ver=1776950945\",\"caption\":\"Redactor\"},\"url\":\"https:\\\/\\\/bas-tv.md\\\/ro\\\/author\\\/redactor\\\/\"}]}<\/script>\n<!-- \/ Yoast SEO plugin. -->","yoast_head_json":{"title":"La Comrat au fost descoperite r\u0103m\u0103\u0219i\u021be umane \u0219i fragmente de ceramic\u0103 care dateaz\u0103 de mai bine de trei milenii. - BasTV","robots":{"index":"index","follow":"follow","max-snippet":"max-snippet:-1","max-image-preview":"max-image-preview:large","max-video-preview":"max-video-preview:-1"},"canonical":"https:\/\/bas-tv.md\/ro\/la-comrat-au-fost-descoperite-ramasite-umane-si-fragmente-de-ceramica-care-dateaza-de-mai-bine-de-trei-milenii\/","og_locale":"ro_RO","og_type":"article","og_title":"La Comrat au fost descoperite r\u0103m\u0103\u0219i\u021be umane \u0219i fragmente de ceramic\u0103 care dateaz\u0103 de mai bine de trei milenii. - BasTV","og_description":"La Comrat au fost descoperite r\u0103m\u0103\u0219i\u021be umane \u0219i fragmente de ceramic\u0103 care dateaz\u0103 de mai bine de trei milenii. \u00cen urma expedi\u021biei de explorare care a avut loc la o carier\u0103 veche din Comrat, arheologii au descoperit noi morminte. Potrivit Irinei Constantinova, \u0219efa Centrului de cercetare din G\u0103g\u0103uzia, la locul s\u0103p\u0103turilor au lucrat reprezentan\u021bi ai [&hellip;]","og_url":"https:\/\/bas-tv.md\/ro\/la-comrat-au-fost-descoperite-ramasite-umane-si-fragmente-de-ceramica-care-dateaza-de-mai-bine-de-trei-milenii\/","og_site_name":"BasTV","article_published_time":"2021-07-28T18:30:06+00:00","author":"Redactor","twitter_card":"summary_large_image","twitter_misc":{"Scris de":"Redactor","Timp estimat pentru citire":"1 minut"},"schema":{"@context":"https:\/\/schema.org","@graph":[{"@type":"Article","@id":"https:\/\/bas-tv.md\/ro\/la-comrat-au-fost-descoperite-ramasite-umane-si-fragmente-de-ceramica-care-dateaza-de-mai-bine-de-trei-milenii\/#article","isPartOf":{"@id":"https:\/\/bas-tv.md\/ro\/la-comrat-au-fost-descoperite-ramasite-umane-si-fragmente-de-ceramica-care-dateaza-de-mai-bine-de-trei-milenii\/"},"author":{"name":"Redactor","@id":"https:\/\/bas-tv.md\/ro\/#\/schema\/person\/8740f45ea2eca1f1695284fc03529af0"},"headline":"La Comrat au fost descoperite r\u0103m\u0103\u0219i\u021be umane \u0219i fragmente de ceramic\u0103 care dateaz\u0103 de mai bine de trei milenii.","datePublished":"2021-07-28T18:30:06+00:00","mainEntityOfPage":{"@id":"https:\/\/bas-tv.md\/ro\/la-comrat-au-fost-descoperite-ramasite-umane-si-fragmente-de-ceramica-care-dateaza-de-mai-bine-de-trei-milenii\/"},"wordCount":210,"commentCount":0,"publisher":{"@id":"https:\/\/bas-tv.md\/ro\/#organization"},"image":{"@id":"https:\/\/bas-tv.md\/ro\/la-comrat-au-fost-descoperite-ramasite-umane-si-fragmente-de-ceramica-care-dateaza-de-mai-bine-de-trei-milenii\/#primaryimage"},"thumbnailUrl":"","articleSection":["\u00cen Moldova","Social"],"inLanguage":"ro-RO","potentialAction":[{"@type":"CommentAction","name":"Comment","target":["https:\/\/bas-tv.md\/ro\/la-comrat-au-fost-descoperite-ramasite-umane-si-fragmente-de-ceramica-care-dateaza-de-mai-bine-de-trei-milenii\/#respond"]}]},{"@type":"WebPage","@id":"https:\/\/bas-tv.md\/ro\/la-comrat-au-fost-descoperite-ramasite-umane-si-fragmente-de-ceramica-care-dateaza-de-mai-bine-de-trei-milenii\/","url":"https:\/\/bas-tv.md\/ro\/la-comrat-au-fost-descoperite-ramasite-umane-si-fragmente-de-ceramica-care-dateaza-de-mai-bine-de-trei-milenii\/","name":"La Comrat au fost descoperite r\u0103m\u0103\u0219i\u021be umane \u0219i fragmente de ceramic\u0103 care dateaz\u0103 de mai bine de trei milenii. - BasTV","isPartOf":{"@id":"https:\/\/bas-tv.md\/ro\/#website"},"primaryImageOfPage":{"@id":"https:\/\/bas-tv.md\/ro\/la-comrat-au-fost-descoperite-ramasite-umane-si-fragmente-de-ceramica-care-dateaza-de-mai-bine-de-trei-milenii\/#primaryimage"},"image":{"@id":"https:\/\/bas-tv.md\/ro\/la-comrat-au-fost-descoperite-ramasite-umane-si-fragmente-de-ceramica-care-dateaza-de-mai-bine-de-trei-milenii\/#primaryimage"},"thumbnailUrl":"","datePublished":"2021-07-28T18:30:06+00:00","inLanguage":"ro-RO","potentialAction":[{"@type":"ReadAction","target":["https:\/\/bas-tv.md\/ro\/la-comrat-au-fost-descoperite-ramasite-umane-si-fragmente-de-ceramica-care-dateaza-de-mai-bine-de-trei-milenii\/"]}]},{"@type":"ImageObject","inLanguage":"ro-RO","@id":"https:\/\/bas-tv.md\/ro\/la-comrat-au-fost-descoperite-ramasite-umane-si-fragmente-de-ceramica-care-dateaza-de-mai-bine-de-trei-milenii\/#primaryimage","url":"","contentUrl":""},{"@type":"WebSite","@id":"https:\/\/bas-tv.md\/ro\/#website","url":"https:\/\/bas-tv.md\/ro\/","name":"BasTV","description":"Moldova","publisher":{"@id":"https:\/\/bas-tv.md\/ro\/#organization"},"potentialAction":[{"@type":"SearchAction","target":{"@type":"EntryPoint","urlTemplate":"https:\/\/bas-tv.md\/ro\/?s={search_term_string}"},"query-input":{"@type":"PropertyValueSpecification","valueRequired":true,"valueName":"search_term_string"}}],"inLanguage":"ro-RO"},{"@type":"Organization","@id":"https:\/\/bas-tv.md\/ro\/#organization","name":"BasTV","url":"https:\/\/bas-tv.md\/ro\/","logo":{"@type":"ImageObject","inLanguage":"ro-RO","@id":"https:\/\/bas-tv.md\/ro\/#\/schema\/logo\/image\/","url":"https:\/\/bas-tv.md\/wp-content\/uploads\/2023\/05\/bas-tv-culoarea-rosie.png","contentUrl":"https:\/\/bas-tv.md\/wp-content\/uploads\/2023\/05\/bas-tv-culoarea-rosie.png","width":202,"height":50,"caption":"BasTV"},"image":{"@id":"https:\/\/bas-tv.md\/ro\/#\/schema\/logo\/image\/"}},{"@type":"Person","@id":"https:\/\/bas-tv.md\/ro\/#\/schema\/person\/8740f45ea2eca1f1695284fc03529af0","name":"Redactor","image":{"@type":"ImageObject","inLanguage":"ro-RO","@id":"https:\/\/bas-tv.md\/wp-content\/litespeed\/avatar\/91c0586f3f6f4396a4ec1287c965eeeb.jpg?ver=1776950945","url":"https:\/\/bas-tv.md\/wp-content\/litespeed\/avatar\/91c0586f3f6f4396a4ec1287c965eeeb.jpg?ver=1776950945","contentUrl":"https:\/\/bas-tv.md\/wp-content\/litespeed\/avatar\/91c0586f3f6f4396a4ec1287c965eeeb.jpg?ver=1776950945","caption":"Redactor"},"url":"https:\/\/bas-tv.md\/ro\/author\/redactor\/"}]}},"views":205,"_links":{"self":[{"href":"https:\/\/bas-tv.md\/ro\/wp-json\/wp\/v2\/posts\/29121","targetHints":{"allow":["GET"]}}],"collection":[{"href":"https:\/\/bas-tv.md\/ro\/wp-json\/wp\/v2\/posts"}],"about":[{"href":"https:\/\/bas-tv.md\/ro\/wp-json\/wp\/v2\/types\/post"}],"author":[{"embeddable":true,"href":"https:\/\/bas-tv.md\/ro\/wp-json\/wp\/v2\/users\/3"}],"replies":[{"embeddable":true,"href":"https:\/\/bas-tv.md\/ro\/wp-json\/wp\/v2\/comments?post=29121"}],"version-history":[{"count":0,"href":"https:\/\/bas-tv.md\/ro\/wp-json\/wp\/v2\/posts\/29121\/revisions"}],"wp:featuredmedia":[{"embeddable":true,"href":"https:\/\/bas-tv.md\/ro\/wp-json\/"}],"wp:attachment":[{"href":"https:\/\/bas-tv.md\/ro\/wp-json\/wp\/v2\/media?parent=29121"}],"wp:term":[{"taxonomy":"category","embeddable":true,"href":"https:\/\/bas-tv.md\/ro\/wp-json\/wp\/v2\/categories?post=29121"},{"taxonomy":"post_tag","embeddable":true,"href":"https:\/\/bas-tv.md\/ro\/wp-json\/wp\/v2\/tags?post=29121"}],"curies":[{"name":"wp","href":"https:\/\/api.w.org\/{rel}","templated":true}]}}