{"id":29131,"date":"2021-07-28T19:00:18","date_gmt":"2021-07-28T16:00:18","guid":{"rendered":"https:\/\/bas-tv.md\/?p=29131"},"modified":"2021-07-28T19:00:18","modified_gmt":"2021-07-28T16:00:18","slug":"fara-carantina-in-anglia-pentru-cetatenii-sua-si-ue-complet-vaccinati-de-la-2-august","status":"publish","type":"post","link":"https:\/\/bas-tv.md\/ro\/fara-carantina-in-anglia-pentru-cetatenii-sua-si-ue-complet-vaccinati-de-la-2-august\/","title":{"rendered":"F\u0103r\u0103 carantin\u0103 \u00een Anglia pentru cet\u0103\u021benii SUA \u0219i UE complet vaccina\u021bi de la 2 august"},"content":{"rendered":"<p><strong>\u00cen prezent, doar persoanele care au fost complet vaccinate \u00een Marea Britanie nu trebuie s\u0103 se izoleze atunci c\u00e2nd c\u0103l\u0103toresc \u00een \u021b\u0103rile cu risc crescut de infectare din cauza num\u0103rului mare de cazuri de COVID-19, cu excep\u021bia Fran\u021bei.<\/strong><\/p>\n<p><span style=\"font-weight: 400;\">Decizia privind renun\u021barea la plasarea \u00een carantin\u0103 a c\u0103l\u0103torilor vaccina\u021bi complet din UE \u0219i din SUA a fost luat\u0103 miercuri de comitetul de specialitate britanic.<\/span><\/p>\n<p><span style=\"font-weight: 400;\">Potrivit acestuia, noile reguli se aplic\u0103 pentru cei complet vaccina\u021bi cu un vaccin autorizat de autorit\u0103\u021bile de specialitate din statele respective: EMA (Agen\u021bia European\u0103 pentru Medicamente) \u00een UE \u0219i FDA \u00een SUA.<\/span><\/p>\n<p><span style=\"font-weight: 400;\">Cu toate acestea, de\u0219i pe viitor vor putea evita carantina \u00een Anglia, cet\u0103\u021benii SUA vaccina\u021bi sunt ruga\u021bi s\u0103 nu c\u0103l\u0103toreasc\u0103 \u00een Marea Britanie de c\u0103tre agen\u021bia americanp de protec\u021bie a s\u0103n\u0103t\u0103\u021bii.<\/span><\/p>\n<p><span style=\"font-weight: 400;\">\u0218i frontiera SUA este \u00eenchis\u0103 \u00een prezent pentru Marea Britanie, precum \u0219i pentru multe alte \u021b\u0103ri, cu excep\u021bia cet\u0103\u021benilor americani.<\/span><\/p>\n","protected":false},"excerpt":{"rendered":"<p>\u00cen prezent, doar persoanele care au fost complet vaccinate \u00een Marea Britanie nu trebuie s\u0103 se izoleze atunci c\u00e2nd c\u0103l\u0103toresc \u00een \u021b\u0103rile cu risc crescut de infectare din cauza num\u0103rului mare de cazuri de COVID-19, cu excep\u021bia Fran\u021bei. Decizia privind renun\u021barea la plasarea \u00een carantin\u0103 a c\u0103l\u0103torilor vaccina\u021bi complet din UE \u0219i din SUA a [&hellip;]<\/p>\n","protected":false},"author":3,"featured_media":29140,"comment_status":"open","ping_status":"open","sticky":false,"template":"","format":"standard","meta":{"footnotes":""},"categories":[570,198],"tags":[],"class_list":["post-29131","post","type-post","status-publish","format-standard","has-post-thumbnail","hentry","category-in-moldova","category-social"],"yoast_head":"<!-- This site is optimized with the Yoast SEO plugin v27.5 - https:\/\/yoast.com\/product\/yoast-seo-wordpress\/ -->\n<title>F\u0103r\u0103 carantin\u0103 \u00een Anglia pentru cet\u0103\u021benii SUA \u0219i UE complet vaccina\u021bi de la 2 august - BasTV<\/title>\n<meta name=\"robots\" content=\"index, follow, max-snippet:-1, max-image-preview:large, max-video-preview:-1\" \/>\n<link rel=\"canonical\" href=\"https:\/\/bas-tv.md\/ro\/fara-carantina-in-anglia-pentru-cetatenii-sua-si-ue-complet-vaccinati-de-la-2-august\/\" \/>\n<meta property=\"og:locale\" content=\"ro_RO\" \/>\n<meta property=\"og:type\" content=\"article\" \/>\n<meta property=\"og:title\" content=\"F\u0103r\u0103 carantin\u0103 \u00een Anglia pentru cet\u0103\u021benii SUA \u0219i UE complet vaccina\u021bi de la 2 august - BasTV\" \/>\n<meta property=\"og:description\" content=\"\u00cen prezent, doar persoanele care au fost complet vaccinate \u00een Marea Britanie nu trebuie s\u0103 se izoleze atunci c\u00e2nd c\u0103l\u0103toresc \u00een \u021b\u0103rile cu risc crescut de infectare din cauza num\u0103rului mare de cazuri de COVID-19, cu excep\u021bia Fran\u021bei. Decizia privind renun\u021barea la plasarea \u00een carantin\u0103 a c\u0103l\u0103torilor vaccina\u021bi complet din UE \u0219i din SUA a [&hellip;]\" \/>\n<meta property=\"og:url\" content=\"https:\/\/bas-tv.md\/ro\/fara-carantina-in-anglia-pentru-cetatenii-sua-si-ue-complet-vaccinati-de-la-2-august\/\" \/>\n<meta property=\"og:site_name\" content=\"BasTV\" \/>\n<meta property=\"article:published_time\" content=\"2021-07-28T16:00:18+00:00\" \/>\n<meta name=\"author\" content=\"Redactor\" \/>\n<meta name=\"twitter:card\" content=\"summary_large_image\" \/>\n<meta name=\"twitter:label1\" content=\"Scris de\" \/>\n\t<meta name=\"twitter:data1\" content=\"Redactor\" \/>\n\t<meta name=\"twitter:label2\" content=\"Timp estimat pentru citire\" \/>\n\t<meta name=\"twitter:data2\" content=\"1 minut\" \/>\n<script type=\"application\/ld+json\" class=\"yoast-schema-graph\">{\"@context\":\"https:\\\/\\\/schema.org\",\"@graph\":[{\"@type\":\"Article\",\"@id\":\"https:\\\/\\\/bas-tv.md\\\/ro\\\/fara-carantina-in-anglia-pentru-cetatenii-sua-si-ue-complet-vaccinati-de-la-2-august\\\/#article\",\"isPartOf\":{\"@id\":\"https:\\\/\\\/bas-tv.md\\\/ro\\\/fara-carantina-in-anglia-pentru-cetatenii-sua-si-ue-complet-vaccinati-de-la-2-august\\\/\"},\"author\":{\"name\":\"Redactor\",\"@id\":\"https:\\\/\\\/bas-tv.md\\\/ro\\\/#\\\/schema\\\/person\\\/8740f45ea2eca1f1695284fc03529af0\"},\"headline\":\"F\u0103r\u0103 carantin\u0103 \u00een Anglia pentru cet\u0103\u021benii SUA \u0219i UE complet vaccina\u021bi de la 2 august\",\"datePublished\":\"2021-07-28T16:00:18+00:00\",\"mainEntityOfPage\":{\"@id\":\"https:\\\/\\\/bas-tv.md\\\/ro\\\/fara-carantina-in-anglia-pentru-cetatenii-sua-si-ue-complet-vaccinati-de-la-2-august\\\/\"},\"wordCount\":190,\"commentCount\":0,\"publisher\":{\"@id\":\"https:\\\/\\\/bas-tv.md\\\/ro\\\/#organization\"},\"image\":{\"@id\":\"https:\\\/\\\/bas-tv.md\\\/ro\\\/fara-carantina-in-anglia-pentru-cetatenii-sua-si-ue-complet-vaccinati-de-la-2-august\\\/#primaryimage\"},\"thumbnailUrl\":\"\",\"articleSection\":[\"\u00cen Moldova\",\"Social\"],\"inLanguage\":\"ro-RO\",\"potentialAction\":[{\"@type\":\"CommentAction\",\"name\":\"Comment\",\"target\":[\"https:\\\/\\\/bas-tv.md\\\/ro\\\/fara-carantina-in-anglia-pentru-cetatenii-sua-si-ue-complet-vaccinati-de-la-2-august\\\/#respond\"]}]},{\"@type\":\"WebPage\",\"@id\":\"https:\\\/\\\/bas-tv.md\\\/ro\\\/fara-carantina-in-anglia-pentru-cetatenii-sua-si-ue-complet-vaccinati-de-la-2-august\\\/\",\"url\":\"https:\\\/\\\/bas-tv.md\\\/ro\\\/fara-carantina-in-anglia-pentru-cetatenii-sua-si-ue-complet-vaccinati-de-la-2-august\\\/\",\"name\":\"F\u0103r\u0103 carantin\u0103 \u00een Anglia pentru cet\u0103\u021benii SUA \u0219i UE complet vaccina\u021bi de la 2 august - BasTV\",\"isPartOf\":{\"@id\":\"https:\\\/\\\/bas-tv.md\\\/ro\\\/#website\"},\"primaryImageOfPage\":{\"@id\":\"https:\\\/\\\/bas-tv.md\\\/ro\\\/fara-carantina-in-anglia-pentru-cetatenii-sua-si-ue-complet-vaccinati-de-la-2-august\\\/#primaryimage\"},\"image\":{\"@id\":\"https:\\\/\\\/bas-tv.md\\\/ro\\\/fara-carantina-in-anglia-pentru-cetatenii-sua-si-ue-complet-vaccinati-de-la-2-august\\\/#primaryimage\"},\"thumbnailUrl\":\"\",\"datePublished\":\"2021-07-28T16:00:18+00:00\",\"inLanguage\":\"ro-RO\",\"potentialAction\":[{\"@type\":\"ReadAction\",\"target\":[\"https:\\\/\\\/bas-tv.md\\\/ro\\\/fara-carantina-in-anglia-pentru-cetatenii-sua-si-ue-complet-vaccinati-de-la-2-august\\\/\"]}]},{\"@type\":\"ImageObject\",\"inLanguage\":\"ro-RO\",\"@id\":\"https:\\\/\\\/bas-tv.md\\\/ro\\\/fara-carantina-in-anglia-pentru-cetatenii-sua-si-ue-complet-vaccinati-de-la-2-august\\\/#primaryimage\",\"url\":\"\",\"contentUrl\":\"\"},{\"@type\":\"WebSite\",\"@id\":\"https:\\\/\\\/bas-tv.md\\\/ro\\\/#website\",\"url\":\"https:\\\/\\\/bas-tv.md\\\/ro\\\/\",\"name\":\"BasTV\",\"description\":\"Moldova\",\"publisher\":{\"@id\":\"https:\\\/\\\/bas-tv.md\\\/ro\\\/#organization\"},\"potentialAction\":[{\"@type\":\"SearchAction\",\"target\":{\"@type\":\"EntryPoint\",\"urlTemplate\":\"https:\\\/\\\/bas-tv.md\\\/ro\\\/?s={search_term_string}\"},\"query-input\":{\"@type\":\"PropertyValueSpecification\",\"valueRequired\":true,\"valueName\":\"search_term_string\"}}],\"inLanguage\":\"ro-RO\"},{\"@type\":\"Organization\",\"@id\":\"https:\\\/\\\/bas-tv.md\\\/ro\\\/#organization\",\"name\":\"BasTV\",\"url\":\"https:\\\/\\\/bas-tv.md\\\/ro\\\/\",\"logo\":{\"@type\":\"ImageObject\",\"inLanguage\":\"ro-RO\",\"@id\":\"https:\\\/\\\/bas-tv.md\\\/ro\\\/#\\\/schema\\\/logo\\\/image\\\/\",\"url\":\"https:\\\/\\\/bas-tv.md\\\/wp-content\\\/uploads\\\/2023\\\/05\\\/bas-tv-culoarea-rosie.png\",\"contentUrl\":\"https:\\\/\\\/bas-tv.md\\\/wp-content\\\/uploads\\\/2023\\\/05\\\/bas-tv-culoarea-rosie.png\",\"width\":202,\"height\":50,\"caption\":\"BasTV\"},\"image\":{\"@id\":\"https:\\\/\\\/bas-tv.md\\\/ro\\\/#\\\/schema\\\/logo\\\/image\\\/\"}},{\"@type\":\"Person\",\"@id\":\"https:\\\/\\\/bas-tv.md\\\/ro\\\/#\\\/schema\\\/person\\\/8740f45ea2eca1f1695284fc03529af0\",\"name\":\"Redactor\",\"image\":{\"@type\":\"ImageObject\",\"inLanguage\":\"ro-RO\",\"@id\":\"https:\\\/\\\/bas-tv.md\\\/wp-content\\\/litespeed\\\/avatar\\\/91c0586f3f6f4396a4ec1287c965eeeb.jpg?ver=1776950945\",\"url\":\"https:\\\/\\\/bas-tv.md\\\/wp-content\\\/litespeed\\\/avatar\\\/91c0586f3f6f4396a4ec1287c965eeeb.jpg?ver=1776950945\",\"contentUrl\":\"https:\\\/\\\/bas-tv.md\\\/wp-content\\\/litespeed\\\/avatar\\\/91c0586f3f6f4396a4ec1287c965eeeb.jpg?ver=1776950945\",\"caption\":\"Redactor\"},\"url\":\"https:\\\/\\\/bas-tv.md\\\/ro\\\/author\\\/redactor\\\/\"}]}<\/script>\n<!-- \/ Yoast SEO plugin. -->","yoast_head_json":{"title":"F\u0103r\u0103 carantin\u0103 \u00een Anglia pentru cet\u0103\u021benii SUA \u0219i UE complet vaccina\u021bi de la 2 august - BasTV","robots":{"index":"index","follow":"follow","max-snippet":"max-snippet:-1","max-image-preview":"max-image-preview:large","max-video-preview":"max-video-preview:-1"},"canonical":"https:\/\/bas-tv.md\/ro\/fara-carantina-in-anglia-pentru-cetatenii-sua-si-ue-complet-vaccinati-de-la-2-august\/","og_locale":"ro_RO","og_type":"article","og_title":"F\u0103r\u0103 carantin\u0103 \u00een Anglia pentru cet\u0103\u021benii SUA \u0219i UE complet vaccina\u021bi de la 2 august - BasTV","og_description":"\u00cen prezent, doar persoanele care au fost complet vaccinate \u00een Marea Britanie nu trebuie s\u0103 se izoleze atunci c\u00e2nd c\u0103l\u0103toresc \u00een \u021b\u0103rile cu risc crescut de infectare din cauza num\u0103rului mare de cazuri de COVID-19, cu excep\u021bia Fran\u021bei. Decizia privind renun\u021barea la plasarea \u00een carantin\u0103 a c\u0103l\u0103torilor vaccina\u021bi complet din UE \u0219i din SUA a [&hellip;]","og_url":"https:\/\/bas-tv.md\/ro\/fara-carantina-in-anglia-pentru-cetatenii-sua-si-ue-complet-vaccinati-de-la-2-august\/","og_site_name":"BasTV","article_published_time":"2021-07-28T16:00:18+00:00","author":"Redactor","twitter_card":"summary_large_image","twitter_misc":{"Scris de":"Redactor","Timp estimat pentru citire":"1 minut"},"schema":{"@context":"https:\/\/schema.org","@graph":[{"@type":"Article","@id":"https:\/\/bas-tv.md\/ro\/fara-carantina-in-anglia-pentru-cetatenii-sua-si-ue-complet-vaccinati-de-la-2-august\/#article","isPartOf":{"@id":"https:\/\/bas-tv.md\/ro\/fara-carantina-in-anglia-pentru-cetatenii-sua-si-ue-complet-vaccinati-de-la-2-august\/"},"author":{"name":"Redactor","@id":"https:\/\/bas-tv.md\/ro\/#\/schema\/person\/8740f45ea2eca1f1695284fc03529af0"},"headline":"F\u0103r\u0103 carantin\u0103 \u00een Anglia pentru cet\u0103\u021benii SUA \u0219i UE complet vaccina\u021bi de la 2 august","datePublished":"2021-07-28T16:00:18+00:00","mainEntityOfPage":{"@id":"https:\/\/bas-tv.md\/ro\/fara-carantina-in-anglia-pentru-cetatenii-sua-si-ue-complet-vaccinati-de-la-2-august\/"},"wordCount":190,"commentCount":0,"publisher":{"@id":"https:\/\/bas-tv.md\/ro\/#organization"},"image":{"@id":"https:\/\/bas-tv.md\/ro\/fara-carantina-in-anglia-pentru-cetatenii-sua-si-ue-complet-vaccinati-de-la-2-august\/#primaryimage"},"thumbnailUrl":"","articleSection":["\u00cen Moldova","Social"],"inLanguage":"ro-RO","potentialAction":[{"@type":"CommentAction","name":"Comment","target":["https:\/\/bas-tv.md\/ro\/fara-carantina-in-anglia-pentru-cetatenii-sua-si-ue-complet-vaccinati-de-la-2-august\/#respond"]}]},{"@type":"WebPage","@id":"https:\/\/bas-tv.md\/ro\/fara-carantina-in-anglia-pentru-cetatenii-sua-si-ue-complet-vaccinati-de-la-2-august\/","url":"https:\/\/bas-tv.md\/ro\/fara-carantina-in-anglia-pentru-cetatenii-sua-si-ue-complet-vaccinati-de-la-2-august\/","name":"F\u0103r\u0103 carantin\u0103 \u00een Anglia pentru cet\u0103\u021benii SUA \u0219i UE complet vaccina\u021bi de la 2 august - BasTV","isPartOf":{"@id":"https:\/\/bas-tv.md\/ro\/#website"},"primaryImageOfPage":{"@id":"https:\/\/bas-tv.md\/ro\/fara-carantina-in-anglia-pentru-cetatenii-sua-si-ue-complet-vaccinati-de-la-2-august\/#primaryimage"},"image":{"@id":"https:\/\/bas-tv.md\/ro\/fara-carantina-in-anglia-pentru-cetatenii-sua-si-ue-complet-vaccinati-de-la-2-august\/#primaryimage"},"thumbnailUrl":"","datePublished":"2021-07-28T16:00:18+00:00","inLanguage":"ro-RO","potentialAction":[{"@type":"ReadAction","target":["https:\/\/bas-tv.md\/ro\/fara-carantina-in-anglia-pentru-cetatenii-sua-si-ue-complet-vaccinati-de-la-2-august\/"]}]},{"@type":"ImageObject","inLanguage":"ro-RO","@id":"https:\/\/bas-tv.md\/ro\/fara-carantina-in-anglia-pentru-cetatenii-sua-si-ue-complet-vaccinati-de-la-2-august\/#primaryimage","url":"","contentUrl":""},{"@type":"WebSite","@id":"https:\/\/bas-tv.md\/ro\/#website","url":"https:\/\/bas-tv.md\/ro\/","name":"BasTV","description":"Moldova","publisher":{"@id":"https:\/\/bas-tv.md\/ro\/#organization"},"potentialAction":[{"@type":"SearchAction","target":{"@type":"EntryPoint","urlTemplate":"https:\/\/bas-tv.md\/ro\/?s={search_term_string}"},"query-input":{"@type":"PropertyValueSpecification","valueRequired":true,"valueName":"search_term_string"}}],"inLanguage":"ro-RO"},{"@type":"Organization","@id":"https:\/\/bas-tv.md\/ro\/#organization","name":"BasTV","url":"https:\/\/bas-tv.md\/ro\/","logo":{"@type":"ImageObject","inLanguage":"ro-RO","@id":"https:\/\/bas-tv.md\/ro\/#\/schema\/logo\/image\/","url":"https:\/\/bas-tv.md\/wp-content\/uploads\/2023\/05\/bas-tv-culoarea-rosie.png","contentUrl":"https:\/\/bas-tv.md\/wp-content\/uploads\/2023\/05\/bas-tv-culoarea-rosie.png","width":202,"height":50,"caption":"BasTV"},"image":{"@id":"https:\/\/bas-tv.md\/ro\/#\/schema\/logo\/image\/"}},{"@type":"Person","@id":"https:\/\/bas-tv.md\/ro\/#\/schema\/person\/8740f45ea2eca1f1695284fc03529af0","name":"Redactor","image":{"@type":"ImageObject","inLanguage":"ro-RO","@id":"https:\/\/bas-tv.md\/wp-content\/litespeed\/avatar\/91c0586f3f6f4396a4ec1287c965eeeb.jpg?ver=1776950945","url":"https:\/\/bas-tv.md\/wp-content\/litespeed\/avatar\/91c0586f3f6f4396a4ec1287c965eeeb.jpg?ver=1776950945","contentUrl":"https:\/\/bas-tv.md\/wp-content\/litespeed\/avatar\/91c0586f3f6f4396a4ec1287c965eeeb.jpg?ver=1776950945","caption":"Redactor"},"url":"https:\/\/bas-tv.md\/ro\/author\/redactor\/"}]}},"views":180,"_links":{"self":[{"href":"https:\/\/bas-tv.md\/ro\/wp-json\/wp\/v2\/posts\/29131","targetHints":{"allow":["GET"]}}],"collection":[{"href":"https:\/\/bas-tv.md\/ro\/wp-json\/wp\/v2\/posts"}],"about":[{"href":"https:\/\/bas-tv.md\/ro\/wp-json\/wp\/v2\/types\/post"}],"author":[{"embeddable":true,"href":"https:\/\/bas-tv.md\/ro\/wp-json\/wp\/v2\/users\/3"}],"replies":[{"embeddable":true,"href":"https:\/\/bas-tv.md\/ro\/wp-json\/wp\/v2\/comments?post=29131"}],"version-history":[{"count":0,"href":"https:\/\/bas-tv.md\/ro\/wp-json\/wp\/v2\/posts\/29131\/revisions"}],"wp:featuredmedia":[{"embeddable":true,"href":"https:\/\/bas-tv.md\/ro\/wp-json\/"}],"wp:attachment":[{"href":"https:\/\/bas-tv.md\/ro\/wp-json\/wp\/v2\/media?parent=29131"}],"wp:term":[{"taxonomy":"category","embeddable":true,"href":"https:\/\/bas-tv.md\/ro\/wp-json\/wp\/v2\/categories?post=29131"},{"taxonomy":"post_tag","embeddable":true,"href":"https:\/\/bas-tv.md\/ro\/wp-json\/wp\/v2\/tags?post=29131"}],"curies":[{"name":"wp","href":"https:\/\/api.w.org\/{rel}","templated":true}]}}