{"id":29147,"date":"2021-07-28T22:00:30","date_gmt":"2021-07-28T19:00:30","guid":{"rendered":"https:\/\/bas-tv.md\/?p=29147"},"modified":"2021-07-28T22:00:30","modified_gmt":"2021-07-28T19:00:30","slug":"pas-are-cei-ai-multi-deputati-tineri-iar-la-becs-majoritatea-sunt-varsnici","status":"publish","type":"post","link":"https:\/\/bas-tv.md\/ro\/pas-are-cei-ai-multi-deputati-tineri-iar-la-becs-majoritatea-sunt-varsnici\/","title":{"rendered":"PAS are cei ai mul\u021bi deputa\u021bi tineri, iar la BECS majoritatea sunt v\u00e2rsnici"},"content":{"rendered":"<p><strong>V\u00e2rsta medie a deputa\u021bilor ale\u0219i \u00een Parlamentul Republicii Moldova de legislatura a XI-a este de 47 de ani. 14 din cei 101 de membri ai Legislativului Republicii Moldova sunt tineri cu v\u00e2rsta de p\u00e2n\u0103 la 35 de ani.<\/strong><\/p>\n<p><span style=\"font-weight: 400;\">Cel mai t\u00e2n\u0103r deputat este <strong>Eugeniu Sinchevici, care a \u00eemplinit 22 de ani.<\/strong> Eugeniu Sinchevici studiaz\u0103 la Facultatea de \u0218tiin\u021be Politice din Paris \u0219i este la primul mandat de deputat. Este al doilea cel mai t\u00e2n\u0103r deputat din istoria Parlamentului Republicii Moldova, dup\u0103 deputatul comunist <strong>Mihail Poleanschi, care \u00een 2001 a devenit parlamentar la v\u00e2rsta de 21 de ani.<\/strong><\/span><\/p>\n<p><span style=\"font-weight: 400;\">Printre cei mai tineri deputa\u021bi din noua legislatur\u0103 sunt, de asemenea, <strong>Marcela Nistor, de 27 de ani<\/strong>, \u0219i <strong>Adrian B\u0103lu\u021bel, de 28 de ani.<\/strong> To\u021bi trei au fost ale\u0219i pe lista Partidului Ac\u021biune \u0219i Solidaritate.<\/span><\/p>\n<p><span style=\"font-weight: 400;\">Cel mai t\u00e2n\u0103r deputat al Blocului Comuni\u0219tilor \u0219i Sociali\u0219tilor este <strong>Diana Caraman,\u00a0 n\u0103scut\u0103 \u00een anul 1990<\/strong>, economist de profesie.\u00a0<\/span><\/p>\n<p><span style=\"font-weight: 400;\">Printre deputa\u021bii Partidului \u201d\u0218or\u201d cel mai t\u00e2n\u0103r este liderul acestuia, <strong>Ilan \u0218or, n\u0103scut \u00een 1987.\u00a0<\/strong><\/span><\/p>\n<p><span style=\"font-weight: 400;\">Decanul de v\u00e2rst\u0103 al deputa\u021bilor din Parlamentul de legislatura a XI-a este <strong>Eduard Smirnov<\/strong> (Blocul Comuni\u0219tilor \u0219i Sociali\u0219tilor), care, \u00een acest an, va \u00eemplini<strong> 82 de ani.<\/strong> Printre cei mai \u00een v\u00e2rst\u0103 deputa\u021bi se mai num\u0103r\u0103 \u0219i<strong> Vladimir Voronin<\/strong>, care, anul curent, a \u00eemplinit <strong>80 de ani<\/strong>, \u0219i parlamentarul <strong>Oazu Nantoi, cu v\u00e2rsta de 73 de an<\/strong>i. La fel, \u00een lista celor mai v\u00e2rstnici deputa\u021bi se reg\u0103sesc \u0219i al\u021bi membri ai BCS: <strong>Oleg Reidman (69 ani)<\/strong>, <strong>Chiril Tatarl\u00ee (69 ani)<\/strong>, <strong>Zinaida Grecean\u00eei (65 ani)<\/strong>.<\/span><\/p>\n<p><span style=\"font-weight: 400;\">Pentru compara\u021bie, v\u00e2rsta medie a deputa\u021bilor legislaturii curente (a IX-a) a Parlamentului European, la momentul constituirii \u00een 2019, constituia 49,5 ani. Cel mai t\u00e2n\u0103r eurodeputat este Kira Marie Peter-Hansen din Danemarca, n\u0103scut\u0103 \u00een 1998, iar cel mai \u00een v\u00e2rst\u0103 \u2013\u00a0 Silvio Berlusconi din Italia, n\u0103scut \u00een 1936.<\/span><\/p>\n<p>Sursa: https:\/\/deschide.md\/<\/p>\n","protected":false},"excerpt":{"rendered":"<p>V\u00e2rsta medie a deputa\u021bilor ale\u0219i \u00een Parlamentul Republicii Moldova de legislatura a XI-a este de 47 de ani. 14 din cei 101 de membri ai Legislativului Republicii Moldova sunt tineri cu v\u00e2rsta de p\u00e2n\u0103 la 35 de ani. Cel mai t\u00e2n\u0103r deputat este Eugeniu Sinchevici, care a \u00eemplinit 22 de ani. Eugeniu Sinchevici studiaz\u0103 la [&hellip;]<\/p>\n","protected":false},"author":3,"featured_media":29148,"comment_status":"open","ping_status":"open","sticky":false,"template":"","format":"standard","meta":{"footnotes":""},"categories":[570,198],"tags":[],"class_list":["post-29147","post","type-post","status-publish","format-standard","has-post-thumbnail","hentry","category-in-moldova","category-social"],"yoast_head":"<!-- This site is optimized with the Yoast SEO plugin v27.5 - https:\/\/yoast.com\/product\/yoast-seo-wordpress\/ -->\n<title>PAS are cei ai mul\u021bi deputa\u021bi tineri, iar la BECS majoritatea sunt v\u00e2rsnici - BasTV<\/title>\n<meta name=\"robots\" content=\"index, follow, max-snippet:-1, max-image-preview:large, max-video-preview:-1\" \/>\n<link rel=\"canonical\" href=\"https:\/\/bas-tv.md\/ro\/pas-are-cei-ai-multi-deputati-tineri-iar-la-becs-majoritatea-sunt-varsnici\/\" \/>\n<meta property=\"og:locale\" content=\"ro_RO\" \/>\n<meta property=\"og:type\" content=\"article\" \/>\n<meta property=\"og:title\" content=\"PAS are cei ai mul\u021bi deputa\u021bi tineri, iar la BECS majoritatea sunt v\u00e2rsnici - BasTV\" \/>\n<meta property=\"og:description\" content=\"V\u00e2rsta medie a deputa\u021bilor ale\u0219i \u00een Parlamentul Republicii Moldova de legislatura a XI-a este de 47 de ani. 14 din cei 101 de membri ai Legislativului Republicii Moldova sunt tineri cu v\u00e2rsta de p\u00e2n\u0103 la 35 de ani. Cel mai t\u00e2n\u0103r deputat este Eugeniu Sinchevici, care a \u00eemplinit 22 de ani. Eugeniu Sinchevici studiaz\u0103 la [&hellip;]\" \/>\n<meta property=\"og:url\" content=\"https:\/\/bas-tv.md\/ro\/pas-are-cei-ai-multi-deputati-tineri-iar-la-becs-majoritatea-sunt-varsnici\/\" \/>\n<meta property=\"og:site_name\" content=\"BasTV\" \/>\n<meta property=\"article:published_time\" content=\"2021-07-28T19:00:30+00:00\" \/>\n<meta name=\"author\" content=\"Redactor\" \/>\n<meta name=\"twitter:card\" content=\"summary_large_image\" \/>\n<meta name=\"twitter:label1\" content=\"Scris de\" \/>\n\t<meta name=\"twitter:data1\" content=\"Redactor\" \/>\n\t<meta name=\"twitter:label2\" content=\"Timp estimat pentru citire\" \/>\n\t<meta name=\"twitter:data2\" content=\"2 minute\" \/>\n<script type=\"application\/ld+json\" class=\"yoast-schema-graph\">{\"@context\":\"https:\\\/\\\/schema.org\",\"@graph\":[{\"@type\":\"Article\",\"@id\":\"https:\\\/\\\/bas-tv.md\\\/ro\\\/pas-are-cei-ai-multi-deputati-tineri-iar-la-becs-majoritatea-sunt-varsnici\\\/#article\",\"isPartOf\":{\"@id\":\"https:\\\/\\\/bas-tv.md\\\/ro\\\/pas-are-cei-ai-multi-deputati-tineri-iar-la-becs-majoritatea-sunt-varsnici\\\/\"},\"author\":{\"name\":\"Redactor\",\"@id\":\"https:\\\/\\\/bas-tv.md\\\/ro\\\/#\\\/schema\\\/person\\\/8740f45ea2eca1f1695284fc03529af0\"},\"headline\":\"PAS are cei ai mul\u021bi deputa\u021bi tineri, iar la BECS majoritatea sunt v\u00e2rsnici\",\"datePublished\":\"2021-07-28T19:00:30+00:00\",\"mainEntityOfPage\":{\"@id\":\"https:\\\/\\\/bas-tv.md\\\/ro\\\/pas-are-cei-ai-multi-deputati-tineri-iar-la-becs-majoritatea-sunt-varsnici\\\/\"},\"wordCount\":342,\"commentCount\":0,\"publisher\":{\"@id\":\"https:\\\/\\\/bas-tv.md\\\/ro\\\/#organization\"},\"image\":{\"@id\":\"https:\\\/\\\/bas-tv.md\\\/ro\\\/pas-are-cei-ai-multi-deputati-tineri-iar-la-becs-majoritatea-sunt-varsnici\\\/#primaryimage\"},\"thumbnailUrl\":\"\",\"articleSection\":[\"\u00cen Moldova\",\"Social\"],\"inLanguage\":\"ro-RO\",\"potentialAction\":[{\"@type\":\"CommentAction\",\"name\":\"Comment\",\"target\":[\"https:\\\/\\\/bas-tv.md\\\/ro\\\/pas-are-cei-ai-multi-deputati-tineri-iar-la-becs-majoritatea-sunt-varsnici\\\/#respond\"]}]},{\"@type\":\"WebPage\",\"@id\":\"https:\\\/\\\/bas-tv.md\\\/ro\\\/pas-are-cei-ai-multi-deputati-tineri-iar-la-becs-majoritatea-sunt-varsnici\\\/\",\"url\":\"https:\\\/\\\/bas-tv.md\\\/ro\\\/pas-are-cei-ai-multi-deputati-tineri-iar-la-becs-majoritatea-sunt-varsnici\\\/\",\"name\":\"PAS are cei ai mul\u021bi deputa\u021bi tineri, iar la BECS majoritatea sunt v\u00e2rsnici - BasTV\",\"isPartOf\":{\"@id\":\"https:\\\/\\\/bas-tv.md\\\/ro\\\/#website\"},\"primaryImageOfPage\":{\"@id\":\"https:\\\/\\\/bas-tv.md\\\/ro\\\/pas-are-cei-ai-multi-deputati-tineri-iar-la-becs-majoritatea-sunt-varsnici\\\/#primaryimage\"},\"image\":{\"@id\":\"https:\\\/\\\/bas-tv.md\\\/ro\\\/pas-are-cei-ai-multi-deputati-tineri-iar-la-becs-majoritatea-sunt-varsnici\\\/#primaryimage\"},\"thumbnailUrl\":\"\",\"datePublished\":\"2021-07-28T19:00:30+00:00\",\"inLanguage\":\"ro-RO\",\"potentialAction\":[{\"@type\":\"ReadAction\",\"target\":[\"https:\\\/\\\/bas-tv.md\\\/ro\\\/pas-are-cei-ai-multi-deputati-tineri-iar-la-becs-majoritatea-sunt-varsnici\\\/\"]}]},{\"@type\":\"ImageObject\",\"inLanguage\":\"ro-RO\",\"@id\":\"https:\\\/\\\/bas-tv.md\\\/ro\\\/pas-are-cei-ai-multi-deputati-tineri-iar-la-becs-majoritatea-sunt-varsnici\\\/#primaryimage\",\"url\":\"\",\"contentUrl\":\"\"},{\"@type\":\"WebSite\",\"@id\":\"https:\\\/\\\/bas-tv.md\\\/ro\\\/#website\",\"url\":\"https:\\\/\\\/bas-tv.md\\\/ro\\\/\",\"name\":\"BasTV\",\"description\":\"Moldova\",\"publisher\":{\"@id\":\"https:\\\/\\\/bas-tv.md\\\/ro\\\/#organization\"},\"potentialAction\":[{\"@type\":\"SearchAction\",\"target\":{\"@type\":\"EntryPoint\",\"urlTemplate\":\"https:\\\/\\\/bas-tv.md\\\/ro\\\/?s={search_term_string}\"},\"query-input\":{\"@type\":\"PropertyValueSpecification\",\"valueRequired\":true,\"valueName\":\"search_term_string\"}}],\"inLanguage\":\"ro-RO\"},{\"@type\":\"Organization\",\"@id\":\"https:\\\/\\\/bas-tv.md\\\/ro\\\/#organization\",\"name\":\"BasTV\",\"url\":\"https:\\\/\\\/bas-tv.md\\\/ro\\\/\",\"logo\":{\"@type\":\"ImageObject\",\"inLanguage\":\"ro-RO\",\"@id\":\"https:\\\/\\\/bas-tv.md\\\/ro\\\/#\\\/schema\\\/logo\\\/image\\\/\",\"url\":\"https:\\\/\\\/bas-tv.md\\\/wp-content\\\/uploads\\\/2023\\\/05\\\/bas-tv-culoarea-rosie.png\",\"contentUrl\":\"https:\\\/\\\/bas-tv.md\\\/wp-content\\\/uploads\\\/2023\\\/05\\\/bas-tv-culoarea-rosie.png\",\"width\":202,\"height\":50,\"caption\":\"BasTV\"},\"image\":{\"@id\":\"https:\\\/\\\/bas-tv.md\\\/ro\\\/#\\\/schema\\\/logo\\\/image\\\/\"}},{\"@type\":\"Person\",\"@id\":\"https:\\\/\\\/bas-tv.md\\\/ro\\\/#\\\/schema\\\/person\\\/8740f45ea2eca1f1695284fc03529af0\",\"name\":\"Redactor\",\"image\":{\"@type\":\"ImageObject\",\"inLanguage\":\"ro-RO\",\"@id\":\"https:\\\/\\\/bas-tv.md\\\/wp-content\\\/litespeed\\\/avatar\\\/91c0586f3f6f4396a4ec1287c965eeeb.jpg?ver=1776950945\",\"url\":\"https:\\\/\\\/bas-tv.md\\\/wp-content\\\/litespeed\\\/avatar\\\/91c0586f3f6f4396a4ec1287c965eeeb.jpg?ver=1776950945\",\"contentUrl\":\"https:\\\/\\\/bas-tv.md\\\/wp-content\\\/litespeed\\\/avatar\\\/91c0586f3f6f4396a4ec1287c965eeeb.jpg?ver=1776950945\",\"caption\":\"Redactor\"},\"url\":\"https:\\\/\\\/bas-tv.md\\\/ro\\\/author\\\/redactor\\\/\"}]}<\/script>\n<!-- \/ Yoast SEO plugin. -->","yoast_head_json":{"title":"PAS are cei ai mul\u021bi deputa\u021bi tineri, iar la BECS majoritatea sunt v\u00e2rsnici - BasTV","robots":{"index":"index","follow":"follow","max-snippet":"max-snippet:-1","max-image-preview":"max-image-preview:large","max-video-preview":"max-video-preview:-1"},"canonical":"https:\/\/bas-tv.md\/ro\/pas-are-cei-ai-multi-deputati-tineri-iar-la-becs-majoritatea-sunt-varsnici\/","og_locale":"ro_RO","og_type":"article","og_title":"PAS are cei ai mul\u021bi deputa\u021bi tineri, iar la BECS majoritatea sunt v\u00e2rsnici - BasTV","og_description":"V\u00e2rsta medie a deputa\u021bilor ale\u0219i \u00een Parlamentul Republicii Moldova de legislatura a XI-a este de 47 de ani. 14 din cei 101 de membri ai Legislativului Republicii Moldova sunt tineri cu v\u00e2rsta de p\u00e2n\u0103 la 35 de ani. Cel mai t\u00e2n\u0103r deputat este Eugeniu Sinchevici, care a \u00eemplinit 22 de ani. Eugeniu Sinchevici studiaz\u0103 la [&hellip;]","og_url":"https:\/\/bas-tv.md\/ro\/pas-are-cei-ai-multi-deputati-tineri-iar-la-becs-majoritatea-sunt-varsnici\/","og_site_name":"BasTV","article_published_time":"2021-07-28T19:00:30+00:00","author":"Redactor","twitter_card":"summary_large_image","twitter_misc":{"Scris de":"Redactor","Timp estimat pentru citire":"2 minute"},"schema":{"@context":"https:\/\/schema.org","@graph":[{"@type":"Article","@id":"https:\/\/bas-tv.md\/ro\/pas-are-cei-ai-multi-deputati-tineri-iar-la-becs-majoritatea-sunt-varsnici\/#article","isPartOf":{"@id":"https:\/\/bas-tv.md\/ro\/pas-are-cei-ai-multi-deputati-tineri-iar-la-becs-majoritatea-sunt-varsnici\/"},"author":{"name":"Redactor","@id":"https:\/\/bas-tv.md\/ro\/#\/schema\/person\/8740f45ea2eca1f1695284fc03529af0"},"headline":"PAS are cei ai mul\u021bi deputa\u021bi tineri, iar la BECS majoritatea sunt v\u00e2rsnici","datePublished":"2021-07-28T19:00:30+00:00","mainEntityOfPage":{"@id":"https:\/\/bas-tv.md\/ro\/pas-are-cei-ai-multi-deputati-tineri-iar-la-becs-majoritatea-sunt-varsnici\/"},"wordCount":342,"commentCount":0,"publisher":{"@id":"https:\/\/bas-tv.md\/ro\/#organization"},"image":{"@id":"https:\/\/bas-tv.md\/ro\/pas-are-cei-ai-multi-deputati-tineri-iar-la-becs-majoritatea-sunt-varsnici\/#primaryimage"},"thumbnailUrl":"","articleSection":["\u00cen Moldova","Social"],"inLanguage":"ro-RO","potentialAction":[{"@type":"CommentAction","name":"Comment","target":["https:\/\/bas-tv.md\/ro\/pas-are-cei-ai-multi-deputati-tineri-iar-la-becs-majoritatea-sunt-varsnici\/#respond"]}]},{"@type":"WebPage","@id":"https:\/\/bas-tv.md\/ro\/pas-are-cei-ai-multi-deputati-tineri-iar-la-becs-majoritatea-sunt-varsnici\/","url":"https:\/\/bas-tv.md\/ro\/pas-are-cei-ai-multi-deputati-tineri-iar-la-becs-majoritatea-sunt-varsnici\/","name":"PAS are cei ai mul\u021bi deputa\u021bi tineri, iar la BECS majoritatea sunt v\u00e2rsnici - BasTV","isPartOf":{"@id":"https:\/\/bas-tv.md\/ro\/#website"},"primaryImageOfPage":{"@id":"https:\/\/bas-tv.md\/ro\/pas-are-cei-ai-multi-deputati-tineri-iar-la-becs-majoritatea-sunt-varsnici\/#primaryimage"},"image":{"@id":"https:\/\/bas-tv.md\/ro\/pas-are-cei-ai-multi-deputati-tineri-iar-la-becs-majoritatea-sunt-varsnici\/#primaryimage"},"thumbnailUrl":"","datePublished":"2021-07-28T19:00:30+00:00","inLanguage":"ro-RO","potentialAction":[{"@type":"ReadAction","target":["https:\/\/bas-tv.md\/ro\/pas-are-cei-ai-multi-deputati-tineri-iar-la-becs-majoritatea-sunt-varsnici\/"]}]},{"@type":"ImageObject","inLanguage":"ro-RO","@id":"https:\/\/bas-tv.md\/ro\/pas-are-cei-ai-multi-deputati-tineri-iar-la-becs-majoritatea-sunt-varsnici\/#primaryimage","url":"","contentUrl":""},{"@type":"WebSite","@id":"https:\/\/bas-tv.md\/ro\/#website","url":"https:\/\/bas-tv.md\/ro\/","name":"BasTV","description":"Moldova","publisher":{"@id":"https:\/\/bas-tv.md\/ro\/#organization"},"potentialAction":[{"@type":"SearchAction","target":{"@type":"EntryPoint","urlTemplate":"https:\/\/bas-tv.md\/ro\/?s={search_term_string}"},"query-input":{"@type":"PropertyValueSpecification","valueRequired":true,"valueName":"search_term_string"}}],"inLanguage":"ro-RO"},{"@type":"Organization","@id":"https:\/\/bas-tv.md\/ro\/#organization","name":"BasTV","url":"https:\/\/bas-tv.md\/ro\/","logo":{"@type":"ImageObject","inLanguage":"ro-RO","@id":"https:\/\/bas-tv.md\/ro\/#\/schema\/logo\/image\/","url":"https:\/\/bas-tv.md\/wp-content\/uploads\/2023\/05\/bas-tv-culoarea-rosie.png","contentUrl":"https:\/\/bas-tv.md\/wp-content\/uploads\/2023\/05\/bas-tv-culoarea-rosie.png","width":202,"height":50,"caption":"BasTV"},"image":{"@id":"https:\/\/bas-tv.md\/ro\/#\/schema\/logo\/image\/"}},{"@type":"Person","@id":"https:\/\/bas-tv.md\/ro\/#\/schema\/person\/8740f45ea2eca1f1695284fc03529af0","name":"Redactor","image":{"@type":"ImageObject","inLanguage":"ro-RO","@id":"https:\/\/bas-tv.md\/wp-content\/litespeed\/avatar\/91c0586f3f6f4396a4ec1287c965eeeb.jpg?ver=1776950945","url":"https:\/\/bas-tv.md\/wp-content\/litespeed\/avatar\/91c0586f3f6f4396a4ec1287c965eeeb.jpg?ver=1776950945","contentUrl":"https:\/\/bas-tv.md\/wp-content\/litespeed\/avatar\/91c0586f3f6f4396a4ec1287c965eeeb.jpg?ver=1776950945","caption":"Redactor"},"url":"https:\/\/bas-tv.md\/ro\/author\/redactor\/"}]}},"views":161,"_links":{"self":[{"href":"https:\/\/bas-tv.md\/ro\/wp-json\/wp\/v2\/posts\/29147","targetHints":{"allow":["GET"]}}],"collection":[{"href":"https:\/\/bas-tv.md\/ro\/wp-json\/wp\/v2\/posts"}],"about":[{"href":"https:\/\/bas-tv.md\/ro\/wp-json\/wp\/v2\/types\/post"}],"author":[{"embeddable":true,"href":"https:\/\/bas-tv.md\/ro\/wp-json\/wp\/v2\/users\/3"}],"replies":[{"embeddable":true,"href":"https:\/\/bas-tv.md\/ro\/wp-json\/wp\/v2\/comments?post=29147"}],"version-history":[{"count":0,"href":"https:\/\/bas-tv.md\/ro\/wp-json\/wp\/v2\/posts\/29147\/revisions"}],"wp:featuredmedia":[{"embeddable":true,"href":"https:\/\/bas-tv.md\/ro\/wp-json\/"}],"wp:attachment":[{"href":"https:\/\/bas-tv.md\/ro\/wp-json\/wp\/v2\/media?parent=29147"}],"wp:term":[{"taxonomy":"category","embeddable":true,"href":"https:\/\/bas-tv.md\/ro\/wp-json\/wp\/v2\/categories?post=29147"},{"taxonomy":"post_tag","embeddable":true,"href":"https:\/\/bas-tv.md\/ro\/wp-json\/wp\/v2\/tags?post=29147"}],"curies":[{"name":"wp","href":"https:\/\/api.w.org\/{rel}","templated":true}]}}