{"id":30345,"date":"2021-08-12T13:59:59","date_gmt":"2021-08-12T10:59:59","guid":{"rendered":"https:\/\/bas-tv.md\/?p=30345"},"modified":"2021-08-12T13:59:59","modified_gmt":"2021-08-12T10:59:59","slug":"noul-val-de-covid-19-incet-se-apropie-si-de-noi-acum-acesta-va-fi-razboiul-celor-nevaccinati","status":"publish","type":"post","link":"https:\/\/bas-tv.md\/ro\/noul-val-de-covid-19-incet-se-apropie-si-de-noi-acum-acesta-va-fi-razboiul-celor-nevaccinati\/","title":{"rendered":"Noul val de COVID-19 \u00eencet se apropie \u0219i de noi: Acum acesta va fi r\u0103zboiul celor nevaccina\u021bi"},"content":{"rendered":"<p><strong>Un nou val de Covid-19 se apropie de Republica Moldova, afirm\u0103 ministrul S\u0103n\u0103t\u0103\u021bii, Ala Nemerenco, care \u0219i-a reiterat apelul c\u0103tre cet\u0103\u021beni s\u0103 se vaccineze.<\/strong><\/p>\n<blockquote><p>\u201eAcum acesta va fi r\u0103zboiul celor nevaccina\u021bi. De ce? Fiindc\u0103 cifrele a\u0219a vorbesc &#8211; din cele 256 de cazuri primare de infectare cu SARS-CoV-2 \u00eenregistrate ieri, 232 nu sunt vaccinate. V\u0103 rug\u0103m, nu \u00eencerca\u021bi s\u0103 ajunge\u021bi cu orice scop \u00een aceste statistici. Este at\u00e2t de simplu \u0219i ieftin s\u0103 r\u0103m\u00e2i s\u0103n\u0103tos &#8211; f\u0103 vaccinul, \u0219i urmeaz\u0103 recomand\u0103rile epidemiologilor &#8211; men\u021bine distan\u021ba, poart\u0103 masca, evit\u0103 aglomer\u0103rile \u0219i spal\u0103 m\u00e2inile c\u00e2t mai frecvent\u201d, <strong>men\u021bionat \u0219efa de la S\u0103n\u0103tate.<\/strong><\/p><\/blockquote>\n<p>Preciz\u0103m c\u0103 alte<strong> 256 de cazuri noi de infectare<\/strong> cu COVID-19 au fost <strong>confirmate ieri<\/strong> \u00een Republica Moldova. Totodat\u0103, au fost \u00eenregistrate <strong>patru decese.<\/strong><\/p>\n<p><strong>Bilan\u021bul cazurilor<\/strong> de COVID-19 \u00een \u021bara noastr\u0103 a ajuns la<strong> 261.256.<\/strong><\/p>\n","protected":false},"excerpt":{"rendered":"<p>Un nou val de Covid-19 se apropie de Republica Moldova, afirm\u0103 ministrul S\u0103n\u0103t\u0103\u021bii, Ala Nemerenco, care \u0219i-a reiterat apelul c\u0103tre cet\u0103\u021beni s\u0103 se vaccineze. \u201eAcum acesta va fi r\u0103zboiul celor nevaccina\u021bi. De ce? Fiindc\u0103 cifrele a\u0219a vorbesc &#8211; din cele 256 de cazuri primare de infectare cu SARS-CoV-2 \u00eenregistrate ieri, 232 nu sunt vaccinate. V\u0103 [&hellip;]<\/p>\n","protected":false},"author":3,"featured_media":30346,"comment_status":"open","ping_status":"open","sticky":false,"template":"","format":"standard","meta":{"footnotes":""},"categories":[570,198],"tags":[],"class_list":["post-30345","post","type-post","status-publish","format-standard","has-post-thumbnail","hentry","category-in-moldova","category-social"],"yoast_head":"<!-- This site is optimized with the Yoast SEO plugin v27.5 - https:\/\/yoast.com\/product\/yoast-seo-wordpress\/ -->\n<title>Noul val de COVID-19 \u00eencet se apropie \u0219i de noi: Acum acesta va fi r\u0103zboiul celor nevaccina\u021bi - BasTV<\/title>\n<meta name=\"robots\" content=\"index, follow, max-snippet:-1, max-image-preview:large, max-video-preview:-1\" \/>\n<link rel=\"canonical\" href=\"https:\/\/bas-tv.md\/ro\/noul-val-de-covid-19-incet-se-apropie-si-de-noi-acum-acesta-va-fi-razboiul-celor-nevaccinati\/\" \/>\n<meta property=\"og:locale\" content=\"ro_RO\" \/>\n<meta property=\"og:type\" content=\"article\" \/>\n<meta property=\"og:title\" content=\"Noul val de COVID-19 \u00eencet se apropie \u0219i de noi: Acum acesta va fi r\u0103zboiul celor nevaccina\u021bi - BasTV\" \/>\n<meta property=\"og:description\" content=\"Un nou val de Covid-19 se apropie de Republica Moldova, afirm\u0103 ministrul S\u0103n\u0103t\u0103\u021bii, Ala Nemerenco, care \u0219i-a reiterat apelul c\u0103tre cet\u0103\u021beni s\u0103 se vaccineze. \u201eAcum acesta va fi r\u0103zboiul celor nevaccina\u021bi. De ce? Fiindc\u0103 cifrele a\u0219a vorbesc &#8211; din cele 256 de cazuri primare de infectare cu SARS-CoV-2 \u00eenregistrate ieri, 232 nu sunt vaccinate. V\u0103 [&hellip;]\" \/>\n<meta property=\"og:url\" content=\"https:\/\/bas-tv.md\/ro\/noul-val-de-covid-19-incet-se-apropie-si-de-noi-acum-acesta-va-fi-razboiul-celor-nevaccinati\/\" \/>\n<meta property=\"og:site_name\" content=\"BasTV\" \/>\n<meta property=\"article:published_time\" content=\"2021-08-12T10:59:59+00:00\" \/>\n<meta name=\"author\" content=\"Redactor\" \/>\n<meta name=\"twitter:card\" content=\"summary_large_image\" \/>\n<meta name=\"twitter:label1\" content=\"Scris de\" \/>\n\t<meta name=\"twitter:data1\" content=\"Redactor\" \/>\n\t<meta name=\"twitter:label2\" content=\"Timp estimat pentru citire\" \/>\n\t<meta name=\"twitter:data2\" content=\"1 minut\" \/>\n<script type=\"application\/ld+json\" class=\"yoast-schema-graph\">{\"@context\":\"https:\\\/\\\/schema.org\",\"@graph\":[{\"@type\":\"Article\",\"@id\":\"https:\\\/\\\/bas-tv.md\\\/ro\\\/noul-val-de-covid-19-incet-se-apropie-si-de-noi-acum-acesta-va-fi-razboiul-celor-nevaccinati\\\/#article\",\"isPartOf\":{\"@id\":\"https:\\\/\\\/bas-tv.md\\\/ro\\\/noul-val-de-covid-19-incet-se-apropie-si-de-noi-acum-acesta-va-fi-razboiul-celor-nevaccinati\\\/\"},\"author\":{\"name\":\"Redactor\",\"@id\":\"https:\\\/\\\/bas-tv.md\\\/ro\\\/#\\\/schema\\\/person\\\/8740f45ea2eca1f1695284fc03529af0\"},\"headline\":\"Noul val de COVID-19 \u00eencet se apropie \u0219i de noi: Acum acesta va fi r\u0103zboiul celor nevaccina\u021bi\",\"datePublished\":\"2021-08-12T10:59:59+00:00\",\"mainEntityOfPage\":{\"@id\":\"https:\\\/\\\/bas-tv.md\\\/ro\\\/noul-val-de-covid-19-incet-se-apropie-si-de-noi-acum-acesta-va-fi-razboiul-celor-nevaccinati\\\/\"},\"wordCount\":177,\"commentCount\":0,\"publisher\":{\"@id\":\"https:\\\/\\\/bas-tv.md\\\/ro\\\/#organization\"},\"image\":{\"@id\":\"https:\\\/\\\/bas-tv.md\\\/ro\\\/noul-val-de-covid-19-incet-se-apropie-si-de-noi-acum-acesta-va-fi-razboiul-celor-nevaccinati\\\/#primaryimage\"},\"thumbnailUrl\":\"\",\"articleSection\":[\"\u00cen Moldova\",\"Social\"],\"inLanguage\":\"ro-RO\",\"potentialAction\":[{\"@type\":\"CommentAction\",\"name\":\"Comment\",\"target\":[\"https:\\\/\\\/bas-tv.md\\\/ro\\\/noul-val-de-covid-19-incet-se-apropie-si-de-noi-acum-acesta-va-fi-razboiul-celor-nevaccinati\\\/#respond\"]}]},{\"@type\":\"WebPage\",\"@id\":\"https:\\\/\\\/bas-tv.md\\\/ro\\\/noul-val-de-covid-19-incet-se-apropie-si-de-noi-acum-acesta-va-fi-razboiul-celor-nevaccinati\\\/\",\"url\":\"https:\\\/\\\/bas-tv.md\\\/ro\\\/noul-val-de-covid-19-incet-se-apropie-si-de-noi-acum-acesta-va-fi-razboiul-celor-nevaccinati\\\/\",\"name\":\"Noul val de COVID-19 \u00eencet se apropie \u0219i de noi: Acum acesta va fi r\u0103zboiul celor nevaccina\u021bi - BasTV\",\"isPartOf\":{\"@id\":\"https:\\\/\\\/bas-tv.md\\\/ro\\\/#website\"},\"primaryImageOfPage\":{\"@id\":\"https:\\\/\\\/bas-tv.md\\\/ro\\\/noul-val-de-covid-19-incet-se-apropie-si-de-noi-acum-acesta-va-fi-razboiul-celor-nevaccinati\\\/#primaryimage\"},\"image\":{\"@id\":\"https:\\\/\\\/bas-tv.md\\\/ro\\\/noul-val-de-covid-19-incet-se-apropie-si-de-noi-acum-acesta-va-fi-razboiul-celor-nevaccinati\\\/#primaryimage\"},\"thumbnailUrl\":\"\",\"datePublished\":\"2021-08-12T10:59:59+00:00\",\"inLanguage\":\"ro-RO\",\"potentialAction\":[{\"@type\":\"ReadAction\",\"target\":[\"https:\\\/\\\/bas-tv.md\\\/ro\\\/noul-val-de-covid-19-incet-se-apropie-si-de-noi-acum-acesta-va-fi-razboiul-celor-nevaccinati\\\/\"]}]},{\"@type\":\"ImageObject\",\"inLanguage\":\"ro-RO\",\"@id\":\"https:\\\/\\\/bas-tv.md\\\/ro\\\/noul-val-de-covid-19-incet-se-apropie-si-de-noi-acum-acesta-va-fi-razboiul-celor-nevaccinati\\\/#primaryimage\",\"url\":\"\",\"contentUrl\":\"\"},{\"@type\":\"WebSite\",\"@id\":\"https:\\\/\\\/bas-tv.md\\\/ro\\\/#website\",\"url\":\"https:\\\/\\\/bas-tv.md\\\/ro\\\/\",\"name\":\"BasTV\",\"description\":\"Moldova\",\"publisher\":{\"@id\":\"https:\\\/\\\/bas-tv.md\\\/ro\\\/#organization\"},\"potentialAction\":[{\"@type\":\"SearchAction\",\"target\":{\"@type\":\"EntryPoint\",\"urlTemplate\":\"https:\\\/\\\/bas-tv.md\\\/ro\\\/?s={search_term_string}\"},\"query-input\":{\"@type\":\"PropertyValueSpecification\",\"valueRequired\":true,\"valueName\":\"search_term_string\"}}],\"inLanguage\":\"ro-RO\"},{\"@type\":\"Organization\",\"@id\":\"https:\\\/\\\/bas-tv.md\\\/ro\\\/#organization\",\"name\":\"BasTV\",\"url\":\"https:\\\/\\\/bas-tv.md\\\/ro\\\/\",\"logo\":{\"@type\":\"ImageObject\",\"inLanguage\":\"ro-RO\",\"@id\":\"https:\\\/\\\/bas-tv.md\\\/ro\\\/#\\\/schema\\\/logo\\\/image\\\/\",\"url\":\"https:\\\/\\\/bas-tv.md\\\/wp-content\\\/uploads\\\/2023\\\/05\\\/bas-tv-culoarea-rosie.png\",\"contentUrl\":\"https:\\\/\\\/bas-tv.md\\\/wp-content\\\/uploads\\\/2023\\\/05\\\/bas-tv-culoarea-rosie.png\",\"width\":202,\"height\":50,\"caption\":\"BasTV\"},\"image\":{\"@id\":\"https:\\\/\\\/bas-tv.md\\\/ro\\\/#\\\/schema\\\/logo\\\/image\\\/\"}},{\"@type\":\"Person\",\"@id\":\"https:\\\/\\\/bas-tv.md\\\/ro\\\/#\\\/schema\\\/person\\\/8740f45ea2eca1f1695284fc03529af0\",\"name\":\"Redactor\",\"image\":{\"@type\":\"ImageObject\",\"inLanguage\":\"ro-RO\",\"@id\":\"https:\\\/\\\/bas-tv.md\\\/wp-content\\\/litespeed\\\/avatar\\\/91c0586f3f6f4396a4ec1287c965eeeb.jpg?ver=1776950945\",\"url\":\"https:\\\/\\\/bas-tv.md\\\/wp-content\\\/litespeed\\\/avatar\\\/91c0586f3f6f4396a4ec1287c965eeeb.jpg?ver=1776950945\",\"contentUrl\":\"https:\\\/\\\/bas-tv.md\\\/wp-content\\\/litespeed\\\/avatar\\\/91c0586f3f6f4396a4ec1287c965eeeb.jpg?ver=1776950945\",\"caption\":\"Redactor\"},\"url\":\"https:\\\/\\\/bas-tv.md\\\/ro\\\/author\\\/redactor\\\/\"}]}<\/script>\n<!-- \/ Yoast SEO plugin. -->","yoast_head_json":{"title":"Noul val de COVID-19 \u00eencet se apropie \u0219i de noi: Acum acesta va fi r\u0103zboiul celor nevaccina\u021bi - BasTV","robots":{"index":"index","follow":"follow","max-snippet":"max-snippet:-1","max-image-preview":"max-image-preview:large","max-video-preview":"max-video-preview:-1"},"canonical":"https:\/\/bas-tv.md\/ro\/noul-val-de-covid-19-incet-se-apropie-si-de-noi-acum-acesta-va-fi-razboiul-celor-nevaccinati\/","og_locale":"ro_RO","og_type":"article","og_title":"Noul val de COVID-19 \u00eencet se apropie \u0219i de noi: Acum acesta va fi r\u0103zboiul celor nevaccina\u021bi - BasTV","og_description":"Un nou val de Covid-19 se apropie de Republica Moldova, afirm\u0103 ministrul S\u0103n\u0103t\u0103\u021bii, Ala Nemerenco, care \u0219i-a reiterat apelul c\u0103tre cet\u0103\u021beni s\u0103 se vaccineze. \u201eAcum acesta va fi r\u0103zboiul celor nevaccina\u021bi. De ce? Fiindc\u0103 cifrele a\u0219a vorbesc &#8211; din cele 256 de cazuri primare de infectare cu SARS-CoV-2 \u00eenregistrate ieri, 232 nu sunt vaccinate. V\u0103 [&hellip;]","og_url":"https:\/\/bas-tv.md\/ro\/noul-val-de-covid-19-incet-se-apropie-si-de-noi-acum-acesta-va-fi-razboiul-celor-nevaccinati\/","og_site_name":"BasTV","article_published_time":"2021-08-12T10:59:59+00:00","author":"Redactor","twitter_card":"summary_large_image","twitter_misc":{"Scris de":"Redactor","Timp estimat pentru citire":"1 minut"},"schema":{"@context":"https:\/\/schema.org","@graph":[{"@type":"Article","@id":"https:\/\/bas-tv.md\/ro\/noul-val-de-covid-19-incet-se-apropie-si-de-noi-acum-acesta-va-fi-razboiul-celor-nevaccinati\/#article","isPartOf":{"@id":"https:\/\/bas-tv.md\/ro\/noul-val-de-covid-19-incet-se-apropie-si-de-noi-acum-acesta-va-fi-razboiul-celor-nevaccinati\/"},"author":{"name":"Redactor","@id":"https:\/\/bas-tv.md\/ro\/#\/schema\/person\/8740f45ea2eca1f1695284fc03529af0"},"headline":"Noul val de COVID-19 \u00eencet se apropie \u0219i de noi: Acum acesta va fi r\u0103zboiul celor nevaccina\u021bi","datePublished":"2021-08-12T10:59:59+00:00","mainEntityOfPage":{"@id":"https:\/\/bas-tv.md\/ro\/noul-val-de-covid-19-incet-se-apropie-si-de-noi-acum-acesta-va-fi-razboiul-celor-nevaccinati\/"},"wordCount":177,"commentCount":0,"publisher":{"@id":"https:\/\/bas-tv.md\/ro\/#organization"},"image":{"@id":"https:\/\/bas-tv.md\/ro\/noul-val-de-covid-19-incet-se-apropie-si-de-noi-acum-acesta-va-fi-razboiul-celor-nevaccinati\/#primaryimage"},"thumbnailUrl":"","articleSection":["\u00cen Moldova","Social"],"inLanguage":"ro-RO","potentialAction":[{"@type":"CommentAction","name":"Comment","target":["https:\/\/bas-tv.md\/ro\/noul-val-de-covid-19-incet-se-apropie-si-de-noi-acum-acesta-va-fi-razboiul-celor-nevaccinati\/#respond"]}]},{"@type":"WebPage","@id":"https:\/\/bas-tv.md\/ro\/noul-val-de-covid-19-incet-se-apropie-si-de-noi-acum-acesta-va-fi-razboiul-celor-nevaccinati\/","url":"https:\/\/bas-tv.md\/ro\/noul-val-de-covid-19-incet-se-apropie-si-de-noi-acum-acesta-va-fi-razboiul-celor-nevaccinati\/","name":"Noul val de COVID-19 \u00eencet se apropie \u0219i de noi: Acum acesta va fi r\u0103zboiul celor nevaccina\u021bi - BasTV","isPartOf":{"@id":"https:\/\/bas-tv.md\/ro\/#website"},"primaryImageOfPage":{"@id":"https:\/\/bas-tv.md\/ro\/noul-val-de-covid-19-incet-se-apropie-si-de-noi-acum-acesta-va-fi-razboiul-celor-nevaccinati\/#primaryimage"},"image":{"@id":"https:\/\/bas-tv.md\/ro\/noul-val-de-covid-19-incet-se-apropie-si-de-noi-acum-acesta-va-fi-razboiul-celor-nevaccinati\/#primaryimage"},"thumbnailUrl":"","datePublished":"2021-08-12T10:59:59+00:00","inLanguage":"ro-RO","potentialAction":[{"@type":"ReadAction","target":["https:\/\/bas-tv.md\/ro\/noul-val-de-covid-19-incet-se-apropie-si-de-noi-acum-acesta-va-fi-razboiul-celor-nevaccinati\/"]}]},{"@type":"ImageObject","inLanguage":"ro-RO","@id":"https:\/\/bas-tv.md\/ro\/noul-val-de-covid-19-incet-se-apropie-si-de-noi-acum-acesta-va-fi-razboiul-celor-nevaccinati\/#primaryimage","url":"","contentUrl":""},{"@type":"WebSite","@id":"https:\/\/bas-tv.md\/ro\/#website","url":"https:\/\/bas-tv.md\/ro\/","name":"BasTV","description":"Moldova","publisher":{"@id":"https:\/\/bas-tv.md\/ro\/#organization"},"potentialAction":[{"@type":"SearchAction","target":{"@type":"EntryPoint","urlTemplate":"https:\/\/bas-tv.md\/ro\/?s={search_term_string}"},"query-input":{"@type":"PropertyValueSpecification","valueRequired":true,"valueName":"search_term_string"}}],"inLanguage":"ro-RO"},{"@type":"Organization","@id":"https:\/\/bas-tv.md\/ro\/#organization","name":"BasTV","url":"https:\/\/bas-tv.md\/ro\/","logo":{"@type":"ImageObject","inLanguage":"ro-RO","@id":"https:\/\/bas-tv.md\/ro\/#\/schema\/logo\/image\/","url":"https:\/\/bas-tv.md\/wp-content\/uploads\/2023\/05\/bas-tv-culoarea-rosie.png","contentUrl":"https:\/\/bas-tv.md\/wp-content\/uploads\/2023\/05\/bas-tv-culoarea-rosie.png","width":202,"height":50,"caption":"BasTV"},"image":{"@id":"https:\/\/bas-tv.md\/ro\/#\/schema\/logo\/image\/"}},{"@type":"Person","@id":"https:\/\/bas-tv.md\/ro\/#\/schema\/person\/8740f45ea2eca1f1695284fc03529af0","name":"Redactor","image":{"@type":"ImageObject","inLanguage":"ro-RO","@id":"https:\/\/bas-tv.md\/wp-content\/litespeed\/avatar\/91c0586f3f6f4396a4ec1287c965eeeb.jpg?ver=1776950945","url":"https:\/\/bas-tv.md\/wp-content\/litespeed\/avatar\/91c0586f3f6f4396a4ec1287c965eeeb.jpg?ver=1776950945","contentUrl":"https:\/\/bas-tv.md\/wp-content\/litespeed\/avatar\/91c0586f3f6f4396a4ec1287c965eeeb.jpg?ver=1776950945","caption":"Redactor"},"url":"https:\/\/bas-tv.md\/ro\/author\/redactor\/"}]}},"views":187,"_links":{"self":[{"href":"https:\/\/bas-tv.md\/ro\/wp-json\/wp\/v2\/posts\/30345","targetHints":{"allow":["GET"]}}],"collection":[{"href":"https:\/\/bas-tv.md\/ro\/wp-json\/wp\/v2\/posts"}],"about":[{"href":"https:\/\/bas-tv.md\/ro\/wp-json\/wp\/v2\/types\/post"}],"author":[{"embeddable":true,"href":"https:\/\/bas-tv.md\/ro\/wp-json\/wp\/v2\/users\/3"}],"replies":[{"embeddable":true,"href":"https:\/\/bas-tv.md\/ro\/wp-json\/wp\/v2\/comments?post=30345"}],"version-history":[{"count":0,"href":"https:\/\/bas-tv.md\/ro\/wp-json\/wp\/v2\/posts\/30345\/revisions"}],"wp:featuredmedia":[{"embeddable":true,"href":"https:\/\/bas-tv.md\/ro\/wp-json\/"}],"wp:attachment":[{"href":"https:\/\/bas-tv.md\/ro\/wp-json\/wp\/v2\/media?parent=30345"}],"wp:term":[{"taxonomy":"category","embeddable":true,"href":"https:\/\/bas-tv.md\/ro\/wp-json\/wp\/v2\/categories?post=30345"},{"taxonomy":"post_tag","embeddable":true,"href":"https:\/\/bas-tv.md\/ro\/wp-json\/wp\/v2\/tags?post=30345"}],"curies":[{"name":"wp","href":"https:\/\/api.w.org\/{rel}","templated":true}]}}