{"id":31266,"date":"2021-08-20T16:22:42","date_gmt":"2021-08-20T13:22:42","guid":{"rendered":"https:\/\/bas-tv.md\/?p=31266"},"modified":"2021-08-20T16:22:42","modified_gmt":"2021-08-20T13:22:42","slug":"3-mii-de-locuri-de-parcare-in-centrul-orasului-administratia-chisinaului-cauta-solutii","status":"publish","type":"post","link":"https:\/\/bas-tv.md\/ro\/3-mii-de-locuri-de-parcare-in-centrul-orasului-administratia-chisinaului-cauta-solutii\/","title":{"rendered":"3 mii de locuri de parcare \u00een centrul ora\u0219ului?! Administra\u021bia Chi\u0219in\u0103ului caut\u0103 solu\u021bii"},"content":{"rendered":"<p><strong>Prim\u0103ria municipiului Chi\u0219in\u0103u a organizat ast\u0103zi o \u0219edin\u021b\u0103 l\u0103rgit\u0103 referitoare la situa\u021bia existent\u0103 \u00een domeniul sistemului de management al parc\u0103rilor, implementarea sistemului de taxare electronic\u0103 \u0219i alte proiecte din infrastructura municipal\u0103.<\/strong><\/p>\n<p>Potrivit primarului capitalei, Ion Ceban, scopul \u0219edin\u021bei a fost realizarea unei imagini de ansamblu cu care se confrunt\u0103 municipalitatea \u00een aceste domenii. \u201e\u00cen spe\u021b\u0103, au fost prezentate rezultatele studiului de oportunitate privind implementarea sistemului de management al parc\u0103rilor auto \u00een Chi\u0219in\u0103u, inclusiv op\u021biunile de organizare a sistemului, prezentarea sondajelor realizate privind percep\u021bia popula\u021biei \u0219i estim\u0103ri ale impactului implement\u0103rii sistemului\u201d, a notat Ceban pe re\u021belele de socializare.<\/p>\n<p>Edilul capitalei a specificat c\u0103 la aceast\u0103 \u0219edin\u021b\u0103 au fost prezentate schemele de organizare a parc\u0103rilor \u00een centrul civic al Chi\u0219in\u0103ului, \u00een limitele str\u0103zilor M. Viteazul \u2013 Mateevici \u2013 Ismail \u2013 Albi\u0219oara, loca\u021bii \u00een care <strong>municipalitatea \u00ee\u0219i dore\u0219te s\u0103 asigure parcarea a 3000 de autovehicule.<\/strong><\/p>\n<p>Prezen\u021bi la aceast\u0103 \u0219edin\u021b\u0103, exper\u021bii Universit\u0103\u021bii Tehnice din Moldova au prezentat solu\u021bii alternative, cu un grad sporit de eficien\u021b\u0103 \u00een stoparea avans\u0103rii st\u0103rii de degradare a str\u0103zilor \u0219i podurilor din Chi\u0219in\u0103u, cu accent pe solu\u021bii de \u00eentre\u021binere de tip preventiv, \u00een scopul conserv\u0103rii patrimoniului rutier.<\/p>\n","protected":false},"excerpt":{"rendered":"<p>Prim\u0103ria municipiului Chi\u0219in\u0103u a organizat ast\u0103zi o \u0219edin\u021b\u0103 l\u0103rgit\u0103 referitoare la situa\u021bia existent\u0103 \u00een domeniul sistemului de management al parc\u0103rilor, implementarea sistemului de taxare electronic\u0103 \u0219i alte proiecte din infrastructura municipal\u0103. Potrivit primarului capitalei, Ion Ceban, scopul \u0219edin\u021bei a fost realizarea unei imagini de ansamblu cu care se confrunt\u0103 municipalitatea \u00een aceste domenii. \u201e\u00cen spe\u021b\u0103, [&hellip;]<\/p>\n","protected":false},"author":3,"featured_media":31267,"comment_status":"open","ping_status":"open","sticky":false,"template":"","format":"standard","meta":{"footnotes":""},"categories":[570,198],"tags":[],"class_list":["post-31266","post","type-post","status-publish","format-standard","has-post-thumbnail","hentry","category-in-moldova","category-social"],"yoast_head":"<!-- This site is optimized with the Yoast SEO plugin v27.5 - https:\/\/yoast.com\/product\/yoast-seo-wordpress\/ -->\n<title>3 mii de locuri de parcare \u00een centrul ora\u0219ului?! Administra\u021bia Chi\u0219in\u0103ului caut\u0103 solu\u021bii - BasTV<\/title>\n<meta name=\"robots\" content=\"index, follow, max-snippet:-1, max-image-preview:large, max-video-preview:-1\" \/>\n<link rel=\"canonical\" href=\"https:\/\/bas-tv.md\/ro\/3-mii-de-locuri-de-parcare-in-centrul-orasului-administratia-chisinaului-cauta-solutii\/\" \/>\n<meta property=\"og:locale\" content=\"ro_RO\" \/>\n<meta property=\"og:type\" content=\"article\" \/>\n<meta property=\"og:title\" content=\"3 mii de locuri de parcare \u00een centrul ora\u0219ului?! Administra\u021bia Chi\u0219in\u0103ului caut\u0103 solu\u021bii - BasTV\" \/>\n<meta property=\"og:description\" content=\"Prim\u0103ria municipiului Chi\u0219in\u0103u a organizat ast\u0103zi o \u0219edin\u021b\u0103 l\u0103rgit\u0103 referitoare la situa\u021bia existent\u0103 \u00een domeniul sistemului de management al parc\u0103rilor, implementarea sistemului de taxare electronic\u0103 \u0219i alte proiecte din infrastructura municipal\u0103. Potrivit primarului capitalei, Ion Ceban, scopul \u0219edin\u021bei a fost realizarea unei imagini de ansamblu cu care se confrunt\u0103 municipalitatea \u00een aceste domenii. \u201e\u00cen spe\u021b\u0103, [&hellip;]\" \/>\n<meta property=\"og:url\" content=\"https:\/\/bas-tv.md\/ro\/3-mii-de-locuri-de-parcare-in-centrul-orasului-administratia-chisinaului-cauta-solutii\/\" \/>\n<meta property=\"og:site_name\" content=\"BasTV\" \/>\n<meta property=\"article:published_time\" content=\"2021-08-20T13:22:42+00:00\" \/>\n<meta name=\"author\" content=\"Redactor\" \/>\n<meta name=\"twitter:card\" content=\"summary_large_image\" \/>\n<meta name=\"twitter:label1\" content=\"Scris de\" \/>\n\t<meta name=\"twitter:data1\" content=\"Redactor\" \/>\n\t<meta name=\"twitter:label2\" content=\"Timp estimat pentru citire\" \/>\n\t<meta name=\"twitter:data2\" content=\"1 minut\" \/>\n<script type=\"application\/ld+json\" class=\"yoast-schema-graph\">{\"@context\":\"https:\\\/\\\/schema.org\",\"@graph\":[{\"@type\":\"Article\",\"@id\":\"https:\\\/\\\/bas-tv.md\\\/ro\\\/3-mii-de-locuri-de-parcare-in-centrul-orasului-administratia-chisinaului-cauta-solutii\\\/#article\",\"isPartOf\":{\"@id\":\"https:\\\/\\\/bas-tv.md\\\/ro\\\/3-mii-de-locuri-de-parcare-in-centrul-orasului-administratia-chisinaului-cauta-solutii\\\/\"},\"author\":{\"name\":\"Redactor\",\"@id\":\"https:\\\/\\\/bas-tv.md\\\/ro\\\/#\\\/schema\\\/person\\\/8740f45ea2eca1f1695284fc03529af0\"},\"headline\":\"3 mii de locuri de parcare \u00een centrul ora\u0219ului?! Administra\u021bia Chi\u0219in\u0103ului caut\u0103 solu\u021bii\",\"datePublished\":\"2021-08-20T13:22:42+00:00\",\"mainEntityOfPage\":{\"@id\":\"https:\\\/\\\/bas-tv.md\\\/ro\\\/3-mii-de-locuri-de-parcare-in-centrul-orasului-administratia-chisinaului-cauta-solutii\\\/\"},\"wordCount\":236,\"commentCount\":0,\"publisher\":{\"@id\":\"https:\\\/\\\/bas-tv.md\\\/ro\\\/#organization\"},\"image\":{\"@id\":\"https:\\\/\\\/bas-tv.md\\\/ro\\\/3-mii-de-locuri-de-parcare-in-centrul-orasului-administratia-chisinaului-cauta-solutii\\\/#primaryimage\"},\"thumbnailUrl\":\"\",\"articleSection\":[\"\u00cen Moldova\",\"Social\"],\"inLanguage\":\"ro-RO\",\"potentialAction\":[{\"@type\":\"CommentAction\",\"name\":\"Comment\",\"target\":[\"https:\\\/\\\/bas-tv.md\\\/ro\\\/3-mii-de-locuri-de-parcare-in-centrul-orasului-administratia-chisinaului-cauta-solutii\\\/#respond\"]}]},{\"@type\":\"WebPage\",\"@id\":\"https:\\\/\\\/bas-tv.md\\\/ro\\\/3-mii-de-locuri-de-parcare-in-centrul-orasului-administratia-chisinaului-cauta-solutii\\\/\",\"url\":\"https:\\\/\\\/bas-tv.md\\\/ro\\\/3-mii-de-locuri-de-parcare-in-centrul-orasului-administratia-chisinaului-cauta-solutii\\\/\",\"name\":\"3 mii de locuri de parcare \u00een centrul ora\u0219ului?! Administra\u021bia Chi\u0219in\u0103ului caut\u0103 solu\u021bii - BasTV\",\"isPartOf\":{\"@id\":\"https:\\\/\\\/bas-tv.md\\\/ro\\\/#website\"},\"primaryImageOfPage\":{\"@id\":\"https:\\\/\\\/bas-tv.md\\\/ro\\\/3-mii-de-locuri-de-parcare-in-centrul-orasului-administratia-chisinaului-cauta-solutii\\\/#primaryimage\"},\"image\":{\"@id\":\"https:\\\/\\\/bas-tv.md\\\/ro\\\/3-mii-de-locuri-de-parcare-in-centrul-orasului-administratia-chisinaului-cauta-solutii\\\/#primaryimage\"},\"thumbnailUrl\":\"\",\"datePublished\":\"2021-08-20T13:22:42+00:00\",\"inLanguage\":\"ro-RO\",\"potentialAction\":[{\"@type\":\"ReadAction\",\"target\":[\"https:\\\/\\\/bas-tv.md\\\/ro\\\/3-mii-de-locuri-de-parcare-in-centrul-orasului-administratia-chisinaului-cauta-solutii\\\/\"]}]},{\"@type\":\"ImageObject\",\"inLanguage\":\"ro-RO\",\"@id\":\"https:\\\/\\\/bas-tv.md\\\/ro\\\/3-mii-de-locuri-de-parcare-in-centrul-orasului-administratia-chisinaului-cauta-solutii\\\/#primaryimage\",\"url\":\"\",\"contentUrl\":\"\"},{\"@type\":\"WebSite\",\"@id\":\"https:\\\/\\\/bas-tv.md\\\/ro\\\/#website\",\"url\":\"https:\\\/\\\/bas-tv.md\\\/ro\\\/\",\"name\":\"BasTV\",\"description\":\"Moldova\",\"publisher\":{\"@id\":\"https:\\\/\\\/bas-tv.md\\\/ro\\\/#organization\"},\"potentialAction\":[{\"@type\":\"SearchAction\",\"target\":{\"@type\":\"EntryPoint\",\"urlTemplate\":\"https:\\\/\\\/bas-tv.md\\\/ro\\\/?s={search_term_string}\"},\"query-input\":{\"@type\":\"PropertyValueSpecification\",\"valueRequired\":true,\"valueName\":\"search_term_string\"}}],\"inLanguage\":\"ro-RO\"},{\"@type\":\"Organization\",\"@id\":\"https:\\\/\\\/bas-tv.md\\\/ro\\\/#organization\",\"name\":\"BasTV\",\"url\":\"https:\\\/\\\/bas-tv.md\\\/ro\\\/\",\"logo\":{\"@type\":\"ImageObject\",\"inLanguage\":\"ro-RO\",\"@id\":\"https:\\\/\\\/bas-tv.md\\\/ro\\\/#\\\/schema\\\/logo\\\/image\\\/\",\"url\":\"https:\\\/\\\/bas-tv.md\\\/wp-content\\\/uploads\\\/2023\\\/05\\\/bas-tv-culoarea-rosie.png\",\"contentUrl\":\"https:\\\/\\\/bas-tv.md\\\/wp-content\\\/uploads\\\/2023\\\/05\\\/bas-tv-culoarea-rosie.png\",\"width\":202,\"height\":50,\"caption\":\"BasTV\"},\"image\":{\"@id\":\"https:\\\/\\\/bas-tv.md\\\/ro\\\/#\\\/schema\\\/logo\\\/image\\\/\"}},{\"@type\":\"Person\",\"@id\":\"https:\\\/\\\/bas-tv.md\\\/ro\\\/#\\\/schema\\\/person\\\/8740f45ea2eca1f1695284fc03529af0\",\"name\":\"Redactor\",\"image\":{\"@type\":\"ImageObject\",\"inLanguage\":\"ro-RO\",\"@id\":\"https:\\\/\\\/secure.gravatar.com\\\/avatar\\\/45b6af9fc91c10b15a8b40e67c1f57bab2e9614fc9f0af95cf453d61934e9aad?s=96&d=mm&r=g\",\"url\":\"https:\\\/\\\/secure.gravatar.com\\\/avatar\\\/45b6af9fc91c10b15a8b40e67c1f57bab2e9614fc9f0af95cf453d61934e9aad?s=96&d=mm&r=g\",\"contentUrl\":\"https:\\\/\\\/secure.gravatar.com\\\/avatar\\\/45b6af9fc91c10b15a8b40e67c1f57bab2e9614fc9f0af95cf453d61934e9aad?s=96&d=mm&r=g\",\"caption\":\"Redactor\"},\"url\":\"https:\\\/\\\/bas-tv.md\\\/ro\\\/author\\\/redactor\\\/\"}]}<\/script>\n<!-- \/ Yoast SEO plugin. -->","yoast_head_json":{"title":"3 mii de locuri de parcare \u00een centrul ora\u0219ului?! Administra\u021bia Chi\u0219in\u0103ului caut\u0103 solu\u021bii - BasTV","robots":{"index":"index","follow":"follow","max-snippet":"max-snippet:-1","max-image-preview":"max-image-preview:large","max-video-preview":"max-video-preview:-1"},"canonical":"https:\/\/bas-tv.md\/ro\/3-mii-de-locuri-de-parcare-in-centrul-orasului-administratia-chisinaului-cauta-solutii\/","og_locale":"ro_RO","og_type":"article","og_title":"3 mii de locuri de parcare \u00een centrul ora\u0219ului?! Administra\u021bia Chi\u0219in\u0103ului caut\u0103 solu\u021bii - BasTV","og_description":"Prim\u0103ria municipiului Chi\u0219in\u0103u a organizat ast\u0103zi o \u0219edin\u021b\u0103 l\u0103rgit\u0103 referitoare la situa\u021bia existent\u0103 \u00een domeniul sistemului de management al parc\u0103rilor, implementarea sistemului de taxare electronic\u0103 \u0219i alte proiecte din infrastructura municipal\u0103. Potrivit primarului capitalei, Ion Ceban, scopul \u0219edin\u021bei a fost realizarea unei imagini de ansamblu cu care se confrunt\u0103 municipalitatea \u00een aceste domenii. \u201e\u00cen spe\u021b\u0103, [&hellip;]","og_url":"https:\/\/bas-tv.md\/ro\/3-mii-de-locuri-de-parcare-in-centrul-orasului-administratia-chisinaului-cauta-solutii\/","og_site_name":"BasTV","article_published_time":"2021-08-20T13:22:42+00:00","author":"Redactor","twitter_card":"summary_large_image","twitter_misc":{"Scris de":"Redactor","Timp estimat pentru citire":"1 minut"},"schema":{"@context":"https:\/\/schema.org","@graph":[{"@type":"Article","@id":"https:\/\/bas-tv.md\/ro\/3-mii-de-locuri-de-parcare-in-centrul-orasului-administratia-chisinaului-cauta-solutii\/#article","isPartOf":{"@id":"https:\/\/bas-tv.md\/ro\/3-mii-de-locuri-de-parcare-in-centrul-orasului-administratia-chisinaului-cauta-solutii\/"},"author":{"name":"Redactor","@id":"https:\/\/bas-tv.md\/ro\/#\/schema\/person\/8740f45ea2eca1f1695284fc03529af0"},"headline":"3 mii de locuri de parcare \u00een centrul ora\u0219ului?! Administra\u021bia Chi\u0219in\u0103ului caut\u0103 solu\u021bii","datePublished":"2021-08-20T13:22:42+00:00","mainEntityOfPage":{"@id":"https:\/\/bas-tv.md\/ro\/3-mii-de-locuri-de-parcare-in-centrul-orasului-administratia-chisinaului-cauta-solutii\/"},"wordCount":236,"commentCount":0,"publisher":{"@id":"https:\/\/bas-tv.md\/ro\/#organization"},"image":{"@id":"https:\/\/bas-tv.md\/ro\/3-mii-de-locuri-de-parcare-in-centrul-orasului-administratia-chisinaului-cauta-solutii\/#primaryimage"},"thumbnailUrl":"","articleSection":["\u00cen Moldova","Social"],"inLanguage":"ro-RO","potentialAction":[{"@type":"CommentAction","name":"Comment","target":["https:\/\/bas-tv.md\/ro\/3-mii-de-locuri-de-parcare-in-centrul-orasului-administratia-chisinaului-cauta-solutii\/#respond"]}]},{"@type":"WebPage","@id":"https:\/\/bas-tv.md\/ro\/3-mii-de-locuri-de-parcare-in-centrul-orasului-administratia-chisinaului-cauta-solutii\/","url":"https:\/\/bas-tv.md\/ro\/3-mii-de-locuri-de-parcare-in-centrul-orasului-administratia-chisinaului-cauta-solutii\/","name":"3 mii de locuri de parcare \u00een centrul ora\u0219ului?! Administra\u021bia Chi\u0219in\u0103ului caut\u0103 solu\u021bii - BasTV","isPartOf":{"@id":"https:\/\/bas-tv.md\/ro\/#website"},"primaryImageOfPage":{"@id":"https:\/\/bas-tv.md\/ro\/3-mii-de-locuri-de-parcare-in-centrul-orasului-administratia-chisinaului-cauta-solutii\/#primaryimage"},"image":{"@id":"https:\/\/bas-tv.md\/ro\/3-mii-de-locuri-de-parcare-in-centrul-orasului-administratia-chisinaului-cauta-solutii\/#primaryimage"},"thumbnailUrl":"","datePublished":"2021-08-20T13:22:42+00:00","inLanguage":"ro-RO","potentialAction":[{"@type":"ReadAction","target":["https:\/\/bas-tv.md\/ro\/3-mii-de-locuri-de-parcare-in-centrul-orasului-administratia-chisinaului-cauta-solutii\/"]}]},{"@type":"ImageObject","inLanguage":"ro-RO","@id":"https:\/\/bas-tv.md\/ro\/3-mii-de-locuri-de-parcare-in-centrul-orasului-administratia-chisinaului-cauta-solutii\/#primaryimage","url":"","contentUrl":""},{"@type":"WebSite","@id":"https:\/\/bas-tv.md\/ro\/#website","url":"https:\/\/bas-tv.md\/ro\/","name":"BasTV","description":"Moldova","publisher":{"@id":"https:\/\/bas-tv.md\/ro\/#organization"},"potentialAction":[{"@type":"SearchAction","target":{"@type":"EntryPoint","urlTemplate":"https:\/\/bas-tv.md\/ro\/?s={search_term_string}"},"query-input":{"@type":"PropertyValueSpecification","valueRequired":true,"valueName":"search_term_string"}}],"inLanguage":"ro-RO"},{"@type":"Organization","@id":"https:\/\/bas-tv.md\/ro\/#organization","name":"BasTV","url":"https:\/\/bas-tv.md\/ro\/","logo":{"@type":"ImageObject","inLanguage":"ro-RO","@id":"https:\/\/bas-tv.md\/ro\/#\/schema\/logo\/image\/","url":"https:\/\/bas-tv.md\/wp-content\/uploads\/2023\/05\/bas-tv-culoarea-rosie.png","contentUrl":"https:\/\/bas-tv.md\/wp-content\/uploads\/2023\/05\/bas-tv-culoarea-rosie.png","width":202,"height":50,"caption":"BasTV"},"image":{"@id":"https:\/\/bas-tv.md\/ro\/#\/schema\/logo\/image\/"}},{"@type":"Person","@id":"https:\/\/bas-tv.md\/ro\/#\/schema\/person\/8740f45ea2eca1f1695284fc03529af0","name":"Redactor","image":{"@type":"ImageObject","inLanguage":"ro-RO","@id":"https:\/\/secure.gravatar.com\/avatar\/45b6af9fc91c10b15a8b40e67c1f57bab2e9614fc9f0af95cf453d61934e9aad?s=96&d=mm&r=g","url":"https:\/\/secure.gravatar.com\/avatar\/45b6af9fc91c10b15a8b40e67c1f57bab2e9614fc9f0af95cf453d61934e9aad?s=96&d=mm&r=g","contentUrl":"https:\/\/secure.gravatar.com\/avatar\/45b6af9fc91c10b15a8b40e67c1f57bab2e9614fc9f0af95cf453d61934e9aad?s=96&d=mm&r=g","caption":"Redactor"},"url":"https:\/\/bas-tv.md\/ro\/author\/redactor\/"}]}},"views":203,"_links":{"self":[{"href":"https:\/\/bas-tv.md\/ro\/wp-json\/wp\/v2\/posts\/31266","targetHints":{"allow":["GET"]}}],"collection":[{"href":"https:\/\/bas-tv.md\/ro\/wp-json\/wp\/v2\/posts"}],"about":[{"href":"https:\/\/bas-tv.md\/ro\/wp-json\/wp\/v2\/types\/post"}],"author":[{"embeddable":true,"href":"https:\/\/bas-tv.md\/ro\/wp-json\/wp\/v2\/users\/3"}],"replies":[{"embeddable":true,"href":"https:\/\/bas-tv.md\/ro\/wp-json\/wp\/v2\/comments?post=31266"}],"version-history":[{"count":0,"href":"https:\/\/bas-tv.md\/ro\/wp-json\/wp\/v2\/posts\/31266\/revisions"}],"wp:featuredmedia":[{"embeddable":true,"href":"https:\/\/bas-tv.md\/ro\/wp-json\/"}],"wp:attachment":[{"href":"https:\/\/bas-tv.md\/ro\/wp-json\/wp\/v2\/media?parent=31266"}],"wp:term":[{"taxonomy":"category","embeddable":true,"href":"https:\/\/bas-tv.md\/ro\/wp-json\/wp\/v2\/categories?post=31266"},{"taxonomy":"post_tag","embeddable":true,"href":"https:\/\/bas-tv.md\/ro\/wp-json\/wp\/v2\/tags?post=31266"}],"curies":[{"name":"wp","href":"https:\/\/api.w.org\/{rel}","templated":true}]}}