{"id":31319,"date":"2021-08-21T12:30:20","date_gmt":"2021-08-21T09:30:20","guid":{"rendered":"https:\/\/bas-tv.md\/?p=31319"},"modified":"2021-08-21T12:30:20","modified_gmt":"2021-08-21T09:30:20","slug":"vaccinarea-obligatorie-pentru-profesorilor-sustine-ministrul-italian-al-educatiei","status":"publish","type":"post","link":"https:\/\/bas-tv.md\/ro\/vaccinarea-obligatorie-pentru-profesorilor-sustine-ministrul-italian-al-educatiei\/","title":{"rendered":"Vaccinarea obligatorie pentru profesorilor: sus\u021bine ministrul italian al educa\u021biei"},"content":{"rendered":"<p class=\"story-body__introduction\"><strong>\u00centr-o disput\u0103 \u00een desf\u0103\u0219urare despre revenirea copiilor la \u0219coal\u0103 \u00een Italia \u00een condi\u021biile noului val al pandemiei, ministrul italian al educa\u021biei, Patrizio Bianchi, a sus\u021binut vineri vaccinarea obligatorie a profesorilor.<\/strong><\/p>\n<div class=\"articleContent\">\n<blockquote><p>\u201eNu este o sanc\u021biune, ci o cerin\u021b\u0103 de baz\u0103 a re\u00eenceperii cursurilor&#8221;, a subliniat Bianchi \u00eentr-o scrisoare publicat\u0103 de cotidianul Corriere della Sera.<\/p>\n<p>\u201eMai presus de orice, aceast\u0103 m\u0103sur\u0103 \u00eei va proteja pe cei mai vulnerabili \u0219i va proteja \u0219coala \u00eens\u0103\u0219i&#8221;.<\/p><\/blockquote>\n<p>Guvernul condus de premierul Mario Draghi a stabilit la \u00eenceputul lunii august c\u0103, pentru a preda \u00een noul an \u0219colar, profesorii trebuie s\u0103 furnizeze dovada vaccin\u0103rii anti-COVID-19, s\u0103 fie testa\u021bi negativ sau s\u0103 se fi recuperat dup\u0103 o infectare recent\u0103 cu coronavirus. Cei care refuz\u0103 risc\u0103 s\u0103 fie concedia\u021bi.<\/p>\n<p>Reprezentan\u021bii cadrelor didactice italiene au criticat aceast\u0103 politic\u0103, de\u0219i \u0219i-au exprimat ferm sus\u021binerea pentru vaccinare.<\/p>\n<p><strong>Prioritatea guvernului italian este revenirea elevilor la \u0219coal\u0103 cu prezen\u021b\u0103 fizic\u0103 \u0219i evitarea necesit\u0103\u021bii \u00eenv\u0103\u021b\u0103m\u00e2ntului online<\/strong>. Conform planurilor elaborate, elevii <strong>vor trebui s\u0103 poarte \u00een continuare m\u0103\u0219ti \u0219i s\u0103 respecte distan\u021barea fizic\u0103 \u00eentre ei.<\/strong><\/p>\n<\/div>\n","protected":false},"excerpt":{"rendered":"<p>\u00centr-o disput\u0103 \u00een desf\u0103\u0219urare despre revenirea copiilor la \u0219coal\u0103 \u00een Italia \u00een condi\u021biile noului val al pandemiei, ministrul italian al educa\u021biei, Patrizio Bianchi, a sus\u021binut vineri vaccinarea obligatorie a profesorilor. \u201eNu este o sanc\u021biune, ci o cerin\u021b\u0103 de baz\u0103 a re\u00eenceperii cursurilor&#8221;, a subliniat Bianchi \u00eentr-o scrisoare publicat\u0103 de cotidianul Corriere della Sera. \u201eMai presus [&hellip;]<\/p>\n","protected":false},"author":3,"featured_media":31320,"comment_status":"open","ping_status":"open","sticky":false,"template":"","format":"standard","meta":{"footnotes":""},"categories":[570,165],"tags":[],"class_list":["post-31319","post","type-post","status-publish","format-standard","has-post-thumbnail","hentry","category-in-moldova","category-obshhestvo"],"yoast_head":"<!-- This site is optimized with the Yoast SEO plugin v27.5 - https:\/\/yoast.com\/product\/yoast-seo-wordpress\/ -->\n<title>Vaccinarea obligatorie pentru profesorilor: sus\u021bine ministrul italian al educa\u021biei - BasTV<\/title>\n<meta name=\"robots\" content=\"index, follow, max-snippet:-1, max-image-preview:large, max-video-preview:-1\" \/>\n<link rel=\"canonical\" href=\"https:\/\/bas-tv.md\/ro\/vaccinarea-obligatorie-pentru-profesorilor-sustine-ministrul-italian-al-educatiei\/\" \/>\n<meta property=\"og:locale\" content=\"ro_RO\" \/>\n<meta property=\"og:type\" content=\"article\" \/>\n<meta property=\"og:title\" content=\"Vaccinarea obligatorie pentru profesorilor: sus\u021bine ministrul italian al educa\u021biei - BasTV\" \/>\n<meta property=\"og:description\" content=\"\u00centr-o disput\u0103 \u00een desf\u0103\u0219urare despre revenirea copiilor la \u0219coal\u0103 \u00een Italia \u00een condi\u021biile noului val al pandemiei, ministrul italian al educa\u021biei, Patrizio Bianchi, a sus\u021binut vineri vaccinarea obligatorie a profesorilor. \u201eNu este o sanc\u021biune, ci o cerin\u021b\u0103 de baz\u0103 a re\u00eenceperii cursurilor&#8221;, a subliniat Bianchi \u00eentr-o scrisoare publicat\u0103 de cotidianul Corriere della Sera. \u201eMai presus [&hellip;]\" \/>\n<meta property=\"og:url\" content=\"https:\/\/bas-tv.md\/ro\/vaccinarea-obligatorie-pentru-profesorilor-sustine-ministrul-italian-al-educatiei\/\" \/>\n<meta property=\"og:site_name\" content=\"BasTV\" \/>\n<meta property=\"article:published_time\" content=\"2021-08-21T09:30:20+00:00\" \/>\n<meta name=\"author\" content=\"Redactor\" \/>\n<meta name=\"twitter:card\" content=\"summary_large_image\" \/>\n<meta name=\"twitter:label1\" content=\"Scris de\" \/>\n\t<meta name=\"twitter:data1\" content=\"Redactor\" \/>\n\t<meta name=\"twitter:label2\" content=\"Timp estimat pentru citire\" \/>\n\t<meta name=\"twitter:data2\" content=\"1 minut\" \/>\n<script type=\"application\/ld+json\" class=\"yoast-schema-graph\">{\"@context\":\"https:\\\/\\\/schema.org\",\"@graph\":[{\"@type\":\"Article\",\"@id\":\"https:\\\/\\\/bas-tv.md\\\/ro\\\/vaccinarea-obligatorie-pentru-profesorilor-sustine-ministrul-italian-al-educatiei\\\/#article\",\"isPartOf\":{\"@id\":\"https:\\\/\\\/bas-tv.md\\\/ro\\\/vaccinarea-obligatorie-pentru-profesorilor-sustine-ministrul-italian-al-educatiei\\\/\"},\"author\":{\"name\":\"Redactor\",\"@id\":\"https:\\\/\\\/bas-tv.md\\\/ro\\\/#\\\/schema\\\/person\\\/8740f45ea2eca1f1695284fc03529af0\"},\"headline\":\"Vaccinarea obligatorie pentru profesorilor: sus\u021bine ministrul italian al educa\u021biei\",\"datePublished\":\"2021-08-21T09:30:20+00:00\",\"mainEntityOfPage\":{\"@id\":\"https:\\\/\\\/bas-tv.md\\\/ro\\\/vaccinarea-obligatorie-pentru-profesorilor-sustine-ministrul-italian-al-educatiei\\\/\"},\"wordCount\":199,\"commentCount\":0,\"publisher\":{\"@id\":\"https:\\\/\\\/bas-tv.md\\\/ro\\\/#organization\"},\"image\":{\"@id\":\"https:\\\/\\\/bas-tv.md\\\/ro\\\/vaccinarea-obligatorie-pentru-profesorilor-sustine-ministrul-italian-al-educatiei\\\/#primaryimage\"},\"thumbnailUrl\":\"\",\"articleSection\":[\"\u00cen Moldova\",\"\u041e\u0431\u0449\u0435\u0441\u0442\u0432\u043e\"],\"inLanguage\":\"ro-RO\",\"potentialAction\":[{\"@type\":\"CommentAction\",\"name\":\"Comment\",\"target\":[\"https:\\\/\\\/bas-tv.md\\\/ro\\\/vaccinarea-obligatorie-pentru-profesorilor-sustine-ministrul-italian-al-educatiei\\\/#respond\"]}]},{\"@type\":\"WebPage\",\"@id\":\"https:\\\/\\\/bas-tv.md\\\/ro\\\/vaccinarea-obligatorie-pentru-profesorilor-sustine-ministrul-italian-al-educatiei\\\/\",\"url\":\"https:\\\/\\\/bas-tv.md\\\/ro\\\/vaccinarea-obligatorie-pentru-profesorilor-sustine-ministrul-italian-al-educatiei\\\/\",\"name\":\"Vaccinarea obligatorie pentru profesorilor: sus\u021bine ministrul italian al educa\u021biei - BasTV\",\"isPartOf\":{\"@id\":\"https:\\\/\\\/bas-tv.md\\\/ro\\\/#website\"},\"primaryImageOfPage\":{\"@id\":\"https:\\\/\\\/bas-tv.md\\\/ro\\\/vaccinarea-obligatorie-pentru-profesorilor-sustine-ministrul-italian-al-educatiei\\\/#primaryimage\"},\"image\":{\"@id\":\"https:\\\/\\\/bas-tv.md\\\/ro\\\/vaccinarea-obligatorie-pentru-profesorilor-sustine-ministrul-italian-al-educatiei\\\/#primaryimage\"},\"thumbnailUrl\":\"\",\"datePublished\":\"2021-08-21T09:30:20+00:00\",\"inLanguage\":\"ro-RO\",\"potentialAction\":[{\"@type\":\"ReadAction\",\"target\":[\"https:\\\/\\\/bas-tv.md\\\/ro\\\/vaccinarea-obligatorie-pentru-profesorilor-sustine-ministrul-italian-al-educatiei\\\/\"]}]},{\"@type\":\"ImageObject\",\"inLanguage\":\"ro-RO\",\"@id\":\"https:\\\/\\\/bas-tv.md\\\/ro\\\/vaccinarea-obligatorie-pentru-profesorilor-sustine-ministrul-italian-al-educatiei\\\/#primaryimage\",\"url\":\"\",\"contentUrl\":\"\"},{\"@type\":\"WebSite\",\"@id\":\"https:\\\/\\\/bas-tv.md\\\/ro\\\/#website\",\"url\":\"https:\\\/\\\/bas-tv.md\\\/ro\\\/\",\"name\":\"BasTV\",\"description\":\"Moldova\",\"publisher\":{\"@id\":\"https:\\\/\\\/bas-tv.md\\\/ro\\\/#organization\"},\"potentialAction\":[{\"@type\":\"SearchAction\",\"target\":{\"@type\":\"EntryPoint\",\"urlTemplate\":\"https:\\\/\\\/bas-tv.md\\\/ro\\\/?s={search_term_string}\"},\"query-input\":{\"@type\":\"PropertyValueSpecification\",\"valueRequired\":true,\"valueName\":\"search_term_string\"}}],\"inLanguage\":\"ro-RO\"},{\"@type\":\"Organization\",\"@id\":\"https:\\\/\\\/bas-tv.md\\\/ro\\\/#organization\",\"name\":\"BasTV\",\"url\":\"https:\\\/\\\/bas-tv.md\\\/ro\\\/\",\"logo\":{\"@type\":\"ImageObject\",\"inLanguage\":\"ro-RO\",\"@id\":\"https:\\\/\\\/bas-tv.md\\\/ro\\\/#\\\/schema\\\/logo\\\/image\\\/\",\"url\":\"https:\\\/\\\/bas-tv.md\\\/wp-content\\\/uploads\\\/2023\\\/05\\\/bas-tv-culoarea-rosie.png\",\"contentUrl\":\"https:\\\/\\\/bas-tv.md\\\/wp-content\\\/uploads\\\/2023\\\/05\\\/bas-tv-culoarea-rosie.png\",\"width\":202,\"height\":50,\"caption\":\"BasTV\"},\"image\":{\"@id\":\"https:\\\/\\\/bas-tv.md\\\/ro\\\/#\\\/schema\\\/logo\\\/image\\\/\"}},{\"@type\":\"Person\",\"@id\":\"https:\\\/\\\/bas-tv.md\\\/ro\\\/#\\\/schema\\\/person\\\/8740f45ea2eca1f1695284fc03529af0\",\"name\":\"Redactor\",\"image\":{\"@type\":\"ImageObject\",\"inLanguage\":\"ro-RO\",\"@id\":\"https:\\\/\\\/bas-tv.md\\\/wp-content\\\/litespeed\\\/avatar\\\/91c0586f3f6f4396a4ec1287c965eeeb.jpg?ver=1776950945\",\"url\":\"https:\\\/\\\/bas-tv.md\\\/wp-content\\\/litespeed\\\/avatar\\\/91c0586f3f6f4396a4ec1287c965eeeb.jpg?ver=1776950945\",\"contentUrl\":\"https:\\\/\\\/bas-tv.md\\\/wp-content\\\/litespeed\\\/avatar\\\/91c0586f3f6f4396a4ec1287c965eeeb.jpg?ver=1776950945\",\"caption\":\"Redactor\"},\"url\":\"https:\\\/\\\/bas-tv.md\\\/ro\\\/author\\\/redactor\\\/\"}]}<\/script>\n<!-- \/ Yoast SEO plugin. -->","yoast_head_json":{"title":"Vaccinarea obligatorie pentru profesorilor: sus\u021bine ministrul italian al educa\u021biei - BasTV","robots":{"index":"index","follow":"follow","max-snippet":"max-snippet:-1","max-image-preview":"max-image-preview:large","max-video-preview":"max-video-preview:-1"},"canonical":"https:\/\/bas-tv.md\/ro\/vaccinarea-obligatorie-pentru-profesorilor-sustine-ministrul-italian-al-educatiei\/","og_locale":"ro_RO","og_type":"article","og_title":"Vaccinarea obligatorie pentru profesorilor: sus\u021bine ministrul italian al educa\u021biei - BasTV","og_description":"\u00centr-o disput\u0103 \u00een desf\u0103\u0219urare despre revenirea copiilor la \u0219coal\u0103 \u00een Italia \u00een condi\u021biile noului val al pandemiei, ministrul italian al educa\u021biei, Patrizio Bianchi, a sus\u021binut vineri vaccinarea obligatorie a profesorilor. \u201eNu este o sanc\u021biune, ci o cerin\u021b\u0103 de baz\u0103 a re\u00eenceperii cursurilor&#8221;, a subliniat Bianchi \u00eentr-o scrisoare publicat\u0103 de cotidianul Corriere della Sera. \u201eMai presus [&hellip;]","og_url":"https:\/\/bas-tv.md\/ro\/vaccinarea-obligatorie-pentru-profesorilor-sustine-ministrul-italian-al-educatiei\/","og_site_name":"BasTV","article_published_time":"2021-08-21T09:30:20+00:00","author":"Redactor","twitter_card":"summary_large_image","twitter_misc":{"Scris de":"Redactor","Timp estimat pentru citire":"1 minut"},"schema":{"@context":"https:\/\/schema.org","@graph":[{"@type":"Article","@id":"https:\/\/bas-tv.md\/ro\/vaccinarea-obligatorie-pentru-profesorilor-sustine-ministrul-italian-al-educatiei\/#article","isPartOf":{"@id":"https:\/\/bas-tv.md\/ro\/vaccinarea-obligatorie-pentru-profesorilor-sustine-ministrul-italian-al-educatiei\/"},"author":{"name":"Redactor","@id":"https:\/\/bas-tv.md\/ro\/#\/schema\/person\/8740f45ea2eca1f1695284fc03529af0"},"headline":"Vaccinarea obligatorie pentru profesorilor: sus\u021bine ministrul italian al educa\u021biei","datePublished":"2021-08-21T09:30:20+00:00","mainEntityOfPage":{"@id":"https:\/\/bas-tv.md\/ro\/vaccinarea-obligatorie-pentru-profesorilor-sustine-ministrul-italian-al-educatiei\/"},"wordCount":199,"commentCount":0,"publisher":{"@id":"https:\/\/bas-tv.md\/ro\/#organization"},"image":{"@id":"https:\/\/bas-tv.md\/ro\/vaccinarea-obligatorie-pentru-profesorilor-sustine-ministrul-italian-al-educatiei\/#primaryimage"},"thumbnailUrl":"","articleSection":["\u00cen Moldova","\u041e\u0431\u0449\u0435\u0441\u0442\u0432\u043e"],"inLanguage":"ro-RO","potentialAction":[{"@type":"CommentAction","name":"Comment","target":["https:\/\/bas-tv.md\/ro\/vaccinarea-obligatorie-pentru-profesorilor-sustine-ministrul-italian-al-educatiei\/#respond"]}]},{"@type":"WebPage","@id":"https:\/\/bas-tv.md\/ro\/vaccinarea-obligatorie-pentru-profesorilor-sustine-ministrul-italian-al-educatiei\/","url":"https:\/\/bas-tv.md\/ro\/vaccinarea-obligatorie-pentru-profesorilor-sustine-ministrul-italian-al-educatiei\/","name":"Vaccinarea obligatorie pentru profesorilor: sus\u021bine ministrul italian al educa\u021biei - BasTV","isPartOf":{"@id":"https:\/\/bas-tv.md\/ro\/#website"},"primaryImageOfPage":{"@id":"https:\/\/bas-tv.md\/ro\/vaccinarea-obligatorie-pentru-profesorilor-sustine-ministrul-italian-al-educatiei\/#primaryimage"},"image":{"@id":"https:\/\/bas-tv.md\/ro\/vaccinarea-obligatorie-pentru-profesorilor-sustine-ministrul-italian-al-educatiei\/#primaryimage"},"thumbnailUrl":"","datePublished":"2021-08-21T09:30:20+00:00","inLanguage":"ro-RO","potentialAction":[{"@type":"ReadAction","target":["https:\/\/bas-tv.md\/ro\/vaccinarea-obligatorie-pentru-profesorilor-sustine-ministrul-italian-al-educatiei\/"]}]},{"@type":"ImageObject","inLanguage":"ro-RO","@id":"https:\/\/bas-tv.md\/ro\/vaccinarea-obligatorie-pentru-profesorilor-sustine-ministrul-italian-al-educatiei\/#primaryimage","url":"","contentUrl":""},{"@type":"WebSite","@id":"https:\/\/bas-tv.md\/ro\/#website","url":"https:\/\/bas-tv.md\/ro\/","name":"BasTV","description":"Moldova","publisher":{"@id":"https:\/\/bas-tv.md\/ro\/#organization"},"potentialAction":[{"@type":"SearchAction","target":{"@type":"EntryPoint","urlTemplate":"https:\/\/bas-tv.md\/ro\/?s={search_term_string}"},"query-input":{"@type":"PropertyValueSpecification","valueRequired":true,"valueName":"search_term_string"}}],"inLanguage":"ro-RO"},{"@type":"Organization","@id":"https:\/\/bas-tv.md\/ro\/#organization","name":"BasTV","url":"https:\/\/bas-tv.md\/ro\/","logo":{"@type":"ImageObject","inLanguage":"ro-RO","@id":"https:\/\/bas-tv.md\/ro\/#\/schema\/logo\/image\/","url":"https:\/\/bas-tv.md\/wp-content\/uploads\/2023\/05\/bas-tv-culoarea-rosie.png","contentUrl":"https:\/\/bas-tv.md\/wp-content\/uploads\/2023\/05\/bas-tv-culoarea-rosie.png","width":202,"height":50,"caption":"BasTV"},"image":{"@id":"https:\/\/bas-tv.md\/ro\/#\/schema\/logo\/image\/"}},{"@type":"Person","@id":"https:\/\/bas-tv.md\/ro\/#\/schema\/person\/8740f45ea2eca1f1695284fc03529af0","name":"Redactor","image":{"@type":"ImageObject","inLanguage":"ro-RO","@id":"https:\/\/bas-tv.md\/wp-content\/litespeed\/avatar\/91c0586f3f6f4396a4ec1287c965eeeb.jpg?ver=1776950945","url":"https:\/\/bas-tv.md\/wp-content\/litespeed\/avatar\/91c0586f3f6f4396a4ec1287c965eeeb.jpg?ver=1776950945","contentUrl":"https:\/\/bas-tv.md\/wp-content\/litespeed\/avatar\/91c0586f3f6f4396a4ec1287c965eeeb.jpg?ver=1776950945","caption":"Redactor"},"url":"https:\/\/bas-tv.md\/ro\/author\/redactor\/"}]}},"views":154,"_links":{"self":[{"href":"https:\/\/bas-tv.md\/ro\/wp-json\/wp\/v2\/posts\/31319","targetHints":{"allow":["GET"]}}],"collection":[{"href":"https:\/\/bas-tv.md\/ro\/wp-json\/wp\/v2\/posts"}],"about":[{"href":"https:\/\/bas-tv.md\/ro\/wp-json\/wp\/v2\/types\/post"}],"author":[{"embeddable":true,"href":"https:\/\/bas-tv.md\/ro\/wp-json\/wp\/v2\/users\/3"}],"replies":[{"embeddable":true,"href":"https:\/\/bas-tv.md\/ro\/wp-json\/wp\/v2\/comments?post=31319"}],"version-history":[{"count":0,"href":"https:\/\/bas-tv.md\/ro\/wp-json\/wp\/v2\/posts\/31319\/revisions"}],"wp:featuredmedia":[{"embeddable":true,"href":"https:\/\/bas-tv.md\/ro\/wp-json\/"}],"wp:attachment":[{"href":"https:\/\/bas-tv.md\/ro\/wp-json\/wp\/v2\/media?parent=31319"}],"wp:term":[{"taxonomy":"category","embeddable":true,"href":"https:\/\/bas-tv.md\/ro\/wp-json\/wp\/v2\/categories?post=31319"},{"taxonomy":"post_tag","embeddable":true,"href":"https:\/\/bas-tv.md\/ro\/wp-json\/wp\/v2\/tags?post=31319"}],"curies":[{"name":"wp","href":"https:\/\/api.w.org\/{rel}","templated":true}]}}