{"id":36192,"date":"2021-09-21T13:10:40","date_gmt":"2021-09-21T10:10:40","guid":{"rendered":"https:\/\/bas-tv.md\/?p=36192"},"modified":"2023-06-08T13:15:09","modified_gmt":"2023-06-08T10:15:09","slug":"in-romania-a-cazut-prima-zapada-drumarii-au-intervenit-cu-material-antiderapant-video","status":"publish","type":"post","link":"https:\/\/bas-tv.md\/ro\/in-romania-a-cazut-prima-zapada-drumarii-au-intervenit-cu-material-antiderapant-video\/","title":{"rendered":"\u00cen Rom\u00e2nia a c\u0103zut prima Z\u0102PAD\u0102. Drumarii au intervenit cu material antiderapant (VIDEO)"},"content":{"rendered":"<p data-index=\"1\"><strong>Un strat sub\u021bire de z\u0103pad\u0103 s-a a\u0219ternut, mar\u021bi diminea\u021b\u0103, pe Transf\u0103g\u0103r\u0103\u0219an. Este prima ninsoare din acest sezon, informeaz\u0103 Digi24.<\/strong><\/p>\n<p data-index=\"1\"><iframe style=\"border: 0px;\" src=\"https:\/\/www.publika.md\/embed\/5245584\" width=\"770\" height=\"433\" frameborder=\"0\" scrolling=\"no\"><\/iframe><\/p>\n<p data-index=\"2\">Direc\u021bia de Drumuri \u0219i Poduri Bra\u0219ov a anun\u021bat c\u0103 drumarii de la Districtul B\u00e2lea au intervenit cu material antiderapant \u00een zona B\u00e2lea Lac, din jude\u021bul Sibiu, pentru a asigura condi\u021bii sigure de trafic.<\/p>\n<p data-index=\"3\">DRDP \u00eei aten\u021bioneaz\u0103 pe \u0219oferii care viziteaz\u0103 zona turistic\u0103 s\u0103 circule cu pruden\u021b\u0103.<\/p>\n<p data-index=\"4\">Mar\u021bi diminea\u021ba, la B\u00e2lea Lac se \u00eenregistreaz\u0103 -4 grade Celsius.<\/p>\n<p>Sursa: <a href=\"https:\/\/www.publika.md\/in-romania-a-cazut-prima-zapada-drumarii-au-intervenit-cu-material-antiderapant-video_3110988.html\">publika.md<\/a><\/p>\n","protected":false},"excerpt":{"rendered":"<p>Un strat sub\u021bire de z\u0103pad\u0103 s-a a\u0219ternut, mar\u021bi diminea\u021b\u0103, pe Transf\u0103g\u0103r\u0103\u0219an. Este prima ninsoare din acest sezon, informeaz\u0103 Digi24. Direc\u021bia de Drumuri \u0219i Poduri Bra\u0219ov a anun\u021bat c\u0103 drumarii de la Districtul B\u00e2lea au intervenit cu material antiderapant \u00een zona B\u00e2lea Lac, din jude\u021bul Sibiu, pentru a asigura condi\u021bii sigure de trafic. DRDP \u00eei aten\u021bioneaz\u0103 [&hellip;]<\/p>\n","protected":false},"author":3,"featured_media":36193,"comment_status":"open","ping_status":"open","sticky":false,"template":"","format":"standard","meta":{"footnotes":""},"categories":[571,570],"tags":[],"class_list":["post-36192","post","type-post","status-publish","format-standard","has-post-thumbnail","hentry","category-in-lume-actualitate","category-in-moldova"],"yoast_head":"<!-- This site is optimized with the Yoast SEO plugin v27.5 - https:\/\/yoast.com\/product\/yoast-seo-wordpress\/ -->\n<title>\u00cen Rom\u00e2nia a c\u0103zut prima Z\u0102PAD\u0102. Drumarii au intervenit cu material antiderapant (VIDEO) - BasTV<\/title>\n<meta name=\"robots\" content=\"index, follow, max-snippet:-1, max-image-preview:large, max-video-preview:-1\" \/>\n<link rel=\"canonical\" href=\"https:\/\/bas-tv.md\/ro\/in-romania-a-cazut-prima-zapada-drumarii-au-intervenit-cu-material-antiderapant-video\/\" \/>\n<meta property=\"og:locale\" content=\"ro_RO\" \/>\n<meta property=\"og:type\" content=\"article\" \/>\n<meta property=\"og:title\" content=\"\u00cen Rom\u00e2nia a c\u0103zut prima Z\u0102PAD\u0102. Drumarii au intervenit cu material antiderapant (VIDEO) - BasTV\" \/>\n<meta property=\"og:description\" content=\"Un strat sub\u021bire de z\u0103pad\u0103 s-a a\u0219ternut, mar\u021bi diminea\u021b\u0103, pe Transf\u0103g\u0103r\u0103\u0219an. Este prima ninsoare din acest sezon, informeaz\u0103 Digi24. Direc\u021bia de Drumuri \u0219i Poduri Bra\u0219ov a anun\u021bat c\u0103 drumarii de la Districtul B\u00e2lea au intervenit cu material antiderapant \u00een zona B\u00e2lea Lac, din jude\u021bul Sibiu, pentru a asigura condi\u021bii sigure de trafic. DRDP \u00eei aten\u021bioneaz\u0103 [&hellip;]\" \/>\n<meta property=\"og:url\" content=\"https:\/\/bas-tv.md\/ro\/in-romania-a-cazut-prima-zapada-drumarii-au-intervenit-cu-material-antiderapant-video\/\" \/>\n<meta property=\"og:site_name\" content=\"BasTV\" \/>\n<meta property=\"article:published_time\" content=\"2021-09-21T10:10:40+00:00\" \/>\n<meta property=\"article:modified_time\" content=\"2023-06-08T10:15:09+00:00\" \/>\n<meta name=\"author\" content=\"Redactor\" \/>\n<meta name=\"twitter:card\" content=\"summary_large_image\" \/>\n<meta name=\"twitter:label1\" content=\"Scris de\" \/>\n\t<meta name=\"twitter:data1\" content=\"Redactor\" \/>\n\t<meta name=\"twitter:label2\" content=\"Timp estimat pentru citire\" \/>\n\t<meta name=\"twitter:data2\" content=\"1 minut\" \/>\n<script type=\"application\/ld+json\" class=\"yoast-schema-graph\">{\"@context\":\"https:\\\/\\\/schema.org\",\"@graph\":[{\"@type\":\"Article\",\"@id\":\"https:\\\/\\\/bas-tv.md\\\/ro\\\/in-romania-a-cazut-prima-zapada-drumarii-au-intervenit-cu-material-antiderapant-video\\\/#article\",\"isPartOf\":{\"@id\":\"https:\\\/\\\/bas-tv.md\\\/ro\\\/in-romania-a-cazut-prima-zapada-drumarii-au-intervenit-cu-material-antiderapant-video\\\/\"},\"author\":{\"name\":\"Redactor\",\"@id\":\"https:\\\/\\\/bas-tv.md\\\/ro\\\/#\\\/schema\\\/person\\\/8740f45ea2eca1f1695284fc03529af0\"},\"headline\":\"\u00cen Rom\u00e2nia a c\u0103zut prima Z\u0102PAD\u0102. Drumarii au intervenit cu material antiderapant (VIDEO)\",\"datePublished\":\"2021-09-21T10:10:40+00:00\",\"dateModified\":\"2023-06-08T10:15:09+00:00\",\"mainEntityOfPage\":{\"@id\":\"https:\\\/\\\/bas-tv.md\\\/ro\\\/in-romania-a-cazut-prima-zapada-drumarii-au-intervenit-cu-material-antiderapant-video\\\/\"},\"wordCount\":112,\"commentCount\":0,\"publisher\":{\"@id\":\"https:\\\/\\\/bas-tv.md\\\/ro\\\/#organization\"},\"image\":{\"@id\":\"https:\\\/\\\/bas-tv.md\\\/ro\\\/in-romania-a-cazut-prima-zapada-drumarii-au-intervenit-cu-material-antiderapant-video\\\/#primaryimage\"},\"thumbnailUrl\":\"\",\"articleSection\":[\"\u00cen lume\",\"\u00cen Moldova\"],\"inLanguage\":\"ro-RO\",\"potentialAction\":[{\"@type\":\"CommentAction\",\"name\":\"Comment\",\"target\":[\"https:\\\/\\\/bas-tv.md\\\/ro\\\/in-romania-a-cazut-prima-zapada-drumarii-au-intervenit-cu-material-antiderapant-video\\\/#respond\"]}]},{\"@type\":\"WebPage\",\"@id\":\"https:\\\/\\\/bas-tv.md\\\/ro\\\/in-romania-a-cazut-prima-zapada-drumarii-au-intervenit-cu-material-antiderapant-video\\\/\",\"url\":\"https:\\\/\\\/bas-tv.md\\\/ro\\\/in-romania-a-cazut-prima-zapada-drumarii-au-intervenit-cu-material-antiderapant-video\\\/\",\"name\":\"\u00cen Rom\u00e2nia a c\u0103zut prima Z\u0102PAD\u0102. Drumarii au intervenit cu material antiderapant (VIDEO) - BasTV\",\"isPartOf\":{\"@id\":\"https:\\\/\\\/bas-tv.md\\\/ro\\\/#website\"},\"primaryImageOfPage\":{\"@id\":\"https:\\\/\\\/bas-tv.md\\\/ro\\\/in-romania-a-cazut-prima-zapada-drumarii-au-intervenit-cu-material-antiderapant-video\\\/#primaryimage\"},\"image\":{\"@id\":\"https:\\\/\\\/bas-tv.md\\\/ro\\\/in-romania-a-cazut-prima-zapada-drumarii-au-intervenit-cu-material-antiderapant-video\\\/#primaryimage\"},\"thumbnailUrl\":\"\",\"datePublished\":\"2021-09-21T10:10:40+00:00\",\"dateModified\":\"2023-06-08T10:15:09+00:00\",\"inLanguage\":\"ro-RO\",\"potentialAction\":[{\"@type\":\"ReadAction\",\"target\":[\"https:\\\/\\\/bas-tv.md\\\/ro\\\/in-romania-a-cazut-prima-zapada-drumarii-au-intervenit-cu-material-antiderapant-video\\\/\"]}]},{\"@type\":\"ImageObject\",\"inLanguage\":\"ro-RO\",\"@id\":\"https:\\\/\\\/bas-tv.md\\\/ro\\\/in-romania-a-cazut-prima-zapada-drumarii-au-intervenit-cu-material-antiderapant-video\\\/#primaryimage\",\"url\":\"\",\"contentUrl\":\"\"},{\"@type\":\"WebSite\",\"@id\":\"https:\\\/\\\/bas-tv.md\\\/ro\\\/#website\",\"url\":\"https:\\\/\\\/bas-tv.md\\\/ro\\\/\",\"name\":\"BasTV\",\"description\":\"Moldova\",\"publisher\":{\"@id\":\"https:\\\/\\\/bas-tv.md\\\/ro\\\/#organization\"},\"potentialAction\":[{\"@type\":\"SearchAction\",\"target\":{\"@type\":\"EntryPoint\",\"urlTemplate\":\"https:\\\/\\\/bas-tv.md\\\/ro\\\/?s={search_term_string}\"},\"query-input\":{\"@type\":\"PropertyValueSpecification\",\"valueRequired\":true,\"valueName\":\"search_term_string\"}}],\"inLanguage\":\"ro-RO\"},{\"@type\":\"Organization\",\"@id\":\"https:\\\/\\\/bas-tv.md\\\/ro\\\/#organization\",\"name\":\"BasTV\",\"url\":\"https:\\\/\\\/bas-tv.md\\\/ro\\\/\",\"logo\":{\"@type\":\"ImageObject\",\"inLanguage\":\"ro-RO\",\"@id\":\"https:\\\/\\\/bas-tv.md\\\/ro\\\/#\\\/schema\\\/logo\\\/image\\\/\",\"url\":\"https:\\\/\\\/bas-tv.md\\\/wp-content\\\/uploads\\\/2023\\\/05\\\/bas-tv-culoarea-rosie.png\",\"contentUrl\":\"https:\\\/\\\/bas-tv.md\\\/wp-content\\\/uploads\\\/2023\\\/05\\\/bas-tv-culoarea-rosie.png\",\"width\":202,\"height\":50,\"caption\":\"BasTV\"},\"image\":{\"@id\":\"https:\\\/\\\/bas-tv.md\\\/ro\\\/#\\\/schema\\\/logo\\\/image\\\/\"}},{\"@type\":\"Person\",\"@id\":\"https:\\\/\\\/bas-tv.md\\\/ro\\\/#\\\/schema\\\/person\\\/8740f45ea2eca1f1695284fc03529af0\",\"name\":\"Redactor\",\"image\":{\"@type\":\"ImageObject\",\"inLanguage\":\"ro-RO\",\"@id\":\"https:\\\/\\\/bas-tv.md\\\/wp-content\\\/litespeed\\\/avatar\\\/91c0586f3f6f4396a4ec1287c965eeeb.jpg?ver=1777555749\",\"url\":\"https:\\\/\\\/bas-tv.md\\\/wp-content\\\/litespeed\\\/avatar\\\/91c0586f3f6f4396a4ec1287c965eeeb.jpg?ver=1777555749\",\"contentUrl\":\"https:\\\/\\\/bas-tv.md\\\/wp-content\\\/litespeed\\\/avatar\\\/91c0586f3f6f4396a4ec1287c965eeeb.jpg?ver=1777555749\",\"caption\":\"Redactor\"},\"url\":\"https:\\\/\\\/bas-tv.md\\\/ro\\\/author\\\/redactor\\\/\"}]}<\/script>\n<!-- \/ Yoast SEO plugin. -->","yoast_head_json":{"title":"\u00cen Rom\u00e2nia a c\u0103zut prima Z\u0102PAD\u0102. Drumarii au intervenit cu material antiderapant (VIDEO) - BasTV","robots":{"index":"index","follow":"follow","max-snippet":"max-snippet:-1","max-image-preview":"max-image-preview:large","max-video-preview":"max-video-preview:-1"},"canonical":"https:\/\/bas-tv.md\/ro\/in-romania-a-cazut-prima-zapada-drumarii-au-intervenit-cu-material-antiderapant-video\/","og_locale":"ro_RO","og_type":"article","og_title":"\u00cen Rom\u00e2nia a c\u0103zut prima Z\u0102PAD\u0102. Drumarii au intervenit cu material antiderapant (VIDEO) - BasTV","og_description":"Un strat sub\u021bire de z\u0103pad\u0103 s-a a\u0219ternut, mar\u021bi diminea\u021b\u0103, pe Transf\u0103g\u0103r\u0103\u0219an. Este prima ninsoare din acest sezon, informeaz\u0103 Digi24. Direc\u021bia de Drumuri \u0219i Poduri Bra\u0219ov a anun\u021bat c\u0103 drumarii de la Districtul B\u00e2lea au intervenit cu material antiderapant \u00een zona B\u00e2lea Lac, din jude\u021bul Sibiu, pentru a asigura condi\u021bii sigure de trafic. DRDP \u00eei aten\u021bioneaz\u0103 [&hellip;]","og_url":"https:\/\/bas-tv.md\/ro\/in-romania-a-cazut-prima-zapada-drumarii-au-intervenit-cu-material-antiderapant-video\/","og_site_name":"BasTV","article_published_time":"2021-09-21T10:10:40+00:00","article_modified_time":"2023-06-08T10:15:09+00:00","author":"Redactor","twitter_card":"summary_large_image","twitter_misc":{"Scris de":"Redactor","Timp estimat pentru citire":"1 minut"},"schema":{"@context":"https:\/\/schema.org","@graph":[{"@type":"Article","@id":"https:\/\/bas-tv.md\/ro\/in-romania-a-cazut-prima-zapada-drumarii-au-intervenit-cu-material-antiderapant-video\/#article","isPartOf":{"@id":"https:\/\/bas-tv.md\/ro\/in-romania-a-cazut-prima-zapada-drumarii-au-intervenit-cu-material-antiderapant-video\/"},"author":{"name":"Redactor","@id":"https:\/\/bas-tv.md\/ro\/#\/schema\/person\/8740f45ea2eca1f1695284fc03529af0"},"headline":"\u00cen Rom\u00e2nia a c\u0103zut prima Z\u0102PAD\u0102. Drumarii au intervenit cu material antiderapant (VIDEO)","datePublished":"2021-09-21T10:10:40+00:00","dateModified":"2023-06-08T10:15:09+00:00","mainEntityOfPage":{"@id":"https:\/\/bas-tv.md\/ro\/in-romania-a-cazut-prima-zapada-drumarii-au-intervenit-cu-material-antiderapant-video\/"},"wordCount":112,"commentCount":0,"publisher":{"@id":"https:\/\/bas-tv.md\/ro\/#organization"},"image":{"@id":"https:\/\/bas-tv.md\/ro\/in-romania-a-cazut-prima-zapada-drumarii-au-intervenit-cu-material-antiderapant-video\/#primaryimage"},"thumbnailUrl":"","articleSection":["\u00cen lume","\u00cen Moldova"],"inLanguage":"ro-RO","potentialAction":[{"@type":"CommentAction","name":"Comment","target":["https:\/\/bas-tv.md\/ro\/in-romania-a-cazut-prima-zapada-drumarii-au-intervenit-cu-material-antiderapant-video\/#respond"]}]},{"@type":"WebPage","@id":"https:\/\/bas-tv.md\/ro\/in-romania-a-cazut-prima-zapada-drumarii-au-intervenit-cu-material-antiderapant-video\/","url":"https:\/\/bas-tv.md\/ro\/in-romania-a-cazut-prima-zapada-drumarii-au-intervenit-cu-material-antiderapant-video\/","name":"\u00cen Rom\u00e2nia a c\u0103zut prima Z\u0102PAD\u0102. Drumarii au intervenit cu material antiderapant (VIDEO) - BasTV","isPartOf":{"@id":"https:\/\/bas-tv.md\/ro\/#website"},"primaryImageOfPage":{"@id":"https:\/\/bas-tv.md\/ro\/in-romania-a-cazut-prima-zapada-drumarii-au-intervenit-cu-material-antiderapant-video\/#primaryimage"},"image":{"@id":"https:\/\/bas-tv.md\/ro\/in-romania-a-cazut-prima-zapada-drumarii-au-intervenit-cu-material-antiderapant-video\/#primaryimage"},"thumbnailUrl":"","datePublished":"2021-09-21T10:10:40+00:00","dateModified":"2023-06-08T10:15:09+00:00","inLanguage":"ro-RO","potentialAction":[{"@type":"ReadAction","target":["https:\/\/bas-tv.md\/ro\/in-romania-a-cazut-prima-zapada-drumarii-au-intervenit-cu-material-antiderapant-video\/"]}]},{"@type":"ImageObject","inLanguage":"ro-RO","@id":"https:\/\/bas-tv.md\/ro\/in-romania-a-cazut-prima-zapada-drumarii-au-intervenit-cu-material-antiderapant-video\/#primaryimage","url":"","contentUrl":""},{"@type":"WebSite","@id":"https:\/\/bas-tv.md\/ro\/#website","url":"https:\/\/bas-tv.md\/ro\/","name":"BasTV","description":"Moldova","publisher":{"@id":"https:\/\/bas-tv.md\/ro\/#organization"},"potentialAction":[{"@type":"SearchAction","target":{"@type":"EntryPoint","urlTemplate":"https:\/\/bas-tv.md\/ro\/?s={search_term_string}"},"query-input":{"@type":"PropertyValueSpecification","valueRequired":true,"valueName":"search_term_string"}}],"inLanguage":"ro-RO"},{"@type":"Organization","@id":"https:\/\/bas-tv.md\/ro\/#organization","name":"BasTV","url":"https:\/\/bas-tv.md\/ro\/","logo":{"@type":"ImageObject","inLanguage":"ro-RO","@id":"https:\/\/bas-tv.md\/ro\/#\/schema\/logo\/image\/","url":"https:\/\/bas-tv.md\/wp-content\/uploads\/2023\/05\/bas-tv-culoarea-rosie.png","contentUrl":"https:\/\/bas-tv.md\/wp-content\/uploads\/2023\/05\/bas-tv-culoarea-rosie.png","width":202,"height":50,"caption":"BasTV"},"image":{"@id":"https:\/\/bas-tv.md\/ro\/#\/schema\/logo\/image\/"}},{"@type":"Person","@id":"https:\/\/bas-tv.md\/ro\/#\/schema\/person\/8740f45ea2eca1f1695284fc03529af0","name":"Redactor","image":{"@type":"ImageObject","inLanguage":"ro-RO","@id":"https:\/\/bas-tv.md\/wp-content\/litespeed\/avatar\/91c0586f3f6f4396a4ec1287c965eeeb.jpg?ver=1777555749","url":"https:\/\/bas-tv.md\/wp-content\/litespeed\/avatar\/91c0586f3f6f4396a4ec1287c965eeeb.jpg?ver=1777555749","contentUrl":"https:\/\/bas-tv.md\/wp-content\/litespeed\/avatar\/91c0586f3f6f4396a4ec1287c965eeeb.jpg?ver=1777555749","caption":"Redactor"},"url":"https:\/\/bas-tv.md\/ro\/author\/redactor\/"}]}},"views":213,"_links":{"self":[{"href":"https:\/\/bas-tv.md\/ro\/wp-json\/wp\/v2\/posts\/36192","targetHints":{"allow":["GET"]}}],"collection":[{"href":"https:\/\/bas-tv.md\/ro\/wp-json\/wp\/v2\/posts"}],"about":[{"href":"https:\/\/bas-tv.md\/ro\/wp-json\/wp\/v2\/types\/post"}],"author":[{"embeddable":true,"href":"https:\/\/bas-tv.md\/ro\/wp-json\/wp\/v2\/users\/3"}],"replies":[{"embeddable":true,"href":"https:\/\/bas-tv.md\/ro\/wp-json\/wp\/v2\/comments?post=36192"}],"version-history":[{"count":1,"href":"https:\/\/bas-tv.md\/ro\/wp-json\/wp\/v2\/posts\/36192\/revisions"}],"predecessor-version":[{"id":87192,"href":"https:\/\/bas-tv.md\/ro\/wp-json\/wp\/v2\/posts\/36192\/revisions\/87192"}],"wp:featuredmedia":[{"embeddable":true,"href":"https:\/\/bas-tv.md\/ro\/wp-json\/"}],"wp:attachment":[{"href":"https:\/\/bas-tv.md\/ro\/wp-json\/wp\/v2\/media?parent=36192"}],"wp:term":[{"taxonomy":"category","embeddable":true,"href":"https:\/\/bas-tv.md\/ro\/wp-json\/wp\/v2\/categories?post=36192"},{"taxonomy":"post_tag","embeddable":true,"href":"https:\/\/bas-tv.md\/ro\/wp-json\/wp\/v2\/tags?post=36192"}],"curies":[{"name":"wp","href":"https:\/\/api.w.org\/{rel}","templated":true}]}}